{"id":4564,"date":"2024-05-28T08:15:24","date_gmt":"2024-05-28T06:15:24","guid":{"rendered":"https:\/\/rafaramirez.org\/blog\/?p=4564"},"modified":"2024-07-11T10:41:18","modified_gmt":"2024-07-11T08:41:18","slug":"aguas-de-marzo-un-clasico-de-la-bossa-nova-para-disfrutar-con-tom-jobim-miucha-directo-live-en-vivo","status":"publish","type":"post","link":"https:\/\/rafaramirez.org\/blog\/index.php\/2024\/05\/28\/aguas-de-marzo-un-clasico-de-la-bossa-nova-para-disfrutar-con-tom-jobim-miucha-directo-live-en-vivo\/","title":{"rendered":"\u00abAguas de Marzo\u00bb un cl\u00e1sico de la bossa nova para disfrutar con Tom Jobim &#038; Miucha en directo."},"content":{"rendered":"<p><strong>Bossa nova<\/strong> al vivo, <strong>Aguas de Mar\u00e7o<\/strong> (Aguas de Marzo, Waters of March) interpretada por <strong>Tom Jobim<\/strong> &amp; <strong>Miucha<\/strong> en el show <strong>Musicalmente dallo Studio 3<\/strong> en 1978.<\/p>\n<p>Disfrutad de \u00e9ste cl\u00e1sico, esta maravillosa canci\u00f3n e\u00a0 interpretaci\u00f3n. Tom Jobim, compositor, cantante y m\u00fasico, compuso esta canci\u00f3n en 1973 y Miucha est\u00e1 considerada como una de las voces m\u00e1s importantes de <strong>Brasil<\/strong> y por siempre ser\u00e1 recordada como\u00a0 la <strong>\u00abVoz de la Bossa Nova\u00bb<\/strong>.<\/p>\n<p><iframe loading=\"lazy\" title=\"YouTube video player\" src=\"https:\/\/www.youtube.com\/embed\/Z3vWscqkTDk?si=NK-Z20t43QO--YCh\" width=\"560\" height=\"315\" frameborder=\"0\" allowfullscreen=\"allowfullscreen\"><\/iframe><\/p>\n<p data-sourcepos=\"1:1-1:134\"><strong>Historia:\u00a0<\/strong><\/p>\n<p class=\"first-token\" data-sourcepos=\"1:1-1:134\">La <strong>Bossa Nova<\/strong>, que significa \u00abnuevo estilo\u00bb en portugu\u00e9s, es un g\u00e9nero musical que surgi\u00f3 en Brasil a finales de la d\u00e9cada de 1950. Se caracteriza por su ritmo suave y sincopado, sus melod\u00edas pegadizas y sus letras po\u00e9ticas. La Bossa Nova se basa en la samba tradicional brasile\u00f1a, pero tambi\u00e9n est\u00e1 influenciada por el jazz estadounidense, especialmente por el cool jazz.<\/p>\n<p data-sourcepos=\"3:1-3:13\"><strong>Or\u00edgenes:<\/strong><\/p>\n<ul data-sourcepos=\"5:1-5:15\">\n<li data-sourcepos=\"5:1-5:15\">La Bossa Nova naci\u00f3 en las reuniones informales de m\u00fasicos, poetas e intelectuales de Copacabana e Ipanema, barrios de R\u00edo de Janeiro.<\/li>\n<li data-sourcepos=\"6:1-6:1\">Algunos de los primeros exponentes de la Bossa Nova fueron:\n<ul data-sourcepos=\"7:5-9:117\">\n<li data-sourcepos=\"7:5-7:226\"><strong>Tom Jobim:<\/strong> Compositor, pianista y guitarrista, considerado uno de los padres fundadores de la Bossa Nova. Entre sus composiciones m\u00e1s famosas se encuentran \u00abDesafinado\u00bb, \u00abGarota de Ipanema\u00bb y \u00abThe Girl from Ipanema\u00bb.<\/li>\n<li data-sourcepos=\"8:5-8:125\"><strong>Vinicius de Moraes:<\/strong> Poeta y letrista, colabor\u00f3 con Jobim en muchas de las canciones m\u00e1s conocidas de la Bossa Nova.<\/li>\n<li data-sourcepos=\"9:5-9:117\"><strong>Jo\u00e3o Gilberto:<\/strong> Cantante y guitarrista, conocido por su voz suave y su estilo de interpretaci\u00f3n minimalista.<\/li>\n<\/ul>\n<\/li>\n<li data-sourcepos=\"10:1-10:26\">El lanzamiento del \u00e1lbum <strong>\u00abCan\u00e7\u00e3o do Amor Demais\u00bb<\/strong> de Luiz Bonf\u00e1 en 1958 se considera un hito en la historia de la Bossa Nova.<\/li>\n<li data-sourcepos=\"11:1-12:0\">En 1962, la Bossa Nova alcanz\u00f3 fama internacional gracias al \u00e9xito del \u00e1lbum <strong>\u00abGetz\/Gilberto\u00bb<\/strong> de Stan Getz y Jo\u00e3o Gilberto.<\/li>\n<\/ul>\n<p data-sourcepos=\"13:1-13:23\"><strong>M\u00e1ximos exponentes:<\/strong><\/p>\n<ul data-sourcepos=\"15:1-24:0\">\n<li data-sourcepos=\"15:1-15:15\"><strong>Tom Jobim<\/strong><\/li>\n<li data-sourcepos=\"16:1-16:24\"><strong>Vinicius de Moraes<\/strong><\/li>\n<li data-sourcepos=\"17:1-17:19\"><strong>Jo\u00e3o Gilberto<\/strong><\/li>\n<li data-sourcepos=\"18:1-18:16\"><strong>Luiz Bonf\u00e1<\/strong><\/li>\n<li data-sourcepos=\"19:1-19:26\"><strong>Ant\u00f4nio Carlos Jobim<\/strong><\/li>\n<li data-sourcepos=\"20:1-20:17\"><strong>Carlos Lyra<\/strong><\/li>\n<li data-sourcepos=\"21:1-21:18\"><strong>Baden Powell<\/strong><\/li>\n<li data-sourcepos=\"22:1-22:15\"><strong>Nora Nara<\/strong><\/li>\n<li data-sourcepos=\"23:1-24:0\"><strong>Astrud Gilberto<\/strong><\/li>\n<\/ul>\n<p data-sourcepos=\"25:1-25:11\"><strong>Legado:<\/strong><\/p>\n<ul data-sourcepos=\"27:1-30:0\">\n<li data-sourcepos=\"27:1-27:84\">La Bossa Nova ha tenido una gran influencia en la m\u00fasica popular de todo el mundo.<\/li>\n<li data-sourcepos=\"28:1-28:87\">Ha inspirado a artistas de diversos g\u00e9neros, como el jazz, el pop y la m\u00fasica latina.<\/li>\n<li data-sourcepos=\"29:1-30:0\">La Bossa Nova sigue siendo un g\u00e9nero popular en la actualidad, y se contin\u00faa interpretando y disfrutando en todo el mundo.<\/li>\n<\/ul>\n<p data-sourcepos=\"37:1-37:103\"><strong>Espero que te haya gustado la canci\u00f3n y esta informaci\u00f3n te haya sido \u00fatil. Como siempre, puedes dejar tus comentarios debajo del post.\u00a0<\/strong><\/p>\n<p data-sourcepos=\"31:1-31:98\">M\u00e1s informaci\u00f3n:<\/p>\n<ul data-sourcepos=\"33:1-36:0\">\n<li><a href=\"https:\/\/www.youtube.com\/@TheTelevideo\/videos\" target=\"_blank\" rel=\"noopener\">Videos musicales de Bossa Nova y otros g\u00e9neros en el canal TheTeleVideo de YouTube<\/a>.<\/li>\n<li data-sourcepos=\"33:1-33:133\"><a href=\"https:\/\/es.wikipedia.org\/wiki\/Bossa_nova\" target=\"_blank\" rel=\"noopener\">Art\u00edculo de Wikipedia sobre la Bossa Nova.<\/a><\/li>\n<li data-sourcepos=\"34:1-34:66\"><a href=\"https:\/\/www.youtube.com\/watch?v=SHMmtOhq3Ss\" target=\"_blank\" rel=\"noopener\">Documental de YouTube \u00abHistoria de la Bossa Nova\u00bb (portugu\u00e9s)<\/a>.<\/li>\n<li data-sourcepos=\"35:1-36:0\"><strong><a href=\"https:\/\/www.google.com\/search?q=libro+historia+de+la+bossa\" target=\"_blank\" rel=\"noopener\">Libros sobre la historia de la Bossa Nova<\/a>.\u00a0<\/strong><\/li>\n<\/ul>\n<p data-sourcepos=\"37:1-37:103\">\n","protected":false},"excerpt":{"rendered":"<p>Bossa nova al vivo, Aguas de Mar\u00e7o (Aguas de Marzo, Waters of March) interpretada por Tom Jobim &amp; Miucha en el show Musicalmente dallo Studio 3 en 1978. Disfrutad de \u00e9ste cl\u00e1sico, esta maravillosa canci\u00f3n e\u00a0 interpretaci\u00f3n. Tom Jobim, compositor, cantante y m\u00fasico, compuso esta canci\u00f3n en 1973 y Miucha est\u00e1 considerada como una de [&hellip;]<\/p>\n","protected":false},"author":1,"featured_media":4573,"comment_status":"open","ping_status":"closed","sticky":false,"template":"","format":"standard","meta":{"site-container-style":"default","site-container-layout":"default","site-sidebar-layout":"default","disable-article-header":"default","disable-site-header":"default","disable-site-footer":"default","disable-content-area-spacing":"default","_jetpack_newsletter_access":"","_jetpack_dont_email_post_to_subs":false,"_jetpack_newsletter_tier_id":0,"_jetpack_memberships_contains_paywalled_content":false,"_jetpack_feature_clip_id":0,"_jetpack_memberships_contains_paid_content":false,"footnotes":"","jetpack_publicize_message":"","jetpack_publicize_feature_enabled":true,"jetpack_social_post_already_shared":false,"jetpack_social_options":{"image_generator_settings":{"template":"highway","default_image_id":0,"font":"","enabled":false},"version":2},"jetpack_post_was_ever_published":false},"categories":[709],"tags":[1230,2186,2187,2205,2209,2207,2196,68,750,2185,2201,2206,2194,2213,2214,1541,2203,724,2193,2195,2210,2200,1106,2202,2198,2212,2190,2191,2208,2192,2211,2204,2215,2197,2189,572,506,2199,2188],"class_list":["post-4564","post","type-post","status-publish","format-standard","has-post-thumbnail","hentry","category-musica","tag-1230","tag-aguas-de-marco","tag-aguas-de-marzo","tag-antonio-carlos-jobim","tag-astrud-gilberto","tag-baden-powell","tag-barrios-de-rio-de-janeiro","tag-blog-de-rafael-ramirez","tag-bossa-nova","tag-bossa-nova-al-vivo","tag-cancao-do-amor-demais","tag-carlos-lyra","tag-copacabana","tag-desafinado","tag-garota-de-ipanema","tag-genios-de-la-musica","tag-getz-gilberto","tag-historia-de-la-musica","tag-intelectuales","tag-ipanema","tag-jazz","tag-joao-gilberto","tag-la-musica","tag-luiz-bonfa","tag-miucha","tag-musica-latina","tag-musicalmente-dallo-studio-3","tag-musicos","tag-nora-nara","tag-poetas","tag-pop","tag-stan-getz","tag-the-girl-from-ipanema","tag-tom-jobim","tag-tom-jobim-miucha","tag-video-musical","tag-videoclip-musical","tag-vinicius-de-moraes","tag-waters-of-march"],"yoast_head":"<!-- This site is optimized with the Yoast SEO plugin v28.3 - https:\/\/yoast.com\/product\/yoast-seo-wordpress\/ -->\n<title>&quot;Aguas de Marzo&quot; un cl\u00e1sico de la bossa nova para disfrutar con Tom Jobim &amp; Miucha en directo. - Blog de Rafael Ram\u00edrez<\/title>\n<meta name=\"robots\" content=\"index, follow, max-snippet:-1, max-image-preview:large, max-video-preview:-1\" \/>\n<link rel=\"canonical\" href=\"https:\/\/rafaramirez.org\/blog\/index.php\/2024\/05\/28\/aguas-de-marzo-un-clasico-de-la-bossa-nova-para-disfrutar-con-tom-jobim-miucha-directo-live-en-vivo\/\" \/>\n<meta property=\"og:locale\" content=\"es_ES\" \/>\n<meta property=\"og:type\" content=\"article\" \/>\n<meta property=\"og:title\" content=\"&quot;Aguas de Marzo&quot; un cl\u00e1sico de la bossa nova para disfrutar con Tom Jobim &amp; Miucha en directo. - Blog de Rafael Ram\u00edrez\" \/>\n<meta property=\"og:description\" content=\"Bossa nova al vivo, Aguas de Mar\u00e7o (Aguas de Marzo, Waters of March) interpretada por Tom Jobim &amp; Miucha en el show Musicalmente dallo Studio 3 en 1978. Disfrutad de \u00e9ste cl\u00e1sico, esta maravillosa canci\u00f3n e\u00a0 interpretaci\u00f3n. Tom Jobim, compositor, cantante y m\u00fasico, compuso esta canci\u00f3n en 1973 y Miucha est\u00e1 considerada como una de [&hellip;]\" \/>\n<meta property=\"og:url\" content=\"https:\/\/rafaramirez.org\/blog\/index.php\/2024\/05\/28\/aguas-de-marzo-un-clasico-de-la-bossa-nova-para-disfrutar-con-tom-jobim-miucha-directo-live-en-vivo\/\" \/>\n<meta property=\"og:site_name\" content=\"Blog de Rafael Ram\u00edrez\" \/>\n<meta property=\"article:published_time\" content=\"2024-05-28T06:15:24+00:00\" \/>\n<meta property=\"article:modified_time\" content=\"2024-07-11T08:41:18+00:00\" \/>\n<meta property=\"og:image\" content=\"https:\/\/rafaramirez.org\/blog\/wp-content\/uploads\/2024\/05\/Bossa_Nova_Blog_de_Rafael_Ramirez_bannerlogblog2.jpg\" \/>\n\t<meta property=\"og:image:width\" content=\"850\" \/>\n\t<meta property=\"og:image:height\" content=\"650\" \/>\n\t<meta property=\"og:image:type\" content=\"image\/jpeg\" \/>\n<meta name=\"author\" content=\"Rafael Ram\u00edrez\" \/>\n<meta name=\"twitter:card\" content=\"summary_large_image\" \/>\n<meta name=\"twitter:creator\" content=\"@rafaramirez_ok\" \/>\n<meta name=\"twitter:site\" content=\"@rafaramirez_ok\" \/>\n<meta name=\"twitter:label1\" content=\"Escrito por\" \/>\n\t<meta name=\"twitter:data1\" content=\"Rafael Ram\u00edrez\" \/>\n\t<meta name=\"twitter:label2\" content=\"Tiempo de lectura\" \/>\n\t<meta name=\"twitter:data2\" content=\"2 minutos\" \/>\n<script type=\"application\/ld+json\" class=\"yoast-schema-graph\">{\"@context\":\"https:\\\/\\\/schema.org\",\"@graph\":[{\"@type\":\"Article\",\"@id\":\"https:\\\/\\\/rafaramirez.org\\\/blog\\\/index.php\\\/2024\\\/05\\\/28\\\/aguas-de-marzo-un-clasico-de-la-bossa-nova-para-disfrutar-con-tom-jobim-miucha-directo-live-en-vivo\\\/#article\",\"isPartOf\":{\"@id\":\"https:\\\/\\\/rafaramirez.org\\\/blog\\\/index.php\\\/2024\\\/05\\\/28\\\/aguas-de-marzo-un-clasico-de-la-bossa-nova-para-disfrutar-con-tom-jobim-miucha-directo-live-en-vivo\\\/\"},\"author\":{\"name\":\"Rafael Ram\u00edrez\",\"@id\":\"https:\\\/\\\/rafaramirez.org\\\/blog\\\/#\\\/schema\\\/person\\\/50f43b6d60c578760d4c17bda54ab6a5\"},\"headline\":\"\u00abAguas de Marzo\u00bb un cl\u00e1sico de la bossa nova para disfrutar con Tom Jobim &#038; Miucha en directo.\",\"datePublished\":\"2024-05-28T06:15:24+00:00\",\"dateModified\":\"2024-07-11T08:41:18+00:00\",\"mainEntityOfPage\":{\"@id\":\"https:\\\/\\\/rafaramirez.org\\\/blog\\\/index.php\\\/2024\\\/05\\\/28\\\/aguas-de-marzo-un-clasico-de-la-bossa-nova-para-disfrutar-con-tom-jobim-miucha-directo-live-en-vivo\\\/\"},\"wordCount\":471,\"commentCount\":0,\"publisher\":{\"@id\":\"https:\\\/\\\/rafaramirez.org\\\/blog\\\/#\\\/schema\\\/person\\\/50f43b6d60c578760d4c17bda54ab6a5\"},\"image\":{\"@id\":\"https:\\\/\\\/rafaramirez.org\\\/blog\\\/index.php\\\/2024\\\/05\\\/28\\\/aguas-de-marzo-un-clasico-de-la-bossa-nova-para-disfrutar-con-tom-jobim-miucha-directo-live-en-vivo\\\/#primaryimage\"},\"thumbnailUrl\":\"https:\\\/\\\/rafaramirez.org\\\/blog\\\/wp-content\\\/uploads\\\/2024\\\/05\\\/Bossa_Nova_Blog_de_Rafael_Ramirez_bannerlogblog2.jpg\",\"keywords\":[\"1978\",\"Aguas de Mar\u00e7o\",\"Aguas de Marzo\",\"Ant\u00f4nio Carlos Jobim\",\"Astrud Gilberto\",\"Baden Powell\",\"barrios de R\u00edo de Janeiro\",\"blog de Rafael Ram\u00edrez\",\"bossa nova\",\"Bossa nova al vivo\",\"Can\u00e7\u00e3o do Amor Demais\",\"Carlos Lyra\",\"Copacabana\",\"Desafinado\",\"Garota de Ipanema\",\"genios de la m\u00fasica\",\"Getz\\\/Gilberto\",\"historia de la m\u00fasica\",\"intelectuales\",\"Ipanema\",\"jazz\",\"Jo\u00e3o Gilberto\",\"la m\u00fasica\",\"Luiz Bonf\u00e1\",\"Miucha\",\"m\u00fasica latina\",\"Musicalmente dallo Studio 3\",\"m\u00fasicos\",\"Nora Nara\",\"poetas\",\"pop\",\"Stan Getz\",\"The Girl from Ipanema\",\"Tom Jobim\",\"Tom Jobim &amp; Miucha\",\"video musical\",\"videoclip musical\",\"Vinicius de Moraes\",\"Waters of March\"],\"articleSection\":[\"M\u00fasica\"],\"inLanguage\":\"es\",\"potentialAction\":[{\"@type\":\"CommentAction\",\"name\":\"Comment\",\"target\":[\"https:\\\/\\\/rafaramirez.org\\\/blog\\\/index.php\\\/2024\\\/05\\\/28\\\/aguas-de-marzo-un-clasico-de-la-bossa-nova-para-disfrutar-con-tom-jobim-miucha-directo-live-en-vivo\\\/#respond\"]}]},{\"@type\":\"WebPage\",\"@id\":\"https:\\\/\\\/rafaramirez.org\\\/blog\\\/index.php\\\/2024\\\/05\\\/28\\\/aguas-de-marzo-un-clasico-de-la-bossa-nova-para-disfrutar-con-tom-jobim-miucha-directo-live-en-vivo\\\/\",\"url\":\"https:\\\/\\\/rafaramirez.org\\\/blog\\\/index.php\\\/2024\\\/05\\\/28\\\/aguas-de-marzo-un-clasico-de-la-bossa-nova-para-disfrutar-con-tom-jobim-miucha-directo-live-en-vivo\\\/\",\"name\":\"\\\"Aguas de Marzo\\\" un cl\u00e1sico de la bossa nova para disfrutar con Tom Jobim & Miucha en directo. - Blog de Rafael Ram\u00edrez\",\"isPartOf\":{\"@id\":\"https:\\\/\\\/rafaramirez.org\\\/blog\\\/#website\"},\"primaryImageOfPage\":{\"@id\":\"https:\\\/\\\/rafaramirez.org\\\/blog\\\/index.php\\\/2024\\\/05\\\/28\\\/aguas-de-marzo-un-clasico-de-la-bossa-nova-para-disfrutar-con-tom-jobim-miucha-directo-live-en-vivo\\\/#primaryimage\"},\"image\":{\"@id\":\"https:\\\/\\\/rafaramirez.org\\\/blog\\\/index.php\\\/2024\\\/05\\\/28\\\/aguas-de-marzo-un-clasico-de-la-bossa-nova-para-disfrutar-con-tom-jobim-miucha-directo-live-en-vivo\\\/#primaryimage\"},\"thumbnailUrl\":\"https:\\\/\\\/rafaramirez.org\\\/blog\\\/wp-content\\\/uploads\\\/2024\\\/05\\\/Bossa_Nova_Blog_de_Rafael_Ramirez_bannerlogblog2.jpg\",\"datePublished\":\"2024-05-28T06:15:24+00:00\",\"dateModified\":\"2024-07-11T08:41:18+00:00\",\"breadcrumb\":{\"@id\":\"https:\\\/\\\/rafaramirez.org\\\/blog\\\/index.php\\\/2024\\\/05\\\/28\\\/aguas-de-marzo-un-clasico-de-la-bossa-nova-para-disfrutar-con-tom-jobim-miucha-directo-live-en-vivo\\\/#breadcrumb\"},\"inLanguage\":\"es\",\"potentialAction\":[{\"@type\":\"ReadAction\",\"target\":[\"https:\\\/\\\/rafaramirez.org\\\/blog\\\/index.php\\\/2024\\\/05\\\/28\\\/aguas-de-marzo-un-clasico-de-la-bossa-nova-para-disfrutar-con-tom-jobim-miucha-directo-live-en-vivo\\\/\"]}]},{\"@type\":\"ImageObject\",\"inLanguage\":\"es\",\"@id\":\"https:\\\/\\\/rafaramirez.org\\\/blog\\\/index.php\\\/2024\\\/05\\\/28\\\/aguas-de-marzo-un-clasico-de-la-bossa-nova-para-disfrutar-con-tom-jobim-miucha-directo-live-en-vivo\\\/#primaryimage\",\"url\":\"https:\\\/\\\/rafaramirez.org\\\/blog\\\/wp-content\\\/uploads\\\/2024\\\/05\\\/Bossa_Nova_Blog_de_Rafael_Ramirez_bannerlogblog2.jpg\",\"contentUrl\":\"https:\\\/\\\/rafaramirez.org\\\/blog\\\/wp-content\\\/uploads\\\/2024\\\/05\\\/Bossa_Nova_Blog_de_Rafael_Ramirez_bannerlogblog2.jpg\",\"width\":850,\"height\":650,\"caption\":\"Bossa Nova. Blog de Rafael Ram\u00edrez.\"},{\"@type\":\"BreadcrumbList\",\"@id\":\"https:\\\/\\\/rafaramirez.org\\\/blog\\\/index.php\\\/2024\\\/05\\\/28\\\/aguas-de-marzo-un-clasico-de-la-bossa-nova-para-disfrutar-con-tom-jobim-miucha-directo-live-en-vivo\\\/#breadcrumb\",\"itemListElement\":[{\"@type\":\"ListItem\",\"position\":1,\"name\":\"Portada\",\"item\":\"https:\\\/\\\/rafaramirez.org\\\/blog\\\/\"},{\"@type\":\"ListItem\",\"position\":2,\"name\":\"\u00abAguas de Marzo\u00bb un cl\u00e1sico de la bossa nova para disfrutar con Tom Jobim &#038; Miucha en directo.\"}]},{\"@type\":\"WebSite\",\"@id\":\"https:\\\/\\\/rafaramirez.org\\\/blog\\\/#website\",\"url\":\"https:\\\/\\\/rafaramirez.org\\\/blog\\\/\",\"name\":\"Blog de Rafael Ram\u00edrez\",\"description\":\"Un sitio social, de arte y cultura\",\"publisher\":{\"@id\":\"https:\\\/\\\/rafaramirez.org\\\/blog\\\/#\\\/schema\\\/person\\\/50f43b6d60c578760d4c17bda54ab6a5\"},\"potentialAction\":[{\"@type\":\"SearchAction\",\"target\":{\"@type\":\"EntryPoint\",\"urlTemplate\":\"https:\\\/\\\/rafaramirez.org\\\/blog\\\/?s={search_term_string}\"},\"query-input\":{\"@type\":\"PropertyValueSpecification\",\"valueRequired\":true,\"valueName\":\"search_term_string\"}}],\"inLanguage\":\"es\"},{\"@type\":[\"Person\",\"Organization\"],\"@id\":\"https:\\\/\\\/rafaramirez.org\\\/blog\\\/#\\\/schema\\\/person\\\/50f43b6d60c578760d4c17bda54ab6a5\",\"name\":\"Rafael Ram\u00edrez\",\"image\":{\"@type\":\"ImageObject\",\"inLanguage\":\"es\",\"@id\":\"https:\\\/\\\/rafaramirez.org\\\/blog\\\/wp-content\\\/uploads\\\/2024\\\/09\\\/RR_socialnetwork.jpg\",\"url\":\"https:\\\/\\\/rafaramirez.org\\\/blog\\\/wp-content\\\/uploads\\\/2024\\\/09\\\/RR_socialnetwork.jpg\",\"contentUrl\":\"https:\\\/\\\/rafaramirez.org\\\/blog\\\/wp-content\\\/uploads\\\/2024\\\/09\\\/RR_socialnetwork.jpg\",\"width\":600,\"height\":606,\"caption\":\"Rafael Ram\u00edrez\"},\"logo\":{\"@id\":\"https:\\\/\\\/rafaramirez.org\\\/blog\\\/wp-content\\\/uploads\\\/2024\\\/09\\\/RR_socialnetwork.jpg\"},\"sameAs\":[\"https:\\\/\\\/www.rafaramirez.org\\\/blog\",\"https:\\\/\\\/www.instagram.com\\\/rafaramirez_ok\\\/\",\"https:\\\/\\\/es.pinterest.com\\\/Ramirez_Rafa\\\/\",\"https:\\\/\\\/x.com\\\/rafaramirez_ok\"],\"url\":\"https:\\\/\\\/rafaramirez.org\\\/blog\\\/index.php\\\/author\\\/rafaell_qm6j97da\\\/\"}]}<\/script>\n<!-- \/ Yoast SEO plugin. -->","yoast_head_json":{"title":"\"Aguas de Marzo\" un cl\u00e1sico de la bossa nova para disfrutar con Tom Jobim & Miucha en directo. - Blog de Rafael Ram\u00edrez","robots":{"index":"index","follow":"follow","max-snippet":"max-snippet:-1","max-image-preview":"max-image-preview:large","max-video-preview":"max-video-preview:-1"},"canonical":"https:\/\/rafaramirez.org\/blog\/index.php\/2024\/05\/28\/aguas-de-marzo-un-clasico-de-la-bossa-nova-para-disfrutar-con-tom-jobim-miucha-directo-live-en-vivo\/","og_locale":"es_ES","og_type":"article","og_title":"\"Aguas de Marzo\" un cl\u00e1sico de la bossa nova para disfrutar con Tom Jobim & Miucha en directo. - Blog de Rafael Ram\u00edrez","og_description":"Bossa nova al vivo, Aguas de Mar\u00e7o (Aguas de Marzo, Waters of March) interpretada por Tom Jobim &amp; Miucha en el show Musicalmente dallo Studio 3 en 1978. Disfrutad de \u00e9ste cl\u00e1sico, esta maravillosa canci\u00f3n e\u00a0 interpretaci\u00f3n. Tom Jobim, compositor, cantante y m\u00fasico, compuso esta canci\u00f3n en 1973 y Miucha est\u00e1 considerada como una de [&hellip;]","og_url":"https:\/\/rafaramirez.org\/blog\/index.php\/2024\/05\/28\/aguas-de-marzo-un-clasico-de-la-bossa-nova-para-disfrutar-con-tom-jobim-miucha-directo-live-en-vivo\/","og_site_name":"Blog de Rafael Ram\u00edrez","article_published_time":"2024-05-28T06:15:24+00:00","article_modified_time":"2024-07-11T08:41:18+00:00","og_image":[{"width":850,"height":650,"url":"https:\/\/rafaramirez.org\/blog\/wp-content\/uploads\/2024\/05\/Bossa_Nova_Blog_de_Rafael_Ramirez_bannerlogblog2.jpg","type":"image\/jpeg"}],"author":"Rafael Ram\u00edrez","twitter_card":"summary_large_image","twitter_creator":"@rafaramirez_ok","twitter_site":"@rafaramirez_ok","twitter_misc":{"Escrito por":"Rafael Ram\u00edrez","Tiempo de lectura":"2 minutos"},"schema":{"@context":"https:\/\/schema.org","@graph":[{"@type":"Article","@id":"https:\/\/rafaramirez.org\/blog\/index.php\/2024\/05\/28\/aguas-de-marzo-un-clasico-de-la-bossa-nova-para-disfrutar-con-tom-jobim-miucha-directo-live-en-vivo\/#article","isPartOf":{"@id":"https:\/\/rafaramirez.org\/blog\/index.php\/2024\/05\/28\/aguas-de-marzo-un-clasico-de-la-bossa-nova-para-disfrutar-con-tom-jobim-miucha-directo-live-en-vivo\/"},"author":{"name":"Rafael Ram\u00edrez","@id":"https:\/\/rafaramirez.org\/blog\/#\/schema\/person\/50f43b6d60c578760d4c17bda54ab6a5"},"headline":"\u00abAguas de Marzo\u00bb un cl\u00e1sico de la bossa nova para disfrutar con Tom Jobim &#038; Miucha en directo.","datePublished":"2024-05-28T06:15:24+00:00","dateModified":"2024-07-11T08:41:18+00:00","mainEntityOfPage":{"@id":"https:\/\/rafaramirez.org\/blog\/index.php\/2024\/05\/28\/aguas-de-marzo-un-clasico-de-la-bossa-nova-para-disfrutar-con-tom-jobim-miucha-directo-live-en-vivo\/"},"wordCount":471,"commentCount":0,"publisher":{"@id":"https:\/\/rafaramirez.org\/blog\/#\/schema\/person\/50f43b6d60c578760d4c17bda54ab6a5"},"image":{"@id":"https:\/\/rafaramirez.org\/blog\/index.php\/2024\/05\/28\/aguas-de-marzo-un-clasico-de-la-bossa-nova-para-disfrutar-con-tom-jobim-miucha-directo-live-en-vivo\/#primaryimage"},"thumbnailUrl":"https:\/\/rafaramirez.org\/blog\/wp-content\/uploads\/2024\/05\/Bossa_Nova_Blog_de_Rafael_Ramirez_bannerlogblog2.jpg","keywords":["1978","Aguas de Mar\u00e7o","Aguas de Marzo","Ant\u00f4nio Carlos Jobim","Astrud Gilberto","Baden Powell","barrios de R\u00edo de Janeiro","blog de Rafael Ram\u00edrez","bossa nova","Bossa nova al vivo","Can\u00e7\u00e3o do Amor Demais","Carlos Lyra","Copacabana","Desafinado","Garota de Ipanema","genios de la m\u00fasica","Getz\/Gilberto","historia de la m\u00fasica","intelectuales","Ipanema","jazz","Jo\u00e3o Gilberto","la m\u00fasica","Luiz Bonf\u00e1","Miucha","m\u00fasica latina","Musicalmente dallo Studio 3","m\u00fasicos","Nora Nara","poetas","pop","Stan Getz","The Girl from Ipanema","Tom Jobim","Tom Jobim &amp; Miucha","video musical","videoclip musical","Vinicius de Moraes","Waters of March"],"articleSection":["M\u00fasica"],"inLanguage":"es","potentialAction":[{"@type":"CommentAction","name":"Comment","target":["https:\/\/rafaramirez.org\/blog\/index.php\/2024\/05\/28\/aguas-de-marzo-un-clasico-de-la-bossa-nova-para-disfrutar-con-tom-jobim-miucha-directo-live-en-vivo\/#respond"]}]},{"@type":"WebPage","@id":"https:\/\/rafaramirez.org\/blog\/index.php\/2024\/05\/28\/aguas-de-marzo-un-clasico-de-la-bossa-nova-para-disfrutar-con-tom-jobim-miucha-directo-live-en-vivo\/","url":"https:\/\/rafaramirez.org\/blog\/index.php\/2024\/05\/28\/aguas-de-marzo-un-clasico-de-la-bossa-nova-para-disfrutar-con-tom-jobim-miucha-directo-live-en-vivo\/","name":"\"Aguas de Marzo\" un cl\u00e1sico de la bossa nova para disfrutar con Tom Jobim & Miucha en directo. - Blog de Rafael Ram\u00edrez","isPartOf":{"@id":"https:\/\/rafaramirez.org\/blog\/#website"},"primaryImageOfPage":{"@id":"https:\/\/rafaramirez.org\/blog\/index.php\/2024\/05\/28\/aguas-de-marzo-un-clasico-de-la-bossa-nova-para-disfrutar-con-tom-jobim-miucha-directo-live-en-vivo\/#primaryimage"},"image":{"@id":"https:\/\/rafaramirez.org\/blog\/index.php\/2024\/05\/28\/aguas-de-marzo-un-clasico-de-la-bossa-nova-para-disfrutar-con-tom-jobim-miucha-directo-live-en-vivo\/#primaryimage"},"thumbnailUrl":"https:\/\/rafaramirez.org\/blog\/wp-content\/uploads\/2024\/05\/Bossa_Nova_Blog_de_Rafael_Ramirez_bannerlogblog2.jpg","datePublished":"2024-05-28T06:15:24+00:00","dateModified":"2024-07-11T08:41:18+00:00","breadcrumb":{"@id":"https:\/\/rafaramirez.org\/blog\/index.php\/2024\/05\/28\/aguas-de-marzo-un-clasico-de-la-bossa-nova-para-disfrutar-con-tom-jobim-miucha-directo-live-en-vivo\/#breadcrumb"},"inLanguage":"es","potentialAction":[{"@type":"ReadAction","target":["https:\/\/rafaramirez.org\/blog\/index.php\/2024\/05\/28\/aguas-de-marzo-un-clasico-de-la-bossa-nova-para-disfrutar-con-tom-jobim-miucha-directo-live-en-vivo\/"]}]},{"@type":"ImageObject","inLanguage":"es","@id":"https:\/\/rafaramirez.org\/blog\/index.php\/2024\/05\/28\/aguas-de-marzo-un-clasico-de-la-bossa-nova-para-disfrutar-con-tom-jobim-miucha-directo-live-en-vivo\/#primaryimage","url":"https:\/\/rafaramirez.org\/blog\/wp-content\/uploads\/2024\/05\/Bossa_Nova_Blog_de_Rafael_Ramirez_bannerlogblog2.jpg","contentUrl":"https:\/\/rafaramirez.org\/blog\/wp-content\/uploads\/2024\/05\/Bossa_Nova_Blog_de_Rafael_Ramirez_bannerlogblog2.jpg","width":850,"height":650,"caption":"Bossa Nova. Blog de Rafael Ram\u00edrez."},{"@type":"BreadcrumbList","@id":"https:\/\/rafaramirez.org\/blog\/index.php\/2024\/05\/28\/aguas-de-marzo-un-clasico-de-la-bossa-nova-para-disfrutar-con-tom-jobim-miucha-directo-live-en-vivo\/#breadcrumb","itemListElement":[{"@type":"ListItem","position":1,"name":"Portada","item":"https:\/\/rafaramirez.org\/blog\/"},{"@type":"ListItem","position":2,"name":"\u00abAguas de Marzo\u00bb un cl\u00e1sico de la bossa nova para disfrutar con Tom Jobim &#038; Miucha en directo."}]},{"@type":"WebSite","@id":"https:\/\/rafaramirez.org\/blog\/#website","url":"https:\/\/rafaramirez.org\/blog\/","name":"Blog de Rafael Ram\u00edrez","description":"Un sitio social, de arte y cultura","publisher":{"@id":"https:\/\/rafaramirez.org\/blog\/#\/schema\/person\/50f43b6d60c578760d4c17bda54ab6a5"},"potentialAction":[{"@type":"SearchAction","target":{"@type":"EntryPoint","urlTemplate":"https:\/\/rafaramirez.org\/blog\/?s={search_term_string}"},"query-input":{"@type":"PropertyValueSpecification","valueRequired":true,"valueName":"search_term_string"}}],"inLanguage":"es"},{"@type":["Person","Organization"],"@id":"https:\/\/rafaramirez.org\/blog\/#\/schema\/person\/50f43b6d60c578760d4c17bda54ab6a5","name":"Rafael Ram\u00edrez","image":{"@type":"ImageObject","inLanguage":"es","@id":"https:\/\/rafaramirez.org\/blog\/wp-content\/uploads\/2024\/09\/RR_socialnetwork.jpg","url":"https:\/\/rafaramirez.org\/blog\/wp-content\/uploads\/2024\/09\/RR_socialnetwork.jpg","contentUrl":"https:\/\/rafaramirez.org\/blog\/wp-content\/uploads\/2024\/09\/RR_socialnetwork.jpg","width":600,"height":606,"caption":"Rafael Ram\u00edrez"},"logo":{"@id":"https:\/\/rafaramirez.org\/blog\/wp-content\/uploads\/2024\/09\/RR_socialnetwork.jpg"},"sameAs":["https:\/\/www.rafaramirez.org\/blog","https:\/\/www.instagram.com\/rafaramirez_ok\/","https:\/\/es.pinterest.com\/Ramirez_Rafa\/","https:\/\/x.com\/rafaramirez_ok"],"url":"https:\/\/rafaramirez.org\/blog\/index.php\/author\/rafaell_qm6j97da\/"}]}},"jetpack_publicize_connections":[],"jetpack_sharing_enabled":true,"jetpack_likes_enabled":true,"jetpack_featured_media_url":"https:\/\/rafaramirez.org\/blog\/wp-content\/uploads\/2024\/05\/Bossa_Nova_Blog_de_Rafael_Ramirez_bannerlogblog2.jpg","_links":{"self":[{"href":"https:\/\/rafaramirez.org\/blog\/index.php\/wp-json\/wp\/v2\/posts\/4564","targetHints":{"allow":["GET"]}}],"collection":[{"href":"https:\/\/rafaramirez.org\/blog\/index.php\/wp-json\/wp\/v2\/posts"}],"about":[{"href":"https:\/\/rafaramirez.org\/blog\/index.php\/wp-json\/wp\/v2\/types\/post"}],"author":[{"embeddable":true,"href":"https:\/\/rafaramirez.org\/blog\/index.php\/wp-json\/wp\/v2\/users\/1"}],"replies":[{"embeddable":true,"href":"https:\/\/rafaramirez.org\/blog\/index.php\/wp-json\/wp\/v2\/comments?post=4564"}],"version-history":[{"count":11,"href":"https:\/\/rafaramirez.org\/blog\/index.php\/wp-json\/wp\/v2\/posts\/4564\/revisions"}],"predecessor-version":[{"id":5192,"href":"https:\/\/rafaramirez.org\/blog\/index.php\/wp-json\/wp\/v2\/posts\/4564\/revisions\/5192"}],"wp:featuredmedia":[{"embeddable":true,"href":"https:\/\/rafaramirez.org\/blog\/index.php\/wp-json\/wp\/v2\/media\/4573"}],"wp:attachment":[{"href":"https:\/\/rafaramirez.org\/blog\/index.php\/wp-json\/wp\/v2\/media?parent=4564"}],"wp:term":[{"taxonomy":"category","embeddable":true,"href":"https:\/\/rafaramirez.org\/blog\/index.php\/wp-json\/wp\/v2\/categories?post=4564"},{"taxonomy":"post_tag","embeddable":true,"href":"https:\/\/rafaramirez.org\/blog\/index.php\/wp-json\/wp\/v2\/tags?post=4564"}],"curies":[{"name":"wp","href":"https:\/\/api.w.org\/{rel}","templated":true}]}}