{"id":4513,"date":"2024-05-23T08:15:24","date_gmt":"2024-05-23T06:15:24","guid":{"rendered":"https:\/\/rafaramirez.org\/blog\/?p=4513"},"modified":"2026-07-14T11:47:58","modified_gmt":"2026-07-14T09:47:58","slug":"berthe-morisot","status":"publish","type":"post","link":"https:\/\/rafaramirez.org\/blog\/index.php\/2024\/05\/23\/berthe-morisot\/","title":{"rendered":"Berthe Morisot, la impresionista que contin\u00faa inspirando a artistas y amantes del arte por su visi\u00f3n \u00fanica y su valent\u00eda."},"content":{"rendered":"<p><strong>Berthe Morisot<\/strong> fue una destacada pintora francesa y una figura clave del <strong>movimiento impresionista<\/strong>.\u00a0Nacida el 14 de enero de 1841 en Bourges, Francia, Morisot creci\u00f3 en una familia de la alta burgues\u00eda que apoyaba su inter\u00e9s por las artes.\u00a0Desde joven, demostr\u00f3 un talento excepcional y recibi\u00f3 formaci\u00f3n de maestros renombrados como <a href=\"https:\/\/rafaramirez.org\/blog\/index.php\/2024\/12\/05\/camille-corot\/\" target=\"_blank\" rel=\"noopener\"><strong>Camille Corot<\/strong><\/a>.<\/p>\n<p>Morisot se convirti\u00f3 en una de las pocas mujeres que expusieron en los salones m\u00e1s importantes de Par\u00eds desde los 23 a\u00f1os y fue cofundadora de las exposiciones impresionistas que comenzaron en 1874. Su obra se caracteriza por un manejo delicado del color y la luz, con pinceladas sueltas que capturan la esencia de sus sujetos con gran naturalidad y vivacidad.<\/p>\n<figure id=\"attachment_4521\" aria-describedby=\"caption-attachment-4521\" style=\"width: 214px\" class=\"wp-caption aligncenter\"><a href=\"https:\/\/rafaramirez.org\/blog\/wp-content\/uploads\/2024\/05\/Manet-retrato-de-Berthe-Morisot-1872.jpg\" target=\"_blank\" rel=\"noopener\"><img loading=\"lazy\" decoding=\"async\" class=\"wp-image-4521 size-medium\" src=\"https:\/\/rafaramirez.org\/blog\/wp-content\/uploads\/2024\/05\/Manet-retrato-de-Berthe-Morisot-1872-214x300.jpg\" alt=\"Berthe Morisot, retrato de Edouard Manet (1872).\" width=\"214\" height=\"300\" srcset=\"https:\/\/rafaramirez.org\/blog\/wp-content\/uploads\/2024\/05\/Manet-retrato-de-Berthe-Morisot-1872-214x300.jpg 214w, https:\/\/rafaramirez.org\/blog\/wp-content\/uploads\/2024\/05\/Manet-retrato-de-Berthe-Morisot-1872-731x1024.jpg 731w, https:\/\/rafaramirez.org\/blog\/wp-content\/uploads\/2024\/05\/Manet-retrato-de-Berthe-Morisot-1872-768x1076.jpg 768w, https:\/\/rafaramirez.org\/blog\/wp-content\/uploads\/2024\/05\/Manet-retrato-de-Berthe-Morisot-1872.jpg 800w\" sizes=\"auto, (max-width: 214px) 100vw, 214px\" \/><\/a><figcaption id=\"caption-attachment-4521\" class=\"wp-caption-text\">Berthe Morisot, retrato de Edouard Manet (1872).<\/figcaption><\/figure>\n<p>A pesar de que hist\u00f3ricamente fue relegada a un segundo plano en comparaci\u00f3n con sus contempor\u00e1neos masculinos como <a href=\"https:\/\/rafaramirez.org\/blog\/index.php\/2024\/09\/19\/edouard-manet\/\" target=\"_blank\" rel=\"noopener\"><strong>Manet<\/strong><\/a>, <strong><a href=\"https:\/\/rafaramirez.org\/blog\/index.php\/2024\/09\/26\/claude-monet\/\" target=\"_blank\" rel=\"noopener\">Monet<\/a>, <a href=\"https:\/\/rafaramirez.org\/blog\/index.php\/2024\/03\/05\/pierre-auguste-renoir-un-maestro-del-impresionismo\/\" target=\"_blank\" rel=\"noopener\">Renoir<\/a> y <a href=\"https:\/\/rafaramirez.org\/blog\/index.php\/2024\/03\/18\/edgar-degas-un-maestro-de-la-fascinacion\/\" target=\"_blank\" rel=\"noopener\">Degas<\/a>,<\/strong> Morisot comparti\u00f3 inspiraci\u00f3n y amistad con ellos y hoy en d\u00eda es reconocida por su contribuci\u00f3n fundamental al impresionismo.<\/p>\n<p>La vida personal de Berthe Morisot tuvo una influencia significativa en su arte. Desde su formaci\u00f3n inicial en \u00e9l junto a su hermana <strong>Edma<\/strong>, hasta su matrimonio con <strong>Eug\u00e8ne Manet<\/strong>, hermano del famoso pintor <a href=\"https:\/\/rafaramirez.org\/blog\/index.php\/2024\/09\/19\/edouard-manet\/\" target=\"_blank\" rel=\"noopener\"><strong>\u00c9douard Manet<\/strong><\/a>, su entorno familiar y sus experiencias personales se reflejaron profundamente en su obra.<\/p>\n<p>Morisot fue una de las pocas mujeres en el movimiento impresionista y su posici\u00f3n en la sociedad de la \u00e9poca, as\u00ed como su rol como esposa y madre, influyeron en los temas que eleg\u00eda para sus pinturas.\u00a0A menudo retrataba escenas de la vida dom\u00e9stica y la cotidianidad con un enfoque fresco y espont\u00e1neo, lo que le permit\u00eda capturar momentos \u00edntimos y ef\u00edmeros de la vida familiar.<\/p>\n<p>La maternidad tambi\u00e9n jug\u00f3 un papel crucial en su arte. Despu\u00e9s de tener a su hija <strong>Julie<\/strong>, Morisot comenz\u00f3 a pintar retratos de ella y a explorar la vida familiar a trav\u00e9s de su arte.\u00a0Estas obras no solo muestran su habilidad t\u00e9cnica sino tambi\u00e9n su capacidad para transmitir la ternura y el v\u00ednculo entre madre e hija.<\/p>\n<p>Adem\u00e1s, su relaci\u00f3n con otros artistas impresionistas, como Monet y Renoir, y su amistad con Manet, tambi\u00e9n enriquecieron su perspectiva art\u00edstica.\u00a0Morisot adopt\u00f3 y adapt\u00f3 t\u00e9cnicas de sus contempor\u00e1neos, como la pintura al aire libre, que aprendi\u00f3 de Camille Corot, lo que le permiti\u00f3 desarrollar su propio estilo luminoso y vibrante.<\/p>\n<p>En resumen, la vida personal de Berthe Morisot se entrelaz\u00f3 con su arte, permiti\u00e9ndole ofrecer una perspectiva \u00fanica y personal en sus obras, que contin\u00faan siendo celebradas por su belleza y su importancia hist\u00f3rica en el arte impresionista.<\/p>\n<h4>Obras destacadas.<\/h4>\n<p>Berthe Morisot cre\u00f3 muchas obras notables que destacan por su t\u00e9cnica impresionista y su enfoque en la vida cotidiana y la feminidad. Algunas de sus pinturas m\u00e1s destacadas incluyen:<\/p>\n<ul>\n<li><strong>\u201cMadre e hija en el balc\u00f3n\u201d (1871-1872)<\/strong>: Esta obra representa a una mujer y una ni\u00f1a, posiblemente Morisot y su hija, en un balc\u00f3n de Par\u00eds, destacando la relaci\u00f3n materno-filial y la vida privada.<\/li>\n<\/ul>\n<figure id=\"attachment_4516\" aria-describedby=\"caption-attachment-4516\" style=\"width: 244px\" class=\"wp-caption aligncenter\"><a href=\"https:\/\/rafaramirez.org\/blog\/wp-content\/uploads\/2024\/05\/Berthe_Morisot_Madre_e_hija_en_el_balcon-scaled.jpg\" target=\"_blank\" rel=\"noopener\"><img loading=\"lazy\" decoding=\"async\" class=\"wp-image-4516 size-medium\" src=\"https:\/\/rafaramirez.org\/blog\/wp-content\/uploads\/2024\/05\/Berthe_Morisot_Madre_e_hija_en_el_balcon-244x300.jpg\" alt=\"Madre e hija en el balc\u00f3n (1872) de Berthe Morisot.\" width=\"244\" height=\"300\" srcset=\"https:\/\/rafaramirez.org\/blog\/wp-content\/uploads\/2024\/05\/Berthe_Morisot_Madre_e_hija_en_el_balcon-244x300.jpg 244w, https:\/\/rafaramirez.org\/blog\/wp-content\/uploads\/2024\/05\/Berthe_Morisot_Madre_e_hija_en_el_balcon-834x1024.jpg 834w, https:\/\/rafaramirez.org\/blog\/wp-content\/uploads\/2024\/05\/Berthe_Morisot_Madre_e_hija_en_el_balcon-768x943.jpg 768w, https:\/\/rafaramirez.org\/blog\/wp-content\/uploads\/2024\/05\/Berthe_Morisot_Madre_e_hija_en_el_balcon-1251x1536.jpg 1251w, https:\/\/rafaramirez.org\/blog\/wp-content\/uploads\/2024\/05\/Berthe_Morisot_Madre_e_hija_en_el_balcon-1668x2048.jpg 1668w\" sizes=\"auto, (max-width: 244px) 100vw, 244px\" \/><\/a><figcaption id=\"caption-attachment-4516\" class=\"wp-caption-text\">Berthe Morisot: Madre e hija en el balc\u00f3n<\/figcaption><\/figure>\n<ul>\n<li><strong>\u00abUn d\u00eda de verano\u00bb (1879)<\/strong>: En la calma de un r\u00edo, dos muchachas navegan en una peque\u00f1a embarcaci\u00f3n. La hermosura del momento se revela en distintos aspectos, no \u00fanicamente por la historia que sugiere, sino por la perfecta combinaci\u00f3n de tonalidades, los delicados juegos de iluminaci\u00f3n y, en especial, por el ambiente sereno que envuelve el conjunto de la pintura.<\/li>\n<\/ul>\n<figure id=\"attachment_4517\" aria-describedby=\"caption-attachment-4517\" style=\"width: 300px\" class=\"wp-caption aligncenter\"><a href=\"https:\/\/rafaramirez.org\/blog\/wp-content\/uploads\/2024\/05\/Berthe_Morisot_Un_dia_de_verano_1879.jpeg\" target=\"_blank\" rel=\"noopener\"><img loading=\"lazy\" decoding=\"async\" class=\"wp-image-4517 size-medium\" src=\"https:\/\/rafaramirez.org\/blog\/wp-content\/uploads\/2024\/05\/Berthe_Morisot_Un_dia_de_verano_1879-300x183.jpeg\" alt=\"Un d\u00eda de verano (1879) de Berthe Morisot.\" width=\"300\" height=\"183\" srcset=\"https:\/\/rafaramirez.org\/blog\/wp-content\/uploads\/2024\/05\/Berthe_Morisot_Un_dia_de_verano_1879-300x183.jpeg 300w, https:\/\/rafaramirez.org\/blog\/wp-content\/uploads\/2024\/05\/Berthe_Morisot_Un_dia_de_verano_1879-1024x626.jpeg 1024w, https:\/\/rafaramirez.org\/blog\/wp-content\/uploads\/2024\/05\/Berthe_Morisot_Un_dia_de_verano_1879-768x470.jpeg 768w, https:\/\/rafaramirez.org\/blog\/wp-content\/uploads\/2024\/05\/Berthe_Morisot_Un_dia_de_verano_1879-1536x939.jpeg 1536w, https:\/\/rafaramirez.org\/blog\/wp-content\/uploads\/2024\/05\/Berthe_Morisot_Un_dia_de_verano_1879.jpeg 1920w\" sizes=\"auto, (max-width: 300px) 100vw, 300px\" \/><\/a><figcaption id=\"caption-attachment-4517\" class=\"wp-caption-text\">Berthe Morisot: Un d\u00eda de verano<\/figcaption><\/figure>\n<ul>\n<li><strong>\u00abDespu\u00e9s del almuerzo\u00bb (1881):<\/strong> Retrata a una mujer sentada a la mesa con un racimo de uvas, una jarra y un plato con frutas. Al fondo un colorido bosque de \u00e1rboles y flores. La pintura es una obra reconocida dentro del c\u00edrculo impresionista.<\/li>\n<\/ul>\n<figure id=\"attachment_4518\" aria-describedby=\"caption-attachment-4518\" style=\"width: 300px\" class=\"wp-caption aligncenter\"><a href=\"https:\/\/rafaramirez.org\/blog\/wp-content\/uploads\/2024\/05\/Berthe_Morisot_Despues_del_almuerzo_1881.jpg\" target=\"_blank\" rel=\"noopener\"><img loading=\"lazy\" decoding=\"async\" class=\"wp-image-4518 size-medium\" src=\"https:\/\/rafaramirez.org\/blog\/wp-content\/uploads\/2024\/05\/Berthe_Morisot_Despues_del_almuerzo_1881-300x243.jpg\" alt=\"Berthe Morisot: Despu\u00e9s del almuerzo (1881).\" width=\"300\" height=\"243\" srcset=\"https:\/\/rafaramirez.org\/blog\/wp-content\/uploads\/2024\/05\/Berthe_Morisot_Despues_del_almuerzo_1881-300x243.jpg 300w, https:\/\/rafaramirez.org\/blog\/wp-content\/uploads\/2024\/05\/Berthe_Morisot_Despues_del_almuerzo_1881-1024x829.jpg 1024w, https:\/\/rafaramirez.org\/blog\/wp-content\/uploads\/2024\/05\/Berthe_Morisot_Despues_del_almuerzo_1881-768x621.jpg 768w, https:\/\/rafaramirez.org\/blog\/wp-content\/uploads\/2024\/05\/Berthe_Morisot_Despues_del_almuerzo_1881-1536x1243.jpg 1536w, https:\/\/rafaramirez.org\/blog\/wp-content\/uploads\/2024\/05\/Berthe_Morisot_Despues_del_almuerzo_1881.jpg 2048w\" sizes=\"auto, (max-width: 300px) 100vw, 300px\" \/><\/a><figcaption id=\"caption-attachment-4518\" class=\"wp-caption-text\">Berthe Morisot: Despu\u00e9s del almuerzo<\/figcaption><\/figure>\n<ul>\n<li><strong>\u00abLa Cuna\u00bb (1872)<\/strong>: Indudablemente, esta obra de arte es la m\u00e1s reconocida de Berthe Morisot. Creada en 1872 en la ciudad de Par\u00eds, muestra a Edma, una de las hermanas de la pintora, cuidando amorosamente el descanso de su hija Blanche. Este cuadro marca la primera vez que Morisot explora la maternidad en su arte, un motivo que posteriormente se convertir\u00eda en recurrente y favorito en su repertorio.<\/li>\n<\/ul>\n<figure id=\"attachment_4519\" aria-describedby=\"caption-attachment-4519\" style=\"width: 248px\" class=\"wp-caption aligncenter\"><a href=\"https:\/\/rafaramirez.org\/blog\/wp-content\/uploads\/2024\/05\/Berthe_Morisot_La_Cuna_1872.jpg\" target=\"_blank\" rel=\"noopener\"><img loading=\"lazy\" decoding=\"async\" class=\"wp-image-4519 size-medium\" src=\"https:\/\/rafaramirez.org\/blog\/wp-content\/uploads\/2024\/05\/Berthe_Morisot_La_Cuna_1872-248x300.jpg\" alt=\"Berthe Morisot: La Cuna (1872).\" width=\"248\" height=\"300\" srcset=\"https:\/\/rafaramirez.org\/blog\/wp-content\/uploads\/2024\/05\/Berthe_Morisot_La_Cuna_1872-248x300.jpg 248w, https:\/\/rafaramirez.org\/blog\/wp-content\/uploads\/2024\/05\/Berthe_Morisot_La_Cuna_1872.jpg 702w\" sizes=\"auto, (max-width: 248px) 100vw, 248px\" \/><\/a><figcaption id=\"caption-attachment-4519\" class=\"wp-caption-text\">Berthe Morisot: La Cuna<\/figcaption><\/figure>\n<p><strong>Su legado contin\u00faa inspirando a artistas y amantes del arte por su visi\u00f3n \u00fanica y su valent\u00eda para desafiar las convenciones de su tiempo.\u00a0Berthe Morisot falleci\u00f3 el 2 de marzo de 1895 en Par\u00eds.<\/strong><\/p>\n<p>Como siempre puedes dejar tus comentarios debajo del post \u00a1Saludos!<\/p>\n<p>M\u00e1s informaci\u00f3n:<\/p>\n<ul>\n<li><a href=\"https:\/\/historia.nationalgeographic.com.es\/a\/berthe-morisot-legado-pintora-olvidada-impresionismo_20938\" target=\"_blank\" rel=\"noopener\">National Geographic.com<\/a><\/li>\n<li><a href=\"https:\/\/es.wikipedia.org\/wiki\/Berthe_Morisot\" target=\"_blank\" rel=\"noopener\">Wikipedia.es<\/a><\/li>\n<li><a href=\"https:\/\/pasionlectora.es\/arte\/biografia-de-berthe-morisot-la-vida-y-obra-de-una-destacada-pintora-impresionista\/\" target=\"_blank\" rel=\"noopener\">Pasi\u00f3n Lectora.es<\/a><\/li>\n<li><a href=\"https:\/\/artehistoria.online\/berthe-morisot\/\" target=\"_blank\" rel=\"noopener\">Arte Historia.online<\/a><\/li>\n<\/ul>\n","protected":false},"excerpt":{"rendered":"<p>Berthe Morisot fue una destacada pintora francesa y una figura clave del movimiento impresionista.\u00a0Nacida el 14 de enero de 1841 en Bourges, Francia, Morisot creci\u00f3 en una familia de la alta burgues\u00eda que apoyaba su inter\u00e9s por las artes.\u00a0Desde joven, demostr\u00f3 un talento excepcional y recibi\u00f3 formaci\u00f3n de maestros renombrados como Camille Corot. Morisot se [&hellip;]<\/p>\n","protected":false},"author":3,"featured_media":4523,"comment_status":"open","ping_status":"closed","sticky":false,"template":"","format":"standard","meta":{"site-container-style":"default","site-container-layout":"default","site-sidebar-layout":"default","disable-article-header":"default","disable-site-header":"default","disable-site-footer":"default","disable-content-area-spacing":"default","_jetpack_newsletter_access":"","_jetpack_dont_email_post_to_subs":false,"_jetpack_newsletter_tier_id":0,"_jetpack_memberships_contains_paywalled_content":false,"_jetpack_feature_clip_id":0,"_jetpack_memberships_contains_paid_content":false,"footnotes":"","jetpack_publicize_message":"","jetpack_publicize_feature_enabled":true,"jetpack_social_post_already_shared":false,"jetpack_social_options":{"image_generator_settings":{"template":"highway","default_image_id":0,"font":"","enabled":false},"version":2},"jetpack_post_was_ever_published":false},"categories":[1290],"tags":[2149,2152,2151,708,68,2150,1611,2154,2158,2155,200,703,702,1152,1366,2156,274,2153,300,1163,370,2148,846,378,421,2157],"class_list":["post-4513","post","type-post","status-publish","format-standard","has-post-thumbnail","hentry","category-historia-del-arte","tag-14-de-enero-de-1841","tag-2152","tag-23-anos","tag-berthe-morisot","tag-blog-de-rafael-ramirez","tag-bourges","tag-camille-corot","tag-degas","tag-estilo-luminoso-y-vibrante","tag-eugene-manet","tag-francia","tag-historia-del-impresionismo","tag-impresionismo","tag-impresionismo-frances","tag-impresionistas","tag-julie","tag-maestros-del-impresionismo","tag-manet","tag-monet","tag-movimiento-impresionista","tag-pintor-impresionista","tag-pintora-francesa","tag-pintores-impresionistas","tag-pintura-impresionista","tag-renoir","tag-vida-cotidiana-y-la-feminidad"],"yoast_head":"<!-- This site is optimized with the Yoast SEO plugin v28.4 - https:\/\/yoast.com\/product\/yoast-seo-wordpress\/ -->\n<title>Berthe Morisot, la impresionista que contin\u00faa inspirando a artistas y amantes del arte por su visi\u00f3n \u00fanica y su valent\u00eda. - Blog de Rafael Ram\u00edrez<\/title>\n<meta name=\"description\" content=\"Berthe Morisot fue una destacada pintora francesa y una figura clave del movimiento impresionista.\u00a0Desde joven, demostr\u00f3 un talento...\" \/>\n<meta name=\"robots\" content=\"index, follow, max-snippet:-1, max-image-preview:large, max-video-preview:-1\" \/>\n<link rel=\"canonical\" href=\"https:\/\/rafaramirez.org\/blog\/index.php\/2024\/05\/23\/berthe-morisot\/\" \/>\n<meta property=\"og:locale\" content=\"es_ES\" \/>\n<meta property=\"og:type\" content=\"article\" \/>\n<meta property=\"og:title\" content=\"Berthe Morisot, la impresionista que contin\u00faa inspirando a artistas y amantes del arte por su visi\u00f3n \u00fanica y su valent\u00eda. - Blog de Rafael Ram\u00edrez\" \/>\n<meta property=\"og:description\" content=\"Berthe Morisot fue una destacada pintora francesa y una figura clave del movimiento impresionista.\u00a0Desde joven, demostr\u00f3 un talento...\" \/>\n<meta property=\"og:url\" content=\"https:\/\/rafaramirez.org\/blog\/index.php\/2024\/05\/23\/berthe-morisot\/\" \/>\n<meta property=\"og:site_name\" content=\"Blog de Rafael Ram\u00edrez\" \/>\n<meta property=\"article:published_time\" content=\"2024-05-23T06:15:24+00:00\" \/>\n<meta property=\"article:modified_time\" content=\"2026-07-14T09:47:58+00:00\" \/>\n<meta property=\"og:image\" content=\"https:\/\/rafaramirez.org\/blog\/wp-content\/uploads\/2024\/05\/Berthe_Morisot_Mujer_joven_cosiendo_1883_banner.jpg\" \/>\n\t<meta property=\"og:image:width\" content=\"845\" \/>\n\t<meta property=\"og:image:height\" content=\"622\" \/>\n\t<meta property=\"og:image:type\" content=\"image\/jpeg\" \/>\n<meta name=\"author\" content=\"Documentaci\u00f3n e investigaci\u00f3n\" \/>\n<meta name=\"twitter:card\" content=\"summary_large_image\" \/>\n<meta name=\"twitter:site\" content=\"@rafaramirez_ok\" \/>\n<meta name=\"twitter:label1\" content=\"Escrito por\" \/>\n\t<meta name=\"twitter:data1\" content=\"Documentaci\u00f3n e investigaci\u00f3n\" \/>\n\t<meta name=\"twitter:label2\" content=\"Tiempo de lectura\" \/>\n\t<meta name=\"twitter:data2\" content=\"5 minutos\" \/>\n<script type=\"application\/ld+json\" class=\"yoast-schema-graph\">{\"@context\":\"https:\\\/\\\/schema.org\",\"@graph\":[{\"@type\":\"Article\",\"@id\":\"https:\\\/\\\/rafaramirez.org\\\/blog\\\/index.php\\\/2024\\\/05\\\/23\\\/berthe-morisot\\\/#article\",\"isPartOf\":{\"@id\":\"https:\\\/\\\/rafaramirez.org\\\/blog\\\/index.php\\\/2024\\\/05\\\/23\\\/berthe-morisot\\\/\"},\"author\":{\"name\":\"Documentaci\u00f3n e investigaci\u00f3n\",\"@id\":\"https:\\\/\\\/rafaramirez.org\\\/blog\\\/#\\\/schema\\\/person\\\/8debd05b3d9a1d16fb21af726811617d\"},\"headline\":\"Berthe Morisot, la impresionista que contin\u00faa inspirando a artistas y amantes del arte por su visi\u00f3n \u00fanica y su valent\u00eda.\",\"datePublished\":\"2024-05-23T06:15:24+00:00\",\"dateModified\":\"2026-07-14T09:47:58+00:00\",\"mainEntityOfPage\":{\"@id\":\"https:\\\/\\\/rafaramirez.org\\\/blog\\\/index.php\\\/2024\\\/05\\\/23\\\/berthe-morisot\\\/\"},\"wordCount\":855,\"commentCount\":0,\"publisher\":{\"@id\":\"https:\\\/\\\/rafaramirez.org\\\/blog\\\/#\\\/schema\\\/person\\\/50f43b6d60c578760d4c17bda54ab6a5\"},\"image\":{\"@id\":\"https:\\\/\\\/rafaramirez.org\\\/blog\\\/index.php\\\/2024\\\/05\\\/23\\\/berthe-morisot\\\/#primaryimage\"},\"thumbnailUrl\":\"https:\\\/\\\/rafaramirez.org\\\/blog\\\/wp-content\\\/uploads\\\/2024\\\/05\\\/Berthe_Morisot_Mujer_joven_cosiendo_1883_banner.jpg\",\"keywords\":[\"14 de enero de 1841\",\"1874\",\"23 a\u00f1os\",\"Berthe Morisot\",\"blog de Rafael Ram\u00edrez\",\"Bourges\",\"Camille Corot\",\"Degas\",\"estilo luminoso y vibrante\",\"Eug\u00e8ne Manet\",\"Francia\",\"historia del impresionismo\",\"impresionismo\",\"impresionismo franc\u00e9s\",\"impresionistas\",\"Julie\",\"maestros del impresionismo\",\"Manet\",\"Monet\",\"movimiento impresionista\",\"pintor impresionista\",\"pintora francesa\",\"pintores impresionistas\",\"pintura impresionista\",\"Renoir\",\"vida cotidiana y la feminidad\"],\"articleSection\":[\"Historia del arte\"],\"inLanguage\":\"es\",\"potentialAction\":[{\"@type\":\"CommentAction\",\"name\":\"Comment\",\"target\":[\"https:\\\/\\\/rafaramirez.org\\\/blog\\\/index.php\\\/2024\\\/05\\\/23\\\/berthe-morisot\\\/#respond\"]}]},{\"@type\":\"WebPage\",\"@id\":\"https:\\\/\\\/rafaramirez.org\\\/blog\\\/index.php\\\/2024\\\/05\\\/23\\\/berthe-morisot\\\/\",\"url\":\"https:\\\/\\\/rafaramirez.org\\\/blog\\\/index.php\\\/2024\\\/05\\\/23\\\/berthe-morisot\\\/\",\"name\":\"Berthe Morisot, la impresionista que contin\u00faa inspirando a artistas y amantes del arte por su visi\u00f3n \u00fanica y su valent\u00eda. - Blog de Rafael Ram\u00edrez\",\"isPartOf\":{\"@id\":\"https:\\\/\\\/rafaramirez.org\\\/blog\\\/#website\"},\"primaryImageOfPage\":{\"@id\":\"https:\\\/\\\/rafaramirez.org\\\/blog\\\/index.php\\\/2024\\\/05\\\/23\\\/berthe-morisot\\\/#primaryimage\"},\"image\":{\"@id\":\"https:\\\/\\\/rafaramirez.org\\\/blog\\\/index.php\\\/2024\\\/05\\\/23\\\/berthe-morisot\\\/#primaryimage\"},\"thumbnailUrl\":\"https:\\\/\\\/rafaramirez.org\\\/blog\\\/wp-content\\\/uploads\\\/2024\\\/05\\\/Berthe_Morisot_Mujer_joven_cosiendo_1883_banner.jpg\",\"datePublished\":\"2024-05-23T06:15:24+00:00\",\"dateModified\":\"2026-07-14T09:47:58+00:00\",\"description\":\"Berthe Morisot fue una destacada pintora francesa y una figura clave del movimiento impresionista.\u00a0Desde joven, demostr\u00f3 un talento...\",\"breadcrumb\":{\"@id\":\"https:\\\/\\\/rafaramirez.org\\\/blog\\\/index.php\\\/2024\\\/05\\\/23\\\/berthe-morisot\\\/#breadcrumb\"},\"inLanguage\":\"es\",\"potentialAction\":[{\"@type\":\"ReadAction\",\"target\":[\"https:\\\/\\\/rafaramirez.org\\\/blog\\\/index.php\\\/2024\\\/05\\\/23\\\/berthe-morisot\\\/\"]}]},{\"@type\":\"ImageObject\",\"inLanguage\":\"es\",\"@id\":\"https:\\\/\\\/rafaramirez.org\\\/blog\\\/index.php\\\/2024\\\/05\\\/23\\\/berthe-morisot\\\/#primaryimage\",\"url\":\"https:\\\/\\\/rafaramirez.org\\\/blog\\\/wp-content\\\/uploads\\\/2024\\\/05\\\/Berthe_Morisot_Mujer_joven_cosiendo_1883_banner.jpg\",\"contentUrl\":\"https:\\\/\\\/rafaramirez.org\\\/blog\\\/wp-content\\\/uploads\\\/2024\\\/05\\\/Berthe_Morisot_Mujer_joven_cosiendo_1883_banner.jpg\",\"width\":845,\"height\":622,\"caption\":\"Berthe Morisot: Mujer joven cosiendo (1883).\"},{\"@type\":\"BreadcrumbList\",\"@id\":\"https:\\\/\\\/rafaramirez.org\\\/blog\\\/index.php\\\/2024\\\/05\\\/23\\\/berthe-morisot\\\/#breadcrumb\",\"itemListElement\":[{\"@type\":\"ListItem\",\"position\":1,\"name\":\"Portada\",\"item\":\"https:\\\/\\\/rafaramirez.org\\\/blog\\\/\"},{\"@type\":\"ListItem\",\"position\":2,\"name\":\"Berthe Morisot, la impresionista que contin\u00faa inspirando a artistas y amantes del arte por su visi\u00f3n \u00fanica y su valent\u00eda.\"}]},{\"@type\":\"WebSite\",\"@id\":\"https:\\\/\\\/rafaramirez.org\\\/blog\\\/#website\",\"url\":\"https:\\\/\\\/rafaramirez.org\\\/blog\\\/\",\"name\":\"Blog de Rafael Ram\u00edrez\",\"description\":\"Un sitio social, de arte y cultura\",\"publisher\":{\"@id\":\"https:\\\/\\\/rafaramirez.org\\\/blog\\\/#\\\/schema\\\/person\\\/50f43b6d60c578760d4c17bda54ab6a5\"},\"potentialAction\":[{\"@type\":\"SearchAction\",\"target\":{\"@type\":\"EntryPoint\",\"urlTemplate\":\"https:\\\/\\\/rafaramirez.org\\\/blog\\\/?s={search_term_string}\"},\"query-input\":{\"@type\":\"PropertyValueSpecification\",\"valueRequired\":true,\"valueName\":\"search_term_string\"}}],\"inLanguage\":\"es\"},{\"@type\":[\"Person\",\"Organization\"],\"@id\":\"https:\\\/\\\/rafaramirez.org\\\/blog\\\/#\\\/schema\\\/person\\\/50f43b6d60c578760d4c17bda54ab6a5\",\"name\":\"Rafael Ram\u00edrez\",\"image\":{\"@type\":\"ImageObject\",\"inLanguage\":\"es\",\"@id\":\"https:\\\/\\\/rafaramirez.org\\\/blog\\\/wp-content\\\/uploads\\\/2024\\\/09\\\/RR_socialnetwork.jpg\",\"url\":\"https:\\\/\\\/rafaramirez.org\\\/blog\\\/wp-content\\\/uploads\\\/2024\\\/09\\\/RR_socialnetwork.jpg\",\"contentUrl\":\"https:\\\/\\\/rafaramirez.org\\\/blog\\\/wp-content\\\/uploads\\\/2024\\\/09\\\/RR_socialnetwork.jpg\",\"width\":600,\"height\":606,\"caption\":\"Rafael Ram\u00edrez\"},\"logo\":{\"@id\":\"https:\\\/\\\/rafaramirez.org\\\/blog\\\/wp-content\\\/uploads\\\/2024\\\/09\\\/RR_socialnetwork.jpg\"},\"sameAs\":[\"https:\\\/\\\/www.rafaramirez.org\\\/blog\",\"https:\\\/\\\/www.instagram.com\\\/rafaramirez_ok\\\/\",\"https:\\\/\\\/es.pinterest.com\\\/Ramirez_Rafa\\\/\",\"https:\\\/\\\/x.com\\\/rafaramirez_ok\"]},{\"@type\":\"Person\",\"@id\":\"https:\\\/\\\/rafaramirez.org\\\/blog\\\/#\\\/schema\\\/person\\\/8debd05b3d9a1d16fb21af726811617d\",\"name\":\"Documentaci\u00f3n e investigaci\u00f3n\",\"image\":{\"@type\":\"ImageObject\",\"inLanguage\":\"es\",\"@id\":\"https:\\\/\\\/secure.gravatar.com\\\/avatar\\\/fe70e496579a39c7a8fc4982b89275403b1092eb200623138a32daada9416911?s=96&d=mm&r=g\",\"url\":\"https:\\\/\\\/secure.gravatar.com\\\/avatar\\\/fe70e496579a39c7a8fc4982b89275403b1092eb200623138a32daada9416911?s=96&d=mm&r=g\",\"contentUrl\":\"https:\\\/\\\/secure.gravatar.com\\\/avatar\\\/fe70e496579a39c7a8fc4982b89275403b1092eb200623138a32daada9416911?s=96&d=mm&r=g\",\"caption\":\"Documentaci\u00f3n e investigaci\u00f3n\"},\"url\":\"https:\\\/\\\/rafaramirez.org\\\/blog\\\/index.php\\\/author\\\/admin\\\/\"}]}<\/script>\n<!-- \/ Yoast SEO plugin. -->","yoast_head_json":{"title":"Berthe Morisot, la impresionista que contin\u00faa inspirando a artistas y amantes del arte por su visi\u00f3n \u00fanica y su valent\u00eda. - Blog de Rafael Ram\u00edrez","description":"Berthe Morisot fue una destacada pintora francesa y una figura clave del movimiento impresionista.\u00a0Desde joven, demostr\u00f3 un talento...","robots":{"index":"index","follow":"follow","max-snippet":"max-snippet:-1","max-image-preview":"max-image-preview:large","max-video-preview":"max-video-preview:-1"},"canonical":"https:\/\/rafaramirez.org\/blog\/index.php\/2024\/05\/23\/berthe-morisot\/","og_locale":"es_ES","og_type":"article","og_title":"Berthe Morisot, la impresionista que contin\u00faa inspirando a artistas y amantes del arte por su visi\u00f3n \u00fanica y su valent\u00eda. - Blog de Rafael Ram\u00edrez","og_description":"Berthe Morisot fue una destacada pintora francesa y una figura clave del movimiento impresionista.\u00a0Desde joven, demostr\u00f3 un talento...","og_url":"https:\/\/rafaramirez.org\/blog\/index.php\/2024\/05\/23\/berthe-morisot\/","og_site_name":"Blog de Rafael Ram\u00edrez","article_published_time":"2024-05-23T06:15:24+00:00","article_modified_time":"2026-07-14T09:47:58+00:00","og_image":[{"width":845,"height":622,"url":"https:\/\/rafaramirez.org\/blog\/wp-content\/uploads\/2024\/05\/Berthe_Morisot_Mujer_joven_cosiendo_1883_banner.jpg","type":"image\/jpeg"}],"author":"Documentaci\u00f3n e investigaci\u00f3n","twitter_card":"summary_large_image","twitter_site":"@rafaramirez_ok","twitter_misc":{"Escrito por":"Documentaci\u00f3n e investigaci\u00f3n","Tiempo de lectura":"5 minutos"},"schema":{"@context":"https:\/\/schema.org","@graph":[{"@type":"Article","@id":"https:\/\/rafaramirez.org\/blog\/index.php\/2024\/05\/23\/berthe-morisot\/#article","isPartOf":{"@id":"https:\/\/rafaramirez.org\/blog\/index.php\/2024\/05\/23\/berthe-morisot\/"},"author":{"name":"Documentaci\u00f3n e investigaci\u00f3n","@id":"https:\/\/rafaramirez.org\/blog\/#\/schema\/person\/8debd05b3d9a1d16fb21af726811617d"},"headline":"Berthe Morisot, la impresionista que contin\u00faa inspirando a artistas y amantes del arte por su visi\u00f3n \u00fanica y su valent\u00eda.","datePublished":"2024-05-23T06:15:24+00:00","dateModified":"2026-07-14T09:47:58+00:00","mainEntityOfPage":{"@id":"https:\/\/rafaramirez.org\/blog\/index.php\/2024\/05\/23\/berthe-morisot\/"},"wordCount":855,"commentCount":0,"publisher":{"@id":"https:\/\/rafaramirez.org\/blog\/#\/schema\/person\/50f43b6d60c578760d4c17bda54ab6a5"},"image":{"@id":"https:\/\/rafaramirez.org\/blog\/index.php\/2024\/05\/23\/berthe-morisot\/#primaryimage"},"thumbnailUrl":"https:\/\/rafaramirez.org\/blog\/wp-content\/uploads\/2024\/05\/Berthe_Morisot_Mujer_joven_cosiendo_1883_banner.jpg","keywords":["14 de enero de 1841","1874","23 a\u00f1os","Berthe Morisot","blog de Rafael Ram\u00edrez","Bourges","Camille Corot","Degas","estilo luminoso y vibrante","Eug\u00e8ne Manet","Francia","historia del impresionismo","impresionismo","impresionismo franc\u00e9s","impresionistas","Julie","maestros del impresionismo","Manet","Monet","movimiento impresionista","pintor impresionista","pintora francesa","pintores impresionistas","pintura impresionista","Renoir","vida cotidiana y la feminidad"],"articleSection":["Historia del arte"],"inLanguage":"es","potentialAction":[{"@type":"CommentAction","name":"Comment","target":["https:\/\/rafaramirez.org\/blog\/index.php\/2024\/05\/23\/berthe-morisot\/#respond"]}]},{"@type":"WebPage","@id":"https:\/\/rafaramirez.org\/blog\/index.php\/2024\/05\/23\/berthe-morisot\/","url":"https:\/\/rafaramirez.org\/blog\/index.php\/2024\/05\/23\/berthe-morisot\/","name":"Berthe Morisot, la impresionista que contin\u00faa inspirando a artistas y amantes del arte por su visi\u00f3n \u00fanica y su valent\u00eda. - Blog de Rafael Ram\u00edrez","isPartOf":{"@id":"https:\/\/rafaramirez.org\/blog\/#website"},"primaryImageOfPage":{"@id":"https:\/\/rafaramirez.org\/blog\/index.php\/2024\/05\/23\/berthe-morisot\/#primaryimage"},"image":{"@id":"https:\/\/rafaramirez.org\/blog\/index.php\/2024\/05\/23\/berthe-morisot\/#primaryimage"},"thumbnailUrl":"https:\/\/rafaramirez.org\/blog\/wp-content\/uploads\/2024\/05\/Berthe_Morisot_Mujer_joven_cosiendo_1883_banner.jpg","datePublished":"2024-05-23T06:15:24+00:00","dateModified":"2026-07-14T09:47:58+00:00","description":"Berthe Morisot fue una destacada pintora francesa y una figura clave del movimiento impresionista.\u00a0Desde joven, demostr\u00f3 un talento...","breadcrumb":{"@id":"https:\/\/rafaramirez.org\/blog\/index.php\/2024\/05\/23\/berthe-morisot\/#breadcrumb"},"inLanguage":"es","potentialAction":[{"@type":"ReadAction","target":["https:\/\/rafaramirez.org\/blog\/index.php\/2024\/05\/23\/berthe-morisot\/"]}]},{"@type":"ImageObject","inLanguage":"es","@id":"https:\/\/rafaramirez.org\/blog\/index.php\/2024\/05\/23\/berthe-morisot\/#primaryimage","url":"https:\/\/rafaramirez.org\/blog\/wp-content\/uploads\/2024\/05\/Berthe_Morisot_Mujer_joven_cosiendo_1883_banner.jpg","contentUrl":"https:\/\/rafaramirez.org\/blog\/wp-content\/uploads\/2024\/05\/Berthe_Morisot_Mujer_joven_cosiendo_1883_banner.jpg","width":845,"height":622,"caption":"Berthe Morisot: Mujer joven cosiendo (1883)."},{"@type":"BreadcrumbList","@id":"https:\/\/rafaramirez.org\/blog\/index.php\/2024\/05\/23\/berthe-morisot\/#breadcrumb","itemListElement":[{"@type":"ListItem","position":1,"name":"Portada","item":"https:\/\/rafaramirez.org\/blog\/"},{"@type":"ListItem","position":2,"name":"Berthe Morisot, la impresionista que contin\u00faa inspirando a artistas y amantes del arte por su visi\u00f3n \u00fanica y su valent\u00eda."}]},{"@type":"WebSite","@id":"https:\/\/rafaramirez.org\/blog\/#website","url":"https:\/\/rafaramirez.org\/blog\/","name":"Blog de Rafael Ram\u00edrez","description":"Un sitio social, de arte y cultura","publisher":{"@id":"https:\/\/rafaramirez.org\/blog\/#\/schema\/person\/50f43b6d60c578760d4c17bda54ab6a5"},"potentialAction":[{"@type":"SearchAction","target":{"@type":"EntryPoint","urlTemplate":"https:\/\/rafaramirez.org\/blog\/?s={search_term_string}"},"query-input":{"@type":"PropertyValueSpecification","valueRequired":true,"valueName":"search_term_string"}}],"inLanguage":"es"},{"@type":["Person","Organization"],"@id":"https:\/\/rafaramirez.org\/blog\/#\/schema\/person\/50f43b6d60c578760d4c17bda54ab6a5","name":"Rafael Ram\u00edrez","image":{"@type":"ImageObject","inLanguage":"es","@id":"https:\/\/rafaramirez.org\/blog\/wp-content\/uploads\/2024\/09\/RR_socialnetwork.jpg","url":"https:\/\/rafaramirez.org\/blog\/wp-content\/uploads\/2024\/09\/RR_socialnetwork.jpg","contentUrl":"https:\/\/rafaramirez.org\/blog\/wp-content\/uploads\/2024\/09\/RR_socialnetwork.jpg","width":600,"height":606,"caption":"Rafael Ram\u00edrez"},"logo":{"@id":"https:\/\/rafaramirez.org\/blog\/wp-content\/uploads\/2024\/09\/RR_socialnetwork.jpg"},"sameAs":["https:\/\/www.rafaramirez.org\/blog","https:\/\/www.instagram.com\/rafaramirez_ok\/","https:\/\/es.pinterest.com\/Ramirez_Rafa\/","https:\/\/x.com\/rafaramirez_ok"]},{"@type":"Person","@id":"https:\/\/rafaramirez.org\/blog\/#\/schema\/person\/8debd05b3d9a1d16fb21af726811617d","name":"Documentaci\u00f3n e investigaci\u00f3n","image":{"@type":"ImageObject","inLanguage":"es","@id":"https:\/\/secure.gravatar.com\/avatar\/fe70e496579a39c7a8fc4982b89275403b1092eb200623138a32daada9416911?s=96&d=mm&r=g","url":"https:\/\/secure.gravatar.com\/avatar\/fe70e496579a39c7a8fc4982b89275403b1092eb200623138a32daada9416911?s=96&d=mm&r=g","contentUrl":"https:\/\/secure.gravatar.com\/avatar\/fe70e496579a39c7a8fc4982b89275403b1092eb200623138a32daada9416911?s=96&d=mm&r=g","caption":"Documentaci\u00f3n e investigaci\u00f3n"},"url":"https:\/\/rafaramirez.org\/blog\/index.php\/author\/admin\/"}]}},"jetpack_publicize_connections":[],"jetpack_sharing_enabled":true,"jetpack_likes_enabled":true,"jetpack_featured_media_url":"https:\/\/rafaramirez.org\/blog\/wp-content\/uploads\/2024\/05\/Berthe_Morisot_Mujer_joven_cosiendo_1883_banner.jpg","_links":{"self":[{"href":"https:\/\/rafaramirez.org\/blog\/index.php\/wp-json\/wp\/v2\/posts\/4513","targetHints":{"allow":["GET"]}}],"collection":[{"href":"https:\/\/rafaramirez.org\/blog\/index.php\/wp-json\/wp\/v2\/posts"}],"about":[{"href":"https:\/\/rafaramirez.org\/blog\/index.php\/wp-json\/wp\/v2\/types\/post"}],"author":[{"embeddable":true,"href":"https:\/\/rafaramirez.org\/blog\/index.php\/wp-json\/wp\/v2\/users\/3"}],"replies":[{"embeddable":true,"href":"https:\/\/rafaramirez.org\/blog\/index.php\/wp-json\/wp\/v2\/comments?post=4513"}],"version-history":[{"count":14,"href":"https:\/\/rafaramirez.org\/blog\/index.php\/wp-json\/wp\/v2\/posts\/4513\/revisions"}],"predecessor-version":[{"id":11842,"href":"https:\/\/rafaramirez.org\/blog\/index.php\/wp-json\/wp\/v2\/posts\/4513\/revisions\/11842"}],"wp:featuredmedia":[{"embeddable":true,"href":"https:\/\/rafaramirez.org\/blog\/index.php\/wp-json\/wp\/v2\/media\/4523"}],"wp:attachment":[{"href":"https:\/\/rafaramirez.org\/blog\/index.php\/wp-json\/wp\/v2\/media?parent=4513"}],"wp:term":[{"taxonomy":"category","embeddable":true,"href":"https:\/\/rafaramirez.org\/blog\/index.php\/wp-json\/wp\/v2\/categories?post=4513"},{"taxonomy":"post_tag","embeddable":true,"href":"https:\/\/rafaramirez.org\/blog\/index.php\/wp-json\/wp\/v2\/tags?post=4513"}],"curies":[{"name":"wp","href":"https:\/\/api.w.org\/{rel}","templated":true}]}}