{"id":4488,"date":"2024-05-21T08:15:35","date_gmt":"2024-05-21T06:15:35","guid":{"rendered":"https:\/\/rafaramirez.org\/blog\/?p=4488"},"modified":"2024-05-15T13:36:11","modified_gmt":"2024-05-15T11:36:11","slug":"4488","status":"publish","type":"post","link":"https:\/\/rafaramirez.org\/blog\/index.php\/2024\/05\/21\/4488\/","title":{"rendered":"Semana Internacional de la Educaci\u00f3n Art\u00edstica (20-26 de mayo): la importancia del arte en la educaci\u00f3n integral."},"content":{"rendered":"<p>La\u00a0<strong>Semana Internacional de la Educaci\u00f3n Art\u00edstica<\/strong>\u00a0es una celebraci\u00f3n proclamada por la UNESCO que se lleva a cabo la\u00a0<strong>cuarta semana de mayo<\/strong>. Este a\u00f1o 2024 se celebra entre los d\u00edas 20\/26 de mayo. Este evento tiene como objetivo sensibilizar sobre la importancia de la educaci\u00f3n art\u00edstica y promover la diversidad cultural, el di\u00e1logo intercultural y la cohesi\u00f3n social.<\/p>\n<p>Durante esta semana, se fomenta la creatividad, la colaboraci\u00f3n y la capacidad imaginativa para resolver problemas, habilidades que son esenciales en la actualidad.\u00a0La educaci\u00f3n art\u00edstica no solo impulsa la resistencia y valora la diversidad cultural y la libertad de expresi\u00f3n, sino que tambi\u00e9n cultiva la innovaci\u00f3n y las aptitudes de pensamiento cr\u00edtico.<\/p>\n<p style=\"text-align: center;\"><a href=\"https:\/\/rafaramirez.org\/blog\/wp-content\/uploads\/2024\/05\/Semana_Internacional_del_Arte_3.Blog_de_Rafael_Ramirez.jpg\" target=\"_blank\" rel=\"noopener\"><img loading=\"lazy\" decoding=\"async\" class=\"aligncenter wp-image-4493 size-medium\" src=\"https:\/\/rafaramirez.org\/blog\/wp-content\/uploads\/2024\/05\/Semana_Internacional_del_Arte_3.Blog_de_Rafael_Ramirez-300x300.jpg\" alt=\"Semana Internacional del Arte. Blog de Rafael Ram\u00edrez.\" width=\"300\" height=\"300\" srcset=\"https:\/\/rafaramirez.org\/blog\/wp-content\/uploads\/2024\/05\/Semana_Internacional_del_Arte_3.Blog_de_Rafael_Ramirez-300x300.jpg 300w, https:\/\/rafaramirez.org\/blog\/wp-content\/uploads\/2024\/05\/Semana_Internacional_del_Arte_3.Blog_de_Rafael_Ramirez-150x150.jpg 150w, https:\/\/rafaramirez.org\/blog\/wp-content\/uploads\/2024\/05\/Semana_Internacional_del_Arte_3.Blog_de_Rafael_Ramirez-768x768.jpg 768w, https:\/\/rafaramirez.org\/blog\/wp-content\/uploads\/2024\/05\/Semana_Internacional_del_Arte_3.Blog_de_Rafael_Ramirez.jpg 1024w\" sizes=\"auto, (max-width: 300px) 100vw, 300px\" \/><\/a><\/p>\n<p>La UNESCO anima a sus Estados Miembros a apoyar la educaci\u00f3n art\u00edstica tanto en la escuela como fuera de ella, con la convicci\u00f3n de que la creatividad y las artes son fundamentales para la construcci\u00f3n de sociedades pr\u00f3speras y pac\u00edficas.<\/p>\n<p>La\u00a0<strong>Semana Internacional de la Educaci\u00f3n Art\u00edstica<\/strong> tiene sus ra\u00edces en la 36\u00aa sesi\u00f3n de la Conferencia General de la UNESCO en 2011, donde se proclam\u00f3 esta celebraci\u00f3n. La idea era reconocer la importancia del arte en la educaci\u00f3n integral y su capacidad para desarrollar plenamente a las personas en todas sus dimensiones.<\/p>\n<p>El arte, en su diversidad, se considera esencial para el desarrollo humano, promoviendo habilidades como la creatividad, la colaboraci\u00f3n y la capacidad imaginativa para resolver problemas.\u00a0Estas competencias son vistas como fundamentales para fomentar la resiliencia, valorar la diversidad cultural, la libertad de expresi\u00f3n y cultivar la innovaci\u00f3n y el pensamiento cr\u00edtico.<\/p>\n<p>Desde su establecimiento, la Semana Internacional de la Educaci\u00f3n Art\u00edstica ha servido como un vector de di\u00e1logo, inclusi\u00f3n social y tolerancia en sociedades multiculturales y conectadas.\u00a0La UNESCO alienta a los Estados Miembros a apoyar la educaci\u00f3n art\u00edstica tanto en la escuela como fuera de ella, con el fin de contribuir a la construcci\u00f3n de sociedades pr\u00f3speras y pac\u00edficas.<\/p>\n<p style=\"text-align: center;\"><a href=\"https:\/\/rafaramirez.org\/blog\/wp-content\/uploads\/2024\/05\/Semana_Internacional_del_Arte_1.Blog_de_Rafael_Ramirez.jpg\" target=\"_blank\" rel=\"noopener\"><img loading=\"lazy\" decoding=\"async\" class=\"aligncenter wp-image-4494 size-medium\" src=\"https:\/\/rafaramirez.org\/blog\/wp-content\/uploads\/2024\/05\/Semana_Internacional_del_Arte_1.Blog_de_Rafael_Ramirez-300x300.jpg\" alt=\"Semana Internacional del Arte. Blog de Rafael Ram\u00edrez.\" width=\"300\" height=\"300\" srcset=\"https:\/\/rafaramirez.org\/blog\/wp-content\/uploads\/2024\/05\/Semana_Internacional_del_Arte_1.Blog_de_Rafael_Ramirez-300x300.jpg 300w, https:\/\/rafaramirez.org\/blog\/wp-content\/uploads\/2024\/05\/Semana_Internacional_del_Arte_1.Blog_de_Rafael_Ramirez-150x150.jpg 150w, https:\/\/rafaramirez.org\/blog\/wp-content\/uploads\/2024\/05\/Semana_Internacional_del_Arte_1.Blog_de_Rafael_Ramirez-768x768.jpg 768w, https:\/\/rafaramirez.org\/blog\/wp-content\/uploads\/2024\/05\/Semana_Internacional_del_Arte_1.Blog_de_Rafael_Ramirez.jpg 1024w\" sizes=\"auto, (max-width: 300px) 100vw, 300px\" \/><\/a><\/p>\n<p>En Chile, por ejemplo, la celebraci\u00f3n de la Semana de la Educaci\u00f3n Art\u00edstica comenz\u00f3 en 2013 y se ha convertido en un proceso extendido que comienza en mayo y se despliega durante todo el a\u00f1o.\u00a0La Semana est\u00e1 dirigida principalmente a ni\u00f1os y j\u00f3venes en edad escolar, promoviendo el aprendizaje de distintos lenguajes expresivos y generando individuos m\u00e1s libres y conscientes de su entorno.<\/p>\n<p>La celebraci\u00f3n ha crecido sostenidamente, con miles de instituciones incorpor\u00e1ndola a su calendario y participando activamente, lo que demuestra la importancia del arte en la construcci\u00f3n de un modelo educativo integral y de calidad.\u00a0<strong>La Semana Internacional de la Educaci\u00f3n Art\u00edstica es, por tanto, una oportunidad para compartir la alegr\u00eda de crear y para celebrar la creaci\u00f3n colectiva, desarrollando experiencias que promuevan comunidades sensibles y solidarias\u00a0y es una oportunidad para reconocer y celebrar el papel vital que juega el arte en la educaci\u00f3n y en nuestras vidas.\u00a0<\/strong><\/p>\n<p>Espero te haya resultado \u00fatil esta informaci\u00f3n y te animo a unirte a los diferentes actividades de esta semana art\u00edstica. Puedes dejar tus comentarios debajo del post \u00a1Hasta pronto!<\/p>\n<p>M\u00e1s informaci\u00f3n:<\/p>\n<ul>\n<li><a href=\"https:\/\/www.unesco.org\/es\/arts-education-week\" target=\"_blank\" rel=\"noopener\">Unesco: Arts Education Week<\/a><\/li>\n<\/ul>\n<p>&nbsp;<\/p>\n","protected":false},"excerpt":{"rendered":"<p>La\u00a0Semana Internacional de la Educaci\u00f3n Art\u00edstica\u00a0es una celebraci\u00f3n proclamada por la UNESCO que se lleva a cabo la\u00a0cuarta semana de mayo. Este a\u00f1o 2024 se celebra entre los d\u00edas 20\/26 de mayo. Este evento tiene como objetivo sensibilizar sobre la importancia de la educaci\u00f3n art\u00edstica y promover la diversidad cultural, el di\u00e1logo intercultural y la [&hellip;]<\/p>\n","protected":false},"author":1,"featured_media":4492,"comment_status":"open","ping_status":"closed","sticky":false,"template":"","format":"standard","meta":{"site-container-style":"default","site-container-layout":"default","site-sidebar-layout":"default","disable-article-header":"default","disable-site-header":"default","disable-site-footer":"default","disable-content-area-spacing":"default","_jetpack_newsletter_access":"","_jetpack_dont_email_post_to_subs":false,"_jetpack_newsletter_tier_id":0,"_jetpack_memberships_contains_paywalled_content":false,"_jetpack_feature_clip_id":0,"_jetpack_memberships_contains_paid_content":false,"footnotes":"","jetpack_publicize_message":"","jetpack_publicize_feature_enabled":true,"jetpack_social_post_already_shared":false,"jetpack_social_options":{"image_generator_settings":{"template":"highway","default_image_id":0,"font":"","enabled":false},"version":2},"jetpack_post_was_ever_published":false},"categories":[1291,1290],"tags":[2107,1731,2126,1652,2120,68,2112,2125,2111,2110,2108,2122,2109,2121,1323,2119,2123,2114,2115,2087,1662,2117,2127,2118,2113,2106,1649,2116,2124],"class_list":["post-4488","post","type-post","status-publish","format-standard","has-post-thumbnail","hentry","category-efemerides","category-historia-del-arte","tag-20-26-de-mayo","tag-1731","tag-2126","tag-1652","tag-36a-sesion-de-la-conferencia-general-de-la-unesco","tag-blog-de-rafael-ramirez","tag-capacidad-imaginativa","tag-chile","tag-colaboracion","tag-creatividad","tag-cuarta-semana-de-mayo","tag-desarrollo-humano","tag-educacion-artistica","tag-educacion-integral","tag-efemerides","tag-estados-miembros","tag-fomentar-la-resiliencia","tag-habilidades","tag-impulsa-la-resistencia","tag-innovacion","tag-la-creatividad","tag-la-libertad-de-expresion","tag-ninos-y-jovenes-en-edad-escolar","tag-pensamiento-critico","tag-resolver-problemas","tag-semana-internacional-de-la-educacion-artistica","tag-unesco","tag-valora-la-diversidad-cultural","tag-valorar-la-diversidad-cultural"],"yoast_head":"<!-- This site is optimized with the Yoast SEO plugin v28.4 - https:\/\/yoast.com\/product\/yoast-seo-wordpress\/ -->\n<title>Semana Internacional de la Educaci\u00f3n Art\u00edstica (20-26 de mayo): la importancia del arte en la educaci\u00f3n integral. - Blog de Rafael Ram\u00edrez<\/title>\n<meta name=\"robots\" content=\"index, follow, max-snippet:-1, max-image-preview:large, max-video-preview:-1\" \/>\n<link rel=\"canonical\" href=\"https:\/\/rafaramirez.org\/blog\/index.php\/2024\/05\/21\/4488\/\" \/>\n<meta property=\"og:locale\" content=\"es_ES\" \/>\n<meta property=\"og:type\" content=\"article\" \/>\n<meta property=\"og:title\" content=\"Semana Internacional de la Educaci\u00f3n Art\u00edstica (20-26 de mayo): la importancia del arte en la educaci\u00f3n integral. - Blog de Rafael Ram\u00edrez\" \/>\n<meta property=\"og:description\" content=\"La\u00a0Semana Internacional de la Educaci\u00f3n Art\u00edstica\u00a0es una celebraci\u00f3n proclamada por la UNESCO que se lleva a cabo la\u00a0cuarta semana de mayo. Este a\u00f1o 2024 se celebra entre los d\u00edas 20\/26 de mayo. Este evento tiene como objetivo sensibilizar sobre la importancia de la educaci\u00f3n art\u00edstica y promover la diversidad cultural, el di\u00e1logo intercultural y la [&hellip;]\" \/>\n<meta property=\"og:url\" content=\"https:\/\/rafaramirez.org\/blog\/index.php\/2024\/05\/21\/4488\/\" \/>\n<meta property=\"og:site_name\" content=\"Blog de Rafael Ram\u00edrez\" \/>\n<meta property=\"article:published_time\" content=\"2024-05-21T06:15:35+00:00\" \/>\n<meta property=\"og:image\" content=\"https:\/\/rafaramirez.org\/blog\/wp-content\/uploads\/2024\/05\/Semana_Internacional_del_Arte_2.Blog_de_Rafael_Ramirez.jpg\" \/>\n\t<meta property=\"og:image:width\" content=\"850\" \/>\n\t<meta property=\"og:image:height\" content=\"850\" \/>\n\t<meta property=\"og:image:type\" content=\"image\/jpeg\" \/>\n<meta name=\"author\" content=\"Rafael Ram\u00edrez\" \/>\n<meta name=\"twitter:card\" content=\"summary_large_image\" \/>\n<meta name=\"twitter:creator\" content=\"@rafaramirez_ok\" \/>\n<meta name=\"twitter:site\" content=\"@rafaramirez_ok\" \/>\n<meta name=\"twitter:label1\" content=\"Escrito por\" \/>\n\t<meta name=\"twitter:data1\" content=\"Rafael Ram\u00edrez\" \/>\n\t<meta name=\"twitter:label2\" content=\"Tiempo de lectura\" \/>\n\t<meta name=\"twitter:data2\" content=\"3 minutos\" \/>\n<script type=\"application\/ld+json\" class=\"yoast-schema-graph\">{\"@context\":\"https:\\\/\\\/schema.org\",\"@graph\":[{\"@type\":\"Article\",\"@id\":\"https:\\\/\\\/rafaramirez.org\\\/blog\\\/index.php\\\/2024\\\/05\\\/21\\\/4488\\\/#article\",\"isPartOf\":{\"@id\":\"https:\\\/\\\/rafaramirez.org\\\/blog\\\/index.php\\\/2024\\\/05\\\/21\\\/4488\\\/\"},\"author\":{\"name\":\"Rafael Ram\u00edrez\",\"@id\":\"https:\\\/\\\/rafaramirez.org\\\/blog\\\/#\\\/schema\\\/person\\\/50f43b6d60c578760d4c17bda54ab6a5\"},\"headline\":\"Semana Internacional de la Educaci\u00f3n Art\u00edstica (20-26 de mayo): la importancia del arte en la educaci\u00f3n integral.\",\"datePublished\":\"2024-05-21T06:15:35+00:00\",\"mainEntityOfPage\":{\"@id\":\"https:\\\/\\\/rafaramirez.org\\\/blog\\\/index.php\\\/2024\\\/05\\\/21\\\/4488\\\/\"},\"wordCount\":580,\"commentCount\":0,\"publisher\":{\"@id\":\"https:\\\/\\\/rafaramirez.org\\\/blog\\\/#\\\/schema\\\/person\\\/50f43b6d60c578760d4c17bda54ab6a5\"},\"image\":{\"@id\":\"https:\\\/\\\/rafaramirez.org\\\/blog\\\/index.php\\\/2024\\\/05\\\/21\\\/4488\\\/#primaryimage\"},\"thumbnailUrl\":\"https:\\\/\\\/rafaramirez.org\\\/blog\\\/wp-content\\\/uploads\\\/2024\\\/05\\\/Semana_Internacional_del_Arte_2.Blog_de_Rafael_Ramirez.jpg\",\"keywords\":[\"20-26 de mayo\",\"2011\",\"2013\",\"2024\",\"36\u00aa sesi\u00f3n de la Conferencia General de la UNESCO\",\"blog de Rafael Ram\u00edrez\",\"capacidad imaginativa\",\"Chile\",\"colaboraci\u00f3n\",\"creatividad\",\"cuarta semana de mayo\",\"desarrollo humano\",\"educaci\u00f3n art\u00edstica\",\"educaci\u00f3n integral\",\"efem\u00e9rides\",\"Estados Miembros\",\"fomentar la resiliencia\",\"habilidades\",\"impulsa la resistencia\",\"Innovaci\u00f3n\",\"la creatividad\",\"la libertad de expresi\u00f3n\",\"ni\u00f1os y j\u00f3venes en edad escolar\",\"pensamiento cr\u00edtico\",\"resolver problemas\",\"Semana Internacional de la Educaci\u00f3n Art\u00edstica\",\"UNESCO\",\"valora la diversidad cultural\",\"valorar la diversidad cultural\"],\"articleSection\":[\"Efem\u00e9rides\",\"Historia del arte\"],\"inLanguage\":\"es\",\"potentialAction\":[{\"@type\":\"CommentAction\",\"name\":\"Comment\",\"target\":[\"https:\\\/\\\/rafaramirez.org\\\/blog\\\/index.php\\\/2024\\\/05\\\/21\\\/4488\\\/#respond\"]}]},{\"@type\":\"WebPage\",\"@id\":\"https:\\\/\\\/rafaramirez.org\\\/blog\\\/index.php\\\/2024\\\/05\\\/21\\\/4488\\\/\",\"url\":\"https:\\\/\\\/rafaramirez.org\\\/blog\\\/index.php\\\/2024\\\/05\\\/21\\\/4488\\\/\",\"name\":\"Semana Internacional de la Educaci\u00f3n Art\u00edstica (20-26 de mayo): la importancia del arte en la educaci\u00f3n integral. - Blog de Rafael Ram\u00edrez\",\"isPartOf\":{\"@id\":\"https:\\\/\\\/rafaramirez.org\\\/blog\\\/#website\"},\"primaryImageOfPage\":{\"@id\":\"https:\\\/\\\/rafaramirez.org\\\/blog\\\/index.php\\\/2024\\\/05\\\/21\\\/4488\\\/#primaryimage\"},\"image\":{\"@id\":\"https:\\\/\\\/rafaramirez.org\\\/blog\\\/index.php\\\/2024\\\/05\\\/21\\\/4488\\\/#primaryimage\"},\"thumbnailUrl\":\"https:\\\/\\\/rafaramirez.org\\\/blog\\\/wp-content\\\/uploads\\\/2024\\\/05\\\/Semana_Internacional_del_Arte_2.Blog_de_Rafael_Ramirez.jpg\",\"datePublished\":\"2024-05-21T06:15:35+00:00\",\"breadcrumb\":{\"@id\":\"https:\\\/\\\/rafaramirez.org\\\/blog\\\/index.php\\\/2024\\\/05\\\/21\\\/4488\\\/#breadcrumb\"},\"inLanguage\":\"es\",\"potentialAction\":[{\"@type\":\"ReadAction\",\"target\":[\"https:\\\/\\\/rafaramirez.org\\\/blog\\\/index.php\\\/2024\\\/05\\\/21\\\/4488\\\/\"]}]},{\"@type\":\"ImageObject\",\"inLanguage\":\"es\",\"@id\":\"https:\\\/\\\/rafaramirez.org\\\/blog\\\/index.php\\\/2024\\\/05\\\/21\\\/4488\\\/#primaryimage\",\"url\":\"https:\\\/\\\/rafaramirez.org\\\/blog\\\/wp-content\\\/uploads\\\/2024\\\/05\\\/Semana_Internacional_del_Arte_2.Blog_de_Rafael_Ramirez.jpg\",\"contentUrl\":\"https:\\\/\\\/rafaramirez.org\\\/blog\\\/wp-content\\\/uploads\\\/2024\\\/05\\\/Semana_Internacional_del_Arte_2.Blog_de_Rafael_Ramirez.jpg\",\"width\":850,\"height\":850,\"caption\":\"Semana Internacional del Arte. Blog de Rafael Ram\u00edrez.\"},{\"@type\":\"BreadcrumbList\",\"@id\":\"https:\\\/\\\/rafaramirez.org\\\/blog\\\/index.php\\\/2024\\\/05\\\/21\\\/4488\\\/#breadcrumb\",\"itemListElement\":[{\"@type\":\"ListItem\",\"position\":1,\"name\":\"Portada\",\"item\":\"https:\\\/\\\/rafaramirez.org\\\/blog\\\/\"},{\"@type\":\"ListItem\",\"position\":2,\"name\":\"Semana Internacional de la Educaci\u00f3n Art\u00edstica (20-26 de mayo): la importancia del arte en la educaci\u00f3n integral.\"}]},{\"@type\":\"WebSite\",\"@id\":\"https:\\\/\\\/rafaramirez.org\\\/blog\\\/#website\",\"url\":\"https:\\\/\\\/rafaramirez.org\\\/blog\\\/\",\"name\":\"Blog de Rafael Ram\u00edrez\",\"description\":\"Un sitio social, de arte y cultura\",\"publisher\":{\"@id\":\"https:\\\/\\\/rafaramirez.org\\\/blog\\\/#\\\/schema\\\/person\\\/50f43b6d60c578760d4c17bda54ab6a5\"},\"potentialAction\":[{\"@type\":\"SearchAction\",\"target\":{\"@type\":\"EntryPoint\",\"urlTemplate\":\"https:\\\/\\\/rafaramirez.org\\\/blog\\\/?s={search_term_string}\"},\"query-input\":{\"@type\":\"PropertyValueSpecification\",\"valueRequired\":true,\"valueName\":\"search_term_string\"}}],\"inLanguage\":\"es\"},{\"@type\":[\"Person\",\"Organization\"],\"@id\":\"https:\\\/\\\/rafaramirez.org\\\/blog\\\/#\\\/schema\\\/person\\\/50f43b6d60c578760d4c17bda54ab6a5\",\"name\":\"Rafael Ram\u00edrez\",\"image\":{\"@type\":\"ImageObject\",\"inLanguage\":\"es\",\"@id\":\"https:\\\/\\\/rafaramirez.org\\\/blog\\\/wp-content\\\/uploads\\\/2024\\\/09\\\/RR_socialnetwork.jpg\",\"url\":\"https:\\\/\\\/rafaramirez.org\\\/blog\\\/wp-content\\\/uploads\\\/2024\\\/09\\\/RR_socialnetwork.jpg\",\"contentUrl\":\"https:\\\/\\\/rafaramirez.org\\\/blog\\\/wp-content\\\/uploads\\\/2024\\\/09\\\/RR_socialnetwork.jpg\",\"width\":600,\"height\":606,\"caption\":\"Rafael Ram\u00edrez\"},\"logo\":{\"@id\":\"https:\\\/\\\/rafaramirez.org\\\/blog\\\/wp-content\\\/uploads\\\/2024\\\/09\\\/RR_socialnetwork.jpg\"},\"sameAs\":[\"https:\\\/\\\/www.rafaramirez.org\\\/blog\",\"https:\\\/\\\/www.instagram.com\\\/rafaramirez_ok\\\/\",\"https:\\\/\\\/es.pinterest.com\\\/Ramirez_Rafa\\\/\",\"https:\\\/\\\/x.com\\\/rafaramirez_ok\"],\"url\":\"https:\\\/\\\/rafaramirez.org\\\/blog\\\/index.php\\\/author\\\/rafaell_qm6j97da\\\/\"}]}<\/script>\n<!-- \/ Yoast SEO plugin. -->","yoast_head_json":{"title":"Semana Internacional de la Educaci\u00f3n Art\u00edstica (20-26 de mayo): la importancia del arte en la educaci\u00f3n integral. - Blog de Rafael Ram\u00edrez","robots":{"index":"index","follow":"follow","max-snippet":"max-snippet:-1","max-image-preview":"max-image-preview:large","max-video-preview":"max-video-preview:-1"},"canonical":"https:\/\/rafaramirez.org\/blog\/index.php\/2024\/05\/21\/4488\/","og_locale":"es_ES","og_type":"article","og_title":"Semana Internacional de la Educaci\u00f3n Art\u00edstica (20-26 de mayo): la importancia del arte en la educaci\u00f3n integral. - Blog de Rafael Ram\u00edrez","og_description":"La\u00a0Semana Internacional de la Educaci\u00f3n Art\u00edstica\u00a0es una celebraci\u00f3n proclamada por la UNESCO que se lleva a cabo la\u00a0cuarta semana de mayo. Este a\u00f1o 2024 se celebra entre los d\u00edas 20\/26 de mayo. Este evento tiene como objetivo sensibilizar sobre la importancia de la educaci\u00f3n art\u00edstica y promover la diversidad cultural, el di\u00e1logo intercultural y la [&hellip;]","og_url":"https:\/\/rafaramirez.org\/blog\/index.php\/2024\/05\/21\/4488\/","og_site_name":"Blog de Rafael Ram\u00edrez","article_published_time":"2024-05-21T06:15:35+00:00","og_image":[{"width":850,"height":850,"url":"https:\/\/rafaramirez.org\/blog\/wp-content\/uploads\/2024\/05\/Semana_Internacional_del_Arte_2.Blog_de_Rafael_Ramirez.jpg","type":"image\/jpeg"}],"author":"Rafael Ram\u00edrez","twitter_card":"summary_large_image","twitter_creator":"@rafaramirez_ok","twitter_site":"@rafaramirez_ok","twitter_misc":{"Escrito por":"Rafael Ram\u00edrez","Tiempo de lectura":"3 minutos"},"schema":{"@context":"https:\/\/schema.org","@graph":[{"@type":"Article","@id":"https:\/\/rafaramirez.org\/blog\/index.php\/2024\/05\/21\/4488\/#article","isPartOf":{"@id":"https:\/\/rafaramirez.org\/blog\/index.php\/2024\/05\/21\/4488\/"},"author":{"name":"Rafael Ram\u00edrez","@id":"https:\/\/rafaramirez.org\/blog\/#\/schema\/person\/50f43b6d60c578760d4c17bda54ab6a5"},"headline":"Semana Internacional de la Educaci\u00f3n Art\u00edstica (20-26 de mayo): la importancia del arte en la educaci\u00f3n integral.","datePublished":"2024-05-21T06:15:35+00:00","mainEntityOfPage":{"@id":"https:\/\/rafaramirez.org\/blog\/index.php\/2024\/05\/21\/4488\/"},"wordCount":580,"commentCount":0,"publisher":{"@id":"https:\/\/rafaramirez.org\/blog\/#\/schema\/person\/50f43b6d60c578760d4c17bda54ab6a5"},"image":{"@id":"https:\/\/rafaramirez.org\/blog\/index.php\/2024\/05\/21\/4488\/#primaryimage"},"thumbnailUrl":"https:\/\/rafaramirez.org\/blog\/wp-content\/uploads\/2024\/05\/Semana_Internacional_del_Arte_2.Blog_de_Rafael_Ramirez.jpg","keywords":["20-26 de mayo","2011","2013","2024","36\u00aa sesi\u00f3n de la Conferencia General de la UNESCO","blog de Rafael Ram\u00edrez","capacidad imaginativa","Chile","colaboraci\u00f3n","creatividad","cuarta semana de mayo","desarrollo humano","educaci\u00f3n art\u00edstica","educaci\u00f3n integral","efem\u00e9rides","Estados Miembros","fomentar la resiliencia","habilidades","impulsa la resistencia","Innovaci\u00f3n","la creatividad","la libertad de expresi\u00f3n","ni\u00f1os y j\u00f3venes en edad escolar","pensamiento cr\u00edtico","resolver problemas","Semana Internacional de la Educaci\u00f3n Art\u00edstica","UNESCO","valora la diversidad cultural","valorar la diversidad cultural"],"articleSection":["Efem\u00e9rides","Historia del arte"],"inLanguage":"es","potentialAction":[{"@type":"CommentAction","name":"Comment","target":["https:\/\/rafaramirez.org\/blog\/index.php\/2024\/05\/21\/4488\/#respond"]}]},{"@type":"WebPage","@id":"https:\/\/rafaramirez.org\/blog\/index.php\/2024\/05\/21\/4488\/","url":"https:\/\/rafaramirez.org\/blog\/index.php\/2024\/05\/21\/4488\/","name":"Semana Internacional de la Educaci\u00f3n Art\u00edstica (20-26 de mayo): la importancia del arte en la educaci\u00f3n integral. - Blog de Rafael Ram\u00edrez","isPartOf":{"@id":"https:\/\/rafaramirez.org\/blog\/#website"},"primaryImageOfPage":{"@id":"https:\/\/rafaramirez.org\/blog\/index.php\/2024\/05\/21\/4488\/#primaryimage"},"image":{"@id":"https:\/\/rafaramirez.org\/blog\/index.php\/2024\/05\/21\/4488\/#primaryimage"},"thumbnailUrl":"https:\/\/rafaramirez.org\/blog\/wp-content\/uploads\/2024\/05\/Semana_Internacional_del_Arte_2.Blog_de_Rafael_Ramirez.jpg","datePublished":"2024-05-21T06:15:35+00:00","breadcrumb":{"@id":"https:\/\/rafaramirez.org\/blog\/index.php\/2024\/05\/21\/4488\/#breadcrumb"},"inLanguage":"es","potentialAction":[{"@type":"ReadAction","target":["https:\/\/rafaramirez.org\/blog\/index.php\/2024\/05\/21\/4488\/"]}]},{"@type":"ImageObject","inLanguage":"es","@id":"https:\/\/rafaramirez.org\/blog\/index.php\/2024\/05\/21\/4488\/#primaryimage","url":"https:\/\/rafaramirez.org\/blog\/wp-content\/uploads\/2024\/05\/Semana_Internacional_del_Arte_2.Blog_de_Rafael_Ramirez.jpg","contentUrl":"https:\/\/rafaramirez.org\/blog\/wp-content\/uploads\/2024\/05\/Semana_Internacional_del_Arte_2.Blog_de_Rafael_Ramirez.jpg","width":850,"height":850,"caption":"Semana Internacional del Arte. Blog de Rafael Ram\u00edrez."},{"@type":"BreadcrumbList","@id":"https:\/\/rafaramirez.org\/blog\/index.php\/2024\/05\/21\/4488\/#breadcrumb","itemListElement":[{"@type":"ListItem","position":1,"name":"Portada","item":"https:\/\/rafaramirez.org\/blog\/"},{"@type":"ListItem","position":2,"name":"Semana Internacional de la Educaci\u00f3n Art\u00edstica (20-26 de mayo): la importancia del arte en la educaci\u00f3n integral."}]},{"@type":"WebSite","@id":"https:\/\/rafaramirez.org\/blog\/#website","url":"https:\/\/rafaramirez.org\/blog\/","name":"Blog de Rafael Ram\u00edrez","description":"Un sitio social, de arte y cultura","publisher":{"@id":"https:\/\/rafaramirez.org\/blog\/#\/schema\/person\/50f43b6d60c578760d4c17bda54ab6a5"},"potentialAction":[{"@type":"SearchAction","target":{"@type":"EntryPoint","urlTemplate":"https:\/\/rafaramirez.org\/blog\/?s={search_term_string}"},"query-input":{"@type":"PropertyValueSpecification","valueRequired":true,"valueName":"search_term_string"}}],"inLanguage":"es"},{"@type":["Person","Organization"],"@id":"https:\/\/rafaramirez.org\/blog\/#\/schema\/person\/50f43b6d60c578760d4c17bda54ab6a5","name":"Rafael Ram\u00edrez","image":{"@type":"ImageObject","inLanguage":"es","@id":"https:\/\/rafaramirez.org\/blog\/wp-content\/uploads\/2024\/09\/RR_socialnetwork.jpg","url":"https:\/\/rafaramirez.org\/blog\/wp-content\/uploads\/2024\/09\/RR_socialnetwork.jpg","contentUrl":"https:\/\/rafaramirez.org\/blog\/wp-content\/uploads\/2024\/09\/RR_socialnetwork.jpg","width":600,"height":606,"caption":"Rafael Ram\u00edrez"},"logo":{"@id":"https:\/\/rafaramirez.org\/blog\/wp-content\/uploads\/2024\/09\/RR_socialnetwork.jpg"},"sameAs":["https:\/\/www.rafaramirez.org\/blog","https:\/\/www.instagram.com\/rafaramirez_ok\/","https:\/\/es.pinterest.com\/Ramirez_Rafa\/","https:\/\/x.com\/rafaramirez_ok"],"url":"https:\/\/rafaramirez.org\/blog\/index.php\/author\/rafaell_qm6j97da\/"}]}},"jetpack_publicize_connections":[],"jetpack_sharing_enabled":true,"jetpack_likes_enabled":true,"jetpack_featured_media_url":"https:\/\/rafaramirez.org\/blog\/wp-content\/uploads\/2024\/05\/Semana_Internacional_del_Arte_2.Blog_de_Rafael_Ramirez.jpg","_links":{"self":[{"href":"https:\/\/rafaramirez.org\/blog\/index.php\/wp-json\/wp\/v2\/posts\/4488","targetHints":{"allow":["GET"]}}],"collection":[{"href":"https:\/\/rafaramirez.org\/blog\/index.php\/wp-json\/wp\/v2\/posts"}],"about":[{"href":"https:\/\/rafaramirez.org\/blog\/index.php\/wp-json\/wp\/v2\/types\/post"}],"author":[{"embeddable":true,"href":"https:\/\/rafaramirez.org\/blog\/index.php\/wp-json\/wp\/v2\/users\/1"}],"replies":[{"embeddable":true,"href":"https:\/\/rafaramirez.org\/blog\/index.php\/wp-json\/wp\/v2\/comments?post=4488"}],"version-history":[{"count":5,"href":"https:\/\/rafaramirez.org\/blog\/index.php\/wp-json\/wp\/v2\/posts\/4488\/revisions"}],"predecessor-version":[{"id":4496,"href":"https:\/\/rafaramirez.org\/blog\/index.php\/wp-json\/wp\/v2\/posts\/4488\/revisions\/4496"}],"wp:featuredmedia":[{"embeddable":true,"href":"https:\/\/rafaramirez.org\/blog\/index.php\/wp-json\/wp\/v2\/media\/4492"}],"wp:attachment":[{"href":"https:\/\/rafaramirez.org\/blog\/index.php\/wp-json\/wp\/v2\/media?parent=4488"}],"wp:term":[{"taxonomy":"category","embeddable":true,"href":"https:\/\/rafaramirez.org\/blog\/index.php\/wp-json\/wp\/v2\/categories?post=4488"},{"taxonomy":"post_tag","embeddable":true,"href":"https:\/\/rafaramirez.org\/blog\/index.php\/wp-json\/wp\/v2\/tags?post=4488"}],"curies":[{"name":"wp","href":"https:\/\/api.w.org\/{rel}","templated":true}]}}