{"id":4464,"date":"2024-05-17T08:15:53","date_gmt":"2024-05-17T06:15:53","guid":{"rendered":"https:\/\/rafaramirez.org\/blog\/?p=4464"},"modified":"2024-05-14T13:19:40","modified_gmt":"2024-05-14T11:19:40","slug":"18-de-mayo-dia-internacional-de-los-museos-al-servicio-de-la-sociedad-y-su-desarrollo","status":"publish","type":"post","link":"https:\/\/rafaramirez.org\/blog\/index.php\/2024\/05\/17\/18-de-mayo-dia-internacional-de-los-museos-al-servicio-de-la-sociedad-y-su-desarrollo\/","title":{"rendered":"18 de Mayo. D\u00eda Internacional de los Museos: al servicio de la sociedad y su desarrollo."},"content":{"rendered":"<p>El\u00a0<strong>D\u00eda Internacional de los Museos<\/strong>\u00a0se celebra cada a\u00f1o el\u00a0<strong>18 de mayo<\/strong>.\u00a0Este d\u00eda especial fue establecido en\u00a0<strong>1977<\/strong>\u00a0por el Consejo Internacional de Museos (ICOM) con el objetivo de concienciar sobre el papel crucial que juegan los museos como instituciones al servicio de la sociedad y su desarrollo.<\/p>\n<p>Cada a\u00f1o, el evento tiene un tema diferente y para el a\u00f1o\u00a0<strong>2024<\/strong>, el tema es\u00a0<strong>\u00abMuseos para la educaci\u00f3n y la investigaci\u00f3n\u00bb<\/strong>.\u00a0Este tema resalta la importancia de los museos como centros educativos y de investigaci\u00f3n, fomentando la curiosidad, la creatividad y el pensamiento cr\u00edtico.\u00a0Adem\u00e1s, el D\u00eda Internacional de los Museos apoya los Objetivos de Desarrollo Sostenible de las Naciones Unidas, enfoc\u00e1ndose en\u00a0<strong>\u201cEducaci\u00f3n de calidad\u201d<\/strong>\u00a0y\u00a0<strong>\u201cIndustria, Innovaci\u00f3n e Infraestructura\u201d<\/strong>\u00a0para el a\u00f1o 2024.<\/p>\n<p style=\"text-align: center;\"><a href=\"https:\/\/rafaramirez.org\/blog\/wp-content\/uploads\/2024\/05\/Dia_Internacional_de_los_Museos_1.jpg\" target=\"_blank\" rel=\"noopener\"><img loading=\"lazy\" decoding=\"async\" class=\"aligncenter wp-image-4470 size-medium\" src=\"https:\/\/rafaramirez.org\/blog\/wp-content\/uploads\/2024\/05\/Dia_Internacional_de_los_Museos_1-300x150.jpg\" alt=\"18 de Mayo. D\u00eda Internacional de los Museos. Blog de Rafael Ram\u00edrez.\" width=\"300\" height=\"150\" srcset=\"https:\/\/rafaramirez.org\/blog\/wp-content\/uploads\/2024\/05\/Dia_Internacional_de_los_Museos_1-300x150.jpg 300w, https:\/\/rafaramirez.org\/blog\/wp-content\/uploads\/2024\/05\/Dia_Internacional_de_los_Museos_1-1024x512.jpg 1024w, https:\/\/rafaramirez.org\/blog\/wp-content\/uploads\/2024\/05\/Dia_Internacional_de_los_Museos_1-768x384.jpg 768w, https:\/\/rafaramirez.org\/blog\/wp-content\/uploads\/2024\/05\/Dia_Internacional_de_los_Museos_1-1536x768.jpg 1536w, https:\/\/rafaramirez.org\/blog\/wp-content\/uploads\/2024\/05\/Dia_Internacional_de_los_Museos_1.jpg 1920w\" sizes=\"auto, (max-width: 300px) 100vw, 300px\" \/><\/a><\/p>\n<p>Los museos de todo el mundo participan en esta celebraci\u00f3n, organizando actividades creativas y eventos especiales para conectar con el p\u00fablico.\u00a0Es una oportunidad para que las personas exploren y reconozcan la riqueza de conocimientos que ofrecen los museos.<\/p>\n<p><strong>Espa\u00f1a.\u00a0<\/strong><\/p>\n<p>En Espa\u00f1a, el\u00a0<strong>D\u00eda Internacional de los Museos<\/strong>\u00a0se celebra con una gran variedad de actividades culturales y educativas.\u00a0Por ejemplo, para el a\u00f1o 2024, el\u00a0<strong>Museo Reina Sof\u00eda<\/strong>\u00a0en Madrid ha organizado un evento especial el\u00a0<strong>viernes 17 de mayo<\/strong>, justo antes del D\u00eda Internacional de los Museos.<\/p>\n<p>El programa incluye:<\/p>\n<ul>\n<li><strong>Conciertos en vivo<\/strong>: Desde las\u00a0<strong>7:00 h hasta las 22:00 h<\/strong>, el Patio del Edificio Nouvel acoger\u00e1 la emisi\u00f3n en directo de la programaci\u00f3n diaria de\u00a0<strong>Radio 3<\/strong>, que tambi\u00e9n se podr\u00e1 seguir en streaming.\u00a0Habr\u00e1 un total de\u00a0<strong>50 actuaciones en vivo<\/strong>.<\/li>\n<li><strong>M\u00fasica electr\u00f3nica<\/strong>: Desde las\u00a0<strong>21:00 h hasta las 24:00 h<\/strong>, el jard\u00edn del Edificio Sabatini se llenar\u00e1 de m\u00fasica electr\u00f3nica con un grupo de\u00a0<strong>DJs de Radio 3<\/strong>.<\/li>\n<\/ul>\n<p>Este evento es solo un ejemplo de las muchas actividades que se llevan a cabo en los museos de toda Espa\u00f1a para celebrar este d\u00eda tan importante.\u00a0Los museos suelen ofrecer\u00a0<strong>entrada libre<\/strong>\u00a0o actividades especiales para fomentar la participaci\u00f3n del p\u00fablico y destacar su papel en la educaci\u00f3n y la investigaci\u00f3n.<\/p>\n<p style=\"text-align: center;\"><a href=\"https:\/\/rafaramirez.org\/blog\/wp-content\/uploads\/2024\/05\/Dia_Internacional_de_los_Museos_2.jpg\" target=\"_blank\" rel=\"noopener\"><img loading=\"lazy\" decoding=\"async\" class=\"aligncenter wp-image-4471 size-medium\" src=\"https:\/\/rafaramirez.org\/blog\/wp-content\/uploads\/2024\/05\/Dia_Internacional_de_los_Museos_2-300x200.jpg\" alt=\"18 de Mayo. D\u00eda Internacional de los Museos. Blog de Rafael Ram\u00edrez.\" width=\"300\" height=\"200\" srcset=\"https:\/\/rafaramirez.org\/blog\/wp-content\/uploads\/2024\/05\/Dia_Internacional_de_los_Museos_2-300x200.jpg 300w, https:\/\/rafaramirez.org\/blog\/wp-content\/uploads\/2024\/05\/Dia_Internacional_de_los_Museos_2-1024x683.jpg 1024w, https:\/\/rafaramirez.org\/blog\/wp-content\/uploads\/2024\/05\/Dia_Internacional_de_los_Museos_2-768x512.jpg 768w, https:\/\/rafaramirez.org\/blog\/wp-content\/uploads\/2024\/05\/Dia_Internacional_de_los_Museos_2-1536x1024.jpg 1536w, https:\/\/rafaramirez.org\/blog\/wp-content\/uploads\/2024\/05\/Dia_Internacional_de_los_Museos_2.jpg 1800w\" sizes=\"auto, (max-width: 300px) 100vw, 300px\" \/><\/a><\/p>\n<p>En Espa\u00f1a, otros muchos museos participan en la celebraci\u00f3n del <strong>D\u00eda Internacional de los Museos<\/strong>. Aqu\u00ed tienes otros ejemplos de museos que se unen a las festividades en 2024:<\/p>\n<ul>\n<li><strong>Museo De Ceuta<\/strong>: Este museo ofrece una variedad de actividades culturales y educativas.<\/li>\n<li><strong>Museo Automovil\u00edstico De M\u00e1laga<\/strong>: Conocido por su impresionante colecci\u00f3n de veh\u00edculos y moda, el museo en M\u00e1laga participa con actividades que combinan la historia del autom\u00f3vil y la alta costura.<\/li>\n<li><strong>Colecci\u00f3n del Museo Ruso<\/strong>: Este museo en M\u00e1laga ofrece exposiciones que recorren la historia del arte ruso y su relaci\u00f3n con la cultura europea.<\/li>\n<\/ul>\n<p>Adem\u00e1s, el\u00a0<strong>Museo Sorolla<\/strong>\u00a0en Madrid celebra el d\u00eda con acceso gratuito y una apertura extraordinaria hasta las 22:30 h, ofreciendo actividades como visitas-taller para ni\u00f1os y paseos bot\u00e1nicos por el jard\u00edn.<\/p>\n<p>El\u00a0<strong>Museo Arqueol\u00f3gico y Etnol\u00f3gico de Granada<\/strong>\u00a0tambi\u00e9n se une a la celebraci\u00f3n con una jornada de juegos, donde las piezas del museo sirven como gu\u00edas para la diversi\u00f3n.<\/p>\n<p>Para obtener una lista completa de todos los museos participantes en Espa\u00f1a y sus eventos, puedes visitar el\u00a0<strong>mapa interactivo del D\u00eda Internacional de los Museos 2024<\/strong>\u00a0proporcionado por el Consejo Internacional de Museos (ICOM). Este mapa ofrece una visi\u00f3n general de las actividades que tienen lugar en todo el mundo en honor a esta edici\u00f3n del evento.<\/p>\n<p><strong>En definitiva, esta es una excelente oportunidad para disfrutar y aprender de la riqueza cultural que ofrecen los museos en este d\u00eda tan especial.<\/strong><\/p>\n<p><strong>Puedes dejar tus comentarios debajo del post \u00a1Saludos!<\/strong><\/p>\n<p>M\u00e1s informaci\u00f3n:<\/p>\n<ul>\n<li><a href=\"https:\/\/www.cultura.gob.ar\/por-que-se-celebra-el-dia-internacional-de-los-museos_7573\/\" target=\"_blank\" rel=\"noopener\">Cultura.gob.ar<\/a><\/li>\n<li><a href=\"https:\/\/imd.icom.museum\/es\/\" target=\"_blank\" rel=\"noopener\">Imd icom.museum<\/a><\/li>\n<li><a href=\"https:\/\/static1.museoreinasofia.es\/actividades\/dia-internacional-museos-2024\" target=\"_blank\" rel=\"noopener\">Museo Reina Sof\u00eda.es<\/a><\/li>\n<li><a href=\"https:\/\/www.ceuta.es\/ceuta\/\" target=\"_blank\" rel=\"noopener\">Ceuta.es<\/a><\/li>\n<li><a href=\"https:\/\/museoautomovilmalaga.com\/\" target=\"_blank\" rel=\"noopener\">Museo Autom\u00f3vil M\u00e1laga.com<\/a><\/li>\n<li><a href=\"https:\/\/www.coleccionmuseoruso.es\/\" target=\"_blank\" rel=\"noopener\">Colecci\u00f3n Museo Ruso.es<\/a><\/li>\n<li><a href=\"https:\/\/www.cultura.gob.es\/msorolla\/actividades\/dia-internacional-de-los-museos.html\" target=\"_blank\" rel=\"noopener\">Cultura.gob.es<\/a><\/li>\n<li><a href=\"https:\/\/www.ultimahora.es\/noticias\/comunidades\/2024\/05\/08\/2159839\/dia-museos-llena-actividades-tres-espacios-museisticos-junta-granada.html\" target=\"_blank\" rel=\"noopener\">\u00daltima hora.es<\/a><\/li>\n<li><a href=\"https:\/\/imd.icom.museum\/es\/anadan-sus-eventos-al-mapa-interactivo-del-dim-2024\/\" target=\"_blank\" rel=\"noopener\">Mapa Interactivo del D\u00eda Internacional de los Museos.<\/a><\/li>\n<\/ul>\n<p>&nbsp;<\/p>\n","protected":false},"excerpt":{"rendered":"<p>El\u00a0D\u00eda Internacional de los Museos\u00a0se celebra cada a\u00f1o el\u00a018 de mayo.\u00a0Este d\u00eda especial fue establecido en\u00a01977\u00a0por el Consejo Internacional de Museos (ICOM) con el objetivo de concienciar sobre el papel crucial que juegan los museos como instituciones al servicio de la sociedad y su desarrollo. Cada a\u00f1o, el evento tiene un tema diferente y para [&hellip;]<\/p>\n","protected":false},"author":1,"featured_media":4473,"comment_status":"open","ping_status":"closed","sticky":false,"template":"","format":"standard","meta":{"site-container-style":"default","site-container-layout":"default","site-sidebar-layout":"default","disable-article-header":"default","disable-site-header":"default","disable-site-footer":"default","disable-content-area-spacing":"default","_jetpack_newsletter_access":"","_jetpack_dont_email_post_to_subs":false,"_jetpack_newsletter_tier_id":0,"_jetpack_memberships_contains_paywalled_content":false,"_jetpack_feature_clip_id":0,"_jetpack_memberships_contains_paid_content":false,"footnotes":"","jetpack_publicize_message":"","jetpack_publicize_feature_enabled":true,"jetpack_social_post_already_shared":false,"jetpack_social_options":{"image_generator_settings":{"template":"highway","default_image_id":0,"font":"","enabled":false},"version":2},"jetpack_post_was_ever_published":false},"categories":[1291,1290],"tags":[2079,2082,68,2100,2091,2081,2080,2094,2097,2085,1323,2095,2083,2086,2088,2087,621,276,2102,2101,2099,2098,2089,307,2084,2093,2096,2092,2090],"class_list":["post-4464","post","type-post","status-publish","format-standard","has-post-thumbnail","hentry","category-efemerides","category-historia-del-arte","tag-18-de-mayo","tag-2082","tag-blog-de-rafael-ramirez","tag-coleccion-del-museo-ruso","tag-conciertos-en-vivo","tag-consejo-internacional-de-museos","tag-dia-internacional-de-los-museos","tag-djs-de-radio-3","tag-edificio-sabatini","tag-educacion-de-calidad","tag-efemerides","tag-entrada-libre","tag-icom","tag-industria","tag-infraestructura","tag-innovacion","tag-madrid","tag-malaga","tag-mapa-interactivo-del-dia-internacional-de-los-museos-2024","tag-museo-arqueologico-y-etnologico-de-granada","tag-museo-automovilistico-de-malaga","tag-museo-de-ceuta","tag-museo-reina-sofia","tag-museo-sorolla","tag-museos-para-la-educacion-y-la-investigacion","tag-musica-electronica","tag-patio-del-edificio-nouvel","tag-radio-3","tag-viernes-17-de-mayo"],"yoast_head":"<!-- This site is optimized with the Yoast SEO plugin v28.4 - https:\/\/yoast.com\/product\/yoast-seo-wordpress\/ -->\n<title>18 de Mayo. D\u00eda Internacional de los Museos: al servicio de la sociedad y su desarrollo. - Blog de Rafael Ram\u00edrez<\/title>\n<meta name=\"robots\" content=\"index, follow, max-snippet:-1, max-image-preview:large, max-video-preview:-1\" \/>\n<link rel=\"canonical\" href=\"https:\/\/rafaramirez.org\/blog\/index.php\/2024\/05\/17\/18-de-mayo-dia-internacional-de-los-museos-al-servicio-de-la-sociedad-y-su-desarrollo\/\" \/>\n<meta property=\"og:locale\" content=\"es_ES\" \/>\n<meta property=\"og:type\" content=\"article\" \/>\n<meta property=\"og:title\" content=\"18 de Mayo. D\u00eda Internacional de los Museos: al servicio de la sociedad y su desarrollo. - Blog de Rafael Ram\u00edrez\" \/>\n<meta property=\"og:description\" content=\"El\u00a0D\u00eda Internacional de los Museos\u00a0se celebra cada a\u00f1o el\u00a018 de mayo.\u00a0Este d\u00eda especial fue establecido en\u00a01977\u00a0por el Consejo Internacional de Museos (ICOM) con el objetivo de concienciar sobre el papel crucial que juegan los museos como instituciones al servicio de la sociedad y su desarrollo. Cada a\u00f1o, el evento tiene un tema diferente y para [&hellip;]\" \/>\n<meta property=\"og:url\" content=\"https:\/\/rafaramirez.org\/blog\/index.php\/2024\/05\/17\/18-de-mayo-dia-internacional-de-los-museos-al-servicio-de-la-sociedad-y-su-desarrollo\/\" \/>\n<meta property=\"og:site_name\" content=\"Blog de Rafael Ram\u00edrez\" \/>\n<meta property=\"article:published_time\" content=\"2024-05-17T06:15:53+00:00\" \/>\n<meta property=\"og:image\" content=\"https:\/\/rafaramirez.org\/blog\/wp-content\/uploads\/2024\/05\/Dia_Internacional_de_los_Museos_bannerok2.jpg\" \/>\n\t<meta property=\"og:image:width\" content=\"848\" \/>\n\t<meta property=\"og:image:height\" content=\"430\" \/>\n\t<meta property=\"og:image:type\" content=\"image\/jpeg\" \/>\n<meta name=\"author\" content=\"Rafael Ram\u00edrez\" \/>\n<meta name=\"twitter:card\" content=\"summary_large_image\" \/>\n<meta name=\"twitter:creator\" content=\"@rafaramirez_ok\" \/>\n<meta name=\"twitter:site\" content=\"@rafaramirez_ok\" \/>\n<meta name=\"twitter:label1\" content=\"Escrito por\" \/>\n\t<meta name=\"twitter:data1\" content=\"Rafael Ram\u00edrez\" \/>\n\t<meta name=\"twitter:label2\" content=\"Tiempo de lectura\" \/>\n\t<meta name=\"twitter:data2\" content=\"3 minutos\" \/>\n<script type=\"application\/ld+json\" class=\"yoast-schema-graph\">{\"@context\":\"https:\\\/\\\/schema.org\",\"@graph\":[{\"@type\":\"Article\",\"@id\":\"https:\\\/\\\/rafaramirez.org\\\/blog\\\/index.php\\\/2024\\\/05\\\/17\\\/18-de-mayo-dia-internacional-de-los-museos-al-servicio-de-la-sociedad-y-su-desarrollo\\\/#article\",\"isPartOf\":{\"@id\":\"https:\\\/\\\/rafaramirez.org\\\/blog\\\/index.php\\\/2024\\\/05\\\/17\\\/18-de-mayo-dia-internacional-de-los-museos-al-servicio-de-la-sociedad-y-su-desarrollo\\\/\"},\"author\":{\"name\":\"Rafael Ram\u00edrez\",\"@id\":\"https:\\\/\\\/rafaramirez.org\\\/blog\\\/#\\\/schema\\\/person\\\/50f43b6d60c578760d4c17bda54ab6a5\"},\"headline\":\"18 de Mayo. D\u00eda Internacional de los Museos: al servicio de la sociedad y su desarrollo.\",\"datePublished\":\"2024-05-17T06:15:53+00:00\",\"mainEntityOfPage\":{\"@id\":\"https:\\\/\\\/rafaramirez.org\\\/blog\\\/index.php\\\/2024\\\/05\\\/17\\\/18-de-mayo-dia-internacional-de-los-museos-al-servicio-de-la-sociedad-y-su-desarrollo\\\/\"},\"wordCount\":699,\"commentCount\":0,\"publisher\":{\"@id\":\"https:\\\/\\\/rafaramirez.org\\\/blog\\\/#\\\/schema\\\/person\\\/50f43b6d60c578760d4c17bda54ab6a5\"},\"image\":{\"@id\":\"https:\\\/\\\/rafaramirez.org\\\/blog\\\/index.php\\\/2024\\\/05\\\/17\\\/18-de-mayo-dia-internacional-de-los-museos-al-servicio-de-la-sociedad-y-su-desarrollo\\\/#primaryimage\"},\"thumbnailUrl\":\"https:\\\/\\\/rafaramirez.org\\\/blog\\\/wp-content\\\/uploads\\\/2024\\\/05\\\/Dia_Internacional_de_los_Museos_bannerok2.jpg\",\"keywords\":[\"18 de Mayo\",\"1977\",\"blog de Rafael Ram\u00edrez\",\"Colecci\u00f3n del Museo Ruso\",\"Conciertos en vivo\",\"Consejo Internacional de Museos\",\"D\u00eda Internacional de los Museos\",\"DJs de Radio 3\",\"Edificio Sabatini\",\"Educaci\u00f3n de calidad\",\"efem\u00e9rides\",\"entrada libre\",\"ICOM\",\"Industria\",\"Infraestructura\",\"Innovaci\u00f3n\",\"Madrid\",\"M\u00e1laga\",\"mapa interactivo del D\u00eda Internacional de los Museos 2024\",\"Museo Arqueol\u00f3gico y Etnol\u00f3gico de Granada\",\"Museo Automovil\u00edstico De M\u00e1laga\",\"Museo De Ceuta\",\"Museo Reina Sof\u00eda\",\"Museo Sorolla\",\"Museos para la educaci\u00f3n y la investigaci\u00f3n\",\"M\u00fasica electr\u00f3nica\",\"Patio del Edificio Nouvel\",\"Radio 3\",\"viernes 17 de mayo\"],\"articleSection\":[\"Efem\u00e9rides\",\"Historia del arte\"],\"inLanguage\":\"es\",\"potentialAction\":[{\"@type\":\"CommentAction\",\"name\":\"Comment\",\"target\":[\"https:\\\/\\\/rafaramirez.org\\\/blog\\\/index.php\\\/2024\\\/05\\\/17\\\/18-de-mayo-dia-internacional-de-los-museos-al-servicio-de-la-sociedad-y-su-desarrollo\\\/#respond\"]}]},{\"@type\":\"WebPage\",\"@id\":\"https:\\\/\\\/rafaramirez.org\\\/blog\\\/index.php\\\/2024\\\/05\\\/17\\\/18-de-mayo-dia-internacional-de-los-museos-al-servicio-de-la-sociedad-y-su-desarrollo\\\/\",\"url\":\"https:\\\/\\\/rafaramirez.org\\\/blog\\\/index.php\\\/2024\\\/05\\\/17\\\/18-de-mayo-dia-internacional-de-los-museos-al-servicio-de-la-sociedad-y-su-desarrollo\\\/\",\"name\":\"18 de Mayo. D\u00eda Internacional de los Museos: al servicio de la sociedad y su desarrollo. - Blog de Rafael Ram\u00edrez\",\"isPartOf\":{\"@id\":\"https:\\\/\\\/rafaramirez.org\\\/blog\\\/#website\"},\"primaryImageOfPage\":{\"@id\":\"https:\\\/\\\/rafaramirez.org\\\/blog\\\/index.php\\\/2024\\\/05\\\/17\\\/18-de-mayo-dia-internacional-de-los-museos-al-servicio-de-la-sociedad-y-su-desarrollo\\\/#primaryimage\"},\"image\":{\"@id\":\"https:\\\/\\\/rafaramirez.org\\\/blog\\\/index.php\\\/2024\\\/05\\\/17\\\/18-de-mayo-dia-internacional-de-los-museos-al-servicio-de-la-sociedad-y-su-desarrollo\\\/#primaryimage\"},\"thumbnailUrl\":\"https:\\\/\\\/rafaramirez.org\\\/blog\\\/wp-content\\\/uploads\\\/2024\\\/05\\\/Dia_Internacional_de_los_Museos_bannerok2.jpg\",\"datePublished\":\"2024-05-17T06:15:53+00:00\",\"breadcrumb\":{\"@id\":\"https:\\\/\\\/rafaramirez.org\\\/blog\\\/index.php\\\/2024\\\/05\\\/17\\\/18-de-mayo-dia-internacional-de-los-museos-al-servicio-de-la-sociedad-y-su-desarrollo\\\/#breadcrumb\"},\"inLanguage\":\"es\",\"potentialAction\":[{\"@type\":\"ReadAction\",\"target\":[\"https:\\\/\\\/rafaramirez.org\\\/blog\\\/index.php\\\/2024\\\/05\\\/17\\\/18-de-mayo-dia-internacional-de-los-museos-al-servicio-de-la-sociedad-y-su-desarrollo\\\/\"]}]},{\"@type\":\"ImageObject\",\"inLanguage\":\"es\",\"@id\":\"https:\\\/\\\/rafaramirez.org\\\/blog\\\/index.php\\\/2024\\\/05\\\/17\\\/18-de-mayo-dia-internacional-de-los-museos-al-servicio-de-la-sociedad-y-su-desarrollo\\\/#primaryimage\",\"url\":\"https:\\\/\\\/rafaramirez.org\\\/blog\\\/wp-content\\\/uploads\\\/2024\\\/05\\\/Dia_Internacional_de_los_Museos_bannerok2.jpg\",\"contentUrl\":\"https:\\\/\\\/rafaramirez.org\\\/blog\\\/wp-content\\\/uploads\\\/2024\\\/05\\\/Dia_Internacional_de_los_Museos_bannerok2.jpg\",\"width\":848,\"height\":430,\"caption\":\"18 de Mayo. D\u00eda Internacional de los Museos. Blog de Rafael Ram\u00edrez.\"},{\"@type\":\"BreadcrumbList\",\"@id\":\"https:\\\/\\\/rafaramirez.org\\\/blog\\\/index.php\\\/2024\\\/05\\\/17\\\/18-de-mayo-dia-internacional-de-los-museos-al-servicio-de-la-sociedad-y-su-desarrollo\\\/#breadcrumb\",\"itemListElement\":[{\"@type\":\"ListItem\",\"position\":1,\"name\":\"Portada\",\"item\":\"https:\\\/\\\/rafaramirez.org\\\/blog\\\/\"},{\"@type\":\"ListItem\",\"position\":2,\"name\":\"18 de Mayo. D\u00eda Internacional de los Museos: al servicio de la sociedad y su desarrollo.\"}]},{\"@type\":\"WebSite\",\"@id\":\"https:\\\/\\\/rafaramirez.org\\\/blog\\\/#website\",\"url\":\"https:\\\/\\\/rafaramirez.org\\\/blog\\\/\",\"name\":\"Blog de Rafael Ram\u00edrez\",\"description\":\"Un sitio social, de arte y cultura\",\"publisher\":{\"@id\":\"https:\\\/\\\/rafaramirez.org\\\/blog\\\/#\\\/schema\\\/person\\\/50f43b6d60c578760d4c17bda54ab6a5\"},\"potentialAction\":[{\"@type\":\"SearchAction\",\"target\":{\"@type\":\"EntryPoint\",\"urlTemplate\":\"https:\\\/\\\/rafaramirez.org\\\/blog\\\/?s={search_term_string}\"},\"query-input\":{\"@type\":\"PropertyValueSpecification\",\"valueRequired\":true,\"valueName\":\"search_term_string\"}}],\"inLanguage\":\"es\"},{\"@type\":[\"Person\",\"Organization\"],\"@id\":\"https:\\\/\\\/rafaramirez.org\\\/blog\\\/#\\\/schema\\\/person\\\/50f43b6d60c578760d4c17bda54ab6a5\",\"name\":\"Rafael Ram\u00edrez\",\"image\":{\"@type\":\"ImageObject\",\"inLanguage\":\"es\",\"@id\":\"https:\\\/\\\/rafaramirez.org\\\/blog\\\/wp-content\\\/uploads\\\/2024\\\/09\\\/RR_socialnetwork.jpg\",\"url\":\"https:\\\/\\\/rafaramirez.org\\\/blog\\\/wp-content\\\/uploads\\\/2024\\\/09\\\/RR_socialnetwork.jpg\",\"contentUrl\":\"https:\\\/\\\/rafaramirez.org\\\/blog\\\/wp-content\\\/uploads\\\/2024\\\/09\\\/RR_socialnetwork.jpg\",\"width\":600,\"height\":606,\"caption\":\"Rafael Ram\u00edrez\"},\"logo\":{\"@id\":\"https:\\\/\\\/rafaramirez.org\\\/blog\\\/wp-content\\\/uploads\\\/2024\\\/09\\\/RR_socialnetwork.jpg\"},\"sameAs\":[\"https:\\\/\\\/www.rafaramirez.org\\\/blog\",\"https:\\\/\\\/www.instagram.com\\\/rafaramirez_ok\\\/\",\"https:\\\/\\\/es.pinterest.com\\\/Ramirez_Rafa\\\/\",\"https:\\\/\\\/x.com\\\/rafaramirez_ok\"],\"url\":\"https:\\\/\\\/rafaramirez.org\\\/blog\\\/index.php\\\/author\\\/rafaell_qm6j97da\\\/\"}]}<\/script>\n<!-- \/ Yoast SEO plugin. -->","yoast_head_json":{"title":"18 de Mayo. D\u00eda Internacional de los Museos: al servicio de la sociedad y su desarrollo. - Blog de Rafael Ram\u00edrez","robots":{"index":"index","follow":"follow","max-snippet":"max-snippet:-1","max-image-preview":"max-image-preview:large","max-video-preview":"max-video-preview:-1"},"canonical":"https:\/\/rafaramirez.org\/blog\/index.php\/2024\/05\/17\/18-de-mayo-dia-internacional-de-los-museos-al-servicio-de-la-sociedad-y-su-desarrollo\/","og_locale":"es_ES","og_type":"article","og_title":"18 de Mayo. D\u00eda Internacional de los Museos: al servicio de la sociedad y su desarrollo. - Blog de Rafael Ram\u00edrez","og_description":"El\u00a0D\u00eda Internacional de los Museos\u00a0se celebra cada a\u00f1o el\u00a018 de mayo.\u00a0Este d\u00eda especial fue establecido en\u00a01977\u00a0por el Consejo Internacional de Museos (ICOM) con el objetivo de concienciar sobre el papel crucial que juegan los museos como instituciones al servicio de la sociedad y su desarrollo. Cada a\u00f1o, el evento tiene un tema diferente y para [&hellip;]","og_url":"https:\/\/rafaramirez.org\/blog\/index.php\/2024\/05\/17\/18-de-mayo-dia-internacional-de-los-museos-al-servicio-de-la-sociedad-y-su-desarrollo\/","og_site_name":"Blog de Rafael Ram\u00edrez","article_published_time":"2024-05-17T06:15:53+00:00","og_image":[{"width":848,"height":430,"url":"https:\/\/rafaramirez.org\/blog\/wp-content\/uploads\/2024\/05\/Dia_Internacional_de_los_Museos_bannerok2.jpg","type":"image\/jpeg"}],"author":"Rafael Ram\u00edrez","twitter_card":"summary_large_image","twitter_creator":"@rafaramirez_ok","twitter_site":"@rafaramirez_ok","twitter_misc":{"Escrito por":"Rafael Ram\u00edrez","Tiempo de lectura":"3 minutos"},"schema":{"@context":"https:\/\/schema.org","@graph":[{"@type":"Article","@id":"https:\/\/rafaramirez.org\/blog\/index.php\/2024\/05\/17\/18-de-mayo-dia-internacional-de-los-museos-al-servicio-de-la-sociedad-y-su-desarrollo\/#article","isPartOf":{"@id":"https:\/\/rafaramirez.org\/blog\/index.php\/2024\/05\/17\/18-de-mayo-dia-internacional-de-los-museos-al-servicio-de-la-sociedad-y-su-desarrollo\/"},"author":{"name":"Rafael Ram\u00edrez","@id":"https:\/\/rafaramirez.org\/blog\/#\/schema\/person\/50f43b6d60c578760d4c17bda54ab6a5"},"headline":"18 de Mayo. D\u00eda Internacional de los Museos: al servicio de la sociedad y su desarrollo.","datePublished":"2024-05-17T06:15:53+00:00","mainEntityOfPage":{"@id":"https:\/\/rafaramirez.org\/blog\/index.php\/2024\/05\/17\/18-de-mayo-dia-internacional-de-los-museos-al-servicio-de-la-sociedad-y-su-desarrollo\/"},"wordCount":699,"commentCount":0,"publisher":{"@id":"https:\/\/rafaramirez.org\/blog\/#\/schema\/person\/50f43b6d60c578760d4c17bda54ab6a5"},"image":{"@id":"https:\/\/rafaramirez.org\/blog\/index.php\/2024\/05\/17\/18-de-mayo-dia-internacional-de-los-museos-al-servicio-de-la-sociedad-y-su-desarrollo\/#primaryimage"},"thumbnailUrl":"https:\/\/rafaramirez.org\/blog\/wp-content\/uploads\/2024\/05\/Dia_Internacional_de_los_Museos_bannerok2.jpg","keywords":["18 de Mayo","1977","blog de Rafael Ram\u00edrez","Colecci\u00f3n del Museo Ruso","Conciertos en vivo","Consejo Internacional de Museos","D\u00eda Internacional de los Museos","DJs de Radio 3","Edificio Sabatini","Educaci\u00f3n de calidad","efem\u00e9rides","entrada libre","ICOM","Industria","Infraestructura","Innovaci\u00f3n","Madrid","M\u00e1laga","mapa interactivo del D\u00eda Internacional de los Museos 2024","Museo Arqueol\u00f3gico y Etnol\u00f3gico de Granada","Museo Automovil\u00edstico De M\u00e1laga","Museo De Ceuta","Museo Reina Sof\u00eda","Museo Sorolla","Museos para la educaci\u00f3n y la investigaci\u00f3n","M\u00fasica electr\u00f3nica","Patio del Edificio Nouvel","Radio 3","viernes 17 de mayo"],"articleSection":["Efem\u00e9rides","Historia del arte"],"inLanguage":"es","potentialAction":[{"@type":"CommentAction","name":"Comment","target":["https:\/\/rafaramirez.org\/blog\/index.php\/2024\/05\/17\/18-de-mayo-dia-internacional-de-los-museos-al-servicio-de-la-sociedad-y-su-desarrollo\/#respond"]}]},{"@type":"WebPage","@id":"https:\/\/rafaramirez.org\/blog\/index.php\/2024\/05\/17\/18-de-mayo-dia-internacional-de-los-museos-al-servicio-de-la-sociedad-y-su-desarrollo\/","url":"https:\/\/rafaramirez.org\/blog\/index.php\/2024\/05\/17\/18-de-mayo-dia-internacional-de-los-museos-al-servicio-de-la-sociedad-y-su-desarrollo\/","name":"18 de Mayo. D\u00eda Internacional de los Museos: al servicio de la sociedad y su desarrollo. - Blog de Rafael Ram\u00edrez","isPartOf":{"@id":"https:\/\/rafaramirez.org\/blog\/#website"},"primaryImageOfPage":{"@id":"https:\/\/rafaramirez.org\/blog\/index.php\/2024\/05\/17\/18-de-mayo-dia-internacional-de-los-museos-al-servicio-de-la-sociedad-y-su-desarrollo\/#primaryimage"},"image":{"@id":"https:\/\/rafaramirez.org\/blog\/index.php\/2024\/05\/17\/18-de-mayo-dia-internacional-de-los-museos-al-servicio-de-la-sociedad-y-su-desarrollo\/#primaryimage"},"thumbnailUrl":"https:\/\/rafaramirez.org\/blog\/wp-content\/uploads\/2024\/05\/Dia_Internacional_de_los_Museos_bannerok2.jpg","datePublished":"2024-05-17T06:15:53+00:00","breadcrumb":{"@id":"https:\/\/rafaramirez.org\/blog\/index.php\/2024\/05\/17\/18-de-mayo-dia-internacional-de-los-museos-al-servicio-de-la-sociedad-y-su-desarrollo\/#breadcrumb"},"inLanguage":"es","potentialAction":[{"@type":"ReadAction","target":["https:\/\/rafaramirez.org\/blog\/index.php\/2024\/05\/17\/18-de-mayo-dia-internacional-de-los-museos-al-servicio-de-la-sociedad-y-su-desarrollo\/"]}]},{"@type":"ImageObject","inLanguage":"es","@id":"https:\/\/rafaramirez.org\/blog\/index.php\/2024\/05\/17\/18-de-mayo-dia-internacional-de-los-museos-al-servicio-de-la-sociedad-y-su-desarrollo\/#primaryimage","url":"https:\/\/rafaramirez.org\/blog\/wp-content\/uploads\/2024\/05\/Dia_Internacional_de_los_Museos_bannerok2.jpg","contentUrl":"https:\/\/rafaramirez.org\/blog\/wp-content\/uploads\/2024\/05\/Dia_Internacional_de_los_Museos_bannerok2.jpg","width":848,"height":430,"caption":"18 de Mayo. D\u00eda Internacional de los Museos. Blog de Rafael Ram\u00edrez."},{"@type":"BreadcrumbList","@id":"https:\/\/rafaramirez.org\/blog\/index.php\/2024\/05\/17\/18-de-mayo-dia-internacional-de-los-museos-al-servicio-de-la-sociedad-y-su-desarrollo\/#breadcrumb","itemListElement":[{"@type":"ListItem","position":1,"name":"Portada","item":"https:\/\/rafaramirez.org\/blog\/"},{"@type":"ListItem","position":2,"name":"18 de Mayo. D\u00eda Internacional de los Museos: al servicio de la sociedad y su desarrollo."}]},{"@type":"WebSite","@id":"https:\/\/rafaramirez.org\/blog\/#website","url":"https:\/\/rafaramirez.org\/blog\/","name":"Blog de Rafael Ram\u00edrez","description":"Un sitio social, de arte y cultura","publisher":{"@id":"https:\/\/rafaramirez.org\/blog\/#\/schema\/person\/50f43b6d60c578760d4c17bda54ab6a5"},"potentialAction":[{"@type":"SearchAction","target":{"@type":"EntryPoint","urlTemplate":"https:\/\/rafaramirez.org\/blog\/?s={search_term_string}"},"query-input":{"@type":"PropertyValueSpecification","valueRequired":true,"valueName":"search_term_string"}}],"inLanguage":"es"},{"@type":["Person","Organization"],"@id":"https:\/\/rafaramirez.org\/blog\/#\/schema\/person\/50f43b6d60c578760d4c17bda54ab6a5","name":"Rafael Ram\u00edrez","image":{"@type":"ImageObject","inLanguage":"es","@id":"https:\/\/rafaramirez.org\/blog\/wp-content\/uploads\/2024\/09\/RR_socialnetwork.jpg","url":"https:\/\/rafaramirez.org\/blog\/wp-content\/uploads\/2024\/09\/RR_socialnetwork.jpg","contentUrl":"https:\/\/rafaramirez.org\/blog\/wp-content\/uploads\/2024\/09\/RR_socialnetwork.jpg","width":600,"height":606,"caption":"Rafael Ram\u00edrez"},"logo":{"@id":"https:\/\/rafaramirez.org\/blog\/wp-content\/uploads\/2024\/09\/RR_socialnetwork.jpg"},"sameAs":["https:\/\/www.rafaramirez.org\/blog","https:\/\/www.instagram.com\/rafaramirez_ok\/","https:\/\/es.pinterest.com\/Ramirez_Rafa\/","https:\/\/x.com\/rafaramirez_ok"],"url":"https:\/\/rafaramirez.org\/blog\/index.php\/author\/rafaell_qm6j97da\/"}]}},"jetpack_publicize_connections":[],"jetpack_sharing_enabled":true,"jetpack_likes_enabled":true,"jetpack_featured_media_url":"https:\/\/rafaramirez.org\/blog\/wp-content\/uploads\/2024\/05\/Dia_Internacional_de_los_Museos_bannerok2.jpg","_links":{"self":[{"href":"https:\/\/rafaramirez.org\/blog\/index.php\/wp-json\/wp\/v2\/posts\/4464","targetHints":{"allow":["GET"]}}],"collection":[{"href":"https:\/\/rafaramirez.org\/blog\/index.php\/wp-json\/wp\/v2\/posts"}],"about":[{"href":"https:\/\/rafaramirez.org\/blog\/index.php\/wp-json\/wp\/v2\/types\/post"}],"author":[{"embeddable":true,"href":"https:\/\/rafaramirez.org\/blog\/index.php\/wp-json\/wp\/v2\/users\/1"}],"replies":[{"embeddable":true,"href":"https:\/\/rafaramirez.org\/blog\/index.php\/wp-json\/wp\/v2\/comments?post=4464"}],"version-history":[{"count":5,"href":"https:\/\/rafaramirez.org\/blog\/index.php\/wp-json\/wp\/v2\/posts\/4464\/revisions"}],"predecessor-version":[{"id":4472,"href":"https:\/\/rafaramirez.org\/blog\/index.php\/wp-json\/wp\/v2\/posts\/4464\/revisions\/4472"}],"wp:featuredmedia":[{"embeddable":true,"href":"https:\/\/rafaramirez.org\/blog\/index.php\/wp-json\/wp\/v2\/media\/4473"}],"wp:attachment":[{"href":"https:\/\/rafaramirez.org\/blog\/index.php\/wp-json\/wp\/v2\/media?parent=4464"}],"wp:term":[{"taxonomy":"category","embeddable":true,"href":"https:\/\/rafaramirez.org\/blog\/index.php\/wp-json\/wp\/v2\/categories?post=4464"},{"taxonomy":"post_tag","embeddable":true,"href":"https:\/\/rafaramirez.org\/blog\/index.php\/wp-json\/wp\/v2\/tags?post=4464"}],"curies":[{"name":"wp","href":"https:\/\/api.w.org\/{rel}","templated":true}]}}