{"id":4422,"date":"2024-05-14T08:15:01","date_gmt":"2024-05-14T06:15:01","guid":{"rendered":"https:\/\/rafaramirez.org\/blog\/?p=4422"},"modified":"2024-05-07T20:20:59","modified_gmt":"2024-05-07T18:20:59","slug":"la-cabeza-perdida-de-damasceno-monteiro-de-antonio-tabucchi-intriga-cronica-periodistica-y-critica-a-la-sociedad","status":"publish","type":"post","link":"https:\/\/rafaramirez.org\/blog\/index.php\/2024\/05\/14\/la-cabeza-perdida-de-damasceno-monteiro-de-antonio-tabucchi-intriga-cronica-periodistica-y-critica-a-la-sociedad\/","title":{"rendered":"\u201cLa cabeza perdida de Damasceno Monteiro\u201d de Antonio Tabucchi: intriga, cr\u00f3nica period\u00edstica y cr\u00edtica a la sociedad."},"content":{"rendered":"<p><strong>\u201cLa cabeza perdida de Damasceno Monteiro\u201d<\/strong>\u00a0es una novela escrita por\u00a0<strong>Antonio Tabucchi<\/strong>. Aunque en apariencia es un thriller, tambi\u00e9n es un relato de\u00a0<strong>cr\u00f3nica de sucesos<\/strong>\u00a0y una\u00a0<strong>investigaci\u00f3n period\u00edstica<\/strong>.\u00a0La historia se desarrolla en la fascinante ciudad de\u00a0<strong>Oporto<\/strong>, aunque podr\u00eda aplicarse a cualquier otra ciudad europea.<\/p>\n<p>El protagonista,\u00a0<strong>Firmino<\/strong>, es un joven periodista que regresa a Oporto para intentar esclarecer el misterio de un\u00a0<strong>cuerpo decapitado<\/strong>. Su objetivo es traducir este suceso en una cr\u00f3nica sensacionalista que ser\u00e1 publicada en el peri\u00f3dico\u00a0<strong>O Acontecimento<\/strong>. Durante su investigaci\u00f3n, Firmino se encuentra con una variopinta fauna de personajes, incluyendo una dinast\u00eda de gitanos desplazados, la due\u00f1a de la pensi\u00f3n donde se hospeda y el abogado\u00a0<strong>Loton<\/strong>.\u00a0Este \u00faltimo, un genial litigante, gu\u00eda al reportero en su pesquisa, mostr\u00e1ndole que la injusticia es una actividad com\u00fan que ya no conmociona a las autoproclamadas \u00abbuenas personas\u00bb.<\/p>\n<p style=\"text-align: center;\"><a href=\"https:\/\/rafaramirez.org\/blog\/wp-content\/uploads\/2024\/05\/LacabezaperdidadeDamascenoMonteiro.jpg\" target=\"_blank\" rel=\"noopener\"><img loading=\"lazy\" decoding=\"async\" class=\"aligncenter wp-image-4430 size-medium\" src=\"https:\/\/rafaramirez.org\/blog\/wp-content\/uploads\/2024\/05\/LacabezaperdidadeDamascenoMonteiro-192x300.jpg\" alt=\"La cabeza perdida de Damasceno Monteiro de Antonio Tabucchi. Blog de Rafael Ram\u00edrez.\" width=\"192\" height=\"300\" srcset=\"https:\/\/rafaramirez.org\/blog\/wp-content\/uploads\/2024\/05\/LacabezaperdidadeDamascenoMonteiro-192x300.jpg 192w, https:\/\/rafaramirez.org\/blog\/wp-content\/uploads\/2024\/05\/LacabezaperdidadeDamascenoMonteiro-656x1024.jpg 656w, https:\/\/rafaramirez.org\/blog\/wp-content\/uploads\/2024\/05\/LacabezaperdidadeDamascenoMonteiro-768x1199.jpg 768w, https:\/\/rafaramirez.org\/blog\/wp-content\/uploads\/2024\/05\/LacabezaperdidadeDamascenoMonteiro.jpg 961w\" sizes=\"auto, (max-width: 192px) 100vw, 192px\" \/><\/a><\/p>\n<p>En Oporto, Firmino descubre que la ciudad, a pesar de su belleza vin\u00edfera, comparte los mismos vicios que su cosmopolita Lisboa.\u00a0Una autoridad corrupta maneja el tr\u00e1fico de drogas con total libertad, y aunque el cuerpo decapitado evidencia este esc\u00e1ndalo, las aguas se agitan, se calman y todo queda como al principio, antes de que la cabeza de\u00a0<strong>Damasceno Monteiro<\/strong> se sumergiera en ellas.<\/p>\n<p><strong>Biograf\u00eda.<\/strong><\/p>\n<p>Antonio Tabucchi fue un destacado escritor y profesor italiano, nacido en\u00a0<strong>Pisa<\/strong>\u00a0el\u00a0<strong>24 de septiembre de 1943<\/strong>\u00a0y fallecido en\u00a0<strong>Lisboa<\/strong>\u00a0el\u00a0<strong>25 de marzo de 2012<\/strong>.\u00a0Es conocido principalmente por su profundo conocimiento, cr\u00edtica y traducci\u00f3n de la obra del escritor portugu\u00e9s\u00a0<strong>Fernando Pessoa<\/strong>.<\/p>\n<p>Tabucchi creci\u00f3 en la casa de sus abuelos maternos en\u00a0<strong>Vecchiano<\/strong>, cerca de Pisa. Durante sus a\u00f1os universitarios, realiz\u00f3 numerosos viajes por Europa, siguiendo las huellas de los autores que hab\u00eda descubierto en la rica biblioteca de su t\u00edo materno.\u00a0Fue en uno de estos viajes, en Par\u00eds, donde encontr\u00f3 el poema \u201cTabacaria\u201d de \u00c1lvaro de Campos, uno de los heter\u00f3nimos de Fernando Pessoa, lo que despert\u00f3 su inter\u00e9s por la literatura portuguesa.<\/p>\n<figure id=\"attachment_4431\" aria-describedby=\"caption-attachment-4431\" style=\"width: 300px\" class=\"wp-caption aligncenter\"><a href=\"https:\/\/rafaramirez.org\/blog\/wp-content\/uploads\/2024\/05\/antonio_tabucchi.jpg\" target=\"_blank\" rel=\"noopener\"><img loading=\"lazy\" decoding=\"async\" class=\"wp-image-4431 size-medium\" src=\"https:\/\/rafaramirez.org\/blog\/wp-content\/uploads\/2024\/05\/antonio_tabucchi-300x169.jpg\" alt=\"Antonio Tabucchi.\" width=\"300\" height=\"169\" srcset=\"https:\/\/rafaramirez.org\/blog\/wp-content\/uploads\/2024\/05\/antonio_tabucchi-300x169.jpg 300w, https:\/\/rafaramirez.org\/blog\/wp-content\/uploads\/2024\/05\/antonio_tabucchi.jpg 644w\" sizes=\"auto, (max-width: 300px) 100vw, 300px\" \/><\/a><figcaption id=\"caption-attachment-4431\" class=\"wp-caption-text\">Antonio Tabucchi.<\/figcaption><\/figure>\n<p>Tabucchi escribi\u00f3 una tesis doctoral sobre el surrealismo en Portugal y ense\u00f1\u00f3 lengua y literatura portuguesa en la\u00a0<strong>Universidad de Siena<\/strong>,\u00a0<strong>Universidad de Bolonia<\/strong>\u00a0y\u00a0<strong>Universidad de G\u00e9nova<\/strong>. Vivi\u00f3 la mitad del a\u00f1o en Lisboa, donde escrib\u00eda con su pareja y sus dos hijos, y la otra mitad en la Toscana, dando clases en la Universidad de Siena.\u00a0En\u00a0<strong>2004<\/strong>, obtuvo la ciudadan\u00eda portuguesa.<\/p>\n<p>Como escritor, alcanz\u00f3 el \u00e9xito con obras como\u00a0<strong>\u201cSostiene Pereira\u201d<\/strong>, que fue adaptada al cine y recibi\u00f3 prestigiosos premios literarios.\u00a0Adem\u00e1s, su novela\u00a0<strong>\u201cNocturno Hind\u00fa\u201d<\/strong>\u00a0fue galardonada con el premio franc\u00e9s M\u00e9dicis \u00e9tranger, y su compromiso con la literatura le llev\u00f3 a conseguir que su novela\u00a0<strong>\u201cLa cabeza perdida de Damasceno Monteiro\u201d<\/strong>\u00a0provocara la revisi\u00f3n del caso real que aparec\u00eda en la obra<\/p>\n<p>En resumen,\u00a0<strong>\u201cLa cabeza perdida de Damasceno Monteiro\u201d<\/strong>\u00a0es una novela que combina intriga, cr\u00f3nica period\u00edstica y una mirada cr\u00edtica a la sociedad, todo ambientado en la pintoresca ciudad de Oporto.\u00a0Antonio Tabucchi, con su estilo \u00fanico, nos sumerge en un mundo lleno de misterio y reflexi\u00f3n sobre la condici\u00f3n humana. \ud83d\udcda\ud83d\udd0d<\/p>\n<p>M\u00e1s informaci\u00f3n:<\/p>\n<ul>\n<li><a href=\"https:\/\/www.casadellibro.com\/libro-la-cabeza-perdida-de-damasceno-monteiro-6-ed\/9788433908469\/562800\" target=\"_blank\" rel=\"noopener\">Casa del Libro.com<\/a><\/li>\n<li><a href=\"https:\/\/es.wikipedia.org\/wiki\/Antonio_Tabucchi\" target=\"_blank\" rel=\"noopener\">Wikipedia.es<\/a><\/li>\n<li><a href=\"https:\/\/www.google.com\/search?q=comprar+La+cabeza+perdida+de+Damasceno+Monteiro\" target=\"_blank\" rel=\"noopener\">D\u00f3nde comprar\u00a0<\/a><\/li>\n<\/ul>\n<p>&nbsp;<\/p>\n","protected":false},"excerpt":{"rendered":"<p>\u201cLa cabeza perdida de Damasceno Monteiro\u201d\u00a0es una novela escrita por\u00a0Antonio Tabucchi. Aunque en apariencia es un thriller, tambi\u00e9n es un relato de\u00a0cr\u00f3nica de sucesos\u00a0y una\u00a0investigaci\u00f3n period\u00edstica.\u00a0La historia se desarrolla en la fascinante ciudad de\u00a0Oporto, aunque podr\u00eda aplicarse a cualquier otra ciudad europea. El protagonista,\u00a0Firmino, es un joven periodista que regresa a Oporto para intentar esclarecer [&hellip;]<\/p>\n","protected":false},"author":1,"featured_media":4429,"comment_status":"open","ping_status":"closed","sticky":false,"template":"","format":"standard","meta":{"site-container-style":"default","site-container-layout":"default","site-sidebar-layout":"default","disable-article-header":"default","disable-site-header":"default","disable-site-footer":"default","disable-content-area-spacing":"default","_jetpack_newsletter_access":"","_jetpack_dont_email_post_to_subs":false,"_jetpack_newsletter_tier_id":0,"_jetpack_memberships_contains_paywalled_content":false,"_jetpack_feature_clip_id":0,"_jetpack_memberships_contains_paid_content":false,"footnotes":"","jetpack_publicize_message":"","jetpack_publicize_feature_enabled":true,"jetpack_social_post_already_shared":false,"jetpack_social_options":{"image_generator_settings":{"template":"highway","default_image_id":0,"font":"","enabled":false},"version":2},"jetpack_post_was_ever_published":false},"categories":[710],"tags":[2023,1656,2025,2015,68,1470,1585,2033,2020,2021,2014,2026,264,2018,2032,2031,2016,351,2022,2017,2030,2024,2028,2029,2027,2019],"class_list":["post-4422","post","type-post","status-publish","format-standard","has-post-thumbnail","hentry","category-literatura","tag-2023","tag-1656","tag-alvaro-de-campos","tag-antonio-tabucchi","tag-blog-de-rafael-ramirez","tag-critica-libro","tag-critica-literaria","tag-el-surrealismo-en-portugal","tag-fernando-pessoa","tag-firmino","tag-la-cabeza-perdida-de-damasceno-monteiro","tag-lengua-y-literatura-portuguesa","tag-libro-recomendado","tag-lisboa","tag-nocturno-hindu","tag-notturno-indiano","tag-oporto","tag-paris","tag-periodico-o-acontecimento","tag-pisa","tag-sostiene-pereira","tag-tabacaria","tag-universidad-de-bolonia","tag-universidad-de-genova","tag-universidad-de-siena","tag-vecchiano"],"yoast_head":"<!-- This site is optimized with the Yoast SEO plugin v28.4 - https:\/\/yoast.com\/product\/yoast-seo-wordpress\/ -->\n<title>\u201cLa cabeza perdida de Damasceno Monteiro\u201d de Antonio Tabucchi: intriga, cr\u00f3nica period\u00edstica y cr\u00edtica a la sociedad. - Blog de Rafael Ram\u00edrez<\/title>\n<meta name=\"robots\" content=\"index, follow, max-snippet:-1, max-image-preview:large, max-video-preview:-1\" \/>\n<link rel=\"canonical\" href=\"https:\/\/rafaramirez.org\/blog\/index.php\/2024\/05\/14\/la-cabeza-perdida-de-damasceno-monteiro-de-antonio-tabucchi-intriga-cronica-periodistica-y-critica-a-la-sociedad\/\" \/>\n<meta property=\"og:locale\" content=\"es_ES\" \/>\n<meta property=\"og:type\" content=\"article\" \/>\n<meta property=\"og:title\" content=\"\u201cLa cabeza perdida de Damasceno Monteiro\u201d de Antonio Tabucchi: intriga, cr\u00f3nica period\u00edstica y cr\u00edtica a la sociedad. - Blog de Rafael Ram\u00edrez\" \/>\n<meta property=\"og:description\" content=\"\u201cLa cabeza perdida de Damasceno Monteiro\u201d\u00a0es una novela escrita por\u00a0Antonio Tabucchi. Aunque en apariencia es un thriller, tambi\u00e9n es un relato de\u00a0cr\u00f3nica de sucesos\u00a0y una\u00a0investigaci\u00f3n period\u00edstica.\u00a0La historia se desarrolla en la fascinante ciudad de\u00a0Oporto, aunque podr\u00eda aplicarse a cualquier otra ciudad europea. El protagonista,\u00a0Firmino, es un joven periodista que regresa a Oporto para intentar esclarecer [&hellip;]\" \/>\n<meta property=\"og:url\" content=\"https:\/\/rafaramirez.org\/blog\/index.php\/2024\/05\/14\/la-cabeza-perdida-de-damasceno-monteiro-de-antonio-tabucchi-intriga-cronica-periodistica-y-critica-a-la-sociedad\/\" \/>\n<meta property=\"og:site_name\" content=\"Blog de Rafael Ram\u00edrez\" \/>\n<meta property=\"article:published_time\" content=\"2024-05-14T06:15:01+00:00\" \/>\n<meta property=\"og:image\" content=\"https:\/\/rafaramirez.org\/blog\/wp-content\/uploads\/2024\/05\/LacabezaperdidadeDamascenoMonteiro_banner.jpg\" \/>\n\t<meta property=\"og:image:width\" content=\"950\" \/>\n\t<meta property=\"og:image:height\" content=\"633\" \/>\n\t<meta property=\"og:image:type\" content=\"image\/jpeg\" \/>\n<meta name=\"author\" content=\"Rafael Ram\u00edrez\" \/>\n<meta name=\"twitter:card\" content=\"summary_large_image\" \/>\n<meta name=\"twitter:creator\" content=\"@rafaramirez_ok\" \/>\n<meta name=\"twitter:site\" content=\"@rafaramirez_ok\" \/>\n<meta name=\"twitter:label1\" content=\"Escrito por\" \/>\n\t<meta name=\"twitter:data1\" content=\"Rafael Ram\u00edrez\" \/>\n\t<meta name=\"twitter:label2\" content=\"Tiempo de lectura\" \/>\n\t<meta name=\"twitter:data2\" content=\"3 minutos\" \/>\n<script type=\"application\/ld+json\" class=\"yoast-schema-graph\">{\"@context\":\"https:\\\/\\\/schema.org\",\"@graph\":[{\"@type\":\"Article\",\"@id\":\"https:\\\/\\\/rafaramirez.org\\\/blog\\\/index.php\\\/2024\\\/05\\\/14\\\/la-cabeza-perdida-de-damasceno-monteiro-de-antonio-tabucchi-intriga-cronica-periodistica-y-critica-a-la-sociedad\\\/#article\",\"isPartOf\":{\"@id\":\"https:\\\/\\\/rafaramirez.org\\\/blog\\\/index.php\\\/2024\\\/05\\\/14\\\/la-cabeza-perdida-de-damasceno-monteiro-de-antonio-tabucchi-intriga-cronica-periodistica-y-critica-a-la-sociedad\\\/\"},\"author\":{\"name\":\"Rafael Ram\u00edrez\",\"@id\":\"https:\\\/\\\/rafaramirez.org\\\/blog\\\/#\\\/schema\\\/person\\\/50f43b6d60c578760d4c17bda54ab6a5\"},\"headline\":\"\u201cLa cabeza perdida de Damasceno Monteiro\u201d de Antonio Tabucchi: intriga, cr\u00f3nica period\u00edstica y cr\u00edtica a la sociedad.\",\"datePublished\":\"2024-05-14T06:15:01+00:00\",\"mainEntityOfPage\":{\"@id\":\"https:\\\/\\\/rafaramirez.org\\\/blog\\\/index.php\\\/2024\\\/05\\\/14\\\/la-cabeza-perdida-de-damasceno-monteiro-de-antonio-tabucchi-intriga-cronica-periodistica-y-critica-a-la-sociedad\\\/\"},\"wordCount\":586,\"commentCount\":0,\"publisher\":{\"@id\":\"https:\\\/\\\/rafaramirez.org\\\/blog\\\/#\\\/schema\\\/person\\\/50f43b6d60c578760d4c17bda54ab6a5\"},\"image\":{\"@id\":\"https:\\\/\\\/rafaramirez.org\\\/blog\\\/index.php\\\/2024\\\/05\\\/14\\\/la-cabeza-perdida-de-damasceno-monteiro-de-antonio-tabucchi-intriga-cronica-periodistica-y-critica-a-la-sociedad\\\/#primaryimage\"},\"thumbnailUrl\":\"https:\\\/\\\/rafaramirez.org\\\/blog\\\/wp-content\\\/uploads\\\/2024\\\/05\\\/LacabezaperdidadeDamascenoMonteiro_banner.jpg\",\"keywords\":[\"1943\",\"2012\",\"\u00c1lvaro de Campos\",\"Antonio Tabucchi\",\"blog de Rafael Ram\u00edrez\",\"critica libro\",\"cr\u00edtica literaria\",\"el surrealismo en Portugal\",\"Fernando Pessoa\",\"Firmino\",\"La cabeza perdida de Damasceno Monteiro\",\"lengua y literatura portuguesa\",\"libro recomendado\",\"Lisboa\",\"Nocturno Hind\u00fa\",\"Notturno Indiano\",\"Oporto\",\"Paris\",\"peri\u00f3dico\u00a0O Acontecimento\",\"Pisa\",\"Sostiene Pereira\",\"Tabacaria\",\"Universidad de Bolonia\",\"Universidad de G\u00e9nova\",\"Universidad de Siena\",\"Vecchiano\"],\"articleSection\":[\"Literatura\"],\"inLanguage\":\"es\",\"potentialAction\":[{\"@type\":\"CommentAction\",\"name\":\"Comment\",\"target\":[\"https:\\\/\\\/rafaramirez.org\\\/blog\\\/index.php\\\/2024\\\/05\\\/14\\\/la-cabeza-perdida-de-damasceno-monteiro-de-antonio-tabucchi-intriga-cronica-periodistica-y-critica-a-la-sociedad\\\/#respond\"]}]},{\"@type\":\"WebPage\",\"@id\":\"https:\\\/\\\/rafaramirez.org\\\/blog\\\/index.php\\\/2024\\\/05\\\/14\\\/la-cabeza-perdida-de-damasceno-monteiro-de-antonio-tabucchi-intriga-cronica-periodistica-y-critica-a-la-sociedad\\\/\",\"url\":\"https:\\\/\\\/rafaramirez.org\\\/blog\\\/index.php\\\/2024\\\/05\\\/14\\\/la-cabeza-perdida-de-damasceno-monteiro-de-antonio-tabucchi-intriga-cronica-periodistica-y-critica-a-la-sociedad\\\/\",\"name\":\"\u201cLa cabeza perdida de Damasceno Monteiro\u201d de Antonio Tabucchi: intriga, cr\u00f3nica period\u00edstica y cr\u00edtica a la sociedad. - Blog de Rafael Ram\u00edrez\",\"isPartOf\":{\"@id\":\"https:\\\/\\\/rafaramirez.org\\\/blog\\\/#website\"},\"primaryImageOfPage\":{\"@id\":\"https:\\\/\\\/rafaramirez.org\\\/blog\\\/index.php\\\/2024\\\/05\\\/14\\\/la-cabeza-perdida-de-damasceno-monteiro-de-antonio-tabucchi-intriga-cronica-periodistica-y-critica-a-la-sociedad\\\/#primaryimage\"},\"image\":{\"@id\":\"https:\\\/\\\/rafaramirez.org\\\/blog\\\/index.php\\\/2024\\\/05\\\/14\\\/la-cabeza-perdida-de-damasceno-monteiro-de-antonio-tabucchi-intriga-cronica-periodistica-y-critica-a-la-sociedad\\\/#primaryimage\"},\"thumbnailUrl\":\"https:\\\/\\\/rafaramirez.org\\\/blog\\\/wp-content\\\/uploads\\\/2024\\\/05\\\/LacabezaperdidadeDamascenoMonteiro_banner.jpg\",\"datePublished\":\"2024-05-14T06:15:01+00:00\",\"breadcrumb\":{\"@id\":\"https:\\\/\\\/rafaramirez.org\\\/blog\\\/index.php\\\/2024\\\/05\\\/14\\\/la-cabeza-perdida-de-damasceno-monteiro-de-antonio-tabucchi-intriga-cronica-periodistica-y-critica-a-la-sociedad\\\/#breadcrumb\"},\"inLanguage\":\"es\",\"potentialAction\":[{\"@type\":\"ReadAction\",\"target\":[\"https:\\\/\\\/rafaramirez.org\\\/blog\\\/index.php\\\/2024\\\/05\\\/14\\\/la-cabeza-perdida-de-damasceno-monteiro-de-antonio-tabucchi-intriga-cronica-periodistica-y-critica-a-la-sociedad\\\/\"]}]},{\"@type\":\"ImageObject\",\"inLanguage\":\"es\",\"@id\":\"https:\\\/\\\/rafaramirez.org\\\/blog\\\/index.php\\\/2024\\\/05\\\/14\\\/la-cabeza-perdida-de-damasceno-monteiro-de-antonio-tabucchi-intriga-cronica-periodistica-y-critica-a-la-sociedad\\\/#primaryimage\",\"url\":\"https:\\\/\\\/rafaramirez.org\\\/blog\\\/wp-content\\\/uploads\\\/2024\\\/05\\\/LacabezaperdidadeDamascenoMonteiro_banner.jpg\",\"contentUrl\":\"https:\\\/\\\/rafaramirez.org\\\/blog\\\/wp-content\\\/uploads\\\/2024\\\/05\\\/LacabezaperdidadeDamascenoMonteiro_banner.jpg\",\"width\":950,\"height\":633,\"caption\":\"La cabeza perdida de Damasceno Monteiro de Antonio Tabucchi. Blog de Rafael Ram\u00edrez.\"},{\"@type\":\"BreadcrumbList\",\"@id\":\"https:\\\/\\\/rafaramirez.org\\\/blog\\\/index.php\\\/2024\\\/05\\\/14\\\/la-cabeza-perdida-de-damasceno-monteiro-de-antonio-tabucchi-intriga-cronica-periodistica-y-critica-a-la-sociedad\\\/#breadcrumb\",\"itemListElement\":[{\"@type\":\"ListItem\",\"position\":1,\"name\":\"Portada\",\"item\":\"https:\\\/\\\/rafaramirez.org\\\/blog\\\/\"},{\"@type\":\"ListItem\",\"position\":2,\"name\":\"\u201cLa cabeza perdida de Damasceno Monteiro\u201d de Antonio Tabucchi: intriga, cr\u00f3nica period\u00edstica y cr\u00edtica a la sociedad.\"}]},{\"@type\":\"WebSite\",\"@id\":\"https:\\\/\\\/rafaramirez.org\\\/blog\\\/#website\",\"url\":\"https:\\\/\\\/rafaramirez.org\\\/blog\\\/\",\"name\":\"Blog de Rafael Ram\u00edrez\",\"description\":\"Un sitio social, de arte y cultura\",\"publisher\":{\"@id\":\"https:\\\/\\\/rafaramirez.org\\\/blog\\\/#\\\/schema\\\/person\\\/50f43b6d60c578760d4c17bda54ab6a5\"},\"potentialAction\":[{\"@type\":\"SearchAction\",\"target\":{\"@type\":\"EntryPoint\",\"urlTemplate\":\"https:\\\/\\\/rafaramirez.org\\\/blog\\\/?s={search_term_string}\"},\"query-input\":{\"@type\":\"PropertyValueSpecification\",\"valueRequired\":true,\"valueName\":\"search_term_string\"}}],\"inLanguage\":\"es\"},{\"@type\":[\"Person\",\"Organization\"],\"@id\":\"https:\\\/\\\/rafaramirez.org\\\/blog\\\/#\\\/schema\\\/person\\\/50f43b6d60c578760d4c17bda54ab6a5\",\"name\":\"Rafael Ram\u00edrez\",\"image\":{\"@type\":\"ImageObject\",\"inLanguage\":\"es\",\"@id\":\"https:\\\/\\\/rafaramirez.org\\\/blog\\\/wp-content\\\/uploads\\\/2024\\\/09\\\/RR_socialnetwork.jpg\",\"url\":\"https:\\\/\\\/rafaramirez.org\\\/blog\\\/wp-content\\\/uploads\\\/2024\\\/09\\\/RR_socialnetwork.jpg\",\"contentUrl\":\"https:\\\/\\\/rafaramirez.org\\\/blog\\\/wp-content\\\/uploads\\\/2024\\\/09\\\/RR_socialnetwork.jpg\",\"width\":600,\"height\":606,\"caption\":\"Rafael Ram\u00edrez\"},\"logo\":{\"@id\":\"https:\\\/\\\/rafaramirez.org\\\/blog\\\/wp-content\\\/uploads\\\/2024\\\/09\\\/RR_socialnetwork.jpg\"},\"sameAs\":[\"https:\\\/\\\/www.rafaramirez.org\\\/blog\",\"https:\\\/\\\/www.instagram.com\\\/rafaramirez_ok\\\/\",\"https:\\\/\\\/es.pinterest.com\\\/Ramirez_Rafa\\\/\",\"https:\\\/\\\/x.com\\\/rafaramirez_ok\"],\"url\":\"https:\\\/\\\/rafaramirez.org\\\/blog\\\/index.php\\\/author\\\/rafaell_qm6j97da\\\/\"}]}<\/script>\n<!-- \/ Yoast SEO plugin. -->","yoast_head_json":{"title":"\u201cLa cabeza perdida de Damasceno Monteiro\u201d de Antonio Tabucchi: intriga, cr\u00f3nica period\u00edstica y cr\u00edtica a la sociedad. - Blog de Rafael Ram\u00edrez","robots":{"index":"index","follow":"follow","max-snippet":"max-snippet:-1","max-image-preview":"max-image-preview:large","max-video-preview":"max-video-preview:-1"},"canonical":"https:\/\/rafaramirez.org\/blog\/index.php\/2024\/05\/14\/la-cabeza-perdida-de-damasceno-monteiro-de-antonio-tabucchi-intriga-cronica-periodistica-y-critica-a-la-sociedad\/","og_locale":"es_ES","og_type":"article","og_title":"\u201cLa cabeza perdida de Damasceno Monteiro\u201d de Antonio Tabucchi: intriga, cr\u00f3nica period\u00edstica y cr\u00edtica a la sociedad. - Blog de Rafael Ram\u00edrez","og_description":"\u201cLa cabeza perdida de Damasceno Monteiro\u201d\u00a0es una novela escrita por\u00a0Antonio Tabucchi. Aunque en apariencia es un thriller, tambi\u00e9n es un relato de\u00a0cr\u00f3nica de sucesos\u00a0y una\u00a0investigaci\u00f3n period\u00edstica.\u00a0La historia se desarrolla en la fascinante ciudad de\u00a0Oporto, aunque podr\u00eda aplicarse a cualquier otra ciudad europea. El protagonista,\u00a0Firmino, es un joven periodista que regresa a Oporto para intentar esclarecer [&hellip;]","og_url":"https:\/\/rafaramirez.org\/blog\/index.php\/2024\/05\/14\/la-cabeza-perdida-de-damasceno-monteiro-de-antonio-tabucchi-intriga-cronica-periodistica-y-critica-a-la-sociedad\/","og_site_name":"Blog de Rafael Ram\u00edrez","article_published_time":"2024-05-14T06:15:01+00:00","og_image":[{"width":950,"height":633,"url":"https:\/\/rafaramirez.org\/blog\/wp-content\/uploads\/2024\/05\/LacabezaperdidadeDamascenoMonteiro_banner.jpg","type":"image\/jpeg"}],"author":"Rafael Ram\u00edrez","twitter_card":"summary_large_image","twitter_creator":"@rafaramirez_ok","twitter_site":"@rafaramirez_ok","twitter_misc":{"Escrito por":"Rafael Ram\u00edrez","Tiempo de lectura":"3 minutos"},"schema":{"@context":"https:\/\/schema.org","@graph":[{"@type":"Article","@id":"https:\/\/rafaramirez.org\/blog\/index.php\/2024\/05\/14\/la-cabeza-perdida-de-damasceno-monteiro-de-antonio-tabucchi-intriga-cronica-periodistica-y-critica-a-la-sociedad\/#article","isPartOf":{"@id":"https:\/\/rafaramirez.org\/blog\/index.php\/2024\/05\/14\/la-cabeza-perdida-de-damasceno-monteiro-de-antonio-tabucchi-intriga-cronica-periodistica-y-critica-a-la-sociedad\/"},"author":{"name":"Rafael Ram\u00edrez","@id":"https:\/\/rafaramirez.org\/blog\/#\/schema\/person\/50f43b6d60c578760d4c17bda54ab6a5"},"headline":"\u201cLa cabeza perdida de Damasceno Monteiro\u201d de Antonio Tabucchi: intriga, cr\u00f3nica period\u00edstica y cr\u00edtica a la sociedad.","datePublished":"2024-05-14T06:15:01+00:00","mainEntityOfPage":{"@id":"https:\/\/rafaramirez.org\/blog\/index.php\/2024\/05\/14\/la-cabeza-perdida-de-damasceno-monteiro-de-antonio-tabucchi-intriga-cronica-periodistica-y-critica-a-la-sociedad\/"},"wordCount":586,"commentCount":0,"publisher":{"@id":"https:\/\/rafaramirez.org\/blog\/#\/schema\/person\/50f43b6d60c578760d4c17bda54ab6a5"},"image":{"@id":"https:\/\/rafaramirez.org\/blog\/index.php\/2024\/05\/14\/la-cabeza-perdida-de-damasceno-monteiro-de-antonio-tabucchi-intriga-cronica-periodistica-y-critica-a-la-sociedad\/#primaryimage"},"thumbnailUrl":"https:\/\/rafaramirez.org\/blog\/wp-content\/uploads\/2024\/05\/LacabezaperdidadeDamascenoMonteiro_banner.jpg","keywords":["1943","2012","\u00c1lvaro de Campos","Antonio Tabucchi","blog de Rafael Ram\u00edrez","critica libro","cr\u00edtica literaria","el surrealismo en Portugal","Fernando Pessoa","Firmino","La cabeza perdida de Damasceno Monteiro","lengua y literatura portuguesa","libro recomendado","Lisboa","Nocturno Hind\u00fa","Notturno Indiano","Oporto","Paris","peri\u00f3dico\u00a0O Acontecimento","Pisa","Sostiene Pereira","Tabacaria","Universidad de Bolonia","Universidad de G\u00e9nova","Universidad de Siena","Vecchiano"],"articleSection":["Literatura"],"inLanguage":"es","potentialAction":[{"@type":"CommentAction","name":"Comment","target":["https:\/\/rafaramirez.org\/blog\/index.php\/2024\/05\/14\/la-cabeza-perdida-de-damasceno-monteiro-de-antonio-tabucchi-intriga-cronica-periodistica-y-critica-a-la-sociedad\/#respond"]}]},{"@type":"WebPage","@id":"https:\/\/rafaramirez.org\/blog\/index.php\/2024\/05\/14\/la-cabeza-perdida-de-damasceno-monteiro-de-antonio-tabucchi-intriga-cronica-periodistica-y-critica-a-la-sociedad\/","url":"https:\/\/rafaramirez.org\/blog\/index.php\/2024\/05\/14\/la-cabeza-perdida-de-damasceno-monteiro-de-antonio-tabucchi-intriga-cronica-periodistica-y-critica-a-la-sociedad\/","name":"\u201cLa cabeza perdida de Damasceno Monteiro\u201d de Antonio Tabucchi: intriga, cr\u00f3nica period\u00edstica y cr\u00edtica a la sociedad. - Blog de Rafael Ram\u00edrez","isPartOf":{"@id":"https:\/\/rafaramirez.org\/blog\/#website"},"primaryImageOfPage":{"@id":"https:\/\/rafaramirez.org\/blog\/index.php\/2024\/05\/14\/la-cabeza-perdida-de-damasceno-monteiro-de-antonio-tabucchi-intriga-cronica-periodistica-y-critica-a-la-sociedad\/#primaryimage"},"image":{"@id":"https:\/\/rafaramirez.org\/blog\/index.php\/2024\/05\/14\/la-cabeza-perdida-de-damasceno-monteiro-de-antonio-tabucchi-intriga-cronica-periodistica-y-critica-a-la-sociedad\/#primaryimage"},"thumbnailUrl":"https:\/\/rafaramirez.org\/blog\/wp-content\/uploads\/2024\/05\/LacabezaperdidadeDamascenoMonteiro_banner.jpg","datePublished":"2024-05-14T06:15:01+00:00","breadcrumb":{"@id":"https:\/\/rafaramirez.org\/blog\/index.php\/2024\/05\/14\/la-cabeza-perdida-de-damasceno-monteiro-de-antonio-tabucchi-intriga-cronica-periodistica-y-critica-a-la-sociedad\/#breadcrumb"},"inLanguage":"es","potentialAction":[{"@type":"ReadAction","target":["https:\/\/rafaramirez.org\/blog\/index.php\/2024\/05\/14\/la-cabeza-perdida-de-damasceno-monteiro-de-antonio-tabucchi-intriga-cronica-periodistica-y-critica-a-la-sociedad\/"]}]},{"@type":"ImageObject","inLanguage":"es","@id":"https:\/\/rafaramirez.org\/blog\/index.php\/2024\/05\/14\/la-cabeza-perdida-de-damasceno-monteiro-de-antonio-tabucchi-intriga-cronica-periodistica-y-critica-a-la-sociedad\/#primaryimage","url":"https:\/\/rafaramirez.org\/blog\/wp-content\/uploads\/2024\/05\/LacabezaperdidadeDamascenoMonteiro_banner.jpg","contentUrl":"https:\/\/rafaramirez.org\/blog\/wp-content\/uploads\/2024\/05\/LacabezaperdidadeDamascenoMonteiro_banner.jpg","width":950,"height":633,"caption":"La cabeza perdida de Damasceno Monteiro de Antonio Tabucchi. Blog de Rafael Ram\u00edrez."},{"@type":"BreadcrumbList","@id":"https:\/\/rafaramirez.org\/blog\/index.php\/2024\/05\/14\/la-cabeza-perdida-de-damasceno-monteiro-de-antonio-tabucchi-intriga-cronica-periodistica-y-critica-a-la-sociedad\/#breadcrumb","itemListElement":[{"@type":"ListItem","position":1,"name":"Portada","item":"https:\/\/rafaramirez.org\/blog\/"},{"@type":"ListItem","position":2,"name":"\u201cLa cabeza perdida de Damasceno Monteiro\u201d de Antonio Tabucchi: intriga, cr\u00f3nica period\u00edstica y cr\u00edtica a la sociedad."}]},{"@type":"WebSite","@id":"https:\/\/rafaramirez.org\/blog\/#website","url":"https:\/\/rafaramirez.org\/blog\/","name":"Blog de Rafael Ram\u00edrez","description":"Un sitio social, de arte y cultura","publisher":{"@id":"https:\/\/rafaramirez.org\/blog\/#\/schema\/person\/50f43b6d60c578760d4c17bda54ab6a5"},"potentialAction":[{"@type":"SearchAction","target":{"@type":"EntryPoint","urlTemplate":"https:\/\/rafaramirez.org\/blog\/?s={search_term_string}"},"query-input":{"@type":"PropertyValueSpecification","valueRequired":true,"valueName":"search_term_string"}}],"inLanguage":"es"},{"@type":["Person","Organization"],"@id":"https:\/\/rafaramirez.org\/blog\/#\/schema\/person\/50f43b6d60c578760d4c17bda54ab6a5","name":"Rafael Ram\u00edrez","image":{"@type":"ImageObject","inLanguage":"es","@id":"https:\/\/rafaramirez.org\/blog\/wp-content\/uploads\/2024\/09\/RR_socialnetwork.jpg","url":"https:\/\/rafaramirez.org\/blog\/wp-content\/uploads\/2024\/09\/RR_socialnetwork.jpg","contentUrl":"https:\/\/rafaramirez.org\/blog\/wp-content\/uploads\/2024\/09\/RR_socialnetwork.jpg","width":600,"height":606,"caption":"Rafael Ram\u00edrez"},"logo":{"@id":"https:\/\/rafaramirez.org\/blog\/wp-content\/uploads\/2024\/09\/RR_socialnetwork.jpg"},"sameAs":["https:\/\/www.rafaramirez.org\/blog","https:\/\/www.instagram.com\/rafaramirez_ok\/","https:\/\/es.pinterest.com\/Ramirez_Rafa\/","https:\/\/x.com\/rafaramirez_ok"],"url":"https:\/\/rafaramirez.org\/blog\/index.php\/author\/rafaell_qm6j97da\/"}]}},"jetpack_publicize_connections":[],"jetpack_sharing_enabled":true,"jetpack_likes_enabled":true,"jetpack_featured_media_url":"https:\/\/rafaramirez.org\/blog\/wp-content\/uploads\/2024\/05\/LacabezaperdidadeDamascenoMonteiro_banner.jpg","_links":{"self":[{"href":"https:\/\/rafaramirez.org\/blog\/index.php\/wp-json\/wp\/v2\/posts\/4422","targetHints":{"allow":["GET"]}}],"collection":[{"href":"https:\/\/rafaramirez.org\/blog\/index.php\/wp-json\/wp\/v2\/posts"}],"about":[{"href":"https:\/\/rafaramirez.org\/blog\/index.php\/wp-json\/wp\/v2\/types\/post"}],"author":[{"embeddable":true,"href":"https:\/\/rafaramirez.org\/blog\/index.php\/wp-json\/wp\/v2\/users\/1"}],"replies":[{"embeddable":true,"href":"https:\/\/rafaramirez.org\/blog\/index.php\/wp-json\/wp\/v2\/comments?post=4422"}],"version-history":[{"count":9,"href":"https:\/\/rafaramirez.org\/blog\/index.php\/wp-json\/wp\/v2\/posts\/4422\/revisions"}],"predecessor-version":[{"id":4434,"href":"https:\/\/rafaramirez.org\/blog\/index.php\/wp-json\/wp\/v2\/posts\/4422\/revisions\/4434"}],"wp:featuredmedia":[{"embeddable":true,"href":"https:\/\/rafaramirez.org\/blog\/index.php\/wp-json\/wp\/v2\/media\/4429"}],"wp:attachment":[{"href":"https:\/\/rafaramirez.org\/blog\/index.php\/wp-json\/wp\/v2\/media?parent=4422"}],"wp:term":[{"taxonomy":"category","embeddable":true,"href":"https:\/\/rafaramirez.org\/blog\/index.php\/wp-json\/wp\/v2\/categories?post=4422"},{"taxonomy":"post_tag","embeddable":true,"href":"https:\/\/rafaramirez.org\/blog\/index.php\/wp-json\/wp\/v2\/tags?post=4422"}],"curies":[{"name":"wp","href":"https:\/\/api.w.org\/{rel}","templated":true}]}}