{"id":442,"date":"2014-07-16T16:56:01","date_gmt":"2014-07-16T14:56:01","guid":{"rendered":"http:\/\/blog.rafaramirez.org\/?p=442"},"modified":"2024-03-11T20:03:43","modified_gmt":"2024-03-11T19:03:43","slug":"442","status":"publish","type":"post","link":"https:\/\/rafaramirez.org\/blog\/index.php\/2014\/07\/16\/442\/","title":{"rendered":"Renoir: Almuerzo de remeros"},"content":{"rendered":"<div id=\"id_53c68f31c5ad81888044107\" class=\"text_exposed_root text_exposed\" style=\"text-align: left;\">\u00bfOs acord\u00e1is de <a href=\"http:\/\/es.wikipedia.org\/wiki\/Am%C3%A9lie\" target=\"_blank\" rel=\"noopener noreferrer\">Amelie<\/a>? Su amigo el pintor, Raymond Dufayel en la pel\u00edcula, pintaba y repintaba el cuadro de <a href=\"http:\/\/es.wikipedia.org\/wiki\/Pierre-Auguste_Renoir\" target=\"_blank\" rel=\"noopener noreferrer\">Renoir<\/a> \u00abAlmuerzo de remeros\u00bb.<\/div>\n<div class=\"text_exposed_root text_exposed\" style=\"text-align: center;\">\n<figure id=\"attachment_3723\" aria-describedby=\"caption-attachment-3723\" style=\"width: 300px\" class=\"wp-caption aligncenter\"><a href=\"https:\/\/rafaramirez.org\/blog\/wp-content\/uploads\/2014\/07\/AmelieDufayel.jpg\" target=\"_blank\" rel=\"noopener\"><img loading=\"lazy\" decoding=\"async\" class=\"wp-image-3723 size-medium\" src=\"https:\/\/rafaramirez.org\/blog\/wp-content\/uploads\/2014\/07\/AmelieDufayel-300x127.jpg\" alt=\"Amelie y el Sr. Dufayel\" width=\"300\" height=\"127\" srcset=\"https:\/\/rafaramirez.org\/blog\/wp-content\/uploads\/2014\/07\/AmelieDufayel-300x127.jpg 300w, https:\/\/rafaramirez.org\/blog\/wp-content\/uploads\/2014\/07\/AmelieDufayel-1024x433.jpg 1024w, https:\/\/rafaramirez.org\/blog\/wp-content\/uploads\/2014\/07\/AmelieDufayel-768x325.jpg 768w, https:\/\/rafaramirez.org\/blog\/wp-content\/uploads\/2014\/07\/AmelieDufayel-1536x650.jpg 1536w, https:\/\/rafaramirez.org\/blog\/wp-content\/uploads\/2014\/07\/AmelieDufayel.jpg 1600w\" sizes=\"auto, (max-width: 300px) 100vw, 300px\" \/><\/a><figcaption id=\"caption-attachment-3723\" class=\"wp-caption-text\">Amelie y el Sr. Dufayel<\/figcaption><\/figure>\n<p style=\"text-align: left;\">\u00c9ste es uno de los cuadros del genio impresionista que m\u00e1s admiro por la luz y el color que tan bien<span class=\"text_exposed_show\"> est\u00e1n plasmados en esta obra. Fue una de sus \u00faltimas pinturas y de las m\u00e1s reconocidas, como si Renoir hubiera querido despedirse dejando el list\u00f3n muy alto o como si la vida se le hubiese quedado corta para poder superar ese nivel de maestr\u00eda que ya pose\u00eda.<br \/>\nLa pintura se encuentra en Washington, en el museo de la<a href=\"http:\/\/www.phillipscollection.org\/\" target=\"_blank\" rel=\"noopener noreferrer\"> Colecci\u00f3n Phillips<\/a>&#8230; \u00a1y mi deseo poder visitarlo alg\u00fan d\u00eda!!<\/span><\/p>\n<\/div>\n<figure id=\"attachment_3580\" aria-describedby=\"caption-attachment-3580\" style=\"width: 300px\" class=\"wp-caption aligncenter\"><a href=\"https:\/\/rafaramirez.org\/blog\/wp-content\/uploads\/2024\/03\/Almuerzo_de_remeros_Renoir-scaled.jpg\" target=\"_blank\" rel=\"noopener\"><img loading=\"lazy\" decoding=\"async\" class=\"wp-image-3580 size-medium\" src=\"https:\/\/rafaramirez.org\/blog\/wp-content\/uploads\/2024\/03\/Almuerzo_de_remeros_Renoir-300x216.jpg\" alt=\"Almuerzo de remeros. Pierre-Auguste Renoir.\" width=\"300\" height=\"216\" srcset=\"https:\/\/rafaramirez.org\/blog\/wp-content\/uploads\/2024\/03\/Almuerzo_de_remeros_Renoir-300x216.jpg 300w, https:\/\/rafaramirez.org\/blog\/wp-content\/uploads\/2024\/03\/Almuerzo_de_remeros_Renoir-1024x738.jpg 1024w, https:\/\/rafaramirez.org\/blog\/wp-content\/uploads\/2024\/03\/Almuerzo_de_remeros_Renoir-768x553.jpg 768w, https:\/\/rafaramirez.org\/blog\/wp-content\/uploads\/2024\/03\/Almuerzo_de_remeros_Renoir-1536x1107.jpg 1536w, https:\/\/rafaramirez.org\/blog\/wp-content\/uploads\/2024\/03\/Almuerzo_de_remeros_Renoir-2048x1476.jpg 2048w\" sizes=\"auto, (max-width: 300px) 100vw, 300px\" \/><\/a><figcaption id=\"caption-attachment-3580\" class=\"wp-caption-text\">Almuerzo de remeros. Pierre-Auguste Renoir.<\/figcaption><\/figure>\n","protected":false},"excerpt":{"rendered":"<p>\u00bfOs acord\u00e1is de Amelie? Su amigo el pintor, Raymond Dufayel en la pel\u00edcula, pintaba y repintaba el cuadro de Renoir \u00abAlmuerzo de remeros\u00bb. \u00c9ste es uno de los cuadros del genio impresionista que m\u00e1s admiro por la luz y el color que tan bien est\u00e1n plasmados en esta obra. Fue una de sus \u00faltimas pinturas [&hellip;]<\/p>\n","protected":false},"author":1,"featured_media":2472,"comment_status":"open","ping_status":"closed","sticky":false,"template":"","format":"standard","meta":{"site-container-style":"default","site-container-layout":"default","site-sidebar-layout":"default","disable-article-header":"default","disable-site-header":"default","disable-site-footer":"default","disable-content-area-spacing":"default","_jetpack_newsletter_access":"","_jetpack_dont_email_post_to_subs":true,"_jetpack_newsletter_tier_id":0,"_jetpack_memberships_contains_paywalled_content":false,"_jetpack_feature_clip_id":0,"_jetpack_memberships_contains_paid_content":false,"footnotes":"","jetpack_publicize_message":"","jetpack_publicize_feature_enabled":true,"jetpack_social_post_already_shared":true,"jetpack_social_options":{"image_generator_settings":{"template":"highway","default_image_id":0,"font":"","enabled":false},"version":2},"jetpack_post_was_ever_published":false},"categories":[1290],"tags":[28,30,113,139,371,421,453,515],"class_list":["post-442","post","type-post","status-publish","format-standard","has-post-thumbnail","hentry","category-historia-del-arte","tag-almuerzo-de-remeros","tag-amelie","tag-coleccion-phillips","tag-destacado","tag-pintura","tag-renoir","tag-sr-dufayel","tag-washington"],"yoast_head":"<!-- This site is optimized with the Yoast SEO plugin v28.4 - https:\/\/yoast.com\/product\/yoast-seo-wordpress\/ -->\n<title>Renoir: Almuerzo de remeros - Blog de Rafael Ram\u00edrez<\/title>\n<meta name=\"robots\" content=\"index, follow, max-snippet:-1, max-image-preview:large, max-video-preview:-1\" \/>\n<link rel=\"canonical\" href=\"https:\/\/rafaramirez.org\/blog\/index.php\/2014\/07\/16\/442\/\" \/>\n<meta property=\"og:locale\" content=\"es_ES\" \/>\n<meta property=\"og:type\" content=\"article\" \/>\n<meta property=\"og:title\" content=\"Renoir: Almuerzo de remeros - Blog de Rafael Ram\u00edrez\" \/>\n<meta property=\"og:description\" content=\"\u00bfOs acord\u00e1is de Amelie? Su amigo el pintor, Raymond Dufayel en la pel\u00edcula, pintaba y repintaba el cuadro de Renoir \u00abAlmuerzo de remeros\u00bb. \u00c9ste es uno de los cuadros del genio impresionista que m\u00e1s admiro por la luz y el color que tan bien est\u00e1n plasmados en esta obra. Fue una de sus \u00faltimas pinturas [&hellip;]\" \/>\n<meta property=\"og:url\" content=\"https:\/\/rafaramirez.org\/blog\/index.php\/2014\/07\/16\/442\/\" \/>\n<meta property=\"og:site_name\" content=\"Blog de Rafael Ram\u00edrez\" \/>\n<meta property=\"article:published_time\" content=\"2014-07-16T14:56:01+00:00\" \/>\n<meta property=\"article:modified_time\" content=\"2024-03-11T19:03:43+00:00\" \/>\n<meta property=\"og:image\" content=\"https:\/\/rafaramirez.org\/blog\/wp-content\/uploads\/2014\/07\/Amelie-012-672x372-1.jpg\" \/>\n\t<meta property=\"og:image:width\" content=\"672\" \/>\n\t<meta property=\"og:image:height\" content=\"372\" \/>\n\t<meta property=\"og:image:type\" content=\"image\/jpeg\" \/>\n<meta name=\"author\" content=\"Rafael Ram\u00edrez\" \/>\n<meta name=\"twitter:card\" content=\"summary_large_image\" \/>\n<meta name=\"twitter:creator\" content=\"@rafaramirez_ok\" \/>\n<meta name=\"twitter:site\" content=\"@rafaramirez_ok\" \/>\n<meta name=\"twitter:label1\" content=\"Escrito por\" \/>\n\t<meta name=\"twitter:data1\" content=\"Rafael Ram\u00edrez\" \/>\n\t<meta name=\"twitter:label2\" content=\"Tiempo de lectura\" \/>\n\t<meta name=\"twitter:data2\" content=\"1 minuto\" \/>\n<script type=\"application\/ld+json\" class=\"yoast-schema-graph\">{\"@context\":\"https:\\\/\\\/schema.org\",\"@graph\":[{\"@type\":\"Article\",\"@id\":\"https:\\\/\\\/rafaramirez.org\\\/blog\\\/index.php\\\/2014\\\/07\\\/16\\\/442\\\/#article\",\"isPartOf\":{\"@id\":\"https:\\\/\\\/rafaramirez.org\\\/blog\\\/index.php\\\/2014\\\/07\\\/16\\\/442\\\/\"},\"author\":{\"name\":\"Rafael Ram\u00edrez\",\"@id\":\"https:\\\/\\\/rafaramirez.org\\\/blog\\\/#\\\/schema\\\/person\\\/50f43b6d60c578760d4c17bda54ab6a5\"},\"headline\":\"Renoir: Almuerzo de remeros\",\"datePublished\":\"2014-07-16T14:56:01+00:00\",\"dateModified\":\"2024-03-11T19:03:43+00:00\",\"mainEntityOfPage\":{\"@id\":\"https:\\\/\\\/rafaramirez.org\\\/blog\\\/index.php\\\/2014\\\/07\\\/16\\\/442\\\/\"},\"wordCount\":150,\"commentCount\":0,\"publisher\":{\"@id\":\"https:\\\/\\\/rafaramirez.org\\\/blog\\\/#\\\/schema\\\/person\\\/50f43b6d60c578760d4c17bda54ab6a5\"},\"image\":{\"@id\":\"https:\\\/\\\/rafaramirez.org\\\/blog\\\/index.php\\\/2014\\\/07\\\/16\\\/442\\\/#primaryimage\"},\"thumbnailUrl\":\"https:\\\/\\\/rafaramirez.org\\\/blog\\\/wp-content\\\/uploads\\\/2014\\\/07\\\/Amelie-012-672x372-1.jpg\",\"keywords\":[\"almuerzo de remeros\",\"Amelie\",\"Coleccion Phillips\",\"destacado\",\"pintura\",\"Renoir\",\"Sr. Dufayel\",\"Washington\"],\"articleSection\":[\"Historia del arte\"],\"inLanguage\":\"es\",\"potentialAction\":[{\"@type\":\"CommentAction\",\"name\":\"Comment\",\"target\":[\"https:\\\/\\\/rafaramirez.org\\\/blog\\\/index.php\\\/2014\\\/07\\\/16\\\/442\\\/#respond\"]}]},{\"@type\":\"WebPage\",\"@id\":\"https:\\\/\\\/rafaramirez.org\\\/blog\\\/index.php\\\/2014\\\/07\\\/16\\\/442\\\/\",\"url\":\"https:\\\/\\\/rafaramirez.org\\\/blog\\\/index.php\\\/2014\\\/07\\\/16\\\/442\\\/\",\"name\":\"Renoir: Almuerzo de remeros - Blog de Rafael Ram\u00edrez\",\"isPartOf\":{\"@id\":\"https:\\\/\\\/rafaramirez.org\\\/blog\\\/#website\"},\"primaryImageOfPage\":{\"@id\":\"https:\\\/\\\/rafaramirez.org\\\/blog\\\/index.php\\\/2014\\\/07\\\/16\\\/442\\\/#primaryimage\"},\"image\":{\"@id\":\"https:\\\/\\\/rafaramirez.org\\\/blog\\\/index.php\\\/2014\\\/07\\\/16\\\/442\\\/#primaryimage\"},\"thumbnailUrl\":\"https:\\\/\\\/rafaramirez.org\\\/blog\\\/wp-content\\\/uploads\\\/2014\\\/07\\\/Amelie-012-672x372-1.jpg\",\"datePublished\":\"2014-07-16T14:56:01+00:00\",\"dateModified\":\"2024-03-11T19:03:43+00:00\",\"breadcrumb\":{\"@id\":\"https:\\\/\\\/rafaramirez.org\\\/blog\\\/index.php\\\/2014\\\/07\\\/16\\\/442\\\/#breadcrumb\"},\"inLanguage\":\"es\",\"potentialAction\":[{\"@type\":\"ReadAction\",\"target\":[\"https:\\\/\\\/rafaramirez.org\\\/blog\\\/index.php\\\/2014\\\/07\\\/16\\\/442\\\/\"]}]},{\"@type\":\"ImageObject\",\"inLanguage\":\"es\",\"@id\":\"https:\\\/\\\/rafaramirez.org\\\/blog\\\/index.php\\\/2014\\\/07\\\/16\\\/442\\\/#primaryimage\",\"url\":\"https:\\\/\\\/rafaramirez.org\\\/blog\\\/wp-content\\\/uploads\\\/2014\\\/07\\\/Amelie-012-672x372-1.jpg\",\"contentUrl\":\"https:\\\/\\\/rafaramirez.org\\\/blog\\\/wp-content\\\/uploads\\\/2014\\\/07\\\/Amelie-012-672x372-1.jpg\",\"width\":672,\"height\":372},{\"@type\":\"BreadcrumbList\",\"@id\":\"https:\\\/\\\/rafaramirez.org\\\/blog\\\/index.php\\\/2014\\\/07\\\/16\\\/442\\\/#breadcrumb\",\"itemListElement\":[{\"@type\":\"ListItem\",\"position\":1,\"name\":\"Portada\",\"item\":\"https:\\\/\\\/rafaramirez.org\\\/blog\\\/\"},{\"@type\":\"ListItem\",\"position\":2,\"name\":\"Renoir: Almuerzo de remeros\"}]},{\"@type\":\"WebSite\",\"@id\":\"https:\\\/\\\/rafaramirez.org\\\/blog\\\/#website\",\"url\":\"https:\\\/\\\/rafaramirez.org\\\/blog\\\/\",\"name\":\"Blog de Rafael Ram\u00edrez\",\"description\":\"Un sitio social, de arte y cultura\",\"publisher\":{\"@id\":\"https:\\\/\\\/rafaramirez.org\\\/blog\\\/#\\\/schema\\\/person\\\/50f43b6d60c578760d4c17bda54ab6a5\"},\"potentialAction\":[{\"@type\":\"SearchAction\",\"target\":{\"@type\":\"EntryPoint\",\"urlTemplate\":\"https:\\\/\\\/rafaramirez.org\\\/blog\\\/?s={search_term_string}\"},\"query-input\":{\"@type\":\"PropertyValueSpecification\",\"valueRequired\":true,\"valueName\":\"search_term_string\"}}],\"inLanguage\":\"es\"},{\"@type\":[\"Person\",\"Organization\"],\"@id\":\"https:\\\/\\\/rafaramirez.org\\\/blog\\\/#\\\/schema\\\/person\\\/50f43b6d60c578760d4c17bda54ab6a5\",\"name\":\"Rafael Ram\u00edrez\",\"image\":{\"@type\":\"ImageObject\",\"inLanguage\":\"es\",\"@id\":\"https:\\\/\\\/rafaramirez.org\\\/blog\\\/wp-content\\\/uploads\\\/2024\\\/09\\\/RR_socialnetwork.jpg\",\"url\":\"https:\\\/\\\/rafaramirez.org\\\/blog\\\/wp-content\\\/uploads\\\/2024\\\/09\\\/RR_socialnetwork.jpg\",\"contentUrl\":\"https:\\\/\\\/rafaramirez.org\\\/blog\\\/wp-content\\\/uploads\\\/2024\\\/09\\\/RR_socialnetwork.jpg\",\"width\":600,\"height\":606,\"caption\":\"Rafael Ram\u00edrez\"},\"logo\":{\"@id\":\"https:\\\/\\\/rafaramirez.org\\\/blog\\\/wp-content\\\/uploads\\\/2024\\\/09\\\/RR_socialnetwork.jpg\"},\"sameAs\":[\"https:\\\/\\\/www.rafaramirez.org\\\/blog\",\"https:\\\/\\\/www.instagram.com\\\/rafaramirez_ok\\\/\",\"https:\\\/\\\/es.pinterest.com\\\/Ramirez_Rafa\\\/\",\"https:\\\/\\\/x.com\\\/rafaramirez_ok\"],\"url\":\"https:\\\/\\\/rafaramirez.org\\\/blog\\\/index.php\\\/author\\\/rafaell_qm6j97da\\\/\"}]}<\/script>\n<!-- \/ Yoast SEO plugin. -->","yoast_head_json":{"title":"Renoir: Almuerzo de remeros - Blog de Rafael Ram\u00edrez","robots":{"index":"index","follow":"follow","max-snippet":"max-snippet:-1","max-image-preview":"max-image-preview:large","max-video-preview":"max-video-preview:-1"},"canonical":"https:\/\/rafaramirez.org\/blog\/index.php\/2014\/07\/16\/442\/","og_locale":"es_ES","og_type":"article","og_title":"Renoir: Almuerzo de remeros - Blog de Rafael Ram\u00edrez","og_description":"\u00bfOs acord\u00e1is de Amelie? Su amigo el pintor, Raymond Dufayel en la pel\u00edcula, pintaba y repintaba el cuadro de Renoir \u00abAlmuerzo de remeros\u00bb. \u00c9ste es uno de los cuadros del genio impresionista que m\u00e1s admiro por la luz y el color que tan bien est\u00e1n plasmados en esta obra. Fue una de sus \u00faltimas pinturas [&hellip;]","og_url":"https:\/\/rafaramirez.org\/blog\/index.php\/2014\/07\/16\/442\/","og_site_name":"Blog de Rafael Ram\u00edrez","article_published_time":"2014-07-16T14:56:01+00:00","article_modified_time":"2024-03-11T19:03:43+00:00","og_image":[{"width":672,"height":372,"url":"https:\/\/rafaramirez.org\/blog\/wp-content\/uploads\/2014\/07\/Amelie-012-672x372-1.jpg","type":"image\/jpeg"}],"author":"Rafael Ram\u00edrez","twitter_card":"summary_large_image","twitter_creator":"@rafaramirez_ok","twitter_site":"@rafaramirez_ok","twitter_misc":{"Escrito por":"Rafael Ram\u00edrez","Tiempo de lectura":"1 minuto"},"schema":{"@context":"https:\/\/schema.org","@graph":[{"@type":"Article","@id":"https:\/\/rafaramirez.org\/blog\/index.php\/2014\/07\/16\/442\/#article","isPartOf":{"@id":"https:\/\/rafaramirez.org\/blog\/index.php\/2014\/07\/16\/442\/"},"author":{"name":"Rafael Ram\u00edrez","@id":"https:\/\/rafaramirez.org\/blog\/#\/schema\/person\/50f43b6d60c578760d4c17bda54ab6a5"},"headline":"Renoir: Almuerzo de remeros","datePublished":"2014-07-16T14:56:01+00:00","dateModified":"2024-03-11T19:03:43+00:00","mainEntityOfPage":{"@id":"https:\/\/rafaramirez.org\/blog\/index.php\/2014\/07\/16\/442\/"},"wordCount":150,"commentCount":0,"publisher":{"@id":"https:\/\/rafaramirez.org\/blog\/#\/schema\/person\/50f43b6d60c578760d4c17bda54ab6a5"},"image":{"@id":"https:\/\/rafaramirez.org\/blog\/index.php\/2014\/07\/16\/442\/#primaryimage"},"thumbnailUrl":"https:\/\/rafaramirez.org\/blog\/wp-content\/uploads\/2014\/07\/Amelie-012-672x372-1.jpg","keywords":["almuerzo de remeros","Amelie","Coleccion Phillips","destacado","pintura","Renoir","Sr. Dufayel","Washington"],"articleSection":["Historia del arte"],"inLanguage":"es","potentialAction":[{"@type":"CommentAction","name":"Comment","target":["https:\/\/rafaramirez.org\/blog\/index.php\/2014\/07\/16\/442\/#respond"]}]},{"@type":"WebPage","@id":"https:\/\/rafaramirez.org\/blog\/index.php\/2014\/07\/16\/442\/","url":"https:\/\/rafaramirez.org\/blog\/index.php\/2014\/07\/16\/442\/","name":"Renoir: Almuerzo de remeros - Blog de Rafael Ram\u00edrez","isPartOf":{"@id":"https:\/\/rafaramirez.org\/blog\/#website"},"primaryImageOfPage":{"@id":"https:\/\/rafaramirez.org\/blog\/index.php\/2014\/07\/16\/442\/#primaryimage"},"image":{"@id":"https:\/\/rafaramirez.org\/blog\/index.php\/2014\/07\/16\/442\/#primaryimage"},"thumbnailUrl":"https:\/\/rafaramirez.org\/blog\/wp-content\/uploads\/2014\/07\/Amelie-012-672x372-1.jpg","datePublished":"2014-07-16T14:56:01+00:00","dateModified":"2024-03-11T19:03:43+00:00","breadcrumb":{"@id":"https:\/\/rafaramirez.org\/blog\/index.php\/2014\/07\/16\/442\/#breadcrumb"},"inLanguage":"es","potentialAction":[{"@type":"ReadAction","target":["https:\/\/rafaramirez.org\/blog\/index.php\/2014\/07\/16\/442\/"]}]},{"@type":"ImageObject","inLanguage":"es","@id":"https:\/\/rafaramirez.org\/blog\/index.php\/2014\/07\/16\/442\/#primaryimage","url":"https:\/\/rafaramirez.org\/blog\/wp-content\/uploads\/2014\/07\/Amelie-012-672x372-1.jpg","contentUrl":"https:\/\/rafaramirez.org\/blog\/wp-content\/uploads\/2014\/07\/Amelie-012-672x372-1.jpg","width":672,"height":372},{"@type":"BreadcrumbList","@id":"https:\/\/rafaramirez.org\/blog\/index.php\/2014\/07\/16\/442\/#breadcrumb","itemListElement":[{"@type":"ListItem","position":1,"name":"Portada","item":"https:\/\/rafaramirez.org\/blog\/"},{"@type":"ListItem","position":2,"name":"Renoir: Almuerzo de remeros"}]},{"@type":"WebSite","@id":"https:\/\/rafaramirez.org\/blog\/#website","url":"https:\/\/rafaramirez.org\/blog\/","name":"Blog de Rafael Ram\u00edrez","description":"Un sitio social, de arte y cultura","publisher":{"@id":"https:\/\/rafaramirez.org\/blog\/#\/schema\/person\/50f43b6d60c578760d4c17bda54ab6a5"},"potentialAction":[{"@type":"SearchAction","target":{"@type":"EntryPoint","urlTemplate":"https:\/\/rafaramirez.org\/blog\/?s={search_term_string}"},"query-input":{"@type":"PropertyValueSpecification","valueRequired":true,"valueName":"search_term_string"}}],"inLanguage":"es"},{"@type":["Person","Organization"],"@id":"https:\/\/rafaramirez.org\/blog\/#\/schema\/person\/50f43b6d60c578760d4c17bda54ab6a5","name":"Rafael Ram\u00edrez","image":{"@type":"ImageObject","inLanguage":"es","@id":"https:\/\/rafaramirez.org\/blog\/wp-content\/uploads\/2024\/09\/RR_socialnetwork.jpg","url":"https:\/\/rafaramirez.org\/blog\/wp-content\/uploads\/2024\/09\/RR_socialnetwork.jpg","contentUrl":"https:\/\/rafaramirez.org\/blog\/wp-content\/uploads\/2024\/09\/RR_socialnetwork.jpg","width":600,"height":606,"caption":"Rafael Ram\u00edrez"},"logo":{"@id":"https:\/\/rafaramirez.org\/blog\/wp-content\/uploads\/2024\/09\/RR_socialnetwork.jpg"},"sameAs":["https:\/\/www.rafaramirez.org\/blog","https:\/\/www.instagram.com\/rafaramirez_ok\/","https:\/\/es.pinterest.com\/Ramirez_Rafa\/","https:\/\/x.com\/rafaramirez_ok"],"url":"https:\/\/rafaramirez.org\/blog\/index.php\/author\/rafaell_qm6j97da\/"}]}},"jetpack_publicize_connections":[],"jetpack_sharing_enabled":true,"jetpack_likes_enabled":true,"jetpack_featured_media_url":"https:\/\/rafaramirez.org\/blog\/wp-content\/uploads\/2014\/07\/Amelie-012-672x372-1.jpg","_links":{"self":[{"href":"https:\/\/rafaramirez.org\/blog\/index.php\/wp-json\/wp\/v2\/posts\/442","targetHints":{"allow":["GET"]}}],"collection":[{"href":"https:\/\/rafaramirez.org\/blog\/index.php\/wp-json\/wp\/v2\/posts"}],"about":[{"href":"https:\/\/rafaramirez.org\/blog\/index.php\/wp-json\/wp\/v2\/types\/post"}],"author":[{"embeddable":true,"href":"https:\/\/rafaramirez.org\/blog\/index.php\/wp-json\/wp\/v2\/users\/1"}],"replies":[{"embeddable":true,"href":"https:\/\/rafaramirez.org\/blog\/index.php\/wp-json\/wp\/v2\/comments?post=442"}],"version-history":[{"count":8,"href":"https:\/\/rafaramirez.org\/blog\/index.php\/wp-json\/wp\/v2\/posts\/442\/revisions"}],"predecessor-version":[{"id":3727,"href":"https:\/\/rafaramirez.org\/blog\/index.php\/wp-json\/wp\/v2\/posts\/442\/revisions\/3727"}],"wp:featuredmedia":[{"embeddable":true,"href":"https:\/\/rafaramirez.org\/blog\/index.php\/wp-json\/wp\/v2\/media\/2472"}],"wp:attachment":[{"href":"https:\/\/rafaramirez.org\/blog\/index.php\/wp-json\/wp\/v2\/media?parent=442"}],"wp:term":[{"taxonomy":"category","embeddable":true,"href":"https:\/\/rafaramirez.org\/blog\/index.php\/wp-json\/wp\/v2\/categories?post=442"},{"taxonomy":"post_tag","embeddable":true,"href":"https:\/\/rafaramirez.org\/blog\/index.php\/wp-json\/wp\/v2\/tags?post=442"}],"curies":[{"name":"wp","href":"https:\/\/api.w.org\/{rel}","templated":true}]}}