{"id":4401,"date":"2024-05-10T08:15:37","date_gmt":"2024-05-10T06:15:37","guid":{"rendered":"https:\/\/rafaramirez.org\/blog\/?p=4401"},"modified":"2024-05-07T11:48:02","modified_gmt":"2024-05-07T09:48:02","slug":"si-eres-emigrante-y-tienes-pensado-regresar-a-espana-esto-es-lo-que-debes-saber-para-que-la-experiencia-sea-lo-mas-positiva-posible","status":"publish","type":"post","link":"https:\/\/rafaramirez.org\/blog\/index.php\/2024\/05\/10\/si-eres-emigrante-y-tienes-pensado-regresar-a-espana-esto-es-lo-que-debes-saber-para-que-la-experiencia-sea-lo-mas-positiva-posible\/","title":{"rendered":"\u00bfEres emigrante y estas pensando regresar a Espa\u00f1a? Gu\u00eda para una experiencia positiva."},"content":{"rendered":"<p>El retorno a <strong>Espa\u00f1a<\/strong> despu\u00e9s de vivir en el extranjero durante muchos a\u00f1os puede presentar varios desaf\u00edos sociales para los emigrantes. Algunos de los problemas m\u00e1s comunes incluyen:<\/p>\n<p><strong>Reintegraci\u00f3n<\/strong>: Puede ser dif\u00edcil volver a integrarse en la sociedad espa\u00f1ola, especialmente si ha habido cambios significativos en el pa\u00eds o en la persona durante su tiempo en el extranjero.<\/p>\n<p><strong>Mercado laboral<\/strong>: Los emigrantes pueden enfrentar obst\u00e1culos para encontrar trabajo debido a la falta de reconocimiento de sus calificaciones extranjeras o la necesidad de actualizaci\u00f3n profesional.<\/p>\n<p><strong>Red social<\/strong>: La reconstrucci\u00f3n de una red social puede ser un desaf\u00edo, ya que las amistades y conexiones previas pueden haber cambiado o desaparecido.<\/p>\n<p><strong>Cambio de identidad<\/strong>: Los emigrantes pueden experimentar una crisis de identidad al sentirse divididos entre su cultura de origen y la cultura adoptada durante su estancia en el extranjero.<\/p>\n<p style=\"text-align: center;\"><a href=\"https:\/\/rafaramirez.org\/blog\/wp-content\/uploads\/2024\/05\/emigrante_ret_1.jpg\" target=\"_blank\" rel=\"noopener\"><img loading=\"lazy\" decoding=\"async\" class=\"aligncenter wp-image-4404 size-medium\" src=\"https:\/\/rafaramirez.org\/blog\/wp-content\/uploads\/2024\/05\/emigrante_ret_1-300x200.jpg\" alt=\"Gu\u00eda del emigrante retornado. Blog de Rafael Ram\u00edrez.\" width=\"300\" height=\"200\" srcset=\"https:\/\/rafaramirez.org\/blog\/wp-content\/uploads\/2024\/05\/emigrante_ret_1-300x200.jpg 300w, https:\/\/rafaramirez.org\/blog\/wp-content\/uploads\/2024\/05\/emigrante_ret_1-1024x683.jpg 1024w, https:\/\/rafaramirez.org\/blog\/wp-content\/uploads\/2024\/05\/emigrante_ret_1-768x512.jpg 768w, https:\/\/rafaramirez.org\/blog\/wp-content\/uploads\/2024\/05\/emigrante_ret_1.jpg 1200w\" sizes=\"auto, (max-width: 300px) 100vw, 300px\" \/><\/a><\/p>\n<p><strong>Problemas legales y burocr\u00e1ticos<\/strong>: Pueden surgir complicaciones con la documentaci\u00f3n y el acceso a servicios debido a los cambios en las leyes y procedimientos.<\/p>\n<p><strong>Impacto emocional<\/strong>: El retorno puede provocar sentimientos de p\u00e9rdida, nostalgia o desilusi\u00f3n si las expectativas no se cumplen.<\/p>\n<p>El gobierno espa\u00f1ol ofrece recursos como la <strong><a class=\"ac-anchor\" href=\"https:\/\/ciudadaniaexterior.inclusion.gob.es\/guia-de-retorno\" target=\"_blank\" rel=\"noopener\">Gu\u00eda de Retorno<\/a>,<\/strong> que proporciona informaci\u00f3n \u00fatil para los ciudadanos espa\u00f1oles que consideran regresar a Espa\u00f1a, ayud\u00e1ndoles a navegar por estos desaf\u00edos.\u00a0Adem\u00e1s, es importante que existan pol\u00edticas y programas de apoyo que faciliten la reintegraci\u00f3n de los emigrantes retornados y les ayuden a superar estos obst\u00e1culos.<\/p>\n<h3><strong>Preparando el retorno.\u00a0<\/strong><\/h3>\n<p>Los emigrantes que se preparan para el retorno a Espa\u00f1a pueden tomar varias medidas para facilitar su proceso de reintegraci\u00f3n. Aqu\u00ed hay algunas recomendaciones:<\/p>\n<ol>\n<li><strong>Investigaci\u00f3n y Planificaci\u00f3n<\/strong>:\n<ul>\n<li>Investiga sobre la situaci\u00f3n actual en Espa\u00f1a, como el mercado laboral, la vivienda y los servicios p\u00fablicos.<\/li>\n<li>Planifica tu regreso con anticipaci\u00f3n, considerando aspectos como la documentaci\u00f3n necesaria, la b\u00fasqueda de empleo y la vivienda.<a href=\"https:\/\/rafaramirez.org\/blog\/wp-content\/uploads\/2024\/05\/emigrante_ret_2.jpg\" target=\"_blank\" rel=\"noopener\"><img loading=\"lazy\" decoding=\"async\" class=\"aligncenter wp-image-4406 size-medium\" src=\"https:\/\/rafaramirez.org\/blog\/wp-content\/uploads\/2024\/05\/emigrante_ret_2-300x199.jpg\" alt=\"Gu\u00eda del emigrante retornado. Blog de Rafael Ram\u00edrez.\" width=\"300\" height=\"199\" srcset=\"https:\/\/rafaramirez.org\/blog\/wp-content\/uploads\/2024\/05\/emigrante_ret_2-300x199.jpg 300w, https:\/\/rafaramirez.org\/blog\/wp-content\/uploads\/2024\/05\/emigrante_ret_2-1024x680.jpg 1024w, https:\/\/rafaramirez.org\/blog\/wp-content\/uploads\/2024\/05\/emigrante_ret_2-768x510.jpg 768w, https:\/\/rafaramirez.org\/blog\/wp-content\/uploads\/2024\/05\/emigrante_ret_2.jpg 1200w\" sizes=\"auto, (max-width: 300px) 100vw, 300px\" \/><\/a><\/li>\n<\/ul>\n<\/li>\n<li><strong>Actualizaci\u00f3n Profesional<\/strong>:\n<ul>\n<li>Si has estado fuera durante mucho tiempo, actualiza tus habilidades y conocimientos para adaptarte al mercado laboral espa\u00f1ol.<\/li>\n<li>Investiga oportunidades de formaci\u00f3n o reciclaje profesional.<\/li>\n<\/ul>\n<\/li>\n<li><strong>Contacto con Recursos Oficiales<\/strong>:\n<ul>\n<li><a class=\"tooltip-target\" href=\"https:\/\/ciudadaniaexterior.inclusion.gob.es\/guia-de-retorno\" target=\"_blank\" rel=\"noopener\" data-citationid=\"97c60270-1f80-47b3-0b01-d585cbba7d5a-24-group\">Consulta la\u00a0<strong>Gu\u00eda del Retorno<\/strong>\u00a0proporcionada por la\u00a0<strong>Oficina Espa\u00f1ola del Retorno<\/strong><\/a>. Esta gu\u00eda ofrece informaci\u00f3n sobre prestaciones, ayudas y tr\u00e1mites relacionados con el retorno.<\/li>\n<li><a class=\"tooltip-target\" href=\"https:\/\/ciudadaniaexterior.inclusion.gob.es\/guia-de-retorno\" target=\"_blank\" rel=\"noopener\" data-citationid=\"97c60270-1f80-47b3-0b01-d585cbba7d5a-27-group\">Comun\u00edcate con la Oficina Espa\u00f1ola del Retorno para obtener asesoramiento espec\u00edfico y resolver tus dudas<\/a>.<\/li>\n<\/ul>\n<\/li>\n<li><strong>Red Social y Familiar<\/strong>:\n<ul>\n<li>Mant\u00e9n el contacto con amigos y familiares en Espa\u00f1a antes de regresar.<\/li>\n<li>\u00danete a grupos o comunidades de emigrantes retornados para compartir experiencias y obtener apoyo.<a href=\"https:\/\/rafaramirez.org\/blog\/wp-content\/uploads\/2024\/05\/emigrante_ret_3.jpg\" target=\"_blank\" rel=\"noopener\"><img loading=\"lazy\" decoding=\"async\" class=\"aligncenter wp-image-4407 size-medium\" src=\"https:\/\/rafaramirez.org\/blog\/wp-content\/uploads\/2024\/05\/emigrante_ret_3-300x225.jpg\" alt=\"Gu\u00eda del emigrante retornado. Blog de Rafael Ram\u00edrez.\" width=\"300\" height=\"225\" srcset=\"https:\/\/rafaramirez.org\/blog\/wp-content\/uploads\/2024\/05\/emigrante_ret_3-300x225.jpg 300w, https:\/\/rafaramirez.org\/blog\/wp-content\/uploads\/2024\/05\/emigrante_ret_3-1024x768.jpg 1024w, https:\/\/rafaramirez.org\/blog\/wp-content\/uploads\/2024\/05\/emigrante_ret_3-768x576.jpg 768w, https:\/\/rafaramirez.org\/blog\/wp-content\/uploads\/2024\/05\/emigrante_ret_3.jpg 1200w\" sizes=\"auto, (max-width: 300px) 100vw, 300px\" \/><\/a><\/li>\n<\/ul>\n<\/li>\n<li><strong>Salud Mental y Adaptaci\u00f3n Emocional<\/strong>:\n<ul>\n<li>El retorno puede ser emocionalmente desafiante. Prep\u00e1rate para enfrentar sentimientos de nostalgia, cambios y adaptaci\u00f3n.<\/li>\n<li>Considera buscar apoyo psicol\u00f3gico si es necesario.<\/li>\n<\/ul>\n<\/li>\n<li><strong>Documentaci\u00f3n y Tr\u00e1mites<\/strong>:\n<ul>\n<li>Verifica que tus documentos est\u00e9n en regla y actualizados (pasaporte, DNI, etc.).<\/li>\n<li>Investiga los tr\u00e1mites necesarios para inscribirte en la Seguridad Social, obtener atenci\u00f3n m\u00e9dica y otros servicios.<\/li>\n<\/ul>\n<\/li>\n<li><strong>Explora Oportunidades Laborales<\/strong>:\n<ul>\n<li>Investiga las ofertas de empleo en tu \u00e1rea de experiencia.<\/li>\n<li>Considera la posibilidad de establecer tu propio negocio o emprender.<a href=\"https:\/\/rafaramirez.org\/blog\/wp-content\/uploads\/2024\/05\/emigrante_ret_4.jpg\" target=\"_blank\" rel=\"noopener\"><img loading=\"lazy\" decoding=\"async\" class=\"aligncenter wp-image-4408 size-medium\" src=\"https:\/\/rafaramirez.org\/blog\/wp-content\/uploads\/2024\/05\/emigrante_ret_4-300x201.jpg\" alt=\"Gu\u00eda del emigrante retornado. Blog de Rafael Ram\u00edrez.\" width=\"300\" height=\"201\" srcset=\"https:\/\/rafaramirez.org\/blog\/wp-content\/uploads\/2024\/05\/emigrante_ret_4-300x201.jpg 300w, https:\/\/rafaramirez.org\/blog\/wp-content\/uploads\/2024\/05\/emigrante_ret_4-1024x684.jpg 1024w, https:\/\/rafaramirez.org\/blog\/wp-content\/uploads\/2024\/05\/emigrante_ret_4-768x513.jpg 768w, https:\/\/rafaramirez.org\/blog\/wp-content\/uploads\/2024\/05\/emigrante_ret_4.jpg 1200w\" sizes=\"auto, (max-width: 300px) 100vw, 300px\" \/><\/a><\/li>\n<\/ul>\n<\/li>\n<li><strong>Ajuste Cultural y Social<\/strong>:\n<ul>\n<li>Prep\u00e1rate para adaptarte a las costumbres y normas sociales en Espa\u00f1a.<\/li>\n<li>Participa en actividades locales para conocer gente y construir una red social.<\/li>\n<\/ul>\n<\/li>\n<\/ol>\n<h3><strong>Ayudas para los emigrantes retornados.\u00a0<\/strong><\/h3>\n<p>Para los emigrantes que regresan a Espa\u00f1a, existen varias ayudas econ\u00f3micas que pueden facilitar su reintegraci\u00f3n. A continuaci\u00f3n, describo algunas de las principales:<\/p>\n<ol>\n<li><strong>Subsidio para Emigrantes Retornados<\/strong>:\n<ul>\n<li>Este subsidio est\u00e1 destinado a trabajadores espa\u00f1oles que regresan de pa\u00edses que\u00a0<strong>no forman parte de la Uni\u00f3n Europea<\/strong>, el\u00a0<strong>Espacio Econ\u00f3mico Europeo<\/strong>,\u00a0<strong>Australia<\/strong>\u00a0o\u00a0<strong>Suiza<\/strong>.<\/li>\n<li>Requisitos:\n<ul>\n<li>Haber trabajado al menos\u00a0<strong>12 meses en el extranjero<\/strong>\u00a0en los \u00faltimos seis a\u00f1os desde la \u00faltima salida de Espa\u00f1a.<\/li>\n<li>No tener derecho a la\u00a0<strong>prestaci\u00f3n contributiva por desempleo<\/strong>\u00a0basada en cotizaciones acumuladas en los seis a\u00f1os anteriores a la salida de Espa\u00f1a.<\/li>\n<li>Permanecer inscrito como\u00a0<strong>demandante de empleo durante un mes<\/strong>\u00a0al regresar.<\/li>\n<li>Carecer de rentas superiores al\u00a0<strong>75% del Salario M\u00ednimo Interprofesional (SMI)<\/strong>\u00a0vigente (actualmente, no superar los\u00a0<strong>810 euros al mes<\/strong>\u00a0en 2024).<a href=\"https:\/\/rafaramirez.org\/blog\/wp-content\/uploads\/2024\/05\/emigrante_ret_5.jpg\" target=\"_blank\" rel=\"noopener\"><img loading=\"lazy\" decoding=\"async\" class=\"aligncenter wp-image-4409 size-medium\" src=\"https:\/\/rafaramirez.org\/blog\/wp-content\/uploads\/2024\/05\/emigrante_ret_5-300x188.jpg\" alt=\"Gu\u00eda del emigrante retornado. Blog de Rafael Ram\u00edrez.\" width=\"300\" height=\"188\" srcset=\"https:\/\/rafaramirez.org\/blog\/wp-content\/uploads\/2024\/05\/emigrante_ret_5-300x188.jpg 300w, https:\/\/rafaramirez.org\/blog\/wp-content\/uploads\/2024\/05\/emigrante_ret_5-1024x640.jpg 1024w, https:\/\/rafaramirez.org\/blog\/wp-content\/uploads\/2024\/05\/emigrante_ret_5-768x480.jpg 768w, https:\/\/rafaramirez.org\/blog\/wp-content\/uploads\/2024\/05\/emigrante_ret_5.jpg 1200w\" sizes=\"auto, (max-width: 300px) 100vw, 300px\" \/><\/a><\/li>\n<\/ul>\n<\/li>\n<\/ul>\n<\/li>\n<li><strong>Renta Activa de Inserci\u00f3n para Emigrantes Retornados Mayores de 45 a\u00f1os<\/strong>:\n<ul>\n<li>Dirigida a emigrantes retornados mayores de 45 a\u00f1os que no tienen derecho a la prestaci\u00f3n contributiva.<\/li>\n<li>Proporciona una ayuda econ\u00f3mica durante un per\u00edodo determinado.<\/li>\n<\/ul>\n<\/li>\n<li><strong>Subsidio por Desempleo para Emigrantes Retornados Mayores de 52 a\u00f1os<\/strong>:\n<ul>\n<li>Similar al anterior, pero espec\u00edfico para emigrantes mayores de 52 a\u00f1os.<\/li>\n<\/ul>\n<\/li>\n<li><strong>Prestaci\u00f3n Contributiva por Cotizaciones Antes de Emigrar<\/strong>:\n<ul>\n<li>Si ten\u00edas cotizaciones acumuladas antes de emigrar, puedes tener derecho a esta prestaci\u00f3n.<\/li>\n<\/ul>\n<\/li>\n<\/ol>\n<p>Es importante que los emigrantes consulten con las autoridades competentes y se informen sobre los detalles espec\u00edficos de estas ayudas para asegurarse de cumplir con los requisitos y recibir el apoyo necesario en su proceso de retorno.<\/p>\n<p><strong>Espero que te haya sido \u00fatil esta informaci\u00f3n, recuerda que cada persona tiene una experiencia \u00fanica, pero estar bien informado y preparado puede facilitar la transici\u00f3n al regresar a tu pa\u00eds de origen. \u00a1Buena suerte! \ud83c\udf1f<\/strong><\/p>\n<p>M\u00e1s informaci\u00f3n:<\/p>\n<ul>\n<li><a href=\"https:\/\/ciudadaniaexterior.inclusion.gob.es\/guia-de-retorno\" target=\"_blank\" rel=\"noopener\">Gu\u00eda de retorno.<\/a><\/li>\n<li><a href=\"https:\/\/elpais.com\/planeta-futuro\/2021-01-21\/los-cinco-principales-desafios-de-espana-en-cuestion-de-migraciones-y-asilo.html\" target=\"_blank\" rel=\"noopener\">El Pa\u00eds.com<\/a><\/li>\n<li><a href=\"https:\/\/www.sepe.es\/contenidos\/personas\/prestaciones\/quiero_cobrar_paro\/subsidio_para_emigrantes_retornados.html\" target=\"_blank\" rel=\"noopener\">Sepe.es\u00a0<\/a><\/li>\n<\/ul>\n<p>&nbsp;<\/p>\n","protected":false},"excerpt":{"rendered":"<p>El retorno a Espa\u00f1a despu\u00e9s de vivir en el extranjero durante muchos a\u00f1os puede presentar varios desaf\u00edos sociales para los emigrantes. Algunos de los problemas m\u00e1s comunes incluyen: Reintegraci\u00f3n: Puede ser dif\u00edcil volver a integrarse en la sociedad espa\u00f1ola, especialmente si ha habido cambios significativos en el pa\u00eds o en la persona durante su tiempo [&hellip;]<\/p>\n","protected":false},"author":1,"featured_media":4403,"comment_status":"open","ping_status":"closed","sticky":false,"template":"","format":"standard","meta":{"site-container-style":"default","site-container-layout":"default","site-sidebar-layout":"default","disable-article-header":"default","disable-site-header":"default","disable-site-footer":"default","disable-content-area-spacing":"default","_jetpack_newsletter_access":"","_jetpack_dont_email_post_to_subs":false,"_jetpack_newsletter_tier_id":0,"_jetpack_memberships_contains_paywalled_content":false,"_jetpack_feature_clip_id":0,"_jetpack_memberships_contains_paid_content":false,"footnotes":"","jetpack_publicize_message":"","jetpack_publicize_feature_enabled":true,"jetpack_social_post_already_shared":false,"jetpack_social_options":{"image_generator_settings":{"template":"highway","default_image_id":0,"font":"","enabled":false},"version":2},"jetpack_post_was_ever_published":false},"categories":[15],"tags":[2002,1989,1990,68,1992,2003,1533,1986,166,1991,1999,1988,1997,1994,2000,2005,1998,2009,1996,1995,2001,1993,2007,1987,1015,2006,2008,2004],"class_list":["post-4401","post","type-post","status-publish","format-standard","has-post-thumbnail","hentry","category-noticias-sociales","tag-adaptacion-emocional","tag-ayudas-al-emigrante","tag-ayudas-del-gobierno-2024","tag-blog-de-rafael-ramirez","tag-como-regresar-a-espana","tag-documentacion","tag-emigrantes-espanoles","tag-emigrar","tag-espana","tag-guia-de-ayudas-publicas","tag-guia-del-retorno","tag-guia-para-el-emigrante-retornado","tag-impacto-emocional","tag-mercado-laboral","tag-oficina-espanola-del-retorno","tag-oportunidades-laborales","tag-preparando-el-retorno-a-espana","tag-prestacion-contributiva-por-cotizaciones-antes-de-emigrar","tag-problemas-legales","tag-red-social-cambio-de-identidad","tag-red-social-y-familiar","tag-reintegracion","tag-renta-activa-de-insercion-para-emigrantes-retornados","tag-retornar-a-espana","tag-salud-mental","tag-subsidio-para-emigrantes-retornados","tag-subsidio-por-desempleo-para-emigrantes-retornados","tag-tramites"],"yoast_head":"<!-- This site is optimized with the Yoast SEO plugin v28.4 - https:\/\/yoast.com\/product\/yoast-seo-wordpress\/ -->\n<title>\u00bfEres emigrante y estas pensando regresar a Espa\u00f1a? Gu\u00eda para una experiencia positiva. - Blog de Rafael Ram\u00edrez<\/title>\n<meta name=\"robots\" content=\"index, follow, max-snippet:-1, max-image-preview:large, max-video-preview:-1\" \/>\n<link rel=\"canonical\" href=\"https:\/\/rafaramirez.org\/blog\/index.php\/2024\/05\/10\/si-eres-emigrante-y-tienes-pensado-regresar-a-espana-esto-es-lo-que-debes-saber-para-que-la-experiencia-sea-lo-mas-positiva-posible\/\" \/>\n<meta property=\"og:locale\" content=\"es_ES\" \/>\n<meta property=\"og:type\" content=\"article\" \/>\n<meta property=\"og:title\" content=\"\u00bfEres emigrante y estas pensando regresar a Espa\u00f1a? Gu\u00eda para una experiencia positiva. - Blog de Rafael Ram\u00edrez\" \/>\n<meta property=\"og:description\" content=\"El retorno a Espa\u00f1a despu\u00e9s de vivir en el extranjero durante muchos a\u00f1os puede presentar varios desaf\u00edos sociales para los emigrantes. Algunos de los problemas m\u00e1s comunes incluyen: Reintegraci\u00f3n: Puede ser dif\u00edcil volver a integrarse en la sociedad espa\u00f1ola, especialmente si ha habido cambios significativos en el pa\u00eds o en la persona durante su tiempo [&hellip;]\" \/>\n<meta property=\"og:url\" content=\"https:\/\/rafaramirez.org\/blog\/index.php\/2024\/05\/10\/si-eres-emigrante-y-tienes-pensado-regresar-a-espana-esto-es-lo-que-debes-saber-para-que-la-experiencia-sea-lo-mas-positiva-posible\/\" \/>\n<meta property=\"og:site_name\" content=\"Blog de Rafael Ram\u00edrez\" \/>\n<meta property=\"article:published_time\" content=\"2024-05-10T06:15:37+00:00\" \/>\n<meta property=\"og:image\" content=\"https:\/\/rafaramirez.org\/blog\/wp-content\/uploads\/2024\/05\/emigrante_ret_banner.jpg\" \/>\n\t<meta property=\"og:image:width\" content=\"850\" \/>\n\t<meta property=\"og:image:height\" content=\"545\" \/>\n\t<meta property=\"og:image:type\" content=\"image\/jpeg\" \/>\n<meta name=\"author\" content=\"Rafael Ram\u00edrez\" \/>\n<meta name=\"twitter:card\" content=\"summary_large_image\" \/>\n<meta name=\"twitter:creator\" content=\"@rafaramirez_ok\" \/>\n<meta name=\"twitter:site\" content=\"@rafaramirez_ok\" \/>\n<meta name=\"twitter:label1\" content=\"Escrito por\" \/>\n\t<meta name=\"twitter:data1\" content=\"Rafael Ram\u00edrez\" \/>\n\t<meta name=\"twitter:label2\" content=\"Tiempo de lectura\" \/>\n\t<meta name=\"twitter:data2\" content=\"4 minutos\" \/>\n<script type=\"application\/ld+json\" class=\"yoast-schema-graph\">{\"@context\":\"https:\\\/\\\/schema.org\",\"@graph\":[{\"@type\":\"Article\",\"@id\":\"https:\\\/\\\/rafaramirez.org\\\/blog\\\/index.php\\\/2024\\\/05\\\/10\\\/si-eres-emigrante-y-tienes-pensado-regresar-a-espana-esto-es-lo-que-debes-saber-para-que-la-experiencia-sea-lo-mas-positiva-posible\\\/#article\",\"isPartOf\":{\"@id\":\"https:\\\/\\\/rafaramirez.org\\\/blog\\\/index.php\\\/2024\\\/05\\\/10\\\/si-eres-emigrante-y-tienes-pensado-regresar-a-espana-esto-es-lo-que-debes-saber-para-que-la-experiencia-sea-lo-mas-positiva-posible\\\/\"},\"author\":{\"name\":\"Rafael Ram\u00edrez\",\"@id\":\"https:\\\/\\\/rafaramirez.org\\\/blog\\\/#\\\/schema\\\/person\\\/50f43b6d60c578760d4c17bda54ab6a5\"},\"headline\":\"\u00bfEres emigrante y estas pensando regresar a Espa\u00f1a? Gu\u00eda para una experiencia positiva.\",\"datePublished\":\"2024-05-10T06:15:37+00:00\",\"mainEntityOfPage\":{\"@id\":\"https:\\\/\\\/rafaramirez.org\\\/blog\\\/index.php\\\/2024\\\/05\\\/10\\\/si-eres-emigrante-y-tienes-pensado-regresar-a-espana-esto-es-lo-que-debes-saber-para-que-la-experiencia-sea-lo-mas-positiva-posible\\\/\"},\"wordCount\":905,\"commentCount\":0,\"publisher\":{\"@id\":\"https:\\\/\\\/rafaramirez.org\\\/blog\\\/#\\\/schema\\\/person\\\/50f43b6d60c578760d4c17bda54ab6a5\"},\"image\":{\"@id\":\"https:\\\/\\\/rafaramirez.org\\\/blog\\\/index.php\\\/2024\\\/05\\\/10\\\/si-eres-emigrante-y-tienes-pensado-regresar-a-espana-esto-es-lo-que-debes-saber-para-que-la-experiencia-sea-lo-mas-positiva-posible\\\/#primaryimage\"},\"thumbnailUrl\":\"https:\\\/\\\/rafaramirez.org\\\/blog\\\/wp-content\\\/uploads\\\/2024\\\/05\\\/emigrante_ret_banner.jpg\",\"keywords\":[\"adaptaci\u00f3n emocional\",\"ayudas al emigrante\",\"ayudas del gobierno 2024\",\"blog de Rafael Ram\u00edrez\",\"como regresar a Espa\u00f1a\",\"documentaci\u00f3n\",\"emigrantes espa\u00f1oles\",\"emigrar\",\"espa\u00f1a\",\"gu\u00eda de ayudas p\u00fablicas\",\"gu\u00eda del retorno\",\"gu\u00eda para el emigrante retornado\",\"impacto emocional\",\"mercado laboral\",\"Oficina Espa\u00f1ola del Retorno\",\"oportunidades laborales\",\"preparando el retorno a Espa\u00f1a\",\"Prestaci\u00f3n Contributiva por Cotizaciones Antes de Emigrar\",\"problemas legales\",\"red social cambio de identidad\",\"red social y familiar\",\"reintegraci\u00f3n\",\"Renta Activa de Inserci\u00f3n para Emigrantes Retornados\",\"retornar a Espa\u00f1a\",\"salud mental\",\"Subsidio para Emigrantes Retornados\",\"Subsidio por Desempleo para Emigrantes Retornados\",\"tramites\"],\"articleSection\":[\"Informe social\"],\"inLanguage\":\"es\",\"potentialAction\":[{\"@type\":\"CommentAction\",\"name\":\"Comment\",\"target\":[\"https:\\\/\\\/rafaramirez.org\\\/blog\\\/index.php\\\/2024\\\/05\\\/10\\\/si-eres-emigrante-y-tienes-pensado-regresar-a-espana-esto-es-lo-que-debes-saber-para-que-la-experiencia-sea-lo-mas-positiva-posible\\\/#respond\"]}]},{\"@type\":\"WebPage\",\"@id\":\"https:\\\/\\\/rafaramirez.org\\\/blog\\\/index.php\\\/2024\\\/05\\\/10\\\/si-eres-emigrante-y-tienes-pensado-regresar-a-espana-esto-es-lo-que-debes-saber-para-que-la-experiencia-sea-lo-mas-positiva-posible\\\/\",\"url\":\"https:\\\/\\\/rafaramirez.org\\\/blog\\\/index.php\\\/2024\\\/05\\\/10\\\/si-eres-emigrante-y-tienes-pensado-regresar-a-espana-esto-es-lo-que-debes-saber-para-que-la-experiencia-sea-lo-mas-positiva-posible\\\/\",\"name\":\"\u00bfEres emigrante y estas pensando regresar a Espa\u00f1a? Gu\u00eda para una experiencia positiva. - Blog de Rafael Ram\u00edrez\",\"isPartOf\":{\"@id\":\"https:\\\/\\\/rafaramirez.org\\\/blog\\\/#website\"},\"primaryImageOfPage\":{\"@id\":\"https:\\\/\\\/rafaramirez.org\\\/blog\\\/index.php\\\/2024\\\/05\\\/10\\\/si-eres-emigrante-y-tienes-pensado-regresar-a-espana-esto-es-lo-que-debes-saber-para-que-la-experiencia-sea-lo-mas-positiva-posible\\\/#primaryimage\"},\"image\":{\"@id\":\"https:\\\/\\\/rafaramirez.org\\\/blog\\\/index.php\\\/2024\\\/05\\\/10\\\/si-eres-emigrante-y-tienes-pensado-regresar-a-espana-esto-es-lo-que-debes-saber-para-que-la-experiencia-sea-lo-mas-positiva-posible\\\/#primaryimage\"},\"thumbnailUrl\":\"https:\\\/\\\/rafaramirez.org\\\/blog\\\/wp-content\\\/uploads\\\/2024\\\/05\\\/emigrante_ret_banner.jpg\",\"datePublished\":\"2024-05-10T06:15:37+00:00\",\"breadcrumb\":{\"@id\":\"https:\\\/\\\/rafaramirez.org\\\/blog\\\/index.php\\\/2024\\\/05\\\/10\\\/si-eres-emigrante-y-tienes-pensado-regresar-a-espana-esto-es-lo-que-debes-saber-para-que-la-experiencia-sea-lo-mas-positiva-posible\\\/#breadcrumb\"},\"inLanguage\":\"es\",\"potentialAction\":[{\"@type\":\"ReadAction\",\"target\":[\"https:\\\/\\\/rafaramirez.org\\\/blog\\\/index.php\\\/2024\\\/05\\\/10\\\/si-eres-emigrante-y-tienes-pensado-regresar-a-espana-esto-es-lo-que-debes-saber-para-que-la-experiencia-sea-lo-mas-positiva-posible\\\/\"]}]},{\"@type\":\"ImageObject\",\"inLanguage\":\"es\",\"@id\":\"https:\\\/\\\/rafaramirez.org\\\/blog\\\/index.php\\\/2024\\\/05\\\/10\\\/si-eres-emigrante-y-tienes-pensado-regresar-a-espana-esto-es-lo-que-debes-saber-para-que-la-experiencia-sea-lo-mas-positiva-posible\\\/#primaryimage\",\"url\":\"https:\\\/\\\/rafaramirez.org\\\/blog\\\/wp-content\\\/uploads\\\/2024\\\/05\\\/emigrante_ret_banner.jpg\",\"contentUrl\":\"https:\\\/\\\/rafaramirez.org\\\/blog\\\/wp-content\\\/uploads\\\/2024\\\/05\\\/emigrante_ret_banner.jpg\",\"width\":850,\"height\":545,\"caption\":\"Gu\u00eda del emigrante retornado. Blog de Rafael Ram\u00edrez.\"},{\"@type\":\"BreadcrumbList\",\"@id\":\"https:\\\/\\\/rafaramirez.org\\\/blog\\\/index.php\\\/2024\\\/05\\\/10\\\/si-eres-emigrante-y-tienes-pensado-regresar-a-espana-esto-es-lo-que-debes-saber-para-que-la-experiencia-sea-lo-mas-positiva-posible\\\/#breadcrumb\",\"itemListElement\":[{\"@type\":\"ListItem\",\"position\":1,\"name\":\"Portada\",\"item\":\"https:\\\/\\\/rafaramirez.org\\\/blog\\\/\"},{\"@type\":\"ListItem\",\"position\":2,\"name\":\"\u00bfEres emigrante y estas pensando regresar a Espa\u00f1a? Gu\u00eda para una experiencia positiva.\"}]},{\"@type\":\"WebSite\",\"@id\":\"https:\\\/\\\/rafaramirez.org\\\/blog\\\/#website\",\"url\":\"https:\\\/\\\/rafaramirez.org\\\/blog\\\/\",\"name\":\"Blog de Rafael Ram\u00edrez\",\"description\":\"Un sitio social, de arte y cultura\",\"publisher\":{\"@id\":\"https:\\\/\\\/rafaramirez.org\\\/blog\\\/#\\\/schema\\\/person\\\/50f43b6d60c578760d4c17bda54ab6a5\"},\"potentialAction\":[{\"@type\":\"SearchAction\",\"target\":{\"@type\":\"EntryPoint\",\"urlTemplate\":\"https:\\\/\\\/rafaramirez.org\\\/blog\\\/?s={search_term_string}\"},\"query-input\":{\"@type\":\"PropertyValueSpecification\",\"valueRequired\":true,\"valueName\":\"search_term_string\"}}],\"inLanguage\":\"es\"},{\"@type\":[\"Person\",\"Organization\"],\"@id\":\"https:\\\/\\\/rafaramirez.org\\\/blog\\\/#\\\/schema\\\/person\\\/50f43b6d60c578760d4c17bda54ab6a5\",\"name\":\"Rafael Ram\u00edrez\",\"image\":{\"@type\":\"ImageObject\",\"inLanguage\":\"es\",\"@id\":\"https:\\\/\\\/rafaramirez.org\\\/blog\\\/wp-content\\\/uploads\\\/2024\\\/09\\\/RR_socialnetwork.jpg\",\"url\":\"https:\\\/\\\/rafaramirez.org\\\/blog\\\/wp-content\\\/uploads\\\/2024\\\/09\\\/RR_socialnetwork.jpg\",\"contentUrl\":\"https:\\\/\\\/rafaramirez.org\\\/blog\\\/wp-content\\\/uploads\\\/2024\\\/09\\\/RR_socialnetwork.jpg\",\"width\":600,\"height\":606,\"caption\":\"Rafael Ram\u00edrez\"},\"logo\":{\"@id\":\"https:\\\/\\\/rafaramirez.org\\\/blog\\\/wp-content\\\/uploads\\\/2024\\\/09\\\/RR_socialnetwork.jpg\"},\"sameAs\":[\"https:\\\/\\\/www.rafaramirez.org\\\/blog\",\"https:\\\/\\\/www.instagram.com\\\/rafaramirez_ok\\\/\",\"https:\\\/\\\/es.pinterest.com\\\/Ramirez_Rafa\\\/\",\"https:\\\/\\\/x.com\\\/rafaramirez_ok\"],\"url\":\"https:\\\/\\\/rafaramirez.org\\\/blog\\\/index.php\\\/author\\\/rafaell_qm6j97da\\\/\"}]}<\/script>\n<!-- \/ Yoast SEO plugin. -->","yoast_head_json":{"title":"\u00bfEres emigrante y estas pensando regresar a Espa\u00f1a? Gu\u00eda para una experiencia positiva. - Blog de Rafael Ram\u00edrez","robots":{"index":"index","follow":"follow","max-snippet":"max-snippet:-1","max-image-preview":"max-image-preview:large","max-video-preview":"max-video-preview:-1"},"canonical":"https:\/\/rafaramirez.org\/blog\/index.php\/2024\/05\/10\/si-eres-emigrante-y-tienes-pensado-regresar-a-espana-esto-es-lo-que-debes-saber-para-que-la-experiencia-sea-lo-mas-positiva-posible\/","og_locale":"es_ES","og_type":"article","og_title":"\u00bfEres emigrante y estas pensando regresar a Espa\u00f1a? Gu\u00eda para una experiencia positiva. - Blog de Rafael Ram\u00edrez","og_description":"El retorno a Espa\u00f1a despu\u00e9s de vivir en el extranjero durante muchos a\u00f1os puede presentar varios desaf\u00edos sociales para los emigrantes. Algunos de los problemas m\u00e1s comunes incluyen: Reintegraci\u00f3n: Puede ser dif\u00edcil volver a integrarse en la sociedad espa\u00f1ola, especialmente si ha habido cambios significativos en el pa\u00eds o en la persona durante su tiempo [&hellip;]","og_url":"https:\/\/rafaramirez.org\/blog\/index.php\/2024\/05\/10\/si-eres-emigrante-y-tienes-pensado-regresar-a-espana-esto-es-lo-que-debes-saber-para-que-la-experiencia-sea-lo-mas-positiva-posible\/","og_site_name":"Blog de Rafael Ram\u00edrez","article_published_time":"2024-05-10T06:15:37+00:00","og_image":[{"width":850,"height":545,"url":"https:\/\/rafaramirez.org\/blog\/wp-content\/uploads\/2024\/05\/emigrante_ret_banner.jpg","type":"image\/jpeg"}],"author":"Rafael Ram\u00edrez","twitter_card":"summary_large_image","twitter_creator":"@rafaramirez_ok","twitter_site":"@rafaramirez_ok","twitter_misc":{"Escrito por":"Rafael Ram\u00edrez","Tiempo de lectura":"4 minutos"},"schema":{"@context":"https:\/\/schema.org","@graph":[{"@type":"Article","@id":"https:\/\/rafaramirez.org\/blog\/index.php\/2024\/05\/10\/si-eres-emigrante-y-tienes-pensado-regresar-a-espana-esto-es-lo-que-debes-saber-para-que-la-experiencia-sea-lo-mas-positiva-posible\/#article","isPartOf":{"@id":"https:\/\/rafaramirez.org\/blog\/index.php\/2024\/05\/10\/si-eres-emigrante-y-tienes-pensado-regresar-a-espana-esto-es-lo-que-debes-saber-para-que-la-experiencia-sea-lo-mas-positiva-posible\/"},"author":{"name":"Rafael Ram\u00edrez","@id":"https:\/\/rafaramirez.org\/blog\/#\/schema\/person\/50f43b6d60c578760d4c17bda54ab6a5"},"headline":"\u00bfEres emigrante y estas pensando regresar a Espa\u00f1a? Gu\u00eda para una experiencia positiva.","datePublished":"2024-05-10T06:15:37+00:00","mainEntityOfPage":{"@id":"https:\/\/rafaramirez.org\/blog\/index.php\/2024\/05\/10\/si-eres-emigrante-y-tienes-pensado-regresar-a-espana-esto-es-lo-que-debes-saber-para-que-la-experiencia-sea-lo-mas-positiva-posible\/"},"wordCount":905,"commentCount":0,"publisher":{"@id":"https:\/\/rafaramirez.org\/blog\/#\/schema\/person\/50f43b6d60c578760d4c17bda54ab6a5"},"image":{"@id":"https:\/\/rafaramirez.org\/blog\/index.php\/2024\/05\/10\/si-eres-emigrante-y-tienes-pensado-regresar-a-espana-esto-es-lo-que-debes-saber-para-que-la-experiencia-sea-lo-mas-positiva-posible\/#primaryimage"},"thumbnailUrl":"https:\/\/rafaramirez.org\/blog\/wp-content\/uploads\/2024\/05\/emigrante_ret_banner.jpg","keywords":["adaptaci\u00f3n emocional","ayudas al emigrante","ayudas del gobierno 2024","blog de Rafael Ram\u00edrez","como regresar a Espa\u00f1a","documentaci\u00f3n","emigrantes espa\u00f1oles","emigrar","espa\u00f1a","gu\u00eda de ayudas p\u00fablicas","gu\u00eda del retorno","gu\u00eda para el emigrante retornado","impacto emocional","mercado laboral","Oficina Espa\u00f1ola del Retorno","oportunidades laborales","preparando el retorno a Espa\u00f1a","Prestaci\u00f3n Contributiva por Cotizaciones Antes de Emigrar","problemas legales","red social cambio de identidad","red social y familiar","reintegraci\u00f3n","Renta Activa de Inserci\u00f3n para Emigrantes Retornados","retornar a Espa\u00f1a","salud mental","Subsidio para Emigrantes Retornados","Subsidio por Desempleo para Emigrantes Retornados","tramites"],"articleSection":["Informe social"],"inLanguage":"es","potentialAction":[{"@type":"CommentAction","name":"Comment","target":["https:\/\/rafaramirez.org\/blog\/index.php\/2024\/05\/10\/si-eres-emigrante-y-tienes-pensado-regresar-a-espana-esto-es-lo-que-debes-saber-para-que-la-experiencia-sea-lo-mas-positiva-posible\/#respond"]}]},{"@type":"WebPage","@id":"https:\/\/rafaramirez.org\/blog\/index.php\/2024\/05\/10\/si-eres-emigrante-y-tienes-pensado-regresar-a-espana-esto-es-lo-que-debes-saber-para-que-la-experiencia-sea-lo-mas-positiva-posible\/","url":"https:\/\/rafaramirez.org\/blog\/index.php\/2024\/05\/10\/si-eres-emigrante-y-tienes-pensado-regresar-a-espana-esto-es-lo-que-debes-saber-para-que-la-experiencia-sea-lo-mas-positiva-posible\/","name":"\u00bfEres emigrante y estas pensando regresar a Espa\u00f1a? Gu\u00eda para una experiencia positiva. - Blog de Rafael Ram\u00edrez","isPartOf":{"@id":"https:\/\/rafaramirez.org\/blog\/#website"},"primaryImageOfPage":{"@id":"https:\/\/rafaramirez.org\/blog\/index.php\/2024\/05\/10\/si-eres-emigrante-y-tienes-pensado-regresar-a-espana-esto-es-lo-que-debes-saber-para-que-la-experiencia-sea-lo-mas-positiva-posible\/#primaryimage"},"image":{"@id":"https:\/\/rafaramirez.org\/blog\/index.php\/2024\/05\/10\/si-eres-emigrante-y-tienes-pensado-regresar-a-espana-esto-es-lo-que-debes-saber-para-que-la-experiencia-sea-lo-mas-positiva-posible\/#primaryimage"},"thumbnailUrl":"https:\/\/rafaramirez.org\/blog\/wp-content\/uploads\/2024\/05\/emigrante_ret_banner.jpg","datePublished":"2024-05-10T06:15:37+00:00","breadcrumb":{"@id":"https:\/\/rafaramirez.org\/blog\/index.php\/2024\/05\/10\/si-eres-emigrante-y-tienes-pensado-regresar-a-espana-esto-es-lo-que-debes-saber-para-que-la-experiencia-sea-lo-mas-positiva-posible\/#breadcrumb"},"inLanguage":"es","potentialAction":[{"@type":"ReadAction","target":["https:\/\/rafaramirez.org\/blog\/index.php\/2024\/05\/10\/si-eres-emigrante-y-tienes-pensado-regresar-a-espana-esto-es-lo-que-debes-saber-para-que-la-experiencia-sea-lo-mas-positiva-posible\/"]}]},{"@type":"ImageObject","inLanguage":"es","@id":"https:\/\/rafaramirez.org\/blog\/index.php\/2024\/05\/10\/si-eres-emigrante-y-tienes-pensado-regresar-a-espana-esto-es-lo-que-debes-saber-para-que-la-experiencia-sea-lo-mas-positiva-posible\/#primaryimage","url":"https:\/\/rafaramirez.org\/blog\/wp-content\/uploads\/2024\/05\/emigrante_ret_banner.jpg","contentUrl":"https:\/\/rafaramirez.org\/blog\/wp-content\/uploads\/2024\/05\/emigrante_ret_banner.jpg","width":850,"height":545,"caption":"Gu\u00eda del emigrante retornado. Blog de Rafael Ram\u00edrez."},{"@type":"BreadcrumbList","@id":"https:\/\/rafaramirez.org\/blog\/index.php\/2024\/05\/10\/si-eres-emigrante-y-tienes-pensado-regresar-a-espana-esto-es-lo-que-debes-saber-para-que-la-experiencia-sea-lo-mas-positiva-posible\/#breadcrumb","itemListElement":[{"@type":"ListItem","position":1,"name":"Portada","item":"https:\/\/rafaramirez.org\/blog\/"},{"@type":"ListItem","position":2,"name":"\u00bfEres emigrante y estas pensando regresar a Espa\u00f1a? Gu\u00eda para una experiencia positiva."}]},{"@type":"WebSite","@id":"https:\/\/rafaramirez.org\/blog\/#website","url":"https:\/\/rafaramirez.org\/blog\/","name":"Blog de Rafael Ram\u00edrez","description":"Un sitio social, de arte y cultura","publisher":{"@id":"https:\/\/rafaramirez.org\/blog\/#\/schema\/person\/50f43b6d60c578760d4c17bda54ab6a5"},"potentialAction":[{"@type":"SearchAction","target":{"@type":"EntryPoint","urlTemplate":"https:\/\/rafaramirez.org\/blog\/?s={search_term_string}"},"query-input":{"@type":"PropertyValueSpecification","valueRequired":true,"valueName":"search_term_string"}}],"inLanguage":"es"},{"@type":["Person","Organization"],"@id":"https:\/\/rafaramirez.org\/blog\/#\/schema\/person\/50f43b6d60c578760d4c17bda54ab6a5","name":"Rafael Ram\u00edrez","image":{"@type":"ImageObject","inLanguage":"es","@id":"https:\/\/rafaramirez.org\/blog\/wp-content\/uploads\/2024\/09\/RR_socialnetwork.jpg","url":"https:\/\/rafaramirez.org\/blog\/wp-content\/uploads\/2024\/09\/RR_socialnetwork.jpg","contentUrl":"https:\/\/rafaramirez.org\/blog\/wp-content\/uploads\/2024\/09\/RR_socialnetwork.jpg","width":600,"height":606,"caption":"Rafael Ram\u00edrez"},"logo":{"@id":"https:\/\/rafaramirez.org\/blog\/wp-content\/uploads\/2024\/09\/RR_socialnetwork.jpg"},"sameAs":["https:\/\/www.rafaramirez.org\/blog","https:\/\/www.instagram.com\/rafaramirez_ok\/","https:\/\/es.pinterest.com\/Ramirez_Rafa\/","https:\/\/x.com\/rafaramirez_ok"],"url":"https:\/\/rafaramirez.org\/blog\/index.php\/author\/rafaell_qm6j97da\/"}]}},"jetpack_publicize_connections":[],"jetpack_sharing_enabled":true,"jetpack_likes_enabled":true,"jetpack_featured_media_url":"https:\/\/rafaramirez.org\/blog\/wp-content\/uploads\/2024\/05\/emigrante_ret_banner.jpg","_links":{"self":[{"href":"https:\/\/rafaramirez.org\/blog\/index.php\/wp-json\/wp\/v2\/posts\/4401","targetHints":{"allow":["GET"]}}],"collection":[{"href":"https:\/\/rafaramirez.org\/blog\/index.php\/wp-json\/wp\/v2\/posts"}],"about":[{"href":"https:\/\/rafaramirez.org\/blog\/index.php\/wp-json\/wp\/v2\/types\/post"}],"author":[{"embeddable":true,"href":"https:\/\/rafaramirez.org\/blog\/index.php\/wp-json\/wp\/v2\/users\/1"}],"replies":[{"embeddable":true,"href":"https:\/\/rafaramirez.org\/blog\/index.php\/wp-json\/wp\/v2\/comments?post=4401"}],"version-history":[{"count":4,"href":"https:\/\/rafaramirez.org\/blog\/index.php\/wp-json\/wp\/v2\/posts\/4401\/revisions"}],"predecessor-version":[{"id":4412,"href":"https:\/\/rafaramirez.org\/blog\/index.php\/wp-json\/wp\/v2\/posts\/4401\/revisions\/4412"}],"wp:featuredmedia":[{"embeddable":true,"href":"https:\/\/rafaramirez.org\/blog\/index.php\/wp-json\/wp\/v2\/media\/4403"}],"wp:attachment":[{"href":"https:\/\/rafaramirez.org\/blog\/index.php\/wp-json\/wp\/v2\/media?parent=4401"}],"wp:term":[{"taxonomy":"category","embeddable":true,"href":"https:\/\/rafaramirez.org\/blog\/index.php\/wp-json\/wp\/v2\/categories?post=4401"},{"taxonomy":"post_tag","embeddable":true,"href":"https:\/\/rafaramirez.org\/blog\/index.php\/wp-json\/wp\/v2\/tags?post=4401"}],"curies":[{"name":"wp","href":"https:\/\/api.w.org\/{rel}","templated":true}]}}