{"id":4382,"date":"2024-05-09T08:15:34","date_gmt":"2024-05-09T06:15:34","guid":{"rendered":"https:\/\/rafaramirez.org\/blog\/?p=4382"},"modified":"2024-09-19T13:52:39","modified_gmt":"2024-09-19T11:52:39","slug":"paseo-de-flamencas-pintura-al-oleo-40x50-cm-cuadro-original-pintado-a-mano","status":"publish","type":"post","link":"https:\/\/rafaramirez.org\/blog\/index.php\/2024\/05\/09\/paseo-de-flamencas-pintura-al-oleo-40x50-cm-cuadro-original-pintado-a-mano\/","title":{"rendered":"Paseo de flamencas | Pintura al \u00d3leo 40\u00d750 cm | Cuadro original pintado a mano"},"content":{"rendered":"<p>La pintura <strong>\u201cPaseo de flamencas\u201d de Rafael Ram\u00edrez<\/strong> es una obra que captura la esencia de la cultura andaluza a trav\u00e9s de la imagen de dos mujeres vestidas con el tradicional traje de flamenca. La escena transcurre en la calle San Agust\u00edn, una v\u00eda emblem\u00e1tica de M\u00e1laga conocida por su arquitectura hist\u00f3rica y por albergar el Museo Picasso.<\/p>\n<p>La pintura de Rafael Ram\u00edrez es una obra que evoca una sensaci\u00f3n de nostalgia y admiraci\u00f3n. La t\u00e9cnica utilizada por Ram\u00edrez, \u00f3leo sobre lienzo, permite una rica textura y profundidad en la obra, haciendo que los colores vibrantes y c\u00e1lidos resalten de manera espectacular.<\/p>\n<style id=\"bwg-style-0\">      #bwg_container1_0 #bwg_container2_0 #bwg_mosaic_thumbnails_div_0 {        width: 100%;        position: relative;        background-color: rgba(255, 255, 255, 0.00);        text-align: center;        justify-content: center;                  margin-left: auto;          margin-right: auto;                    padding-left: 2px;          padding-top: 2px;                }          #bwg_container1_0 #bwg_container2_0 .bwg_mosaic_thumb_spun_0 {        display: block;        position: absolute;\t\t\t\tborder-radius: 0;\t\t\t\tborder: 0px none #CCCCCC;    \t\t    \t\tbackground-color:rgba(0,0,0, 0.30);        -moz-box-sizing: content-box !important;        -webkit-box-sizing: content-box !important;        box-sizing: content-box !important;      }\t\t\t#bwg_container1_0 #bwg_container2_0 .bwg_mosaic_thumb_0 {\t\t\t\tdisplay: block;\t\t\t\t-moz-box-sizing: content-box !important;\t\t\t\t-webkit-box-sizing: content-box !important;\t\t\t\tbox-sizing: content-box !important;\t\t\t\tmargin: 0;\t\t\t\topacity: 1.00;\t\t\t}      #bwg_container1_0 #bwg_container2_0 .bwg_mosaic_thumb_spun_0:hover {        opacity: 1;        backface-visibility: hidden;        -webkit-backface-visibility: hidden;        -moz-backface-visibility: hidden;        -ms-backface-visibility: hidden;        z-index: 102;      }\t     @media only screen and (min-width: 480px) {\t\t#bwg_container1_0 #bwg_container2_0 .bwg-container-0.bwg-mosaic-thumbnails .bwg-item0 img {\t\t\t-webkit-transition: -webkit-transform .3s; transition: transform .3s;\t\t}\t\t#bwg_container1_0 #bwg_container2_0 .bwg-container-0.bwg-mosaic-thumbnails .bwg-item0 img:hover {\t\t\t-ms-transform: scale(1.08);\t\t\t-webkit-transform: scale(1.08);\t\t\ttransform: scale(1.08);\t\t}\t\t      }\t      #bwg_container1_0 #bwg_container2_0 .bwg_mosaic_thumbnails_0 {        background-color: rgba(255, 255, 255, 0.00);        font-size: 0;        position: relative;        text-align: center;        display: inline-block;        visibility: hidden;              }\t  \/*image title styles*\/      #bwg_container1_0 #bwg_container2_0 .bwg_mosaic_title_spun1_0,      #bwg_container1_0 #bwg_container2_0 .bwg-mosaic-thumbnails .bwg_ecommerce_spun1_0 {        position: absolute;        display: block;        opacity: 0;        box-sizing: border-box;        text-align: center;\t\t\t\ttop: 50%;\t\t\t\tleft: 50%;\t\t\t\ttransform: translate(-50%, -50%);      }      #bwg_container1_0 #bwg_container2_0 .bwg-mosaic-thumbnails .bwg_mosaic_title_spun2_0,      #bwg_container1_0 #bwg_container2_0 .bwg-mosaic-thumbnails .bwg_ecommerce_spun2_0 {\t\t    color: #323A45;        font-family: Ubuntu;        font-size: 16px;        font-weight: bold;        text-shadow: ;        vertical-align: middle;        word-wrap: break-word;      }            .bwg_mosaic_play_icon_spun_0 {        display: table;        position: absolute;        left: -10000px;        top: 0px;        opacity: 0;      }      .bwg_mosaic_play_icon_0 {        color: #323A45;        font-size: 32px;        vertical-align: middle;        display: table-cell !important;        z-index: 1;        text-align: center;        margin: 0 auto;      }      #bwg_container1_0 #bwg_container2_0 .bwg_gal_title_0 {        background-color: rgba(0, 0, 0, 0);        color: #323A45;        display: block;        font-family: Ubuntu;        font-size: 16px;        font-weight: bold;        padding: 2px;        text-shadow: ;        text-align: center;      }            @media screen and (max-width: 350px) {      div[class^=\"bwg_mosaic_thumbnails_\"],      span[class^=\"bwg_mosaic_thumb_spun_\"] {      width: 100% !important;      }      img[class^=\"bwg_mosaic_thumb_\"] {      width: 100% !important;      height: auto !important;      margin: 0px auto !important;      }      }      <\/style>    <div id=\"bwg_container1_0\"         class=\"bwg_container bwg_thumbnail bwg_thumbnails_mosaic \"         data-right-click-protection=\"1\"         data-bwg=\"0\"         data-scroll=\"0\"         data-gallery-type=\"thumbnails_mosaic\"         data-gallery-view-type=\"thumbnails_mosaic\"         data-current-url=\"\/blog\/index.php\/wp-json\/wp\/v2\/posts\/4382\"         data-lightbox-url=\"https:\/\/rafaramirez.org\/blog\/wp-admin\/admin-ajax.php?action=GalleryBox&#038;current_view=0&#038;gallery_id=21&#038;tag=0&#038;theme_id=1&#038;shortcode_id=45&#038;sort_by=order&#038;order_by=asc&#038;current_url=%2Fblog%2Findex.php%2Fwp-json%2Fwp%2Fv2%2Fposts%2F4382\"         data-gallery-id=\"21\"         data-popup-width=\"800\"         data-popup-height=\"500\"         data-is-album=\"gallery\"         data-buttons-position=\"bottom\">      <div id=\"bwg_container2_0\">             <div id=\"ajax_loading_0\" class=\"bwg_loading_div_1\">      <div class=\"bwg_loading_div_2\">        <div class=\"bwg_loading_div_3\">          <div id=\"loading_div_0\" class=\"bwg_spider_ajax_loading\">          <\/div>        <\/div>      <\/div>    <\/div>            <form id=\"gal_front_form_0\"              class=\"bwg-hidden\"              method=\"post\"              action=\"#\"              data-current=\"0\"              data-shortcode-id=\"45\"              data-gallery-type=\"thumbnails_mosaic\"              data-gallery-id=\"21\"              data-tag=\"0\"              data-album-id=\"0\"              data-theme-id=\"1\"              data-ajax-url=\"https:\/\/rafaramirez.org\/blog\/wp-admin\/admin-ajax.php?action=bwg_frontend_data\">          <div id=\"bwg_container3_0\" class=\"bwg-background bwg-background-0\">                <div id=\"bwg_mosaic_thumbnails_div_0\"         class=\"bwg-container-0 bwg-container bwg-mosaic-thumbnails\"         data-bwg=\"0\"         data-mosaic-direction=\"vertical\"         data-resizable=\"0\"         data-width=\"250\"         data-height=\"250\"         data-total-width=\"100\"         data-block-id=\"bwg_thumbnails_mosaic_0\"         data-thumb-padding=\"2\"         data-thumb-border=\"0\"         data-title-margin=\"2px\"         data-image-title=\"none\"         data-play-icon=\"1\"         data-ecommerce-icon=\"none\"         data-gallery-id=\"21\"         data-lightbox-url=\"https:\/\/rafaramirez.org\/blog\/wp-admin\/admin-ajax.php?action=GalleryBox&#038;current_view=0&#038;gallery_id=21&#038;tag=0&#038;theme_id=1&#038;shortcode_id=45&#038;sort_by=order&#038;order_by=asc&#038;current_url=%2Fblog%2Findex.php%2Fwp-json%2Fwp%2Fv2%2Fposts%2F4382\"         data-mosaic-thumb-transition=\"1\"         style=\"visibility: hidden\" >      <div id=\"bwg_thumbnails_mosaic_0\" class=\"bwg_mosaic_thumbnails_0\">                  <a  class=\"bwg-a bwg_lightbox bwg_lightbox_0\" href=\"https:\/\/rafaramirez.org\/blog\/wp-content\/uploads\/photo-gallery\/imported_from_media_libray\/paseodeflamencas_oleo_rafael_ramirez_logblog.jpg?bwg=1721641999\" data-image-id=\"203\" data-elementor-open-lightbox=\"no\">          <div class=\"bwg_mosaic_thumb_spun_0 bwg-item0 bwg-mosaic-thumb-span \">            <img decoding=\"async\" class=\"bwg_mosaic_thumb_0 skip-lazy bwg_img_clear bwg_img_custom \"                 id=\"203\"                 src=\"https:\/\/rafaramirez.org\/blog\/wp-content\/uploads\/photo-gallery\/imported_from_media_libray\/thumb\/paseodeflamencas_oleo_rafael_ramirez_logblog.jpg?bwg=1721641999\"                 data-src=\"https:\/\/rafaramirez.org\/blog\/wp-content\/uploads\/photo-gallery\/imported_from_media_libray\/thumb\/paseodeflamencas_oleo_rafael_ramirez_logblog.jpg?bwg=1721641999\"                 data-width=\"402.00\"                 data-height=\"500.00\"                 alt=\"Paseo de flamencas, pintura al \u00f3leo de Rafael Ram\u00edrez.\"                 title=\"Paseo de flamencas, pintura al \u00f3leo de Rafael Ram\u00edrez.\" \/>                      <\/div>        <\/a>                <a  class=\"bwg-a bwg_lightbox bwg_lightbox_0\" href=\"https:\/\/rafaramirez.org\/blog\/wp-content\/uploads\/photo-gallery\/imported_from_media_libray\/paseodeflamencas_oleo_rafael_ramirez_det1_logblog.jpg?bwg=1721641999\" data-image-id=\"199\" data-elementor-open-lightbox=\"no\">          <div class=\"bwg_mosaic_thumb_spun_0 bwg-item0 bwg-mosaic-thumb-span \">            <img decoding=\"async\" class=\"bwg_mosaic_thumb_0 skip-lazy bwg_img_clear bwg_img_custom \"                 id=\"199\"                 src=\"https:\/\/rafaramirez.org\/blog\/wp-content\/uploads\/photo-gallery\/imported_from_media_libray\/thumb\/paseodeflamencas_oleo_rafael_ramirez_det1_logblog.jpg?bwg=1721641999\"                 data-src=\"https:\/\/rafaramirez.org\/blog\/wp-content\/uploads\/photo-gallery\/imported_from_media_libray\/thumb\/paseodeflamencas_oleo_rafael_ramirez_det1_logblog.jpg?bwg=1721641999\"                 data-width=\"500.00\"                 data-height=\"223.00\"                 alt=\"Paseo de flamencas, pintura al \u00f3leo de Rafael Ram\u00edrez.\"                 title=\"Paseo de flamencas, pintura al \u00f3leo de Rafael Ram\u00edrez.\" \/>                      <\/div>        <\/a>                <a  class=\"bwg-a bwg_lightbox bwg_lightbox_0\" href=\"https:\/\/rafaramirez.org\/blog\/wp-content\/uploads\/photo-gallery\/imported_from_media_libray\/paseodeflamencas_oleo_rafael_ramirez_det2_logblog.jpg?bwg=1721641999\" data-image-id=\"200\" data-elementor-open-lightbox=\"no\">          <div class=\"bwg_mosaic_thumb_spun_0 bwg-item0 bwg-mosaic-thumb-span \">            <img decoding=\"async\" class=\"bwg_mosaic_thumb_0 skip-lazy bwg_img_clear bwg_img_custom \"                 id=\"200\"                 src=\"https:\/\/rafaramirez.org\/blog\/wp-content\/uploads\/photo-gallery\/imported_from_media_libray\/thumb\/paseodeflamencas_oleo_rafael_ramirez_det2_logblog.jpg?bwg=1721641999\"                 data-src=\"https:\/\/rafaramirez.org\/blog\/wp-content\/uploads\/photo-gallery\/imported_from_media_libray\/thumb\/paseodeflamencas_oleo_rafael_ramirez_det2_logblog.jpg?bwg=1721641999\"                 data-width=\"364.00\"                 data-height=\"500.00\"                 alt=\"Paseo de flamencas, pintura al \u00f3leo de Rafael Ram\u00edrez.\"                 title=\"Paseo de flamencas, pintura al \u00f3leo de Rafael Ram\u00edrez.\" \/>                      <\/div>        <\/a>                <a  class=\"bwg-a bwg_lightbox bwg_lightbox_0\" href=\"https:\/\/rafaramirez.org\/blog\/wp-content\/uploads\/photo-gallery\/imported_from_media_libray\/paseodeflamencas_oleo_rafael_ramirez_det3_logblog.jpg?bwg=1721641999\" data-image-id=\"201\" data-elementor-open-lightbox=\"no\">          <div class=\"bwg_mosaic_thumb_spun_0 bwg-item0 bwg-mosaic-thumb-span \">            <img decoding=\"async\" class=\"bwg_mosaic_thumb_0 skip-lazy bwg_img_clear bwg_img_custom \"                 id=\"201\"                 src=\"https:\/\/rafaramirez.org\/blog\/wp-content\/uploads\/photo-gallery\/imported_from_media_libray\/thumb\/paseodeflamencas_oleo_rafael_ramirez_det3_logblog.jpg?bwg=1721641999\"                 data-src=\"https:\/\/rafaramirez.org\/blog\/wp-content\/uploads\/photo-gallery\/imported_from_media_libray\/thumb\/paseodeflamencas_oleo_rafael_ramirez_det3_logblog.jpg?bwg=1721641999\"                 data-width=\"362.00\"                 data-height=\"500.00\"                 alt=\"Paseo de flamencas, pintura al \u00f3leo de Rafael Ram\u00edrez.\"                 title=\"Paseo de flamencas, pintura al \u00f3leo de Rafael Ram\u00edrez.\" \/>                      <\/div>        <\/a>                <a  class=\"bwg-a bwg_lightbox bwg_lightbox_0\" href=\"https:\/\/rafaramirez.org\/blog\/wp-content\/uploads\/photo-gallery\/imported_from_media_libray\/paseodeflamencas_oleo_rafael_ramirez_det4_logblog.jpg?bwg=1721641999\" data-image-id=\"202\" data-elementor-open-lightbox=\"no\">          <div class=\"bwg_mosaic_thumb_spun_0 bwg-item0 bwg-mosaic-thumb-span \">            <img decoding=\"async\" class=\"bwg_mosaic_thumb_0 skip-lazy bwg_img_clear bwg_img_custom \"                 id=\"202\"                 src=\"https:\/\/rafaramirez.org\/blog\/wp-content\/uploads\/photo-gallery\/imported_from_media_libray\/thumb\/paseodeflamencas_oleo_rafael_ramirez_det4_logblog.jpg?bwg=1721641999\"                 data-src=\"https:\/\/rafaramirez.org\/blog\/wp-content\/uploads\/photo-gallery\/imported_from_media_libray\/thumb\/paseodeflamencas_oleo_rafael_ramirez_det4_logblog.jpg?bwg=1721641999\"                 data-width=\"369.00\"                 data-height=\"500.00\"                 alt=\"Paseo de flamencas, pintura al \u00f3leo de Rafael Ram\u00edrez.\"                 title=\"Paseo de flamencas, pintura al \u00f3leo de Rafael Ram\u00edrez.\" \/>                      <\/div>        <\/a>                <a  class=\"bwg-a bwg_lightbox bwg_lightbox_0\" href=\"https:\/\/rafaramirez.org\/blog\/wp-content\/uploads\/photo-gallery\/imported_from_media_libray\/Paseo-de-flamencas_2_rafaelramirez_logblog.jpg?bwg=1721641999\" data-image-id=\"192\" data-elementor-open-lightbox=\"no\">          <div class=\"bwg_mosaic_thumb_spun_0 bwg-item0 bwg-mosaic-thumb-span \">            <img decoding=\"async\" class=\"bwg_mosaic_thumb_0 skip-lazy bwg_img_clear bwg_img_custom \"                 id=\"192\"                 src=\"https:\/\/rafaramirez.org\/blog\/wp-content\/uploads\/photo-gallery\/imported_from_media_libray\/thumb\/Paseo-de-flamencas_2_rafaelramirez_logblog.jpg?bwg=1721641999\"                 data-src=\"https:\/\/rafaramirez.org\/blog\/wp-content\/uploads\/photo-gallery\/imported_from_media_libray\/thumb\/Paseo-de-flamencas_2_rafaelramirez_logblog.jpg?bwg=1721641999\"                 data-width=\"329.00\"                 data-height=\"500.00\"                 alt=\"Paseo de flamencas, pintura al \u00f3leo de Rafael Ram\u00edrez.\"                 title=\"Paseo de flamencas, pintura al \u00f3leo de Rafael Ram\u00edrez.\" \/>                      <\/div>        <\/a>                <a  class=\"bwg-a bwg_lightbox bwg_lightbox_0\" href=\"https:\/\/rafaramirez.org\/blog\/wp-content\/uploads\/photo-gallery\/imported_from_media_libray\/Paseo-de-flamencas_3_rafaelramirez_logblog.jpg?bwg=1721641999\" data-image-id=\"193\" data-elementor-open-lightbox=\"no\">          <div class=\"bwg_mosaic_thumb_spun_0 bwg-item0 bwg-mosaic-thumb-span \">            <img decoding=\"async\" class=\"bwg_mosaic_thumb_0 skip-lazy bwg_img_clear bwg_img_custom \"                 id=\"193\"                 src=\"https:\/\/rafaramirez.org\/blog\/wp-content\/uploads\/photo-gallery\/imported_from_media_libray\/thumb\/Paseo-de-flamencas_3_rafaelramirez_logblog.jpg?bwg=1721641999\"                 data-src=\"https:\/\/rafaramirez.org\/blog\/wp-content\/uploads\/photo-gallery\/imported_from_media_libray\/thumb\/Paseo-de-flamencas_3_rafaelramirez_logblog.jpg?bwg=1721641999\"                 data-width=\"500.00\"                 data-height=\"375.00\"                 alt=\"Paseo de flamencas, pintura al \u00f3leo de Rafael Ram\u00edrez.\"                 title=\"Paseo de flamencas, pintura al \u00f3leo de Rafael Ram\u00edrez.\" \/>                      <\/div>        <\/a>                <a  class=\"bwg-a bwg_lightbox bwg_lightbox_0\" href=\"https:\/\/rafaramirez.org\/blog\/wp-content\/uploads\/photo-gallery\/imported_from_media_libray\/Paseo-de-flamencas_5_rafaelramirez_logblog.jpg?bwg=1721641999\" data-image-id=\"194\" data-elementor-open-lightbox=\"no\">          <div class=\"bwg_mosaic_thumb_spun_0 bwg-item0 bwg-mosaic-thumb-span \">            <img decoding=\"async\" class=\"bwg_mosaic_thumb_0 skip-lazy bwg_img_clear bwg_img_custom \"                 id=\"194\"                 src=\"https:\/\/rafaramirez.org\/blog\/wp-content\/uploads\/photo-gallery\/imported_from_media_libray\/thumb\/Paseo-de-flamencas_5_rafaelramirez_logblog.jpg?bwg=1721641999\"                 data-src=\"https:\/\/rafaramirez.org\/blog\/wp-content\/uploads\/photo-gallery\/imported_from_media_libray\/thumb\/Paseo-de-flamencas_5_rafaelramirez_logblog.jpg?bwg=1721641999\"                 data-width=\"500.00\"                 data-height=\"375.00\"                 alt=\"Paseo de flamencas, pintura al \u00f3leo de Rafael Ram\u00edrez.\"                 title=\"Paseo de flamencas, pintura al \u00f3leo de Rafael Ram\u00edrez.\" \/>                      <\/div>        <\/a>                <a  class=\"bwg-a bwg_lightbox bwg_lightbox_0\" href=\"https:\/\/rafaramirez.org\/blog\/wp-content\/uploads\/photo-gallery\/imported_from_media_libray\/Paseo-de-flamencas_6_rafaelramirez_logblog.jpg?bwg=1721641999\" data-image-id=\"195\" data-elementor-open-lightbox=\"no\">          <div class=\"bwg_mosaic_thumb_spun_0 bwg-item0 bwg-mosaic-thumb-span \">            <img decoding=\"async\" class=\"bwg_mosaic_thumb_0 skip-lazy bwg_img_clear bwg_img_custom \"                 id=\"195\"                 src=\"https:\/\/rafaramirez.org\/blog\/wp-content\/uploads\/photo-gallery\/imported_from_media_libray\/thumb\/Paseo-de-flamencas_6_rafaelramirez_logblog.jpg?bwg=1721641999\"                 data-src=\"https:\/\/rafaramirez.org\/blog\/wp-content\/uploads\/photo-gallery\/imported_from_media_libray\/thumb\/Paseo-de-flamencas_6_rafaelramirez_logblog.jpg?bwg=1721641999\"                 data-width=\"373.00\"                 data-height=\"500.00\"                 alt=\"Paseo de flamencas, pintura al \u00f3leo de Rafael Ram\u00edrez.\"                 title=\"Paseo de flamencas, pintura al \u00f3leo de Rafael Ram\u00edrez.\" \/>                      <\/div>        <\/a>                <a  class=\"bwg-a bwg_lightbox bwg_lightbox_0\" href=\"https:\/\/rafaramirez.org\/blog\/wp-content\/uploads\/photo-gallery\/imported_from_media_libray\/Paseo-de-flamencas_9_rafaelramirez_logblog.jpg?bwg=1721641999\" data-image-id=\"196\" data-elementor-open-lightbox=\"no\">          <div class=\"bwg_mosaic_thumb_spun_0 bwg-item0 bwg-mosaic-thumb-span \">            <img decoding=\"async\" class=\"bwg_mosaic_thumb_0 skip-lazy bwg_img_clear bwg_img_custom \"                 id=\"196\"                 src=\"https:\/\/rafaramirez.org\/blog\/wp-content\/uploads\/photo-gallery\/imported_from_media_libray\/thumb\/Paseo-de-flamencas_9_rafaelramirez_logblog.jpg?bwg=1721641999\"                 data-src=\"https:\/\/rafaramirez.org\/blog\/wp-content\/uploads\/photo-gallery\/imported_from_media_libray\/thumb\/Paseo-de-flamencas_9_rafaelramirez_logblog.jpg?bwg=1721641999\"                 data-width=\"500.00\"                 data-height=\"333.00\"                 alt=\"Paseo de flamencas, pintura al \u00f3leo de Rafael Ram\u00edrez.\"                 title=\"Paseo de flamencas, pintura al \u00f3leo de Rafael Ram\u00edrez.\" \/>                      <\/div>        <\/a>                <a  class=\"bwg-a bwg_lightbox bwg_lightbox_0\" href=\"https:\/\/rafaramirez.org\/blog\/wp-content\/uploads\/photo-gallery\/imported_from_media_libray\/Paseo-de-flamencas_11_rafaelramirez_logblog.jpg?bwg=1721641999\" data-image-id=\"197\" data-elementor-open-lightbox=\"no\">          <div class=\"bwg_mosaic_thumb_spun_0 bwg-item0 bwg-mosaic-thumb-span \">            <img decoding=\"async\" class=\"bwg_mosaic_thumb_0 skip-lazy bwg_img_clear bwg_img_custom \"                 id=\"197\"                 src=\"https:\/\/rafaramirez.org\/blog\/wp-content\/uploads\/photo-gallery\/imported_from_media_libray\/thumb\/Paseo-de-flamencas_11_rafaelramirez_logblog.jpg?bwg=1721641999\"                 data-src=\"https:\/\/rafaramirez.org\/blog\/wp-content\/uploads\/photo-gallery\/imported_from_media_libray\/thumb\/Paseo-de-flamencas_11_rafaelramirez_logblog.jpg?bwg=1721641999\"                 data-width=\"500.00\"                 data-height=\"333.00\"                 alt=\"Paseo de flamencas, pintura al \u00f3leo de Rafael Ram\u00edrez.\"                 title=\"Paseo de flamencas, pintura al \u00f3leo de Rafael Ram\u00edrez.\" \/>                      <\/div>        <\/a>                <a  class=\"bwg-a bwg_lightbox bwg_lightbox_0\" href=\"https:\/\/rafaramirez.org\/blog\/wp-content\/uploads\/photo-gallery\/imported_from_media_libray\/Paseo-de-flamencas_12_rafaelramirez_logblog.jpg?bwg=1721641999\" data-image-id=\"198\" data-elementor-open-lightbox=\"no\">          <div class=\"bwg_mosaic_thumb_spun_0 bwg-item0 bwg-mosaic-thumb-span \">            <img decoding=\"async\" class=\"bwg_mosaic_thumb_0 skip-lazy bwg_img_clear bwg_img_custom \"                 id=\"198\"                 src=\"https:\/\/rafaramirez.org\/blog\/wp-content\/uploads\/photo-gallery\/imported_from_media_libray\/thumb\/Paseo-de-flamencas_12_rafaelramirez_logblog.jpg?bwg=1721641999\"                 data-src=\"https:\/\/rafaramirez.org\/blog\/wp-content\/uploads\/photo-gallery\/imported_from_media_libray\/thumb\/Paseo-de-flamencas_12_rafaelramirez_logblog.jpg?bwg=1721641999\"                 data-width=\"500.00\"                 data-height=\"333.00\"                 alt=\"Paseo de flamencas, pintura al \u00f3leo de Rafael Ram\u00edrez.\"                 title=\"Paseo de flamencas, pintura al \u00f3leo de Rafael Ram\u00edrez.\" \/>                      <\/div>        <\/a>            <\/div>    <\/div>    <style>      \/*pagination styles*\/      #bwg_container1_0 #bwg_container2_0 .tablenav-pages_0 {\t\t\t\ttext-align: center;\t\t\t\tfont-size: 12px;\t\t\t\tfont-family: Ubuntu;\t\t\t\tfont-weight: bold;\t\t\t\tcolor: #666666;\t\t\t\tmargin: 6px 0 4px;\t\t\t\tdisplay: block;      }      @media only screen and (max-width : 320px) {      #bwg_container1_0 #bwg_container2_0 .displaying-num_0 {     \t display: none;      }      }      #bwg_container1_0 #bwg_container2_0 .displaying-num_0 {\t\t\t\tfont-size: 12px;\t\t\t\tfont-family: Ubuntu;\t\t\t\tfont-weight: bold;\t\t\t\tcolor: #666666;\t\t\t\tmargin-right: 10px;\t\t\t\tvertical-align: middle;      }      #bwg_container1_0 #bwg_container2_0 .paging-input_0 {\t\t\t\tfont-size: 12px;\t\t\t\tfont-family: Ubuntu;\t\t\t\tfont-weight: bold;\t\t\t\tcolor: #666666;\t\t\t\tvertical-align: middle;      }      #bwg_container1_0 #bwg_container2_0 .tablenav-pages_0 a.disabled,      #bwg_container1_0 #bwg_container2_0 .tablenav-pages_0 a.disabled:hover,      #bwg_container1_0 #bwg_container2_0 .tablenav-pages_0 a.disabled:focus,\t\t\t#bwg_container1_0 #bwg_container2_0 .tablenav-pages_0 input.bwg_current_page {\t\t\t\tcursor: default;\t\t\t\tcolor: rgba(102, 102, 102, 0.5);      }      #bwg_container1_0 #bwg_container2_0 .tablenav-pages_0 a,      #bwg_container1_0 #bwg_container2_0 .tablenav-pages_0 input.bwg_current_page {\t\t\t\tcursor: pointer;\t\t\t\ttext-align: center;\t\t\t\tfont-size: 12px;\t\t\t\tfont-family: Ubuntu;\t\t\t\tfont-weight: bold;\t\t\t\tcolor: #666666;\t\t\t\ttext-decoration: none;\t\t\t\tpadding: 3px 6px;\t\t\t\tmargin: 0;\t\t\t\tborder-radius: 0;\t\t\t\tborder-style: solid;\t\t\t\tborder-width: 1px;\t\t\t\tborder-color: #E3E3E3;\t\t\t\t\t\t\t\tbackground-color: rgba(255, 255, 255, 1.00);\t\t\t\tbox-shadow: 0;\t\t\t\ttransition: all 0.3s ease 0s;-webkit-transition: all 0.3s ease 0s;      }      <\/style>      <span class=\"bwg_nav_cont_0\">              <div class=\"tablenav-pages_0\">                  <\/div>                <input type=\"hidden\" id=\"page_number_0\" name=\"page_number_0\" value=\"1\" \/>      <script type=\"text\/javascript\">        if( jQuery('.bwg_nav_cont_0').length > 1 ) {          jQuery('.bwg_nav_cont_0').first().remove()        }        function spider_page_0(cur, x, y, load_more) {          if (typeof load_more == \"undefined\") {            var load_more = false;          }          if (jQuery(cur).hasClass('disabled')) {            return false;          }          var items_county_0 = 1;          switch (y) {            case 1:              if (x >= items_county_0) {                document.getElementById('page_number_0').value = items_county_0;              }              else {                document.getElementById('page_number_0').value = x + 1;              }              break;            case 2:              document.getElementById('page_number_0').value = items_county_0;              break;            case -1:              if (x == 1) {                document.getElementById('page_number_0').value = 1;              }              else {                document.getElementById('page_number_0').value = x - 1;              }              break;            case -2:              document.getElementById('page_number_0').value = 1;              break;\t\t\t\t\t\tcase 0:              document.getElementById('page_number_0').value = x;              break;            default:              document.getElementById('page_number_0').value = 1;          }          bwg_ajax('gal_front_form_0', '0', 'bwg_thumbnails_mosaic_0', '0', '', 'gallery', 0, '', '', load_more, '', 1);        }                    jQuery('.first-page-0').on('click', function () {              spider_page_0(this, 1, -2, 'numeric');              return false;            });            jQuery('.prev-page-0').on('click', function () {              spider_page_0(this, 1, -1, 'numeric');              return false;            });            jQuery('.next-page-0').on('click', function () {              spider_page_0(this, 1, 1, 'numeric');              return false;            });            jQuery('.last-page-0').on('click', function () {              spider_page_0(this, 1, 2, 'numeric');              return false;            });        \t\t\t\t\/* Change page on input enter. *\/        function bwg_change_page_0( e, that ) {          if (  e.key == 'Enter' ) {            var to_page = parseInt(jQuery(that).val());            var pages_count = jQuery(that).parents(\".pagination-links\").data(\"pages-count\");            var current_url_param = jQuery(that).attr('data-url-info');            if (to_page > pages_count) {              to_page = 1;            }\t \t\t\t\t\t\t\t\t\t\t\t\tspider_page_0(this, to_page, 0, 'numeric');\t\t\t\t\t\t\treturn false;\t\t\t\t\t\t          }          return true;        }        jQuery('.bwg_load_btn_0').on('click', function () {            spider_page_0(this, 1, 1, true);            return false;        });      <\/script>      <\/span>                <\/div>        <\/form>        <style>          #bwg_container1_0 #bwg_container2_0 #spider_popup_overlay_0 {          background-color: #EEEEEE;          opacity: 0.60;          }          <\/style>        <div id=\"bwg_spider_popup_loading_0\" class=\"bwg_spider_popup_loading\"><\/div>        <div id=\"spider_popup_overlay_0\" class=\"spider_popup_overlay\" onclick=\"spider_destroypopup(1000)\"><\/div>        <input type=\"hidden\" id=\"bwg_random_seed_0\" value=\"3270057\">                <\/div>    <\/div>    <script>      if (document.readyState === 'complete') {        if( typeof bwg_main_ready == 'function' ) {          if ( jQuery(\"#bwg_container1_0\").height() ) {            bwg_main_ready(jQuery(\"#bwg_container1_0\"));          }        }      } else {        document.addEventListener('DOMContentLoaded', function() {          if( typeof bwg_main_ready == 'function' ) {            if ( jQuery(\"#bwg_container1_0\").height() ) {             bwg_main_ready(jQuery(\"#bwg_container1_0\"));            }          }        });      }    <\/script>    \n<p>La paleta de colores, con sus <strong>ocres<\/strong>, <strong>rojos carm\u00edn, azules y grises<\/strong>, crea un contraste que refleja la luz y la sombra de una manera que casi se puede sentir la brisa suave y el murmullo de la ciudad. Los trajes de flamenca, con su movimiento impl\u00edcito, a\u00f1aden un dinamismo que contrasta con la quietud de las fachadas antiguas.<\/p>\n<p>La belleza de la obra \u00abPaseo de flamencas\u00bb radica en su capacidad para transportar al espectador a ese momento, ofreciendo una ventana a la cultura y la atm\u00f3sfera de M\u00e1laga. La habilidad de Ram\u00edrez para capturar la esencia de la calle San Agust\u00edn y la elegancia de las flamencas es un testimonio de su maestr\u00eda art\u00edstica y su conexi\u00f3n con la tradici\u00f3n andaluza.<\/p>\n<p>La pintura es una obra original al \u00f3leo sobre lienzo que mide <strong>40 x 50 cm<\/strong>. y pertenece a la serie costumbrista.<\/p>\n<blockquote><p>PASEO DE FLAMENCAS<\/p>\n<p>Pintura al \u00d3leo sobre lienzo.<\/p>\n<p>Pintura original realizada por Rafael Ram\u00edrez.<\/p>\n<p>T\u00e9cnica: \u00d3leo sobre lienzo \/ tela.<\/p>\n<p>Tama\u00f1o:<span style=\"color:var(--tw-prose-quotes);\"> 40 x50 cm. \u2013 16 x 20 in<\/span><\/p><\/blockquote>\n<p><strong>Espero que te guste la pintura \u00abPaseo de flamencas\u00bb y te ayude a conocer m\u00e1s la obra de Rafael Ram\u00edrez. Puedes dejar tus comentarios debajo del post \u00a1Saludos!<\/strong><\/p>\n","protected":false},"excerpt":{"rendered":"<p>La pintura \u201cPaseo de flamencas\u201d de Rafael Ram\u00edrez es una obra que captura la esencia de la cultura andaluza a trav\u00e9s de la imagen de dos mujeres vestidas con el tradicional traje de flamenca. La escena transcurre en la calle San Agust\u00edn, una v\u00eda emblem\u00e1tica de M\u00e1laga conocida por su arquitectura hist\u00f3rica y por albergar [&hellip;]<\/p>\n","protected":false},"author":3,"featured_media":4400,"comment_status":"open","ping_status":"closed","sticky":false,"template":"","format":"standard","meta":{"site-container-style":"default","site-container-layout":"default","site-sidebar-layout":"default","disable-article-header":"default","disable-site-header":"default","disable-site-footer":"default","disable-content-area-spacing":"default","_jetpack_newsletter_access":"","_jetpack_dont_email_post_to_subs":false,"_jetpack_newsletter_tier_id":0,"_jetpack_memberships_contains_paywalled_content":false,"_jetpack_feature_clip_id":0,"_jetpack_memberships_contains_paid_content":false,"footnotes":"","jetpack_publicize_message":"","jetpack_publicize_feature_enabled":true,"jetpack_social_post_already_shared":false,"jetpack_social_options":{"image_generator_settings":{"template":"highway","default_image_id":0,"font":"","enabled":false},"version":2},"jetpack_post_was_ever_published":false},"categories":[6,8],"tags":[40,743,68,77,1982,686,687,980,688,981,124,186,1980,276,1979,374,375,1981,1400,1983,1984,1985],"class_list":["post-4382","post","type-post","status-publish","format-standard","has-post-thumbnail","hentry","category-mi-pintura","category-pintura-al-oleo","tag-arte","tag-arte-y-pintura","tag-blog-de-rafael-ramirez","tag-calle-san-agustin","tag-centro-de-malaga","tag-cuadro","tag-cuadro-pintado-a-mano","tag-cuadros-al-oleo","tag-cuadros-alegres","tag-cuadros-impresionistas","tag-cuadros-originales","tag-feria-de-malaga","tag-flamencas","tag-malaga","tag-paseo-de-flamencas-pintura-original-al-oleo-de-rafael-ramirez","tag-pintura-costumbrista","tag-pintura-de-rafael-ramirez","tag-pintura-malaguena","tag-pinturas-al-oleo","tag-pinturas-al-oleo-sobre-lienzo","tag-pinturas-al-oleo-sobre-tela","tag-pinturas-originales"],"yoast_head":"<!-- This site is optimized with the Yoast SEO plugin v28.4 - https:\/\/yoast.com\/product\/yoast-seo-wordpress\/ -->\n<title>Paseo de flamencas | Pintura al \u00d3leo 40\u00d750 cm | Cuadro original pintado a mano - Blog de Rafael Ram\u00edrez<\/title>\n<meta name=\"robots\" content=\"index, follow, max-snippet:-1, max-image-preview:large, max-video-preview:-1\" \/>\n<link rel=\"canonical\" href=\"https:\/\/rafaramirez.org\/blog\/index.php\/2024\/05\/09\/paseo-de-flamencas-pintura-al-oleo-40x50-cm-cuadro-original-pintado-a-mano\/\" \/>\n<meta property=\"og:locale\" content=\"es_ES\" \/>\n<meta property=\"og:type\" content=\"article\" \/>\n<meta property=\"og:title\" content=\"Paseo de flamencas | Pintura al \u00d3leo 40\u00d750 cm | Cuadro original pintado a mano - Blog de Rafael Ram\u00edrez\" \/>\n<meta property=\"og:description\" content=\"La pintura \u201cPaseo de flamencas\u201d de Rafael Ram\u00edrez es una obra que captura la esencia de la cultura andaluza a trav\u00e9s de la imagen de dos mujeres vestidas con el tradicional traje de flamenca. La escena transcurre en la calle San Agust\u00edn, una v\u00eda emblem\u00e1tica de M\u00e1laga conocida por su arquitectura hist\u00f3rica y por albergar [&hellip;]\" \/>\n<meta property=\"og:url\" content=\"https:\/\/rafaramirez.org\/blog\/index.php\/2024\/05\/09\/paseo-de-flamencas-pintura-al-oleo-40x50-cm-cuadro-original-pintado-a-mano\/\" \/>\n<meta property=\"og:site_name\" content=\"Blog de Rafael Ram\u00edrez\" \/>\n<meta property=\"article:published_time\" content=\"2024-05-09T06:15:34+00:00\" \/>\n<meta property=\"article:modified_time\" content=\"2024-09-19T11:52:39+00:00\" \/>\n<meta property=\"og:image\" content=\"https:\/\/rafaramirez.org\/blog\/wp-content\/uploads\/2024\/05\/Paseo-de-flamencas_rafaelramirez_banner_logblog.jpg\" \/>\n\t<meta property=\"og:image:width\" content=\"850\" \/>\n\t<meta property=\"og:image:height\" content=\"700\" \/>\n\t<meta property=\"og:image:type\" content=\"image\/jpeg\" \/>\n<meta name=\"author\" content=\"Documentaci\u00f3n e investigaci\u00f3n\" \/>\n<meta name=\"twitter:card\" content=\"summary_large_image\" \/>\n<meta name=\"twitter:site\" content=\"@rafaramirez_ok\" \/>\n<meta name=\"twitter:label1\" content=\"Escrito por\" \/>\n\t<meta name=\"twitter:data1\" content=\"Documentaci\u00f3n e investigaci\u00f3n\" \/>\n\t<meta name=\"twitter:label2\" content=\"Tiempo de lectura\" \/>\n\t<meta name=\"twitter:data2\" content=\"2 minutos\" \/>\n<script type=\"application\/ld+json\" class=\"yoast-schema-graph\">{\"@context\":\"https:\\\/\\\/schema.org\",\"@graph\":[{\"@type\":\"Article\",\"@id\":\"https:\\\/\\\/rafaramirez.org\\\/blog\\\/index.php\\\/2024\\\/05\\\/09\\\/paseo-de-flamencas-pintura-al-oleo-40x50-cm-cuadro-original-pintado-a-mano\\\/#article\",\"isPartOf\":{\"@id\":\"https:\\\/\\\/rafaramirez.org\\\/blog\\\/index.php\\\/2024\\\/05\\\/09\\\/paseo-de-flamencas-pintura-al-oleo-40x50-cm-cuadro-original-pintado-a-mano\\\/\"},\"author\":{\"name\":\"Documentaci\u00f3n e investigaci\u00f3n\",\"@id\":\"https:\\\/\\\/rafaramirez.org\\\/blog\\\/#\\\/schema\\\/person\\\/8debd05b3d9a1d16fb21af726811617d\"},\"headline\":\"Paseo de flamencas | Pintura al \u00d3leo 40\u00d750 cm | Cuadro original pintado a mano\",\"datePublished\":\"2024-05-09T06:15:34+00:00\",\"dateModified\":\"2024-09-19T11:52:39+00:00\",\"mainEntityOfPage\":{\"@id\":\"https:\\\/\\\/rafaramirez.org\\\/blog\\\/index.php\\\/2024\\\/05\\\/09\\\/paseo-de-flamencas-pintura-al-oleo-40x50-cm-cuadro-original-pintado-a-mano\\\/\"},\"wordCount\":346,\"commentCount\":1,\"publisher\":{\"@id\":\"https:\\\/\\\/rafaramirez.org\\\/blog\\\/#\\\/schema\\\/person\\\/50f43b6d60c578760d4c17bda54ab6a5\"},\"image\":{\"@id\":\"https:\\\/\\\/rafaramirez.org\\\/blog\\\/index.php\\\/2024\\\/05\\\/09\\\/paseo-de-flamencas-pintura-al-oleo-40x50-cm-cuadro-original-pintado-a-mano\\\/#primaryimage\"},\"thumbnailUrl\":\"https:\\\/\\\/rafaramirez.org\\\/blog\\\/wp-content\\\/uploads\\\/2024\\\/05\\\/Paseo-de-flamencas_rafaelramirez_banner_logblog.jpg\",\"keywords\":[\"arte\",\"arte y pintura\",\"blog de Rafael Ram\u00edrez\",\"calle San Agustin\",\"centro de M\u00e1laga\",\"cuadro\",\"cuadro pintado a mano\",\"cuadros al \u00f3leo\",\"cuadros alegres\",\"cuadros impresionistas\",\"cuadros originales\",\"Feria de M\u00e1laga\",\"flamencas\",\"M\u00e1laga\",\"Paseo de flamencas pintura original al \u00f3leo de Rafael Ram\u00edrez\",\"pintura costumbrista\",\"pintura de rafael ram\u00edrez\",\"pintura malague\u00f1a\",\"Pinturas al \u00f3leo\",\"pinturas al \u00f3leo sobre lienzo\",\"pinturas al \u00f3leo sobre tela\",\"pinturas originales\"],\"articleSection\":[\"Mi pintura\",\"Pintura al \u00f3leo\"],\"inLanguage\":\"es\",\"potentialAction\":[{\"@type\":\"CommentAction\",\"name\":\"Comment\",\"target\":[\"https:\\\/\\\/rafaramirez.org\\\/blog\\\/index.php\\\/2024\\\/05\\\/09\\\/paseo-de-flamencas-pintura-al-oleo-40x50-cm-cuadro-original-pintado-a-mano\\\/#respond\"]}]},{\"@type\":\"WebPage\",\"@id\":\"https:\\\/\\\/rafaramirez.org\\\/blog\\\/index.php\\\/2024\\\/05\\\/09\\\/paseo-de-flamencas-pintura-al-oleo-40x50-cm-cuadro-original-pintado-a-mano\\\/\",\"url\":\"https:\\\/\\\/rafaramirez.org\\\/blog\\\/index.php\\\/2024\\\/05\\\/09\\\/paseo-de-flamencas-pintura-al-oleo-40x50-cm-cuadro-original-pintado-a-mano\\\/\",\"name\":\"Paseo de flamencas | Pintura al \u00d3leo 40\u00d750 cm | Cuadro original pintado a mano - Blog de Rafael Ram\u00edrez\",\"isPartOf\":{\"@id\":\"https:\\\/\\\/rafaramirez.org\\\/blog\\\/#website\"},\"primaryImageOfPage\":{\"@id\":\"https:\\\/\\\/rafaramirez.org\\\/blog\\\/index.php\\\/2024\\\/05\\\/09\\\/paseo-de-flamencas-pintura-al-oleo-40x50-cm-cuadro-original-pintado-a-mano\\\/#primaryimage\"},\"image\":{\"@id\":\"https:\\\/\\\/rafaramirez.org\\\/blog\\\/index.php\\\/2024\\\/05\\\/09\\\/paseo-de-flamencas-pintura-al-oleo-40x50-cm-cuadro-original-pintado-a-mano\\\/#primaryimage\"},\"thumbnailUrl\":\"https:\\\/\\\/rafaramirez.org\\\/blog\\\/wp-content\\\/uploads\\\/2024\\\/05\\\/Paseo-de-flamencas_rafaelramirez_banner_logblog.jpg\",\"datePublished\":\"2024-05-09T06:15:34+00:00\",\"dateModified\":\"2024-09-19T11:52:39+00:00\",\"breadcrumb\":{\"@id\":\"https:\\\/\\\/rafaramirez.org\\\/blog\\\/index.php\\\/2024\\\/05\\\/09\\\/paseo-de-flamencas-pintura-al-oleo-40x50-cm-cuadro-original-pintado-a-mano\\\/#breadcrumb\"},\"inLanguage\":\"es\",\"potentialAction\":[{\"@type\":\"ReadAction\",\"target\":[\"https:\\\/\\\/rafaramirez.org\\\/blog\\\/index.php\\\/2024\\\/05\\\/09\\\/paseo-de-flamencas-pintura-al-oleo-40x50-cm-cuadro-original-pintado-a-mano\\\/\"]}]},{\"@type\":\"ImageObject\",\"inLanguage\":\"es\",\"@id\":\"https:\\\/\\\/rafaramirez.org\\\/blog\\\/index.php\\\/2024\\\/05\\\/09\\\/paseo-de-flamencas-pintura-al-oleo-40x50-cm-cuadro-original-pintado-a-mano\\\/#primaryimage\",\"url\":\"https:\\\/\\\/rafaramirez.org\\\/blog\\\/wp-content\\\/uploads\\\/2024\\\/05\\\/Paseo-de-flamencas_rafaelramirez_banner_logblog.jpg\",\"contentUrl\":\"https:\\\/\\\/rafaramirez.org\\\/blog\\\/wp-content\\\/uploads\\\/2024\\\/05\\\/Paseo-de-flamencas_rafaelramirez_banner_logblog.jpg\",\"width\":850,\"height\":700,\"caption\":\"Paseo de flamencas, pintura al \u00f3leo de Rafael Ram\u00edrez.\"},{\"@type\":\"BreadcrumbList\",\"@id\":\"https:\\\/\\\/rafaramirez.org\\\/blog\\\/index.php\\\/2024\\\/05\\\/09\\\/paseo-de-flamencas-pintura-al-oleo-40x50-cm-cuadro-original-pintado-a-mano\\\/#breadcrumb\",\"itemListElement\":[{\"@type\":\"ListItem\",\"position\":1,\"name\":\"Portada\",\"item\":\"https:\\\/\\\/rafaramirez.org\\\/blog\\\/\"},{\"@type\":\"ListItem\",\"position\":2,\"name\":\"Paseo de flamencas | Pintura al \u00d3leo 40\u00d750 cm | Cuadro original pintado a mano\"}]},{\"@type\":\"WebSite\",\"@id\":\"https:\\\/\\\/rafaramirez.org\\\/blog\\\/#website\",\"url\":\"https:\\\/\\\/rafaramirez.org\\\/blog\\\/\",\"name\":\"Blog de Rafael Ram\u00edrez\",\"description\":\"Un sitio social, de arte y cultura\",\"publisher\":{\"@id\":\"https:\\\/\\\/rafaramirez.org\\\/blog\\\/#\\\/schema\\\/person\\\/50f43b6d60c578760d4c17bda54ab6a5\"},\"potentialAction\":[{\"@type\":\"SearchAction\",\"target\":{\"@type\":\"EntryPoint\",\"urlTemplate\":\"https:\\\/\\\/rafaramirez.org\\\/blog\\\/?s={search_term_string}\"},\"query-input\":{\"@type\":\"PropertyValueSpecification\",\"valueRequired\":true,\"valueName\":\"search_term_string\"}}],\"inLanguage\":\"es\"},{\"@type\":[\"Person\",\"Organization\"],\"@id\":\"https:\\\/\\\/rafaramirez.org\\\/blog\\\/#\\\/schema\\\/person\\\/50f43b6d60c578760d4c17bda54ab6a5\",\"name\":\"Rafael Ram\u00edrez\",\"image\":{\"@type\":\"ImageObject\",\"inLanguage\":\"es\",\"@id\":\"https:\\\/\\\/rafaramirez.org\\\/blog\\\/wp-content\\\/uploads\\\/2024\\\/09\\\/RR_socialnetwork.jpg\",\"url\":\"https:\\\/\\\/rafaramirez.org\\\/blog\\\/wp-content\\\/uploads\\\/2024\\\/09\\\/RR_socialnetwork.jpg\",\"contentUrl\":\"https:\\\/\\\/rafaramirez.org\\\/blog\\\/wp-content\\\/uploads\\\/2024\\\/09\\\/RR_socialnetwork.jpg\",\"width\":600,\"height\":606,\"caption\":\"Rafael Ram\u00edrez\"},\"logo\":{\"@id\":\"https:\\\/\\\/rafaramirez.org\\\/blog\\\/wp-content\\\/uploads\\\/2024\\\/09\\\/RR_socialnetwork.jpg\"},\"sameAs\":[\"https:\\\/\\\/www.rafaramirez.org\\\/blog\",\"https:\\\/\\\/www.instagram.com\\\/rafaramirez_ok\\\/\",\"https:\\\/\\\/es.pinterest.com\\\/Ramirez_Rafa\\\/\",\"https:\\\/\\\/x.com\\\/rafaramirez_ok\"]},{\"@type\":\"Person\",\"@id\":\"https:\\\/\\\/rafaramirez.org\\\/blog\\\/#\\\/schema\\\/person\\\/8debd05b3d9a1d16fb21af726811617d\",\"name\":\"Documentaci\u00f3n e investigaci\u00f3n\",\"image\":{\"@type\":\"ImageObject\",\"inLanguage\":\"es\",\"@id\":\"https:\\\/\\\/secure.gravatar.com\\\/avatar\\\/fe70e496579a39c7a8fc4982b89275403b1092eb200623138a32daada9416911?s=96&d=mm&r=g\",\"url\":\"https:\\\/\\\/secure.gravatar.com\\\/avatar\\\/fe70e496579a39c7a8fc4982b89275403b1092eb200623138a32daada9416911?s=96&d=mm&r=g\",\"contentUrl\":\"https:\\\/\\\/secure.gravatar.com\\\/avatar\\\/fe70e496579a39c7a8fc4982b89275403b1092eb200623138a32daada9416911?s=96&d=mm&r=g\",\"caption\":\"Documentaci\u00f3n e investigaci\u00f3n\"},\"url\":\"https:\\\/\\\/rafaramirez.org\\\/blog\\\/index.php\\\/author\\\/admin\\\/\"}]}<\/script>\n<!-- \/ Yoast SEO plugin. -->","yoast_head_json":{"title":"Paseo de flamencas | Pintura al \u00d3leo 40\u00d750 cm | Cuadro original pintado a mano - Blog de Rafael Ram\u00edrez","robots":{"index":"index","follow":"follow","max-snippet":"max-snippet:-1","max-image-preview":"max-image-preview:large","max-video-preview":"max-video-preview:-1"},"canonical":"https:\/\/rafaramirez.org\/blog\/index.php\/2024\/05\/09\/paseo-de-flamencas-pintura-al-oleo-40x50-cm-cuadro-original-pintado-a-mano\/","og_locale":"es_ES","og_type":"article","og_title":"Paseo de flamencas | Pintura al \u00d3leo 40\u00d750 cm | Cuadro original pintado a mano - Blog de Rafael Ram\u00edrez","og_description":"La pintura \u201cPaseo de flamencas\u201d de Rafael Ram\u00edrez es una obra que captura la esencia de la cultura andaluza a trav\u00e9s de la imagen de dos mujeres vestidas con el tradicional traje de flamenca. La escena transcurre en la calle San Agust\u00edn, una v\u00eda emblem\u00e1tica de M\u00e1laga conocida por su arquitectura hist\u00f3rica y por albergar [&hellip;]","og_url":"https:\/\/rafaramirez.org\/blog\/index.php\/2024\/05\/09\/paseo-de-flamencas-pintura-al-oleo-40x50-cm-cuadro-original-pintado-a-mano\/","og_site_name":"Blog de Rafael Ram\u00edrez","article_published_time":"2024-05-09T06:15:34+00:00","article_modified_time":"2024-09-19T11:52:39+00:00","og_image":[{"width":850,"height":700,"url":"https:\/\/rafaramirez.org\/blog\/wp-content\/uploads\/2024\/05\/Paseo-de-flamencas_rafaelramirez_banner_logblog.jpg","type":"image\/jpeg"}],"author":"Documentaci\u00f3n e investigaci\u00f3n","twitter_card":"summary_large_image","twitter_site":"@rafaramirez_ok","twitter_misc":{"Escrito por":"Documentaci\u00f3n e investigaci\u00f3n","Tiempo de lectura":"2 minutos"},"schema":{"@context":"https:\/\/schema.org","@graph":[{"@type":"Article","@id":"https:\/\/rafaramirez.org\/blog\/index.php\/2024\/05\/09\/paseo-de-flamencas-pintura-al-oleo-40x50-cm-cuadro-original-pintado-a-mano\/#article","isPartOf":{"@id":"https:\/\/rafaramirez.org\/blog\/index.php\/2024\/05\/09\/paseo-de-flamencas-pintura-al-oleo-40x50-cm-cuadro-original-pintado-a-mano\/"},"author":{"name":"Documentaci\u00f3n e investigaci\u00f3n","@id":"https:\/\/rafaramirez.org\/blog\/#\/schema\/person\/8debd05b3d9a1d16fb21af726811617d"},"headline":"Paseo de flamencas | Pintura al \u00d3leo 40\u00d750 cm | Cuadro original pintado a mano","datePublished":"2024-05-09T06:15:34+00:00","dateModified":"2024-09-19T11:52:39+00:00","mainEntityOfPage":{"@id":"https:\/\/rafaramirez.org\/blog\/index.php\/2024\/05\/09\/paseo-de-flamencas-pintura-al-oleo-40x50-cm-cuadro-original-pintado-a-mano\/"},"wordCount":346,"commentCount":1,"publisher":{"@id":"https:\/\/rafaramirez.org\/blog\/#\/schema\/person\/50f43b6d60c578760d4c17bda54ab6a5"},"image":{"@id":"https:\/\/rafaramirez.org\/blog\/index.php\/2024\/05\/09\/paseo-de-flamencas-pintura-al-oleo-40x50-cm-cuadro-original-pintado-a-mano\/#primaryimage"},"thumbnailUrl":"https:\/\/rafaramirez.org\/blog\/wp-content\/uploads\/2024\/05\/Paseo-de-flamencas_rafaelramirez_banner_logblog.jpg","keywords":["arte","arte y pintura","blog de Rafael Ram\u00edrez","calle San Agustin","centro de M\u00e1laga","cuadro","cuadro pintado a mano","cuadros al \u00f3leo","cuadros alegres","cuadros impresionistas","cuadros originales","Feria de M\u00e1laga","flamencas","M\u00e1laga","Paseo de flamencas pintura original al \u00f3leo de Rafael Ram\u00edrez","pintura costumbrista","pintura de rafael ram\u00edrez","pintura malague\u00f1a","Pinturas al \u00f3leo","pinturas al \u00f3leo sobre lienzo","pinturas al \u00f3leo sobre tela","pinturas originales"],"articleSection":["Mi pintura","Pintura al \u00f3leo"],"inLanguage":"es","potentialAction":[{"@type":"CommentAction","name":"Comment","target":["https:\/\/rafaramirez.org\/blog\/index.php\/2024\/05\/09\/paseo-de-flamencas-pintura-al-oleo-40x50-cm-cuadro-original-pintado-a-mano\/#respond"]}]},{"@type":"WebPage","@id":"https:\/\/rafaramirez.org\/blog\/index.php\/2024\/05\/09\/paseo-de-flamencas-pintura-al-oleo-40x50-cm-cuadro-original-pintado-a-mano\/","url":"https:\/\/rafaramirez.org\/blog\/index.php\/2024\/05\/09\/paseo-de-flamencas-pintura-al-oleo-40x50-cm-cuadro-original-pintado-a-mano\/","name":"Paseo de flamencas | Pintura al \u00d3leo 40\u00d750 cm | Cuadro original pintado a mano - Blog de Rafael Ram\u00edrez","isPartOf":{"@id":"https:\/\/rafaramirez.org\/blog\/#website"},"primaryImageOfPage":{"@id":"https:\/\/rafaramirez.org\/blog\/index.php\/2024\/05\/09\/paseo-de-flamencas-pintura-al-oleo-40x50-cm-cuadro-original-pintado-a-mano\/#primaryimage"},"image":{"@id":"https:\/\/rafaramirez.org\/blog\/index.php\/2024\/05\/09\/paseo-de-flamencas-pintura-al-oleo-40x50-cm-cuadro-original-pintado-a-mano\/#primaryimage"},"thumbnailUrl":"https:\/\/rafaramirez.org\/blog\/wp-content\/uploads\/2024\/05\/Paseo-de-flamencas_rafaelramirez_banner_logblog.jpg","datePublished":"2024-05-09T06:15:34+00:00","dateModified":"2024-09-19T11:52:39+00:00","breadcrumb":{"@id":"https:\/\/rafaramirez.org\/blog\/index.php\/2024\/05\/09\/paseo-de-flamencas-pintura-al-oleo-40x50-cm-cuadro-original-pintado-a-mano\/#breadcrumb"},"inLanguage":"es","potentialAction":[{"@type":"ReadAction","target":["https:\/\/rafaramirez.org\/blog\/index.php\/2024\/05\/09\/paseo-de-flamencas-pintura-al-oleo-40x50-cm-cuadro-original-pintado-a-mano\/"]}]},{"@type":"ImageObject","inLanguage":"es","@id":"https:\/\/rafaramirez.org\/blog\/index.php\/2024\/05\/09\/paseo-de-flamencas-pintura-al-oleo-40x50-cm-cuadro-original-pintado-a-mano\/#primaryimage","url":"https:\/\/rafaramirez.org\/blog\/wp-content\/uploads\/2024\/05\/Paseo-de-flamencas_rafaelramirez_banner_logblog.jpg","contentUrl":"https:\/\/rafaramirez.org\/blog\/wp-content\/uploads\/2024\/05\/Paseo-de-flamencas_rafaelramirez_banner_logblog.jpg","width":850,"height":700,"caption":"Paseo de flamencas, pintura al \u00f3leo de Rafael Ram\u00edrez."},{"@type":"BreadcrumbList","@id":"https:\/\/rafaramirez.org\/blog\/index.php\/2024\/05\/09\/paseo-de-flamencas-pintura-al-oleo-40x50-cm-cuadro-original-pintado-a-mano\/#breadcrumb","itemListElement":[{"@type":"ListItem","position":1,"name":"Portada","item":"https:\/\/rafaramirez.org\/blog\/"},{"@type":"ListItem","position":2,"name":"Paseo de flamencas | Pintura al \u00d3leo 40\u00d750 cm | Cuadro original pintado a mano"}]},{"@type":"WebSite","@id":"https:\/\/rafaramirez.org\/blog\/#website","url":"https:\/\/rafaramirez.org\/blog\/","name":"Blog de Rafael Ram\u00edrez","description":"Un sitio social, de arte y cultura","publisher":{"@id":"https:\/\/rafaramirez.org\/blog\/#\/schema\/person\/50f43b6d60c578760d4c17bda54ab6a5"},"potentialAction":[{"@type":"SearchAction","target":{"@type":"EntryPoint","urlTemplate":"https:\/\/rafaramirez.org\/blog\/?s={search_term_string}"},"query-input":{"@type":"PropertyValueSpecification","valueRequired":true,"valueName":"search_term_string"}}],"inLanguage":"es"},{"@type":["Person","Organization"],"@id":"https:\/\/rafaramirez.org\/blog\/#\/schema\/person\/50f43b6d60c578760d4c17bda54ab6a5","name":"Rafael Ram\u00edrez","image":{"@type":"ImageObject","inLanguage":"es","@id":"https:\/\/rafaramirez.org\/blog\/wp-content\/uploads\/2024\/09\/RR_socialnetwork.jpg","url":"https:\/\/rafaramirez.org\/blog\/wp-content\/uploads\/2024\/09\/RR_socialnetwork.jpg","contentUrl":"https:\/\/rafaramirez.org\/blog\/wp-content\/uploads\/2024\/09\/RR_socialnetwork.jpg","width":600,"height":606,"caption":"Rafael Ram\u00edrez"},"logo":{"@id":"https:\/\/rafaramirez.org\/blog\/wp-content\/uploads\/2024\/09\/RR_socialnetwork.jpg"},"sameAs":["https:\/\/www.rafaramirez.org\/blog","https:\/\/www.instagram.com\/rafaramirez_ok\/","https:\/\/es.pinterest.com\/Ramirez_Rafa\/","https:\/\/x.com\/rafaramirez_ok"]},{"@type":"Person","@id":"https:\/\/rafaramirez.org\/blog\/#\/schema\/person\/8debd05b3d9a1d16fb21af726811617d","name":"Documentaci\u00f3n e investigaci\u00f3n","image":{"@type":"ImageObject","inLanguage":"es","@id":"https:\/\/secure.gravatar.com\/avatar\/fe70e496579a39c7a8fc4982b89275403b1092eb200623138a32daada9416911?s=96&d=mm&r=g","url":"https:\/\/secure.gravatar.com\/avatar\/fe70e496579a39c7a8fc4982b89275403b1092eb200623138a32daada9416911?s=96&d=mm&r=g","contentUrl":"https:\/\/secure.gravatar.com\/avatar\/fe70e496579a39c7a8fc4982b89275403b1092eb200623138a32daada9416911?s=96&d=mm&r=g","caption":"Documentaci\u00f3n e investigaci\u00f3n"},"url":"https:\/\/rafaramirez.org\/blog\/index.php\/author\/admin\/"}]}},"jetpack_publicize_connections":[],"jetpack_sharing_enabled":true,"jetpack_likes_enabled":true,"jetpack_featured_media_url":"https:\/\/rafaramirez.org\/blog\/wp-content\/uploads\/2024\/05\/Paseo-de-flamencas_rafaelramirez_banner_logblog.jpg","_links":{"self":[{"href":"https:\/\/rafaramirez.org\/blog\/index.php\/wp-json\/wp\/v2\/posts\/4382","targetHints":{"allow":["GET"]}}],"collection":[{"href":"https:\/\/rafaramirez.org\/blog\/index.php\/wp-json\/wp\/v2\/posts"}],"about":[{"href":"https:\/\/rafaramirez.org\/blog\/index.php\/wp-json\/wp\/v2\/types\/post"}],"author":[{"embeddable":true,"href":"https:\/\/rafaramirez.org\/blog\/index.php\/wp-json\/wp\/v2\/users\/3"}],"replies":[{"embeddable":true,"href":"https:\/\/rafaramirez.org\/blog\/index.php\/wp-json\/wp\/v2\/comments?post=4382"}],"version-history":[{"count":5,"href":"https:\/\/rafaramirez.org\/blog\/index.php\/wp-json\/wp\/v2\/posts\/4382\/revisions"}],"predecessor-version":[{"id":4384,"href":"https:\/\/rafaramirez.org\/blog\/index.php\/wp-json\/wp\/v2\/posts\/4382\/revisions\/4384"}],"wp:featuredmedia":[{"embeddable":true,"href":"https:\/\/rafaramirez.org\/blog\/index.php\/wp-json\/wp\/v2\/media\/4400"}],"wp:attachment":[{"href":"https:\/\/rafaramirez.org\/blog\/index.php\/wp-json\/wp\/v2\/media?parent=4382"}],"wp:term":[{"taxonomy":"category","embeddable":true,"href":"https:\/\/rafaramirez.org\/blog\/index.php\/wp-json\/wp\/v2\/categories?post=4382"},{"taxonomy":"post_tag","embeddable":true,"href":"https:\/\/rafaramirez.org\/blog\/index.php\/wp-json\/wp\/v2\/tags?post=4382"}],"curies":[{"name":"wp","href":"https:\/\/api.w.org\/{rel}","templated":true}]}}