{"id":4341,"date":"2024-05-06T08:15:49","date_gmt":"2024-05-06T06:15:49","guid":{"rendered":"https:\/\/rafaramirez.org\/blog\/?p=4341"},"modified":"2024-05-02T14:26:23","modified_gmt":"2024-05-02T12:26:23","slug":"la-ciudad-de-los-prodigios","status":"publish","type":"post","link":"https:\/\/rafaramirez.org\/blog\/index.php\/2024\/05\/06\/la-ciudad-de-los-prodigios\/","title":{"rendered":"\u00abLa ciudad de los prodigios\u00bb de Eduardo Mendoza: picaresca y brillante novela reconocida internacionalmente."},"content":{"rendered":"<p><strong>\u201cLa ciudad de los prodigios\u201d<\/strong> es una novela del escritor espa\u00f1ol Eduardo Mendoza, publicada en\u00a0<strong>1986<\/strong>.\u00a0La historia se desarrolla en Barcelona entre las dos Exposiciones Universales de\u00a0<strong>1888<\/strong>\u00a0y\u00a0<strong>1929<\/strong>.\u00a0El libro narra la espectacular ascensi\u00f3n de Onofre Bouvila, un joven campesino que llega a Barcelona en\u00a0<strong>1887<\/strong>\u00a0y se convierte en uno de los hombres m\u00e1s ricos e influyentes del pa\u00eds, utilizando m\u00e9todos no del todo ortodoxos.<\/p>\n<p>La novela es conocida por su narrativa picaresca y su brillante representaci\u00f3n de los mitos y fastos locales de Barcelona. Es una obra muy reconocida a nivel internacional que presenta un retrato v\u00edvido de la evoluci\u00f3n de Barcelona durante un per\u00edodo de grandes cambios urban\u00edsticos y sociales. Aunque comienza con un enfoque realista, esta fantas\u00eda sat\u00edrica y l\u00fadica no excluye la fabulaci\u00f3n libre.<\/p>\n<p style=\"text-align: center;\"><a href=\"https:\/\/rafaramirez.org\/blog\/wp-content\/uploads\/2024\/05\/La_ciudad_de_los_prodigios_Eduardo_Mendoza.jpg\" target=\"_blank\" rel=\"noopener\"><img loading=\"lazy\" decoding=\"async\" class=\"aligncenter wp-image-4347 size-medium\" src=\"https:\/\/rafaramirez.org\/blog\/wp-content\/uploads\/2024\/05\/La_ciudad_de_los_prodigios_Eduardo_Mendoza-212x300.jpg\" alt=\"&quot;La ciudad de los prodigios&quot; de Eduardo Mendoza. Blog de Rafael Ram\u00edrez.\" width=\"212\" height=\"300\" srcset=\"https:\/\/rafaramirez.org\/blog\/wp-content\/uploads\/2024\/05\/La_ciudad_de_los_prodigios_Eduardo_Mendoza-212x300.jpg 212w, https:\/\/rafaramirez.org\/blog\/wp-content\/uploads\/2024\/05\/La_ciudad_de_los_prodigios_Eduardo_Mendoza.jpg 705w\" sizes=\"auto, (max-width: 212px) 100vw, 212px\" \/><\/a><\/p>\n<p>Eduardo Mendoza Garriga es un destacado escritor espa\u00f1ol nacido el\u00a0<strong>11 de enero de 1943<\/strong>\u00a0en Barcelona.\u00a0Tras licenciarse en Derecho en\u00a0<strong>1965<\/strong>, Mendoza viaj\u00f3 por Europa y obtuvo una beca en Londres para estudiar Sociolog\u00eda.\u00a0A su regreso a Espa\u00f1a, ejerci\u00f3 la abogac\u00eda antes de trasladarse a Nueva York en\u00a0<strong>1973<\/strong>\u00a0para trabajar como traductor en las Naciones Unidas, posici\u00f3n que mantuvo hasta\u00a0<strong>1982<\/strong>.<\/p>\n<p>Mendoza es conocido por su estilo narrativo directo y sencillo, que no renuncia al uso de cultismos y lenguaje popular.\u00a0Sus obras a menudo est\u00e1n ambientadas en su Barcelona natal y combinan descripciones de la ciudad en diferentes \u00e9pocas con elementos de humor y s\u00e1tira.\u00a0Su primera novela, \u201cLa verdad sobre el caso Savolta\u201d (1975), recibi\u00f3 el Premio de la Cr\u00edtica y fue seguida por otras obras exitosas como \u201cEl misterio de la cripta embrujada\u201d (1978) y \u201cLa ciudad de los prodigios\u201d (1986).<\/p>\n<figure id=\"attachment_4348\" aria-describedby=\"caption-attachment-4348\" style=\"width: 300px\" class=\"wp-caption aligncenter\"><a href=\"https:\/\/rafaramirez.org\/blog\/wp-content\/uploads\/2024\/05\/eduardo_mendoza.jpg\" target=\"_blank\" rel=\"noopener\"><img loading=\"lazy\" decoding=\"async\" class=\"wp-image-4348 size-medium\" src=\"https:\/\/rafaramirez.org\/blog\/wp-content\/uploads\/2024\/05\/eduardo_mendoza-300x296.jpg\" alt=\"Eduardo Mendoza Garriga.\" width=\"300\" height=\"296\" srcset=\"https:\/\/rafaramirez.org\/blog\/wp-content\/uploads\/2024\/05\/eduardo_mendoza-300x296.jpg 300w, https:\/\/rafaramirez.org\/blog\/wp-content\/uploads\/2024\/05\/eduardo_mendoza.jpg 340w\" sizes=\"auto, (max-width: 300px) 100vw, 300px\" \/><\/a><figcaption id=\"caption-attachment-4348\" class=\"wp-caption-text\">Eduardo Mendoza Garriga.<\/figcaption><\/figure>\n<p>El libro \u201cLa ciudad de los prodigios\u201d ha sido reconocido como una de las obras m\u00e1s destacadas del autor. La novela fue incluida en la lista de las <strong>100 mejores novelas en espa\u00f1ol del siglo XX<\/strong>\u00a0del peri\u00f3dico espa\u00f1ol \u00abEl Mundo\u00bb.<\/p>\n<p>Eduardo Mendoza, por su parte, ha sido galardonado con premios prestigiosos a lo largo de su carrera, incluyendo el\u00a0<strong>Premio Cervantes 2016<\/strong>, que es el m\u00e1ximo reconocimiento a la labor creadora de escritores espa\u00f1oles e hispanoamericanos.\u00a0 Tambi\u00e9n ha recibido premios como el <strong>Premio Liber<\/strong>, el\u00a0<strong>Premio Nacional de Cultura de la Generalitat de Catalu\u00f1a<\/strong>\u00a0y el\u00a0<strong>Premio Franz Kafka<\/strong>.\u00a0 Aunque estos premios se otorgan al autor por su trayectoria y conjunto de su obra, reflejan el impacto y la importancia de \u201cLa ciudad de los prodigios\u201d dentro de su repertorio literario.<\/p>\n<p><strong>Su estilo \u00fanico y su habilidad para entrelazar la historia con la ficci\u00f3n hacen de esta novela una lectura fascinante y enriquecedora. Puedes dejar tus comentarios debajo del post \u00a1Hasta pronto!<\/strong><\/p>\n<p>M\u00e1s informaci\u00f3n:<\/p>\n<ul>\n<li><a href=\"https:\/\/www.casadellibro.com\/libro-la-ciudad-de-los-prodigios\/9788432207815\/651325\" target=\"_blank\" rel=\"noopener\">Casa del Libro.com<\/a><\/li>\n<li><a href=\"https:\/\/www.buscabiografias.com\/biografia\/verDetalle\/1585\/Eduardo%20Mendoza\" target=\"_blank\" rel=\"noopener\">Busca biograf\u00edas.com<\/a><\/li>\n<li><a href=\"https:\/\/es.wikipedia.org\/wiki\/Eduardo_Mendoza\" target=\"_blank\" rel=\"noopener\">Wikipedia.es<\/a><\/li>\n<li><a href=\"https:\/\/www.google.com\/search?q=comprar+La+ciudad+de+los+prodigios\" target=\"_blank\" rel=\"noopener\">D\u00f3nde comprar \u00abLa ciudad de los prodigios\u00bb<\/a><\/li>\n<\/ul>\n<p>&nbsp;<\/p>\n","protected":false},"excerpt":{"rendered":"<p>\u201cLa ciudad de los prodigios\u201d es una novela del escritor espa\u00f1ol Eduardo Mendoza, publicada en\u00a01986.\u00a0La historia se desarrolla en Barcelona entre las dos Exposiciones Universales de\u00a01888\u00a0y\u00a01929.\u00a0El libro narra la espectacular ascensi\u00f3n de Onofre Bouvila, un joven campesino que llega a Barcelona en\u00a01887\u00a0y se convierte en uno de los hombres m\u00e1s ricos e influyentes del pa\u00eds, [&hellip;]<\/p>\n","protected":false},"author":1,"featured_media":4346,"comment_status":"open","ping_status":"closed","sticky":false,"template":"","format":"standard","meta":{"site-container-style":"default","site-container-layout":"default","site-sidebar-layout":"default","disable-article-header":"default","disable-site-header":"default","disable-site-footer":"default","disable-content-area-spacing":"default","_jetpack_newsletter_access":"","_jetpack_dont_email_post_to_subs":false,"_jetpack_newsletter_tier_id":0,"_jetpack_memberships_contains_paywalled_content":false,"_jetpack_feature_clip_id":0,"_jetpack_memberships_contains_paid_content":false,"footnotes":"","jetpack_publicize_message":"","jetpack_publicize_feature_enabled":true,"jetpack_social_post_already_shared":false,"jetpack_social_options":{"image_generator_settings":{"template":"highway","default_image_id":0,"font":"","enabled":false},"version":2},"jetpack_post_was_ever_published":false},"categories":[710],"tags":[1963,1948,1230,1953,1958,1950,1335,1936,68,1943,1127,1470,1585,1949,1964,1934,1947,1956,1944,1959,1500,1935,166,1415,1946,1945,1942,1957,1933,1954,525,1103,1940,1939,1951,1941,1938,1962,1955,1967,1965,1966,1960,1937,1961,1952],"class_list":["post-4341","post","type-post","status-publish","format-standard","has-post-thumbnail","hentry","category-literatura","tag-100-mejores-novelas-en-espanol-del-siglo-xx","tag-11-de-enero-de-1943","tag-1230","tag-1953","tag-1958","tag-abogacia","tag-barcelona","tag-barcelona-en-1887","tag-blog-de-rafael-ramirez","tag-cambios-urbanisticos-y-sociales","tag-critica","tag-critica-libro","tag-critica-literaria","tag-derecho-en-1965","tag-diario-el-mundo","tag-eduardo-mendoza","tag-eduardo-mendoza-garriga","tag-el-misterio-de-la-cripta-embrujada","tag-enfoque-realista","tag-ensayos-y-relatos","tag-escritor-espanol","tag-escritores","tag-espana","tag-europa","tag-fabulacion-libre","tag-fantasia-satirica-y-ludica","tag-internacional","tag-la-ciudad-de-los-prodigios","tag-la-ciudad-de-los-prodigios-de-eduardo-mendoza","tag-la-verdad-sobre-el-caso-savolta","tag-literatura","tag-literatura-espanola","tag-mitos-y-fastos-locales","tag-narrativa-picaresca","tag-nueva-york-en-1973","tag-obra-muy-reconocida","tag-onofre-bouvila","tag-premio-cervantes-2016","tag-premio-de-la-critica","tag-premio-franz-kafka","tag-premio-liber","tag-premio-nacional-de-cultura-de-la-generalitat-de-cataluna","tag-premio-planeta-2010","tag-publicada-en-1986","tag-rina-de-gatos-madrid-1936","tag-traductor-en-las-naciones-unidas"],"yoast_head":"<!-- This site is optimized with the Yoast SEO plugin v28.4 - https:\/\/yoast.com\/product\/yoast-seo-wordpress\/ -->\n<title>&quot;La ciudad de los prodigios&quot; de Eduardo Mendoza: picaresca y brillante novela reconocida internacionalmente. - Blog de Rafael Ram\u00edrez<\/title>\n<meta name=\"robots\" content=\"index, follow, max-snippet:-1, max-image-preview:large, max-video-preview:-1\" \/>\n<link rel=\"canonical\" href=\"https:\/\/rafaramirez.org\/blog\/index.php\/2024\/05\/06\/la-ciudad-de-los-prodigios\/\" \/>\n<meta property=\"og:locale\" content=\"es_ES\" \/>\n<meta property=\"og:type\" content=\"article\" \/>\n<meta property=\"og:title\" content=\"&quot;La ciudad de los prodigios&quot; de Eduardo Mendoza: picaresca y brillante novela reconocida internacionalmente. - Blog de Rafael Ram\u00edrez\" \/>\n<meta property=\"og:description\" content=\"\u201cLa ciudad de los prodigios\u201d es una novela del escritor espa\u00f1ol Eduardo Mendoza, publicada en\u00a01986.\u00a0La historia se desarrolla en Barcelona entre las dos Exposiciones Universales de\u00a01888\u00a0y\u00a01929.\u00a0El libro narra la espectacular ascensi\u00f3n de Onofre Bouvila, un joven campesino que llega a Barcelona en\u00a01887\u00a0y se convierte en uno de los hombres m\u00e1s ricos e influyentes del pa\u00eds, [&hellip;]\" \/>\n<meta property=\"og:url\" content=\"https:\/\/rafaramirez.org\/blog\/index.php\/2024\/05\/06\/la-ciudad-de-los-prodigios\/\" \/>\n<meta property=\"og:site_name\" content=\"Blog de Rafael Ram\u00edrez\" \/>\n<meta property=\"article:published_time\" content=\"2024-05-06T06:15:49+00:00\" \/>\n<meta property=\"og:image\" content=\"https:\/\/rafaramirez.org\/blog\/wp-content\/uploads\/2024\/05\/La_ciudad_de_los_prodigios_Eduardo_Mendoza_banner.jpg\" \/>\n\t<meta property=\"og:image:width\" content=\"900\" \/>\n\t<meta property=\"og:image:height\" content=\"413\" \/>\n\t<meta property=\"og:image:type\" content=\"image\/jpeg\" \/>\n<meta name=\"author\" content=\"Rafael Ram\u00edrez\" \/>\n<meta name=\"twitter:card\" content=\"summary_large_image\" \/>\n<meta name=\"twitter:creator\" content=\"@rafaramirez_ok\" \/>\n<meta name=\"twitter:site\" content=\"@rafaramirez_ok\" \/>\n<meta name=\"twitter:label1\" content=\"Escrito por\" \/>\n\t<meta name=\"twitter:data1\" content=\"Rafael Ram\u00edrez\" \/>\n\t<meta name=\"twitter:label2\" content=\"Tiempo de lectura\" \/>\n\t<meta name=\"twitter:data2\" content=\"2 minutos\" \/>\n<script type=\"application\/ld+json\" class=\"yoast-schema-graph\">{\"@context\":\"https:\\\/\\\/schema.org\",\"@graph\":[{\"@type\":\"Article\",\"@id\":\"https:\\\/\\\/rafaramirez.org\\\/blog\\\/index.php\\\/2024\\\/05\\\/06\\\/la-ciudad-de-los-prodigios\\\/#article\",\"isPartOf\":{\"@id\":\"https:\\\/\\\/rafaramirez.org\\\/blog\\\/index.php\\\/2024\\\/05\\\/06\\\/la-ciudad-de-los-prodigios\\\/\"},\"author\":{\"name\":\"Rafael Ram\u00edrez\",\"@id\":\"https:\\\/\\\/rafaramirez.org\\\/blog\\\/#\\\/schema\\\/person\\\/50f43b6d60c578760d4c17bda54ab6a5\"},\"headline\":\"\u00abLa ciudad de los prodigios\u00bb de Eduardo Mendoza: picaresca y brillante novela reconocida internacionalmente.\",\"datePublished\":\"2024-05-06T06:15:49+00:00\",\"mainEntityOfPage\":{\"@id\":\"https:\\\/\\\/rafaramirez.org\\\/blog\\\/index.php\\\/2024\\\/05\\\/06\\\/la-ciudad-de-los-prodigios\\\/\"},\"wordCount\":507,\"commentCount\":0,\"publisher\":{\"@id\":\"https:\\\/\\\/rafaramirez.org\\\/blog\\\/#\\\/schema\\\/person\\\/50f43b6d60c578760d4c17bda54ab6a5\"},\"image\":{\"@id\":\"https:\\\/\\\/rafaramirez.org\\\/blog\\\/index.php\\\/2024\\\/05\\\/06\\\/la-ciudad-de-los-prodigios\\\/#primaryimage\"},\"thumbnailUrl\":\"https:\\\/\\\/rafaramirez.org\\\/blog\\\/wp-content\\\/uploads\\\/2024\\\/05\\\/La_ciudad_de_los_prodigios_Eduardo_Mendoza_banner.jpg\",\"keywords\":[\"100 mejores novelas en espa\u00f1ol del siglo XX\",\"11 de enero de 1943\",\"1978\",\"1982\",\"1986\",\"abogac\u00eda\",\"Barcelona\",\"Barcelona en\u00a01887\",\"blog de Rafael Ram\u00edrez\",\"cambios urban\u00edsticos y sociales\",\"cr\u00edtica\",\"critica libro\",\"cr\u00edtica literaria\",\"Derecho en\u00a01965\",\"diario \\\"El Mundo\\\"\",\"Eduardo Mendoza\",\"Eduardo Mendoza Garriga\",\"El misterio de la cripta embrujada\",\"enfoque realista\",\"ensayos y relatos\",\"escritor espa\u00f1ol\",\"escritores\",\"espa\u00f1a\",\"Europa\",\"fabulaci\u00f3n libre\",\"fantas\u00eda sat\u00edrica y l\u00fadica\",\"internacional\",\"La ciudad de los prodigios\",\"La ciudad de los prodigios de Eduardo Mendoza\",\"La verdad sobre el caso Savolta\",\"literatura\",\"literatura espa\u00f1ola\",\"mitos y fastos locales\",\"narrativa picaresca\",\"Nueva York en\u00a01973\",\"obra muy reconocida\",\"Onofre Bouvila\",\"Premio Cervantes 2016\",\"Premio de la Cr\u00edtica\",\"Premio Franz Kafka\",\"Premio Liber\",\"Premio Nacional de Cultura de la Generalitat de Catalu\u00f1a\",\"Premio Planeta 2010\",\"publicada en\u00a01986\",\"Ri\u00f1a de gatos.\u00a0Madrid 1936\",\"traductor en las Naciones Unidas\"],\"articleSection\":[\"Literatura\"],\"inLanguage\":\"es\",\"potentialAction\":[{\"@type\":\"CommentAction\",\"name\":\"Comment\",\"target\":[\"https:\\\/\\\/rafaramirez.org\\\/blog\\\/index.php\\\/2024\\\/05\\\/06\\\/la-ciudad-de-los-prodigios\\\/#respond\"]}]},{\"@type\":\"WebPage\",\"@id\":\"https:\\\/\\\/rafaramirez.org\\\/blog\\\/index.php\\\/2024\\\/05\\\/06\\\/la-ciudad-de-los-prodigios\\\/\",\"url\":\"https:\\\/\\\/rafaramirez.org\\\/blog\\\/index.php\\\/2024\\\/05\\\/06\\\/la-ciudad-de-los-prodigios\\\/\",\"name\":\"\\\"La ciudad de los prodigios\\\" de Eduardo Mendoza: picaresca y brillante novela reconocida internacionalmente. - Blog de Rafael Ram\u00edrez\",\"isPartOf\":{\"@id\":\"https:\\\/\\\/rafaramirez.org\\\/blog\\\/#website\"},\"primaryImageOfPage\":{\"@id\":\"https:\\\/\\\/rafaramirez.org\\\/blog\\\/index.php\\\/2024\\\/05\\\/06\\\/la-ciudad-de-los-prodigios\\\/#primaryimage\"},\"image\":{\"@id\":\"https:\\\/\\\/rafaramirez.org\\\/blog\\\/index.php\\\/2024\\\/05\\\/06\\\/la-ciudad-de-los-prodigios\\\/#primaryimage\"},\"thumbnailUrl\":\"https:\\\/\\\/rafaramirez.org\\\/blog\\\/wp-content\\\/uploads\\\/2024\\\/05\\\/La_ciudad_de_los_prodigios_Eduardo_Mendoza_banner.jpg\",\"datePublished\":\"2024-05-06T06:15:49+00:00\",\"breadcrumb\":{\"@id\":\"https:\\\/\\\/rafaramirez.org\\\/blog\\\/index.php\\\/2024\\\/05\\\/06\\\/la-ciudad-de-los-prodigios\\\/#breadcrumb\"},\"inLanguage\":\"es\",\"potentialAction\":[{\"@type\":\"ReadAction\",\"target\":[\"https:\\\/\\\/rafaramirez.org\\\/blog\\\/index.php\\\/2024\\\/05\\\/06\\\/la-ciudad-de-los-prodigios\\\/\"]}]},{\"@type\":\"ImageObject\",\"inLanguage\":\"es\",\"@id\":\"https:\\\/\\\/rafaramirez.org\\\/blog\\\/index.php\\\/2024\\\/05\\\/06\\\/la-ciudad-de-los-prodigios\\\/#primaryimage\",\"url\":\"https:\\\/\\\/rafaramirez.org\\\/blog\\\/wp-content\\\/uploads\\\/2024\\\/05\\\/La_ciudad_de_los_prodigios_Eduardo_Mendoza_banner.jpg\",\"contentUrl\":\"https:\\\/\\\/rafaramirez.org\\\/blog\\\/wp-content\\\/uploads\\\/2024\\\/05\\\/La_ciudad_de_los_prodigios_Eduardo_Mendoza_banner.jpg\",\"width\":900,\"height\":413,\"caption\":\"\\\"La ciudad de los prodigios\\\" de Eduardo Mendoza. Blog de Rafael Ram\u00edrez.\"},{\"@type\":\"BreadcrumbList\",\"@id\":\"https:\\\/\\\/rafaramirez.org\\\/blog\\\/index.php\\\/2024\\\/05\\\/06\\\/la-ciudad-de-los-prodigios\\\/#breadcrumb\",\"itemListElement\":[{\"@type\":\"ListItem\",\"position\":1,\"name\":\"Portada\",\"item\":\"https:\\\/\\\/rafaramirez.org\\\/blog\\\/\"},{\"@type\":\"ListItem\",\"position\":2,\"name\":\"\u00abLa ciudad de los prodigios\u00bb de Eduardo Mendoza: picaresca y brillante novela reconocida internacionalmente.\"}]},{\"@type\":\"WebSite\",\"@id\":\"https:\\\/\\\/rafaramirez.org\\\/blog\\\/#website\",\"url\":\"https:\\\/\\\/rafaramirez.org\\\/blog\\\/\",\"name\":\"Blog de Rafael Ram\u00edrez\",\"description\":\"Un sitio social, de arte y cultura\",\"publisher\":{\"@id\":\"https:\\\/\\\/rafaramirez.org\\\/blog\\\/#\\\/schema\\\/person\\\/50f43b6d60c578760d4c17bda54ab6a5\"},\"potentialAction\":[{\"@type\":\"SearchAction\",\"target\":{\"@type\":\"EntryPoint\",\"urlTemplate\":\"https:\\\/\\\/rafaramirez.org\\\/blog\\\/?s={search_term_string}\"},\"query-input\":{\"@type\":\"PropertyValueSpecification\",\"valueRequired\":true,\"valueName\":\"search_term_string\"}}],\"inLanguage\":\"es\"},{\"@type\":[\"Person\",\"Organization\"],\"@id\":\"https:\\\/\\\/rafaramirez.org\\\/blog\\\/#\\\/schema\\\/person\\\/50f43b6d60c578760d4c17bda54ab6a5\",\"name\":\"Rafael Ram\u00edrez\",\"image\":{\"@type\":\"ImageObject\",\"inLanguage\":\"es\",\"@id\":\"https:\\\/\\\/rafaramirez.org\\\/blog\\\/wp-content\\\/uploads\\\/2024\\\/09\\\/RR_socialnetwork.jpg\",\"url\":\"https:\\\/\\\/rafaramirez.org\\\/blog\\\/wp-content\\\/uploads\\\/2024\\\/09\\\/RR_socialnetwork.jpg\",\"contentUrl\":\"https:\\\/\\\/rafaramirez.org\\\/blog\\\/wp-content\\\/uploads\\\/2024\\\/09\\\/RR_socialnetwork.jpg\",\"width\":600,\"height\":606,\"caption\":\"Rafael Ram\u00edrez\"},\"logo\":{\"@id\":\"https:\\\/\\\/rafaramirez.org\\\/blog\\\/wp-content\\\/uploads\\\/2024\\\/09\\\/RR_socialnetwork.jpg\"},\"sameAs\":[\"https:\\\/\\\/www.rafaramirez.org\\\/blog\",\"https:\\\/\\\/www.instagram.com\\\/rafaramirez_ok\\\/\",\"https:\\\/\\\/es.pinterest.com\\\/Ramirez_Rafa\\\/\",\"https:\\\/\\\/x.com\\\/rafaramirez_ok\"],\"url\":\"https:\\\/\\\/rafaramirez.org\\\/blog\\\/index.php\\\/author\\\/rafaell_qm6j97da\\\/\"}]}<\/script>\n<!-- \/ Yoast SEO plugin. -->","yoast_head_json":{"title":"\"La ciudad de los prodigios\" de Eduardo Mendoza: picaresca y brillante novela reconocida internacionalmente. - Blog de Rafael Ram\u00edrez","robots":{"index":"index","follow":"follow","max-snippet":"max-snippet:-1","max-image-preview":"max-image-preview:large","max-video-preview":"max-video-preview:-1"},"canonical":"https:\/\/rafaramirez.org\/blog\/index.php\/2024\/05\/06\/la-ciudad-de-los-prodigios\/","og_locale":"es_ES","og_type":"article","og_title":"\"La ciudad de los prodigios\" de Eduardo Mendoza: picaresca y brillante novela reconocida internacionalmente. - Blog de Rafael Ram\u00edrez","og_description":"\u201cLa ciudad de los prodigios\u201d es una novela del escritor espa\u00f1ol Eduardo Mendoza, publicada en\u00a01986.\u00a0La historia se desarrolla en Barcelona entre las dos Exposiciones Universales de\u00a01888\u00a0y\u00a01929.\u00a0El libro narra la espectacular ascensi\u00f3n de Onofre Bouvila, un joven campesino que llega a Barcelona en\u00a01887\u00a0y se convierte en uno de los hombres m\u00e1s ricos e influyentes del pa\u00eds, [&hellip;]","og_url":"https:\/\/rafaramirez.org\/blog\/index.php\/2024\/05\/06\/la-ciudad-de-los-prodigios\/","og_site_name":"Blog de Rafael Ram\u00edrez","article_published_time":"2024-05-06T06:15:49+00:00","og_image":[{"width":900,"height":413,"url":"https:\/\/rafaramirez.org\/blog\/wp-content\/uploads\/2024\/05\/La_ciudad_de_los_prodigios_Eduardo_Mendoza_banner.jpg","type":"image\/jpeg"}],"author":"Rafael Ram\u00edrez","twitter_card":"summary_large_image","twitter_creator":"@rafaramirez_ok","twitter_site":"@rafaramirez_ok","twitter_misc":{"Escrito por":"Rafael Ram\u00edrez","Tiempo de lectura":"2 minutos"},"schema":{"@context":"https:\/\/schema.org","@graph":[{"@type":"Article","@id":"https:\/\/rafaramirez.org\/blog\/index.php\/2024\/05\/06\/la-ciudad-de-los-prodigios\/#article","isPartOf":{"@id":"https:\/\/rafaramirez.org\/blog\/index.php\/2024\/05\/06\/la-ciudad-de-los-prodigios\/"},"author":{"name":"Rafael Ram\u00edrez","@id":"https:\/\/rafaramirez.org\/blog\/#\/schema\/person\/50f43b6d60c578760d4c17bda54ab6a5"},"headline":"\u00abLa ciudad de los prodigios\u00bb de Eduardo Mendoza: picaresca y brillante novela reconocida internacionalmente.","datePublished":"2024-05-06T06:15:49+00:00","mainEntityOfPage":{"@id":"https:\/\/rafaramirez.org\/blog\/index.php\/2024\/05\/06\/la-ciudad-de-los-prodigios\/"},"wordCount":507,"commentCount":0,"publisher":{"@id":"https:\/\/rafaramirez.org\/blog\/#\/schema\/person\/50f43b6d60c578760d4c17bda54ab6a5"},"image":{"@id":"https:\/\/rafaramirez.org\/blog\/index.php\/2024\/05\/06\/la-ciudad-de-los-prodigios\/#primaryimage"},"thumbnailUrl":"https:\/\/rafaramirez.org\/blog\/wp-content\/uploads\/2024\/05\/La_ciudad_de_los_prodigios_Eduardo_Mendoza_banner.jpg","keywords":["100 mejores novelas en espa\u00f1ol del siglo XX","11 de enero de 1943","1978","1982","1986","abogac\u00eda","Barcelona","Barcelona en\u00a01887","blog de Rafael Ram\u00edrez","cambios urban\u00edsticos y sociales","cr\u00edtica","critica libro","cr\u00edtica literaria","Derecho en\u00a01965","diario \"El Mundo\"","Eduardo Mendoza","Eduardo Mendoza Garriga","El misterio de la cripta embrujada","enfoque realista","ensayos y relatos","escritor espa\u00f1ol","escritores","espa\u00f1a","Europa","fabulaci\u00f3n libre","fantas\u00eda sat\u00edrica y l\u00fadica","internacional","La ciudad de los prodigios","La ciudad de los prodigios de Eduardo Mendoza","La verdad sobre el caso Savolta","literatura","literatura espa\u00f1ola","mitos y fastos locales","narrativa picaresca","Nueva York en\u00a01973","obra muy reconocida","Onofre Bouvila","Premio Cervantes 2016","Premio de la Cr\u00edtica","Premio Franz Kafka","Premio Liber","Premio Nacional de Cultura de la Generalitat de Catalu\u00f1a","Premio Planeta 2010","publicada en\u00a01986","Ri\u00f1a de gatos.\u00a0Madrid 1936","traductor en las Naciones Unidas"],"articleSection":["Literatura"],"inLanguage":"es","potentialAction":[{"@type":"CommentAction","name":"Comment","target":["https:\/\/rafaramirez.org\/blog\/index.php\/2024\/05\/06\/la-ciudad-de-los-prodigios\/#respond"]}]},{"@type":"WebPage","@id":"https:\/\/rafaramirez.org\/blog\/index.php\/2024\/05\/06\/la-ciudad-de-los-prodigios\/","url":"https:\/\/rafaramirez.org\/blog\/index.php\/2024\/05\/06\/la-ciudad-de-los-prodigios\/","name":"\"La ciudad de los prodigios\" de Eduardo Mendoza: picaresca y brillante novela reconocida internacionalmente. - Blog de Rafael Ram\u00edrez","isPartOf":{"@id":"https:\/\/rafaramirez.org\/blog\/#website"},"primaryImageOfPage":{"@id":"https:\/\/rafaramirez.org\/blog\/index.php\/2024\/05\/06\/la-ciudad-de-los-prodigios\/#primaryimage"},"image":{"@id":"https:\/\/rafaramirez.org\/blog\/index.php\/2024\/05\/06\/la-ciudad-de-los-prodigios\/#primaryimage"},"thumbnailUrl":"https:\/\/rafaramirez.org\/blog\/wp-content\/uploads\/2024\/05\/La_ciudad_de_los_prodigios_Eduardo_Mendoza_banner.jpg","datePublished":"2024-05-06T06:15:49+00:00","breadcrumb":{"@id":"https:\/\/rafaramirez.org\/blog\/index.php\/2024\/05\/06\/la-ciudad-de-los-prodigios\/#breadcrumb"},"inLanguage":"es","potentialAction":[{"@type":"ReadAction","target":["https:\/\/rafaramirez.org\/blog\/index.php\/2024\/05\/06\/la-ciudad-de-los-prodigios\/"]}]},{"@type":"ImageObject","inLanguage":"es","@id":"https:\/\/rafaramirez.org\/blog\/index.php\/2024\/05\/06\/la-ciudad-de-los-prodigios\/#primaryimage","url":"https:\/\/rafaramirez.org\/blog\/wp-content\/uploads\/2024\/05\/La_ciudad_de_los_prodigios_Eduardo_Mendoza_banner.jpg","contentUrl":"https:\/\/rafaramirez.org\/blog\/wp-content\/uploads\/2024\/05\/La_ciudad_de_los_prodigios_Eduardo_Mendoza_banner.jpg","width":900,"height":413,"caption":"\"La ciudad de los prodigios\" de Eduardo Mendoza. Blog de Rafael Ram\u00edrez."},{"@type":"BreadcrumbList","@id":"https:\/\/rafaramirez.org\/blog\/index.php\/2024\/05\/06\/la-ciudad-de-los-prodigios\/#breadcrumb","itemListElement":[{"@type":"ListItem","position":1,"name":"Portada","item":"https:\/\/rafaramirez.org\/blog\/"},{"@type":"ListItem","position":2,"name":"\u00abLa ciudad de los prodigios\u00bb de Eduardo Mendoza: picaresca y brillante novela reconocida internacionalmente."}]},{"@type":"WebSite","@id":"https:\/\/rafaramirez.org\/blog\/#website","url":"https:\/\/rafaramirez.org\/blog\/","name":"Blog de Rafael Ram\u00edrez","description":"Un sitio social, de arte y cultura","publisher":{"@id":"https:\/\/rafaramirez.org\/blog\/#\/schema\/person\/50f43b6d60c578760d4c17bda54ab6a5"},"potentialAction":[{"@type":"SearchAction","target":{"@type":"EntryPoint","urlTemplate":"https:\/\/rafaramirez.org\/blog\/?s={search_term_string}"},"query-input":{"@type":"PropertyValueSpecification","valueRequired":true,"valueName":"search_term_string"}}],"inLanguage":"es"},{"@type":["Person","Organization"],"@id":"https:\/\/rafaramirez.org\/blog\/#\/schema\/person\/50f43b6d60c578760d4c17bda54ab6a5","name":"Rafael Ram\u00edrez","image":{"@type":"ImageObject","inLanguage":"es","@id":"https:\/\/rafaramirez.org\/blog\/wp-content\/uploads\/2024\/09\/RR_socialnetwork.jpg","url":"https:\/\/rafaramirez.org\/blog\/wp-content\/uploads\/2024\/09\/RR_socialnetwork.jpg","contentUrl":"https:\/\/rafaramirez.org\/blog\/wp-content\/uploads\/2024\/09\/RR_socialnetwork.jpg","width":600,"height":606,"caption":"Rafael Ram\u00edrez"},"logo":{"@id":"https:\/\/rafaramirez.org\/blog\/wp-content\/uploads\/2024\/09\/RR_socialnetwork.jpg"},"sameAs":["https:\/\/www.rafaramirez.org\/blog","https:\/\/www.instagram.com\/rafaramirez_ok\/","https:\/\/es.pinterest.com\/Ramirez_Rafa\/","https:\/\/x.com\/rafaramirez_ok"],"url":"https:\/\/rafaramirez.org\/blog\/index.php\/author\/rafaell_qm6j97da\/"}]}},"jetpack_publicize_connections":[],"jetpack_sharing_enabled":true,"jetpack_likes_enabled":true,"jetpack_featured_media_url":"https:\/\/rafaramirez.org\/blog\/wp-content\/uploads\/2024\/05\/La_ciudad_de_los_prodigios_Eduardo_Mendoza_banner.jpg","_links":{"self":[{"href":"https:\/\/rafaramirez.org\/blog\/index.php\/wp-json\/wp\/v2\/posts\/4341","targetHints":{"allow":["GET"]}}],"collection":[{"href":"https:\/\/rafaramirez.org\/blog\/index.php\/wp-json\/wp\/v2\/posts"}],"about":[{"href":"https:\/\/rafaramirez.org\/blog\/index.php\/wp-json\/wp\/v2\/types\/post"}],"author":[{"embeddable":true,"href":"https:\/\/rafaramirez.org\/blog\/index.php\/wp-json\/wp\/v2\/users\/1"}],"replies":[{"embeddable":true,"href":"https:\/\/rafaramirez.org\/blog\/index.php\/wp-json\/wp\/v2\/comments?post=4341"}],"version-history":[{"count":8,"href":"https:\/\/rafaramirez.org\/blog\/index.php\/wp-json\/wp\/v2\/posts\/4341\/revisions"}],"predecessor-version":[{"id":4352,"href":"https:\/\/rafaramirez.org\/blog\/index.php\/wp-json\/wp\/v2\/posts\/4341\/revisions\/4352"}],"wp:featuredmedia":[{"embeddable":true,"href":"https:\/\/rafaramirez.org\/blog\/index.php\/wp-json\/wp\/v2\/media\/4346"}],"wp:attachment":[{"href":"https:\/\/rafaramirez.org\/blog\/index.php\/wp-json\/wp\/v2\/media?parent=4341"}],"wp:term":[{"taxonomy":"category","embeddable":true,"href":"https:\/\/rafaramirez.org\/blog\/index.php\/wp-json\/wp\/v2\/categories?post=4341"},{"taxonomy":"post_tag","embeddable":true,"href":"https:\/\/rafaramirez.org\/blog\/index.php\/wp-json\/wp\/v2\/tags?post=4341"}],"curies":[{"name":"wp","href":"https:\/\/api.w.org\/{rel}","templated":true}]}}