{"id":4332,"date":"2024-05-03T08:15:38","date_gmt":"2024-05-03T06:15:38","guid":{"rendered":"https:\/\/rafaramirez.org\/blog\/?p=4332"},"modified":"2024-05-02T12:38:59","modified_gmt":"2024-05-02T10:38:59","slug":"5-de-mayo-dia-de-la-madre-en-espana-origen-y-tradicion","status":"publish","type":"post","link":"https:\/\/rafaramirez.org\/blog\/index.php\/2024\/05\/03\/5-de-mayo-dia-de-la-madre-en-espana-origen-y-tradicion\/","title":{"rendered":"5 de mayo: D\u00eda de la Madre en Espa\u00f1a, origen y tradici\u00f3n."},"content":{"rendered":"<p>El\u00a0<strong>D\u00eda de la Madre<\/strong>\u00a0en Espa\u00f1a es una festividad especial para honrar a todas las madres. Aqu\u00ed tienes algunos detalles interesantes:<\/p>\n<ul>\n<li><strong>Origen y Tradici\u00f3n<\/strong>:\n<ul>\n<li>El D\u00eda de la Madre tiene sus ra\u00edces en la\u00a0<strong>Antigua Grecia<\/strong>\u00a0y luego fue adoptado por los romanos. En Espa\u00f1a, con la llegada del cristianismo, se asoci\u00f3 a la figura de la\u00a0<strong>Virgen Mar\u00eda<\/strong>, madre de Jes\u00fas.<\/li>\n<li>Aunque el mes de mayo es el\u00a0<strong>mes de la Virgen<\/strong>, la celebraci\u00f3n del D\u00eda de la Madre no est\u00e1 oficialmente aprobada como festividad y no aparece en los calendarios laborales o escolares como un d\u00eda no lectivo.<\/li>\n<li>En los a\u00f1os 60, los grandes almacenes\u00a0<strong>Galer\u00edas Preciados<\/strong>\u00a0y\u00a0<strong>El Corte Ingl\u00e9s<\/strong>\u00a0marcaron la celebraci\u00f3n anual de esta fiesta. Galer\u00edas Preciados adopt\u00f3 la tradici\u00f3n cubana de celebrar el D\u00eda de la Madre en mayo, mientras que El Corte Ingl\u00e9s lo hac\u00eda en diciembre, coincidiendo con la Inmaculada Concepci\u00f3n.<\/li>\n<li>Finalmente, en\u00a0<strong>1965<\/strong>, se estableci\u00f3 que el D\u00eda de la Madre se celebrar\u00eda en el\u00a0<strong>primer domingo de mayo<\/strong>, siguiendo la tradici\u00f3n extranjera.<\/li>\n<\/ul>\n<\/li>\n<\/ul>\n<figure id=\"attachment_4337\" aria-describedby=\"caption-attachment-4337\" style=\"width: 237px\" class=\"wp-caption aligncenter\"><a href=\"https:\/\/rafaramirez.org\/blog\/wp-content\/uploads\/2024\/05\/DiadelaMadre_2.jpg\" target=\"_blank\" rel=\"noopener\"><img loading=\"lazy\" decoding=\"async\" class=\"wp-image-4337 size-medium\" src=\"https:\/\/rafaramirez.org\/blog\/wp-content\/uploads\/2024\/05\/DiadelaMadre_2-237x300.jpg\" alt=\"D\u00eda de la Madre 2024. Blog de Rafael Ram\u00edrez.\" width=\"237\" height=\"300\" srcset=\"https:\/\/rafaramirez.org\/blog\/wp-content\/uploads\/2024\/05\/DiadelaMadre_2-237x300.jpg 237w, https:\/\/rafaramirez.org\/blog\/wp-content\/uploads\/2024\/05\/DiadelaMadre_2-810x1024.jpg 810w, https:\/\/rafaramirez.org\/blog\/wp-content\/uploads\/2024\/05\/DiadelaMadre_2-768x971.jpg 768w, https:\/\/rafaramirez.org\/blog\/wp-content\/uploads\/2024\/05\/DiadelaMadre_2-1215x1536.jpg 1215w, https:\/\/rafaramirez.org\/blog\/wp-content\/uploads\/2024\/05\/DiadelaMadre_2.jpg 1519w\" sizes=\"auto, (max-width: 237px) 100vw, 237px\" \/><\/a><figcaption id=\"caption-attachment-4337\" class=\"wp-caption-text\">Virgen del Perpetuo Socorro.<\/figcaption><\/figure>\n<ul>\n<li><strong>Fecha en 2024<\/strong>:\n<ul>\n<li>Este a\u00f1o, el D\u00eda de la Madre en Espa\u00f1a cae el\u00a0<strong>domingo 5 de mayo de 2024<\/strong>.<\/li>\n<li>Es un d\u00eda para rendir homenaje a un pilar fundamental de la familia: nuestras queridas madres.<\/li>\n<\/ul>\n<\/li>\n<\/ul>\n<p>El\u00a0D\u00eda de la Madre\u00a0es una celebraci\u00f3n que se lleva a cabo en diferentes fechas alrededor del mundo, dependiendo de la cultura y las tradiciones de cada pa\u00eds. Aqu\u00ed tienes un resumen de c\u00f3mo se celebra en algunas partes del mundo:<\/p>\n<ul>\n<li style=\"list-style-type: none;\">\n<ul>\n<li style=\"list-style-type: none;\">\n<ul>\n<li><strong>Estados Unidos<\/strong>: Se celebra el\u00a0<strong>segundo domingo de mayo<\/strong>. Esta tradici\u00f3n fue establecida por Anna Jarvis en 1907 y se convirti\u00f3 en una festividad oficial en 1914.<\/li>\n<li><strong>M\u00e9xico<\/strong>: Se celebra el\u00a0<strong>10 de mayo<\/strong>, independientemente del d\u00eda de la semana en que caiga. Esta fecha fue elegida en 1922 y se ha mantenido desde entonces.<\/li>\n<li><strong>Reino Unido<\/strong>: Se celebra el\u00a0<strong>Mothering Sunday<\/strong>, que es el cuarto domingo de la Cuaresma. Esto significa que la fecha var\u00eda cada a\u00f1o, pero generalmente cae en marzo o abril.<\/li>\n<li><strong>Argentina<\/strong>: Se celebra el\u00a0<strong>tercer domingo de octubre<\/strong>.<\/li>\n<li><strong>Rusia<\/strong>: Se celebra el\u00a0<strong>\u00faltimo domingo de noviembre<\/strong>.<\/li>\n<\/ul>\n<\/li>\n<\/ul>\n<\/li>\n<\/ul>\n<p style=\"text-align: center;\"><a href=\"https:\/\/rafaramirez.org\/blog\/wp-content\/uploads\/2024\/05\/DiadelaMadre_3.jpg\" target=\"_blank\" rel=\"noopener\"><img loading=\"lazy\" decoding=\"async\" class=\"aligncenter wp-image-4338 size-medium\" src=\"https:\/\/rafaramirez.org\/blog\/wp-content\/uploads\/2024\/05\/DiadelaMadre_3-300x170.jpg\" alt=\"D\u00eda de la Madre 2024. Blog de Rafael Ram\u00edrez.\" width=\"300\" height=\"170\" srcset=\"https:\/\/rafaramirez.org\/blog\/wp-content\/uploads\/2024\/05\/DiadelaMadre_3-300x170.jpg 300w, https:\/\/rafaramirez.org\/blog\/wp-content\/uploads\/2024\/05\/DiadelaMadre_3-1024x579.jpg 1024w, https:\/\/rafaramirez.org\/blog\/wp-content\/uploads\/2024\/05\/DiadelaMadre_3-768x434.jpg 768w, https:\/\/rafaramirez.org\/blog\/wp-content\/uploads\/2024\/05\/DiadelaMadre_3-1536x869.jpg 1536w, https:\/\/rafaramirez.org\/blog\/wp-content\/uploads\/2024\/05\/DiadelaMadre_3.jpg 1920w\" sizes=\"auto, (max-width: 300px) 100vw, 300px\" \/><\/a><\/p>\n<p>Estas son solo algunas de las fechas en las que diferentes pa\u00edses honran a las madres. La elecci\u00f3n de la fecha est\u00e1 influenciada por una variedad de factores, incluyendo tradiciones hist\u00f3ricas, religiosas y culturales. A pesar de las diferencias en la fecha de celebraci\u00f3n, el esp\u00edritu de la festividad es el mismo en todo el mundo: rendir homenaje a las madres y reconocer su importante papel en nuestras vidas y en la sociedad.<\/p>\n<p><strong>\u00a1No olvides expresar tu cari\u00f1o y gratitud a tu madre en este d\u00eda especial! Puedes dejar tus comentarios debajo del post \u00a1Saludos y feliz D\u00eda de la Madre!\u00a0\ud83c\udf38\ud83d\udc69\u200d\ud83d\udc67\u200d\ud83d\udc66<\/strong><\/p>\n<p>M\u00e1s informaci\u00f3n:<\/p>\n<ul>\n<li><a href=\"https:\/\/es.wikipedia.org\/wiki\/D%C3%ADa_de_la_Madre\" target=\"_blank\" rel=\"noopener\">Wikipedia.es<\/a><\/li>\n<li><a href=\"https:\/\/www.elperiodico.com\/es\/sociedad\/20240420\/cuando-dia-de-la-madre-2024-fecha-dv-7942330\" target=\"_blank\" rel=\"noopener\">El Peri\u00f3dico.com<\/a><\/li>\n<li><a href=\"https:\/\/www.eleconomista.es\/actualidad\/noticias\/12779851\/04\/24\/cuando-es-el-dia-de-la-madre-2024.html\" target=\"_blank\" rel=\"noopener\">El Economista.es<\/a><\/li>\n<\/ul>\n<p>&nbsp;<\/p>\n","protected":false},"excerpt":{"rendered":"<p>El\u00a0D\u00eda de la Madre\u00a0en Espa\u00f1a es una festividad especial para honrar a todas las madres. Aqu\u00ed tienes algunos detalles interesantes: Origen y Tradici\u00f3n: El D\u00eda de la Madre tiene sus ra\u00edces en la\u00a0Antigua Grecia\u00a0y luego fue adoptado por los romanos. En Espa\u00f1a, con la llegada del cristianismo, se asoci\u00f3 a la figura de la\u00a0Virgen Mar\u00eda, [&hellip;]<\/p>\n","protected":false},"author":1,"featured_media":4336,"comment_status":"open","ping_status":"closed","sticky":false,"template":"","format":"standard","meta":{"site-container-style":"default","site-container-layout":"default","site-sidebar-layout":"default","disable-article-header":"default","disable-site-header":"default","disable-site-footer":"default","disable-content-area-spacing":"default","_jetpack_newsletter_access":"","_jetpack_dont_email_post_to_subs":false,"_jetpack_newsletter_tier_id":0,"_jetpack_memberships_contains_paywalled_content":false,"_jetpack_feature_clip_id":0,"_jetpack_memberships_contains_paid_content":false,"footnotes":"","jetpack_publicize_message":"","jetpack_publicize_feature_enabled":true,"jetpack_social_post_already_shared":false,"jetpack_social_options":{"image_generator_settings":{"template":"highway","default_image_id":0,"font":"","enabled":false},"version":2},"jetpack_post_was_ever_published":false},"categories":[1291,15],"tags":[1919,1917,1918,1920,1914,1652,1902,1916,1906,1332,68,1928,1922,1927,927,1901,1929,1931,1323,1913,168,1912,1904,1932,1907,1909,1911,1910,1175,1921,1905,1903,1216,1926,432,1915,1923,1930,1925,1924,1908],"class_list":["post-4332","post","type-post","status-publish","format-standard","has-post-thumbnail","hentry","category-efemerides","category-noticias-sociales","tag-10-de-mayo","tag-1917","tag-1918","tag-1920","tag-1914","tag-1652","tag-5-de-mayo","tag-anna-jarvis","tag-antigua-grecia","tag-argentina","tag-blog-de-rafael-ramirez","tag-carino-y-gratitud-a-tu-madre","tag-cuarto-domingo-de-la-cuaresma","tag-culturales","tag-dia-de-la-madre","tag-dia-de-la-madre-en-espana","tag-dia-especial","tag-diciembre","tag-efemerides","tag-el-corte-ingles","tag-estados-unidos","tag-galerias-preciados","tag-honrar-a-todas-las-madres","tag-inmaculada-concepcion","tag-llegada-del-cristianismo","tag-madre-de-jesus","tag-mes-de-la-virgen","tag-mes-de-mayo","tag-mexico","tag-mothering-sunday","tag-origen-y-tradicion","tag-primer-domingo-de-mayo","tag-reino-unido","tag-religiosas","tag-rusia","tag-segundo-domingo-de-mayo","tag-tercer-domingo-de-octubre","tag-tradicion-cubana","tag-tradiciones-historicas","tag-ultimo-domingo-de-noviembre","tag-virgen-maria"],"yoast_head":"<!-- This site is optimized with the Yoast SEO plugin v28.4 - https:\/\/yoast.com\/product\/yoast-seo-wordpress\/ -->\n<title>5 de mayo: D\u00eda de la Madre en Espa\u00f1a, origen y tradici\u00f3n. - Blog de Rafael Ram\u00edrez<\/title>\n<meta name=\"robots\" content=\"index, follow, max-snippet:-1, max-image-preview:large, max-video-preview:-1\" \/>\n<link rel=\"canonical\" href=\"https:\/\/rafaramirez.org\/blog\/index.php\/2024\/05\/03\/5-de-mayo-dia-de-la-madre-en-espana-origen-y-tradicion\/\" \/>\n<meta property=\"og:locale\" content=\"es_ES\" \/>\n<meta property=\"og:type\" content=\"article\" \/>\n<meta property=\"og:title\" content=\"5 de mayo: D\u00eda de la Madre en Espa\u00f1a, origen y tradici\u00f3n. - Blog de Rafael Ram\u00edrez\" \/>\n<meta property=\"og:description\" content=\"El\u00a0D\u00eda de la Madre\u00a0en Espa\u00f1a es una festividad especial para honrar a todas las madres. Aqu\u00ed tienes algunos detalles interesantes: Origen y Tradici\u00f3n: El D\u00eda de la Madre tiene sus ra\u00edces en la\u00a0Antigua Grecia\u00a0y luego fue adoptado por los romanos. En Espa\u00f1a, con la llegada del cristianismo, se asoci\u00f3 a la figura de la\u00a0Virgen Mar\u00eda, [&hellip;]\" \/>\n<meta property=\"og:url\" content=\"https:\/\/rafaramirez.org\/blog\/index.php\/2024\/05\/03\/5-de-mayo-dia-de-la-madre-en-espana-origen-y-tradicion\/\" \/>\n<meta property=\"og:site_name\" content=\"Blog de Rafael Ram\u00edrez\" \/>\n<meta property=\"article:published_time\" content=\"2024-05-03T06:15:38+00:00\" \/>\n<meta property=\"og:image\" content=\"https:\/\/rafaramirez.org\/blog\/wp-content\/uploads\/2024\/05\/DiadelaMadre_banner.jpg\" \/>\n\t<meta property=\"og:image:width\" content=\"850\" \/>\n\t<meta property=\"og:image:height\" content=\"567\" \/>\n\t<meta property=\"og:image:type\" content=\"image\/jpeg\" \/>\n<meta name=\"author\" content=\"Rafael Ram\u00edrez\" \/>\n<meta name=\"twitter:card\" content=\"summary_large_image\" \/>\n<meta name=\"twitter:creator\" content=\"@rafaramirez_ok\" \/>\n<meta name=\"twitter:site\" content=\"@rafaramirez_ok\" \/>\n<meta name=\"twitter:label1\" content=\"Escrito por\" \/>\n\t<meta name=\"twitter:data1\" content=\"Rafael Ram\u00edrez\" \/>\n\t<meta name=\"twitter:label2\" content=\"Tiempo de lectura\" \/>\n\t<meta name=\"twitter:data2\" content=\"3 minutos\" \/>\n<script type=\"application\/ld+json\" class=\"yoast-schema-graph\">{\"@context\":\"https:\\\/\\\/schema.org\",\"@graph\":[{\"@type\":\"Article\",\"@id\":\"https:\\\/\\\/rafaramirez.org\\\/blog\\\/index.php\\\/2024\\\/05\\\/03\\\/5-de-mayo-dia-de-la-madre-en-espana-origen-y-tradicion\\\/#article\",\"isPartOf\":{\"@id\":\"https:\\\/\\\/rafaramirez.org\\\/blog\\\/index.php\\\/2024\\\/05\\\/03\\\/5-de-mayo-dia-de-la-madre-en-espana-origen-y-tradicion\\\/\"},\"author\":{\"name\":\"Rafael Ram\u00edrez\",\"@id\":\"https:\\\/\\\/rafaramirez.org\\\/blog\\\/#\\\/schema\\\/person\\\/50f43b6d60c578760d4c17bda54ab6a5\"},\"headline\":\"5 de mayo: D\u00eda de la Madre en Espa\u00f1a, origen y tradici\u00f3n.\",\"datePublished\":\"2024-05-03T06:15:38+00:00\",\"mainEntityOfPage\":{\"@id\":\"https:\\\/\\\/rafaramirez.org\\\/blog\\\/index.php\\\/2024\\\/05\\\/03\\\/5-de-mayo-dia-de-la-madre-en-espana-origen-y-tradicion\\\/\"},\"wordCount\":528,\"commentCount\":0,\"publisher\":{\"@id\":\"https:\\\/\\\/rafaramirez.org\\\/blog\\\/#\\\/schema\\\/person\\\/50f43b6d60c578760d4c17bda54ab6a5\"},\"image\":{\"@id\":\"https:\\\/\\\/rafaramirez.org\\\/blog\\\/index.php\\\/2024\\\/05\\\/03\\\/5-de-mayo-dia-de-la-madre-en-espana-origen-y-tradicion\\\/#primaryimage\"},\"thumbnailUrl\":\"https:\\\/\\\/rafaramirez.org\\\/blog\\\/wp-content\\\/uploads\\\/2024\\\/05\\\/DiadelaMadre_banner.jpg\",\"keywords\":[\"10 de mayo\",\"1907\",\"1914\",\"1922\",\"1965\",\"2024\",\"5 de mayo\",\"Anna Jarvis\",\"Antigua Grecia\",\"Argentina\",\"blog de Rafael Ram\u00edrez\",\"cari\u00f1o y gratitud a tu madre\",\"cuarto domingo de la Cuaresma\",\"culturales\",\"D\u00eda de la Madre\",\"D\u00eda de la Madre en Espa\u00f1a\",\"d\u00eda especial\",\"diciembre\",\"efem\u00e9rides\",\"El Corte Ingl\u00e9s\",\"Estados Unidos\",\"Galer\u00edas Preciados\",\"honrar a todas las madres\",\"Inmaculada Concepci\u00f3n\",\"llegada del cristianismo\",\"madre de Jes\u00fas\",\"mes de la Virgen\",\"mes de mayo\",\"M\u00e9xico\",\"Mothering Sunday\",\"origen y tradici\u00f3n\",\"primer domingo de mayo\",\"Reino Unido\",\"religiosas\",\"Rusia\",\"segundo domingo de mayo\",\"tercer domingo de octubre\",\"tradici\u00f3n cubana\",\"tradiciones hist\u00f3ricas\",\"\u00faltimo domingo de noviembre\",\"Virgen Mar\u00eda\"],\"articleSection\":[\"Efem\u00e9rides\",\"Informe social\"],\"inLanguage\":\"es\",\"potentialAction\":[{\"@type\":\"CommentAction\",\"name\":\"Comment\",\"target\":[\"https:\\\/\\\/rafaramirez.org\\\/blog\\\/index.php\\\/2024\\\/05\\\/03\\\/5-de-mayo-dia-de-la-madre-en-espana-origen-y-tradicion\\\/#respond\"]}]},{\"@type\":\"WebPage\",\"@id\":\"https:\\\/\\\/rafaramirez.org\\\/blog\\\/index.php\\\/2024\\\/05\\\/03\\\/5-de-mayo-dia-de-la-madre-en-espana-origen-y-tradicion\\\/\",\"url\":\"https:\\\/\\\/rafaramirez.org\\\/blog\\\/index.php\\\/2024\\\/05\\\/03\\\/5-de-mayo-dia-de-la-madre-en-espana-origen-y-tradicion\\\/\",\"name\":\"5 de mayo: D\u00eda de la Madre en Espa\u00f1a, origen y tradici\u00f3n. - Blog de Rafael Ram\u00edrez\",\"isPartOf\":{\"@id\":\"https:\\\/\\\/rafaramirez.org\\\/blog\\\/#website\"},\"primaryImageOfPage\":{\"@id\":\"https:\\\/\\\/rafaramirez.org\\\/blog\\\/index.php\\\/2024\\\/05\\\/03\\\/5-de-mayo-dia-de-la-madre-en-espana-origen-y-tradicion\\\/#primaryimage\"},\"image\":{\"@id\":\"https:\\\/\\\/rafaramirez.org\\\/blog\\\/index.php\\\/2024\\\/05\\\/03\\\/5-de-mayo-dia-de-la-madre-en-espana-origen-y-tradicion\\\/#primaryimage\"},\"thumbnailUrl\":\"https:\\\/\\\/rafaramirez.org\\\/blog\\\/wp-content\\\/uploads\\\/2024\\\/05\\\/DiadelaMadre_banner.jpg\",\"datePublished\":\"2024-05-03T06:15:38+00:00\",\"breadcrumb\":{\"@id\":\"https:\\\/\\\/rafaramirez.org\\\/blog\\\/index.php\\\/2024\\\/05\\\/03\\\/5-de-mayo-dia-de-la-madre-en-espana-origen-y-tradicion\\\/#breadcrumb\"},\"inLanguage\":\"es\",\"potentialAction\":[{\"@type\":\"ReadAction\",\"target\":[\"https:\\\/\\\/rafaramirez.org\\\/blog\\\/index.php\\\/2024\\\/05\\\/03\\\/5-de-mayo-dia-de-la-madre-en-espana-origen-y-tradicion\\\/\"]}]},{\"@type\":\"ImageObject\",\"inLanguage\":\"es\",\"@id\":\"https:\\\/\\\/rafaramirez.org\\\/blog\\\/index.php\\\/2024\\\/05\\\/03\\\/5-de-mayo-dia-de-la-madre-en-espana-origen-y-tradicion\\\/#primaryimage\",\"url\":\"https:\\\/\\\/rafaramirez.org\\\/blog\\\/wp-content\\\/uploads\\\/2024\\\/05\\\/DiadelaMadre_banner.jpg\",\"contentUrl\":\"https:\\\/\\\/rafaramirez.org\\\/blog\\\/wp-content\\\/uploads\\\/2024\\\/05\\\/DiadelaMadre_banner.jpg\",\"width\":850,\"height\":567,\"caption\":\"D\u00eda de la Madre 2024. Blog de Rafael Ram\u00edrez.\"},{\"@type\":\"BreadcrumbList\",\"@id\":\"https:\\\/\\\/rafaramirez.org\\\/blog\\\/index.php\\\/2024\\\/05\\\/03\\\/5-de-mayo-dia-de-la-madre-en-espana-origen-y-tradicion\\\/#breadcrumb\",\"itemListElement\":[{\"@type\":\"ListItem\",\"position\":1,\"name\":\"Portada\",\"item\":\"https:\\\/\\\/rafaramirez.org\\\/blog\\\/\"},{\"@type\":\"ListItem\",\"position\":2,\"name\":\"5 de mayo: D\u00eda de la Madre en Espa\u00f1a, origen y tradici\u00f3n.\"}]},{\"@type\":\"WebSite\",\"@id\":\"https:\\\/\\\/rafaramirez.org\\\/blog\\\/#website\",\"url\":\"https:\\\/\\\/rafaramirez.org\\\/blog\\\/\",\"name\":\"Blog de Rafael Ram\u00edrez\",\"description\":\"Un sitio social, de arte y cultura\",\"publisher\":{\"@id\":\"https:\\\/\\\/rafaramirez.org\\\/blog\\\/#\\\/schema\\\/person\\\/50f43b6d60c578760d4c17bda54ab6a5\"},\"potentialAction\":[{\"@type\":\"SearchAction\",\"target\":{\"@type\":\"EntryPoint\",\"urlTemplate\":\"https:\\\/\\\/rafaramirez.org\\\/blog\\\/?s={search_term_string}\"},\"query-input\":{\"@type\":\"PropertyValueSpecification\",\"valueRequired\":true,\"valueName\":\"search_term_string\"}}],\"inLanguage\":\"es\"},{\"@type\":[\"Person\",\"Organization\"],\"@id\":\"https:\\\/\\\/rafaramirez.org\\\/blog\\\/#\\\/schema\\\/person\\\/50f43b6d60c578760d4c17bda54ab6a5\",\"name\":\"Rafael Ram\u00edrez\",\"image\":{\"@type\":\"ImageObject\",\"inLanguage\":\"es\",\"@id\":\"https:\\\/\\\/rafaramirez.org\\\/blog\\\/wp-content\\\/uploads\\\/2024\\\/09\\\/RR_socialnetwork.jpg\",\"url\":\"https:\\\/\\\/rafaramirez.org\\\/blog\\\/wp-content\\\/uploads\\\/2024\\\/09\\\/RR_socialnetwork.jpg\",\"contentUrl\":\"https:\\\/\\\/rafaramirez.org\\\/blog\\\/wp-content\\\/uploads\\\/2024\\\/09\\\/RR_socialnetwork.jpg\",\"width\":600,\"height\":606,\"caption\":\"Rafael Ram\u00edrez\"},\"logo\":{\"@id\":\"https:\\\/\\\/rafaramirez.org\\\/blog\\\/wp-content\\\/uploads\\\/2024\\\/09\\\/RR_socialnetwork.jpg\"},\"sameAs\":[\"https:\\\/\\\/www.rafaramirez.org\\\/blog\",\"https:\\\/\\\/www.instagram.com\\\/rafaramirez_ok\\\/\",\"https:\\\/\\\/es.pinterest.com\\\/Ramirez_Rafa\\\/\",\"https:\\\/\\\/x.com\\\/rafaramirez_ok\"],\"url\":\"https:\\\/\\\/rafaramirez.org\\\/blog\\\/index.php\\\/author\\\/rafaell_qm6j97da\\\/\"}]}<\/script>\n<!-- \/ Yoast SEO plugin. -->","yoast_head_json":{"title":"5 de mayo: D\u00eda de la Madre en Espa\u00f1a, origen y tradici\u00f3n. - Blog de Rafael Ram\u00edrez","robots":{"index":"index","follow":"follow","max-snippet":"max-snippet:-1","max-image-preview":"max-image-preview:large","max-video-preview":"max-video-preview:-1"},"canonical":"https:\/\/rafaramirez.org\/blog\/index.php\/2024\/05\/03\/5-de-mayo-dia-de-la-madre-en-espana-origen-y-tradicion\/","og_locale":"es_ES","og_type":"article","og_title":"5 de mayo: D\u00eda de la Madre en Espa\u00f1a, origen y tradici\u00f3n. - Blog de Rafael Ram\u00edrez","og_description":"El\u00a0D\u00eda de la Madre\u00a0en Espa\u00f1a es una festividad especial para honrar a todas las madres. Aqu\u00ed tienes algunos detalles interesantes: Origen y Tradici\u00f3n: El D\u00eda de la Madre tiene sus ra\u00edces en la\u00a0Antigua Grecia\u00a0y luego fue adoptado por los romanos. En Espa\u00f1a, con la llegada del cristianismo, se asoci\u00f3 a la figura de la\u00a0Virgen Mar\u00eda, [&hellip;]","og_url":"https:\/\/rafaramirez.org\/blog\/index.php\/2024\/05\/03\/5-de-mayo-dia-de-la-madre-en-espana-origen-y-tradicion\/","og_site_name":"Blog de Rafael Ram\u00edrez","article_published_time":"2024-05-03T06:15:38+00:00","og_image":[{"width":850,"height":567,"url":"https:\/\/rafaramirez.org\/blog\/wp-content\/uploads\/2024\/05\/DiadelaMadre_banner.jpg","type":"image\/jpeg"}],"author":"Rafael Ram\u00edrez","twitter_card":"summary_large_image","twitter_creator":"@rafaramirez_ok","twitter_site":"@rafaramirez_ok","twitter_misc":{"Escrito por":"Rafael Ram\u00edrez","Tiempo de lectura":"3 minutos"},"schema":{"@context":"https:\/\/schema.org","@graph":[{"@type":"Article","@id":"https:\/\/rafaramirez.org\/blog\/index.php\/2024\/05\/03\/5-de-mayo-dia-de-la-madre-en-espana-origen-y-tradicion\/#article","isPartOf":{"@id":"https:\/\/rafaramirez.org\/blog\/index.php\/2024\/05\/03\/5-de-mayo-dia-de-la-madre-en-espana-origen-y-tradicion\/"},"author":{"name":"Rafael Ram\u00edrez","@id":"https:\/\/rafaramirez.org\/blog\/#\/schema\/person\/50f43b6d60c578760d4c17bda54ab6a5"},"headline":"5 de mayo: D\u00eda de la Madre en Espa\u00f1a, origen y tradici\u00f3n.","datePublished":"2024-05-03T06:15:38+00:00","mainEntityOfPage":{"@id":"https:\/\/rafaramirez.org\/blog\/index.php\/2024\/05\/03\/5-de-mayo-dia-de-la-madre-en-espana-origen-y-tradicion\/"},"wordCount":528,"commentCount":0,"publisher":{"@id":"https:\/\/rafaramirez.org\/blog\/#\/schema\/person\/50f43b6d60c578760d4c17bda54ab6a5"},"image":{"@id":"https:\/\/rafaramirez.org\/blog\/index.php\/2024\/05\/03\/5-de-mayo-dia-de-la-madre-en-espana-origen-y-tradicion\/#primaryimage"},"thumbnailUrl":"https:\/\/rafaramirez.org\/blog\/wp-content\/uploads\/2024\/05\/DiadelaMadre_banner.jpg","keywords":["10 de mayo","1907","1914","1922","1965","2024","5 de mayo","Anna Jarvis","Antigua Grecia","Argentina","blog de Rafael Ram\u00edrez","cari\u00f1o y gratitud a tu madre","cuarto domingo de la Cuaresma","culturales","D\u00eda de la Madre","D\u00eda de la Madre en Espa\u00f1a","d\u00eda especial","diciembre","efem\u00e9rides","El Corte Ingl\u00e9s","Estados Unidos","Galer\u00edas Preciados","honrar a todas las madres","Inmaculada Concepci\u00f3n","llegada del cristianismo","madre de Jes\u00fas","mes de la Virgen","mes de mayo","M\u00e9xico","Mothering Sunday","origen y tradici\u00f3n","primer domingo de mayo","Reino Unido","religiosas","Rusia","segundo domingo de mayo","tercer domingo de octubre","tradici\u00f3n cubana","tradiciones hist\u00f3ricas","\u00faltimo domingo de noviembre","Virgen Mar\u00eda"],"articleSection":["Efem\u00e9rides","Informe social"],"inLanguage":"es","potentialAction":[{"@type":"CommentAction","name":"Comment","target":["https:\/\/rafaramirez.org\/blog\/index.php\/2024\/05\/03\/5-de-mayo-dia-de-la-madre-en-espana-origen-y-tradicion\/#respond"]}]},{"@type":"WebPage","@id":"https:\/\/rafaramirez.org\/blog\/index.php\/2024\/05\/03\/5-de-mayo-dia-de-la-madre-en-espana-origen-y-tradicion\/","url":"https:\/\/rafaramirez.org\/blog\/index.php\/2024\/05\/03\/5-de-mayo-dia-de-la-madre-en-espana-origen-y-tradicion\/","name":"5 de mayo: D\u00eda de la Madre en Espa\u00f1a, origen y tradici\u00f3n. - Blog de Rafael Ram\u00edrez","isPartOf":{"@id":"https:\/\/rafaramirez.org\/blog\/#website"},"primaryImageOfPage":{"@id":"https:\/\/rafaramirez.org\/blog\/index.php\/2024\/05\/03\/5-de-mayo-dia-de-la-madre-en-espana-origen-y-tradicion\/#primaryimage"},"image":{"@id":"https:\/\/rafaramirez.org\/blog\/index.php\/2024\/05\/03\/5-de-mayo-dia-de-la-madre-en-espana-origen-y-tradicion\/#primaryimage"},"thumbnailUrl":"https:\/\/rafaramirez.org\/blog\/wp-content\/uploads\/2024\/05\/DiadelaMadre_banner.jpg","datePublished":"2024-05-03T06:15:38+00:00","breadcrumb":{"@id":"https:\/\/rafaramirez.org\/blog\/index.php\/2024\/05\/03\/5-de-mayo-dia-de-la-madre-en-espana-origen-y-tradicion\/#breadcrumb"},"inLanguage":"es","potentialAction":[{"@type":"ReadAction","target":["https:\/\/rafaramirez.org\/blog\/index.php\/2024\/05\/03\/5-de-mayo-dia-de-la-madre-en-espana-origen-y-tradicion\/"]}]},{"@type":"ImageObject","inLanguage":"es","@id":"https:\/\/rafaramirez.org\/blog\/index.php\/2024\/05\/03\/5-de-mayo-dia-de-la-madre-en-espana-origen-y-tradicion\/#primaryimage","url":"https:\/\/rafaramirez.org\/blog\/wp-content\/uploads\/2024\/05\/DiadelaMadre_banner.jpg","contentUrl":"https:\/\/rafaramirez.org\/blog\/wp-content\/uploads\/2024\/05\/DiadelaMadre_banner.jpg","width":850,"height":567,"caption":"D\u00eda de la Madre 2024. Blog de Rafael Ram\u00edrez."},{"@type":"BreadcrumbList","@id":"https:\/\/rafaramirez.org\/blog\/index.php\/2024\/05\/03\/5-de-mayo-dia-de-la-madre-en-espana-origen-y-tradicion\/#breadcrumb","itemListElement":[{"@type":"ListItem","position":1,"name":"Portada","item":"https:\/\/rafaramirez.org\/blog\/"},{"@type":"ListItem","position":2,"name":"5 de mayo: D\u00eda de la Madre en Espa\u00f1a, origen y tradici\u00f3n."}]},{"@type":"WebSite","@id":"https:\/\/rafaramirez.org\/blog\/#website","url":"https:\/\/rafaramirez.org\/blog\/","name":"Blog de Rafael Ram\u00edrez","description":"Un sitio social, de arte y cultura","publisher":{"@id":"https:\/\/rafaramirez.org\/blog\/#\/schema\/person\/50f43b6d60c578760d4c17bda54ab6a5"},"potentialAction":[{"@type":"SearchAction","target":{"@type":"EntryPoint","urlTemplate":"https:\/\/rafaramirez.org\/blog\/?s={search_term_string}"},"query-input":{"@type":"PropertyValueSpecification","valueRequired":true,"valueName":"search_term_string"}}],"inLanguage":"es"},{"@type":["Person","Organization"],"@id":"https:\/\/rafaramirez.org\/blog\/#\/schema\/person\/50f43b6d60c578760d4c17bda54ab6a5","name":"Rafael Ram\u00edrez","image":{"@type":"ImageObject","inLanguage":"es","@id":"https:\/\/rafaramirez.org\/blog\/wp-content\/uploads\/2024\/09\/RR_socialnetwork.jpg","url":"https:\/\/rafaramirez.org\/blog\/wp-content\/uploads\/2024\/09\/RR_socialnetwork.jpg","contentUrl":"https:\/\/rafaramirez.org\/blog\/wp-content\/uploads\/2024\/09\/RR_socialnetwork.jpg","width":600,"height":606,"caption":"Rafael Ram\u00edrez"},"logo":{"@id":"https:\/\/rafaramirez.org\/blog\/wp-content\/uploads\/2024\/09\/RR_socialnetwork.jpg"},"sameAs":["https:\/\/www.rafaramirez.org\/blog","https:\/\/www.instagram.com\/rafaramirez_ok\/","https:\/\/es.pinterest.com\/Ramirez_Rafa\/","https:\/\/x.com\/rafaramirez_ok"],"url":"https:\/\/rafaramirez.org\/blog\/index.php\/author\/rafaell_qm6j97da\/"}]}},"jetpack_publicize_connections":[],"jetpack_sharing_enabled":true,"jetpack_likes_enabled":true,"jetpack_featured_media_url":"https:\/\/rafaramirez.org\/blog\/wp-content\/uploads\/2024\/05\/DiadelaMadre_banner.jpg","_links":{"self":[{"href":"https:\/\/rafaramirez.org\/blog\/index.php\/wp-json\/wp\/v2\/posts\/4332","targetHints":{"allow":["GET"]}}],"collection":[{"href":"https:\/\/rafaramirez.org\/blog\/index.php\/wp-json\/wp\/v2\/posts"}],"about":[{"href":"https:\/\/rafaramirez.org\/blog\/index.php\/wp-json\/wp\/v2\/types\/post"}],"author":[{"embeddable":true,"href":"https:\/\/rafaramirez.org\/blog\/index.php\/wp-json\/wp\/v2\/users\/1"}],"replies":[{"embeddable":true,"href":"https:\/\/rafaramirez.org\/blog\/index.php\/wp-json\/wp\/v2\/comments?post=4332"}],"version-history":[{"count":5,"href":"https:\/\/rafaramirez.org\/blog\/index.php\/wp-json\/wp\/v2\/posts\/4332\/revisions"}],"predecessor-version":[{"id":4340,"href":"https:\/\/rafaramirez.org\/blog\/index.php\/wp-json\/wp\/v2\/posts\/4332\/revisions\/4340"}],"wp:featuredmedia":[{"embeddable":true,"href":"https:\/\/rafaramirez.org\/blog\/index.php\/wp-json\/wp\/v2\/media\/4336"}],"wp:attachment":[{"href":"https:\/\/rafaramirez.org\/blog\/index.php\/wp-json\/wp\/v2\/media?parent=4332"}],"wp:term":[{"taxonomy":"category","embeddable":true,"href":"https:\/\/rafaramirez.org\/blog\/index.php\/wp-json\/wp\/v2\/categories?post=4332"},{"taxonomy":"post_tag","embeddable":true,"href":"https:\/\/rafaramirez.org\/blog\/index.php\/wp-json\/wp\/v2\/tags?post=4332"}],"curies":[{"name":"wp","href":"https:\/\/api.w.org\/{rel}","templated":true}]}}