{"id":4301,"date":"2024-05-01T09:00:44","date_gmt":"2024-05-01T07:00:44","guid":{"rendered":"https:\/\/rafaramirez.org\/blog\/?p=4301"},"modified":"2024-05-01T10:52:31","modified_gmt":"2024-05-01T08:52:31","slug":"1-de-mayo-dia-internacional-del-trabajo","status":"publish","type":"post","link":"https:\/\/rafaramirez.org\/blog\/index.php\/2024\/05\/01\/1-de-mayo-dia-internacional-del-trabajo\/","title":{"rendered":"1 de Mayo: D\u00eda Internacional del Trabajo y la lucha por unas condiciones laborales justas."},"content":{"rendered":"<p>El <strong>1 de mayo<\/strong> es una fecha de gran importancia en la historia laboral y social de muchos pa\u00edses alrededor del mundo. Se conmemora el <strong>D\u00eda Internacional del Trabajo<\/strong>, una jornada que busca reconocer los derechos de los trabajadores y la lucha por unas condiciones laborales justas. Exploraremos su origen en los movimientos obreros del siglo XIX y c\u00f3mo se celebra en diferentes pa\u00edses.<\/p>\n<h2>Origen y contexto del D\u00eda Internacional del Trabajo<\/h2>\n<p>El D\u00eda Internacional del Trabajo, tambi\u00e9n conocido como el <strong>1 de mayo<\/strong>, se remonta al siglo XIX, durante un per\u00edodo de lucha y reivindicaci\u00f3n por condiciones laborales justas. En la <strong>Revoluci\u00f3n Industrial<\/strong>, los trabajadores realizaban jornadas interminables, ten\u00edan salarios bajos y condiciones de trabajo inhumanas. Con el tiempo, esta situaci\u00f3n llev\u00f3 a la organizaci\u00f3n de los trabajadores, que formaron movimientos obreros y sindicatos para luchar por mejorar sus condiciones laborales y defender sus derechos.<\/p>\n<p style=\"text-align:center;\"><a href=\"https:\/\/rafaramirez.org\/blog\/wp-content\/uploads\/2024\/05\/1_Mayo_3.jpg\" target=\"_blank\" rel=\"noopener\"><img loading=\"lazy\" decoding=\"async\" class=\"aligncenter wp-image-4308 size-medium\" src=\"https:\/\/rafaramirez.org\/blog\/wp-content\/uploads\/2024\/05\/1_Mayo_3-300x300.jpg\" alt=\"Primero de Mayo, D\u00eda del Trabajador. Blog de Rafael Ram\u00edrez.\" width=\"300\" height=\"300\" srcset=\"https:\/\/rafaramirez.org\/blog\/wp-content\/uploads\/2024\/05\/1_Mayo_3-300x300.jpg 300w, https:\/\/rafaramirez.org\/blog\/wp-content\/uploads\/2024\/05\/1_Mayo_3-150x150.jpg 150w, https:\/\/rafaramirez.org\/blog\/wp-content\/uploads\/2024\/05\/1_Mayo_3-768x768.jpg 768w, https:\/\/rafaramirez.org\/blog\/wp-content\/uploads\/2024\/05\/1_Mayo_3.jpg 850w\" sizes=\"auto, (max-width: 300px) 100vw, 300px\" \/><\/a><\/p>\n<p>El <strong>primero de mayo<\/strong> del a\u00f1o <strong>1886<\/strong> marc\u00f3 un hito en la historia laboral de <strong>Chicago, EE. UU.<\/strong>, cuando una multitudinaria marcha tom\u00f3 las calles para demandar una jornada de trabajo limitada a <strong>ocho horas<\/strong>. Desafortunadamente, el evento desemboc\u00f3 en un violento choque conocido como la <strong>revuelta de Haymarket<\/strong>, resultando en la p\u00e9rdida de vidas tanto de manifestantes como de oficiales de polic\u00eda. A pesar del sombr\u00edo desenlace, la protesta dej\u00f3 una huella indeleble en el movimiento obrero y sus reivindicaciones.<\/p>\n<p>Posteriormente, en <strong>1889<\/strong>, la <strong>Segunda Internacional Socialista<\/strong> decidi\u00f3 instaurar el <strong>D\u00eda Internacional de los Trabajadores<\/strong> en memoria de aquellos acontecimientos de Chicago. En la actualidad, el <strong>1 de mayo<\/strong> se ha convertido en una fecha emblem\u00e1tica en numerosas naciones, donde se celebra como una jornada de festividad y afirmaci\u00f3n de los derechos de los trabajadores. Este d\u00eda ofrece la ocasi\u00f3n para honrar las victorias hist\u00f3ricas de la clase obrera y meditar sobre los retos pendientes que enfrentan los trabajadores hoy en d\u00eda.<\/p>\n<h2>Celebraci\u00f3n en Espa\u00f1a<\/h2>\n<p>En <strong>1889<\/strong>, Espa\u00f1a conmemor\u00f3 por vez primera el <strong>Primero de Mayo<\/strong>, tambi\u00e9n conocido como el <strong>D\u00eda del Trabajador<\/strong>. La forma de celebraci\u00f3n ha experimentado numerosos cambios a lo largo de los a\u00f1os, especialmente a ra\u00edz de la larga dictadura de <strong>Francisco Franco<\/strong>, que se extendi\u00f3 de <strong>1936 a 1975<\/strong>. Tras un periodo de <strong>cuatro d\u00e9cadas<\/strong> en el que las festividades estuvieron prohibidas, en <strong>1978<\/strong> se restableci\u00f3 legalmente el d\u00eda como una fiesta nacional. Desde ese momento, el <strong>D\u00eda del Trabajador<\/strong> se ha observado en Espa\u00f1a con <strong>manifestaciones<\/strong> a lo largo y ancho del pa\u00eds, sirviendo tanto para recordar los logros sociales como para defender y promover los derechos de los trabajadores.<\/p>\n<p style=\"text-align:center;\"><a href=\"https:\/\/rafaramirez.org\/blog\/wp-content\/uploads\/2024\/05\/1_Mayo_4.jpg\" target=\"_blank\" rel=\"noopener\"><img loading=\"lazy\" decoding=\"async\" class=\"aligncenter wp-image-4309 size-medium\" src=\"https:\/\/rafaramirez.org\/blog\/wp-content\/uploads\/2024\/05\/1_Mayo_4-300x300.jpg\" alt=\"Primero de Mayo, D\u00eda del Trabajador. Blog de Rafael Ram\u00edrez.\" width=\"300\" height=\"300\" srcset=\"https:\/\/rafaramirez.org\/blog\/wp-content\/uploads\/2024\/05\/1_Mayo_4-300x300.jpg 300w, https:\/\/rafaramirez.org\/blog\/wp-content\/uploads\/2024\/05\/1_Mayo_4-150x150.jpg 150w, https:\/\/rafaramirez.org\/blog\/wp-content\/uploads\/2024\/05\/1_Mayo_4-768x768.jpg 768w, https:\/\/rafaramirez.org\/blog\/wp-content\/uploads\/2024\/05\/1_Mayo_4.jpg 850w\" sizes=\"auto, (max-width: 300px) 100vw, 300px\" \/><\/a><\/p>\n<h2>Celebraci\u00f3n en otros pa\u00edses<\/h2>\n<p>El <strong>D\u00eda Internacional del Trabajo<\/strong> es festivo en la mayor\u00eda de pa\u00edses del mundo. Sin embargo, en <strong>Estados Unidos<\/strong>, <strong>Canad\u00e1<\/strong> y algunos otros pa\u00edses no se celebra esta conmemoraci\u00f3n. En su lugar, se celebra el <strong>Labor Day<\/strong> el primer lunes de septiembre. En EE.UU. esta fecha fue instaurada en <strong>1894<\/strong> por el presidente <strong>Grover Cleveland<\/strong> para desvincular la celebraci\u00f3n de la tradici\u00f3n obrera socialista.<\/p>\n<p>En la mayor\u00eda de pa\u00edses el <strong>1 de mayo<\/strong>, es una jornada de conmemoraci\u00f3n de la lucha obrera. En esta fecha, se llevan a cabo actos como marchas y desfiles organizados por colectivos laborales, partidos y sindicatos, con el fin de demandar mejoras en el \u00e1mbito laboral, salarios equitativos y el respeto a la negociaci\u00f3n colectiva.<\/p>\n<p>Durante el transcurso del siglo XX, el <strong>Primero de Mayo<\/strong> emergi\u00f3 como un s\u00edmbolo de solidaridad entre los trabajadores de todo el mundo.<\/p>\n<p style=\"text-align:center;\"><a href=\"https:\/\/rafaramirez.org\/blog\/wp-content\/uploads\/2024\/05\/1_Mayo_1.jpg\" target=\"_blank\" rel=\"noopener\"><img loading=\"lazy\" decoding=\"async\" class=\"aligncenter wp-image-4310 size-medium\" src=\"https:\/\/rafaramirez.org\/blog\/wp-content\/uploads\/2024\/05\/1_Mayo_1-300x193.jpg\" alt=\"Primero de Mayo, D\u00eda del Trabajador. Blog de Rafael Ram\u00edrez.\" width=\"300\" height=\"193\" srcset=\"https:\/\/rafaramirez.org\/blog\/wp-content\/uploads\/2024\/05\/1_Mayo_1-300x193.jpg 300w, https:\/\/rafaramirez.org\/blog\/wp-content\/uploads\/2024\/05\/1_Mayo_1-1024x660.jpg 1024w, https:\/\/rafaramirez.org\/blog\/wp-content\/uploads\/2024\/05\/1_Mayo_1-768x495.jpg 768w, https:\/\/rafaramirez.org\/blog\/wp-content\/uploads\/2024\/05\/1_Mayo_1.jpg 1200w\" sizes=\"auto, (max-width: 300px) 100vw, 300px\" \/><\/a><\/p>\n<p><strong>En resumen, el 1 de mayo se erige como un d\u00eda para rendir tributo al esfuerzo de los trabajadores en pro de unas condiciones laborales justas y es una oportunidad para meditar sobre el valor del trabajo digno y justo en todo el mundo \u00a1Saludos y buen D\u00eda del Trabajador!<\/strong><\/p>\n<p>M\u00e1s informaci\u00f3n:<\/p>\n<ul>\n<li><a href=\"https:\/\/cultura-brillante.com\/significado-historico-y-actual-del-1-de-mayo-dia-internacional-del-trabajo\/\" target=\"_blank\" rel=\"noopener\">Cultura Brillante<\/a><\/li>\n<li><a href=\"https:\/\/es.wikipedia.org\/wiki\/Primero_de_Mayo_en_Espa%C3%B1a\" target=\"_blank\" rel=\"noopener\">Wikipedia <\/a><\/li>\n<li><a href=\"https:\/\/www.elmundo.es\/como\/2022\/05\/01\/626c199321efa0a6628b457c.html\" target=\"_blank\" rel=\"noopener\">El Mundo<\/a><\/li>\n<li><a href=\"https:\/\/aprendiendoderecho.com\/dia-internacional-de-los-trabajadores\/\" target=\"_blank\" rel=\"noopener\">Aprendiendo Derecho <\/a><\/li>\n<\/ul>\n","protected":false},"excerpt":{"rendered":"<p>El 1 de mayo es una fecha de gran importancia en la historia laboral y social de muchos pa\u00edses alrededor del mundo. Se conmemora el D\u00eda Internacional del Trabajo, una jornada que busca reconocer los derechos de los trabajadores y la lucha por unas condiciones laborales justas. Exploraremos su origen en los movimientos obreros del [&hellip;]<\/p>\n","protected":false},"author":1,"featured_media":4307,"comment_status":"open","ping_status":"closed","sticky":false,"template":"","format":"standard","meta":{"site-container-style":"default","site-container-layout":"default","site-sidebar-layout":"default","disable-article-header":"default","disable-site-header":"default","disable-site-footer":"default","disable-content-area-spacing":"default","_jetpack_newsletter_access":"","_jetpack_dont_email_post_to_subs":false,"_jetpack_newsletter_tier_id":0,"_jetpack_memberships_contains_paywalled_content":false,"_jetpack_feature_clip_id":0,"_jetpack_memberships_contains_paid_content":false,"footnotes":"","jetpack_publicize_message":"","jetpack_publicize_feature_enabled":true,"jetpack_social_post_already_shared":false,"jetpack_social_options":{"image_generator_settings":{"template":"highway","default_image_id":0,"font":"","enabled":false},"version":2},"jetpack_post_was_ever_published":false},"categories":[1291,15],"tags":[1874,1883,1888,1898,1893,1230,68,1331,100,1900,1881,1894,1890,1891,1873,1884,1323,166,168,1892,1899,1875,1886,1896,1895,1879,1885,1878,1876,1897,1882,1877,1887,1889,1603,1880,880],"class_list":["post-4301","post","type-post","status-publish","format-standard","has-post-thumbnail","hentry","category-efemerides","category-noticias-sociales","tag-1-de-mayo","tag-1883","tag-1888","tag-1898","tag-1936-a-1975","tag-1230","tag-blog-de-rafael-ramirez","tag-canada","tag-chicago","tag-colectivos-laborales","tag-condiciones-laborales-justas","tag-cuatro-decadas","tag-derechos-de-los-trabajadores","tag-dia-del-trabajador","tag-dia-internacional-del-trabajo","tag-ee-uu","tag-efemerides","tag-espana","tag-estados-unidos","tag-francisco-franco","tag-grover-cleveland","tag-historia-laboral","tag-jornada-de-trabajo-limitada-a-ocho-horas","tag-labor-day","tag-manifestaciones","tag-movimientos-obreros","tag-multitudinaria-marcha","tag-organizacion-de-los-trabajadores","tag-periodo-de-lucha-y-reivindicacion","tag-primer-lunes-de-septiembre","tag-primero-de-mayo","tag-revolucion-industrial","tag-revuelta-de-haymarket","tag-segunda-internacional-socialista","tag-siglo-xix","tag-sindicatos","tag-social"],"yoast_head":"<!-- This site is optimized with the Yoast SEO plugin v28.4 - https:\/\/yoast.com\/product\/yoast-seo-wordpress\/ -->\n<title>1 de Mayo: D\u00eda Internacional del Trabajo y la lucha por unas condiciones laborales justas. - Blog de Rafael Ram\u00edrez<\/title>\n<meta name=\"robots\" content=\"index, follow, max-snippet:-1, max-image-preview:large, max-video-preview:-1\" \/>\n<link rel=\"canonical\" href=\"https:\/\/rafaramirez.org\/blog\/index.php\/2024\/05\/01\/1-de-mayo-dia-internacional-del-trabajo\/\" \/>\n<meta property=\"og:locale\" content=\"es_ES\" \/>\n<meta property=\"og:type\" content=\"article\" \/>\n<meta property=\"og:title\" content=\"1 de Mayo: D\u00eda Internacional del Trabajo y la lucha por unas condiciones laborales justas. - Blog de Rafael Ram\u00edrez\" \/>\n<meta property=\"og:description\" content=\"El 1 de mayo es una fecha de gran importancia en la historia laboral y social de muchos pa\u00edses alrededor del mundo. Se conmemora el D\u00eda Internacional del Trabajo, una jornada que busca reconocer los derechos de los trabajadores y la lucha por unas condiciones laborales justas. Exploraremos su origen en los movimientos obreros del [&hellip;]\" \/>\n<meta property=\"og:url\" content=\"https:\/\/rafaramirez.org\/blog\/index.php\/2024\/05\/01\/1-de-mayo-dia-internacional-del-trabajo\/\" \/>\n<meta property=\"og:site_name\" content=\"Blog de Rafael Ram\u00edrez\" \/>\n<meta property=\"article:published_time\" content=\"2024-05-01T07:00:44+00:00\" \/>\n<meta property=\"article:modified_time\" content=\"2024-05-01T08:52:31+00:00\" \/>\n<meta property=\"og:image\" content=\"https:\/\/rafaramirez.org\/blog\/wp-content\/uploads\/2024\/05\/1_Mayo_banner.jpg\" \/>\n\t<meta property=\"og:image:width\" content=\"850\" \/>\n\t<meta property=\"og:image:height\" content=\"601\" \/>\n\t<meta property=\"og:image:type\" content=\"image\/jpeg\" \/>\n<meta name=\"author\" content=\"Rafael Ram\u00edrez\" \/>\n<meta name=\"twitter:card\" content=\"summary_large_image\" \/>\n<meta name=\"twitter:creator\" content=\"@rafaramirez_ok\" \/>\n<meta name=\"twitter:site\" content=\"@rafaramirez_ok\" \/>\n<meta name=\"twitter:label1\" content=\"Escrito por\" \/>\n\t<meta name=\"twitter:data1\" content=\"Rafael Ram\u00edrez\" \/>\n\t<meta name=\"twitter:label2\" content=\"Tiempo de lectura\" \/>\n\t<meta name=\"twitter:data2\" content=\"3 minutos\" \/>\n<script type=\"application\/ld+json\" class=\"yoast-schema-graph\">{\"@context\":\"https:\\\/\\\/schema.org\",\"@graph\":[{\"@type\":\"Article\",\"@id\":\"https:\\\/\\\/rafaramirez.org\\\/blog\\\/index.php\\\/2024\\\/05\\\/01\\\/1-de-mayo-dia-internacional-del-trabajo\\\/#article\",\"isPartOf\":{\"@id\":\"https:\\\/\\\/rafaramirez.org\\\/blog\\\/index.php\\\/2024\\\/05\\\/01\\\/1-de-mayo-dia-internacional-del-trabajo\\\/\"},\"author\":{\"name\":\"Rafael Ram\u00edrez\",\"@id\":\"https:\\\/\\\/rafaramirez.org\\\/blog\\\/#\\\/schema\\\/person\\\/50f43b6d60c578760d4c17bda54ab6a5\"},\"headline\":\"1 de Mayo: D\u00eda Internacional del Trabajo y la lucha por unas condiciones laborales justas.\",\"datePublished\":\"2024-05-01T07:00:44+00:00\",\"dateModified\":\"2024-05-01T08:52:31+00:00\",\"mainEntityOfPage\":{\"@id\":\"https:\\\/\\\/rafaramirez.org\\\/blog\\\/index.php\\\/2024\\\/05\\\/01\\\/1-de-mayo-dia-internacional-del-trabajo\\\/\"},\"wordCount\":688,\"commentCount\":0,\"publisher\":{\"@id\":\"https:\\\/\\\/rafaramirez.org\\\/blog\\\/#\\\/schema\\\/person\\\/50f43b6d60c578760d4c17bda54ab6a5\"},\"image\":{\"@id\":\"https:\\\/\\\/rafaramirez.org\\\/blog\\\/index.php\\\/2024\\\/05\\\/01\\\/1-de-mayo-dia-internacional-del-trabajo\\\/#primaryimage\"},\"thumbnailUrl\":\"https:\\\/\\\/rafaramirez.org\\\/blog\\\/wp-content\\\/uploads\\\/2024\\\/05\\\/1_Mayo_banner.jpg\",\"keywords\":[\"1 de mayo\",\"1886\",\"1889\",\"1894\",\"1936 a 1975\",\"1978\",\"blog de Rafael Ram\u00edrez\",\"Canad\u00e1\",\"Chicago\",\"colectivos laborales\",\"condiciones laborales justas\",\"cuatro d\u00e9cadas\",\"derechos de los trabajadores\",\"D\u00eda del Trabajador\",\"D\u00eda Internacional del Trabajo\",\"EE. UU.\",\"efem\u00e9rides\",\"espa\u00f1a\",\"Estados Unidos\",\"Francisco Franco\",\"Grover Cleveland\",\"historia laboral\",\"jornada de trabajo limitada a\u00a0ocho horas\",\"Labor Day\",\"manifestaciones\",\"movimientos obreros\",\"multitudinaria marcha\",\"organizaci\u00f3n de los trabajadores\",\"per\u00edodo de lucha y reivindicaci\u00f3n\",\"primer lunes de septiembre\",\"primero de mayo\",\"Revoluci\u00f3n Industrial\",\"revuelta de Haymarket\",\"Segunda Internacional Socialista\",\"siglo XIX\",\"sindicatos\",\"social\"],\"articleSection\":[\"Efem\u00e9rides\",\"Informe social\"],\"inLanguage\":\"es\",\"potentialAction\":[{\"@type\":\"CommentAction\",\"name\":\"Comment\",\"target\":[\"https:\\\/\\\/rafaramirez.org\\\/blog\\\/index.php\\\/2024\\\/05\\\/01\\\/1-de-mayo-dia-internacional-del-trabajo\\\/#respond\"]}]},{\"@type\":\"WebPage\",\"@id\":\"https:\\\/\\\/rafaramirez.org\\\/blog\\\/index.php\\\/2024\\\/05\\\/01\\\/1-de-mayo-dia-internacional-del-trabajo\\\/\",\"url\":\"https:\\\/\\\/rafaramirez.org\\\/blog\\\/index.php\\\/2024\\\/05\\\/01\\\/1-de-mayo-dia-internacional-del-trabajo\\\/\",\"name\":\"1 de Mayo: D\u00eda Internacional del Trabajo y la lucha por unas condiciones laborales justas. - Blog de Rafael Ram\u00edrez\",\"isPartOf\":{\"@id\":\"https:\\\/\\\/rafaramirez.org\\\/blog\\\/#website\"},\"primaryImageOfPage\":{\"@id\":\"https:\\\/\\\/rafaramirez.org\\\/blog\\\/index.php\\\/2024\\\/05\\\/01\\\/1-de-mayo-dia-internacional-del-trabajo\\\/#primaryimage\"},\"image\":{\"@id\":\"https:\\\/\\\/rafaramirez.org\\\/blog\\\/index.php\\\/2024\\\/05\\\/01\\\/1-de-mayo-dia-internacional-del-trabajo\\\/#primaryimage\"},\"thumbnailUrl\":\"https:\\\/\\\/rafaramirez.org\\\/blog\\\/wp-content\\\/uploads\\\/2024\\\/05\\\/1_Mayo_banner.jpg\",\"datePublished\":\"2024-05-01T07:00:44+00:00\",\"dateModified\":\"2024-05-01T08:52:31+00:00\",\"breadcrumb\":{\"@id\":\"https:\\\/\\\/rafaramirez.org\\\/blog\\\/index.php\\\/2024\\\/05\\\/01\\\/1-de-mayo-dia-internacional-del-trabajo\\\/#breadcrumb\"},\"inLanguage\":\"es\",\"potentialAction\":[{\"@type\":\"ReadAction\",\"target\":[\"https:\\\/\\\/rafaramirez.org\\\/blog\\\/index.php\\\/2024\\\/05\\\/01\\\/1-de-mayo-dia-internacional-del-trabajo\\\/\"]}]},{\"@type\":\"ImageObject\",\"inLanguage\":\"es\",\"@id\":\"https:\\\/\\\/rafaramirez.org\\\/blog\\\/index.php\\\/2024\\\/05\\\/01\\\/1-de-mayo-dia-internacional-del-trabajo\\\/#primaryimage\",\"url\":\"https:\\\/\\\/rafaramirez.org\\\/blog\\\/wp-content\\\/uploads\\\/2024\\\/05\\\/1_Mayo_banner.jpg\",\"contentUrl\":\"https:\\\/\\\/rafaramirez.org\\\/blog\\\/wp-content\\\/uploads\\\/2024\\\/05\\\/1_Mayo_banner.jpg\",\"width\":850,\"height\":601,\"caption\":\"Primero de Mayo, D\u00eda del Trabajador. Blog de Rafael Ram\u00edrez.\"},{\"@type\":\"BreadcrumbList\",\"@id\":\"https:\\\/\\\/rafaramirez.org\\\/blog\\\/index.php\\\/2024\\\/05\\\/01\\\/1-de-mayo-dia-internacional-del-trabajo\\\/#breadcrumb\",\"itemListElement\":[{\"@type\":\"ListItem\",\"position\":1,\"name\":\"Portada\",\"item\":\"https:\\\/\\\/rafaramirez.org\\\/blog\\\/\"},{\"@type\":\"ListItem\",\"position\":2,\"name\":\"1 de Mayo: D\u00eda Internacional del Trabajo y la lucha por unas condiciones laborales justas.\"}]},{\"@type\":\"WebSite\",\"@id\":\"https:\\\/\\\/rafaramirez.org\\\/blog\\\/#website\",\"url\":\"https:\\\/\\\/rafaramirez.org\\\/blog\\\/\",\"name\":\"Blog de Rafael Ram\u00edrez\",\"description\":\"Un sitio social, de arte y cultura\",\"publisher\":{\"@id\":\"https:\\\/\\\/rafaramirez.org\\\/blog\\\/#\\\/schema\\\/person\\\/50f43b6d60c578760d4c17bda54ab6a5\"},\"potentialAction\":[{\"@type\":\"SearchAction\",\"target\":{\"@type\":\"EntryPoint\",\"urlTemplate\":\"https:\\\/\\\/rafaramirez.org\\\/blog\\\/?s={search_term_string}\"},\"query-input\":{\"@type\":\"PropertyValueSpecification\",\"valueRequired\":true,\"valueName\":\"search_term_string\"}}],\"inLanguage\":\"es\"},{\"@type\":[\"Person\",\"Organization\"],\"@id\":\"https:\\\/\\\/rafaramirez.org\\\/blog\\\/#\\\/schema\\\/person\\\/50f43b6d60c578760d4c17bda54ab6a5\",\"name\":\"Rafael Ram\u00edrez\",\"image\":{\"@type\":\"ImageObject\",\"inLanguage\":\"es\",\"@id\":\"https:\\\/\\\/rafaramirez.org\\\/blog\\\/wp-content\\\/uploads\\\/2024\\\/09\\\/RR_socialnetwork.jpg\",\"url\":\"https:\\\/\\\/rafaramirez.org\\\/blog\\\/wp-content\\\/uploads\\\/2024\\\/09\\\/RR_socialnetwork.jpg\",\"contentUrl\":\"https:\\\/\\\/rafaramirez.org\\\/blog\\\/wp-content\\\/uploads\\\/2024\\\/09\\\/RR_socialnetwork.jpg\",\"width\":600,\"height\":606,\"caption\":\"Rafael Ram\u00edrez\"},\"logo\":{\"@id\":\"https:\\\/\\\/rafaramirez.org\\\/blog\\\/wp-content\\\/uploads\\\/2024\\\/09\\\/RR_socialnetwork.jpg\"},\"sameAs\":[\"https:\\\/\\\/www.rafaramirez.org\\\/blog\",\"https:\\\/\\\/www.instagram.com\\\/rafaramirez_ok\\\/\",\"https:\\\/\\\/es.pinterest.com\\\/Ramirez_Rafa\\\/\",\"https:\\\/\\\/x.com\\\/rafaramirez_ok\"],\"url\":\"https:\\\/\\\/rafaramirez.org\\\/blog\\\/index.php\\\/author\\\/rafaell_qm6j97da\\\/\"}]}<\/script>\n<!-- \/ Yoast SEO plugin. -->","yoast_head_json":{"title":"1 de Mayo: D\u00eda Internacional del Trabajo y la lucha por unas condiciones laborales justas. - Blog de Rafael Ram\u00edrez","robots":{"index":"index","follow":"follow","max-snippet":"max-snippet:-1","max-image-preview":"max-image-preview:large","max-video-preview":"max-video-preview:-1"},"canonical":"https:\/\/rafaramirez.org\/blog\/index.php\/2024\/05\/01\/1-de-mayo-dia-internacional-del-trabajo\/","og_locale":"es_ES","og_type":"article","og_title":"1 de Mayo: D\u00eda Internacional del Trabajo y la lucha por unas condiciones laborales justas. - Blog de Rafael Ram\u00edrez","og_description":"El 1 de mayo es una fecha de gran importancia en la historia laboral y social de muchos pa\u00edses alrededor del mundo. Se conmemora el D\u00eda Internacional del Trabajo, una jornada que busca reconocer los derechos de los trabajadores y la lucha por unas condiciones laborales justas. Exploraremos su origen en los movimientos obreros del [&hellip;]","og_url":"https:\/\/rafaramirez.org\/blog\/index.php\/2024\/05\/01\/1-de-mayo-dia-internacional-del-trabajo\/","og_site_name":"Blog de Rafael Ram\u00edrez","article_published_time":"2024-05-01T07:00:44+00:00","article_modified_time":"2024-05-01T08:52:31+00:00","og_image":[{"width":850,"height":601,"url":"https:\/\/rafaramirez.org\/blog\/wp-content\/uploads\/2024\/05\/1_Mayo_banner.jpg","type":"image\/jpeg"}],"author":"Rafael Ram\u00edrez","twitter_card":"summary_large_image","twitter_creator":"@rafaramirez_ok","twitter_site":"@rafaramirez_ok","twitter_misc":{"Escrito por":"Rafael Ram\u00edrez","Tiempo de lectura":"3 minutos"},"schema":{"@context":"https:\/\/schema.org","@graph":[{"@type":"Article","@id":"https:\/\/rafaramirez.org\/blog\/index.php\/2024\/05\/01\/1-de-mayo-dia-internacional-del-trabajo\/#article","isPartOf":{"@id":"https:\/\/rafaramirez.org\/blog\/index.php\/2024\/05\/01\/1-de-mayo-dia-internacional-del-trabajo\/"},"author":{"name":"Rafael Ram\u00edrez","@id":"https:\/\/rafaramirez.org\/blog\/#\/schema\/person\/50f43b6d60c578760d4c17bda54ab6a5"},"headline":"1 de Mayo: D\u00eda Internacional del Trabajo y la lucha por unas condiciones laborales justas.","datePublished":"2024-05-01T07:00:44+00:00","dateModified":"2024-05-01T08:52:31+00:00","mainEntityOfPage":{"@id":"https:\/\/rafaramirez.org\/blog\/index.php\/2024\/05\/01\/1-de-mayo-dia-internacional-del-trabajo\/"},"wordCount":688,"commentCount":0,"publisher":{"@id":"https:\/\/rafaramirez.org\/blog\/#\/schema\/person\/50f43b6d60c578760d4c17bda54ab6a5"},"image":{"@id":"https:\/\/rafaramirez.org\/blog\/index.php\/2024\/05\/01\/1-de-mayo-dia-internacional-del-trabajo\/#primaryimage"},"thumbnailUrl":"https:\/\/rafaramirez.org\/blog\/wp-content\/uploads\/2024\/05\/1_Mayo_banner.jpg","keywords":["1 de mayo","1886","1889","1894","1936 a 1975","1978","blog de Rafael Ram\u00edrez","Canad\u00e1","Chicago","colectivos laborales","condiciones laborales justas","cuatro d\u00e9cadas","derechos de los trabajadores","D\u00eda del Trabajador","D\u00eda Internacional del Trabajo","EE. UU.","efem\u00e9rides","espa\u00f1a","Estados Unidos","Francisco Franco","Grover Cleveland","historia laboral","jornada de trabajo limitada a\u00a0ocho horas","Labor Day","manifestaciones","movimientos obreros","multitudinaria marcha","organizaci\u00f3n de los trabajadores","per\u00edodo de lucha y reivindicaci\u00f3n","primer lunes de septiembre","primero de mayo","Revoluci\u00f3n Industrial","revuelta de Haymarket","Segunda Internacional Socialista","siglo XIX","sindicatos","social"],"articleSection":["Efem\u00e9rides","Informe social"],"inLanguage":"es","potentialAction":[{"@type":"CommentAction","name":"Comment","target":["https:\/\/rafaramirez.org\/blog\/index.php\/2024\/05\/01\/1-de-mayo-dia-internacional-del-trabajo\/#respond"]}]},{"@type":"WebPage","@id":"https:\/\/rafaramirez.org\/blog\/index.php\/2024\/05\/01\/1-de-mayo-dia-internacional-del-trabajo\/","url":"https:\/\/rafaramirez.org\/blog\/index.php\/2024\/05\/01\/1-de-mayo-dia-internacional-del-trabajo\/","name":"1 de Mayo: D\u00eda Internacional del Trabajo y la lucha por unas condiciones laborales justas. - Blog de Rafael Ram\u00edrez","isPartOf":{"@id":"https:\/\/rafaramirez.org\/blog\/#website"},"primaryImageOfPage":{"@id":"https:\/\/rafaramirez.org\/blog\/index.php\/2024\/05\/01\/1-de-mayo-dia-internacional-del-trabajo\/#primaryimage"},"image":{"@id":"https:\/\/rafaramirez.org\/blog\/index.php\/2024\/05\/01\/1-de-mayo-dia-internacional-del-trabajo\/#primaryimage"},"thumbnailUrl":"https:\/\/rafaramirez.org\/blog\/wp-content\/uploads\/2024\/05\/1_Mayo_banner.jpg","datePublished":"2024-05-01T07:00:44+00:00","dateModified":"2024-05-01T08:52:31+00:00","breadcrumb":{"@id":"https:\/\/rafaramirez.org\/blog\/index.php\/2024\/05\/01\/1-de-mayo-dia-internacional-del-trabajo\/#breadcrumb"},"inLanguage":"es","potentialAction":[{"@type":"ReadAction","target":["https:\/\/rafaramirez.org\/blog\/index.php\/2024\/05\/01\/1-de-mayo-dia-internacional-del-trabajo\/"]}]},{"@type":"ImageObject","inLanguage":"es","@id":"https:\/\/rafaramirez.org\/blog\/index.php\/2024\/05\/01\/1-de-mayo-dia-internacional-del-trabajo\/#primaryimage","url":"https:\/\/rafaramirez.org\/blog\/wp-content\/uploads\/2024\/05\/1_Mayo_banner.jpg","contentUrl":"https:\/\/rafaramirez.org\/blog\/wp-content\/uploads\/2024\/05\/1_Mayo_banner.jpg","width":850,"height":601,"caption":"Primero de Mayo, D\u00eda del Trabajador. Blog de Rafael Ram\u00edrez."},{"@type":"BreadcrumbList","@id":"https:\/\/rafaramirez.org\/blog\/index.php\/2024\/05\/01\/1-de-mayo-dia-internacional-del-trabajo\/#breadcrumb","itemListElement":[{"@type":"ListItem","position":1,"name":"Portada","item":"https:\/\/rafaramirez.org\/blog\/"},{"@type":"ListItem","position":2,"name":"1 de Mayo: D\u00eda Internacional del Trabajo y la lucha por unas condiciones laborales justas."}]},{"@type":"WebSite","@id":"https:\/\/rafaramirez.org\/blog\/#website","url":"https:\/\/rafaramirez.org\/blog\/","name":"Blog de Rafael Ram\u00edrez","description":"Un sitio social, de arte y cultura","publisher":{"@id":"https:\/\/rafaramirez.org\/blog\/#\/schema\/person\/50f43b6d60c578760d4c17bda54ab6a5"},"potentialAction":[{"@type":"SearchAction","target":{"@type":"EntryPoint","urlTemplate":"https:\/\/rafaramirez.org\/blog\/?s={search_term_string}"},"query-input":{"@type":"PropertyValueSpecification","valueRequired":true,"valueName":"search_term_string"}}],"inLanguage":"es"},{"@type":["Person","Organization"],"@id":"https:\/\/rafaramirez.org\/blog\/#\/schema\/person\/50f43b6d60c578760d4c17bda54ab6a5","name":"Rafael Ram\u00edrez","image":{"@type":"ImageObject","inLanguage":"es","@id":"https:\/\/rafaramirez.org\/blog\/wp-content\/uploads\/2024\/09\/RR_socialnetwork.jpg","url":"https:\/\/rafaramirez.org\/blog\/wp-content\/uploads\/2024\/09\/RR_socialnetwork.jpg","contentUrl":"https:\/\/rafaramirez.org\/blog\/wp-content\/uploads\/2024\/09\/RR_socialnetwork.jpg","width":600,"height":606,"caption":"Rafael Ram\u00edrez"},"logo":{"@id":"https:\/\/rafaramirez.org\/blog\/wp-content\/uploads\/2024\/09\/RR_socialnetwork.jpg"},"sameAs":["https:\/\/www.rafaramirez.org\/blog","https:\/\/www.instagram.com\/rafaramirez_ok\/","https:\/\/es.pinterest.com\/Ramirez_Rafa\/","https:\/\/x.com\/rafaramirez_ok"],"url":"https:\/\/rafaramirez.org\/blog\/index.php\/author\/rafaell_qm6j97da\/"}]}},"jetpack_publicize_connections":[],"jetpack_sharing_enabled":true,"jetpack_likes_enabled":true,"jetpack_featured_media_url":"https:\/\/rafaramirez.org\/blog\/wp-content\/uploads\/2024\/05\/1_Mayo_banner.jpg","_links":{"self":[{"href":"https:\/\/rafaramirez.org\/blog\/index.php\/wp-json\/wp\/v2\/posts\/4301","targetHints":{"allow":["GET"]}}],"collection":[{"href":"https:\/\/rafaramirez.org\/blog\/index.php\/wp-json\/wp\/v2\/posts"}],"about":[{"href":"https:\/\/rafaramirez.org\/blog\/index.php\/wp-json\/wp\/v2\/types\/post"}],"author":[{"embeddable":true,"href":"https:\/\/rafaramirez.org\/blog\/index.php\/wp-json\/wp\/v2\/users\/1"}],"replies":[{"embeddable":true,"href":"https:\/\/rafaramirez.org\/blog\/index.php\/wp-json\/wp\/v2\/comments?post=4301"}],"version-history":[{"count":8,"href":"https:\/\/rafaramirez.org\/blog\/index.php\/wp-json\/wp\/v2\/posts\/4301\/revisions"}],"predecessor-version":[{"id":4331,"href":"https:\/\/rafaramirez.org\/blog\/index.php\/wp-json\/wp\/v2\/posts\/4301\/revisions\/4331"}],"wp:featuredmedia":[{"embeddable":true,"href":"https:\/\/rafaramirez.org\/blog\/index.php\/wp-json\/wp\/v2\/media\/4307"}],"wp:attachment":[{"href":"https:\/\/rafaramirez.org\/blog\/index.php\/wp-json\/wp\/v2\/media?parent=4301"}],"wp:term":[{"taxonomy":"category","embeddable":true,"href":"https:\/\/rafaramirez.org\/blog\/index.php\/wp-json\/wp\/v2\/categories?post=4301"},{"taxonomy":"post_tag","embeddable":true,"href":"https:\/\/rafaramirez.org\/blog\/index.php\/wp-json\/wp\/v2\/tags?post=4301"}],"curies":[{"name":"wp","href":"https:\/\/api.w.org\/{rel}","templated":true}]}}