{"id":4291,"date":"2024-04-30T08:15:40","date_gmt":"2024-04-30T06:15:40","guid":{"rendered":"https:\/\/rafaramirez.org\/blog\/?p=4291"},"modified":"2024-04-30T12:46:30","modified_gmt":"2024-04-30T10:46:30","slug":"dia-internacional-del-jazz","status":"publish","type":"post","link":"https:\/\/rafaramirez.org\/blog\/index.php\/2024\/04\/30\/dia-internacional-del-jazz\/","title":{"rendered":"D\u00eda Internacional del Jazz: promoviendo la paz y la diversidad."},"content":{"rendered":"<p>El\u00a0<strong>D\u00eda Internacional del Jazz<\/strong>\u00a0se celebra anualmente el\u00a0<strong>30 de abril<\/strong>\u00a0desde\u00a0<strong>2012<\/strong>\u00a0y fue establecido por la <strong>UNESCO<\/strong>\u00a0en noviembre de 2011.\u00a0Esta jornada busca sensibilizar al p\u00fablico general sobre las virtudes del jazz como herramienta educativa y motor para la paz, la unidad, el di\u00e1logo y la cooperaci\u00f3n entre pueblos.<\/p>\n<p>Este a\u00f1o 2024 la ciudad anfitriona a nivel mundial ser\u00e1 T\u00e1nger en Marruecos, siendo la primera vez que una ciudad del continente africano acoge esta conmemoraci\u00f3n internacional. A continuaci\u00f3n, te presento algunos detalles interesantes sobre este d\u00eda especial:<\/p>\n<ol>\n<li><strong>Origen y Proclamaci\u00f3n<\/strong>:\n<ul>\n<li>El D\u00eda Internacional del Jazz fue proclamado por la UNESCO con el objetivo de destacar el jazz y su papel diplom\u00e1tico en unir a las personas en todo el mundo.<\/li>\n<li>El pianista de jazz\u00a0<strong>Herbie Hancock<\/strong>, Embajador de la UNESCO para el Di\u00e1logo Intercultural, lidera esta iniciativa junto con el\u00a0<strong>Herbie Hancock Institute of Jazz<\/strong>.<\/li>\n<\/ul>\n<\/li>\n<li><strong>Celebraci\u00f3n y Eventos<\/strong>:\n<ul>\n<li>Este d\u00eda se celebra anualmente el\u00a0<strong>30 de abril<\/strong>, coincidiendo con el final del\u00a0<strong>Mes de Apreciaci\u00f3n del Jazz<\/strong>.<\/li>\n<li>La primera celebraci\u00f3n tuvo lugar en\u00a0<strong>2012<\/strong>, con eventos en\u00a0<strong>Nueva York<\/strong>\u00a0y\u00a0<strong>Par\u00eds<\/strong>, junto con otras\u00a0<strong>100 ciudades<\/strong>\u00a0alrededor del mundo.<\/li>\n<li>Desde entonces, se ha convertido en la\u00a0<strong>mayor celebraci\u00f3n anual del jazz<\/strong>, uniendo a personas de todos los continentes a trav\u00e9s de actuaciones, programas educativos y actividades de divulgaci\u00f3n.<a href=\"https:\/\/rafaramirez.org\/blog\/wp-content\/uploads\/2024\/04\/performance-3202707.jpg\" target=\"_blank\" rel=\"noopener\"><img loading=\"lazy\" decoding=\"async\" class=\"aligncenter wp-image-4296 size-medium\" src=\"https:\/\/rafaramirez.org\/blog\/wp-content\/uploads\/2024\/04\/performance-3202707-300x200.jpg\" alt=\"D\u00eda Internacional del Jazz. Blog de Rafael Ram\u00edrez.\" width=\"300\" height=\"200\" srcset=\"https:\/\/rafaramirez.org\/blog\/wp-content\/uploads\/2024\/04\/performance-3202707-300x200.jpg 300w, https:\/\/rafaramirez.org\/blog\/wp-content\/uploads\/2024\/04\/performance-3202707-768x512.jpg 768w, https:\/\/rafaramirez.org\/blog\/wp-content\/uploads\/2024\/04\/performance-3202707.jpg 1000w\" sizes=\"auto, (max-width: 300px) 100vw, 300px\" \/><\/a><\/li>\n<\/ul>\n<\/li>\n<li><strong>Concierto Mundial de Estrellas<\/strong>:\n<ul>\n<li>En\u00a0<strong>2023<\/strong>, se ofrecieron actuaciones en\u00a0<strong>12 ciudades simult\u00e1neamente<\/strong>, incluyendo\u00a0<strong>Pek\u00edn<\/strong>,\u00a0<strong>Beirut<\/strong>\u00a0y\u00a0<strong>Nueva York<\/strong>, mostrando el car\u00e1cter global de esta celebraci\u00f3n.<\/li>\n<li>El\u00a0<strong>Concierto Mundial de Estrellas<\/strong>\u00a0re\u00fane a int\u00e9rpretes de todo el mundo, como <strong>Dianne Reeves<\/strong>,\u00a0<strong>Marcus Miller<\/strong>,\u00a0<strong>Dee Dee Bridgewater<\/strong>,\u00a0<strong>Christian McBride<\/strong>,\u00a0<strong>Somi<\/strong>,\u00a0<strong>Melody Gardot<\/strong>,\u00a0<strong>S\u00e9rgio Mendes<\/strong>,\u00a0<strong>Cyrille Aim\u00e9e<\/strong>,\u00a0<strong>Antonio S\u00e1nchez<\/strong>,\u00a0<strong>John Beasley<\/strong>\u00a0y muchos otros.<\/li>\n<li>El concierto<strong>,<\/strong> que se celebra este 30 de abril, se retransmite por Internet en todo el mundo a trav\u00e9s de plataformas como YouTube y Facebook.<\/li>\n<\/ul>\n<\/li>\n<li><strong>Educaci\u00f3n y Unidad<\/strong>:\n<ul>\n<li>El D\u00eda Internacional del Jazz tiene como objetivo concienciar sobre las virtudes del jazz como motor para la paz, la unidad, el di\u00e1logo y una mayor cooperaci\u00f3n entre los pueblos.<\/li>\n<li>Se promueve su uso como herramienta educativa y su contribuci\u00f3n a la construcci\u00f3n de sociedades m\u00e1s integradoras.<\/li>\n<\/ul>\n<\/li>\n<\/ol>\n<p><strong>En resumen, el D\u00eda Internacional del Jazz es una celebraci\u00f3n vibrante que une a amantes de la m\u00fasica de todo el mundo, promoviendo la paz y la diversidad a trav\u00e9s de los acordes y ritmos del jazz.\u00a0\ud83c\udfb6\ud83c\udfb7\ud83c\udf0d.<\/strong><\/p>\n<p>M\u00e1s informaci\u00f3n:<\/p>\n<ul>\n<li><a href=\"https:\/\/www.un.org\/es\/observances\/jazz-day\" target=\"_blank\" rel=\"noopener\">Naciones Unidas (ONU)\u00a0<\/a><\/li>\n<li><a href=\"https:\/\/es.wikipedia.org\/wiki\/D%C3%ADa_Internacional_del_Jazz\" target=\"_blank\" rel=\"noopener\">Wikipedia<\/a><\/li>\n<li><a href=\"https:\/\/www.chs-ca.org\/es\/blog\/entry\/mes-de-apreciacion-del-jazz\" target=\"_blank\" rel=\"noopener\">Children&#8217;s Home Society of California<\/a><\/li>\n<\/ul>\n<p>&nbsp;<\/p>\n","protected":false},"excerpt":{"rendered":"<p>El\u00a0D\u00eda Internacional del Jazz\u00a0se celebra anualmente el\u00a030 de abril\u00a0desde\u00a02012\u00a0y fue establecido por la UNESCO\u00a0en noviembre de 2011.\u00a0Esta jornada busca sensibilizar al p\u00fablico general sobre las virtudes del jazz como herramienta educativa y motor para la paz, la unidad, el di\u00e1logo y la cooperaci\u00f3n entre pueblos. Este a\u00f1o 2024 la ciudad anfitriona a nivel mundial ser\u00e1 [&hellip;]<\/p>\n","protected":false},"author":1,"featured_media":4295,"comment_status":"open","ping_status":"closed","sticky":false,"template":"","format":"standard","meta":{"site-container-style":"default","site-container-layout":"default","site-sidebar-layout":"default","disable-article-header":"default","disable-site-header":"default","disable-site-footer":"default","disable-content-area-spacing":"default","_jetpack_newsletter_access":"","_jetpack_dont_email_post_to_subs":false,"_jetpack_newsletter_tier_id":0,"_jetpack_memberships_contains_paywalled_content":false,"_jetpack_feature_clip_id":0,"_jetpack_memberships_contains_paid_content":false,"footnotes":"","jetpack_publicize_message":"","jetpack_publicize_feature_enabled":true,"jetpack_social_post_already_shared":false,"jetpack_social_options":{"image_generator_settings":{"template":"highway","default_image_id":0,"font":"","enabled":false},"version":2},"jetpack_post_was_ever_published":false},"categories":[1291,709],"tags":[1656,1844,1871,1861,68,1866,1862,1854,1870,1865,1846,1843,1863,1323,1853,1857,1850,1872,1852,1864,1856,1859,1868,1858,1851,1847,1326,351,1860,1845,1848,1869,1867,1855,1649,1849],"class_list":["post-4291","post","type-post","status-publish","format-standard","has-post-thumbnail","hentry","category-efemerides","category-musica","tag-1656","tag-30-de-abril","tag-antonio-sanchez","tag-beirut","tag-blog-de-rafael-ramirez","tag-christian-mcbride","tag-concierto-mundial-de-estrellas","tag-cooperacion-entre-pueblos","tag-cyrille-aimee","tag-dee-dee-bridgewater","tag-desde-2012","tag-dia-internacional-del-jazz","tag-dianne-reeves","tag-efemerides","tag-el-dialogo","tag-herbie-hancock-institute-of-jazz","tag-herramienta-educativa","tag-john-beasley","tag-la-unidad","tag-marcus-miller","tag-marruecos","tag-mayor-celebracion-anual-del-jazz","tag-melody-gardot","tag-mes-de-apreciacion-del-jazz","tag-motor-para-la-paz","tag-noviembre-de-2011","tag-nueva-york","tag-paris","tag-pekin","tag-promoviendo-la-paz-y-la-diversidad","tag-sensibilizar-al-publico-general","tag-sergio-mendes","tag-somi","tag-tanger","tag-unesco","tag-virtudes-del-jazz"],"yoast_head":"<!-- This site is optimized with the Yoast SEO plugin v28.4 - https:\/\/yoast.com\/product\/yoast-seo-wordpress\/ -->\n<title>D\u00eda Internacional del Jazz: promoviendo la paz y la diversidad. - Blog de Rafael Ram\u00edrez<\/title>\n<meta name=\"robots\" content=\"index, follow, max-snippet:-1, max-image-preview:large, max-video-preview:-1\" \/>\n<link rel=\"canonical\" href=\"https:\/\/rafaramirez.org\/blog\/index.php\/2024\/04\/30\/dia-internacional-del-jazz\/\" \/>\n<meta property=\"og:locale\" content=\"es_ES\" \/>\n<meta property=\"og:type\" content=\"article\" \/>\n<meta property=\"og:title\" content=\"D\u00eda Internacional del Jazz: promoviendo la paz y la diversidad. - Blog de Rafael Ram\u00edrez\" \/>\n<meta property=\"og:description\" content=\"El\u00a0D\u00eda Internacional del Jazz\u00a0se celebra anualmente el\u00a030 de abril\u00a0desde\u00a02012\u00a0y fue establecido por la UNESCO\u00a0en noviembre de 2011.\u00a0Esta jornada busca sensibilizar al p\u00fablico general sobre las virtudes del jazz como herramienta educativa y motor para la paz, la unidad, el di\u00e1logo y la cooperaci\u00f3n entre pueblos. Este a\u00f1o 2024 la ciudad anfitriona a nivel mundial ser\u00e1 [&hellip;]\" \/>\n<meta property=\"og:url\" content=\"https:\/\/rafaramirez.org\/blog\/index.php\/2024\/04\/30\/dia-internacional-del-jazz\/\" \/>\n<meta property=\"og:site_name\" content=\"Blog de Rafael Ram\u00edrez\" \/>\n<meta property=\"article:published_time\" content=\"2024-04-30T06:15:40+00:00\" \/>\n<meta property=\"article:modified_time\" content=\"2024-04-30T10:46:30+00:00\" \/>\n<meta property=\"og:image\" content=\"https:\/\/rafaramirez.org\/blog\/wp-content\/uploads\/2024\/04\/Dia_Internacional_del_Jazz_Blog_de_RafaelRamirez_banner_logblog.jpg\" \/>\n\t<meta property=\"og:image:width\" content=\"850\" \/>\n\t<meta property=\"og:image:height\" content=\"750\" \/>\n\t<meta property=\"og:image:type\" content=\"image\/jpeg\" \/>\n<meta name=\"author\" content=\"Rafael Ram\u00edrez\" \/>\n<meta name=\"twitter:card\" content=\"summary_large_image\" \/>\n<meta name=\"twitter:creator\" content=\"@rafaramirez_ok\" \/>\n<meta name=\"twitter:site\" content=\"@rafaramirez_ok\" \/>\n<meta name=\"twitter:label1\" content=\"Escrito por\" \/>\n\t<meta name=\"twitter:data1\" content=\"Rafael Ram\u00edrez\" \/>\n\t<meta name=\"twitter:label2\" content=\"Tiempo de lectura\" \/>\n\t<meta name=\"twitter:data2\" content=\"2 minutos\" \/>\n<script type=\"application\/ld+json\" class=\"yoast-schema-graph\">{\"@context\":\"https:\\\/\\\/schema.org\",\"@graph\":[{\"@type\":\"Article\",\"@id\":\"https:\\\/\\\/rafaramirez.org\\\/blog\\\/index.php\\\/2024\\\/04\\\/30\\\/dia-internacional-del-jazz\\\/#article\",\"isPartOf\":{\"@id\":\"https:\\\/\\\/rafaramirez.org\\\/blog\\\/index.php\\\/2024\\\/04\\\/30\\\/dia-internacional-del-jazz\\\/\"},\"author\":{\"name\":\"Rafael Ram\u00edrez\",\"@id\":\"https:\\\/\\\/rafaramirez.org\\\/blog\\\/#\\\/schema\\\/person\\\/50f43b6d60c578760d4c17bda54ab6a5\"},\"headline\":\"D\u00eda Internacional del Jazz: promoviendo la paz y la diversidad.\",\"datePublished\":\"2024-04-30T06:15:40+00:00\",\"dateModified\":\"2024-04-30T10:46:30+00:00\",\"mainEntityOfPage\":{\"@id\":\"https:\\\/\\\/rafaramirez.org\\\/blog\\\/index.php\\\/2024\\\/04\\\/30\\\/dia-internacional-del-jazz\\\/\"},\"wordCount\":454,\"commentCount\":0,\"publisher\":{\"@id\":\"https:\\\/\\\/rafaramirez.org\\\/blog\\\/#\\\/schema\\\/person\\\/50f43b6d60c578760d4c17bda54ab6a5\"},\"image\":{\"@id\":\"https:\\\/\\\/rafaramirez.org\\\/blog\\\/index.php\\\/2024\\\/04\\\/30\\\/dia-internacional-del-jazz\\\/#primaryimage\"},\"thumbnailUrl\":\"https:\\\/\\\/rafaramirez.org\\\/blog\\\/wp-content\\\/uploads\\\/2024\\\/04\\\/Dia_Internacional_del_Jazz_Blog_de_RafaelRamirez_banner_logblog.jpg\",\"keywords\":[\"2012\",\"30 de abril\",\"Antonio S\u00e1nchez\",\"Beirut\",\"blog de Rafael Ram\u00edrez\",\"Christian McBride\",\"Concierto Mundial de Estrellas\",\"cooperaci\u00f3n entre pueblos\",\"Cyrille Aim\u00e9e\",\"Dee Dee Bridgewater\",\"desde\u00a02012\",\"D\u00eda Internacional del Jazz\",\"Dianne Reeves\",\"efem\u00e9rides\",\"el di\u00e1logo\",\"Herbie Hancock Institute of Jazz\",\"herramienta educativa\",\"John Beasley\",\"la unidad\",\"Marcus Miller\",\"Marruecos\",\"mayor celebraci\u00f3n anual del jazz\",\"Melody Gardot\",\"Mes de Apreciaci\u00f3n del Jazz\",\"motor para la paz\",\"noviembre de 2011\",\"Nueva York\",\"Paris\",\"Pek\u00edn\",\"promoviendo la paz y la diversidad\",\"sensibilizar al p\u00fablico general\",\"S\u00e9rgio Mendes\",\"Somi\",\"T\u00e1nger\",\"UNESCO\",\"virtudes del jazz\"],\"articleSection\":[\"Efem\u00e9rides\",\"M\u00fasica\"],\"inLanguage\":\"es\",\"potentialAction\":[{\"@type\":\"CommentAction\",\"name\":\"Comment\",\"target\":[\"https:\\\/\\\/rafaramirez.org\\\/blog\\\/index.php\\\/2024\\\/04\\\/30\\\/dia-internacional-del-jazz\\\/#respond\"]}]},{\"@type\":\"WebPage\",\"@id\":\"https:\\\/\\\/rafaramirez.org\\\/blog\\\/index.php\\\/2024\\\/04\\\/30\\\/dia-internacional-del-jazz\\\/\",\"url\":\"https:\\\/\\\/rafaramirez.org\\\/blog\\\/index.php\\\/2024\\\/04\\\/30\\\/dia-internacional-del-jazz\\\/\",\"name\":\"D\u00eda Internacional del Jazz: promoviendo la paz y la diversidad. - Blog de Rafael Ram\u00edrez\",\"isPartOf\":{\"@id\":\"https:\\\/\\\/rafaramirez.org\\\/blog\\\/#website\"},\"primaryImageOfPage\":{\"@id\":\"https:\\\/\\\/rafaramirez.org\\\/blog\\\/index.php\\\/2024\\\/04\\\/30\\\/dia-internacional-del-jazz\\\/#primaryimage\"},\"image\":{\"@id\":\"https:\\\/\\\/rafaramirez.org\\\/blog\\\/index.php\\\/2024\\\/04\\\/30\\\/dia-internacional-del-jazz\\\/#primaryimage\"},\"thumbnailUrl\":\"https:\\\/\\\/rafaramirez.org\\\/blog\\\/wp-content\\\/uploads\\\/2024\\\/04\\\/Dia_Internacional_del_Jazz_Blog_de_RafaelRamirez_banner_logblog.jpg\",\"datePublished\":\"2024-04-30T06:15:40+00:00\",\"dateModified\":\"2024-04-30T10:46:30+00:00\",\"breadcrumb\":{\"@id\":\"https:\\\/\\\/rafaramirez.org\\\/blog\\\/index.php\\\/2024\\\/04\\\/30\\\/dia-internacional-del-jazz\\\/#breadcrumb\"},\"inLanguage\":\"es\",\"potentialAction\":[{\"@type\":\"ReadAction\",\"target\":[\"https:\\\/\\\/rafaramirez.org\\\/blog\\\/index.php\\\/2024\\\/04\\\/30\\\/dia-internacional-del-jazz\\\/\"]}]},{\"@type\":\"ImageObject\",\"inLanguage\":\"es\",\"@id\":\"https:\\\/\\\/rafaramirez.org\\\/blog\\\/index.php\\\/2024\\\/04\\\/30\\\/dia-internacional-del-jazz\\\/#primaryimage\",\"url\":\"https:\\\/\\\/rafaramirez.org\\\/blog\\\/wp-content\\\/uploads\\\/2024\\\/04\\\/Dia_Internacional_del_Jazz_Blog_de_RafaelRamirez_banner_logblog.jpg\",\"contentUrl\":\"https:\\\/\\\/rafaramirez.org\\\/blog\\\/wp-content\\\/uploads\\\/2024\\\/04\\\/Dia_Internacional_del_Jazz_Blog_de_RafaelRamirez_banner_logblog.jpg\",\"width\":850,\"height\":750,\"caption\":\"D\u00eda Internacional del Jazz. Blog de Rafael Ram\u00edrez.\"},{\"@type\":\"BreadcrumbList\",\"@id\":\"https:\\\/\\\/rafaramirez.org\\\/blog\\\/index.php\\\/2024\\\/04\\\/30\\\/dia-internacional-del-jazz\\\/#breadcrumb\",\"itemListElement\":[{\"@type\":\"ListItem\",\"position\":1,\"name\":\"Portada\",\"item\":\"https:\\\/\\\/rafaramirez.org\\\/blog\\\/\"},{\"@type\":\"ListItem\",\"position\":2,\"name\":\"D\u00eda Internacional del Jazz: promoviendo la paz y la diversidad.\"}]},{\"@type\":\"WebSite\",\"@id\":\"https:\\\/\\\/rafaramirez.org\\\/blog\\\/#website\",\"url\":\"https:\\\/\\\/rafaramirez.org\\\/blog\\\/\",\"name\":\"Blog de Rafael Ram\u00edrez\",\"description\":\"Un sitio social, de arte y cultura\",\"publisher\":{\"@id\":\"https:\\\/\\\/rafaramirez.org\\\/blog\\\/#\\\/schema\\\/person\\\/50f43b6d60c578760d4c17bda54ab6a5\"},\"potentialAction\":[{\"@type\":\"SearchAction\",\"target\":{\"@type\":\"EntryPoint\",\"urlTemplate\":\"https:\\\/\\\/rafaramirez.org\\\/blog\\\/?s={search_term_string}\"},\"query-input\":{\"@type\":\"PropertyValueSpecification\",\"valueRequired\":true,\"valueName\":\"search_term_string\"}}],\"inLanguage\":\"es\"},{\"@type\":[\"Person\",\"Organization\"],\"@id\":\"https:\\\/\\\/rafaramirez.org\\\/blog\\\/#\\\/schema\\\/person\\\/50f43b6d60c578760d4c17bda54ab6a5\",\"name\":\"Rafael Ram\u00edrez\",\"image\":{\"@type\":\"ImageObject\",\"inLanguage\":\"es\",\"@id\":\"https:\\\/\\\/rafaramirez.org\\\/blog\\\/wp-content\\\/uploads\\\/2024\\\/09\\\/RR_socialnetwork.jpg\",\"url\":\"https:\\\/\\\/rafaramirez.org\\\/blog\\\/wp-content\\\/uploads\\\/2024\\\/09\\\/RR_socialnetwork.jpg\",\"contentUrl\":\"https:\\\/\\\/rafaramirez.org\\\/blog\\\/wp-content\\\/uploads\\\/2024\\\/09\\\/RR_socialnetwork.jpg\",\"width\":600,\"height\":606,\"caption\":\"Rafael Ram\u00edrez\"},\"logo\":{\"@id\":\"https:\\\/\\\/rafaramirez.org\\\/blog\\\/wp-content\\\/uploads\\\/2024\\\/09\\\/RR_socialnetwork.jpg\"},\"sameAs\":[\"https:\\\/\\\/www.rafaramirez.org\\\/blog\",\"https:\\\/\\\/www.instagram.com\\\/rafaramirez_ok\\\/\",\"https:\\\/\\\/es.pinterest.com\\\/Ramirez_Rafa\\\/\",\"https:\\\/\\\/x.com\\\/rafaramirez_ok\"],\"url\":\"https:\\\/\\\/rafaramirez.org\\\/blog\\\/index.php\\\/author\\\/rafaell_qm6j97da\\\/\"}]}<\/script>\n<!-- \/ Yoast SEO plugin. -->","yoast_head_json":{"title":"D\u00eda Internacional del Jazz: promoviendo la paz y la diversidad. - Blog de Rafael Ram\u00edrez","robots":{"index":"index","follow":"follow","max-snippet":"max-snippet:-1","max-image-preview":"max-image-preview:large","max-video-preview":"max-video-preview:-1"},"canonical":"https:\/\/rafaramirez.org\/blog\/index.php\/2024\/04\/30\/dia-internacional-del-jazz\/","og_locale":"es_ES","og_type":"article","og_title":"D\u00eda Internacional del Jazz: promoviendo la paz y la diversidad. - Blog de Rafael Ram\u00edrez","og_description":"El\u00a0D\u00eda Internacional del Jazz\u00a0se celebra anualmente el\u00a030 de abril\u00a0desde\u00a02012\u00a0y fue establecido por la UNESCO\u00a0en noviembre de 2011.\u00a0Esta jornada busca sensibilizar al p\u00fablico general sobre las virtudes del jazz como herramienta educativa y motor para la paz, la unidad, el di\u00e1logo y la cooperaci\u00f3n entre pueblos. Este a\u00f1o 2024 la ciudad anfitriona a nivel mundial ser\u00e1 [&hellip;]","og_url":"https:\/\/rafaramirez.org\/blog\/index.php\/2024\/04\/30\/dia-internacional-del-jazz\/","og_site_name":"Blog de Rafael Ram\u00edrez","article_published_time":"2024-04-30T06:15:40+00:00","article_modified_time":"2024-04-30T10:46:30+00:00","og_image":[{"width":850,"height":750,"url":"https:\/\/rafaramirez.org\/blog\/wp-content\/uploads\/2024\/04\/Dia_Internacional_del_Jazz_Blog_de_RafaelRamirez_banner_logblog.jpg","type":"image\/jpeg"}],"author":"Rafael Ram\u00edrez","twitter_card":"summary_large_image","twitter_creator":"@rafaramirez_ok","twitter_site":"@rafaramirez_ok","twitter_misc":{"Escrito por":"Rafael Ram\u00edrez","Tiempo de lectura":"2 minutos"},"schema":{"@context":"https:\/\/schema.org","@graph":[{"@type":"Article","@id":"https:\/\/rafaramirez.org\/blog\/index.php\/2024\/04\/30\/dia-internacional-del-jazz\/#article","isPartOf":{"@id":"https:\/\/rafaramirez.org\/blog\/index.php\/2024\/04\/30\/dia-internacional-del-jazz\/"},"author":{"name":"Rafael Ram\u00edrez","@id":"https:\/\/rafaramirez.org\/blog\/#\/schema\/person\/50f43b6d60c578760d4c17bda54ab6a5"},"headline":"D\u00eda Internacional del Jazz: promoviendo la paz y la diversidad.","datePublished":"2024-04-30T06:15:40+00:00","dateModified":"2024-04-30T10:46:30+00:00","mainEntityOfPage":{"@id":"https:\/\/rafaramirez.org\/blog\/index.php\/2024\/04\/30\/dia-internacional-del-jazz\/"},"wordCount":454,"commentCount":0,"publisher":{"@id":"https:\/\/rafaramirez.org\/blog\/#\/schema\/person\/50f43b6d60c578760d4c17bda54ab6a5"},"image":{"@id":"https:\/\/rafaramirez.org\/blog\/index.php\/2024\/04\/30\/dia-internacional-del-jazz\/#primaryimage"},"thumbnailUrl":"https:\/\/rafaramirez.org\/blog\/wp-content\/uploads\/2024\/04\/Dia_Internacional_del_Jazz_Blog_de_RafaelRamirez_banner_logblog.jpg","keywords":["2012","30 de abril","Antonio S\u00e1nchez","Beirut","blog de Rafael Ram\u00edrez","Christian McBride","Concierto Mundial de Estrellas","cooperaci\u00f3n entre pueblos","Cyrille Aim\u00e9e","Dee Dee Bridgewater","desde\u00a02012","D\u00eda Internacional del Jazz","Dianne Reeves","efem\u00e9rides","el di\u00e1logo","Herbie Hancock Institute of Jazz","herramienta educativa","John Beasley","la unidad","Marcus Miller","Marruecos","mayor celebraci\u00f3n anual del jazz","Melody Gardot","Mes de Apreciaci\u00f3n del Jazz","motor para la paz","noviembre de 2011","Nueva York","Paris","Pek\u00edn","promoviendo la paz y la diversidad","sensibilizar al p\u00fablico general","S\u00e9rgio Mendes","Somi","T\u00e1nger","UNESCO","virtudes del jazz"],"articleSection":["Efem\u00e9rides","M\u00fasica"],"inLanguage":"es","potentialAction":[{"@type":"CommentAction","name":"Comment","target":["https:\/\/rafaramirez.org\/blog\/index.php\/2024\/04\/30\/dia-internacional-del-jazz\/#respond"]}]},{"@type":"WebPage","@id":"https:\/\/rafaramirez.org\/blog\/index.php\/2024\/04\/30\/dia-internacional-del-jazz\/","url":"https:\/\/rafaramirez.org\/blog\/index.php\/2024\/04\/30\/dia-internacional-del-jazz\/","name":"D\u00eda Internacional del Jazz: promoviendo la paz y la diversidad. - Blog de Rafael Ram\u00edrez","isPartOf":{"@id":"https:\/\/rafaramirez.org\/blog\/#website"},"primaryImageOfPage":{"@id":"https:\/\/rafaramirez.org\/blog\/index.php\/2024\/04\/30\/dia-internacional-del-jazz\/#primaryimage"},"image":{"@id":"https:\/\/rafaramirez.org\/blog\/index.php\/2024\/04\/30\/dia-internacional-del-jazz\/#primaryimage"},"thumbnailUrl":"https:\/\/rafaramirez.org\/blog\/wp-content\/uploads\/2024\/04\/Dia_Internacional_del_Jazz_Blog_de_RafaelRamirez_banner_logblog.jpg","datePublished":"2024-04-30T06:15:40+00:00","dateModified":"2024-04-30T10:46:30+00:00","breadcrumb":{"@id":"https:\/\/rafaramirez.org\/blog\/index.php\/2024\/04\/30\/dia-internacional-del-jazz\/#breadcrumb"},"inLanguage":"es","potentialAction":[{"@type":"ReadAction","target":["https:\/\/rafaramirez.org\/blog\/index.php\/2024\/04\/30\/dia-internacional-del-jazz\/"]}]},{"@type":"ImageObject","inLanguage":"es","@id":"https:\/\/rafaramirez.org\/blog\/index.php\/2024\/04\/30\/dia-internacional-del-jazz\/#primaryimage","url":"https:\/\/rafaramirez.org\/blog\/wp-content\/uploads\/2024\/04\/Dia_Internacional_del_Jazz_Blog_de_RafaelRamirez_banner_logblog.jpg","contentUrl":"https:\/\/rafaramirez.org\/blog\/wp-content\/uploads\/2024\/04\/Dia_Internacional_del_Jazz_Blog_de_RafaelRamirez_banner_logblog.jpg","width":850,"height":750,"caption":"D\u00eda Internacional del Jazz. Blog de Rafael Ram\u00edrez."},{"@type":"BreadcrumbList","@id":"https:\/\/rafaramirez.org\/blog\/index.php\/2024\/04\/30\/dia-internacional-del-jazz\/#breadcrumb","itemListElement":[{"@type":"ListItem","position":1,"name":"Portada","item":"https:\/\/rafaramirez.org\/blog\/"},{"@type":"ListItem","position":2,"name":"D\u00eda Internacional del Jazz: promoviendo la paz y la diversidad."}]},{"@type":"WebSite","@id":"https:\/\/rafaramirez.org\/blog\/#website","url":"https:\/\/rafaramirez.org\/blog\/","name":"Blog de Rafael Ram\u00edrez","description":"Un sitio social, de arte y cultura","publisher":{"@id":"https:\/\/rafaramirez.org\/blog\/#\/schema\/person\/50f43b6d60c578760d4c17bda54ab6a5"},"potentialAction":[{"@type":"SearchAction","target":{"@type":"EntryPoint","urlTemplate":"https:\/\/rafaramirez.org\/blog\/?s={search_term_string}"},"query-input":{"@type":"PropertyValueSpecification","valueRequired":true,"valueName":"search_term_string"}}],"inLanguage":"es"},{"@type":["Person","Organization"],"@id":"https:\/\/rafaramirez.org\/blog\/#\/schema\/person\/50f43b6d60c578760d4c17bda54ab6a5","name":"Rafael Ram\u00edrez","image":{"@type":"ImageObject","inLanguage":"es","@id":"https:\/\/rafaramirez.org\/blog\/wp-content\/uploads\/2024\/09\/RR_socialnetwork.jpg","url":"https:\/\/rafaramirez.org\/blog\/wp-content\/uploads\/2024\/09\/RR_socialnetwork.jpg","contentUrl":"https:\/\/rafaramirez.org\/blog\/wp-content\/uploads\/2024\/09\/RR_socialnetwork.jpg","width":600,"height":606,"caption":"Rafael Ram\u00edrez"},"logo":{"@id":"https:\/\/rafaramirez.org\/blog\/wp-content\/uploads\/2024\/09\/RR_socialnetwork.jpg"},"sameAs":["https:\/\/www.rafaramirez.org\/blog","https:\/\/www.instagram.com\/rafaramirez_ok\/","https:\/\/es.pinterest.com\/Ramirez_Rafa\/","https:\/\/x.com\/rafaramirez_ok"],"url":"https:\/\/rafaramirez.org\/blog\/index.php\/author\/rafaell_qm6j97da\/"}]}},"jetpack_publicize_connections":[],"jetpack_sharing_enabled":true,"jetpack_likes_enabled":true,"jetpack_featured_media_url":"https:\/\/rafaramirez.org\/blog\/wp-content\/uploads\/2024\/04\/Dia_Internacional_del_Jazz_Blog_de_RafaelRamirez_banner_logblog.jpg","_links":{"self":[{"href":"https:\/\/rafaramirez.org\/blog\/index.php\/wp-json\/wp\/v2\/posts\/4291","targetHints":{"allow":["GET"]}}],"collection":[{"href":"https:\/\/rafaramirez.org\/blog\/index.php\/wp-json\/wp\/v2\/posts"}],"about":[{"href":"https:\/\/rafaramirez.org\/blog\/index.php\/wp-json\/wp\/v2\/types\/post"}],"author":[{"embeddable":true,"href":"https:\/\/rafaramirez.org\/blog\/index.php\/wp-json\/wp\/v2\/users\/1"}],"replies":[{"embeddable":true,"href":"https:\/\/rafaramirez.org\/blog\/index.php\/wp-json\/wp\/v2\/comments?post=4291"}],"version-history":[{"count":5,"href":"https:\/\/rafaramirez.org\/blog\/index.php\/wp-json\/wp\/v2\/posts\/4291\/revisions"}],"predecessor-version":[{"id":4315,"href":"https:\/\/rafaramirez.org\/blog\/index.php\/wp-json\/wp\/v2\/posts\/4291\/revisions\/4315"}],"wp:featuredmedia":[{"embeddable":true,"href":"https:\/\/rafaramirez.org\/blog\/index.php\/wp-json\/wp\/v2\/media\/4295"}],"wp:attachment":[{"href":"https:\/\/rafaramirez.org\/blog\/index.php\/wp-json\/wp\/v2\/media?parent=4291"}],"wp:term":[{"taxonomy":"category","embeddable":true,"href":"https:\/\/rafaramirez.org\/blog\/index.php\/wp-json\/wp\/v2\/categories?post=4291"},{"taxonomy":"post_tag","embeddable":true,"href":"https:\/\/rafaramirez.org\/blog\/index.php\/wp-json\/wp\/v2\/tags?post=4291"}],"curies":[{"name":"wp","href":"https:\/\/api.w.org\/{rel}","templated":true}]}}