{"id":4264,"date":"2024-04-26T08:15:58","date_gmt":"2024-04-26T06:15:58","guid":{"rendered":"https:\/\/rafaramirez.org\/blog\/?p=4264"},"modified":"2024-04-24T12:01:05","modified_gmt":"2024-04-24T10:01:05","slug":"calle-alcazabilla-de-malaga-un-bonito-entorno-al-pie-de-la-alcazaba-fotos","status":"publish","type":"post","link":"https:\/\/rafaramirez.org\/blog\/index.php\/2024\/04\/26\/calle-alcazabilla-de-malaga-un-bonito-entorno-al-pie-de-la-alcazaba-fotos\/","title":{"rendered":"Calle Alcazabilla (M\u00e1laga): fotos para el recuerdo de un bonito entorno al pie de la Alcazaba."},"content":{"rendered":"<p>Estas son fotograf\u00edas, realizadas en el a\u00f1o 2009, del entorno de la calle Alcazabilla en M\u00e1laga. Muchas cosas han cambiado desde entonces en esta calle malague\u00f1a, los jardines que vemos en las fotos al pie de la Alcazaba ya no est\u00e1n, el edificio del <strong>Palacio de la Aduana<\/strong> se encontraba en obras para albergar lo que hoy es el <strong>Museo de M\u00e1laga<\/strong> con pinturas y esculturas del antiguo Museo Provincial de Bellas Artes y restos arqueol\u00f3gicos del tambi\u00e9n antiguo Museo Arqueol\u00f3gico Provincial. Debajo de las fotos os dejo mayor informaci\u00f3n sobre este museo.<\/p>\n<style id=\"bwg-style-0\">      #bwg_container1_0 #bwg_container2_0 #bwg_mosaic_thumbnails_div_0 {        width: 100%;        position: relative;        background-color: rgba(255, 255, 255, 0.00);        text-align: center;        justify-content: center;                  margin-left: auto;          margin-right: auto;                    padding-left: 2px;          padding-top: 2px;                }          #bwg_container1_0 #bwg_container2_0 .bwg_mosaic_thumb_spun_0 {        display: block;        position: absolute;\t\t\t\tborder-radius: 0;\t\t\t\tborder: 0px none #CCCCCC;    \t\t    \t\tbackground-color:rgba(0,0,0, 0.30);        -moz-box-sizing: content-box !important;        -webkit-box-sizing: content-box !important;        box-sizing: content-box !important;      }\t\t\t#bwg_container1_0 #bwg_container2_0 .bwg_mosaic_thumb_0 {\t\t\t\tdisplay: block;\t\t\t\t-moz-box-sizing: content-box !important;\t\t\t\t-webkit-box-sizing: content-box !important;\t\t\t\tbox-sizing: content-box !important;\t\t\t\tmargin: 0;\t\t\t\topacity: 1.00;\t\t\t}      #bwg_container1_0 #bwg_container2_0 .bwg_mosaic_thumb_spun_0:hover {        opacity: 1;        backface-visibility: hidden;        -webkit-backface-visibility: hidden;        -moz-backface-visibility: hidden;        -ms-backface-visibility: hidden;        z-index: 102;      }\t     @media only screen and (min-width: 480px) {\t\t#bwg_container1_0 #bwg_container2_0 .bwg-container-0.bwg-mosaic-thumbnails .bwg-item0 img {\t\t\t-webkit-transition: -webkit-transform .3s; transition: transform .3s;\t\t}\t\t#bwg_container1_0 #bwg_container2_0 .bwg-container-0.bwg-mosaic-thumbnails .bwg-item0 img:hover {\t\t\t-ms-transform: scale(1.08);\t\t\t-webkit-transform: scale(1.08);\t\t\ttransform: scale(1.08);\t\t}\t\t      }\t      #bwg_container1_0 #bwg_container2_0 .bwg_mosaic_thumbnails_0 {        background-color: rgba(255, 255, 255, 0.00);        font-size: 0;        position: relative;        text-align: center;        display: inline-block;        visibility: hidden;              }\t  \/*image title styles*\/      #bwg_container1_0 #bwg_container2_0 .bwg_mosaic_title_spun1_0,      #bwg_container1_0 #bwg_container2_0 .bwg-mosaic-thumbnails .bwg_ecommerce_spun1_0 {        position: absolute;        display: block;        opacity: 0;        box-sizing: border-box;        text-align: center;\t\t\t\ttop: 50%;\t\t\t\tleft: 50%;\t\t\t\ttransform: translate(-50%, -50%);      }      #bwg_container1_0 #bwg_container2_0 .bwg-mosaic-thumbnails .bwg_mosaic_title_spun2_0,      #bwg_container1_0 #bwg_container2_0 .bwg-mosaic-thumbnails .bwg_ecommerce_spun2_0 {\t\t    color: #323A45;        font-family: Ubuntu;        font-size: 16px;        font-weight: bold;        text-shadow: ;        vertical-align: middle;        word-wrap: break-word;      }            .bwg_mosaic_play_icon_spun_0 {        display: table;        position: absolute;        left: -10000px;        top: 0px;        opacity: 0;      }      .bwg_mosaic_play_icon_0 {        color: #323A45;        font-size: 32px;        vertical-align: middle;        display: table-cell !important;        z-index: 1;        text-align: center;        margin: 0 auto;      }      #bwg_container1_0 #bwg_container2_0 .bwg_gal_title_0 {        background-color: rgba(0, 0, 0, 0);        color: #323A45;        display: block;        font-family: Ubuntu;        font-size: 16px;        font-weight: bold;        padding: 2px;        text-shadow: ;        text-align: center;      }            @media screen and (max-width: 350px) {      div[class^=\"bwg_mosaic_thumbnails_\"],      span[class^=\"bwg_mosaic_thumb_spun_\"] {      width: 100% !important;      }      img[class^=\"bwg_mosaic_thumb_\"] {      width: 100% !important;      height: auto !important;      margin: 0px auto !important;      }      }      <\/style>    <div id=\"bwg_container1_0\"         class=\"bwg_container bwg_thumbnail bwg_thumbnails_mosaic \"         data-right-click-protection=\"1\"         data-bwg=\"0\"         data-scroll=\"0\"         data-gallery-type=\"thumbnails_mosaic\"         data-gallery-view-type=\"thumbnails_mosaic\"         data-current-url=\"\/blog\/index.php\/wp-json\/wp\/v2\/posts\/4264\"         data-lightbox-url=\"https:\/\/rafaramirez.org\/blog\/wp-admin\/admin-ajax.php?action=GalleryBox&#038;current_view=0&#038;gallery_id=20&#038;tag=0&#038;theme_id=1&#038;shortcode_id=43&#038;sort_by=order&#038;order_by=asc&#038;current_url=%2Fblog%2Findex.php%2Fwp-json%2Fwp%2Fv2%2Fposts%2F4264\"         data-gallery-id=\"20\"         data-popup-width=\"800\"         data-popup-height=\"500\"         data-is-album=\"gallery\"         data-buttons-position=\"bottom\">      <div id=\"bwg_container2_0\">             <div id=\"ajax_loading_0\" class=\"bwg_loading_div_1\">      <div class=\"bwg_loading_div_2\">        <div class=\"bwg_loading_div_3\">          <div id=\"loading_div_0\" class=\"bwg_spider_ajax_loading\">          <\/div>        <\/div>      <\/div>    <\/div>            <form id=\"gal_front_form_0\"              class=\"bwg-hidden\"              method=\"post\"              action=\"#\"              data-current=\"0\"              data-shortcode-id=\"43\"              data-gallery-type=\"thumbnails_mosaic\"              data-gallery-id=\"20\"              data-tag=\"0\"              data-album-id=\"0\"              data-theme-id=\"1\"              data-ajax-url=\"https:\/\/rafaramirez.org\/blog\/wp-admin\/admin-ajax.php?action=bwg_frontend_data\">          <div id=\"bwg_container3_0\" class=\"bwg-background bwg-background-0\">                <div id=\"bwg_mosaic_thumbnails_div_0\"         class=\"bwg-container-0 bwg-container bwg-mosaic-thumbnails\"         data-bwg=\"0\"         data-mosaic-direction=\"vertical\"         data-resizable=\"0\"         data-width=\"250\"         data-height=\"250\"         data-total-width=\"100\"         data-block-id=\"bwg_thumbnails_mosaic_0\"         data-thumb-padding=\"2\"         data-thumb-border=\"0\"         data-title-margin=\"2px\"         data-image-title=\"none\"         data-play-icon=\"1\"         data-ecommerce-icon=\"none\"         data-gallery-id=\"20\"         data-lightbox-url=\"https:\/\/rafaramirez.org\/blog\/wp-admin\/admin-ajax.php?action=GalleryBox&#038;current_view=0&#038;gallery_id=20&#038;tag=0&#038;theme_id=1&#038;shortcode_id=43&#038;sort_by=order&#038;order_by=asc&#038;current_url=%2Fblog%2Findex.php%2Fwp-json%2Fwp%2Fv2%2Fposts%2F4264\"         data-mosaic-thumb-transition=\"1\"         style=\"visibility: hidden\" >      <div id=\"bwg_thumbnails_mosaic_0\" class=\"bwg_mosaic_thumbnails_0\">                  <a  class=\"bwg-a bwg_lightbox bwg_lightbox_0\" href=\"https:\/\/rafaramirez.org\/blog\/wp-content\/uploads\/photo-gallery\/imported_from_media_libray\/Calle_Alcazabilla_Malaga1_por_Rafael_Ramirez_logblog.jpg?bwg=1721641999\" data-image-id=\"179\" data-elementor-open-lightbox=\"no\">          <div class=\"bwg_mosaic_thumb_spun_0 bwg-item0 bwg-mosaic-thumb-span \">            <img decoding=\"async\" class=\"bwg_mosaic_thumb_0 skip-lazy bwg_img_clear bwg_img_custom \"                 id=\"179\"                 src=\"https:\/\/rafaramirez.org\/blog\/wp-content\/uploads\/photo-gallery\/imported_from_media_libray\/thumb\/Calle_Alcazabilla_Malaga1_por_Rafael_Ramirez_logblog.jpg?bwg=1721641999\"                 data-src=\"https:\/\/rafaramirez.org\/blog\/wp-content\/uploads\/photo-gallery\/imported_from_media_libray\/thumb\/Calle_Alcazabilla_Malaga1_por_Rafael_Ramirez_logblog.jpg?bwg=1721641999\"                 data-width=\"375.00\"                 data-height=\"500.00\"                 alt=\"Calle Alcazabilla (M\u00e1laga) 2009. Fotograf\u00eda de Rafael Ram\u00edrez.\"                 title=\"Calle Alcazabilla (M\u00e1laga) 2009. Fotograf\u00eda de Rafael Ram\u00edrez.\" \/>                      <\/div>        <\/a>                <a  class=\"bwg-a bwg_lightbox bwg_lightbox_0\" href=\"https:\/\/rafaramirez.org\/blog\/wp-content\/uploads\/photo-gallery\/imported_from_media_libray\/Calle_Alcazabilla_Malaga2_por_Rafael_Ramirez_logblog.jpg?bwg=1721641999\" data-image-id=\"180\" data-elementor-open-lightbox=\"no\">          <div class=\"bwg_mosaic_thumb_spun_0 bwg-item0 bwg-mosaic-thumb-span \">            <img decoding=\"async\" class=\"bwg_mosaic_thumb_0 skip-lazy bwg_img_clear bwg_img_custom \"                 id=\"180\"                 src=\"https:\/\/rafaramirez.org\/blog\/wp-content\/uploads\/photo-gallery\/imported_from_media_libray\/thumb\/Calle_Alcazabilla_Malaga2_por_Rafael_Ramirez_logblog.jpg?bwg=1721641999\"                 data-src=\"https:\/\/rafaramirez.org\/blog\/wp-content\/uploads\/photo-gallery\/imported_from_media_libray\/thumb\/Calle_Alcazabilla_Malaga2_por_Rafael_Ramirez_logblog.jpg?bwg=1721641999\"                 data-width=\"375.00\"                 data-height=\"500.00\"                 alt=\"Calle Alcazabilla (M\u00e1laga) 2009. Fotograf\u00eda de Rafael Ram\u00edrez.\"                 title=\"Calle Alcazabilla (M\u00e1laga) 2009. Fotograf\u00eda de Rafael Ram\u00edrez.\" \/>                      <\/div>        <\/a>                <a  class=\"bwg-a bwg_lightbox bwg_lightbox_0\" href=\"https:\/\/rafaramirez.org\/blog\/wp-content\/uploads\/photo-gallery\/imported_from_media_libray\/Calle_Alcazabilla_Malaga3_por_Rafael_Ramirez_logblog.jpg?bwg=1721641999\" data-image-id=\"181\" data-elementor-open-lightbox=\"no\">          <div class=\"bwg_mosaic_thumb_spun_0 bwg-item0 bwg-mosaic-thumb-span \">            <img decoding=\"async\" class=\"bwg_mosaic_thumb_0 skip-lazy bwg_img_clear bwg_img_custom \"                 id=\"181\"                 src=\"https:\/\/rafaramirez.org\/blog\/wp-content\/uploads\/photo-gallery\/imported_from_media_libray\/thumb\/Calle_Alcazabilla_Malaga3_por_Rafael_Ramirez_logblog.jpg?bwg=1721641999\"                 data-src=\"https:\/\/rafaramirez.org\/blog\/wp-content\/uploads\/photo-gallery\/imported_from_media_libray\/thumb\/Calle_Alcazabilla_Malaga3_por_Rafael_Ramirez_logblog.jpg?bwg=1721641999\"                 data-width=\"500.00\"                 data-height=\"375.00\"                 alt=\"Calle Alcazabilla (M\u00e1laga) 2009. Fotograf\u00eda de Rafael Ram\u00edrez.\"                 title=\"Calle Alcazabilla (M\u00e1laga) 2009. Fotograf\u00eda de Rafael Ram\u00edrez.\" \/>                      <\/div>        <\/a>                <a  class=\"bwg-a bwg_lightbox bwg_lightbox_0\" href=\"https:\/\/rafaramirez.org\/blog\/wp-content\/uploads\/photo-gallery\/imported_from_media_libray\/Calle_Alcazabilla_Malaga4_por_Rafael_Ramirez_logblog.jpg?bwg=1721641999\" data-image-id=\"182\" data-elementor-open-lightbox=\"no\">          <div class=\"bwg_mosaic_thumb_spun_0 bwg-item0 bwg-mosaic-thumb-span \">            <img decoding=\"async\" class=\"bwg_mosaic_thumb_0 skip-lazy bwg_img_clear bwg_img_custom \"                 id=\"182\"                 src=\"https:\/\/rafaramirez.org\/blog\/wp-content\/uploads\/photo-gallery\/imported_from_media_libray\/thumb\/Calle_Alcazabilla_Malaga4_por_Rafael_Ramirez_logblog.jpg?bwg=1721641999\"                 data-src=\"https:\/\/rafaramirez.org\/blog\/wp-content\/uploads\/photo-gallery\/imported_from_media_libray\/thumb\/Calle_Alcazabilla_Malaga4_por_Rafael_Ramirez_logblog.jpg?bwg=1721641999\"                 data-width=\"375.00\"                 data-height=\"500.00\"                 alt=\"Calle Alcazabilla (M\u00e1laga) 2009. Fotograf\u00eda de Rafael Ram\u00edrez.\"                 title=\"Calle Alcazabilla (M\u00e1laga) 2009. Fotograf\u00eda de Rafael Ram\u00edrez.\" \/>                      <\/div>        <\/a>                <a  class=\"bwg-a bwg_lightbox bwg_lightbox_0\" href=\"https:\/\/rafaramirez.org\/blog\/wp-content\/uploads\/photo-gallery\/imported_from_media_libray\/Calle_Alcazabilla_Malaga5_por_Rafael_Ramirez_logblog.jpg?bwg=1721641999\" data-image-id=\"183\" data-elementor-open-lightbox=\"no\">          <div class=\"bwg_mosaic_thumb_spun_0 bwg-item0 bwg-mosaic-thumb-span \">            <img decoding=\"async\" class=\"bwg_mosaic_thumb_0 skip-lazy bwg_img_clear bwg_img_custom \"                 id=\"183\"                 src=\"https:\/\/rafaramirez.org\/blog\/wp-content\/uploads\/photo-gallery\/imported_from_media_libray\/thumb\/Calle_Alcazabilla_Malaga5_por_Rafael_Ramirez_logblog.jpg?bwg=1721641999\"                 data-src=\"https:\/\/rafaramirez.org\/blog\/wp-content\/uploads\/photo-gallery\/imported_from_media_libray\/thumb\/Calle_Alcazabilla_Malaga5_por_Rafael_Ramirez_logblog.jpg?bwg=1721641999\"                 data-width=\"375.00\"                 data-height=\"500.00\"                 alt=\"Calle Alcazabilla (M\u00e1laga) 2009. Fotograf\u00eda de Rafael Ram\u00edrez.\"                 title=\"Calle Alcazabilla (M\u00e1laga) 2009. Fotograf\u00eda de Rafael Ram\u00edrez.\" \/>                      <\/div>        <\/a>                <a  class=\"bwg-a bwg_lightbox bwg_lightbox_0\" href=\"https:\/\/rafaramirez.org\/blog\/wp-content\/uploads\/photo-gallery\/imported_from_media_libray\/Calle_Alcazabilla_Malaga121_por_Rafael_Ramirez_logblog.jpg?bwg=1721641999\" data-image-id=\"184\" data-elementor-open-lightbox=\"no\">          <div class=\"bwg_mosaic_thumb_spun_0 bwg-item0 bwg-mosaic-thumb-span \">            <img decoding=\"async\" class=\"bwg_mosaic_thumb_0 skip-lazy bwg_img_clear bwg_img_custom \"                 id=\"184\"                 src=\"https:\/\/rafaramirez.org\/blog\/wp-content\/uploads\/photo-gallery\/imported_from_media_libray\/thumb\/Calle_Alcazabilla_Malaga121_por_Rafael_Ramirez_logblog.jpg?bwg=1721641999\"                 data-src=\"https:\/\/rafaramirez.org\/blog\/wp-content\/uploads\/photo-gallery\/imported_from_media_libray\/thumb\/Calle_Alcazabilla_Malaga121_por_Rafael_Ramirez_logblog.jpg?bwg=1721641999\"                 data-width=\"500.00\"                 data-height=\"375.00\"                 alt=\"Calle Alcazabilla (M\u00e1laga) 2009. Fotograf\u00eda de Rafael Ram\u00edrez.\"                 title=\"Calle Alcazabilla (M\u00e1laga) 2009. Fotograf\u00eda de Rafael Ram\u00edrez.\" \/>                      <\/div>        <\/a>                <a  class=\"bwg-a bwg_lightbox bwg_lightbox_0\" href=\"https:\/\/rafaramirez.org\/blog\/wp-content\/uploads\/photo-gallery\/imported_from_media_libray\/Calle_Alcazabilla_Malaga12_por_Rafael_Ramirez_logblog.jpg?bwg=1721641999\" data-image-id=\"185\" data-elementor-open-lightbox=\"no\">          <div class=\"bwg_mosaic_thumb_spun_0 bwg-item0 bwg-mosaic-thumb-span \">            <img decoding=\"async\" class=\"bwg_mosaic_thumb_0 skip-lazy bwg_img_clear bwg_img_custom \"                 id=\"185\"                 src=\"https:\/\/rafaramirez.org\/blog\/wp-content\/uploads\/photo-gallery\/imported_from_media_libray\/thumb\/Calle_Alcazabilla_Malaga12_por_Rafael_Ramirez_logblog.jpg?bwg=1721641999\"                 data-src=\"https:\/\/rafaramirez.org\/blog\/wp-content\/uploads\/photo-gallery\/imported_from_media_libray\/thumb\/Calle_Alcazabilla_Malaga12_por_Rafael_Ramirez_logblog.jpg?bwg=1721641999\"                 data-width=\"500.00\"                 data-height=\"375.00\"                 alt=\"Calle Alcazabilla (M\u00e1laga) 2009. Fotograf\u00eda de Rafael Ram\u00edrez.\"                 title=\"Calle Alcazabilla (M\u00e1laga) 2009. Fotograf\u00eda de Rafael Ram\u00edrez.\" \/>                      <\/div>        <\/a>                <a  class=\"bwg-a bwg_lightbox bwg_lightbox_0\" href=\"https:\/\/rafaramirez.org\/blog\/wp-content\/uploads\/photo-gallery\/imported_from_media_libray\/Calle_Alcazabilla_Malaga11_por_Rafael_Ramirez_logblog.jpg?bwg=1721641999\" data-image-id=\"186\" data-elementor-open-lightbox=\"no\">          <div class=\"bwg_mosaic_thumb_spun_0 bwg-item0 bwg-mosaic-thumb-span \">            <img decoding=\"async\" class=\"bwg_mosaic_thumb_0 skip-lazy bwg_img_clear bwg_img_custom \"                 id=\"186\"                 src=\"https:\/\/rafaramirez.org\/blog\/wp-content\/uploads\/photo-gallery\/imported_from_media_libray\/thumb\/Calle_Alcazabilla_Malaga11_por_Rafael_Ramirez_logblog.jpg?bwg=1721641999\"                 data-src=\"https:\/\/rafaramirez.org\/blog\/wp-content\/uploads\/photo-gallery\/imported_from_media_libray\/thumb\/Calle_Alcazabilla_Malaga11_por_Rafael_Ramirez_logblog.jpg?bwg=1721641999\"                 data-width=\"500.00\"                 data-height=\"375.00\"                 alt=\"Calle Alcazabilla (M\u00e1laga) 2009. Fotograf\u00eda de Rafael Ram\u00edrez.\"                 title=\"Calle Alcazabilla (M\u00e1laga) 2009. Fotograf\u00eda de Rafael Ram\u00edrez.\" \/>                      <\/div>        <\/a>                <a  class=\"bwg-a bwg_lightbox bwg_lightbox_0\" href=\"https:\/\/rafaramirez.org\/blog\/wp-content\/uploads\/photo-gallery\/imported_from_media_libray\/Calle_Alcazabilla_Malaga10_por_Rafael_Ramirez_logblog.jpg?bwg=1721641999\" data-image-id=\"187\" data-elementor-open-lightbox=\"no\">          <div class=\"bwg_mosaic_thumb_spun_0 bwg-item0 bwg-mosaic-thumb-span \">            <img decoding=\"async\" class=\"bwg_mosaic_thumb_0 skip-lazy bwg_img_clear bwg_img_custom \"                 id=\"187\"                 src=\"https:\/\/rafaramirez.org\/blog\/wp-content\/uploads\/photo-gallery\/imported_from_media_libray\/thumb\/Calle_Alcazabilla_Malaga10_por_Rafael_Ramirez_logblog.jpg?bwg=1721641999\"                 data-src=\"https:\/\/rafaramirez.org\/blog\/wp-content\/uploads\/photo-gallery\/imported_from_media_libray\/thumb\/Calle_Alcazabilla_Malaga10_por_Rafael_Ramirez_logblog.jpg?bwg=1721641999\"                 data-width=\"500.00\"                 data-height=\"375.00\"                 alt=\"Calle Alcazabilla (M\u00e1laga) 2009. Fotograf\u00eda de Rafael Ram\u00edrez.\"                 title=\"Calle Alcazabilla (M\u00e1laga) 2009. Fotograf\u00eda de Rafael Ram\u00edrez.\" \/>                      <\/div>        <\/a>                <a  class=\"bwg-a bwg_lightbox bwg_lightbox_0\" href=\"https:\/\/rafaramirez.org\/blog\/wp-content\/uploads\/photo-gallery\/imported_from_media_libray\/Calle_Alcazabilla_Malaga9_por_Rafael_Ramirez_logblog.jpg?bwg=1721641999\" data-image-id=\"188\" data-elementor-open-lightbox=\"no\">          <div class=\"bwg_mosaic_thumb_spun_0 bwg-item0 bwg-mosaic-thumb-span \">            <img decoding=\"async\" class=\"bwg_mosaic_thumb_0 skip-lazy bwg_img_clear bwg_img_custom \"                 id=\"188\"                 src=\"https:\/\/rafaramirez.org\/blog\/wp-content\/uploads\/photo-gallery\/imported_from_media_libray\/thumb\/Calle_Alcazabilla_Malaga9_por_Rafael_Ramirez_logblog.jpg?bwg=1721641999\"                 data-src=\"https:\/\/rafaramirez.org\/blog\/wp-content\/uploads\/photo-gallery\/imported_from_media_libray\/thumb\/Calle_Alcazabilla_Malaga9_por_Rafael_Ramirez_logblog.jpg?bwg=1721641999\"                 data-width=\"375.00\"                 data-height=\"500.00\"                 alt=\"Calle Alcazabilla (M\u00e1laga) 2009. Fotograf\u00eda de Rafael Ram\u00edrez.\"                 title=\"Calle Alcazabilla (M\u00e1laga) 2009. Fotograf\u00eda de Rafael Ram\u00edrez.\" \/>                      <\/div>        <\/a>                <a  class=\"bwg-a bwg_lightbox bwg_lightbox_0\" href=\"https:\/\/rafaramirez.org\/blog\/wp-content\/uploads\/photo-gallery\/imported_from_media_libray\/Calle_Alcazabilla_Malaga8_por_Rafael_Ramirez_logblog.jpg?bwg=1721641999\" data-image-id=\"189\" data-elementor-open-lightbox=\"no\">          <div class=\"bwg_mosaic_thumb_spun_0 bwg-item0 bwg-mosaic-thumb-span \">            <img decoding=\"async\" class=\"bwg_mosaic_thumb_0 skip-lazy bwg_img_clear bwg_img_custom \"                 id=\"189\"                 src=\"https:\/\/rafaramirez.org\/blog\/wp-content\/uploads\/photo-gallery\/imported_from_media_libray\/thumb\/Calle_Alcazabilla_Malaga8_por_Rafael_Ramirez_logblog.jpg?bwg=1721641999\"                 data-src=\"https:\/\/rafaramirez.org\/blog\/wp-content\/uploads\/photo-gallery\/imported_from_media_libray\/thumb\/Calle_Alcazabilla_Malaga8_por_Rafael_Ramirez_logblog.jpg?bwg=1721641999\"                 data-width=\"371.00\"                 data-height=\"500.00\"                 alt=\"Calle Alcazabilla (M\u00e1laga) 2009. Fotograf\u00eda de Rafael Ram\u00edrez.\"                 title=\"Calle Alcazabilla (M\u00e1laga) 2009. Fotograf\u00eda de Rafael Ram\u00edrez.\" \/>                      <\/div>        <\/a>                <a  class=\"bwg-a bwg_lightbox bwg_lightbox_0\" href=\"https:\/\/rafaramirez.org\/blog\/wp-content\/uploads\/photo-gallery\/imported_from_media_libray\/Calle_Alcazabilla_Malaga7_por_Rafael_Ramirez_logblog.jpg?bwg=1721641999\" data-image-id=\"190\" data-elementor-open-lightbox=\"no\">          <div class=\"bwg_mosaic_thumb_spun_0 bwg-item0 bwg-mosaic-thumb-span \">            <img decoding=\"async\" class=\"bwg_mosaic_thumb_0 skip-lazy bwg_img_clear bwg_img_custom \"                 id=\"190\"                 src=\"https:\/\/rafaramirez.org\/blog\/wp-content\/uploads\/photo-gallery\/imported_from_media_libray\/thumb\/Calle_Alcazabilla_Malaga7_por_Rafael_Ramirez_logblog.jpg?bwg=1721641999\"                 data-src=\"https:\/\/rafaramirez.org\/blog\/wp-content\/uploads\/photo-gallery\/imported_from_media_libray\/thumb\/Calle_Alcazabilla_Malaga7_por_Rafael_Ramirez_logblog.jpg?bwg=1721641999\"                 data-width=\"500.00\"                 data-height=\"375.00\"                 alt=\"Calle Alcazabilla (M\u00e1laga) 2009. Fotograf\u00eda de Rafael Ram\u00edrez.\"                 title=\"Calle Alcazabilla (M\u00e1laga) 2009. Fotograf\u00eda de Rafael Ram\u00edrez.\" \/>                      <\/div>        <\/a>                <a  class=\"bwg-a bwg_lightbox bwg_lightbox_0\" href=\"https:\/\/rafaramirez.org\/blog\/wp-content\/uploads\/photo-gallery\/imported_from_media_libray\/Calle_Alcazabilla_Malaga6_por_Rafael_Ramirez_logblog.jpg?bwg=1721641999\" data-image-id=\"191\" data-elementor-open-lightbox=\"no\">          <div class=\"bwg_mosaic_thumb_spun_0 bwg-item0 bwg-mosaic-thumb-span \">            <img decoding=\"async\" class=\"bwg_mosaic_thumb_0 skip-lazy bwg_img_clear bwg_img_custom \"                 id=\"191\"                 src=\"https:\/\/rafaramirez.org\/blog\/wp-content\/uploads\/photo-gallery\/imported_from_media_libray\/thumb\/Calle_Alcazabilla_Malaga6_por_Rafael_Ramirez_logblog.jpg?bwg=1721641999\"                 data-src=\"https:\/\/rafaramirez.org\/blog\/wp-content\/uploads\/photo-gallery\/imported_from_media_libray\/thumb\/Calle_Alcazabilla_Malaga6_por_Rafael_Ramirez_logblog.jpg?bwg=1721641999\"                 data-width=\"500.00\"                 data-height=\"375.00\"                 alt=\"Calle Alcazabilla (M\u00e1laga) 2009. Fotograf\u00eda de Rafael Ram\u00edrez.\"                 title=\"Calle Alcazabilla (M\u00e1laga) 2009. Fotograf\u00eda de Rafael Ram\u00edrez.\" \/>                      <\/div>        <\/a>            <\/div>    <\/div>    <style>      \/*pagination styles*\/      #bwg_container1_0 #bwg_container2_0 .tablenav-pages_0 {\t\t\t\ttext-align: center;\t\t\t\tfont-size: 12px;\t\t\t\tfont-family: Ubuntu;\t\t\t\tfont-weight: bold;\t\t\t\tcolor: #666666;\t\t\t\tmargin: 6px 0 4px;\t\t\t\tdisplay: block;      }      @media only screen and (max-width : 320px) {      #bwg_container1_0 #bwg_container2_0 .displaying-num_0 {     \t display: none;      }      }      #bwg_container1_0 #bwg_container2_0 .displaying-num_0 {\t\t\t\tfont-size: 12px;\t\t\t\tfont-family: Ubuntu;\t\t\t\tfont-weight: bold;\t\t\t\tcolor: #666666;\t\t\t\tmargin-right: 10px;\t\t\t\tvertical-align: middle;      }      #bwg_container1_0 #bwg_container2_0 .paging-input_0 {\t\t\t\tfont-size: 12px;\t\t\t\tfont-family: Ubuntu;\t\t\t\tfont-weight: bold;\t\t\t\tcolor: #666666;\t\t\t\tvertical-align: middle;      }      #bwg_container1_0 #bwg_container2_0 .tablenav-pages_0 a.disabled,      #bwg_container1_0 #bwg_container2_0 .tablenav-pages_0 a.disabled:hover,      #bwg_container1_0 #bwg_container2_0 .tablenav-pages_0 a.disabled:focus,\t\t\t#bwg_container1_0 #bwg_container2_0 .tablenav-pages_0 input.bwg_current_page {\t\t\t\tcursor: default;\t\t\t\tcolor: rgba(102, 102, 102, 0.5);      }      #bwg_container1_0 #bwg_container2_0 .tablenav-pages_0 a,      #bwg_container1_0 #bwg_container2_0 .tablenav-pages_0 input.bwg_current_page {\t\t\t\tcursor: pointer;\t\t\t\ttext-align: center;\t\t\t\tfont-size: 12px;\t\t\t\tfont-family: Ubuntu;\t\t\t\tfont-weight: bold;\t\t\t\tcolor: #666666;\t\t\t\ttext-decoration: none;\t\t\t\tpadding: 3px 6px;\t\t\t\tmargin: 0;\t\t\t\tborder-radius: 0;\t\t\t\tborder-style: solid;\t\t\t\tborder-width: 1px;\t\t\t\tborder-color: #E3E3E3;\t\t\t\t\t\t\t\tbackground-color: rgba(255, 255, 255, 1.00);\t\t\t\tbox-shadow: 0;\t\t\t\ttransition: all 0.3s ease 0s;-webkit-transition: all 0.3s ease 0s;      }      <\/style>      <span class=\"bwg_nav_cont_0\">              <div class=\"tablenav-pages_0\">                  <\/div>                <input type=\"hidden\" id=\"page_number_0\" name=\"page_number_0\" value=\"1\" \/>      <script type=\"text\/javascript\">        if( jQuery('.bwg_nav_cont_0').length > 1 ) {          jQuery('.bwg_nav_cont_0').first().remove()        }        function spider_page_0(cur, x, y, load_more) {          if (typeof load_more == \"undefined\") {            var load_more = false;          }          if (jQuery(cur).hasClass('disabled')) {            return false;          }          var items_county_0 = 1;          switch (y) {            case 1:              if (x >= items_county_0) {                document.getElementById('page_number_0').value = items_county_0;              }              else {                document.getElementById('page_number_0').value = x + 1;              }              break;            case 2:              document.getElementById('page_number_0').value = items_county_0;              break;            case -1:              if (x == 1) {                document.getElementById('page_number_0').value = 1;              }              else {                document.getElementById('page_number_0').value = x - 1;              }              break;            case -2:              document.getElementById('page_number_0').value = 1;              break;\t\t\t\t\t\tcase 0:              document.getElementById('page_number_0').value = x;              break;            default:              document.getElementById('page_number_0').value = 1;          }          bwg_ajax('gal_front_form_0', '0', 'bwg_thumbnails_mosaic_0', '0', '', 'gallery', 0, '', '', load_more, '', 1);        }                    jQuery('.first-page-0').on('click', function () {              spider_page_0(this, 1, -2, 'numeric');              return false;            });            jQuery('.prev-page-0').on('click', function () {              spider_page_0(this, 1, -1, 'numeric');              return false;            });            jQuery('.next-page-0').on('click', function () {              spider_page_0(this, 1, 1, 'numeric');              return false;            });            jQuery('.last-page-0').on('click', function () {              spider_page_0(this, 1, 2, 'numeric');              return false;            });        \t\t\t\t\/* Change page on input enter. *\/        function bwg_change_page_0( e, that ) {          if (  e.key == 'Enter' ) {            var to_page = parseInt(jQuery(that).val());            var pages_count = jQuery(that).parents(\".pagination-links\").data(\"pages-count\");            var current_url_param = jQuery(that).attr('data-url-info');            if (to_page > pages_count) {              to_page = 1;            }\t \t\t\t\t\t\t\t\t\t\t\t\tspider_page_0(this, to_page, 0, 'numeric');\t\t\t\t\t\t\treturn false;\t\t\t\t\t\t          }          return true;        }        jQuery('.bwg_load_btn_0').on('click', function () {            spider_page_0(this, 1, 1, true);            return false;        });      <\/script>      <\/span>                <\/div>        <\/form>        <style>          #bwg_container1_0 #bwg_container2_0 #spider_popup_overlay_0 {          background-color: #EEEEEE;          opacity: 0.60;          }          <\/style>        <div id=\"bwg_spider_popup_loading_0\" class=\"bwg_spider_popup_loading\"><\/div>        <div id=\"spider_popup_overlay_0\" class=\"spider_popup_overlay\" onclick=\"spider_destroypopup(1000)\"><\/div>        <input type=\"hidden\" id=\"bwg_random_seed_0\" value=\"1399167337\">                <\/div>    <\/div>    <script>      if (document.readyState === 'complete') {        if( typeof bwg_main_ready == 'function' ) {          if ( jQuery(\"#bwg_container1_0\").height() ) {            bwg_main_ready(jQuery(\"#bwg_container1_0\"));          }        }      } else {        document.addEventListener('DOMContentLoaded', function() {          if( typeof bwg_main_ready == 'function' ) {            if ( jQuery(\"#bwg_container1_0\").height() ) {             bwg_main_ready(jQuery(\"#bwg_container1_0\"));            }          }        });      }    <\/script>    \n<p>El Museo de M\u00e1laga, ubicado en el hist\u00f3rico Palacio de la Aduana, es un destacado centro cultural que alberga una rica colecci\u00f3n de arte y arqueolog\u00eda.\u00a0Inaugurado en\u00a0<strong>2016<\/strong>, este museo representa la fusi\u00f3n de las colecciones del Museo de Bellas Artes de M\u00e1laga y el Museo Arqueol\u00f3gico Provincial de M\u00e1laga.<\/p>\n<p>La colecci\u00f3n pict\u00f3rica del museo abarca aproximadamente\u00a0<strong>2.000 obras<\/strong>, principalmente lienzos de los siglos XIX y XX, mientras que la secci\u00f3n de arqueolog\u00eda cuenta con una impresionante variedad de piezas hist\u00f3ricas.\u00a0Adem\u00e1s, el museo ofrece actividades como\u00a0<strong>visitas guiadas<\/strong>\u00a0los s\u00e1bados y conferencias para enriquecer la experiencia de los visitantes.<\/p>\n<p>El Museo de M\u00e1laga est\u00e1 situado en la\u00a0<strong>Plaza de la Aduana<\/strong>\u00a0y su horario es de martes a s\u00e1bado de\u00a0<strong>09:00 a 21:00<\/strong>; domingos y festivos de\u00a0<strong>09:00 a 15:00<\/strong>, permaneciendo cerrado los lunes, excepto los lunes v\u00edspera de festivo.\u00a0La entrada es gratuita para ciudadanos de la UE acreditados, mientras que otras nacionalidades tienen un costo de\u00a0<strong>1,50 euros<\/strong>.<\/p>\n<p>Para aquellos interesados en la gastronom\u00eda, el museo cuenta con el restaurante \u201cLa Terraza de la Aduana\u201d, aunque actualmente est\u00e1 cerrado temporalmente.\u00a0El museo tambi\u00e9n ofrece servicios como biblioteca, sal\u00f3n de actos, aula did\u00e1ctica y tienda, aunque algunas \u00e1reas pueden estar cerradas temporalmente.<\/p>\n<p><strong>Es un lugar que no solo ofrece un viaje por la historia y el arte, sino que tambi\u00e9n se ha convertido en un punto de encuentro cultural en la ciudad de M\u00e1laga. Si vienes a M\u00e1laga no dejes de visitarlo \u00a1Hasta pronto!<\/strong><\/p>\n<p>M\u00e1s informaci\u00f3n:<\/p>\n<ul>\n<li><a href=\"https:\/\/exploramalaga.com\/es\/museo-de-malaga-palacio-de-la-aduana\/\" target=\"_blank\" rel=\"noopener\">Explora M\u00e1laga<\/a><\/li>\n<li><a href=\"https:\/\/www.museosdeandalucia.es\/web\/museodemalaga\" target=\"_blank\" rel=\"noopener\">Museos de M\u00e1laga<\/a><\/li>\n<\/ul>\n","protected":false},"excerpt":{"rendered":"<p>Estas son fotograf\u00edas, realizadas en el a\u00f1o 2009, del entorno de la calle Alcazabilla en M\u00e1laga. Muchas cosas han cambiado desde entonces en esta calle malague\u00f1a, los jardines que vemos en las fotos al pie de la Alcazaba ya no est\u00e1n, el edificio del Palacio de la Aduana se encontraba en obras para albergar lo [&hellip;]<\/p>\n","protected":false},"author":1,"featured_media":4285,"comment_status":"open","ping_status":"closed","sticky":false,"template":"","format":"standard","meta":{"site-container-style":"default","site-container-layout":"default","site-sidebar-layout":"default","disable-article-header":"default","disable-site-header":"default","disable-site-footer":"default","disable-content-area-spacing":"default","_jetpack_newsletter_access":"","_jetpack_dont_email_post_to_subs":false,"_jetpack_newsletter_tier_id":0,"_jetpack_memberships_contains_paywalled_content":false,"_jetpack_feature_clip_id":0,"_jetpack_memberships_contains_paid_content":false,"footnotes":"","jetpack_publicize_message":"","jetpack_publicize_feature_enabled":true,"jetpack_social_post_already_shared":false,"jetpack_social_options":{"image_generator_settings":{"template":"highway","default_image_id":0,"font":"","enabled":false},"version":2},"jetpack_post_was_ever_published":false},"categories":[3],"tags":[1841,1839,68,1831,1690,198,199,1832,776,1837,1187,1836,1833,1835,1834,1840,1838,1842],"class_list":["post-4264","post","type-post","status-publish","format-standard","has-post-thumbnail","hentry","category-fotografia","tag-aula-didactica","tag-biblioteca","tag-blog-de-rafael-ramirez","tag-calle-alcazabilla-malaga","tag-fotos-antiguas","tag-fotos-de-malaga","tag-fotos-de-rafael-ramirez","tag-fotos-para-el-recuerdo","tag-galeria-de-fotos","tag-inaugurado-en-2016","tag-la-alcazaba-de-malaga","tag-museo-arqueologico-provincial","tag-museo-de-malaga","tag-museo-provincial-de-bellas-artes","tag-palacio-de-la-aduana","tag-salon-de-actos","tag-siglos-xix-y-xx","tag-tienda"],"yoast_head":"<!-- This site is optimized with the Yoast SEO plugin v28.4 - https:\/\/yoast.com\/product\/yoast-seo-wordpress\/ -->\n<title>Calle Alcazabilla (M\u00e1laga): fotos para el recuerdo de un bonito entorno al pie de la Alcazaba. - Blog de Rafael Ram\u00edrez<\/title>\n<meta name=\"robots\" content=\"index, follow, max-snippet:-1, max-image-preview:large, max-video-preview:-1\" \/>\n<link rel=\"canonical\" href=\"https:\/\/rafaramirez.org\/blog\/index.php\/2024\/04\/26\/calle-alcazabilla-de-malaga-un-bonito-entorno-al-pie-de-la-alcazaba-fotos\/\" \/>\n<meta property=\"og:locale\" content=\"es_ES\" \/>\n<meta property=\"og:type\" content=\"article\" \/>\n<meta property=\"og:title\" content=\"Calle Alcazabilla (M\u00e1laga): fotos para el recuerdo de un bonito entorno al pie de la Alcazaba. - Blog de Rafael Ram\u00edrez\" \/>\n<meta property=\"og:description\" content=\"Estas son fotograf\u00edas, realizadas en el a\u00f1o 2009, del entorno de la calle Alcazabilla en M\u00e1laga. Muchas cosas han cambiado desde entonces en esta calle malague\u00f1a, los jardines que vemos en las fotos al pie de la Alcazaba ya no est\u00e1n, el edificio del Palacio de la Aduana se encontraba en obras para albergar lo [&hellip;]\" \/>\n<meta property=\"og:url\" content=\"https:\/\/rafaramirez.org\/blog\/index.php\/2024\/04\/26\/calle-alcazabilla-de-malaga-un-bonito-entorno-al-pie-de-la-alcazaba-fotos\/\" \/>\n<meta property=\"og:site_name\" content=\"Blog de Rafael Ram\u00edrez\" \/>\n<meta property=\"article:published_time\" content=\"2024-04-26T06:15:58+00:00\" \/>\n<meta property=\"og:image\" content=\"https:\/\/rafaramirez.org\/blog\/wp-content\/uploads\/2024\/04\/Calle_Alcazabilla_Malaga_por_Rafael_Ramirez_logblog_banner.jpg\" \/>\n\t<meta property=\"og:image:width\" content=\"850\" \/>\n\t<meta property=\"og:image:height\" content=\"570\" \/>\n\t<meta property=\"og:image:type\" content=\"image\/jpeg\" \/>\n<meta name=\"author\" content=\"Rafael Ram\u00edrez\" \/>\n<meta name=\"twitter:card\" content=\"summary_large_image\" \/>\n<meta name=\"twitter:creator\" content=\"@rafaramirez_ok\" \/>\n<meta name=\"twitter:site\" content=\"@rafaramirez_ok\" \/>\n<meta name=\"twitter:label1\" content=\"Escrito por\" \/>\n\t<meta name=\"twitter:data1\" content=\"Rafael Ram\u00edrez\" \/>\n\t<meta name=\"twitter:label2\" content=\"Tiempo de lectura\" \/>\n\t<meta name=\"twitter:data2\" content=\"2 minutos\" \/>\n<script type=\"application\/ld+json\" class=\"yoast-schema-graph\">{\"@context\":\"https:\\\/\\\/schema.org\",\"@graph\":[{\"@type\":\"Article\",\"@id\":\"https:\\\/\\\/rafaramirez.org\\\/blog\\\/index.php\\\/2024\\\/04\\\/26\\\/calle-alcazabilla-de-malaga-un-bonito-entorno-al-pie-de-la-alcazaba-fotos\\\/#article\",\"isPartOf\":{\"@id\":\"https:\\\/\\\/rafaramirez.org\\\/blog\\\/index.php\\\/2024\\\/04\\\/26\\\/calle-alcazabilla-de-malaga-un-bonito-entorno-al-pie-de-la-alcazaba-fotos\\\/\"},\"author\":{\"name\":\"Rafael Ram\u00edrez\",\"@id\":\"https:\\\/\\\/rafaramirez.org\\\/blog\\\/#\\\/schema\\\/person\\\/50f43b6d60c578760d4c17bda54ab6a5\"},\"headline\":\"Calle Alcazabilla (M\u00e1laga): fotos para el recuerdo de un bonito entorno al pie de la Alcazaba.\",\"datePublished\":\"2024-04-26T06:15:58+00:00\",\"mainEntityOfPage\":{\"@id\":\"https:\\\/\\\/rafaramirez.org\\\/blog\\\/index.php\\\/2024\\\/04\\\/26\\\/calle-alcazabilla-de-malaga-un-bonito-entorno-al-pie-de-la-alcazaba-fotos\\\/\"},\"wordCount\":405,\"commentCount\":0,\"publisher\":{\"@id\":\"https:\\\/\\\/rafaramirez.org\\\/blog\\\/#\\\/schema\\\/person\\\/50f43b6d60c578760d4c17bda54ab6a5\"},\"image\":{\"@id\":\"https:\\\/\\\/rafaramirez.org\\\/blog\\\/index.php\\\/2024\\\/04\\\/26\\\/calle-alcazabilla-de-malaga-un-bonito-entorno-al-pie-de-la-alcazaba-fotos\\\/#primaryimage\"},\"thumbnailUrl\":\"https:\\\/\\\/rafaramirez.org\\\/blog\\\/wp-content\\\/uploads\\\/2024\\\/04\\\/Calle_Alcazabilla_Malaga_por_Rafael_Ramirez_logblog_banner.jpg\",\"keywords\":[\"aula did\u00e1ctica\",\"biblioteca\",\"blog de Rafael Ram\u00edrez\",\"Calle Alcazabilla (M\u00e1laga)\",\"fotos antiguas\",\"fotos de m\u00e1laga\",\"fotos de rafael ram\u00edrez\",\"fotos para el recuerdo\",\"galer\u00eda de fotos\",\"Inaugurado en\u00a02016\",\"La Alcazaba de M\u00e1laga\",\"Museo Arqueol\u00f3gico Provincial\",\"Museo de M\u00e1laga\",\"Museo Provincial de Bellas Artes\",\"Palacio de la Aduana\",\"sal\u00f3n de actos\",\"siglos XIX y XX\",\"tienda\"],\"articleSection\":[\"Fotograf\u00eda &amp; Arte digital\"],\"inLanguage\":\"es\",\"potentialAction\":[{\"@type\":\"CommentAction\",\"name\":\"Comment\",\"target\":[\"https:\\\/\\\/rafaramirez.org\\\/blog\\\/index.php\\\/2024\\\/04\\\/26\\\/calle-alcazabilla-de-malaga-un-bonito-entorno-al-pie-de-la-alcazaba-fotos\\\/#respond\"]}]},{\"@type\":\"WebPage\",\"@id\":\"https:\\\/\\\/rafaramirez.org\\\/blog\\\/index.php\\\/2024\\\/04\\\/26\\\/calle-alcazabilla-de-malaga-un-bonito-entorno-al-pie-de-la-alcazaba-fotos\\\/\",\"url\":\"https:\\\/\\\/rafaramirez.org\\\/blog\\\/index.php\\\/2024\\\/04\\\/26\\\/calle-alcazabilla-de-malaga-un-bonito-entorno-al-pie-de-la-alcazaba-fotos\\\/\",\"name\":\"Calle Alcazabilla (M\u00e1laga): fotos para el recuerdo de un bonito entorno al pie de la Alcazaba. - Blog de Rafael Ram\u00edrez\",\"isPartOf\":{\"@id\":\"https:\\\/\\\/rafaramirez.org\\\/blog\\\/#website\"},\"primaryImageOfPage\":{\"@id\":\"https:\\\/\\\/rafaramirez.org\\\/blog\\\/index.php\\\/2024\\\/04\\\/26\\\/calle-alcazabilla-de-malaga-un-bonito-entorno-al-pie-de-la-alcazaba-fotos\\\/#primaryimage\"},\"image\":{\"@id\":\"https:\\\/\\\/rafaramirez.org\\\/blog\\\/index.php\\\/2024\\\/04\\\/26\\\/calle-alcazabilla-de-malaga-un-bonito-entorno-al-pie-de-la-alcazaba-fotos\\\/#primaryimage\"},\"thumbnailUrl\":\"https:\\\/\\\/rafaramirez.org\\\/blog\\\/wp-content\\\/uploads\\\/2024\\\/04\\\/Calle_Alcazabilla_Malaga_por_Rafael_Ramirez_logblog_banner.jpg\",\"datePublished\":\"2024-04-26T06:15:58+00:00\",\"breadcrumb\":{\"@id\":\"https:\\\/\\\/rafaramirez.org\\\/blog\\\/index.php\\\/2024\\\/04\\\/26\\\/calle-alcazabilla-de-malaga-un-bonito-entorno-al-pie-de-la-alcazaba-fotos\\\/#breadcrumb\"},\"inLanguage\":\"es\",\"potentialAction\":[{\"@type\":\"ReadAction\",\"target\":[\"https:\\\/\\\/rafaramirez.org\\\/blog\\\/index.php\\\/2024\\\/04\\\/26\\\/calle-alcazabilla-de-malaga-un-bonito-entorno-al-pie-de-la-alcazaba-fotos\\\/\"]}]},{\"@type\":\"ImageObject\",\"inLanguage\":\"es\",\"@id\":\"https:\\\/\\\/rafaramirez.org\\\/blog\\\/index.php\\\/2024\\\/04\\\/26\\\/calle-alcazabilla-de-malaga-un-bonito-entorno-al-pie-de-la-alcazaba-fotos\\\/#primaryimage\",\"url\":\"https:\\\/\\\/rafaramirez.org\\\/blog\\\/wp-content\\\/uploads\\\/2024\\\/04\\\/Calle_Alcazabilla_Malaga_por_Rafael_Ramirez_logblog_banner.jpg\",\"contentUrl\":\"https:\\\/\\\/rafaramirez.org\\\/blog\\\/wp-content\\\/uploads\\\/2024\\\/04\\\/Calle_Alcazabilla_Malaga_por_Rafael_Ramirez_logblog_banner.jpg\",\"width\":850,\"height\":570,\"caption\":\"Calle Alcazabilla (M\u00e1laga) 2009. Fotograf\u00eda de Rafael Ram\u00edrez.\"},{\"@type\":\"BreadcrumbList\",\"@id\":\"https:\\\/\\\/rafaramirez.org\\\/blog\\\/index.php\\\/2024\\\/04\\\/26\\\/calle-alcazabilla-de-malaga-un-bonito-entorno-al-pie-de-la-alcazaba-fotos\\\/#breadcrumb\",\"itemListElement\":[{\"@type\":\"ListItem\",\"position\":1,\"name\":\"Portada\",\"item\":\"https:\\\/\\\/rafaramirez.org\\\/blog\\\/\"},{\"@type\":\"ListItem\",\"position\":2,\"name\":\"Calle Alcazabilla (M\u00e1laga): fotos para el recuerdo de un bonito entorno al pie de la Alcazaba.\"}]},{\"@type\":\"WebSite\",\"@id\":\"https:\\\/\\\/rafaramirez.org\\\/blog\\\/#website\",\"url\":\"https:\\\/\\\/rafaramirez.org\\\/blog\\\/\",\"name\":\"Blog de Rafael Ram\u00edrez\",\"description\":\"Un sitio social, de arte y cultura\",\"publisher\":{\"@id\":\"https:\\\/\\\/rafaramirez.org\\\/blog\\\/#\\\/schema\\\/person\\\/50f43b6d60c578760d4c17bda54ab6a5\"},\"potentialAction\":[{\"@type\":\"SearchAction\",\"target\":{\"@type\":\"EntryPoint\",\"urlTemplate\":\"https:\\\/\\\/rafaramirez.org\\\/blog\\\/?s={search_term_string}\"},\"query-input\":{\"@type\":\"PropertyValueSpecification\",\"valueRequired\":true,\"valueName\":\"search_term_string\"}}],\"inLanguage\":\"es\"},{\"@type\":[\"Person\",\"Organization\"],\"@id\":\"https:\\\/\\\/rafaramirez.org\\\/blog\\\/#\\\/schema\\\/person\\\/50f43b6d60c578760d4c17bda54ab6a5\",\"name\":\"Rafael Ram\u00edrez\",\"image\":{\"@type\":\"ImageObject\",\"inLanguage\":\"es\",\"@id\":\"https:\\\/\\\/rafaramirez.org\\\/blog\\\/wp-content\\\/uploads\\\/2024\\\/09\\\/RR_socialnetwork.jpg\",\"url\":\"https:\\\/\\\/rafaramirez.org\\\/blog\\\/wp-content\\\/uploads\\\/2024\\\/09\\\/RR_socialnetwork.jpg\",\"contentUrl\":\"https:\\\/\\\/rafaramirez.org\\\/blog\\\/wp-content\\\/uploads\\\/2024\\\/09\\\/RR_socialnetwork.jpg\",\"width\":600,\"height\":606,\"caption\":\"Rafael Ram\u00edrez\"},\"logo\":{\"@id\":\"https:\\\/\\\/rafaramirez.org\\\/blog\\\/wp-content\\\/uploads\\\/2024\\\/09\\\/RR_socialnetwork.jpg\"},\"sameAs\":[\"https:\\\/\\\/www.rafaramirez.org\\\/blog\",\"https:\\\/\\\/www.instagram.com\\\/rafaramirez_ok\\\/\",\"https:\\\/\\\/es.pinterest.com\\\/Ramirez_Rafa\\\/\",\"https:\\\/\\\/x.com\\\/rafaramirez_ok\"],\"url\":\"https:\\\/\\\/rafaramirez.org\\\/blog\\\/index.php\\\/author\\\/rafaell_qm6j97da\\\/\"}]}<\/script>\n<!-- \/ Yoast SEO plugin. -->","yoast_head_json":{"title":"Calle Alcazabilla (M\u00e1laga): fotos para el recuerdo de un bonito entorno al pie de la Alcazaba. - Blog de Rafael Ram\u00edrez","robots":{"index":"index","follow":"follow","max-snippet":"max-snippet:-1","max-image-preview":"max-image-preview:large","max-video-preview":"max-video-preview:-1"},"canonical":"https:\/\/rafaramirez.org\/blog\/index.php\/2024\/04\/26\/calle-alcazabilla-de-malaga-un-bonito-entorno-al-pie-de-la-alcazaba-fotos\/","og_locale":"es_ES","og_type":"article","og_title":"Calle Alcazabilla (M\u00e1laga): fotos para el recuerdo de un bonito entorno al pie de la Alcazaba. - Blog de Rafael Ram\u00edrez","og_description":"Estas son fotograf\u00edas, realizadas en el a\u00f1o 2009, del entorno de la calle Alcazabilla en M\u00e1laga. Muchas cosas han cambiado desde entonces en esta calle malague\u00f1a, los jardines que vemos en las fotos al pie de la Alcazaba ya no est\u00e1n, el edificio del Palacio de la Aduana se encontraba en obras para albergar lo [&hellip;]","og_url":"https:\/\/rafaramirez.org\/blog\/index.php\/2024\/04\/26\/calle-alcazabilla-de-malaga-un-bonito-entorno-al-pie-de-la-alcazaba-fotos\/","og_site_name":"Blog de Rafael Ram\u00edrez","article_published_time":"2024-04-26T06:15:58+00:00","og_image":[{"width":850,"height":570,"url":"https:\/\/rafaramirez.org\/blog\/wp-content\/uploads\/2024\/04\/Calle_Alcazabilla_Malaga_por_Rafael_Ramirez_logblog_banner.jpg","type":"image\/jpeg"}],"author":"Rafael Ram\u00edrez","twitter_card":"summary_large_image","twitter_creator":"@rafaramirez_ok","twitter_site":"@rafaramirez_ok","twitter_misc":{"Escrito por":"Rafael Ram\u00edrez","Tiempo de lectura":"2 minutos"},"schema":{"@context":"https:\/\/schema.org","@graph":[{"@type":"Article","@id":"https:\/\/rafaramirez.org\/blog\/index.php\/2024\/04\/26\/calle-alcazabilla-de-malaga-un-bonito-entorno-al-pie-de-la-alcazaba-fotos\/#article","isPartOf":{"@id":"https:\/\/rafaramirez.org\/blog\/index.php\/2024\/04\/26\/calle-alcazabilla-de-malaga-un-bonito-entorno-al-pie-de-la-alcazaba-fotos\/"},"author":{"name":"Rafael Ram\u00edrez","@id":"https:\/\/rafaramirez.org\/blog\/#\/schema\/person\/50f43b6d60c578760d4c17bda54ab6a5"},"headline":"Calle Alcazabilla (M\u00e1laga): fotos para el recuerdo de un bonito entorno al pie de la Alcazaba.","datePublished":"2024-04-26T06:15:58+00:00","mainEntityOfPage":{"@id":"https:\/\/rafaramirez.org\/blog\/index.php\/2024\/04\/26\/calle-alcazabilla-de-malaga-un-bonito-entorno-al-pie-de-la-alcazaba-fotos\/"},"wordCount":405,"commentCount":0,"publisher":{"@id":"https:\/\/rafaramirez.org\/blog\/#\/schema\/person\/50f43b6d60c578760d4c17bda54ab6a5"},"image":{"@id":"https:\/\/rafaramirez.org\/blog\/index.php\/2024\/04\/26\/calle-alcazabilla-de-malaga-un-bonito-entorno-al-pie-de-la-alcazaba-fotos\/#primaryimage"},"thumbnailUrl":"https:\/\/rafaramirez.org\/blog\/wp-content\/uploads\/2024\/04\/Calle_Alcazabilla_Malaga_por_Rafael_Ramirez_logblog_banner.jpg","keywords":["aula did\u00e1ctica","biblioteca","blog de Rafael Ram\u00edrez","Calle Alcazabilla (M\u00e1laga)","fotos antiguas","fotos de m\u00e1laga","fotos de rafael ram\u00edrez","fotos para el recuerdo","galer\u00eda de fotos","Inaugurado en\u00a02016","La Alcazaba de M\u00e1laga","Museo Arqueol\u00f3gico Provincial","Museo de M\u00e1laga","Museo Provincial de Bellas Artes","Palacio de la Aduana","sal\u00f3n de actos","siglos XIX y XX","tienda"],"articleSection":["Fotograf\u00eda &amp; Arte digital"],"inLanguage":"es","potentialAction":[{"@type":"CommentAction","name":"Comment","target":["https:\/\/rafaramirez.org\/blog\/index.php\/2024\/04\/26\/calle-alcazabilla-de-malaga-un-bonito-entorno-al-pie-de-la-alcazaba-fotos\/#respond"]}]},{"@type":"WebPage","@id":"https:\/\/rafaramirez.org\/blog\/index.php\/2024\/04\/26\/calle-alcazabilla-de-malaga-un-bonito-entorno-al-pie-de-la-alcazaba-fotos\/","url":"https:\/\/rafaramirez.org\/blog\/index.php\/2024\/04\/26\/calle-alcazabilla-de-malaga-un-bonito-entorno-al-pie-de-la-alcazaba-fotos\/","name":"Calle Alcazabilla (M\u00e1laga): fotos para el recuerdo de un bonito entorno al pie de la Alcazaba. - Blog de Rafael Ram\u00edrez","isPartOf":{"@id":"https:\/\/rafaramirez.org\/blog\/#website"},"primaryImageOfPage":{"@id":"https:\/\/rafaramirez.org\/blog\/index.php\/2024\/04\/26\/calle-alcazabilla-de-malaga-un-bonito-entorno-al-pie-de-la-alcazaba-fotos\/#primaryimage"},"image":{"@id":"https:\/\/rafaramirez.org\/blog\/index.php\/2024\/04\/26\/calle-alcazabilla-de-malaga-un-bonito-entorno-al-pie-de-la-alcazaba-fotos\/#primaryimage"},"thumbnailUrl":"https:\/\/rafaramirez.org\/blog\/wp-content\/uploads\/2024\/04\/Calle_Alcazabilla_Malaga_por_Rafael_Ramirez_logblog_banner.jpg","datePublished":"2024-04-26T06:15:58+00:00","breadcrumb":{"@id":"https:\/\/rafaramirez.org\/blog\/index.php\/2024\/04\/26\/calle-alcazabilla-de-malaga-un-bonito-entorno-al-pie-de-la-alcazaba-fotos\/#breadcrumb"},"inLanguage":"es","potentialAction":[{"@type":"ReadAction","target":["https:\/\/rafaramirez.org\/blog\/index.php\/2024\/04\/26\/calle-alcazabilla-de-malaga-un-bonito-entorno-al-pie-de-la-alcazaba-fotos\/"]}]},{"@type":"ImageObject","inLanguage":"es","@id":"https:\/\/rafaramirez.org\/blog\/index.php\/2024\/04\/26\/calle-alcazabilla-de-malaga-un-bonito-entorno-al-pie-de-la-alcazaba-fotos\/#primaryimage","url":"https:\/\/rafaramirez.org\/blog\/wp-content\/uploads\/2024\/04\/Calle_Alcazabilla_Malaga_por_Rafael_Ramirez_logblog_banner.jpg","contentUrl":"https:\/\/rafaramirez.org\/blog\/wp-content\/uploads\/2024\/04\/Calle_Alcazabilla_Malaga_por_Rafael_Ramirez_logblog_banner.jpg","width":850,"height":570,"caption":"Calle Alcazabilla (M\u00e1laga) 2009. Fotograf\u00eda de Rafael Ram\u00edrez."},{"@type":"BreadcrumbList","@id":"https:\/\/rafaramirez.org\/blog\/index.php\/2024\/04\/26\/calle-alcazabilla-de-malaga-un-bonito-entorno-al-pie-de-la-alcazaba-fotos\/#breadcrumb","itemListElement":[{"@type":"ListItem","position":1,"name":"Portada","item":"https:\/\/rafaramirez.org\/blog\/"},{"@type":"ListItem","position":2,"name":"Calle Alcazabilla (M\u00e1laga): fotos para el recuerdo de un bonito entorno al pie de la Alcazaba."}]},{"@type":"WebSite","@id":"https:\/\/rafaramirez.org\/blog\/#website","url":"https:\/\/rafaramirez.org\/blog\/","name":"Blog de Rafael Ram\u00edrez","description":"Un sitio social, de arte y cultura","publisher":{"@id":"https:\/\/rafaramirez.org\/blog\/#\/schema\/person\/50f43b6d60c578760d4c17bda54ab6a5"},"potentialAction":[{"@type":"SearchAction","target":{"@type":"EntryPoint","urlTemplate":"https:\/\/rafaramirez.org\/blog\/?s={search_term_string}"},"query-input":{"@type":"PropertyValueSpecification","valueRequired":true,"valueName":"search_term_string"}}],"inLanguage":"es"},{"@type":["Person","Organization"],"@id":"https:\/\/rafaramirez.org\/blog\/#\/schema\/person\/50f43b6d60c578760d4c17bda54ab6a5","name":"Rafael Ram\u00edrez","image":{"@type":"ImageObject","inLanguage":"es","@id":"https:\/\/rafaramirez.org\/blog\/wp-content\/uploads\/2024\/09\/RR_socialnetwork.jpg","url":"https:\/\/rafaramirez.org\/blog\/wp-content\/uploads\/2024\/09\/RR_socialnetwork.jpg","contentUrl":"https:\/\/rafaramirez.org\/blog\/wp-content\/uploads\/2024\/09\/RR_socialnetwork.jpg","width":600,"height":606,"caption":"Rafael Ram\u00edrez"},"logo":{"@id":"https:\/\/rafaramirez.org\/blog\/wp-content\/uploads\/2024\/09\/RR_socialnetwork.jpg"},"sameAs":["https:\/\/www.rafaramirez.org\/blog","https:\/\/www.instagram.com\/rafaramirez_ok\/","https:\/\/es.pinterest.com\/Ramirez_Rafa\/","https:\/\/x.com\/rafaramirez_ok"],"url":"https:\/\/rafaramirez.org\/blog\/index.php\/author\/rafaell_qm6j97da\/"}]}},"jetpack_publicize_connections":[],"jetpack_sharing_enabled":true,"jetpack_likes_enabled":true,"jetpack_featured_media_url":"https:\/\/rafaramirez.org\/blog\/wp-content\/uploads\/2024\/04\/Calle_Alcazabilla_Malaga_por_Rafael_Ramirez_logblog_banner.jpg","_links":{"self":[{"href":"https:\/\/rafaramirez.org\/blog\/index.php\/wp-json\/wp\/v2\/posts\/4264","targetHints":{"allow":["GET"]}}],"collection":[{"href":"https:\/\/rafaramirez.org\/blog\/index.php\/wp-json\/wp\/v2\/posts"}],"about":[{"href":"https:\/\/rafaramirez.org\/blog\/index.php\/wp-json\/wp\/v2\/types\/post"}],"author":[{"embeddable":true,"href":"https:\/\/rafaramirez.org\/blog\/index.php\/wp-json\/wp\/v2\/users\/1"}],"replies":[{"embeddable":true,"href":"https:\/\/rafaramirez.org\/blog\/index.php\/wp-json\/wp\/v2\/comments?post=4264"}],"version-history":[{"count":5,"href":"https:\/\/rafaramirez.org\/blog\/index.php\/wp-json\/wp\/v2\/posts\/4264\/revisions"}],"predecessor-version":[{"id":4284,"href":"https:\/\/rafaramirez.org\/blog\/index.php\/wp-json\/wp\/v2\/posts\/4264\/revisions\/4284"}],"wp:featuredmedia":[{"embeddable":true,"href":"https:\/\/rafaramirez.org\/blog\/index.php\/wp-json\/wp\/v2\/media\/4285"}],"wp:attachment":[{"href":"https:\/\/rafaramirez.org\/blog\/index.php\/wp-json\/wp\/v2\/media?parent=4264"}],"wp:term":[{"taxonomy":"category","embeddable":true,"href":"https:\/\/rafaramirez.org\/blog\/index.php\/wp-json\/wp\/v2\/categories?post=4264"},{"taxonomy":"post_tag","embeddable":true,"href":"https:\/\/rafaramirez.org\/blog\/index.php\/wp-json\/wp\/v2\/tags?post=4264"}],"curies":[{"name":"wp","href":"https:\/\/api.w.org\/{rel}","templated":true}]}}