{"id":4245,"date":"2024-04-23T08:15:26","date_gmt":"2024-04-23T06:15:26","guid":{"rendered":"https:\/\/rafaramirez.org\/blog\/?p=4245"},"modified":"2024-04-23T11:02:46","modified_gmt":"2024-04-23T09:02:46","slug":"dia-internacional-del-libro","status":"publish","type":"post","link":"https:\/\/rafaramirez.org\/blog\/index.php\/2024\/04\/23\/dia-internacional-del-libro\/","title":{"rendered":"D\u00eda Internacional del Libro: una ocasi\u00f3n especial para honrar la literatura y fomentar la lectura."},"content":{"rendered":"<div class=\"ac-textBlock\">\n<p>El\u00a0<strong>D\u00eda Internacional del Libro<\/strong>\u00a0se celebra cada\u00a0<strong>23 de abril<\/strong>\u00a0a nivel mundial con el objetivo de fomentar la lectura, la industria editorial y la protecci\u00f3n de la propiedad intelectual mediante el derecho de autor. Esta conmemoraci\u00f3n fue establecida por la\u00a0<strong>UNESCO<\/strong>\u00a0en\u00a0<strong>1995, <\/strong>a propuesta del gobierno espa\u00f1ol qui\u00e9n pidi\u00f3 establecer en esta fecha como D\u00eda del Libro a nivel mundial. La elecci\u00f3n de esta fecha no es casual: coincide con el fallecimiento de tres grandes figuras de la literatura universal:<\/p>\n<\/div>\n<div class=\"ac-textBlock\">\n<ol>\n<li><strong>Miguel de Cervantes<\/strong>: Autor de la ic\u00f3nica obra \u201cDon Quijote de la Mancha\u201d, muri\u00f3 el\u00a0<strong>22 de abril<\/strong>\u00a0y fue enterrado el\u00a0<strong>23 de abril<\/strong>.<\/li>\n<\/ol>\n<\/div>\n<div id=\"entity-image-inline-item\">\n<div class=\"entity-image\">\n<div class=\"overlay-image\" style=\"text-align: center;\">\n<figure id=\"attachment_4250\" aria-describedby=\"caption-attachment-4250\" style=\"width: 229px\" class=\"wp-caption aligncenter\"><a href=\"https:\/\/rafaramirez.org\/blog\/wp-content\/uploads\/2024\/04\/Miguel_de_Cervantes.jpg\" target=\"_blank\" rel=\"noopener\"><img loading=\"lazy\" decoding=\"async\" class=\"wp-image-4250 size-medium\" src=\"https:\/\/rafaramirez.org\/blog\/wp-content\/uploads\/2024\/04\/Miguel_de_Cervantes-229x300.jpg\" alt=\"Miguel de Cervantes y Saavedra\" width=\"229\" height=\"300\" srcset=\"https:\/\/rafaramirez.org\/blog\/wp-content\/uploads\/2024\/04\/Miguel_de_Cervantes-229x300.jpg 229w, https:\/\/rafaramirez.org\/blog\/wp-content\/uploads\/2024\/04\/Miguel_de_Cervantes-781x1024.jpg 781w, https:\/\/rafaramirez.org\/blog\/wp-content\/uploads\/2024\/04\/Miguel_de_Cervantes-768x1008.jpg 768w, https:\/\/rafaramirez.org\/blog\/wp-content\/uploads\/2024\/04\/Miguel_de_Cervantes-1171x1536.jpg 1171w, https:\/\/rafaramirez.org\/blog\/wp-content\/uploads\/2024\/04\/Miguel_de_Cervantes.jpg 1443w\" sizes=\"auto, (max-width: 229px) 100vw, 229px\" \/><\/a><figcaption id=\"caption-attachment-4250\" class=\"wp-caption-text\">Miguel de Cervantes y Saavedra.<\/figcaption><\/figure>\n<\/div>\n<\/div>\n<\/div>\n<div class=\"ac-textBlock\">\n<ol start=\"2\">\n<li><strong>William Shakespeare<\/strong>: El famoso dramaturgo y poeta ingl\u00e9s tambi\u00e9n falleci\u00f3 en esta fecha.<\/li>\n<\/ol>\n<\/div>\n<div id=\"entity-image-inline-item\">\n<div class=\"entity-image\">\n<div class=\"overlay-image\" style=\"text-align: center;\">\n<figure id=\"attachment_4251\" aria-describedby=\"caption-attachment-4251\" style=\"width: 234px\" class=\"wp-caption aligncenter\"><a href=\"https:\/\/rafaramirez.org\/blog\/wp-content\/uploads\/2024\/04\/William_Shakespeare.jpg\" target=\"_blank\" rel=\"noopener\"><img loading=\"lazy\" decoding=\"async\" class=\"wp-image-4251 size-medium\" src=\"https:\/\/rafaramirez.org\/blog\/wp-content\/uploads\/2024\/04\/William_Shakespeare-234x300.jpg\" alt=\"William Shakespeare (23 Abril 1564 - 23 Abril 1616).\" width=\"234\" height=\"300\" srcset=\"https:\/\/rafaramirez.org\/blog\/wp-content\/uploads\/2024\/04\/William_Shakespeare-234x300.jpg 234w, https:\/\/rafaramirez.org\/blog\/wp-content\/uploads\/2024\/04\/William_Shakespeare-799x1024.jpg 799w, https:\/\/rafaramirez.org\/blog\/wp-content\/uploads\/2024\/04\/William_Shakespeare-768x984.jpg 768w, https:\/\/rafaramirez.org\/blog\/wp-content\/uploads\/2024\/04\/William_Shakespeare-1199x1536.jpg 1199w, https:\/\/rafaramirez.org\/blog\/wp-content\/uploads\/2024\/04\/William_Shakespeare-1599x2048.jpg 1599w, https:\/\/rafaramirez.org\/blog\/wp-content\/uploads\/2024\/04\/William_Shakespeare.jpg 1943w\" sizes=\"auto, (max-width: 234px) 100vw, 234px\" \/><\/a><figcaption id=\"caption-attachment-4251\" class=\"wp-caption-text\">William Shakespeare.<\/figcaption><\/figure>\n<\/div>\n<\/div>\n<\/div>\n<div class=\"ac-textBlock\">\n<ol start=\"3\">\n<li><strong>Inca Garcilaso de la Vega<\/strong>: Destacado escritor peruano del Renacimiento, fallecido tambi\u00e9n el mismo d\u00eda del mes de abril.<\/li>\n<\/ol>\n<figure id=\"attachment_4252\" aria-describedby=\"caption-attachment-4252\" style=\"width: 221px\" class=\"wp-caption aligncenter\"><a href=\"https:\/\/rafaramirez.org\/blog\/wp-content\/uploads\/2024\/04\/Inca_Garcilaso_dela_Vega.jpg\" target=\"_blank\" rel=\"noopener\"><img loading=\"lazy\" decoding=\"async\" class=\"wp-image-4252 size-medium\" src=\"https:\/\/rafaramirez.org\/blog\/wp-content\/uploads\/2024\/04\/Inca_Garcilaso_dela_Vega-221x300.jpg\" alt=\"Inca Garcilaso de la Vega.\" width=\"221\" height=\"300\" srcset=\"https:\/\/rafaramirez.org\/blog\/wp-content\/uploads\/2024\/04\/Inca_Garcilaso_dela_Vega-221x300.jpg 221w, https:\/\/rafaramirez.org\/blog\/wp-content\/uploads\/2024\/04\/Inca_Garcilaso_dela_Vega-753x1024.jpg 753w, https:\/\/rafaramirez.org\/blog\/wp-content\/uploads\/2024\/04\/Inca_Garcilaso_dela_Vega-768x1045.jpg 768w, https:\/\/rafaramirez.org\/blog\/wp-content\/uploads\/2024\/04\/Inca_Garcilaso_dela_Vega-1129x1536.jpg 1129w, https:\/\/rafaramirez.org\/blog\/wp-content\/uploads\/2024\/04\/Inca_Garcilaso_dela_Vega.jpg 1176w\" sizes=\"auto, (max-width: 221px) 100vw, 221px\" \/><\/a><figcaption id=\"caption-attachment-4252\" class=\"wp-caption-text\">Inca Garcilaso de la Vega.<\/figcaption><\/figure>\n<\/div>\n<div class=\"ac-textBlock\">\n<p>El origen espa\u00f1ol de esta iniciativa se remonta a\u00a0<strong>1923<\/strong>, cuando el escritor valenciano\u00a0<strong>Vicente Clavel<\/strong>\u00a0propuso dedicar un d\u00eda al a\u00f1o a celebrar la\u00a0<strong>Fiesta del Libro<\/strong>. Inicialmente, se eligi\u00f3 el\u00a0<strong>7 de octubre<\/strong>\u00a0como fecha de conmemoraci\u00f3n, creyendo que era el d\u00eda de nacimiento de\u00a0<strong>Cervantes<\/strong>. Sin embargo, surgieron dudas sobre la certeza de la fecha exacta de su nacimiento y la conveniencia de celebrar la festividad en oto\u00f1o.\u00a0Por ello, en\u00a0<strong>1930<\/strong>, se traslad\u00f3 la Fiesta del Libro al\u00a0<strong>23 de abril<\/strong>\u00a0de manera definitiva.<\/p>\n<\/div>\n<div class=\"ac-textBlock\">\n<p>Desde entonces, la publicaci\u00f3n de novedades y la organizaci\u00f3n de eventos de firmas de ejemplares con autores se han generalizado en esta fecha.<\/p>\n<p>En\u00a0<strong>Espa\u00f1a<\/strong>, el\u00a0<strong>D\u00eda Internacional del Libro<\/strong> se celebra con diversas actividades y tradiciones. Var\u00edan algunas de ellas dependiendo de la Comunidad Aut\u00f3noma. Aqu\u00ed te presento algunas de las m\u00e1s destacadas:<\/p>\n<ol>\n<li><strong>La Rosa y el Libro<\/strong>: Es tradici\u00f3n sobre todo en Catalu\u00f1a, es una de las m\u00e1s bonitas y es el intercambio de regalos entre amigos y seres queridos. Las parejas, amigos y familiares se obsequian <strong>rosas<\/strong>\u00a0y\u00a0<strong>libros<\/strong>. La rosa simboliza el amor y la pasi\u00f3n, mientras que el libro representa la cultura y el conocimiento.<\/li>\n<li><strong>Firmas de Autores<\/strong>: Muchas librer\u00edas y bibliotecas organizan\u00a0<strong>firmas de ejemplares<\/strong>\u00a0con autores reconocidos. Es una oportunidad para que los lectores se encuentren con sus escritores favoritos, escuchen sus historias y obtengan libros autografiados.<\/li>\n<li><strong>Descuentos en Libros<\/strong>: Durante esta fecha, las librer\u00edas ofrecen\u00a0<strong>descuentos especiales<\/strong>\u00a0en una amplia variedad de libros. Es el momento perfecto para adquirir esas obras que hemos estado deseando leer.<\/li>\n<li><strong>Actividades Culturales<\/strong>: Se llevan a cabo\u00a0<strong>actividades culturales<\/strong>\u00a0como lecturas p\u00fablicas, recitales de poes\u00eda, charlas literarias y exposiciones. Las plazas y centros culturales se llenan de personas que comparten su amor por la literatura.<\/li>\n<li><strong>Premio Cervantes<\/strong>: El\u00a0<strong>Premio Cervantes<\/strong>, el galard\u00f3n m\u00e1s prestigioso de la literatura en espa\u00f1ol, se entrega en esta fecha. Es un momento importante para honrar a un autor destacado por su contribuci\u00f3n a la literatura hispana.<\/li>\n<\/ol>\n<div class=\"ac-textBlock\">\n<p>En\u00a0<strong>otros pa\u00edses de habla hispana<\/strong>, el\u00a0<strong>D\u00eda Internacional del Libro<\/strong> se celebra con entusiasmo y diversas tradiciones. Grandes escritores y escritoras como\u00a0<strong>Sor Juana In\u00e9s de la Cruz<\/strong>,\u00a0<strong>Gabriel Garc\u00eda M\u00e1rquez<\/strong>,\u00a0<strong>Gabriela Mistral<\/strong>\u00a0y\u00a0<strong>Jorge Luis Borges<\/strong> han dejado una huella indeleble en la literatura hispanoamericana y en la cultura global. Para conmemorar este d\u00eda, varios pa\u00edses de la regi\u00f3n llevan a cabo diversas actividades:<\/p>\n<figure id=\"attachment_4257\" aria-describedby=\"caption-attachment-4257\" style=\"width: 300px\" class=\"wp-caption aligncenter\"><a href=\"https:\/\/rafaramirez.org\/blog\/wp-content\/uploads\/2024\/04\/Hispanoamerica.jpg\" target=\"_blank\" rel=\"noopener\"><img loading=\"lazy\" decoding=\"async\" class=\"wp-image-4257 size-medium\" src=\"https:\/\/rafaramirez.org\/blog\/wp-content\/uploads\/2024\/04\/Hispanoamerica-300x132.jpg\" alt=\"Hispanoam\u00e9rica\" width=\"300\" height=\"132\" srcset=\"https:\/\/rafaramirez.org\/blog\/wp-content\/uploads\/2024\/04\/Hispanoamerica-300x132.jpg 300w, https:\/\/rafaramirez.org\/blog\/wp-content\/uploads\/2024\/04\/Hispanoamerica-1024x451.jpg 1024w, https:\/\/rafaramirez.org\/blog\/wp-content\/uploads\/2024\/04\/Hispanoamerica-768x338.jpg 768w, https:\/\/rafaramirez.org\/blog\/wp-content\/uploads\/2024\/04\/Hispanoamerica.jpg 1427w\" sizes=\"auto, (max-width: 300px) 100vw, 300px\" \/><\/a><figcaption id=\"caption-attachment-4257\" class=\"wp-caption-text\">Hispanoam\u00e9rica.<\/figcaption><\/figure>\n<\/div>\n<div class=\"ac-textBlock\">\n<ol>\n<li><strong>Colombia<\/strong>: Los colombianos organizan una de las ferias de libros m\u00e1s importantes del mundo: la\u00a0<strong>Feria Internacional del Libro de Bogot\u00e1 (FILBO)<\/strong>. Cada a\u00f1o, el evento acoge a editores, distribuidores, libreros y ofrece una gran oferta comercial y cultural.\u00a0Mediante la FILBO, tambi\u00e9n se fomenta la lectura y se crea un punto de encuentro para empresas del sector editorial, tanto nacional como internacional.<\/li>\n<li><strong>Ecuador<\/strong>: Los ecuatorianos celebran el\u00a0<strong>D\u00eda Internacional del Libro<\/strong> gracias a la colaboraci\u00f3n de diversas bibliotecas del pa\u00eds. Durante esta fecha, se realizan actividades culturales, lecturas p\u00fablicas y se promueve el acceso a los libros.<\/li>\n<\/ol>\n<\/div>\n<div class=\"ac-textBlock\">\n<ol start=\"3\">\n<li><strong>M\u00e9xico<\/strong>: La\u00a0<strong>Universidad Nacional Aut\u00f3noma de M\u00e9xico (UNAM)<\/strong>\u00a0celebra la\u00a0<strong>Fiesta del Libro y la Rosa<\/strong>\u00a0durante tres d\u00edas, enfoc\u00e1ndose en la libertad de expresi\u00f3n y la literatura como arte de resistencia. La UNAM es una de las instituciones acad\u00e9micas m\u00e1s importantes de M\u00e9xico y la regi\u00f3n, y su festival es un evento destacado en el calendario literario latinoamericano.\u00a0La fiesta cuenta con la participaci\u00f3n de reconocidos autores y personalidades literarias de todo el mundo.<\/li>\n<li><strong>Argentina<\/strong>: Aunque el\u00a0<strong>D\u00eda del Libro<\/strong>\u00a0en Argentina se celebra el\u00a0<strong>15 de junio<\/strong>, la fecha coincide con la\u00a0<strong>Feria Internacional del Libro de Buenos Aires<\/strong>, una de las citas literarias m\u00e1s importantes de Latinoam\u00e9rica.\u00a0Esta feria re\u00fane a escritores, editores y amantes de la literatura para compartir conocimientos y pasi\u00f3n por los libros.<\/li>\n<li><strong>Per\u00fa<\/strong>: Editoriales, librer\u00edas, instituciones culturales y bibliotecas organizan ferias, encuentros y eventos para celebrar el D\u00eda del Libro. Estas actividades buscan fomentar la lectura y crear conciencia sobre la importancia de los libros en nuestras vidas. A pesar de los desaf\u00edos, como la falta de tiempo y otras distracciones, la lectura sigue siendo una herramienta poderosa para el aprendizaje y la imaginaci\u00f3n.<\/li>\n<li><strong>Panam\u00e1<\/strong>: El\u00a0<strong>Centro Cultural de Espa\u00f1a &#8211; Casal del Soldado<\/strong>\u00a0celebra el\u00a0<strong>D\u00eda del Libro<\/strong>\u00a0y el\u00a0<strong>D\u00eda del Idioma Espa\u00f1ol<\/strong>\u00a0con la lectura continuada de\u00a0<strong>Don Quijote<\/strong>.<\/li>\n<\/ol>\n<p><strong>As\u00ed, esta primaveral fecha se ha convertido en un d\u00eda especial para celebrar la literatura y promover la lectura en todo el mundo. \u00a1Feliz D\u00eda Internacional del Libro! \ud83d\udcda\ud83c\udf0d\ud83c\udf1f<\/strong><\/p>\n<\/div>\n<p>M\u00e1s informaci\u00f3n:<\/p>\n<ul>\n<li><a href=\"https:\/\/es.wikipedia.org\/wiki\/D%C3%ADa_Internacional_del_Libro\" target=\"_blank\" rel=\"noopener\">Wikipedia<\/a><\/li>\n<li><a href=\"https:\/\/historia.nationalgeographic.com.es\/a\/por-que-el-dia-del-libro-se-celebra-el-23-de-abril_12611\" target=\"_blank\" rel=\"noopener\">Nationalgeographic.com<\/a><\/li>\n<li><a href=\"https:\/\/www.wikiwand.com\/es\/D%C3%ADa_Internacional_del_Libro\" target=\"_blank\" rel=\"noopener\">Wikiwand<\/a><\/li>\n<li><a href=\"https:\/\/blog.vicensvives.com\/el-dia-del-libro-en-el-mundo-5-paises-que-celebran-el-23-de-abril\/\" target=\"_blank\" rel=\"noopener\">Blog Vicens Vives<\/a><\/li>\n<li><a href=\"https:\/\/www.swissinfo.ch\/spa\/as%C3%AD-se-celebra-el-d%C3%ADa-internacional-del-libro-en-latinoam%C3%A9rica\/48456840\" target=\"_blank\" rel=\"noopener\">Swissinfo<\/a><\/li>\n<li><a href=\"https:\/\/www.debate.com.mx\/cultura\/Asi-se-celebra-el-Dia-Internacional-del-Libro-en-Mexico-y-Latinoamerica-20230423-0145.html\" target=\"_blank\" rel=\"noopener\">Debate.com.mx<\/a><\/li>\n<li><a href=\"https:\/\/www.tvperu.gob.pe\/noticias\/cultural\/dia-internacional-del-libro-en-el-peru-conoce-mas-de-esta-importante-festividad\" target=\"_blank\" rel=\"noopener\">Tv Per\u00fa<\/a><\/li>\n<\/ul>\n<p>&nbsp;<\/p>\n<\/div>\n","protected":false},"excerpt":{"rendered":"<p>El\u00a0D\u00eda Internacional del Libro\u00a0se celebra cada\u00a023 de abril\u00a0a nivel mundial con el objetivo de fomentar la lectura, la industria editorial y la protecci\u00f3n de la propiedad intelectual mediante el derecho de autor. Esta conmemoraci\u00f3n fue establecida por la\u00a0UNESCO\u00a0en\u00a01995, a propuesta del gobierno espa\u00f1ol qui\u00e9n pidi\u00f3 establecer en esta fecha como D\u00eda del Libro a nivel [&hellip;]<\/p>\n","protected":false},"author":1,"featured_media":4258,"comment_status":"open","ping_status":"closed","sticky":false,"template":"","format":"standard","meta":{"site-container-style":"default","site-container-layout":"default","site-sidebar-layout":"default","disable-article-header":"default","disable-site-header":"default","disable-site-footer":"default","disable-content-area-spacing":"default","_jetpack_newsletter_access":"","_jetpack_dont_email_post_to_subs":false,"_jetpack_newsletter_tier_id":0,"_jetpack_memberships_contains_paywalled_content":false,"_jetpack_feature_clip_id":0,"_jetpack_memberships_contains_paid_content":false,"footnotes":"","jetpack_publicize_message":"","jetpack_publicize_feature_enabled":true,"jetpack_social_post_already_shared":false,"jetpack_social_options":{"image_generator_settings":{"template":"highway","default_image_id":0,"font":"","enabled":false},"version":2},"jetpack_post_was_ever_published":false},"categories":[1291,710],"tags":[1825,1808,1803,1802,1814,1332,68,1828,1827,1820,1813,1829,592,1801,1830,1821,166,1819,1824,1809,1823,1811,1812,204,1817,1806,1818,1810,1804,1826,1815,1816,1649,1822,1807,1805],"class_list":["post-4245","post","type-post","status-publish","format-standard","has-post-thumbnail","hentry","category-efemerides","category-literatura","tag-15-de-junio","tag-1808","tag-1803","tag-23-de-abril","tag-actividades-culturales","tag-argentina","tag-blog-de-rafael-ramirez","tag-casal-del-soldado","tag-centro-cultural-de-espana","tag-colombia","tag-descuentos-en-libros","tag-dia-del-idioma-espanol","tag-dia-del-libro","tag-dia-internacional-del-libro","tag-don-quijote","tag-ecuador","tag-espana","tag-feria-internacional-del-libro-de-bogota-filbo","tag-feria-internacional-del-libro-de-buenos-aires","tag-fiesta-del-libro","tag-fiesta-del-libro-y-la-rosa","tag-firmas-de-autores","tag-firmas-de-ejemplares","tag-gabriel-garcia-marquez","tag-gabriela-mistral","tag-inca-garcilaso-de-la-vega","tag-jorge-luis-borges","tag-la-rosa-y-el-libro","tag-miguel-de-cervantes-y-saavedra","tag-panama","tag-premio-cervantes","tag-sor-juana-ines-de-la-cruz","tag-unesco","tag-universidad-nacional-autonoma-de-mexico-unam","tag-vicente-clavel","tag-william-shakespeare"],"yoast_head":"<!-- This site is optimized with the Yoast SEO plugin v28.4 - https:\/\/yoast.com\/product\/yoast-seo-wordpress\/ -->\n<title>D\u00eda Internacional del Libro: una ocasi\u00f3n especial para honrar la literatura y fomentar la lectura. - Blog de Rafael Ram\u00edrez<\/title>\n<meta name=\"robots\" content=\"index, follow, max-snippet:-1, max-image-preview:large, max-video-preview:-1\" \/>\n<link rel=\"canonical\" href=\"https:\/\/rafaramirez.org\/blog\/index.php\/2024\/04\/23\/dia-internacional-del-libro\/\" \/>\n<meta property=\"og:locale\" content=\"es_ES\" \/>\n<meta property=\"og:type\" content=\"article\" \/>\n<meta property=\"og:title\" content=\"D\u00eda Internacional del Libro: una ocasi\u00f3n especial para honrar la literatura y fomentar la lectura. - Blog de Rafael Ram\u00edrez\" \/>\n<meta property=\"og:description\" content=\"El\u00a0D\u00eda Internacional del Libro\u00a0se celebra cada\u00a023 de abril\u00a0a nivel mundial con el objetivo de fomentar la lectura, la industria editorial y la protecci\u00f3n de la propiedad intelectual mediante el derecho de autor. Esta conmemoraci\u00f3n fue establecida por la\u00a0UNESCO\u00a0en\u00a01995, a propuesta del gobierno espa\u00f1ol qui\u00e9n pidi\u00f3 establecer en esta fecha como D\u00eda del Libro a nivel [&hellip;]\" \/>\n<meta property=\"og:url\" content=\"https:\/\/rafaramirez.org\/blog\/index.php\/2024\/04\/23\/dia-internacional-del-libro\/\" \/>\n<meta property=\"og:site_name\" content=\"Blog de Rafael Ram\u00edrez\" \/>\n<meta property=\"article:published_time\" content=\"2024-04-23T06:15:26+00:00\" \/>\n<meta property=\"article:modified_time\" content=\"2024-04-23T09:02:46+00:00\" \/>\n<meta property=\"og:image\" content=\"https:\/\/rafaramirez.org\/blog\/wp-content\/uploads\/2024\/04\/Dia_Internacional_del_Libro_banner_logblog.jpg\" \/>\n\t<meta property=\"og:image:width\" content=\"850\" \/>\n\t<meta property=\"og:image:height\" content=\"700\" \/>\n\t<meta property=\"og:image:type\" content=\"image\/jpeg\" \/>\n<meta name=\"author\" content=\"Rafael Ram\u00edrez\" \/>\n<meta name=\"twitter:card\" content=\"summary_large_image\" \/>\n<meta name=\"twitter:creator\" content=\"@rafaramirez_ok\" \/>\n<meta name=\"twitter:site\" content=\"@rafaramirez_ok\" \/>\n<meta name=\"twitter:label1\" content=\"Escrito por\" \/>\n\t<meta name=\"twitter:data1\" content=\"Rafael Ram\u00edrez\" \/>\n\t<meta name=\"twitter:label2\" content=\"Tiempo de lectura\" \/>\n\t<meta name=\"twitter:data2\" content=\"5 minutos\" \/>\n<script type=\"application\/ld+json\" class=\"yoast-schema-graph\">{\"@context\":\"https:\\\/\\\/schema.org\",\"@graph\":[{\"@type\":\"Article\",\"@id\":\"https:\\\/\\\/rafaramirez.org\\\/blog\\\/index.php\\\/2024\\\/04\\\/23\\\/dia-internacional-del-libro\\\/#article\",\"isPartOf\":{\"@id\":\"https:\\\/\\\/rafaramirez.org\\\/blog\\\/index.php\\\/2024\\\/04\\\/23\\\/dia-internacional-del-libro\\\/\"},\"author\":{\"name\":\"Rafael Ram\u00edrez\",\"@id\":\"https:\\\/\\\/rafaramirez.org\\\/blog\\\/#\\\/schema\\\/person\\\/50f43b6d60c578760d4c17bda54ab6a5\"},\"headline\":\"D\u00eda Internacional del Libro: una ocasi\u00f3n especial para honrar la literatura y fomentar la lectura.\",\"datePublished\":\"2024-04-23T06:15:26+00:00\",\"dateModified\":\"2024-04-23T09:02:46+00:00\",\"mainEntityOfPage\":{\"@id\":\"https:\\\/\\\/rafaramirez.org\\\/blog\\\/index.php\\\/2024\\\/04\\\/23\\\/dia-internacional-del-libro\\\/\"},\"wordCount\":1029,\"commentCount\":0,\"publisher\":{\"@id\":\"https:\\\/\\\/rafaramirez.org\\\/blog\\\/#\\\/schema\\\/person\\\/50f43b6d60c578760d4c17bda54ab6a5\"},\"image\":{\"@id\":\"https:\\\/\\\/rafaramirez.org\\\/blog\\\/index.php\\\/2024\\\/04\\\/23\\\/dia-internacional-del-libro\\\/#primaryimage\"},\"thumbnailUrl\":\"https:\\\/\\\/rafaramirez.org\\\/blog\\\/wp-content\\\/uploads\\\/2024\\\/04\\\/Dia_Internacional_del_Libro_banner_logblog.jpg\",\"keywords\":[\"15 de junio\",\"1923\",\"1995\",\"23 de abril\",\"actividades culturales\",\"Argentina\",\"blog de Rafael Ram\u00edrez\",\"Casal del Soldado\",\"Centro Cultural de Espa\u00f1a\",\"Colombia\",\"Descuentos en Libros\",\"D\u00eda del Idioma Espa\u00f1ol\",\"d\u00eda del libro\",\"D\u00eda Internacional del Libro\",\"Don Quijote\",\"Ecuador\",\"espa\u00f1a\",\"Feria Internacional del Libro de Bogot\u00e1 (FILBO)\",\"Feria Internacional del Libro de Buenos Aires\",\"Fiesta del Libro\",\"Fiesta del Libro y la Rosa\",\"Firmas de Autores\",\"firmas de ejemplares\",\"Gabriel Garc\u00eda Marquez\",\"Gabriela Mistral\",\"Inca Garcilaso de la Vega\",\"Jorge Luis Borges\",\"La Rosa y el Libro\",\"Miguel de Cervantes y Saavedra\",\"Panam\u00e1\",\"Premio Cervantes\",\"Sor Juana In\u00e9s de la Cruz\",\"UNESCO\",\"Universidad Nacional Aut\u00f3noma de M\u00e9xico (UNAM)\",\"Vicente Clavel\",\"William Shakespeare\"],\"articleSection\":[\"Efem\u00e9rides\",\"Literatura\"],\"inLanguage\":\"es\",\"potentialAction\":[{\"@type\":\"CommentAction\",\"name\":\"Comment\",\"target\":[\"https:\\\/\\\/rafaramirez.org\\\/blog\\\/index.php\\\/2024\\\/04\\\/23\\\/dia-internacional-del-libro\\\/#respond\"]}]},{\"@type\":\"WebPage\",\"@id\":\"https:\\\/\\\/rafaramirez.org\\\/blog\\\/index.php\\\/2024\\\/04\\\/23\\\/dia-internacional-del-libro\\\/\",\"url\":\"https:\\\/\\\/rafaramirez.org\\\/blog\\\/index.php\\\/2024\\\/04\\\/23\\\/dia-internacional-del-libro\\\/\",\"name\":\"D\u00eda Internacional del Libro: una ocasi\u00f3n especial para honrar la literatura y fomentar la lectura. - Blog de Rafael Ram\u00edrez\",\"isPartOf\":{\"@id\":\"https:\\\/\\\/rafaramirez.org\\\/blog\\\/#website\"},\"primaryImageOfPage\":{\"@id\":\"https:\\\/\\\/rafaramirez.org\\\/blog\\\/index.php\\\/2024\\\/04\\\/23\\\/dia-internacional-del-libro\\\/#primaryimage\"},\"image\":{\"@id\":\"https:\\\/\\\/rafaramirez.org\\\/blog\\\/index.php\\\/2024\\\/04\\\/23\\\/dia-internacional-del-libro\\\/#primaryimage\"},\"thumbnailUrl\":\"https:\\\/\\\/rafaramirez.org\\\/blog\\\/wp-content\\\/uploads\\\/2024\\\/04\\\/Dia_Internacional_del_Libro_banner_logblog.jpg\",\"datePublished\":\"2024-04-23T06:15:26+00:00\",\"dateModified\":\"2024-04-23T09:02:46+00:00\",\"breadcrumb\":{\"@id\":\"https:\\\/\\\/rafaramirez.org\\\/blog\\\/index.php\\\/2024\\\/04\\\/23\\\/dia-internacional-del-libro\\\/#breadcrumb\"},\"inLanguage\":\"es\",\"potentialAction\":[{\"@type\":\"ReadAction\",\"target\":[\"https:\\\/\\\/rafaramirez.org\\\/blog\\\/index.php\\\/2024\\\/04\\\/23\\\/dia-internacional-del-libro\\\/\"]}]},{\"@type\":\"ImageObject\",\"inLanguage\":\"es\",\"@id\":\"https:\\\/\\\/rafaramirez.org\\\/blog\\\/index.php\\\/2024\\\/04\\\/23\\\/dia-internacional-del-libro\\\/#primaryimage\",\"url\":\"https:\\\/\\\/rafaramirez.org\\\/blog\\\/wp-content\\\/uploads\\\/2024\\\/04\\\/Dia_Internacional_del_Libro_banner_logblog.jpg\",\"contentUrl\":\"https:\\\/\\\/rafaramirez.org\\\/blog\\\/wp-content\\\/uploads\\\/2024\\\/04\\\/Dia_Internacional_del_Libro_banner_logblog.jpg\",\"width\":850,\"height\":700,\"caption\":\"D\u00eda Internacional del Libro. Blog de Rafael Ram\u00edrez.\"},{\"@type\":\"BreadcrumbList\",\"@id\":\"https:\\\/\\\/rafaramirez.org\\\/blog\\\/index.php\\\/2024\\\/04\\\/23\\\/dia-internacional-del-libro\\\/#breadcrumb\",\"itemListElement\":[{\"@type\":\"ListItem\",\"position\":1,\"name\":\"Portada\",\"item\":\"https:\\\/\\\/rafaramirez.org\\\/blog\\\/\"},{\"@type\":\"ListItem\",\"position\":2,\"name\":\"D\u00eda Internacional del Libro: una ocasi\u00f3n especial para honrar la literatura y fomentar la lectura.\"}]},{\"@type\":\"WebSite\",\"@id\":\"https:\\\/\\\/rafaramirez.org\\\/blog\\\/#website\",\"url\":\"https:\\\/\\\/rafaramirez.org\\\/blog\\\/\",\"name\":\"Blog de Rafael Ram\u00edrez\",\"description\":\"Un sitio social, de arte y cultura\",\"publisher\":{\"@id\":\"https:\\\/\\\/rafaramirez.org\\\/blog\\\/#\\\/schema\\\/person\\\/50f43b6d60c578760d4c17bda54ab6a5\"},\"potentialAction\":[{\"@type\":\"SearchAction\",\"target\":{\"@type\":\"EntryPoint\",\"urlTemplate\":\"https:\\\/\\\/rafaramirez.org\\\/blog\\\/?s={search_term_string}\"},\"query-input\":{\"@type\":\"PropertyValueSpecification\",\"valueRequired\":true,\"valueName\":\"search_term_string\"}}],\"inLanguage\":\"es\"},{\"@type\":[\"Person\",\"Organization\"],\"@id\":\"https:\\\/\\\/rafaramirez.org\\\/blog\\\/#\\\/schema\\\/person\\\/50f43b6d60c578760d4c17bda54ab6a5\",\"name\":\"Rafael Ram\u00edrez\",\"image\":{\"@type\":\"ImageObject\",\"inLanguage\":\"es\",\"@id\":\"https:\\\/\\\/rafaramirez.org\\\/blog\\\/wp-content\\\/uploads\\\/2024\\\/09\\\/RR_socialnetwork.jpg\",\"url\":\"https:\\\/\\\/rafaramirez.org\\\/blog\\\/wp-content\\\/uploads\\\/2024\\\/09\\\/RR_socialnetwork.jpg\",\"contentUrl\":\"https:\\\/\\\/rafaramirez.org\\\/blog\\\/wp-content\\\/uploads\\\/2024\\\/09\\\/RR_socialnetwork.jpg\",\"width\":600,\"height\":606,\"caption\":\"Rafael Ram\u00edrez\"},\"logo\":{\"@id\":\"https:\\\/\\\/rafaramirez.org\\\/blog\\\/wp-content\\\/uploads\\\/2024\\\/09\\\/RR_socialnetwork.jpg\"},\"sameAs\":[\"https:\\\/\\\/www.rafaramirez.org\\\/blog\",\"https:\\\/\\\/www.instagram.com\\\/rafaramirez_ok\\\/\",\"https:\\\/\\\/es.pinterest.com\\\/Ramirez_Rafa\\\/\",\"https:\\\/\\\/x.com\\\/rafaramirez_ok\"],\"url\":\"https:\\\/\\\/rafaramirez.org\\\/blog\\\/index.php\\\/author\\\/rafaell_qm6j97da\\\/\"}]}<\/script>\n<!-- \/ Yoast SEO plugin. -->","yoast_head_json":{"title":"D\u00eda Internacional del Libro: una ocasi\u00f3n especial para honrar la literatura y fomentar la lectura. - Blog de Rafael Ram\u00edrez","robots":{"index":"index","follow":"follow","max-snippet":"max-snippet:-1","max-image-preview":"max-image-preview:large","max-video-preview":"max-video-preview:-1"},"canonical":"https:\/\/rafaramirez.org\/blog\/index.php\/2024\/04\/23\/dia-internacional-del-libro\/","og_locale":"es_ES","og_type":"article","og_title":"D\u00eda Internacional del Libro: una ocasi\u00f3n especial para honrar la literatura y fomentar la lectura. - Blog de Rafael Ram\u00edrez","og_description":"El\u00a0D\u00eda Internacional del Libro\u00a0se celebra cada\u00a023 de abril\u00a0a nivel mundial con el objetivo de fomentar la lectura, la industria editorial y la protecci\u00f3n de la propiedad intelectual mediante el derecho de autor. Esta conmemoraci\u00f3n fue establecida por la\u00a0UNESCO\u00a0en\u00a01995, a propuesta del gobierno espa\u00f1ol qui\u00e9n pidi\u00f3 establecer en esta fecha como D\u00eda del Libro a nivel [&hellip;]","og_url":"https:\/\/rafaramirez.org\/blog\/index.php\/2024\/04\/23\/dia-internacional-del-libro\/","og_site_name":"Blog de Rafael Ram\u00edrez","article_published_time":"2024-04-23T06:15:26+00:00","article_modified_time":"2024-04-23T09:02:46+00:00","og_image":[{"width":850,"height":700,"url":"https:\/\/rafaramirez.org\/blog\/wp-content\/uploads\/2024\/04\/Dia_Internacional_del_Libro_banner_logblog.jpg","type":"image\/jpeg"}],"author":"Rafael Ram\u00edrez","twitter_card":"summary_large_image","twitter_creator":"@rafaramirez_ok","twitter_site":"@rafaramirez_ok","twitter_misc":{"Escrito por":"Rafael Ram\u00edrez","Tiempo de lectura":"5 minutos"},"schema":{"@context":"https:\/\/schema.org","@graph":[{"@type":"Article","@id":"https:\/\/rafaramirez.org\/blog\/index.php\/2024\/04\/23\/dia-internacional-del-libro\/#article","isPartOf":{"@id":"https:\/\/rafaramirez.org\/blog\/index.php\/2024\/04\/23\/dia-internacional-del-libro\/"},"author":{"name":"Rafael Ram\u00edrez","@id":"https:\/\/rafaramirez.org\/blog\/#\/schema\/person\/50f43b6d60c578760d4c17bda54ab6a5"},"headline":"D\u00eda Internacional del Libro: una ocasi\u00f3n especial para honrar la literatura y fomentar la lectura.","datePublished":"2024-04-23T06:15:26+00:00","dateModified":"2024-04-23T09:02:46+00:00","mainEntityOfPage":{"@id":"https:\/\/rafaramirez.org\/blog\/index.php\/2024\/04\/23\/dia-internacional-del-libro\/"},"wordCount":1029,"commentCount":0,"publisher":{"@id":"https:\/\/rafaramirez.org\/blog\/#\/schema\/person\/50f43b6d60c578760d4c17bda54ab6a5"},"image":{"@id":"https:\/\/rafaramirez.org\/blog\/index.php\/2024\/04\/23\/dia-internacional-del-libro\/#primaryimage"},"thumbnailUrl":"https:\/\/rafaramirez.org\/blog\/wp-content\/uploads\/2024\/04\/Dia_Internacional_del_Libro_banner_logblog.jpg","keywords":["15 de junio","1923","1995","23 de abril","actividades culturales","Argentina","blog de Rafael Ram\u00edrez","Casal del Soldado","Centro Cultural de Espa\u00f1a","Colombia","Descuentos en Libros","D\u00eda del Idioma Espa\u00f1ol","d\u00eda del libro","D\u00eda Internacional del Libro","Don Quijote","Ecuador","espa\u00f1a","Feria Internacional del Libro de Bogot\u00e1 (FILBO)","Feria Internacional del Libro de Buenos Aires","Fiesta del Libro","Fiesta del Libro y la Rosa","Firmas de Autores","firmas de ejemplares","Gabriel Garc\u00eda Marquez","Gabriela Mistral","Inca Garcilaso de la Vega","Jorge Luis Borges","La Rosa y el Libro","Miguel de Cervantes y Saavedra","Panam\u00e1","Premio Cervantes","Sor Juana In\u00e9s de la Cruz","UNESCO","Universidad Nacional Aut\u00f3noma de M\u00e9xico (UNAM)","Vicente Clavel","William Shakespeare"],"articleSection":["Efem\u00e9rides","Literatura"],"inLanguage":"es","potentialAction":[{"@type":"CommentAction","name":"Comment","target":["https:\/\/rafaramirez.org\/blog\/index.php\/2024\/04\/23\/dia-internacional-del-libro\/#respond"]}]},{"@type":"WebPage","@id":"https:\/\/rafaramirez.org\/blog\/index.php\/2024\/04\/23\/dia-internacional-del-libro\/","url":"https:\/\/rafaramirez.org\/blog\/index.php\/2024\/04\/23\/dia-internacional-del-libro\/","name":"D\u00eda Internacional del Libro: una ocasi\u00f3n especial para honrar la literatura y fomentar la lectura. - Blog de Rafael Ram\u00edrez","isPartOf":{"@id":"https:\/\/rafaramirez.org\/blog\/#website"},"primaryImageOfPage":{"@id":"https:\/\/rafaramirez.org\/blog\/index.php\/2024\/04\/23\/dia-internacional-del-libro\/#primaryimage"},"image":{"@id":"https:\/\/rafaramirez.org\/blog\/index.php\/2024\/04\/23\/dia-internacional-del-libro\/#primaryimage"},"thumbnailUrl":"https:\/\/rafaramirez.org\/blog\/wp-content\/uploads\/2024\/04\/Dia_Internacional_del_Libro_banner_logblog.jpg","datePublished":"2024-04-23T06:15:26+00:00","dateModified":"2024-04-23T09:02:46+00:00","breadcrumb":{"@id":"https:\/\/rafaramirez.org\/blog\/index.php\/2024\/04\/23\/dia-internacional-del-libro\/#breadcrumb"},"inLanguage":"es","potentialAction":[{"@type":"ReadAction","target":["https:\/\/rafaramirez.org\/blog\/index.php\/2024\/04\/23\/dia-internacional-del-libro\/"]}]},{"@type":"ImageObject","inLanguage":"es","@id":"https:\/\/rafaramirez.org\/blog\/index.php\/2024\/04\/23\/dia-internacional-del-libro\/#primaryimage","url":"https:\/\/rafaramirez.org\/blog\/wp-content\/uploads\/2024\/04\/Dia_Internacional_del_Libro_banner_logblog.jpg","contentUrl":"https:\/\/rafaramirez.org\/blog\/wp-content\/uploads\/2024\/04\/Dia_Internacional_del_Libro_banner_logblog.jpg","width":850,"height":700,"caption":"D\u00eda Internacional del Libro. Blog de Rafael Ram\u00edrez."},{"@type":"BreadcrumbList","@id":"https:\/\/rafaramirez.org\/blog\/index.php\/2024\/04\/23\/dia-internacional-del-libro\/#breadcrumb","itemListElement":[{"@type":"ListItem","position":1,"name":"Portada","item":"https:\/\/rafaramirez.org\/blog\/"},{"@type":"ListItem","position":2,"name":"D\u00eda Internacional del Libro: una ocasi\u00f3n especial para honrar la literatura y fomentar la lectura."}]},{"@type":"WebSite","@id":"https:\/\/rafaramirez.org\/blog\/#website","url":"https:\/\/rafaramirez.org\/blog\/","name":"Blog de Rafael Ram\u00edrez","description":"Un sitio social, de arte y cultura","publisher":{"@id":"https:\/\/rafaramirez.org\/blog\/#\/schema\/person\/50f43b6d60c578760d4c17bda54ab6a5"},"potentialAction":[{"@type":"SearchAction","target":{"@type":"EntryPoint","urlTemplate":"https:\/\/rafaramirez.org\/blog\/?s={search_term_string}"},"query-input":{"@type":"PropertyValueSpecification","valueRequired":true,"valueName":"search_term_string"}}],"inLanguage":"es"},{"@type":["Person","Organization"],"@id":"https:\/\/rafaramirez.org\/blog\/#\/schema\/person\/50f43b6d60c578760d4c17bda54ab6a5","name":"Rafael Ram\u00edrez","image":{"@type":"ImageObject","inLanguage":"es","@id":"https:\/\/rafaramirez.org\/blog\/wp-content\/uploads\/2024\/09\/RR_socialnetwork.jpg","url":"https:\/\/rafaramirez.org\/blog\/wp-content\/uploads\/2024\/09\/RR_socialnetwork.jpg","contentUrl":"https:\/\/rafaramirez.org\/blog\/wp-content\/uploads\/2024\/09\/RR_socialnetwork.jpg","width":600,"height":606,"caption":"Rafael Ram\u00edrez"},"logo":{"@id":"https:\/\/rafaramirez.org\/blog\/wp-content\/uploads\/2024\/09\/RR_socialnetwork.jpg"},"sameAs":["https:\/\/www.rafaramirez.org\/blog","https:\/\/www.instagram.com\/rafaramirez_ok\/","https:\/\/es.pinterest.com\/Ramirez_Rafa\/","https:\/\/x.com\/rafaramirez_ok"],"url":"https:\/\/rafaramirez.org\/blog\/index.php\/author\/rafaell_qm6j97da\/"}]}},"jetpack_publicize_connections":[],"jetpack_sharing_enabled":true,"jetpack_likes_enabled":true,"jetpack_featured_media_url":"https:\/\/rafaramirez.org\/blog\/wp-content\/uploads\/2024\/04\/Dia_Internacional_del_Libro_banner_logblog.jpg","_links":{"self":[{"href":"https:\/\/rafaramirez.org\/blog\/index.php\/wp-json\/wp\/v2\/posts\/4245","targetHints":{"allow":["GET"]}}],"collection":[{"href":"https:\/\/rafaramirez.org\/blog\/index.php\/wp-json\/wp\/v2\/posts"}],"about":[{"href":"https:\/\/rafaramirez.org\/blog\/index.php\/wp-json\/wp\/v2\/types\/post"}],"author":[{"embeddable":true,"href":"https:\/\/rafaramirez.org\/blog\/index.php\/wp-json\/wp\/v2\/users\/1"}],"replies":[{"embeddable":true,"href":"https:\/\/rafaramirez.org\/blog\/index.php\/wp-json\/wp\/v2\/comments?post=4245"}],"version-history":[{"count":14,"href":"https:\/\/rafaramirez.org\/blog\/index.php\/wp-json\/wp\/v2\/posts\/4245\/revisions"}],"predecessor-version":[{"id":4268,"href":"https:\/\/rafaramirez.org\/blog\/index.php\/wp-json\/wp\/v2\/posts\/4245\/revisions\/4268"}],"wp:featuredmedia":[{"embeddable":true,"href":"https:\/\/rafaramirez.org\/blog\/index.php\/wp-json\/wp\/v2\/media\/4258"}],"wp:attachment":[{"href":"https:\/\/rafaramirez.org\/blog\/index.php\/wp-json\/wp\/v2\/media?parent=4245"}],"wp:term":[{"taxonomy":"category","embeddable":true,"href":"https:\/\/rafaramirez.org\/blog\/index.php\/wp-json\/wp\/v2\/categories?post=4245"},{"taxonomy":"post_tag","embeddable":true,"href":"https:\/\/rafaramirez.org\/blog\/index.php\/wp-json\/wp\/v2\/tags?post=4245"}],"curies":[{"name":"wp","href":"https:\/\/api.w.org\/{rel}","templated":true}]}}