{"id":4153,"date":"2024-04-22T08:15:02","date_gmt":"2024-04-22T06:15:02","guid":{"rendered":"https:\/\/rafaramirez.org\/blog\/?p=4153"},"modified":"2024-04-16T20:07:10","modified_gmt":"2024-04-16T18:07:10","slug":"dia-internacional-de-la-tierra","status":"publish","type":"post","link":"https:\/\/rafaramirez.org\/blog\/index.php\/2024\/04\/22\/dia-internacional-de-la-tierra\/","title":{"rendered":"D\u00eda Internacional de la Tierra: una jornada para reflexionar sobre nuestra relaci\u00f3n con la naturaleza."},"content":{"rendered":"<p>El\u00a0<strong>D\u00eda Internacional de la Madre Tierra<\/strong>\u00a0tiene un origen inspirador y una historia que nos recuerda la importancia de cuidar nuestro planeta. Aqu\u00ed est\u00e1 su trasfondo:<\/p>\n<ol>\n<li><strong>Inicios del Movimiento Ambiental<\/strong>:\n<ul>\n<li>En la d\u00e9cada de 1960, el movimiento ambiental comenz\u00f3 a ganar fuerza en los Estados Unidos y en todo el mundo. Las preocupaciones sobre la\u00a0<strong>contaminaci\u00f3n<\/strong>, la\u00a0<strong>deforestaci\u00f3n<\/strong>\u00a0y otros problemas ecol\u00f3gicos se hicieron m\u00e1s evidentes.<\/li>\n<li>El\u00a0<strong>senador estadounidense Gaylord Nelson<\/strong>\u00a0fue un defensor apasionado de la protecci\u00f3n del medio ambiente. Quer\u00eda crear un evento que aumentara la conciencia p\u00fablica sobre las cuestiones ambientales y motivara a las personas a tomar medidas.\n<p><figure id=\"attachment_4171\" aria-describedby=\"caption-attachment-4171\" style=\"width: 245px\" class=\"wp-caption aligncenter\"><a href=\"https:\/\/rafaramirez.org\/blog\/wp-content\/uploads\/2024\/04\/GaylordNelson.jpg\" target=\"_blank\" rel=\"noopener\"><img loading=\"lazy\" decoding=\"async\" class=\"wp-image-4171 size-medium\" src=\"https:\/\/rafaramirez.org\/blog\/wp-content\/uploads\/2024\/04\/GaylordNelson-245x300.jpg\" alt=\"El senador Gaylord Nelson.\" width=\"245\" height=\"300\" srcset=\"https:\/\/rafaramirez.org\/blog\/wp-content\/uploads\/2024\/04\/GaylordNelson-245x300.jpg 245w, https:\/\/rafaramirez.org\/blog\/wp-content\/uploads\/2024\/04\/GaylordNelson-838x1024.jpg 838w, https:\/\/rafaramirez.org\/blog\/wp-content\/uploads\/2024\/04\/GaylordNelson-768x939.jpg 768w, https:\/\/rafaramirez.org\/blog\/wp-content\/uploads\/2024\/04\/GaylordNelson-1257x1536.jpg 1257w, https:\/\/rafaramirez.org\/blog\/wp-content\/uploads\/2024\/04\/GaylordNelson.jpg 1309w\" sizes=\"auto, (max-width: 245px) 100vw, 245px\" \/><\/a><figcaption id=\"caption-attachment-4171\" class=\"wp-caption-text\">El senador Gaylord Nelson.<\/figcaption><\/figure><\/li>\n<\/ul>\n<\/li>\n<li><strong>El Primer D\u00eda de la Tierra<\/strong>:\n<ul>\n<li>El\u00a0<strong>22 de abril de 1970<\/strong>, el primer\u00a0<strong>D\u00eda de la Tierra<\/strong>\u00a0se celebr\u00f3 en los Estados Unidos. Fue un evento masivo que involucr\u00f3 a millones de personas, incluidos estudiantes, activistas y ciudadanos preocupados.<\/li>\n<li>Las manifestaciones, marchas y actividades se llevaron a cabo en todo el pa\u00eds para exigir acciones concretas para proteger el medio ambiente.<a href=\"https:\/\/rafaramirez.org\/blog\/wp-content\/uploads\/2024\/04\/DiaMundialdelaTierra2.jpg\" target=\"_blank\" rel=\"noopener\"><img loading=\"lazy\" decoding=\"async\" class=\"aligncenter wp-image-4168 size-medium\" src=\"https:\/\/rafaramirez.org\/blog\/wp-content\/uploads\/2024\/04\/DiaMundialdelaTierra2-300x300.jpg\" alt=\"D\u00eda Mundial de la Tierra. Blog de Rafael Ram\u00edrez.\" width=\"300\" height=\"300\" srcset=\"https:\/\/rafaramirez.org\/blog\/wp-content\/uploads\/2024\/04\/DiaMundialdelaTierra2-300x300.jpg 300w, https:\/\/rafaramirez.org\/blog\/wp-content\/uploads\/2024\/04\/DiaMundialdelaTierra2-150x150.jpg 150w, https:\/\/rafaramirez.org\/blog\/wp-content\/uploads\/2024\/04\/DiaMundialdelaTierra2-768x768.jpg 768w, https:\/\/rafaramirez.org\/blog\/wp-content\/uploads\/2024\/04\/DiaMundialdelaTierra2.jpg 900w\" sizes=\"auto, (max-width: 300px) 100vw, 300px\" \/><\/a><\/li>\n<\/ul>\n<\/li>\n<li><strong>Impacto y Reconocimiento Global<\/strong>:\n<ul>\n<li>El \u00e9xito del primer D\u00eda de la Tierra llev\u00f3 a un reconocimiento global. La\u00a0<strong>Organizaci\u00f3n de las Naciones Unidas (ONU)<\/strong>\u00a0adopt\u00f3 oficialmente el\u00a0<strong>D\u00eda Internacional de la Madre Tierra<\/strong>\u00a0en\u00a0<strong>2009<\/strong>.<\/li>\n<li>Desde entonces, el 22 de abril se ha convertido en un d\u00eda para reflexionar sobre nuestra relaci\u00f3n con la naturaleza y para tomar medidas individuales y colectivas para preservarla.<\/li>\n<\/ul>\n<\/li>\n<li><strong>Temas y Enfoques<\/strong>:\n<ul>\n<li>Cada a\u00f1o, el D\u00eda de la Tierra se centra en un tema espec\u00edfico. Estos temas han abordado cuestiones como la\u00a0<strong>biodiversidad<\/strong>, o\u00a0la\u00a0<strong>conservaci\u00f3n del agua<\/strong>\u00a0y m\u00e1s.<\/li>\n<li>Las celebraciones incluyen actividades educativas, limpiezas comunitarias, plantaci\u00f3n de \u00e1rboles y campa\u00f1as de concienciaci\u00f3n.<\/li>\n<\/ul>\n<\/li>\n<\/ol>\n<p style=\"text-align: center;\"><a href=\"https:\/\/rafaramirez.org\/blog\/wp-content\/uploads\/2024\/04\/sky-4608972_1920.jpg\" target=\"_blank\" rel=\"noopener\"><img loading=\"lazy\" decoding=\"async\" class=\"aligncenter wp-image-4165 size-large\" src=\"https:\/\/rafaramirez.org\/blog\/wp-content\/uploads\/2024\/04\/sky-4608972_1920-1024x684.jpg\" alt=\"D\u00eda Mundial de la Tierra. Blog de Rafael Ram\u00edrez.\" width=\"1024\" height=\"684\" srcset=\"https:\/\/rafaramirez.org\/blog\/wp-content\/uploads\/2024\/04\/sky-4608972_1920-1024x684.jpg 1024w, https:\/\/rafaramirez.org\/blog\/wp-content\/uploads\/2024\/04\/sky-4608972_1920-300x200.jpg 300w, https:\/\/rafaramirez.org\/blog\/wp-content\/uploads\/2024\/04\/sky-4608972_1920-768x513.jpg 768w, https:\/\/rafaramirez.org\/blog\/wp-content\/uploads\/2024\/04\/sky-4608972_1920-1536x1026.jpg 1536w, https:\/\/rafaramirez.org\/blog\/wp-content\/uploads\/2024\/04\/sky-4608972_1920.jpg 1920w\" sizes=\"auto, (max-width: 1024px) 100vw, 1024px\" \/><\/a><\/p>\n<p>El tema del\u00a0<strong>D\u00eda Internacional de la Madre Tierra<\/strong>\u00a0para este a\u00f1o es el\u00a0<strong>Decenio de la ONU para la Restauraci\u00f3n de Ecosistemas<\/strong>. Este enfoque resalta la importancia de\u00a0<strong>restaurar los ecosistemas da\u00f1ados<\/strong> como una medida crucial para combatir la pobreza. La salud de los ecosistemas afecta directamente a nuestro planeta y a todos sus habitantes.<\/p>\n<p>El\u00a0<strong>Decenio de la ONU para la Restauraci\u00f3n de Ecosistemas<\/strong>\u00a0es una iniciativa global que busca\u00a0<strong>restaurar<\/strong>\u00a0y\u00a0<strong>rehabilitar<\/strong>\u00a0los ecosistemas degradados en todo el mundo. Aqu\u00ed tienes m\u00e1s detalles:<\/p>\n<ol>\n<li><strong>\u00bfQu\u00e9 es el Decenio de la ONU para la Restauraci\u00f3n de Ecosistemas?<\/strong>\n<ul>\n<li>El Decenio se extiende desde\u00a0<strong>2021 hasta 2030<\/strong>\u00a0y tiene como objetivo principal\u00a0<strong>detener y revertir la p\u00e9rdida de ecosistemas<\/strong>.<\/li>\n<li>Fue lanzado por la\u00a0<strong>Asamblea General de las Naciones Unidas<\/strong> en respuesta a la creciente preocupaci\u00f3n por la degradaci\u00f3n ambiental y la p\u00e9rdida de biodiversidad.<\/li>\n<\/ul>\n<\/li>\n<li><strong>Importancia de la Restauraci\u00f3n de Ecosistemas:<\/strong>\n<ul>\n<li>Los ecosistemas saludables son esenciales para la\u00a0<strong>vida en la Tierra<\/strong>. Proporcionan servicios vitales como la\u00a0<strong>purificaci\u00f3n del agua<\/strong>, la\u00a0<strong>regulaci\u00f3n del clima<\/strong>, la\u00a0<strong>protecci\u00f3n contra inundaciones<\/strong>\u00a0y la\u00a0<strong>biodiversidad<\/strong>.<\/li>\n<li>Sin embargo, muchos ecosistemas han sido da\u00f1ados por actividades humanas, como la\u00a0<strong>deforestaci\u00f3n<\/strong>, la\u00a0<strong>agricultura intensiva<\/strong>, la\u00a0<strong>miner\u00eda<\/strong>\u00a0y la\u00a0<strong>urbanizaci\u00f3n<\/strong>.<a href=\"https:\/\/rafaramirez.org\/blog\/wp-content\/uploads\/2024\/04\/road-1072823_1920.jpg\" target=\"_blank\" rel=\"noopener\"><img loading=\"lazy\" decoding=\"async\" class=\"aligncenter wp-image-4166 size-large\" src=\"https:\/\/rafaramirez.org\/blog\/wp-content\/uploads\/2024\/04\/road-1072823_1920-1024x598.jpg\" alt=\"D\u00eda Mundial de la Tierra. Blog de Rafael Ram\u00edrez.\" width=\"1024\" height=\"598\" srcset=\"https:\/\/rafaramirez.org\/blog\/wp-content\/uploads\/2024\/04\/road-1072823_1920-1024x598.jpg 1024w, https:\/\/rafaramirez.org\/blog\/wp-content\/uploads\/2024\/04\/road-1072823_1920-300x175.jpg 300w, https:\/\/rafaramirez.org\/blog\/wp-content\/uploads\/2024\/04\/road-1072823_1920-768x449.jpg 768w, https:\/\/rafaramirez.org\/blog\/wp-content\/uploads\/2024\/04\/road-1072823_1920-1536x898.jpg 1536w, https:\/\/rafaramirez.org\/blog\/wp-content\/uploads\/2024\/04\/road-1072823_1920.jpg 1920w\" sizes=\"auto, (max-width: 1024px) 100vw, 1024px\" \/><\/a><\/li>\n<\/ul>\n<\/li>\n<li><strong>Objetivos del Decenio:<\/strong>\n<ul>\n<li><strong>Restaurar 350 millones de hect\u00e1reas<\/strong>\u00a0de ecosistemas degradados en todo el mundo.<\/li>\n<li><strong>Recuperar la biodiversidad<\/strong>\u00a0y mejorar la calidad del suelo, el agua y el aire.<\/li>\n<li><strong>Involucrar a las comunidades locales<\/strong>, gobiernos, organizaciones y empresas en acciones de restauraci\u00f3n.<\/li>\n<\/ul>\n<\/li>\n<li><strong>Acciones Clave:<\/strong>\n<ul>\n<li><strong>Reforestaci\u00f3n<\/strong>: Plantar \u00e1rboles y restaurar bosques degradados.<\/li>\n<li><strong>Restauraci\u00f3n de humedales<\/strong>: Recuperar \u00e1reas h\u00famedas y pantanos.<\/li>\n<li><strong>Agroforester\u00eda<\/strong>: Integrar \u00e1rboles en sistemas agr\u00edcolas.<\/li>\n<li><strong>Restauraci\u00f3n costera<\/strong>: Proteger y rehabilitar zonas costeras.<\/li>\n<\/ul>\n<\/li>\n<li><strong>Participaci\u00f3n de Todos:<\/strong>\n<ul>\n<li>Cada persona puede contribuir a la restauraci\u00f3n de ecosistemas. Plantar \u00e1rboles, reducir el consumo de recursos y apoyar proyectos de conservaci\u00f3n son acciones importantes.<\/li>\n<\/ul>\n<\/li>\n<\/ol>\n<p style=\"text-align: center;\"><a href=\"https:\/\/rafaramirez.org\/blog\/wp-content\/uploads\/2024\/04\/DiaMundialdelaTierra1.jpg\" target=\"_blank\" rel=\"noopener\"><img loading=\"lazy\" decoding=\"async\" class=\"aligncenter wp-image-4167 size-medium\" src=\"https:\/\/rafaramirez.org\/blog\/wp-content\/uploads\/2024\/04\/DiaMundialdelaTierra1-300x300.jpg\" alt=\"D\u00eda Mundial de la Tierra. Blog de Rafael Ram\u00edrez.\" width=\"300\" height=\"300\" srcset=\"https:\/\/rafaramirez.org\/blog\/wp-content\/uploads\/2024\/04\/DiaMundialdelaTierra1-300x300.jpg 300w, https:\/\/rafaramirez.org\/blog\/wp-content\/uploads\/2024\/04\/DiaMundialdelaTierra1-150x150.jpg 150w, https:\/\/rafaramirez.org\/blog\/wp-content\/uploads\/2024\/04\/DiaMundialdelaTierra1-768x768.jpg 768w, https:\/\/rafaramirez.org\/blog\/wp-content\/uploads\/2024\/04\/DiaMundialdelaTierra1.jpg 900w\" sizes=\"auto, (max-width: 300px) 100vw, 300px\" \/><\/a><\/p>\n<p>En resumen, el D\u00eda Internacional de la Tierra es una oportunidad para recordarnos a nosotros mismos que somos\u00a0<strong>guardianes de nuestro hogar planetario<\/strong>. Es un llamado a la acci\u00f3n para proteger y preservar la Tierra para las generaciones futuras. \ud83c\udf0e\ud83c\udf3f<\/p>\n<p><strong>Como siempre, puedes dejar tus comentarios debajo de este post. \u00a1Saludos!<\/strong><\/p>\n<div class=\"learn-more-control\">\n<h6 id=\"learn-more-header\" class=\"learn-more\"><strong>M\u00e1s informaci\u00f3n:<\/strong><\/h6>\n<\/div>\n<div class=\"attribution-container\">\n<ul>\n<li class=\"attribution-items\"><a href=\"https:\/\/www.un.org\/es\/observances\/earth-day\" target=\"_blank\" rel=\"noopener\">https:\/\/www.un.org\/es\/observances\/earth-day<\/a><\/li>\n<\/ul>\n<\/div>\n<ul>\n<li><a href=\"https:\/\/www.nationalgeographic.com.es\/medio-ambiente\/por-que-dia-internacional-tierra-se-celebra-22-abril_19805\" target=\"_blank\" rel=\"noopener\">https:\/\/www.nationalgeographic.com.es\/medio-ambiente\/por-que-dia-internacional-tierra-se-celebra-22-abril_19805<\/a><\/li>\n<li><a href=\"https:\/\/es.wikipedia.org\/wiki\/D%C3%ADa_Internacional_de_la_Madre_Tierra\" target=\"_blank\" rel=\"noopener\">https:\/\/es.wikipedia.org\/wiki\/D%C3%ADa_Internacional_de_la_Madre_Tierra<\/a><\/li>\n<\/ul>\n<div><\/div>\n","protected":false},"excerpt":{"rendered":"<p>El\u00a0D\u00eda Internacional de la Madre Tierra\u00a0tiene un origen inspirador y una historia que nos recuerda la importancia de cuidar nuestro planeta. Aqu\u00ed est\u00e1 su trasfondo: Inicios del Movimiento Ambiental: En la d\u00e9cada de 1960, el movimiento ambiental comenz\u00f3 a ganar fuerza en los Estados Unidos y en todo el mundo. Las preocupaciones sobre la\u00a0contaminaci\u00f3n, la\u00a0deforestaci\u00f3n\u00a0y [&hellip;]<\/p>\n","protected":false},"author":1,"featured_media":4164,"comment_status":"open","ping_status":"closed","sticky":false,"template":"","format":"standard","meta":{"site-container-style":"default","site-container-layout":"default","site-sidebar-layout":"default","disable-article-header":"default","disable-site-header":"default","disable-site-footer":"default","disable-content-area-spacing":"default","_jetpack_newsletter_access":"","_jetpack_dont_email_post_to_subs":false,"_jetpack_newsletter_tier_id":0,"_jetpack_memberships_contains_paywalled_content":false,"_jetpack_feature_clip_id":0,"_jetpack_memberships_contains_paid_content":false,"footnotes":"","jetpack_publicize_message":"","jetpack_publicize_feature_enabled":true,"jetpack_social_post_already_shared":false,"jetpack_social_options":{"image_generator_settings":{"template":"highway","default_image_id":0,"font":"","enabled":false},"version":2},"jetpack_post_was_ever_published":false},"categories":[1291],"tags":[1703,1694,1706,1719,1713,1704,68,1709,1722,1705,1697,1710,1718,1712,1698,1691,1323,1725,168,1696,1723,1307,1699,1700,1707,1720,1702,1701,1724,1693,1708,1726,1695,1717,1715,1716,1727,1692,1711,1721,1714],"class_list":["post-4153","post","type-post","status-publish","format-standard","has-post-thumbnail","hentry","category-efemerides","tag-1703","tag-22-de-abril-de-1970","tag-actividades-educativas","tag-agricultura-intensiva","tag-asamblea-general-de-las-naciones-unidas","tag-biodiversidad","tag-blog-de-rafael-ramirez","tag-campanas-de-concienciacion","tag-comunidades-locales","tag-conservacion-del-agua","tag-decada-de-1960","tag-decenio-de-la-onu-para-la-restauracion-de-ecosistemas","tag-deforestacion","tag-detener-y-revertir-la-perdida-de-ecosistemas","tag-dia-internacional-de-la-madre-tierra","tag-dia-mundial-de-la-tierra","tag-efemerides","tag-empresas","tag-estados-unidos","tag-gaylord-nelson","tag-gobiernos","tag-historia","tag-la-contaminacion","tag-la-deforestacion","tag-limpiezas-comunitarias","tag-mineria","tag-onu","tag-organizacion-de-las-naciones-unidas","tag-organizaciones","tag-origen-del-dia-mundial-de-la-tierra","tag-plantacion-de-arboles","tag-plantar-arboles","tag-primer-dia-de-la-tierra","tag-proteccion-contra-inundaciones","tag-purificacion-del-agua","tag-regulacion-del-clima","tag-rehabilitar-zonas-costeras","tag-relacion-con-la-naturaleza","tag-restauracion-de-ecosistemas","tag-urbanizacion","tag-vida-en-la-tierra"],"yoast_head":"<!-- This site is optimized with the Yoast SEO plugin v28.4 - https:\/\/yoast.com\/product\/yoast-seo-wordpress\/ -->\n<title>D\u00eda Internacional de la Tierra: una jornada para reflexionar sobre nuestra relaci\u00f3n con la naturaleza. - Blog de Rafael Ram\u00edrez<\/title>\n<meta name=\"robots\" content=\"index, follow, max-snippet:-1, max-image-preview:large, max-video-preview:-1\" \/>\n<link rel=\"canonical\" href=\"https:\/\/rafaramirez.org\/blog\/index.php\/2024\/04\/22\/dia-internacional-de-la-tierra\/\" \/>\n<meta property=\"og:locale\" content=\"es_ES\" \/>\n<meta property=\"og:type\" content=\"article\" \/>\n<meta property=\"og:title\" content=\"D\u00eda Internacional de la Tierra: una jornada para reflexionar sobre nuestra relaci\u00f3n con la naturaleza. - Blog de Rafael Ram\u00edrez\" \/>\n<meta property=\"og:description\" content=\"El\u00a0D\u00eda Internacional de la Madre Tierra\u00a0tiene un origen inspirador y una historia que nos recuerda la importancia de cuidar nuestro planeta. Aqu\u00ed est\u00e1 su trasfondo: Inicios del Movimiento Ambiental: En la d\u00e9cada de 1960, el movimiento ambiental comenz\u00f3 a ganar fuerza en los Estados Unidos y en todo el mundo. Las preocupaciones sobre la\u00a0contaminaci\u00f3n, la\u00a0deforestaci\u00f3n\u00a0y [&hellip;]\" \/>\n<meta property=\"og:url\" content=\"https:\/\/rafaramirez.org\/blog\/index.php\/2024\/04\/22\/dia-internacional-de-la-tierra\/\" \/>\n<meta property=\"og:site_name\" content=\"Blog de Rafael Ram\u00edrez\" \/>\n<meta property=\"article:published_time\" content=\"2024-04-22T06:15:02+00:00\" \/>\n<meta property=\"og:image\" content=\"https:\/\/rafaramirez.org\/blog\/wp-content\/uploads\/2024\/04\/DiaMundialdelaTierra_banner.jpg\" \/>\n\t<meta property=\"og:image:width\" content=\"850\" \/>\n\t<meta property=\"og:image:height\" content=\"567\" \/>\n\t<meta property=\"og:image:type\" content=\"image\/jpeg\" \/>\n<meta name=\"author\" content=\"Rafael Ram\u00edrez\" \/>\n<meta name=\"twitter:card\" content=\"summary_large_image\" \/>\n<meta name=\"twitter:creator\" content=\"@rafaramirez_ok\" \/>\n<meta name=\"twitter:site\" content=\"@rafaramirez_ok\" \/>\n<meta name=\"twitter:label1\" content=\"Escrito por\" \/>\n\t<meta name=\"twitter:data1\" content=\"Rafael Ram\u00edrez\" \/>\n\t<meta name=\"twitter:label2\" content=\"Tiempo de lectura\" \/>\n\t<meta name=\"twitter:data2\" content=\"4 minutos\" \/>\n<script type=\"application\/ld+json\" class=\"yoast-schema-graph\">{\"@context\":\"https:\\\/\\\/schema.org\",\"@graph\":[{\"@type\":\"Article\",\"@id\":\"https:\\\/\\\/rafaramirez.org\\\/blog\\\/index.php\\\/2024\\\/04\\\/22\\\/dia-internacional-de-la-tierra\\\/#article\",\"isPartOf\":{\"@id\":\"https:\\\/\\\/rafaramirez.org\\\/blog\\\/index.php\\\/2024\\\/04\\\/22\\\/dia-internacional-de-la-tierra\\\/\"},\"author\":{\"name\":\"Rafael Ram\u00edrez\",\"@id\":\"https:\\\/\\\/rafaramirez.org\\\/blog\\\/#\\\/schema\\\/person\\\/50f43b6d60c578760d4c17bda54ab6a5\"},\"headline\":\"D\u00eda Internacional de la Tierra: una jornada para reflexionar sobre nuestra relaci\u00f3n con la naturaleza.\",\"datePublished\":\"2024-04-22T06:15:02+00:00\",\"mainEntityOfPage\":{\"@id\":\"https:\\\/\\\/rafaramirez.org\\\/blog\\\/index.php\\\/2024\\\/04\\\/22\\\/dia-internacional-de-la-tierra\\\/\"},\"wordCount\":732,\"commentCount\":0,\"publisher\":{\"@id\":\"https:\\\/\\\/rafaramirez.org\\\/blog\\\/#\\\/schema\\\/person\\\/50f43b6d60c578760d4c17bda54ab6a5\"},\"image\":{\"@id\":\"https:\\\/\\\/rafaramirez.org\\\/blog\\\/index.php\\\/2024\\\/04\\\/22\\\/dia-internacional-de-la-tierra\\\/#primaryimage\"},\"thumbnailUrl\":\"https:\\\/\\\/rafaramirez.org\\\/blog\\\/wp-content\\\/uploads\\\/2024\\\/04\\\/DiaMundialdelaTierra_banner.jpg\",\"keywords\":[\"2009\",\"22 de abril de 1970\",\"actividades educativas\",\"agricultura intensiva\",\"Asamblea General de las Naciones Unidas\",\"biodiversidad\",\"blog de Rafael Ram\u00edrez\",\"campa\u00f1as de concienciaci\u00f3n\",\"comunidades locales\",\"conservaci\u00f3n del agua\",\"d\u00e9cada de 1960\",\"Decenio de la ONU para la Restauraci\u00f3n de Ecosistemas\",\"deforestaci\u00f3n\",\"detener y revertir la p\u00e9rdida de ecosistemas\",\"D\u00eda Internacional de la Madre Tierra\",\"D\u00eda Mundial de la Tierra\",\"efem\u00e9rides\",\"empresas\",\"Estados Unidos\",\"Gaylord Nelson\",\"gobiernos\",\"Historia\",\"la\u00a0contaminaci\u00f3n\",\"la\u00a0deforestaci\u00f3n\",\"limpiezas comunitarias\",\"miner\u00eda\",\"ONU\",\"Organizaci\u00f3n de las Naciones Unidas\",\"organizaciones\",\"origen del d\u00eda mundial de la Tierra\",\"plantaci\u00f3n de \u00e1rboles\",\"Plantar \u00e1rboles\",\"primer\u00a0D\u00eda de la Tierra\",\"protecci\u00f3n contra inundaciones\",\"purificaci\u00f3n del agua\",\"regulaci\u00f3n del clima\",\"rehabilitar zonas costeras\",\"relaci\u00f3n con la naturaleza\",\"Restauraci\u00f3n de Ecosistemas\",\"urbanizaci\u00f3n\",\"vida en la Tierra\"],\"articleSection\":[\"Efem\u00e9rides\"],\"inLanguage\":\"es\",\"potentialAction\":[{\"@type\":\"CommentAction\",\"name\":\"Comment\",\"target\":[\"https:\\\/\\\/rafaramirez.org\\\/blog\\\/index.php\\\/2024\\\/04\\\/22\\\/dia-internacional-de-la-tierra\\\/#respond\"]}]},{\"@type\":\"WebPage\",\"@id\":\"https:\\\/\\\/rafaramirez.org\\\/blog\\\/index.php\\\/2024\\\/04\\\/22\\\/dia-internacional-de-la-tierra\\\/\",\"url\":\"https:\\\/\\\/rafaramirez.org\\\/blog\\\/index.php\\\/2024\\\/04\\\/22\\\/dia-internacional-de-la-tierra\\\/\",\"name\":\"D\u00eda Internacional de la Tierra: una jornada para reflexionar sobre nuestra relaci\u00f3n con la naturaleza. - Blog de Rafael Ram\u00edrez\",\"isPartOf\":{\"@id\":\"https:\\\/\\\/rafaramirez.org\\\/blog\\\/#website\"},\"primaryImageOfPage\":{\"@id\":\"https:\\\/\\\/rafaramirez.org\\\/blog\\\/index.php\\\/2024\\\/04\\\/22\\\/dia-internacional-de-la-tierra\\\/#primaryimage\"},\"image\":{\"@id\":\"https:\\\/\\\/rafaramirez.org\\\/blog\\\/index.php\\\/2024\\\/04\\\/22\\\/dia-internacional-de-la-tierra\\\/#primaryimage\"},\"thumbnailUrl\":\"https:\\\/\\\/rafaramirez.org\\\/blog\\\/wp-content\\\/uploads\\\/2024\\\/04\\\/DiaMundialdelaTierra_banner.jpg\",\"datePublished\":\"2024-04-22T06:15:02+00:00\",\"breadcrumb\":{\"@id\":\"https:\\\/\\\/rafaramirez.org\\\/blog\\\/index.php\\\/2024\\\/04\\\/22\\\/dia-internacional-de-la-tierra\\\/#breadcrumb\"},\"inLanguage\":\"es\",\"potentialAction\":[{\"@type\":\"ReadAction\",\"target\":[\"https:\\\/\\\/rafaramirez.org\\\/blog\\\/index.php\\\/2024\\\/04\\\/22\\\/dia-internacional-de-la-tierra\\\/\"]}]},{\"@type\":\"ImageObject\",\"inLanguage\":\"es\",\"@id\":\"https:\\\/\\\/rafaramirez.org\\\/blog\\\/index.php\\\/2024\\\/04\\\/22\\\/dia-internacional-de-la-tierra\\\/#primaryimage\",\"url\":\"https:\\\/\\\/rafaramirez.org\\\/blog\\\/wp-content\\\/uploads\\\/2024\\\/04\\\/DiaMundialdelaTierra_banner.jpg\",\"contentUrl\":\"https:\\\/\\\/rafaramirez.org\\\/blog\\\/wp-content\\\/uploads\\\/2024\\\/04\\\/DiaMundialdelaTierra_banner.jpg\",\"width\":850,\"height\":567,\"caption\":\"D\u00eda Mundial de la Tierra. Blog de Rafael Ram\u00edrez.\"},{\"@type\":\"BreadcrumbList\",\"@id\":\"https:\\\/\\\/rafaramirez.org\\\/blog\\\/index.php\\\/2024\\\/04\\\/22\\\/dia-internacional-de-la-tierra\\\/#breadcrumb\",\"itemListElement\":[{\"@type\":\"ListItem\",\"position\":1,\"name\":\"Portada\",\"item\":\"https:\\\/\\\/rafaramirez.org\\\/blog\\\/\"},{\"@type\":\"ListItem\",\"position\":2,\"name\":\"D\u00eda Internacional de la Tierra: una jornada para reflexionar sobre nuestra relaci\u00f3n con la naturaleza.\"}]},{\"@type\":\"WebSite\",\"@id\":\"https:\\\/\\\/rafaramirez.org\\\/blog\\\/#website\",\"url\":\"https:\\\/\\\/rafaramirez.org\\\/blog\\\/\",\"name\":\"Blog de Rafael Ram\u00edrez\",\"description\":\"Un sitio social, de arte y cultura\",\"publisher\":{\"@id\":\"https:\\\/\\\/rafaramirez.org\\\/blog\\\/#\\\/schema\\\/person\\\/50f43b6d60c578760d4c17bda54ab6a5\"},\"potentialAction\":[{\"@type\":\"SearchAction\",\"target\":{\"@type\":\"EntryPoint\",\"urlTemplate\":\"https:\\\/\\\/rafaramirez.org\\\/blog\\\/?s={search_term_string}\"},\"query-input\":{\"@type\":\"PropertyValueSpecification\",\"valueRequired\":true,\"valueName\":\"search_term_string\"}}],\"inLanguage\":\"es\"},{\"@type\":[\"Person\",\"Organization\"],\"@id\":\"https:\\\/\\\/rafaramirez.org\\\/blog\\\/#\\\/schema\\\/person\\\/50f43b6d60c578760d4c17bda54ab6a5\",\"name\":\"Rafael Ram\u00edrez\",\"image\":{\"@type\":\"ImageObject\",\"inLanguage\":\"es\",\"@id\":\"https:\\\/\\\/rafaramirez.org\\\/blog\\\/wp-content\\\/uploads\\\/2024\\\/09\\\/RR_socialnetwork.jpg\",\"url\":\"https:\\\/\\\/rafaramirez.org\\\/blog\\\/wp-content\\\/uploads\\\/2024\\\/09\\\/RR_socialnetwork.jpg\",\"contentUrl\":\"https:\\\/\\\/rafaramirez.org\\\/blog\\\/wp-content\\\/uploads\\\/2024\\\/09\\\/RR_socialnetwork.jpg\",\"width\":600,\"height\":606,\"caption\":\"Rafael Ram\u00edrez\"},\"logo\":{\"@id\":\"https:\\\/\\\/rafaramirez.org\\\/blog\\\/wp-content\\\/uploads\\\/2024\\\/09\\\/RR_socialnetwork.jpg\"},\"sameAs\":[\"https:\\\/\\\/www.rafaramirez.org\\\/blog\",\"https:\\\/\\\/www.instagram.com\\\/rafaramirez_ok\\\/\",\"https:\\\/\\\/es.pinterest.com\\\/Ramirez_Rafa\\\/\",\"https:\\\/\\\/x.com\\\/rafaramirez_ok\"],\"url\":\"https:\\\/\\\/rafaramirez.org\\\/blog\\\/index.php\\\/author\\\/rafaell_qm6j97da\\\/\"}]}<\/script>\n<!-- \/ Yoast SEO plugin. -->","yoast_head_json":{"title":"D\u00eda Internacional de la Tierra: una jornada para reflexionar sobre nuestra relaci\u00f3n con la naturaleza. - Blog de Rafael Ram\u00edrez","robots":{"index":"index","follow":"follow","max-snippet":"max-snippet:-1","max-image-preview":"max-image-preview:large","max-video-preview":"max-video-preview:-1"},"canonical":"https:\/\/rafaramirez.org\/blog\/index.php\/2024\/04\/22\/dia-internacional-de-la-tierra\/","og_locale":"es_ES","og_type":"article","og_title":"D\u00eda Internacional de la Tierra: una jornada para reflexionar sobre nuestra relaci\u00f3n con la naturaleza. - Blog de Rafael Ram\u00edrez","og_description":"El\u00a0D\u00eda Internacional de la Madre Tierra\u00a0tiene un origen inspirador y una historia que nos recuerda la importancia de cuidar nuestro planeta. Aqu\u00ed est\u00e1 su trasfondo: Inicios del Movimiento Ambiental: En la d\u00e9cada de 1960, el movimiento ambiental comenz\u00f3 a ganar fuerza en los Estados Unidos y en todo el mundo. Las preocupaciones sobre la\u00a0contaminaci\u00f3n, la\u00a0deforestaci\u00f3n\u00a0y [&hellip;]","og_url":"https:\/\/rafaramirez.org\/blog\/index.php\/2024\/04\/22\/dia-internacional-de-la-tierra\/","og_site_name":"Blog de Rafael Ram\u00edrez","article_published_time":"2024-04-22T06:15:02+00:00","og_image":[{"width":850,"height":567,"url":"https:\/\/rafaramirez.org\/blog\/wp-content\/uploads\/2024\/04\/DiaMundialdelaTierra_banner.jpg","type":"image\/jpeg"}],"author":"Rafael Ram\u00edrez","twitter_card":"summary_large_image","twitter_creator":"@rafaramirez_ok","twitter_site":"@rafaramirez_ok","twitter_misc":{"Escrito por":"Rafael Ram\u00edrez","Tiempo de lectura":"4 minutos"},"schema":{"@context":"https:\/\/schema.org","@graph":[{"@type":"Article","@id":"https:\/\/rafaramirez.org\/blog\/index.php\/2024\/04\/22\/dia-internacional-de-la-tierra\/#article","isPartOf":{"@id":"https:\/\/rafaramirez.org\/blog\/index.php\/2024\/04\/22\/dia-internacional-de-la-tierra\/"},"author":{"name":"Rafael Ram\u00edrez","@id":"https:\/\/rafaramirez.org\/blog\/#\/schema\/person\/50f43b6d60c578760d4c17bda54ab6a5"},"headline":"D\u00eda Internacional de la Tierra: una jornada para reflexionar sobre nuestra relaci\u00f3n con la naturaleza.","datePublished":"2024-04-22T06:15:02+00:00","mainEntityOfPage":{"@id":"https:\/\/rafaramirez.org\/blog\/index.php\/2024\/04\/22\/dia-internacional-de-la-tierra\/"},"wordCount":732,"commentCount":0,"publisher":{"@id":"https:\/\/rafaramirez.org\/blog\/#\/schema\/person\/50f43b6d60c578760d4c17bda54ab6a5"},"image":{"@id":"https:\/\/rafaramirez.org\/blog\/index.php\/2024\/04\/22\/dia-internacional-de-la-tierra\/#primaryimage"},"thumbnailUrl":"https:\/\/rafaramirez.org\/blog\/wp-content\/uploads\/2024\/04\/DiaMundialdelaTierra_banner.jpg","keywords":["2009","22 de abril de 1970","actividades educativas","agricultura intensiva","Asamblea General de las Naciones Unidas","biodiversidad","blog de Rafael Ram\u00edrez","campa\u00f1as de concienciaci\u00f3n","comunidades locales","conservaci\u00f3n del agua","d\u00e9cada de 1960","Decenio de la ONU para la Restauraci\u00f3n de Ecosistemas","deforestaci\u00f3n","detener y revertir la p\u00e9rdida de ecosistemas","D\u00eda Internacional de la Madre Tierra","D\u00eda Mundial de la Tierra","efem\u00e9rides","empresas","Estados Unidos","Gaylord Nelson","gobiernos","Historia","la\u00a0contaminaci\u00f3n","la\u00a0deforestaci\u00f3n","limpiezas comunitarias","miner\u00eda","ONU","Organizaci\u00f3n de las Naciones Unidas","organizaciones","origen del d\u00eda mundial de la Tierra","plantaci\u00f3n de \u00e1rboles","Plantar \u00e1rboles","primer\u00a0D\u00eda de la Tierra","protecci\u00f3n contra inundaciones","purificaci\u00f3n del agua","regulaci\u00f3n del clima","rehabilitar zonas costeras","relaci\u00f3n con la naturaleza","Restauraci\u00f3n de Ecosistemas","urbanizaci\u00f3n","vida en la Tierra"],"articleSection":["Efem\u00e9rides"],"inLanguage":"es","potentialAction":[{"@type":"CommentAction","name":"Comment","target":["https:\/\/rafaramirez.org\/blog\/index.php\/2024\/04\/22\/dia-internacional-de-la-tierra\/#respond"]}]},{"@type":"WebPage","@id":"https:\/\/rafaramirez.org\/blog\/index.php\/2024\/04\/22\/dia-internacional-de-la-tierra\/","url":"https:\/\/rafaramirez.org\/blog\/index.php\/2024\/04\/22\/dia-internacional-de-la-tierra\/","name":"D\u00eda Internacional de la Tierra: una jornada para reflexionar sobre nuestra relaci\u00f3n con la naturaleza. - Blog de Rafael Ram\u00edrez","isPartOf":{"@id":"https:\/\/rafaramirez.org\/blog\/#website"},"primaryImageOfPage":{"@id":"https:\/\/rafaramirez.org\/blog\/index.php\/2024\/04\/22\/dia-internacional-de-la-tierra\/#primaryimage"},"image":{"@id":"https:\/\/rafaramirez.org\/blog\/index.php\/2024\/04\/22\/dia-internacional-de-la-tierra\/#primaryimage"},"thumbnailUrl":"https:\/\/rafaramirez.org\/blog\/wp-content\/uploads\/2024\/04\/DiaMundialdelaTierra_banner.jpg","datePublished":"2024-04-22T06:15:02+00:00","breadcrumb":{"@id":"https:\/\/rafaramirez.org\/blog\/index.php\/2024\/04\/22\/dia-internacional-de-la-tierra\/#breadcrumb"},"inLanguage":"es","potentialAction":[{"@type":"ReadAction","target":["https:\/\/rafaramirez.org\/blog\/index.php\/2024\/04\/22\/dia-internacional-de-la-tierra\/"]}]},{"@type":"ImageObject","inLanguage":"es","@id":"https:\/\/rafaramirez.org\/blog\/index.php\/2024\/04\/22\/dia-internacional-de-la-tierra\/#primaryimage","url":"https:\/\/rafaramirez.org\/blog\/wp-content\/uploads\/2024\/04\/DiaMundialdelaTierra_banner.jpg","contentUrl":"https:\/\/rafaramirez.org\/blog\/wp-content\/uploads\/2024\/04\/DiaMundialdelaTierra_banner.jpg","width":850,"height":567,"caption":"D\u00eda Mundial de la Tierra. Blog de Rafael Ram\u00edrez."},{"@type":"BreadcrumbList","@id":"https:\/\/rafaramirez.org\/blog\/index.php\/2024\/04\/22\/dia-internacional-de-la-tierra\/#breadcrumb","itemListElement":[{"@type":"ListItem","position":1,"name":"Portada","item":"https:\/\/rafaramirez.org\/blog\/"},{"@type":"ListItem","position":2,"name":"D\u00eda Internacional de la Tierra: una jornada para reflexionar sobre nuestra relaci\u00f3n con la naturaleza."}]},{"@type":"WebSite","@id":"https:\/\/rafaramirez.org\/blog\/#website","url":"https:\/\/rafaramirez.org\/blog\/","name":"Blog de Rafael Ram\u00edrez","description":"Un sitio social, de arte y cultura","publisher":{"@id":"https:\/\/rafaramirez.org\/blog\/#\/schema\/person\/50f43b6d60c578760d4c17bda54ab6a5"},"potentialAction":[{"@type":"SearchAction","target":{"@type":"EntryPoint","urlTemplate":"https:\/\/rafaramirez.org\/blog\/?s={search_term_string}"},"query-input":{"@type":"PropertyValueSpecification","valueRequired":true,"valueName":"search_term_string"}}],"inLanguage":"es"},{"@type":["Person","Organization"],"@id":"https:\/\/rafaramirez.org\/blog\/#\/schema\/person\/50f43b6d60c578760d4c17bda54ab6a5","name":"Rafael Ram\u00edrez","image":{"@type":"ImageObject","inLanguage":"es","@id":"https:\/\/rafaramirez.org\/blog\/wp-content\/uploads\/2024\/09\/RR_socialnetwork.jpg","url":"https:\/\/rafaramirez.org\/blog\/wp-content\/uploads\/2024\/09\/RR_socialnetwork.jpg","contentUrl":"https:\/\/rafaramirez.org\/blog\/wp-content\/uploads\/2024\/09\/RR_socialnetwork.jpg","width":600,"height":606,"caption":"Rafael Ram\u00edrez"},"logo":{"@id":"https:\/\/rafaramirez.org\/blog\/wp-content\/uploads\/2024\/09\/RR_socialnetwork.jpg"},"sameAs":["https:\/\/www.rafaramirez.org\/blog","https:\/\/www.instagram.com\/rafaramirez_ok\/","https:\/\/es.pinterest.com\/Ramirez_Rafa\/","https:\/\/x.com\/rafaramirez_ok"],"url":"https:\/\/rafaramirez.org\/blog\/index.php\/author\/rafaell_qm6j97da\/"}]}},"jetpack_publicize_connections":[],"jetpack_sharing_enabled":true,"jetpack_likes_enabled":true,"jetpack_featured_media_url":"https:\/\/rafaramirez.org\/blog\/wp-content\/uploads\/2024\/04\/DiaMundialdelaTierra_banner.jpg","_links":{"self":[{"href":"https:\/\/rafaramirez.org\/blog\/index.php\/wp-json\/wp\/v2\/posts\/4153","targetHints":{"allow":["GET"]}}],"collection":[{"href":"https:\/\/rafaramirez.org\/blog\/index.php\/wp-json\/wp\/v2\/posts"}],"about":[{"href":"https:\/\/rafaramirez.org\/blog\/index.php\/wp-json\/wp\/v2\/types\/post"}],"author":[{"embeddable":true,"href":"https:\/\/rafaramirez.org\/blog\/index.php\/wp-json\/wp\/v2\/users\/1"}],"replies":[{"embeddable":true,"href":"https:\/\/rafaramirez.org\/blog\/index.php\/wp-json\/wp\/v2\/comments?post=4153"}],"version-history":[{"count":12,"href":"https:\/\/rafaramirez.org\/blog\/index.php\/wp-json\/wp\/v2\/posts\/4153\/revisions"}],"predecessor-version":[{"id":4172,"href":"https:\/\/rafaramirez.org\/blog\/index.php\/wp-json\/wp\/v2\/posts\/4153\/revisions\/4172"}],"wp:featuredmedia":[{"embeddable":true,"href":"https:\/\/rafaramirez.org\/blog\/index.php\/wp-json\/wp\/v2\/media\/4164"}],"wp:attachment":[{"href":"https:\/\/rafaramirez.org\/blog\/index.php\/wp-json\/wp\/v2\/media?parent=4153"}],"wp:term":[{"taxonomy":"category","embeddable":true,"href":"https:\/\/rafaramirez.org\/blog\/index.php\/wp-json\/wp\/v2\/categories?post=4153"},{"taxonomy":"post_tag","embeddable":true,"href":"https:\/\/rafaramirez.org\/blog\/index.php\/wp-json\/wp\/v2\/tags?post=4153"}],"curies":[{"name":"wp","href":"https:\/\/api.w.org\/{rel}","templated":true}]}}