{"id":4068,"date":"2024-04-15T08:15:20","date_gmt":"2024-04-15T06:15:20","guid":{"rendered":"https:\/\/rafaramirez.org\/blog\/?p=4068"},"modified":"2024-04-10T12:01:18","modified_gmt":"2024-04-10T10:01:18","slug":"dia-mundial-del-arte-una-oportunidad-para-reforzar-los-vinculos-entre-las-creaciones-artisticas-y-la-sociedad","status":"publish","type":"post","link":"https:\/\/rafaramirez.org\/blog\/index.php\/2024\/04\/15\/dia-mundial-del-arte-una-oportunidad-para-reforzar-los-vinculos-entre-las-creaciones-artisticas-y-la-sociedad\/","title":{"rendered":"D\u00eda Mundial del Arte, una oportunidad para reforzar los v\u00ednculos entre las creaciones art\u00edsticas y la sociedad"},"content":{"rendered":"<p>El\u00a0<strong>D\u00eda Mundial del Arte<\/strong>\u00a0fue proclamado por la UNESCO durante su 40\u00aa reuni\u00f3n de la Conferencia General en noviembre de 2019.\u00a0La fecha del 15 de abril se eligi\u00f3 para conmemorar el nacimiento de Leonardo da Vinci en 1452, considerado uno de los artistas m\u00e1s destacados de la historia y un s\u00edmbolo del impacto universal del arte.<\/p>\n<p>La celebraci\u00f3n del D\u00eda Mundial del Arte comenz\u00f3 en 2012, antes de su proclamaci\u00f3n oficial por la UNESCO, como una iniciativa de la Asociaci\u00f3n Internacional de Arte (IAA) y la UNESCO.\u00a0El objetivo de esta celebraci\u00f3n es promover el desarrollo, la difusi\u00f3n y la promoci\u00f3n del arte a nivel mundial.\u00a0Se busca nutrir la creatividad, la innovaci\u00f3n y la diversidad cultural, fomentando el intercambio de conocimientos y el di\u00e1logo a trav\u00e9s del arte.<\/p>\n<p style=\"text-align: center;\"><a href=\"https:\/\/rafaramirez.org\/blog\/wp-content\/uploads\/2024\/04\/Dia_Mundial_del_Arte2.jpg\" target=\"_blank\" rel=\"noopener\"><img loading=\"lazy\" decoding=\"async\" class=\"aligncenter wp-image-4073 size-medium\" src=\"https:\/\/rafaramirez.org\/blog\/wp-content\/uploads\/2024\/04\/Dia_Mundial_del_Arte2-300x300.jpg\" alt=\"D\u00eda Mundial del Arte. Blog de Rafael Ram\u00edrez.\" width=\"300\" height=\"300\" srcset=\"https:\/\/rafaramirez.org\/blog\/wp-content\/uploads\/2024\/04\/Dia_Mundial_del_Arte2-300x300.jpg 300w, https:\/\/rafaramirez.org\/blog\/wp-content\/uploads\/2024\/04\/Dia_Mundial_del_Arte2-150x150.jpg 150w, https:\/\/rafaramirez.org\/blog\/wp-content\/uploads\/2024\/04\/Dia_Mundial_del_Arte2-768x768.jpg 768w, https:\/\/rafaramirez.org\/blog\/wp-content\/uploads\/2024\/04\/Dia_Mundial_del_Arte2.jpg 1000w\" sizes=\"auto, (max-width: 300px) 100vw, 300px\" \/><\/a><\/p>\n<p>Este d\u00eda especial ofrece una oportunidad para reforzar los v\u00ednculos entre las creaciones art\u00edsticas y la sociedad, promover la diversidad de las expresiones art\u00edsticas y destacar la contribuci\u00f3n de los artistas al desarrollo sostenible.\u00a0Se anima a la realizaci\u00f3n de actividades como debates, conferencias, talleres, eventos culturales y exposiciones para celebrar el arte en sus diversas formas.<\/p>\n<p style=\"text-align: center;\"><a href=\"https:\/\/rafaramirez.org\/blog\/wp-content\/uploads\/2024\/04\/Dia_Mundial_del_Arte4.jpg\" target=\"_blank\" rel=\"noopener\"><img loading=\"lazy\" decoding=\"async\" class=\"aligncenter wp-image-4074 size-medium\" src=\"https:\/\/rafaramirez.org\/blog\/wp-content\/uploads\/2024\/04\/Dia_Mundial_del_Arte4-300x300.jpg\" alt=\"D\u00eda Mundial del Arte. Blog de Rafael Ram\u00edrez.\" width=\"300\" height=\"300\" srcset=\"https:\/\/rafaramirez.org\/blog\/wp-content\/uploads\/2024\/04\/Dia_Mundial_del_Arte4-300x300.jpg 300w, https:\/\/rafaramirez.org\/blog\/wp-content\/uploads\/2024\/04\/Dia_Mundial_del_Arte4-150x150.jpg 150w, https:\/\/rafaramirez.org\/blog\/wp-content\/uploads\/2024\/04\/Dia_Mundial_del_Arte4-768x768.jpg 768w, https:\/\/rafaramirez.org\/blog\/wp-content\/uploads\/2024\/04\/Dia_Mundial_del_Arte4.jpg 1000w\" sizes=\"auto, (max-width: 300px) 100vw, 300px\" \/><\/a><\/p>\n<p>Para celebrar el\u00a0<strong>D\u00eda Mundial del Arte<\/strong>, te dejo algunas ideas creativas y significativas:<\/p>\n<ol>\n<li><strong>Visita un museo de arte<\/strong>: Aprovecha para explorar las colecciones de arte locales o nacionales.\u00a0Muchos museos ofrecen actividades especiales y entrada libre en este d\u00eda.<\/li>\n<li><strong>Crea tu propia obra de arte<\/strong>: Dedica tiempo a pintar, dibujar, esculpir o cualquier otra forma de expresi\u00f3n art\u00edstica que disfrutes.<\/li>\n<li><strong>Participa en talleres de arte<\/strong>: Busca eventos y talleres que se realicen en tu comunidad.\u00a0Es una excelente oportunidad para aprender t\u00e9cnicas nuevas y conocer a otros entusiastas del arte.<\/li>\n<li><strong>Organiza una ruta de arte urbano<\/strong>: Explora el arte callejero en tu ciudad. Puede ser una experiencia inspiradora y una forma de apreciar el arte contempor\u00e1neo.<\/li>\n<li><strong>Asiste a eventos culturales<\/strong>: Conciertos, obras de teatro, lecturas de poes\u00eda y otras presentaciones art\u00edsticas son maneras fant\u00e1sticas de celebrar el arte en todas sus formas.<\/li>\n<li><strong>Apoya a los artistas locales<\/strong>: Compra obras de arte o artesan\u00edas de creadores locales para ayudar a fomentar la comunidad art\u00edstica de tu \u00e1rea.<\/li>\n<li><strong>Educaci\u00f3n art\u00edstica<\/strong>: Si tienes hijos o j\u00f3venes en tu entorno, invol\u00facralos en actividades art\u00edsticas para fomentar su apreciaci\u00f3n por el arte desde temprana edad.<\/li>\n<\/ol>\n<p style=\"text-align: center;\"><a href=\"https:\/\/rafaramirez.org\/blog\/wp-content\/uploads\/2024\/04\/Dia_Mundial_del_Arte5.jpg\" target=\"_blank\" rel=\"noopener\"><img loading=\"lazy\" decoding=\"async\" class=\"aligncenter wp-image-4075 size-medium\" src=\"https:\/\/rafaramirez.org\/blog\/wp-content\/uploads\/2024\/04\/Dia_Mundial_del_Arte5-300x300.jpg\" alt=\"D\u00eda Mundial del Arte. Blog de Rafael Ram\u00edrez.\" width=\"300\" height=\"300\" srcset=\"https:\/\/rafaramirez.org\/blog\/wp-content\/uploads\/2024\/04\/Dia_Mundial_del_Arte5-300x300.jpg 300w, https:\/\/rafaramirez.org\/blog\/wp-content\/uploads\/2024\/04\/Dia_Mundial_del_Arte5-150x150.jpg 150w, https:\/\/rafaramirez.org\/blog\/wp-content\/uploads\/2024\/04\/Dia_Mundial_del_Arte5-768x768.jpg 768w, https:\/\/rafaramirez.org\/blog\/wp-content\/uploads\/2024\/04\/Dia_Mundial_del_Arte5.jpg 1000w\" sizes=\"auto, (max-width: 300px) 100vw, 300px\" \/><\/a><\/p>\n<p><strong>Recuerda que el arte no solo se trata de la creaci\u00f3n, sino tambi\u00e9n de la apreciaci\u00f3n y el compartir experiencias. \u00a1Disfruta del D\u00eda Mundial del Arte de la manera que m\u00e1s se identifique contigo! \ud83c\udfa8<\/strong><\/p>\n<p><strong>Te invito a dejar tus comentarios debajo de este post. \u00a1Saludos!<\/strong><\/p>\n<p><strong>M\u00e1s informaci\u00f3n:<\/strong><\/p>\n<ul>\n<li><a href=\"https:\/\/es.wikipedia.org\/wiki\/D%C3%ADa_Mundial_del_Arte\" target=\"_blank\" rel=\"noopener\">Wikipedia<\/a><\/li>\n<li><a href=\"https:\/\/www.unesco.org\/es\/days\/art-day\" target=\"_blank\" rel=\"noopener\">Unesco<\/a><\/li>\n<li><a href=\"https:\/\/winegogh.es\/blog\/celebrar-el-dia-del-arte\/\" target=\"_blank\" rel=\"noopener\">Winegogh<\/a><\/li>\n<\/ul>\n<p>&nbsp;<\/p>\n","protected":false},"excerpt":{"rendered":"<p>El\u00a0D\u00eda Mundial del Arte\u00a0fue proclamado por la UNESCO durante su 40\u00aa reuni\u00f3n de la Conferencia General en noviembre de 2019.\u00a0La fecha del 15 de abril se eligi\u00f3 para conmemorar el nacimiento de Leonardo da Vinci en 1452, considerado uno de los artistas m\u00e1s destacados de la historia y un s\u00edmbolo del impacto universal del arte. [&hellip;]<\/p>\n","protected":false},"author":1,"featured_media":4070,"comment_status":"open","ping_status":"closed","sticky":false,"template":"","format":"standard","meta":{"site-container-style":"default","site-container-layout":"default","site-sidebar-layout":"default","disable-article-header":"default","disable-site-header":"default","disable-site-footer":"default","disable-content-area-spacing":"default","_jetpack_newsletter_access":"","_jetpack_dont_email_post_to_subs":false,"_jetpack_newsletter_tier_id":0,"_jetpack_memberships_contains_paywalled_content":false,"_jetpack_feature_clip_id":0,"_jetpack_memberships_contains_paid_content":false,"footnotes":"","jetpack_publicize_message":"","jetpack_publicize_feature_enabled":true,"jetpack_social_post_already_shared":false,"jetpack_social_options":{"image_generator_settings":{"template":"highway","default_image_id":0,"font":"","enabled":false},"version":2},"jetpack_post_was_ever_published":false},"categories":[1291],"tags":[1651,1648,1656,1655,1652,1657,68,1654,1647,1323,1659,1658,1653,1665,1662,1660,1664,1663,1650,1661,1649],"class_list":["post-4068","post","type-post","status-publish","format-standard","has-post-thumbnail","hentry","category-efemerides","tag-1651","tag-15-de-abril","tag-1656","tag-1655","tag-1652","tag-asociacion-internacional-de-arte","tag-blog-de-rafael-ramirez","tag-conferencia-general","tag-dia-mundial-del-arte","tag-efemerides","tag-el-desarrollo","tag-iaa","tag-impacto-universal-del-arte","tag-intercambio-de-conocimientos","tag-la-creatividad","tag-la-difusion","tag-la-diversidad-cultural","tag-la-innovacion","tag-leonardo-da-vinci","tag-promocion-del-arte-a-nivel-mundial","tag-unesco"],"yoast_head":"<!-- This site is optimized with the Yoast SEO plugin v28.4 - https:\/\/yoast.com\/product\/yoast-seo-wordpress\/ -->\n<title>D\u00eda Mundial del Arte, una oportunidad para reforzar los v\u00ednculos entre las creaciones art\u00edsticas y la sociedad - Blog de Rafael Ram\u00edrez<\/title>\n<meta name=\"robots\" content=\"index, follow, max-snippet:-1, max-image-preview:large, max-video-preview:-1\" \/>\n<link rel=\"canonical\" href=\"https:\/\/rafaramirez.org\/blog\/index.php\/2024\/04\/15\/dia-mundial-del-arte-una-oportunidad-para-reforzar-los-vinculos-entre-las-creaciones-artisticas-y-la-sociedad\/\" \/>\n<meta property=\"og:locale\" content=\"es_ES\" \/>\n<meta property=\"og:type\" content=\"article\" \/>\n<meta property=\"og:title\" content=\"D\u00eda Mundial del Arte, una oportunidad para reforzar los v\u00ednculos entre las creaciones art\u00edsticas y la sociedad - Blog de Rafael Ram\u00edrez\" \/>\n<meta property=\"og:description\" content=\"El\u00a0D\u00eda Mundial del Arte\u00a0fue proclamado por la UNESCO durante su 40\u00aa reuni\u00f3n de la Conferencia General en noviembre de 2019.\u00a0La fecha del 15 de abril se eligi\u00f3 para conmemorar el nacimiento de Leonardo da Vinci en 1452, considerado uno de los artistas m\u00e1s destacados de la historia y un s\u00edmbolo del impacto universal del arte. [&hellip;]\" \/>\n<meta property=\"og:url\" content=\"https:\/\/rafaramirez.org\/blog\/index.php\/2024\/04\/15\/dia-mundial-del-arte-una-oportunidad-para-reforzar-los-vinculos-entre-las-creaciones-artisticas-y-la-sociedad\/\" \/>\n<meta property=\"og:site_name\" content=\"Blog de Rafael Ram\u00edrez\" \/>\n<meta property=\"article:published_time\" content=\"2024-04-15T06:15:20+00:00\" \/>\n<meta property=\"og:image\" content=\"https:\/\/rafaramirez.org\/blog\/wp-content\/uploads\/2024\/04\/dia_mundial_del_arte_banner_ok.jpg\" \/>\n\t<meta property=\"og:image:width\" content=\"850\" \/>\n\t<meta property=\"og:image:height\" content=\"446\" \/>\n\t<meta property=\"og:image:type\" content=\"image\/jpeg\" \/>\n<meta name=\"author\" content=\"Rafael Ram\u00edrez\" \/>\n<meta name=\"twitter:card\" content=\"summary_large_image\" \/>\n<meta name=\"twitter:creator\" content=\"@rafaramirez_ok\" \/>\n<meta name=\"twitter:site\" content=\"@rafaramirez_ok\" \/>\n<meta name=\"twitter:label1\" content=\"Escrito por\" \/>\n\t<meta name=\"twitter:data1\" content=\"Rafael Ram\u00edrez\" \/>\n\t<meta name=\"twitter:label2\" content=\"Tiempo de lectura\" \/>\n\t<meta name=\"twitter:data2\" content=\"2 minutos\" \/>\n<script type=\"application\/ld+json\" class=\"yoast-schema-graph\">{\"@context\":\"https:\\\/\\\/schema.org\",\"@graph\":[{\"@type\":\"Article\",\"@id\":\"https:\\\/\\\/rafaramirez.org\\\/blog\\\/index.php\\\/2024\\\/04\\\/15\\\/dia-mundial-del-arte-una-oportunidad-para-reforzar-los-vinculos-entre-las-creaciones-artisticas-y-la-sociedad\\\/#article\",\"isPartOf\":{\"@id\":\"https:\\\/\\\/rafaramirez.org\\\/blog\\\/index.php\\\/2024\\\/04\\\/15\\\/dia-mundial-del-arte-una-oportunidad-para-reforzar-los-vinculos-entre-las-creaciones-artisticas-y-la-sociedad\\\/\"},\"author\":{\"name\":\"Rafael Ram\u00edrez\",\"@id\":\"https:\\\/\\\/rafaramirez.org\\\/blog\\\/#\\\/schema\\\/person\\\/50f43b6d60c578760d4c17bda54ab6a5\"},\"headline\":\"D\u00eda Mundial del Arte, una oportunidad para reforzar los v\u00ednculos entre las creaciones art\u00edsticas y la sociedad\",\"datePublished\":\"2024-04-15T06:15:20+00:00\",\"mainEntityOfPage\":{\"@id\":\"https:\\\/\\\/rafaramirez.org\\\/blog\\\/index.php\\\/2024\\\/04\\\/15\\\/dia-mundial-del-arte-una-oportunidad-para-reforzar-los-vinculos-entre-las-creaciones-artisticas-y-la-sociedad\\\/\"},\"wordCount\":489,\"commentCount\":0,\"publisher\":{\"@id\":\"https:\\\/\\\/rafaramirez.org\\\/blog\\\/#\\\/schema\\\/person\\\/50f43b6d60c578760d4c17bda54ab6a5\"},\"image\":{\"@id\":\"https:\\\/\\\/rafaramirez.org\\\/blog\\\/index.php\\\/2024\\\/04\\\/15\\\/dia-mundial-del-arte-una-oportunidad-para-reforzar-los-vinculos-entre-las-creaciones-artisticas-y-la-sociedad\\\/#primaryimage\"},\"thumbnailUrl\":\"https:\\\/\\\/rafaramirez.org\\\/blog\\\/wp-content\\\/uploads\\\/2024\\\/04\\\/dia_mundial_del_arte_banner_ok.jpg\",\"keywords\":[\"1452\",\"15 de abril\",\"2012\",\"2019\",\"2024\",\"Asociaci\u00f3n Internacional de Arte\",\"blog de Rafael Ram\u00edrez\",\"Conferencia General\",\"D\u00eda Mundial del Arte\",\"efem\u00e9rides\",\"el desarrollo\",\"IAA\",\"impacto universal del arte\",\"intercambio de conocimientos\",\"la creatividad\",\"la difusi\u00f3n\",\"la diversidad cultural\",\"la innovaci\u00f3n\",\"Leonardo da Vinci\",\"promoci\u00f3n del arte a nivel mundial\",\"UNESCO\"],\"articleSection\":[\"Efem\u00e9rides\"],\"inLanguage\":\"es\",\"potentialAction\":[{\"@type\":\"CommentAction\",\"name\":\"Comment\",\"target\":[\"https:\\\/\\\/rafaramirez.org\\\/blog\\\/index.php\\\/2024\\\/04\\\/15\\\/dia-mundial-del-arte-una-oportunidad-para-reforzar-los-vinculos-entre-las-creaciones-artisticas-y-la-sociedad\\\/#respond\"]}]},{\"@type\":\"WebPage\",\"@id\":\"https:\\\/\\\/rafaramirez.org\\\/blog\\\/index.php\\\/2024\\\/04\\\/15\\\/dia-mundial-del-arte-una-oportunidad-para-reforzar-los-vinculos-entre-las-creaciones-artisticas-y-la-sociedad\\\/\",\"url\":\"https:\\\/\\\/rafaramirez.org\\\/blog\\\/index.php\\\/2024\\\/04\\\/15\\\/dia-mundial-del-arte-una-oportunidad-para-reforzar-los-vinculos-entre-las-creaciones-artisticas-y-la-sociedad\\\/\",\"name\":\"D\u00eda Mundial del Arte, una oportunidad para reforzar los v\u00ednculos entre las creaciones art\u00edsticas y la sociedad - Blog de Rafael Ram\u00edrez\",\"isPartOf\":{\"@id\":\"https:\\\/\\\/rafaramirez.org\\\/blog\\\/#website\"},\"primaryImageOfPage\":{\"@id\":\"https:\\\/\\\/rafaramirez.org\\\/blog\\\/index.php\\\/2024\\\/04\\\/15\\\/dia-mundial-del-arte-una-oportunidad-para-reforzar-los-vinculos-entre-las-creaciones-artisticas-y-la-sociedad\\\/#primaryimage\"},\"image\":{\"@id\":\"https:\\\/\\\/rafaramirez.org\\\/blog\\\/index.php\\\/2024\\\/04\\\/15\\\/dia-mundial-del-arte-una-oportunidad-para-reforzar-los-vinculos-entre-las-creaciones-artisticas-y-la-sociedad\\\/#primaryimage\"},\"thumbnailUrl\":\"https:\\\/\\\/rafaramirez.org\\\/blog\\\/wp-content\\\/uploads\\\/2024\\\/04\\\/dia_mundial_del_arte_banner_ok.jpg\",\"datePublished\":\"2024-04-15T06:15:20+00:00\",\"breadcrumb\":{\"@id\":\"https:\\\/\\\/rafaramirez.org\\\/blog\\\/index.php\\\/2024\\\/04\\\/15\\\/dia-mundial-del-arte-una-oportunidad-para-reforzar-los-vinculos-entre-las-creaciones-artisticas-y-la-sociedad\\\/#breadcrumb\"},\"inLanguage\":\"es\",\"potentialAction\":[{\"@type\":\"ReadAction\",\"target\":[\"https:\\\/\\\/rafaramirez.org\\\/blog\\\/index.php\\\/2024\\\/04\\\/15\\\/dia-mundial-del-arte-una-oportunidad-para-reforzar-los-vinculos-entre-las-creaciones-artisticas-y-la-sociedad\\\/\"]}]},{\"@type\":\"ImageObject\",\"inLanguage\":\"es\",\"@id\":\"https:\\\/\\\/rafaramirez.org\\\/blog\\\/index.php\\\/2024\\\/04\\\/15\\\/dia-mundial-del-arte-una-oportunidad-para-reforzar-los-vinculos-entre-las-creaciones-artisticas-y-la-sociedad\\\/#primaryimage\",\"url\":\"https:\\\/\\\/rafaramirez.org\\\/blog\\\/wp-content\\\/uploads\\\/2024\\\/04\\\/dia_mundial_del_arte_banner_ok.jpg\",\"contentUrl\":\"https:\\\/\\\/rafaramirez.org\\\/blog\\\/wp-content\\\/uploads\\\/2024\\\/04\\\/dia_mundial_del_arte_banner_ok.jpg\",\"width\":850,\"height\":446,\"caption\":\"D\u00eda Mundial del Arte. Blog de Rafael Ram\u00edrez.\"},{\"@type\":\"BreadcrumbList\",\"@id\":\"https:\\\/\\\/rafaramirez.org\\\/blog\\\/index.php\\\/2024\\\/04\\\/15\\\/dia-mundial-del-arte-una-oportunidad-para-reforzar-los-vinculos-entre-las-creaciones-artisticas-y-la-sociedad\\\/#breadcrumb\",\"itemListElement\":[{\"@type\":\"ListItem\",\"position\":1,\"name\":\"Portada\",\"item\":\"https:\\\/\\\/rafaramirez.org\\\/blog\\\/\"},{\"@type\":\"ListItem\",\"position\":2,\"name\":\"D\u00eda Mundial del Arte, una oportunidad para reforzar los v\u00ednculos entre las creaciones art\u00edsticas y la sociedad\"}]},{\"@type\":\"WebSite\",\"@id\":\"https:\\\/\\\/rafaramirez.org\\\/blog\\\/#website\",\"url\":\"https:\\\/\\\/rafaramirez.org\\\/blog\\\/\",\"name\":\"Blog de Rafael Ram\u00edrez\",\"description\":\"Un sitio social, de arte y cultura\",\"publisher\":{\"@id\":\"https:\\\/\\\/rafaramirez.org\\\/blog\\\/#\\\/schema\\\/person\\\/50f43b6d60c578760d4c17bda54ab6a5\"},\"potentialAction\":[{\"@type\":\"SearchAction\",\"target\":{\"@type\":\"EntryPoint\",\"urlTemplate\":\"https:\\\/\\\/rafaramirez.org\\\/blog\\\/?s={search_term_string}\"},\"query-input\":{\"@type\":\"PropertyValueSpecification\",\"valueRequired\":true,\"valueName\":\"search_term_string\"}}],\"inLanguage\":\"es\"},{\"@type\":[\"Person\",\"Organization\"],\"@id\":\"https:\\\/\\\/rafaramirez.org\\\/blog\\\/#\\\/schema\\\/person\\\/50f43b6d60c578760d4c17bda54ab6a5\",\"name\":\"Rafael Ram\u00edrez\",\"image\":{\"@type\":\"ImageObject\",\"inLanguage\":\"es\",\"@id\":\"https:\\\/\\\/rafaramirez.org\\\/blog\\\/wp-content\\\/uploads\\\/2024\\\/09\\\/RR_socialnetwork.jpg\",\"url\":\"https:\\\/\\\/rafaramirez.org\\\/blog\\\/wp-content\\\/uploads\\\/2024\\\/09\\\/RR_socialnetwork.jpg\",\"contentUrl\":\"https:\\\/\\\/rafaramirez.org\\\/blog\\\/wp-content\\\/uploads\\\/2024\\\/09\\\/RR_socialnetwork.jpg\",\"width\":600,\"height\":606,\"caption\":\"Rafael Ram\u00edrez\"},\"logo\":{\"@id\":\"https:\\\/\\\/rafaramirez.org\\\/blog\\\/wp-content\\\/uploads\\\/2024\\\/09\\\/RR_socialnetwork.jpg\"},\"sameAs\":[\"https:\\\/\\\/www.rafaramirez.org\\\/blog\",\"https:\\\/\\\/www.instagram.com\\\/rafaramirez_ok\\\/\",\"https:\\\/\\\/es.pinterest.com\\\/Ramirez_Rafa\\\/\",\"https:\\\/\\\/x.com\\\/rafaramirez_ok\"],\"url\":\"https:\\\/\\\/rafaramirez.org\\\/blog\\\/index.php\\\/author\\\/rafaell_qm6j97da\\\/\"}]}<\/script>\n<!-- \/ Yoast SEO plugin. -->","yoast_head_json":{"title":"D\u00eda Mundial del Arte, una oportunidad para reforzar los v\u00ednculos entre las creaciones art\u00edsticas y la sociedad - Blog de Rafael Ram\u00edrez","robots":{"index":"index","follow":"follow","max-snippet":"max-snippet:-1","max-image-preview":"max-image-preview:large","max-video-preview":"max-video-preview:-1"},"canonical":"https:\/\/rafaramirez.org\/blog\/index.php\/2024\/04\/15\/dia-mundial-del-arte-una-oportunidad-para-reforzar-los-vinculos-entre-las-creaciones-artisticas-y-la-sociedad\/","og_locale":"es_ES","og_type":"article","og_title":"D\u00eda Mundial del Arte, una oportunidad para reforzar los v\u00ednculos entre las creaciones art\u00edsticas y la sociedad - Blog de Rafael Ram\u00edrez","og_description":"El\u00a0D\u00eda Mundial del Arte\u00a0fue proclamado por la UNESCO durante su 40\u00aa reuni\u00f3n de la Conferencia General en noviembre de 2019.\u00a0La fecha del 15 de abril se eligi\u00f3 para conmemorar el nacimiento de Leonardo da Vinci en 1452, considerado uno de los artistas m\u00e1s destacados de la historia y un s\u00edmbolo del impacto universal del arte. [&hellip;]","og_url":"https:\/\/rafaramirez.org\/blog\/index.php\/2024\/04\/15\/dia-mundial-del-arte-una-oportunidad-para-reforzar-los-vinculos-entre-las-creaciones-artisticas-y-la-sociedad\/","og_site_name":"Blog de Rafael Ram\u00edrez","article_published_time":"2024-04-15T06:15:20+00:00","og_image":[{"width":850,"height":446,"url":"https:\/\/rafaramirez.org\/blog\/wp-content\/uploads\/2024\/04\/dia_mundial_del_arte_banner_ok.jpg","type":"image\/jpeg"}],"author":"Rafael Ram\u00edrez","twitter_card":"summary_large_image","twitter_creator":"@rafaramirez_ok","twitter_site":"@rafaramirez_ok","twitter_misc":{"Escrito por":"Rafael Ram\u00edrez","Tiempo de lectura":"2 minutos"},"schema":{"@context":"https:\/\/schema.org","@graph":[{"@type":"Article","@id":"https:\/\/rafaramirez.org\/blog\/index.php\/2024\/04\/15\/dia-mundial-del-arte-una-oportunidad-para-reforzar-los-vinculos-entre-las-creaciones-artisticas-y-la-sociedad\/#article","isPartOf":{"@id":"https:\/\/rafaramirez.org\/blog\/index.php\/2024\/04\/15\/dia-mundial-del-arte-una-oportunidad-para-reforzar-los-vinculos-entre-las-creaciones-artisticas-y-la-sociedad\/"},"author":{"name":"Rafael Ram\u00edrez","@id":"https:\/\/rafaramirez.org\/blog\/#\/schema\/person\/50f43b6d60c578760d4c17bda54ab6a5"},"headline":"D\u00eda Mundial del Arte, una oportunidad para reforzar los v\u00ednculos entre las creaciones art\u00edsticas y la sociedad","datePublished":"2024-04-15T06:15:20+00:00","mainEntityOfPage":{"@id":"https:\/\/rafaramirez.org\/blog\/index.php\/2024\/04\/15\/dia-mundial-del-arte-una-oportunidad-para-reforzar-los-vinculos-entre-las-creaciones-artisticas-y-la-sociedad\/"},"wordCount":489,"commentCount":0,"publisher":{"@id":"https:\/\/rafaramirez.org\/blog\/#\/schema\/person\/50f43b6d60c578760d4c17bda54ab6a5"},"image":{"@id":"https:\/\/rafaramirez.org\/blog\/index.php\/2024\/04\/15\/dia-mundial-del-arte-una-oportunidad-para-reforzar-los-vinculos-entre-las-creaciones-artisticas-y-la-sociedad\/#primaryimage"},"thumbnailUrl":"https:\/\/rafaramirez.org\/blog\/wp-content\/uploads\/2024\/04\/dia_mundial_del_arte_banner_ok.jpg","keywords":["1452","15 de abril","2012","2019","2024","Asociaci\u00f3n Internacional de Arte","blog de Rafael Ram\u00edrez","Conferencia General","D\u00eda Mundial del Arte","efem\u00e9rides","el desarrollo","IAA","impacto universal del arte","intercambio de conocimientos","la creatividad","la difusi\u00f3n","la diversidad cultural","la innovaci\u00f3n","Leonardo da Vinci","promoci\u00f3n del arte a nivel mundial","UNESCO"],"articleSection":["Efem\u00e9rides"],"inLanguage":"es","potentialAction":[{"@type":"CommentAction","name":"Comment","target":["https:\/\/rafaramirez.org\/blog\/index.php\/2024\/04\/15\/dia-mundial-del-arte-una-oportunidad-para-reforzar-los-vinculos-entre-las-creaciones-artisticas-y-la-sociedad\/#respond"]}]},{"@type":"WebPage","@id":"https:\/\/rafaramirez.org\/blog\/index.php\/2024\/04\/15\/dia-mundial-del-arte-una-oportunidad-para-reforzar-los-vinculos-entre-las-creaciones-artisticas-y-la-sociedad\/","url":"https:\/\/rafaramirez.org\/blog\/index.php\/2024\/04\/15\/dia-mundial-del-arte-una-oportunidad-para-reforzar-los-vinculos-entre-las-creaciones-artisticas-y-la-sociedad\/","name":"D\u00eda Mundial del Arte, una oportunidad para reforzar los v\u00ednculos entre las creaciones art\u00edsticas y la sociedad - Blog de Rafael Ram\u00edrez","isPartOf":{"@id":"https:\/\/rafaramirez.org\/blog\/#website"},"primaryImageOfPage":{"@id":"https:\/\/rafaramirez.org\/blog\/index.php\/2024\/04\/15\/dia-mundial-del-arte-una-oportunidad-para-reforzar-los-vinculos-entre-las-creaciones-artisticas-y-la-sociedad\/#primaryimage"},"image":{"@id":"https:\/\/rafaramirez.org\/blog\/index.php\/2024\/04\/15\/dia-mundial-del-arte-una-oportunidad-para-reforzar-los-vinculos-entre-las-creaciones-artisticas-y-la-sociedad\/#primaryimage"},"thumbnailUrl":"https:\/\/rafaramirez.org\/blog\/wp-content\/uploads\/2024\/04\/dia_mundial_del_arte_banner_ok.jpg","datePublished":"2024-04-15T06:15:20+00:00","breadcrumb":{"@id":"https:\/\/rafaramirez.org\/blog\/index.php\/2024\/04\/15\/dia-mundial-del-arte-una-oportunidad-para-reforzar-los-vinculos-entre-las-creaciones-artisticas-y-la-sociedad\/#breadcrumb"},"inLanguage":"es","potentialAction":[{"@type":"ReadAction","target":["https:\/\/rafaramirez.org\/blog\/index.php\/2024\/04\/15\/dia-mundial-del-arte-una-oportunidad-para-reforzar-los-vinculos-entre-las-creaciones-artisticas-y-la-sociedad\/"]}]},{"@type":"ImageObject","inLanguage":"es","@id":"https:\/\/rafaramirez.org\/blog\/index.php\/2024\/04\/15\/dia-mundial-del-arte-una-oportunidad-para-reforzar-los-vinculos-entre-las-creaciones-artisticas-y-la-sociedad\/#primaryimage","url":"https:\/\/rafaramirez.org\/blog\/wp-content\/uploads\/2024\/04\/dia_mundial_del_arte_banner_ok.jpg","contentUrl":"https:\/\/rafaramirez.org\/blog\/wp-content\/uploads\/2024\/04\/dia_mundial_del_arte_banner_ok.jpg","width":850,"height":446,"caption":"D\u00eda Mundial del Arte. Blog de Rafael Ram\u00edrez."},{"@type":"BreadcrumbList","@id":"https:\/\/rafaramirez.org\/blog\/index.php\/2024\/04\/15\/dia-mundial-del-arte-una-oportunidad-para-reforzar-los-vinculos-entre-las-creaciones-artisticas-y-la-sociedad\/#breadcrumb","itemListElement":[{"@type":"ListItem","position":1,"name":"Portada","item":"https:\/\/rafaramirez.org\/blog\/"},{"@type":"ListItem","position":2,"name":"D\u00eda Mundial del Arte, una oportunidad para reforzar los v\u00ednculos entre las creaciones art\u00edsticas y la sociedad"}]},{"@type":"WebSite","@id":"https:\/\/rafaramirez.org\/blog\/#website","url":"https:\/\/rafaramirez.org\/blog\/","name":"Blog de Rafael Ram\u00edrez","description":"Un sitio social, de arte y cultura","publisher":{"@id":"https:\/\/rafaramirez.org\/blog\/#\/schema\/person\/50f43b6d60c578760d4c17bda54ab6a5"},"potentialAction":[{"@type":"SearchAction","target":{"@type":"EntryPoint","urlTemplate":"https:\/\/rafaramirez.org\/blog\/?s={search_term_string}"},"query-input":{"@type":"PropertyValueSpecification","valueRequired":true,"valueName":"search_term_string"}}],"inLanguage":"es"},{"@type":["Person","Organization"],"@id":"https:\/\/rafaramirez.org\/blog\/#\/schema\/person\/50f43b6d60c578760d4c17bda54ab6a5","name":"Rafael Ram\u00edrez","image":{"@type":"ImageObject","inLanguage":"es","@id":"https:\/\/rafaramirez.org\/blog\/wp-content\/uploads\/2024\/09\/RR_socialnetwork.jpg","url":"https:\/\/rafaramirez.org\/blog\/wp-content\/uploads\/2024\/09\/RR_socialnetwork.jpg","contentUrl":"https:\/\/rafaramirez.org\/blog\/wp-content\/uploads\/2024\/09\/RR_socialnetwork.jpg","width":600,"height":606,"caption":"Rafael Ram\u00edrez"},"logo":{"@id":"https:\/\/rafaramirez.org\/blog\/wp-content\/uploads\/2024\/09\/RR_socialnetwork.jpg"},"sameAs":["https:\/\/www.rafaramirez.org\/blog","https:\/\/www.instagram.com\/rafaramirez_ok\/","https:\/\/es.pinterest.com\/Ramirez_Rafa\/","https:\/\/x.com\/rafaramirez_ok"],"url":"https:\/\/rafaramirez.org\/blog\/index.php\/author\/rafaell_qm6j97da\/"}]}},"jetpack_publicize_connections":[],"jetpack_sharing_enabled":true,"jetpack_likes_enabled":true,"jetpack_featured_media_url":"https:\/\/rafaramirez.org\/blog\/wp-content\/uploads\/2024\/04\/dia_mundial_del_arte_banner_ok.jpg","_links":{"self":[{"href":"https:\/\/rafaramirez.org\/blog\/index.php\/wp-json\/wp\/v2\/posts\/4068","targetHints":{"allow":["GET"]}}],"collection":[{"href":"https:\/\/rafaramirez.org\/blog\/index.php\/wp-json\/wp\/v2\/posts"}],"about":[{"href":"https:\/\/rafaramirez.org\/blog\/index.php\/wp-json\/wp\/v2\/types\/post"}],"author":[{"embeddable":true,"href":"https:\/\/rafaramirez.org\/blog\/index.php\/wp-json\/wp\/v2\/users\/1"}],"replies":[{"embeddable":true,"href":"https:\/\/rafaramirez.org\/blog\/index.php\/wp-json\/wp\/v2\/comments?post=4068"}],"version-history":[{"count":5,"href":"https:\/\/rafaramirez.org\/blog\/index.php\/wp-json\/wp\/v2\/posts\/4068\/revisions"}],"predecessor-version":[{"id":4078,"href":"https:\/\/rafaramirez.org\/blog\/index.php\/wp-json\/wp\/v2\/posts\/4068\/revisions\/4078"}],"wp:featuredmedia":[{"embeddable":true,"href":"https:\/\/rafaramirez.org\/blog\/index.php\/wp-json\/wp\/v2\/media\/4070"}],"wp:attachment":[{"href":"https:\/\/rafaramirez.org\/blog\/index.php\/wp-json\/wp\/v2\/media?parent=4068"}],"wp:term":[{"taxonomy":"category","embeddable":true,"href":"https:\/\/rafaramirez.org\/blog\/index.php\/wp-json\/wp\/v2\/categories?post=4068"},{"taxonomy":"post_tag","embeddable":true,"href":"https:\/\/rafaramirez.org\/blog\/index.php\/wp-json\/wp\/v2\/tags?post=4068"}],"curies":[{"name":"wp","href":"https:\/\/api.w.org\/{rel}","templated":true}]}}