{"id":4048,"date":"2024-04-12T08:15:55","date_gmt":"2024-04-12T06:15:55","guid":{"rendered":"https:\/\/rafaramirez.org\/blog\/?p=4048"},"modified":"2024-04-17T10:32:07","modified_gmt":"2024-04-17T08:32:07","slug":"la-resiliencia-adaptarse-y-florecer-ante-la-adversidad","status":"publish","type":"post","link":"https:\/\/rafaramirez.org\/blog\/index.php\/2024\/04\/12\/la-resiliencia-adaptarse-y-florecer-ante-la-adversidad\/","title":{"rendered":"Resiliencia: Adaptarse y crecer ante la adversidad."},"content":{"rendered":"<p data-sourcepos=\"3:1-3:275\">La <strong>resiliencia<\/strong> es la capacidad de <strong>sobreponerse a las dificultades<\/strong> y <strong>adaptarse a los cambios<\/strong> de manera positiva. Es como un resorte que, al ser comprimido por la adversidad, no solo vuelve a su estado original, sino que <strong>se fortalece y emerge con mayor impulso<\/strong>.<\/p>\n<p data-sourcepos=\"5:1-5:210\"><strong>No se trata solo de superar la crisis<\/strong>, sino de <strong>crecer a partir de ella<\/strong>. La persona resiliente no se deja vencer por las dificultades, sino que las ve como <strong>oportunidades de aprendizaje y crecimiento<\/strong>.<\/p>\n<p style=\"text-align: center;\" data-sourcepos=\"5:1-5:210\"><a href=\"https:\/\/rafaramirez.org\/blog\/wp-content\/uploads\/2024\/04\/resiliencia2_blogderafaelramirez_logblog.jpg\" target=\"_blank\" rel=\"noopener\"><img loading=\"lazy\" decoding=\"async\" class=\"aligncenter wp-image-4059 size-medium\" src=\"https:\/\/rafaramirez.org\/blog\/wp-content\/uploads\/2024\/04\/resiliencia2_blogderafaelramirez_logblog-300x300.jpg\" alt=\"Resiliencia. Blog de Rafael Ram\u00edrez.\" width=\"300\" height=\"300\" srcset=\"https:\/\/rafaramirez.org\/blog\/wp-content\/uploads\/2024\/04\/resiliencia2_blogderafaelramirez_logblog-300x300.jpg 300w, https:\/\/rafaramirez.org\/blog\/wp-content\/uploads\/2024\/04\/resiliencia2_blogderafaelramirez_logblog-150x150.jpg 150w, https:\/\/rafaramirez.org\/blog\/wp-content\/uploads\/2024\/04\/resiliencia2_blogderafaelramirez_logblog-768x768.jpg 768w, https:\/\/rafaramirez.org\/blog\/wp-content\/uploads\/2024\/04\/resiliencia2_blogderafaelramirez_logblog.jpg 1000w\" sizes=\"auto, (max-width: 300px) 100vw, 300px\" \/><\/a><\/p>\n<p data-sourcepos=\"7:1-7:33\"><strong>Beneficios de la resiliencia:<\/strong><\/p>\n<ul data-sourcepos=\"9:1-14:0\">\n<li data-sourcepos=\"9:1-9:78\"><strong>Mayor bienestar emocional:<\/strong>\u00a0Reduce el estr\u00e9s, la ansiedad y la depresi\u00f3n.<\/li>\n<li data-sourcepos=\"10:1-10:95\"><strong>Mejor salud f\u00edsica:<\/strong>\u00a0Fortalece el sistema inmunol\u00f3gico y reduce el riesgo de enfermedades.<\/li>\n<li data-sourcepos=\"11:1-11:97\"><strong>Mayor capacidad de adaptaci\u00f3n:<\/strong>\u00a0Permite afrontar los cambios con flexibilidad y creatividad.<\/li>\n<li data-sourcepos=\"12:1-12:63\"><strong>Mejores relaciones:<\/strong>\u00a0Fortalece los v\u00ednculos con los dem\u00e1s.<\/li>\n<li data-sourcepos=\"13:1-14:0\"><strong>Mayor \u00e9xito personal:<\/strong>\u00a0Aumenta la confianza en uno mismo y la capacidad de alcanzar metas.<\/li>\n<\/ul>\n<p data-sourcepos=\"15:1-15:46\"><strong>C\u00f3mo llevar la resiliencia a nuestra vida:<\/strong><\/p>\n<ul data-sourcepos=\"17:1-23:0\">\n<li data-sourcepos=\"17:1-17:116\"><strong>Desarrollar una actitud positiva:<\/strong>\u00a0Enfocarse en lo bueno de la vida y buscar oportunidades en las dificultades.<\/li>\n<li data-sourcepos=\"18:1-18:82\"><strong>Cultivar relaciones fuertes:<\/strong>\u00a0Buscar apoyo en la familia, amigos y comunidad.<\/li>\n<li data-sourcepos=\"19:1-19:98\"><strong>Aprender a manejar el estr\u00e9s:<\/strong>\u00a0Practicar t\u00e9cnicas de relajaci\u00f3n como la meditaci\u00f3n o el yoga.<\/li>\n<li data-sourcepos=\"20:1-20:88\"><strong>Cuidar de la salud f\u00edsica:<\/strong>\u00a0Dormir bien, comer sano y hacer ejercicio regularmente.<\/li>\n<li data-sourcepos=\"21:1-21:96\"><strong>Ser flexible y adaptable:<\/strong>\u00a0Aceptar que el cambio es inevitable y aprender a adaptarse a \u00e9l.<\/li>\n<li data-sourcepos=\"22:1-23:0\"><strong>Tener un prop\u00f3sito en la vida:<\/strong>\u00a0Encontrar algo que nos motive y nos d\u00e9 sentido.<\/li>\n<\/ul>\n<p style=\"text-align: center;\"><a href=\"https:\/\/rafaramirez.org\/blog\/wp-content\/uploads\/2024\/04\/resiliencia3_blogderafaelramirez_logblog.jpg\" target=\"_blank\" rel=\"noopener\"><img loading=\"lazy\" decoding=\"async\" class=\"aligncenter wp-image-4060 size-medium\" src=\"https:\/\/rafaramirez.org\/blog\/wp-content\/uploads\/2024\/04\/resiliencia3_blogderafaelramirez_logblog-300x300.jpg\" alt=\"Resiliencia. Blog de Rafael Ram\u00edrez.\" width=\"300\" height=\"300\" srcset=\"https:\/\/rafaramirez.org\/blog\/wp-content\/uploads\/2024\/04\/resiliencia3_blogderafaelramirez_logblog-300x300.jpg 300w, https:\/\/rafaramirez.org\/blog\/wp-content\/uploads\/2024\/04\/resiliencia3_blogderafaelramirez_logblog-150x150.jpg 150w, https:\/\/rafaramirez.org\/blog\/wp-content\/uploads\/2024\/04\/resiliencia3_blogderafaelramirez_logblog-768x768.jpg 768w, https:\/\/rafaramirez.org\/blog\/wp-content\/uploads\/2024\/04\/resiliencia3_blogderafaelramirez_logblog.jpg 1000w\" sizes=\"auto, (max-width: 300px) 100vw, 300px\" \/><\/a><\/p>\n<p data-sourcepos=\"24:1-24:217\"><strong>La resiliencia es una actitud de vida<\/strong> que se puede aprender y desarrollar. No significa que no vayamos a experimentar dolor o sufrimiento, pero s\u00ed nos permite <strong>afrontarlo de manera m\u00e1s saludable y constructiva<\/strong>.<\/p>\n<p data-sourcepos=\"24:1-24:217\"><strong>A trav\u00e9s de este cuento, entender\u00e1s mejor esta opci\u00f3n de vida:<\/strong><\/p>\n<blockquote><p>Hab\u00eda una vez un peque\u00f1o \u00e1rbol en medio de un bosque frondoso. Este \u00e1rbol, llam\u00e9moslo\u00a0<strong>Roble<\/strong>, era en cierto modo m\u00e1gico ya que pose\u00eda el don del pensamiento y la palabra (al fin y al cabo es un cuento).<\/p>\n<p>El Roble, como pod\u00e9is imaginar, enfrent\u00f3 muchas tormentas a lo largo de su vida. Los vientos huracanados intentaron doblarlo y romperlo, pero el Roble se manten\u00eda firme. \u00bfCu\u00e1l era su secreto? La <strong>resiliencia<\/strong>.<\/p>\n<p>El Roble no era el m\u00e1s alto ni el m\u00e1s fuerte, pero ten\u00eda una habilidad especial. Cada vez que una tormenta se avecinaba, sus ra\u00edces se aferraban m\u00e1s fuerte al suelo. Sus ramas se doblaban, pero nunca se romp\u00edan. Aprendi\u00f3 a adaptarse a las condiciones cambiantes del bosque y a encontrar oportunidades incluso en la adversidad.<\/p>\n<p style=\"text-align: center;\"><a href=\"https:\/\/rafaramirez.org\/blog\/wp-content\/uploads\/2024\/04\/resiliencia4_blogderafaelramirez_logblog.jpg\" target=\"_blank\" rel=\"noopener\"><img loading=\"lazy\" decoding=\"async\" class=\"aligncenter wp-image-4061 size-medium\" src=\"https:\/\/rafaramirez.org\/blog\/wp-content\/uploads\/2024\/04\/resiliencia4_blogderafaelramirez_logblog-300x300.jpg\" alt=\"Resiliencia. Blog de Rafael Ram\u00edrez.\" width=\"300\" height=\"300\" srcset=\"https:\/\/rafaramirez.org\/blog\/wp-content\/uploads\/2024\/04\/resiliencia4_blogderafaelramirez_logblog-300x300.jpg 300w, https:\/\/rafaramirez.org\/blog\/wp-content\/uploads\/2024\/04\/resiliencia4_blogderafaelramirez_logblog-150x150.jpg 150w, https:\/\/rafaramirez.org\/blog\/wp-content\/uploads\/2024\/04\/resiliencia4_blogderafaelramirez_logblog-768x768.jpg 768w, https:\/\/rafaramirez.org\/blog\/wp-content\/uploads\/2024\/04\/resiliencia4_blogderafaelramirez_logblog.jpg 1000w\" sizes=\"auto, (max-width: 300px) 100vw, 300px\" \/><\/a><\/p>\n<p>Un d\u00eda, una sequ\u00eda prolongada golpe\u00f3 el bosque. Otros \u00e1rboles se marchitaron y perdieron sus hojas, pero el Roble segu\u00eda en pie. Sus hojas se volvieron m\u00e1s gruesas y resistentes para conservar la humedad. A medida que las nubes grises se cern\u00edan sobre \u00e9l, el Roble recordaba que la lluvia eventualmente llegar\u00eda.<\/p>\n<p>La resiliencia del Roble no solo se manifestaba en su resistencia f\u00edsica, sino tambi\u00e9n en su mente. No se lamentaba por las tormentas pasadas ni tem\u00eda las futuras. En cambio, se centraba en el presente y en c\u00f3mo pod\u00eda crecer a pesar de las circunstancias.<\/p>\n<p>Un d\u00eda, un grupo de ni\u00f1os exploradores lleg\u00f3 al bosque. Se maravillaron ante la majestuosidad del Roble y le preguntaron: \u201c\u00bfC\u00f3mo logras sobrevivir a todas las tormentas?\u201d. El Roble les dijo:<\/p>\n<p>\u00abLa resiliencia no es solo una actitud de vida, es una forma de ser. Se trata de adaptarse, aprender y crecer. Aqu\u00ed est\u00e1n algunas lecciones que he aprendido:<\/p>\n<ol>\n<li><strong>Acepta lo que no puedes cambiar<\/strong>: No puedo evitar las tormentas, pero puedo fortalecer mis ra\u00edces para resistirlas.<\/li>\n<li><strong>Encuentra oportunidades en la adversidad<\/strong>: Cada tormenta trae consigo la posibilidad de crecimiento y renovaci\u00f3n.<\/li>\n<li><strong>Mant\u00e9n la esperanza<\/strong>: La sequ\u00eda no durar\u00e1 para siempre. La lluvia siempre llega.<\/li>\n<li><strong>No te quiebres, d\u00f3blate<\/strong>: Las ramas flexibles son m\u00e1s dif\u00edciles de romper que las r\u00edgidas.<\/li>\n<li><strong>Cuida de ti mismo<\/strong>: Fortalece tu cuerpo y tu mente para enfrentar los desaf\u00edos\u00bb.<\/li>\n<\/ol>\n<p style=\"text-align: center;\"><a href=\"https:\/\/rafaramirez.org\/blog\/wp-content\/uploads\/2024\/04\/resiliencia5_blogderafaelramirez_logblog.jpg\" target=\"_blank\" rel=\"noopener\"><img loading=\"lazy\" decoding=\"async\" class=\"aligncenter wp-image-4062 size-medium\" src=\"https:\/\/rafaramirez.org\/blog\/wp-content\/uploads\/2024\/04\/resiliencia5_blogderafaelramirez_logblog-300x300.jpg\" alt=\"Resiliencia. Blog de Rafael Ram\u00edrez.\" width=\"300\" height=\"300\" srcset=\"https:\/\/rafaramirez.org\/blog\/wp-content\/uploads\/2024\/04\/resiliencia5_blogderafaelramirez_logblog-300x300.jpg 300w, https:\/\/rafaramirez.org\/blog\/wp-content\/uploads\/2024\/04\/resiliencia5_blogderafaelramirez_logblog-150x150.jpg 150w, https:\/\/rafaramirez.org\/blog\/wp-content\/uploads\/2024\/04\/resiliencia5_blogderafaelramirez_logblog-768x768.jpg 768w, https:\/\/rafaramirez.org\/blog\/wp-content\/uploads\/2024\/04\/resiliencia5_blogderafaelramirez_logblog.jpg 1000w\" sizes=\"auto, (max-width: 300px) 100vw, 300px\" \/><\/a><\/p>\n<p>Los ni\u00f1os escucharon atentamente y prometieron llevar consigo las lecciones del Roble. Se dieron cuenta de que la resiliencia no solo era una palabra, sino una forma de vida. Y as\u00ed, el peque\u00f1o Roble creci\u00f3 y se convirti\u00f3 en un s\u00edmbolo de esperanza y fortaleza para todos los que lo rodeaban.<\/p><\/blockquote>\n<p data-sourcepos=\"26:1-26:13\"><strong>Recuerda:<\/strong><\/p>\n<ul data-sourcepos=\"28:1-31:0\">\n<li data-sourcepos=\"28:1-28:102\">La resiliencia no es un regalo, es una habilidad que se puede desarrollar con esfuerzo y dedicaci\u00f3n.<\/li>\n<li data-sourcepos=\"29:1-29:137\">No hay una f\u00f3rmula m\u00e1gica para ser resiliente, pero hay muchas estrategias que pueden ayudarte a fortalecer tu capacidad de adaptaci\u00f3n.<\/li>\n<li data-sourcepos=\"30:1-31:0\">Si est\u00e1s pasando por un momento dif\u00edcil, no dudes en buscar ayuda.<\/li>\n<\/ul>\n<p>Algunos ejemplos hist\u00f3ricos de personas resilientes incluyen a\u00a0<strong>Nelson Mandela<\/strong>, quien pas\u00f3 27 a\u00f1os en prisi\u00f3n y luego lider\u00f3 su pa\u00eds hacia la igualdad y la reconciliaci\u00f3n, y\u00a0<strong>Malala Yousafzai<\/strong>, quien sobrevivi\u00f3 a un intento de asesinato y contin\u00faa luchando por la educaci\u00f3n y la igualdad de g\u00e9nero.<\/p>\n<p style=\"text-align: center;\"><a href=\"https:\/\/rafaramirez.org\/blog\/wp-content\/uploads\/2024\/04\/resiliencia6_blogderafaelramirez_logblog.jpg\" target=\"_blank\" rel=\"noopener\"><img loading=\"lazy\" decoding=\"async\" class=\"aligncenter wp-image-4063 size-medium\" src=\"https:\/\/rafaramirez.org\/blog\/wp-content\/uploads\/2024\/04\/resiliencia6_blogderafaelramirez_logblog-300x300.jpg\" alt=\"Resiliencia. Blog de Rafael Ram\u00edrez.\" width=\"300\" height=\"300\" srcset=\"https:\/\/rafaramirez.org\/blog\/wp-content\/uploads\/2024\/04\/resiliencia6_blogderafaelramirez_logblog-300x300.jpg 300w, https:\/\/rafaramirez.org\/blog\/wp-content\/uploads\/2024\/04\/resiliencia6_blogderafaelramirez_logblog-150x150.jpg 150w, https:\/\/rafaramirez.org\/blog\/wp-content\/uploads\/2024\/04\/resiliencia6_blogderafaelramirez_logblog-768x768.jpg 768w, https:\/\/rafaramirez.org\/blog\/wp-content\/uploads\/2024\/04\/resiliencia6_blogderafaelramirez_logblog.jpg 1000w\" sizes=\"auto, (max-width: 300px) 100vw, 300px\" \/><\/a><\/p>\n<p data-sourcepos=\"32:1-32:25\"><strong>\u00a1Espero que esta informaci\u00f3n te haya sido \u00fatil para comprender mejor que es la resiliencia y como trabajar para conseguir traerla a tu vida. Como siempre, puedes dejar tus comentarios debajo del post. \u00a1Saludos!<\/strong><\/p>\n<p data-sourcepos=\"32:1-32:25\"><strong>M\u00e1s informaci\u00f3n:<\/strong><\/p>\n<ul data-sourcepos=\"34:1-37:0\">\n<li data-sourcepos=\"34:1-34:160\">Wikipedia: Resiliencia (psicolog\u00eda):\u00a0<a class=\"traceable-link\" href=\"https:\/\/es.wikipedia.org\/wiki\/Resiliencia_(psicolog%C3%ADa)\" target=\"_blank\" rel=\"noopener noreferrer\">https:\/\/es.wikipedia.org\/wiki\/Resiliencia_(psicolog%C3%ADa<\/a><\/li>\n<li data-sourcepos=\"35:1-35:219\">El Prado Psic\u00f3logos: Qu\u00e9 es la Resiliencia y Los 12 H\u00e1bitos de las Personas Resilientes:\u00a0<a class=\"traceable-link\" href=\"https:\/\/www.elpradopsicologos.es\/blog\/resiliencia-resilientes\/\" target=\"_blank\" rel=\"noopener noreferrer\">https:\/\/www.elpradopsicologos.es\/blog\/resiliencia-resilientes\/<\/a><\/li>\n<li data-sourcepos=\"36:1-37:0\">Somos Estupendas: Resiliencia: Significado y ejemplos de una persona resiliente:\u00a0<a class=\"traceable-link\" href=\"https:\/\/somosestupendas.com\/resiliencia\/\" target=\"_blank\" rel=\"noopener noreferrer\">https:\/\/somosestupendas.com\/resiliencia\/<\/a><\/li>\n<li data-sourcepos=\"36:1-37:0\">10 personajes hist\u00f3ricos ejemplos de resiliencia: <a href=\"https:\/\/carlosdorado.net\/top-ten-10-personajes-historicos-ejemplos-de-resiliencia\/\" target=\"_blank\" rel=\"noopener\">https:\/\/carlosdorado.net\/top-ten-10-personajes-historicos-ejemplos-de-resiliencia\/<\/a><\/li>\n<\/ul>\n<p data-sourcepos=\"38:1-38:51\">\n","protected":false},"excerpt":{"rendered":"<p>La resiliencia es la capacidad de sobreponerse a las dificultades y adaptarse a los cambios de manera positiva. Es como un resorte que, al ser comprimido por la adversidad, no solo vuelve a su estado original, sino que se fortalece y emerge con mayor impulso. No se trata solo de superar la crisis, sino de [&hellip;]<\/p>\n","protected":false},"author":1,"featured_media":4058,"comment_status":"open","ping_status":"closed","sticky":false,"template":"","format":"standard","meta":{"site-container-style":"default","site-container-layout":"default","site-sidebar-layout":"default","disable-article-header":"default","disable-site-header":"default","disable-site-footer":"default","disable-content-area-spacing":"default","_jetpack_newsletter_access":"","_jetpack_dont_email_post_to_subs":false,"_jetpack_newsletter_tier_id":0,"_jetpack_memberships_contains_paywalled_content":false,"_jetpack_feature_clip_id":0,"_jetpack_memberships_contains_paid_content":false,"footnotes":"","jetpack_publicize_message":"","jetpack_publicize_feature_enabled":true,"jetpack_social_post_already_shared":false,"jetpack_social_options":{"image_generator_settings":{"template":"highway","default_image_id":0,"font":"","enabled":false},"version":2},"jetpack_post_was_ever_published":false},"categories":[15],"tags":[1641,1632,1636,1646,1637,1635,1634,1645,1642,1638,1630,1639,1643,1644,1633,1640,1631],"class_list":["post-4048","post","type-post","status-publish","format-standard","has-post-thumbnail","hentry","category-noticias-sociales","tag-acepta-lo-que-no-puedes-cambiar","tag-adaptarse-a-los-cambios","tag-aprender-a-manejar-el-estres","tag-cuida-de-ti-mismo","tag-cuidar-de-la-salud-fisica","tag-cultivar-relaciones-fuertes","tag-desarrollar-una-actitud-positiva","tag-doblate","tag-encuentra-oportunidades-en-la-adversidad","tag-ener-un-proposito-en-la-vida","tag-la-resiliencia","tag-la-resiliencia-es-una-actitud-de-vida","tag-manten-la-esperanza","tag-no-te-quiebres","tag-oportunidades-de-aprendizaje-y-crecimiento","tag-saludable-y-constructiva","tag-sobreponerse-a-las-dificultades"],"yoast_head":"<!-- This site is optimized with the Yoast SEO plugin v28.4 - https:\/\/yoast.com\/product\/yoast-seo-wordpress\/ -->\n<title>Resiliencia: Adaptarse y crecer ante la adversidad. - Blog de Rafael Ram\u00edrez<\/title>\n<meta name=\"robots\" content=\"index, follow, max-snippet:-1, max-image-preview:large, max-video-preview:-1\" \/>\n<link rel=\"canonical\" href=\"https:\/\/rafaramirez.org\/blog\/index.php\/2024\/04\/12\/la-resiliencia-adaptarse-y-florecer-ante-la-adversidad\/\" \/>\n<meta property=\"og:locale\" content=\"es_ES\" \/>\n<meta property=\"og:type\" content=\"article\" \/>\n<meta property=\"og:title\" content=\"Resiliencia: Adaptarse y crecer ante la adversidad. - Blog de Rafael Ram\u00edrez\" \/>\n<meta property=\"og:description\" content=\"La resiliencia es la capacidad de sobreponerse a las dificultades y adaptarse a los cambios de manera positiva. Es como un resorte que, al ser comprimido por la adversidad, no solo vuelve a su estado original, sino que se fortalece y emerge con mayor impulso. No se trata solo de superar la crisis, sino de [&hellip;]\" \/>\n<meta property=\"og:url\" content=\"https:\/\/rafaramirez.org\/blog\/index.php\/2024\/04\/12\/la-resiliencia-adaptarse-y-florecer-ante-la-adversidad\/\" \/>\n<meta property=\"og:site_name\" content=\"Blog de Rafael Ram\u00edrez\" \/>\n<meta property=\"article:published_time\" content=\"2024-04-12T06:15:55+00:00\" \/>\n<meta property=\"article:modified_time\" content=\"2024-04-17T08:32:07+00:00\" \/>\n<meta property=\"og:image\" content=\"https:\/\/rafaramirez.org\/blog\/wp-content\/uploads\/2024\/04\/resiliencia1_blogderafaelramirez_banner_logblog.jpg\" \/>\n\t<meta property=\"og:image:width\" content=\"850\" \/>\n\t<meta property=\"og:image:height\" content=\"650\" \/>\n\t<meta property=\"og:image:type\" content=\"image\/jpeg\" \/>\n<meta name=\"author\" content=\"Rafael Ram\u00edrez\" \/>\n<meta name=\"twitter:card\" content=\"summary_large_image\" \/>\n<meta name=\"twitter:creator\" content=\"@rafaramirez_ok\" \/>\n<meta name=\"twitter:site\" content=\"@rafaramirez_ok\" \/>\n<meta name=\"twitter:label1\" content=\"Escrito por\" \/>\n\t<meta name=\"twitter:data1\" content=\"Rafael Ram\u00edrez\" \/>\n\t<meta name=\"twitter:label2\" content=\"Tiempo de lectura\" \/>\n\t<meta name=\"twitter:data2\" content=\"5 minutos\" \/>\n<script type=\"application\/ld+json\" class=\"yoast-schema-graph\">{\"@context\":\"https:\\\/\\\/schema.org\",\"@graph\":[{\"@type\":\"Article\",\"@id\":\"https:\\\/\\\/rafaramirez.org\\\/blog\\\/index.php\\\/2024\\\/04\\\/12\\\/la-resiliencia-adaptarse-y-florecer-ante-la-adversidad\\\/#article\",\"isPartOf\":{\"@id\":\"https:\\\/\\\/rafaramirez.org\\\/blog\\\/index.php\\\/2024\\\/04\\\/12\\\/la-resiliencia-adaptarse-y-florecer-ante-la-adversidad\\\/\"},\"author\":{\"name\":\"Rafael Ram\u00edrez\",\"@id\":\"https:\\\/\\\/rafaramirez.org\\\/blog\\\/#\\\/schema\\\/person\\\/50f43b6d60c578760d4c17bda54ab6a5\"},\"headline\":\"Resiliencia: Adaptarse y crecer ante la adversidad.\",\"datePublished\":\"2024-04-12T06:15:55+00:00\",\"dateModified\":\"2024-04-17T08:32:07+00:00\",\"mainEntityOfPage\":{\"@id\":\"https:\\\/\\\/rafaramirez.org\\\/blog\\\/index.php\\\/2024\\\/04\\\/12\\\/la-resiliencia-adaptarse-y-florecer-ante-la-adversidad\\\/\"},\"wordCount\":969,\"commentCount\":0,\"publisher\":{\"@id\":\"https:\\\/\\\/rafaramirez.org\\\/blog\\\/#\\\/schema\\\/person\\\/50f43b6d60c578760d4c17bda54ab6a5\"},\"image\":{\"@id\":\"https:\\\/\\\/rafaramirez.org\\\/blog\\\/index.php\\\/2024\\\/04\\\/12\\\/la-resiliencia-adaptarse-y-florecer-ante-la-adversidad\\\/#primaryimage\"},\"thumbnailUrl\":\"https:\\\/\\\/rafaramirez.org\\\/blog\\\/wp-content\\\/uploads\\\/2024\\\/04\\\/resiliencia1_blogderafaelramirez_banner_logblog.jpg\",\"keywords\":[\"Acepta lo que no puedes cambiar\",\"adaptarse a los cambios\",\"Aprender a manejar el estr\u00e9s\",\"Cuida de ti mismo\",\"Cuidar de la salud f\u00edsica\",\"Cultivar relaciones fuertes\",\"Desarrollar una actitud positiva\",\"d\u00f3blate\",\"Encuentra oportunidades en la adversidad\",\"ener un prop\u00f3sito en la vida\",\"La resiliencia\",\"La resiliencia es una actitud de vida\",\"Mant\u00e9n la esperanza\",\"No te quiebres\",\"oportunidades de aprendizaje y crecimiento\",\"saludable y constructiva\",\"sobreponerse a las dificultades\"],\"articleSection\":[\"Informe social\"],\"inLanguage\":\"es\",\"potentialAction\":[{\"@type\":\"CommentAction\",\"name\":\"Comment\",\"target\":[\"https:\\\/\\\/rafaramirez.org\\\/blog\\\/index.php\\\/2024\\\/04\\\/12\\\/la-resiliencia-adaptarse-y-florecer-ante-la-adversidad\\\/#respond\"]}]},{\"@type\":\"WebPage\",\"@id\":\"https:\\\/\\\/rafaramirez.org\\\/blog\\\/index.php\\\/2024\\\/04\\\/12\\\/la-resiliencia-adaptarse-y-florecer-ante-la-adversidad\\\/\",\"url\":\"https:\\\/\\\/rafaramirez.org\\\/blog\\\/index.php\\\/2024\\\/04\\\/12\\\/la-resiliencia-adaptarse-y-florecer-ante-la-adversidad\\\/\",\"name\":\"Resiliencia: Adaptarse y crecer ante la adversidad. - Blog de Rafael Ram\u00edrez\",\"isPartOf\":{\"@id\":\"https:\\\/\\\/rafaramirez.org\\\/blog\\\/#website\"},\"primaryImageOfPage\":{\"@id\":\"https:\\\/\\\/rafaramirez.org\\\/blog\\\/index.php\\\/2024\\\/04\\\/12\\\/la-resiliencia-adaptarse-y-florecer-ante-la-adversidad\\\/#primaryimage\"},\"image\":{\"@id\":\"https:\\\/\\\/rafaramirez.org\\\/blog\\\/index.php\\\/2024\\\/04\\\/12\\\/la-resiliencia-adaptarse-y-florecer-ante-la-adversidad\\\/#primaryimage\"},\"thumbnailUrl\":\"https:\\\/\\\/rafaramirez.org\\\/blog\\\/wp-content\\\/uploads\\\/2024\\\/04\\\/resiliencia1_blogderafaelramirez_banner_logblog.jpg\",\"datePublished\":\"2024-04-12T06:15:55+00:00\",\"dateModified\":\"2024-04-17T08:32:07+00:00\",\"breadcrumb\":{\"@id\":\"https:\\\/\\\/rafaramirez.org\\\/blog\\\/index.php\\\/2024\\\/04\\\/12\\\/la-resiliencia-adaptarse-y-florecer-ante-la-adversidad\\\/#breadcrumb\"},\"inLanguage\":\"es\",\"potentialAction\":[{\"@type\":\"ReadAction\",\"target\":[\"https:\\\/\\\/rafaramirez.org\\\/blog\\\/index.php\\\/2024\\\/04\\\/12\\\/la-resiliencia-adaptarse-y-florecer-ante-la-adversidad\\\/\"]}]},{\"@type\":\"ImageObject\",\"inLanguage\":\"es\",\"@id\":\"https:\\\/\\\/rafaramirez.org\\\/blog\\\/index.php\\\/2024\\\/04\\\/12\\\/la-resiliencia-adaptarse-y-florecer-ante-la-adversidad\\\/#primaryimage\",\"url\":\"https:\\\/\\\/rafaramirez.org\\\/blog\\\/wp-content\\\/uploads\\\/2024\\\/04\\\/resiliencia1_blogderafaelramirez_banner_logblog.jpg\",\"contentUrl\":\"https:\\\/\\\/rafaramirez.org\\\/blog\\\/wp-content\\\/uploads\\\/2024\\\/04\\\/resiliencia1_blogderafaelramirez_banner_logblog.jpg\",\"width\":850,\"height\":650,\"caption\":\"Resiliencia. Blog de Rafael Ram\u00edrez.\"},{\"@type\":\"BreadcrumbList\",\"@id\":\"https:\\\/\\\/rafaramirez.org\\\/blog\\\/index.php\\\/2024\\\/04\\\/12\\\/la-resiliencia-adaptarse-y-florecer-ante-la-adversidad\\\/#breadcrumb\",\"itemListElement\":[{\"@type\":\"ListItem\",\"position\":1,\"name\":\"Portada\",\"item\":\"https:\\\/\\\/rafaramirez.org\\\/blog\\\/\"},{\"@type\":\"ListItem\",\"position\":2,\"name\":\"Resiliencia: Adaptarse y crecer ante la adversidad.\"}]},{\"@type\":\"WebSite\",\"@id\":\"https:\\\/\\\/rafaramirez.org\\\/blog\\\/#website\",\"url\":\"https:\\\/\\\/rafaramirez.org\\\/blog\\\/\",\"name\":\"Blog de Rafael Ram\u00edrez\",\"description\":\"Un sitio social, de arte y cultura\",\"publisher\":{\"@id\":\"https:\\\/\\\/rafaramirez.org\\\/blog\\\/#\\\/schema\\\/person\\\/50f43b6d60c578760d4c17bda54ab6a5\"},\"potentialAction\":[{\"@type\":\"SearchAction\",\"target\":{\"@type\":\"EntryPoint\",\"urlTemplate\":\"https:\\\/\\\/rafaramirez.org\\\/blog\\\/?s={search_term_string}\"},\"query-input\":{\"@type\":\"PropertyValueSpecification\",\"valueRequired\":true,\"valueName\":\"search_term_string\"}}],\"inLanguage\":\"es\"},{\"@type\":[\"Person\",\"Organization\"],\"@id\":\"https:\\\/\\\/rafaramirez.org\\\/blog\\\/#\\\/schema\\\/person\\\/50f43b6d60c578760d4c17bda54ab6a5\",\"name\":\"Rafael Ram\u00edrez\",\"image\":{\"@type\":\"ImageObject\",\"inLanguage\":\"es\",\"@id\":\"https:\\\/\\\/rafaramirez.org\\\/blog\\\/wp-content\\\/uploads\\\/2024\\\/09\\\/RR_socialnetwork.jpg\",\"url\":\"https:\\\/\\\/rafaramirez.org\\\/blog\\\/wp-content\\\/uploads\\\/2024\\\/09\\\/RR_socialnetwork.jpg\",\"contentUrl\":\"https:\\\/\\\/rafaramirez.org\\\/blog\\\/wp-content\\\/uploads\\\/2024\\\/09\\\/RR_socialnetwork.jpg\",\"width\":600,\"height\":606,\"caption\":\"Rafael Ram\u00edrez\"},\"logo\":{\"@id\":\"https:\\\/\\\/rafaramirez.org\\\/blog\\\/wp-content\\\/uploads\\\/2024\\\/09\\\/RR_socialnetwork.jpg\"},\"sameAs\":[\"https:\\\/\\\/www.rafaramirez.org\\\/blog\",\"https:\\\/\\\/www.instagram.com\\\/rafaramirez_ok\\\/\",\"https:\\\/\\\/es.pinterest.com\\\/Ramirez_Rafa\\\/\",\"https:\\\/\\\/x.com\\\/rafaramirez_ok\"],\"url\":\"https:\\\/\\\/rafaramirez.org\\\/blog\\\/index.php\\\/author\\\/rafaell_qm6j97da\\\/\"}]}<\/script>\n<!-- \/ Yoast SEO plugin. -->","yoast_head_json":{"title":"Resiliencia: Adaptarse y crecer ante la adversidad. - Blog de Rafael Ram\u00edrez","robots":{"index":"index","follow":"follow","max-snippet":"max-snippet:-1","max-image-preview":"max-image-preview:large","max-video-preview":"max-video-preview:-1"},"canonical":"https:\/\/rafaramirez.org\/blog\/index.php\/2024\/04\/12\/la-resiliencia-adaptarse-y-florecer-ante-la-adversidad\/","og_locale":"es_ES","og_type":"article","og_title":"Resiliencia: Adaptarse y crecer ante la adversidad. - Blog de Rafael Ram\u00edrez","og_description":"La resiliencia es la capacidad de sobreponerse a las dificultades y adaptarse a los cambios de manera positiva. Es como un resorte que, al ser comprimido por la adversidad, no solo vuelve a su estado original, sino que se fortalece y emerge con mayor impulso. No se trata solo de superar la crisis, sino de [&hellip;]","og_url":"https:\/\/rafaramirez.org\/blog\/index.php\/2024\/04\/12\/la-resiliencia-adaptarse-y-florecer-ante-la-adversidad\/","og_site_name":"Blog de Rafael Ram\u00edrez","article_published_time":"2024-04-12T06:15:55+00:00","article_modified_time":"2024-04-17T08:32:07+00:00","og_image":[{"width":850,"height":650,"url":"https:\/\/rafaramirez.org\/blog\/wp-content\/uploads\/2024\/04\/resiliencia1_blogderafaelramirez_banner_logblog.jpg","type":"image\/jpeg"}],"author":"Rafael Ram\u00edrez","twitter_card":"summary_large_image","twitter_creator":"@rafaramirez_ok","twitter_site":"@rafaramirez_ok","twitter_misc":{"Escrito por":"Rafael Ram\u00edrez","Tiempo de lectura":"5 minutos"},"schema":{"@context":"https:\/\/schema.org","@graph":[{"@type":"Article","@id":"https:\/\/rafaramirez.org\/blog\/index.php\/2024\/04\/12\/la-resiliencia-adaptarse-y-florecer-ante-la-adversidad\/#article","isPartOf":{"@id":"https:\/\/rafaramirez.org\/blog\/index.php\/2024\/04\/12\/la-resiliencia-adaptarse-y-florecer-ante-la-adversidad\/"},"author":{"name":"Rafael Ram\u00edrez","@id":"https:\/\/rafaramirez.org\/blog\/#\/schema\/person\/50f43b6d60c578760d4c17bda54ab6a5"},"headline":"Resiliencia: Adaptarse y crecer ante la adversidad.","datePublished":"2024-04-12T06:15:55+00:00","dateModified":"2024-04-17T08:32:07+00:00","mainEntityOfPage":{"@id":"https:\/\/rafaramirez.org\/blog\/index.php\/2024\/04\/12\/la-resiliencia-adaptarse-y-florecer-ante-la-adversidad\/"},"wordCount":969,"commentCount":0,"publisher":{"@id":"https:\/\/rafaramirez.org\/blog\/#\/schema\/person\/50f43b6d60c578760d4c17bda54ab6a5"},"image":{"@id":"https:\/\/rafaramirez.org\/blog\/index.php\/2024\/04\/12\/la-resiliencia-adaptarse-y-florecer-ante-la-adversidad\/#primaryimage"},"thumbnailUrl":"https:\/\/rafaramirez.org\/blog\/wp-content\/uploads\/2024\/04\/resiliencia1_blogderafaelramirez_banner_logblog.jpg","keywords":["Acepta lo que no puedes cambiar","adaptarse a los cambios","Aprender a manejar el estr\u00e9s","Cuida de ti mismo","Cuidar de la salud f\u00edsica","Cultivar relaciones fuertes","Desarrollar una actitud positiva","d\u00f3blate","Encuentra oportunidades en la adversidad","ener un prop\u00f3sito en la vida","La resiliencia","La resiliencia es una actitud de vida","Mant\u00e9n la esperanza","No te quiebres","oportunidades de aprendizaje y crecimiento","saludable y constructiva","sobreponerse a las dificultades"],"articleSection":["Informe social"],"inLanguage":"es","potentialAction":[{"@type":"CommentAction","name":"Comment","target":["https:\/\/rafaramirez.org\/blog\/index.php\/2024\/04\/12\/la-resiliencia-adaptarse-y-florecer-ante-la-adversidad\/#respond"]}]},{"@type":"WebPage","@id":"https:\/\/rafaramirez.org\/blog\/index.php\/2024\/04\/12\/la-resiliencia-adaptarse-y-florecer-ante-la-adversidad\/","url":"https:\/\/rafaramirez.org\/blog\/index.php\/2024\/04\/12\/la-resiliencia-adaptarse-y-florecer-ante-la-adversidad\/","name":"Resiliencia: Adaptarse y crecer ante la adversidad. - Blog de Rafael Ram\u00edrez","isPartOf":{"@id":"https:\/\/rafaramirez.org\/blog\/#website"},"primaryImageOfPage":{"@id":"https:\/\/rafaramirez.org\/blog\/index.php\/2024\/04\/12\/la-resiliencia-adaptarse-y-florecer-ante-la-adversidad\/#primaryimage"},"image":{"@id":"https:\/\/rafaramirez.org\/blog\/index.php\/2024\/04\/12\/la-resiliencia-adaptarse-y-florecer-ante-la-adversidad\/#primaryimage"},"thumbnailUrl":"https:\/\/rafaramirez.org\/blog\/wp-content\/uploads\/2024\/04\/resiliencia1_blogderafaelramirez_banner_logblog.jpg","datePublished":"2024-04-12T06:15:55+00:00","dateModified":"2024-04-17T08:32:07+00:00","breadcrumb":{"@id":"https:\/\/rafaramirez.org\/blog\/index.php\/2024\/04\/12\/la-resiliencia-adaptarse-y-florecer-ante-la-adversidad\/#breadcrumb"},"inLanguage":"es","potentialAction":[{"@type":"ReadAction","target":["https:\/\/rafaramirez.org\/blog\/index.php\/2024\/04\/12\/la-resiliencia-adaptarse-y-florecer-ante-la-adversidad\/"]}]},{"@type":"ImageObject","inLanguage":"es","@id":"https:\/\/rafaramirez.org\/blog\/index.php\/2024\/04\/12\/la-resiliencia-adaptarse-y-florecer-ante-la-adversidad\/#primaryimage","url":"https:\/\/rafaramirez.org\/blog\/wp-content\/uploads\/2024\/04\/resiliencia1_blogderafaelramirez_banner_logblog.jpg","contentUrl":"https:\/\/rafaramirez.org\/blog\/wp-content\/uploads\/2024\/04\/resiliencia1_blogderafaelramirez_banner_logblog.jpg","width":850,"height":650,"caption":"Resiliencia. Blog de Rafael Ram\u00edrez."},{"@type":"BreadcrumbList","@id":"https:\/\/rafaramirez.org\/blog\/index.php\/2024\/04\/12\/la-resiliencia-adaptarse-y-florecer-ante-la-adversidad\/#breadcrumb","itemListElement":[{"@type":"ListItem","position":1,"name":"Portada","item":"https:\/\/rafaramirez.org\/blog\/"},{"@type":"ListItem","position":2,"name":"Resiliencia: Adaptarse y crecer ante la adversidad."}]},{"@type":"WebSite","@id":"https:\/\/rafaramirez.org\/blog\/#website","url":"https:\/\/rafaramirez.org\/blog\/","name":"Blog de Rafael Ram\u00edrez","description":"Un sitio social, de arte y cultura","publisher":{"@id":"https:\/\/rafaramirez.org\/blog\/#\/schema\/person\/50f43b6d60c578760d4c17bda54ab6a5"},"potentialAction":[{"@type":"SearchAction","target":{"@type":"EntryPoint","urlTemplate":"https:\/\/rafaramirez.org\/blog\/?s={search_term_string}"},"query-input":{"@type":"PropertyValueSpecification","valueRequired":true,"valueName":"search_term_string"}}],"inLanguage":"es"},{"@type":["Person","Organization"],"@id":"https:\/\/rafaramirez.org\/blog\/#\/schema\/person\/50f43b6d60c578760d4c17bda54ab6a5","name":"Rafael Ram\u00edrez","image":{"@type":"ImageObject","inLanguage":"es","@id":"https:\/\/rafaramirez.org\/blog\/wp-content\/uploads\/2024\/09\/RR_socialnetwork.jpg","url":"https:\/\/rafaramirez.org\/blog\/wp-content\/uploads\/2024\/09\/RR_socialnetwork.jpg","contentUrl":"https:\/\/rafaramirez.org\/blog\/wp-content\/uploads\/2024\/09\/RR_socialnetwork.jpg","width":600,"height":606,"caption":"Rafael Ram\u00edrez"},"logo":{"@id":"https:\/\/rafaramirez.org\/blog\/wp-content\/uploads\/2024\/09\/RR_socialnetwork.jpg"},"sameAs":["https:\/\/www.rafaramirez.org\/blog","https:\/\/www.instagram.com\/rafaramirez_ok\/","https:\/\/es.pinterest.com\/Ramirez_Rafa\/","https:\/\/x.com\/rafaramirez_ok"],"url":"https:\/\/rafaramirez.org\/blog\/index.php\/author\/rafaell_qm6j97da\/"}]}},"jetpack_publicize_connections":[],"jetpack_sharing_enabled":true,"jetpack_likes_enabled":true,"jetpack_featured_media_url":"https:\/\/rafaramirez.org\/blog\/wp-content\/uploads\/2024\/04\/resiliencia1_blogderafaelramirez_banner_logblog.jpg","_links":{"self":[{"href":"https:\/\/rafaramirez.org\/blog\/index.php\/wp-json\/wp\/v2\/posts\/4048","targetHints":{"allow":["GET"]}}],"collection":[{"href":"https:\/\/rafaramirez.org\/blog\/index.php\/wp-json\/wp\/v2\/posts"}],"about":[{"href":"https:\/\/rafaramirez.org\/blog\/index.php\/wp-json\/wp\/v2\/types\/post"}],"author":[{"embeddable":true,"href":"https:\/\/rafaramirez.org\/blog\/index.php\/wp-json\/wp\/v2\/users\/1"}],"replies":[{"embeddable":true,"href":"https:\/\/rafaramirez.org\/blog\/index.php\/wp-json\/wp\/v2\/comments?post=4048"}],"version-history":[{"count":13,"href":"https:\/\/rafaramirez.org\/blog\/index.php\/wp-json\/wp\/v2\/posts\/4048\/revisions"}],"predecessor-version":[{"id":4105,"href":"https:\/\/rafaramirez.org\/blog\/index.php\/wp-json\/wp\/v2\/posts\/4048\/revisions\/4105"}],"wp:featuredmedia":[{"embeddable":true,"href":"https:\/\/rafaramirez.org\/blog\/index.php\/wp-json\/wp\/v2\/media\/4058"}],"wp:attachment":[{"href":"https:\/\/rafaramirez.org\/blog\/index.php\/wp-json\/wp\/v2\/media?parent=4048"}],"wp:term":[{"taxonomy":"category","embeddable":true,"href":"https:\/\/rafaramirez.org\/blog\/index.php\/wp-json\/wp\/v2\/categories?post=4048"},{"taxonomy":"post_tag","embeddable":true,"href":"https:\/\/rafaramirez.org\/blog\/index.php\/wp-json\/wp\/v2\/tags?post=4048"}],"curies":[{"name":"wp","href":"https:\/\/api.w.org\/{rel}","templated":true}]}}