{"id":4014,"date":"2024-04-10T08:15:29","date_gmt":"2024-04-10T06:15:29","guid":{"rendered":"https:\/\/rafaramirez.org\/blog\/?p=4014"},"modified":"2026-01-28T13:28:44","modified_gmt":"2026-01-28T12:28:44","slug":"el-collage-un-baile-de-texturas-y-colores-guia-paso-a-paso","status":"publish","type":"post","link":"https:\/\/rafaramirez.org\/blog\/index.php\/2024\/04\/10\/el-collage-un-baile-de-texturas-y-colores-guia-paso-a-paso\/","title":{"rendered":"El collage: un baile de texturas y colores. Gu\u00eda para dar rienda suelta a tu imaginaci\u00f3n."},"content":{"rendered":"<p data-sourcepos=\"3:1-3:372\">Imagina un lienzo en blanco, no como un vac\u00edo, sino como un escenario. En \u00e9l, recortes de revistas, telas con texturas vibrantes, fotograf\u00edas que guardan historias, y hasta objetos cotidianos, se convierten en personajes de una danza art\u00edstica. Esta es la magia del collage, una t\u00e9cnica que te invita a jugar con la composici\u00f3n, la narrativa visual y la libertad creativa.<\/p>\n<p style=\"text-align: center;\" data-sourcepos=\"3:1-3:372\"><a href=\"https:\/\/rafaramirez.org\/blog\/wp-content\/uploads\/2024\/04\/Collage2.jpg\" target=\"_blank\" rel=\"noopener\"><img loading=\"lazy\" decoding=\"async\" class=\"aligncenter wp-image-4020 size-medium\" src=\"https:\/\/rafaramirez.org\/blog\/wp-content\/uploads\/2024\/04\/Collage2-300x300.jpg\" alt=\"Collage. Gu\u00eda para dar rienda suelta a tu imaginaci\u00f3n.\" width=\"300\" height=\"300\" srcset=\"https:\/\/rafaramirez.org\/blog\/wp-content\/uploads\/2024\/04\/Collage2-300x300.jpg 300w, https:\/\/rafaramirez.org\/blog\/wp-content\/uploads\/2024\/04\/Collage2-150x150.jpg 150w, https:\/\/rafaramirez.org\/blog\/wp-content\/uploads\/2024\/04\/Collage2-768x768.jpg 768w, https:\/\/rafaramirez.org\/blog\/wp-content\/uploads\/2024\/04\/Collage2.jpg 1024w\" sizes=\"auto, (max-width: 300px) 100vw, 300px\" \/><\/a><\/p>\n<p data-sourcepos=\"5:1-5:42\"><strong>Materiales para dar vida a tu collage:<\/strong><\/p>\n<ul data-sourcepos=\"7:1-13:0\">\n<li data-sourcepos=\"7:1-7:121\"><strong>Lienzo o base:<\/strong> Puede ser un lienzo tradicional, madera, cart\u00f3n, Elige una superficie que inspire tu visi\u00f3n.<\/li>\n<li data-sourcepos=\"8:1-8:100\"><strong>Tijeras y c\u00fater:<\/strong>\u00a0Tus herramientas para liberar las im\u00e1genes y objetos que poblar\u00e1n tu collage.<\/li>\n<li data-sourcepos=\"9:1-9:94\"><strong>Pegamento:<\/strong>\u00a0Elige uno adecuado para la superficie de tu base y los materiales que usar\u00e1s.<\/li>\n<li data-sourcepos=\"10:1-10:111\"><strong>Tu paleta de materiales:<\/strong>\u00a0Revistas, peri\u00f3dicos, telas, fotograf\u00edas, botones, \u00a1lo que tu imaginaci\u00f3n dicte!<\/li>\n<li data-sourcepos=\"11:1-11:130\"><strong>Pinturas y pinceles:<\/strong>\u00a0Si deseas integrar la pintura a tu collage, estos materiales te dar\u00e1n a\u00fan m\u00e1s posibilidades expresivas.<\/li>\n<li data-sourcepos=\"12:1-13:0\"><strong>Barniz (opcional):<\/strong>\u00a0Para proteger tu obra y darle un acabado profesional.<\/li>\n<\/ul>\n<p style=\"text-align: center;\"><a href=\"https:\/\/rafaramirez.org\/blog\/wp-content\/uploads\/2024\/04\/Collage4.jpg\" target=\"_blank\" rel=\"noopener\"><img loading=\"lazy\" decoding=\"async\" class=\"aligncenter wp-image-4021 size-medium\" src=\"https:\/\/rafaramirez.org\/blog\/wp-content\/uploads\/2024\/04\/Collage4-225x300.jpg\" alt=\"Collage. Gu\u00eda para dar rienda suelta a tu imaginaci\u00f3n.\" width=\"225\" height=\"300\" srcset=\"https:\/\/rafaramirez.org\/blog\/wp-content\/uploads\/2024\/04\/Collage4-225x300.jpg 225w, https:\/\/rafaramirez.org\/blog\/wp-content\/uploads\/2024\/04\/Collage4-768x1024.jpg 768w, https:\/\/rafaramirez.org\/blog\/wp-content\/uploads\/2024\/04\/Collage4.jpg 900w\" sizes=\"auto, (max-width: 225px) 100vw, 225px\" \/><\/a><\/p>\n<p data-sourcepos=\"14:1-14:44\"><strong>Gu\u00eda para comenzar a pintar con collage:<\/strong><\/p>\n<p data-sourcepos=\"16:1-21:103\"><strong>1. Elige un tema o idea:<\/strong> \u00bfQu\u00e9 quieres expresar con tu collage? Puede ser un sentimiento, una historia, un paisaje o simplemente una composici\u00f3n abstracta.<\/p>\n<p data-sourcepos=\"16:1-21:103\"><strong>2. Re\u00fane tus materiales:<\/strong> Explora revistas, telas, fotograf\u00edas y objetos que inspiren tu visi\u00f3n. No tengas miedo de experimentar con diferentes texturas y colores.<\/p>\n<p data-sourcepos=\"16:1-21:103\"><strong>3. Bocetea tu composici\u00f3n:<\/strong> En una hoja de papel, organiza los elementos de tu collage para tener una idea de c\u00f3mo se ver\u00e1 en el lienzo.<\/p>\n<p data-sourcepos=\"16:1-21:103\"><strong>4. \u00a1Comienza a crear!:<\/strong> Pega los elementos sobre tu base, jugando con la superposici\u00f3n, la perspectiva y la armon\u00eda visual.<\/p>\n<p data-sourcepos=\"16:1-21:103\"><strong>5. Integra la pintura (opcional):<\/strong> Si deseas darle un toque a\u00fan m\u00e1s personal a tu collage, utiliza pinturas para agregar detalles, fondos o resaltar ciertos elementos.<\/p>\n<p data-sourcepos=\"16:1-21:103\"><strong>6. Protege tu obra:<\/strong> Aplica una capa de barniz para proteger tu collage del polvo y la decoloraci\u00f3n.<\/p>\n<p style=\"text-align: center;\" data-sourcepos=\"16:1-21:103\"><a href=\"https:\/\/rafaramirez.org\/blog\/wp-content\/uploads\/2024\/04\/Collage3.jpg\" target=\"_blank\" rel=\"noopener\"><img loading=\"lazy\" decoding=\"async\" class=\"aligncenter wp-image-4023 size-medium\" src=\"https:\/\/rafaramirez.org\/blog\/wp-content\/uploads\/2024\/04\/Collage3-300x300.jpg\" alt=\"Collage. Gu\u00eda para dar rienda suelta a tu imaginaci\u00f3n.\" width=\"300\" height=\"300\" srcset=\"https:\/\/rafaramirez.org\/blog\/wp-content\/uploads\/2024\/04\/Collage3-300x300.jpg 300w, https:\/\/rafaramirez.org\/blog\/wp-content\/uploads\/2024\/04\/Collage3-1024x1024.jpg 1024w, https:\/\/rafaramirez.org\/blog\/wp-content\/uploads\/2024\/04\/Collage3-150x150.jpg 150w, https:\/\/rafaramirez.org\/blog\/wp-content\/uploads\/2024\/04\/Collage3-768x768.jpg 768w, https:\/\/rafaramirez.org\/blog\/wp-content\/uploads\/2024\/04\/Collage3.jpg 1200w\" sizes=\"auto, (max-width: 300px) 100vw, 300px\" \/><\/a><\/p>\n<p data-sourcepos=\"23:1-23:32\"><strong>Consejos para principiantes:<\/strong><\/p>\n<ul data-sourcepos=\"25:1-29:0\">\n<li data-sourcepos=\"25:1-25:86\"><strong>No te limites:<\/strong>\u00a0El collage no tiene reglas estrictas, \u00a1divi\u00e9rtete experimentando!<\/li>\n<li data-sourcepos=\"26:1-26:164\"><strong>Comienza con proyectos peque\u00f1os:<\/strong>\u00a0No te sientas presionado a crear obras maestras al inicio. Practica con collages peque\u00f1os para familiarizarte con la t\u00e9cnica.<\/li>\n<li data-sourcepos=\"27:1-27:143\"><strong>Insp\u00edrate en otros artistas:<\/strong>\u00a0Investiga el trabajo de artistas que utilizan la t\u00e9cnica del collage para encontrar nuevas ideas y t\u00e9cnicas.<\/li>\n<li data-sourcepos=\"28:1-29:0\"><strong>Comparte tu proceso:<\/strong>\u00a0Comparte tus creaciones en redes sociales o con amigos y familiares para recibir comentarios y conectar con otros artistas.<\/li>\n<\/ul>\n<p style=\"text-align: center;\"><a href=\"https:\/\/rafaramirez.org\/blog\/wp-content\/uploads\/2024\/04\/Collage3-1.jpg\" target=\"_blank\" rel=\"noopener\"><img loading=\"lazy\" decoding=\"async\" class=\"aligncenter wp-image-4066 size-medium\" src=\"https:\/\/rafaramirez.org\/blog\/wp-content\/uploads\/2024\/04\/Collage3-1-300x300.jpg\" alt=\"Collage. Gu\u00eda para dar rienda suelta a tu imaginaci\u00f3n.\" width=\"300\" height=\"300\" srcset=\"https:\/\/rafaramirez.org\/blog\/wp-content\/uploads\/2024\/04\/Collage3-1-300x300.jpg 300w, https:\/\/rafaramirez.org\/blog\/wp-content\/uploads\/2024\/04\/Collage3-1-150x150.jpg 150w, https:\/\/rafaramirez.org\/blog\/wp-content\/uploads\/2024\/04\/Collage3-1-768x768.jpg 768w, https:\/\/rafaramirez.org\/blog\/wp-content\/uploads\/2024\/04\/Collage3-1.jpg 1000w\" sizes=\"auto, (max-width: 300px) 100vw, 300px\" \/><\/a><\/p>\n<p data-sourcepos=\"30:1-30:245\"><strong>Recuerda:<\/strong> Lo m\u00e1s importante en el collage es disfrutar del proceso creativo. Deja que tu intuici\u00f3n te gu\u00ede y no tengas miedo de explorar nuevas posibilidades. <strong>\u00a1El collage es un mundo de texturas, colores y emociones que est\u00e1n esperando a que los descubras!<\/strong><\/p>\n<p data-sourcepos=\"30:1-30:245\"><strong>Puedes dejar tus comentarios debajo de este post. \u00a1Suerte!<\/strong><\/p>\n<p data-sourcepos=\"30:1-30:245\">\n","protected":false},"excerpt":{"rendered":"<p>Imagina un lienzo en blanco, no como un vac\u00edo, sino como un escenario. En \u00e9l, recortes de revistas, telas con texturas vibrantes, fotograf\u00edas que guardan historias, y hasta objetos cotidianos, se convierten en personajes de una danza art\u00edstica. Esta es la magia del collage, una t\u00e9cnica que te invita a jugar con la composici\u00f3n, la [&hellip;]<\/p>\n","protected":false},"author":1,"featured_media":4019,"comment_status":"open","ping_status":"closed","sticky":false,"template":"","format":"standard","meta":{"site-container-style":"default","site-container-layout":"default","site-sidebar-layout":"default","disable-article-header":"default","disable-site-header":"default","disable-site-footer":"default","disable-content-area-spacing":"default","_jetpack_newsletter_access":"","_jetpack_dont_email_post_to_subs":false,"_jetpack_newsletter_tier_id":0,"_jetpack_memberships_contains_paywalled_content":false,"_jetpack_feature_clip_id":0,"_jetpack_memberships_contains_paid_content":false,"footnotes":"","jetpack_publicize_message":"","jetpack_publicize_feature_enabled":true,"jetpack_social_post_already_shared":false,"jetpack_social_options":{"image_generator_settings":{"template":"highway","default_image_id":0,"font":"","enabled":false},"version":2},"jetpack_post_was_ever_published":false},"categories":[5],"tags":[68,698,1621,978,1620,1618,1619],"class_list":["post-4014","post","type-post","status-publish","format-standard","has-post-thumbnail","hentry","category-manualidades","tag-blog-de-rafael-ramirez","tag-guia-de-pintura","tag-guia-para-comenzar-a-pintar-con-collage","tag-guia-para-principiantes","tag-materiales-para-crear-un-collage","tag-tecnica-del-collage","tag-tecnicas-y-consejos-para-realizar-un-collage"],"yoast_head":"<!-- This site is optimized with the Yoast SEO plugin v28.4 - https:\/\/yoast.com\/product\/yoast-seo-wordpress\/ -->\n<title>El collage: un baile de texturas y colores. Gu\u00eda para dar rienda suelta a tu imaginaci\u00f3n. - Blog de Rafael Ram\u00edrez<\/title>\n<meta name=\"description\" content=\"Esta es la magia del collage, una t\u00e9cnica que te invita a jugar con la composici\u00f3n, la narrativa visual y la libertad creativa.\" \/>\n<meta name=\"robots\" content=\"index, follow, max-snippet:-1, max-image-preview:large, max-video-preview:-1\" \/>\n<link rel=\"canonical\" href=\"https:\/\/rafaramirez.org\/blog\/index.php\/2024\/04\/10\/el-collage-un-baile-de-texturas-y-colores-guia-paso-a-paso\/\" \/>\n<meta property=\"og:locale\" content=\"es_ES\" \/>\n<meta property=\"og:type\" content=\"article\" \/>\n<meta property=\"og:title\" content=\"El collage: un baile de texturas y colores. Gu\u00eda para dar rienda suelta a tu imaginaci\u00f3n. - Blog de Rafael Ram\u00edrez\" \/>\n<meta property=\"og:description\" content=\"Esta es la magia del collage, una t\u00e9cnica que te invita a jugar con la composici\u00f3n, la narrativa visual y la libertad creativa.\" \/>\n<meta property=\"og:url\" content=\"https:\/\/rafaramirez.org\/blog\/index.php\/2024\/04\/10\/el-collage-un-baile-de-texturas-y-colores-guia-paso-a-paso\/\" \/>\n<meta property=\"og:site_name\" content=\"Blog de Rafael Ram\u00edrez\" \/>\n<meta property=\"article:published_time\" content=\"2024-04-10T06:15:29+00:00\" \/>\n<meta property=\"article:modified_time\" content=\"2026-01-28T12:28:44+00:00\" \/>\n<meta property=\"og:image\" content=\"https:\/\/rafaramirez.org\/blog\/wp-content\/uploads\/2024\/04\/Collage1_banner.jpg\" \/>\n\t<meta property=\"og:image:width\" content=\"850\" \/>\n\t<meta property=\"og:image:height\" content=\"650\" \/>\n\t<meta property=\"og:image:type\" content=\"image\/jpeg\" \/>\n<meta name=\"author\" content=\"Rafael Ram\u00edrez\" \/>\n<meta name=\"twitter:card\" content=\"summary_large_image\" \/>\n<meta name=\"twitter:creator\" content=\"@rafaramirez_ok\" \/>\n<meta name=\"twitter:site\" content=\"@rafaramirez_ok\" \/>\n<meta name=\"twitter:label1\" content=\"Escrito por\" \/>\n\t<meta name=\"twitter:data1\" content=\"Rafael Ram\u00edrez\" \/>\n\t<meta name=\"twitter:label2\" content=\"Tiempo de lectura\" \/>\n\t<meta name=\"twitter:data2\" content=\"4 minutos\" \/>\n<script type=\"application\/ld+json\" class=\"yoast-schema-graph\">{\"@context\":\"https:\\\/\\\/schema.org\",\"@graph\":[{\"@type\":\"Article\",\"@id\":\"https:\\\/\\\/rafaramirez.org\\\/blog\\\/index.php\\\/2024\\\/04\\\/10\\\/el-collage-un-baile-de-texturas-y-colores-guia-paso-a-paso\\\/#article\",\"isPartOf\":{\"@id\":\"https:\\\/\\\/rafaramirez.org\\\/blog\\\/index.php\\\/2024\\\/04\\\/10\\\/el-collage-un-baile-de-texturas-y-colores-guia-paso-a-paso\\\/\"},\"author\":{\"name\":\"Rafael Ram\u00edrez\",\"@id\":\"https:\\\/\\\/rafaramirez.org\\\/blog\\\/#\\\/schema\\\/person\\\/50f43b6d60c578760d4c17bda54ab6a5\"},\"headline\":\"El collage: un baile de texturas y colores. Gu\u00eda para dar rienda suelta a tu imaginaci\u00f3n.\",\"datePublished\":\"2024-04-10T06:15:29+00:00\",\"dateModified\":\"2026-01-28T12:28:44+00:00\",\"mainEntityOfPage\":{\"@id\":\"https:\\\/\\\/rafaramirez.org\\\/blog\\\/index.php\\\/2024\\\/04\\\/10\\\/el-collage-un-baile-de-texturas-y-colores-guia-paso-a-paso\\\/\"},\"wordCount\":489,\"commentCount\":0,\"publisher\":{\"@id\":\"https:\\\/\\\/rafaramirez.org\\\/blog\\\/#\\\/schema\\\/person\\\/50f43b6d60c578760d4c17bda54ab6a5\"},\"image\":{\"@id\":\"https:\\\/\\\/rafaramirez.org\\\/blog\\\/index.php\\\/2024\\\/04\\\/10\\\/el-collage-un-baile-de-texturas-y-colores-guia-paso-a-paso\\\/#primaryimage\"},\"thumbnailUrl\":\"https:\\\/\\\/rafaramirez.org\\\/blog\\\/wp-content\\\/uploads\\\/2024\\\/04\\\/Collage1_banner.jpg\",\"keywords\":[\"blog de Rafael Ram\u00edrez\",\"gu\u00eda de pintura\",\"Gu\u00eda para comenzar a pintar con collage\",\"gu\u00eda para principiantes\",\"materiales para crear un collage\",\"t\u00e9cnica del collage\",\"T\u00e9cnicas y consejos para realizar un collage\"],\"articleSection\":[\"Manualidades\"],\"inLanguage\":\"es\",\"potentialAction\":[{\"@type\":\"CommentAction\",\"name\":\"Comment\",\"target\":[\"https:\\\/\\\/rafaramirez.org\\\/blog\\\/index.php\\\/2024\\\/04\\\/10\\\/el-collage-un-baile-de-texturas-y-colores-guia-paso-a-paso\\\/#respond\"]}]},{\"@type\":\"WebPage\",\"@id\":\"https:\\\/\\\/rafaramirez.org\\\/blog\\\/index.php\\\/2024\\\/04\\\/10\\\/el-collage-un-baile-de-texturas-y-colores-guia-paso-a-paso\\\/\",\"url\":\"https:\\\/\\\/rafaramirez.org\\\/blog\\\/index.php\\\/2024\\\/04\\\/10\\\/el-collage-un-baile-de-texturas-y-colores-guia-paso-a-paso\\\/\",\"name\":\"El collage: un baile de texturas y colores. Gu\u00eda para dar rienda suelta a tu imaginaci\u00f3n. - Blog de Rafael Ram\u00edrez\",\"isPartOf\":{\"@id\":\"https:\\\/\\\/rafaramirez.org\\\/blog\\\/#website\"},\"primaryImageOfPage\":{\"@id\":\"https:\\\/\\\/rafaramirez.org\\\/blog\\\/index.php\\\/2024\\\/04\\\/10\\\/el-collage-un-baile-de-texturas-y-colores-guia-paso-a-paso\\\/#primaryimage\"},\"image\":{\"@id\":\"https:\\\/\\\/rafaramirez.org\\\/blog\\\/index.php\\\/2024\\\/04\\\/10\\\/el-collage-un-baile-de-texturas-y-colores-guia-paso-a-paso\\\/#primaryimage\"},\"thumbnailUrl\":\"https:\\\/\\\/rafaramirez.org\\\/blog\\\/wp-content\\\/uploads\\\/2024\\\/04\\\/Collage1_banner.jpg\",\"datePublished\":\"2024-04-10T06:15:29+00:00\",\"dateModified\":\"2026-01-28T12:28:44+00:00\",\"description\":\"Esta es la magia del collage, una t\u00e9cnica que te invita a jugar con la composici\u00f3n, la narrativa visual y la libertad creativa.\",\"breadcrumb\":{\"@id\":\"https:\\\/\\\/rafaramirez.org\\\/blog\\\/index.php\\\/2024\\\/04\\\/10\\\/el-collage-un-baile-de-texturas-y-colores-guia-paso-a-paso\\\/#breadcrumb\"},\"inLanguage\":\"es\",\"potentialAction\":[{\"@type\":\"ReadAction\",\"target\":[\"https:\\\/\\\/rafaramirez.org\\\/blog\\\/index.php\\\/2024\\\/04\\\/10\\\/el-collage-un-baile-de-texturas-y-colores-guia-paso-a-paso\\\/\"]}]},{\"@type\":\"ImageObject\",\"inLanguage\":\"es\",\"@id\":\"https:\\\/\\\/rafaramirez.org\\\/blog\\\/index.php\\\/2024\\\/04\\\/10\\\/el-collage-un-baile-de-texturas-y-colores-guia-paso-a-paso\\\/#primaryimage\",\"url\":\"https:\\\/\\\/rafaramirez.org\\\/blog\\\/wp-content\\\/uploads\\\/2024\\\/04\\\/Collage1_banner.jpg\",\"contentUrl\":\"https:\\\/\\\/rafaramirez.org\\\/blog\\\/wp-content\\\/uploads\\\/2024\\\/04\\\/Collage1_banner.jpg\",\"width\":850,\"height\":650,\"caption\":\"Collage. Gu\u00eda para dar rienda suelta a tu imaginaci\u00f3n.\"},{\"@type\":\"BreadcrumbList\",\"@id\":\"https:\\\/\\\/rafaramirez.org\\\/blog\\\/index.php\\\/2024\\\/04\\\/10\\\/el-collage-un-baile-de-texturas-y-colores-guia-paso-a-paso\\\/#breadcrumb\",\"itemListElement\":[{\"@type\":\"ListItem\",\"position\":1,\"name\":\"Portada\",\"item\":\"https:\\\/\\\/rafaramirez.org\\\/blog\\\/\"},{\"@type\":\"ListItem\",\"position\":2,\"name\":\"El collage: un baile de texturas y colores. Gu\u00eda para dar rienda suelta a tu imaginaci\u00f3n.\"}]},{\"@type\":\"WebSite\",\"@id\":\"https:\\\/\\\/rafaramirez.org\\\/blog\\\/#website\",\"url\":\"https:\\\/\\\/rafaramirez.org\\\/blog\\\/\",\"name\":\"Blog de Rafael Ram\u00edrez\",\"description\":\"Un sitio social, de arte y cultura\",\"publisher\":{\"@id\":\"https:\\\/\\\/rafaramirez.org\\\/blog\\\/#\\\/schema\\\/person\\\/50f43b6d60c578760d4c17bda54ab6a5\"},\"potentialAction\":[{\"@type\":\"SearchAction\",\"target\":{\"@type\":\"EntryPoint\",\"urlTemplate\":\"https:\\\/\\\/rafaramirez.org\\\/blog\\\/?s={search_term_string}\"},\"query-input\":{\"@type\":\"PropertyValueSpecification\",\"valueRequired\":true,\"valueName\":\"search_term_string\"}}],\"inLanguage\":\"es\"},{\"@type\":[\"Person\",\"Organization\"],\"@id\":\"https:\\\/\\\/rafaramirez.org\\\/blog\\\/#\\\/schema\\\/person\\\/50f43b6d60c578760d4c17bda54ab6a5\",\"name\":\"Rafael Ram\u00edrez\",\"image\":{\"@type\":\"ImageObject\",\"inLanguage\":\"es\",\"@id\":\"https:\\\/\\\/rafaramirez.org\\\/blog\\\/wp-content\\\/uploads\\\/2024\\\/09\\\/RR_socialnetwork.jpg\",\"url\":\"https:\\\/\\\/rafaramirez.org\\\/blog\\\/wp-content\\\/uploads\\\/2024\\\/09\\\/RR_socialnetwork.jpg\",\"contentUrl\":\"https:\\\/\\\/rafaramirez.org\\\/blog\\\/wp-content\\\/uploads\\\/2024\\\/09\\\/RR_socialnetwork.jpg\",\"width\":600,\"height\":606,\"caption\":\"Rafael Ram\u00edrez\"},\"logo\":{\"@id\":\"https:\\\/\\\/rafaramirez.org\\\/blog\\\/wp-content\\\/uploads\\\/2024\\\/09\\\/RR_socialnetwork.jpg\"},\"sameAs\":[\"https:\\\/\\\/www.rafaramirez.org\\\/blog\",\"https:\\\/\\\/www.instagram.com\\\/rafaramirez_ok\\\/\",\"https:\\\/\\\/es.pinterest.com\\\/Ramirez_Rafa\\\/\",\"https:\\\/\\\/x.com\\\/rafaramirez_ok\"],\"url\":\"https:\\\/\\\/rafaramirez.org\\\/blog\\\/index.php\\\/author\\\/rafaell_qm6j97da\\\/\"}]}<\/script>\n<!-- \/ Yoast SEO plugin. -->","yoast_head_json":{"title":"El collage: un baile de texturas y colores. Gu\u00eda para dar rienda suelta a tu imaginaci\u00f3n. - Blog de Rafael Ram\u00edrez","description":"Esta es la magia del collage, una t\u00e9cnica que te invita a jugar con la composici\u00f3n, la narrativa visual y la libertad creativa.","robots":{"index":"index","follow":"follow","max-snippet":"max-snippet:-1","max-image-preview":"max-image-preview:large","max-video-preview":"max-video-preview:-1"},"canonical":"https:\/\/rafaramirez.org\/blog\/index.php\/2024\/04\/10\/el-collage-un-baile-de-texturas-y-colores-guia-paso-a-paso\/","og_locale":"es_ES","og_type":"article","og_title":"El collage: un baile de texturas y colores. Gu\u00eda para dar rienda suelta a tu imaginaci\u00f3n. - Blog de Rafael Ram\u00edrez","og_description":"Esta es la magia del collage, una t\u00e9cnica que te invita a jugar con la composici\u00f3n, la narrativa visual y la libertad creativa.","og_url":"https:\/\/rafaramirez.org\/blog\/index.php\/2024\/04\/10\/el-collage-un-baile-de-texturas-y-colores-guia-paso-a-paso\/","og_site_name":"Blog de Rafael Ram\u00edrez","article_published_time":"2024-04-10T06:15:29+00:00","article_modified_time":"2026-01-28T12:28:44+00:00","og_image":[{"width":850,"height":650,"url":"https:\/\/rafaramirez.org\/blog\/wp-content\/uploads\/2024\/04\/Collage1_banner.jpg","type":"image\/jpeg"}],"author":"Rafael Ram\u00edrez","twitter_card":"summary_large_image","twitter_creator":"@rafaramirez_ok","twitter_site":"@rafaramirez_ok","twitter_misc":{"Escrito por":"Rafael Ram\u00edrez","Tiempo de lectura":"4 minutos"},"schema":{"@context":"https:\/\/schema.org","@graph":[{"@type":"Article","@id":"https:\/\/rafaramirez.org\/blog\/index.php\/2024\/04\/10\/el-collage-un-baile-de-texturas-y-colores-guia-paso-a-paso\/#article","isPartOf":{"@id":"https:\/\/rafaramirez.org\/blog\/index.php\/2024\/04\/10\/el-collage-un-baile-de-texturas-y-colores-guia-paso-a-paso\/"},"author":{"name":"Rafael Ram\u00edrez","@id":"https:\/\/rafaramirez.org\/blog\/#\/schema\/person\/50f43b6d60c578760d4c17bda54ab6a5"},"headline":"El collage: un baile de texturas y colores. Gu\u00eda para dar rienda suelta a tu imaginaci\u00f3n.","datePublished":"2024-04-10T06:15:29+00:00","dateModified":"2026-01-28T12:28:44+00:00","mainEntityOfPage":{"@id":"https:\/\/rafaramirez.org\/blog\/index.php\/2024\/04\/10\/el-collage-un-baile-de-texturas-y-colores-guia-paso-a-paso\/"},"wordCount":489,"commentCount":0,"publisher":{"@id":"https:\/\/rafaramirez.org\/blog\/#\/schema\/person\/50f43b6d60c578760d4c17bda54ab6a5"},"image":{"@id":"https:\/\/rafaramirez.org\/blog\/index.php\/2024\/04\/10\/el-collage-un-baile-de-texturas-y-colores-guia-paso-a-paso\/#primaryimage"},"thumbnailUrl":"https:\/\/rafaramirez.org\/blog\/wp-content\/uploads\/2024\/04\/Collage1_banner.jpg","keywords":["blog de Rafael Ram\u00edrez","gu\u00eda de pintura","Gu\u00eda para comenzar a pintar con collage","gu\u00eda para principiantes","materiales para crear un collage","t\u00e9cnica del collage","T\u00e9cnicas y consejos para realizar un collage"],"articleSection":["Manualidades"],"inLanguage":"es","potentialAction":[{"@type":"CommentAction","name":"Comment","target":["https:\/\/rafaramirez.org\/blog\/index.php\/2024\/04\/10\/el-collage-un-baile-de-texturas-y-colores-guia-paso-a-paso\/#respond"]}]},{"@type":"WebPage","@id":"https:\/\/rafaramirez.org\/blog\/index.php\/2024\/04\/10\/el-collage-un-baile-de-texturas-y-colores-guia-paso-a-paso\/","url":"https:\/\/rafaramirez.org\/blog\/index.php\/2024\/04\/10\/el-collage-un-baile-de-texturas-y-colores-guia-paso-a-paso\/","name":"El collage: un baile de texturas y colores. Gu\u00eda para dar rienda suelta a tu imaginaci\u00f3n. - Blog de Rafael Ram\u00edrez","isPartOf":{"@id":"https:\/\/rafaramirez.org\/blog\/#website"},"primaryImageOfPage":{"@id":"https:\/\/rafaramirez.org\/blog\/index.php\/2024\/04\/10\/el-collage-un-baile-de-texturas-y-colores-guia-paso-a-paso\/#primaryimage"},"image":{"@id":"https:\/\/rafaramirez.org\/blog\/index.php\/2024\/04\/10\/el-collage-un-baile-de-texturas-y-colores-guia-paso-a-paso\/#primaryimage"},"thumbnailUrl":"https:\/\/rafaramirez.org\/blog\/wp-content\/uploads\/2024\/04\/Collage1_banner.jpg","datePublished":"2024-04-10T06:15:29+00:00","dateModified":"2026-01-28T12:28:44+00:00","description":"Esta es la magia del collage, una t\u00e9cnica que te invita a jugar con la composici\u00f3n, la narrativa visual y la libertad creativa.","breadcrumb":{"@id":"https:\/\/rafaramirez.org\/blog\/index.php\/2024\/04\/10\/el-collage-un-baile-de-texturas-y-colores-guia-paso-a-paso\/#breadcrumb"},"inLanguage":"es","potentialAction":[{"@type":"ReadAction","target":["https:\/\/rafaramirez.org\/blog\/index.php\/2024\/04\/10\/el-collage-un-baile-de-texturas-y-colores-guia-paso-a-paso\/"]}]},{"@type":"ImageObject","inLanguage":"es","@id":"https:\/\/rafaramirez.org\/blog\/index.php\/2024\/04\/10\/el-collage-un-baile-de-texturas-y-colores-guia-paso-a-paso\/#primaryimage","url":"https:\/\/rafaramirez.org\/blog\/wp-content\/uploads\/2024\/04\/Collage1_banner.jpg","contentUrl":"https:\/\/rafaramirez.org\/blog\/wp-content\/uploads\/2024\/04\/Collage1_banner.jpg","width":850,"height":650,"caption":"Collage. Gu\u00eda para dar rienda suelta a tu imaginaci\u00f3n."},{"@type":"BreadcrumbList","@id":"https:\/\/rafaramirez.org\/blog\/index.php\/2024\/04\/10\/el-collage-un-baile-de-texturas-y-colores-guia-paso-a-paso\/#breadcrumb","itemListElement":[{"@type":"ListItem","position":1,"name":"Portada","item":"https:\/\/rafaramirez.org\/blog\/"},{"@type":"ListItem","position":2,"name":"El collage: un baile de texturas y colores. Gu\u00eda para dar rienda suelta a tu imaginaci\u00f3n."}]},{"@type":"WebSite","@id":"https:\/\/rafaramirez.org\/blog\/#website","url":"https:\/\/rafaramirez.org\/blog\/","name":"Blog de Rafael Ram\u00edrez","description":"Un sitio social, de arte y cultura","publisher":{"@id":"https:\/\/rafaramirez.org\/blog\/#\/schema\/person\/50f43b6d60c578760d4c17bda54ab6a5"},"potentialAction":[{"@type":"SearchAction","target":{"@type":"EntryPoint","urlTemplate":"https:\/\/rafaramirez.org\/blog\/?s={search_term_string}"},"query-input":{"@type":"PropertyValueSpecification","valueRequired":true,"valueName":"search_term_string"}}],"inLanguage":"es"},{"@type":["Person","Organization"],"@id":"https:\/\/rafaramirez.org\/blog\/#\/schema\/person\/50f43b6d60c578760d4c17bda54ab6a5","name":"Rafael Ram\u00edrez","image":{"@type":"ImageObject","inLanguage":"es","@id":"https:\/\/rafaramirez.org\/blog\/wp-content\/uploads\/2024\/09\/RR_socialnetwork.jpg","url":"https:\/\/rafaramirez.org\/blog\/wp-content\/uploads\/2024\/09\/RR_socialnetwork.jpg","contentUrl":"https:\/\/rafaramirez.org\/blog\/wp-content\/uploads\/2024\/09\/RR_socialnetwork.jpg","width":600,"height":606,"caption":"Rafael Ram\u00edrez"},"logo":{"@id":"https:\/\/rafaramirez.org\/blog\/wp-content\/uploads\/2024\/09\/RR_socialnetwork.jpg"},"sameAs":["https:\/\/www.rafaramirez.org\/blog","https:\/\/www.instagram.com\/rafaramirez_ok\/","https:\/\/es.pinterest.com\/Ramirez_Rafa\/","https:\/\/x.com\/rafaramirez_ok"],"url":"https:\/\/rafaramirez.org\/blog\/index.php\/author\/rafaell_qm6j97da\/"}]}},"jetpack_publicize_connections":[],"jetpack_sharing_enabled":true,"jetpack_likes_enabled":true,"jetpack_featured_media_url":"https:\/\/rafaramirez.org\/blog\/wp-content\/uploads\/2024\/04\/Collage1_banner.jpg","_links":{"self":[{"href":"https:\/\/rafaramirez.org\/blog\/index.php\/wp-json\/wp\/v2\/posts\/4014","targetHints":{"allow":["GET"]}}],"collection":[{"href":"https:\/\/rafaramirez.org\/blog\/index.php\/wp-json\/wp\/v2\/posts"}],"about":[{"href":"https:\/\/rafaramirez.org\/blog\/index.php\/wp-json\/wp\/v2\/types\/post"}],"author":[{"embeddable":true,"href":"https:\/\/rafaramirez.org\/blog\/index.php\/wp-json\/wp\/v2\/users\/1"}],"replies":[{"embeddable":true,"href":"https:\/\/rafaramirez.org\/blog\/index.php\/wp-json\/wp\/v2\/comments?post=4014"}],"version-history":[{"count":8,"href":"https:\/\/rafaramirez.org\/blog\/index.php\/wp-json\/wp\/v2\/posts\/4014\/revisions"}],"predecessor-version":[{"id":11844,"href":"https:\/\/rafaramirez.org\/blog\/index.php\/wp-json\/wp\/v2\/posts\/4014\/revisions\/11844"}],"wp:featuredmedia":[{"embeddable":true,"href":"https:\/\/rafaramirez.org\/blog\/index.php\/wp-json\/wp\/v2\/media\/4019"}],"wp:attachment":[{"href":"https:\/\/rafaramirez.org\/blog\/index.php\/wp-json\/wp\/v2\/media?parent=4014"}],"wp:term":[{"taxonomy":"category","embeddable":true,"href":"https:\/\/rafaramirez.org\/blog\/index.php\/wp-json\/wp\/v2\/categories?post=4014"},{"taxonomy":"post_tag","embeddable":true,"href":"https:\/\/rafaramirez.org\/blog\/index.php\/wp-json\/wp\/v2\/tags?post=4014"}],"curies":[{"name":"wp","href":"https:\/\/api.w.org\/{rel}","templated":true}]}}