{"id":3889,"date":"2024-03-25T08:15:24","date_gmt":"2024-03-25T07:15:24","guid":{"rendered":"https:\/\/rafaramirez.org\/blog\/?p=3889"},"modified":"2024-03-20T13:04:34","modified_gmt":"2024-03-20T12:04:34","slug":"la-luz-es-mas-antigua-que-el-amor-de-ricardo-menendez-salmon","status":"publish","type":"post","link":"https:\/\/rafaramirez.org\/blog\/index.php\/2024\/03\/25\/la-luz-es-mas-antigua-que-el-amor-de-ricardo-menendez-salmon\/","title":{"rendered":"\u00abLa luz es m\u00e1s antigua que el amor\u00bb de Ricardo Men\u00e9ndez Salm\u00f3n: La b\u00fasqueda de la trascendencia."},"content":{"rendered":"<p data-sourcepos=\"1:1-1:167\">La novela <strong>La luz es m\u00e1s antigua que el amor<\/strong> de Ricardo Men\u00e9ndez Salm\u00f3n entrelaza tres historias independientes, cada una ambientada en una \u00e9poca y lugar distintos:<\/p>\n<ul>\n<li data-sourcepos=\"3:1-3:273\"><strong>La Toscana, 1350:<\/strong> El pintor <strong>Adriano de Robertis<\/strong> crea una controvertida obra, una Virgen barbuda, que despierta la furia del futuro papa <strong>Gregorio XI<\/strong>. La pintura, considerada blasfema, desencadena una persecuci\u00f3n que obliga a Adriano a huir y esconder su obra.<\/li>\n<li data-sourcepos=\"5:1-5:273\"><strong>Nueva York, 1970:<\/strong> El reconocido artista <strong>Mark Rothko<\/strong>, famoso por sus obras abstractas, se encuentra en una profunda crisis creativa y personal. A punto de sucumbir ante la depresi\u00f3n, Rothko reflexiona sobre su vida y legado mientras contempla sus \u00faltimos lienzos.<\/li>\n<li data-sourcepos=\"7:1-7:258\"><strong>Madrid, 2040:<\/strong> El novelista <strong>Bocanegra<\/strong>, consagrado como una de las grandes plumas de la literatura universal, rememora tres momentos cruciales de su vida: el despertar de su vocaci\u00f3n literaria, la muerte de su esposa y su consagraci\u00f3n como escritor.<\/li>\n<\/ul>\n<figure id=\"attachment_3895\" aria-describedby=\"caption-attachment-3895\" style=\"width: 176px\" class=\"wp-caption alignnone\"><a href=\"https:\/\/rafaramirez.org\/blog\/wp-content\/uploads\/2024\/03\/Laluzesmasantigua_Salmon.webp\" target=\"_blank\" rel=\"noopener\"><img loading=\"lazy\" decoding=\"async\" class=\"wp-image-3895 size-medium\" src=\"https:\/\/rafaramirez.org\/blog\/wp-content\/uploads\/2024\/03\/Laluzesmasantigua_Salmon-176x300.webp\" alt=\"La luz es m\u00e1s antigua que el amor de Ricardo Men\u00e9ndez Salm\u00f3n.\" width=\"176\" height=\"300\" srcset=\"https:\/\/rafaramirez.org\/blog\/wp-content\/uploads\/2024\/03\/Laluzesmasantigua_Salmon-176x300.webp 176w, https:\/\/rafaramirez.org\/blog\/wp-content\/uploads\/2024\/03\/Laluzesmasantigua_Salmon-600x1024.webp 600w, https:\/\/rafaramirez.org\/blog\/wp-content\/uploads\/2024\/03\/Laluzesmasantigua_Salmon.webp 703w\" sizes=\"auto, (max-width: 176px) 100vw, 176px\" \/><\/a><figcaption id=\"caption-attachment-3895\" class=\"wp-caption-text\">La luz es m\u00e1s antigua que el amor de Ricardo Men\u00e9ndez Salm\u00f3n.<\/figcaption><\/figure>\n<p data-sourcepos=\"9:1-9:370\">A lo largo de la novela, las tres historias se van conectando de forma sutil a trav\u00e9s de un <strong>enigma central:<\/strong> el destino incierto de la <strong>Virgen barbuda de Adriano<\/strong>. Este misterio une a los tres personajes, cada uno en su \u00e9poca, y sirve como hilo conductor para explorar temas como la <strong>creaci\u00f3n art\u00edstica<\/strong>, la <strong>fe<\/strong>, la <strong>muerte<\/strong>, el <strong>amor<\/strong> y la <strong>transcendencia<\/strong>.<\/p>\n<p data-sourcepos=\"11:1-11:267\">La trama de <strong>La luz es m\u00e1s antigua que el amor<\/strong> no se limita a una simple narraci\u00f3n lineal, sino que juega con el tiempo y las perspectivas, utilizando <strong>saltos temporales<\/strong> y <strong>narradores en primera persona<\/strong> para construir una historia compleja y rica en matices.<\/p>\n<p data-sourcepos=\"13:1-13:39\"><strong>Elementos importantes de la novela:<\/strong><\/p>\n<ul data-sourcepos=\"15:1-19:0\">\n<li data-sourcepos=\"15:1-15:137\"><strong>El poder del arte:<\/strong>\u00a0La novela explora la capacidad del arte para desafiar las normas sociales, provocar emociones y generar cambios.<\/li>\n<li data-sourcepos=\"16:1-16:163\"><strong>La b\u00fasqueda de la trascendencia:<\/strong>\u00a0Los personajes de la novela, cada uno a su manera, buscan dejar una huella en el mundo y alcanzar una forma de inmortalidad.<\/li>\n<li data-sourcepos=\"17:1-17:179\"><strong>La fragilidad de la vida:<\/strong>\u00a0La muerte y la p\u00e9rdida son temas recurrentes en la novela, que tambi\u00e9n explora la capacidad del ser humano para superar el dolor y seguir adelante.<\/li>\n<li data-sourcepos=\"18:1-19:0\"><strong>La importancia del amor:<\/strong>\u00a0El amor, en sus diversas formas, se presenta como una fuerza poderosa que puede transformar las vidas de los personajes.<\/li>\n<\/ul>\n<p data-sourcepos=\"15:1-15:19\"><strong>Reconocimiento:<\/strong><\/p>\n<ul data-sourcepos=\"22:1-24:0\">\n<li data-sourcepos=\"17:1-17:114\">La novela fue\u00a0<strong>alabada por la cr\u00edtica<\/strong>\u00a0por su originalidad, su estilo narrativo y la profundidad de sus temas.<\/li>\n<li data-sourcepos=\"18:1-19:0\"><strong>Ha sido traducida a varios idiomas<\/strong>\u00a0y\u00a0<strong>se ha adaptado al teatro<\/strong>.<\/li>\n<\/ul>\n<p><strong>Sobre el autor:\u00a0<\/strong><\/p>\n<p><strong>Ricardo Men\u00e9ndez Salm\u00f3n<\/strong>\u00a0es un\u00a0<strong>escritor espa\u00f1ol<\/strong>\u00a0nacido el\u00a0<strong>18 de febrero de 1971<\/strong>\u00a0en\u00a0<strong>Gij\u00f3n, Espa\u00f1a<\/strong>. Su trayectoria literaria es diversa y prol\u00edfica, abarcando novelas, ensayos, relatos cortos y poes\u00eda. A continuaci\u00f3n, te presento algunos aspectos destacados de su carrera:<\/p>\n<ul>\n<li><strong>Formaci\u00f3n acad\u00e9mica<\/strong>: Men\u00e9ndez Salm\u00f3n se licenci\u00f3 en\u00a0<strong>Filosof\u00eda<\/strong>\u00a0por la\u00a0<strong>Universidad de Oviedo<\/strong>.<\/li>\n<li><strong>Columnista y periodista<\/strong>: Desde\u00a0<strong>2009<\/strong>, escribe en el diario\u00a0<strong>La Nueva Espa\u00f1a<\/strong>. Adem\u00e1s, ha colaborado con otros medios como\u00a0<strong>ABC<\/strong>,\u00a0<strong>El Comercio<\/strong>,\u00a0<strong>El Confidencial<\/strong>,\u00a0<strong>El Pa\u00eds<\/strong>\u00a0y\u00a0<strong>La Vanguardia<\/strong>. Tambi\u00e9n ha contribuido a las revistas\u00a0<strong>Mercurio<\/strong>\u00a0y\u00a0<strong>Tiempo<\/strong>.<\/li>\n<li>Ha recibido\u00a0<strong>numerosos premios<\/strong>\u00a0por su obra, incluyendo el\u00a0<strong>Premio Nacional de Narrativa<\/strong>\u00a0en 2008.<\/li>\n<\/ul>\n<figure id=\"attachment_3896\" aria-describedby=\"caption-attachment-3896\" style=\"width: 252px\" class=\"wp-caption alignnone\"><a href=\"https:\/\/rafaramirez.org\/blog\/wp-content\/uploads\/2024\/03\/Ricardo_Menendez_Salmon.jpg\" target=\"_blank\" rel=\"noopener\"><img loading=\"lazy\" decoding=\"async\" class=\"wp-image-3896 size-medium\" src=\"https:\/\/rafaramirez.org\/blog\/wp-content\/uploads\/2024\/03\/Ricardo_Menendez_Salmon-252x300.jpg\" alt=\"El escritor Ricardo Men\u00e9ndez Salm\u00f3n.\" width=\"252\" height=\"300\" srcset=\"https:\/\/rafaramirez.org\/blog\/wp-content\/uploads\/2024\/03\/Ricardo_Menendez_Salmon-252x300.jpg 252w, https:\/\/rafaramirez.org\/blog\/wp-content\/uploads\/2024\/03\/Ricardo_Menendez_Salmon-860x1024.jpg 860w, https:\/\/rafaramirez.org\/blog\/wp-content\/uploads\/2024\/03\/Ricardo_Menendez_Salmon-768x914.jpg 768w, https:\/\/rafaramirez.org\/blog\/wp-content\/uploads\/2024\/03\/Ricardo_Menendez_Salmon-1290x1536.jpg 1290w, https:\/\/rafaramirez.org\/blog\/wp-content\/uploads\/2024\/03\/Ricardo_Menendez_Salmon.jpg 1694w\" sizes=\"auto, (max-width: 252px) 100vw, 252px\" \/><\/a><figcaption id=\"caption-attachment-3896\" class=\"wp-caption-text\">El escritor Ricardo Men\u00e9ndez Salm\u00f3n.<\/figcaption><\/figure>\n<p data-sourcepos=\"25:1-25:259\"><strong>En resumen,<\/strong>\u00a0<strong>La luz es m\u00e1s antigua que el amor<\/strong> no solo ha sido una novela premiada, sino que tambi\u00e9n ha tenido un notable \u00e9xito comercial y ganado el reconocimiento de la cr\u00edtica. Es es una novela profunda y reflexiva que invita al lector a meditar sobre la naturaleza del arte, el sentido de la vida y la b\u00fasqueda de la trascendencia. Esta novela est\u00e1 considerada una de las obras m\u00e1s importantes de<strong> Ricardo Men\u00e9ndez Salm\u00f3n.<\/strong><\/p>\n<p data-sourcepos=\"20:1-20:202\"><strong>Os animo a leer esta novela, espero que os sorprenda y guste tanto como a m\u00ed. Pod\u00e9is dejar vuestros comentarios debajo de este post. \u00a1Saludos!<\/strong><\/p>\n<p data-sourcepos=\"20:1-20:202\"><strong>M\u00e1s informaci\u00f3n:<\/strong><\/p>\n<ul>\n<li data-sourcepos=\"20:1-20:202\">Sobre la novela:<a href=\"https:\/\/www.planetadelibros.com\/libro-la-luz-es-mas-antigua-que-el-amor\/47042\" target=\"_blank\" rel=\"noopener\"> https:\/\/www.planetadelibros.com\/libro-la-luz-es-mas-antigua-que-el-amor\/47042<\/a><\/li>\n<li data-sourcepos=\"20:1-20:202\">Sobre el autor:<a href=\"https:\/\/es.wikipedia.org\/wiki\/Ricardo_Men%C3%A9ndez_Salm%C3%B3n\" target=\"_blank\" rel=\"noopener\"> https:\/\/es.wikipedia.org\/wiki\/Ricardo_Men%C3%A9ndez_Salm%C3%B3n<\/a><\/li>\n<\/ul>\n<p>&nbsp;<\/p>\n","protected":false},"excerpt":{"rendered":"<p>La novela La luz es m\u00e1s antigua que el amor de Ricardo Men\u00e9ndez Salm\u00f3n entrelaza tres historias independientes, cada una ambientada en una \u00e9poca y lugar distintos: La Toscana, 1350: El pintor Adriano de Robertis crea una controvertida obra, una Virgen barbuda, que despierta la furia del futuro papa Gregorio XI. La pintura, considerada blasfema, [&hellip;]<\/p>\n","protected":false},"author":1,"featured_media":3898,"comment_status":"open","ping_status":"closed","sticky":false,"template":"","format":"standard","meta":{"site-container-style":"default","site-container-layout":"default","site-sidebar-layout":"default","disable-article-header":"default","disable-site-header":"default","disable-site-footer":"default","disable-content-area-spacing":"default","_jetpack_newsletter_access":"","_jetpack_dont_email_post_to_subs":false,"_jetpack_newsletter_tier_id":0,"_jetpack_memberships_contains_paywalled_content":false,"_jetpack_feature_clip_id":0,"_jetpack_memberships_contains_paid_content":false,"footnotes":"","jetpack_publicize_message":"","jetpack_publicize_feature_enabled":true,"jetpack_social_post_already_shared":false,"jetpack_social_options":{"image_generator_settings":{"template":"highway","default_image_id":0,"font":"","enabled":false},"version":2},"jetpack_post_was_ever_published":false},"categories":[710],"tags":[1475,1501,1477,1499,1479,1507,1473,1494,68,1480,1505,1483,1470,154,1508,1509,1510,1490,1497,1482,1500,166,1503,1502,1486,1491,1484,1492,1493,1471,1095,1474,1485,1511,1469,621,1478,1077,1488,1498,598,1262,1326,1476,1506,945,1512,1513,1487,1489,1495,1496,1504,1472,1481],"class_list":["post-3889","post","type-post","status-publish","format-standard","has-post-thumbnail","hentry","category-literatura","tag-1475","tag-18-de-febrero-de-1971","tag-1477","tag-1499","tag-1479","tag-abc","tag-adriano-de-robertis","tag-alabada-por-la-critica","tag-blog-de-rafael-ramirez","tag-bocanegra","tag-columnista","tag-creacion-artistica","tag-critica-libro","tag-el-amor","tag-el-comercio","tag-el-confidencial","tag-el-pais","tag-el-poder-del-arte","tag-el-sistema","tag-enigma-central","tag-escritor-espanol","tag-espana","tag-filosofia","tag-gijon","tag-historia-compleja","tag-la-busqueda-de-la-trascendencia","tag-la-fe","tag-la-fragilidad-de-la-vida","tag-la-importancia-del-amor","tag-la-luz-es-mas-antigua-que-el-amor-de-ricardo-menendez-salmon","tag-la-muerte","tag-la-toscana","tag-la-transcendencia","tag-la-vanguardia","tag-libro","tag-madrid","tag-mark-rothko","tag-misterio","tag-narradores-en-primera-persona","tag-no-entres-docilmente-en-esa-noche-buena","tag-novela","tag-novela-recomendada","tag-nueva-york","tag-papa-gregorio-xi","tag-periodista","tag-premio-nacional-de-narrativa","tag-revista-mercurio","tag-revista-tiempo","tag-rica-en-matices","tag-saltos-temporales","tag-traducida-a-varios-idiomas","tag-trilogia-del-desencanto","tag-universidad-de-oviedo","tag-virgen-barbuda","tag-virgen-barbuda-de-adriano"],"yoast_head":"<!-- This site is optimized with the Yoast SEO plugin v28.4 - https:\/\/yoast.com\/product\/yoast-seo-wordpress\/ -->\n<title>&quot;La luz es m\u00e1s antigua que el amor&quot; de Ricardo Men\u00e9ndez Salm\u00f3n: La b\u00fasqueda de la trascendencia. - Blog de Rafael Ram\u00edrez<\/title>\n<meta name=\"robots\" content=\"index, follow, max-snippet:-1, max-image-preview:large, max-video-preview:-1\" \/>\n<link rel=\"canonical\" href=\"https:\/\/rafaramirez.org\/blog\/index.php\/2024\/03\/25\/la-luz-es-mas-antigua-que-el-amor-de-ricardo-menendez-salmon\/\" \/>\n<meta property=\"og:locale\" content=\"es_ES\" \/>\n<meta property=\"og:type\" content=\"article\" \/>\n<meta property=\"og:title\" content=\"&quot;La luz es m\u00e1s antigua que el amor&quot; de Ricardo Men\u00e9ndez Salm\u00f3n: La b\u00fasqueda de la trascendencia. - Blog de Rafael Ram\u00edrez\" \/>\n<meta property=\"og:description\" content=\"La novela La luz es m\u00e1s antigua que el amor de Ricardo Men\u00e9ndez Salm\u00f3n entrelaza tres historias independientes, cada una ambientada en una \u00e9poca y lugar distintos: La Toscana, 1350: El pintor Adriano de Robertis crea una controvertida obra, una Virgen barbuda, que despierta la furia del futuro papa Gregorio XI. La pintura, considerada blasfema, [&hellip;]\" \/>\n<meta property=\"og:url\" content=\"https:\/\/rafaramirez.org\/blog\/index.php\/2024\/03\/25\/la-luz-es-mas-antigua-que-el-amor-de-ricardo-menendez-salmon\/\" \/>\n<meta property=\"og:site_name\" content=\"Blog de Rafael Ram\u00edrez\" \/>\n<meta property=\"article:published_time\" content=\"2024-03-25T07:15:24+00:00\" \/>\n<meta property=\"og:image\" content=\"https:\/\/rafaramirez.org\/blog\/wp-content\/uploads\/2024\/03\/La_luz_antigua_amor_banner.jpg\" \/>\n\t<meta property=\"og:image:width\" content=\"850\" \/>\n\t<meta property=\"og:image:height\" content=\"600\" \/>\n\t<meta property=\"og:image:type\" content=\"image\/jpeg\" \/>\n<meta name=\"author\" content=\"Rafael Ram\u00edrez\" \/>\n<meta name=\"twitter:card\" content=\"summary_large_image\" \/>\n<meta name=\"twitter:creator\" content=\"@rafaramirez_ok\" \/>\n<meta name=\"twitter:site\" content=\"@rafaramirez_ok\" \/>\n<meta name=\"twitter:label1\" content=\"Escrito por\" \/>\n\t<meta name=\"twitter:data1\" content=\"Rafael Ram\u00edrez\" \/>\n\t<meta name=\"twitter:label2\" content=\"Tiempo de lectura\" \/>\n\t<meta name=\"twitter:data2\" content=\"4 minutos\" \/>\n<script type=\"application\/ld+json\" class=\"yoast-schema-graph\">{\"@context\":\"https:\\\/\\\/schema.org\",\"@graph\":[{\"@type\":\"Article\",\"@id\":\"https:\\\/\\\/rafaramirez.org\\\/blog\\\/index.php\\\/2024\\\/03\\\/25\\\/la-luz-es-mas-antigua-que-el-amor-de-ricardo-menendez-salmon\\\/#article\",\"isPartOf\":{\"@id\":\"https:\\\/\\\/rafaramirez.org\\\/blog\\\/index.php\\\/2024\\\/03\\\/25\\\/la-luz-es-mas-antigua-que-el-amor-de-ricardo-menendez-salmon\\\/\"},\"author\":{\"name\":\"Rafael Ram\u00edrez\",\"@id\":\"https:\\\/\\\/rafaramirez.org\\\/blog\\\/#\\\/schema\\\/person\\\/50f43b6d60c578760d4c17bda54ab6a5\"},\"headline\":\"\u00abLa luz es m\u00e1s antigua que el amor\u00bb de Ricardo Men\u00e9ndez Salm\u00f3n: La b\u00fasqueda de la trascendencia.\",\"datePublished\":\"2024-03-25T07:15:24+00:00\",\"mainEntityOfPage\":{\"@id\":\"https:\\\/\\\/rafaramirez.org\\\/blog\\\/index.php\\\/2024\\\/03\\\/25\\\/la-luz-es-mas-antigua-que-el-amor-de-ricardo-menendez-salmon\\\/\"},\"wordCount\":729,\"commentCount\":0,\"publisher\":{\"@id\":\"https:\\\/\\\/rafaramirez.org\\\/blog\\\/#\\\/schema\\\/person\\\/50f43b6d60c578760d4c17bda54ab6a5\"},\"image\":{\"@id\":\"https:\\\/\\\/rafaramirez.org\\\/blog\\\/index.php\\\/2024\\\/03\\\/25\\\/la-luz-es-mas-antigua-que-el-amor-de-ricardo-menendez-salmon\\\/#primaryimage\"},\"thumbnailUrl\":\"https:\\\/\\\/rafaramirez.org\\\/blog\\\/wp-content\\\/uploads\\\/2024\\\/03\\\/La_luz_antigua_amor_banner.jpg\",\"keywords\":[\"1350\",\"18 de febrero de 1971\",\"1970\",\"2008\",\"2040\",\"ABC\",\"Adriano de Robertis\",\"alabada por la cr\u00edtica\",\"blog de Rafael Ram\u00edrez\",\"Bocanegra\",\"columnista\",\"creaci\u00f3n art\u00edstica\",\"critica libro\",\"el amor\",\"El Comercio\",\"El Confidencial\",\"El Pa\u00eds\",\"El poder del arte\",\"El Sistema\",\"enigma central\",\"escritor espa\u00f1ol\",\"espa\u00f1a\",\"Filosof\u00eda\",\"Gij\u00f3n\",\"historia compleja\",\"La b\u00fasqueda de la trascendencia\",\"la fe\",\"La fragilidad de la vida\",\"La importancia del amor\",\"La luz es m\u00e1s antigua que el amor de Ricardo Men\u00e9ndez Salm\u00f3n\",\"la muerte\",\"La Toscana\",\"la transcendencia\",\"La Vanguardia\",\"libro\",\"Madrid\",\"Mark Rothko\",\"misterio\",\"narradores en primera persona\",\"No entres d\u00f3cilmente en esa noche buena\",\"novela\",\"novela recomendada\",\"Nueva York\",\"papa Gregorio XI\",\"periodista\",\"Premio Nacional de Narrativa\",\"revista\u00a0Mercurio\",\"revista\u00a0Tiempo\",\"rica en matices\",\"saltos temporales\",\"traducida a varios idiomas\",\"Trilog\u00eda del Desencanto\",\"Universidad de Oviedo\",\"Virgen barbuda\",\"Virgen barbuda de Adriano\"],\"articleSection\":[\"Literatura\"],\"inLanguage\":\"es\",\"potentialAction\":[{\"@type\":\"CommentAction\",\"name\":\"Comment\",\"target\":[\"https:\\\/\\\/rafaramirez.org\\\/blog\\\/index.php\\\/2024\\\/03\\\/25\\\/la-luz-es-mas-antigua-que-el-amor-de-ricardo-menendez-salmon\\\/#respond\"]}]},{\"@type\":\"WebPage\",\"@id\":\"https:\\\/\\\/rafaramirez.org\\\/blog\\\/index.php\\\/2024\\\/03\\\/25\\\/la-luz-es-mas-antigua-que-el-amor-de-ricardo-menendez-salmon\\\/\",\"url\":\"https:\\\/\\\/rafaramirez.org\\\/blog\\\/index.php\\\/2024\\\/03\\\/25\\\/la-luz-es-mas-antigua-que-el-amor-de-ricardo-menendez-salmon\\\/\",\"name\":\"\\\"La luz es m\u00e1s antigua que el amor\\\" de Ricardo Men\u00e9ndez Salm\u00f3n: La b\u00fasqueda de la trascendencia. - Blog de Rafael Ram\u00edrez\",\"isPartOf\":{\"@id\":\"https:\\\/\\\/rafaramirez.org\\\/blog\\\/#website\"},\"primaryImageOfPage\":{\"@id\":\"https:\\\/\\\/rafaramirez.org\\\/blog\\\/index.php\\\/2024\\\/03\\\/25\\\/la-luz-es-mas-antigua-que-el-amor-de-ricardo-menendez-salmon\\\/#primaryimage\"},\"image\":{\"@id\":\"https:\\\/\\\/rafaramirez.org\\\/blog\\\/index.php\\\/2024\\\/03\\\/25\\\/la-luz-es-mas-antigua-que-el-amor-de-ricardo-menendez-salmon\\\/#primaryimage\"},\"thumbnailUrl\":\"https:\\\/\\\/rafaramirez.org\\\/blog\\\/wp-content\\\/uploads\\\/2024\\\/03\\\/La_luz_antigua_amor_banner.jpg\",\"datePublished\":\"2024-03-25T07:15:24+00:00\",\"breadcrumb\":{\"@id\":\"https:\\\/\\\/rafaramirez.org\\\/blog\\\/index.php\\\/2024\\\/03\\\/25\\\/la-luz-es-mas-antigua-que-el-amor-de-ricardo-menendez-salmon\\\/#breadcrumb\"},\"inLanguage\":\"es\",\"potentialAction\":[{\"@type\":\"ReadAction\",\"target\":[\"https:\\\/\\\/rafaramirez.org\\\/blog\\\/index.php\\\/2024\\\/03\\\/25\\\/la-luz-es-mas-antigua-que-el-amor-de-ricardo-menendez-salmon\\\/\"]}]},{\"@type\":\"ImageObject\",\"inLanguage\":\"es\",\"@id\":\"https:\\\/\\\/rafaramirez.org\\\/blog\\\/index.php\\\/2024\\\/03\\\/25\\\/la-luz-es-mas-antigua-que-el-amor-de-ricardo-menendez-salmon\\\/#primaryimage\",\"url\":\"https:\\\/\\\/rafaramirez.org\\\/blog\\\/wp-content\\\/uploads\\\/2024\\\/03\\\/La_luz_antigua_amor_banner.jpg\",\"contentUrl\":\"https:\\\/\\\/rafaramirez.org\\\/blog\\\/wp-content\\\/uploads\\\/2024\\\/03\\\/La_luz_antigua_amor_banner.jpg\",\"width\":850,\"height\":600,\"caption\":\"La luz es m\u00e1s antigua que el amor de Ricardo Men\u00e9ndez Salm\u00f3n.\"},{\"@type\":\"BreadcrumbList\",\"@id\":\"https:\\\/\\\/rafaramirez.org\\\/blog\\\/index.php\\\/2024\\\/03\\\/25\\\/la-luz-es-mas-antigua-que-el-amor-de-ricardo-menendez-salmon\\\/#breadcrumb\",\"itemListElement\":[{\"@type\":\"ListItem\",\"position\":1,\"name\":\"Portada\",\"item\":\"https:\\\/\\\/rafaramirez.org\\\/blog\\\/\"},{\"@type\":\"ListItem\",\"position\":2,\"name\":\"\u00abLa luz es m\u00e1s antigua que el amor\u00bb de Ricardo Men\u00e9ndez Salm\u00f3n: La b\u00fasqueda de la trascendencia.\"}]},{\"@type\":\"WebSite\",\"@id\":\"https:\\\/\\\/rafaramirez.org\\\/blog\\\/#website\",\"url\":\"https:\\\/\\\/rafaramirez.org\\\/blog\\\/\",\"name\":\"Blog de Rafael Ram\u00edrez\",\"description\":\"Un sitio social, de arte y cultura\",\"publisher\":{\"@id\":\"https:\\\/\\\/rafaramirez.org\\\/blog\\\/#\\\/schema\\\/person\\\/50f43b6d60c578760d4c17bda54ab6a5\"},\"potentialAction\":[{\"@type\":\"SearchAction\",\"target\":{\"@type\":\"EntryPoint\",\"urlTemplate\":\"https:\\\/\\\/rafaramirez.org\\\/blog\\\/?s={search_term_string}\"},\"query-input\":{\"@type\":\"PropertyValueSpecification\",\"valueRequired\":true,\"valueName\":\"search_term_string\"}}],\"inLanguage\":\"es\"},{\"@type\":[\"Person\",\"Organization\"],\"@id\":\"https:\\\/\\\/rafaramirez.org\\\/blog\\\/#\\\/schema\\\/person\\\/50f43b6d60c578760d4c17bda54ab6a5\",\"name\":\"Rafael Ram\u00edrez\",\"image\":{\"@type\":\"ImageObject\",\"inLanguage\":\"es\",\"@id\":\"https:\\\/\\\/rafaramirez.org\\\/blog\\\/wp-content\\\/uploads\\\/2024\\\/09\\\/RR_socialnetwork.jpg\",\"url\":\"https:\\\/\\\/rafaramirez.org\\\/blog\\\/wp-content\\\/uploads\\\/2024\\\/09\\\/RR_socialnetwork.jpg\",\"contentUrl\":\"https:\\\/\\\/rafaramirez.org\\\/blog\\\/wp-content\\\/uploads\\\/2024\\\/09\\\/RR_socialnetwork.jpg\",\"width\":600,\"height\":606,\"caption\":\"Rafael Ram\u00edrez\"},\"logo\":{\"@id\":\"https:\\\/\\\/rafaramirez.org\\\/blog\\\/wp-content\\\/uploads\\\/2024\\\/09\\\/RR_socialnetwork.jpg\"},\"sameAs\":[\"https:\\\/\\\/www.rafaramirez.org\\\/blog\",\"https:\\\/\\\/www.instagram.com\\\/rafaramirez_ok\\\/\",\"https:\\\/\\\/es.pinterest.com\\\/Ramirez_Rafa\\\/\",\"https:\\\/\\\/x.com\\\/rafaramirez_ok\"],\"url\":\"https:\\\/\\\/rafaramirez.org\\\/blog\\\/index.php\\\/author\\\/rafaell_qm6j97da\\\/\"}]}<\/script>\n<!-- \/ Yoast SEO plugin. -->","yoast_head_json":{"title":"\"La luz es m\u00e1s antigua que el amor\" de Ricardo Men\u00e9ndez Salm\u00f3n: La b\u00fasqueda de la trascendencia. - Blog de Rafael Ram\u00edrez","robots":{"index":"index","follow":"follow","max-snippet":"max-snippet:-1","max-image-preview":"max-image-preview:large","max-video-preview":"max-video-preview:-1"},"canonical":"https:\/\/rafaramirez.org\/blog\/index.php\/2024\/03\/25\/la-luz-es-mas-antigua-que-el-amor-de-ricardo-menendez-salmon\/","og_locale":"es_ES","og_type":"article","og_title":"\"La luz es m\u00e1s antigua que el amor\" de Ricardo Men\u00e9ndez Salm\u00f3n: La b\u00fasqueda de la trascendencia. - Blog de Rafael Ram\u00edrez","og_description":"La novela La luz es m\u00e1s antigua que el amor de Ricardo Men\u00e9ndez Salm\u00f3n entrelaza tres historias independientes, cada una ambientada en una \u00e9poca y lugar distintos: La Toscana, 1350: El pintor Adriano de Robertis crea una controvertida obra, una Virgen barbuda, que despierta la furia del futuro papa Gregorio XI. La pintura, considerada blasfema, [&hellip;]","og_url":"https:\/\/rafaramirez.org\/blog\/index.php\/2024\/03\/25\/la-luz-es-mas-antigua-que-el-amor-de-ricardo-menendez-salmon\/","og_site_name":"Blog de Rafael Ram\u00edrez","article_published_time":"2024-03-25T07:15:24+00:00","og_image":[{"width":850,"height":600,"url":"https:\/\/rafaramirez.org\/blog\/wp-content\/uploads\/2024\/03\/La_luz_antigua_amor_banner.jpg","type":"image\/jpeg"}],"author":"Rafael Ram\u00edrez","twitter_card":"summary_large_image","twitter_creator":"@rafaramirez_ok","twitter_site":"@rafaramirez_ok","twitter_misc":{"Escrito por":"Rafael Ram\u00edrez","Tiempo de lectura":"4 minutos"},"schema":{"@context":"https:\/\/schema.org","@graph":[{"@type":"Article","@id":"https:\/\/rafaramirez.org\/blog\/index.php\/2024\/03\/25\/la-luz-es-mas-antigua-que-el-amor-de-ricardo-menendez-salmon\/#article","isPartOf":{"@id":"https:\/\/rafaramirez.org\/blog\/index.php\/2024\/03\/25\/la-luz-es-mas-antigua-que-el-amor-de-ricardo-menendez-salmon\/"},"author":{"name":"Rafael Ram\u00edrez","@id":"https:\/\/rafaramirez.org\/blog\/#\/schema\/person\/50f43b6d60c578760d4c17bda54ab6a5"},"headline":"\u00abLa luz es m\u00e1s antigua que el amor\u00bb de Ricardo Men\u00e9ndez Salm\u00f3n: La b\u00fasqueda de la trascendencia.","datePublished":"2024-03-25T07:15:24+00:00","mainEntityOfPage":{"@id":"https:\/\/rafaramirez.org\/blog\/index.php\/2024\/03\/25\/la-luz-es-mas-antigua-que-el-amor-de-ricardo-menendez-salmon\/"},"wordCount":729,"commentCount":0,"publisher":{"@id":"https:\/\/rafaramirez.org\/blog\/#\/schema\/person\/50f43b6d60c578760d4c17bda54ab6a5"},"image":{"@id":"https:\/\/rafaramirez.org\/blog\/index.php\/2024\/03\/25\/la-luz-es-mas-antigua-que-el-amor-de-ricardo-menendez-salmon\/#primaryimage"},"thumbnailUrl":"https:\/\/rafaramirez.org\/blog\/wp-content\/uploads\/2024\/03\/La_luz_antigua_amor_banner.jpg","keywords":["1350","18 de febrero de 1971","1970","2008","2040","ABC","Adriano de Robertis","alabada por la cr\u00edtica","blog de Rafael Ram\u00edrez","Bocanegra","columnista","creaci\u00f3n art\u00edstica","critica libro","el amor","El Comercio","El Confidencial","El Pa\u00eds","El poder del arte","El Sistema","enigma central","escritor espa\u00f1ol","espa\u00f1a","Filosof\u00eda","Gij\u00f3n","historia compleja","La b\u00fasqueda de la trascendencia","la fe","La fragilidad de la vida","La importancia del amor","La luz es m\u00e1s antigua que el amor de Ricardo Men\u00e9ndez Salm\u00f3n","la muerte","La Toscana","la transcendencia","La Vanguardia","libro","Madrid","Mark Rothko","misterio","narradores en primera persona","No entres d\u00f3cilmente en esa noche buena","novela","novela recomendada","Nueva York","papa Gregorio XI","periodista","Premio Nacional de Narrativa","revista\u00a0Mercurio","revista\u00a0Tiempo","rica en matices","saltos temporales","traducida a varios idiomas","Trilog\u00eda del Desencanto","Universidad de Oviedo","Virgen barbuda","Virgen barbuda de Adriano"],"articleSection":["Literatura"],"inLanguage":"es","potentialAction":[{"@type":"CommentAction","name":"Comment","target":["https:\/\/rafaramirez.org\/blog\/index.php\/2024\/03\/25\/la-luz-es-mas-antigua-que-el-amor-de-ricardo-menendez-salmon\/#respond"]}]},{"@type":"WebPage","@id":"https:\/\/rafaramirez.org\/blog\/index.php\/2024\/03\/25\/la-luz-es-mas-antigua-que-el-amor-de-ricardo-menendez-salmon\/","url":"https:\/\/rafaramirez.org\/blog\/index.php\/2024\/03\/25\/la-luz-es-mas-antigua-que-el-amor-de-ricardo-menendez-salmon\/","name":"\"La luz es m\u00e1s antigua que el amor\" de Ricardo Men\u00e9ndez Salm\u00f3n: La b\u00fasqueda de la trascendencia. - Blog de Rafael Ram\u00edrez","isPartOf":{"@id":"https:\/\/rafaramirez.org\/blog\/#website"},"primaryImageOfPage":{"@id":"https:\/\/rafaramirez.org\/blog\/index.php\/2024\/03\/25\/la-luz-es-mas-antigua-que-el-amor-de-ricardo-menendez-salmon\/#primaryimage"},"image":{"@id":"https:\/\/rafaramirez.org\/blog\/index.php\/2024\/03\/25\/la-luz-es-mas-antigua-que-el-amor-de-ricardo-menendez-salmon\/#primaryimage"},"thumbnailUrl":"https:\/\/rafaramirez.org\/blog\/wp-content\/uploads\/2024\/03\/La_luz_antigua_amor_banner.jpg","datePublished":"2024-03-25T07:15:24+00:00","breadcrumb":{"@id":"https:\/\/rafaramirez.org\/blog\/index.php\/2024\/03\/25\/la-luz-es-mas-antigua-que-el-amor-de-ricardo-menendez-salmon\/#breadcrumb"},"inLanguage":"es","potentialAction":[{"@type":"ReadAction","target":["https:\/\/rafaramirez.org\/blog\/index.php\/2024\/03\/25\/la-luz-es-mas-antigua-que-el-amor-de-ricardo-menendez-salmon\/"]}]},{"@type":"ImageObject","inLanguage":"es","@id":"https:\/\/rafaramirez.org\/blog\/index.php\/2024\/03\/25\/la-luz-es-mas-antigua-que-el-amor-de-ricardo-menendez-salmon\/#primaryimage","url":"https:\/\/rafaramirez.org\/blog\/wp-content\/uploads\/2024\/03\/La_luz_antigua_amor_banner.jpg","contentUrl":"https:\/\/rafaramirez.org\/blog\/wp-content\/uploads\/2024\/03\/La_luz_antigua_amor_banner.jpg","width":850,"height":600,"caption":"La luz es m\u00e1s antigua que el amor de Ricardo Men\u00e9ndez Salm\u00f3n."},{"@type":"BreadcrumbList","@id":"https:\/\/rafaramirez.org\/blog\/index.php\/2024\/03\/25\/la-luz-es-mas-antigua-que-el-amor-de-ricardo-menendez-salmon\/#breadcrumb","itemListElement":[{"@type":"ListItem","position":1,"name":"Portada","item":"https:\/\/rafaramirez.org\/blog\/"},{"@type":"ListItem","position":2,"name":"\u00abLa luz es m\u00e1s antigua que el amor\u00bb de Ricardo Men\u00e9ndez Salm\u00f3n: La b\u00fasqueda de la trascendencia."}]},{"@type":"WebSite","@id":"https:\/\/rafaramirez.org\/blog\/#website","url":"https:\/\/rafaramirez.org\/blog\/","name":"Blog de Rafael Ram\u00edrez","description":"Un sitio social, de arte y cultura","publisher":{"@id":"https:\/\/rafaramirez.org\/blog\/#\/schema\/person\/50f43b6d60c578760d4c17bda54ab6a5"},"potentialAction":[{"@type":"SearchAction","target":{"@type":"EntryPoint","urlTemplate":"https:\/\/rafaramirez.org\/blog\/?s={search_term_string}"},"query-input":{"@type":"PropertyValueSpecification","valueRequired":true,"valueName":"search_term_string"}}],"inLanguage":"es"},{"@type":["Person","Organization"],"@id":"https:\/\/rafaramirez.org\/blog\/#\/schema\/person\/50f43b6d60c578760d4c17bda54ab6a5","name":"Rafael Ram\u00edrez","image":{"@type":"ImageObject","inLanguage":"es","@id":"https:\/\/rafaramirez.org\/blog\/wp-content\/uploads\/2024\/09\/RR_socialnetwork.jpg","url":"https:\/\/rafaramirez.org\/blog\/wp-content\/uploads\/2024\/09\/RR_socialnetwork.jpg","contentUrl":"https:\/\/rafaramirez.org\/blog\/wp-content\/uploads\/2024\/09\/RR_socialnetwork.jpg","width":600,"height":606,"caption":"Rafael Ram\u00edrez"},"logo":{"@id":"https:\/\/rafaramirez.org\/blog\/wp-content\/uploads\/2024\/09\/RR_socialnetwork.jpg"},"sameAs":["https:\/\/www.rafaramirez.org\/blog","https:\/\/www.instagram.com\/rafaramirez_ok\/","https:\/\/es.pinterest.com\/Ramirez_Rafa\/","https:\/\/x.com\/rafaramirez_ok"],"url":"https:\/\/rafaramirez.org\/blog\/index.php\/author\/rafaell_qm6j97da\/"}]}},"jetpack_publicize_connections":[],"jetpack_sharing_enabled":true,"jetpack_likes_enabled":true,"jetpack_featured_media_url":"https:\/\/rafaramirez.org\/blog\/wp-content\/uploads\/2024\/03\/La_luz_antigua_amor_banner.jpg","_links":{"self":[{"href":"https:\/\/rafaramirez.org\/blog\/index.php\/wp-json\/wp\/v2\/posts\/3889","targetHints":{"allow":["GET"]}}],"collection":[{"href":"https:\/\/rafaramirez.org\/blog\/index.php\/wp-json\/wp\/v2\/posts"}],"about":[{"href":"https:\/\/rafaramirez.org\/blog\/index.php\/wp-json\/wp\/v2\/types\/post"}],"author":[{"embeddable":true,"href":"https:\/\/rafaramirez.org\/blog\/index.php\/wp-json\/wp\/v2\/users\/1"}],"replies":[{"embeddable":true,"href":"https:\/\/rafaramirez.org\/blog\/index.php\/wp-json\/wp\/v2\/comments?post=3889"}],"version-history":[{"count":9,"href":"https:\/\/rafaramirez.org\/blog\/index.php\/wp-json\/wp\/v2\/posts\/3889\/revisions"}],"predecessor-version":[{"id":3901,"href":"https:\/\/rafaramirez.org\/blog\/index.php\/wp-json\/wp\/v2\/posts\/3889\/revisions\/3901"}],"wp:featuredmedia":[{"embeddable":true,"href":"https:\/\/rafaramirez.org\/blog\/index.php\/wp-json\/wp\/v2\/media\/3898"}],"wp:attachment":[{"href":"https:\/\/rafaramirez.org\/blog\/index.php\/wp-json\/wp\/v2\/media?parent=3889"}],"wp:term":[{"taxonomy":"category","embeddable":true,"href":"https:\/\/rafaramirez.org\/blog\/index.php\/wp-json\/wp\/v2\/categories?post=3889"},{"taxonomy":"post_tag","embeddable":true,"href":"https:\/\/rafaramirez.org\/blog\/index.php\/wp-json\/wp\/v2\/tags?post=3889"}],"curies":[{"name":"wp","href":"https:\/\/api.w.org\/{rel}","templated":true}]}}