{"id":3871,"date":"2024-03-22T08:15:56","date_gmt":"2024-03-22T07:15:56","guid":{"rendered":"https:\/\/rafaramirez.org\/blog\/?p=3871"},"modified":"2024-03-19T19:39:32","modified_gmt":"2024-03-19T18:39:32","slug":"amelie","status":"publish","type":"post","link":"https:\/\/rafaramirez.org\/blog\/index.php\/2024\/03\/22\/amelie\/","title":{"rendered":"Am\u00e9lie: una celebraci\u00f3n de la imaginaci\u00f3n, la bondad y la belleza."},"content":{"rendered":"<p>Hoy os hablo de una pel\u00edcula m\u00e1gica que seguramente muchos habr\u00e9is visto: <strong>Am\u00e9lie<\/strong>. Para los que no la hab\u00e9is visto no deb\u00e9is dejar de verla y para los que s\u00ed, os animo a redescubrirla.<\/p>\n<p>En cualquier caso, para ambos, ah\u00ed va un poco de su historia:<\/p>\n<p><strong>Am\u00e9lie<\/strong>, cuyo nombre original es\u00a0<em>Le fabuleux destin d\u2019Am\u00e9lie Poulain<\/em>\u00a0(El fabuloso destino de Am\u00e9lie Poulain), es una\u00a0<strong>comedia<\/strong>\u00a0dirigida por\u00a0<strong>Jean-Pierre Jeunet<\/strong>\u00a0y fue exhibida por primera vez en el a\u00f1o\u00a0<strong>2001<\/strong>.\u00a0Esta pel\u00edcula ha alcanzado un estatus de culto y es la pel\u00edcula de lengua francesa m\u00e1s vista en el mundo despu\u00e9s de\u00a0<em>Los Intocables<\/em>\u00a0.<\/p>\n<figure id=\"attachment_3881\" aria-describedby=\"caption-attachment-3881\" style=\"width: 300px\" class=\"wp-caption alignnone\"><a href=\"https:\/\/rafaramirez.org\/blog\/wp-content\/uploads\/2024\/03\/Amelie1.jpg\" target=\"_blank\" rel=\"noopener\"><img loading=\"lazy\" decoding=\"async\" class=\"wp-image-3881 size-medium\" src=\"https:\/\/rafaramirez.org\/blog\/wp-content\/uploads\/2024\/03\/Amelie1-300x127.jpg\" alt=\"Am\u00e9lie (2001). Pel\u00edcula recomendada. Blog de Rafael Ram\u00edrez.\" width=\"300\" height=\"127\" srcset=\"https:\/\/rafaramirez.org\/blog\/wp-content\/uploads\/2024\/03\/Amelie1-300x127.jpg 300w, https:\/\/rafaramirez.org\/blog\/wp-content\/uploads\/2024\/03\/Amelie1-1024x433.jpg 1024w, https:\/\/rafaramirez.org\/blog\/wp-content\/uploads\/2024\/03\/Amelie1-768x325.jpg 768w, https:\/\/rafaramirez.org\/blog\/wp-content\/uploads\/2024\/03\/Amelie1-1536x649.jpg 1536w, https:\/\/rafaramirez.org\/blog\/wp-content\/uploads\/2024\/03\/Amelie1.jpg 1777w\" sizes=\"auto, (max-width: 300px) 100vw, 300px\" \/><\/a><figcaption id=\"caption-attachment-3881\" class=\"wp-caption-text\">Am\u00e9lie (2001).<\/figcaption><\/figure>\n<h2>Resumen de la pel\u00edcula<\/h2>\n<p>Am\u00e9lie Poulain es una mujer peculiar con un destino fabuloso. Criada en un hogar donde la soledad y la imaginaci\u00f3n son sus compa\u00f1eras, Am\u00e9lie desarrolla un curioso inter\u00e9s por los peque\u00f1os detalles y placeres de la vida. Tras encontrar un tesoro escondido detr\u00e1s de un mosaico, decide dedicarse a ayudar a los dem\u00e1s y se convierte en una especie de vengadora del bien.\u00a0La pel\u00edcula sigue sus aventuras mientras transforma la vida de las personas que la rodean.<\/p>\n<figure id=\"attachment_3882\" aria-describedby=\"caption-attachment-3882\" style=\"width: 300px\" class=\"wp-caption alignnone\"><a href=\"https:\/\/rafaramirez.org\/blog\/wp-content\/uploads\/2024\/03\/Amelie3.jpg\" target=\"_blank\" rel=\"noopener\"><img loading=\"lazy\" decoding=\"async\" class=\"wp-image-3882 size-medium\" src=\"https:\/\/rafaramirez.org\/blog\/wp-content\/uploads\/2024\/03\/Amelie3-300x127.jpg\" alt=\"Am\u00e9lie (2001). Pel\u00edcula recomendada. Blog de Rafael Ram\u00edrez.\" width=\"300\" height=\"127\" srcset=\"https:\/\/rafaramirez.org\/blog\/wp-content\/uploads\/2024\/03\/Amelie3-300x127.jpg 300w, https:\/\/rafaramirez.org\/blog\/wp-content\/uploads\/2024\/03\/Amelie3-1024x433.jpg 1024w, https:\/\/rafaramirez.org\/blog\/wp-content\/uploads\/2024\/03\/Amelie3-768x325.jpg 768w, https:\/\/rafaramirez.org\/blog\/wp-content\/uploads\/2024\/03\/Amelie3-1536x649.jpg 1536w, https:\/\/rafaramirez.org\/blog\/wp-content\/uploads\/2024\/03\/Amelie3.jpg 1777w\" sizes=\"auto, (max-width: 300px) 100vw, 300px\" \/><\/a><figcaption id=\"caption-attachment-3882\" class=\"wp-caption-text\">Am\u00e9lie (2001).<\/figcaption><\/figure>\n<h2>Ficha t\u00e9cnica<\/h2>\n<ul>\n<li><strong>T\u00edtulo<\/strong>:\u00a0<em>Am\u00e9lie<\/em>\u00a0(<em>Le fabuleux destin d\u2019Am\u00e9lie Poulain<\/em>)<\/li>\n<li><strong>A\u00f1o de lanzamiento<\/strong>: 2001<\/li>\n<li><strong>Director<\/strong>: Jean-Pierre Jeunet<\/li>\n<li><strong>Elenco protag\u00f3nico<\/strong>: Audrey Tautou, Mathieu Kassovitz, Rufus, Lorella Cravotta<\/li>\n<li><strong>Producci\u00f3n<\/strong>: Claudie Ossard<\/li>\n<li><strong>Guion<\/strong>: Jean-Pierre Jeunet y Guillaume Laurant<\/li>\n<li><strong>Fotograf\u00eda<\/strong>: Bruno Delbonnel<\/li>\n<li><strong>M\u00fasica<\/strong>: Yann Tiersen<\/li>\n<\/ul>\n<figure id=\"attachment_3883\" aria-describedby=\"caption-attachment-3883\" style=\"width: 300px\" class=\"wp-caption alignnone\"><a href=\"https:\/\/rafaramirez.org\/blog\/wp-content\/uploads\/2024\/03\/Amelie2.jpg\" target=\"_blank\" rel=\"noopener\"><img loading=\"lazy\" decoding=\"async\" class=\"wp-image-3883 size-medium\" src=\"https:\/\/rafaramirez.org\/blog\/wp-content\/uploads\/2024\/03\/Amelie2-300x127.jpg\" alt=\"Am\u00e9lie (2001). Pel\u00edcula recomendada. Blog de Rafael Ram\u00edrez.\" width=\"300\" height=\"127\" srcset=\"https:\/\/rafaramirez.org\/blog\/wp-content\/uploads\/2024\/03\/Amelie2-300x127.jpg 300w, https:\/\/rafaramirez.org\/blog\/wp-content\/uploads\/2024\/03\/Amelie2-1024x433.jpg 1024w, https:\/\/rafaramirez.org\/blog\/wp-content\/uploads\/2024\/03\/Amelie2-768x325.jpg 768w, https:\/\/rafaramirez.org\/blog\/wp-content\/uploads\/2024\/03\/Amelie2-1536x650.jpg 1536w, https:\/\/rafaramirez.org\/blog\/wp-content\/uploads\/2024\/03\/Amelie2.jpg 1600w\" sizes=\"auto, (max-width: 300px) 100vw, 300px\" \/><\/a><figcaption id=\"caption-attachment-3883\" class=\"wp-caption-text\">Am\u00e9lie (2001).<\/figcaption><\/figure>\n<h2>Su director<\/h2>\n<p><strong>Jean-Pierre Jeunet<\/strong>, el director de\u00a0<em>Am\u00e9lie<\/em>, es un cineasta franc\u00e9s conocido por su estilo visual distintivo y su habilidad para crear mundos m\u00e1gicos en la pantalla. Aqu\u00ed tienes algunos detalles sobre su vinculaci\u00f3n con esta pel\u00edcula:<\/p>\n<ul>\n<li><strong>Carrera cinematogr\u00e1fica<\/strong>: Jeunet ha dirigido varias pel\u00edculas notables, incluyendo\u00a0<em>Alien: Resurrection<\/em>\u00a0(1997) y\u00a0<em>Un long dimanche de fian\u00e7ailles<\/em>\u00a0(2004). Sin embargo,\u00a0<em>Am\u00e9lie<\/em> es su obra m\u00e1s ic\u00f3nica y querida.<\/li>\n<li><strong>Colaboraci\u00f3n con Guillaume Laurant<\/strong>: Jeunet coescribi\u00f3 el guion de\u00a0<em>Am\u00e9lie<\/em>\u00a0junto con el novelista\u00a0<strong>Guillaume Laurant<\/strong>. Juntos crearon una historia encantadora y llena de imaginaci\u00f3n que captura la esencia de la vida cotidiana y la transforma en algo extraordinario.<\/li>\n<li><strong>Estilo visual y direcci\u00f3n<\/strong>: La pel\u00edcula se beneficia enormemente del estilo visual \u00fanico de Jeunet. Su uso de colores vibrantes, composiciones caprichosas y detalles minuciosos crea un mundo que se siente tanto real como m\u00e1gico.<\/li>\n<li><strong>Elecci\u00f3n de Audrey Tautou como Am\u00e9lie<\/strong>: Jeunet eligi\u00f3 a\u00a0<strong>Audrey Tautou<\/strong>\u00a0para interpretar el papel principal de Am\u00e9lie Poulain. La actuaci\u00f3n de Tautou contribuy\u00f3 significativamente al encanto y la empat\u00eda de la pel\u00edcula.<\/li>\n<\/ul>\n<figure id=\"attachment_3886\" aria-describedby=\"caption-attachment-3886\" style=\"width: 300px\" class=\"wp-caption alignnone\"><a href=\"https:\/\/rafaramirez.org\/blog\/wp-content\/uploads\/2024\/03\/Amelie6.jpg\" target=\"_blank\" rel=\"noopener\"><img loading=\"lazy\" decoding=\"async\" class=\"wp-image-3886 size-medium\" src=\"https:\/\/rafaramirez.org\/blog\/wp-content\/uploads\/2024\/03\/Amelie6-300x127.jpg\" alt=\"Am\u00e9lie (2001). Pel\u00edcula recomendada. Blog de Rafael Ram\u00edrez.\" width=\"300\" height=\"127\" srcset=\"https:\/\/rafaramirez.org\/blog\/wp-content\/uploads\/2024\/03\/Amelie6-300x127.jpg 300w, https:\/\/rafaramirez.org\/blog\/wp-content\/uploads\/2024\/03\/Amelie6-1024x433.jpg 1024w, https:\/\/rafaramirez.org\/blog\/wp-content\/uploads\/2024\/03\/Amelie6-768x325.jpg 768w, https:\/\/rafaramirez.org\/blog\/wp-content\/uploads\/2024\/03\/Amelie6-1536x649.jpg 1536w, https:\/\/rafaramirez.org\/blog\/wp-content\/uploads\/2024\/03\/Amelie6.jpg 1777w\" sizes=\"auto, (max-width: 300px) 100vw, 300px\" \/><\/a><figcaption id=\"caption-attachment-3886\" class=\"wp-caption-text\">Am\u00e9lie (2001).<\/figcaption><\/figure>\n<h2>Su actriz principal<\/h2>\n<p><strong>Audrey Justine Tautou<\/strong>, nacida el\u00a0<strong>9 de agosto de 1976<\/strong>\u00a0en\u00a0<strong>Beaumont, Francia<\/strong>, es una\u00a0<strong>actriz francesa<\/strong> que ha dejado una huella indeleble en el cine.<\/p>\n<p>Audrey creci\u00f3 en la ciudad de\u00a0<strong>Montlu\u00e7on<\/strong>, rodeada de sus dos hermanas menores y su hermano, quienes eran gendarmes. Desde temprana edad, mostr\u00f3 inter\u00e9s por la comedia y comenz\u00f3 a tomar cursos de arte dram\u00e1tico en la prestigiosa escuela <strong style=\"color: #333333;\">Cours Florent<\/strong>. Su debut en el cine fue en <strong style=\"color: #333333;\">1999<\/strong>, en la pel\u00edcula\u00a0<em>Venus, sal\u00f3n de belleza<\/em>, dirigida por\u00a0<strong style=\"color: #333333;\">Tonie Marshall<\/strong>, donde recibi\u00f3 aclamaci\u00f3n de la cr\u00edtica. Sin embargo, fue su papel como\u00a0<strong>Am\u00e9lie<\/strong>\u00a0en la pel\u00edcula de\u00a0<strong>Jean-Pierre Jeunet<\/strong> lo que la catapult\u00f3 al reconocimiento mundial.<\/p>\n<figure id=\"attachment_3884\" aria-describedby=\"caption-attachment-3884\" style=\"width: 300px\" class=\"wp-caption alignnone\"><a href=\"https:\/\/rafaramirez.org\/blog\/wp-content\/uploads\/2024\/03\/Amelie4.jpg\" target=\"_blank\" rel=\"noopener\"><img loading=\"lazy\" decoding=\"async\" class=\"wp-image-3884 size-medium\" src=\"https:\/\/rafaramirez.org\/blog\/wp-content\/uploads\/2024\/03\/Amelie4-300x127.jpg\" alt=\"Am\u00e9lie (2001). Pel\u00edcula recomendada. Blog de Rafael Ram\u00edrez.\" width=\"300\" height=\"127\" srcset=\"https:\/\/rafaramirez.org\/blog\/wp-content\/uploads\/2024\/03\/Amelie4-300x127.jpg 300w, https:\/\/rafaramirez.org\/blog\/wp-content\/uploads\/2024\/03\/Amelie4-1024x433.jpg 1024w, https:\/\/rafaramirez.org\/blog\/wp-content\/uploads\/2024\/03\/Amelie4-768x325.jpg 768w, https:\/\/rafaramirez.org\/blog\/wp-content\/uploads\/2024\/03\/Amelie4-1536x649.jpg 1536w, https:\/\/rafaramirez.org\/blog\/wp-content\/uploads\/2024\/03\/Amelie4.jpg 1777w\" sizes=\"auto, (max-width: 300px) 100vw, 300px\" \/><\/a><figcaption id=\"caption-attachment-3884\" class=\"wp-caption-text\">Am\u00e9lie (2001).<\/figcaption><\/figure>\n<h2>Premios y nominaciones de Am\u00e9lie<\/h2>\n<p>A continuaci\u00f3n, te presento un resumen de los galardones m\u00e1s destacados:<\/p>\n<ol>\n<li><strong>Premios del Cine Europeo (2001)<\/strong>:\n<ul>\n<li><strong>Mejor pel\u00edcula<\/strong><\/li>\n<li><strong>Mejor direcci\u00f3n<\/strong>\u00a0(Jean-Pierre Jeunet)<\/li>\n<li><strong>Mejor fotograf\u00eda<\/strong>\u00a0(Bruno Delbonnel)<\/li>\n<li><strong>Premio del P\u00fablico &#8211; Mejor actor<\/strong>\u00a0(Mathieu Kassovitz)<\/li>\n<li><strong>Premio del P\u00fablico &#8211; Mejor actriz<\/strong> (Audrey Tautou)<\/li>\n<\/ul>\n<\/li>\n<li><strong>Premios C\u00e9sar (Francia) (2002)<\/strong>:\n<ul>\n<li><strong>Mejor pel\u00edcula<\/strong><\/li>\n<li><strong>Mejor direcci\u00f3n<\/strong>\u00a0(Jean-Pierre Jeunet)<\/li>\n<li><strong>Mejor banda sonora original<\/strong>\u00a0(Yann Tiersen)<\/li>\n<li><strong>Mejor dise\u00f1o de producci\u00f3n<\/strong>\u00a0(Aline Bonetto)<\/li>\n<li><strong>Mejor fotograf\u00eda<\/strong> (Bruno Delbonnel)<\/li>\n<\/ul>\n<\/li>\n<li><strong>BAFTA (2002)<\/strong>:\n<ul>\n<li><strong>Mejor guion original<\/strong>\u00a0(Guillaume Laurant, Jean-Pierre Jeunet)<\/li>\n<li><strong>Mejor dise\u00f1o de producci\u00f3n<\/strong> (Aline Bonetto)<\/li>\n<\/ul>\n<\/li>\n<li><strong>Premios de la Academia (Oscar) (2002)<\/strong>:\n<ul>\n<li><strong>Nominaci\u00f3n a Mejor pel\u00edcula internacional<\/strong><\/li>\n<li><strong>Nominaci\u00f3n a Mejor guion original<\/strong>\u00a0(Guillaume Laurant, Jean-Pierre Jeunet)<\/li>\n<li><strong>Nominaci\u00f3n a Mejor fotograf\u00eda<\/strong>\u00a0(Bruno Delbonnel)<\/li>\n<li><strong>Nominaci\u00f3n a Mejor dise\u00f1o de producci\u00f3n<\/strong>\u00a0(Aline Bonetto, Marie-Laure Valla)<\/li>\n<li><strong>Nominaci\u00f3n a Mejor sonido<\/strong> (Vincent Arnardi, Guillaume Leriche, Jean Umansky)<\/li>\n<\/ul>\n<\/li>\n<li><strong>Globos de Oro (2002)<\/strong>:\n<ul>\n<li><strong>Nominaci\u00f3n a Mejor pel\u00edcula de habla no inglesa<\/strong><\/li>\n<\/ul>\n<\/li>\n<li><strong>Premios Goya (2002)<\/strong>:\n<ul>\n<li><strong>Mejor pel\u00edcula europea<\/strong><\/li>\n<\/ul>\n<\/li>\n<\/ol>\n<figure id=\"attachment_3885\" aria-describedby=\"caption-attachment-3885\" style=\"width: 300px\" class=\"wp-caption alignnone\"><a href=\"https:\/\/rafaramirez.org\/blog\/wp-content\/uploads\/2024\/03\/Amelie7.jpg\" target=\"_blank\" rel=\"noopener\"><img loading=\"lazy\" decoding=\"async\" class=\"wp-image-3885 size-medium\" src=\"https:\/\/rafaramirez.org\/blog\/wp-content\/uploads\/2024\/03\/Amelie7-300x127.jpg\" alt=\"Am\u00e9lie (2001). Pel\u00edcula recomendada. Blog de Rafael Ram\u00edrez.\" width=\"300\" height=\"127\" srcset=\"https:\/\/rafaramirez.org\/blog\/wp-content\/uploads\/2024\/03\/Amelie7-300x127.jpg 300w, https:\/\/rafaramirez.org\/blog\/wp-content\/uploads\/2024\/03\/Amelie7-1024x433.jpg 1024w, https:\/\/rafaramirez.org\/blog\/wp-content\/uploads\/2024\/03\/Amelie7-768x325.jpg 768w, https:\/\/rafaramirez.org\/blog\/wp-content\/uploads\/2024\/03\/Amelie7-1536x649.jpg 1536w, https:\/\/rafaramirez.org\/blog\/wp-content\/uploads\/2024\/03\/Amelie7.jpg 1777w\" sizes=\"auto, (max-width: 300px) 100vw, 300px\" \/><\/a><figcaption id=\"caption-attachment-3885\" class=\"wp-caption-text\">Am\u00e9lie (2001).<\/figcaption><\/figure>\n<h2>Cr\u00edtica<\/h2>\n<p><em>Am\u00e9lie<\/em>\u00a0ha sido elogiada por su estilo visual \u00fanico, su encanto y su capacidad para tocar el coraz\u00f3n de los espectadores. La combinaci\u00f3n de la direcci\u00f3n de Jeunet, la actuaci\u00f3n de Audrey Tautou y la emotiva banda sonora de Yann Tiersen contribuyen a su \u00e9xito.\u00a0La pel\u00edcula es una celebraci\u00f3n de la imaginaci\u00f3n, la bondad y la belleza oculta en la vida cotidiana.<\/p>\n<h2>Curiosidades y localizaciones del rodaje<\/h2>\n<ul>\n<li>La pel\u00edcula fue filmada en diversos lugares de Par\u00eds, incluyendo el famoso caf\u00e9\u00a0<em>Les Deux Moulins<\/em>, donde trabaja Am\u00e9lie.<\/li>\n<li>El gnomo del jard\u00edn de Am\u00e9lie se encuentra en el Canal Saint-Martin.<\/li>\n<li>El pintor apasionado por el cuadro\u00a0<em>El almuerzo de los remeros<\/em>\u00a0de Renoir, Raymond Dufayel, es un personaje ficticio, pero su apartamento en Montmartre es real.<\/li>\n<li>La pel\u00edcula captura la magia y la poes\u00eda de la ciudad de Par\u00eds, convirti\u00e9ndola en un personaje m\u00e1s de la historia.<\/li>\n<\/ul>\n<p style=\"text-align: center;\"><iframe loading=\"lazy\" title=\"YouTube video player\" src=\"https:\/\/www.youtube.com\/embed\/JMPOXWSL_PY?si=otyjg6UBMgSz-X8m\" width=\"560\" height=\"315\" frameborder=\"0\" allowfullscreen=\"allowfullscreen\"><\/iframe><\/p>\n<p><strong>Espero que os haya resultado \u00fatil esta informaci\u00f3n y os anime a ver por primera vez o de nuevo esta bonita pel\u00edcula. Pod\u00e9is dejar vuestros comentarios debajo del post. \u00a1Saludos!<\/strong><\/p>\n<p><strong>M\u00e1s informaci\u00f3n:<\/strong><\/p>\n<ul>\n<li><a href=\"https:\/\/www.culturagenial.com\/es\/pelicula-amelie-de-jean-pierre-jeunet\/\" target=\"_blank\" rel=\"noopener\">https:\/\/www.culturagenial.com\/es\/pelicula-amelie-de-jean-pierre-jeunet\/<\/a><\/li>\n<li><a href=\"https:\/\/es.wikipedia.org\/wiki\/Audrey_Tautou\" target=\"_blank\" rel=\"noopener\">https:\/\/es.wikipedia.org\/wiki\/Audrey_Tautou<\/a><\/li>\n<li><a href=\"https:\/\/www.filmaffinity.com\/es\/movie-awards.php?movie-id=151039\" target=\"_blank\" rel=\"noopener\">https:\/\/www.filmaffinity.com\/es\/movie-awards.php?movie-id=151039<\/a><\/li>\n<li><a href=\"https:\/\/es.wikipedia.org\/wiki\/Jean-Pierre_Jeunet\" target=\"_blank\" rel=\"noopener\">https:\/\/es.wikipedia.org\/wiki\/Jean-Pierre_Jeunet<\/a><\/li>\n<li><a href=\"https:\/\/es.wikipedia.org\/wiki\/Yann_Tiersen\" target=\"_blank\" rel=\"noopener\">https:\/\/es.wikipedia.org\/wiki\/Yann_Tiersen<\/a><\/li>\n<\/ul>\n<p>&nbsp;<\/p>\n","protected":false},"excerpt":{"rendered":"<p>Hoy os hablo de una pel\u00edcula m\u00e1gica que seguramente muchos habr\u00e9is visto: Am\u00e9lie. Para los que no la hab\u00e9is visto no deb\u00e9is dejar de verla y para los que s\u00ed, os animo a redescubrirla. En cualquier caso, para ambos, ah\u00ed va un poco de su historia: Am\u00e9lie, cuyo nombre original es\u00a0Le fabuleux destin d\u2019Am\u00e9lie Poulain\u00a0(El [&hellip;]<\/p>\n","protected":false},"author":1,"featured_media":3879,"comment_status":"open","ping_status":"closed","sticky":false,"template":"","format":"standard","meta":{"site-container-style":"default","site-container-layout":"default","site-sidebar-layout":"default","disable-article-header":"default","disable-site-header":"default","disable-site-footer":"default","disable-content-area-spacing":"default","_jetpack_newsletter_access":"","_jetpack_dont_email_post_to_subs":false,"_jetpack_newsletter_tier_id":0,"_jetpack_memberships_contains_paywalled_content":false,"_jetpack_feature_clip_id":0,"_jetpack_memberships_contains_paid_content":false,"footnotes":"","jetpack_publicize_message":"","jetpack_publicize_feature_enabled":true,"jetpack_social_post_already_shared":false,"jetpack_social_options":{"image_generator_settings":{"template":"highway","default_image_id":0,"font":"","enabled":false},"version":2},"jetpack_post_was_ever_published":false},"categories":[711],"tags":[1438,1449,1448,30,1440,1459,1447,68,1445,1464,1465,899,900,761,1437,1452,762,1456,1450,1466,1436,1463,200,1461,1444,1439,1435,1443,1441,1451,1468,351,897,1458,1460,1457,1462,1467,1455,1442,1454,1453,1446],"class_list":["post-3871","post","type-post","status-publish","format-standard","has-post-thumbnail","hentry","category-cine","tag-1438","tag-actriz-francesa","tag-agosto-de-1976","tag-amelie","tag-audrey-tautou","tag-bafta-2002","tag-beaumont","tag-blog-de-rafael-ramirez","tag-bruno-delbonnel","tag-cafe-les-deux-moulins","tag-canal-saint-martin","tag-cine-clasico","tag-clasicos-de-cine","tag-clasicos-del-cine","tag-comedia","tag-cours-florent","tag-critica-de-cine","tag-critica-de-peliculas","tag-director-de-cine-frances","tag-el-almuerzo-de-los-remeros-de-renoir","tag-el-fabuloso-destino-de-amelie-poulain","tag-estilo-visual-unico","tag-francia","tag-globos-de-oro-2002","tag-guillaume-laurant","tag-jean-pierre-jeunet","tag-le-fabuleux-destin-damelie-poulain","tag-lorella-cravotta","tag-mathieu-kassovitz","tag-montlucon","tag-montmartre","tag-paris","tag-pelicula-recomendada","tag-premios-cesar-francia","tag-premios-de-la-academia-oscar","tag-premios-del-cine-europeo-2001","tag-premios-goya-2002","tag-raymond-dufayel","tag-resumen-de-pelicula","tag-rufus","tag-tonie-marshall","tag-venus-salon-de-belleza","tag-yann-tiersen"],"yoast_head":"<!-- This site is optimized with the Yoast SEO plugin v28.4 - https:\/\/yoast.com\/product\/yoast-seo-wordpress\/ -->\n<title>Am\u00e9lie: una celebraci\u00f3n de la imaginaci\u00f3n, la bondad y la belleza. - Blog de Rafael Ram\u00edrez<\/title>\n<meta name=\"robots\" content=\"index, follow, max-snippet:-1, max-image-preview:large, max-video-preview:-1\" \/>\n<link rel=\"canonical\" href=\"https:\/\/rafaramirez.org\/blog\/index.php\/2024\/03\/22\/amelie\/\" \/>\n<meta property=\"og:locale\" content=\"es_ES\" \/>\n<meta property=\"og:type\" content=\"article\" \/>\n<meta property=\"og:title\" content=\"Am\u00e9lie: una celebraci\u00f3n de la imaginaci\u00f3n, la bondad y la belleza. - Blog de Rafael Ram\u00edrez\" \/>\n<meta property=\"og:description\" content=\"Hoy os hablo de una pel\u00edcula m\u00e1gica que seguramente muchos habr\u00e9is visto: Am\u00e9lie. Para los que no la hab\u00e9is visto no deb\u00e9is dejar de verla y para los que s\u00ed, os animo a redescubrirla. En cualquier caso, para ambos, ah\u00ed va un poco de su historia: Am\u00e9lie, cuyo nombre original es\u00a0Le fabuleux destin d\u2019Am\u00e9lie Poulain\u00a0(El [&hellip;]\" \/>\n<meta property=\"og:url\" content=\"https:\/\/rafaramirez.org\/blog\/index.php\/2024\/03\/22\/amelie\/\" \/>\n<meta property=\"og:site_name\" content=\"Blog de Rafael Ram\u00edrez\" \/>\n<meta property=\"article:published_time\" content=\"2024-03-22T07:15:56+00:00\" \/>\n<meta property=\"og:image\" content=\"https:\/\/rafaramirez.org\/blog\/wp-content\/uploads\/2024\/03\/Amelie_banner_ok.jpg\" \/>\n\t<meta property=\"og:image:width\" content=\"850\" \/>\n\t<meta property=\"og:image:height\" content=\"478\" \/>\n\t<meta property=\"og:image:type\" content=\"image\/jpeg\" \/>\n<meta name=\"author\" content=\"Rafael Ram\u00edrez\" \/>\n<meta name=\"twitter:card\" content=\"summary_large_image\" \/>\n<meta name=\"twitter:creator\" content=\"@rafaramirez_ok\" \/>\n<meta name=\"twitter:site\" content=\"@rafaramirez_ok\" \/>\n<meta name=\"twitter:label1\" content=\"Escrito por\" \/>\n\t<meta name=\"twitter:data1\" content=\"Rafael Ram\u00edrez\" \/>\n\t<meta name=\"twitter:label2\" content=\"Tiempo de lectura\" \/>\n\t<meta name=\"twitter:data2\" content=\"5 minutos\" \/>\n<script type=\"application\/ld+json\" class=\"yoast-schema-graph\">{\"@context\":\"https:\\\/\\\/schema.org\",\"@graph\":[{\"@type\":\"Article\",\"@id\":\"https:\\\/\\\/rafaramirez.org\\\/blog\\\/index.php\\\/2024\\\/03\\\/22\\\/amelie\\\/#article\",\"isPartOf\":{\"@id\":\"https:\\\/\\\/rafaramirez.org\\\/blog\\\/index.php\\\/2024\\\/03\\\/22\\\/amelie\\\/\"},\"author\":{\"name\":\"Rafael Ram\u00edrez\",\"@id\":\"https:\\\/\\\/rafaramirez.org\\\/blog\\\/#\\\/schema\\\/person\\\/50f43b6d60c578760d4c17bda54ab6a5\"},\"headline\":\"Am\u00e9lie: una celebraci\u00f3n de la imaginaci\u00f3n, la bondad y la belleza.\",\"datePublished\":\"2024-03-22T07:15:56+00:00\",\"mainEntityOfPage\":{\"@id\":\"https:\\\/\\\/rafaramirez.org\\\/blog\\\/index.php\\\/2024\\\/03\\\/22\\\/amelie\\\/\"},\"wordCount\":1055,\"commentCount\":0,\"publisher\":{\"@id\":\"https:\\\/\\\/rafaramirez.org\\\/blog\\\/#\\\/schema\\\/person\\\/50f43b6d60c578760d4c17bda54ab6a5\"},\"image\":{\"@id\":\"https:\\\/\\\/rafaramirez.org\\\/blog\\\/index.php\\\/2024\\\/03\\\/22\\\/amelie\\\/#primaryimage\"},\"thumbnailUrl\":\"https:\\\/\\\/rafaramirez.org\\\/blog\\\/wp-content\\\/uploads\\\/2024\\\/03\\\/Amelie_banner_ok.jpg\",\"keywords\":[\"2001\",\"actriz francesa\",\"agosto de 1976\",\"Amelie\",\"Audrey Tautou\",\"BAFTA (2002)\",\"Beaumont\",\"blog de Rafael Ram\u00edrez\",\"Bruno Delbonnel\",\"caf\u00e9\u00a0Les Deux Moulins\",\"Canal Saint-Martin\",\"cine cl\u00e1sico\",\"cl\u00e1sicos de cine\",\"cl\u00e1sicos del cine\",\"comedia\",\"Cours Florent\",\"cr\u00edtica de cine\",\"cr\u00edtica de pel\u00edculas\",\"director de cine franc\u00e9s\",\"El almuerzo de los remeros\u00a0de Renoir\",\"El fabuloso destino de Am\u00e9lie Poulain\",\"estilo visual \u00fanico\",\"Francia\",\"Globos de Oro (2002)\",\"Guillaume Laurant\",\"Jean-Pierre Jeunet\",\"Le fabuleux destin d\u2019Am\u00e9lie Poulain\",\"Lorella Cravotta\",\"Mathieu Kassovitz\",\"Montlu\u00e7on\",\"Montmartre\",\"Paris\",\"pel\u00edcula recomendada\",\"Premios C\u00e9sar (Francia)\",\"Premios de la Academia (Oscar)\",\"Premios del Cine Europeo (2001)\",\"Premios Goya (2002)\",\"Raymond Dufayel\",\"resumen de pel\u00edcula\",\"Rufus\",\"Tonie Marshall\",\"Venus sal\u00f3n de belleza\",\"Yann Tiersen\"],\"articleSection\":[\"Cine\"],\"inLanguage\":\"es\",\"potentialAction\":[{\"@type\":\"CommentAction\",\"name\":\"Comment\",\"target\":[\"https:\\\/\\\/rafaramirez.org\\\/blog\\\/index.php\\\/2024\\\/03\\\/22\\\/amelie\\\/#respond\"]}]},{\"@type\":\"WebPage\",\"@id\":\"https:\\\/\\\/rafaramirez.org\\\/blog\\\/index.php\\\/2024\\\/03\\\/22\\\/amelie\\\/\",\"url\":\"https:\\\/\\\/rafaramirez.org\\\/blog\\\/index.php\\\/2024\\\/03\\\/22\\\/amelie\\\/\",\"name\":\"Am\u00e9lie: una celebraci\u00f3n de la imaginaci\u00f3n, la bondad y la belleza. - Blog de Rafael Ram\u00edrez\",\"isPartOf\":{\"@id\":\"https:\\\/\\\/rafaramirez.org\\\/blog\\\/#website\"},\"primaryImageOfPage\":{\"@id\":\"https:\\\/\\\/rafaramirez.org\\\/blog\\\/index.php\\\/2024\\\/03\\\/22\\\/amelie\\\/#primaryimage\"},\"image\":{\"@id\":\"https:\\\/\\\/rafaramirez.org\\\/blog\\\/index.php\\\/2024\\\/03\\\/22\\\/amelie\\\/#primaryimage\"},\"thumbnailUrl\":\"https:\\\/\\\/rafaramirez.org\\\/blog\\\/wp-content\\\/uploads\\\/2024\\\/03\\\/Amelie_banner_ok.jpg\",\"datePublished\":\"2024-03-22T07:15:56+00:00\",\"breadcrumb\":{\"@id\":\"https:\\\/\\\/rafaramirez.org\\\/blog\\\/index.php\\\/2024\\\/03\\\/22\\\/amelie\\\/#breadcrumb\"},\"inLanguage\":\"es\",\"potentialAction\":[{\"@type\":\"ReadAction\",\"target\":[\"https:\\\/\\\/rafaramirez.org\\\/blog\\\/index.php\\\/2024\\\/03\\\/22\\\/amelie\\\/\"]}]},{\"@type\":\"ImageObject\",\"inLanguage\":\"es\",\"@id\":\"https:\\\/\\\/rafaramirez.org\\\/blog\\\/index.php\\\/2024\\\/03\\\/22\\\/amelie\\\/#primaryimage\",\"url\":\"https:\\\/\\\/rafaramirez.org\\\/blog\\\/wp-content\\\/uploads\\\/2024\\\/03\\\/Amelie_banner_ok.jpg\",\"contentUrl\":\"https:\\\/\\\/rafaramirez.org\\\/blog\\\/wp-content\\\/uploads\\\/2024\\\/03\\\/Amelie_banner_ok.jpg\",\"width\":850,\"height\":478,\"caption\":\"Am\u00e9lie (2001). Pel\u00edcula recomendada. Blog de Rafael Ram\u00edrez.\"},{\"@type\":\"BreadcrumbList\",\"@id\":\"https:\\\/\\\/rafaramirez.org\\\/blog\\\/index.php\\\/2024\\\/03\\\/22\\\/amelie\\\/#breadcrumb\",\"itemListElement\":[{\"@type\":\"ListItem\",\"position\":1,\"name\":\"Portada\",\"item\":\"https:\\\/\\\/rafaramirez.org\\\/blog\\\/\"},{\"@type\":\"ListItem\",\"position\":2,\"name\":\"Am\u00e9lie: una celebraci\u00f3n de la imaginaci\u00f3n, la bondad y la belleza.\"}]},{\"@type\":\"WebSite\",\"@id\":\"https:\\\/\\\/rafaramirez.org\\\/blog\\\/#website\",\"url\":\"https:\\\/\\\/rafaramirez.org\\\/blog\\\/\",\"name\":\"Blog de Rafael Ram\u00edrez\",\"description\":\"Un sitio social, de arte y cultura\",\"publisher\":{\"@id\":\"https:\\\/\\\/rafaramirez.org\\\/blog\\\/#\\\/schema\\\/person\\\/50f43b6d60c578760d4c17bda54ab6a5\"},\"potentialAction\":[{\"@type\":\"SearchAction\",\"target\":{\"@type\":\"EntryPoint\",\"urlTemplate\":\"https:\\\/\\\/rafaramirez.org\\\/blog\\\/?s={search_term_string}\"},\"query-input\":{\"@type\":\"PropertyValueSpecification\",\"valueRequired\":true,\"valueName\":\"search_term_string\"}}],\"inLanguage\":\"es\"},{\"@type\":[\"Person\",\"Organization\"],\"@id\":\"https:\\\/\\\/rafaramirez.org\\\/blog\\\/#\\\/schema\\\/person\\\/50f43b6d60c578760d4c17bda54ab6a5\",\"name\":\"Rafael Ram\u00edrez\",\"image\":{\"@type\":\"ImageObject\",\"inLanguage\":\"es\",\"@id\":\"https:\\\/\\\/rafaramirez.org\\\/blog\\\/wp-content\\\/uploads\\\/2024\\\/09\\\/RR_socialnetwork.jpg\",\"url\":\"https:\\\/\\\/rafaramirez.org\\\/blog\\\/wp-content\\\/uploads\\\/2024\\\/09\\\/RR_socialnetwork.jpg\",\"contentUrl\":\"https:\\\/\\\/rafaramirez.org\\\/blog\\\/wp-content\\\/uploads\\\/2024\\\/09\\\/RR_socialnetwork.jpg\",\"width\":600,\"height\":606,\"caption\":\"Rafael Ram\u00edrez\"},\"logo\":{\"@id\":\"https:\\\/\\\/rafaramirez.org\\\/blog\\\/wp-content\\\/uploads\\\/2024\\\/09\\\/RR_socialnetwork.jpg\"},\"sameAs\":[\"https:\\\/\\\/www.rafaramirez.org\\\/blog\",\"https:\\\/\\\/www.instagram.com\\\/rafaramirez_ok\\\/\",\"https:\\\/\\\/es.pinterest.com\\\/Ramirez_Rafa\\\/\",\"https:\\\/\\\/x.com\\\/rafaramirez_ok\"],\"url\":\"https:\\\/\\\/rafaramirez.org\\\/blog\\\/index.php\\\/author\\\/rafaell_qm6j97da\\\/\"}]}<\/script>\n<!-- \/ Yoast SEO plugin. -->","yoast_head_json":{"title":"Am\u00e9lie: una celebraci\u00f3n de la imaginaci\u00f3n, la bondad y la belleza. - Blog de Rafael Ram\u00edrez","robots":{"index":"index","follow":"follow","max-snippet":"max-snippet:-1","max-image-preview":"max-image-preview:large","max-video-preview":"max-video-preview:-1"},"canonical":"https:\/\/rafaramirez.org\/blog\/index.php\/2024\/03\/22\/amelie\/","og_locale":"es_ES","og_type":"article","og_title":"Am\u00e9lie: una celebraci\u00f3n de la imaginaci\u00f3n, la bondad y la belleza. - Blog de Rafael Ram\u00edrez","og_description":"Hoy os hablo de una pel\u00edcula m\u00e1gica que seguramente muchos habr\u00e9is visto: Am\u00e9lie. Para los que no la hab\u00e9is visto no deb\u00e9is dejar de verla y para los que s\u00ed, os animo a redescubrirla. En cualquier caso, para ambos, ah\u00ed va un poco de su historia: Am\u00e9lie, cuyo nombre original es\u00a0Le fabuleux destin d\u2019Am\u00e9lie Poulain\u00a0(El [&hellip;]","og_url":"https:\/\/rafaramirez.org\/blog\/index.php\/2024\/03\/22\/amelie\/","og_site_name":"Blog de Rafael Ram\u00edrez","article_published_time":"2024-03-22T07:15:56+00:00","og_image":[{"width":850,"height":478,"url":"https:\/\/rafaramirez.org\/blog\/wp-content\/uploads\/2024\/03\/Amelie_banner_ok.jpg","type":"image\/jpeg"}],"author":"Rafael Ram\u00edrez","twitter_card":"summary_large_image","twitter_creator":"@rafaramirez_ok","twitter_site":"@rafaramirez_ok","twitter_misc":{"Escrito por":"Rafael Ram\u00edrez","Tiempo de lectura":"5 minutos"},"schema":{"@context":"https:\/\/schema.org","@graph":[{"@type":"Article","@id":"https:\/\/rafaramirez.org\/blog\/index.php\/2024\/03\/22\/amelie\/#article","isPartOf":{"@id":"https:\/\/rafaramirez.org\/blog\/index.php\/2024\/03\/22\/amelie\/"},"author":{"name":"Rafael Ram\u00edrez","@id":"https:\/\/rafaramirez.org\/blog\/#\/schema\/person\/50f43b6d60c578760d4c17bda54ab6a5"},"headline":"Am\u00e9lie: una celebraci\u00f3n de la imaginaci\u00f3n, la bondad y la belleza.","datePublished":"2024-03-22T07:15:56+00:00","mainEntityOfPage":{"@id":"https:\/\/rafaramirez.org\/blog\/index.php\/2024\/03\/22\/amelie\/"},"wordCount":1055,"commentCount":0,"publisher":{"@id":"https:\/\/rafaramirez.org\/blog\/#\/schema\/person\/50f43b6d60c578760d4c17bda54ab6a5"},"image":{"@id":"https:\/\/rafaramirez.org\/blog\/index.php\/2024\/03\/22\/amelie\/#primaryimage"},"thumbnailUrl":"https:\/\/rafaramirez.org\/blog\/wp-content\/uploads\/2024\/03\/Amelie_banner_ok.jpg","keywords":["2001","actriz francesa","agosto de 1976","Amelie","Audrey Tautou","BAFTA (2002)","Beaumont","blog de Rafael Ram\u00edrez","Bruno Delbonnel","caf\u00e9\u00a0Les Deux Moulins","Canal Saint-Martin","cine cl\u00e1sico","cl\u00e1sicos de cine","cl\u00e1sicos del cine","comedia","Cours Florent","cr\u00edtica de cine","cr\u00edtica de pel\u00edculas","director de cine franc\u00e9s","El almuerzo de los remeros\u00a0de Renoir","El fabuloso destino de Am\u00e9lie Poulain","estilo visual \u00fanico","Francia","Globos de Oro (2002)","Guillaume Laurant","Jean-Pierre Jeunet","Le fabuleux destin d\u2019Am\u00e9lie Poulain","Lorella Cravotta","Mathieu Kassovitz","Montlu\u00e7on","Montmartre","Paris","pel\u00edcula recomendada","Premios C\u00e9sar (Francia)","Premios de la Academia (Oscar)","Premios del Cine Europeo (2001)","Premios Goya (2002)","Raymond Dufayel","resumen de pel\u00edcula","Rufus","Tonie Marshall","Venus sal\u00f3n de belleza","Yann Tiersen"],"articleSection":["Cine"],"inLanguage":"es","potentialAction":[{"@type":"CommentAction","name":"Comment","target":["https:\/\/rafaramirez.org\/blog\/index.php\/2024\/03\/22\/amelie\/#respond"]}]},{"@type":"WebPage","@id":"https:\/\/rafaramirez.org\/blog\/index.php\/2024\/03\/22\/amelie\/","url":"https:\/\/rafaramirez.org\/blog\/index.php\/2024\/03\/22\/amelie\/","name":"Am\u00e9lie: una celebraci\u00f3n de la imaginaci\u00f3n, la bondad y la belleza. - Blog de Rafael Ram\u00edrez","isPartOf":{"@id":"https:\/\/rafaramirez.org\/blog\/#website"},"primaryImageOfPage":{"@id":"https:\/\/rafaramirez.org\/blog\/index.php\/2024\/03\/22\/amelie\/#primaryimage"},"image":{"@id":"https:\/\/rafaramirez.org\/blog\/index.php\/2024\/03\/22\/amelie\/#primaryimage"},"thumbnailUrl":"https:\/\/rafaramirez.org\/blog\/wp-content\/uploads\/2024\/03\/Amelie_banner_ok.jpg","datePublished":"2024-03-22T07:15:56+00:00","breadcrumb":{"@id":"https:\/\/rafaramirez.org\/blog\/index.php\/2024\/03\/22\/amelie\/#breadcrumb"},"inLanguage":"es","potentialAction":[{"@type":"ReadAction","target":["https:\/\/rafaramirez.org\/blog\/index.php\/2024\/03\/22\/amelie\/"]}]},{"@type":"ImageObject","inLanguage":"es","@id":"https:\/\/rafaramirez.org\/blog\/index.php\/2024\/03\/22\/amelie\/#primaryimage","url":"https:\/\/rafaramirez.org\/blog\/wp-content\/uploads\/2024\/03\/Amelie_banner_ok.jpg","contentUrl":"https:\/\/rafaramirez.org\/blog\/wp-content\/uploads\/2024\/03\/Amelie_banner_ok.jpg","width":850,"height":478,"caption":"Am\u00e9lie (2001). Pel\u00edcula recomendada. Blog de Rafael Ram\u00edrez."},{"@type":"BreadcrumbList","@id":"https:\/\/rafaramirez.org\/blog\/index.php\/2024\/03\/22\/amelie\/#breadcrumb","itemListElement":[{"@type":"ListItem","position":1,"name":"Portada","item":"https:\/\/rafaramirez.org\/blog\/"},{"@type":"ListItem","position":2,"name":"Am\u00e9lie: una celebraci\u00f3n de la imaginaci\u00f3n, la bondad y la belleza."}]},{"@type":"WebSite","@id":"https:\/\/rafaramirez.org\/blog\/#website","url":"https:\/\/rafaramirez.org\/blog\/","name":"Blog de Rafael Ram\u00edrez","description":"Un sitio social, de arte y cultura","publisher":{"@id":"https:\/\/rafaramirez.org\/blog\/#\/schema\/person\/50f43b6d60c578760d4c17bda54ab6a5"},"potentialAction":[{"@type":"SearchAction","target":{"@type":"EntryPoint","urlTemplate":"https:\/\/rafaramirez.org\/blog\/?s={search_term_string}"},"query-input":{"@type":"PropertyValueSpecification","valueRequired":true,"valueName":"search_term_string"}}],"inLanguage":"es"},{"@type":["Person","Organization"],"@id":"https:\/\/rafaramirez.org\/blog\/#\/schema\/person\/50f43b6d60c578760d4c17bda54ab6a5","name":"Rafael Ram\u00edrez","image":{"@type":"ImageObject","inLanguage":"es","@id":"https:\/\/rafaramirez.org\/blog\/wp-content\/uploads\/2024\/09\/RR_socialnetwork.jpg","url":"https:\/\/rafaramirez.org\/blog\/wp-content\/uploads\/2024\/09\/RR_socialnetwork.jpg","contentUrl":"https:\/\/rafaramirez.org\/blog\/wp-content\/uploads\/2024\/09\/RR_socialnetwork.jpg","width":600,"height":606,"caption":"Rafael Ram\u00edrez"},"logo":{"@id":"https:\/\/rafaramirez.org\/blog\/wp-content\/uploads\/2024\/09\/RR_socialnetwork.jpg"},"sameAs":["https:\/\/www.rafaramirez.org\/blog","https:\/\/www.instagram.com\/rafaramirez_ok\/","https:\/\/es.pinterest.com\/Ramirez_Rafa\/","https:\/\/x.com\/rafaramirez_ok"],"url":"https:\/\/rafaramirez.org\/blog\/index.php\/author\/rafaell_qm6j97da\/"}]}},"jetpack_publicize_connections":[],"jetpack_sharing_enabled":true,"jetpack_likes_enabled":true,"jetpack_featured_media_url":"https:\/\/rafaramirez.org\/blog\/wp-content\/uploads\/2024\/03\/Amelie_banner_ok.jpg","_links":{"self":[{"href":"https:\/\/rafaramirez.org\/blog\/index.php\/wp-json\/wp\/v2\/posts\/3871","targetHints":{"allow":["GET"]}}],"collection":[{"href":"https:\/\/rafaramirez.org\/blog\/index.php\/wp-json\/wp\/v2\/posts"}],"about":[{"href":"https:\/\/rafaramirez.org\/blog\/index.php\/wp-json\/wp\/v2\/types\/post"}],"author":[{"embeddable":true,"href":"https:\/\/rafaramirez.org\/blog\/index.php\/wp-json\/wp\/v2\/users\/1"}],"replies":[{"embeddable":true,"href":"https:\/\/rafaramirez.org\/blog\/index.php\/wp-json\/wp\/v2\/comments?post=3871"}],"version-history":[{"count":10,"href":"https:\/\/rafaramirez.org\/blog\/index.php\/wp-json\/wp\/v2\/posts\/3871\/revisions"}],"predecessor-version":[{"id":3888,"href":"https:\/\/rafaramirez.org\/blog\/index.php\/wp-json\/wp\/v2\/posts\/3871\/revisions\/3888"}],"wp:featuredmedia":[{"embeddable":true,"href":"https:\/\/rafaramirez.org\/blog\/index.php\/wp-json\/wp\/v2\/media\/3879"}],"wp:attachment":[{"href":"https:\/\/rafaramirez.org\/blog\/index.php\/wp-json\/wp\/v2\/media?parent=3871"}],"wp:term":[{"taxonomy":"category","embeddable":true,"href":"https:\/\/rafaramirez.org\/blog\/index.php\/wp-json\/wp\/v2\/categories?post=3871"},{"taxonomy":"post_tag","embeddable":true,"href":"https:\/\/rafaramirez.org\/blog\/index.php\/wp-json\/wp\/v2\/tags?post=3871"}],"curies":[{"name":"wp","href":"https:\/\/api.w.org\/{rel}","templated":true}]}}