{"id":3780,"date":"2024-03-19T08:15:47","date_gmt":"2024-03-19T07:15:47","guid":{"rendered":"https:\/\/rafaramirez.org\/blog\/?p=3780"},"modified":"2024-03-19T11:07:24","modified_gmt":"2024-03-19T10:07:24","slug":"19-de-marzo-dia-del-padre-en-espana-origenes-e-historia","status":"publish","type":"post","link":"https:\/\/rafaramirez.org\/blog\/index.php\/2024\/03\/19\/19-de-marzo-dia-del-padre-en-espana-origenes-e-historia\/","title":{"rendered":"19 de marzo: D\u00eda del Padre en Espa\u00f1a. Or\u00edgenes e historia."},"content":{"rendered":"<p>Hoy es el D\u00eda del Padre en numerosos pa\u00edses, tambi\u00e9n en Espa\u00f1a. Pero, \u00bfpor qu\u00e9 este d\u00eda? Hagamos un poco de historia.<\/p>\n<figure id=\"attachment_3792\" aria-describedby=\"caption-attachment-3792\" style=\"width: 200px\" class=\"wp-caption alignnone\"><img loading=\"lazy\" decoding=\"async\" class=\"wp-image-3792 size-full\" src=\"https:\/\/rafaramirez.org\/blog\/wp-content\/uploads\/2024\/03\/Dia_del_Padre_1R.jpg\" alt=\"D\u00eda de Padre. Blog de Rafael Ram\u00edrez.\" width=\"200\" height=\"300\" \/><figcaption id=\"caption-attachment-3792\" class=\"wp-caption-text\">19 de marzo: D\u00eda del Padre en Espa\u00f1a.<\/figcaption><\/figure>\n<p>La Iglesia Cat\u00f3lica conmemora el 19 de marzo como el d\u00eda de San Jos\u00e9 por una combinaci\u00f3n de tradici\u00f3n, devoci\u00f3n, calendario lit\u00fargico, simbolismo y proclamaci\u00f3n papal. La fecha es un momento para celebrar la figura de San Jos\u00e9 y reflexionar sobre su importancia en la fe cristiana. La Iglesia asoci\u00f3 la fecha con la muerte de San Jos\u00e9 desde el siglo IV. Aunque no hay certeza hist\u00f3rica sobre la fecha exacta de su muerte, la tradici\u00f3n se consolid\u00f3 y se fij\u00f3 el 19 de marzo como d\u00eda de su fiesta.<\/p>\n<figure id=\"attachment_3787\" aria-describedby=\"caption-attachment-3787\" style=\"width: 197px\" class=\"wp-caption alignnone\"><a href=\"https:\/\/rafaramirez.org\/blog\/wp-content\/uploads\/2024\/03\/goya-muerte-de-san-jose-o-el-transito-de-san-jose-4dd834.jpg\" target=\"_blank\" rel=\"noopener\"><img loading=\"lazy\" decoding=\"async\" class=\"wp-image-3787 size-medium\" src=\"https:\/\/rafaramirez.org\/blog\/wp-content\/uploads\/2024\/03\/goya-muerte-de-san-jose-o-el-transito-de-san-jose-4dd834-197x300.jpg\" alt=\"Muerte de San Jos\u00e9 o El tr\u00e1nsito de San Jos\u00e9. Francisco de goya (1787).\" width=\"197\" height=\"300\" srcset=\"https:\/\/rafaramirez.org\/blog\/wp-content\/uploads\/2024\/03\/goya-muerte-de-san-jose-o-el-transito-de-san-jose-4dd834-197x300.jpg 197w, https:\/\/rafaramirez.org\/blog\/wp-content\/uploads\/2024\/03\/goya-muerte-de-san-jose-o-el-transito-de-san-jose-4dd834.jpg 672w\" sizes=\"auto, (max-width: 197px) 100vw, 197px\" \/><\/a><figcaption id=\"caption-attachment-3787\" class=\"wp-caption-text\">Muerte de San Jos\u00e9 o El tr\u00e1nsito de San Jos\u00e9. Francisco de Goya (1787).<\/figcaption><\/figure>\n<p>San Jos\u00e9 ha sido objeto de gran devoci\u00f3n en la Iglesia Cat\u00f3lica desde los primeros siglos. Se le considera un modelo de padre, esposo y protector de la Sagrada Familia. Su papel como custodio de Jes\u00fas y Mar\u00eda lo convierte en una figura importante para la fe cristiana. Adem\u00e1s tiene un significado simb\u00f3lico, el 19 de marzo coincide con la primavera en el hemisferio norte. Esta estaci\u00f3n se asocia con la renovaci\u00f3n y la vida, lo que se relaciona con la figura de San Jos\u00e9 como protector y gu\u00eda de la Sagrada Familia.<\/p>\n<h2 data-sourcepos=\"1:1-1:42\">El D\u00eda del Padre en Espa\u00f1a<\/h2>\n<p data-sourcepos=\"3:1-3:11\"><strong>Origen:<\/strong><\/p>\n<p data-sourcepos=\"5:1-5:229\">La celebraci\u00f3n del D\u00eda del Padre en Espa\u00f1a se remonta al a\u00f1o 1948. Aunque existen diferentes versiones sobre su origen, la m\u00e1s popular atribuye su creaci\u00f3n a <strong>Manuela Vicente Ferrero<\/strong>, una maestra zamorana conocida como \u00abNely\u00bb.<\/p>\n<p data-sourcepos=\"7:1-7:387\">En su escuela del barrio de Belmonte en Madrid, algunos padres reclamaron un d\u00eda para celebrar la figura paterna, similar al D\u00eda de la Madre. Inspirada por esta petici\u00f3n, Nely propuso dedicar el <strong>19 de marzo, d\u00eda de San Jos\u00e9<\/strong>, a homenajear a los padres. San Jos\u00e9, padre adoptivo de Jes\u00fas, era considerado un modelo de padre amoroso y protector, por lo que la fecha se consider\u00f3 id\u00f3nea.<\/p>\n<figure id=\"attachment_3788\" aria-describedby=\"caption-attachment-3788\" style=\"width: 225px\" class=\"wp-caption alignnone\"><a href=\"https:\/\/rafaramirez.org\/blog\/wp-content\/uploads\/2024\/03\/Manuela_Vicente_Ferrero_con_sus_hijos_Manuel_y_Ma_Jose.jpg\" target=\"_blank\" rel=\"noopener\"><img loading=\"lazy\" decoding=\"async\" class=\"wp-image-3788 size-medium\" src=\"https:\/\/rafaramirez.org\/blog\/wp-content\/uploads\/2024\/03\/Manuela_Vicente_Ferrero_con_sus_hijos_Manuel_y_Ma_Jose-225x300.jpg\" alt=\"D\u00eda del Padre en Espa\u00f1a. Manuela Vicente Ferrero con sus hijos Manuel y M\u00aa Jos\u00e9.\" width=\"225\" height=\"300\" srcset=\"https:\/\/rafaramirez.org\/blog\/wp-content\/uploads\/2024\/03\/Manuela_Vicente_Ferrero_con_sus_hijos_Manuel_y_Ma_Jose-225x300.jpg 225w, https:\/\/rafaramirez.org\/blog\/wp-content\/uploads\/2024\/03\/Manuela_Vicente_Ferrero_con_sus_hijos_Manuel_y_Ma_Jose-768x1024.jpg 768w, https:\/\/rafaramirez.org\/blog\/wp-content\/uploads\/2024\/03\/Manuela_Vicente_Ferrero_con_sus_hijos_Manuel_y_Ma_Jose-1152x1536.jpg 1152w, https:\/\/rafaramirez.org\/blog\/wp-content\/uploads\/2024\/03\/Manuela_Vicente_Ferrero_con_sus_hijos_Manuel_y_Ma_Jose.jpg 1536w\" sizes=\"auto, (max-width: 225px) 100vw, 225px\" \/><\/a><figcaption id=\"caption-attachment-3788\" class=\"wp-caption-text\">D\u00eda del Padre en Espa\u00f1a. Manuela Vicente Ferrero con sus hijos Manuel y M\u00aa Jos\u00e9.<\/figcaption><\/figure>\n<p data-sourcepos=\"9:1-9:19\"><strong>Popularizaci\u00f3n:<\/strong><\/p>\n<p data-sourcepos=\"11:1-11:239\">A partir de 1948, Nely promovi\u00f3 la celebraci\u00f3n del D\u00eda del Padre a trav\u00e9s de su columna en la revista \u00abEl Magisterio Espa\u00f1ol\u00bb. La idea fue ganando popularidad y, en la d\u00e9cada de 1960, ya se celebraba en muchas escuelas y hogares espa\u00f1oles.<\/p>\n<p data-sourcepos=\"13:1-13:21\"><strong>Comercializaci\u00f3n:<\/strong><\/p>\n<p data-sourcepos=\"15:1-15:244\">Con el tiempo, el D\u00eda del Padre se convirti\u00f3 en una fecha de gran importancia comercial. Las tiendas y empresas comenzaron a ofrecer descuentos y promociones especiales para la ocasi\u00f3n, y regalar un detalle a los padres se volvi\u00f3 una tradici\u00f3n.<\/p>\n<p data-sourcepos=\"17:1-17:17\"><strong>Otros pa\u00edses:<\/strong><\/p>\n<p data-sourcepos=\"19:1-19:82\">Adem\u00e1s de Espa\u00f1a, el D\u00eda del Padre se celebra el 19 de marzo en otros pa\u00edses como:<\/p>\n<ul data-sourcepos=\"21:1-27:0\">\n<li data-sourcepos=\"21:1-21:12\"><strong>Italia<\/strong><\/li>\n<li data-sourcepos=\"22:1-22:14\"><strong>Portugal<\/strong><\/li>\n<li data-sourcepos=\"23:1-23:13\"><strong>B\u00e9lgica<\/strong><\/li>\n<li data-sourcepos=\"24:1-24:19\"><strong>Liechtenstein<\/strong><\/li>\n<li data-sourcepos=\"25:1-25:14\"><strong>Honduras<\/strong><\/li>\n<li data-sourcepos=\"26:1-27:0\"><strong>Bolivia<\/strong><\/li>\n<\/ul>\n<p data-sourcepos=\"28:1-28:156\">Cabe destacar que la mayor\u00eda de los pa\u00edses de Am\u00e9rica Latina celebran el D\u00eda del Padre en el tercer domingo de junio, siguiendo la tradici\u00f3n estadounidense.<\/p>\n<figure id=\"attachment_3793\" aria-describedby=\"caption-attachment-3793\" style=\"width: 199px\" class=\"wp-caption alignnone\"><img loading=\"lazy\" decoding=\"async\" class=\"wp-image-3793 size-full\" src=\"https:\/\/rafaramirez.org\/blog\/wp-content\/uploads\/2024\/03\/Dia_del_Padre_2R.jpg\" alt=\"D\u00eda de Padre. Blog de Rafael Ram\u00edrez.\" width=\"199\" height=\"300\" \/><figcaption id=\"caption-attachment-3793\" class=\"wp-caption-text\">19 de marzo: D\u00eda del Padre en Espa\u00f1a.<\/figcaption><\/figure>\n<p data-sourcepos=\"30:1-30:15\"><strong>En resumen:<\/strong><\/p>\n<p data-sourcepos=\"32:1-32:354\">El D\u00eda del Padre en Espa\u00f1a se celebra el 19 de marzo, d\u00eda de San Jos\u00e9, por iniciativa de la maestra Manuela Vicente Ferrero en 1948. La fecha conmemora la figura paterna y se ha convertido en una importante tradici\u00f3n familiar y comercial. Adem\u00e1s de Espa\u00f1a, otros pa\u00edses como Italia, Portugal y B\u00e9lgica tambi\u00e9n lo celebran en la misma fecha.<\/p>\n<p data-sourcepos=\"32:1-32:354\"><strong>Espero que esta informaci\u00f3n te haya resultado \u00fatil para conocer m\u00e1s sobre el Dia de Padre en Espa\u00f1a y el mundo. Puedes dejar tus comentarios debajo de este post. \u00a1Saludos!<\/strong><\/p>\n<p data-sourcepos=\"32:1-32:354\"><strong>M\u00e1s informaci\u00f3n:\u00a0<\/strong><\/p>\n<ul>\n<li data-sourcepos=\"32:1-32:354\"><a href=\"https:\/\/blogs.20minutos.es\/yaestaellistoquetodolosabe\/manuela-vicente-ferrero-la-maestra-que-invento-el-dia-del-padre-en-espana\/\" target=\"_blank\" rel=\"noopener\">https:\/\/blogs.20minutos.es\/yaestaellistoquetodolosabe\/manuela-vicente-ferrero-la-maestra-que-invento-el-dia-del-padre-en-espana\/<\/a><\/li>\n<li data-sourcepos=\"32:1-32:354\"><a href=\"https:\/\/www.elbebe.com\/familia\/historia-del-dia-del-padre-en-espana\" target=\"_blank\" rel=\"noopener\">https:\/\/www.elbebe.com\/familia\/historia-del-dia-del-padre-en-espana<\/a><\/li>\n<li data-sourcepos=\"32:1-32:354\"><a href=\"https:\/\/www.laopiniondezamora.es\/comarcas\/2018\/03\/25\/tabaresa-nely-vicente-invento-dia-2627334.html\" target=\"_blank\" rel=\"noopener\">https:\/\/www.laopiniondezamora.es\/comarcas\/2018\/03\/25\/tabaresa-nely-vicente-invento-dia-2627334.html<\/a><\/li>\n<\/ul>\n<p data-sourcepos=\"32:1-32:354\">\n","protected":false},"excerpt":{"rendered":"<p>Hoy es el D\u00eda del Padre en numerosos pa\u00edses, tambi\u00e9n en Espa\u00f1a. Pero, \u00bfpor qu\u00e9 este d\u00eda? Hagamos un poco de historia. La Iglesia Cat\u00f3lica conmemora el 19 de marzo como el d\u00eda de San Jos\u00e9 por una combinaci\u00f3n de tradici\u00f3n, devoci\u00f3n, calendario lit\u00fargico, simbolismo y proclamaci\u00f3n papal. La fecha es un momento para celebrar [&hellip;]<\/p>\n","protected":false},"author":1,"featured_media":3790,"comment_status":"open","ping_status":"closed","sticky":false,"template":"","format":"standard","meta":{"site-container-style":"default","site-container-layout":"default","site-sidebar-layout":"default","disable-article-header":"default","disable-site-header":"default","disable-site-footer":"default","disable-content-area-spacing":"default","_jetpack_newsletter_access":"","_jetpack_dont_email_post_to_subs":false,"_jetpack_newsletter_tier_id":0,"_jetpack_memberships_contains_paywalled_content":false,"_jetpack_feature_clip_id":0,"_jetpack_memberships_contains_paid_content":false,"footnotes":"","jetpack_publicize_message":"","jetpack_publicize_feature_enabled":true,"jetpack_social_post_already_shared":false,"jetpack_social_options":{"image_generator_settings":{"template":"highway","default_image_id":0,"font":"","enabled":false},"version":2},"jetpack_post_was_ever_published":false},"categories":[1291],"tags":[],"class_list":["post-3780","post","type-post","status-publish","format-standard","has-post-thumbnail","hentry","category-efemerides"],"yoast_head":"<!-- This site is optimized with the Yoast SEO plugin v28.4 - https:\/\/yoast.com\/product\/yoast-seo-wordpress\/ -->\n<title>19 de marzo: D\u00eda del Padre en Espa\u00f1a. Or\u00edgenes e historia. - Blog de Rafael Ram\u00edrez<\/title>\n<meta name=\"robots\" content=\"index, follow, max-snippet:-1, max-image-preview:large, max-video-preview:-1\" \/>\n<link rel=\"canonical\" href=\"https:\/\/rafaramirez.org\/blog\/index.php\/2024\/03\/19\/19-de-marzo-dia-del-padre-en-espana-origenes-e-historia\/\" \/>\n<meta property=\"og:locale\" content=\"es_ES\" \/>\n<meta property=\"og:type\" content=\"article\" \/>\n<meta property=\"og:title\" content=\"19 de marzo: D\u00eda del Padre en Espa\u00f1a. Or\u00edgenes e historia. - Blog de Rafael Ram\u00edrez\" \/>\n<meta property=\"og:description\" content=\"Hoy es el D\u00eda del Padre en numerosos pa\u00edses, tambi\u00e9n en Espa\u00f1a. Pero, \u00bfpor qu\u00e9 este d\u00eda? Hagamos un poco de historia. La Iglesia Cat\u00f3lica conmemora el 19 de marzo como el d\u00eda de San Jos\u00e9 por una combinaci\u00f3n de tradici\u00f3n, devoci\u00f3n, calendario lit\u00fargico, simbolismo y proclamaci\u00f3n papal. La fecha es un momento para celebrar [&hellip;]\" \/>\n<meta property=\"og:url\" content=\"https:\/\/rafaramirez.org\/blog\/index.php\/2024\/03\/19\/19-de-marzo-dia-del-padre-en-espana-origenes-e-historia\/\" \/>\n<meta property=\"og:site_name\" content=\"Blog de Rafael Ram\u00edrez\" \/>\n<meta property=\"article:published_time\" content=\"2024-03-19T07:15:47+00:00\" \/>\n<meta property=\"article:modified_time\" content=\"2024-03-19T10:07:24+00:00\" \/>\n<meta property=\"og:image\" content=\"https:\/\/rafaramirez.org\/blog\/wp-content\/uploads\/2024\/03\/Dia_del_Padre_bannerjpg.jpg\" \/>\n\t<meta property=\"og:image:width\" content=\"850\" \/>\n\t<meta property=\"og:image:height\" content=\"562\" \/>\n\t<meta property=\"og:image:type\" content=\"image\/jpeg\" \/>\n<meta name=\"author\" content=\"Rafael Ram\u00edrez\" \/>\n<meta name=\"twitter:card\" content=\"summary_large_image\" \/>\n<meta name=\"twitter:creator\" content=\"@rafaramirez_ok\" \/>\n<meta name=\"twitter:site\" content=\"@rafaramirez_ok\" \/>\n<meta name=\"twitter:label1\" content=\"Escrito por\" \/>\n\t<meta name=\"twitter:data1\" content=\"Rafael Ram\u00edrez\" \/>\n\t<meta name=\"twitter:label2\" content=\"Tiempo de lectura\" \/>\n\t<meta name=\"twitter:data2\" content=\"4 minutos\" \/>\n<script type=\"application\/ld+json\" class=\"yoast-schema-graph\">{\"@context\":\"https:\\\/\\\/schema.org\",\"@graph\":[{\"@type\":\"Article\",\"@id\":\"https:\\\/\\\/rafaramirez.org\\\/blog\\\/index.php\\\/2024\\\/03\\\/19\\\/19-de-marzo-dia-del-padre-en-espana-origenes-e-historia\\\/#article\",\"isPartOf\":{\"@id\":\"https:\\\/\\\/rafaramirez.org\\\/blog\\\/index.php\\\/2024\\\/03\\\/19\\\/19-de-marzo-dia-del-padre-en-espana-origenes-e-historia\\\/\"},\"author\":{\"name\":\"Rafael Ram\u00edrez\",\"@id\":\"https:\\\/\\\/rafaramirez.org\\\/blog\\\/#\\\/schema\\\/person\\\/50f43b6d60c578760d4c17bda54ab6a5\"},\"headline\":\"19 de marzo: D\u00eda del Padre en Espa\u00f1a. Or\u00edgenes e historia.\",\"datePublished\":\"2024-03-19T07:15:47+00:00\",\"dateModified\":\"2024-03-19T10:07:24+00:00\",\"mainEntityOfPage\":{\"@id\":\"https:\\\/\\\/rafaramirez.org\\\/blog\\\/index.php\\\/2024\\\/03\\\/19\\\/19-de-marzo-dia-del-padre-en-espana-origenes-e-historia\\\/\"},\"wordCount\":720,\"commentCount\":0,\"publisher\":{\"@id\":\"https:\\\/\\\/rafaramirez.org\\\/blog\\\/#\\\/schema\\\/person\\\/50f43b6d60c578760d4c17bda54ab6a5\"},\"image\":{\"@id\":\"https:\\\/\\\/rafaramirez.org\\\/blog\\\/index.php\\\/2024\\\/03\\\/19\\\/19-de-marzo-dia-del-padre-en-espana-origenes-e-historia\\\/#primaryimage\"},\"thumbnailUrl\":\"https:\\\/\\\/rafaramirez.org\\\/blog\\\/wp-content\\\/uploads\\\/2024\\\/03\\\/Dia_del_Padre_bannerjpg.jpg\",\"articleSection\":[\"Efem\u00e9rides\"],\"inLanguage\":\"es\",\"potentialAction\":[{\"@type\":\"CommentAction\",\"name\":\"Comment\",\"target\":[\"https:\\\/\\\/rafaramirez.org\\\/blog\\\/index.php\\\/2024\\\/03\\\/19\\\/19-de-marzo-dia-del-padre-en-espana-origenes-e-historia\\\/#respond\"]}]},{\"@type\":\"WebPage\",\"@id\":\"https:\\\/\\\/rafaramirez.org\\\/blog\\\/index.php\\\/2024\\\/03\\\/19\\\/19-de-marzo-dia-del-padre-en-espana-origenes-e-historia\\\/\",\"url\":\"https:\\\/\\\/rafaramirez.org\\\/blog\\\/index.php\\\/2024\\\/03\\\/19\\\/19-de-marzo-dia-del-padre-en-espana-origenes-e-historia\\\/\",\"name\":\"19 de marzo: D\u00eda del Padre en Espa\u00f1a. Or\u00edgenes e historia. - Blog de Rafael Ram\u00edrez\",\"isPartOf\":{\"@id\":\"https:\\\/\\\/rafaramirez.org\\\/blog\\\/#website\"},\"primaryImageOfPage\":{\"@id\":\"https:\\\/\\\/rafaramirez.org\\\/blog\\\/index.php\\\/2024\\\/03\\\/19\\\/19-de-marzo-dia-del-padre-en-espana-origenes-e-historia\\\/#primaryimage\"},\"image\":{\"@id\":\"https:\\\/\\\/rafaramirez.org\\\/blog\\\/index.php\\\/2024\\\/03\\\/19\\\/19-de-marzo-dia-del-padre-en-espana-origenes-e-historia\\\/#primaryimage\"},\"thumbnailUrl\":\"https:\\\/\\\/rafaramirez.org\\\/blog\\\/wp-content\\\/uploads\\\/2024\\\/03\\\/Dia_del_Padre_bannerjpg.jpg\",\"datePublished\":\"2024-03-19T07:15:47+00:00\",\"dateModified\":\"2024-03-19T10:07:24+00:00\",\"breadcrumb\":{\"@id\":\"https:\\\/\\\/rafaramirez.org\\\/blog\\\/index.php\\\/2024\\\/03\\\/19\\\/19-de-marzo-dia-del-padre-en-espana-origenes-e-historia\\\/#breadcrumb\"},\"inLanguage\":\"es\",\"potentialAction\":[{\"@type\":\"ReadAction\",\"target\":[\"https:\\\/\\\/rafaramirez.org\\\/blog\\\/index.php\\\/2024\\\/03\\\/19\\\/19-de-marzo-dia-del-padre-en-espana-origenes-e-historia\\\/\"]}]},{\"@type\":\"ImageObject\",\"inLanguage\":\"es\",\"@id\":\"https:\\\/\\\/rafaramirez.org\\\/blog\\\/index.php\\\/2024\\\/03\\\/19\\\/19-de-marzo-dia-del-padre-en-espana-origenes-e-historia\\\/#primaryimage\",\"url\":\"https:\\\/\\\/rafaramirez.org\\\/blog\\\/wp-content\\\/uploads\\\/2024\\\/03\\\/Dia_del_Padre_bannerjpg.jpg\",\"contentUrl\":\"https:\\\/\\\/rafaramirez.org\\\/blog\\\/wp-content\\\/uploads\\\/2024\\\/03\\\/Dia_del_Padre_bannerjpg.jpg\",\"width\":850,\"height\":562,\"caption\":\"D\u00eda de Padre. Blog de Rafael Ram\u00edrez.\"},{\"@type\":\"BreadcrumbList\",\"@id\":\"https:\\\/\\\/rafaramirez.org\\\/blog\\\/index.php\\\/2024\\\/03\\\/19\\\/19-de-marzo-dia-del-padre-en-espana-origenes-e-historia\\\/#breadcrumb\",\"itemListElement\":[{\"@type\":\"ListItem\",\"position\":1,\"name\":\"Portada\",\"item\":\"https:\\\/\\\/rafaramirez.org\\\/blog\\\/\"},{\"@type\":\"ListItem\",\"position\":2,\"name\":\"19 de marzo: D\u00eda del Padre en Espa\u00f1a. Or\u00edgenes e historia.\"}]},{\"@type\":\"WebSite\",\"@id\":\"https:\\\/\\\/rafaramirez.org\\\/blog\\\/#website\",\"url\":\"https:\\\/\\\/rafaramirez.org\\\/blog\\\/\",\"name\":\"Blog de Rafael Ram\u00edrez\",\"description\":\"Un sitio social, de arte y cultura\",\"publisher\":{\"@id\":\"https:\\\/\\\/rafaramirez.org\\\/blog\\\/#\\\/schema\\\/person\\\/50f43b6d60c578760d4c17bda54ab6a5\"},\"potentialAction\":[{\"@type\":\"SearchAction\",\"target\":{\"@type\":\"EntryPoint\",\"urlTemplate\":\"https:\\\/\\\/rafaramirez.org\\\/blog\\\/?s={search_term_string}\"},\"query-input\":{\"@type\":\"PropertyValueSpecification\",\"valueRequired\":true,\"valueName\":\"search_term_string\"}}],\"inLanguage\":\"es\"},{\"@type\":[\"Person\",\"Organization\"],\"@id\":\"https:\\\/\\\/rafaramirez.org\\\/blog\\\/#\\\/schema\\\/person\\\/50f43b6d60c578760d4c17bda54ab6a5\",\"name\":\"Rafael Ram\u00edrez\",\"image\":{\"@type\":\"ImageObject\",\"inLanguage\":\"es\",\"@id\":\"https:\\\/\\\/rafaramirez.org\\\/blog\\\/wp-content\\\/uploads\\\/2024\\\/09\\\/RR_socialnetwork.jpg\",\"url\":\"https:\\\/\\\/rafaramirez.org\\\/blog\\\/wp-content\\\/uploads\\\/2024\\\/09\\\/RR_socialnetwork.jpg\",\"contentUrl\":\"https:\\\/\\\/rafaramirez.org\\\/blog\\\/wp-content\\\/uploads\\\/2024\\\/09\\\/RR_socialnetwork.jpg\",\"width\":600,\"height\":606,\"caption\":\"Rafael Ram\u00edrez\"},\"logo\":{\"@id\":\"https:\\\/\\\/rafaramirez.org\\\/blog\\\/wp-content\\\/uploads\\\/2024\\\/09\\\/RR_socialnetwork.jpg\"},\"sameAs\":[\"https:\\\/\\\/www.rafaramirez.org\\\/blog\",\"https:\\\/\\\/www.instagram.com\\\/rafaramirez_ok\\\/\",\"https:\\\/\\\/es.pinterest.com\\\/Ramirez_Rafa\\\/\",\"https:\\\/\\\/x.com\\\/rafaramirez_ok\"],\"url\":\"https:\\\/\\\/rafaramirez.org\\\/blog\\\/index.php\\\/author\\\/rafaell_qm6j97da\\\/\"}]}<\/script>\n<!-- \/ Yoast SEO plugin. -->","yoast_head_json":{"title":"19 de marzo: D\u00eda del Padre en Espa\u00f1a. Or\u00edgenes e historia. - Blog de Rafael Ram\u00edrez","robots":{"index":"index","follow":"follow","max-snippet":"max-snippet:-1","max-image-preview":"max-image-preview:large","max-video-preview":"max-video-preview:-1"},"canonical":"https:\/\/rafaramirez.org\/blog\/index.php\/2024\/03\/19\/19-de-marzo-dia-del-padre-en-espana-origenes-e-historia\/","og_locale":"es_ES","og_type":"article","og_title":"19 de marzo: D\u00eda del Padre en Espa\u00f1a. Or\u00edgenes e historia. - Blog de Rafael Ram\u00edrez","og_description":"Hoy es el D\u00eda del Padre en numerosos pa\u00edses, tambi\u00e9n en Espa\u00f1a. Pero, \u00bfpor qu\u00e9 este d\u00eda? Hagamos un poco de historia. La Iglesia Cat\u00f3lica conmemora el 19 de marzo como el d\u00eda de San Jos\u00e9 por una combinaci\u00f3n de tradici\u00f3n, devoci\u00f3n, calendario lit\u00fargico, simbolismo y proclamaci\u00f3n papal. La fecha es un momento para celebrar [&hellip;]","og_url":"https:\/\/rafaramirez.org\/blog\/index.php\/2024\/03\/19\/19-de-marzo-dia-del-padre-en-espana-origenes-e-historia\/","og_site_name":"Blog de Rafael Ram\u00edrez","article_published_time":"2024-03-19T07:15:47+00:00","article_modified_time":"2024-03-19T10:07:24+00:00","og_image":[{"width":850,"height":562,"url":"https:\/\/rafaramirez.org\/blog\/wp-content\/uploads\/2024\/03\/Dia_del_Padre_bannerjpg.jpg","type":"image\/jpeg"}],"author":"Rafael Ram\u00edrez","twitter_card":"summary_large_image","twitter_creator":"@rafaramirez_ok","twitter_site":"@rafaramirez_ok","twitter_misc":{"Escrito por":"Rafael Ram\u00edrez","Tiempo de lectura":"4 minutos"},"schema":{"@context":"https:\/\/schema.org","@graph":[{"@type":"Article","@id":"https:\/\/rafaramirez.org\/blog\/index.php\/2024\/03\/19\/19-de-marzo-dia-del-padre-en-espana-origenes-e-historia\/#article","isPartOf":{"@id":"https:\/\/rafaramirez.org\/blog\/index.php\/2024\/03\/19\/19-de-marzo-dia-del-padre-en-espana-origenes-e-historia\/"},"author":{"name":"Rafael Ram\u00edrez","@id":"https:\/\/rafaramirez.org\/blog\/#\/schema\/person\/50f43b6d60c578760d4c17bda54ab6a5"},"headline":"19 de marzo: D\u00eda del Padre en Espa\u00f1a. Or\u00edgenes e historia.","datePublished":"2024-03-19T07:15:47+00:00","dateModified":"2024-03-19T10:07:24+00:00","mainEntityOfPage":{"@id":"https:\/\/rafaramirez.org\/blog\/index.php\/2024\/03\/19\/19-de-marzo-dia-del-padre-en-espana-origenes-e-historia\/"},"wordCount":720,"commentCount":0,"publisher":{"@id":"https:\/\/rafaramirez.org\/blog\/#\/schema\/person\/50f43b6d60c578760d4c17bda54ab6a5"},"image":{"@id":"https:\/\/rafaramirez.org\/blog\/index.php\/2024\/03\/19\/19-de-marzo-dia-del-padre-en-espana-origenes-e-historia\/#primaryimage"},"thumbnailUrl":"https:\/\/rafaramirez.org\/blog\/wp-content\/uploads\/2024\/03\/Dia_del_Padre_bannerjpg.jpg","articleSection":["Efem\u00e9rides"],"inLanguage":"es","potentialAction":[{"@type":"CommentAction","name":"Comment","target":["https:\/\/rafaramirez.org\/blog\/index.php\/2024\/03\/19\/19-de-marzo-dia-del-padre-en-espana-origenes-e-historia\/#respond"]}]},{"@type":"WebPage","@id":"https:\/\/rafaramirez.org\/blog\/index.php\/2024\/03\/19\/19-de-marzo-dia-del-padre-en-espana-origenes-e-historia\/","url":"https:\/\/rafaramirez.org\/blog\/index.php\/2024\/03\/19\/19-de-marzo-dia-del-padre-en-espana-origenes-e-historia\/","name":"19 de marzo: D\u00eda del Padre en Espa\u00f1a. Or\u00edgenes e historia. - Blog de Rafael Ram\u00edrez","isPartOf":{"@id":"https:\/\/rafaramirez.org\/blog\/#website"},"primaryImageOfPage":{"@id":"https:\/\/rafaramirez.org\/blog\/index.php\/2024\/03\/19\/19-de-marzo-dia-del-padre-en-espana-origenes-e-historia\/#primaryimage"},"image":{"@id":"https:\/\/rafaramirez.org\/blog\/index.php\/2024\/03\/19\/19-de-marzo-dia-del-padre-en-espana-origenes-e-historia\/#primaryimage"},"thumbnailUrl":"https:\/\/rafaramirez.org\/blog\/wp-content\/uploads\/2024\/03\/Dia_del_Padre_bannerjpg.jpg","datePublished":"2024-03-19T07:15:47+00:00","dateModified":"2024-03-19T10:07:24+00:00","breadcrumb":{"@id":"https:\/\/rafaramirez.org\/blog\/index.php\/2024\/03\/19\/19-de-marzo-dia-del-padre-en-espana-origenes-e-historia\/#breadcrumb"},"inLanguage":"es","potentialAction":[{"@type":"ReadAction","target":["https:\/\/rafaramirez.org\/blog\/index.php\/2024\/03\/19\/19-de-marzo-dia-del-padre-en-espana-origenes-e-historia\/"]}]},{"@type":"ImageObject","inLanguage":"es","@id":"https:\/\/rafaramirez.org\/blog\/index.php\/2024\/03\/19\/19-de-marzo-dia-del-padre-en-espana-origenes-e-historia\/#primaryimage","url":"https:\/\/rafaramirez.org\/blog\/wp-content\/uploads\/2024\/03\/Dia_del_Padre_bannerjpg.jpg","contentUrl":"https:\/\/rafaramirez.org\/blog\/wp-content\/uploads\/2024\/03\/Dia_del_Padre_bannerjpg.jpg","width":850,"height":562,"caption":"D\u00eda de Padre. Blog de Rafael Ram\u00edrez."},{"@type":"BreadcrumbList","@id":"https:\/\/rafaramirez.org\/blog\/index.php\/2024\/03\/19\/19-de-marzo-dia-del-padre-en-espana-origenes-e-historia\/#breadcrumb","itemListElement":[{"@type":"ListItem","position":1,"name":"Portada","item":"https:\/\/rafaramirez.org\/blog\/"},{"@type":"ListItem","position":2,"name":"19 de marzo: D\u00eda del Padre en Espa\u00f1a. Or\u00edgenes e historia."}]},{"@type":"WebSite","@id":"https:\/\/rafaramirez.org\/blog\/#website","url":"https:\/\/rafaramirez.org\/blog\/","name":"Blog de Rafael Ram\u00edrez","description":"Un sitio social, de arte y cultura","publisher":{"@id":"https:\/\/rafaramirez.org\/blog\/#\/schema\/person\/50f43b6d60c578760d4c17bda54ab6a5"},"potentialAction":[{"@type":"SearchAction","target":{"@type":"EntryPoint","urlTemplate":"https:\/\/rafaramirez.org\/blog\/?s={search_term_string}"},"query-input":{"@type":"PropertyValueSpecification","valueRequired":true,"valueName":"search_term_string"}}],"inLanguage":"es"},{"@type":["Person","Organization"],"@id":"https:\/\/rafaramirez.org\/blog\/#\/schema\/person\/50f43b6d60c578760d4c17bda54ab6a5","name":"Rafael Ram\u00edrez","image":{"@type":"ImageObject","inLanguage":"es","@id":"https:\/\/rafaramirez.org\/blog\/wp-content\/uploads\/2024\/09\/RR_socialnetwork.jpg","url":"https:\/\/rafaramirez.org\/blog\/wp-content\/uploads\/2024\/09\/RR_socialnetwork.jpg","contentUrl":"https:\/\/rafaramirez.org\/blog\/wp-content\/uploads\/2024\/09\/RR_socialnetwork.jpg","width":600,"height":606,"caption":"Rafael Ram\u00edrez"},"logo":{"@id":"https:\/\/rafaramirez.org\/blog\/wp-content\/uploads\/2024\/09\/RR_socialnetwork.jpg"},"sameAs":["https:\/\/www.rafaramirez.org\/blog","https:\/\/www.instagram.com\/rafaramirez_ok\/","https:\/\/es.pinterest.com\/Ramirez_Rafa\/","https:\/\/x.com\/rafaramirez_ok"],"url":"https:\/\/rafaramirez.org\/blog\/index.php\/author\/rafaell_qm6j97da\/"}]}},"jetpack_publicize_connections":[],"jetpack_sharing_enabled":true,"jetpack_likes_enabled":true,"jetpack_featured_media_url":"https:\/\/rafaramirez.org\/blog\/wp-content\/uploads\/2024\/03\/Dia_del_Padre_bannerjpg.jpg","_links":{"self":[{"href":"https:\/\/rafaramirez.org\/blog\/index.php\/wp-json\/wp\/v2\/posts\/3780","targetHints":{"allow":["GET"]}}],"collection":[{"href":"https:\/\/rafaramirez.org\/blog\/index.php\/wp-json\/wp\/v2\/posts"}],"about":[{"href":"https:\/\/rafaramirez.org\/blog\/index.php\/wp-json\/wp\/v2\/types\/post"}],"author":[{"embeddable":true,"href":"https:\/\/rafaramirez.org\/blog\/index.php\/wp-json\/wp\/v2\/users\/1"}],"replies":[{"embeddable":true,"href":"https:\/\/rafaramirez.org\/blog\/index.php\/wp-json\/wp\/v2\/comments?post=3780"}],"version-history":[{"count":9,"href":"https:\/\/rafaramirez.org\/blog\/index.php\/wp-json\/wp\/v2\/posts\/3780\/revisions"}],"predecessor-version":[{"id":3870,"href":"https:\/\/rafaramirez.org\/blog\/index.php\/wp-json\/wp\/v2\/posts\/3780\/revisions\/3870"}],"wp:featuredmedia":[{"embeddable":true,"href":"https:\/\/rafaramirez.org\/blog\/index.php\/wp-json\/wp\/v2\/media\/3790"}],"wp:attachment":[{"href":"https:\/\/rafaramirez.org\/blog\/index.php\/wp-json\/wp\/v2\/media?parent=3780"}],"wp:term":[{"taxonomy":"category","embeddable":true,"href":"https:\/\/rafaramirez.org\/blog\/index.php\/wp-json\/wp\/v2\/categories?post=3780"},{"taxonomy":"post_tag","embeddable":true,"href":"https:\/\/rafaramirez.org\/blog\/index.php\/wp-json\/wp\/v2\/tags?post=3780"}],"curies":[{"name":"wp","href":"https:\/\/api.w.org\/{rel}","templated":true}]}}