{"id":3700,"date":"2024-03-15T08:15:18","date_gmt":"2024-03-15T07:15:18","guid":{"rendered":"https:\/\/rafaramirez.org\/blog\/?p=3700"},"modified":"2024-03-11T19:07:34","modified_gmt":"2024-03-11T18:07:34","slug":"el-dia-de-san-patricio-historia-celebracion-y-arraigo-en-espana","status":"publish","type":"post","link":"https:\/\/rafaramirez.org\/blog\/index.php\/2024\/03\/15\/el-dia-de-san-patricio-historia-celebracion-y-arraigo-en-espana\/","title":{"rendered":"El D\u00eda de San Patricio: historia, celebraci\u00f3n y arraigo en Espa\u00f1a."},"content":{"rendered":"<p>El pr\u00f3ximo domingo ser\u00e1 el <strong>D\u00eda de San Patricio<\/strong>, tambi\u00e9n conocido como\u00a0<strong>Saint Patrick\u2019s Day<\/strong>, es una festividad cultural y religiosa que se celebra anualmente el\u00a0<strong>17 de marzo<\/strong>.\u00a0<a class=\"tooltip-target\" href=\"https:\/\/www.nationalgeographic.es\/historia\/quien-fue-san-patricio-y-por-que-tiene-un-dia\" target=\"_blank\" rel=\"noopener\" data-citationid=\"814bf9cd-7a91-cb7a-2801-f7937d233191-10-group\">Aunque su nombre est\u00e1 vinculado al santo patr\u00f3n de Irlanda,\u00a0<strong>San Patricio<\/strong>, su origen no es ni irland\u00e9s ni estadounidense, sino\u00a0<strong>colonial espa\u00f1ol<\/strong><\/a>.<\/p>\n<p>En Irlanda, el D\u00eda de San Patricio es una fiesta nacional con un profundo significado religioso y cultural. Se celebra con misas, desfiles, m\u00fasica tradicional irlandesa, bailes, comida y bebida. El color verde, asociado con la isla y con San Patricio, se vuelve omnipresente en la decoraci\u00f3n, la ropa y la comida.<\/p>\n<figure id=\"attachment_3704\" aria-describedby=\"caption-attachment-3704\" style=\"width: 240px\" class=\"wp-caption alignnone\"><a href=\"https:\/\/rafaramirez.org\/blog\/wp-content\/uploads\/2024\/03\/Saint_Patrick_Catholic_Church_detail.jpg\" target=\"_blank\" rel=\"noopener\"><img loading=\"lazy\" decoding=\"async\" class=\"wp-image-3704 size-medium\" src=\"https:\/\/rafaramirez.org\/blog\/wp-content\/uploads\/2024\/03\/Saint_Patrick_Catholic_Church_detail-240x300.jpg\" alt=\"D\u00eda de San Patricio, tambi\u00e9n conocido como\u00a0Saint Patrick\u2019s Day.\" width=\"240\" height=\"300\" srcset=\"https:\/\/rafaramirez.org\/blog\/wp-content\/uploads\/2024\/03\/Saint_Patrick_Catholic_Church_detail-240x300.jpg 240w, https:\/\/rafaramirez.org\/blog\/wp-content\/uploads\/2024\/03\/Saint_Patrick_Catholic_Church_detail-818x1024.jpg 818w, https:\/\/rafaramirez.org\/blog\/wp-content\/uploads\/2024\/03\/Saint_Patrick_Catholic_Church_detail-768x962.jpg 768w, https:\/\/rafaramirez.org\/blog\/wp-content\/uploads\/2024\/03\/Saint_Patrick_Catholic_Church_detail.jpg 1200w\" sizes=\"auto, (max-width: 240px) 100vw, 240px\" \/><\/a><figcaption id=\"caption-attachment-3704\" class=\"wp-caption-text\">San Patricio &#8211; Saint Patrick\u2019s.<\/figcaption><\/figure>\n<p>Aqu\u00ed tienes algunos detalles sobre la historia y la celebraci\u00f3n de este d\u00eda:<\/p>\n<p><strong>\u00bfQui\u00e9n fue San Patricio?<\/strong><\/p>\n<ul>\n<li>San Patricio, cuyo nombre original era\u00a0<strong>Maewyn Succat<\/strong>, naci\u00f3 en Gran Breta\u00f1a alrededor del a\u00f1o\u00a0<strong>390 d.C.<\/strong>.<\/li>\n<li>A los\u00a0<strong>16 a\u00f1os<\/strong>, fue secuestrado por piratas y llevado a\u00a0<strong>Irlanda<\/strong>, donde se convirti\u00f3 en esclavo y cuid\u00f3 ovejas durante varios a\u00f1os.<\/li>\n<li>Durante su cautiverio,\u00a0<strong>desarroll\u00f3 una fuerte fe en Dios<\/strong>\u00a0y se dedic\u00f3 a orar y buscar la gu\u00eda divina.<\/li>\n<li>Seg\u00fan la leyenda, escuch\u00f3 voces que le indicaron que escapara a Gran Breta\u00f1a, pero luego se le inst\u00f3 a regresar a Irlanda.<\/li>\n<li>Antes de su regreso, se orden\u00f3 como sacerdote y cambi\u00f3 su nombre a\u00a0<strong>Patricius<\/strong>\u00a0o\u00a0<strong>Patricio<\/strong>.<\/li>\n<li><a class=\"tooltip-target\" href=\"https:\/\/www.worldhistory.org\/trans\/es\/1-13953\/san-patricio\/\" target=\"_blank\" rel=\"noopener\" data-citationid=\"814bf9cd-7a91-cb7a-2801-f7937d233191-35-group\">A pesar de las dificultades, San Patricio se convirti\u00f3 en un misionero exitoso en Irlanda y contribuy\u00f3 a la conversi\u00f3n de muchos irlandeses al cristianismo<\/a>.<\/li>\n<\/ul>\n<p style=\"text-align: center;\"><a href=\"https:\/\/rafaramirez.org\/blog\/wp-content\/uploads\/2024\/03\/ai-generated-7830546.jpg\" target=\"_blank\" rel=\"noopener\"><img loading=\"lazy\" decoding=\"async\" class=\"alignnone wp-image-3709 size-medium\" src=\"https:\/\/rafaramirez.org\/blog\/wp-content\/uploads\/2024\/03\/ai-generated-7830546-201x300.jpg\" alt=\"D\u00eda de San Patricio, tambi\u00e9n conocido como\u00a0Saint Patrick\u2019s Day.\" width=\"201\" height=\"300\" srcset=\"https:\/\/rafaramirez.org\/blog\/wp-content\/uploads\/2024\/03\/ai-generated-7830546-201x300.jpg 201w, https:\/\/rafaramirez.org\/blog\/wp-content\/uploads\/2024\/03\/ai-generated-7830546.jpg 670w\" sizes=\"auto, (max-width: 201px) 100vw, 201px\" \/><\/a><\/p>\n<p><strong>S\u00edmbolos Asociados a San Patricio:<\/strong><\/p>\n<ul>\n<li><strong>Duendes (Leprechauns)<\/strong>: Estos peque\u00f1os seres m\u00edticos son parte de la tradici\u00f3n irlandesa y se asocian con la b\u00fasqueda de tesoros escondidos.<\/li>\n<li><strong>Shamrocks (Tr\u00e9boles)<\/strong>: El tr\u00e9bol de tres hojas es un s\u00edmbolo de buena suerte y se cree que San Patricio lo us\u00f3 para explicar la Sant\u00edsima Trinidad a los paganos.<\/li>\n<li><strong>Cerveza Verde<\/strong>: Aunque la mayor\u00eda de las bebidas siguen siendo rubias o negras, en el D\u00eda de San Patricio, la cerveza se ti\u00f1e de verde en honor a la festividad.<\/li>\n<li><strong>Arpas<\/strong>: Representan la m\u00fasica y la cultura irlandesa.<\/li>\n<li><a href=\"https:\/\/eldiariony.com\/2021\/03\/17\/por-que-se-come-corned-beef-con-ensalada-de-col-en-el-dia-de-san-patricio\/\" target=\"_blank\" rel=\"noopener\"><strong>Corned Beef con Col<\/strong>: Este plato es t\u00edpico del 17 de marzo y se asocia a las celebraciones<\/a>.<\/li>\n<\/ul>\n<p style=\"text-align: center;\"><a href=\"https:\/\/rafaramirez.org\/blog\/wp-content\/uploads\/2024\/03\/st-patricks-4929650.jpg\" target=\"_blank\" rel=\"noopener\"><img loading=\"lazy\" decoding=\"async\" class=\"alignnone wp-image-3708 size-medium\" src=\"https:\/\/rafaramirez.org\/blog\/wp-content\/uploads\/2024\/03\/st-patricks-4929650-300x200.jpg\" alt=\"D\u00eda de San Patricio, tambi\u00e9n conocido como\u00a0Saint Patrick\u2019s Day.\" width=\"300\" height=\"200\" srcset=\"https:\/\/rafaramirez.org\/blog\/wp-content\/uploads\/2024\/03\/st-patricks-4929650-300x200.jpg 300w, https:\/\/rafaramirez.org\/blog\/wp-content\/uploads\/2024\/03\/st-patricks-4929650-768x512.jpg 768w, https:\/\/rafaramirez.org\/blog\/wp-content\/uploads\/2024\/03\/st-patricks-4929650.jpg 1000w\" sizes=\"auto, (max-width: 300px) 100vw, 300px\" \/><\/a><\/p>\n<p><strong>Celebraci\u00f3n en el Mundo:<\/strong><\/p>\n<ul>\n<li><strong>Estados Unidos<\/strong> es uno de los pa\u00edses donde la festividad se celebra con mayor entusiasmo debido a la influencia de los expatriados irlandeses.<\/li>\n<li>En ciudades como <strong>Chicago, Boston, Nueva York o Londres<\/strong>, se organizan grandes desfiles que atraen a miles de personas. La festividad se ha convertido en una celebraci\u00f3n de la cultura irlandesa en general, m\u00e1s all\u00e1 de la religi\u00f3n.<\/li>\n<li>Tambi\u00e9n en otras ciudades del mundo los<strong> desfiles, m\u00fasica, comida y bebida<\/strong> son parte de las celebraciones.<\/li>\n<li><strong>Australia<\/strong>,\u00a0<strong>Canad\u00e1<\/strong>, <strong>Argentina<\/strong>,\u00a0<strong>Nueva Zelanda<\/strong>\u00a0y otros pa\u00edses tambi\u00e9n se suman a la celebraci\u00f3n.<\/li>\n<\/ul>\n<p><strong>Arraigo en Espa\u00f1a:<\/strong><\/p>\n<ul>\n<li>En\u00a0<strong>Espa\u00f1a<\/strong>, aunque no es una festividad tradicional, ha ganado popularidad en los \u00faltimos a\u00f1os.<\/li>\n<li>Algunas ciudades organizan eventos especiales. En ciudades como <strong>Madrid, Barcelona, Sevilla o M\u00e1laga<\/strong>, se organizan desfiles, fiestas en pubs irlandeses y eventos culturales. Cada vez m\u00e1s personas se suman a la celebraci\u00f3n, vistiendo de verde y disfrutando de la m\u00fasica y la gastronom\u00eda irlandesa y listas para unirse a la diversi\u00f3n.<\/li>\n<li>Aunque no tiene la misma relevancia que en otros lugares, el D\u00eda de San Patricio se ha convertido en una excusa para celebrar y disfrutar de la cultura irlandesa en Espa\u00f1a.<\/li>\n<\/ul>\n<p style=\"text-align: center;\"><a href=\"https:\/\/rafaramirez.org\/blog\/wp-content\/uploads\/2024\/03\/ai-generated-8567779.jpg\" target=\"_blank\" rel=\"noopener\"><img loading=\"lazy\" decoding=\"async\" class=\"alignnone wp-image-3710 size-medium\" src=\"https:\/\/rafaramirez.org\/blog\/wp-content\/uploads\/2024\/03\/ai-generated-8567779-300x200.jpg\" alt=\"D\u00eda de San Patricio, tambi\u00e9n conocido como\u00a0Saint Patrick\u2019s Day.\" width=\"300\" height=\"200\" srcset=\"https:\/\/rafaramirez.org\/blog\/wp-content\/uploads\/2024\/03\/ai-generated-8567779-300x200.jpg 300w, https:\/\/rafaramirez.org\/blog\/wp-content\/uploads\/2024\/03\/ai-generated-8567779-768x512.jpg 768w, https:\/\/rafaramirez.org\/blog\/wp-content\/uploads\/2024\/03\/ai-generated-8567779.jpg 1000w\" sizes=\"auto, (max-width: 300px) 100vw, 300px\" \/><\/a><\/p>\n<p>En resumen, el <strong>D\u00eda de San Patricio<\/strong> es una oportunidad para celebrar la herencia irlandesa, la fe y la cultura, y se ha convertido en una festividad global llena de alegr\u00eda y color. En Espa\u00f1a, la celebraci\u00f3n ha ido creciendo en popularidad en los \u00faltimos a\u00f1os, atrayendo a un p\u00fablico cada vez m\u00e1s amplio. La fiesta ofrece una oportunidad para disfrutar de la m\u00fasica, la gastronom\u00eda y las tradiciones irlandesas, y para celebrar la diversidad cultural.<\/p>\n<p>Espero que esta informaci\u00f3n te haya servido para conocer un poco m\u00e1s sobre el <strong>D\u00eda de San Patricio<\/strong>\u00a0o <strong>Saint Patrick\u2019s Day. <\/strong>Puedes dejar tus comentarios debajo de este post.<strong> \u00a1Saludos!<\/strong><\/p>\n<p>&nbsp;<\/p>\n","protected":false},"excerpt":{"rendered":"<p>El pr\u00f3ximo domingo ser\u00e1 el D\u00eda de San Patricio, tambi\u00e9n conocido como\u00a0Saint Patrick\u2019s Day, es una festividad cultural y religiosa que se celebra anualmente el\u00a017 de marzo.\u00a0Aunque su nombre est\u00e1 vinculado al santo patr\u00f3n de Irlanda,\u00a0San Patricio, su origen no es ni irland\u00e9s ni estadounidense, sino\u00a0colonial espa\u00f1ol. En Irlanda, el D\u00eda de San Patricio es [&hellip;]<\/p>\n","protected":false},"author":1,"featured_media":3707,"comment_status":"open","ping_status":"closed","sticky":false,"template":"","format":"standard","meta":{"site-container-style":"default","site-container-layout":"default","site-sidebar-layout":"default","disable-article-header":"default","disable-site-header":"default","disable-site-footer":"default","disable-content-area-spacing":"default","_jetpack_newsletter_access":"","_jetpack_dont_email_post_to_subs":false,"_jetpack_newsletter_tier_id":0,"_jetpack_memberships_contains_paywalled_content":false,"_jetpack_feature_clip_id":0,"_jetpack_memberships_contains_paid_content":false,"footnotes":"","jetpack_publicize_message":"","jetpack_publicize_feature_enabled":true,"jetpack_social_post_already_shared":false,"jetpack_social_options":{"image_generator_settings":{"template":"highway","default_image_id":0,"font":"","enabled":false},"version":2},"jetpack_post_was_ever_published":false},"categories":[1291],"tags":[1322,1313,1332,1320,1309,52,1335,1330,68,1325,1331,1308,1324,1334,1319,100,1329,1321,1337,1328,1305,1317,1323,168,1310,1312,1307,1314,1316,1327,621,1311,276,309,1326,1333,1315,1306,1336,1318],"class_list":["post-3700","post","type-post","status-publish","format-standard","has-post-thumbnail","hentry","category-efemerides","tag-17-de-marzo","tag-390-d-c","tag-argentina","tag-arpas","tag-arraigo-en-espana","tag-australia","tag-barcelona","tag-bebida","tag-blog-de-rafael-ramirez","tag-boston","tag-canada","tag-celebracion","tag-celebracion-en-el-mundo","tag-celebracion-en-espana","tag-cerveza-verde","tag-chicago","tag-comida","tag-corned-beef-con-col","tag-cultura-irlandesa-en-espana","tag-desfiles","tag-dia-de-san-patricio","tag-duendes-leprechauns","tag-efemerides","tag-estados-unidos","tag-fe-en-dios","tag-gran-bretana","tag-historia","tag-irlanda","tag-irlandeses-al-cristianismo","tag-londres","tag-madrid","tag-maewyn-succat","tag-malaga","tag-musica","tag-nueva-york","tag-nueva-zelanda","tag-patricius-o-patricio","tag-saint-patricks-day","tag-sevilla","tag-shamrocks-treboles"],"yoast_head":"<!-- This site is optimized with the Yoast SEO plugin v28.4 - https:\/\/yoast.com\/product\/yoast-seo-wordpress\/ -->\n<title>El D\u00eda de San Patricio: historia, celebraci\u00f3n y arraigo en Espa\u00f1a. - Blog de Rafael Ram\u00edrez<\/title>\n<meta name=\"robots\" content=\"index, follow, max-snippet:-1, max-image-preview:large, max-video-preview:-1\" \/>\n<link rel=\"canonical\" href=\"https:\/\/rafaramirez.org\/blog\/index.php\/2024\/03\/15\/el-dia-de-san-patricio-historia-celebracion-y-arraigo-en-espana\/\" \/>\n<meta property=\"og:locale\" content=\"es_ES\" \/>\n<meta property=\"og:type\" content=\"article\" \/>\n<meta property=\"og:title\" content=\"El D\u00eda de San Patricio: historia, celebraci\u00f3n y arraigo en Espa\u00f1a. - Blog de Rafael Ram\u00edrez\" \/>\n<meta property=\"og:description\" content=\"El pr\u00f3ximo domingo ser\u00e1 el D\u00eda de San Patricio, tambi\u00e9n conocido como\u00a0Saint Patrick\u2019s Day, es una festividad cultural y religiosa que se celebra anualmente el\u00a017 de marzo.\u00a0Aunque su nombre est\u00e1 vinculado al santo patr\u00f3n de Irlanda,\u00a0San Patricio, su origen no es ni irland\u00e9s ni estadounidense, sino\u00a0colonial espa\u00f1ol. En Irlanda, el D\u00eda de San Patricio es [&hellip;]\" \/>\n<meta property=\"og:url\" content=\"https:\/\/rafaramirez.org\/blog\/index.php\/2024\/03\/15\/el-dia-de-san-patricio-historia-celebracion-y-arraigo-en-espana\/\" \/>\n<meta property=\"og:site_name\" content=\"Blog de Rafael Ram\u00edrez\" \/>\n<meta property=\"article:published_time\" content=\"2024-03-15T07:15:18+00:00\" \/>\n<meta property=\"og:image\" content=\"https:\/\/rafaramirez.org\/blog\/wp-content\/uploads\/2024\/03\/Saint-Patricks-Day_bannero_ok.jpg\" \/>\n\t<meta property=\"og:image:width\" content=\"750\" \/>\n\t<meta property=\"og:image:height\" content=\"448\" \/>\n\t<meta property=\"og:image:type\" content=\"image\/jpeg\" \/>\n<meta name=\"author\" content=\"Rafael Ram\u00edrez\" \/>\n<meta name=\"twitter:card\" content=\"summary_large_image\" \/>\n<meta name=\"twitter:creator\" content=\"@rafaramirez_ok\" \/>\n<meta name=\"twitter:site\" content=\"@rafaramirez_ok\" \/>\n<meta name=\"twitter:label1\" content=\"Escrito por\" \/>\n\t<meta name=\"twitter:data1\" content=\"Rafael Ram\u00edrez\" \/>\n\t<meta name=\"twitter:label2\" content=\"Tiempo de lectura\" \/>\n\t<meta name=\"twitter:data2\" content=\"4 minutos\" \/>\n<script type=\"application\/ld+json\" class=\"yoast-schema-graph\">{\"@context\":\"https:\\\/\\\/schema.org\",\"@graph\":[{\"@type\":\"Article\",\"@id\":\"https:\\\/\\\/rafaramirez.org\\\/blog\\\/index.php\\\/2024\\\/03\\\/15\\\/el-dia-de-san-patricio-historia-celebracion-y-arraigo-en-espana\\\/#article\",\"isPartOf\":{\"@id\":\"https:\\\/\\\/rafaramirez.org\\\/blog\\\/index.php\\\/2024\\\/03\\\/15\\\/el-dia-de-san-patricio-historia-celebracion-y-arraigo-en-espana\\\/\"},\"author\":{\"name\":\"Rafael Ram\u00edrez\",\"@id\":\"https:\\\/\\\/rafaramirez.org\\\/blog\\\/#\\\/schema\\\/person\\\/50f43b6d60c578760d4c17bda54ab6a5\"},\"headline\":\"El D\u00eda de San Patricio: historia, celebraci\u00f3n y arraigo en Espa\u00f1a.\",\"datePublished\":\"2024-03-15T07:15:18+00:00\",\"mainEntityOfPage\":{\"@id\":\"https:\\\/\\\/rafaramirez.org\\\/blog\\\/index.php\\\/2024\\\/03\\\/15\\\/el-dia-de-san-patricio-historia-celebracion-y-arraigo-en-espana\\\/\"},\"wordCount\":751,\"commentCount\":0,\"publisher\":{\"@id\":\"https:\\\/\\\/rafaramirez.org\\\/blog\\\/#\\\/schema\\\/person\\\/50f43b6d60c578760d4c17bda54ab6a5\"},\"image\":{\"@id\":\"https:\\\/\\\/rafaramirez.org\\\/blog\\\/index.php\\\/2024\\\/03\\\/15\\\/el-dia-de-san-patricio-historia-celebracion-y-arraigo-en-espana\\\/#primaryimage\"},\"thumbnailUrl\":\"https:\\\/\\\/rafaramirez.org\\\/blog\\\/wp-content\\\/uploads\\\/2024\\\/03\\\/Saint-Patricks-Day_bannero_ok.jpg\",\"keywords\":[\"17 de marzo\",\"390 d.C.\",\"Argentina\",\"Arpas\",\"arraigo en Espa\u00f1a\",\"Australia\",\"Barcelona\",\"bebida\",\"blog de Rafael Ram\u00edrez\",\"Boston\",\"Canad\u00e1\",\"celebraci\u00f3n\",\"celebraci\u00f3n en el mundo\",\"celebraci\u00f3n en Espa\u00f1a\",\"Cerveza Verde\",\"Chicago\",\"comida\",\"Corned Beef con Col\",\"cultura irlandesa en Espa\u00f1a\",\"desfiles\",\"D\u00eda de San Patricio\",\"Duendes (Leprechauns)\",\"efem\u00e9rides\",\"Estados Unidos\",\"fe en Dios\",\"Gran Breta\u00f1a\",\"Historia\",\"Irlanda\",\"irlandeses al cristianismo\",\"Londres\",\"Madrid\",\"Maewyn Succat\",\"M\u00e1laga\",\"M\u00fasica\",\"Nueva York\",\"Nueva Zelanda\",\"Patricius\u00a0o\u00a0Patricio\",\"Saint Patrick\u2019s Day\",\"Sevilla\",\"Shamrocks (Tr\u00e9boles)\"],\"articleSection\":[\"Efem\u00e9rides\"],\"inLanguage\":\"es\",\"potentialAction\":[{\"@type\":\"CommentAction\",\"name\":\"Comment\",\"target\":[\"https:\\\/\\\/rafaramirez.org\\\/blog\\\/index.php\\\/2024\\\/03\\\/15\\\/el-dia-de-san-patricio-historia-celebracion-y-arraigo-en-espana\\\/#respond\"]}]},{\"@type\":\"WebPage\",\"@id\":\"https:\\\/\\\/rafaramirez.org\\\/blog\\\/index.php\\\/2024\\\/03\\\/15\\\/el-dia-de-san-patricio-historia-celebracion-y-arraigo-en-espana\\\/\",\"url\":\"https:\\\/\\\/rafaramirez.org\\\/blog\\\/index.php\\\/2024\\\/03\\\/15\\\/el-dia-de-san-patricio-historia-celebracion-y-arraigo-en-espana\\\/\",\"name\":\"El D\u00eda de San Patricio: historia, celebraci\u00f3n y arraigo en Espa\u00f1a. - Blog de Rafael Ram\u00edrez\",\"isPartOf\":{\"@id\":\"https:\\\/\\\/rafaramirez.org\\\/blog\\\/#website\"},\"primaryImageOfPage\":{\"@id\":\"https:\\\/\\\/rafaramirez.org\\\/blog\\\/index.php\\\/2024\\\/03\\\/15\\\/el-dia-de-san-patricio-historia-celebracion-y-arraigo-en-espana\\\/#primaryimage\"},\"image\":{\"@id\":\"https:\\\/\\\/rafaramirez.org\\\/blog\\\/index.php\\\/2024\\\/03\\\/15\\\/el-dia-de-san-patricio-historia-celebracion-y-arraigo-en-espana\\\/#primaryimage\"},\"thumbnailUrl\":\"https:\\\/\\\/rafaramirez.org\\\/blog\\\/wp-content\\\/uploads\\\/2024\\\/03\\\/Saint-Patricks-Day_bannero_ok.jpg\",\"datePublished\":\"2024-03-15T07:15:18+00:00\",\"breadcrumb\":{\"@id\":\"https:\\\/\\\/rafaramirez.org\\\/blog\\\/index.php\\\/2024\\\/03\\\/15\\\/el-dia-de-san-patricio-historia-celebracion-y-arraigo-en-espana\\\/#breadcrumb\"},\"inLanguage\":\"es\",\"potentialAction\":[{\"@type\":\"ReadAction\",\"target\":[\"https:\\\/\\\/rafaramirez.org\\\/blog\\\/index.php\\\/2024\\\/03\\\/15\\\/el-dia-de-san-patricio-historia-celebracion-y-arraigo-en-espana\\\/\"]}]},{\"@type\":\"ImageObject\",\"inLanguage\":\"es\",\"@id\":\"https:\\\/\\\/rafaramirez.org\\\/blog\\\/index.php\\\/2024\\\/03\\\/15\\\/el-dia-de-san-patricio-historia-celebracion-y-arraigo-en-espana\\\/#primaryimage\",\"url\":\"https:\\\/\\\/rafaramirez.org\\\/blog\\\/wp-content\\\/uploads\\\/2024\\\/03\\\/Saint-Patricks-Day_bannero_ok.jpg\",\"contentUrl\":\"https:\\\/\\\/rafaramirez.org\\\/blog\\\/wp-content\\\/uploads\\\/2024\\\/03\\\/Saint-Patricks-Day_bannero_ok.jpg\",\"width\":750,\"height\":448,\"caption\":\"D\u00eda de San Patricio, tambi\u00e9n conocido como\u00a0Saint Patrick\u2019s Day.\"},{\"@type\":\"BreadcrumbList\",\"@id\":\"https:\\\/\\\/rafaramirez.org\\\/blog\\\/index.php\\\/2024\\\/03\\\/15\\\/el-dia-de-san-patricio-historia-celebracion-y-arraigo-en-espana\\\/#breadcrumb\",\"itemListElement\":[{\"@type\":\"ListItem\",\"position\":1,\"name\":\"Portada\",\"item\":\"https:\\\/\\\/rafaramirez.org\\\/blog\\\/\"},{\"@type\":\"ListItem\",\"position\":2,\"name\":\"El D\u00eda de San Patricio: historia, celebraci\u00f3n y arraigo en Espa\u00f1a.\"}]},{\"@type\":\"WebSite\",\"@id\":\"https:\\\/\\\/rafaramirez.org\\\/blog\\\/#website\",\"url\":\"https:\\\/\\\/rafaramirez.org\\\/blog\\\/\",\"name\":\"Blog de Rafael Ram\u00edrez\",\"description\":\"Un sitio social, de arte y cultura\",\"publisher\":{\"@id\":\"https:\\\/\\\/rafaramirez.org\\\/blog\\\/#\\\/schema\\\/person\\\/50f43b6d60c578760d4c17bda54ab6a5\"},\"potentialAction\":[{\"@type\":\"SearchAction\",\"target\":{\"@type\":\"EntryPoint\",\"urlTemplate\":\"https:\\\/\\\/rafaramirez.org\\\/blog\\\/?s={search_term_string}\"},\"query-input\":{\"@type\":\"PropertyValueSpecification\",\"valueRequired\":true,\"valueName\":\"search_term_string\"}}],\"inLanguage\":\"es\"},{\"@type\":[\"Person\",\"Organization\"],\"@id\":\"https:\\\/\\\/rafaramirez.org\\\/blog\\\/#\\\/schema\\\/person\\\/50f43b6d60c578760d4c17bda54ab6a5\",\"name\":\"Rafael Ram\u00edrez\",\"image\":{\"@type\":\"ImageObject\",\"inLanguage\":\"es\",\"@id\":\"https:\\\/\\\/rafaramirez.org\\\/blog\\\/wp-content\\\/uploads\\\/2024\\\/09\\\/RR_socialnetwork.jpg\",\"url\":\"https:\\\/\\\/rafaramirez.org\\\/blog\\\/wp-content\\\/uploads\\\/2024\\\/09\\\/RR_socialnetwork.jpg\",\"contentUrl\":\"https:\\\/\\\/rafaramirez.org\\\/blog\\\/wp-content\\\/uploads\\\/2024\\\/09\\\/RR_socialnetwork.jpg\",\"width\":600,\"height\":606,\"caption\":\"Rafael Ram\u00edrez\"},\"logo\":{\"@id\":\"https:\\\/\\\/rafaramirez.org\\\/blog\\\/wp-content\\\/uploads\\\/2024\\\/09\\\/RR_socialnetwork.jpg\"},\"sameAs\":[\"https:\\\/\\\/www.rafaramirez.org\\\/blog\",\"https:\\\/\\\/www.instagram.com\\\/rafaramirez_ok\\\/\",\"https:\\\/\\\/es.pinterest.com\\\/Ramirez_Rafa\\\/\",\"https:\\\/\\\/x.com\\\/rafaramirez_ok\"],\"url\":\"https:\\\/\\\/rafaramirez.org\\\/blog\\\/index.php\\\/author\\\/rafaell_qm6j97da\\\/\"}]}<\/script>\n<!-- \/ Yoast SEO plugin. -->","yoast_head_json":{"title":"El D\u00eda de San Patricio: historia, celebraci\u00f3n y arraigo en Espa\u00f1a. - Blog de Rafael Ram\u00edrez","robots":{"index":"index","follow":"follow","max-snippet":"max-snippet:-1","max-image-preview":"max-image-preview:large","max-video-preview":"max-video-preview:-1"},"canonical":"https:\/\/rafaramirez.org\/blog\/index.php\/2024\/03\/15\/el-dia-de-san-patricio-historia-celebracion-y-arraigo-en-espana\/","og_locale":"es_ES","og_type":"article","og_title":"El D\u00eda de San Patricio: historia, celebraci\u00f3n y arraigo en Espa\u00f1a. - Blog de Rafael Ram\u00edrez","og_description":"El pr\u00f3ximo domingo ser\u00e1 el D\u00eda de San Patricio, tambi\u00e9n conocido como\u00a0Saint Patrick\u2019s Day, es una festividad cultural y religiosa que se celebra anualmente el\u00a017 de marzo.\u00a0Aunque su nombre est\u00e1 vinculado al santo patr\u00f3n de Irlanda,\u00a0San Patricio, su origen no es ni irland\u00e9s ni estadounidense, sino\u00a0colonial espa\u00f1ol. En Irlanda, el D\u00eda de San Patricio es [&hellip;]","og_url":"https:\/\/rafaramirez.org\/blog\/index.php\/2024\/03\/15\/el-dia-de-san-patricio-historia-celebracion-y-arraigo-en-espana\/","og_site_name":"Blog de Rafael Ram\u00edrez","article_published_time":"2024-03-15T07:15:18+00:00","og_image":[{"width":750,"height":448,"url":"https:\/\/rafaramirez.org\/blog\/wp-content\/uploads\/2024\/03\/Saint-Patricks-Day_bannero_ok.jpg","type":"image\/jpeg"}],"author":"Rafael Ram\u00edrez","twitter_card":"summary_large_image","twitter_creator":"@rafaramirez_ok","twitter_site":"@rafaramirez_ok","twitter_misc":{"Escrito por":"Rafael Ram\u00edrez","Tiempo de lectura":"4 minutos"},"schema":{"@context":"https:\/\/schema.org","@graph":[{"@type":"Article","@id":"https:\/\/rafaramirez.org\/blog\/index.php\/2024\/03\/15\/el-dia-de-san-patricio-historia-celebracion-y-arraigo-en-espana\/#article","isPartOf":{"@id":"https:\/\/rafaramirez.org\/blog\/index.php\/2024\/03\/15\/el-dia-de-san-patricio-historia-celebracion-y-arraigo-en-espana\/"},"author":{"name":"Rafael Ram\u00edrez","@id":"https:\/\/rafaramirez.org\/blog\/#\/schema\/person\/50f43b6d60c578760d4c17bda54ab6a5"},"headline":"El D\u00eda de San Patricio: historia, celebraci\u00f3n y arraigo en Espa\u00f1a.","datePublished":"2024-03-15T07:15:18+00:00","mainEntityOfPage":{"@id":"https:\/\/rafaramirez.org\/blog\/index.php\/2024\/03\/15\/el-dia-de-san-patricio-historia-celebracion-y-arraigo-en-espana\/"},"wordCount":751,"commentCount":0,"publisher":{"@id":"https:\/\/rafaramirez.org\/blog\/#\/schema\/person\/50f43b6d60c578760d4c17bda54ab6a5"},"image":{"@id":"https:\/\/rafaramirez.org\/blog\/index.php\/2024\/03\/15\/el-dia-de-san-patricio-historia-celebracion-y-arraigo-en-espana\/#primaryimage"},"thumbnailUrl":"https:\/\/rafaramirez.org\/blog\/wp-content\/uploads\/2024\/03\/Saint-Patricks-Day_bannero_ok.jpg","keywords":["17 de marzo","390 d.C.","Argentina","Arpas","arraigo en Espa\u00f1a","Australia","Barcelona","bebida","blog de Rafael Ram\u00edrez","Boston","Canad\u00e1","celebraci\u00f3n","celebraci\u00f3n en el mundo","celebraci\u00f3n en Espa\u00f1a","Cerveza Verde","Chicago","comida","Corned Beef con Col","cultura irlandesa en Espa\u00f1a","desfiles","D\u00eda de San Patricio","Duendes (Leprechauns)","efem\u00e9rides","Estados Unidos","fe en Dios","Gran Breta\u00f1a","Historia","Irlanda","irlandeses al cristianismo","Londres","Madrid","Maewyn Succat","M\u00e1laga","M\u00fasica","Nueva York","Nueva Zelanda","Patricius\u00a0o\u00a0Patricio","Saint Patrick\u2019s Day","Sevilla","Shamrocks (Tr\u00e9boles)"],"articleSection":["Efem\u00e9rides"],"inLanguage":"es","potentialAction":[{"@type":"CommentAction","name":"Comment","target":["https:\/\/rafaramirez.org\/blog\/index.php\/2024\/03\/15\/el-dia-de-san-patricio-historia-celebracion-y-arraigo-en-espana\/#respond"]}]},{"@type":"WebPage","@id":"https:\/\/rafaramirez.org\/blog\/index.php\/2024\/03\/15\/el-dia-de-san-patricio-historia-celebracion-y-arraigo-en-espana\/","url":"https:\/\/rafaramirez.org\/blog\/index.php\/2024\/03\/15\/el-dia-de-san-patricio-historia-celebracion-y-arraigo-en-espana\/","name":"El D\u00eda de San Patricio: historia, celebraci\u00f3n y arraigo en Espa\u00f1a. - Blog de Rafael Ram\u00edrez","isPartOf":{"@id":"https:\/\/rafaramirez.org\/blog\/#website"},"primaryImageOfPage":{"@id":"https:\/\/rafaramirez.org\/blog\/index.php\/2024\/03\/15\/el-dia-de-san-patricio-historia-celebracion-y-arraigo-en-espana\/#primaryimage"},"image":{"@id":"https:\/\/rafaramirez.org\/blog\/index.php\/2024\/03\/15\/el-dia-de-san-patricio-historia-celebracion-y-arraigo-en-espana\/#primaryimage"},"thumbnailUrl":"https:\/\/rafaramirez.org\/blog\/wp-content\/uploads\/2024\/03\/Saint-Patricks-Day_bannero_ok.jpg","datePublished":"2024-03-15T07:15:18+00:00","breadcrumb":{"@id":"https:\/\/rafaramirez.org\/blog\/index.php\/2024\/03\/15\/el-dia-de-san-patricio-historia-celebracion-y-arraigo-en-espana\/#breadcrumb"},"inLanguage":"es","potentialAction":[{"@type":"ReadAction","target":["https:\/\/rafaramirez.org\/blog\/index.php\/2024\/03\/15\/el-dia-de-san-patricio-historia-celebracion-y-arraigo-en-espana\/"]}]},{"@type":"ImageObject","inLanguage":"es","@id":"https:\/\/rafaramirez.org\/blog\/index.php\/2024\/03\/15\/el-dia-de-san-patricio-historia-celebracion-y-arraigo-en-espana\/#primaryimage","url":"https:\/\/rafaramirez.org\/blog\/wp-content\/uploads\/2024\/03\/Saint-Patricks-Day_bannero_ok.jpg","contentUrl":"https:\/\/rafaramirez.org\/blog\/wp-content\/uploads\/2024\/03\/Saint-Patricks-Day_bannero_ok.jpg","width":750,"height":448,"caption":"D\u00eda de San Patricio, tambi\u00e9n conocido como\u00a0Saint Patrick\u2019s Day."},{"@type":"BreadcrumbList","@id":"https:\/\/rafaramirez.org\/blog\/index.php\/2024\/03\/15\/el-dia-de-san-patricio-historia-celebracion-y-arraigo-en-espana\/#breadcrumb","itemListElement":[{"@type":"ListItem","position":1,"name":"Portada","item":"https:\/\/rafaramirez.org\/blog\/"},{"@type":"ListItem","position":2,"name":"El D\u00eda de San Patricio: historia, celebraci\u00f3n y arraigo en Espa\u00f1a."}]},{"@type":"WebSite","@id":"https:\/\/rafaramirez.org\/blog\/#website","url":"https:\/\/rafaramirez.org\/blog\/","name":"Blog de Rafael Ram\u00edrez","description":"Un sitio social, de arte y cultura","publisher":{"@id":"https:\/\/rafaramirez.org\/blog\/#\/schema\/person\/50f43b6d60c578760d4c17bda54ab6a5"},"potentialAction":[{"@type":"SearchAction","target":{"@type":"EntryPoint","urlTemplate":"https:\/\/rafaramirez.org\/blog\/?s={search_term_string}"},"query-input":{"@type":"PropertyValueSpecification","valueRequired":true,"valueName":"search_term_string"}}],"inLanguage":"es"},{"@type":["Person","Organization"],"@id":"https:\/\/rafaramirez.org\/blog\/#\/schema\/person\/50f43b6d60c578760d4c17bda54ab6a5","name":"Rafael Ram\u00edrez","image":{"@type":"ImageObject","inLanguage":"es","@id":"https:\/\/rafaramirez.org\/blog\/wp-content\/uploads\/2024\/09\/RR_socialnetwork.jpg","url":"https:\/\/rafaramirez.org\/blog\/wp-content\/uploads\/2024\/09\/RR_socialnetwork.jpg","contentUrl":"https:\/\/rafaramirez.org\/blog\/wp-content\/uploads\/2024\/09\/RR_socialnetwork.jpg","width":600,"height":606,"caption":"Rafael Ram\u00edrez"},"logo":{"@id":"https:\/\/rafaramirez.org\/blog\/wp-content\/uploads\/2024\/09\/RR_socialnetwork.jpg"},"sameAs":["https:\/\/www.rafaramirez.org\/blog","https:\/\/www.instagram.com\/rafaramirez_ok\/","https:\/\/es.pinterest.com\/Ramirez_Rafa\/","https:\/\/x.com\/rafaramirez_ok"],"url":"https:\/\/rafaramirez.org\/blog\/index.php\/author\/rafaell_qm6j97da\/"}]}},"jetpack_publicize_connections":[],"jetpack_sharing_enabled":true,"jetpack_likes_enabled":true,"jetpack_featured_media_url":"https:\/\/rafaramirez.org\/blog\/wp-content\/uploads\/2024\/03\/Saint-Patricks-Day_bannero_ok.jpg","_links":{"self":[{"href":"https:\/\/rafaramirez.org\/blog\/index.php\/wp-json\/wp\/v2\/posts\/3700","targetHints":{"allow":["GET"]}}],"collection":[{"href":"https:\/\/rafaramirez.org\/blog\/index.php\/wp-json\/wp\/v2\/posts"}],"about":[{"href":"https:\/\/rafaramirez.org\/blog\/index.php\/wp-json\/wp\/v2\/types\/post"}],"author":[{"embeddable":true,"href":"https:\/\/rafaramirez.org\/blog\/index.php\/wp-json\/wp\/v2\/users\/1"}],"replies":[{"embeddable":true,"href":"https:\/\/rafaramirez.org\/blog\/index.php\/wp-json\/wp\/v2\/comments?post=3700"}],"version-history":[{"count":6,"href":"https:\/\/rafaramirez.org\/blog\/index.php\/wp-json\/wp\/v2\/posts\/3700\/revisions"}],"predecessor-version":[{"id":3712,"href":"https:\/\/rafaramirez.org\/blog\/index.php\/wp-json\/wp\/v2\/posts\/3700\/revisions\/3712"}],"wp:featuredmedia":[{"embeddable":true,"href":"https:\/\/rafaramirez.org\/blog\/index.php\/wp-json\/wp\/v2\/media\/3707"}],"wp:attachment":[{"href":"https:\/\/rafaramirez.org\/blog\/index.php\/wp-json\/wp\/v2\/media?parent=3700"}],"wp:term":[{"taxonomy":"category","embeddable":true,"href":"https:\/\/rafaramirez.org\/blog\/index.php\/wp-json\/wp\/v2\/categories?post=3700"},{"taxonomy":"post_tag","embeddable":true,"href":"https:\/\/rafaramirez.org\/blog\/index.php\/wp-json\/wp\/v2\/tags?post=3700"}],"curies":[{"name":"wp","href":"https:\/\/api.w.org\/{rel}","templated":true}]}}