{"id":3684,"date":"2024-03-14T08:15:44","date_gmt":"2024-03-14T07:15:44","guid":{"rendered":"https:\/\/rafaramirez.org\/blog\/?p=3684"},"modified":"2024-03-15T11:46:09","modified_gmt":"2024-03-15T10:46:09","slug":"la-sombra-del-viento-de-carlos-ruiz-zafon-una-trama-de-amor-secretos-y-tragedia-que-se-extiende-a-lo-largo-de-decadas","status":"publish","type":"post","link":"https:\/\/rafaramirez.org\/blog\/index.php\/2024\/03\/14\/la-sombra-del-viento-de-carlos-ruiz-zafon-una-trama-de-amor-secretos-y-tragedia-que-se-extiende-a-lo-largo-de-decadas\/","title":{"rendered":"La sombra del viento de Carlos Ruiz Zaf\u00f3n: una trama de amor, secretos y tragedia."},"content":{"rendered":"<p data-sourcepos=\"3:1-3:103\">\u00c9sta semana traigo un libro de hace algunos a\u00f1os, animo a leerlo si no lo hab\u00e9is hecho a\u00fan, es un libro que os atrapar\u00e1 desde el primer momento, se trata de<strong> La sombra del viento<\/strong> de Carlos Ruiz Zaf\u00f3n. Una novela que presenta una sintaxis compleja y rica, caracterizada por <strong>o<\/strong><strong style=\"color: #333333;\">raciones largas y detalladas,<\/strong> Zaf\u00f3n crea una atm\u00f3sfera envolvente a trav\u00e9s de descripciones minuciosas y oraciones subordinadas. El <strong>u<\/strong><strong style=\"color: #333333;\">so de met\u00e1foras y comparaciones,<\/strong> el autor emplea un lenguaje po\u00e9tico para crear im\u00e1genes v\u00edvidas y sugerentes. La <strong style=\"color: #333333;\">variedad de registros ling\u00fc\u00edsticos,<\/strong> se mezclan el lenguaje culto y coloquial, adapt\u00e1ndose al contexto y al personaje. El <strong style=\"color: #333333;\">narrador omnisciente,<\/strong> relata la historia desde una perspectiva externa, con conocimiento de los pensamientos y sentimientos de todos los personajes.<\/p>\n<figure id=\"attachment_3689\" aria-describedby=\"caption-attachment-3689\" style=\"width: 197px\" class=\"wp-caption alignnone\"><a href=\"https:\/\/rafaramirez.org\/blog\/wp-content\/uploads\/2024\/03\/La_Sombra_del_viento_Carlos_Ruiz_Zafon.jpg\" target=\"_blank\" rel=\"noopener\"><img loading=\"lazy\" decoding=\"async\" class=\"wp-image-3689 size-medium\" src=\"https:\/\/rafaramirez.org\/blog\/wp-content\/uploads\/2024\/03\/La_Sombra_del_viento_Carlos_Ruiz_Zafon-197x300.jpg\" alt=\"La sombra del viento de Carlos Ruiz Zaf\u00f3n\" width=\"197\" height=\"300\" srcset=\"https:\/\/rafaramirez.org\/blog\/wp-content\/uploads\/2024\/03\/La_Sombra_del_viento_Carlos_Ruiz_Zafon-197x300.jpg 197w, https:\/\/rafaramirez.org\/blog\/wp-content\/uploads\/2024\/03\/La_Sombra_del_viento_Carlos_Ruiz_Zafon-674x1024.jpg 674w, https:\/\/rafaramirez.org\/blog\/wp-content\/uploads\/2024\/03\/La_Sombra_del_viento_Carlos_Ruiz_Zafon.jpg 691w\" sizes=\"auto, (max-width: 197px) 100vw, 197px\" \/><\/a><figcaption id=\"caption-attachment-3689\" class=\"wp-caption-text\">La sombra del viento de Carlos Ruiz Zaf\u00f3n.<\/figcaption><\/figure>\n<h2 data-sourcepos=\"10:1-10:10\">Resumen<\/h2>\n<p data-sourcepos=\"12:1-12:385\"><strong>La sombra del viento<\/strong> se desarrolla en la Barcelona de la posguerra. Daniel Sempere, un joven introvertido, encuentra un misterioso libro, <strong>La sombra del viento<\/strong>, en el Cementerio de los Libros Olvidados. Cautivado por la historia, Daniel se embarca en la b\u00fasqueda de su autor, Juli\u00e1n Carax, y descubre una trama de amor, secretos y tragedia que se extiende a lo largo de d\u00e9cadas.<\/p>\n<h2 data-sourcepos=\"23:1-23:41\">Sobre el autor Carlos Ruiz Zaf\u00f3n<\/h2>\n<ul data-sourcepos=\"25:1-31:0\">\n<li data-sourcepos=\"25:1-25:29\">Naci\u00f3 en Barcelona en 1964.<\/li>\n<li data-sourcepos=\"26:1-26:52\">Estudi\u00f3 Publicidad y trabaj\u00f3 en diversas agencias.<\/li>\n<li data-sourcepos=\"27:1-27:89\">Comenz\u00f3 su carrera literaria con la novela juvenil\u00a0<strong>El pr\u00edncipe de la niebla<\/strong>\u00a0(1993).<\/li>\n<li data-sourcepos=\"28:1-28:80\"><strong>La sombra del viento<\/strong>\u00a0(2001) lo consagr\u00f3 como autor de \u00e9xito internacional.<\/li>\n<li data-sourcepos=\"29:1-29:134\">Otras obras destacadas:\u00a0<strong>El juego del \u00e1ngel<\/strong>\u00a0(2005),\u00a0<strong>El prisionero del cielo<\/strong>\u00a0(2011),\u00a0<strong>El laberinto de los esp\u00edritus<\/strong>\u00a0(2016).<\/li>\n<li data-sourcepos=\"30:1-31:0\">Falleci\u00f3 en Los \u00c1ngeles en 2020.<\/li>\n<\/ul>\n<p data-sourcepos=\"16:1-16:89\"><strong>La sombra del viento<\/strong> ha cosechado un gran \u00e9xito de cr\u00edtica y p\u00fablico. Se destaca por su<strong style=\"color: #333333;\"> atm\u00f3sfera m\u00e1gica y misteriosa, <\/strong>la novela envuelve al lector en un mundo de misterio y fascinaci\u00f3n. Los<strong style=\"color: #333333;\"> personajes complejos y entra\u00f1ables,<\/strong> Daniel, Ferm\u00edn, Juli\u00e1n y Beatriz son personajes memorables que conmueven al lector. La<strong style=\"color: #333333;\"> historia intrigante y llena de suspense,<\/strong> la trama mantiene al lector en vilo hasta el final y la<strong style=\"color: #333333;\"> prosa elegante y po\u00e9tica,<\/strong> la escritura de Zaf\u00f3n es rica en detalles y evoca im\u00e1genes v\u00edvidas.<\/p>\n<h2 data-sourcepos=\"32:1-32:43\">Premios ganados por La sombra del viento<\/h2>\n<ul data-sourcepos=\"34:1-40:0\">\n<li data-sourcepos=\"34:1-34:21\">Premio Edeb\u00e9 (2001)<\/li>\n<li data-sourcepos=\"35:1-35:29\">Premio Fernando Lara (2002)<\/li>\n<li data-sourcepos=\"36:1-36:26\">Premio Bancarella (2003)<\/li>\n<li data-sourcepos=\"37:1-37:31\">Premio Grinzane Cavour (2004)<\/li>\n<li data-sourcepos=\"38:1-38:34\">Prix des Lecteurs Cultura (2005)<\/li>\n<li data-sourcepos=\"39:1-40:0\">Entre muchos otros&#8230;<\/li>\n<\/ul>\n<p>Espero que te guste la novela <strong>La sombra del viento<\/strong> de Carlos Ruiz Zaf\u00f3n. Puedes dejar tus comentarios debajo de este post. \u00a1Hasta pronto!<\/p>\n<h2 data-sourcepos=\"41:1-41:16\">M\u00e1s informaci\u00f3n<\/h2>\n<p data-sourcepos=\"43:1-43:77\"><strong>La sombra del viento<\/strong> puede adquirirse en librer\u00edas f\u00edsicas y online como:<\/p>\n<ul data-sourcepos=\"45:1-51:0\">\n<li data-sourcepos=\"45:1-45:20\"><a href=\"https:\/\/www.casadellibro.com\/libro-la-sombra-del-viento\/9788408043645\/825719\" target=\"_blank\" rel=\"noopener\"><strong>Casa del Libro<\/strong><\/a><\/li>\n<li data-sourcepos=\"46:1-46:12\"><a href=\"https:\/\/www.amazon.es\/Sombra-Viento-Biblioteca-Carlos-Zaf%C3%B3n\/dp\/8408163434\" target=\"_blank\" rel=\"noopener\"><strong>Amazon<\/strong><\/a><\/li>\n<li data-sourcepos=\"47:1-47:10\"><a href=\"https:\/\/www.fnac.es\/a1289066\/Carlos-Ruiz-Zafon-La-Sombra-del-Viento\" target=\"_blank\" rel=\"noopener\"><strong>FNAC<\/strong><\/a><\/li>\n<li data-sourcepos=\"48:1-48:27\"><a href=\"https:\/\/www.planetadelibros.com\/libro-la-sombra-del-viento\/221322\" target=\"_blank\" rel=\"noopener\"><strong>Planeta de Libros<\/strong><\/a><\/li>\n<\/ul>\n<p data-sourcepos=\"52:1-52:68\">Recuerda que tambi\u00e9n puedes encontrarla en bibliotecas p\u00fablicas.<\/p>\n","protected":false},"excerpt":{"rendered":"<p>\u00c9sta semana traigo un libro de hace algunos a\u00f1os, animo a leerlo si no lo hab\u00e9is hecho a\u00fan, es un libro que os atrapar\u00e1 desde el primer momento, se trata de La sombra del viento de Carlos Ruiz Zaf\u00f3n. Una novela que presenta una sintaxis compleja y rica, caracterizada por oraciones largas y detalladas, Zaf\u00f3n [&hellip;]<\/p>\n","protected":false},"author":1,"featured_media":3688,"comment_status":"open","ping_status":"closed","sticky":false,"template":"","format":"standard","meta":{"site-container-style":"default","site-container-layout":"default","site-sidebar-layout":"default","disable-article-header":"default","disable-site-header":"default","disable-site-footer":"default","disable-content-area-spacing":"default","_jetpack_newsletter_access":"","_jetpack_dont_email_post_to_subs":false,"_jetpack_newsletter_tier_id":0,"_jetpack_memberships_contains_paywalled_content":false,"_jetpack_feature_clip_id":0,"_jetpack_memberships_contains_paid_content":false,"footnotes":"","jetpack_publicize_message":"","jetpack_publicize_feature_enabled":true,"jetpack_social_post_already_shared":false,"jetpack_social_options":{"image_generator_settings":{"template":"highway","default_image_id":0,"font":"","enabled":false},"version":2},"jetpack_post_was_ever_published":false},"categories":[710],"tags":[1278,1279,1263,1285,1269,1289,68,1271,1268,1128,1260,1286,1270,1264,1275,1277,1273,1276,1287,1281,1288,1272,1274,1259,1267,1266,264,1282,1280,1262,1265,1284,1283,1261],"class_list":["post-3684","post","type-post","status-publish","format-standard","has-post-thumbnail","hentry","category-literatura","tag-1278","tag-1279","tag-atmosfera-envolvente","tag-atmosfera-magica-y-misteriosa","tag-barcelona-de-la-posguerra","tag-beatriz","tag-blog-de-rafael-ramirez","tag-cementerio-de-los-libros-olvidados","tag-coloquial","tag-comprar-libro","tag-critica-libro-la-sombra-del-viento","tag-daniel","tag-daniel-sempere","tag-descripciones-minuciosas","tag-el-juego-del-angel-2005","tag-el-laberinto-de-los-espiritus-2016","tag-el-principe-de-la-niebla-1993","tag-el-prisionero-del-cielo-2011","tag-fermin","tag-historia-intrigante","tag-julian","tag-julian-carax","tag-la-sombra-del-viento-2001","tag-la-sombra-del-viento-de-carlos-ruiz-zafon","tag-lenguaje-culto","tag-lenguaje-poetico","tag-libro-recomendado","tag-llena-de-suspense","tag-los-angeles","tag-novela-recomendada","tag-oraciones-subordinadas","tag-personajes-complejos-y-entranables","tag-prosa-elegante-y-poetica","tag-sintaxis-compleja-y-rica"],"yoast_head":"<!-- This site is optimized with the Yoast SEO plugin v28.4 - https:\/\/yoast.com\/product\/yoast-seo-wordpress\/ -->\n<title>La sombra del viento de Carlos Ruiz Zaf\u00f3n: una trama de amor, secretos y tragedia. - Blog de Rafael Ram\u00edrez<\/title>\n<meta name=\"robots\" content=\"index, follow, max-snippet:-1, max-image-preview:large, max-video-preview:-1\" \/>\n<link rel=\"canonical\" href=\"https:\/\/rafaramirez.org\/blog\/index.php\/2024\/03\/14\/la-sombra-del-viento-de-carlos-ruiz-zafon-una-trama-de-amor-secretos-y-tragedia-que-se-extiende-a-lo-largo-de-decadas\/\" \/>\n<meta property=\"og:locale\" content=\"es_ES\" \/>\n<meta property=\"og:type\" content=\"article\" \/>\n<meta property=\"og:title\" content=\"La sombra del viento de Carlos Ruiz Zaf\u00f3n: una trama de amor, secretos y tragedia. - Blog de Rafael Ram\u00edrez\" \/>\n<meta property=\"og:description\" content=\"\u00c9sta semana traigo un libro de hace algunos a\u00f1os, animo a leerlo si no lo hab\u00e9is hecho a\u00fan, es un libro que os atrapar\u00e1 desde el primer momento, se trata de La sombra del viento de Carlos Ruiz Zaf\u00f3n. Una novela que presenta una sintaxis compleja y rica, caracterizada por oraciones largas y detalladas, Zaf\u00f3n [&hellip;]\" \/>\n<meta property=\"og:url\" content=\"https:\/\/rafaramirez.org\/blog\/index.php\/2024\/03\/14\/la-sombra-del-viento-de-carlos-ruiz-zafon-una-trama-de-amor-secretos-y-tragedia-que-se-extiende-a-lo-largo-de-decadas\/\" \/>\n<meta property=\"og:site_name\" content=\"Blog de Rafael Ram\u00edrez\" \/>\n<meta property=\"article:published_time\" content=\"2024-03-14T07:15:44+00:00\" \/>\n<meta property=\"article:modified_time\" content=\"2024-03-15T10:46:09+00:00\" \/>\n<meta property=\"og:image\" content=\"https:\/\/rafaramirez.org\/blog\/wp-content\/uploads\/2024\/03\/La_sombra_del_viento_banner.jpg\" \/>\n\t<meta property=\"og:image:width\" content=\"600\" \/>\n\t<meta property=\"og:image:height\" content=\"315\" \/>\n\t<meta property=\"og:image:type\" content=\"image\/jpeg\" \/>\n<meta name=\"author\" content=\"Rafael Ram\u00edrez\" \/>\n<meta name=\"twitter:card\" content=\"summary_large_image\" \/>\n<meta name=\"twitter:creator\" content=\"@rafaramirez_ok\" \/>\n<meta name=\"twitter:site\" content=\"@rafaramirez_ok\" \/>\n<meta name=\"twitter:label1\" content=\"Escrito por\" \/>\n\t<meta name=\"twitter:data1\" content=\"Rafael Ram\u00edrez\" \/>\n\t<meta name=\"twitter:label2\" content=\"Tiempo de lectura\" \/>\n\t<meta name=\"twitter:data2\" content=\"2 minutos\" \/>\n<script type=\"application\/ld+json\" class=\"yoast-schema-graph\">{\"@context\":\"https:\\\/\\\/schema.org\",\"@graph\":[{\"@type\":\"Article\",\"@id\":\"https:\\\/\\\/rafaramirez.org\\\/blog\\\/index.php\\\/2024\\\/03\\\/14\\\/la-sombra-del-viento-de-carlos-ruiz-zafon-una-trama-de-amor-secretos-y-tragedia-que-se-extiende-a-lo-largo-de-decadas\\\/#article\",\"isPartOf\":{\"@id\":\"https:\\\/\\\/rafaramirez.org\\\/blog\\\/index.php\\\/2024\\\/03\\\/14\\\/la-sombra-del-viento-de-carlos-ruiz-zafon-una-trama-de-amor-secretos-y-tragedia-que-se-extiende-a-lo-largo-de-decadas\\\/\"},\"author\":{\"name\":\"Rafael Ram\u00edrez\",\"@id\":\"https:\\\/\\\/rafaramirez.org\\\/blog\\\/#\\\/schema\\\/person\\\/50f43b6d60c578760d4c17bda54ab6a5\"},\"headline\":\"La sombra del viento de Carlos Ruiz Zaf\u00f3n: una trama de amor, secretos y tragedia.\",\"datePublished\":\"2024-03-14T07:15:44+00:00\",\"dateModified\":\"2024-03-15T10:46:09+00:00\",\"mainEntityOfPage\":{\"@id\":\"https:\\\/\\\/rafaramirez.org\\\/blog\\\/index.php\\\/2024\\\/03\\\/14\\\/la-sombra-del-viento-de-carlos-ruiz-zafon-una-trama-de-amor-secretos-y-tragedia-que-se-extiende-a-lo-largo-de-decadas\\\/\"},\"wordCount\":486,\"commentCount\":0,\"publisher\":{\"@id\":\"https:\\\/\\\/rafaramirez.org\\\/blog\\\/#\\\/schema\\\/person\\\/50f43b6d60c578760d4c17bda54ab6a5\"},\"image\":{\"@id\":\"https:\\\/\\\/rafaramirez.org\\\/blog\\\/index.php\\\/2024\\\/03\\\/14\\\/la-sombra-del-viento-de-carlos-ruiz-zafon-una-trama-de-amor-secretos-y-tragedia-que-se-extiende-a-lo-largo-de-decadas\\\/#primaryimage\"},\"thumbnailUrl\":\"https:\\\/\\\/rafaramirez.org\\\/blog\\\/wp-content\\\/uploads\\\/2024\\\/03\\\/La_sombra_del_viento_banner.jpg\",\"keywords\":[\"1964\",\"2020\",\"atm\u00f3sfera envolvente\",\"atm\u00f3sfera m\u00e1gica y misteriosa\",\"Barcelona de la posguerra\",\"Beatriz\",\"blog de Rafael Ram\u00edrez\",\"Cementerio de los Libros Olvidados\",\"coloquial\",\"comprar libro\",\"critica libro La sombra del viento\",\"Daniel\",\"Daniel Sempere\",\"descripciones minuciosas\",\"El juego del \u00e1ngel\u00a0(2005)\",\"El laberinto de los esp\u00edritus\u00a0(2016)\",\"El pr\u00edncipe de la niebla\u00a0(1993)\",\"El prisionero del cielo\u00a0(2011)\",\"Ferm\u00edn\",\"historia intrigante\",\"Juli\u00e1n\",\"Juli\u00e1n Carax\",\"La sombra del viento\u00a0(2001)\",\"La sombra del viento de Carlos Ruiz Zaf\u00f3n\",\"lenguaje culto\",\"lenguaje po\u00e9tico\",\"libro recomendado\",\"llena de suspense\",\"Los \u00c1ngeles\",\"novela recomendada\",\"oraciones subordinadas\",\"personajes complejos y entra\u00f1ables\",\"prosa elegante y po\u00e9tica\",\"sintaxis compleja y rica\"],\"articleSection\":[\"Literatura\"],\"inLanguage\":\"es\",\"potentialAction\":[{\"@type\":\"CommentAction\",\"name\":\"Comment\",\"target\":[\"https:\\\/\\\/rafaramirez.org\\\/blog\\\/index.php\\\/2024\\\/03\\\/14\\\/la-sombra-del-viento-de-carlos-ruiz-zafon-una-trama-de-amor-secretos-y-tragedia-que-se-extiende-a-lo-largo-de-decadas\\\/#respond\"]}]},{\"@type\":\"WebPage\",\"@id\":\"https:\\\/\\\/rafaramirez.org\\\/blog\\\/index.php\\\/2024\\\/03\\\/14\\\/la-sombra-del-viento-de-carlos-ruiz-zafon-una-trama-de-amor-secretos-y-tragedia-que-se-extiende-a-lo-largo-de-decadas\\\/\",\"url\":\"https:\\\/\\\/rafaramirez.org\\\/blog\\\/index.php\\\/2024\\\/03\\\/14\\\/la-sombra-del-viento-de-carlos-ruiz-zafon-una-trama-de-amor-secretos-y-tragedia-que-se-extiende-a-lo-largo-de-decadas\\\/\",\"name\":\"La sombra del viento de Carlos Ruiz Zaf\u00f3n: una trama de amor, secretos y tragedia. - Blog de Rafael Ram\u00edrez\",\"isPartOf\":{\"@id\":\"https:\\\/\\\/rafaramirez.org\\\/blog\\\/#website\"},\"primaryImageOfPage\":{\"@id\":\"https:\\\/\\\/rafaramirez.org\\\/blog\\\/index.php\\\/2024\\\/03\\\/14\\\/la-sombra-del-viento-de-carlos-ruiz-zafon-una-trama-de-amor-secretos-y-tragedia-que-se-extiende-a-lo-largo-de-decadas\\\/#primaryimage\"},\"image\":{\"@id\":\"https:\\\/\\\/rafaramirez.org\\\/blog\\\/index.php\\\/2024\\\/03\\\/14\\\/la-sombra-del-viento-de-carlos-ruiz-zafon-una-trama-de-amor-secretos-y-tragedia-que-se-extiende-a-lo-largo-de-decadas\\\/#primaryimage\"},\"thumbnailUrl\":\"https:\\\/\\\/rafaramirez.org\\\/blog\\\/wp-content\\\/uploads\\\/2024\\\/03\\\/La_sombra_del_viento_banner.jpg\",\"datePublished\":\"2024-03-14T07:15:44+00:00\",\"dateModified\":\"2024-03-15T10:46:09+00:00\",\"breadcrumb\":{\"@id\":\"https:\\\/\\\/rafaramirez.org\\\/blog\\\/index.php\\\/2024\\\/03\\\/14\\\/la-sombra-del-viento-de-carlos-ruiz-zafon-una-trama-de-amor-secretos-y-tragedia-que-se-extiende-a-lo-largo-de-decadas\\\/#breadcrumb\"},\"inLanguage\":\"es\",\"potentialAction\":[{\"@type\":\"ReadAction\",\"target\":[\"https:\\\/\\\/rafaramirez.org\\\/blog\\\/index.php\\\/2024\\\/03\\\/14\\\/la-sombra-del-viento-de-carlos-ruiz-zafon-una-trama-de-amor-secretos-y-tragedia-que-se-extiende-a-lo-largo-de-decadas\\\/\"]}]},{\"@type\":\"ImageObject\",\"inLanguage\":\"es\",\"@id\":\"https:\\\/\\\/rafaramirez.org\\\/blog\\\/index.php\\\/2024\\\/03\\\/14\\\/la-sombra-del-viento-de-carlos-ruiz-zafon-una-trama-de-amor-secretos-y-tragedia-que-se-extiende-a-lo-largo-de-decadas\\\/#primaryimage\",\"url\":\"https:\\\/\\\/rafaramirez.org\\\/blog\\\/wp-content\\\/uploads\\\/2024\\\/03\\\/La_sombra_del_viento_banner.jpg\",\"contentUrl\":\"https:\\\/\\\/rafaramirez.org\\\/blog\\\/wp-content\\\/uploads\\\/2024\\\/03\\\/La_sombra_del_viento_banner.jpg\",\"width\":600,\"height\":315,\"caption\":\"La sombra del viento de Carlos Ruiz Zaf\u00f3n\"},{\"@type\":\"BreadcrumbList\",\"@id\":\"https:\\\/\\\/rafaramirez.org\\\/blog\\\/index.php\\\/2024\\\/03\\\/14\\\/la-sombra-del-viento-de-carlos-ruiz-zafon-una-trama-de-amor-secretos-y-tragedia-que-se-extiende-a-lo-largo-de-decadas\\\/#breadcrumb\",\"itemListElement\":[{\"@type\":\"ListItem\",\"position\":1,\"name\":\"Portada\",\"item\":\"https:\\\/\\\/rafaramirez.org\\\/blog\\\/\"},{\"@type\":\"ListItem\",\"position\":2,\"name\":\"La sombra del viento de Carlos Ruiz Zaf\u00f3n: una trama de amor, secretos y tragedia.\"}]},{\"@type\":\"WebSite\",\"@id\":\"https:\\\/\\\/rafaramirez.org\\\/blog\\\/#website\",\"url\":\"https:\\\/\\\/rafaramirez.org\\\/blog\\\/\",\"name\":\"Blog de Rafael Ram\u00edrez\",\"description\":\"Un sitio social, de arte y cultura\",\"publisher\":{\"@id\":\"https:\\\/\\\/rafaramirez.org\\\/blog\\\/#\\\/schema\\\/person\\\/50f43b6d60c578760d4c17bda54ab6a5\"},\"potentialAction\":[{\"@type\":\"SearchAction\",\"target\":{\"@type\":\"EntryPoint\",\"urlTemplate\":\"https:\\\/\\\/rafaramirez.org\\\/blog\\\/?s={search_term_string}\"},\"query-input\":{\"@type\":\"PropertyValueSpecification\",\"valueRequired\":true,\"valueName\":\"search_term_string\"}}],\"inLanguage\":\"es\"},{\"@type\":[\"Person\",\"Organization\"],\"@id\":\"https:\\\/\\\/rafaramirez.org\\\/blog\\\/#\\\/schema\\\/person\\\/50f43b6d60c578760d4c17bda54ab6a5\",\"name\":\"Rafael Ram\u00edrez\",\"image\":{\"@type\":\"ImageObject\",\"inLanguage\":\"es\",\"@id\":\"https:\\\/\\\/rafaramirez.org\\\/blog\\\/wp-content\\\/uploads\\\/2024\\\/09\\\/RR_socialnetwork.jpg\",\"url\":\"https:\\\/\\\/rafaramirez.org\\\/blog\\\/wp-content\\\/uploads\\\/2024\\\/09\\\/RR_socialnetwork.jpg\",\"contentUrl\":\"https:\\\/\\\/rafaramirez.org\\\/blog\\\/wp-content\\\/uploads\\\/2024\\\/09\\\/RR_socialnetwork.jpg\",\"width\":600,\"height\":606,\"caption\":\"Rafael Ram\u00edrez\"},\"logo\":{\"@id\":\"https:\\\/\\\/rafaramirez.org\\\/blog\\\/wp-content\\\/uploads\\\/2024\\\/09\\\/RR_socialnetwork.jpg\"},\"sameAs\":[\"https:\\\/\\\/www.rafaramirez.org\\\/blog\",\"https:\\\/\\\/www.instagram.com\\\/rafaramirez_ok\\\/\",\"https:\\\/\\\/es.pinterest.com\\\/Ramirez_Rafa\\\/\",\"https:\\\/\\\/x.com\\\/rafaramirez_ok\"],\"url\":\"https:\\\/\\\/rafaramirez.org\\\/blog\\\/index.php\\\/author\\\/rafaell_qm6j97da\\\/\"}]}<\/script>\n<!-- \/ Yoast SEO plugin. -->","yoast_head_json":{"title":"La sombra del viento de Carlos Ruiz Zaf\u00f3n: una trama de amor, secretos y tragedia. - Blog de Rafael Ram\u00edrez","robots":{"index":"index","follow":"follow","max-snippet":"max-snippet:-1","max-image-preview":"max-image-preview:large","max-video-preview":"max-video-preview:-1"},"canonical":"https:\/\/rafaramirez.org\/blog\/index.php\/2024\/03\/14\/la-sombra-del-viento-de-carlos-ruiz-zafon-una-trama-de-amor-secretos-y-tragedia-que-se-extiende-a-lo-largo-de-decadas\/","og_locale":"es_ES","og_type":"article","og_title":"La sombra del viento de Carlos Ruiz Zaf\u00f3n: una trama de amor, secretos y tragedia. - Blog de Rafael Ram\u00edrez","og_description":"\u00c9sta semana traigo un libro de hace algunos a\u00f1os, animo a leerlo si no lo hab\u00e9is hecho a\u00fan, es un libro que os atrapar\u00e1 desde el primer momento, se trata de La sombra del viento de Carlos Ruiz Zaf\u00f3n. Una novela que presenta una sintaxis compleja y rica, caracterizada por oraciones largas y detalladas, Zaf\u00f3n [&hellip;]","og_url":"https:\/\/rafaramirez.org\/blog\/index.php\/2024\/03\/14\/la-sombra-del-viento-de-carlos-ruiz-zafon-una-trama-de-amor-secretos-y-tragedia-que-se-extiende-a-lo-largo-de-decadas\/","og_site_name":"Blog de Rafael Ram\u00edrez","article_published_time":"2024-03-14T07:15:44+00:00","article_modified_time":"2024-03-15T10:46:09+00:00","og_image":[{"width":600,"height":315,"url":"https:\/\/rafaramirez.org\/blog\/wp-content\/uploads\/2024\/03\/La_sombra_del_viento_banner.jpg","type":"image\/jpeg"}],"author":"Rafael Ram\u00edrez","twitter_card":"summary_large_image","twitter_creator":"@rafaramirez_ok","twitter_site":"@rafaramirez_ok","twitter_misc":{"Escrito por":"Rafael Ram\u00edrez","Tiempo de lectura":"2 minutos"},"schema":{"@context":"https:\/\/schema.org","@graph":[{"@type":"Article","@id":"https:\/\/rafaramirez.org\/blog\/index.php\/2024\/03\/14\/la-sombra-del-viento-de-carlos-ruiz-zafon-una-trama-de-amor-secretos-y-tragedia-que-se-extiende-a-lo-largo-de-decadas\/#article","isPartOf":{"@id":"https:\/\/rafaramirez.org\/blog\/index.php\/2024\/03\/14\/la-sombra-del-viento-de-carlos-ruiz-zafon-una-trama-de-amor-secretos-y-tragedia-que-se-extiende-a-lo-largo-de-decadas\/"},"author":{"name":"Rafael Ram\u00edrez","@id":"https:\/\/rafaramirez.org\/blog\/#\/schema\/person\/50f43b6d60c578760d4c17bda54ab6a5"},"headline":"La sombra del viento de Carlos Ruiz Zaf\u00f3n: una trama de amor, secretos y tragedia.","datePublished":"2024-03-14T07:15:44+00:00","dateModified":"2024-03-15T10:46:09+00:00","mainEntityOfPage":{"@id":"https:\/\/rafaramirez.org\/blog\/index.php\/2024\/03\/14\/la-sombra-del-viento-de-carlos-ruiz-zafon-una-trama-de-amor-secretos-y-tragedia-que-se-extiende-a-lo-largo-de-decadas\/"},"wordCount":486,"commentCount":0,"publisher":{"@id":"https:\/\/rafaramirez.org\/blog\/#\/schema\/person\/50f43b6d60c578760d4c17bda54ab6a5"},"image":{"@id":"https:\/\/rafaramirez.org\/blog\/index.php\/2024\/03\/14\/la-sombra-del-viento-de-carlos-ruiz-zafon-una-trama-de-amor-secretos-y-tragedia-que-se-extiende-a-lo-largo-de-decadas\/#primaryimage"},"thumbnailUrl":"https:\/\/rafaramirez.org\/blog\/wp-content\/uploads\/2024\/03\/La_sombra_del_viento_banner.jpg","keywords":["1964","2020","atm\u00f3sfera envolvente","atm\u00f3sfera m\u00e1gica y misteriosa","Barcelona de la posguerra","Beatriz","blog de Rafael Ram\u00edrez","Cementerio de los Libros Olvidados","coloquial","comprar libro","critica libro La sombra del viento","Daniel","Daniel Sempere","descripciones minuciosas","El juego del \u00e1ngel\u00a0(2005)","El laberinto de los esp\u00edritus\u00a0(2016)","El pr\u00edncipe de la niebla\u00a0(1993)","El prisionero del cielo\u00a0(2011)","Ferm\u00edn","historia intrigante","Juli\u00e1n","Juli\u00e1n Carax","La sombra del viento\u00a0(2001)","La sombra del viento de Carlos Ruiz Zaf\u00f3n","lenguaje culto","lenguaje po\u00e9tico","libro recomendado","llena de suspense","Los \u00c1ngeles","novela recomendada","oraciones subordinadas","personajes complejos y entra\u00f1ables","prosa elegante y po\u00e9tica","sintaxis compleja y rica"],"articleSection":["Literatura"],"inLanguage":"es","potentialAction":[{"@type":"CommentAction","name":"Comment","target":["https:\/\/rafaramirez.org\/blog\/index.php\/2024\/03\/14\/la-sombra-del-viento-de-carlos-ruiz-zafon-una-trama-de-amor-secretos-y-tragedia-que-se-extiende-a-lo-largo-de-decadas\/#respond"]}]},{"@type":"WebPage","@id":"https:\/\/rafaramirez.org\/blog\/index.php\/2024\/03\/14\/la-sombra-del-viento-de-carlos-ruiz-zafon-una-trama-de-amor-secretos-y-tragedia-que-se-extiende-a-lo-largo-de-decadas\/","url":"https:\/\/rafaramirez.org\/blog\/index.php\/2024\/03\/14\/la-sombra-del-viento-de-carlos-ruiz-zafon-una-trama-de-amor-secretos-y-tragedia-que-se-extiende-a-lo-largo-de-decadas\/","name":"La sombra del viento de Carlos Ruiz Zaf\u00f3n: una trama de amor, secretos y tragedia. - Blog de Rafael Ram\u00edrez","isPartOf":{"@id":"https:\/\/rafaramirez.org\/blog\/#website"},"primaryImageOfPage":{"@id":"https:\/\/rafaramirez.org\/blog\/index.php\/2024\/03\/14\/la-sombra-del-viento-de-carlos-ruiz-zafon-una-trama-de-amor-secretos-y-tragedia-que-se-extiende-a-lo-largo-de-decadas\/#primaryimage"},"image":{"@id":"https:\/\/rafaramirez.org\/blog\/index.php\/2024\/03\/14\/la-sombra-del-viento-de-carlos-ruiz-zafon-una-trama-de-amor-secretos-y-tragedia-que-se-extiende-a-lo-largo-de-decadas\/#primaryimage"},"thumbnailUrl":"https:\/\/rafaramirez.org\/blog\/wp-content\/uploads\/2024\/03\/La_sombra_del_viento_banner.jpg","datePublished":"2024-03-14T07:15:44+00:00","dateModified":"2024-03-15T10:46:09+00:00","breadcrumb":{"@id":"https:\/\/rafaramirez.org\/blog\/index.php\/2024\/03\/14\/la-sombra-del-viento-de-carlos-ruiz-zafon-una-trama-de-amor-secretos-y-tragedia-que-se-extiende-a-lo-largo-de-decadas\/#breadcrumb"},"inLanguage":"es","potentialAction":[{"@type":"ReadAction","target":["https:\/\/rafaramirez.org\/blog\/index.php\/2024\/03\/14\/la-sombra-del-viento-de-carlos-ruiz-zafon-una-trama-de-amor-secretos-y-tragedia-que-se-extiende-a-lo-largo-de-decadas\/"]}]},{"@type":"ImageObject","inLanguage":"es","@id":"https:\/\/rafaramirez.org\/blog\/index.php\/2024\/03\/14\/la-sombra-del-viento-de-carlos-ruiz-zafon-una-trama-de-amor-secretos-y-tragedia-que-se-extiende-a-lo-largo-de-decadas\/#primaryimage","url":"https:\/\/rafaramirez.org\/blog\/wp-content\/uploads\/2024\/03\/La_sombra_del_viento_banner.jpg","contentUrl":"https:\/\/rafaramirez.org\/blog\/wp-content\/uploads\/2024\/03\/La_sombra_del_viento_banner.jpg","width":600,"height":315,"caption":"La sombra del viento de Carlos Ruiz Zaf\u00f3n"},{"@type":"BreadcrumbList","@id":"https:\/\/rafaramirez.org\/blog\/index.php\/2024\/03\/14\/la-sombra-del-viento-de-carlos-ruiz-zafon-una-trama-de-amor-secretos-y-tragedia-que-se-extiende-a-lo-largo-de-decadas\/#breadcrumb","itemListElement":[{"@type":"ListItem","position":1,"name":"Portada","item":"https:\/\/rafaramirez.org\/blog\/"},{"@type":"ListItem","position":2,"name":"La sombra del viento de Carlos Ruiz Zaf\u00f3n: una trama de amor, secretos y tragedia."}]},{"@type":"WebSite","@id":"https:\/\/rafaramirez.org\/blog\/#website","url":"https:\/\/rafaramirez.org\/blog\/","name":"Blog de Rafael Ram\u00edrez","description":"Un sitio social, de arte y cultura","publisher":{"@id":"https:\/\/rafaramirez.org\/blog\/#\/schema\/person\/50f43b6d60c578760d4c17bda54ab6a5"},"potentialAction":[{"@type":"SearchAction","target":{"@type":"EntryPoint","urlTemplate":"https:\/\/rafaramirez.org\/blog\/?s={search_term_string}"},"query-input":{"@type":"PropertyValueSpecification","valueRequired":true,"valueName":"search_term_string"}}],"inLanguage":"es"},{"@type":["Person","Organization"],"@id":"https:\/\/rafaramirez.org\/blog\/#\/schema\/person\/50f43b6d60c578760d4c17bda54ab6a5","name":"Rafael Ram\u00edrez","image":{"@type":"ImageObject","inLanguage":"es","@id":"https:\/\/rafaramirez.org\/blog\/wp-content\/uploads\/2024\/09\/RR_socialnetwork.jpg","url":"https:\/\/rafaramirez.org\/blog\/wp-content\/uploads\/2024\/09\/RR_socialnetwork.jpg","contentUrl":"https:\/\/rafaramirez.org\/blog\/wp-content\/uploads\/2024\/09\/RR_socialnetwork.jpg","width":600,"height":606,"caption":"Rafael Ram\u00edrez"},"logo":{"@id":"https:\/\/rafaramirez.org\/blog\/wp-content\/uploads\/2024\/09\/RR_socialnetwork.jpg"},"sameAs":["https:\/\/www.rafaramirez.org\/blog","https:\/\/www.instagram.com\/rafaramirez_ok\/","https:\/\/es.pinterest.com\/Ramirez_Rafa\/","https:\/\/x.com\/rafaramirez_ok"],"url":"https:\/\/rafaramirez.org\/blog\/index.php\/author\/rafaell_qm6j97da\/"}]}},"jetpack_publicize_connections":[],"jetpack_sharing_enabled":true,"jetpack_likes_enabled":true,"jetpack_featured_media_url":"https:\/\/rafaramirez.org\/blog\/wp-content\/uploads\/2024\/03\/La_sombra_del_viento_banner.jpg","_links":{"self":[{"href":"https:\/\/rafaramirez.org\/blog\/index.php\/wp-json\/wp\/v2\/posts\/3684","targetHints":{"allow":["GET"]}}],"collection":[{"href":"https:\/\/rafaramirez.org\/blog\/index.php\/wp-json\/wp\/v2\/posts"}],"about":[{"href":"https:\/\/rafaramirez.org\/blog\/index.php\/wp-json\/wp\/v2\/types\/post"}],"author":[{"embeddable":true,"href":"https:\/\/rafaramirez.org\/blog\/index.php\/wp-json\/wp\/v2\/users\/1"}],"replies":[{"embeddable":true,"href":"https:\/\/rafaramirez.org\/blog\/index.php\/wp-json\/wp\/v2\/comments?post=3684"}],"version-history":[{"count":8,"href":"https:\/\/rafaramirez.org\/blog\/index.php\/wp-json\/wp\/v2\/posts\/3684\/revisions"}],"predecessor-version":[{"id":3811,"href":"https:\/\/rafaramirez.org\/blog\/index.php\/wp-json\/wp\/v2\/posts\/3684\/revisions\/3811"}],"wp:featuredmedia":[{"embeddable":true,"href":"https:\/\/rafaramirez.org\/blog\/index.php\/wp-json\/wp\/v2\/media\/3688"}],"wp:attachment":[{"href":"https:\/\/rafaramirez.org\/blog\/index.php\/wp-json\/wp\/v2\/media?parent=3684"}],"wp:term":[{"taxonomy":"category","embeddable":true,"href":"https:\/\/rafaramirez.org\/blog\/index.php\/wp-json\/wp\/v2\/categories?post=3684"},{"taxonomy":"post_tag","embeddable":true,"href":"https:\/\/rafaramirez.org\/blog\/index.php\/wp-json\/wp\/v2\/tags?post=3684"}],"curies":[{"name":"wp","href":"https:\/\/api.w.org\/{rel}","templated":true}]}}