{"id":3673,"date":"2024-03-13T08:15:42","date_gmt":"2024-03-13T07:15:42","guid":{"rendered":"https:\/\/rafaramirez.org\/blog\/?p=3673"},"modified":"2024-03-13T10:46:26","modified_gmt":"2024-03-13T09:46:26","slug":"me-va-la-vida-en-ello-silvio-rodriguez","status":"publish","type":"post","link":"https:\/\/rafaramirez.org\/blog\/index.php\/2024\/03\/13\/me-va-la-vida-en-ello-silvio-rodriguez\/","title":{"rendered":"\u00abMe va la vida en ello\u00bb de Silvio Rodr\u00edguez: Un himno a la pasi\u00f3n y la autenticidad."},"content":{"rendered":"<p data-sourcepos=\"3:1-3:279\">\u00abMe va la vida en ello\u00bb es una canci\u00f3n emblem\u00e1tica del cantautor cubano <a href=\"https:\/\/es.wikipedia.org\/wiki\/Silvio_Rodr%C3%ADguez\" target=\"_blank\" rel=\"noopener\">Silvio Rodr\u00edguez<\/a>. La canci\u00f3n fue originalmente compuesta por <a href=\"https:\/\/es.wikipedia.org\/wiki\/Luis_Eduardo_Aute\" target=\"_blank\" rel=\"noopener\">Luis Eduardo Aute<\/a>, y Silvio la grab\u00f3 como un homenaje a su amigo y colega. Fue lanzada en el a\u00f1o 2000 como parte del \u00e1lbum \u00ab<a href=\"https:\/\/www.google.com\/search?q=%C2%A1mira+que+eres+canalla+aute+%C3%A1lbum\" target=\"_blank\" rel=\"noopener\"><strong>\u00a1Mira que eres canalla, Aute!<\/strong><\/a>\u00ab, un homenaje al cantautor espa\u00f1ol.<\/p>\n<figure id=\"attachment_3678\" aria-describedby=\"caption-attachment-3678\" style=\"width: 295px\" class=\"wp-caption alignnone\"><a href=\"https:\/\/rafaramirez.org\/blog\/wp-content\/uploads\/2024\/03\/mira_que_eres_canalla_album_cd.jpg\" target=\"_blank\" rel=\"noopener\"><img loading=\"lazy\" decoding=\"async\" class=\"wp-image-3678 size-medium\" src=\"https:\/\/rafaramirez.org\/blog\/wp-content\/uploads\/2024\/03\/mira_que_eres_canalla_album_cd-295x300.jpg\" alt=\"Album &quot;\u00a1Mira que eres canalla, Aute!&quot;. Varios artistas.\" width=\"295\" height=\"300\" srcset=\"https:\/\/rafaramirez.org\/blog\/wp-content\/uploads\/2024\/03\/mira_que_eres_canalla_album_cd-295x300.jpg 295w, https:\/\/rafaramirez.org\/blog\/wp-content\/uploads\/2024\/03\/mira_que_eres_canalla_album_cd-768x781.jpg 768w, https:\/\/rafaramirez.org\/blog\/wp-content\/uploads\/2024\/03\/mira_que_eres_canalla_album_cd.jpg 894w\" sizes=\"auto, (max-width: 295px) 100vw, 295px\" \/><\/a><figcaption id=\"caption-attachment-3678\" class=\"wp-caption-text\">Album \u00ab\u00a1Mira que eres canalla, Aute!\u00bb. Varios artistas.<\/figcaption><\/figure>\n<p data-sourcepos=\"5:1-5:240\"><a href=\"https:\/\/www.google.com\/search?q=letra+de+la+canci%C3%B3n+me+va+la+vida+en+ello\" target=\"_blank\" rel=\"noopener\"><strong>La letra<\/strong> de la canci\u00f3n<\/a> es un canto a la pasi\u00f3n y la b\u00fasqueda constante de la verdad. El autor reconoce haber vivido con intensidad, sin miedo a los riesgos ni a la cr\u00edtica, guiado por la convicci\u00f3n de que \u00abamar era el verbo m\u00e1s bello\u00bb.<\/p>\n<p data-sourcepos=\"7:1-7:203\"><strong>El estribillo<\/strong> es particularmente memorable, con la frase \u00abme va la vida en ello\u00bb que resalta la importancia de vivir con autenticidad y entrega, sin importar las dificultades que se puedan presentar.<\/p>\n<p data-sourcepos=\"9:1-9:199\"><strong>La m\u00fasica<\/strong> de la canci\u00f3n es suave y melanc\u00f3lica, con una guitarra ac\u00fastica que acompa\u00f1a la voz de Silvio. La melod\u00eda se intensifica en el estribillo, creando una atm\u00f3sfera de emoci\u00f3n y convicci\u00f3n.<\/p>\n<p data-sourcepos=\"11:1-11:21\"><strong>Interpretaciones:<\/strong><\/p>\n<ul data-sourcepos=\"13:1-16:0\">\n<li data-sourcepos=\"13:1-13:197\"><strong>Himno a la libertad:<\/strong>\u00a0Algunos interpretan la canci\u00f3n como un himno a la libertad individual y la b\u00fasqueda de la propia verdad, sin importar las normas sociales o las expectativas de los dem\u00e1s.<\/li>\n<li data-sourcepos=\"14:1-14:127\"><strong>Oda al amor:<\/strong>\u00a0Otros la ven como una oda al amor apasionado, un sentimiento que lo impulsa todo y que da sentido a la vida.<\/li>\n<li data-sourcepos=\"15:1-16:0\"><strong>Reflexi\u00f3n sobre la vida:<\/strong>\u00a0Tambi\u00e9n se puede interpretar como una reflexi\u00f3n sobre la importancia de vivir con intensidad y aprovechar cada momento, sin dejar que el miedo o la duda nos detengan.<\/li>\n<\/ul>\n<p data-sourcepos=\"19:1-19:239\"><strong>Con algunos recursos gr\u00e1ficos y la canci\u00f3n de Silvio realic\u00e9 este video que espero que te guste. <\/strong>\u00abMe va la vida en ello\u00bb se ha convertido en una de las canciones m\u00e1s populares de Silvio Rodr\u00edguez, y ha sido versionada por numerosos artistas. Es un himno que contin\u00faa inspirando a las personas a vivir con pasi\u00f3n, autenticidad y entrega.<\/p>\n<p><strong>Puedes dejar tus comentarios debajo de este post. \u00a1Saludos!<\/strong><\/p>\n<p><iframe loading=\"lazy\" src=\"https:\/\/player.vimeo.com\/video\/921069328?h=c9746b8e33\" width=\"640\" height=\"564\" frameborder=\"0\" allowfullscreen=\"allowfullscreen\"><\/iframe><\/p>\n<p>&nbsp;<\/p>\n","protected":false},"excerpt":{"rendered":"<p>\u00abMe va la vida en ello\u00bb es una canci\u00f3n emblem\u00e1tica del cantautor cubano Silvio Rodr\u00edguez. La canci\u00f3n fue originalmente compuesta por Luis Eduardo Aute, y Silvio la grab\u00f3 como un homenaje a su amigo y colega. Fue lanzada en el a\u00f1o 2000 como parte del \u00e1lbum \u00ab\u00a1Mira que eres canalla, Aute!\u00ab, un homenaje al cantautor [&hellip;]<\/p>\n","protected":false},"author":1,"featured_media":3679,"comment_status":"open","ping_status":"closed","sticky":false,"template":"","format":"standard","meta":{"site-container-style":"default","site-container-layout":"default","site-sidebar-layout":"default","disable-article-header":"default","disable-site-header":"default","disable-site-footer":"default","disable-content-area-spacing":"default","_jetpack_newsletter_access":"","_jetpack_dont_email_post_to_subs":false,"_jetpack_newsletter_tier_id":0,"_jetpack_memberships_contains_paywalled_content":false,"_jetpack_feature_clip_id":0,"_jetpack_memberships_contains_paid_content":false,"footnotes":"","jetpack_publicize_message":"","jetpack_publicize_feature_enabled":true,"jetpack_social_post_already_shared":false,"jetpack_social_options":{"image_generator_settings":{"template":"highway","default_image_id":0,"font":"","enabled":false},"version":2},"jetpack_post_was_ever_published":false},"categories":[709],"tags":[1251,1252,1257,68,1258,1254,1249,1250,1247,1253,1255,928,1256,1248,572,506],"class_list":["post-3673","post","type-post","status-publish","format-standard","has-post-thumbnail","hentry","category-musica","tag-mira-que-eres-canalla","tag-aute","tag-autenticidad","tag-blog-de-rafael-ramirez","tag-entrega","tag-himno-a-la-libertad","tag-historia-de-a-cancion","tag-luis-eduardo-aute","tag-me-va-la-vida-en-ello-de-silvio-rodriguez","tag-mira-que-eres-canalla-aute","tag-oda-al-amor","tag-pasion","tag-reflexion-sobre-la-vida","tag-video-de-me-va-la-vida-en-ello","tag-video-musical","tag-videoclip-musical"],"yoast_head":"<!-- This site is optimized with the Yoast SEO plugin v28.4 - https:\/\/yoast.com\/product\/yoast-seo-wordpress\/ -->\n<title>&quot;Me va la vida en ello&quot; de Silvio Rodr\u00edguez: Un himno a la pasi\u00f3n y la autenticidad. - Blog de Rafael Ram\u00edrez<\/title>\n<meta name=\"robots\" content=\"index, follow, max-snippet:-1, max-image-preview:large, max-video-preview:-1\" \/>\n<link rel=\"canonical\" href=\"https:\/\/rafaramirez.org\/blog\/index.php\/2024\/03\/13\/me-va-la-vida-en-ello-silvio-rodriguez\/\" \/>\n<meta property=\"og:locale\" content=\"es_ES\" \/>\n<meta property=\"og:type\" content=\"article\" \/>\n<meta property=\"og:title\" content=\"&quot;Me va la vida en ello&quot; de Silvio Rodr\u00edguez: Un himno a la pasi\u00f3n y la autenticidad. - Blog de Rafael Ram\u00edrez\" \/>\n<meta property=\"og:description\" content=\"\u00abMe va la vida en ello\u00bb es una canci\u00f3n emblem\u00e1tica del cantautor cubano Silvio Rodr\u00edguez. La canci\u00f3n fue originalmente compuesta por Luis Eduardo Aute, y Silvio la grab\u00f3 como un homenaje a su amigo y colega. Fue lanzada en el a\u00f1o 2000 como parte del \u00e1lbum \u00ab\u00a1Mira que eres canalla, Aute!\u00ab, un homenaje al cantautor [&hellip;]\" \/>\n<meta property=\"og:url\" content=\"https:\/\/rafaramirez.org\/blog\/index.php\/2024\/03\/13\/me-va-la-vida-en-ello-silvio-rodriguez\/\" \/>\n<meta property=\"og:site_name\" content=\"Blog de Rafael Ram\u00edrez\" \/>\n<meta property=\"article:published_time\" content=\"2024-03-13T07:15:42+00:00\" \/>\n<meta property=\"article:modified_time\" content=\"2024-03-13T09:46:26+00:00\" \/>\n<meta property=\"og:image\" content=\"https:\/\/rafaramirez.org\/blog\/wp-content\/uploads\/2024\/03\/mevalavidaenello_banner.jpg\" \/>\n\t<meta property=\"og:image:width\" content=\"800\" \/>\n\t<meta property=\"og:image:height\" content=\"532\" \/>\n\t<meta property=\"og:image:type\" content=\"image\/jpeg\" \/>\n<meta name=\"author\" content=\"Rafael Ram\u00edrez\" \/>\n<meta name=\"twitter:card\" content=\"summary_large_image\" \/>\n<meta name=\"twitter:creator\" content=\"@rafaramirez_ok\" \/>\n<meta name=\"twitter:site\" content=\"@rafaramirez_ok\" \/>\n<meta name=\"twitter:label1\" content=\"Escrito por\" \/>\n\t<meta name=\"twitter:data1\" content=\"Rafael Ram\u00edrez\" \/>\n\t<meta name=\"twitter:label2\" content=\"Tiempo de lectura\" \/>\n\t<meta name=\"twitter:data2\" content=\"2 minutos\" \/>\n<script type=\"application\/ld+json\" class=\"yoast-schema-graph\">{\"@context\":\"https:\\\/\\\/schema.org\",\"@graph\":[{\"@type\":\"Article\",\"@id\":\"https:\\\/\\\/rafaramirez.org\\\/blog\\\/index.php\\\/2024\\\/03\\\/13\\\/me-va-la-vida-en-ello-silvio-rodriguez\\\/#article\",\"isPartOf\":{\"@id\":\"https:\\\/\\\/rafaramirez.org\\\/blog\\\/index.php\\\/2024\\\/03\\\/13\\\/me-va-la-vida-en-ello-silvio-rodriguez\\\/\"},\"author\":{\"name\":\"Rafael Ram\u00edrez\",\"@id\":\"https:\\\/\\\/rafaramirez.org\\\/blog\\\/#\\\/schema\\\/person\\\/50f43b6d60c578760d4c17bda54ab6a5\"},\"headline\":\"\u00abMe va la vida en ello\u00bb de Silvio Rodr\u00edguez: Un himno a la pasi\u00f3n y la autenticidad.\",\"datePublished\":\"2024-03-13T07:15:42+00:00\",\"dateModified\":\"2024-03-13T09:46:26+00:00\",\"mainEntityOfPage\":{\"@id\":\"https:\\\/\\\/rafaramirez.org\\\/blog\\\/index.php\\\/2024\\\/03\\\/13\\\/me-va-la-vida-en-ello-silvio-rodriguez\\\/\"},\"wordCount\":393,\"commentCount\":0,\"publisher\":{\"@id\":\"https:\\\/\\\/rafaramirez.org\\\/blog\\\/#\\\/schema\\\/person\\\/50f43b6d60c578760d4c17bda54ab6a5\"},\"image\":{\"@id\":\"https:\\\/\\\/rafaramirez.org\\\/blog\\\/index.php\\\/2024\\\/03\\\/13\\\/me-va-la-vida-en-ello-silvio-rodriguez\\\/#primaryimage\"},\"thumbnailUrl\":\"https:\\\/\\\/rafaramirez.org\\\/blog\\\/wp-content\\\/uploads\\\/2024\\\/03\\\/mevalavidaenello_banner.jpg\",\"keywords\":[\"\u00a1Mira que eres canalla\",\"Aute!\",\"autenticidad\",\"blog de Rafael Ram\u00edrez\",\"entrega\",\"Himno a la libertad\",\"historia de a canci\u00f3n\",\"Luis Eduardo Aute\",\"Me va la vida en ello de Silvio Rodr\u00edguez\",\"Mira que eres canalla Aute\",\"Oda al amor\",\"pasi\u00f3n\",\"Reflexi\u00f3n sobre la vida\",\"video de me va la vida en ello\",\"video musical\",\"videoclip musical\"],\"articleSection\":[\"M\u00fasica\"],\"inLanguage\":\"es\",\"potentialAction\":[{\"@type\":\"CommentAction\",\"name\":\"Comment\",\"target\":[\"https:\\\/\\\/rafaramirez.org\\\/blog\\\/index.php\\\/2024\\\/03\\\/13\\\/me-va-la-vida-en-ello-silvio-rodriguez\\\/#respond\"]}]},{\"@type\":\"WebPage\",\"@id\":\"https:\\\/\\\/rafaramirez.org\\\/blog\\\/index.php\\\/2024\\\/03\\\/13\\\/me-va-la-vida-en-ello-silvio-rodriguez\\\/\",\"url\":\"https:\\\/\\\/rafaramirez.org\\\/blog\\\/index.php\\\/2024\\\/03\\\/13\\\/me-va-la-vida-en-ello-silvio-rodriguez\\\/\",\"name\":\"\\\"Me va la vida en ello\\\" de Silvio Rodr\u00edguez: Un himno a la pasi\u00f3n y la autenticidad. - Blog de Rafael Ram\u00edrez\",\"isPartOf\":{\"@id\":\"https:\\\/\\\/rafaramirez.org\\\/blog\\\/#website\"},\"primaryImageOfPage\":{\"@id\":\"https:\\\/\\\/rafaramirez.org\\\/blog\\\/index.php\\\/2024\\\/03\\\/13\\\/me-va-la-vida-en-ello-silvio-rodriguez\\\/#primaryimage\"},\"image\":{\"@id\":\"https:\\\/\\\/rafaramirez.org\\\/blog\\\/index.php\\\/2024\\\/03\\\/13\\\/me-va-la-vida-en-ello-silvio-rodriguez\\\/#primaryimage\"},\"thumbnailUrl\":\"https:\\\/\\\/rafaramirez.org\\\/blog\\\/wp-content\\\/uploads\\\/2024\\\/03\\\/mevalavidaenello_banner.jpg\",\"datePublished\":\"2024-03-13T07:15:42+00:00\",\"dateModified\":\"2024-03-13T09:46:26+00:00\",\"breadcrumb\":{\"@id\":\"https:\\\/\\\/rafaramirez.org\\\/blog\\\/index.php\\\/2024\\\/03\\\/13\\\/me-va-la-vida-en-ello-silvio-rodriguez\\\/#breadcrumb\"},\"inLanguage\":\"es\",\"potentialAction\":[{\"@type\":\"ReadAction\",\"target\":[\"https:\\\/\\\/rafaramirez.org\\\/blog\\\/index.php\\\/2024\\\/03\\\/13\\\/me-va-la-vida-en-ello-silvio-rodriguez\\\/\"]}]},{\"@type\":\"ImageObject\",\"inLanguage\":\"es\",\"@id\":\"https:\\\/\\\/rafaramirez.org\\\/blog\\\/index.php\\\/2024\\\/03\\\/13\\\/me-va-la-vida-en-ello-silvio-rodriguez\\\/#primaryimage\",\"url\":\"https:\\\/\\\/rafaramirez.org\\\/blog\\\/wp-content\\\/uploads\\\/2024\\\/03\\\/mevalavidaenello_banner.jpg\",\"contentUrl\":\"https:\\\/\\\/rafaramirez.org\\\/blog\\\/wp-content\\\/uploads\\\/2024\\\/03\\\/mevalavidaenello_banner.jpg\",\"width\":800,\"height\":532,\"caption\":\"Me va la vida en ello. Silvio Rodr\u00edguez.\"},{\"@type\":\"BreadcrumbList\",\"@id\":\"https:\\\/\\\/rafaramirez.org\\\/blog\\\/index.php\\\/2024\\\/03\\\/13\\\/me-va-la-vida-en-ello-silvio-rodriguez\\\/#breadcrumb\",\"itemListElement\":[{\"@type\":\"ListItem\",\"position\":1,\"name\":\"Portada\",\"item\":\"https:\\\/\\\/rafaramirez.org\\\/blog\\\/\"},{\"@type\":\"ListItem\",\"position\":2,\"name\":\"\u00abMe va la vida en ello\u00bb de Silvio Rodr\u00edguez: Un himno a la pasi\u00f3n y la autenticidad.\"}]},{\"@type\":\"WebSite\",\"@id\":\"https:\\\/\\\/rafaramirez.org\\\/blog\\\/#website\",\"url\":\"https:\\\/\\\/rafaramirez.org\\\/blog\\\/\",\"name\":\"Blog de Rafael Ram\u00edrez\",\"description\":\"Un sitio social, de arte y cultura\",\"publisher\":{\"@id\":\"https:\\\/\\\/rafaramirez.org\\\/blog\\\/#\\\/schema\\\/person\\\/50f43b6d60c578760d4c17bda54ab6a5\"},\"potentialAction\":[{\"@type\":\"SearchAction\",\"target\":{\"@type\":\"EntryPoint\",\"urlTemplate\":\"https:\\\/\\\/rafaramirez.org\\\/blog\\\/?s={search_term_string}\"},\"query-input\":{\"@type\":\"PropertyValueSpecification\",\"valueRequired\":true,\"valueName\":\"search_term_string\"}}],\"inLanguage\":\"es\"},{\"@type\":[\"Person\",\"Organization\"],\"@id\":\"https:\\\/\\\/rafaramirez.org\\\/blog\\\/#\\\/schema\\\/person\\\/50f43b6d60c578760d4c17bda54ab6a5\",\"name\":\"Rafael Ram\u00edrez\",\"image\":{\"@type\":\"ImageObject\",\"inLanguage\":\"es\",\"@id\":\"https:\\\/\\\/rafaramirez.org\\\/blog\\\/wp-content\\\/uploads\\\/2024\\\/09\\\/RR_socialnetwork.jpg\",\"url\":\"https:\\\/\\\/rafaramirez.org\\\/blog\\\/wp-content\\\/uploads\\\/2024\\\/09\\\/RR_socialnetwork.jpg\",\"contentUrl\":\"https:\\\/\\\/rafaramirez.org\\\/blog\\\/wp-content\\\/uploads\\\/2024\\\/09\\\/RR_socialnetwork.jpg\",\"width\":600,\"height\":606,\"caption\":\"Rafael Ram\u00edrez\"},\"logo\":{\"@id\":\"https:\\\/\\\/rafaramirez.org\\\/blog\\\/wp-content\\\/uploads\\\/2024\\\/09\\\/RR_socialnetwork.jpg\"},\"sameAs\":[\"https:\\\/\\\/www.rafaramirez.org\\\/blog\",\"https:\\\/\\\/www.instagram.com\\\/rafaramirez_ok\\\/\",\"https:\\\/\\\/es.pinterest.com\\\/Ramirez_Rafa\\\/\",\"https:\\\/\\\/x.com\\\/rafaramirez_ok\"],\"url\":\"https:\\\/\\\/rafaramirez.org\\\/blog\\\/index.php\\\/author\\\/rafaell_qm6j97da\\\/\"}]}<\/script>\n<!-- \/ Yoast SEO plugin. -->","yoast_head_json":{"title":"\"Me va la vida en ello\" de Silvio Rodr\u00edguez: Un himno a la pasi\u00f3n y la autenticidad. - Blog de Rafael Ram\u00edrez","robots":{"index":"index","follow":"follow","max-snippet":"max-snippet:-1","max-image-preview":"max-image-preview:large","max-video-preview":"max-video-preview:-1"},"canonical":"https:\/\/rafaramirez.org\/blog\/index.php\/2024\/03\/13\/me-va-la-vida-en-ello-silvio-rodriguez\/","og_locale":"es_ES","og_type":"article","og_title":"\"Me va la vida en ello\" de Silvio Rodr\u00edguez: Un himno a la pasi\u00f3n y la autenticidad. - Blog de Rafael Ram\u00edrez","og_description":"\u00abMe va la vida en ello\u00bb es una canci\u00f3n emblem\u00e1tica del cantautor cubano Silvio Rodr\u00edguez. La canci\u00f3n fue originalmente compuesta por Luis Eduardo Aute, y Silvio la grab\u00f3 como un homenaje a su amigo y colega. Fue lanzada en el a\u00f1o 2000 como parte del \u00e1lbum \u00ab\u00a1Mira que eres canalla, Aute!\u00ab, un homenaje al cantautor [&hellip;]","og_url":"https:\/\/rafaramirez.org\/blog\/index.php\/2024\/03\/13\/me-va-la-vida-en-ello-silvio-rodriguez\/","og_site_name":"Blog de Rafael Ram\u00edrez","article_published_time":"2024-03-13T07:15:42+00:00","article_modified_time":"2024-03-13T09:46:26+00:00","og_image":[{"width":800,"height":532,"url":"https:\/\/rafaramirez.org\/blog\/wp-content\/uploads\/2024\/03\/mevalavidaenello_banner.jpg","type":"image\/jpeg"}],"author":"Rafael Ram\u00edrez","twitter_card":"summary_large_image","twitter_creator":"@rafaramirez_ok","twitter_site":"@rafaramirez_ok","twitter_misc":{"Escrito por":"Rafael Ram\u00edrez","Tiempo de lectura":"2 minutos"},"schema":{"@context":"https:\/\/schema.org","@graph":[{"@type":"Article","@id":"https:\/\/rafaramirez.org\/blog\/index.php\/2024\/03\/13\/me-va-la-vida-en-ello-silvio-rodriguez\/#article","isPartOf":{"@id":"https:\/\/rafaramirez.org\/blog\/index.php\/2024\/03\/13\/me-va-la-vida-en-ello-silvio-rodriguez\/"},"author":{"name":"Rafael Ram\u00edrez","@id":"https:\/\/rafaramirez.org\/blog\/#\/schema\/person\/50f43b6d60c578760d4c17bda54ab6a5"},"headline":"\u00abMe va la vida en ello\u00bb de Silvio Rodr\u00edguez: Un himno a la pasi\u00f3n y la autenticidad.","datePublished":"2024-03-13T07:15:42+00:00","dateModified":"2024-03-13T09:46:26+00:00","mainEntityOfPage":{"@id":"https:\/\/rafaramirez.org\/blog\/index.php\/2024\/03\/13\/me-va-la-vida-en-ello-silvio-rodriguez\/"},"wordCount":393,"commentCount":0,"publisher":{"@id":"https:\/\/rafaramirez.org\/blog\/#\/schema\/person\/50f43b6d60c578760d4c17bda54ab6a5"},"image":{"@id":"https:\/\/rafaramirez.org\/blog\/index.php\/2024\/03\/13\/me-va-la-vida-en-ello-silvio-rodriguez\/#primaryimage"},"thumbnailUrl":"https:\/\/rafaramirez.org\/blog\/wp-content\/uploads\/2024\/03\/mevalavidaenello_banner.jpg","keywords":["\u00a1Mira que eres canalla","Aute!","autenticidad","blog de Rafael Ram\u00edrez","entrega","Himno a la libertad","historia de a canci\u00f3n","Luis Eduardo Aute","Me va la vida en ello de Silvio Rodr\u00edguez","Mira que eres canalla Aute","Oda al amor","pasi\u00f3n","Reflexi\u00f3n sobre la vida","video de me va la vida en ello","video musical","videoclip musical"],"articleSection":["M\u00fasica"],"inLanguage":"es","potentialAction":[{"@type":"CommentAction","name":"Comment","target":["https:\/\/rafaramirez.org\/blog\/index.php\/2024\/03\/13\/me-va-la-vida-en-ello-silvio-rodriguez\/#respond"]}]},{"@type":"WebPage","@id":"https:\/\/rafaramirez.org\/blog\/index.php\/2024\/03\/13\/me-va-la-vida-en-ello-silvio-rodriguez\/","url":"https:\/\/rafaramirez.org\/blog\/index.php\/2024\/03\/13\/me-va-la-vida-en-ello-silvio-rodriguez\/","name":"\"Me va la vida en ello\" de Silvio Rodr\u00edguez: Un himno a la pasi\u00f3n y la autenticidad. - Blog de Rafael Ram\u00edrez","isPartOf":{"@id":"https:\/\/rafaramirez.org\/blog\/#website"},"primaryImageOfPage":{"@id":"https:\/\/rafaramirez.org\/blog\/index.php\/2024\/03\/13\/me-va-la-vida-en-ello-silvio-rodriguez\/#primaryimage"},"image":{"@id":"https:\/\/rafaramirez.org\/blog\/index.php\/2024\/03\/13\/me-va-la-vida-en-ello-silvio-rodriguez\/#primaryimage"},"thumbnailUrl":"https:\/\/rafaramirez.org\/blog\/wp-content\/uploads\/2024\/03\/mevalavidaenello_banner.jpg","datePublished":"2024-03-13T07:15:42+00:00","dateModified":"2024-03-13T09:46:26+00:00","breadcrumb":{"@id":"https:\/\/rafaramirez.org\/blog\/index.php\/2024\/03\/13\/me-va-la-vida-en-ello-silvio-rodriguez\/#breadcrumb"},"inLanguage":"es","potentialAction":[{"@type":"ReadAction","target":["https:\/\/rafaramirez.org\/blog\/index.php\/2024\/03\/13\/me-va-la-vida-en-ello-silvio-rodriguez\/"]}]},{"@type":"ImageObject","inLanguage":"es","@id":"https:\/\/rafaramirez.org\/blog\/index.php\/2024\/03\/13\/me-va-la-vida-en-ello-silvio-rodriguez\/#primaryimage","url":"https:\/\/rafaramirez.org\/blog\/wp-content\/uploads\/2024\/03\/mevalavidaenello_banner.jpg","contentUrl":"https:\/\/rafaramirez.org\/blog\/wp-content\/uploads\/2024\/03\/mevalavidaenello_banner.jpg","width":800,"height":532,"caption":"Me va la vida en ello. Silvio Rodr\u00edguez."},{"@type":"BreadcrumbList","@id":"https:\/\/rafaramirez.org\/blog\/index.php\/2024\/03\/13\/me-va-la-vida-en-ello-silvio-rodriguez\/#breadcrumb","itemListElement":[{"@type":"ListItem","position":1,"name":"Portada","item":"https:\/\/rafaramirez.org\/blog\/"},{"@type":"ListItem","position":2,"name":"\u00abMe va la vida en ello\u00bb de Silvio Rodr\u00edguez: Un himno a la pasi\u00f3n y la autenticidad."}]},{"@type":"WebSite","@id":"https:\/\/rafaramirez.org\/blog\/#website","url":"https:\/\/rafaramirez.org\/blog\/","name":"Blog de Rafael Ram\u00edrez","description":"Un sitio social, de arte y cultura","publisher":{"@id":"https:\/\/rafaramirez.org\/blog\/#\/schema\/person\/50f43b6d60c578760d4c17bda54ab6a5"},"potentialAction":[{"@type":"SearchAction","target":{"@type":"EntryPoint","urlTemplate":"https:\/\/rafaramirez.org\/blog\/?s={search_term_string}"},"query-input":{"@type":"PropertyValueSpecification","valueRequired":true,"valueName":"search_term_string"}}],"inLanguage":"es"},{"@type":["Person","Organization"],"@id":"https:\/\/rafaramirez.org\/blog\/#\/schema\/person\/50f43b6d60c578760d4c17bda54ab6a5","name":"Rafael Ram\u00edrez","image":{"@type":"ImageObject","inLanguage":"es","@id":"https:\/\/rafaramirez.org\/blog\/wp-content\/uploads\/2024\/09\/RR_socialnetwork.jpg","url":"https:\/\/rafaramirez.org\/blog\/wp-content\/uploads\/2024\/09\/RR_socialnetwork.jpg","contentUrl":"https:\/\/rafaramirez.org\/blog\/wp-content\/uploads\/2024\/09\/RR_socialnetwork.jpg","width":600,"height":606,"caption":"Rafael Ram\u00edrez"},"logo":{"@id":"https:\/\/rafaramirez.org\/blog\/wp-content\/uploads\/2024\/09\/RR_socialnetwork.jpg"},"sameAs":["https:\/\/www.rafaramirez.org\/blog","https:\/\/www.instagram.com\/rafaramirez_ok\/","https:\/\/es.pinterest.com\/Ramirez_Rafa\/","https:\/\/x.com\/rafaramirez_ok"],"url":"https:\/\/rafaramirez.org\/blog\/index.php\/author\/rafaell_qm6j97da\/"}]}},"jetpack_publicize_connections":[],"jetpack_sharing_enabled":true,"jetpack_likes_enabled":true,"jetpack_featured_media_url":"https:\/\/rafaramirez.org\/blog\/wp-content\/uploads\/2024\/03\/mevalavidaenello_banner.jpg","_links":{"self":[{"href":"https:\/\/rafaramirez.org\/blog\/index.php\/wp-json\/wp\/v2\/posts\/3673","targetHints":{"allow":["GET"]}}],"collection":[{"href":"https:\/\/rafaramirez.org\/blog\/index.php\/wp-json\/wp\/v2\/posts"}],"about":[{"href":"https:\/\/rafaramirez.org\/blog\/index.php\/wp-json\/wp\/v2\/types\/post"}],"author":[{"embeddable":true,"href":"https:\/\/rafaramirez.org\/blog\/index.php\/wp-json\/wp\/v2\/users\/1"}],"replies":[{"embeddable":true,"href":"https:\/\/rafaramirez.org\/blog\/index.php\/wp-json\/wp\/v2\/comments?post=3673"}],"version-history":[{"count":8,"href":"https:\/\/rafaramirez.org\/blog\/index.php\/wp-json\/wp\/v2\/posts\/3673\/revisions"}],"predecessor-version":[{"id":3759,"href":"https:\/\/rafaramirez.org\/blog\/index.php\/wp-json\/wp\/v2\/posts\/3673\/revisions\/3759"}],"wp:featuredmedia":[{"embeddable":true,"href":"https:\/\/rafaramirez.org\/blog\/index.php\/wp-json\/wp\/v2\/media\/3679"}],"wp:attachment":[{"href":"https:\/\/rafaramirez.org\/blog\/index.php\/wp-json\/wp\/v2\/media?parent=3673"}],"wp:term":[{"taxonomy":"category","embeddable":true,"href":"https:\/\/rafaramirez.org\/blog\/index.php\/wp-json\/wp\/v2\/categories?post=3673"},{"taxonomy":"post_tag","embeddable":true,"href":"https:\/\/rafaramirez.org\/blog\/index.php\/wp-json\/wp\/v2\/tags?post=3673"}],"curies":[{"name":"wp","href":"https:\/\/api.w.org\/{rel}","templated":true}]}}