{"id":3640,"date":"2024-03-08T08:15:58","date_gmt":"2024-03-08T07:15:58","guid":{"rendered":"https:\/\/rafaramirez.org\/blog\/?p=3640"},"modified":"2024-03-13T10:46:58","modified_gmt":"2024-03-13T09:46:58","slug":"dia-internacional-de-la-mujer-celebrando-la-lucha-por-la-igualdad","status":"publish","type":"post","link":"https:\/\/rafaramirez.org\/blog\/index.php\/2024\/03\/08\/dia-internacional-de-la-mujer-celebrando-la-lucha-por-la-igualdad\/","title":{"rendered":"D\u00eda Internacional de la Mujer: Celebrando la lucha por la igualdad."},"content":{"rendered":"<p>Hoy <strong>8 de marzo<\/strong> se conmemora el <strong>D\u00eda Internacional de la Mujer<\/strong>. Este d\u00eda tiene su origen a finales del siglo XIX y principios del XX, cuando las mujeres luchaban por mejores condiciones laborales y por el derecho al voto.<\/p>\n<p style=\"text-align: center;\"><img loading=\"lazy\" decoding=\"async\" class=\"alignnone size-medium wp-image-3653\" src=\"https:\/\/rafaramirez.org\/blog\/wp-content\/uploads\/2024\/03\/wd6-300x200.jpg\" alt=\"D\u00eda Internacional de la Mujer.\" width=\"300\" height=\"200\" srcset=\"https:\/\/rafaramirez.org\/blog\/wp-content\/uploads\/2024\/03\/wd6-300x200.jpg 300w, https:\/\/rafaramirez.org\/blog\/wp-content\/uploads\/2024\/03\/wd6-768x512.jpg 768w, https:\/\/rafaramirez.org\/blog\/wp-content\/uploads\/2024\/03\/wd6.jpg 900w\" sizes=\"auto, (max-width: 300px) 100vw, 300px\" \/><\/p>\n<p>En\u00a0<strong>Estados Unidos<\/strong>, en 1848, Elizabeth Cady Stanton y Lucretia Mott organizaron la\u00a0<strong>primera convenci\u00f3n nacional por los derechos de las mujeres<\/strong> en Nueva York. Este evento marc\u00f3 el nacimiento del movimiento feminista en el pa\u00eds. En <strong style=\"color: #333333;\">1910<\/strong>, durante la\u00a0<strong style=\"color: #333333;\">Segunda Conferencia Internacional de Mujeres Socialistas<\/strong>\u00a0en Copenhague, la l\u00edder alemana Clara Zetkin propuso la idea de un\u00a0<strong style=\"color: #333333;\">D\u00eda Internacional de la Mujer<\/strong> para luchar por los derechos de estas.<\/p>\n<p>La primera celebraci\u00f3n se llev\u00f3 a cabo en 1911 en varios pa\u00edses de Europa. En 1975, la ONU oficializ\u00f3 el 8 de marzo como D\u00eda Internacional de la Mujer.<\/p>\n<p data-sourcepos=\"12:1-12:29\"><strong>Motivo de la celebraci\u00f3n:<\/strong><\/p>\n<ul data-sourcepos=\"14:1-17:0\">\n<li data-sourcepos=\"14:1-14:105\">Conmemorar la lucha hist\u00f3rica de las mujeres por la igualdad de g\u00e9nero en todos los \u00e1mbitos de la vida.<\/li>\n<li data-sourcepos=\"15:1-15:100\">Visibilizar las desigualdades que a\u00fan persisten y seguir luchando por los derechos de las mujeres.<\/li>\n<li data-sourcepos=\"16:1-17:0\">Celebrar los logros y avances conseguidos por las mujeres en diferentes \u00e1reas.<\/li>\n<\/ul>\n<p style=\"text-align: center;\"><img loading=\"lazy\" decoding=\"async\" class=\"alignnone size-medium wp-image-3654\" src=\"https:\/\/rafaramirez.org\/blog\/wp-content\/uploads\/2024\/03\/wd7-200x300.jpg\" alt=\"D\u00eda Internacional de la Mujer.\" width=\"200\" height=\"300\" srcset=\"https:\/\/rafaramirez.org\/blog\/wp-content\/uploads\/2024\/03\/wd7-200x300.jpg 200w, https:\/\/rafaramirez.org\/blog\/wp-content\/uploads\/2024\/03\/wd7.jpg 600w\" sizes=\"auto, (max-width: 200px) 100vw, 200px\" \/><\/p>\n<p><strong>En Espa\u00f1a<\/strong> la lucha por la igualdad de g\u00e9nero tiene una larga historia. A lo largo del siglo XX, las mujeres espa\u00f1olas lucharon por el derecho al voto, la educaci\u00f3n, el trabajo digno y la participaci\u00f3n pol\u00edtica. Una de la mujeres pioneras fue <strong>Clara Campoamor, <\/strong>abogada y pol\u00edtica que luch\u00f3 por el <strong>derecho al voto femenino<\/strong> durante la Segunda Rep\u00fablica. Las mujeres en Espa\u00f1a obtuvieron el\u00a0<strong>derecho al voto en 1931<\/strong>.<\/p>\n<p>La aprobaci\u00f3n de la <strong>Constituci\u00f3n espa\u00f1ola en 1978<\/strong> marc\u00f3 un hito en la lucha por la igualdad, al establecer la igualdad formal entre hombres y mujeres.<\/p>\n<p>Es de se\u00f1alar que se han conseguido importantes avances en las \u00faltimas d\u00e9cadas. Las mujeres espa\u00f1olas tienen mayor acceso a la educaci\u00f3n, al trabajo y a la participaci\u00f3n pol\u00edtica. Sin embargo, a\u00fan persisten desigualdades en \u00e1reas como la brecha salarial, la violencia de g\u00e9nero y la representaci\u00f3n pol\u00edtica.<\/p>\n<p style=\"text-align: center;\"><img loading=\"lazy\" decoding=\"async\" class=\"alignnone size-medium wp-image-3646\" src=\"https:\/\/rafaramirez.org\/blog\/wp-content\/uploads\/2024\/03\/WD1-300x200.jpg\" alt=\"D\u00eda Internacional de la Mujer.\" width=\"300\" height=\"200\" srcset=\"https:\/\/rafaramirez.org\/blog\/wp-content\/uploads\/2024\/03\/WD1-300x200.jpg 300w, https:\/\/rafaramirez.org\/blog\/wp-content\/uploads\/2024\/03\/WD1-768x511.jpg 768w, https:\/\/rafaramirez.org\/blog\/wp-content\/uploads\/2024\/03\/WD1.jpg 900w\" sizes=\"auto, (max-width: 300px) 100vw, 300px\" \/><\/p>\n<p data-sourcepos=\"23:1-23:10\"><strong>Retos:<\/strong><\/p>\n<ul data-sourcepos=\"25:1-29:0\">\n<li data-sourcepos=\"25:1-25:54\">Eliminar la brecha salarial entre hombres y mujeres.<\/li>\n<li data-sourcepos=\"26:1-26:55\">Erradicar la violencia de g\u00e9nero en todas sus formas.<\/li>\n<li data-sourcepos=\"27:1-27:70\">Aumentar la participaci\u00f3n de las mujeres en los puestos de decisi\u00f3n.<\/li>\n<li data-sourcepos=\"28:1-29:0\">Fomentar la conciliaci\u00f3n laboral y familiar.<\/li>\n<\/ul>\n<p style=\"text-align: center;\"><img loading=\"lazy\" decoding=\"async\" class=\"alignnone size-medium wp-image-3648\" src=\"https:\/\/rafaramirez.org\/blog\/wp-content\/uploads\/2024\/03\/wd4-300x200.jpg\" alt=\"D\u00eda Internacional de la Mujer.\" width=\"300\" height=\"200\" srcset=\"https:\/\/rafaramirez.org\/blog\/wp-content\/uploads\/2024\/03\/wd4-300x200.jpg 300w, https:\/\/rafaramirez.org\/blog\/wp-content\/uploads\/2024\/03\/wd4-768x512.jpg 768w, https:\/\/rafaramirez.org\/blog\/wp-content\/uploads\/2024\/03\/wd4.jpg 900w\" sizes=\"auto, (max-width: 300px) 100vw, 300px\" \/><\/p>\n<p data-sourcepos=\"3:1-3:16\"><strong>Celebraci\u00f3n:<\/strong><\/p>\n<ul data-sourcepos=\"5:1-10:0\">\n<li data-sourcepos=\"5:1-5:93\">El <strong>8 de marzo<\/strong> se celebra en Espa\u00f1a el <strong>D\u00eda Internacional de la Mujer<\/strong> con gran participaci\u00f3n.<\/li>\n<li data-sourcepos=\"6:1-6:120\"><strong>Manifestaciones:<\/strong>\u00a0Miles de mujeres se movilizan en las principales ciudades del pa\u00eds para reivindicar sus derechos.<\/li>\n<li data-sourcepos=\"7:1-7:139\"><strong>Conferencias y eventos:<\/strong>\u00a0Se organizan debates, talleres y charlas para reflexionar sobre la situaci\u00f3n actual de las mujeres en Espa\u00f1a.<\/li>\n<li data-sourcepos=\"8:1-8:92\"><strong>Premios y reconocimientos:<\/strong>\u00a0Se premia a mujeres que han destacado en diferentes campos.<\/li>\n<li data-sourcepos=\"9:1-10:0\"><strong>Campa\u00f1as de sensibilizaci\u00f3n:<\/strong>\u00a0Se busca generar conciencia sobre las desigualdades de g\u00e9nero y promover la igualdad.<\/li>\n<\/ul>\n<p style=\"text-align: center;\"><img loading=\"lazy\" decoding=\"async\" class=\"alignnone size-medium wp-image-3647\" src=\"https:\/\/rafaramirez.org\/blog\/wp-content\/uploads\/2024\/03\/wd5-201x300.jpg\" alt=\"D\u00eda Internacional de la Mujer.\" width=\"201\" height=\"300\" srcset=\"https:\/\/rafaramirez.org\/blog\/wp-content\/uploads\/2024\/03\/wd5-201x300.jpg 201w, https:\/\/rafaramirez.org\/blog\/wp-content\/uploads\/2024\/03\/wd5.jpg 603w\" sizes=\"auto, (max-width: 201px) 100vw, 201px\" \/><\/p>\n<p data-sourcepos=\"25:1-25:125\"><strong>Es importante recordar que la lucha por la igualdad de g\u00e9nero es un trabajo continuo que requiere el compromiso de todos.\u00a0<\/strong><\/p>\n<p data-sourcepos=\"25:1-25:125\">En resumen, el <strong>D\u00eda Internacional de la Mujer<\/strong> es una fecha para recordar la <strong>lucha por la igualdad de g\u00e9nero<\/strong>, celebrar los logros de las mujeres y seguir trabajando por <strong>un futuro m\u00e1s justo e igualitario<\/strong>.<\/p>\n<p data-sourcepos=\"25:1-25:125\"><strong>\u00a1Feliz D\u00eda Internacional de la Mujer!<\/strong> Puedes dejar tus comentarios debajo de este post. Saludos.<\/p>\n<p data-sourcepos=\"25:1-25:125\">\n","protected":false},"excerpt":{"rendered":"<p>Hoy 8 de marzo se conmemora el D\u00eda Internacional de la Mujer. Este d\u00eda tiene su origen a finales del siglo XIX y principios del XX, cuando las mujeres luchaban por mejores condiciones laborales y por el derecho al voto. En\u00a0Estados Unidos, en 1848, Elizabeth Cady Stanton y Lucretia Mott organizaron la\u00a0primera convenci\u00f3n nacional por [&hellip;]<\/p>\n","protected":false},"author":1,"featured_media":3644,"comment_status":"open","ping_status":"closed","sticky":false,"template":"","format":"standard","meta":{"site-container-style":"default","site-container-layout":"default","site-sidebar-layout":"default","disable-article-header":"default","disable-site-header":"default","disable-site-footer":"default","disable-content-area-spacing":"default","_jetpack_newsletter_access":"","_jetpack_dont_email_post_to_subs":false,"_jetpack_newsletter_tier_id":0,"_jetpack_memberships_contains_paywalled_content":false,"_jetpack_feature_clip_id":0,"_jetpack_memberships_contains_paid_content":false,"footnotes":"","jetpack_publicize_message":"","jetpack_publicize_feature_enabled":true,"jetpack_social_post_already_shared":false,"jetpack_social_options":{"image_generator_settings":{"template":"highway","default_image_id":0,"font":"","enabled":false},"version":2},"jetpack_post_was_ever_published":false},"categories":[1291,15],"tags":[1230,601,1231,1233,1229,1225,1223,600,1227,224,1226,1228,1224,1232],"class_list":["post-3640","post","type-post","status-publish","format-standard","has-post-thumbnail","hentry","category-efemerides","category-noticias-sociales","tag-1230","tag-8-de-marzo","tag-brecha-salarial","tag-conciliacion-laboral-y-familiar","tag-constitucion-espanola","tag-derecho-al-voto","tag-derechos-de-las-mujeres","tag-dia-internacional-de-la-mujer","tag-el-trabajo-digno","tag-igualdad-de-genero","tag-la-educacion","tag-participacion-politica","tag-siglo-xx","tag-violencia-de-genero"],"yoast_head":"<!-- This site is optimized with the Yoast SEO plugin v28.3 - https:\/\/yoast.com\/product\/yoast-seo-wordpress\/ -->\n<title>D\u00eda Internacional de la Mujer: Celebrando la lucha por la igualdad. - Blog de Rafael Ram\u00edrez<\/title>\n<meta name=\"robots\" content=\"index, follow, max-snippet:-1, max-image-preview:large, max-video-preview:-1\" \/>\n<link rel=\"canonical\" href=\"https:\/\/rafaramirez.org\/blog\/index.php\/2024\/03\/08\/dia-internacional-de-la-mujer-celebrando-la-lucha-por-la-igualdad\/\" \/>\n<meta property=\"og:locale\" content=\"es_ES\" \/>\n<meta property=\"og:type\" content=\"article\" \/>\n<meta property=\"og:title\" content=\"D\u00eda Internacional de la Mujer: Celebrando la lucha por la igualdad. - Blog de Rafael Ram\u00edrez\" \/>\n<meta property=\"og:description\" content=\"Hoy 8 de marzo se conmemora el D\u00eda Internacional de la Mujer. Este d\u00eda tiene su origen a finales del siglo XIX y principios del XX, cuando las mujeres luchaban por mejores condiciones laborales y por el derecho al voto. En\u00a0Estados Unidos, en 1848, Elizabeth Cady Stanton y Lucretia Mott organizaron la\u00a0primera convenci\u00f3n nacional por [&hellip;]\" \/>\n<meta property=\"og:url\" content=\"https:\/\/rafaramirez.org\/blog\/index.php\/2024\/03\/08\/dia-internacional-de-la-mujer-celebrando-la-lucha-por-la-igualdad\/\" \/>\n<meta property=\"og:site_name\" content=\"Blog de Rafael Ram\u00edrez\" \/>\n<meta property=\"article:published_time\" content=\"2024-03-08T07:15:58+00:00\" \/>\n<meta property=\"article:modified_time\" content=\"2024-03-13T09:46:58+00:00\" \/>\n<meta property=\"og:image\" content=\"https:\/\/rafaramirez.org\/blog\/wp-content\/uploads\/2024\/03\/WD_banner.jpg\" \/>\n\t<meta property=\"og:image:width\" content=\"850\" \/>\n\t<meta property=\"og:image:height\" content=\"554\" \/>\n\t<meta property=\"og:image:type\" content=\"image\/jpeg\" \/>\n<meta name=\"author\" content=\"Rafael Ram\u00edrez\" \/>\n<meta name=\"twitter:card\" content=\"summary_large_image\" \/>\n<meta name=\"twitter:creator\" content=\"@rafaramirez_ok\" \/>\n<meta name=\"twitter:site\" content=\"@rafaramirez_ok\" \/>\n<meta name=\"twitter:label1\" content=\"Escrito por\" \/>\n\t<meta name=\"twitter:data1\" content=\"Rafael Ram\u00edrez\" \/>\n\t<meta name=\"twitter:label2\" content=\"Tiempo de lectura\" \/>\n\t<meta name=\"twitter:data2\" content=\"3 minutos\" \/>\n<script type=\"application\/ld+json\" class=\"yoast-schema-graph\">{\"@context\":\"https:\\\/\\\/schema.org\",\"@graph\":[{\"@type\":\"Article\",\"@id\":\"https:\\\/\\\/rafaramirez.org\\\/blog\\\/index.php\\\/2024\\\/03\\\/08\\\/dia-internacional-de-la-mujer-celebrando-la-lucha-por-la-igualdad\\\/#article\",\"isPartOf\":{\"@id\":\"https:\\\/\\\/rafaramirez.org\\\/blog\\\/index.php\\\/2024\\\/03\\\/08\\\/dia-internacional-de-la-mujer-celebrando-la-lucha-por-la-igualdad\\\/\"},\"author\":{\"name\":\"Rafael Ram\u00edrez\",\"@id\":\"https:\\\/\\\/rafaramirez.org\\\/blog\\\/#\\\/schema\\\/person\\\/50f43b6d60c578760d4c17bda54ab6a5\"},\"headline\":\"D\u00eda Internacional de la Mujer: Celebrando la lucha por la igualdad.\",\"datePublished\":\"2024-03-08T07:15:58+00:00\",\"dateModified\":\"2024-03-13T09:46:58+00:00\",\"mainEntityOfPage\":{\"@id\":\"https:\\\/\\\/rafaramirez.org\\\/blog\\\/index.php\\\/2024\\\/03\\\/08\\\/dia-internacional-de-la-mujer-celebrando-la-lucha-por-la-igualdad\\\/\"},\"wordCount\":581,\"commentCount\":0,\"publisher\":{\"@id\":\"https:\\\/\\\/rafaramirez.org\\\/blog\\\/#\\\/schema\\\/person\\\/50f43b6d60c578760d4c17bda54ab6a5\"},\"image\":{\"@id\":\"https:\\\/\\\/rafaramirez.org\\\/blog\\\/index.php\\\/2024\\\/03\\\/08\\\/dia-internacional-de-la-mujer-celebrando-la-lucha-por-la-igualdad\\\/#primaryimage\"},\"thumbnailUrl\":\"https:\\\/\\\/rafaramirez.org\\\/blog\\\/wp-content\\\/uploads\\\/2024\\\/03\\\/WD_banner.jpg\",\"keywords\":[\"1978\",\"8 de marzo\",\"brecha salarial\",\"conciliaci\u00f3n laboral y familiar\",\"Constituci\u00f3n espa\u00f1ola\",\"derecho al voto\",\"derechos de las mujeres\",\"d\u00eda internacional de la mujer\",\"el trabajo digno\",\"igualdad de genero\",\"la educaci\u00f3n\",\"participaci\u00f3n pol\u00edtica\",\"siglo XX\",\"violencia de g\u00e9nero\"],\"articleSection\":[\"Efem\u00e9rides\",\"Informe social\"],\"inLanguage\":\"es\",\"potentialAction\":[{\"@type\":\"CommentAction\",\"name\":\"Comment\",\"target\":[\"https:\\\/\\\/rafaramirez.org\\\/blog\\\/index.php\\\/2024\\\/03\\\/08\\\/dia-internacional-de-la-mujer-celebrando-la-lucha-por-la-igualdad\\\/#respond\"]}]},{\"@type\":\"WebPage\",\"@id\":\"https:\\\/\\\/rafaramirez.org\\\/blog\\\/index.php\\\/2024\\\/03\\\/08\\\/dia-internacional-de-la-mujer-celebrando-la-lucha-por-la-igualdad\\\/\",\"url\":\"https:\\\/\\\/rafaramirez.org\\\/blog\\\/index.php\\\/2024\\\/03\\\/08\\\/dia-internacional-de-la-mujer-celebrando-la-lucha-por-la-igualdad\\\/\",\"name\":\"D\u00eda Internacional de la Mujer: Celebrando la lucha por la igualdad. - Blog de Rafael Ram\u00edrez\",\"isPartOf\":{\"@id\":\"https:\\\/\\\/rafaramirez.org\\\/blog\\\/#website\"},\"primaryImageOfPage\":{\"@id\":\"https:\\\/\\\/rafaramirez.org\\\/blog\\\/index.php\\\/2024\\\/03\\\/08\\\/dia-internacional-de-la-mujer-celebrando-la-lucha-por-la-igualdad\\\/#primaryimage\"},\"image\":{\"@id\":\"https:\\\/\\\/rafaramirez.org\\\/blog\\\/index.php\\\/2024\\\/03\\\/08\\\/dia-internacional-de-la-mujer-celebrando-la-lucha-por-la-igualdad\\\/#primaryimage\"},\"thumbnailUrl\":\"https:\\\/\\\/rafaramirez.org\\\/blog\\\/wp-content\\\/uploads\\\/2024\\\/03\\\/WD_banner.jpg\",\"datePublished\":\"2024-03-08T07:15:58+00:00\",\"dateModified\":\"2024-03-13T09:46:58+00:00\",\"breadcrumb\":{\"@id\":\"https:\\\/\\\/rafaramirez.org\\\/blog\\\/index.php\\\/2024\\\/03\\\/08\\\/dia-internacional-de-la-mujer-celebrando-la-lucha-por-la-igualdad\\\/#breadcrumb\"},\"inLanguage\":\"es\",\"potentialAction\":[{\"@type\":\"ReadAction\",\"target\":[\"https:\\\/\\\/rafaramirez.org\\\/blog\\\/index.php\\\/2024\\\/03\\\/08\\\/dia-internacional-de-la-mujer-celebrando-la-lucha-por-la-igualdad\\\/\"]}]},{\"@type\":\"ImageObject\",\"inLanguage\":\"es\",\"@id\":\"https:\\\/\\\/rafaramirez.org\\\/blog\\\/index.php\\\/2024\\\/03\\\/08\\\/dia-internacional-de-la-mujer-celebrando-la-lucha-por-la-igualdad\\\/#primaryimage\",\"url\":\"https:\\\/\\\/rafaramirez.org\\\/blog\\\/wp-content\\\/uploads\\\/2024\\\/03\\\/WD_banner.jpg\",\"contentUrl\":\"https:\\\/\\\/rafaramirez.org\\\/blog\\\/wp-content\\\/uploads\\\/2024\\\/03\\\/WD_banner.jpg\",\"width\":850,\"height\":554,\"caption\":\"D\u00eda Internacional de la Mujer.\"},{\"@type\":\"BreadcrumbList\",\"@id\":\"https:\\\/\\\/rafaramirez.org\\\/blog\\\/index.php\\\/2024\\\/03\\\/08\\\/dia-internacional-de-la-mujer-celebrando-la-lucha-por-la-igualdad\\\/#breadcrumb\",\"itemListElement\":[{\"@type\":\"ListItem\",\"position\":1,\"name\":\"Portada\",\"item\":\"https:\\\/\\\/rafaramirez.org\\\/blog\\\/\"},{\"@type\":\"ListItem\",\"position\":2,\"name\":\"D\u00eda Internacional de la Mujer: Celebrando la lucha por la igualdad.\"}]},{\"@type\":\"WebSite\",\"@id\":\"https:\\\/\\\/rafaramirez.org\\\/blog\\\/#website\",\"url\":\"https:\\\/\\\/rafaramirez.org\\\/blog\\\/\",\"name\":\"Blog de Rafael Ram\u00edrez\",\"description\":\"Un sitio social, de arte y cultura\",\"publisher\":{\"@id\":\"https:\\\/\\\/rafaramirez.org\\\/blog\\\/#\\\/schema\\\/person\\\/50f43b6d60c578760d4c17bda54ab6a5\"},\"potentialAction\":[{\"@type\":\"SearchAction\",\"target\":{\"@type\":\"EntryPoint\",\"urlTemplate\":\"https:\\\/\\\/rafaramirez.org\\\/blog\\\/?s={search_term_string}\"},\"query-input\":{\"@type\":\"PropertyValueSpecification\",\"valueRequired\":true,\"valueName\":\"search_term_string\"}}],\"inLanguage\":\"es\"},{\"@type\":[\"Person\",\"Organization\"],\"@id\":\"https:\\\/\\\/rafaramirez.org\\\/blog\\\/#\\\/schema\\\/person\\\/50f43b6d60c578760d4c17bda54ab6a5\",\"name\":\"Rafael Ram\u00edrez\",\"image\":{\"@type\":\"ImageObject\",\"inLanguage\":\"es\",\"@id\":\"https:\\\/\\\/rafaramirez.org\\\/blog\\\/wp-content\\\/uploads\\\/2024\\\/09\\\/RR_socialnetwork.jpg\",\"url\":\"https:\\\/\\\/rafaramirez.org\\\/blog\\\/wp-content\\\/uploads\\\/2024\\\/09\\\/RR_socialnetwork.jpg\",\"contentUrl\":\"https:\\\/\\\/rafaramirez.org\\\/blog\\\/wp-content\\\/uploads\\\/2024\\\/09\\\/RR_socialnetwork.jpg\",\"width\":600,\"height\":606,\"caption\":\"Rafael Ram\u00edrez\"},\"logo\":{\"@id\":\"https:\\\/\\\/rafaramirez.org\\\/blog\\\/wp-content\\\/uploads\\\/2024\\\/09\\\/RR_socialnetwork.jpg\"},\"sameAs\":[\"https:\\\/\\\/www.rafaramirez.org\\\/blog\",\"https:\\\/\\\/www.instagram.com\\\/rafaramirez_ok\\\/\",\"https:\\\/\\\/es.pinterest.com\\\/Ramirez_Rafa\\\/\",\"https:\\\/\\\/x.com\\\/rafaramirez_ok\"],\"url\":\"https:\\\/\\\/rafaramirez.org\\\/blog\\\/index.php\\\/author\\\/rafaell_qm6j97da\\\/\"}]}<\/script>\n<!-- \/ Yoast SEO plugin. -->","yoast_head_json":{"title":"D\u00eda Internacional de la Mujer: Celebrando la lucha por la igualdad. - Blog de Rafael Ram\u00edrez","robots":{"index":"index","follow":"follow","max-snippet":"max-snippet:-1","max-image-preview":"max-image-preview:large","max-video-preview":"max-video-preview:-1"},"canonical":"https:\/\/rafaramirez.org\/blog\/index.php\/2024\/03\/08\/dia-internacional-de-la-mujer-celebrando-la-lucha-por-la-igualdad\/","og_locale":"es_ES","og_type":"article","og_title":"D\u00eda Internacional de la Mujer: Celebrando la lucha por la igualdad. - Blog de Rafael Ram\u00edrez","og_description":"Hoy 8 de marzo se conmemora el D\u00eda Internacional de la Mujer. Este d\u00eda tiene su origen a finales del siglo XIX y principios del XX, cuando las mujeres luchaban por mejores condiciones laborales y por el derecho al voto. En\u00a0Estados Unidos, en 1848, Elizabeth Cady Stanton y Lucretia Mott organizaron la\u00a0primera convenci\u00f3n nacional por [&hellip;]","og_url":"https:\/\/rafaramirez.org\/blog\/index.php\/2024\/03\/08\/dia-internacional-de-la-mujer-celebrando-la-lucha-por-la-igualdad\/","og_site_name":"Blog de Rafael Ram\u00edrez","article_published_time":"2024-03-08T07:15:58+00:00","article_modified_time":"2024-03-13T09:46:58+00:00","og_image":[{"width":850,"height":554,"url":"https:\/\/rafaramirez.org\/blog\/wp-content\/uploads\/2024\/03\/WD_banner.jpg","type":"image\/jpeg"}],"author":"Rafael Ram\u00edrez","twitter_card":"summary_large_image","twitter_creator":"@rafaramirez_ok","twitter_site":"@rafaramirez_ok","twitter_misc":{"Escrito por":"Rafael Ram\u00edrez","Tiempo de lectura":"3 minutos"},"schema":{"@context":"https:\/\/schema.org","@graph":[{"@type":"Article","@id":"https:\/\/rafaramirez.org\/blog\/index.php\/2024\/03\/08\/dia-internacional-de-la-mujer-celebrando-la-lucha-por-la-igualdad\/#article","isPartOf":{"@id":"https:\/\/rafaramirez.org\/blog\/index.php\/2024\/03\/08\/dia-internacional-de-la-mujer-celebrando-la-lucha-por-la-igualdad\/"},"author":{"name":"Rafael Ram\u00edrez","@id":"https:\/\/rafaramirez.org\/blog\/#\/schema\/person\/50f43b6d60c578760d4c17bda54ab6a5"},"headline":"D\u00eda Internacional de la Mujer: Celebrando la lucha por la igualdad.","datePublished":"2024-03-08T07:15:58+00:00","dateModified":"2024-03-13T09:46:58+00:00","mainEntityOfPage":{"@id":"https:\/\/rafaramirez.org\/blog\/index.php\/2024\/03\/08\/dia-internacional-de-la-mujer-celebrando-la-lucha-por-la-igualdad\/"},"wordCount":581,"commentCount":0,"publisher":{"@id":"https:\/\/rafaramirez.org\/blog\/#\/schema\/person\/50f43b6d60c578760d4c17bda54ab6a5"},"image":{"@id":"https:\/\/rafaramirez.org\/blog\/index.php\/2024\/03\/08\/dia-internacional-de-la-mujer-celebrando-la-lucha-por-la-igualdad\/#primaryimage"},"thumbnailUrl":"https:\/\/rafaramirez.org\/blog\/wp-content\/uploads\/2024\/03\/WD_banner.jpg","keywords":["1978","8 de marzo","brecha salarial","conciliaci\u00f3n laboral y familiar","Constituci\u00f3n espa\u00f1ola","derecho al voto","derechos de las mujeres","d\u00eda internacional de la mujer","el trabajo digno","igualdad de genero","la educaci\u00f3n","participaci\u00f3n pol\u00edtica","siglo XX","violencia de g\u00e9nero"],"articleSection":["Efem\u00e9rides","Informe social"],"inLanguage":"es","potentialAction":[{"@type":"CommentAction","name":"Comment","target":["https:\/\/rafaramirez.org\/blog\/index.php\/2024\/03\/08\/dia-internacional-de-la-mujer-celebrando-la-lucha-por-la-igualdad\/#respond"]}]},{"@type":"WebPage","@id":"https:\/\/rafaramirez.org\/blog\/index.php\/2024\/03\/08\/dia-internacional-de-la-mujer-celebrando-la-lucha-por-la-igualdad\/","url":"https:\/\/rafaramirez.org\/blog\/index.php\/2024\/03\/08\/dia-internacional-de-la-mujer-celebrando-la-lucha-por-la-igualdad\/","name":"D\u00eda Internacional de la Mujer: Celebrando la lucha por la igualdad. - Blog de Rafael Ram\u00edrez","isPartOf":{"@id":"https:\/\/rafaramirez.org\/blog\/#website"},"primaryImageOfPage":{"@id":"https:\/\/rafaramirez.org\/blog\/index.php\/2024\/03\/08\/dia-internacional-de-la-mujer-celebrando-la-lucha-por-la-igualdad\/#primaryimage"},"image":{"@id":"https:\/\/rafaramirez.org\/blog\/index.php\/2024\/03\/08\/dia-internacional-de-la-mujer-celebrando-la-lucha-por-la-igualdad\/#primaryimage"},"thumbnailUrl":"https:\/\/rafaramirez.org\/blog\/wp-content\/uploads\/2024\/03\/WD_banner.jpg","datePublished":"2024-03-08T07:15:58+00:00","dateModified":"2024-03-13T09:46:58+00:00","breadcrumb":{"@id":"https:\/\/rafaramirez.org\/blog\/index.php\/2024\/03\/08\/dia-internacional-de-la-mujer-celebrando-la-lucha-por-la-igualdad\/#breadcrumb"},"inLanguage":"es","potentialAction":[{"@type":"ReadAction","target":["https:\/\/rafaramirez.org\/blog\/index.php\/2024\/03\/08\/dia-internacional-de-la-mujer-celebrando-la-lucha-por-la-igualdad\/"]}]},{"@type":"ImageObject","inLanguage":"es","@id":"https:\/\/rafaramirez.org\/blog\/index.php\/2024\/03\/08\/dia-internacional-de-la-mujer-celebrando-la-lucha-por-la-igualdad\/#primaryimage","url":"https:\/\/rafaramirez.org\/blog\/wp-content\/uploads\/2024\/03\/WD_banner.jpg","contentUrl":"https:\/\/rafaramirez.org\/blog\/wp-content\/uploads\/2024\/03\/WD_banner.jpg","width":850,"height":554,"caption":"D\u00eda Internacional de la Mujer."},{"@type":"BreadcrumbList","@id":"https:\/\/rafaramirez.org\/blog\/index.php\/2024\/03\/08\/dia-internacional-de-la-mujer-celebrando-la-lucha-por-la-igualdad\/#breadcrumb","itemListElement":[{"@type":"ListItem","position":1,"name":"Portada","item":"https:\/\/rafaramirez.org\/blog\/"},{"@type":"ListItem","position":2,"name":"D\u00eda Internacional de la Mujer: Celebrando la lucha por la igualdad."}]},{"@type":"WebSite","@id":"https:\/\/rafaramirez.org\/blog\/#website","url":"https:\/\/rafaramirez.org\/blog\/","name":"Blog de Rafael Ram\u00edrez","description":"Un sitio social, de arte y cultura","publisher":{"@id":"https:\/\/rafaramirez.org\/blog\/#\/schema\/person\/50f43b6d60c578760d4c17bda54ab6a5"},"potentialAction":[{"@type":"SearchAction","target":{"@type":"EntryPoint","urlTemplate":"https:\/\/rafaramirez.org\/blog\/?s={search_term_string}"},"query-input":{"@type":"PropertyValueSpecification","valueRequired":true,"valueName":"search_term_string"}}],"inLanguage":"es"},{"@type":["Person","Organization"],"@id":"https:\/\/rafaramirez.org\/blog\/#\/schema\/person\/50f43b6d60c578760d4c17bda54ab6a5","name":"Rafael Ram\u00edrez","image":{"@type":"ImageObject","inLanguage":"es","@id":"https:\/\/rafaramirez.org\/blog\/wp-content\/uploads\/2024\/09\/RR_socialnetwork.jpg","url":"https:\/\/rafaramirez.org\/blog\/wp-content\/uploads\/2024\/09\/RR_socialnetwork.jpg","contentUrl":"https:\/\/rafaramirez.org\/blog\/wp-content\/uploads\/2024\/09\/RR_socialnetwork.jpg","width":600,"height":606,"caption":"Rafael Ram\u00edrez"},"logo":{"@id":"https:\/\/rafaramirez.org\/blog\/wp-content\/uploads\/2024\/09\/RR_socialnetwork.jpg"},"sameAs":["https:\/\/www.rafaramirez.org\/blog","https:\/\/www.instagram.com\/rafaramirez_ok\/","https:\/\/es.pinterest.com\/Ramirez_Rafa\/","https:\/\/x.com\/rafaramirez_ok"],"url":"https:\/\/rafaramirez.org\/blog\/index.php\/author\/rafaell_qm6j97da\/"}]}},"jetpack_publicize_connections":[],"jetpack_sharing_enabled":true,"jetpack_likes_enabled":true,"jetpack_featured_media_url":"https:\/\/rafaramirez.org\/blog\/wp-content\/uploads\/2024\/03\/WD_banner.jpg","_links":{"self":[{"href":"https:\/\/rafaramirez.org\/blog\/index.php\/wp-json\/wp\/v2\/posts\/3640","targetHints":{"allow":["GET"]}}],"collection":[{"href":"https:\/\/rafaramirez.org\/blog\/index.php\/wp-json\/wp\/v2\/posts"}],"about":[{"href":"https:\/\/rafaramirez.org\/blog\/index.php\/wp-json\/wp\/v2\/types\/post"}],"author":[{"embeddable":true,"href":"https:\/\/rafaramirez.org\/blog\/index.php\/wp-json\/wp\/v2\/users\/1"}],"replies":[{"embeddable":true,"href":"https:\/\/rafaramirez.org\/blog\/index.php\/wp-json\/wp\/v2\/comments?post=3640"}],"version-history":[{"count":8,"href":"https:\/\/rafaramirez.org\/blog\/index.php\/wp-json\/wp\/v2\/posts\/3640\/revisions"}],"predecessor-version":[{"id":3760,"href":"https:\/\/rafaramirez.org\/blog\/index.php\/wp-json\/wp\/v2\/posts\/3640\/revisions\/3760"}],"wp:featuredmedia":[{"embeddable":true,"href":"https:\/\/rafaramirez.org\/blog\/index.php\/wp-json\/wp\/v2\/media\/3644"}],"wp:attachment":[{"href":"https:\/\/rafaramirez.org\/blog\/index.php\/wp-json\/wp\/v2\/media?parent=3640"}],"wp:term":[{"taxonomy":"category","embeddable":true,"href":"https:\/\/rafaramirez.org\/blog\/index.php\/wp-json\/wp\/v2\/categories?post=3640"},{"taxonomy":"post_tag","embeddable":true,"href":"https:\/\/rafaramirez.org\/blog\/index.php\/wp-json\/wp\/v2\/tags?post=3640"}],"curies":[{"name":"wp","href":"https:\/\/api.w.org\/{rel}","templated":true}]}}