{"id":3576,"date":"2024-03-05T08:15:01","date_gmt":"2024-03-05T07:15:01","guid":{"rendered":"https:\/\/rafaramirez.org\/blog\/?p=3576"},"modified":"2026-07-14T11:49:24","modified_gmt":"2026-07-14T09:49:24","slug":"pierre-auguste-renoir-un-maestro-del-impresionismo-biografia","status":"publish","type":"post","link":"https:\/\/rafaramirez.org\/blog\/index.php\/2024\/03\/05\/pierre-auguste-renoir-un-maestro-del-impresionismo-biografia\/","title":{"rendered":"Pierre-Auguste Renoir: Un maestro del Impresionismo"},"content":{"rendered":"<h2 data-sourcepos=\"1:1-1:51\">Una vida dedicada al arte<\/h2>\n<p><strong>Pierre-Auguste Renoir<\/strong>, uno de los m\u00e1s destacados representantes del\u00a0<strong><a href=\"https:\/\/rafaramirez.org\/blog\/index.php\/2024\/01\/18\/el-impresionismo-en-la-pintura\/\" target=\"_blank\" rel=\"noopener\">impresionismo<\/a> franc\u00e9s<\/strong>, dej\u00f3 una huella imborrable en la historia del arte. Perm\u00edteme compartir contigo algunos aspectos clave sobre su vida y obra:<\/p>\n<p data-sourcepos=\"5:1-5:317\">Pierre-Auguste Renoir naci\u00f3 en Limoges, Francia, en 1841. Hijo de un sastre y una costurera, su familia se mud\u00f3 a Par\u00eds cuando era ni\u00f1o. Desde peque\u00f1o, Renoir mostr\u00f3 un talento natural para el dibujo. A los 13 a\u00f1os, comenz\u00f3 a trabajar como decorador de porcelana y luego asisti\u00f3 a la Escuela de Bellas Artes de Par\u00eds.<\/p>\n<figure id=\"attachment_3586\" aria-describedby=\"caption-attachment-3586\" style=\"width: 242px\" class=\"wp-caption aligncenter\"><a href=\"https:\/\/rafaramirez.org\/blog\/wp-content\/uploads\/2024\/03\/Renoir-Auguste.jpg\" target=\"_blank\" rel=\"noopener\"><img loading=\"lazy\" decoding=\"async\" class=\"wp-image-3586 size-medium\" src=\"https:\/\/rafaramirez.org\/blog\/wp-content\/uploads\/2024\/03\/Renoir-Auguste-242x300.jpg\" alt=\"Pierre-Auguste Renoir\" width=\"242\" height=\"300\" srcset=\"https:\/\/rafaramirez.org\/blog\/wp-content\/uploads\/2024\/03\/Renoir-Auguste-242x300.jpg 242w, https:\/\/rafaramirez.org\/blog\/wp-content\/uploads\/2024\/03\/Renoir-Auguste-827x1024.jpg 827w, https:\/\/rafaramirez.org\/blog\/wp-content\/uploads\/2024\/03\/Renoir-Auguste-768x951.jpg 768w, https:\/\/rafaramirez.org\/blog\/wp-content\/uploads\/2024\/03\/Renoir-Auguste.jpg 1024w\" sizes=\"auto, (max-width: 242px) 100vw, 242px\" \/><\/a><figcaption id=\"caption-attachment-3586\" class=\"wp-caption-text\">Pierre-Auguste Renoir<\/figcaption><\/figure>\n<p><strong>Biograf\u00eda<\/strong>:<\/p>\n<ul>\n<li>Naci\u00f3 el\u00a025 de febrero de 1841\u00a0en\u00a0Limoges, Francia.<\/li>\n<li>A lo largo de su carrera se cree que Renoir cre\u00f3 m\u00e1s de 6,000 obras de arte.<\/li>\n<li>Su paleta vibrante y luminosa lo distingue como un impresionista excepcional.<\/li>\n<li data-sourcepos=\"7:1-7:51\">Se mud\u00f3 a Par\u00eds a los 20 a\u00f1os para estudiar arte.<\/li>\n<li data-sourcepos=\"8:1-8:66\">Se asoci\u00f3 con otros artistas impresionistas como <a href=\"https:\/\/rafaramirez.org\/blog\/index.php\/2024\/09\/26\/claude-monet\/\" target=\"_blank\" rel=\"noopener\"><strong>Monet<\/strong><\/a> y <a href=\"https:\/\/rafaramirez.org\/blog\/index.php\/2024\/05\/08\/alfred-sisley\/\" target=\"_blank\" rel=\"noopener\"><strong>Sisley<\/strong><\/a>.<\/li>\n<li data-sourcepos=\"9:1-9:77\">Su carrera se extendi\u00f3 por m\u00e1s de 50 a\u00f1os, con gran \u00e9xito y reconocimiento.<\/li>\n<li data-sourcepos=\"10:1-11:0\">Falleci\u00f3 en Cagnes-sur-Mer, Francia, en 1919.<\/li>\n<\/ul>\n<p data-sourcepos=\"7:1-7:42\"><strong>Su pintura en el contexto de la \u00e9poca:<\/strong><\/p>\n<p data-sourcepos=\"9:1-9:370\">Renoir fue uno de los principales exponentes del <a href=\"https:\/\/rafaramirez.org\/blog\/index.php\/2024\/01\/18\/el-impresionismo-en-la-pintura\/\" target=\"_blank\" rel=\"noopener\">movimiento impresionista<\/a>, que surgi\u00f3 en Francia a finales del siglo XIX, un movimiento que desafi\u00f3 las convenciones art\u00edsticas y se centr\u00f3 en capturar la luz y la atm\u00f3sfera en sus obras. Fue una \u00e9poca de cambios significativos en la pintura. La burgues\u00eda y la vida alegre de la sociedad parisina fueron temas recurrentes en su trabajo.<\/p>\n<p data-sourcepos=\"9:1-9:370\">Los impresionistas se caracterizaban por su inter\u00e9s en la luz y el color, as\u00ed como por su preferencia por pintar al aire libre. Renoir se sinti\u00f3 atra\u00eddo por la belleza de la vida cotidiana y sus obras a menudo representan escenas de ocio y alegr\u00eda.<\/p>\n<p data-sourcepos=\"11:1-11:21\"><strong>Estilo pict\u00f3rico:<\/strong><\/p>\n<p data-sourcepos=\"13:1-13:333\">El estilo de Renoir se caracteriza por el uso de colores vibrantes, pinceladas sueltas y una composici\u00f3n armoniosa. Sus obras transmiten una sensaci\u00f3n de movimiento y espontaneidad. Renoir tambi\u00e9n fue un maestro del retrato y pint\u00f3 a personajes famosos de su \u00e9poca y amigos pintores como <strong><a href=\"https:\/\/rafaramirez.org\/blog\/index.php\/2024\/09\/26\/claude-monet\/\" target=\"_blank\" rel=\"noopener\">Claude Monet<\/a>, <a href=\"https:\/\/rafaramirez.org\/blog\/index.php\/2024\/05\/08\/alfred-sisley\/\" target=\"_blank\" rel=\"noopener\">Alfred Sisley,<\/a> <a href=\"https:\/\/rafaramirez.org\/blog\/index.php\/2024\/09\/19\/edouard-manet\/\" target=\"_blank\" rel=\"noopener\">\u00c9douard Manet <\/a><\/strong>y<a href=\"https:\/\/rafaramirez.org\/blog\/index.php\/2024\/06\/11\/paul-cezanne\/\" target=\"_blank\" rel=\"noopener\"><strong> Paul C\u00e9zanne.<\/strong><\/a><\/p>\n<p data-sourcepos=\"15:1-15:22\"><strong>Principales obras:<\/strong><\/p>\n<figure id=\"attachment_3579\" aria-describedby=\"caption-attachment-3579\" style=\"width: 300px\" class=\"wp-caption alignnone\"><a href=\"https:\/\/rafaramirez.org\/blog\/wp-content\/uploads\/2024\/03\/Auguste_Renoir_Dance_at_Le_Moulin_de_la_Galette-scaled.jpg\" target=\"_blank\" rel=\"noopener\"><img loading=\"lazy\" decoding=\"async\" class=\"wp-image-3579 size-medium\" src=\"https:\/\/rafaramirez.org\/blog\/wp-content\/uploads\/2024\/03\/Auguste_Renoir_Dance_at_Le_Moulin_de_la_Galette-300x205.jpg\" alt=\"Baile en el Moulin de la Galette. Pierre-Auguste Renoir.\" width=\"300\" height=\"205\" srcset=\"https:\/\/rafaramirez.org\/blog\/wp-content\/uploads\/2024\/03\/Auguste_Renoir_Dance_at_Le_Moulin_de_la_Galette-300x205.jpg 300w, https:\/\/rafaramirez.org\/blog\/wp-content\/uploads\/2024\/03\/Auguste_Renoir_Dance_at_Le_Moulin_de_la_Galette-1024x700.jpg 1024w, https:\/\/rafaramirez.org\/blog\/wp-content\/uploads\/2024\/03\/Auguste_Renoir_Dance_at_Le_Moulin_de_la_Galette-768x525.jpg 768w, https:\/\/rafaramirez.org\/blog\/wp-content\/uploads\/2024\/03\/Auguste_Renoir_Dance_at_Le_Moulin_de_la_Galette-1536x1050.jpg 1536w, https:\/\/rafaramirez.org\/blog\/wp-content\/uploads\/2024\/03\/Auguste_Renoir_Dance_at_Le_Moulin_de_la_Galette-2048x1400.jpg 2048w\" sizes=\"auto, (max-width: 300px) 100vw, 300px\" \/><\/a><figcaption id=\"caption-attachment-3579\" class=\"wp-caption-text\">Baile en el Moulin de la Galette. Pierre-Auguste Renoir.<\/figcaption><\/figure>\n<ul data-sourcepos=\"17:1-20:0\">\n<li data-sourcepos=\"17:1-17:238\"><strong>Baile en el Moulin de la Galette (1876)<\/strong>: Esta obra maestra del impresionismo representa una escena festiva en un popular baile parisino. La pintura se caracteriza por su composici\u00f3n din\u00e1mica, sus colores vivos y su atm\u00f3sfera alegre.<\/li>\n<\/ul>\n<figure id=\"attachment_3580\" aria-describedby=\"caption-attachment-3580\" style=\"width: 300px\" class=\"wp-caption alignnone\"><a href=\"https:\/\/rafaramirez.org\/blog\/wp-content\/uploads\/2024\/03\/Almuerzo_de_remeros_Renoir-scaled.jpg\" target=\"_blank\" rel=\"noopener\"><img loading=\"lazy\" decoding=\"async\" class=\"wp-image-3580 size-medium\" src=\"https:\/\/rafaramirez.org\/blog\/wp-content\/uploads\/2024\/03\/Almuerzo_de_remeros_Renoir-300x216.jpg\" alt=\"Almuerzo de remeros. Pierre-Auguste Renoir.\" width=\"300\" height=\"216\" srcset=\"https:\/\/rafaramirez.org\/blog\/wp-content\/uploads\/2024\/03\/Almuerzo_de_remeros_Renoir-300x216.jpg 300w, https:\/\/rafaramirez.org\/blog\/wp-content\/uploads\/2024\/03\/Almuerzo_de_remeros_Renoir-1024x738.jpg 1024w, https:\/\/rafaramirez.org\/blog\/wp-content\/uploads\/2024\/03\/Almuerzo_de_remeros_Renoir-768x553.jpg 768w, https:\/\/rafaramirez.org\/blog\/wp-content\/uploads\/2024\/03\/Almuerzo_de_remeros_Renoir-1536x1107.jpg 1536w, https:\/\/rafaramirez.org\/blog\/wp-content\/uploads\/2024\/03\/Almuerzo_de_remeros_Renoir-2048x1476.jpg 2048w\" sizes=\"auto, (max-width: 300px) 100vw, 300px\" \/><\/a><figcaption id=\"caption-attachment-3580\" class=\"wp-caption-text\">Almuerzo de remeros. Pierre-Auguste Renoir.<\/figcaption><\/figure>\n<ul data-sourcepos=\"17:1-20:0\">\n<li data-sourcepos=\"18:1-18:253\"><strong>Almuerzo de remeros (1881)<\/strong>: Esta pintura representa a un grupo de amigos disfrutando de un almuerzo a orillas del r\u00edo Sena. La obra es un ejemplo del inter\u00e9s de Renoir por la vida cotidiana y su habilidad para captar la luz y el color del paisaje.<\/li>\n<\/ul>\n<figure id=\"attachment_3581\" aria-describedby=\"caption-attachment-3581\" style=\"width: 191px\" class=\"wp-caption alignnone\"><a href=\"https:\/\/rafaramirez.org\/blog\/wp-content\/uploads\/2024\/03\/Pierre-Auguste_Renoir_The_Umbrellas-scaled.jpg\" target=\"_blank\" rel=\"noopener\"><img loading=\"lazy\" decoding=\"async\" class=\"wp-image-3581 size-medium\" src=\"https:\/\/rafaramirez.org\/blog\/wp-content\/uploads\/2024\/03\/Pierre-Auguste_Renoir_The_Umbrellas-191x300.jpg\" alt=\"Los paraguas. Pierre-Auguste Renoir.\" width=\"191\" height=\"300\" srcset=\"https:\/\/rafaramirez.org\/blog\/wp-content\/uploads\/2024\/03\/Pierre-Auguste_Renoir_The_Umbrellas-191x300.jpg 191w, https:\/\/rafaramirez.org\/blog\/wp-content\/uploads\/2024\/03\/Pierre-Auguste_Renoir_The_Umbrellas-651x1024.jpg 651w, https:\/\/rafaramirez.org\/blog\/wp-content\/uploads\/2024\/03\/Pierre-Auguste_Renoir_The_Umbrellas-768x1208.jpg 768w, https:\/\/rafaramirez.org\/blog\/wp-content\/uploads\/2024\/03\/Pierre-Auguste_Renoir_The_Umbrellas-977x1536.jpg 977w, https:\/\/rafaramirez.org\/blog\/wp-content\/uploads\/2024\/03\/Pierre-Auguste_Renoir_The_Umbrellas-1302x2048.jpg 1302w, https:\/\/rafaramirez.org\/blog\/wp-content\/uploads\/2024\/03\/Pierre-Auguste_Renoir_The_Umbrellas-scaled.jpg 1628w\" sizes=\"auto, (max-width: 191px) 100vw, 191px\" \/><\/a><figcaption id=\"caption-attachment-3581\" class=\"wp-caption-text\">Los paraguas. Pierre-Auguste Renoir.<\/figcaption><\/figure>\n<ul data-sourcepos=\"17:1-20:0\">\n<li data-sourcepos=\"19:1-20:0\"><strong>Los paraguas (1886)<\/strong>: Esta pintura representa una escena de ciudad al empezar a llover con muchos personajes, casi todos con paraguas, excepto la mujer que aparece en primer plano y dos ni\u00f1as peque\u00f1as. La obra es un ejemplo del dominio de Renoir del retrato y su capacidad para crear escenas llenas de encanto y belleza as\u00ed como avanza un Renoir m\u00e1s postimpresionista.<\/li>\n<\/ul>\n<p data-sourcepos=\"21:1-21:11\">En resumen, Pierre-Auguste Renoir es considerado uno de los artistas m\u00e1s importantes del siglo XIX. Su obra ha tenido un gran impacto en el desarrollo del arte moderno y contin\u00faa inspirando a artistas y amantes del arte de todo el mundo. Nos dej\u00f3 un legado de belleza, sensualidad y vitalidad a trav\u00e9s de su arte, y su influencia perdura hasta hoy. \ud83c\udfa8\ud83c\udf1f<\/p>\n<p data-sourcepos=\"21:1-21:11\"><strong>Espero que te haya gustado esta informaci\u00f3n sobre Renoir y su obras, puedes dejar tus comentarios abajo. \u00a1Hasta pronto!<\/strong><\/p>\n<p data-sourcepos=\"25:1-25:25\"><strong>M\u00e1s informaci\u00f3n:<\/strong><\/p>\n<ul data-sourcepos=\"27:1-29:76\">\n<li data-sourcepos=\"27:1-27:44\"><a href=\"https:\/\/museedemontmartre.fr\/en\/\" target=\"_blank\" rel=\"noopener\">Museo Montmartre y jardines Renoir en Par\u00eds.<\/a><\/li>\n<li data-sourcepos=\"27:1-27:44\"><a href=\"https:\/\/tourisme.cagnes.fr\/es\/museo-renoir\/\" target=\"_blank\" rel=\"noopener\">Museo de Renoir en Cagnes-sur-Mer (Francia), antigua casa de Renoir hasta su muerte en 1919.<\/a><\/li>\n<li data-sourcepos=\"28:1-28:142\"><a href=\"https:\/\/es.wikipedia.org\/wiki\/Pierre-Auguste_Renoir\" target=\"_blank\" rel=\"noopener\">Wikipedia.org<\/a><\/li>\n<li data-sourcepos=\"29:1-29:76\"><a href=\"https:\/\/artsandculture.google.com\/story\/6QVhROWoh9-KUA?hl=es\" target=\"_blank\" rel=\"noopener\">Obras de Renoir en Google Arts &amp; Culture.<\/a><\/li>\n<li data-sourcepos=\"29:1-29:76\"><a href=\"https:\/\/historia.nationalgeographic.com.es\/a\/pierre-auguste-renoir-pintor-impresionista-alegria_16401\" target=\"_blank\" rel=\"noopener\">National Geographic.com<\/a><\/li>\n<\/ul>\n<p>&nbsp;<\/p>\n","protected":false},"excerpt":{"rendered":"<p>Una vida dedicada al arte Pierre-Auguste Renoir, uno de los m\u00e1s destacados representantes del\u00a0impresionismo franc\u00e9s, dej\u00f3 una huella imborrable en la historia del arte. Perm\u00edteme compartir contigo algunos aspectos clave sobre su vida y obra: Pierre-Auguste Renoir naci\u00f3 en Limoges, Francia, en 1841. Hijo de un sastre y una costurera, su familia se mud\u00f3 a [&hellip;]<\/p>\n","protected":false},"author":3,"featured_media":3584,"comment_status":"open","ping_status":"closed","sticky":false,"template":"","format":"standard","meta":{"site-container-style":"default","site-container-layout":"default","site-sidebar-layout":"default","disable-article-header":"default","disable-site-header":"default","disable-site-footer":"default","disable-content-area-spacing":"default","_jetpack_newsletter_access":"","_jetpack_dont_email_post_to_subs":false,"_jetpack_newsletter_tier_id":0,"_jetpack_memberships_contains_paywalled_content":false,"_jetpack_feature_clip_id":0,"_jetpack_memberships_contains_paid_content":false,"footnotes":"","jetpack_publicize_message":"","jetpack_publicize_feature_enabled":true,"jetpack_social_post_already_shared":false,"jetpack_social_options":{"image_generator_settings":{"template":"highway","default_image_id":0,"font":"","enabled":false},"version":2},"jetpack_post_was_ever_published":false},"categories":[1290],"tags":[1155,1161,1172,1154,1160,1165,704,1168,1170,1156,847,1157,1162,1164,200,1152,1166,1153,1171,300,1163,1158,351,746,705,1169,1167,1159],"class_list":["post-3576","post","type-post","status-publish","format-standard","has-post-thumbnail","hentry","category-historia-del-arte","tag-1155","tag-1161","tag-alfred-sisley","tag-biografia-de-renoir","tag-cagnes-sur-mer","tag-capturar-la-luz","tag-claude-monet","tag-colores-vibrantes","tag-composicion-armoniosa","tag-decorador-de-porcelana","tag-edouard-manet","tag-escuela-de-bellas-artes-de-paris","tag-exito-y-reconocimiento","tag-finales-del-siglo-xix","tag-francia","tag-impresionismo-frances","tag-interes-en-la-luz-y-el-color","tag-limoges","tag-maestro-del-retrato","tag-monet","tag-movimiento-impresionista","tag-paleta-vibrante-y-luminosa","tag-paris","tag-paul-cezanne","tag-pierre-auguste-renoir","tag-pinceladas-sueltas","tag-pintar-al-aire-libre","tag-sisley"],"yoast_head":"<!-- This site is optimized with the Yoast SEO plugin v28.4 - https:\/\/yoast.com\/product\/yoast-seo-wordpress\/ -->\n<title>Pierre-Auguste Renoir: Un maestro del Impresionismo - Blog de Rafael Ram\u00edrez<\/title>\n<meta name=\"description\" content=\"Pierre-Auguste Renoir, uno de los m\u00e1s destacados representantes del\u00a0impresionismo franc\u00e9s, dej\u00f3 una huella imborrable en la historia del arte.\" \/>\n<meta name=\"robots\" content=\"index, follow, max-snippet:-1, max-image-preview:large, max-video-preview:-1\" \/>\n<link rel=\"canonical\" href=\"https:\/\/rafaramirez.org\/blog\/index.php\/2024\/03\/05\/pierre-auguste-renoir-un-maestro-del-impresionismo-biografia\/\" \/>\n<meta property=\"og:locale\" content=\"es_ES\" \/>\n<meta property=\"og:type\" content=\"article\" \/>\n<meta property=\"og:title\" content=\"Pierre-Auguste Renoir: Un maestro del Impresionismo - Blog de Rafael Ram\u00edrez\" \/>\n<meta property=\"og:description\" content=\"Pierre-Auguste Renoir, uno de los m\u00e1s destacados representantes del\u00a0impresionismo franc\u00e9s, dej\u00f3 una huella imborrable en la historia del arte.\" \/>\n<meta property=\"og:url\" content=\"https:\/\/rafaramirez.org\/blog\/index.php\/2024\/03\/05\/pierre-auguste-renoir-un-maestro-del-impresionismo-biografia\/\" \/>\n<meta property=\"og:site_name\" content=\"Blog de Rafael Ram\u00edrez\" \/>\n<meta property=\"article:published_time\" content=\"2024-03-05T07:15:01+00:00\" \/>\n<meta property=\"article:modified_time\" content=\"2026-07-14T09:49:24+00:00\" \/>\n<meta property=\"og:image\" content=\"https:\/\/rafaramirez.org\/blog\/wp-content\/uploads\/2024\/03\/Two-Sisters-On-The-Terrace_bannerok.jpg\" \/>\n\t<meta property=\"og:image:width\" content=\"850\" \/>\n\t<meta property=\"og:image:height\" content=\"326\" \/>\n\t<meta property=\"og:image:type\" content=\"image\/jpeg\" \/>\n<meta name=\"author\" content=\"Documentaci\u00f3n e investigaci\u00f3n\" \/>\n<meta name=\"twitter:card\" content=\"summary_large_image\" \/>\n<meta name=\"twitter:site\" content=\"@rafaramirez_ok\" \/>\n<meta name=\"twitter:label1\" content=\"Escrito por\" \/>\n\t<meta name=\"twitter:data1\" content=\"Documentaci\u00f3n e investigaci\u00f3n\" \/>\n\t<meta name=\"twitter:label2\" content=\"Tiempo de lectura\" \/>\n\t<meta name=\"twitter:data2\" content=\"4 minutos\" \/>\n<script type=\"application\/ld+json\" class=\"yoast-schema-graph\">{\"@context\":\"https:\\\/\\\/schema.org\",\"@graph\":[{\"@type\":\"Article\",\"@id\":\"https:\\\/\\\/rafaramirez.org\\\/blog\\\/index.php\\\/2024\\\/03\\\/05\\\/pierre-auguste-renoir-un-maestro-del-impresionismo-biografia\\\/#article\",\"isPartOf\":{\"@id\":\"https:\\\/\\\/rafaramirez.org\\\/blog\\\/index.php\\\/2024\\\/03\\\/05\\\/pierre-auguste-renoir-un-maestro-del-impresionismo-biografia\\\/\"},\"author\":{\"name\":\"Documentaci\u00f3n e investigaci\u00f3n\",\"@id\":\"https:\\\/\\\/rafaramirez.org\\\/blog\\\/#\\\/schema\\\/person\\\/8debd05b3d9a1d16fb21af726811617d\"},\"headline\":\"Pierre-Auguste Renoir: Un maestro del Impresionismo\",\"datePublished\":\"2024-03-05T07:15:01+00:00\",\"dateModified\":\"2026-07-14T09:49:24+00:00\",\"mainEntityOfPage\":{\"@id\":\"https:\\\/\\\/rafaramirez.org\\\/blog\\\/index.php\\\/2024\\\/03\\\/05\\\/pierre-auguste-renoir-un-maestro-del-impresionismo-biografia\\\/\"},\"wordCount\":693,\"commentCount\":0,\"publisher\":{\"@id\":\"https:\\\/\\\/rafaramirez.org\\\/blog\\\/#\\\/schema\\\/person\\\/50f43b6d60c578760d4c17bda54ab6a5\"},\"image\":{\"@id\":\"https:\\\/\\\/rafaramirez.org\\\/blog\\\/index.php\\\/2024\\\/03\\\/05\\\/pierre-auguste-renoir-un-maestro-del-impresionismo-biografia\\\/#primaryimage\"},\"thumbnailUrl\":\"https:\\\/\\\/rafaramirez.org\\\/blog\\\/wp-content\\\/uploads\\\/2024\\\/03\\\/Two-Sisters-On-The-Terrace_bannerok.jpg\",\"keywords\":[\"1841\",\"1919\",\"Alfred Sisley\",\"biograf\u00eda de Renoir\",\"Cagnes-sur-Mer\",\"capturar la luz\",\"claude monet\",\"colores vibrantes\",\"composici\u00f3n armoniosa\",\"decorador de porcelana\",\"\u00c9douard Manet\",\"Escuela de Bellas Artes de Par\u00eds\",\"\u00e9xito y reconocimiento\",\"finales del siglo XIX\",\"Francia\",\"impresionismo franc\u00e9s\",\"inter\u00e9s en la luz y el color\",\"Limoges\",\"maestro del retrato\",\"Monet\",\"movimiento impresionista\",\"paleta vibrante y luminosa\",\"Paris\",\"Paul C\u00e9zanne\",\"Pierre-Auguste Renoir\",\"pinceladas sueltas\",\"pintar al aire libre\",\"Sisley\"],\"articleSection\":[\"Historia del arte\"],\"inLanguage\":\"es\",\"potentialAction\":[{\"@type\":\"CommentAction\",\"name\":\"Comment\",\"target\":[\"https:\\\/\\\/rafaramirez.org\\\/blog\\\/index.php\\\/2024\\\/03\\\/05\\\/pierre-auguste-renoir-un-maestro-del-impresionismo-biografia\\\/#respond\"]}]},{\"@type\":\"WebPage\",\"@id\":\"https:\\\/\\\/rafaramirez.org\\\/blog\\\/index.php\\\/2024\\\/03\\\/05\\\/pierre-auguste-renoir-un-maestro-del-impresionismo-biografia\\\/\",\"url\":\"https:\\\/\\\/rafaramirez.org\\\/blog\\\/index.php\\\/2024\\\/03\\\/05\\\/pierre-auguste-renoir-un-maestro-del-impresionismo-biografia\\\/\",\"name\":\"Pierre-Auguste Renoir: Un maestro del Impresionismo - Blog de Rafael Ram\u00edrez\",\"isPartOf\":{\"@id\":\"https:\\\/\\\/rafaramirez.org\\\/blog\\\/#website\"},\"primaryImageOfPage\":{\"@id\":\"https:\\\/\\\/rafaramirez.org\\\/blog\\\/index.php\\\/2024\\\/03\\\/05\\\/pierre-auguste-renoir-un-maestro-del-impresionismo-biografia\\\/#primaryimage\"},\"image\":{\"@id\":\"https:\\\/\\\/rafaramirez.org\\\/blog\\\/index.php\\\/2024\\\/03\\\/05\\\/pierre-auguste-renoir-un-maestro-del-impresionismo-biografia\\\/#primaryimage\"},\"thumbnailUrl\":\"https:\\\/\\\/rafaramirez.org\\\/blog\\\/wp-content\\\/uploads\\\/2024\\\/03\\\/Two-Sisters-On-The-Terrace_bannerok.jpg\",\"datePublished\":\"2024-03-05T07:15:01+00:00\",\"dateModified\":\"2026-07-14T09:49:24+00:00\",\"description\":\"Pierre-Auguste Renoir, uno de los m\u00e1s destacados representantes del\u00a0impresionismo franc\u00e9s, dej\u00f3 una huella imborrable en la historia del arte.\",\"breadcrumb\":{\"@id\":\"https:\\\/\\\/rafaramirez.org\\\/blog\\\/index.php\\\/2024\\\/03\\\/05\\\/pierre-auguste-renoir-un-maestro-del-impresionismo-biografia\\\/#breadcrumb\"},\"inLanguage\":\"es\",\"potentialAction\":[{\"@type\":\"ReadAction\",\"target\":[\"https:\\\/\\\/rafaramirez.org\\\/blog\\\/index.php\\\/2024\\\/03\\\/05\\\/pierre-auguste-renoir-un-maestro-del-impresionismo-biografia\\\/\"]}]},{\"@type\":\"ImageObject\",\"inLanguage\":\"es\",\"@id\":\"https:\\\/\\\/rafaramirez.org\\\/blog\\\/index.php\\\/2024\\\/03\\\/05\\\/pierre-auguste-renoir-un-maestro-del-impresionismo-biografia\\\/#primaryimage\",\"url\":\"https:\\\/\\\/rafaramirez.org\\\/blog\\\/wp-content\\\/uploads\\\/2024\\\/03\\\/Two-Sisters-On-The-Terrace_bannerok.jpg\",\"contentUrl\":\"https:\\\/\\\/rafaramirez.org\\\/blog\\\/wp-content\\\/uploads\\\/2024\\\/03\\\/Two-Sisters-On-The-Terrace_bannerok.jpg\",\"width\":850,\"height\":326,\"caption\":\"Two Sisters On The Terrace. Renoir\"},{\"@type\":\"BreadcrumbList\",\"@id\":\"https:\\\/\\\/rafaramirez.org\\\/blog\\\/index.php\\\/2024\\\/03\\\/05\\\/pierre-auguste-renoir-un-maestro-del-impresionismo-biografia\\\/#breadcrumb\",\"itemListElement\":[{\"@type\":\"ListItem\",\"position\":1,\"name\":\"Portada\",\"item\":\"https:\\\/\\\/rafaramirez.org\\\/blog\\\/\"},{\"@type\":\"ListItem\",\"position\":2,\"name\":\"Pierre-Auguste Renoir: Un maestro del Impresionismo\"}]},{\"@type\":\"WebSite\",\"@id\":\"https:\\\/\\\/rafaramirez.org\\\/blog\\\/#website\",\"url\":\"https:\\\/\\\/rafaramirez.org\\\/blog\\\/\",\"name\":\"Blog de Rafael Ram\u00edrez\",\"description\":\"Un sitio social, de arte y cultura\",\"publisher\":{\"@id\":\"https:\\\/\\\/rafaramirez.org\\\/blog\\\/#\\\/schema\\\/person\\\/50f43b6d60c578760d4c17bda54ab6a5\"},\"potentialAction\":[{\"@type\":\"SearchAction\",\"target\":{\"@type\":\"EntryPoint\",\"urlTemplate\":\"https:\\\/\\\/rafaramirez.org\\\/blog\\\/?s={search_term_string}\"},\"query-input\":{\"@type\":\"PropertyValueSpecification\",\"valueRequired\":true,\"valueName\":\"search_term_string\"}}],\"inLanguage\":\"es\"},{\"@type\":[\"Person\",\"Organization\"],\"@id\":\"https:\\\/\\\/rafaramirez.org\\\/blog\\\/#\\\/schema\\\/person\\\/50f43b6d60c578760d4c17bda54ab6a5\",\"name\":\"Rafael Ram\u00edrez\",\"image\":{\"@type\":\"ImageObject\",\"inLanguage\":\"es\",\"@id\":\"https:\\\/\\\/rafaramirez.org\\\/blog\\\/wp-content\\\/uploads\\\/2024\\\/09\\\/RR_socialnetwork.jpg\",\"url\":\"https:\\\/\\\/rafaramirez.org\\\/blog\\\/wp-content\\\/uploads\\\/2024\\\/09\\\/RR_socialnetwork.jpg\",\"contentUrl\":\"https:\\\/\\\/rafaramirez.org\\\/blog\\\/wp-content\\\/uploads\\\/2024\\\/09\\\/RR_socialnetwork.jpg\",\"width\":600,\"height\":606,\"caption\":\"Rafael Ram\u00edrez\"},\"logo\":{\"@id\":\"https:\\\/\\\/rafaramirez.org\\\/blog\\\/wp-content\\\/uploads\\\/2024\\\/09\\\/RR_socialnetwork.jpg\"},\"sameAs\":[\"https:\\\/\\\/www.rafaramirez.org\\\/blog\",\"https:\\\/\\\/www.instagram.com\\\/rafaramirez_ok\\\/\",\"https:\\\/\\\/es.pinterest.com\\\/Ramirez_Rafa\\\/\",\"https:\\\/\\\/x.com\\\/rafaramirez_ok\"]},{\"@type\":\"Person\",\"@id\":\"https:\\\/\\\/rafaramirez.org\\\/blog\\\/#\\\/schema\\\/person\\\/8debd05b3d9a1d16fb21af726811617d\",\"name\":\"Documentaci\u00f3n e investigaci\u00f3n\",\"image\":{\"@type\":\"ImageObject\",\"inLanguage\":\"es\",\"@id\":\"https:\\\/\\\/secure.gravatar.com\\\/avatar\\\/fe70e496579a39c7a8fc4982b89275403b1092eb200623138a32daada9416911?s=96&d=mm&r=g\",\"url\":\"https:\\\/\\\/secure.gravatar.com\\\/avatar\\\/fe70e496579a39c7a8fc4982b89275403b1092eb200623138a32daada9416911?s=96&d=mm&r=g\",\"contentUrl\":\"https:\\\/\\\/secure.gravatar.com\\\/avatar\\\/fe70e496579a39c7a8fc4982b89275403b1092eb200623138a32daada9416911?s=96&d=mm&r=g\",\"caption\":\"Documentaci\u00f3n e investigaci\u00f3n\"},\"url\":\"https:\\\/\\\/rafaramirez.org\\\/blog\\\/index.php\\\/author\\\/admin\\\/\"}]}<\/script>\n<!-- \/ Yoast SEO plugin. -->","yoast_head_json":{"title":"Pierre-Auguste Renoir: Un maestro del Impresionismo - Blog de Rafael Ram\u00edrez","description":"Pierre-Auguste Renoir, uno de los m\u00e1s destacados representantes del\u00a0impresionismo franc\u00e9s, dej\u00f3 una huella imborrable en la historia del arte.","robots":{"index":"index","follow":"follow","max-snippet":"max-snippet:-1","max-image-preview":"max-image-preview:large","max-video-preview":"max-video-preview:-1"},"canonical":"https:\/\/rafaramirez.org\/blog\/index.php\/2024\/03\/05\/pierre-auguste-renoir-un-maestro-del-impresionismo-biografia\/","og_locale":"es_ES","og_type":"article","og_title":"Pierre-Auguste Renoir: Un maestro del Impresionismo - Blog de Rafael Ram\u00edrez","og_description":"Pierre-Auguste Renoir, uno de los m\u00e1s destacados representantes del\u00a0impresionismo franc\u00e9s, dej\u00f3 una huella imborrable en la historia del arte.","og_url":"https:\/\/rafaramirez.org\/blog\/index.php\/2024\/03\/05\/pierre-auguste-renoir-un-maestro-del-impresionismo-biografia\/","og_site_name":"Blog de Rafael Ram\u00edrez","article_published_time":"2024-03-05T07:15:01+00:00","article_modified_time":"2026-07-14T09:49:24+00:00","og_image":[{"width":850,"height":326,"url":"https:\/\/rafaramirez.org\/blog\/wp-content\/uploads\/2024\/03\/Two-Sisters-On-The-Terrace_bannerok.jpg","type":"image\/jpeg"}],"author":"Documentaci\u00f3n e investigaci\u00f3n","twitter_card":"summary_large_image","twitter_site":"@rafaramirez_ok","twitter_misc":{"Escrito por":"Documentaci\u00f3n e investigaci\u00f3n","Tiempo de lectura":"4 minutos"},"schema":{"@context":"https:\/\/schema.org","@graph":[{"@type":"Article","@id":"https:\/\/rafaramirez.org\/blog\/index.php\/2024\/03\/05\/pierre-auguste-renoir-un-maestro-del-impresionismo-biografia\/#article","isPartOf":{"@id":"https:\/\/rafaramirez.org\/blog\/index.php\/2024\/03\/05\/pierre-auguste-renoir-un-maestro-del-impresionismo-biografia\/"},"author":{"name":"Documentaci\u00f3n e investigaci\u00f3n","@id":"https:\/\/rafaramirez.org\/blog\/#\/schema\/person\/8debd05b3d9a1d16fb21af726811617d"},"headline":"Pierre-Auguste Renoir: Un maestro del Impresionismo","datePublished":"2024-03-05T07:15:01+00:00","dateModified":"2026-07-14T09:49:24+00:00","mainEntityOfPage":{"@id":"https:\/\/rafaramirez.org\/blog\/index.php\/2024\/03\/05\/pierre-auguste-renoir-un-maestro-del-impresionismo-biografia\/"},"wordCount":693,"commentCount":0,"publisher":{"@id":"https:\/\/rafaramirez.org\/blog\/#\/schema\/person\/50f43b6d60c578760d4c17bda54ab6a5"},"image":{"@id":"https:\/\/rafaramirez.org\/blog\/index.php\/2024\/03\/05\/pierre-auguste-renoir-un-maestro-del-impresionismo-biografia\/#primaryimage"},"thumbnailUrl":"https:\/\/rafaramirez.org\/blog\/wp-content\/uploads\/2024\/03\/Two-Sisters-On-The-Terrace_bannerok.jpg","keywords":["1841","1919","Alfred Sisley","biograf\u00eda de Renoir","Cagnes-sur-Mer","capturar la luz","claude monet","colores vibrantes","composici\u00f3n armoniosa","decorador de porcelana","\u00c9douard Manet","Escuela de Bellas Artes de Par\u00eds","\u00e9xito y reconocimiento","finales del siglo XIX","Francia","impresionismo franc\u00e9s","inter\u00e9s en la luz y el color","Limoges","maestro del retrato","Monet","movimiento impresionista","paleta vibrante y luminosa","Paris","Paul C\u00e9zanne","Pierre-Auguste Renoir","pinceladas sueltas","pintar al aire libre","Sisley"],"articleSection":["Historia del arte"],"inLanguage":"es","potentialAction":[{"@type":"CommentAction","name":"Comment","target":["https:\/\/rafaramirez.org\/blog\/index.php\/2024\/03\/05\/pierre-auguste-renoir-un-maestro-del-impresionismo-biografia\/#respond"]}]},{"@type":"WebPage","@id":"https:\/\/rafaramirez.org\/blog\/index.php\/2024\/03\/05\/pierre-auguste-renoir-un-maestro-del-impresionismo-biografia\/","url":"https:\/\/rafaramirez.org\/blog\/index.php\/2024\/03\/05\/pierre-auguste-renoir-un-maestro-del-impresionismo-biografia\/","name":"Pierre-Auguste Renoir: Un maestro del Impresionismo - Blog de Rafael Ram\u00edrez","isPartOf":{"@id":"https:\/\/rafaramirez.org\/blog\/#website"},"primaryImageOfPage":{"@id":"https:\/\/rafaramirez.org\/blog\/index.php\/2024\/03\/05\/pierre-auguste-renoir-un-maestro-del-impresionismo-biografia\/#primaryimage"},"image":{"@id":"https:\/\/rafaramirez.org\/blog\/index.php\/2024\/03\/05\/pierre-auguste-renoir-un-maestro-del-impresionismo-biografia\/#primaryimage"},"thumbnailUrl":"https:\/\/rafaramirez.org\/blog\/wp-content\/uploads\/2024\/03\/Two-Sisters-On-The-Terrace_bannerok.jpg","datePublished":"2024-03-05T07:15:01+00:00","dateModified":"2026-07-14T09:49:24+00:00","description":"Pierre-Auguste Renoir, uno de los m\u00e1s destacados representantes del\u00a0impresionismo franc\u00e9s, dej\u00f3 una huella imborrable en la historia del arte.","breadcrumb":{"@id":"https:\/\/rafaramirez.org\/blog\/index.php\/2024\/03\/05\/pierre-auguste-renoir-un-maestro-del-impresionismo-biografia\/#breadcrumb"},"inLanguage":"es","potentialAction":[{"@type":"ReadAction","target":["https:\/\/rafaramirez.org\/blog\/index.php\/2024\/03\/05\/pierre-auguste-renoir-un-maestro-del-impresionismo-biografia\/"]}]},{"@type":"ImageObject","inLanguage":"es","@id":"https:\/\/rafaramirez.org\/blog\/index.php\/2024\/03\/05\/pierre-auguste-renoir-un-maestro-del-impresionismo-biografia\/#primaryimage","url":"https:\/\/rafaramirez.org\/blog\/wp-content\/uploads\/2024\/03\/Two-Sisters-On-The-Terrace_bannerok.jpg","contentUrl":"https:\/\/rafaramirez.org\/blog\/wp-content\/uploads\/2024\/03\/Two-Sisters-On-The-Terrace_bannerok.jpg","width":850,"height":326,"caption":"Two Sisters On The Terrace. Renoir"},{"@type":"BreadcrumbList","@id":"https:\/\/rafaramirez.org\/blog\/index.php\/2024\/03\/05\/pierre-auguste-renoir-un-maestro-del-impresionismo-biografia\/#breadcrumb","itemListElement":[{"@type":"ListItem","position":1,"name":"Portada","item":"https:\/\/rafaramirez.org\/blog\/"},{"@type":"ListItem","position":2,"name":"Pierre-Auguste Renoir: Un maestro del Impresionismo"}]},{"@type":"WebSite","@id":"https:\/\/rafaramirez.org\/blog\/#website","url":"https:\/\/rafaramirez.org\/blog\/","name":"Blog de Rafael Ram\u00edrez","description":"Un sitio social, de arte y cultura","publisher":{"@id":"https:\/\/rafaramirez.org\/blog\/#\/schema\/person\/50f43b6d60c578760d4c17bda54ab6a5"},"potentialAction":[{"@type":"SearchAction","target":{"@type":"EntryPoint","urlTemplate":"https:\/\/rafaramirez.org\/blog\/?s={search_term_string}"},"query-input":{"@type":"PropertyValueSpecification","valueRequired":true,"valueName":"search_term_string"}}],"inLanguage":"es"},{"@type":["Person","Organization"],"@id":"https:\/\/rafaramirez.org\/blog\/#\/schema\/person\/50f43b6d60c578760d4c17bda54ab6a5","name":"Rafael Ram\u00edrez","image":{"@type":"ImageObject","inLanguage":"es","@id":"https:\/\/rafaramirez.org\/blog\/wp-content\/uploads\/2024\/09\/RR_socialnetwork.jpg","url":"https:\/\/rafaramirez.org\/blog\/wp-content\/uploads\/2024\/09\/RR_socialnetwork.jpg","contentUrl":"https:\/\/rafaramirez.org\/blog\/wp-content\/uploads\/2024\/09\/RR_socialnetwork.jpg","width":600,"height":606,"caption":"Rafael Ram\u00edrez"},"logo":{"@id":"https:\/\/rafaramirez.org\/blog\/wp-content\/uploads\/2024\/09\/RR_socialnetwork.jpg"},"sameAs":["https:\/\/www.rafaramirez.org\/blog","https:\/\/www.instagram.com\/rafaramirez_ok\/","https:\/\/es.pinterest.com\/Ramirez_Rafa\/","https:\/\/x.com\/rafaramirez_ok"]},{"@type":"Person","@id":"https:\/\/rafaramirez.org\/blog\/#\/schema\/person\/8debd05b3d9a1d16fb21af726811617d","name":"Documentaci\u00f3n e investigaci\u00f3n","image":{"@type":"ImageObject","inLanguage":"es","@id":"https:\/\/secure.gravatar.com\/avatar\/fe70e496579a39c7a8fc4982b89275403b1092eb200623138a32daada9416911?s=96&d=mm&r=g","url":"https:\/\/secure.gravatar.com\/avatar\/fe70e496579a39c7a8fc4982b89275403b1092eb200623138a32daada9416911?s=96&d=mm&r=g","contentUrl":"https:\/\/secure.gravatar.com\/avatar\/fe70e496579a39c7a8fc4982b89275403b1092eb200623138a32daada9416911?s=96&d=mm&r=g","caption":"Documentaci\u00f3n e investigaci\u00f3n"},"url":"https:\/\/rafaramirez.org\/blog\/index.php\/author\/admin\/"}]}},"jetpack_publicize_connections":[],"jetpack_sharing_enabled":true,"jetpack_likes_enabled":true,"jetpack_featured_media_url":"https:\/\/rafaramirez.org\/blog\/wp-content\/uploads\/2024\/03\/Two-Sisters-On-The-Terrace_bannerok.jpg","_links":{"self":[{"href":"https:\/\/rafaramirez.org\/blog\/index.php\/wp-json\/wp\/v2\/posts\/3576","targetHints":{"allow":["GET"]}}],"collection":[{"href":"https:\/\/rafaramirez.org\/blog\/index.php\/wp-json\/wp\/v2\/posts"}],"about":[{"href":"https:\/\/rafaramirez.org\/blog\/index.php\/wp-json\/wp\/v2\/types\/post"}],"author":[{"embeddable":true,"href":"https:\/\/rafaramirez.org\/blog\/index.php\/wp-json\/wp\/v2\/users\/3"}],"replies":[{"embeddable":true,"href":"https:\/\/rafaramirez.org\/blog\/index.php\/wp-json\/wp\/v2\/comments?post=3576"}],"version-history":[{"count":12,"href":"https:\/\/rafaramirez.org\/blog\/index.php\/wp-json\/wp\/v2\/posts\/3576\/revisions"}],"predecessor-version":[{"id":10702,"href":"https:\/\/rafaramirez.org\/blog\/index.php\/wp-json\/wp\/v2\/posts\/3576\/revisions\/10702"}],"wp:featuredmedia":[{"embeddable":true,"href":"https:\/\/rafaramirez.org\/blog\/index.php\/wp-json\/wp\/v2\/media\/3584"}],"wp:attachment":[{"href":"https:\/\/rafaramirez.org\/blog\/index.php\/wp-json\/wp\/v2\/media?parent=3576"}],"wp:term":[{"taxonomy":"category","embeddable":true,"href":"https:\/\/rafaramirez.org\/blog\/index.php\/wp-json\/wp\/v2\/categories?post=3576"},{"taxonomy":"post_tag","embeddable":true,"href":"https:\/\/rafaramirez.org\/blog\/index.php\/wp-json\/wp\/v2\/tags?post=3576"}],"curies":[{"name":"wp","href":"https:\/\/api.w.org\/{rel}","templated":true}]}}