{"id":3478,"date":"2024-02-26T08:15:53","date_gmt":"2024-02-26T07:15:53","guid":{"rendered":"https:\/\/rafaramirez.org\/blog\/?p=3478"},"modified":"2026-07-14T11:49:31","modified_gmt":"2026-07-14T09:49:31","slug":"salvador-dali-relojes-biografia-y-anecdotas-de-su-vida","status":"publish","type":"post","link":"https:\/\/rafaramirez.org\/blog\/index.php\/2024\/02\/26\/salvador-dali-relojes-biografia-y-anecdotas-de-su-vida\/","title":{"rendered":"Salvador Dal\u00ed: relojes, biograf\u00eda y an\u00e9cdotas de su vida."},"content":{"rendered":"<p><strong>Salvador Dal\u00ed<\/strong> fue un pintor, escultor, escritor y dise\u00f1ador espa\u00f1ol, considerado uno de los m\u00e1ximos exponentes del <a href=\"https:\/\/rafaramirez.org\/blog\/index.php\/2025\/09\/16\/el-surrealismo-descifrado\/\" target=\"_blank\" rel=\"noopener\">surrealismo<\/a>. Naci\u00f3 en Figueras, el 11 de mayo de 1904 y muri\u00f3 en la misma ciudad el 23 de enero de 1989. Su vida estuvo marcada por su gran imaginaci\u00f3n, su personalidad extravagante, su amor por su esposa <a href=\"https:\/\/es.wikipedia.org\/wiki\/Gala_Dal%C3%AD\" target=\"_blank\" rel=\"noopener\"><strong>Gala<\/strong><\/a> y su fascinaci\u00f3n por el subconsciente y el inconsciente.<\/p>\n<figure id=\"attachment_3493\" aria-describedby=\"caption-attachment-3493\" style=\"width: 300px\" class=\"wp-caption alignnone\"><a href=\"https:\/\/rafaramirez.org\/blog\/wp-content\/uploads\/2024\/02\/Salvador-Dali.jpg\" target=\"_blank\" rel=\"noopener\"><img loading=\"lazy\" decoding=\"async\" class=\"wp-image-3493 size-medium\" src=\"https:\/\/rafaramirez.org\/blog\/wp-content\/uploads\/2024\/02\/Salvador-Dali-300x200.jpg\" alt=\"Salvador Dal\u00ed\" width=\"300\" height=\"200\" srcset=\"https:\/\/rafaramirez.org\/blog\/wp-content\/uploads\/2024\/02\/Salvador-Dali-300x200.jpg 300w, https:\/\/rafaramirez.org\/blog\/wp-content\/uploads\/2024\/02\/Salvador-Dali-1024x683.jpg 1024w, https:\/\/rafaramirez.org\/blog\/wp-content\/uploads\/2024\/02\/Salvador-Dali-768x512.jpg 768w, https:\/\/rafaramirez.org\/blog\/wp-content\/uploads\/2024\/02\/Salvador-Dali.jpg 1200w\" sizes=\"auto, (max-width: 300px) 100vw, 300px\" \/><\/a><figcaption id=\"caption-attachment-3493\" class=\"wp-caption-text\">Salvador Dal\u00ed (1904-1989).<\/figcaption><\/figure>\n<p><strong>Estas son algunas an\u00e9cdotas y datos menos conocidos de su vida:<\/strong><\/p>\n<ul>\n<li>A los tres a\u00f1os, Dal\u00ed quer\u00eda ser cocinero. A los cinco, quer\u00eda ser Napole\u00f3n. Su ambici\u00f3n era llegar a ser Salvador Dal\u00ed y nada m\u00e1s.<\/li>\n<li>Dal\u00ed ten\u00eda un hermano mayor, tambi\u00e9n llamado Salvador, que muri\u00f3 a los dos a\u00f1os de edad, nueve meses antes de que naciera el pintor. Dal\u00ed cre\u00eda que era la reencarnaci\u00f3n de su hermano y que su padre lo prefer\u00eda a \u00e9l.<\/li>\n<li>Fue expulsado de la <a href=\"https:\/\/www.realacademiabellasartessanfernando.com\/\" target=\"_blank\" rel=\"noopener\"><strong>Academia de Bellas Artes de San Fernando<\/strong><\/a> en 1926, por declarar que nadie en el tribunal era competente para examinarlo.<\/li>\n<li>Dal\u00ed conoci\u00f3 a <a href=\"https:\/\/es.wikipedia.org\/wiki\/Gala_Dal%C3%AD\" target=\"_blank\" rel=\"noopener\">Gala<\/a>, su futura esposa y musa, en 1929, cuando ella estaba casada con el poeta <a href=\"https:\/\/es.wikipedia.org\/wiki\/Paul_%C3%89luard\" target=\"_blank\" rel=\"noopener\"><strong>Paul \u00c9luard<\/strong><\/a>. Ellos se casaron en 1934 y permanecieron juntos hasta la muerte de ella en 1982.<\/li>\n<li>Fue expulsado del grupo surrealista en 1934, por sus opiniones pol\u00edticas y su tendencia al dinero. <a href=\"https:\/\/es.wikipedia.org\/wiki\/Andr%C3%A9_Breton\" target=\"_blank\" rel=\"noopener\"><strong>Andr\u00e9 Breton<\/strong><\/a>, el l\u00edder del movimiento, lo acus\u00f3 de ser un \u201canarquista mon\u00e1rquico\u201d.<\/li>\n<li>Dal\u00ed colabor\u00f3 con otros artistas como Luis Bu\u00f1uel, Alfred Hitchcock, Walt Disney y Andy Warhol, en diversos proyectos de cine, fotograf\u00eda y arte pop.<\/li>\n<li>Dal\u00ed dise\u00f1\u00f3 el logotipo de la marca de <a href=\"https:\/\/es.wikipedia.org\/wiki\/Chupa_Chups\" target=\"_blank\" rel=\"noopener\"><strong>caramelos Chupa Chups<\/strong><\/a> en 1969, en una hora y sobre una servilleta. El logotipo consiste en una margarita amarilla con el nombre de la marca en rojo y fue sugerido por el pintor que se colocara en la parte superior del envoltorio.<\/li>\n<\/ul>\n<p><strong>Entre las obras m\u00e1s relevantes de Salvador Dal\u00ed se encuentran:<\/strong><\/p>\n<ul>\n<li><strong>La persistencia de la memoria (1931)<\/strong>, tambi\u00e9n conocida como Los relojes blandos, es una de las pinturas m\u00e1s famosas del surrealismo y del arte del siglo XX. Representa un paisaje des\u00e9rtico con cuatro relojes que se derriten, simbolizando la relatividad del tiempo y la memoria. Dal\u00ed se inspir\u00f3 en un queso camembert para pintar los relojes.\u00a0<a href=\"https:\/\/www.moma.org\/calendar\/groups\/60\" target=\"_blank\" rel=\"noopener\"><strong>La obra se encuentra en el Museo de Arte Moderno de Nueva York.<\/strong><\/a><\/li>\n<\/ul>\n<figure id=\"attachment_3485\" aria-describedby=\"caption-attachment-3485\" style=\"width: 300px\" class=\"wp-caption alignnone\"><a href=\"https:\/\/rafaramirez.org\/blog\/wp-content\/uploads\/2024\/02\/la-persistencia-de-la-memoria.jpg\" target=\"_blank\" rel=\"noopener\"><img loading=\"lazy\" decoding=\"async\" class=\"wp-image-3485 size-medium\" src=\"https:\/\/rafaramirez.org\/blog\/wp-content\/uploads\/2024\/02\/la-persistencia-de-la-memoria-300x225.jpg\" alt=\"La persistencia de la memoria de Salvador Dal\u00ed. \" width=\"300\" height=\"225\" srcset=\"https:\/\/rafaramirez.org\/blog\/wp-content\/uploads\/2024\/02\/la-persistencia-de-la-memoria-300x225.jpg 300w, https:\/\/rafaramirez.org\/blog\/wp-content\/uploads\/2024\/02\/la-persistencia-de-la-memoria-768x576.jpg 768w, https:\/\/rafaramirez.org\/blog\/wp-content\/uploads\/2024\/02\/la-persistencia-de-la-memoria.jpg 1024w\" sizes=\"auto, (max-width: 300px) 100vw, 300px\" \/><\/a><figcaption id=\"caption-attachment-3485\" class=\"wp-caption-text\">La persistencia de la memoria (1931). Salvador Dal\u00ed.<\/figcaption><\/figure>\n<ul>\n<li><strong>Cristo de San Juan de la Cruz (1951)<\/strong> es una pintura religiosa que muestra a Jesucristo crucificado desde una perspectiva inusual, sin clavos ni sangre. Dal\u00ed se bas\u00f3 en un dibujo del siglo XVI del fraile espa\u00f1ol Juan de la Cruz, que tuvo una visi\u00f3n m\u00edstica del crucifijo.\u00a0<a href=\"https:\/\/www.glasgowlife.org.uk\/museums\/venues\/kelvingrove-art-gallery-and-museum\" target=\"_blank\" rel=\"noopener\"><strong>La obra se encuentra en el Museo Kelvingrove de Glasgow.<\/strong><\/a><\/li>\n<\/ul>\n<figure id=\"attachment_3486\" aria-describedby=\"caption-attachment-3486\" style=\"width: 168px\" class=\"wp-caption alignnone\"><a href=\"https:\/\/rafaramirez.org\/blog\/wp-content\/uploads\/2024\/02\/Cristo_de_San_Juan_de_la_Cruz_Salvador_Dali.jpg\" target=\"_blank\" rel=\"noopener\"><img loading=\"lazy\" decoding=\"async\" class=\"wp-image-3486 size-medium\" src=\"https:\/\/rafaramirez.org\/blog\/wp-content\/uploads\/2024\/02\/Cristo_de_San_Juan_de_la_Cruz_Salvador_Dali-168x300.jpg\" alt=\"Cristo de San Juan de la Cruz de Salvador Dal\u00ed. \" width=\"168\" height=\"300\" srcset=\"https:\/\/rafaramirez.org\/blog\/wp-content\/uploads\/2024\/02\/Cristo_de_San_Juan_de_la_Cruz_Salvador_Dali-168x300.jpg 168w, https:\/\/rafaramirez.org\/blog\/wp-content\/uploads\/2024\/02\/Cristo_de_San_Juan_de_la_Cruz_Salvador_Dali-574x1024.jpg 574w, https:\/\/rafaramirez.org\/blog\/wp-content\/uploads\/2024\/02\/Cristo_de_San_Juan_de_la_Cruz_Salvador_Dali-768x1369.jpg 768w, https:\/\/rafaramirez.org\/blog\/wp-content\/uploads\/2024\/02\/Cristo_de_San_Juan_de_la_Cruz_Salvador_Dali.jpg 800w\" sizes=\"auto, (max-width: 168px) 100vw, 168px\" \/><\/a><figcaption id=\"caption-attachment-3486\" class=\"wp-caption-text\">Cristo de San Juan de la Cruz (1951). Salvador Dal\u00ed.<\/figcaption><\/figure>\n<ul>\n<li><strong>La metamorfosis de Narciso (1937)<\/strong> es una pintura que ilustra el mito griego de Narciso, el joven que se enamor\u00f3 de su propia imagen reflejada en el agua y se convirti\u00f3 en una flor. Dal\u00ed emple\u00f3 su m\u00e9todo paranoico-cr\u00edtico, que consiste en provocar asociaciones il\u00f3gicas entre objetos, para crear una doble imagen: la mano que sostiene un huevo con una flor se transforma en el rostro de Narciso inclinado sobre el agua.\u00a0<a href=\"https:\/\/www.tate.org.uk\/visit\/tate-modern\" target=\"_blank\" rel=\"noopener\"><strong>La obra se encuentra en la Tate Gallery de Londres.<\/strong><\/a><\/li>\n<\/ul>\n<figure id=\"attachment_3487\" aria-describedby=\"caption-attachment-3487\" style=\"width: 300px\" class=\"wp-caption alignnone\"><a href=\"https:\/\/rafaramirez.org\/blog\/wp-content\/uploads\/2024\/02\/La_metamorfosis_de_Narciso_Salvador_Dali.jpg\" target=\"_blank\" rel=\"noopener\"><img loading=\"lazy\" decoding=\"async\" class=\"wp-image-3487 size-medium\" src=\"https:\/\/rafaramirez.org\/blog\/wp-content\/uploads\/2024\/02\/La_metamorfosis_de_Narciso_Salvador_Dali-300x189.jpg\" alt=\"La metamorfosis de Narciso. Salvador Dal\u00ed. \" width=\"300\" height=\"189\" srcset=\"https:\/\/rafaramirez.org\/blog\/wp-content\/uploads\/2024\/02\/La_metamorfosis_de_Narciso_Salvador_Dali-300x189.jpg 300w, https:\/\/rafaramirez.org\/blog\/wp-content\/uploads\/2024\/02\/La_metamorfosis_de_Narciso_Salvador_Dali-768x485.jpg 768w, https:\/\/rafaramirez.org\/blog\/wp-content\/uploads\/2024\/02\/La_metamorfosis_de_Narciso_Salvador_Dali.jpg 800w\" sizes=\"auto, (max-width: 300px) 100vw, 300px\" \/><\/a><figcaption id=\"caption-attachment-3487\" class=\"wp-caption-text\">La metamorfosis de Narciso (1937). Salvador Dal\u00ed.<\/figcaption><\/figure>\n<ul>\n<li><strong>La tentaci\u00f3n de San Antonio (1946)<\/strong> es una pintura que representa la tentaci\u00f3n del santo ermita\u00f1o por diversos seres fant\u00e1sticos, como un caballo alado, un elefante con patas de ara\u00f1a y una mujer desnuda. Dal\u00ed particip\u00f3 con esta obra en un concurso organizado por el productor de cine Albert Lewin, que buscaba una pintura sobre el tema de la tentaci\u00f3n para su pel\u00edcula El retrato de Dorian Gray. Dal\u00ed no gan\u00f3 el concurso, pero su obra se hizo muy popular.\u00a0<a href=\"https:\/\/fine-arts-museum.be\/en\" target=\"_blank\" rel=\"noopener\"><strong>La obra se encuentra en el Museo Real de Bellas Artes de B\u00e9lgica.<\/strong><\/a><\/li>\n<\/ul>\n<figure id=\"attachment_3489\" aria-describedby=\"caption-attachment-3489\" style=\"width: 300px\" class=\"wp-caption alignnone\"><a href=\"https:\/\/rafaramirez.org\/blog\/wp-content\/uploads\/2024\/02\/Dali-La-tentacion-de-San-Antonio-Salvador_Dali.jpg\" target=\"_blank\" rel=\"noopener\"><img loading=\"lazy\" decoding=\"async\" class=\"wp-image-3489 size-medium\" src=\"https:\/\/rafaramirez.org\/blog\/wp-content\/uploads\/2024\/02\/Dali-La-tentacion-de-San-Antonio-Salvador_Dali-300x227.jpg\" alt=\"La tentaci\u00f3n de San Antonio. Salvador Dal\u00ed.\" width=\"300\" height=\"227\" srcset=\"https:\/\/rafaramirez.org\/blog\/wp-content\/uploads\/2024\/02\/Dali-La-tentacion-de-San-Antonio-Salvador_Dali-300x227.jpg 300w, https:\/\/rafaramirez.org\/blog\/wp-content\/uploads\/2024\/02\/Dali-La-tentacion-de-San-Antonio-Salvador_Dali-768x580.jpg 768w, https:\/\/rafaramirez.org\/blog\/wp-content\/uploads\/2024\/02\/Dali-La-tentacion-de-San-Antonio-Salvador_Dali.jpg 1000w\" sizes=\"auto, (max-width: 300px) 100vw, 300px\" \/><\/a><figcaption id=\"caption-attachment-3489\" class=\"wp-caption-text\">La tentaci\u00f3n de San Antonio (1946). Salvador Dal\u00ed.<\/figcaption><\/figure>\n<ul>\n<li><strong>El gran masturbador (1929)<\/strong> es una pintura que refleja las angustias sexuales y personales de Dal\u00ed. La imagen principal es un perfil del rostro del pintor, que se asemeja a una cabeza blanda y alargada. Sobre el rostro hay una figura femenina que representa a Gala, el amor de Dal\u00ed. Debajo del rostro hay una flor carn\u00edvora, una hormiga y una sanguijuela, que simbolizan el deseo, la muerte y el castigo.\u00a0<a href=\"https:\/\/www.museoreinasofia.es\/\" target=\"_blank\" rel=\"noopener\"><strong>La obra se encuentra en el Museo Nacional Centro de Arte Reina Sof\u00eda de Madrid.<\/strong><\/a><\/li>\n<\/ul>\n<figure id=\"attachment_3490\" aria-describedby=\"caption-attachment-3490\" style=\"width: 300px\" class=\"wp-caption alignnone\"><a href=\"https:\/\/rafaramirez.org\/blog\/wp-content\/uploads\/2024\/02\/El_gran_masturbador_Salvador_Dali.jpg\" target=\"_blank\" rel=\"noopener\"><img loading=\"lazy\" decoding=\"async\" class=\"wp-image-3490 size-medium\" src=\"https:\/\/rafaramirez.org\/blog\/wp-content\/uploads\/2024\/02\/El_gran_masturbador_Salvador_Dali-300x223.jpg\" alt=\"El gran masturbador. Salvador Dal\u00ed.\" width=\"300\" height=\"223\" srcset=\"https:\/\/rafaramirez.org\/blog\/wp-content\/uploads\/2024\/02\/El_gran_masturbador_Salvador_Dali-300x223.jpg 300w, https:\/\/rafaramirez.org\/blog\/wp-content\/uploads\/2024\/02\/El_gran_masturbador_Salvador_Dali-768x571.jpg 768w, https:\/\/rafaramirez.org\/blog\/wp-content\/uploads\/2024\/02\/El_gran_masturbador_Salvador_Dali.jpg 810w\" sizes=\"auto, (max-width: 300px) 100vw, 300px\" \/><\/a><figcaption id=\"caption-attachment-3490\" class=\"wp-caption-text\">El gran masturbador (1929). Salvador Dal\u00ed.<\/figcaption><\/figure>\n<div class=\"ac-textBlock\">\n<p><strong>Dal\u00ed colabor\u00f3 con otros artistas de diferentes disciplinas, como el cine, la fotograf\u00eda y el arte pop. Algunas de sus colaboraciones m\u00e1s destacadas fueron:<\/strong><\/p>\n<\/div>\n<div id=\"entity-image-inline-item\">\n<div class=\"entity-image\">\n<div class=\"shower-glass\">\n<figure style=\"width: 200px\" class=\"wp-caption aligncenter\"><img loading=\"lazy\" decoding=\"async\" class=\"ac-image\" src=\"https:\/\/www.bing.com\/th?id=OSK.HERONhFS0cpPlPhJ3MJ2ZsnUTmEKe7zoo6D9U_XHR2vfnNE&amp;pid=cdx&amp;w=200&amp;h=128&amp;c=7&amp;rs=1\" alt=\"Luis Bu\u00f1uel\" width=\"200\" height=\"128\" \/><figcaption class=\"wp-caption-text\">Luis Bu\u00f1uel<\/figcaption><\/figure>\n<\/div>\n<\/div>\n<\/div>\n<div class=\"ac-textBlock\">\n<ul>\n<li>Con <a href=\"https:\/\/es.wikipedia.org\/wiki\/Luis_Bu%C3%B1uel\" target=\"_blank\" rel=\"noopener\"><strong>Luis Bu\u00f1uel<\/strong>, director de cine espa\u00f1ol<\/a> y amigo de la infancia de Dal\u00ed, realiz\u00f3 dos pel\u00edculas surrealistas: <strong><a href=\"https:\/\/es.wikipedia.org\/wiki\/Un_perro_andaluz\" target=\"_blank\" rel=\"noopener\">Un perro andaluz (1929)<\/a><\/strong> y <strong><a href=\"https:\/\/es.wikipedia.org\/wiki\/La_edad_de_oro_(pel%C3%ADcula)\" target=\"_blank\" rel=\"noopener\">La edad de oro (1930)<\/a>.<\/strong> Estas pel\u00edculas causaron esc\u00e1ndalo y controversia por sus im\u00e1genes provocativas y violentas, como el corte de un ojo con una navaja o la aparici\u00f3n de una mano llena de hormigas.<\/li>\n<\/ul>\n<\/div>\n<div id=\"entity-image-inline-item\">\n<p>&nbsp;<\/p>\n<figure style=\"width: 200px\" class=\"wp-caption aligncenter\"><img loading=\"lazy\" decoding=\"async\" class=\"ac-image\" src=\"https:\/\/www.bing.com\/th?id=OSK.HEROt023KvnKG5_kM0OCbRX9JppYLT545ueqYll9WPIF8tE&amp;pid=cdx&amp;w=200&amp;h=128&amp;c=7\" alt=\"Alfred Hitchcock\" width=\"200\" height=\"128\" \/><figcaption class=\"wp-caption-text\">Alfred Hitchcock<\/figcaption><\/figure>\n<\/div>\n<div class=\"ac-textBlock\">\n<ul>\n<li>Con <strong><a href=\"https:\/\/es.wikipedia.org\/wiki\/Alfred_Hitchcock\" target=\"_blank\" rel=\"noopener\">Alfred Hitchcock<\/a><\/strong>, director de cine brit\u00e1nico, trabaj\u00f3 en el dise\u00f1o de las escenas on\u00edricas de la pel\u00edcula <strong><a href=\"https:\/\/es.wikipedia.org\/wiki\/Spellbound\" target=\"_blank\" rel=\"noopener\">Recuerda (1945)<\/a><\/strong>. Dal\u00ed cre\u00f3 un decorado surrealista con enormes ojos, tijeras y estatuas que representaban los miedos y recuerdos del protagonista, interpretado por <strong><a href=\"https:\/\/es.wikipedia.org\/wiki\/Gregory_Peck\" target=\"_blank\" rel=\"noopener\">Gregory Peck<\/a>.<\/strong><\/li>\n<\/ul>\n<\/div>\n<div id=\"entity-image-inline-item\">\n<div class=\"entity-image\">\n<div class=\"shower-glass\">\n<figure style=\"width: 200px\" class=\"wp-caption aligncenter\"><img loading=\"lazy\" decoding=\"async\" class=\"ac-image\" src=\"https:\/\/www.bing.com\/th?id=OSK.HERO6U2SQIu6CaDsCxDA6GvTWKqUYlqMA1r6rYzhlLxTnPY&amp;pid=cdx&amp;w=200&amp;h=128&amp;c=7&amp;rs=1\" alt=\"Walt Disney\" width=\"200\" height=\"128\" \/><figcaption class=\"wp-caption-text\">Walt Disney<\/figcaption><\/figure>\n<\/div>\n<\/div>\n<\/div>\n<div class=\"ac-textBlock\">\n<ul>\n<li>Con <strong><a href=\"https:\/\/es.wikipedia.org\/wiki\/Walt_Disney\" target=\"_blank\" rel=\"noopener\">Walt Disney<\/a><\/strong>, productor de cine estadounidense, inici\u00f3 un proyecto de animaci\u00f3n llamado <strong><a href=\"https:\/\/www.salvador-dali.org\/es\/dali\/filmoteca-dali\/films-y-videoarte\/2\/destino\" target=\"_blank\" rel=\"noopener\">Destino (1946)<\/a><\/strong>, basado en una canci\u00f3n mexicana. Dal\u00ed dibuj\u00f3 22 bocetos y pint\u00f3 seis \u00f3leos para la pel\u00edcula, que mostraban un mundo fant\u00e1stico y rom\u00e1ntico. Sin embargo, el proyecto se cancel\u00f3 por problemas econ\u00f3micos y solo se termin\u00f3 en 2003, con la ayuda de la <strong><a href=\"https:\/\/www.salvador-dali.org\/es\/\" target=\"_blank\" rel=\"noopener\">Fundaci\u00f3n Gala-Salvador Dal\u00ed<\/a><\/strong> y los estudios Disney.<\/li>\n<\/ul>\n<\/div>\n<div id=\"entity-image-inline-item\">\n<div class=\"entity-image\">\n<div class=\"shower-glass\">\n<figure style=\"width: 200px\" class=\"wp-caption aligncenter\"><img loading=\"lazy\" decoding=\"async\" class=\"ac-image\" src=\"https:\/\/www.bing.com\/th?id=OSK.HERODo14ZsoNbvcdYbmg5ns88dwHQwTaH_7J_CsL9uScMM4&amp;pid=cdx&amp;w=200&amp;h=128&amp;c=7&amp;rs=1\" alt=\"Andy Warhol\" width=\"200\" height=\"128\" \/><figcaption class=\"wp-caption-text\">Andy Warhol<\/figcaption><\/figure>\n<\/div>\n<\/div>\n<\/div>\n<div class=\"ac-textBlock\">\n<ul>\n<li>Con <a href=\"https:\/\/es.wikipedia.org\/wiki\/Andy_Warhol\" target=\"_blank\" rel=\"noopener\">Andy Warhol<\/a>, artista estadounidense y l\u00edder del arte pop, mantuvo una relaci\u00f3n de admiraci\u00f3n y rivalidad. Dal\u00ed se interes\u00f3 por el arte pop y lo incorpor\u00f3 a su obra, como en el cuadro <a href=\"https:\/\/www.pinterest.es\/pin\/183873597265447450\/\" target=\"_blank\" rel=\"noopener\"><strong>Mao-Marilyn (1973)<\/strong><\/a>, que fusiona el retrato del l\u00edder chino <a href=\"https:\/\/es.wikipedia.org\/wiki\/Mao_Zedong\" target=\"_blank\" rel=\"noopener\">Mao Zedong<\/a> con el de la actriz <a href=\"https:\/\/es.wikipedia.org\/wiki\/Marilyn_Monroe\" target=\"_blank\" rel=\"noopener\">Marilyn Monroe<\/a>. Warhol visit\u00f3 a Dal\u00ed en su museo de Figueras y le regal\u00f3 una lata de <a href=\"https:\/\/es.wikipedia.org\/wiki\/Latas_de_sopa_Campbell\" target=\"_blank\" rel=\"noopener\"><strong>sopa Campbell<\/strong><\/a>, uno de sus iconos pop.<\/li>\n<\/ul>\n<\/div>\n<p>\u00bfHas descubierto datos de la vida de Salvador Dal\u00ed que no conoc\u00edas? Espero que te haya gustado este post, puedes comentar abajo. \u00a1Saludos!<\/p>\n<p><strong>M\u00e1s informaci\u00f3n:\u00a0\u00a0<\/strong><\/p>\n<ol>\n<li><a class=\"attribution-item\" href=\"https:\/\/es.wikipedia.org\/wiki\/Salvador_Dal%C3%AD\" target=\"_blank\" rel=\"noopener\" aria-label=\"Salvador Dal\u00ed - Wikipedia, la enciclopedia libre\" data-citationid=\"5a3f35f9-0515-9fe5-50d6-bf7dcae6ac63\"><span class=\"text-container\">es.wikipedia.org (Salvador Dal\u00ed)<\/span><\/a><\/li>\n<li><a class=\"attribution-item\" href=\"https:\/\/www.wikiart.org\/es\/salvador-dali\" target=\"_blank\" rel=\"noopener\" aria-label=\"Salvador Dal\u00ed - 1178 obras de arte - pintura - WikiArt.org\" data-citationid=\"bb36dc09-63ba-efb7-9bfa-ef049b737800\"><span class=\"text-container\">wikiart.org<\/span><\/a><\/li>\n<li><a class=\"attribution-item\" href=\"https:\/\/www.culturagenial.com\/es\/persistencia-de-la-memoria-dali\/\" target=\"_blank\" rel=\"noopener\" aria-label=\"La persistencia de la memoria, de Salvador Dal\u00ed - Cultura Genial\" data-citationid=\"da7dbe87-bf98-5435-44e3-149583cfca47\"><span class=\"text-container\">culturagenial.com<\/span><\/a><\/li>\n<li><a class=\"attribution-item\" href=\"https:\/\/es.wikipedia.org\/wiki\/La_persistencia_de_la_memoria\" target=\"_blank\" rel=\"noopener\" aria-label=\"La persistencia de la memoria - Wikipedia, la enciclopedia libre\" data-citationid=\"f96d28b6-a201-a4ff-358f-4524e0b12a57\"><span class=\"text-container\">es.wikipedia.org (La persistencia de la Memoria)<\/span><\/a><\/li>\n<li><a class=\"attribution-item\" href=\"https:\/\/mymodernmet.com\/es\/la-persistencia-de-la-memoria-salvador-dali\/\" target=\"_blank\" rel=\"noopener\" aria-label=\"La historia de 'La persistencia de la memoria' de Salvador Dal\u00ed\" data-citationid=\"9d9d4323-c2f8-94d2-1cff-96a8dbcaf156\"><span class=\"text-container\">mymodernmet.com<\/span><\/a><\/li>\n<\/ol>\n<p>&nbsp;<\/p>\n<p>&nbsp;<\/p>\n","protected":false},"excerpt":{"rendered":"<p>Salvador Dal\u00ed fue un pintor, escultor, escritor y dise\u00f1ador espa\u00f1ol, considerado uno de los m\u00e1ximos exponentes del surrealismo. Naci\u00f3 en Figueras, el 11 de mayo de 1904 y muri\u00f3 en la misma ciudad el 23 de enero de 1989. Su vida estuvo marcada por su gran imaginaci\u00f3n, su personalidad extravagante, su amor por su esposa [&hellip;]<\/p>\n","protected":false},"author":3,"featured_media":3492,"comment_status":"open","ping_status":"closed","sticky":false,"template":"","format":"standard","meta":{"site-container-style":"default","site-container-layout":"default","site-sidebar-layout":"default","disable-article-header":"default","disable-site-header":"default","disable-site-footer":"default","disable-content-area-spacing":"default","_jetpack_newsletter_access":"","_jetpack_dont_email_post_to_subs":false,"_jetpack_newsletter_tier_id":0,"_jetpack_memberships_contains_paywalled_content":false,"_jetpack_feature_clip_id":0,"_jetpack_memberships_contains_paid_content":false,"footnotes":"","jetpack_publicize_message":"","jetpack_publicize_feature_enabled":true,"jetpack_social_post_already_shared":false,"jetpack_social_options":{"image_generator_settings":{"template":"highway","default_image_id":0,"font":"","enabled":false},"version":2},"jetpack_post_was_ever_published":false},"categories":[1290],"tags":[1047,1050,1051,1043,1052,1044,1038,103,1058,1046,1036,1064,1042,1035,1034,1037,196,1066,1039,1048,1060,1055,1062,1053,1054,1049,1057,1056,1059,1065,1063,335,1045,369,1040,435,1041,464,1061,514],"class_list":["post-3478","post","type-post","status-publish","format-standard","has-post-thumbnail","hentry","category-historia-del-arte","tag-1047","tag-alfred-hitchcock","tag-andy-warhol","tag-anecdotas-y-datos","tag-arte-pop","tag-biografia-de-dali","tag-cataluna","tag-cine","tag-cristo-de-san-juan-de-la-cruz-1951","tag-dali-y-gala","tag-disenador","tag-el-gran-masturbador-1929","tag-el-inconsciente","tag-escritor","tag-escultor","tag-figueras","tag-fotografia","tag-fundacion-gala-salvador-dali","tag-gala","tag-grupo-surrealista","tag-la-metamorfosis-de-narciso-1937","tag-la-persistencia-de-la-memoria-1931","tag-la-tentacion-de-san-antonio-1946","tag-logotipo","tag-los-relojes-blandos","tag-luis-bunuel","tag-moma","tag-museo-de-arte-moderno-de-nueva-york","tag-museo-kelvingrove-de-glasgow","tag-museo-nacional-centro-de-arte-reina-sofia-de-madrid","tag-museo-real-de-bellas-artes-de-belgica","tag-obras-importantes-de-salvador-dali","tag-paul-eluard","tag-pintor","tag-pintura-surrealista","tag-salvador-dali","tag-subconsciente","tag-surrealismo","tag-tate-gallery-de-londres","tag-walt-disney"],"yoast_head":"<!-- This site is optimized with the Yoast SEO plugin v28.3 - https:\/\/yoast.com\/product\/yoast-seo-wordpress\/ -->\n<title>Salvador Dal\u00ed: relojes, biograf\u00eda y an\u00e9cdotas de su vida. - Blog de Rafael Ram\u00edrez<\/title>\n<meta name=\"description\" content=\"Salvador Dal\u00ed fue un pintor, escultor, escritor y dise\u00f1ador espa\u00f1ol, considerado uno de los m\u00e1ximos exponentes del surrealismo.\" \/>\n<meta name=\"robots\" content=\"index, follow, max-snippet:-1, max-image-preview:large, max-video-preview:-1\" \/>\n<link rel=\"canonical\" href=\"https:\/\/rafaramirez.org\/blog\/index.php\/2024\/02\/26\/salvador-dali-relojes-biografia-y-anecdotas-de-su-vida\/\" \/>\n<meta property=\"og:locale\" content=\"es_ES\" \/>\n<meta property=\"og:type\" content=\"article\" \/>\n<meta property=\"og:title\" content=\"Salvador Dal\u00ed: relojes, biograf\u00eda y an\u00e9cdotas de su vida. - Blog de Rafael Ram\u00edrez\" \/>\n<meta property=\"og:description\" content=\"Salvador Dal\u00ed fue un pintor, escultor, escritor y dise\u00f1ador espa\u00f1ol, considerado uno de los m\u00e1ximos exponentes del surrealismo.\" \/>\n<meta property=\"og:url\" content=\"https:\/\/rafaramirez.org\/blog\/index.php\/2024\/02\/26\/salvador-dali-relojes-biografia-y-anecdotas-de-su-vida\/\" \/>\n<meta property=\"og:site_name\" content=\"Blog de Rafael Ram\u00edrez\" \/>\n<meta property=\"article:published_time\" content=\"2024-02-26T07:15:53+00:00\" \/>\n<meta property=\"article:modified_time\" content=\"2026-07-14T09:49:31+00:00\" \/>\n<meta property=\"og:image\" content=\"https:\/\/rafaramirez.org\/blog\/wp-content\/uploads\/2024\/02\/dali_la_persistencia_de_la_memoria_banner.jpg\" \/>\n\t<meta property=\"og:image:width\" content=\"474\" \/>\n\t<meta property=\"og:image:height\" content=\"198\" \/>\n\t<meta property=\"og:image:type\" content=\"image\/jpeg\" \/>\n<meta name=\"author\" content=\"Documentaci\u00f3n e investigaci\u00f3n\" \/>\n<meta name=\"twitter:card\" content=\"summary_large_image\" \/>\n<meta name=\"twitter:site\" content=\"@rafaramirez_ok\" \/>\n<meta name=\"twitter:label1\" content=\"Escrito por\" \/>\n\t<meta name=\"twitter:data1\" content=\"Documentaci\u00f3n e investigaci\u00f3n\" \/>\n\t<meta name=\"twitter:label2\" content=\"Tiempo de lectura\" \/>\n\t<meta name=\"twitter:data2\" content=\"8 minutos\" \/>\n<script type=\"application\/ld+json\" class=\"yoast-schema-graph\">{\"@context\":\"https:\\\/\\\/schema.org\",\"@graph\":[{\"@type\":\"Article\",\"@id\":\"https:\\\/\\\/rafaramirez.org\\\/blog\\\/index.php\\\/2024\\\/02\\\/26\\\/salvador-dali-relojes-biografia-y-anecdotas-de-su-vida\\\/#article\",\"isPartOf\":{\"@id\":\"https:\\\/\\\/rafaramirez.org\\\/blog\\\/index.php\\\/2024\\\/02\\\/26\\\/salvador-dali-relojes-biografia-y-anecdotas-de-su-vida\\\/\"},\"author\":{\"name\":\"Documentaci\u00f3n e investigaci\u00f3n\",\"@id\":\"https:\\\/\\\/rafaramirez.org\\\/blog\\\/#\\\/schema\\\/person\\\/8debd05b3d9a1d16fb21af726811617d\"},\"headline\":\"Salvador Dal\u00ed: relojes, biograf\u00eda y an\u00e9cdotas de su vida.\",\"datePublished\":\"2024-02-26T07:15:53+00:00\",\"dateModified\":\"2026-07-14T09:49:31+00:00\",\"mainEntityOfPage\":{\"@id\":\"https:\\\/\\\/rafaramirez.org\\\/blog\\\/index.php\\\/2024\\\/02\\\/26\\\/salvador-dali-relojes-biografia-y-anecdotas-de-su-vida\\\/\"},\"wordCount\":1185,\"commentCount\":0,\"publisher\":{\"@id\":\"https:\\\/\\\/rafaramirez.org\\\/blog\\\/#\\\/schema\\\/person\\\/50f43b6d60c578760d4c17bda54ab6a5\"},\"image\":{\"@id\":\"https:\\\/\\\/rafaramirez.org\\\/blog\\\/index.php\\\/2024\\\/02\\\/26\\\/salvador-dali-relojes-biografia-y-anecdotas-de-su-vida\\\/#primaryimage\"},\"thumbnailUrl\":\"https:\\\/\\\/rafaramirez.org\\\/blog\\\/wp-content\\\/uploads\\\/2024\\\/02\\\/dali_la_persistencia_de_la_memoria_banner.jpg\",\"keywords\":[\"1934\",\"Alfred Hitchcock\",\"Andy Warhol\",\"an\u00e9cdotas y datos\",\"arte pop\",\"biograf\u00eda de Dal\u00ed\",\"Catalu\u00f1a\",\"cine\",\"Cristo de San Juan de la Cruz (1951)\",\"Dal\u00ed y Gala\",\"dise\u00f1ador\",\"El gran masturbador (1929)\",\"el inconsciente\",\"escritor\",\"escultor\",\"Figueras\",\"fotograf\u00eda\",\"Fundaci\u00f3n Gala-Salvador Dal\u00ed\",\"Gala\",\"grupo surrealista\",\"La metamorfosis de Narciso (1937)\",\"La persistencia de la memoria (1931)\",\"La tentaci\u00f3n de San Antonio (1946)\",\"logotipo\",\"Los relojes blandos\",\"Luis Bu\u00f1uel\",\"moma\",\"Museo de Arte Moderno de Nueva York\",\"Museo Kelvingrove de Glasgow\",\"Museo Nacional Centro de Arte Reina Sof\u00eda de Madrid\",\"Museo Real de Bellas Artes de B\u00e9lgica\",\"obras importantes de Salvador Dali\",\"Paul \u00c9luard\",\"pintor\",\"pintura surrealista\",\"salvador dal\u00ed\",\"subconsciente\",\"surrealismo\",\"Tate Gallery de Londres\",\"walt disney\"],\"articleSection\":[\"Historia del arte\"],\"inLanguage\":\"es\",\"potentialAction\":[{\"@type\":\"CommentAction\",\"name\":\"Comment\",\"target\":[\"https:\\\/\\\/rafaramirez.org\\\/blog\\\/index.php\\\/2024\\\/02\\\/26\\\/salvador-dali-relojes-biografia-y-anecdotas-de-su-vida\\\/#respond\"]}]},{\"@type\":\"WebPage\",\"@id\":\"https:\\\/\\\/rafaramirez.org\\\/blog\\\/index.php\\\/2024\\\/02\\\/26\\\/salvador-dali-relojes-biografia-y-anecdotas-de-su-vida\\\/\",\"url\":\"https:\\\/\\\/rafaramirez.org\\\/blog\\\/index.php\\\/2024\\\/02\\\/26\\\/salvador-dali-relojes-biografia-y-anecdotas-de-su-vida\\\/\",\"name\":\"Salvador Dal\u00ed: relojes, biograf\u00eda y an\u00e9cdotas de su vida. - Blog de Rafael Ram\u00edrez\",\"isPartOf\":{\"@id\":\"https:\\\/\\\/rafaramirez.org\\\/blog\\\/#website\"},\"primaryImageOfPage\":{\"@id\":\"https:\\\/\\\/rafaramirez.org\\\/blog\\\/index.php\\\/2024\\\/02\\\/26\\\/salvador-dali-relojes-biografia-y-anecdotas-de-su-vida\\\/#primaryimage\"},\"image\":{\"@id\":\"https:\\\/\\\/rafaramirez.org\\\/blog\\\/index.php\\\/2024\\\/02\\\/26\\\/salvador-dali-relojes-biografia-y-anecdotas-de-su-vida\\\/#primaryimage\"},\"thumbnailUrl\":\"https:\\\/\\\/rafaramirez.org\\\/blog\\\/wp-content\\\/uploads\\\/2024\\\/02\\\/dali_la_persistencia_de_la_memoria_banner.jpg\",\"datePublished\":\"2024-02-26T07:15:53+00:00\",\"dateModified\":\"2026-07-14T09:49:31+00:00\",\"description\":\"Salvador Dal\u00ed fue un pintor, escultor, escritor y dise\u00f1ador espa\u00f1ol, considerado uno de los m\u00e1ximos exponentes del surrealismo.\",\"breadcrumb\":{\"@id\":\"https:\\\/\\\/rafaramirez.org\\\/blog\\\/index.php\\\/2024\\\/02\\\/26\\\/salvador-dali-relojes-biografia-y-anecdotas-de-su-vida\\\/#breadcrumb\"},\"inLanguage\":\"es\",\"potentialAction\":[{\"@type\":\"ReadAction\",\"target\":[\"https:\\\/\\\/rafaramirez.org\\\/blog\\\/index.php\\\/2024\\\/02\\\/26\\\/salvador-dali-relojes-biografia-y-anecdotas-de-su-vida\\\/\"]}]},{\"@type\":\"ImageObject\",\"inLanguage\":\"es\",\"@id\":\"https:\\\/\\\/rafaramirez.org\\\/blog\\\/index.php\\\/2024\\\/02\\\/26\\\/salvador-dali-relojes-biografia-y-anecdotas-de-su-vida\\\/#primaryimage\",\"url\":\"https:\\\/\\\/rafaramirez.org\\\/blog\\\/wp-content\\\/uploads\\\/2024\\\/02\\\/dali_la_persistencia_de_la_memoria_banner.jpg\",\"contentUrl\":\"https:\\\/\\\/rafaramirez.org\\\/blog\\\/wp-content\\\/uploads\\\/2024\\\/02\\\/dali_la_persistencia_de_la_memoria_banner.jpg\",\"width\":474,\"height\":198,\"caption\":\"La persistencia de la memoria de Salvador Dal\u00ed.\"},{\"@type\":\"BreadcrumbList\",\"@id\":\"https:\\\/\\\/rafaramirez.org\\\/blog\\\/index.php\\\/2024\\\/02\\\/26\\\/salvador-dali-relojes-biografia-y-anecdotas-de-su-vida\\\/#breadcrumb\",\"itemListElement\":[{\"@type\":\"ListItem\",\"position\":1,\"name\":\"Portada\",\"item\":\"https:\\\/\\\/rafaramirez.org\\\/blog\\\/\"},{\"@type\":\"ListItem\",\"position\":2,\"name\":\"Salvador Dal\u00ed: relojes, biograf\u00eda y an\u00e9cdotas de su vida.\"}]},{\"@type\":\"WebSite\",\"@id\":\"https:\\\/\\\/rafaramirez.org\\\/blog\\\/#website\",\"url\":\"https:\\\/\\\/rafaramirez.org\\\/blog\\\/\",\"name\":\"Blog de Rafael Ram\u00edrez\",\"description\":\"Un sitio social, de arte y cultura\",\"publisher\":{\"@id\":\"https:\\\/\\\/rafaramirez.org\\\/blog\\\/#\\\/schema\\\/person\\\/50f43b6d60c578760d4c17bda54ab6a5\"},\"potentialAction\":[{\"@type\":\"SearchAction\",\"target\":{\"@type\":\"EntryPoint\",\"urlTemplate\":\"https:\\\/\\\/rafaramirez.org\\\/blog\\\/?s={search_term_string}\"},\"query-input\":{\"@type\":\"PropertyValueSpecification\",\"valueRequired\":true,\"valueName\":\"search_term_string\"}}],\"inLanguage\":\"es\"},{\"@type\":[\"Person\",\"Organization\"],\"@id\":\"https:\\\/\\\/rafaramirez.org\\\/blog\\\/#\\\/schema\\\/person\\\/50f43b6d60c578760d4c17bda54ab6a5\",\"name\":\"Rafael Ram\u00edrez\",\"image\":{\"@type\":\"ImageObject\",\"inLanguage\":\"es\",\"@id\":\"https:\\\/\\\/rafaramirez.org\\\/blog\\\/wp-content\\\/uploads\\\/2024\\\/09\\\/RR_socialnetwork.jpg\",\"url\":\"https:\\\/\\\/rafaramirez.org\\\/blog\\\/wp-content\\\/uploads\\\/2024\\\/09\\\/RR_socialnetwork.jpg\",\"contentUrl\":\"https:\\\/\\\/rafaramirez.org\\\/blog\\\/wp-content\\\/uploads\\\/2024\\\/09\\\/RR_socialnetwork.jpg\",\"width\":600,\"height\":606,\"caption\":\"Rafael Ram\u00edrez\"},\"logo\":{\"@id\":\"https:\\\/\\\/rafaramirez.org\\\/blog\\\/wp-content\\\/uploads\\\/2024\\\/09\\\/RR_socialnetwork.jpg\"},\"sameAs\":[\"https:\\\/\\\/www.rafaramirez.org\\\/blog\",\"https:\\\/\\\/www.instagram.com\\\/rafaramirez_ok\\\/\",\"https:\\\/\\\/es.pinterest.com\\\/Ramirez_Rafa\\\/\",\"https:\\\/\\\/x.com\\\/rafaramirez_ok\"]},{\"@type\":\"Person\",\"@id\":\"https:\\\/\\\/rafaramirez.org\\\/blog\\\/#\\\/schema\\\/person\\\/8debd05b3d9a1d16fb21af726811617d\",\"name\":\"Documentaci\u00f3n e investigaci\u00f3n\",\"image\":{\"@type\":\"ImageObject\",\"inLanguage\":\"es\",\"@id\":\"https:\\\/\\\/secure.gravatar.com\\\/avatar\\\/fe70e496579a39c7a8fc4982b89275403b1092eb200623138a32daada9416911?s=96&d=mm&r=g\",\"url\":\"https:\\\/\\\/secure.gravatar.com\\\/avatar\\\/fe70e496579a39c7a8fc4982b89275403b1092eb200623138a32daada9416911?s=96&d=mm&r=g\",\"contentUrl\":\"https:\\\/\\\/secure.gravatar.com\\\/avatar\\\/fe70e496579a39c7a8fc4982b89275403b1092eb200623138a32daada9416911?s=96&d=mm&r=g\",\"caption\":\"Documentaci\u00f3n e investigaci\u00f3n\"},\"url\":\"https:\\\/\\\/rafaramirez.org\\\/blog\\\/index.php\\\/author\\\/admin\\\/\"}]}<\/script>\n<!-- \/ Yoast SEO plugin. -->","yoast_head_json":{"title":"Salvador Dal\u00ed: relojes, biograf\u00eda y an\u00e9cdotas de su vida. - Blog de Rafael Ram\u00edrez","description":"Salvador Dal\u00ed fue un pintor, escultor, escritor y dise\u00f1ador espa\u00f1ol, considerado uno de los m\u00e1ximos exponentes del surrealismo.","robots":{"index":"index","follow":"follow","max-snippet":"max-snippet:-1","max-image-preview":"max-image-preview:large","max-video-preview":"max-video-preview:-1"},"canonical":"https:\/\/rafaramirez.org\/blog\/index.php\/2024\/02\/26\/salvador-dali-relojes-biografia-y-anecdotas-de-su-vida\/","og_locale":"es_ES","og_type":"article","og_title":"Salvador Dal\u00ed: relojes, biograf\u00eda y an\u00e9cdotas de su vida. - Blog de Rafael Ram\u00edrez","og_description":"Salvador Dal\u00ed fue un pintor, escultor, escritor y dise\u00f1ador espa\u00f1ol, considerado uno de los m\u00e1ximos exponentes del surrealismo.","og_url":"https:\/\/rafaramirez.org\/blog\/index.php\/2024\/02\/26\/salvador-dali-relojes-biografia-y-anecdotas-de-su-vida\/","og_site_name":"Blog de Rafael Ram\u00edrez","article_published_time":"2024-02-26T07:15:53+00:00","article_modified_time":"2026-07-14T09:49:31+00:00","og_image":[{"width":474,"height":198,"url":"https:\/\/rafaramirez.org\/blog\/wp-content\/uploads\/2024\/02\/dali_la_persistencia_de_la_memoria_banner.jpg","type":"image\/jpeg"}],"author":"Documentaci\u00f3n e investigaci\u00f3n","twitter_card":"summary_large_image","twitter_site":"@rafaramirez_ok","twitter_misc":{"Escrito por":"Documentaci\u00f3n e investigaci\u00f3n","Tiempo de lectura":"8 minutos"},"schema":{"@context":"https:\/\/schema.org","@graph":[{"@type":"Article","@id":"https:\/\/rafaramirez.org\/blog\/index.php\/2024\/02\/26\/salvador-dali-relojes-biografia-y-anecdotas-de-su-vida\/#article","isPartOf":{"@id":"https:\/\/rafaramirez.org\/blog\/index.php\/2024\/02\/26\/salvador-dali-relojes-biografia-y-anecdotas-de-su-vida\/"},"author":{"name":"Documentaci\u00f3n e investigaci\u00f3n","@id":"https:\/\/rafaramirez.org\/blog\/#\/schema\/person\/8debd05b3d9a1d16fb21af726811617d"},"headline":"Salvador Dal\u00ed: relojes, biograf\u00eda y an\u00e9cdotas de su vida.","datePublished":"2024-02-26T07:15:53+00:00","dateModified":"2026-07-14T09:49:31+00:00","mainEntityOfPage":{"@id":"https:\/\/rafaramirez.org\/blog\/index.php\/2024\/02\/26\/salvador-dali-relojes-biografia-y-anecdotas-de-su-vida\/"},"wordCount":1185,"commentCount":0,"publisher":{"@id":"https:\/\/rafaramirez.org\/blog\/#\/schema\/person\/50f43b6d60c578760d4c17bda54ab6a5"},"image":{"@id":"https:\/\/rafaramirez.org\/blog\/index.php\/2024\/02\/26\/salvador-dali-relojes-biografia-y-anecdotas-de-su-vida\/#primaryimage"},"thumbnailUrl":"https:\/\/rafaramirez.org\/blog\/wp-content\/uploads\/2024\/02\/dali_la_persistencia_de_la_memoria_banner.jpg","keywords":["1934","Alfred Hitchcock","Andy Warhol","an\u00e9cdotas y datos","arte pop","biograf\u00eda de Dal\u00ed","Catalu\u00f1a","cine","Cristo de San Juan de la Cruz (1951)","Dal\u00ed y Gala","dise\u00f1ador","El gran masturbador (1929)","el inconsciente","escritor","escultor","Figueras","fotograf\u00eda","Fundaci\u00f3n Gala-Salvador Dal\u00ed","Gala","grupo surrealista","La metamorfosis de Narciso (1937)","La persistencia de la memoria (1931)","La tentaci\u00f3n de San Antonio (1946)","logotipo","Los relojes blandos","Luis Bu\u00f1uel","moma","Museo de Arte Moderno de Nueva York","Museo Kelvingrove de Glasgow","Museo Nacional Centro de Arte Reina Sof\u00eda de Madrid","Museo Real de Bellas Artes de B\u00e9lgica","obras importantes de Salvador Dali","Paul \u00c9luard","pintor","pintura surrealista","salvador dal\u00ed","subconsciente","surrealismo","Tate Gallery de Londres","walt disney"],"articleSection":["Historia del arte"],"inLanguage":"es","potentialAction":[{"@type":"CommentAction","name":"Comment","target":["https:\/\/rafaramirez.org\/blog\/index.php\/2024\/02\/26\/salvador-dali-relojes-biografia-y-anecdotas-de-su-vida\/#respond"]}]},{"@type":"WebPage","@id":"https:\/\/rafaramirez.org\/blog\/index.php\/2024\/02\/26\/salvador-dali-relojes-biografia-y-anecdotas-de-su-vida\/","url":"https:\/\/rafaramirez.org\/blog\/index.php\/2024\/02\/26\/salvador-dali-relojes-biografia-y-anecdotas-de-su-vida\/","name":"Salvador Dal\u00ed: relojes, biograf\u00eda y an\u00e9cdotas de su vida. - Blog de Rafael Ram\u00edrez","isPartOf":{"@id":"https:\/\/rafaramirez.org\/blog\/#website"},"primaryImageOfPage":{"@id":"https:\/\/rafaramirez.org\/blog\/index.php\/2024\/02\/26\/salvador-dali-relojes-biografia-y-anecdotas-de-su-vida\/#primaryimage"},"image":{"@id":"https:\/\/rafaramirez.org\/blog\/index.php\/2024\/02\/26\/salvador-dali-relojes-biografia-y-anecdotas-de-su-vida\/#primaryimage"},"thumbnailUrl":"https:\/\/rafaramirez.org\/blog\/wp-content\/uploads\/2024\/02\/dali_la_persistencia_de_la_memoria_banner.jpg","datePublished":"2024-02-26T07:15:53+00:00","dateModified":"2026-07-14T09:49:31+00:00","description":"Salvador Dal\u00ed fue un pintor, escultor, escritor y dise\u00f1ador espa\u00f1ol, considerado uno de los m\u00e1ximos exponentes del surrealismo.","breadcrumb":{"@id":"https:\/\/rafaramirez.org\/blog\/index.php\/2024\/02\/26\/salvador-dali-relojes-biografia-y-anecdotas-de-su-vida\/#breadcrumb"},"inLanguage":"es","potentialAction":[{"@type":"ReadAction","target":["https:\/\/rafaramirez.org\/blog\/index.php\/2024\/02\/26\/salvador-dali-relojes-biografia-y-anecdotas-de-su-vida\/"]}]},{"@type":"ImageObject","inLanguage":"es","@id":"https:\/\/rafaramirez.org\/blog\/index.php\/2024\/02\/26\/salvador-dali-relojes-biografia-y-anecdotas-de-su-vida\/#primaryimage","url":"https:\/\/rafaramirez.org\/blog\/wp-content\/uploads\/2024\/02\/dali_la_persistencia_de_la_memoria_banner.jpg","contentUrl":"https:\/\/rafaramirez.org\/blog\/wp-content\/uploads\/2024\/02\/dali_la_persistencia_de_la_memoria_banner.jpg","width":474,"height":198,"caption":"La persistencia de la memoria de Salvador Dal\u00ed."},{"@type":"BreadcrumbList","@id":"https:\/\/rafaramirez.org\/blog\/index.php\/2024\/02\/26\/salvador-dali-relojes-biografia-y-anecdotas-de-su-vida\/#breadcrumb","itemListElement":[{"@type":"ListItem","position":1,"name":"Portada","item":"https:\/\/rafaramirez.org\/blog\/"},{"@type":"ListItem","position":2,"name":"Salvador Dal\u00ed: relojes, biograf\u00eda y an\u00e9cdotas de su vida."}]},{"@type":"WebSite","@id":"https:\/\/rafaramirez.org\/blog\/#website","url":"https:\/\/rafaramirez.org\/blog\/","name":"Blog de Rafael Ram\u00edrez","description":"Un sitio social, de arte y cultura","publisher":{"@id":"https:\/\/rafaramirez.org\/blog\/#\/schema\/person\/50f43b6d60c578760d4c17bda54ab6a5"},"potentialAction":[{"@type":"SearchAction","target":{"@type":"EntryPoint","urlTemplate":"https:\/\/rafaramirez.org\/blog\/?s={search_term_string}"},"query-input":{"@type":"PropertyValueSpecification","valueRequired":true,"valueName":"search_term_string"}}],"inLanguage":"es"},{"@type":["Person","Organization"],"@id":"https:\/\/rafaramirez.org\/blog\/#\/schema\/person\/50f43b6d60c578760d4c17bda54ab6a5","name":"Rafael Ram\u00edrez","image":{"@type":"ImageObject","inLanguage":"es","@id":"https:\/\/rafaramirez.org\/blog\/wp-content\/uploads\/2024\/09\/RR_socialnetwork.jpg","url":"https:\/\/rafaramirez.org\/blog\/wp-content\/uploads\/2024\/09\/RR_socialnetwork.jpg","contentUrl":"https:\/\/rafaramirez.org\/blog\/wp-content\/uploads\/2024\/09\/RR_socialnetwork.jpg","width":600,"height":606,"caption":"Rafael Ram\u00edrez"},"logo":{"@id":"https:\/\/rafaramirez.org\/blog\/wp-content\/uploads\/2024\/09\/RR_socialnetwork.jpg"},"sameAs":["https:\/\/www.rafaramirez.org\/blog","https:\/\/www.instagram.com\/rafaramirez_ok\/","https:\/\/es.pinterest.com\/Ramirez_Rafa\/","https:\/\/x.com\/rafaramirez_ok"]},{"@type":"Person","@id":"https:\/\/rafaramirez.org\/blog\/#\/schema\/person\/8debd05b3d9a1d16fb21af726811617d","name":"Documentaci\u00f3n e investigaci\u00f3n","image":{"@type":"ImageObject","inLanguage":"es","@id":"https:\/\/secure.gravatar.com\/avatar\/fe70e496579a39c7a8fc4982b89275403b1092eb200623138a32daada9416911?s=96&d=mm&r=g","url":"https:\/\/secure.gravatar.com\/avatar\/fe70e496579a39c7a8fc4982b89275403b1092eb200623138a32daada9416911?s=96&d=mm&r=g","contentUrl":"https:\/\/secure.gravatar.com\/avatar\/fe70e496579a39c7a8fc4982b89275403b1092eb200623138a32daada9416911?s=96&d=mm&r=g","caption":"Documentaci\u00f3n e investigaci\u00f3n"},"url":"https:\/\/rafaramirez.org\/blog\/index.php\/author\/admin\/"}]}},"jetpack_publicize_connections":[],"jetpack_sharing_enabled":true,"jetpack_likes_enabled":true,"jetpack_featured_media_url":"https:\/\/rafaramirez.org\/blog\/wp-content\/uploads\/2024\/02\/dali_la_persistencia_de_la_memoria_banner.jpg","_links":{"self":[{"href":"https:\/\/rafaramirez.org\/blog\/index.php\/wp-json\/wp\/v2\/posts\/3478","targetHints":{"allow":["GET"]}}],"collection":[{"href":"https:\/\/rafaramirez.org\/blog\/index.php\/wp-json\/wp\/v2\/posts"}],"about":[{"href":"https:\/\/rafaramirez.org\/blog\/index.php\/wp-json\/wp\/v2\/types\/post"}],"author":[{"embeddable":true,"href":"https:\/\/rafaramirez.org\/blog\/index.php\/wp-json\/wp\/v2\/users\/3"}],"replies":[{"embeddable":true,"href":"https:\/\/rafaramirez.org\/blog\/index.php\/wp-json\/wp\/v2\/comments?post=3478"}],"version-history":[{"count":18,"href":"https:\/\/rafaramirez.org\/blog\/index.php\/wp-json\/wp\/v2\/posts\/3478\/revisions"}],"predecessor-version":[{"id":10514,"href":"https:\/\/rafaramirez.org\/blog\/index.php\/wp-json\/wp\/v2\/posts\/3478\/revisions\/10514"}],"wp:featuredmedia":[{"embeddable":true,"href":"https:\/\/rafaramirez.org\/blog\/index.php\/wp-json\/wp\/v2\/media\/3492"}],"wp:attachment":[{"href":"https:\/\/rafaramirez.org\/blog\/index.php\/wp-json\/wp\/v2\/media?parent=3478"}],"wp:term":[{"taxonomy":"category","embeddable":true,"href":"https:\/\/rafaramirez.org\/blog\/index.php\/wp-json\/wp\/v2\/categories?post=3478"},{"taxonomy":"post_tag","embeddable":true,"href":"https:\/\/rafaramirez.org\/blog\/index.php\/wp-json\/wp\/v2\/tags?post=3478"}],"curies":[{"name":"wp","href":"https:\/\/api.w.org\/{rel}","templated":true}]}}