{"id":3443,"date":"2024-02-22T08:15:08","date_gmt":"2024-02-22T07:15:08","guid":{"rendered":"https:\/\/rafaramirez.org\/blog\/?p=3443"},"modified":"2024-02-22T17:26:38","modified_gmt":"2024-02-22T16:26:38","slug":"el-consumismo-problema-social-en-una-sociedad-cada-vez-mas-materialista-y-superficial","status":"publish","type":"post","link":"https:\/\/rafaramirez.org\/blog\/index.php\/2024\/02\/22\/el-consumismo-problema-social-en-una-sociedad-cada-vez-mas-materialista-y-superficial\/","title":{"rendered":"El consumismo, un alarmante problema social."},"content":{"rendered":"<p data-sourcepos=\"3:1-3:204\">El sistema econ\u00f3mico imperante en nuestro planeta ha llevado a una\u00a0<strong>evoluci\u00f3n evidente del nivel de vida general<\/strong>. Aunque ha habido mejoras significativas en la calidad de vida para muchas personas, tambi\u00e9n existen desaf\u00edos. Uno de los problemas m\u00e1s alarmantes es el\u00a0<strong>consumismo<\/strong>.<\/p>\n<p data-sourcepos=\"3:1-3:204\"><strong>El consumismo<\/strong>, entendido como la tendencia a adquirir bienes y servicios de forma desmedida, se ha convertido en un problema social con graves consecuencias en nuestra sociedad, cada vez m\u00e1s materialista y superficial.<\/p>\n<p data-sourcepos=\"3:1-3:204\">El\u00a0<strong>capitalismo<\/strong>, como sistema econ\u00f3mico, se basa en la demanda de productos, bienes y servicios. Cuanto mayor sea esta demanda, m\u00e1s producci\u00f3n habr\u00e1, m\u00e1s trabajo se necesitar\u00e1 y m\u00e1s riqueza se crear\u00e1. Sin embargo, el capitalismo no se limita a ofrecer a las personas lo que necesitan; tambi\u00e9n se esfuerza por\u00a0<strong>crear necesidades<\/strong>. As\u00ed, nos encontramos en un punto de\u00a0<strong>consumismo absurdo<\/strong>, donde la gente gasta dinero en bienes y servicios innecesarios mientras lucha por llegar a fin de mes para pagar facturas o hipotecas.<\/p>\n<p style=\"text-align: center;\" data-sourcepos=\"3:1-3:204\"><img loading=\"lazy\" decoding=\"async\" class=\"alignnone wp-image-3447 size-medium\" src=\"https:\/\/rafaramirez.org\/blog\/wp-content\/uploads\/2024\/02\/cons1-300x200.jpg\" alt=\"El consumismo, problema social.\" width=\"300\" height=\"200\" srcset=\"https:\/\/rafaramirez.org\/blog\/wp-content\/uploads\/2024\/02\/cons1-300x200.jpg 300w, https:\/\/rafaramirez.org\/blog\/wp-content\/uploads\/2024\/02\/cons1-768x512.jpg 768w, https:\/\/rafaramirez.org\/blog\/wp-content\/uploads\/2024\/02\/cons1.jpg 1000w\" sizes=\"auto, (max-width: 300px) 100vw, 300px\" \/><\/p>\n<p data-sourcepos=\"5:1-5:68\"><strong>Los principales problemas sociales que genera el consumismo son:<\/strong><\/p>\n<ul data-sourcepos=\"9:1-11:0\">\n<li data-sourcepos=\"10:1-11:0\">La sociedad actual mide el estilo de vida en funci\u00f3n de posesiones y poder adquisitivo. Las redes sociales perpet\u00faan esta comparaci\u00f3n constante. Vemos figuras influyentes viajando, cenando en restaurantes caros y estrenando ropa de marca. Todos queremos estar a la altura, incluso si eso significa gastar m\u00e1s de lo necesario.<\/li>\n<li data-sourcepos=\"10:1-11:0\">El consumismo genera discriminaci\u00f3n y sesgos sociales. Contribuye a la polarizaci\u00f3n econ\u00f3mica y, por ende, a la pobreza.<\/li>\n<\/ul>\n<p style=\"text-align: center;\"><img loading=\"lazy\" decoding=\"async\" class=\"alignnone wp-image-3446 size-medium\" src=\"https:\/\/rafaramirez.org\/blog\/wp-content\/uploads\/2024\/02\/cons4-300x200.jpg\" alt=\"El consumismo, problema social.\" width=\"300\" height=\"200\" srcset=\"https:\/\/rafaramirez.org\/blog\/wp-content\/uploads\/2024\/02\/cons4-300x200.jpg 300w, https:\/\/rafaramirez.org\/blog\/wp-content\/uploads\/2024\/02\/cons4-768x512.jpg 768w, https:\/\/rafaramirez.org\/blog\/wp-content\/uploads\/2024\/02\/cons4.jpg 1000w\" sizes=\"auto, (max-width: 300px) 100vw, 300px\" \/><\/p>\n<ul data-sourcepos=\"14:1-16:0\">\n<li data-sourcepos=\"14:1-14:179\">El consumo excesivo de bienes y servicios genera una gran cantidad de residuos y emisiones de carbono, lo que contribuye a la degradaci\u00f3n del medio ambiente.<\/li>\n<li data-sourcepos=\"15:1-16:0\">La cultura del usar y tirar fomenta la explotaci\u00f3n desmedida de los recursos naturales, poniendo en riesgo la sostenibilidad del planeta.<\/li>\n<\/ul>\n<p style=\"text-align: center;\"><img loading=\"lazy\" decoding=\"async\" class=\"alignnone wp-image-3448 size-medium\" src=\"https:\/\/rafaramirez.org\/blog\/wp-content\/uploads\/2024\/02\/cons5-300x200.jpg\" alt=\"El consumismo, problema social.\" width=\"300\" height=\"200\" srcset=\"https:\/\/rafaramirez.org\/blog\/wp-content\/uploads\/2024\/02\/cons5-300x200.jpg 300w, https:\/\/rafaramirez.org\/blog\/wp-content\/uploads\/2024\/02\/cons5-768x512.jpg 768w, https:\/\/rafaramirez.org\/blog\/wp-content\/uploads\/2024\/02\/cons5.jpg 1000w\" sizes=\"auto, (max-width: 300px) 100vw, 300px\" \/><\/p>\n<ul data-sourcepos=\"19:1-21:0\">\n<li data-sourcepos=\"19:1-19:158\">El consumismo puede generar ansiedad, depresi\u00f3n y baja autoestima, ya que las personas se sienten constantemente insatisfechas y compar\u00e1ndose con los dem\u00e1s.<\/li>\n<li data-sourcepos=\"20:1-21:0\">La cultura del consumo crea una falsa sensaci\u00f3n de felicidad que se basa en la posesi\u00f3n de bienes materiales, lo que puede conducir a la frustraci\u00f3n y la infelicidad.<\/li>\n<\/ul>\n<p style=\"text-align: center;\"><img loading=\"lazy\" decoding=\"async\" class=\"alignnone wp-image-3449 size-medium\" src=\"https:\/\/rafaramirez.org\/blog\/wp-content\/uploads\/2024\/02\/cons6-300x200.jpg\" alt=\"El consumismo, problema social.\" width=\"300\" height=\"200\" srcset=\"https:\/\/rafaramirez.org\/blog\/wp-content\/uploads\/2024\/02\/cons6-300x200.jpg 300w, https:\/\/rafaramirez.org\/blog\/wp-content\/uploads\/2024\/02\/cons6-768x513.jpg 768w, https:\/\/rafaramirez.org\/blog\/wp-content\/uploads\/2024\/02\/cons6.jpg 1000w\" sizes=\"auto, (max-width: 300px) 100vw, 300px\" \/><\/p>\n<ul data-sourcepos=\"24:1-26:0\">\n<li data-sourcepos=\"24:1-24:153\">La sociedad materialista y superficial prioriza el consumo por encima de otros valores como la solidaridad, la cooperaci\u00f3n o la responsabilidad social.<\/li>\n<li data-sourcepos=\"25:1-26:0\">El consumismo puede generar una sociedad individualista y egoc\u00e9ntrica, donde las personas se preocupan m\u00e1s por s\u00ed mismas que por el bien com\u00fan.<\/li>\n<\/ul>\n<p style=\"text-align: center;\"><img loading=\"lazy\" decoding=\"async\" class=\"alignnone wp-image-3450 size-medium\" src=\"https:\/\/rafaramirez.org\/blog\/wp-content\/uploads\/2024\/02\/cons2-228x300.jpg\" alt=\"El consumismo, problema social.\" width=\"228\" height=\"300\" srcset=\"https:\/\/rafaramirez.org\/blog\/wp-content\/uploads\/2024\/02\/cons2-228x300.jpg 228w, https:\/\/rafaramirez.org\/blog\/wp-content\/uploads\/2024\/02\/cons2.jpg 607w\" sizes=\"auto, (max-width: 228px) 100vw, 228px\" \/><\/p>\n<ul data-sourcepos=\"29:1-31:0\">\n<li data-sourcepos=\"30:1-31:0\">El consumismo desmedido alimenta la econom\u00eda globalizada, donde las empresas buscan mano de obra barata en pa\u00edses en desarrollo por lo que la industria del consumo a menudo se basa en la explotaci\u00f3n laboral, con trabajadores que reciben salarios bajos y trabajan en condiciones precarias.<\/li>\n<\/ul>\n<p data-sourcepos=\"32:1-32:146\">El consumismo no solo afecta nuestras vidas individuales, sino tambi\u00e9n la sociedad en su conjunto. Es crucial considerar c\u00f3mo nuestras elecciones de consumo impactan en el mundo que compartimos. \u00bfPodemos encontrar un equilibrio entre satisfacer nuestras necesidades y evitar el exceso? La respuesta est\u00e1 en la conciencia y la acci\u00f3n colectiva.<\/p>\n<p data-sourcepos=\"32:1-32:146\">Es necesario fomentar un consumo responsable y sostenible que priorice las necesidades reales de las personas y el cuidado del medio ambiente.<\/p>\n<p data-sourcepos=\"41:1-41:268\">La lucha contra el consumismo es un desaf\u00edo que requiere un cambio de actitud por parte de todos los actores de la sociedad. Solo mediante un consumo responsable y sostenible podremos construir una sociedad m\u00e1s justa, equitativa y respetuosa con el medio ambiente.<\/p>\n<p data-sourcepos=\"41:1-41:268\">Espero que este post te haya servido para entender un poco m\u00e1s este problema que afecta cada vez con m\u00e1s incidencia a nuestro mundo. Puedes dejar tus comentarios abajo. \u00a1Hasta pronto!<\/p>\n<p data-sourcepos=\"41:1-41:268\"><strong>M\u00e1s informaci\u00f3n:<\/strong><\/p>\n<ol>\n<li data-sourcepos=\"41:1-41:268\"><a href=\"https:\/\/www.ecologiaverde.com\/consumismo-que-es-tipos-ejemplos-y-consecuencias-3239.html\" target=\"_blank\" rel=\"noopener\">ecologiaverde.com<\/a><\/li>\n<li data-sourcepos=\"41:1-41:268\"><a href=\"https:\/\/www.bing.com\/search?q=El+consumismo+como+problema+social\" target=\"_blank\" rel=\"noopener\">bing.com<\/a><\/li>\n<li data-sourcepos=\"41:1-41:268\"><a href=\"https:\/\/www.google.com\/search?q=El+consumismo+como+problema+social\" target=\"_blank\" rel=\"noopener\">google.com<\/a><\/li>\n<li data-sourcepos=\"41:1-41:268\"><a href=\"https:\/\/revistaconsultoria.com.mx\/impacto-social-y-medio-ambiental-del-consumismo\/\" target=\"_blank\" rel=\"noopener\">revistaconsultoria.com.mx<\/a><\/li>\n<\/ol>\n<p>&nbsp;<\/p>\n","protected":false},"excerpt":{"rendered":"<p>El sistema econ\u00f3mico imperante en nuestro planeta ha llevado a una\u00a0evoluci\u00f3n evidente del nivel de vida general. Aunque ha habido mejoras significativas en la calidad de vida para muchas personas, tambi\u00e9n existen desaf\u00edos. Uno de los problemas m\u00e1s alarmantes es el\u00a0consumismo. El consumismo, entendido como la tendencia a adquirir bienes y servicios de forma desmedida, [&hellip;]<\/p>\n","protected":false},"author":1,"featured_media":3451,"comment_status":"open","ping_status":"closed","sticky":false,"template":"","format":"standard","meta":{"site-container-style":"default","site-container-layout":"default","site-sidebar-layout":"default","disable-article-header":"default","disable-site-header":"default","disable-site-footer":"default","disable-content-area-spacing":"default","_jetpack_newsletter_access":"","_jetpack_dont_email_post_to_subs":false,"_jetpack_newsletter_tier_id":0,"_jetpack_memberships_contains_paywalled_content":false,"_jetpack_feature_clip_id":0,"_jetpack_memberships_contains_paid_content":false,"footnotes":"","jetpack_publicize_message":"","jetpack_publicize_feature_enabled":true,"jetpack_social_post_already_shared":false,"jetpack_social_options":{"image_generator_settings":{"template":"highway","default_image_id":0,"font":"","enabled":false},"version":2},"jetpack_post_was_ever_published":false},"categories":[15],"tags":[1016,1018,1000,1009,997,1008,1006,1017,1005,999,1025,1011,1001,1003,1020,1022,1021,1007,1002,998,1013,1004,1010,1023,1015,1019,1024,1014,1012],"class_list":["post-3443","post","type-post","status-publish","format-standard","has-post-thumbnail","hentry","category-noticias-sociales","tag-ansiedad","tag-baja-autoestima","tag-bienes-materiales","tag-bienes-y-servicios","tag-consumismo","tag-consumo-excesivo","tag-degradacion-del-medio-ambiente","tag-depresion","tag-desfavorecidos","tag-desigualdad-social","tag-egocentrica","tag-emisiones-de-carbono","tag-estatus","tag-frustracion","tag-infelicidad","tag-la-cooperacion","tag-la-solidaridad","tag-medio-ambiente","tag-poder","tag-problema-social","tag-recursos-naturales","tag-resentimiento","tag-residuos","tag-responsabilidad-social","tag-salud-mental","tag-sensacion-de-felicidad","tag-sociedad-individualista","tag-sostenibilidad-del-planeta","tag-usar-y-tirar"],"yoast_head":"<!-- This site is optimized with the Yoast SEO plugin v28.4 - https:\/\/yoast.com\/product\/yoast-seo-wordpress\/ -->\n<title>El consumismo, un alarmante problema social. - Blog de Rafael Ram\u00edrez<\/title>\n<meta name=\"robots\" content=\"index, follow, max-snippet:-1, max-image-preview:large, max-video-preview:-1\" \/>\n<link rel=\"canonical\" href=\"https:\/\/rafaramirez.org\/blog\/index.php\/2024\/02\/22\/el-consumismo-problema-social-en-una-sociedad-cada-vez-mas-materialista-y-superficial\/\" \/>\n<meta property=\"og:locale\" content=\"es_ES\" \/>\n<meta property=\"og:type\" content=\"article\" \/>\n<meta property=\"og:title\" content=\"El consumismo, un alarmante problema social. - Blog de Rafael Ram\u00edrez\" \/>\n<meta property=\"og:description\" content=\"El sistema econ\u00f3mico imperante en nuestro planeta ha llevado a una\u00a0evoluci\u00f3n evidente del nivel de vida general. Aunque ha habido mejoras significativas en la calidad de vida para muchas personas, tambi\u00e9n existen desaf\u00edos. Uno de los problemas m\u00e1s alarmantes es el\u00a0consumismo. El consumismo, entendido como la tendencia a adquirir bienes y servicios de forma desmedida, [&hellip;]\" \/>\n<meta property=\"og:url\" content=\"https:\/\/rafaramirez.org\/blog\/index.php\/2024\/02\/22\/el-consumismo-problema-social-en-una-sociedad-cada-vez-mas-materialista-y-superficial\/\" \/>\n<meta property=\"og:site_name\" content=\"Blog de Rafael Ram\u00edrez\" \/>\n<meta property=\"article:published_time\" content=\"2024-02-22T07:15:08+00:00\" \/>\n<meta property=\"article:modified_time\" content=\"2024-02-22T16:26:38+00:00\" \/>\n<meta property=\"og:image\" content=\"https:\/\/rafaramirez.org\/blog\/wp-content\/uploads\/2024\/02\/consumismo_dollar_banner.jpg\" \/>\n\t<meta property=\"og:image:width\" content=\"800\" \/>\n\t<meta property=\"og:image:height\" content=\"402\" \/>\n\t<meta property=\"og:image:type\" content=\"image\/jpeg\" \/>\n<meta name=\"author\" content=\"Rafael Ram\u00edrez\" \/>\n<meta name=\"twitter:card\" content=\"summary_large_image\" \/>\n<meta name=\"twitter:creator\" content=\"@rafaramirez_ok\" \/>\n<meta name=\"twitter:site\" content=\"@rafaramirez_ok\" \/>\n<meta name=\"twitter:label1\" content=\"Escrito por\" \/>\n\t<meta name=\"twitter:data1\" content=\"Rafael Ram\u00edrez\" \/>\n\t<meta name=\"twitter:label2\" content=\"Tiempo de lectura\" \/>\n\t<meta name=\"twitter:data2\" content=\"3 minutos\" \/>\n<script type=\"application\/ld+json\" class=\"yoast-schema-graph\">{\"@context\":\"https:\\\/\\\/schema.org\",\"@graph\":[{\"@type\":\"Article\",\"@id\":\"https:\\\/\\\/rafaramirez.org\\\/blog\\\/index.php\\\/2024\\\/02\\\/22\\\/el-consumismo-problema-social-en-una-sociedad-cada-vez-mas-materialista-y-superficial\\\/#article\",\"isPartOf\":{\"@id\":\"https:\\\/\\\/rafaramirez.org\\\/blog\\\/index.php\\\/2024\\\/02\\\/22\\\/el-consumismo-problema-social-en-una-sociedad-cada-vez-mas-materialista-y-superficial\\\/\"},\"author\":{\"name\":\"Rafael Ram\u00edrez\",\"@id\":\"https:\\\/\\\/rafaramirez.org\\\/blog\\\/#\\\/schema\\\/person\\\/50f43b6d60c578760d4c17bda54ab6a5\"},\"headline\":\"El consumismo, un alarmante problema social.\",\"datePublished\":\"2024-02-22T07:15:08+00:00\",\"dateModified\":\"2024-02-22T16:26:38+00:00\",\"mainEntityOfPage\":{\"@id\":\"https:\\\/\\\/rafaramirez.org\\\/blog\\\/index.php\\\/2024\\\/02\\\/22\\\/el-consumismo-problema-social-en-una-sociedad-cada-vez-mas-materialista-y-superficial\\\/\"},\"wordCount\":634,\"commentCount\":0,\"publisher\":{\"@id\":\"https:\\\/\\\/rafaramirez.org\\\/blog\\\/#\\\/schema\\\/person\\\/50f43b6d60c578760d4c17bda54ab6a5\"},\"image\":{\"@id\":\"https:\\\/\\\/rafaramirez.org\\\/blog\\\/index.php\\\/2024\\\/02\\\/22\\\/el-consumismo-problema-social-en-una-sociedad-cada-vez-mas-materialista-y-superficial\\\/#primaryimage\"},\"thumbnailUrl\":\"https:\\\/\\\/rafaramirez.org\\\/blog\\\/wp-content\\\/uploads\\\/2024\\\/02\\\/consumismo_dollar_banner.jpg\",\"keywords\":[\"ansiedad\",\"baja autoestima\",\"bienes materiales\",\"bienes y servicios\",\"consumismo\",\"consumo excesivo\",\"Degradaci\u00f3n del medio ambiente\",\"depresi\u00f3n\",\"desfavorecidos\",\"Desigualdad social\",\"egoc\u00e9ntrica\",\"emisiones de carbono\",\"estatus\",\"frustraci\u00f3n\",\"infelicidad\",\"la cooperaci\u00f3n\",\"la solidaridad\",\"medio ambiente\",\"poder\",\"problema social\",\"recursos naturales\",\"resentimiento\",\"residuos\",\"responsabilidad social\",\"salud mental\",\"sensaci\u00f3n de felicidad\",\"sociedad individualista\",\"sostenibilidad del planeta\",\"usar y tirar\"],\"articleSection\":[\"Informe social\"],\"inLanguage\":\"es\",\"potentialAction\":[{\"@type\":\"CommentAction\",\"name\":\"Comment\",\"target\":[\"https:\\\/\\\/rafaramirez.org\\\/blog\\\/index.php\\\/2024\\\/02\\\/22\\\/el-consumismo-problema-social-en-una-sociedad-cada-vez-mas-materialista-y-superficial\\\/#respond\"]}]},{\"@type\":\"WebPage\",\"@id\":\"https:\\\/\\\/rafaramirez.org\\\/blog\\\/index.php\\\/2024\\\/02\\\/22\\\/el-consumismo-problema-social-en-una-sociedad-cada-vez-mas-materialista-y-superficial\\\/\",\"url\":\"https:\\\/\\\/rafaramirez.org\\\/blog\\\/index.php\\\/2024\\\/02\\\/22\\\/el-consumismo-problema-social-en-una-sociedad-cada-vez-mas-materialista-y-superficial\\\/\",\"name\":\"El consumismo, un alarmante problema social. - Blog de Rafael Ram\u00edrez\",\"isPartOf\":{\"@id\":\"https:\\\/\\\/rafaramirez.org\\\/blog\\\/#website\"},\"primaryImageOfPage\":{\"@id\":\"https:\\\/\\\/rafaramirez.org\\\/blog\\\/index.php\\\/2024\\\/02\\\/22\\\/el-consumismo-problema-social-en-una-sociedad-cada-vez-mas-materialista-y-superficial\\\/#primaryimage\"},\"image\":{\"@id\":\"https:\\\/\\\/rafaramirez.org\\\/blog\\\/index.php\\\/2024\\\/02\\\/22\\\/el-consumismo-problema-social-en-una-sociedad-cada-vez-mas-materialista-y-superficial\\\/#primaryimage\"},\"thumbnailUrl\":\"https:\\\/\\\/rafaramirez.org\\\/blog\\\/wp-content\\\/uploads\\\/2024\\\/02\\\/consumismo_dollar_banner.jpg\",\"datePublished\":\"2024-02-22T07:15:08+00:00\",\"dateModified\":\"2024-02-22T16:26:38+00:00\",\"breadcrumb\":{\"@id\":\"https:\\\/\\\/rafaramirez.org\\\/blog\\\/index.php\\\/2024\\\/02\\\/22\\\/el-consumismo-problema-social-en-una-sociedad-cada-vez-mas-materialista-y-superficial\\\/#breadcrumb\"},\"inLanguage\":\"es\",\"potentialAction\":[{\"@type\":\"ReadAction\",\"target\":[\"https:\\\/\\\/rafaramirez.org\\\/blog\\\/index.php\\\/2024\\\/02\\\/22\\\/el-consumismo-problema-social-en-una-sociedad-cada-vez-mas-materialista-y-superficial\\\/\"]}]},{\"@type\":\"ImageObject\",\"inLanguage\":\"es\",\"@id\":\"https:\\\/\\\/rafaramirez.org\\\/blog\\\/index.php\\\/2024\\\/02\\\/22\\\/el-consumismo-problema-social-en-una-sociedad-cada-vez-mas-materialista-y-superficial\\\/#primaryimage\",\"url\":\"https:\\\/\\\/rafaramirez.org\\\/blog\\\/wp-content\\\/uploads\\\/2024\\\/02\\\/consumismo_dollar_banner.jpg\",\"contentUrl\":\"https:\\\/\\\/rafaramirez.org\\\/blog\\\/wp-content\\\/uploads\\\/2024\\\/02\\\/consumismo_dollar_banner.jpg\",\"width\":800,\"height\":402,\"caption\":\"El consumismo, problema social.\"},{\"@type\":\"BreadcrumbList\",\"@id\":\"https:\\\/\\\/rafaramirez.org\\\/blog\\\/index.php\\\/2024\\\/02\\\/22\\\/el-consumismo-problema-social-en-una-sociedad-cada-vez-mas-materialista-y-superficial\\\/#breadcrumb\",\"itemListElement\":[{\"@type\":\"ListItem\",\"position\":1,\"name\":\"Portada\",\"item\":\"https:\\\/\\\/rafaramirez.org\\\/blog\\\/\"},{\"@type\":\"ListItem\",\"position\":2,\"name\":\"El consumismo, un alarmante problema social.\"}]},{\"@type\":\"WebSite\",\"@id\":\"https:\\\/\\\/rafaramirez.org\\\/blog\\\/#website\",\"url\":\"https:\\\/\\\/rafaramirez.org\\\/blog\\\/\",\"name\":\"Blog de Rafael Ram\u00edrez\",\"description\":\"Un sitio social, de arte y cultura\",\"publisher\":{\"@id\":\"https:\\\/\\\/rafaramirez.org\\\/blog\\\/#\\\/schema\\\/person\\\/50f43b6d60c578760d4c17bda54ab6a5\"},\"potentialAction\":[{\"@type\":\"SearchAction\",\"target\":{\"@type\":\"EntryPoint\",\"urlTemplate\":\"https:\\\/\\\/rafaramirez.org\\\/blog\\\/?s={search_term_string}\"},\"query-input\":{\"@type\":\"PropertyValueSpecification\",\"valueRequired\":true,\"valueName\":\"search_term_string\"}}],\"inLanguage\":\"es\"},{\"@type\":[\"Person\",\"Organization\"],\"@id\":\"https:\\\/\\\/rafaramirez.org\\\/blog\\\/#\\\/schema\\\/person\\\/50f43b6d60c578760d4c17bda54ab6a5\",\"name\":\"Rafael Ram\u00edrez\",\"image\":{\"@type\":\"ImageObject\",\"inLanguage\":\"es\",\"@id\":\"https:\\\/\\\/rafaramirez.org\\\/blog\\\/wp-content\\\/uploads\\\/2024\\\/09\\\/RR_socialnetwork.jpg\",\"url\":\"https:\\\/\\\/rafaramirez.org\\\/blog\\\/wp-content\\\/uploads\\\/2024\\\/09\\\/RR_socialnetwork.jpg\",\"contentUrl\":\"https:\\\/\\\/rafaramirez.org\\\/blog\\\/wp-content\\\/uploads\\\/2024\\\/09\\\/RR_socialnetwork.jpg\",\"width\":600,\"height\":606,\"caption\":\"Rafael Ram\u00edrez\"},\"logo\":{\"@id\":\"https:\\\/\\\/rafaramirez.org\\\/blog\\\/wp-content\\\/uploads\\\/2024\\\/09\\\/RR_socialnetwork.jpg\"},\"sameAs\":[\"https:\\\/\\\/www.rafaramirez.org\\\/blog\",\"https:\\\/\\\/www.instagram.com\\\/rafaramirez_ok\\\/\",\"https:\\\/\\\/es.pinterest.com\\\/Ramirez_Rafa\\\/\",\"https:\\\/\\\/x.com\\\/rafaramirez_ok\"],\"url\":\"https:\\\/\\\/rafaramirez.org\\\/blog\\\/index.php\\\/author\\\/rafaell_qm6j97da\\\/\"}]}<\/script>\n<!-- \/ Yoast SEO plugin. -->","yoast_head_json":{"title":"El consumismo, un alarmante problema social. - Blog de Rafael Ram\u00edrez","robots":{"index":"index","follow":"follow","max-snippet":"max-snippet:-1","max-image-preview":"max-image-preview:large","max-video-preview":"max-video-preview:-1"},"canonical":"https:\/\/rafaramirez.org\/blog\/index.php\/2024\/02\/22\/el-consumismo-problema-social-en-una-sociedad-cada-vez-mas-materialista-y-superficial\/","og_locale":"es_ES","og_type":"article","og_title":"El consumismo, un alarmante problema social. - Blog de Rafael Ram\u00edrez","og_description":"El sistema econ\u00f3mico imperante en nuestro planeta ha llevado a una\u00a0evoluci\u00f3n evidente del nivel de vida general. Aunque ha habido mejoras significativas en la calidad de vida para muchas personas, tambi\u00e9n existen desaf\u00edos. Uno de los problemas m\u00e1s alarmantes es el\u00a0consumismo. El consumismo, entendido como la tendencia a adquirir bienes y servicios de forma desmedida, [&hellip;]","og_url":"https:\/\/rafaramirez.org\/blog\/index.php\/2024\/02\/22\/el-consumismo-problema-social-en-una-sociedad-cada-vez-mas-materialista-y-superficial\/","og_site_name":"Blog de Rafael Ram\u00edrez","article_published_time":"2024-02-22T07:15:08+00:00","article_modified_time":"2024-02-22T16:26:38+00:00","og_image":[{"width":800,"height":402,"url":"https:\/\/rafaramirez.org\/blog\/wp-content\/uploads\/2024\/02\/consumismo_dollar_banner.jpg","type":"image\/jpeg"}],"author":"Rafael Ram\u00edrez","twitter_card":"summary_large_image","twitter_creator":"@rafaramirez_ok","twitter_site":"@rafaramirez_ok","twitter_misc":{"Escrito por":"Rafael Ram\u00edrez","Tiempo de lectura":"3 minutos"},"schema":{"@context":"https:\/\/schema.org","@graph":[{"@type":"Article","@id":"https:\/\/rafaramirez.org\/blog\/index.php\/2024\/02\/22\/el-consumismo-problema-social-en-una-sociedad-cada-vez-mas-materialista-y-superficial\/#article","isPartOf":{"@id":"https:\/\/rafaramirez.org\/blog\/index.php\/2024\/02\/22\/el-consumismo-problema-social-en-una-sociedad-cada-vez-mas-materialista-y-superficial\/"},"author":{"name":"Rafael Ram\u00edrez","@id":"https:\/\/rafaramirez.org\/blog\/#\/schema\/person\/50f43b6d60c578760d4c17bda54ab6a5"},"headline":"El consumismo, un alarmante problema social.","datePublished":"2024-02-22T07:15:08+00:00","dateModified":"2024-02-22T16:26:38+00:00","mainEntityOfPage":{"@id":"https:\/\/rafaramirez.org\/blog\/index.php\/2024\/02\/22\/el-consumismo-problema-social-en-una-sociedad-cada-vez-mas-materialista-y-superficial\/"},"wordCount":634,"commentCount":0,"publisher":{"@id":"https:\/\/rafaramirez.org\/blog\/#\/schema\/person\/50f43b6d60c578760d4c17bda54ab6a5"},"image":{"@id":"https:\/\/rafaramirez.org\/blog\/index.php\/2024\/02\/22\/el-consumismo-problema-social-en-una-sociedad-cada-vez-mas-materialista-y-superficial\/#primaryimage"},"thumbnailUrl":"https:\/\/rafaramirez.org\/blog\/wp-content\/uploads\/2024\/02\/consumismo_dollar_banner.jpg","keywords":["ansiedad","baja autoestima","bienes materiales","bienes y servicios","consumismo","consumo excesivo","Degradaci\u00f3n del medio ambiente","depresi\u00f3n","desfavorecidos","Desigualdad social","egoc\u00e9ntrica","emisiones de carbono","estatus","frustraci\u00f3n","infelicidad","la cooperaci\u00f3n","la solidaridad","medio ambiente","poder","problema social","recursos naturales","resentimiento","residuos","responsabilidad social","salud mental","sensaci\u00f3n de felicidad","sociedad individualista","sostenibilidad del planeta","usar y tirar"],"articleSection":["Informe social"],"inLanguage":"es","potentialAction":[{"@type":"CommentAction","name":"Comment","target":["https:\/\/rafaramirez.org\/blog\/index.php\/2024\/02\/22\/el-consumismo-problema-social-en-una-sociedad-cada-vez-mas-materialista-y-superficial\/#respond"]}]},{"@type":"WebPage","@id":"https:\/\/rafaramirez.org\/blog\/index.php\/2024\/02\/22\/el-consumismo-problema-social-en-una-sociedad-cada-vez-mas-materialista-y-superficial\/","url":"https:\/\/rafaramirez.org\/blog\/index.php\/2024\/02\/22\/el-consumismo-problema-social-en-una-sociedad-cada-vez-mas-materialista-y-superficial\/","name":"El consumismo, un alarmante problema social. - Blog de Rafael Ram\u00edrez","isPartOf":{"@id":"https:\/\/rafaramirez.org\/blog\/#website"},"primaryImageOfPage":{"@id":"https:\/\/rafaramirez.org\/blog\/index.php\/2024\/02\/22\/el-consumismo-problema-social-en-una-sociedad-cada-vez-mas-materialista-y-superficial\/#primaryimage"},"image":{"@id":"https:\/\/rafaramirez.org\/blog\/index.php\/2024\/02\/22\/el-consumismo-problema-social-en-una-sociedad-cada-vez-mas-materialista-y-superficial\/#primaryimage"},"thumbnailUrl":"https:\/\/rafaramirez.org\/blog\/wp-content\/uploads\/2024\/02\/consumismo_dollar_banner.jpg","datePublished":"2024-02-22T07:15:08+00:00","dateModified":"2024-02-22T16:26:38+00:00","breadcrumb":{"@id":"https:\/\/rafaramirez.org\/blog\/index.php\/2024\/02\/22\/el-consumismo-problema-social-en-una-sociedad-cada-vez-mas-materialista-y-superficial\/#breadcrumb"},"inLanguage":"es","potentialAction":[{"@type":"ReadAction","target":["https:\/\/rafaramirez.org\/blog\/index.php\/2024\/02\/22\/el-consumismo-problema-social-en-una-sociedad-cada-vez-mas-materialista-y-superficial\/"]}]},{"@type":"ImageObject","inLanguage":"es","@id":"https:\/\/rafaramirez.org\/blog\/index.php\/2024\/02\/22\/el-consumismo-problema-social-en-una-sociedad-cada-vez-mas-materialista-y-superficial\/#primaryimage","url":"https:\/\/rafaramirez.org\/blog\/wp-content\/uploads\/2024\/02\/consumismo_dollar_banner.jpg","contentUrl":"https:\/\/rafaramirez.org\/blog\/wp-content\/uploads\/2024\/02\/consumismo_dollar_banner.jpg","width":800,"height":402,"caption":"El consumismo, problema social."},{"@type":"BreadcrumbList","@id":"https:\/\/rafaramirez.org\/blog\/index.php\/2024\/02\/22\/el-consumismo-problema-social-en-una-sociedad-cada-vez-mas-materialista-y-superficial\/#breadcrumb","itemListElement":[{"@type":"ListItem","position":1,"name":"Portada","item":"https:\/\/rafaramirez.org\/blog\/"},{"@type":"ListItem","position":2,"name":"El consumismo, un alarmante problema social."}]},{"@type":"WebSite","@id":"https:\/\/rafaramirez.org\/blog\/#website","url":"https:\/\/rafaramirez.org\/blog\/","name":"Blog de Rafael Ram\u00edrez","description":"Un sitio social, de arte y cultura","publisher":{"@id":"https:\/\/rafaramirez.org\/blog\/#\/schema\/person\/50f43b6d60c578760d4c17bda54ab6a5"},"potentialAction":[{"@type":"SearchAction","target":{"@type":"EntryPoint","urlTemplate":"https:\/\/rafaramirez.org\/blog\/?s={search_term_string}"},"query-input":{"@type":"PropertyValueSpecification","valueRequired":true,"valueName":"search_term_string"}}],"inLanguage":"es"},{"@type":["Person","Organization"],"@id":"https:\/\/rafaramirez.org\/blog\/#\/schema\/person\/50f43b6d60c578760d4c17bda54ab6a5","name":"Rafael Ram\u00edrez","image":{"@type":"ImageObject","inLanguage":"es","@id":"https:\/\/rafaramirez.org\/blog\/wp-content\/uploads\/2024\/09\/RR_socialnetwork.jpg","url":"https:\/\/rafaramirez.org\/blog\/wp-content\/uploads\/2024\/09\/RR_socialnetwork.jpg","contentUrl":"https:\/\/rafaramirez.org\/blog\/wp-content\/uploads\/2024\/09\/RR_socialnetwork.jpg","width":600,"height":606,"caption":"Rafael Ram\u00edrez"},"logo":{"@id":"https:\/\/rafaramirez.org\/blog\/wp-content\/uploads\/2024\/09\/RR_socialnetwork.jpg"},"sameAs":["https:\/\/www.rafaramirez.org\/blog","https:\/\/www.instagram.com\/rafaramirez_ok\/","https:\/\/es.pinterest.com\/Ramirez_Rafa\/","https:\/\/x.com\/rafaramirez_ok"],"url":"https:\/\/rafaramirez.org\/blog\/index.php\/author\/rafaell_qm6j97da\/"}]}},"jetpack_publicize_connections":[],"jetpack_sharing_enabled":true,"jetpack_likes_enabled":true,"jetpack_featured_media_url":"https:\/\/rafaramirez.org\/blog\/wp-content\/uploads\/2024\/02\/consumismo_dollar_banner.jpg","_links":{"self":[{"href":"https:\/\/rafaramirez.org\/blog\/index.php\/wp-json\/wp\/v2\/posts\/3443","targetHints":{"allow":["GET"]}}],"collection":[{"href":"https:\/\/rafaramirez.org\/blog\/index.php\/wp-json\/wp\/v2\/posts"}],"about":[{"href":"https:\/\/rafaramirez.org\/blog\/index.php\/wp-json\/wp\/v2\/types\/post"}],"author":[{"embeddable":true,"href":"https:\/\/rafaramirez.org\/blog\/index.php\/wp-json\/wp\/v2\/users\/1"}],"replies":[{"embeddable":true,"href":"https:\/\/rafaramirez.org\/blog\/index.php\/wp-json\/wp\/v2\/comments?post=3443"}],"version-history":[{"count":11,"href":"https:\/\/rafaramirez.org\/blog\/index.php\/wp-json\/wp\/v2\/posts\/3443\/revisions"}],"predecessor-version":[{"id":3506,"href":"https:\/\/rafaramirez.org\/blog\/index.php\/wp-json\/wp\/v2\/posts\/3443\/revisions\/3506"}],"wp:featuredmedia":[{"embeddable":true,"href":"https:\/\/rafaramirez.org\/blog\/index.php\/wp-json\/wp\/v2\/media\/3451"}],"wp:attachment":[{"href":"https:\/\/rafaramirez.org\/blog\/index.php\/wp-json\/wp\/v2\/media?parent=3443"}],"wp:term":[{"taxonomy":"category","embeddable":true,"href":"https:\/\/rafaramirez.org\/blog\/index.php\/wp-json\/wp\/v2\/categories?post=3443"},{"taxonomy":"post_tag","embeddable":true,"href":"https:\/\/rafaramirez.org\/blog\/index.php\/wp-json\/wp\/v2\/tags?post=3443"}],"curies":[{"name":"wp","href":"https:\/\/api.w.org\/{rel}","templated":true}]}}