{"id":3336,"date":"2024-02-14T12:40:29","date_gmt":"2024-02-14T11:40:29","guid":{"rendered":"https:\/\/rafaramirez.org\/blog\/?p=3336"},"modified":"2024-03-13T10:48:04","modified_gmt":"2024-03-13T09:48:04","slug":"por-que-celebramos-el-14-de-febrero-el-dia-de-los-enamorados","status":"publish","type":"post","link":"https:\/\/rafaramirez.org\/blog\/index.php\/2024\/02\/14\/por-que-celebramos-el-14-de-febrero-el-dia-de-los-enamorados\/","title":{"rendered":"\u00bfPor qu\u00e9 celebramos el 14 de febrero como D\u00eda de los Enamorados?"},"content":{"rendered":"<p data-sourcepos=\"5:1-5:379\">El 14 de febrero como D\u00eda de los Enamorados tiene sus ra\u00edces en la antigua Roma. La leyenda m\u00e1s popular cuenta la historia de San Valent\u00edn, un sacerdote que desafi\u00f3 al emperador Claudio II al casar en secreto a j\u00f3venes enamorados, a pesar de la prohibici\u00f3n imperial de matrimonios para los soldados. El 14 de febrero del a\u00f1o 270, San Valent\u00edn fue decapitado por su desobediencia.<\/p>\n<p data-sourcepos=\"7:1-7:303\">Con el tiempo, la figura de San Valent\u00edn se asoci\u00f3 al amor y al romanticismo, y la fecha de su muerte se convirti\u00f3 en un d\u00eda para celebrar el amor en pareja. La Iglesia cat\u00f3lica oficializ\u00f3 la festividad en el siglo V, aunque la tradici\u00f3n no se consolid\u00f3 hasta la Edad Media, con el auge del amor cort\u00e9s.<\/p>\n<p style=\"text-align: center;\" data-sourcepos=\"7:1-7:303\"><em><strong>San Valent\u00edn\u00a0<\/strong><\/em><\/p>\n<p style=\"text-align: center;\" data-sourcepos=\"7:1-7:303\"><img loading=\"lazy\" decoding=\"async\" class=\"alignnone size-full wp-image-3339\" src=\"https:\/\/rafaramirez.org\/blog\/wp-content\/uploads\/2024\/02\/San_Valentin.jpeg\" alt=\"San Valent\u00edn. Blog de Rafael Ram\u00edrez\" width=\"686\" height=\"385\" srcset=\"https:\/\/rafaramirez.org\/blog\/wp-content\/uploads\/2024\/02\/San_Valentin.jpeg 686w, https:\/\/rafaramirez.org\/blog\/wp-content\/uploads\/2024\/02\/San_Valentin-300x168.jpeg 300w\" sizes=\"auto, (max-width: 686px) 100vw, 686px\" \/><\/p>\n<p data-sourcepos=\"9:1-9:21\"><strong>Llegada a Espa\u00f1a.<\/strong><\/p>\n<p data-sourcepos=\"11:1-11:259\">El D\u00eda de San Valent\u00edn como fiesta popular lleg\u00f3 a Espa\u00f1a a mediados del siglo XX. En 1948, el periodista <a href=\"https:\/\/es.wikipedia.org\/wiki\/C%C3%A9sar_Gonz%C3%A1lez-Ruano\" target=\"_blank\" rel=\"noopener\">C\u00e9sar Gonz\u00e1lez-Ruano<\/a> propuso la idea de importarla del mundo anglosaj\u00f3n, y la iniciativa encontr\u00f3 eco en <a href=\"https:\/\/es.wikipedia.org\/wiki\/Pep%C3%ADn_Fern%C3%A1ndez\" target=\"_blank\" rel=\"noopener\">Pep\u00edn Fern\u00e1ndez<\/a>, fundador de <a href=\"https:\/\/es.wikipedia.org\/wiki\/Galer%C3%ADas_Preciados\" target=\"_blank\" rel=\"noopener\">Galer\u00edas Preciados<\/a>. La cadena de grandes almacenes impuls\u00f3 la celebraci\u00f3n con campa\u00f1as publicitarias que asociaban el 14 de febrero con el amor y el consumo de regalos como flores, bombones y tarjetas.<\/p>\n<p data-sourcepos=\"13:1-13:15\"><strong>Actualidad.<\/strong><\/p>\n<p data-sourcepos=\"15:1-15:281\">Hoy en d\u00eda, el D\u00eda de San Valent\u00edn es una fiesta ampliamente celebrada en Espa\u00f1a y en muchos otros pa\u00edses del mundo. Aunque su origen religioso se ha diluido, la fecha sigue siendo un s\u00edmbolo del amor rom\u00e1ntico y una oportunidad para expresar sentimientos y celebrar con la pareja.<\/p>\n<p style=\"text-align: center;\" data-sourcepos=\"15:1-15:281\"><img loading=\"lazy\" decoding=\"async\" class=\"alignnone size-full wp-image-3342\" src=\"https:\/\/rafaramirez.org\/blog\/wp-content\/uploads\/2024\/02\/heart-1318850_rz600.jpg\" alt=\"D\u00eda de los enamorados (San Valent\u00edn). Blog de Rafael Ram\u00edrez.\" width=\"600\" height=\"400\" srcset=\"https:\/\/rafaramirez.org\/blog\/wp-content\/uploads\/2024\/02\/heart-1318850_rz600.jpg 600w, https:\/\/rafaramirez.org\/blog\/wp-content\/uploads\/2024\/02\/heart-1318850_rz600-300x200.jpg 300w\" sizes=\"auto, (max-width: 600px) 100vw, 600px\" \/><\/p>\n<p data-sourcepos=\"17:1-17:34\"><strong>Celebraciones en otros pa\u00edses.<\/strong><\/p>\n<p data-sourcepos=\"19:1-19:388\">Las tradiciones del D\u00eda de San Valent\u00edn var\u00edan de un pa\u00eds a otro. En algunos, como Estados Unidos, Francia o Italia, la fecha se caracteriza por el intercambio de regalos, flores, cenas rom\u00e1nticas y tarjetas con mensajes de amor. <a href=\"https:\/\/japonismo.com\/blog\/white-day-japon\" target=\"_blank\" rel=\"noopener\">En otros pa\u00edses, como Jap\u00f3n, las mujeres regalan chocolate a los hombres, mientras que ellos les obsequian chocolate blanco un mes despu\u00e9s, en el \u00abWhite Day\u00bb.<\/a><\/p>\n<p data-sourcepos=\"21:1-21:17\"><strong>Controversia.<\/strong><\/p>\n<p data-sourcepos=\"23:1-23:269\">En los \u00faltimos a\u00f1os, el D\u00eda de San Valent\u00edn ha generado cierta controversia por ser visto como una fiesta comercial que fomenta el consumismo y la presi\u00f3n social. Algunos cr\u00edticos tambi\u00e9n cuestionan la visi\u00f3n idealizada del amor rom\u00e1ntico que se promueve en esta fecha.<\/p>\n<p data-sourcepos=\"25:1-25:11\"><strong>Independientemente de las opiniones, el 14 de febrero sigue siendo una fecha significativa para muchas personas que celebran el amor y fortalecen sus relaciones.\u00a0<\/strong><\/p>\n<p data-sourcepos=\"27:1-27:43\"><strong>Aqu\u00ed te dejo algunos datos adicionales.<\/strong><\/p>\n<ul data-sourcepos=\"29:1-32:0\">\n<li data-sourcepos=\"29:1-29:122\">En Espa\u00f1a,\u00a0el D\u00eda de San Valent\u00edn es el segundo d\u00eda del a\u00f1o en el que se venden m\u00e1s flores,\u00a0despu\u00e9s del D\u00eda de la Madre.<\/li>\n<li data-sourcepos=\"30:1-30:111\">El color rojo,\u00a0s\u00edmbolo del amor y la pasi\u00f3n,\u00a0es el protagonista de la decoraci\u00f3n y los regalos en esta fecha.<\/li>\n<li data-sourcepos=\"31:1-32:0\">Algunos pa\u00edses tienen sus propias tradiciones para celebrar el amor.\u00a0<a href=\"https:\/\/blog.remitly.com\/es\/cultura-y-estilo-de-vida\/celebra-el-dia-de-san-valentin-en-brasil\/\" target=\"_blank\" rel=\"noopener\">En Brasil,\u00a0por ejemplo,\u00a0se celebra el \u00abD\u00eda dos Namorados\u00bb el 12 de junio.<\/a><\/li>\n<\/ul>\n<p data-sourcepos=\"33:1-33:55\">Espero que esta informaci\u00f3n te haya resultado \u00fatil. Puedes dejar tus comentarios abajo. \u00a1Hasta pronto!<\/p>\n<p data-sourcepos=\"33:1-33:55\">\n","protected":false},"excerpt":{"rendered":"<p>El 14 de febrero como D\u00eda de los Enamorados tiene sus ra\u00edces en la antigua Roma. La leyenda m\u00e1s popular cuenta la historia de San Valent\u00edn, un sacerdote que desafi\u00f3 al emperador Claudio II al casar en secreto a j\u00f3venes enamorados, a pesar de la prohibici\u00f3n imperial de matrimonios para los soldados. El 14 de [&hellip;]<\/p>\n","protected":false},"author":1,"featured_media":3338,"comment_status":"open","ping_status":"closed","sticky":false,"template":"","format":"standard","meta":{"site-container-style":"default","site-container-layout":"default","site-sidebar-layout":"default","disable-article-header":"default","disable-site-header":"default","disable-site-footer":"default","disable-content-area-spacing":"default","_jetpack_newsletter_access":"","_jetpack_dont_email_post_to_subs":false,"_jetpack_newsletter_tier_id":0,"_jetpack_memberships_contains_paywalled_content":false,"_jetpack_feature_clip_id":0,"_jetpack_memberships_contains_paid_content":false,"footnotes":"","jetpack_publicize_message":"","jetpack_publicize_feature_enabled":true,"jetpack_social_post_already_shared":false,"jetpack_social_options":{"image_generator_settings":{"template":"highway","default_image_id":0,"font":"","enabled":false},"version":2},"jetpack_post_was_ever_published":false},"categories":[1291],"tags":[932,668,32,933,68,927,924,925,931,929,166,926,928,436,930],"class_list":["post-3336","post","type-post","status-publish","format-standard","has-post-thumbnail","hentry","category-efemerides","tag-12-de-junio","tag-14-de-febrero","tag-amor","tag-antigua-roma","tag-blog-de-rafael-ramirez","tag-dia-de-la-madre","tag-dia-de-los-enamorados","tag-dia-de-san-valentin","tag-dia-dos-namorados","tag-enamorados","tag-espana","tag-historia-del-dia-de-los-enamorados","tag-pasion","tag-san-valentin","tag-white-day"],"yoast_head":"<!-- This site is optimized with the Yoast SEO plugin v28.4 - https:\/\/yoast.com\/product\/yoast-seo-wordpress\/ -->\n<title>\u00bfPor qu\u00e9 celebramos el 14 de febrero como D\u00eda de los Enamorados? - Blog de Rafael Ram\u00edrez<\/title>\n<meta name=\"robots\" content=\"index, follow, max-snippet:-1, max-image-preview:large, max-video-preview:-1\" \/>\n<link rel=\"canonical\" href=\"https:\/\/rafaramirez.org\/blog\/index.php\/2024\/02\/14\/por-que-celebramos-el-14-de-febrero-el-dia-de-los-enamorados\/\" \/>\n<meta property=\"og:locale\" content=\"es_ES\" \/>\n<meta property=\"og:type\" content=\"article\" \/>\n<meta property=\"og:title\" content=\"\u00bfPor qu\u00e9 celebramos el 14 de febrero como D\u00eda de los Enamorados? - Blog de Rafael Ram\u00edrez\" \/>\n<meta property=\"og:description\" content=\"El 14 de febrero como D\u00eda de los Enamorados tiene sus ra\u00edces en la antigua Roma. La leyenda m\u00e1s popular cuenta la historia de San Valent\u00edn, un sacerdote que desafi\u00f3 al emperador Claudio II al casar en secreto a j\u00f3venes enamorados, a pesar de la prohibici\u00f3n imperial de matrimonios para los soldados. El 14 de [&hellip;]\" \/>\n<meta property=\"og:url\" content=\"https:\/\/rafaramirez.org\/blog\/index.php\/2024\/02\/14\/por-que-celebramos-el-14-de-febrero-el-dia-de-los-enamorados\/\" \/>\n<meta property=\"og:site_name\" content=\"Blog de Rafael Ram\u00edrez\" \/>\n<meta property=\"article:published_time\" content=\"2024-02-14T11:40:29+00:00\" \/>\n<meta property=\"article:modified_time\" content=\"2024-03-13T09:48:04+00:00\" \/>\n<meta property=\"og:image\" content=\"https:\/\/rafaramirez.org\/blog\/wp-content\/uploads\/2024\/02\/dia_delos_enamorados_banner2.jpg\" \/>\n\t<meta property=\"og:image:width\" content=\"800\" \/>\n\t<meta property=\"og:image:height\" content=\"400\" \/>\n\t<meta property=\"og:image:type\" content=\"image\/jpeg\" \/>\n<meta name=\"author\" content=\"Rafael Ram\u00edrez\" \/>\n<meta name=\"twitter:card\" content=\"summary_large_image\" \/>\n<meta name=\"twitter:creator\" content=\"@rafaramirez_ok\" \/>\n<meta name=\"twitter:site\" content=\"@rafaramirez_ok\" \/>\n<meta name=\"twitter:label1\" content=\"Escrito por\" \/>\n\t<meta name=\"twitter:data1\" content=\"Rafael Ram\u00edrez\" \/>\n\t<meta name=\"twitter:label2\" content=\"Tiempo de lectura\" \/>\n\t<meta name=\"twitter:data2\" content=\"3 minutos\" \/>\n<script type=\"application\/ld+json\" class=\"yoast-schema-graph\">{\"@context\":\"https:\\\/\\\/schema.org\",\"@graph\":[{\"@type\":\"Article\",\"@id\":\"https:\\\/\\\/rafaramirez.org\\\/blog\\\/index.php\\\/2024\\\/02\\\/14\\\/por-que-celebramos-el-14-de-febrero-el-dia-de-los-enamorados\\\/#article\",\"isPartOf\":{\"@id\":\"https:\\\/\\\/rafaramirez.org\\\/blog\\\/index.php\\\/2024\\\/02\\\/14\\\/por-que-celebramos-el-14-de-febrero-el-dia-de-los-enamorados\\\/\"},\"author\":{\"name\":\"Rafael Ram\u00edrez\",\"@id\":\"https:\\\/\\\/rafaramirez.org\\\/blog\\\/#\\\/schema\\\/person\\\/50f43b6d60c578760d4c17bda54ab6a5\"},\"headline\":\"\u00bfPor qu\u00e9 celebramos el 14 de febrero como D\u00eda de los Enamorados?\",\"datePublished\":\"2024-02-14T11:40:29+00:00\",\"dateModified\":\"2024-03-13T09:48:04+00:00\",\"mainEntityOfPage\":{\"@id\":\"https:\\\/\\\/rafaramirez.org\\\/blog\\\/index.php\\\/2024\\\/02\\\/14\\\/por-que-celebramos-el-14-de-febrero-el-dia-de-los-enamorados\\\/\"},\"wordCount\":550,\"commentCount\":0,\"publisher\":{\"@id\":\"https:\\\/\\\/rafaramirez.org\\\/blog\\\/#\\\/schema\\\/person\\\/50f43b6d60c578760d4c17bda54ab6a5\"},\"image\":{\"@id\":\"https:\\\/\\\/rafaramirez.org\\\/blog\\\/index.php\\\/2024\\\/02\\\/14\\\/por-que-celebramos-el-14-de-febrero-el-dia-de-los-enamorados\\\/#primaryimage\"},\"thumbnailUrl\":\"https:\\\/\\\/rafaramirez.org\\\/blog\\\/wp-content\\\/uploads\\\/2024\\\/02\\\/dia_delos_enamorados_banner2.jpg\",\"keywords\":[\"12 de junio\",\"14 de febrero\",\"amor\",\"antigua Roma\",\"blog de Rafael Ram\u00edrez\",\"D\u00eda de la Madre\",\"D\u00eda de los enamorados\",\"D\u00eda de San Valent\u00edn\",\"D\u00eda dos Namorados\",\"enamorados\",\"espa\u00f1a\",\"historia del d\u00eda de los enamorados\",\"pasi\u00f3n\",\"san valentin\",\"White Day\"],\"articleSection\":[\"Efem\u00e9rides\"],\"inLanguage\":\"es\",\"potentialAction\":[{\"@type\":\"CommentAction\",\"name\":\"Comment\",\"target\":[\"https:\\\/\\\/rafaramirez.org\\\/blog\\\/index.php\\\/2024\\\/02\\\/14\\\/por-que-celebramos-el-14-de-febrero-el-dia-de-los-enamorados\\\/#respond\"]}]},{\"@type\":\"WebPage\",\"@id\":\"https:\\\/\\\/rafaramirez.org\\\/blog\\\/index.php\\\/2024\\\/02\\\/14\\\/por-que-celebramos-el-14-de-febrero-el-dia-de-los-enamorados\\\/\",\"url\":\"https:\\\/\\\/rafaramirez.org\\\/blog\\\/index.php\\\/2024\\\/02\\\/14\\\/por-que-celebramos-el-14-de-febrero-el-dia-de-los-enamorados\\\/\",\"name\":\"\u00bfPor qu\u00e9 celebramos el 14 de febrero como D\u00eda de los Enamorados? - Blog de Rafael Ram\u00edrez\",\"isPartOf\":{\"@id\":\"https:\\\/\\\/rafaramirez.org\\\/blog\\\/#website\"},\"primaryImageOfPage\":{\"@id\":\"https:\\\/\\\/rafaramirez.org\\\/blog\\\/index.php\\\/2024\\\/02\\\/14\\\/por-que-celebramos-el-14-de-febrero-el-dia-de-los-enamorados\\\/#primaryimage\"},\"image\":{\"@id\":\"https:\\\/\\\/rafaramirez.org\\\/blog\\\/index.php\\\/2024\\\/02\\\/14\\\/por-que-celebramos-el-14-de-febrero-el-dia-de-los-enamorados\\\/#primaryimage\"},\"thumbnailUrl\":\"https:\\\/\\\/rafaramirez.org\\\/blog\\\/wp-content\\\/uploads\\\/2024\\\/02\\\/dia_delos_enamorados_banner2.jpg\",\"datePublished\":\"2024-02-14T11:40:29+00:00\",\"dateModified\":\"2024-03-13T09:48:04+00:00\",\"breadcrumb\":{\"@id\":\"https:\\\/\\\/rafaramirez.org\\\/blog\\\/index.php\\\/2024\\\/02\\\/14\\\/por-que-celebramos-el-14-de-febrero-el-dia-de-los-enamorados\\\/#breadcrumb\"},\"inLanguage\":\"es\",\"potentialAction\":[{\"@type\":\"ReadAction\",\"target\":[\"https:\\\/\\\/rafaramirez.org\\\/blog\\\/index.php\\\/2024\\\/02\\\/14\\\/por-que-celebramos-el-14-de-febrero-el-dia-de-los-enamorados\\\/\"]}]},{\"@type\":\"ImageObject\",\"inLanguage\":\"es\",\"@id\":\"https:\\\/\\\/rafaramirez.org\\\/blog\\\/index.php\\\/2024\\\/02\\\/14\\\/por-que-celebramos-el-14-de-febrero-el-dia-de-los-enamorados\\\/#primaryimage\",\"url\":\"https:\\\/\\\/rafaramirez.org\\\/blog\\\/wp-content\\\/uploads\\\/2024\\\/02\\\/dia_delos_enamorados_banner2.jpg\",\"contentUrl\":\"https:\\\/\\\/rafaramirez.org\\\/blog\\\/wp-content\\\/uploads\\\/2024\\\/02\\\/dia_delos_enamorados_banner2.jpg\",\"width\":800,\"height\":400,\"caption\":\"D\u00eda de los enamorados (San Valent\u00edn). Blog de Rafael Ram\u00edrez.\"},{\"@type\":\"BreadcrumbList\",\"@id\":\"https:\\\/\\\/rafaramirez.org\\\/blog\\\/index.php\\\/2024\\\/02\\\/14\\\/por-que-celebramos-el-14-de-febrero-el-dia-de-los-enamorados\\\/#breadcrumb\",\"itemListElement\":[{\"@type\":\"ListItem\",\"position\":1,\"name\":\"Portada\",\"item\":\"https:\\\/\\\/rafaramirez.org\\\/blog\\\/\"},{\"@type\":\"ListItem\",\"position\":2,\"name\":\"\u00bfPor qu\u00e9 celebramos el 14 de febrero como D\u00eda de los Enamorados?\"}]},{\"@type\":\"WebSite\",\"@id\":\"https:\\\/\\\/rafaramirez.org\\\/blog\\\/#website\",\"url\":\"https:\\\/\\\/rafaramirez.org\\\/blog\\\/\",\"name\":\"Blog de Rafael Ram\u00edrez\",\"description\":\"Un sitio social, de arte y cultura\",\"publisher\":{\"@id\":\"https:\\\/\\\/rafaramirez.org\\\/blog\\\/#\\\/schema\\\/person\\\/50f43b6d60c578760d4c17bda54ab6a5\"},\"potentialAction\":[{\"@type\":\"SearchAction\",\"target\":{\"@type\":\"EntryPoint\",\"urlTemplate\":\"https:\\\/\\\/rafaramirez.org\\\/blog\\\/?s={search_term_string}\"},\"query-input\":{\"@type\":\"PropertyValueSpecification\",\"valueRequired\":true,\"valueName\":\"search_term_string\"}}],\"inLanguage\":\"es\"},{\"@type\":[\"Person\",\"Organization\"],\"@id\":\"https:\\\/\\\/rafaramirez.org\\\/blog\\\/#\\\/schema\\\/person\\\/50f43b6d60c578760d4c17bda54ab6a5\",\"name\":\"Rafael Ram\u00edrez\",\"image\":{\"@type\":\"ImageObject\",\"inLanguage\":\"es\",\"@id\":\"https:\\\/\\\/rafaramirez.org\\\/blog\\\/wp-content\\\/uploads\\\/2024\\\/09\\\/RR_socialnetwork.jpg\",\"url\":\"https:\\\/\\\/rafaramirez.org\\\/blog\\\/wp-content\\\/uploads\\\/2024\\\/09\\\/RR_socialnetwork.jpg\",\"contentUrl\":\"https:\\\/\\\/rafaramirez.org\\\/blog\\\/wp-content\\\/uploads\\\/2024\\\/09\\\/RR_socialnetwork.jpg\",\"width\":600,\"height\":606,\"caption\":\"Rafael Ram\u00edrez\"},\"logo\":{\"@id\":\"https:\\\/\\\/rafaramirez.org\\\/blog\\\/wp-content\\\/uploads\\\/2024\\\/09\\\/RR_socialnetwork.jpg\"},\"sameAs\":[\"https:\\\/\\\/www.rafaramirez.org\\\/blog\",\"https:\\\/\\\/www.instagram.com\\\/rafaramirez_ok\\\/\",\"https:\\\/\\\/es.pinterest.com\\\/Ramirez_Rafa\\\/\",\"https:\\\/\\\/x.com\\\/rafaramirez_ok\"],\"url\":\"https:\\\/\\\/rafaramirez.org\\\/blog\\\/index.php\\\/author\\\/rafaell_qm6j97da\\\/\"}]}<\/script>\n<!-- \/ Yoast SEO plugin. -->","yoast_head_json":{"title":"\u00bfPor qu\u00e9 celebramos el 14 de febrero como D\u00eda de los Enamorados? - Blog de Rafael Ram\u00edrez","robots":{"index":"index","follow":"follow","max-snippet":"max-snippet:-1","max-image-preview":"max-image-preview:large","max-video-preview":"max-video-preview:-1"},"canonical":"https:\/\/rafaramirez.org\/blog\/index.php\/2024\/02\/14\/por-que-celebramos-el-14-de-febrero-el-dia-de-los-enamorados\/","og_locale":"es_ES","og_type":"article","og_title":"\u00bfPor qu\u00e9 celebramos el 14 de febrero como D\u00eda de los Enamorados? - Blog de Rafael Ram\u00edrez","og_description":"El 14 de febrero como D\u00eda de los Enamorados tiene sus ra\u00edces en la antigua Roma. La leyenda m\u00e1s popular cuenta la historia de San Valent\u00edn, un sacerdote que desafi\u00f3 al emperador Claudio II al casar en secreto a j\u00f3venes enamorados, a pesar de la prohibici\u00f3n imperial de matrimonios para los soldados. El 14 de [&hellip;]","og_url":"https:\/\/rafaramirez.org\/blog\/index.php\/2024\/02\/14\/por-que-celebramos-el-14-de-febrero-el-dia-de-los-enamorados\/","og_site_name":"Blog de Rafael Ram\u00edrez","article_published_time":"2024-02-14T11:40:29+00:00","article_modified_time":"2024-03-13T09:48:04+00:00","og_image":[{"width":800,"height":400,"url":"https:\/\/rafaramirez.org\/blog\/wp-content\/uploads\/2024\/02\/dia_delos_enamorados_banner2.jpg","type":"image\/jpeg"}],"author":"Rafael Ram\u00edrez","twitter_card":"summary_large_image","twitter_creator":"@rafaramirez_ok","twitter_site":"@rafaramirez_ok","twitter_misc":{"Escrito por":"Rafael Ram\u00edrez","Tiempo de lectura":"3 minutos"},"schema":{"@context":"https:\/\/schema.org","@graph":[{"@type":"Article","@id":"https:\/\/rafaramirez.org\/blog\/index.php\/2024\/02\/14\/por-que-celebramos-el-14-de-febrero-el-dia-de-los-enamorados\/#article","isPartOf":{"@id":"https:\/\/rafaramirez.org\/blog\/index.php\/2024\/02\/14\/por-que-celebramos-el-14-de-febrero-el-dia-de-los-enamorados\/"},"author":{"name":"Rafael Ram\u00edrez","@id":"https:\/\/rafaramirez.org\/blog\/#\/schema\/person\/50f43b6d60c578760d4c17bda54ab6a5"},"headline":"\u00bfPor qu\u00e9 celebramos el 14 de febrero como D\u00eda de los Enamorados?","datePublished":"2024-02-14T11:40:29+00:00","dateModified":"2024-03-13T09:48:04+00:00","mainEntityOfPage":{"@id":"https:\/\/rafaramirez.org\/blog\/index.php\/2024\/02\/14\/por-que-celebramos-el-14-de-febrero-el-dia-de-los-enamorados\/"},"wordCount":550,"commentCount":0,"publisher":{"@id":"https:\/\/rafaramirez.org\/blog\/#\/schema\/person\/50f43b6d60c578760d4c17bda54ab6a5"},"image":{"@id":"https:\/\/rafaramirez.org\/blog\/index.php\/2024\/02\/14\/por-que-celebramos-el-14-de-febrero-el-dia-de-los-enamorados\/#primaryimage"},"thumbnailUrl":"https:\/\/rafaramirez.org\/blog\/wp-content\/uploads\/2024\/02\/dia_delos_enamorados_banner2.jpg","keywords":["12 de junio","14 de febrero","amor","antigua Roma","blog de Rafael Ram\u00edrez","D\u00eda de la Madre","D\u00eda de los enamorados","D\u00eda de San Valent\u00edn","D\u00eda dos Namorados","enamorados","espa\u00f1a","historia del d\u00eda de los enamorados","pasi\u00f3n","san valentin","White Day"],"articleSection":["Efem\u00e9rides"],"inLanguage":"es","potentialAction":[{"@type":"CommentAction","name":"Comment","target":["https:\/\/rafaramirez.org\/blog\/index.php\/2024\/02\/14\/por-que-celebramos-el-14-de-febrero-el-dia-de-los-enamorados\/#respond"]}]},{"@type":"WebPage","@id":"https:\/\/rafaramirez.org\/blog\/index.php\/2024\/02\/14\/por-que-celebramos-el-14-de-febrero-el-dia-de-los-enamorados\/","url":"https:\/\/rafaramirez.org\/blog\/index.php\/2024\/02\/14\/por-que-celebramos-el-14-de-febrero-el-dia-de-los-enamorados\/","name":"\u00bfPor qu\u00e9 celebramos el 14 de febrero como D\u00eda de los Enamorados? - Blog de Rafael Ram\u00edrez","isPartOf":{"@id":"https:\/\/rafaramirez.org\/blog\/#website"},"primaryImageOfPage":{"@id":"https:\/\/rafaramirez.org\/blog\/index.php\/2024\/02\/14\/por-que-celebramos-el-14-de-febrero-el-dia-de-los-enamorados\/#primaryimage"},"image":{"@id":"https:\/\/rafaramirez.org\/blog\/index.php\/2024\/02\/14\/por-que-celebramos-el-14-de-febrero-el-dia-de-los-enamorados\/#primaryimage"},"thumbnailUrl":"https:\/\/rafaramirez.org\/blog\/wp-content\/uploads\/2024\/02\/dia_delos_enamorados_banner2.jpg","datePublished":"2024-02-14T11:40:29+00:00","dateModified":"2024-03-13T09:48:04+00:00","breadcrumb":{"@id":"https:\/\/rafaramirez.org\/blog\/index.php\/2024\/02\/14\/por-que-celebramos-el-14-de-febrero-el-dia-de-los-enamorados\/#breadcrumb"},"inLanguage":"es","potentialAction":[{"@type":"ReadAction","target":["https:\/\/rafaramirez.org\/blog\/index.php\/2024\/02\/14\/por-que-celebramos-el-14-de-febrero-el-dia-de-los-enamorados\/"]}]},{"@type":"ImageObject","inLanguage":"es","@id":"https:\/\/rafaramirez.org\/blog\/index.php\/2024\/02\/14\/por-que-celebramos-el-14-de-febrero-el-dia-de-los-enamorados\/#primaryimage","url":"https:\/\/rafaramirez.org\/blog\/wp-content\/uploads\/2024\/02\/dia_delos_enamorados_banner2.jpg","contentUrl":"https:\/\/rafaramirez.org\/blog\/wp-content\/uploads\/2024\/02\/dia_delos_enamorados_banner2.jpg","width":800,"height":400,"caption":"D\u00eda de los enamorados (San Valent\u00edn). Blog de Rafael Ram\u00edrez."},{"@type":"BreadcrumbList","@id":"https:\/\/rafaramirez.org\/blog\/index.php\/2024\/02\/14\/por-que-celebramos-el-14-de-febrero-el-dia-de-los-enamorados\/#breadcrumb","itemListElement":[{"@type":"ListItem","position":1,"name":"Portada","item":"https:\/\/rafaramirez.org\/blog\/"},{"@type":"ListItem","position":2,"name":"\u00bfPor qu\u00e9 celebramos el 14 de febrero como D\u00eda de los Enamorados?"}]},{"@type":"WebSite","@id":"https:\/\/rafaramirez.org\/blog\/#website","url":"https:\/\/rafaramirez.org\/blog\/","name":"Blog de Rafael Ram\u00edrez","description":"Un sitio social, de arte y cultura","publisher":{"@id":"https:\/\/rafaramirez.org\/blog\/#\/schema\/person\/50f43b6d60c578760d4c17bda54ab6a5"},"potentialAction":[{"@type":"SearchAction","target":{"@type":"EntryPoint","urlTemplate":"https:\/\/rafaramirez.org\/blog\/?s={search_term_string}"},"query-input":{"@type":"PropertyValueSpecification","valueRequired":true,"valueName":"search_term_string"}}],"inLanguage":"es"},{"@type":["Person","Organization"],"@id":"https:\/\/rafaramirez.org\/blog\/#\/schema\/person\/50f43b6d60c578760d4c17bda54ab6a5","name":"Rafael Ram\u00edrez","image":{"@type":"ImageObject","inLanguage":"es","@id":"https:\/\/rafaramirez.org\/blog\/wp-content\/uploads\/2024\/09\/RR_socialnetwork.jpg","url":"https:\/\/rafaramirez.org\/blog\/wp-content\/uploads\/2024\/09\/RR_socialnetwork.jpg","contentUrl":"https:\/\/rafaramirez.org\/blog\/wp-content\/uploads\/2024\/09\/RR_socialnetwork.jpg","width":600,"height":606,"caption":"Rafael Ram\u00edrez"},"logo":{"@id":"https:\/\/rafaramirez.org\/blog\/wp-content\/uploads\/2024\/09\/RR_socialnetwork.jpg"},"sameAs":["https:\/\/www.rafaramirez.org\/blog","https:\/\/www.instagram.com\/rafaramirez_ok\/","https:\/\/es.pinterest.com\/Ramirez_Rafa\/","https:\/\/x.com\/rafaramirez_ok"],"url":"https:\/\/rafaramirez.org\/blog\/index.php\/author\/rafaell_qm6j97da\/"}]}},"jetpack_publicize_connections":[],"jetpack_sharing_enabled":true,"jetpack_likes_enabled":true,"jetpack_featured_media_url":"https:\/\/rafaramirez.org\/blog\/wp-content\/uploads\/2024\/02\/dia_delos_enamorados_banner2.jpg","_links":{"self":[{"href":"https:\/\/rafaramirez.org\/blog\/index.php\/wp-json\/wp\/v2\/posts\/3336","targetHints":{"allow":["GET"]}}],"collection":[{"href":"https:\/\/rafaramirez.org\/blog\/index.php\/wp-json\/wp\/v2\/posts"}],"about":[{"href":"https:\/\/rafaramirez.org\/blog\/index.php\/wp-json\/wp\/v2\/types\/post"}],"author":[{"embeddable":true,"href":"https:\/\/rafaramirez.org\/blog\/index.php\/wp-json\/wp\/v2\/users\/1"}],"replies":[{"embeddable":true,"href":"https:\/\/rafaramirez.org\/blog\/index.php\/wp-json\/wp\/v2\/comments?post=3336"}],"version-history":[{"count":7,"href":"https:\/\/rafaramirez.org\/blog\/index.php\/wp-json\/wp\/v2\/posts\/3336\/revisions"}],"predecessor-version":[{"id":3392,"href":"https:\/\/rafaramirez.org\/blog\/index.php\/wp-json\/wp\/v2\/posts\/3336\/revisions\/3392"}],"wp:featuredmedia":[{"embeddable":true,"href":"https:\/\/rafaramirez.org\/blog\/index.php\/wp-json\/wp\/v2\/media\/3338"}],"wp:attachment":[{"href":"https:\/\/rafaramirez.org\/blog\/index.php\/wp-json\/wp\/v2\/media?parent=3336"}],"wp:term":[{"taxonomy":"category","embeddable":true,"href":"https:\/\/rafaramirez.org\/blog\/index.php\/wp-json\/wp\/v2\/categories?post=3336"},{"taxonomy":"post_tag","embeddable":true,"href":"https:\/\/rafaramirez.org\/blog\/index.php\/wp-json\/wp\/v2\/tags?post=3336"}],"curies":[{"name":"wp","href":"https:\/\/api.w.org\/{rel}","templated":true}]}}