{"id":3269,"date":"2024-02-09T08:30:11","date_gmt":"2024-02-09T07:30:11","guid":{"rendered":"https:\/\/rafaramirez.org\/blog\/?p=3269"},"modified":"2024-02-09T10:30:22","modified_gmt":"2024-02-09T09:30:22","slug":"la-soledad-no-deseada-un-problema-que-afecta","status":"publish","type":"post","link":"https:\/\/rafaramirez.org\/blog\/index.php\/2024\/02\/09\/la-soledad-no-deseada-un-problema-que-afecta\/","title":{"rendered":"La soledad no deseada, un problema que afecta al 13,4% de la poblaci\u00f3n."},"content":{"rendered":"<p>La soledad no deseada es la sensaci\u00f3n de no tener suficientes relaciones sociales y afectivas o que estas no sean satisfactorias. Esto puede generar malestar psicol\u00f3gico y emocional, as\u00ed como afectar a la salud f\u00edsica y mental de las personas que la sufren. La soledad no deseada puede tener distintas causas como la falta de habilidades sociales, los cambios de residencia, la edad, el aislamiento por la pandemia, etc.<\/p>\n<p>Seg\u00fan algunos estudios, la soledad no deseada afecta al 13,4% de la poblaci\u00f3n espa\u00f1ola, siendo m\u00e1s frecuente entre las mujeres y los j\u00f3venes menores de 34 a\u00f1os. La soledad no deseada tiene un impacto negativo en la calidad de vida, el bienestar, la autoestima, la salud mental y la salud f\u00edsica de las personas que la padecen, aumentando el riesgo de depresi\u00f3n, ansiedad, suicidio, enfermedades cardiovasculares, demencia y otras patolog\u00edas.<\/p>\n<p style=\"text-align: center;\"><a href=\"https:\/\/rafaramirez.org\/blog\/wp-content\/uploads\/2024\/02\/Soledad_no_deseada_blog_de_Rafael_Ramirez2.jpg\" target=\"_blank\" rel=\"noopener\"><img loading=\"lazy\" decoding=\"async\" class=\"alignnone wp-image-3274 size-medium\" src=\"https:\/\/rafaramirez.org\/blog\/wp-content\/uploads\/2024\/02\/Soledad_no_deseada_blog_de_Rafael_Ramirez2-300x300.jpg\" alt=\"Soledad no deseada. Blog de Rafael Ram\u00edrez.\" width=\"300\" height=\"300\" srcset=\"https:\/\/rafaramirez.org\/blog\/wp-content\/uploads\/2024\/02\/Soledad_no_deseada_blog_de_Rafael_Ramirez2-300x300.jpg 300w, https:\/\/rafaramirez.org\/blog\/wp-content\/uploads\/2024\/02\/Soledad_no_deseada_blog_de_Rafael_Ramirez2-150x150.jpg 150w, https:\/\/rafaramirez.org\/blog\/wp-content\/uploads\/2024\/02\/Soledad_no_deseada_blog_de_Rafael_Ramirez2-768x768.jpg 768w, https:\/\/rafaramirez.org\/blog\/wp-content\/uploads\/2024\/02\/Soledad_no_deseada_blog_de_Rafael_Ramirez2.jpg 800w\" sizes=\"auto, (max-width: 300px) 100vw, 300px\" \/><\/a><\/p>\n<p>Para combatirla es importante fomentar el apoyo social, la participaci\u00f3n comunitaria, la inclusi\u00f3n social, la prevenci\u00f3n y la intervenci\u00f3n psicol\u00f3gica, as\u00ed como la concienciaci\u00f3n y la sensibilizaci\u00f3n sobre este problema. Tambi\u00e9n es necesario promover h\u00e1bitos de vida saludables, como el ejercicio f\u00edsico, la alimentaci\u00f3n equilibrada, el descanso adecuado, el ocio positivo y otros.<\/p>\n<p>Si quieres saber m\u00e1s sobre la soledad no deseada, sus causas, sus consecuencias y sus posibles soluciones, te recomiendo que visites estos sitios web, donde encontrar\u00e1s informaci\u00f3n, recursos y testimonios:<\/p>\n<ul>\n<li><a class=\"ac-anchor\" href=\"https:\/\/psicologiaymente.com\/clinica\/soledad-no-deseada\" target=\"_blank\" rel=\"noopener\">Soledad no deseada: qu\u00e9 es y c\u00f3mo podemos combatirla<\/a>: Un art\u00edculo que te explica qu\u00e9 es la soledad no deseada, qu\u00e9 factores la provocan, qu\u00e9 efectos tiene y c\u00f3mo se puede superar.<\/li>\n<li><a class=\"ac-anchor\" href=\"https:\/\/maldita.es\/malditaciencia\/20220214\/tipos-soledad-desear-salud-publica\/\" target=\"_blank\" rel=\"noopener\">Los distintos tipos de soledad no deseada y por qu\u00e9 son un problema de salud p\u00fablica<\/a>: Un art\u00edculo que te muestra los diferentes tipos de soledad no deseada, como la emocional, la social o la situacional, y c\u00f3mo afectan a la salud y al bienestar de las personas.<\/li>\n<li><a class=\"ac-anchor\" href=\"https:\/\/www.alimente.elconfidencial.com\/bienestar\/2023-01-31\/soledad-enfermedades-cardiovasculares-demencia_3561781\/\" target=\"_blank\" rel=\"noopener\">La soledad no deseada mata igual que las enfermedades<\/a>: Un art\u00edculo que te alerta sobre los riesgos para la salud f\u00edsica y mental que conlleva la soledad no deseada, y c\u00f3mo prevenirlos o reducirlos.<\/li>\n<li><a class=\"ac-anchor\" href=\"https:\/\/www.comillas.edu\/noticias\/la-soledad-en-espana-crece-un-50-segun-el-informe-espana-2020\/\" target=\"_blank\" rel=\"noopener\">Informe Espa\u00f1a 2020: la soledad en Espa\u00f1a crece un 50%<\/a>: Un informe que analiza la realidad socioecon\u00f3mica de Espa\u00f1a, destacando el aumento de la soledad no deseada durante la pandemia del coronavirus.<\/li>\n<li><a class=\"ac-anchor\" href=\"https:\/\/www.rtve.es\/noticias\/20230417\/soledad-no-deseada-espana-2021-estudio-observatorio-estatal\/2439133.shtml\" target=\"_blank\" rel=\"noopener\">Soledad no deseada: el 40% de los que la sufren, menores de 34 a\u00f1os<\/a>: Un estudio que mide los costes de la soledad no deseada en Espa\u00f1a, tanto a nivel individual como social, y que revela que casi el 40% de las personas que la padecen son j\u00f3venes.<\/li>\n<li><a class=\"ac-anchor\" href=\"https:\/\/www.soledades.es\/sites\/default\/files\/contenidos\/INFORME_SOLEDAD_REVISADO-2022%20REV_FINAL%20FINAL_10.12.2022.pdf\" target=\"_blank\" rel=\"noopener\">La soledad no deseada como problema social: una aproximaci\u00f3n a su realidad en Espa\u00f1a<\/a>: Un informe que ofrece una aproximaci\u00f3n al fen\u00f3meno de la soledad no deseada en Espa\u00f1a, desde una perspectiva multidisciplinar y con propuestas de acci\u00f3n.<\/li>\n<\/ul>\n<p>Espero que te haya sido \u00fatil esta informaci\u00f3n y te ayude a comprender mejor este problema que afecta a muchas personas y que requiere de atenci\u00f3n y soluci\u00f3n. Si quieres compartir tu experiencia u opini\u00f3n, puedes escribir tus comentarios abajo. \u00a1Hasta pronto!<\/p>\n<div class=\"learn-more-root\">\n<div class=\"learn-more-control\">\n<p class=\"learn-more\"><strong>M\u00e1s informaci\u00f3n:\u00a0<\/strong><\/p>\n<\/div>\n<div class=\"attribution-container\">\n<ol>\n<li class=\"attribution-items\"><a class=\"attribution-item\" href=\"https:\/\/psicologiaymente.com\/clinica\/soledad-no-deseada\" target=\"_blank\" rel=\"noopener\" aria-label=\"Soledad no deseada: qu\u00e9 es y c\u00f3mo podemos combatirla\" data-citationid=\"9a47b14a-7e02-e68f-eb2b-8196970731c5\"><span class=\"text-container\">psicologiaymente.com<\/span><\/a><\/li>\n<li class=\"attribution-items\"><a class=\"attribution-item\" href=\"https:\/\/maldita.es\/malditaciencia\/20220214\/tipos-soledad-desear-salud-publica\/\" target=\"_blank\" rel=\"noopener\" aria-label=\"Los distintos tipos de soledad no deseada y por qu\u00e9 son un problema de ...\" data-citationid=\"036cb80a-252e-7b1f-247a-aaab4e79a0b4\"><span class=\"text-container\">maldita.es<\/span><\/a><\/li>\n<li class=\"attribution-items\"><a class=\"attribution-item\" href=\"https:\/\/www.alimente.elconfidencial.com\/bienestar\/2023-01-31\/soledad-enfermedades-cardiovasculares-demencia_3561781\/\" target=\"_blank\" rel=\"noopener\" aria-label=\"La soledad no deseada mata igual que las enfermedades\" data-citationid=\"28569d49-a574-15ad-efae-06f3296ae776\"><span class=\"text-container\">alimente.elconfidencial.com<\/span><\/a><\/li>\n<li class=\"attribution-items\"><a class=\"attribution-item\" href=\"https:\/\/www.comillas.edu\/noticias\/la-soledad-en-espana-crece-un-50-segun-el-informe-espana-2020\/\" target=\"_blank\" rel=\"noopener\" aria-label=\"Informe Espa\u00f1a 2020: la soledad en Espa\u00f1a crece un 50% - Comillas\" data-citationid=\"23c19a1e-dd69-e88f-1163-8a267fe52018\"><span class=\"text-container\">comillas.edu<\/span><\/a><a class=\"attribution-item\" href=\"https:\/\/www.rtve.es\/noticias\/20230417\/soledad-no-deseada-espana-2021-estudio-observatorio-estatal\/2439133.shtml\" target=\"_blank\" rel=\"noopener\" aria-label=\"Soledad no deseada: el 40% de los que la sufren, menores de 34 a\u00f1os\" data-citationid=\"076deb65-48b9-5d7f-af19-75ff22388062\"><span class=\"badge\">5<\/span><span class=\"text-container\">rtve.es<\/span><\/a><\/li>\n<li class=\"attribution-items\"><a class=\"attribution-item\" href=\"https:\/\/www.soledades.es\/sites\/default\/files\/contenidos\/INFORME_SOLEDAD_REVISADO-2022%20REV_FINAL%20FINAL_10.12.2022.pdf\" target=\"_blank\" rel=\"noopener\" aria-label=\"LA SOLEDAD NO DESEADA COMO PROBLEMA SOCIAL: UNA APROXIMACI\u00d3N A SU ...\" data-citationid=\"05cf0bbd-e943-50d0-4920-8aef3f9c9a90\"><span class=\"text-container\">soledades.es<\/span><\/a><\/li>\n<\/ol>\n<\/div>\n<div><\/div>\n<\/div>\n","protected":false},"excerpt":{"rendered":"<p>La soledad no deseada es la sensaci\u00f3n de no tener suficientes relaciones sociales y afectivas o que estas no sean satisfactorias. Esto puede generar malestar psicol\u00f3gico y emocional, as\u00ed como afectar a la salud f\u00edsica y mental de las personas que la sufren. La soledad no deseada puede tener distintas causas como la falta de [&hellip;]<\/p>\n","protected":false},"author":1,"featured_media":3303,"comment_status":"open","ping_status":"closed","sticky":false,"template":"","format":"standard","meta":{"site-container-style":"default","site-container-layout":"default","site-sidebar-layout":"default","disable-article-header":"default","disable-site-header":"default","disable-site-footer":"default","disable-content-area-spacing":"default","_jetpack_newsletter_access":"","_jetpack_dont_email_post_to_subs":false,"_jetpack_newsletter_tier_id":0,"_jetpack_memberships_contains_paywalled_content":false,"_jetpack_feature_clip_id":0,"_jetpack_memberships_contains_paid_content":false,"footnotes":"","jetpack_publicize_message":"","jetpack_publicize_feature_enabled":true,"jetpack_social_post_already_shared":false,"jetpack_social_options":{"image_generator_settings":{"template":"highway","default_image_id":0,"font":"","enabled":false},"version":2},"jetpack_post_was_ever_published":false},"categories":[15],"tags":[68,835,839,836,228,838,842,843,841,330,837,834,840],"class_list":["post-3269","post","type-post","status-publish","format-standard","has-post-thumbnail","hentry","category-noticias-sociales","tag-blog-de-rafael-ramirez","tag-combatir-la-soledad-no-deseada","tag-como-podemos-combatir-la-soledad","tag-distintos-tipos-de-soledad","tag-informe","tag-informe-espana-2020","tag-la-soledad-en-espana-crece-un-50","tag-la-soledad-no-deseada-como-problema-social","tag-la-soledad-no-deseada-mata-igual-que-las-enfermedades","tag-noticias-sociales","tag-salud-fisica-y-mental","tag-soledad-no-deseada","tag-soledad-no-deseada-un-problema-de-salud-publica"],"yoast_head":"<!-- This site is optimized with the Yoast SEO plugin v28.4 - https:\/\/yoast.com\/product\/yoast-seo-wordpress\/ -->\n<title>La soledad no deseada, un problema que afecta al 13,4% de la poblaci\u00f3n. - Blog de Rafael Ram\u00edrez<\/title>\n<meta name=\"robots\" content=\"index, follow, max-snippet:-1, max-image-preview:large, max-video-preview:-1\" \/>\n<link rel=\"canonical\" href=\"https:\/\/rafaramirez.org\/blog\/index.php\/2024\/02\/09\/la-soledad-no-deseada-un-problema-que-afecta\/\" \/>\n<meta property=\"og:locale\" content=\"es_ES\" \/>\n<meta property=\"og:type\" content=\"article\" \/>\n<meta property=\"og:title\" content=\"La soledad no deseada, un problema que afecta al 13,4% de la poblaci\u00f3n. - Blog de Rafael Ram\u00edrez\" \/>\n<meta property=\"og:description\" content=\"La soledad no deseada es la sensaci\u00f3n de no tener suficientes relaciones sociales y afectivas o que estas no sean satisfactorias. Esto puede generar malestar psicol\u00f3gico y emocional, as\u00ed como afectar a la salud f\u00edsica y mental de las personas que la sufren. La soledad no deseada puede tener distintas causas como la falta de [&hellip;]\" \/>\n<meta property=\"og:url\" content=\"https:\/\/rafaramirez.org\/blog\/index.php\/2024\/02\/09\/la-soledad-no-deseada-un-problema-que-afecta\/\" \/>\n<meta property=\"og:site_name\" content=\"Blog de Rafael Ram\u00edrez\" \/>\n<meta property=\"article:published_time\" content=\"2024-02-09T07:30:11+00:00\" \/>\n<meta property=\"article:modified_time\" content=\"2024-02-09T09:30:22+00:00\" \/>\n<meta property=\"og:image\" content=\"https:\/\/rafaramirez.org\/blog\/wp-content\/uploads\/2024\/02\/soledad_banner.jpg\" \/>\n\t<meta property=\"og:image:width\" content=\"800\" \/>\n\t<meta property=\"og:image:height\" content=\"483\" \/>\n\t<meta property=\"og:image:type\" content=\"image\/jpeg\" \/>\n<meta name=\"author\" content=\"Rafael Ram\u00edrez\" \/>\n<meta name=\"twitter:card\" content=\"summary_large_image\" \/>\n<meta name=\"twitter:creator\" content=\"@rafaramirez_ok\" \/>\n<meta name=\"twitter:site\" content=\"@rafaramirez_ok\" \/>\n<meta name=\"twitter:label1\" content=\"Escrito por\" \/>\n\t<meta name=\"twitter:data1\" content=\"Rafael Ram\u00edrez\" \/>\n\t<meta name=\"twitter:label2\" content=\"Tiempo de lectura\" \/>\n\t<meta name=\"twitter:data2\" content=\"3 minutos\" \/>\n<script type=\"application\/ld+json\" class=\"yoast-schema-graph\">{\"@context\":\"https:\\\/\\\/schema.org\",\"@graph\":[{\"@type\":\"Article\",\"@id\":\"https:\\\/\\\/rafaramirez.org\\\/blog\\\/index.php\\\/2024\\\/02\\\/09\\\/la-soledad-no-deseada-un-problema-que-afecta\\\/#article\",\"isPartOf\":{\"@id\":\"https:\\\/\\\/rafaramirez.org\\\/blog\\\/index.php\\\/2024\\\/02\\\/09\\\/la-soledad-no-deseada-un-problema-que-afecta\\\/\"},\"author\":{\"name\":\"Rafael Ram\u00edrez\",\"@id\":\"https:\\\/\\\/rafaramirez.org\\\/blog\\\/#\\\/schema\\\/person\\\/50f43b6d60c578760d4c17bda54ab6a5\"},\"headline\":\"La soledad no deseada, un problema que afecta al 13,4% de la poblaci\u00f3n.\",\"datePublished\":\"2024-02-09T07:30:11+00:00\",\"dateModified\":\"2024-02-09T09:30:22+00:00\",\"mainEntityOfPage\":{\"@id\":\"https:\\\/\\\/rafaramirez.org\\\/blog\\\/index.php\\\/2024\\\/02\\\/09\\\/la-soledad-no-deseada-un-problema-que-afecta\\\/\"},\"wordCount\":571,\"commentCount\":0,\"publisher\":{\"@id\":\"https:\\\/\\\/rafaramirez.org\\\/blog\\\/#\\\/schema\\\/person\\\/50f43b6d60c578760d4c17bda54ab6a5\"},\"image\":{\"@id\":\"https:\\\/\\\/rafaramirez.org\\\/blog\\\/index.php\\\/2024\\\/02\\\/09\\\/la-soledad-no-deseada-un-problema-que-afecta\\\/#primaryimage\"},\"thumbnailUrl\":\"https:\\\/\\\/rafaramirez.org\\\/blog\\\/wp-content\\\/uploads\\\/2024\\\/02\\\/soledad_banner.jpg\",\"keywords\":[\"blog de Rafael Ram\u00edrez\",\"combatir la soledad no deseada\",\"c\u00f3mo podemos combatir la soledad\",\"distintos tipos de soledad\",\"informe\",\"Informe Espa\u00f1a 2020\",\"la soledad en Espa\u00f1a crece un 50%:\",\"La soledad no deseada como problema social\",\"La soledad no deseada mata igual que las enfermedades\",\"noticias sociales\",\"salud f\u00edsica y mental\",\"soledad no deseada\",\"soledad no deseada un problema de salud p\u00fablica\"],\"articleSection\":[\"Informe social\"],\"inLanguage\":\"es\",\"potentialAction\":[{\"@type\":\"CommentAction\",\"name\":\"Comment\",\"target\":[\"https:\\\/\\\/rafaramirez.org\\\/blog\\\/index.php\\\/2024\\\/02\\\/09\\\/la-soledad-no-deseada-un-problema-que-afecta\\\/#respond\"]}]},{\"@type\":\"WebPage\",\"@id\":\"https:\\\/\\\/rafaramirez.org\\\/blog\\\/index.php\\\/2024\\\/02\\\/09\\\/la-soledad-no-deseada-un-problema-que-afecta\\\/\",\"url\":\"https:\\\/\\\/rafaramirez.org\\\/blog\\\/index.php\\\/2024\\\/02\\\/09\\\/la-soledad-no-deseada-un-problema-que-afecta\\\/\",\"name\":\"La soledad no deseada, un problema que afecta al 13,4% de la poblaci\u00f3n. - Blog de Rafael Ram\u00edrez\",\"isPartOf\":{\"@id\":\"https:\\\/\\\/rafaramirez.org\\\/blog\\\/#website\"},\"primaryImageOfPage\":{\"@id\":\"https:\\\/\\\/rafaramirez.org\\\/blog\\\/index.php\\\/2024\\\/02\\\/09\\\/la-soledad-no-deseada-un-problema-que-afecta\\\/#primaryimage\"},\"image\":{\"@id\":\"https:\\\/\\\/rafaramirez.org\\\/blog\\\/index.php\\\/2024\\\/02\\\/09\\\/la-soledad-no-deseada-un-problema-que-afecta\\\/#primaryimage\"},\"thumbnailUrl\":\"https:\\\/\\\/rafaramirez.org\\\/blog\\\/wp-content\\\/uploads\\\/2024\\\/02\\\/soledad_banner.jpg\",\"datePublished\":\"2024-02-09T07:30:11+00:00\",\"dateModified\":\"2024-02-09T09:30:22+00:00\",\"breadcrumb\":{\"@id\":\"https:\\\/\\\/rafaramirez.org\\\/blog\\\/index.php\\\/2024\\\/02\\\/09\\\/la-soledad-no-deseada-un-problema-que-afecta\\\/#breadcrumb\"},\"inLanguage\":\"es\",\"potentialAction\":[{\"@type\":\"ReadAction\",\"target\":[\"https:\\\/\\\/rafaramirez.org\\\/blog\\\/index.php\\\/2024\\\/02\\\/09\\\/la-soledad-no-deseada-un-problema-que-afecta\\\/\"]}]},{\"@type\":\"ImageObject\",\"inLanguage\":\"es\",\"@id\":\"https:\\\/\\\/rafaramirez.org\\\/blog\\\/index.php\\\/2024\\\/02\\\/09\\\/la-soledad-no-deseada-un-problema-que-afecta\\\/#primaryimage\",\"url\":\"https:\\\/\\\/rafaramirez.org\\\/blog\\\/wp-content\\\/uploads\\\/2024\\\/02\\\/soledad_banner.jpg\",\"contentUrl\":\"https:\\\/\\\/rafaramirez.org\\\/blog\\\/wp-content\\\/uploads\\\/2024\\\/02\\\/soledad_banner.jpg\",\"width\":800,\"height\":483,\"caption\":\"Soledad no deseada. Blog de Rafael Ram\u00edrez.\"},{\"@type\":\"BreadcrumbList\",\"@id\":\"https:\\\/\\\/rafaramirez.org\\\/blog\\\/index.php\\\/2024\\\/02\\\/09\\\/la-soledad-no-deseada-un-problema-que-afecta\\\/#breadcrumb\",\"itemListElement\":[{\"@type\":\"ListItem\",\"position\":1,\"name\":\"Portada\",\"item\":\"https:\\\/\\\/rafaramirez.org\\\/blog\\\/\"},{\"@type\":\"ListItem\",\"position\":2,\"name\":\"La soledad no deseada, un problema que afecta al 13,4% de la poblaci\u00f3n.\"}]},{\"@type\":\"WebSite\",\"@id\":\"https:\\\/\\\/rafaramirez.org\\\/blog\\\/#website\",\"url\":\"https:\\\/\\\/rafaramirez.org\\\/blog\\\/\",\"name\":\"Blog de Rafael Ram\u00edrez\",\"description\":\"Un sitio social, de arte y cultura\",\"publisher\":{\"@id\":\"https:\\\/\\\/rafaramirez.org\\\/blog\\\/#\\\/schema\\\/person\\\/50f43b6d60c578760d4c17bda54ab6a5\"},\"potentialAction\":[{\"@type\":\"SearchAction\",\"target\":{\"@type\":\"EntryPoint\",\"urlTemplate\":\"https:\\\/\\\/rafaramirez.org\\\/blog\\\/?s={search_term_string}\"},\"query-input\":{\"@type\":\"PropertyValueSpecification\",\"valueRequired\":true,\"valueName\":\"search_term_string\"}}],\"inLanguage\":\"es\"},{\"@type\":[\"Person\",\"Organization\"],\"@id\":\"https:\\\/\\\/rafaramirez.org\\\/blog\\\/#\\\/schema\\\/person\\\/50f43b6d60c578760d4c17bda54ab6a5\",\"name\":\"Rafael Ram\u00edrez\",\"image\":{\"@type\":\"ImageObject\",\"inLanguage\":\"es\",\"@id\":\"https:\\\/\\\/rafaramirez.org\\\/blog\\\/wp-content\\\/uploads\\\/2024\\\/09\\\/RR_socialnetwork.jpg\",\"url\":\"https:\\\/\\\/rafaramirez.org\\\/blog\\\/wp-content\\\/uploads\\\/2024\\\/09\\\/RR_socialnetwork.jpg\",\"contentUrl\":\"https:\\\/\\\/rafaramirez.org\\\/blog\\\/wp-content\\\/uploads\\\/2024\\\/09\\\/RR_socialnetwork.jpg\",\"width\":600,\"height\":606,\"caption\":\"Rafael Ram\u00edrez\"},\"logo\":{\"@id\":\"https:\\\/\\\/rafaramirez.org\\\/blog\\\/wp-content\\\/uploads\\\/2024\\\/09\\\/RR_socialnetwork.jpg\"},\"sameAs\":[\"https:\\\/\\\/www.rafaramirez.org\\\/blog\",\"https:\\\/\\\/www.instagram.com\\\/rafaramirez_ok\\\/\",\"https:\\\/\\\/es.pinterest.com\\\/Ramirez_Rafa\\\/\",\"https:\\\/\\\/x.com\\\/rafaramirez_ok\"],\"url\":\"https:\\\/\\\/rafaramirez.org\\\/blog\\\/index.php\\\/author\\\/rafaell_qm6j97da\\\/\"}]}<\/script>\n<!-- \/ Yoast SEO plugin. -->","yoast_head_json":{"title":"La soledad no deseada, un problema que afecta al 13,4% de la poblaci\u00f3n. - Blog de Rafael Ram\u00edrez","robots":{"index":"index","follow":"follow","max-snippet":"max-snippet:-1","max-image-preview":"max-image-preview:large","max-video-preview":"max-video-preview:-1"},"canonical":"https:\/\/rafaramirez.org\/blog\/index.php\/2024\/02\/09\/la-soledad-no-deseada-un-problema-que-afecta\/","og_locale":"es_ES","og_type":"article","og_title":"La soledad no deseada, un problema que afecta al 13,4% de la poblaci\u00f3n. - Blog de Rafael Ram\u00edrez","og_description":"La soledad no deseada es la sensaci\u00f3n de no tener suficientes relaciones sociales y afectivas o que estas no sean satisfactorias. Esto puede generar malestar psicol\u00f3gico y emocional, as\u00ed como afectar a la salud f\u00edsica y mental de las personas que la sufren. La soledad no deseada puede tener distintas causas como la falta de [&hellip;]","og_url":"https:\/\/rafaramirez.org\/blog\/index.php\/2024\/02\/09\/la-soledad-no-deseada-un-problema-que-afecta\/","og_site_name":"Blog de Rafael Ram\u00edrez","article_published_time":"2024-02-09T07:30:11+00:00","article_modified_time":"2024-02-09T09:30:22+00:00","og_image":[{"width":800,"height":483,"url":"https:\/\/rafaramirez.org\/blog\/wp-content\/uploads\/2024\/02\/soledad_banner.jpg","type":"image\/jpeg"}],"author":"Rafael Ram\u00edrez","twitter_card":"summary_large_image","twitter_creator":"@rafaramirez_ok","twitter_site":"@rafaramirez_ok","twitter_misc":{"Escrito por":"Rafael Ram\u00edrez","Tiempo de lectura":"3 minutos"},"schema":{"@context":"https:\/\/schema.org","@graph":[{"@type":"Article","@id":"https:\/\/rafaramirez.org\/blog\/index.php\/2024\/02\/09\/la-soledad-no-deseada-un-problema-que-afecta\/#article","isPartOf":{"@id":"https:\/\/rafaramirez.org\/blog\/index.php\/2024\/02\/09\/la-soledad-no-deseada-un-problema-que-afecta\/"},"author":{"name":"Rafael Ram\u00edrez","@id":"https:\/\/rafaramirez.org\/blog\/#\/schema\/person\/50f43b6d60c578760d4c17bda54ab6a5"},"headline":"La soledad no deseada, un problema que afecta al 13,4% de la poblaci\u00f3n.","datePublished":"2024-02-09T07:30:11+00:00","dateModified":"2024-02-09T09:30:22+00:00","mainEntityOfPage":{"@id":"https:\/\/rafaramirez.org\/blog\/index.php\/2024\/02\/09\/la-soledad-no-deseada-un-problema-que-afecta\/"},"wordCount":571,"commentCount":0,"publisher":{"@id":"https:\/\/rafaramirez.org\/blog\/#\/schema\/person\/50f43b6d60c578760d4c17bda54ab6a5"},"image":{"@id":"https:\/\/rafaramirez.org\/blog\/index.php\/2024\/02\/09\/la-soledad-no-deseada-un-problema-que-afecta\/#primaryimage"},"thumbnailUrl":"https:\/\/rafaramirez.org\/blog\/wp-content\/uploads\/2024\/02\/soledad_banner.jpg","keywords":["blog de Rafael Ram\u00edrez","combatir la soledad no deseada","c\u00f3mo podemos combatir la soledad","distintos tipos de soledad","informe","Informe Espa\u00f1a 2020","la soledad en Espa\u00f1a crece un 50%:","La soledad no deseada como problema social","La soledad no deseada mata igual que las enfermedades","noticias sociales","salud f\u00edsica y mental","soledad no deseada","soledad no deseada un problema de salud p\u00fablica"],"articleSection":["Informe social"],"inLanguage":"es","potentialAction":[{"@type":"CommentAction","name":"Comment","target":["https:\/\/rafaramirez.org\/blog\/index.php\/2024\/02\/09\/la-soledad-no-deseada-un-problema-que-afecta\/#respond"]}]},{"@type":"WebPage","@id":"https:\/\/rafaramirez.org\/blog\/index.php\/2024\/02\/09\/la-soledad-no-deseada-un-problema-que-afecta\/","url":"https:\/\/rafaramirez.org\/blog\/index.php\/2024\/02\/09\/la-soledad-no-deseada-un-problema-que-afecta\/","name":"La soledad no deseada, un problema que afecta al 13,4% de la poblaci\u00f3n. - Blog de Rafael Ram\u00edrez","isPartOf":{"@id":"https:\/\/rafaramirez.org\/blog\/#website"},"primaryImageOfPage":{"@id":"https:\/\/rafaramirez.org\/blog\/index.php\/2024\/02\/09\/la-soledad-no-deseada-un-problema-que-afecta\/#primaryimage"},"image":{"@id":"https:\/\/rafaramirez.org\/blog\/index.php\/2024\/02\/09\/la-soledad-no-deseada-un-problema-que-afecta\/#primaryimage"},"thumbnailUrl":"https:\/\/rafaramirez.org\/blog\/wp-content\/uploads\/2024\/02\/soledad_banner.jpg","datePublished":"2024-02-09T07:30:11+00:00","dateModified":"2024-02-09T09:30:22+00:00","breadcrumb":{"@id":"https:\/\/rafaramirez.org\/blog\/index.php\/2024\/02\/09\/la-soledad-no-deseada-un-problema-que-afecta\/#breadcrumb"},"inLanguage":"es","potentialAction":[{"@type":"ReadAction","target":["https:\/\/rafaramirez.org\/blog\/index.php\/2024\/02\/09\/la-soledad-no-deseada-un-problema-que-afecta\/"]}]},{"@type":"ImageObject","inLanguage":"es","@id":"https:\/\/rafaramirez.org\/blog\/index.php\/2024\/02\/09\/la-soledad-no-deseada-un-problema-que-afecta\/#primaryimage","url":"https:\/\/rafaramirez.org\/blog\/wp-content\/uploads\/2024\/02\/soledad_banner.jpg","contentUrl":"https:\/\/rafaramirez.org\/blog\/wp-content\/uploads\/2024\/02\/soledad_banner.jpg","width":800,"height":483,"caption":"Soledad no deseada. Blog de Rafael Ram\u00edrez."},{"@type":"BreadcrumbList","@id":"https:\/\/rafaramirez.org\/blog\/index.php\/2024\/02\/09\/la-soledad-no-deseada-un-problema-que-afecta\/#breadcrumb","itemListElement":[{"@type":"ListItem","position":1,"name":"Portada","item":"https:\/\/rafaramirez.org\/blog\/"},{"@type":"ListItem","position":2,"name":"La soledad no deseada, un problema que afecta al 13,4% de la poblaci\u00f3n."}]},{"@type":"WebSite","@id":"https:\/\/rafaramirez.org\/blog\/#website","url":"https:\/\/rafaramirez.org\/blog\/","name":"Blog de Rafael Ram\u00edrez","description":"Un sitio social, de arte y cultura","publisher":{"@id":"https:\/\/rafaramirez.org\/blog\/#\/schema\/person\/50f43b6d60c578760d4c17bda54ab6a5"},"potentialAction":[{"@type":"SearchAction","target":{"@type":"EntryPoint","urlTemplate":"https:\/\/rafaramirez.org\/blog\/?s={search_term_string}"},"query-input":{"@type":"PropertyValueSpecification","valueRequired":true,"valueName":"search_term_string"}}],"inLanguage":"es"},{"@type":["Person","Organization"],"@id":"https:\/\/rafaramirez.org\/blog\/#\/schema\/person\/50f43b6d60c578760d4c17bda54ab6a5","name":"Rafael Ram\u00edrez","image":{"@type":"ImageObject","inLanguage":"es","@id":"https:\/\/rafaramirez.org\/blog\/wp-content\/uploads\/2024\/09\/RR_socialnetwork.jpg","url":"https:\/\/rafaramirez.org\/blog\/wp-content\/uploads\/2024\/09\/RR_socialnetwork.jpg","contentUrl":"https:\/\/rafaramirez.org\/blog\/wp-content\/uploads\/2024\/09\/RR_socialnetwork.jpg","width":600,"height":606,"caption":"Rafael Ram\u00edrez"},"logo":{"@id":"https:\/\/rafaramirez.org\/blog\/wp-content\/uploads\/2024\/09\/RR_socialnetwork.jpg"},"sameAs":["https:\/\/www.rafaramirez.org\/blog","https:\/\/www.instagram.com\/rafaramirez_ok\/","https:\/\/es.pinterest.com\/Ramirez_Rafa\/","https:\/\/x.com\/rafaramirez_ok"],"url":"https:\/\/rafaramirez.org\/blog\/index.php\/author\/rafaell_qm6j97da\/"}]}},"jetpack_publicize_connections":[],"jetpack_sharing_enabled":true,"jetpack_likes_enabled":true,"jetpack_featured_media_url":"https:\/\/rafaramirez.org\/blog\/wp-content\/uploads\/2024\/02\/soledad_banner.jpg","_links":{"self":[{"href":"https:\/\/rafaramirez.org\/blog\/index.php\/wp-json\/wp\/v2\/posts\/3269","targetHints":{"allow":["GET"]}}],"collection":[{"href":"https:\/\/rafaramirez.org\/blog\/index.php\/wp-json\/wp\/v2\/posts"}],"about":[{"href":"https:\/\/rafaramirez.org\/blog\/index.php\/wp-json\/wp\/v2\/types\/post"}],"author":[{"embeddable":true,"href":"https:\/\/rafaramirez.org\/blog\/index.php\/wp-json\/wp\/v2\/users\/1"}],"replies":[{"embeddable":true,"href":"https:\/\/rafaramirez.org\/blog\/index.php\/wp-json\/wp\/v2\/comments?post=3269"}],"version-history":[{"count":9,"href":"https:\/\/rafaramirez.org\/blog\/index.php\/wp-json\/wp\/v2\/posts\/3269\/revisions"}],"predecessor-version":[{"id":3302,"href":"https:\/\/rafaramirez.org\/blog\/index.php\/wp-json\/wp\/v2\/posts\/3269\/revisions\/3302"}],"wp:featuredmedia":[{"embeddable":true,"href":"https:\/\/rafaramirez.org\/blog\/index.php\/wp-json\/wp\/v2\/media\/3303"}],"wp:attachment":[{"href":"https:\/\/rafaramirez.org\/blog\/index.php\/wp-json\/wp\/v2\/media?parent=3269"}],"wp:term":[{"taxonomy":"category","embeddable":true,"href":"https:\/\/rafaramirez.org\/blog\/index.php\/wp-json\/wp\/v2\/categories?post=3269"},{"taxonomy":"post_tag","embeddable":true,"href":"https:\/\/rafaramirez.org\/blog\/index.php\/wp-json\/wp\/v2\/tags?post=3269"}],"curies":[{"name":"wp","href":"https:\/\/api.w.org\/{rel}","templated":true}]}}