{"id":3191,"date":"2024-02-01T08:30:27","date_gmt":"2024-02-01T07:30:27","guid":{"rendered":"https:\/\/rafaramirez.org\/blog\/?p=3191"},"modified":"2025-06-17T12:58:59","modified_gmt":"2025-06-17T10:58:59","slug":"3191-3","status":"publish","type":"post","link":"https:\/\/rafaramirez.org\/blog\/index.php\/2024\/02\/01\/3191-3\/","title":{"rendered":"Jard\u00edn de La Concepci\u00f3n, una belleza en M\u00e1laga. Fotograf\u00edas"},"content":{"rendered":"<p data-sourcepos=\"1:1-1:435\">Aqu\u00ed os dejo algunas fotos realizadas al Jard\u00edn de La Concepci\u00f3n de M\u00e1laga, hace algunos a\u00f1os. Espero que os gusten y las disfrut\u00e9is, los comentarios pod\u00e9is dejarlos abajo. Tambi\u00e9n os propongo conocer un poco m\u00e1s a trav\u00e9s de la historia de estos jardines.<\/p>\n<blockquote>\n<p data-sourcepos=\"1:1-1:435\"><strong>Fotos de Rafael Ram\u00edrez:<\/strong><\/p>\n<\/blockquote>\n<style id=\"bwg-style-0\">      #bwg_container1_0 #bwg_container2_0 #bwg_mosaic_thumbnails_div_0 {        width: 100%;        position: relative;        background-color: rgba(255, 255, 255, 0.00);        text-align: center;        justify-content: center;                  margin-left: auto;          margin-right: auto;                    padding-left: 2px;          padding-top: 2px;                }          #bwg_container1_0 #bwg_container2_0 .bwg_mosaic_thumb_spun_0 {        display: block;        position: absolute;\t\t\t\tborder-radius: 0;\t\t\t\tborder: 0px none #CCCCCC;    \t\t    \t\tbackground-color:rgba(0,0,0, 0.30);        -moz-box-sizing: content-box !important;        -webkit-box-sizing: content-box !important;        box-sizing: content-box !important;      }\t\t\t#bwg_container1_0 #bwg_container2_0 .bwg_mosaic_thumb_0 {\t\t\t\tdisplay: block;\t\t\t\t-moz-box-sizing: content-box !important;\t\t\t\t-webkit-box-sizing: content-box !important;\t\t\t\tbox-sizing: content-box !important;\t\t\t\tmargin: 0;\t\t\t\topacity: 1.00;\t\t\t}      #bwg_container1_0 #bwg_container2_0 .bwg_mosaic_thumb_spun_0:hover {        opacity: 1;        backface-visibility: hidden;        -webkit-backface-visibility: hidden;        -moz-backface-visibility: hidden;        -ms-backface-visibility: hidden;        z-index: 102;      }\t     @media only screen and (min-width: 480px) {\t\t#bwg_container1_0 #bwg_container2_0 .bwg-container-0.bwg-mosaic-thumbnails .bwg-item0 img {\t\t\t-webkit-transition: -webkit-transform .3s; transition: transform .3s;\t\t}\t\t#bwg_container1_0 #bwg_container2_0 .bwg-container-0.bwg-mosaic-thumbnails .bwg-item0 img:hover {\t\t\t-ms-transform: scale(1.08);\t\t\t-webkit-transform: scale(1.08);\t\t\ttransform: scale(1.08);\t\t}\t\t      }\t      #bwg_container1_0 #bwg_container2_0 .bwg_mosaic_thumbnails_0 {        background-color: rgba(255, 255, 255, 0.00);        font-size: 0;        position: relative;        text-align: center;        display: inline-block;        visibility: hidden;              }\t  \/*image title styles*\/      #bwg_container1_0 #bwg_container2_0 .bwg_mosaic_title_spun1_0,      #bwg_container1_0 #bwg_container2_0 .bwg-mosaic-thumbnails .bwg_ecommerce_spun1_0 {        position: absolute;        display: block;        opacity: 0;        box-sizing: border-box;        text-align: center;\t\t\t\ttop: 50%;\t\t\t\tleft: 50%;\t\t\t\ttransform: translate(-50%, -50%);      }      #bwg_container1_0 #bwg_container2_0 .bwg-mosaic-thumbnails .bwg_mosaic_title_spun2_0,      #bwg_container1_0 #bwg_container2_0 .bwg-mosaic-thumbnails .bwg_ecommerce_spun2_0 {\t\t    color: #323A45;        font-family: Ubuntu;        font-size: 16px;        font-weight: bold;        text-shadow: ;        vertical-align: middle;        word-wrap: break-word;      }            .bwg_mosaic_play_icon_spun_0 {        display: table;        position: absolute;        left: -10000px;        top: 0px;        opacity: 0;      }      .bwg_mosaic_play_icon_0 {        color: #323A45;        font-size: 32px;        vertical-align: middle;        display: table-cell !important;        z-index: 1;        text-align: center;        margin: 0 auto;      }      #bwg_container1_0 #bwg_container2_0 .bwg_gal_title_0 {        background-color: rgba(0, 0, 0, 0);        color: #323A45;        display: block;        font-family: Ubuntu;        font-size: 16px;        font-weight: bold;        padding: 2px;        text-shadow: ;        text-align: center;      }            @media screen and (max-width: 350px) {      div[class^=\"bwg_mosaic_thumbnails_\"],      span[class^=\"bwg_mosaic_thumb_spun_\"] {      width: 100% !important;      }      img[class^=\"bwg_mosaic_thumb_\"] {      width: 100% !important;      height: auto !important;      margin: 0px auto !important;      }      }      <\/style>    <div id=\"bwg_container1_0\"         class=\"bwg_container bwg_thumbnail bwg_thumbnails_mosaic \"         data-right-click-protection=\"1\"         data-bwg=\"0\"         data-scroll=\"0\"         data-gallery-type=\"thumbnails_mosaic\"         data-gallery-view-type=\"thumbnails_mosaic\"         data-current-url=\"\/blog\/index.php\/wp-json\/wp\/v2\/posts\/3191\"         data-lightbox-url=\"https:\/\/rafaramirez.org\/blog\/wp-admin\/admin-ajax.php?action=GalleryBox&#038;current_view=0&#038;gallery_id=4&#038;tag=0&#038;theme_id=1&#038;shortcode_id=9&#038;sort_by=order&#038;order_by=asc&#038;current_url=%2Fblog%2Findex.php%2Fwp-json%2Fwp%2Fv2%2Fposts%2F3191\"         data-gallery-id=\"4\"         data-popup-width=\"800\"         data-popup-height=\"500\"         data-is-album=\"gallery\"         data-buttons-position=\"bottom\">      <div id=\"bwg_container2_0\">             <div id=\"ajax_loading_0\" class=\"bwg_loading_div_1\">      <div class=\"bwg_loading_div_2\">        <div class=\"bwg_loading_div_3\">          <div id=\"loading_div_0\" class=\"bwg_spider_ajax_loading\">          <\/div>        <\/div>      <\/div>    <\/div>            <form id=\"gal_front_form_0\"              class=\"bwg-hidden\"              method=\"post\"              action=\"#\"              data-current=\"0\"              data-shortcode-id=\"9\"              data-gallery-type=\"thumbnails_mosaic\"              data-gallery-id=\"4\"              data-tag=\"0\"              data-album-id=\"0\"              data-theme-id=\"1\"              data-ajax-url=\"https:\/\/rafaramirez.org\/blog\/wp-admin\/admin-ajax.php?action=bwg_frontend_data\">          <div id=\"bwg_container3_0\" class=\"bwg-background bwg-background-0\">                <div id=\"bwg_mosaic_thumbnails_div_0\"         class=\"bwg-container-0 bwg-container bwg-mosaic-thumbnails\"         data-bwg=\"0\"         data-mosaic-direction=\"vertical\"         data-resizable=\"0\"         data-width=\"250\"         data-height=\"250\"         data-total-width=\"100\"         data-block-id=\"bwg_thumbnails_mosaic_0\"         data-thumb-padding=\"2\"         data-thumb-border=\"0\"         data-title-margin=\"2px\"         data-image-title=\"none\"         data-play-icon=\"1\"         data-ecommerce-icon=\"none\"         data-gallery-id=\"4\"         data-lightbox-url=\"https:\/\/rafaramirez.org\/blog\/wp-admin\/admin-ajax.php?action=GalleryBox&#038;current_view=0&#038;gallery_id=4&#038;tag=0&#038;theme_id=1&#038;shortcode_id=9&#038;sort_by=order&#038;order_by=asc&#038;current_url=%2Fblog%2Findex.php%2Fwp-json%2Fwp%2Fv2%2Fposts%2F3191\"         data-mosaic-thumb-transition=\"1\"         style=\"visibility: hidden\" >      <div id=\"bwg_thumbnails_mosaic_0\" class=\"bwg_mosaic_thumbnails_0\">                  <a  class=\"bwg-a bwg_lightbox bwg_lightbox_0\" href=\"https:\/\/rafaramirez.org\/blog\/wp-content\/uploads\/photo-gallery\/imported_from_media_libray\/Jardin_Concepcion_por_Rafael_Ramirez_logblog.jpg?bwg=1721641999\" data-image-id=\"15\" data-elementor-open-lightbox=\"no\">          <div class=\"bwg_mosaic_thumb_spun_0 bwg-item0 bwg-mosaic-thumb-span \">            <img decoding=\"async\" class=\"bwg_mosaic_thumb_0 skip-lazy bwg_img_clear bwg_img_custom \"                 id=\"15\"                 src=\"https:\/\/rafaramirez.org\/blog\/wp-content\/uploads\/photo-gallery\/imported_from_media_libray\/thumb\/Jardin_Concepcion_por_Rafael_Ramirez_logblog.jpg?bwg=1721641999\"                 data-src=\"https:\/\/rafaramirez.org\/blog\/wp-content\/uploads\/photo-gallery\/imported_from_media_libray\/thumb\/Jardin_Concepcion_por_Rafael_Ramirez_logblog.jpg?bwg=1721641999\"                 data-width=\"375.00\"                 data-height=\"500.00\"                 alt=\"Jardin de la Concepcion fotograf\u00eda de Rafael Ram\u00edrez\"                 title=\"Jardin de la Concepcion fotograf\u00eda de Rafael Ram\u00edrez\" \/>                      <\/div>        <\/a>                <a  class=\"bwg-a bwg_lightbox bwg_lightbox_0\" href=\"https:\/\/rafaramirez.org\/blog\/wp-content\/uploads\/photo-gallery\/imported_from_media_libray\/Jardin_Concepcion_por_Rafael_Ramirez_logblog_2.jpg?bwg=1721641999\" data-image-id=\"16\" data-elementor-open-lightbox=\"no\">          <div class=\"bwg_mosaic_thumb_spun_0 bwg-item0 bwg-mosaic-thumb-span \">            <img decoding=\"async\" class=\"bwg_mosaic_thumb_0 skip-lazy bwg_img_clear bwg_img_custom \"                 id=\"16\"                 src=\"https:\/\/rafaramirez.org\/blog\/wp-content\/uploads\/photo-gallery\/imported_from_media_libray\/thumb\/Jardin_Concepcion_por_Rafael_Ramirez_logblog_2.jpg?bwg=1721641999\"                 data-src=\"https:\/\/rafaramirez.org\/blog\/wp-content\/uploads\/photo-gallery\/imported_from_media_libray\/thumb\/Jardin_Concepcion_por_Rafael_Ramirez_logblog_2.jpg?bwg=1721641999\"                 data-width=\"375.00\"                 data-height=\"500.00\"                 alt=\"Jardin de la Concepcion fotograf\u00eda de Rafael Ram\u00edrez\"                 title=\"Jardin de la Concepcion fotograf\u00eda de Rafael Ram\u00edrez\" \/>                      <\/div>        <\/a>                <a  class=\"bwg-a bwg_lightbox bwg_lightbox_0\" href=\"https:\/\/rafaramirez.org\/blog\/wp-content\/uploads\/photo-gallery\/imported_from_media_libray\/Jardin_Concepcion_por_Rafael_Ramirez_logblog_3.jpg?bwg=1721641999\" data-image-id=\"17\" data-elementor-open-lightbox=\"no\">          <div class=\"bwg_mosaic_thumb_spun_0 bwg-item0 bwg-mosaic-thumb-span \">            <img decoding=\"async\" class=\"bwg_mosaic_thumb_0 skip-lazy bwg_img_clear bwg_img_custom \"                 id=\"17\"                 src=\"https:\/\/rafaramirez.org\/blog\/wp-content\/uploads\/photo-gallery\/imported_from_media_libray\/thumb\/Jardin_Concepcion_por_Rafael_Ramirez_logblog_3.jpg?bwg=1721641999\"                 data-src=\"https:\/\/rafaramirez.org\/blog\/wp-content\/uploads\/photo-gallery\/imported_from_media_libray\/thumb\/Jardin_Concepcion_por_Rafael_Ramirez_logblog_3.jpg?bwg=1721641999\"                 data-width=\"500.00\"                 data-height=\"375.00\"                 alt=\"Jardin de la Concepcion fotograf\u00eda de Rafael Ram\u00edrez\"                 title=\"Jardin de la Concepcion fotograf\u00eda de Rafael Ram\u00edrez\" \/>                      <\/div>        <\/a>                <a  class=\"bwg-a bwg_lightbox bwg_lightbox_0\" href=\"https:\/\/rafaramirez.org\/blog\/wp-content\/uploads\/photo-gallery\/imported_from_media_libray\/Jardin_Concepcion_por_Rafael_Ramirez_logblog_4.jpg?bwg=1721641999\" data-image-id=\"18\" data-elementor-open-lightbox=\"no\">          <div class=\"bwg_mosaic_thumb_spun_0 bwg-item0 bwg-mosaic-thumb-span \">            <img decoding=\"async\" class=\"bwg_mosaic_thumb_0 skip-lazy bwg_img_clear bwg_img_custom \"                 id=\"18\"                 src=\"https:\/\/rafaramirez.org\/blog\/wp-content\/uploads\/photo-gallery\/imported_from_media_libray\/thumb\/Jardin_Concepcion_por_Rafael_Ramirez_logblog_4.jpg?bwg=1721641999\"                 data-src=\"https:\/\/rafaramirez.org\/blog\/wp-content\/uploads\/photo-gallery\/imported_from_media_libray\/thumb\/Jardin_Concepcion_por_Rafael_Ramirez_logblog_4.jpg?bwg=1721641999\"                 data-width=\"500.00\"                 data-height=\"375.00\"                 alt=\"Jardin de la Concepcion fotograf\u00eda de Rafael Ram\u00edrez\"                 title=\"Jardin de la Concepcion fotograf\u00eda de Rafael Ram\u00edrez\" \/>                      <\/div>        <\/a>                <a  class=\"bwg-a bwg_lightbox bwg_lightbox_0\" href=\"https:\/\/rafaramirez.org\/blog\/wp-content\/uploads\/photo-gallery\/imported_from_media_libray\/Jardin_Concepcion_por_Rafael_Ramirez_logblog_5.jpg?bwg=1721641999\" data-image-id=\"19\" data-elementor-open-lightbox=\"no\">          <div class=\"bwg_mosaic_thumb_spun_0 bwg-item0 bwg-mosaic-thumb-span \">            <img decoding=\"async\" class=\"bwg_mosaic_thumb_0 skip-lazy bwg_img_clear bwg_img_custom \"                 id=\"19\"                 src=\"https:\/\/rafaramirez.org\/blog\/wp-content\/uploads\/photo-gallery\/imported_from_media_libray\/thumb\/Jardin_Concepcion_por_Rafael_Ramirez_logblog_5.jpg?bwg=1721641999\"                 data-src=\"https:\/\/rafaramirez.org\/blog\/wp-content\/uploads\/photo-gallery\/imported_from_media_libray\/thumb\/Jardin_Concepcion_por_Rafael_Ramirez_logblog_5.jpg?bwg=1721641999\"                 data-width=\"337.00\"                 data-height=\"500.00\"                 alt=\"Jardin de la Concepcion fotograf\u00eda de Rafael Ram\u00edrez\"                 title=\"Jardin de la Concepcion fotograf\u00eda de Rafael Ram\u00edrez\" \/>                      <\/div>        <\/a>                <a  class=\"bwg-a bwg_lightbox bwg_lightbox_0\" href=\"https:\/\/rafaramirez.org\/blog\/wp-content\/uploads\/photo-gallery\/imported_from_media_libray\/Jardin_Concepcion_por_Rafael_Ramirez_logblog_6.jpg?bwg=1721641999\" data-image-id=\"20\" data-elementor-open-lightbox=\"no\">          <div class=\"bwg_mosaic_thumb_spun_0 bwg-item0 bwg-mosaic-thumb-span \">            <img decoding=\"async\" class=\"bwg_mosaic_thumb_0 skip-lazy bwg_img_clear bwg_img_custom \"                 id=\"20\"                 src=\"https:\/\/rafaramirez.org\/blog\/wp-content\/uploads\/photo-gallery\/imported_from_media_libray\/thumb\/Jardin_Concepcion_por_Rafael_Ramirez_logblog_6.jpg?bwg=1721641999\"                 data-src=\"https:\/\/rafaramirez.org\/blog\/wp-content\/uploads\/photo-gallery\/imported_from_media_libray\/thumb\/Jardin_Concepcion_por_Rafael_Ramirez_logblog_6.jpg?bwg=1721641999\"                 data-width=\"500.00\"                 data-height=\"375.00\"                 alt=\"Jardin de la Concepcion fotograf\u00eda de Rafael Ram\u00edrez\"                 title=\"Jardin de la Concepcion fotograf\u00eda de Rafael Ram\u00edrez\" \/>                      <\/div>        <\/a>                <a  class=\"bwg-a bwg_lightbox bwg_lightbox_0\" href=\"https:\/\/rafaramirez.org\/blog\/wp-content\/uploads\/photo-gallery\/imported_from_media_libray\/Jardin_Concepcion_por_Rafael_Ramirez_logblog_7.jpg?bwg=1721641999\" data-image-id=\"21\" data-elementor-open-lightbox=\"no\">          <div class=\"bwg_mosaic_thumb_spun_0 bwg-item0 bwg-mosaic-thumb-span \">            <img decoding=\"async\" class=\"bwg_mosaic_thumb_0 skip-lazy bwg_img_clear bwg_img_custom \"                 id=\"21\"                 src=\"https:\/\/rafaramirez.org\/blog\/wp-content\/uploads\/photo-gallery\/imported_from_media_libray\/thumb\/Jardin_Concepcion_por_Rafael_Ramirez_logblog_7.jpg?bwg=1721641999\"                 data-src=\"https:\/\/rafaramirez.org\/blog\/wp-content\/uploads\/photo-gallery\/imported_from_media_libray\/thumb\/Jardin_Concepcion_por_Rafael_Ramirez_logblog_7.jpg?bwg=1721641999\"                 data-width=\"375.00\"                 data-height=\"500.00\"                 alt=\"Jardin de la Concepcion fotograf\u00eda de Rafael Ram\u00edrez\"                 title=\"Jardin de la Concepcion fotograf\u00eda de Rafael Ram\u00edrez\" \/>                      <\/div>        <\/a>                <a  class=\"bwg-a bwg_lightbox bwg_lightbox_0\" href=\"https:\/\/rafaramirez.org\/blog\/wp-content\/uploads\/photo-gallery\/imported_from_media_libray\/Jardin_Concepcion_por_Rafael_Ramirez_logblog_8.jpg?bwg=1721641999\" data-image-id=\"22\" data-elementor-open-lightbox=\"no\">          <div class=\"bwg_mosaic_thumb_spun_0 bwg-item0 bwg-mosaic-thumb-span \">            <img decoding=\"async\" class=\"bwg_mosaic_thumb_0 skip-lazy bwg_img_clear bwg_img_custom \"                 id=\"22\"                 src=\"https:\/\/rafaramirez.org\/blog\/wp-content\/uploads\/photo-gallery\/imported_from_media_libray\/thumb\/Jardin_Concepcion_por_Rafael_Ramirez_logblog_8.jpg?bwg=1721641999\"                 data-src=\"https:\/\/rafaramirez.org\/blog\/wp-content\/uploads\/photo-gallery\/imported_from_media_libray\/thumb\/Jardin_Concepcion_por_Rafael_Ramirez_logblog_8.jpg?bwg=1721641999\"                 data-width=\"375.00\"                 data-height=\"500.00\"                 alt=\"Jardin de la Concepcion fotograf\u00eda de Rafael Ram\u00edrez\"                 title=\"Jardin de la Concepcion fotograf\u00eda de Rafael Ram\u00edrez\" \/>                      <\/div>        <\/a>                <a  class=\"bwg-a bwg_lightbox bwg_lightbox_0\" href=\"https:\/\/rafaramirez.org\/blog\/wp-content\/uploads\/photo-gallery\/imported_from_media_libray\/Jardin_Concepcion_por_Rafael_Ramirez_logblog_9.jpg?bwg=1721641999\" data-image-id=\"23\" data-elementor-open-lightbox=\"no\">          <div class=\"bwg_mosaic_thumb_spun_0 bwg-item0 bwg-mosaic-thumb-span \">            <img decoding=\"async\" class=\"bwg_mosaic_thumb_0 skip-lazy bwg_img_clear bwg_img_custom \"                 id=\"23\"                 src=\"https:\/\/rafaramirez.org\/blog\/wp-content\/uploads\/photo-gallery\/imported_from_media_libray\/thumb\/Jardin_Concepcion_por_Rafael_Ramirez_logblog_9.jpg?bwg=1721641999\"                 data-src=\"https:\/\/rafaramirez.org\/blog\/wp-content\/uploads\/photo-gallery\/imported_from_media_libray\/thumb\/Jardin_Concepcion_por_Rafael_Ramirez_logblog_9.jpg?bwg=1721641999\"                 data-width=\"375.00\"                 data-height=\"500.00\"                 alt=\"Jardin de la Concepcion fotograf\u00eda de Rafael Ram\u00edrez\"                 title=\"Jardin de la Concepcion fotograf\u00eda de Rafael Ram\u00edrez\" \/>                      <\/div>        <\/a>                <a  class=\"bwg-a bwg_lightbox bwg_lightbox_0\" href=\"https:\/\/rafaramirez.org\/blog\/wp-content\/uploads\/photo-gallery\/imported_from_media_libray\/Jardin_Concepcion_por_Rafael_Ramirez_logblog_10.jpg?bwg=1721641999\" data-image-id=\"24\" data-elementor-open-lightbox=\"no\">          <div class=\"bwg_mosaic_thumb_spun_0 bwg-item0 bwg-mosaic-thumb-span \">            <img decoding=\"async\" class=\"bwg_mosaic_thumb_0 skip-lazy bwg_img_clear bwg_img_custom \"                 id=\"24\"                 src=\"https:\/\/rafaramirez.org\/blog\/wp-content\/uploads\/photo-gallery\/imported_from_media_libray\/thumb\/Jardin_Concepcion_por_Rafael_Ramirez_logblog_10.jpg?bwg=1721641999\"                 data-src=\"https:\/\/rafaramirez.org\/blog\/wp-content\/uploads\/photo-gallery\/imported_from_media_libray\/thumb\/Jardin_Concepcion_por_Rafael_Ramirez_logblog_10.jpg?bwg=1721641999\"                 data-width=\"375.00\"                 data-height=\"500.00\"                 alt=\"Jardin de la Concepcion fotograf\u00eda de Rafael Ram\u00edrez\"                 title=\"Jardin de la Concepcion fotograf\u00eda de Rafael Ram\u00edrez\" \/>                      <\/div>        <\/a>                <a  class=\"bwg-a bwg_lightbox bwg_lightbox_0\" href=\"https:\/\/rafaramirez.org\/blog\/wp-content\/uploads\/photo-gallery\/imported_from_media_libray\/Jardin_Concepcion_por_Rafael_Ramirez_logblog_11.jpg?bwg=1721641999\" data-image-id=\"25\" data-elementor-open-lightbox=\"no\">          <div class=\"bwg_mosaic_thumb_spun_0 bwg-item0 bwg-mosaic-thumb-span \">            <img decoding=\"async\" class=\"bwg_mosaic_thumb_0 skip-lazy bwg_img_clear bwg_img_custom \"                 id=\"25\"                 src=\"https:\/\/rafaramirez.org\/blog\/wp-content\/uploads\/photo-gallery\/imported_from_media_libray\/thumb\/Jardin_Concepcion_por_Rafael_Ramirez_logblog_11.jpg?bwg=1721641999\"                 data-src=\"https:\/\/rafaramirez.org\/blog\/wp-content\/uploads\/photo-gallery\/imported_from_media_libray\/thumb\/Jardin_Concepcion_por_Rafael_Ramirez_logblog_11.jpg?bwg=1721641999\"                 data-width=\"500.00\"                 data-height=\"375.00\"                 alt=\"Jardin de la Concepcion fotograf\u00eda de Rafael Ram\u00edrez\"                 title=\"Jardin de la Concepcion fotograf\u00eda de Rafael Ram\u00edrez\" \/>                      <\/div>        <\/a>                <a  class=\"bwg-a bwg_lightbox bwg_lightbox_0\" href=\"https:\/\/rafaramirez.org\/blog\/wp-content\/uploads\/photo-gallery\/imported_from_media_libray\/Jardin_Concepcion_por_Rafael_Ramirez_logblog_12.jpg?bwg=1721641999\" data-image-id=\"26\" data-elementor-open-lightbox=\"no\">          <div class=\"bwg_mosaic_thumb_spun_0 bwg-item0 bwg-mosaic-thumb-span \">            <img decoding=\"async\" class=\"bwg_mosaic_thumb_0 skip-lazy bwg_img_clear bwg_img_custom \"                 id=\"26\"                 src=\"https:\/\/rafaramirez.org\/blog\/wp-content\/uploads\/photo-gallery\/imported_from_media_libray\/thumb\/Jardin_Concepcion_por_Rafael_Ramirez_logblog_12.jpg?bwg=1721641999\"                 data-src=\"https:\/\/rafaramirez.org\/blog\/wp-content\/uploads\/photo-gallery\/imported_from_media_libray\/thumb\/Jardin_Concepcion_por_Rafael_Ramirez_logblog_12.jpg?bwg=1721641999\"                 data-width=\"375.00\"                 data-height=\"500.00\"                 alt=\"Jardin de la Concepcion fotograf\u00eda de Rafael Ram\u00edrez\"                 title=\"Jardin de la Concepcion fotograf\u00eda de Rafael Ram\u00edrez\" \/>                      <\/div>        <\/a>                <a  class=\"bwg-a bwg_lightbox bwg_lightbox_0\" href=\"https:\/\/rafaramirez.org\/blog\/wp-content\/uploads\/photo-gallery\/imported_from_media_libray\/Jardin_Concepcion_por_Rafael_Ramirez_logblog_13.jpg?bwg=1721641999\" data-image-id=\"27\" data-elementor-open-lightbox=\"no\">          <div class=\"bwg_mosaic_thumb_spun_0 bwg-item0 bwg-mosaic-thumb-span \">            <img decoding=\"async\" class=\"bwg_mosaic_thumb_0 skip-lazy bwg_img_clear bwg_img_custom \"                 id=\"27\"                 src=\"https:\/\/rafaramirez.org\/blog\/wp-content\/uploads\/photo-gallery\/imported_from_media_libray\/thumb\/Jardin_Concepcion_por_Rafael_Ramirez_logblog_13.jpg?bwg=1721641999\"                 data-src=\"https:\/\/rafaramirez.org\/blog\/wp-content\/uploads\/photo-gallery\/imported_from_media_libray\/thumb\/Jardin_Concepcion_por_Rafael_Ramirez_logblog_13.jpg?bwg=1721641999\"                 data-width=\"500.00\"                 data-height=\"375.00\"                 alt=\"Jardin de la Concepcion fotograf\u00eda de Rafael Ram\u00edrez\"                 title=\"Jardin de la Concepcion fotograf\u00eda de Rafael Ram\u00edrez\" \/>                      <\/div>        <\/a>                <a  class=\"bwg-a bwg_lightbox bwg_lightbox_0\" href=\"https:\/\/rafaramirez.org\/blog\/wp-content\/uploads\/photo-gallery\/imported_from_media_libray\/Jardin_Concepcion_por_Rafael_Ramirez_logblog_14.jpg?bwg=1721641999\" data-image-id=\"28\" data-elementor-open-lightbox=\"no\">          <div class=\"bwg_mosaic_thumb_spun_0 bwg-item0 bwg-mosaic-thumb-span \">            <img decoding=\"async\" class=\"bwg_mosaic_thumb_0 skip-lazy bwg_img_clear bwg_img_custom \"                 id=\"28\"                 src=\"https:\/\/rafaramirez.org\/blog\/wp-content\/uploads\/photo-gallery\/imported_from_media_libray\/thumb\/Jardin_Concepcion_por_Rafael_Ramirez_logblog_14.jpg?bwg=1721641999\"                 data-src=\"https:\/\/rafaramirez.org\/blog\/wp-content\/uploads\/photo-gallery\/imported_from_media_libray\/thumb\/Jardin_Concepcion_por_Rafael_Ramirez_logblog_14.jpg?bwg=1721641999\"                 data-width=\"375.00\"                 data-height=\"500.00\"                 alt=\"Jardin de la Concepcion fotograf\u00eda de Rafael Ram\u00edrez\"                 title=\"Jardin de la Concepcion fotograf\u00eda de Rafael Ram\u00edrez\" \/>                      <\/div>        <\/a>            <\/div>    <\/div>    <style>      \/*pagination styles*\/      #bwg_container1_0 #bwg_container2_0 .tablenav-pages_0 {\t\t\t\ttext-align: center;\t\t\t\tfont-size: 12px;\t\t\t\tfont-family: Ubuntu;\t\t\t\tfont-weight: bold;\t\t\t\tcolor: #666666;\t\t\t\tmargin: 6px 0 4px;\t\t\t\tdisplay: block;      }      @media only screen and (max-width : 320px) {      #bwg_container1_0 #bwg_container2_0 .displaying-num_0 {     \t display: none;      }      }      #bwg_container1_0 #bwg_container2_0 .displaying-num_0 {\t\t\t\tfont-size: 12px;\t\t\t\tfont-family: Ubuntu;\t\t\t\tfont-weight: bold;\t\t\t\tcolor: #666666;\t\t\t\tmargin-right: 10px;\t\t\t\tvertical-align: middle;      }      #bwg_container1_0 #bwg_container2_0 .paging-input_0 {\t\t\t\tfont-size: 12px;\t\t\t\tfont-family: Ubuntu;\t\t\t\tfont-weight: bold;\t\t\t\tcolor: #666666;\t\t\t\tvertical-align: middle;      }      #bwg_container1_0 #bwg_container2_0 .tablenav-pages_0 a.disabled,      #bwg_container1_0 #bwg_container2_0 .tablenav-pages_0 a.disabled:hover,      #bwg_container1_0 #bwg_container2_0 .tablenav-pages_0 a.disabled:focus,\t\t\t#bwg_container1_0 #bwg_container2_0 .tablenav-pages_0 input.bwg_current_page {\t\t\t\tcursor: default;\t\t\t\tcolor: rgba(102, 102, 102, 0.5);      }      #bwg_container1_0 #bwg_container2_0 .tablenav-pages_0 a,      #bwg_container1_0 #bwg_container2_0 .tablenav-pages_0 input.bwg_current_page {\t\t\t\tcursor: pointer;\t\t\t\ttext-align: center;\t\t\t\tfont-size: 12px;\t\t\t\tfont-family: Ubuntu;\t\t\t\tfont-weight: bold;\t\t\t\tcolor: #666666;\t\t\t\ttext-decoration: none;\t\t\t\tpadding: 3px 6px;\t\t\t\tmargin: 0;\t\t\t\tborder-radius: 0;\t\t\t\tborder-style: solid;\t\t\t\tborder-width: 1px;\t\t\t\tborder-color: #E3E3E3;\t\t\t\t\t\t\t\tbackground-color: rgba(255, 255, 255, 1.00);\t\t\t\tbox-shadow: 0;\t\t\t\ttransition: all 0.3s ease 0s;-webkit-transition: all 0.3s ease 0s;      }      <\/style>      <span class=\"bwg_nav_cont_0\">              <div class=\"tablenav-pages_0\">                  <\/div>                <input type=\"hidden\" id=\"page_number_0\" name=\"page_number_0\" value=\"1\" \/>      <script type=\"text\/javascript\">        if( jQuery('.bwg_nav_cont_0').length > 1 ) {          jQuery('.bwg_nav_cont_0').first().remove()        }        function spider_page_0(cur, x, y, load_more) {          if (typeof load_more == \"undefined\") {            var load_more = false;          }          if (jQuery(cur).hasClass('disabled')) {            return false;          }          var items_county_0 = 1;          switch (y) {            case 1:              if (x >= items_county_0) {                document.getElementById('page_number_0').value = items_county_0;              }              else {                document.getElementById('page_number_0').value = x + 1;              }              break;            case 2:              document.getElementById('page_number_0').value = items_county_0;              break;            case -1:              if (x == 1) {                document.getElementById('page_number_0').value = 1;              }              else {                document.getElementById('page_number_0').value = x - 1;              }              break;            case -2:              document.getElementById('page_number_0').value = 1;              break;\t\t\t\t\t\tcase 0:              document.getElementById('page_number_0').value = x;              break;            default:              document.getElementById('page_number_0').value = 1;          }          bwg_ajax('gal_front_form_0', '0', 'bwg_thumbnails_mosaic_0', '0', '', 'gallery', 0, '', '', load_more, '', 1);        }                    jQuery('.first-page-0').on('click', function () {              spider_page_0(this, 1, -2, 'numeric');              return false;            });            jQuery('.prev-page-0').on('click', function () {              spider_page_0(this, 1, -1, 'numeric');              return false;            });            jQuery('.next-page-0').on('click', function () {              spider_page_0(this, 1, 1, 'numeric');              return false;            });            jQuery('.last-page-0').on('click', function () {              spider_page_0(this, 1, 2, 'numeric');              return false;            });        \t\t\t\t\/* Change page on input enter. *\/        function bwg_change_page_0( e, that ) {          if (  e.key == 'Enter' ) {            var to_page = parseInt(jQuery(that).val());            var pages_count = jQuery(that).parents(\".pagination-links\").data(\"pages-count\");            var current_url_param = jQuery(that).attr('data-url-info');            if (to_page > pages_count) {              to_page = 1;            }\t \t\t\t\t\t\t\t\t\t\t\t\tspider_page_0(this, to_page, 0, 'numeric');\t\t\t\t\t\t\treturn false;\t\t\t\t\t\t          }          return true;        }        jQuery('.bwg_load_btn_0').on('click', function () {            spider_page_0(this, 1, 1, true);            return false;        });      <\/script>      <\/span>                <\/div>        <\/form>        <style>          #bwg_container1_0 #bwg_container2_0 #spider_popup_overlay_0 {          background-color: #EEEEEE;          opacity: 0.60;          }          <\/style>        <div id=\"bwg_spider_popup_loading_0\" class=\"bwg_spider_popup_loading\"><\/div>        <div id=\"spider_popup_overlay_0\" class=\"spider_popup_overlay\" onclick=\"spider_destroypopup(1000)\"><\/div>        <input type=\"hidden\" id=\"bwg_random_seed_0\" value=\"1660488317\">                <\/div>    <\/div>    <script>      if (document.readyState === 'complete') {        if( typeof bwg_main_ready == 'function' ) {          if ( jQuery(\"#bwg_container1_0\").height() ) {            bwg_main_ready(jQuery(\"#bwg_container1_0\"));          }        }      } else {        document.addEventListener('DOMContentLoaded', function() {          if( typeof bwg_main_ready == 'function' ) {            if ( jQuery(\"#bwg_container1_0\").height() ) {             bwg_main_ready(jQuery(\"#bwg_container1_0\"));            }          }        });      }    <\/script>    \n<p data-sourcepos=\"1:1-1:435\">La historia del Jard\u00edn de La Concepci\u00f3n en M\u00e1laga, Espa\u00f1a, se remonta al siglo XIX. En 1850, el matrimonio formado por Jorge Loring Oyarz\u00e1bal y Amalia Heredia Livermore, marqueses de Casa Loring, adquiri\u00f3 una finca situada a orillas del r\u00edo Guadalmedina, al norte de la ciudad. La finca, conocida como La Concepci\u00f3n, estaba dedicada a la agricultura y contaba con cultivos de cereales, olivos, almendros, vides y, sobre todo, c\u00edtricos.<\/p>\n<div class=\"attachment-container search-images\">\n<div class=\"image-container hide-from-message-actions ng-star-inserted\">\n<div class=\"caption ellipsis gmat-caption ng-star-inserted\" aria-hidden=\"true\">Los marqueses de Casa Loring eran amantes de la naturaleza y la bot\u00e1nica. Decidieron convertir la finca en un jard\u00edn de recreo, y para ello contrataron al jardinero franc\u00e9s Jacinto Chamoussent. Chamoussent fue el responsable de dise\u00f1ar y crear un jard\u00edn de estilo paisajista, con una amplia variedad de plantas tropicales y subtropicales.<\/div>\n<\/div>\n<\/div>\n<p data-sourcepos=\"7:1-7:242\">El jard\u00edn se inaugur\u00f3 en 1855 y r\u00e1pidamente se convirti\u00f3 en uno de los lugares m\u00e1s visitados de M\u00e1laga. Los marqueses de Casa Loring lo abrieron al p\u00fablico en general y lo dotaron de infraestructuras para que pudiera ser disfrutado por todos.<\/p>\n<p data-sourcepos=\"9:1-9:157\">En 1936, durante la Guerra Civil Espa\u00f1ola, el jard\u00edn sufri\u00f3 graves da\u00f1os. Sin embargo, tras la guerra fue restaurado y volvi\u00f3 a abrir sus puertas al p\u00fablico.<\/p>\n<p data-sourcepos=\"11:1-11:254\">En 1990, el Ayuntamiento de M\u00e1laga adquiri\u00f3 el jard\u00edn y lo convirti\u00f3 en un jard\u00edn bot\u00e1nico. Desde entonces ha sido objeto de una importante restauraci\u00f3n y mejora, y se ha convertido en uno de los principales atractivos tur\u00edsticos de la ciudad.<\/p>\n<p data-sourcepos=\"13:1-13:326\">El Jard\u00edn de La Concepci\u00f3n es de estilo paisajista, con una amplia variedad de plantas tropicales y subtropicales. Cuenta con m\u00e1s de 50.000 plantas, pertenecientes a m\u00e1s de 3.000 especies. Entre las plantas m\u00e1s destacadas se encuentran las palmeras, los bamb\u00faes, los ficus, las casuarinas y las orqu\u00eddeas.<\/p>\n<p data-sourcepos=\"15:1-15:225\">El jard\u00edn tambi\u00e9n cuenta con una serie de elementos arquitect\u00f3nicos, como una cascada, un estanque, un templete y un palacete. \u00c9ste, construido en el siglo XIX, es la antigua residencia de los marqueses de Casa Loring.<\/p>\n<p data-sourcepos=\"17:1-17:175\">El Jard\u00edn de La Concepci\u00f3n es un oasis de naturaleza en el coraz\u00f3n de la ciudad de M\u00e1laga. Es un lugar ideal para pasear, relajarse y disfrutar de la belleza de la naturaleza.<\/p>\n<p data-sourcepos=\"17:1-17:175\">Si visit\u00e1is la ciudad no dej\u00e9is de verlo.<\/p>\n<p data-sourcepos=\"17:1-17:175\"><strong>M\u00e1s informaci\u00f3n:<\/strong><\/p>\n<ol>\n<li data-sourcepos=\"17:1-17:175\"><a href=\"https:\/\/es.wikipedia.org\/wiki\/Jard%C3%ADn_Bot%C3%A1nico_Hist%C3%B3rico_La_Concepci%C3%B3n\" target=\"_blank\" rel=\"noopener\">Wikipedia\u00a0<\/a><\/li>\n<li data-sourcepos=\"17:1-17:175\"><a href=\"https:\/\/www.google.com\/search?q=jardin+botanico+la+concepcion+malaga+como+llegar\" target=\"_blank\" rel=\"noopener\">Ubicaci\u00f3n, c\u00f3mo llegar<\/a><\/li>\n<li data-sourcepos=\"17:1-17:175\"><a href=\"https:\/\/laconcepcion.malaga.eu\/es\/\" target=\"_blank\" rel=\"noopener\">Web del Jard\u00edn de La Concepci\u00f3n en M\u00e1laga\u00a0<\/a><\/li>\n<li data-sourcepos=\"17:1-17:175\"><a href=\"https:\/\/es.wikipedia.org\/wiki\/Marquesado_de_Casa_Loring\">Marquesado de Casa Loring &#8211; Wikipedia, la enciclopedia libre<\/a><\/li>\n<\/ol>\n","protected":false},"excerpt":{"rendered":"<p>Aqu\u00ed os dejo algunas fotos realizadas al Jard\u00edn de La Concepci\u00f3n de M\u00e1laga, hace algunos a\u00f1os. Espero que os gusten y las disfrut\u00e9is, los comentarios pod\u00e9is dejarlos abajo. Tambi\u00e9n os propongo conocer un poco m\u00e1s a trav\u00e9s de la historia de estos jardines. Fotos de Rafael Ram\u00edrez: La historia del Jard\u00edn de La Concepci\u00f3n en [&hellip;]<\/p>\n","protected":false},"author":1,"featured_media":3198,"comment_status":"open","ping_status":"closed","sticky":false,"template":"","format":"standard","meta":{"site-container-style":"default","site-container-layout":"default","site-sidebar-layout":"default","disable-article-header":"default","disable-site-header":"default","disable-site-footer":"default","disable-content-area-spacing":"default","_jetpack_newsletter_access":"","_jetpack_dont_email_post_to_subs":false,"_jetpack_newsletter_tier_id":0,"_jetpack_memberships_contains_paywalled_content":false,"_jetpack_feature_clip_id":0,"_jetpack_memberships_contains_paid_content":false,"footnotes":"","jetpack_publicize_message":"","jetpack_publicize_feature_enabled":true,"jetpack_social_post_already_shared":false,"jetpack_social_options":{"image_generator_settings":{"template":"highway","default_image_id":0,"font":"","enabled":false},"version":2},"jetpack_post_was_ever_published":false},"categories":[3],"tags":[774,780,68,779,786,771,777,776,778,770,772,773,788,276,775,787],"class_list":["post-3191","post","type-post","status-publish","format-standard","has-post-thumbnail","hentry","category-fotografia","tag-amalia-heredia-livermore","tag-ayuntamiento-de-malaga","tag-blog-de-rafael-ramirez","tag-casa-loring","tag-espacios-naturales","tag-fotografias-de-rafael-ramirez","tag-fotos-del-jardin-de-la-concepcion","tag-galeria-de-fotos","tag-jacinto-chamoussent","tag-jardin-de-la-concepcion","tag-jardines-del-siglo-19","tag-jorge-loring-oyarzabal","tag-lugares-para-pasear","tag-malaga","tag-marqueses-de-casa-loring","tag-parques"],"yoast_head":"<!-- This site is optimized with the Yoast SEO plugin v28.4 - https:\/\/yoast.com\/product\/yoast-seo-wordpress\/ -->\n<title>Jard\u00edn de La Concepci\u00f3n, una belleza en M\u00e1laga. Fotograf\u00edas - Blog de Rafael Ram\u00edrez<\/title>\n<meta name=\"robots\" content=\"index, follow, max-snippet:-1, max-image-preview:large, max-video-preview:-1\" \/>\n<link rel=\"canonical\" href=\"https:\/\/rafaramirez.org\/blog\/index.php\/2024\/02\/01\/3191-3\/\" \/>\n<meta property=\"og:locale\" content=\"es_ES\" \/>\n<meta property=\"og:type\" content=\"article\" \/>\n<meta property=\"og:title\" content=\"Jard\u00edn de La Concepci\u00f3n, una belleza en M\u00e1laga. Fotograf\u00edas - Blog de Rafael Ram\u00edrez\" \/>\n<meta property=\"og:description\" content=\"Aqu\u00ed os dejo algunas fotos realizadas al Jard\u00edn de La Concepci\u00f3n de M\u00e1laga, hace algunos a\u00f1os. Espero que os gusten y las disfrut\u00e9is, los comentarios pod\u00e9is dejarlos abajo. Tambi\u00e9n os propongo conocer un poco m\u00e1s a trav\u00e9s de la historia de estos jardines. Fotos de Rafael Ram\u00edrez: La historia del Jard\u00edn de La Concepci\u00f3n en [&hellip;]\" \/>\n<meta property=\"og:url\" content=\"https:\/\/rafaramirez.org\/blog\/index.php\/2024\/02\/01\/3191-3\/\" \/>\n<meta property=\"og:site_name\" content=\"Blog de Rafael Ram\u00edrez\" \/>\n<meta property=\"article:published_time\" content=\"2024-02-01T07:30:27+00:00\" \/>\n<meta property=\"article:modified_time\" content=\"2025-06-17T10:58:59+00:00\" \/>\n<meta property=\"og:image\" content=\"https:\/\/rafaramirez.org\/blog\/wp-content\/uploads\/2024\/02\/Jardin_Concepcion_por_Rafael_Ramirez_banner_logblog.jpg\" \/>\n\t<meta property=\"og:image:width\" content=\"600\" \/>\n\t<meta property=\"og:image:height\" content=\"450\" \/>\n\t<meta property=\"og:image:type\" content=\"image\/jpeg\" \/>\n<meta name=\"author\" content=\"Rafael Ram\u00edrez\" \/>\n<meta name=\"twitter:card\" content=\"summary_large_image\" \/>\n<meta name=\"twitter:creator\" content=\"@rafaramirez_ok\" \/>\n<meta name=\"twitter:site\" content=\"@rafaramirez_ok\" \/>\n<meta name=\"twitter:label1\" content=\"Escrito por\" \/>\n\t<meta name=\"twitter:data1\" content=\"Rafael Ram\u00edrez\" \/>\n\t<meta name=\"twitter:label2\" content=\"Tiempo de lectura\" \/>\n\t<meta name=\"twitter:data2\" content=\"3 minutos\" \/>\n<script type=\"application\/ld+json\" class=\"yoast-schema-graph\">{\"@context\":\"https:\\\/\\\/schema.org\",\"@graph\":[{\"@type\":\"Article\",\"@id\":\"https:\\\/\\\/rafaramirez.org\\\/blog\\\/index.php\\\/2024\\\/02\\\/01\\\/3191-3\\\/#article\",\"isPartOf\":{\"@id\":\"https:\\\/\\\/rafaramirez.org\\\/blog\\\/index.php\\\/2024\\\/02\\\/01\\\/3191-3\\\/\"},\"author\":{\"name\":\"Rafael Ram\u00edrez\",\"@id\":\"https:\\\/\\\/rafaramirez.org\\\/blog\\\/#\\\/schema\\\/person\\\/50f43b6d60c578760d4c17bda54ab6a5\"},\"headline\":\"Jard\u00edn de La Concepci\u00f3n, una belleza en M\u00e1laga. Fotograf\u00edas\",\"datePublished\":\"2024-02-01T07:30:27+00:00\",\"dateModified\":\"2025-06-17T10:58:59+00:00\",\"mainEntityOfPage\":{\"@id\":\"https:\\\/\\\/rafaramirez.org\\\/blog\\\/index.php\\\/2024\\\/02\\\/01\\\/3191-3\\\/\"},\"wordCount\":507,\"commentCount\":0,\"publisher\":{\"@id\":\"https:\\\/\\\/rafaramirez.org\\\/blog\\\/#\\\/schema\\\/person\\\/50f43b6d60c578760d4c17bda54ab6a5\"},\"image\":{\"@id\":\"https:\\\/\\\/rafaramirez.org\\\/blog\\\/index.php\\\/2024\\\/02\\\/01\\\/3191-3\\\/#primaryimage\"},\"thumbnailUrl\":\"https:\\\/\\\/rafaramirez.org\\\/blog\\\/wp-content\\\/uploads\\\/2024\\\/02\\\/Jardin_Concepcion_por_Rafael_Ramirez_banner_logblog.jpg\",\"keywords\":[\"Amalia Heredia Livermore\",\"Ayuntamiento de M\u00e1laga\",\"blog de Rafael Ram\u00edrez\",\"Casa Loring\",\"espacios naturales\",\"fotograf\u00edas de Rafael Ram\u00edrez\",\"fotos del jard\u00edn de la concepci\u00f3n\",\"galer\u00eda de fotos\",\"Jacinto Chamoussent\",\"Jard\u00edn de La Concepci\u00f3n\",\"jardines del siglo 19\",\"Jorge Loring Oyarz\u00e1bal\",\"lugares para pasear\",\"M\u00e1laga\",\"marqueses de Casa Loring\",\"parques\"],\"articleSection\":[\"Fotograf\u00eda &amp; Arte digital\"],\"inLanguage\":\"es\",\"potentialAction\":[{\"@type\":\"CommentAction\",\"name\":\"Comment\",\"target\":[\"https:\\\/\\\/rafaramirez.org\\\/blog\\\/index.php\\\/2024\\\/02\\\/01\\\/3191-3\\\/#respond\"]}]},{\"@type\":\"WebPage\",\"@id\":\"https:\\\/\\\/rafaramirez.org\\\/blog\\\/index.php\\\/2024\\\/02\\\/01\\\/3191-3\\\/\",\"url\":\"https:\\\/\\\/rafaramirez.org\\\/blog\\\/index.php\\\/2024\\\/02\\\/01\\\/3191-3\\\/\",\"name\":\"Jard\u00edn de La Concepci\u00f3n, una belleza en M\u00e1laga. Fotograf\u00edas - Blog de Rafael Ram\u00edrez\",\"isPartOf\":{\"@id\":\"https:\\\/\\\/rafaramirez.org\\\/blog\\\/#website\"},\"primaryImageOfPage\":{\"@id\":\"https:\\\/\\\/rafaramirez.org\\\/blog\\\/index.php\\\/2024\\\/02\\\/01\\\/3191-3\\\/#primaryimage\"},\"image\":{\"@id\":\"https:\\\/\\\/rafaramirez.org\\\/blog\\\/index.php\\\/2024\\\/02\\\/01\\\/3191-3\\\/#primaryimage\"},\"thumbnailUrl\":\"https:\\\/\\\/rafaramirez.org\\\/blog\\\/wp-content\\\/uploads\\\/2024\\\/02\\\/Jardin_Concepcion_por_Rafael_Ramirez_banner_logblog.jpg\",\"datePublished\":\"2024-02-01T07:30:27+00:00\",\"dateModified\":\"2025-06-17T10:58:59+00:00\",\"breadcrumb\":{\"@id\":\"https:\\\/\\\/rafaramirez.org\\\/blog\\\/index.php\\\/2024\\\/02\\\/01\\\/3191-3\\\/#breadcrumb\"},\"inLanguage\":\"es\",\"potentialAction\":[{\"@type\":\"ReadAction\",\"target\":[\"https:\\\/\\\/rafaramirez.org\\\/blog\\\/index.php\\\/2024\\\/02\\\/01\\\/3191-3\\\/\"]}]},{\"@type\":\"ImageObject\",\"inLanguage\":\"es\",\"@id\":\"https:\\\/\\\/rafaramirez.org\\\/blog\\\/index.php\\\/2024\\\/02\\\/01\\\/3191-3\\\/#primaryimage\",\"url\":\"https:\\\/\\\/rafaramirez.org\\\/blog\\\/wp-content\\\/uploads\\\/2024\\\/02\\\/Jardin_Concepcion_por_Rafael_Ramirez_banner_logblog.jpg\",\"contentUrl\":\"https:\\\/\\\/rafaramirez.org\\\/blog\\\/wp-content\\\/uploads\\\/2024\\\/02\\\/Jardin_Concepcion_por_Rafael_Ramirez_banner_logblog.jpg\",\"width\":600,\"height\":450,\"caption\":\"Jardin de la Concepcion fotograf\u00eda de Rafael Ram\u00edrez\"},{\"@type\":\"BreadcrumbList\",\"@id\":\"https:\\\/\\\/rafaramirez.org\\\/blog\\\/index.php\\\/2024\\\/02\\\/01\\\/3191-3\\\/#breadcrumb\",\"itemListElement\":[{\"@type\":\"ListItem\",\"position\":1,\"name\":\"Portada\",\"item\":\"https:\\\/\\\/rafaramirez.org\\\/blog\\\/\"},{\"@type\":\"ListItem\",\"position\":2,\"name\":\"Jard\u00edn de La Concepci\u00f3n, una belleza en M\u00e1laga. Fotograf\u00edas\"}]},{\"@type\":\"WebSite\",\"@id\":\"https:\\\/\\\/rafaramirez.org\\\/blog\\\/#website\",\"url\":\"https:\\\/\\\/rafaramirez.org\\\/blog\\\/\",\"name\":\"Blog de Rafael Ram\u00edrez\",\"description\":\"Un sitio social, de arte y cultura\",\"publisher\":{\"@id\":\"https:\\\/\\\/rafaramirez.org\\\/blog\\\/#\\\/schema\\\/person\\\/50f43b6d60c578760d4c17bda54ab6a5\"},\"potentialAction\":[{\"@type\":\"SearchAction\",\"target\":{\"@type\":\"EntryPoint\",\"urlTemplate\":\"https:\\\/\\\/rafaramirez.org\\\/blog\\\/?s={search_term_string}\"},\"query-input\":{\"@type\":\"PropertyValueSpecification\",\"valueRequired\":true,\"valueName\":\"search_term_string\"}}],\"inLanguage\":\"es\"},{\"@type\":[\"Person\",\"Organization\"],\"@id\":\"https:\\\/\\\/rafaramirez.org\\\/blog\\\/#\\\/schema\\\/person\\\/50f43b6d60c578760d4c17bda54ab6a5\",\"name\":\"Rafael Ram\u00edrez\",\"image\":{\"@type\":\"ImageObject\",\"inLanguage\":\"es\",\"@id\":\"https:\\\/\\\/rafaramirez.org\\\/blog\\\/wp-content\\\/uploads\\\/2024\\\/09\\\/RR_socialnetwork.jpg\",\"url\":\"https:\\\/\\\/rafaramirez.org\\\/blog\\\/wp-content\\\/uploads\\\/2024\\\/09\\\/RR_socialnetwork.jpg\",\"contentUrl\":\"https:\\\/\\\/rafaramirez.org\\\/blog\\\/wp-content\\\/uploads\\\/2024\\\/09\\\/RR_socialnetwork.jpg\",\"width\":600,\"height\":606,\"caption\":\"Rafael Ram\u00edrez\"},\"logo\":{\"@id\":\"https:\\\/\\\/rafaramirez.org\\\/blog\\\/wp-content\\\/uploads\\\/2024\\\/09\\\/RR_socialnetwork.jpg\"},\"sameAs\":[\"https:\\\/\\\/www.rafaramirez.org\\\/blog\",\"https:\\\/\\\/www.instagram.com\\\/rafaramirez_ok\\\/\",\"https:\\\/\\\/es.pinterest.com\\\/Ramirez_Rafa\\\/\",\"https:\\\/\\\/x.com\\\/rafaramirez_ok\"],\"url\":\"https:\\\/\\\/rafaramirez.org\\\/blog\\\/index.php\\\/author\\\/rafaell_qm6j97da\\\/\"}]}<\/script>\n<!-- \/ Yoast SEO plugin. -->","yoast_head_json":{"title":"Jard\u00edn de La Concepci\u00f3n, una belleza en M\u00e1laga. Fotograf\u00edas - Blog de Rafael Ram\u00edrez","robots":{"index":"index","follow":"follow","max-snippet":"max-snippet:-1","max-image-preview":"max-image-preview:large","max-video-preview":"max-video-preview:-1"},"canonical":"https:\/\/rafaramirez.org\/blog\/index.php\/2024\/02\/01\/3191-3\/","og_locale":"es_ES","og_type":"article","og_title":"Jard\u00edn de La Concepci\u00f3n, una belleza en M\u00e1laga. Fotograf\u00edas - Blog de Rafael Ram\u00edrez","og_description":"Aqu\u00ed os dejo algunas fotos realizadas al Jard\u00edn de La Concepci\u00f3n de M\u00e1laga, hace algunos a\u00f1os. Espero que os gusten y las disfrut\u00e9is, los comentarios pod\u00e9is dejarlos abajo. Tambi\u00e9n os propongo conocer un poco m\u00e1s a trav\u00e9s de la historia de estos jardines. Fotos de Rafael Ram\u00edrez: La historia del Jard\u00edn de La Concepci\u00f3n en [&hellip;]","og_url":"https:\/\/rafaramirez.org\/blog\/index.php\/2024\/02\/01\/3191-3\/","og_site_name":"Blog de Rafael Ram\u00edrez","article_published_time":"2024-02-01T07:30:27+00:00","article_modified_time":"2025-06-17T10:58:59+00:00","og_image":[{"width":600,"height":450,"url":"https:\/\/rafaramirez.org\/blog\/wp-content\/uploads\/2024\/02\/Jardin_Concepcion_por_Rafael_Ramirez_banner_logblog.jpg","type":"image\/jpeg"}],"author":"Rafael Ram\u00edrez","twitter_card":"summary_large_image","twitter_creator":"@rafaramirez_ok","twitter_site":"@rafaramirez_ok","twitter_misc":{"Escrito por":"Rafael Ram\u00edrez","Tiempo de lectura":"3 minutos"},"schema":{"@context":"https:\/\/schema.org","@graph":[{"@type":"Article","@id":"https:\/\/rafaramirez.org\/blog\/index.php\/2024\/02\/01\/3191-3\/#article","isPartOf":{"@id":"https:\/\/rafaramirez.org\/blog\/index.php\/2024\/02\/01\/3191-3\/"},"author":{"name":"Rafael Ram\u00edrez","@id":"https:\/\/rafaramirez.org\/blog\/#\/schema\/person\/50f43b6d60c578760d4c17bda54ab6a5"},"headline":"Jard\u00edn de La Concepci\u00f3n, una belleza en M\u00e1laga. Fotograf\u00edas","datePublished":"2024-02-01T07:30:27+00:00","dateModified":"2025-06-17T10:58:59+00:00","mainEntityOfPage":{"@id":"https:\/\/rafaramirez.org\/blog\/index.php\/2024\/02\/01\/3191-3\/"},"wordCount":507,"commentCount":0,"publisher":{"@id":"https:\/\/rafaramirez.org\/blog\/#\/schema\/person\/50f43b6d60c578760d4c17bda54ab6a5"},"image":{"@id":"https:\/\/rafaramirez.org\/blog\/index.php\/2024\/02\/01\/3191-3\/#primaryimage"},"thumbnailUrl":"https:\/\/rafaramirez.org\/blog\/wp-content\/uploads\/2024\/02\/Jardin_Concepcion_por_Rafael_Ramirez_banner_logblog.jpg","keywords":["Amalia Heredia Livermore","Ayuntamiento de M\u00e1laga","blog de Rafael Ram\u00edrez","Casa Loring","espacios naturales","fotograf\u00edas de Rafael Ram\u00edrez","fotos del jard\u00edn de la concepci\u00f3n","galer\u00eda de fotos","Jacinto Chamoussent","Jard\u00edn de La Concepci\u00f3n","jardines del siglo 19","Jorge Loring Oyarz\u00e1bal","lugares para pasear","M\u00e1laga","marqueses de Casa Loring","parques"],"articleSection":["Fotograf\u00eda &amp; Arte digital"],"inLanguage":"es","potentialAction":[{"@type":"CommentAction","name":"Comment","target":["https:\/\/rafaramirez.org\/blog\/index.php\/2024\/02\/01\/3191-3\/#respond"]}]},{"@type":"WebPage","@id":"https:\/\/rafaramirez.org\/blog\/index.php\/2024\/02\/01\/3191-3\/","url":"https:\/\/rafaramirez.org\/blog\/index.php\/2024\/02\/01\/3191-3\/","name":"Jard\u00edn de La Concepci\u00f3n, una belleza en M\u00e1laga. Fotograf\u00edas - Blog de Rafael Ram\u00edrez","isPartOf":{"@id":"https:\/\/rafaramirez.org\/blog\/#website"},"primaryImageOfPage":{"@id":"https:\/\/rafaramirez.org\/blog\/index.php\/2024\/02\/01\/3191-3\/#primaryimage"},"image":{"@id":"https:\/\/rafaramirez.org\/blog\/index.php\/2024\/02\/01\/3191-3\/#primaryimage"},"thumbnailUrl":"https:\/\/rafaramirez.org\/blog\/wp-content\/uploads\/2024\/02\/Jardin_Concepcion_por_Rafael_Ramirez_banner_logblog.jpg","datePublished":"2024-02-01T07:30:27+00:00","dateModified":"2025-06-17T10:58:59+00:00","breadcrumb":{"@id":"https:\/\/rafaramirez.org\/blog\/index.php\/2024\/02\/01\/3191-3\/#breadcrumb"},"inLanguage":"es","potentialAction":[{"@type":"ReadAction","target":["https:\/\/rafaramirez.org\/blog\/index.php\/2024\/02\/01\/3191-3\/"]}]},{"@type":"ImageObject","inLanguage":"es","@id":"https:\/\/rafaramirez.org\/blog\/index.php\/2024\/02\/01\/3191-3\/#primaryimage","url":"https:\/\/rafaramirez.org\/blog\/wp-content\/uploads\/2024\/02\/Jardin_Concepcion_por_Rafael_Ramirez_banner_logblog.jpg","contentUrl":"https:\/\/rafaramirez.org\/blog\/wp-content\/uploads\/2024\/02\/Jardin_Concepcion_por_Rafael_Ramirez_banner_logblog.jpg","width":600,"height":450,"caption":"Jardin de la Concepcion fotograf\u00eda de Rafael Ram\u00edrez"},{"@type":"BreadcrumbList","@id":"https:\/\/rafaramirez.org\/blog\/index.php\/2024\/02\/01\/3191-3\/#breadcrumb","itemListElement":[{"@type":"ListItem","position":1,"name":"Portada","item":"https:\/\/rafaramirez.org\/blog\/"},{"@type":"ListItem","position":2,"name":"Jard\u00edn de La Concepci\u00f3n, una belleza en M\u00e1laga. Fotograf\u00edas"}]},{"@type":"WebSite","@id":"https:\/\/rafaramirez.org\/blog\/#website","url":"https:\/\/rafaramirez.org\/blog\/","name":"Blog de Rafael Ram\u00edrez","description":"Un sitio social, de arte y cultura","publisher":{"@id":"https:\/\/rafaramirez.org\/blog\/#\/schema\/person\/50f43b6d60c578760d4c17bda54ab6a5"},"potentialAction":[{"@type":"SearchAction","target":{"@type":"EntryPoint","urlTemplate":"https:\/\/rafaramirez.org\/blog\/?s={search_term_string}"},"query-input":{"@type":"PropertyValueSpecification","valueRequired":true,"valueName":"search_term_string"}}],"inLanguage":"es"},{"@type":["Person","Organization"],"@id":"https:\/\/rafaramirez.org\/blog\/#\/schema\/person\/50f43b6d60c578760d4c17bda54ab6a5","name":"Rafael Ram\u00edrez","image":{"@type":"ImageObject","inLanguage":"es","@id":"https:\/\/rafaramirez.org\/blog\/wp-content\/uploads\/2024\/09\/RR_socialnetwork.jpg","url":"https:\/\/rafaramirez.org\/blog\/wp-content\/uploads\/2024\/09\/RR_socialnetwork.jpg","contentUrl":"https:\/\/rafaramirez.org\/blog\/wp-content\/uploads\/2024\/09\/RR_socialnetwork.jpg","width":600,"height":606,"caption":"Rafael Ram\u00edrez"},"logo":{"@id":"https:\/\/rafaramirez.org\/blog\/wp-content\/uploads\/2024\/09\/RR_socialnetwork.jpg"},"sameAs":["https:\/\/www.rafaramirez.org\/blog","https:\/\/www.instagram.com\/rafaramirez_ok\/","https:\/\/es.pinterest.com\/Ramirez_Rafa\/","https:\/\/x.com\/rafaramirez_ok"],"url":"https:\/\/rafaramirez.org\/blog\/index.php\/author\/rafaell_qm6j97da\/"}]}},"jetpack_publicize_connections":[],"jetpack_sharing_enabled":true,"jetpack_likes_enabled":true,"jetpack_featured_media_url":"https:\/\/rafaramirez.org\/blog\/wp-content\/uploads\/2024\/02\/Jardin_Concepcion_por_Rafael_Ramirez_banner_logblog.jpg","_links":{"self":[{"href":"https:\/\/rafaramirez.org\/blog\/index.php\/wp-json\/wp\/v2\/posts\/3191","targetHints":{"allow":["GET"]}}],"collection":[{"href":"https:\/\/rafaramirez.org\/blog\/index.php\/wp-json\/wp\/v2\/posts"}],"about":[{"href":"https:\/\/rafaramirez.org\/blog\/index.php\/wp-json\/wp\/v2\/types\/post"}],"author":[{"embeddable":true,"href":"https:\/\/rafaramirez.org\/blog\/index.php\/wp-json\/wp\/v2\/users\/1"}],"replies":[{"embeddable":true,"href":"https:\/\/rafaramirez.org\/blog\/index.php\/wp-json\/wp\/v2\/comments?post=3191"}],"version-history":[{"count":11,"href":"https:\/\/rafaramirez.org\/blog\/index.php\/wp-json\/wp\/v2\/posts\/3191\/revisions"}],"predecessor-version":[{"id":9723,"href":"https:\/\/rafaramirez.org\/blog\/index.php\/wp-json\/wp\/v2\/posts\/3191\/revisions\/9723"}],"wp:featuredmedia":[{"embeddable":true,"href":"https:\/\/rafaramirez.org\/blog\/index.php\/wp-json\/wp\/v2\/media\/3198"}],"wp:attachment":[{"href":"https:\/\/rafaramirez.org\/blog\/index.php\/wp-json\/wp\/v2\/media?parent=3191"}],"wp:term":[{"taxonomy":"category","embeddable":true,"href":"https:\/\/rafaramirez.org\/blog\/index.php\/wp-json\/wp\/v2\/categories?post=3191"},{"taxonomy":"post_tag","embeddable":true,"href":"https:\/\/rafaramirez.org\/blog\/index.php\/wp-json\/wp\/v2\/tags?post=3191"}],"curies":[{"name":"wp","href":"https:\/\/api.w.org\/{rel}","templated":true}]}}