{"id":3148,"date":"2024-01-31T08:30:49","date_gmt":"2024-01-31T07:30:49","guid":{"rendered":"https:\/\/rafaramirez.org\/blog\/?p=3148"},"modified":"2024-08-19T11:44:38","modified_gmt":"2024-08-19T09:44:38","slug":"cine-para-volver-a-ver-amarcord-de-federico-fellini","status":"publish","type":"post","link":"https:\/\/rafaramirez.org\/blog\/index.php\/2024\/01\/31\/cine-para-volver-a-ver-amarcord-de-federico-fellini\/","title":{"rendered":"Cine para volver a ver o descubrir: Amarcord de Federico Fellini"},"content":{"rendered":"<p style=\"text-align: left;\">Te invito a descubrir o redescubrir una de las joyas del s\u00e9ptimo arte, obra del neorrealismo italiano, la pel\u00edcula <strong>Amarcord<\/strong> dirigida por <strong>Federico Fellini<\/strong> en 1973.<\/p>\n<p>Amarcord es una palabra que proviene del dialecto de R\u00edmini, una ciudad italiana donde naci\u00f3 el director de cine Federico Fellini.\u00a0Significa literalmente \u2018yo me acuerdo\u2019, \u2018me acuerdo de\u2019 o \u2018recuerdo\u2019 en el emiliano-roma\u00f1olo, la lengua rom\u00e1nica propia de <strong>Emilia-Roma\u00f1a<\/strong>, la regi\u00f3n italiana donde est\u00e1 situada <strong>R\u00edmini<\/strong>. Amarcord es una expresi\u00f3n que refleja la nostalgia y la memoria de una \u00e9poca y un lugar.<\/p>\n<figure id=\"attachment_3154\" aria-describedby=\"caption-attachment-3154\" style=\"width: 224px\" class=\"wp-caption alignnone\"><a href=\"https:\/\/rafaramirez.org\/blog\/wp-content\/uploads\/2024\/01\/amarcord.webp\" target=\"_blank\" rel=\"noopener\"><img loading=\"lazy\" decoding=\"async\" class=\"wp-image-3154 size-medium\" src=\"https:\/\/rafaramirez.org\/blog\/wp-content\/uploads\/2024\/01\/amarcord-224x300.webp\" alt=\"Poster de Amarcord (1973) de Federico Fellini. Blog de Rafael Ram\u00edrez.\" width=\"224\" height=\"300\" srcset=\"https:\/\/rafaramirez.org\/blog\/wp-content\/uploads\/2024\/01\/amarcord-224x300.webp 224w, https:\/\/rafaramirez.org\/blog\/wp-content\/uploads\/2024\/01\/amarcord.webp 531w\" sizes=\"auto, (max-width: 224px) 100vw, 224px\" \/><\/a><figcaption id=\"caption-attachment-3154\" class=\"wp-caption-text\">Poster de Amarcord (1973) de Federico Fellini. Blog de Rafael Ram\u00edrez.<\/figcaption><\/figure>\n<p>La pel\u00edcula es una comedia dram\u00e1tica que se inspira en los recuerdos de la infancia y juventud de Fellini en un pueblo italiano durante el fascismo. La pel\u00edcula tiene un estilo muy personal y fantasioso, mezclando el realismo con lo on\u00edrico. La pel\u00edcula fue un \u00e9xito de cr\u00edtica y p\u00fablico, y gan\u00f3 el<strong> \u00d3scar a la mejor pel\u00edcula de habla no inglesa en 1974<\/strong>, adem\u00e1s de otros premios y nominaciones. La m\u00fasica de <strong>Nino Rota<\/strong> y la fotograf\u00eda de <strong>Giuseppe Rotunno<\/strong> son tambi\u00e9n elementos destacados de la obra. Amarcord es considerada una de las mejores pel\u00edculas de Fellini y de la historia del cine.<\/p>\n<figure id=\"attachment_3155\" aria-describedby=\"caption-attachment-3155\" style=\"width: 300px\" class=\"wp-caption aligncenter\"><a href=\"https:\/\/rafaramirez.org\/blog\/wp-content\/uploads\/2024\/01\/Fellini13.jpg\" target=\"_blank\" rel=\"noopener\"><img loading=\"lazy\" decoding=\"async\" class=\"wp-image-3155 size-medium\" src=\"https:\/\/rafaramirez.org\/blog\/wp-content\/uploads\/2024\/01\/Fellini13-300x167.jpg\" alt=\"Amarcord (1973) de Federico Fellini. Blog de Rafael Ram\u00edrez.\" width=\"300\" height=\"167\" srcset=\"https:\/\/rafaramirez.org\/blog\/wp-content\/uploads\/2024\/01\/Fellini13-300x167.jpg 300w, https:\/\/rafaramirez.org\/blog\/wp-content\/uploads\/2024\/01\/Fellini13.jpg 480w\" sizes=\"auto, (max-width: 300px) 100vw, 300px\" \/><\/a><figcaption id=\"caption-attachment-3155\" class=\"wp-caption-text\">Amarcord (1973) de Federico Fellini. Blog de Rafael Ram\u00edrez.<\/figcaption><\/figure>\n<p>La pel\u00edcula gan\u00f3 otros premios adem\u00e1s del <strong>\u00d3scar a la mejor pel\u00edcula extranjera<\/strong>. Algunos de ellos son:<\/p>\n<ul>\n<li><strong>Premio David di Donatello<\/strong> a la mejor pel\u00edcula y al mejor director en 1974.<\/li>\n<li><strong>Premio del C\u00edrculo de Cr\u00edticos de Nueva York<\/strong> a la mejor pel\u00edcula y al mejor director en 1974.<\/li>\n<li><strong>Premio del National Board of Review<\/strong> a la mejor pel\u00edcula de habla no inglesa en 1974.<\/li>\n<li><strong>Medalla del C\u00edrculo de Escritores Cinematogr\u00e1ficos<\/strong> a la mejor pel\u00edcula extranjera en 1975.<\/li>\n<\/ul>\n<p><strong>TRAILER DE LA PEL\u00cdCULA:<\/strong><\/p>\n<p><iframe loading=\"lazy\" title=\"YouTube video player\" src=\"https:\/\/www.youtube.com\/embed\/njXnPKunsYQ?si=LBQSsTbJKLyPQNnw\" width=\"560\" height=\"315\" frameborder=\"0\" allowfullscreen=\"allowfullscreen\"><\/iframe><\/p>\n<div class=\"learn-more-control\">\n<p><strong>Espero disfrutes de la pel\u00edcula, puedes dejar tus comentarios debajo del post. \u00a1Saludos!<\/strong><\/p>\n<p class=\"learn-more\"><strong>M\u00e1s informaci\u00f3n:<\/strong><\/p>\n<\/div>\n<ul>\n<li><a href=\"https:\/\/es.wikipedia.org\/wiki\/Federico_Fellini\" target=\"_blank\" rel=\"noopener\">Wikipedia.org (Fellini)<\/a><\/li>\n<li><a href=\"https:\/\/es.wikipedia.org\/wiki\/Amarcord\" target=\"_blank\" rel=\"noopener\">Wikipedia.org (Amarcord)<\/a><\/li>\n<li><a href=\"https:\/\/www.fotogramas.es\/noticias-cine\/a46015748\/amarcord-fellini-mejor-pelicula-infancia\/\" target=\"_blank\" rel=\"noopener\">Fotogramas.es<\/a><\/li>\n<li><a href=\"https:\/\/www.filmaffinity.com\/es\/movie-awards.php?movie-id=942205\" target=\"_blank\" rel=\"noopener\">Film Affinity.com<\/a><\/li>\n<li><a href=\"https:\/\/www.google.com\/search?q=amarcord+comprar+pelicula\" target=\"_blank\" rel=\"noopener\">\u00bfD\u00f3nde comprar Amarcord?\u00a0<\/a><\/li>\n<li><a href=\"https:\/\/www.youtube.com\/watch?v=_FY6jz-xfhw\" target=\"_blank\" rel=\"noopener\">Banda sonora de la pel\u00edcula (Youtube)<\/a><\/li>\n<\/ul>\n","protected":false},"excerpt":{"rendered":"<p>Te invito a descubrir o redescubrir una de las joyas del s\u00e9ptimo arte, obra del neorrealismo italiano, la pel\u00edcula Amarcord dirigida por Federico Fellini en 1973. Amarcord es una palabra que proviene del dialecto de R\u00edmini, una ciudad italiana donde naci\u00f3 el director de cine Federico Fellini.\u00a0Significa literalmente \u2018yo me acuerdo\u2019, \u2018me acuerdo de\u2019 o [&hellip;]<\/p>\n","protected":false},"author":1,"featured_media":3153,"comment_status":"open","ping_status":"closed","sticky":false,"template":"","format":"standard","meta":{"site-container-style":"default","site-container-layout":"default","site-sidebar-layout":"default","disable-article-header":"default","disable-site-header":"default","disable-site-footer":"default","disable-content-area-spacing":"default","_jetpack_newsletter_access":"","_jetpack_dont_email_post_to_subs":false,"_jetpack_newsletter_tier_id":0,"_jetpack_memberships_contains_paywalled_content":false,"_jetpack_feature_clip_id":0,"_jetpack_memberships_contains_paid_content":false,"footnotes":"","jetpack_publicize_message":"","jetpack_publicize_feature_enabled":true,"jetpack_social_post_already_shared":false,"jetpack_social_options":{"image_generator_settings":{"template":"highway","default_image_id":0,"font":"","enabled":false},"version":2},"jetpack_post_was_ever_published":false},"categories":[711],"tags":[756,757,68,758,760,761,762,763,768,759,765,766,767,764],"class_list":["post-3148","post","type-post","status-publish","format-standard","has-post-thumbnail","hentry","category-cine","tag-amarcord","tag-amarcord-1973","tag-blog-de-rafael-ramirez","tag-cine-con-oscar","tag-cine-italiano","tag-clasicos-del-cine","tag-critica-de-cine","tag-federico-fellini","tag-medalla-del-circulo-de-escritores-cinematograficos","tag-neorrealismo-italiano","tag-premio-david-di-donatello","tag-premio-del-circulo-de-criticos-de-nueva-york","tag-premio-del-national-board-of-review","tag-premios-oscar"],"yoast_head":"<!-- This site is optimized with the Yoast SEO plugin v28.4 - https:\/\/yoast.com\/product\/yoast-seo-wordpress\/ -->\n<title>Cine para volver a ver o descubrir: Amarcord de Federico Fellini - Blog de Rafael Ram\u00edrez<\/title>\n<meta name=\"robots\" content=\"index, follow, max-snippet:-1, max-image-preview:large, max-video-preview:-1\" \/>\n<link rel=\"canonical\" href=\"https:\/\/rafaramirez.org\/blog\/index.php\/2024\/01\/31\/cine-para-volver-a-ver-amarcord-de-federico-fellini\/\" \/>\n<meta property=\"og:locale\" content=\"es_ES\" \/>\n<meta property=\"og:type\" content=\"article\" \/>\n<meta property=\"og:title\" content=\"Cine para volver a ver o descubrir: Amarcord de Federico Fellini - Blog de Rafael Ram\u00edrez\" \/>\n<meta property=\"og:description\" content=\"Te invito a descubrir o redescubrir una de las joyas del s\u00e9ptimo arte, obra del neorrealismo italiano, la pel\u00edcula Amarcord dirigida por Federico Fellini en 1973. Amarcord es una palabra que proviene del dialecto de R\u00edmini, una ciudad italiana donde naci\u00f3 el director de cine Federico Fellini.\u00a0Significa literalmente \u2018yo me acuerdo\u2019, \u2018me acuerdo de\u2019 o [&hellip;]\" \/>\n<meta property=\"og:url\" content=\"https:\/\/rafaramirez.org\/blog\/index.php\/2024\/01\/31\/cine-para-volver-a-ver-amarcord-de-federico-fellini\/\" \/>\n<meta property=\"og:site_name\" content=\"Blog de Rafael Ram\u00edrez\" \/>\n<meta property=\"article:published_time\" content=\"2024-01-31T07:30:49+00:00\" \/>\n<meta property=\"article:modified_time\" content=\"2024-08-19T09:44:38+00:00\" \/>\n<meta property=\"og:image\" content=\"https:\/\/rafaramirez.org\/blog\/wp-content\/uploads\/2024\/01\/Amarcord_titoli.jpg\" \/>\n\t<meta property=\"og:image:width\" content=\"496\" \/>\n\t<meta property=\"og:image:height\" content=\"272\" \/>\n\t<meta property=\"og:image:type\" content=\"image\/jpeg\" \/>\n<meta name=\"author\" content=\"Rafael Ram\u00edrez\" \/>\n<meta name=\"twitter:card\" content=\"summary_large_image\" \/>\n<meta name=\"twitter:creator\" content=\"@rafaramirez_ok\" \/>\n<meta name=\"twitter:site\" content=\"@rafaramirez_ok\" \/>\n<meta name=\"twitter:label1\" content=\"Escrito por\" \/>\n\t<meta name=\"twitter:data1\" content=\"Rafael Ram\u00edrez\" \/>\n\t<meta name=\"twitter:label2\" content=\"Tiempo de lectura\" \/>\n\t<meta name=\"twitter:data2\" content=\"2 minutos\" \/>\n<script type=\"application\/ld+json\" class=\"yoast-schema-graph\">{\"@context\":\"https:\\\/\\\/schema.org\",\"@graph\":[{\"@type\":\"Article\",\"@id\":\"https:\\\/\\\/rafaramirez.org\\\/blog\\\/index.php\\\/2024\\\/01\\\/31\\\/cine-para-volver-a-ver-amarcord-de-federico-fellini\\\/#article\",\"isPartOf\":{\"@id\":\"https:\\\/\\\/rafaramirez.org\\\/blog\\\/index.php\\\/2024\\\/01\\\/31\\\/cine-para-volver-a-ver-amarcord-de-federico-fellini\\\/\"},\"author\":{\"name\":\"Rafael Ram\u00edrez\",\"@id\":\"https:\\\/\\\/rafaramirez.org\\\/blog\\\/#\\\/schema\\\/person\\\/50f43b6d60c578760d4c17bda54ab6a5\"},\"headline\":\"Cine para volver a ver o descubrir: Amarcord de Federico Fellini\",\"datePublished\":\"2024-01-31T07:30:49+00:00\",\"dateModified\":\"2024-08-19T09:44:38+00:00\",\"mainEntityOfPage\":{\"@id\":\"https:\\\/\\\/rafaramirez.org\\\/blog\\\/index.php\\\/2024\\\/01\\\/31\\\/cine-para-volver-a-ver-amarcord-de-federico-fellini\\\/\"},\"wordCount\":389,\"commentCount\":0,\"publisher\":{\"@id\":\"https:\\\/\\\/rafaramirez.org\\\/blog\\\/#\\\/schema\\\/person\\\/50f43b6d60c578760d4c17bda54ab6a5\"},\"image\":{\"@id\":\"https:\\\/\\\/rafaramirez.org\\\/blog\\\/index.php\\\/2024\\\/01\\\/31\\\/cine-para-volver-a-ver-amarcord-de-federico-fellini\\\/#primaryimage\"},\"thumbnailUrl\":\"https:\\\/\\\/rafaramirez.org\\\/blog\\\/wp-content\\\/uploads\\\/2024\\\/01\\\/Amarcord_titoli.jpg\",\"keywords\":[\"Amarcord\",\"Amarcord 1973\",\"blog de Rafael Ram\u00edrez\",\"cine con oscar\",\"cine italiano\",\"cl\u00e1sicos del cine\",\"cr\u00edtica de cine\",\"Federico Fellini\",\"Medalla del C\u00edrculo de Escritores Cinematogr\u00e1ficos\",\"neorrealismo italiano\",\"Premio David di Donatello\",\"Premio del C\u00edrculo de Cr\u00edticos de Nueva York\",\"Premio del National Board of Review\",\"premios oscar\"],\"articleSection\":[\"Cine\"],\"inLanguage\":\"es\",\"potentialAction\":[{\"@type\":\"CommentAction\",\"name\":\"Comment\",\"target\":[\"https:\\\/\\\/rafaramirez.org\\\/blog\\\/index.php\\\/2024\\\/01\\\/31\\\/cine-para-volver-a-ver-amarcord-de-federico-fellini\\\/#respond\"]}]},{\"@type\":\"WebPage\",\"@id\":\"https:\\\/\\\/rafaramirez.org\\\/blog\\\/index.php\\\/2024\\\/01\\\/31\\\/cine-para-volver-a-ver-amarcord-de-federico-fellini\\\/\",\"url\":\"https:\\\/\\\/rafaramirez.org\\\/blog\\\/index.php\\\/2024\\\/01\\\/31\\\/cine-para-volver-a-ver-amarcord-de-federico-fellini\\\/\",\"name\":\"Cine para volver a ver o descubrir: Amarcord de Federico Fellini - Blog de Rafael Ram\u00edrez\",\"isPartOf\":{\"@id\":\"https:\\\/\\\/rafaramirez.org\\\/blog\\\/#website\"},\"primaryImageOfPage\":{\"@id\":\"https:\\\/\\\/rafaramirez.org\\\/blog\\\/index.php\\\/2024\\\/01\\\/31\\\/cine-para-volver-a-ver-amarcord-de-federico-fellini\\\/#primaryimage\"},\"image\":{\"@id\":\"https:\\\/\\\/rafaramirez.org\\\/blog\\\/index.php\\\/2024\\\/01\\\/31\\\/cine-para-volver-a-ver-amarcord-de-federico-fellini\\\/#primaryimage\"},\"thumbnailUrl\":\"https:\\\/\\\/rafaramirez.org\\\/blog\\\/wp-content\\\/uploads\\\/2024\\\/01\\\/Amarcord_titoli.jpg\",\"datePublished\":\"2024-01-31T07:30:49+00:00\",\"dateModified\":\"2024-08-19T09:44:38+00:00\",\"breadcrumb\":{\"@id\":\"https:\\\/\\\/rafaramirez.org\\\/blog\\\/index.php\\\/2024\\\/01\\\/31\\\/cine-para-volver-a-ver-amarcord-de-federico-fellini\\\/#breadcrumb\"},\"inLanguage\":\"es\",\"potentialAction\":[{\"@type\":\"ReadAction\",\"target\":[\"https:\\\/\\\/rafaramirez.org\\\/blog\\\/index.php\\\/2024\\\/01\\\/31\\\/cine-para-volver-a-ver-amarcord-de-federico-fellini\\\/\"]}]},{\"@type\":\"ImageObject\",\"inLanguage\":\"es\",\"@id\":\"https:\\\/\\\/rafaramirez.org\\\/blog\\\/index.php\\\/2024\\\/01\\\/31\\\/cine-para-volver-a-ver-amarcord-de-federico-fellini\\\/#primaryimage\",\"url\":\"https:\\\/\\\/rafaramirez.org\\\/blog\\\/wp-content\\\/uploads\\\/2024\\\/01\\\/Amarcord_titoli.jpg\",\"contentUrl\":\"https:\\\/\\\/rafaramirez.org\\\/blog\\\/wp-content\\\/uploads\\\/2024\\\/01\\\/Amarcord_titoli.jpg\",\"width\":496,\"height\":272,\"caption\":\"Amarcord de Federico Fellini\"},{\"@type\":\"BreadcrumbList\",\"@id\":\"https:\\\/\\\/rafaramirez.org\\\/blog\\\/index.php\\\/2024\\\/01\\\/31\\\/cine-para-volver-a-ver-amarcord-de-federico-fellini\\\/#breadcrumb\",\"itemListElement\":[{\"@type\":\"ListItem\",\"position\":1,\"name\":\"Portada\",\"item\":\"https:\\\/\\\/rafaramirez.org\\\/blog\\\/\"},{\"@type\":\"ListItem\",\"position\":2,\"name\":\"Cine para volver a ver o descubrir: Amarcord de Federico Fellini\"}]},{\"@type\":\"WebSite\",\"@id\":\"https:\\\/\\\/rafaramirez.org\\\/blog\\\/#website\",\"url\":\"https:\\\/\\\/rafaramirez.org\\\/blog\\\/\",\"name\":\"Blog de Rafael Ram\u00edrez\",\"description\":\"Un sitio social, de arte y cultura\",\"publisher\":{\"@id\":\"https:\\\/\\\/rafaramirez.org\\\/blog\\\/#\\\/schema\\\/person\\\/50f43b6d60c578760d4c17bda54ab6a5\"},\"potentialAction\":[{\"@type\":\"SearchAction\",\"target\":{\"@type\":\"EntryPoint\",\"urlTemplate\":\"https:\\\/\\\/rafaramirez.org\\\/blog\\\/?s={search_term_string}\"},\"query-input\":{\"@type\":\"PropertyValueSpecification\",\"valueRequired\":true,\"valueName\":\"search_term_string\"}}],\"inLanguage\":\"es\"},{\"@type\":[\"Person\",\"Organization\"],\"@id\":\"https:\\\/\\\/rafaramirez.org\\\/blog\\\/#\\\/schema\\\/person\\\/50f43b6d60c578760d4c17bda54ab6a5\",\"name\":\"Rafael Ram\u00edrez\",\"image\":{\"@type\":\"ImageObject\",\"inLanguage\":\"es\",\"@id\":\"https:\\\/\\\/rafaramirez.org\\\/blog\\\/wp-content\\\/uploads\\\/2024\\\/09\\\/RR_socialnetwork.jpg\",\"url\":\"https:\\\/\\\/rafaramirez.org\\\/blog\\\/wp-content\\\/uploads\\\/2024\\\/09\\\/RR_socialnetwork.jpg\",\"contentUrl\":\"https:\\\/\\\/rafaramirez.org\\\/blog\\\/wp-content\\\/uploads\\\/2024\\\/09\\\/RR_socialnetwork.jpg\",\"width\":600,\"height\":606,\"caption\":\"Rafael Ram\u00edrez\"},\"logo\":{\"@id\":\"https:\\\/\\\/rafaramirez.org\\\/blog\\\/wp-content\\\/uploads\\\/2024\\\/09\\\/RR_socialnetwork.jpg\"},\"sameAs\":[\"https:\\\/\\\/www.rafaramirez.org\\\/blog\",\"https:\\\/\\\/www.instagram.com\\\/rafaramirez_ok\\\/\",\"https:\\\/\\\/es.pinterest.com\\\/Ramirez_Rafa\\\/\",\"https:\\\/\\\/x.com\\\/rafaramirez_ok\"],\"url\":\"https:\\\/\\\/rafaramirez.org\\\/blog\\\/index.php\\\/author\\\/rafaell_qm6j97da\\\/\"}]}<\/script>\n<!-- \/ Yoast SEO plugin. -->","yoast_head_json":{"title":"Cine para volver a ver o descubrir: Amarcord de Federico Fellini - Blog de Rafael Ram\u00edrez","robots":{"index":"index","follow":"follow","max-snippet":"max-snippet:-1","max-image-preview":"max-image-preview:large","max-video-preview":"max-video-preview:-1"},"canonical":"https:\/\/rafaramirez.org\/blog\/index.php\/2024\/01\/31\/cine-para-volver-a-ver-amarcord-de-federico-fellini\/","og_locale":"es_ES","og_type":"article","og_title":"Cine para volver a ver o descubrir: Amarcord de Federico Fellini - Blog de Rafael Ram\u00edrez","og_description":"Te invito a descubrir o redescubrir una de las joyas del s\u00e9ptimo arte, obra del neorrealismo italiano, la pel\u00edcula Amarcord dirigida por Federico Fellini en 1973. Amarcord es una palabra que proviene del dialecto de R\u00edmini, una ciudad italiana donde naci\u00f3 el director de cine Federico Fellini.\u00a0Significa literalmente \u2018yo me acuerdo\u2019, \u2018me acuerdo de\u2019 o [&hellip;]","og_url":"https:\/\/rafaramirez.org\/blog\/index.php\/2024\/01\/31\/cine-para-volver-a-ver-amarcord-de-federico-fellini\/","og_site_name":"Blog de Rafael Ram\u00edrez","article_published_time":"2024-01-31T07:30:49+00:00","article_modified_time":"2024-08-19T09:44:38+00:00","og_image":[{"width":496,"height":272,"url":"https:\/\/rafaramirez.org\/blog\/wp-content\/uploads\/2024\/01\/Amarcord_titoli.jpg","type":"image\/jpeg"}],"author":"Rafael Ram\u00edrez","twitter_card":"summary_large_image","twitter_creator":"@rafaramirez_ok","twitter_site":"@rafaramirez_ok","twitter_misc":{"Escrito por":"Rafael Ram\u00edrez","Tiempo de lectura":"2 minutos"},"schema":{"@context":"https:\/\/schema.org","@graph":[{"@type":"Article","@id":"https:\/\/rafaramirez.org\/blog\/index.php\/2024\/01\/31\/cine-para-volver-a-ver-amarcord-de-federico-fellini\/#article","isPartOf":{"@id":"https:\/\/rafaramirez.org\/blog\/index.php\/2024\/01\/31\/cine-para-volver-a-ver-amarcord-de-federico-fellini\/"},"author":{"name":"Rafael Ram\u00edrez","@id":"https:\/\/rafaramirez.org\/blog\/#\/schema\/person\/50f43b6d60c578760d4c17bda54ab6a5"},"headline":"Cine para volver a ver o descubrir: Amarcord de Federico Fellini","datePublished":"2024-01-31T07:30:49+00:00","dateModified":"2024-08-19T09:44:38+00:00","mainEntityOfPage":{"@id":"https:\/\/rafaramirez.org\/blog\/index.php\/2024\/01\/31\/cine-para-volver-a-ver-amarcord-de-federico-fellini\/"},"wordCount":389,"commentCount":0,"publisher":{"@id":"https:\/\/rafaramirez.org\/blog\/#\/schema\/person\/50f43b6d60c578760d4c17bda54ab6a5"},"image":{"@id":"https:\/\/rafaramirez.org\/blog\/index.php\/2024\/01\/31\/cine-para-volver-a-ver-amarcord-de-federico-fellini\/#primaryimage"},"thumbnailUrl":"https:\/\/rafaramirez.org\/blog\/wp-content\/uploads\/2024\/01\/Amarcord_titoli.jpg","keywords":["Amarcord","Amarcord 1973","blog de Rafael Ram\u00edrez","cine con oscar","cine italiano","cl\u00e1sicos del cine","cr\u00edtica de cine","Federico Fellini","Medalla del C\u00edrculo de Escritores Cinematogr\u00e1ficos","neorrealismo italiano","Premio David di Donatello","Premio del C\u00edrculo de Cr\u00edticos de Nueva York","Premio del National Board of Review","premios oscar"],"articleSection":["Cine"],"inLanguage":"es","potentialAction":[{"@type":"CommentAction","name":"Comment","target":["https:\/\/rafaramirez.org\/blog\/index.php\/2024\/01\/31\/cine-para-volver-a-ver-amarcord-de-federico-fellini\/#respond"]}]},{"@type":"WebPage","@id":"https:\/\/rafaramirez.org\/blog\/index.php\/2024\/01\/31\/cine-para-volver-a-ver-amarcord-de-federico-fellini\/","url":"https:\/\/rafaramirez.org\/blog\/index.php\/2024\/01\/31\/cine-para-volver-a-ver-amarcord-de-federico-fellini\/","name":"Cine para volver a ver o descubrir: Amarcord de Federico Fellini - Blog de Rafael Ram\u00edrez","isPartOf":{"@id":"https:\/\/rafaramirez.org\/blog\/#website"},"primaryImageOfPage":{"@id":"https:\/\/rafaramirez.org\/blog\/index.php\/2024\/01\/31\/cine-para-volver-a-ver-amarcord-de-federico-fellini\/#primaryimage"},"image":{"@id":"https:\/\/rafaramirez.org\/blog\/index.php\/2024\/01\/31\/cine-para-volver-a-ver-amarcord-de-federico-fellini\/#primaryimage"},"thumbnailUrl":"https:\/\/rafaramirez.org\/blog\/wp-content\/uploads\/2024\/01\/Amarcord_titoli.jpg","datePublished":"2024-01-31T07:30:49+00:00","dateModified":"2024-08-19T09:44:38+00:00","breadcrumb":{"@id":"https:\/\/rafaramirez.org\/blog\/index.php\/2024\/01\/31\/cine-para-volver-a-ver-amarcord-de-federico-fellini\/#breadcrumb"},"inLanguage":"es","potentialAction":[{"@type":"ReadAction","target":["https:\/\/rafaramirez.org\/blog\/index.php\/2024\/01\/31\/cine-para-volver-a-ver-amarcord-de-federico-fellini\/"]}]},{"@type":"ImageObject","inLanguage":"es","@id":"https:\/\/rafaramirez.org\/blog\/index.php\/2024\/01\/31\/cine-para-volver-a-ver-amarcord-de-federico-fellini\/#primaryimage","url":"https:\/\/rafaramirez.org\/blog\/wp-content\/uploads\/2024\/01\/Amarcord_titoli.jpg","contentUrl":"https:\/\/rafaramirez.org\/blog\/wp-content\/uploads\/2024\/01\/Amarcord_titoli.jpg","width":496,"height":272,"caption":"Amarcord de Federico Fellini"},{"@type":"BreadcrumbList","@id":"https:\/\/rafaramirez.org\/blog\/index.php\/2024\/01\/31\/cine-para-volver-a-ver-amarcord-de-federico-fellini\/#breadcrumb","itemListElement":[{"@type":"ListItem","position":1,"name":"Portada","item":"https:\/\/rafaramirez.org\/blog\/"},{"@type":"ListItem","position":2,"name":"Cine para volver a ver o descubrir: Amarcord de Federico Fellini"}]},{"@type":"WebSite","@id":"https:\/\/rafaramirez.org\/blog\/#website","url":"https:\/\/rafaramirez.org\/blog\/","name":"Blog de Rafael Ram\u00edrez","description":"Un sitio social, de arte y cultura","publisher":{"@id":"https:\/\/rafaramirez.org\/blog\/#\/schema\/person\/50f43b6d60c578760d4c17bda54ab6a5"},"potentialAction":[{"@type":"SearchAction","target":{"@type":"EntryPoint","urlTemplate":"https:\/\/rafaramirez.org\/blog\/?s={search_term_string}"},"query-input":{"@type":"PropertyValueSpecification","valueRequired":true,"valueName":"search_term_string"}}],"inLanguage":"es"},{"@type":["Person","Organization"],"@id":"https:\/\/rafaramirez.org\/blog\/#\/schema\/person\/50f43b6d60c578760d4c17bda54ab6a5","name":"Rafael Ram\u00edrez","image":{"@type":"ImageObject","inLanguage":"es","@id":"https:\/\/rafaramirez.org\/blog\/wp-content\/uploads\/2024\/09\/RR_socialnetwork.jpg","url":"https:\/\/rafaramirez.org\/blog\/wp-content\/uploads\/2024\/09\/RR_socialnetwork.jpg","contentUrl":"https:\/\/rafaramirez.org\/blog\/wp-content\/uploads\/2024\/09\/RR_socialnetwork.jpg","width":600,"height":606,"caption":"Rafael Ram\u00edrez"},"logo":{"@id":"https:\/\/rafaramirez.org\/blog\/wp-content\/uploads\/2024\/09\/RR_socialnetwork.jpg"},"sameAs":["https:\/\/www.rafaramirez.org\/blog","https:\/\/www.instagram.com\/rafaramirez_ok\/","https:\/\/es.pinterest.com\/Ramirez_Rafa\/","https:\/\/x.com\/rafaramirez_ok"],"url":"https:\/\/rafaramirez.org\/blog\/index.php\/author\/rafaell_qm6j97da\/"}]}},"jetpack_publicize_connections":[],"jetpack_sharing_enabled":true,"jetpack_likes_enabled":true,"jetpack_featured_media_url":"https:\/\/rafaramirez.org\/blog\/wp-content\/uploads\/2024\/01\/Amarcord_titoli.jpg","_links":{"self":[{"href":"https:\/\/rafaramirez.org\/blog\/index.php\/wp-json\/wp\/v2\/posts\/3148","targetHints":{"allow":["GET"]}}],"collection":[{"href":"https:\/\/rafaramirez.org\/blog\/index.php\/wp-json\/wp\/v2\/posts"}],"about":[{"href":"https:\/\/rafaramirez.org\/blog\/index.php\/wp-json\/wp\/v2\/types\/post"}],"author":[{"embeddable":true,"href":"https:\/\/rafaramirez.org\/blog\/index.php\/wp-json\/wp\/v2\/users\/1"}],"replies":[{"embeddable":true,"href":"https:\/\/rafaramirez.org\/blog\/index.php\/wp-json\/wp\/v2\/comments?post=3148"}],"version-history":[{"count":15,"href":"https:\/\/rafaramirez.org\/blog\/index.php\/wp-json\/wp\/v2\/posts\/3148\/revisions"}],"predecessor-version":[{"id":5698,"href":"https:\/\/rafaramirez.org\/blog\/index.php\/wp-json\/wp\/v2\/posts\/3148\/revisions\/5698"}],"wp:featuredmedia":[{"embeddable":true,"href":"https:\/\/rafaramirez.org\/blog\/index.php\/wp-json\/wp\/v2\/media\/3153"}],"wp:attachment":[{"href":"https:\/\/rafaramirez.org\/blog\/index.php\/wp-json\/wp\/v2\/media?parent=3148"}],"wp:term":[{"taxonomy":"category","embeddable":true,"href":"https:\/\/rafaramirez.org\/blog\/index.php\/wp-json\/wp\/v2\/categories?post=3148"},{"taxonomy":"post_tag","embeddable":true,"href":"https:\/\/rafaramirez.org\/blog\/index.php\/wp-json\/wp\/v2\/tags?post=3148"}],"curies":[{"name":"wp","href":"https:\/\/api.w.org\/{rel}","templated":true}]}}