{"id":3119,"date":"2024-01-29T08:30:27","date_gmt":"2024-01-29T07:30:27","guid":{"rendered":"https:\/\/rafaramirez.org\/blog\/?p=3119"},"modified":"2024-01-25T20:32:26","modified_gmt":"2024-01-25T19:32:26","slug":"3119","status":"publish","type":"post","link":"https:\/\/rafaramirez.org\/blog\/index.php\/2024\/01\/29\/3119\/","title":{"rendered":"Paula Lima y la Bossa Nova"},"content":{"rendered":"<div class=\"message\">\n<div class=\"content\" tabindex=\"0\" aria-description=\"\">\n<div id=\"entity-image-top\" class=\"ac-container ac-adaptiveCard\">\n<p>Paula Lima es una cantante y compositora brasile\u00f1a que se inspira en la bossa nova, el samba, el soul y el funk. Naci\u00f3 en S\u00e3o Paulo en 1970 y empez\u00f3 su carrera musical en 1992 con la banda Unidade M\u00f3vel. M\u00e1s tarde, se uni\u00f3 a la banda Funk Como Le Gusta y luego inici\u00f3 su carrera como solista en 2000.\u00a0<a class=\"tooltip-target\" href=\"https:\/\/es.wikipedia.org\/wiki\/Paula_Lima\" target=\"_blank\" rel=\"noopener\" data-citationid=\"63d7c5fe-254d-7a4d-420e-b1c42f92b7a7-7-group\">Ha colaborado con artistas como Jorge Benjor, Milton Nascimento y Rita Lee, y fue jurado en el programa de televisi\u00f3n Idolos, la versi\u00f3n brasile\u00f1a de American Idol<\/a><a class=\"ac-anchor sup-target\" href=\"https:\/\/es.wikipedia.org\/wiki\/Paula_Lima\" target=\"_blank\" rel=\"noopener\" data-citationid=\"63d7c5fe-254d-7a4d-420e-b1c42f92b7a7-5\" aria-label=\"1: \"><sup class=\"citation-sup\">1 <\/sup><\/a><\/p>\n<p>Disfruta de una voz y ritmo inigualables en \u00e9ste video ac\u00fastico y en directo de Paula Lima. \u00ab\u00c1gua de Beber\u00bb es una bossa nova de 1961 con letra de Vinicius de Moraes y m\u00fasica de Antonio Carlos Jobim.<\/p>\n<p><iframe loading=\"lazy\" title=\"YouTube video player\" src=\"https:\/\/www.youtube.com\/embed\/9VpojWW0084?si=SYjMw3mBc0d8_Ika\" width=\"560\" height=\"315\" frameborder=\"0\" allowfullscreen=\"allowfullscreen\"><\/iframe><\/p>\n<p>La bossa nova es un estilo musical que surgi\u00f3 a finales de los a\u00f1os 50 y principios de los 60 en R\u00edo de Janeiro, Brasil. Combina elementos del samba tradicional con influencias del jazz estadounidense. Se caracteriza por un ritmo suave y sincopado, melod\u00edas delicadas y armon\u00edas sofisticadas. Uno de los principales creadores de la bossa nova fue Ant\u00f4nio Carlos Jobim, un pianista, guitarrista, cantante y compositor que colabor\u00f3 con el poeta y letrista Vinicius de Moraes. Juntos, escribieron canciones como \u201cGarota de Ipanema\u201d, \u201cChega de Saudade\u201d y \u201cDesafinado\u201d, que se convirtieron en cl\u00e1sicos del g\u00e9nero.\u00a0<a class=\"tooltip-target\" href=\"https:\/\/es.wikipedia.org\/wiki\/Bossa_nova\" target=\"_blank\" rel=\"noopener\" data-citationid=\"63d7c5fe-254d-7a4d-420e-b1c42f92b7a7-14-group\">Otros exponentes de la bossa nova fueron Jo\u00e3o Gilberto, Astrud Gilberto, Stan Getz, Baden Powell, Roberto Menescal y Nara Le\u00e3o<\/a><a class=\"ac-anchor sup-target\" href=\"https:\/\/es.wikipedia.org\/wiki\/Bossa_nova\" target=\"_blank\" rel=\"noopener\" data-citationid=\"63d7c5fe-254d-7a4d-420e-b1c42f92b7a7-10\" aria-label=\"3: \"><sup class=\"citation-sup\">2<\/sup><\/a><\/p>\n<p>La bossa nova tuvo un gran impacto en la m\u00fasica popular brasile\u00f1a y tambi\u00e9n en el mundo, especialmente en el jazz y la m\u00fasica latina.\u00a0<a class=\"tooltip-target\" href=\"https:\/\/es.wikipedia.org\/wiki\/Bossa_nova\" target=\"_blank\" rel=\"noopener\" data-citationid=\"63d7c5fe-254d-7a4d-420e-b1c42f92b7a7-19-group\">Fue una forma de expresar la modernidad, la sofisticaci\u00f3n y el optimismo de la \u00e9poca, as\u00ed como de reflejar la belleza y la diversidad de la cultura brasile\u00f1a<\/a><a href=\"https:\/\/es.wikipedia.org\/wiki\/Bossa_nova\" target=\"_blank\" rel=\"noopener\">2<\/a><\/p>\n<\/div>\n<\/div>\n<\/div>\n<div class=\"learn-more-root\">\n<div class=\"learn-more-control\">\n<p class=\"learn-more\">M\u00e1s informaci\u00f3n:<\/p>\n<\/div>\n<div class=\"attribution-container\">\n<div class=\"attribution-items\"><a class=\"attribution-item\" href=\"https:\/\/es.wikipedia.org\/wiki\/Paula_Lima\" target=\"_blank\" rel=\"noopener\" aria-label=\"Paula Lima - Wikipedia, la enciclopedia libre\" data-citationid=\"2f73127b-8fc9-fe8d-b741-7ea431ec7e55\"><span class=\"badge\">1<\/span><span class=\"text-container\">es.wikipedia.org (Paula Lima)<\/span><\/a><\/div>\n<div class=\"attribution-items\"><a class=\"attribution-item\" href=\"https:\/\/es.wikipedia.org\/wiki\/Bossa_nova\" target=\"_blank\" rel=\"noopener\" aria-label=\"Paula Lima - Wikipedia\" data-citationid=\"b6b20ce4-9191-bd25-d8b5-2db1a52a774a\"><span class=\"badge\">2<\/span><span class=\"text-container\">es.wikipedia.org (Bossa Nova)<\/span><\/a><\/div>\n<div class=\"attribution-items\"><a class=\"attribution-item\" href=\"https:\/\/www.youtube.com\/@TheTelevideo\/videos\" target=\"_blank\" rel=\"noopener\" aria-label=\"Bossa Nova: The History Behind Brazil\u2019s Quiet Revolution\" data-citationid=\"6521188b-398b-9429-d16e-4e8036a6f9c0\"><span class=\"badge\">3<\/span><span class=\"text-container\">TheTelevideo (Canal de Youtube)<\/span><\/a><\/div>\n<\/div>\n<\/div>\n","protected":false},"excerpt":{"rendered":"<p>Paula Lima es una cantante y compositora brasile\u00f1a que se inspira en la bossa nova, el samba, el soul y el funk. Naci\u00f3 en S\u00e3o Paulo en 1970 y empez\u00f3 su carrera musical en 1992 con la banda Unidade M\u00f3vel. M\u00e1s tarde, se uni\u00f3 a la banda Funk Como Le Gusta y luego inici\u00f3 su [&hellip;]<\/p>\n","protected":false},"author":1,"featured_media":3123,"comment_status":"open","ping_status":"closed","sticky":false,"template":"","format":"standard","meta":{"site-container-style":"default","site-container-layout":"default","site-sidebar-layout":"default","disable-article-header":"default","disable-site-header":"default","disable-site-footer":"default","disable-content-area-spacing":"default","_jetpack_newsletter_access":"","_jetpack_dont_email_post_to_subs":false,"_jetpack_newsletter_tier_id":0,"_jetpack_memberships_contains_paywalled_content":false,"_jetpack_feature_clip_id":0,"_jetpack_memberships_contains_paid_content":false,"footnotes":"","jetpack_publicize_message":"","jetpack_publicize_feature_enabled":true,"jetpack_social_post_already_shared":false,"jetpack_social_options":{"image_generator_settings":{"template":"highway","default_image_id":0,"font":"","enabled":false},"version":2},"jetpack_post_was_ever_published":false},"categories":[709],"tags":[68,750,73,749,751,572],"class_list":["post-3119","post","type-post","status-publish","format-standard","has-post-thumbnail","hentry","category-musica","tag-blog-de-rafael-ramirez","tag-bossa-nova","tag-brasil","tag-paula-lima","tag-rio-de-janeiro","tag-video-musical"],"yoast_head":"<!-- This site is optimized with the Yoast SEO plugin v28.4 - https:\/\/yoast.com\/product\/yoast-seo-wordpress\/ -->\n<title>Paula Lima y la Bossa Nova - Blog de Rafael Ram\u00edrez<\/title>\n<meta name=\"robots\" content=\"index, follow, max-snippet:-1, max-image-preview:large, max-video-preview:-1\" \/>\n<link rel=\"canonical\" href=\"https:\/\/rafaramirez.org\/blog\/index.php\/2024\/01\/29\/3119\/\" \/>\n<meta property=\"og:locale\" content=\"es_ES\" \/>\n<meta property=\"og:type\" content=\"article\" \/>\n<meta property=\"og:title\" content=\"Paula Lima y la Bossa Nova - Blog de Rafael Ram\u00edrez\" \/>\n<meta property=\"og:description\" content=\"Paula Lima es una cantante y compositora brasile\u00f1a que se inspira en la bossa nova, el samba, el soul y el funk. Naci\u00f3 en S\u00e3o Paulo en 1970 y empez\u00f3 su carrera musical en 1992 con la banda Unidade M\u00f3vel. M\u00e1s tarde, se uni\u00f3 a la banda Funk Como Le Gusta y luego inici\u00f3 su [&hellip;]\" \/>\n<meta property=\"og:url\" content=\"https:\/\/rafaramirez.org\/blog\/index.php\/2024\/01\/29\/3119\/\" \/>\n<meta property=\"og:site_name\" content=\"Blog de Rafael Ram\u00edrez\" \/>\n<meta property=\"article:published_time\" content=\"2024-01-29T07:30:27+00:00\" \/>\n<meta property=\"og:image\" content=\"https:\/\/rafaramirez.org\/blog\/wp-content\/uploads\/2024\/01\/Paula_Lima_banner.jpg\" \/>\n\t<meta property=\"og:image:width\" content=\"600\" \/>\n\t<meta property=\"og:image:height\" content=\"402\" \/>\n\t<meta property=\"og:image:type\" content=\"image\/jpeg\" \/>\n<meta name=\"author\" content=\"Rafael Ram\u00edrez\" \/>\n<meta name=\"twitter:card\" content=\"summary_large_image\" \/>\n<meta name=\"twitter:creator\" content=\"@rafaramirez_ok\" \/>\n<meta name=\"twitter:site\" content=\"@rafaramirez_ok\" \/>\n<meta name=\"twitter:label1\" content=\"Escrito por\" \/>\n\t<meta name=\"twitter:data1\" content=\"Rafael Ram\u00edrez\" \/>\n\t<meta name=\"twitter:label2\" content=\"Tiempo de lectura\" \/>\n\t<meta name=\"twitter:data2\" content=\"2 minutos\" \/>\n<script type=\"application\/ld+json\" class=\"yoast-schema-graph\">{\"@context\":\"https:\\\/\\\/schema.org\",\"@graph\":[{\"@type\":\"Article\",\"@id\":\"https:\\\/\\\/rafaramirez.org\\\/blog\\\/index.php\\\/2024\\\/01\\\/29\\\/3119\\\/#article\",\"isPartOf\":{\"@id\":\"https:\\\/\\\/rafaramirez.org\\\/blog\\\/index.php\\\/2024\\\/01\\\/29\\\/3119\\\/\"},\"author\":{\"name\":\"Rafael Ram\u00edrez\",\"@id\":\"https:\\\/\\\/rafaramirez.org\\\/blog\\\/#\\\/schema\\\/person\\\/50f43b6d60c578760d4c17bda54ab6a5\"},\"headline\":\"Paula Lima y la Bossa Nova\",\"datePublished\":\"2024-01-29T07:30:27+00:00\",\"mainEntityOfPage\":{\"@id\":\"https:\\\/\\\/rafaramirez.org\\\/blog\\\/index.php\\\/2024\\\/01\\\/29\\\/3119\\\/\"},\"wordCount\":336,\"commentCount\":0,\"publisher\":{\"@id\":\"https:\\\/\\\/rafaramirez.org\\\/blog\\\/#\\\/schema\\\/person\\\/50f43b6d60c578760d4c17bda54ab6a5\"},\"image\":{\"@id\":\"https:\\\/\\\/rafaramirez.org\\\/blog\\\/index.php\\\/2024\\\/01\\\/29\\\/3119\\\/#primaryimage\"},\"thumbnailUrl\":\"https:\\\/\\\/rafaramirez.org\\\/blog\\\/wp-content\\\/uploads\\\/2024\\\/01\\\/Paula_Lima_banner.jpg\",\"keywords\":[\"blog de Rafael Ram\u00edrez\",\"bossa nova\",\"brasil\",\"Paula Lima\",\"R\u00edo de Janeiro\",\"video musical\"],\"articleSection\":[\"M\u00fasica\"],\"inLanguage\":\"es\",\"potentialAction\":[{\"@type\":\"CommentAction\",\"name\":\"Comment\",\"target\":[\"https:\\\/\\\/rafaramirez.org\\\/blog\\\/index.php\\\/2024\\\/01\\\/29\\\/3119\\\/#respond\"]}]},{\"@type\":\"WebPage\",\"@id\":\"https:\\\/\\\/rafaramirez.org\\\/blog\\\/index.php\\\/2024\\\/01\\\/29\\\/3119\\\/\",\"url\":\"https:\\\/\\\/rafaramirez.org\\\/blog\\\/index.php\\\/2024\\\/01\\\/29\\\/3119\\\/\",\"name\":\"Paula Lima y la Bossa Nova - Blog de Rafael Ram\u00edrez\",\"isPartOf\":{\"@id\":\"https:\\\/\\\/rafaramirez.org\\\/blog\\\/#website\"},\"primaryImageOfPage\":{\"@id\":\"https:\\\/\\\/rafaramirez.org\\\/blog\\\/index.php\\\/2024\\\/01\\\/29\\\/3119\\\/#primaryimage\"},\"image\":{\"@id\":\"https:\\\/\\\/rafaramirez.org\\\/blog\\\/index.php\\\/2024\\\/01\\\/29\\\/3119\\\/#primaryimage\"},\"thumbnailUrl\":\"https:\\\/\\\/rafaramirez.org\\\/blog\\\/wp-content\\\/uploads\\\/2024\\\/01\\\/Paula_Lima_banner.jpg\",\"datePublished\":\"2024-01-29T07:30:27+00:00\",\"breadcrumb\":{\"@id\":\"https:\\\/\\\/rafaramirez.org\\\/blog\\\/index.php\\\/2024\\\/01\\\/29\\\/3119\\\/#breadcrumb\"},\"inLanguage\":\"es\",\"potentialAction\":[{\"@type\":\"ReadAction\",\"target\":[\"https:\\\/\\\/rafaramirez.org\\\/blog\\\/index.php\\\/2024\\\/01\\\/29\\\/3119\\\/\"]}]},{\"@type\":\"ImageObject\",\"inLanguage\":\"es\",\"@id\":\"https:\\\/\\\/rafaramirez.org\\\/blog\\\/index.php\\\/2024\\\/01\\\/29\\\/3119\\\/#primaryimage\",\"url\":\"https:\\\/\\\/rafaramirez.org\\\/blog\\\/wp-content\\\/uploads\\\/2024\\\/01\\\/Paula_Lima_banner.jpg\",\"contentUrl\":\"https:\\\/\\\/rafaramirez.org\\\/blog\\\/wp-content\\\/uploads\\\/2024\\\/01\\\/Paula_Lima_banner.jpg\",\"width\":600,\"height\":402,\"caption\":\"Paula Lima cantante brasile\u00f1a\"},{\"@type\":\"BreadcrumbList\",\"@id\":\"https:\\\/\\\/rafaramirez.org\\\/blog\\\/index.php\\\/2024\\\/01\\\/29\\\/3119\\\/#breadcrumb\",\"itemListElement\":[{\"@type\":\"ListItem\",\"position\":1,\"name\":\"Portada\",\"item\":\"https:\\\/\\\/rafaramirez.org\\\/blog\\\/\"},{\"@type\":\"ListItem\",\"position\":2,\"name\":\"Paula Lima y la Bossa Nova\"}]},{\"@type\":\"WebSite\",\"@id\":\"https:\\\/\\\/rafaramirez.org\\\/blog\\\/#website\",\"url\":\"https:\\\/\\\/rafaramirez.org\\\/blog\\\/\",\"name\":\"Blog de Rafael Ram\u00edrez\",\"description\":\"Un sitio social, de arte y cultura\",\"publisher\":{\"@id\":\"https:\\\/\\\/rafaramirez.org\\\/blog\\\/#\\\/schema\\\/person\\\/50f43b6d60c578760d4c17bda54ab6a5\"},\"potentialAction\":[{\"@type\":\"SearchAction\",\"target\":{\"@type\":\"EntryPoint\",\"urlTemplate\":\"https:\\\/\\\/rafaramirez.org\\\/blog\\\/?s={search_term_string}\"},\"query-input\":{\"@type\":\"PropertyValueSpecification\",\"valueRequired\":true,\"valueName\":\"search_term_string\"}}],\"inLanguage\":\"es\"},{\"@type\":[\"Person\",\"Organization\"],\"@id\":\"https:\\\/\\\/rafaramirez.org\\\/blog\\\/#\\\/schema\\\/person\\\/50f43b6d60c578760d4c17bda54ab6a5\",\"name\":\"Rafael Ram\u00edrez\",\"image\":{\"@type\":\"ImageObject\",\"inLanguage\":\"es\",\"@id\":\"https:\\\/\\\/rafaramirez.org\\\/blog\\\/wp-content\\\/uploads\\\/2024\\\/09\\\/RR_socialnetwork.jpg\",\"url\":\"https:\\\/\\\/rafaramirez.org\\\/blog\\\/wp-content\\\/uploads\\\/2024\\\/09\\\/RR_socialnetwork.jpg\",\"contentUrl\":\"https:\\\/\\\/rafaramirez.org\\\/blog\\\/wp-content\\\/uploads\\\/2024\\\/09\\\/RR_socialnetwork.jpg\",\"width\":600,\"height\":606,\"caption\":\"Rafael Ram\u00edrez\"},\"logo\":{\"@id\":\"https:\\\/\\\/rafaramirez.org\\\/blog\\\/wp-content\\\/uploads\\\/2024\\\/09\\\/RR_socialnetwork.jpg\"},\"sameAs\":[\"https:\\\/\\\/www.rafaramirez.org\\\/blog\",\"https:\\\/\\\/www.instagram.com\\\/rafaramirez_ok\\\/\",\"https:\\\/\\\/es.pinterest.com\\\/Ramirez_Rafa\\\/\",\"https:\\\/\\\/x.com\\\/rafaramirez_ok\"],\"url\":\"https:\\\/\\\/rafaramirez.org\\\/blog\\\/index.php\\\/author\\\/rafaell_qm6j97da\\\/\"}]}<\/script>\n<!-- \/ Yoast SEO plugin. -->","yoast_head_json":{"title":"Paula Lima y la Bossa Nova - Blog de Rafael Ram\u00edrez","robots":{"index":"index","follow":"follow","max-snippet":"max-snippet:-1","max-image-preview":"max-image-preview:large","max-video-preview":"max-video-preview:-1"},"canonical":"https:\/\/rafaramirez.org\/blog\/index.php\/2024\/01\/29\/3119\/","og_locale":"es_ES","og_type":"article","og_title":"Paula Lima y la Bossa Nova - Blog de Rafael Ram\u00edrez","og_description":"Paula Lima es una cantante y compositora brasile\u00f1a que se inspira en la bossa nova, el samba, el soul y el funk. Naci\u00f3 en S\u00e3o Paulo en 1970 y empez\u00f3 su carrera musical en 1992 con la banda Unidade M\u00f3vel. M\u00e1s tarde, se uni\u00f3 a la banda Funk Como Le Gusta y luego inici\u00f3 su [&hellip;]","og_url":"https:\/\/rafaramirez.org\/blog\/index.php\/2024\/01\/29\/3119\/","og_site_name":"Blog de Rafael Ram\u00edrez","article_published_time":"2024-01-29T07:30:27+00:00","og_image":[{"width":600,"height":402,"url":"https:\/\/rafaramirez.org\/blog\/wp-content\/uploads\/2024\/01\/Paula_Lima_banner.jpg","type":"image\/jpeg"}],"author":"Rafael Ram\u00edrez","twitter_card":"summary_large_image","twitter_creator":"@rafaramirez_ok","twitter_site":"@rafaramirez_ok","twitter_misc":{"Escrito por":"Rafael Ram\u00edrez","Tiempo de lectura":"2 minutos"},"schema":{"@context":"https:\/\/schema.org","@graph":[{"@type":"Article","@id":"https:\/\/rafaramirez.org\/blog\/index.php\/2024\/01\/29\/3119\/#article","isPartOf":{"@id":"https:\/\/rafaramirez.org\/blog\/index.php\/2024\/01\/29\/3119\/"},"author":{"name":"Rafael Ram\u00edrez","@id":"https:\/\/rafaramirez.org\/blog\/#\/schema\/person\/50f43b6d60c578760d4c17bda54ab6a5"},"headline":"Paula Lima y la Bossa Nova","datePublished":"2024-01-29T07:30:27+00:00","mainEntityOfPage":{"@id":"https:\/\/rafaramirez.org\/blog\/index.php\/2024\/01\/29\/3119\/"},"wordCount":336,"commentCount":0,"publisher":{"@id":"https:\/\/rafaramirez.org\/blog\/#\/schema\/person\/50f43b6d60c578760d4c17bda54ab6a5"},"image":{"@id":"https:\/\/rafaramirez.org\/blog\/index.php\/2024\/01\/29\/3119\/#primaryimage"},"thumbnailUrl":"https:\/\/rafaramirez.org\/blog\/wp-content\/uploads\/2024\/01\/Paula_Lima_banner.jpg","keywords":["blog de Rafael Ram\u00edrez","bossa nova","brasil","Paula Lima","R\u00edo de Janeiro","video musical"],"articleSection":["M\u00fasica"],"inLanguage":"es","potentialAction":[{"@type":"CommentAction","name":"Comment","target":["https:\/\/rafaramirez.org\/blog\/index.php\/2024\/01\/29\/3119\/#respond"]}]},{"@type":"WebPage","@id":"https:\/\/rafaramirez.org\/blog\/index.php\/2024\/01\/29\/3119\/","url":"https:\/\/rafaramirez.org\/blog\/index.php\/2024\/01\/29\/3119\/","name":"Paula Lima y la Bossa Nova - Blog de Rafael Ram\u00edrez","isPartOf":{"@id":"https:\/\/rafaramirez.org\/blog\/#website"},"primaryImageOfPage":{"@id":"https:\/\/rafaramirez.org\/blog\/index.php\/2024\/01\/29\/3119\/#primaryimage"},"image":{"@id":"https:\/\/rafaramirez.org\/blog\/index.php\/2024\/01\/29\/3119\/#primaryimage"},"thumbnailUrl":"https:\/\/rafaramirez.org\/blog\/wp-content\/uploads\/2024\/01\/Paula_Lima_banner.jpg","datePublished":"2024-01-29T07:30:27+00:00","breadcrumb":{"@id":"https:\/\/rafaramirez.org\/blog\/index.php\/2024\/01\/29\/3119\/#breadcrumb"},"inLanguage":"es","potentialAction":[{"@type":"ReadAction","target":["https:\/\/rafaramirez.org\/blog\/index.php\/2024\/01\/29\/3119\/"]}]},{"@type":"ImageObject","inLanguage":"es","@id":"https:\/\/rafaramirez.org\/blog\/index.php\/2024\/01\/29\/3119\/#primaryimage","url":"https:\/\/rafaramirez.org\/blog\/wp-content\/uploads\/2024\/01\/Paula_Lima_banner.jpg","contentUrl":"https:\/\/rafaramirez.org\/blog\/wp-content\/uploads\/2024\/01\/Paula_Lima_banner.jpg","width":600,"height":402,"caption":"Paula Lima cantante brasile\u00f1a"},{"@type":"BreadcrumbList","@id":"https:\/\/rafaramirez.org\/blog\/index.php\/2024\/01\/29\/3119\/#breadcrumb","itemListElement":[{"@type":"ListItem","position":1,"name":"Portada","item":"https:\/\/rafaramirez.org\/blog\/"},{"@type":"ListItem","position":2,"name":"Paula Lima y la Bossa Nova"}]},{"@type":"WebSite","@id":"https:\/\/rafaramirez.org\/blog\/#website","url":"https:\/\/rafaramirez.org\/blog\/","name":"Blog de Rafael Ram\u00edrez","description":"Un sitio social, de arte y cultura","publisher":{"@id":"https:\/\/rafaramirez.org\/blog\/#\/schema\/person\/50f43b6d60c578760d4c17bda54ab6a5"},"potentialAction":[{"@type":"SearchAction","target":{"@type":"EntryPoint","urlTemplate":"https:\/\/rafaramirez.org\/blog\/?s={search_term_string}"},"query-input":{"@type":"PropertyValueSpecification","valueRequired":true,"valueName":"search_term_string"}}],"inLanguage":"es"},{"@type":["Person","Organization"],"@id":"https:\/\/rafaramirez.org\/blog\/#\/schema\/person\/50f43b6d60c578760d4c17bda54ab6a5","name":"Rafael Ram\u00edrez","image":{"@type":"ImageObject","inLanguage":"es","@id":"https:\/\/rafaramirez.org\/blog\/wp-content\/uploads\/2024\/09\/RR_socialnetwork.jpg","url":"https:\/\/rafaramirez.org\/blog\/wp-content\/uploads\/2024\/09\/RR_socialnetwork.jpg","contentUrl":"https:\/\/rafaramirez.org\/blog\/wp-content\/uploads\/2024\/09\/RR_socialnetwork.jpg","width":600,"height":606,"caption":"Rafael Ram\u00edrez"},"logo":{"@id":"https:\/\/rafaramirez.org\/blog\/wp-content\/uploads\/2024\/09\/RR_socialnetwork.jpg"},"sameAs":["https:\/\/www.rafaramirez.org\/blog","https:\/\/www.instagram.com\/rafaramirez_ok\/","https:\/\/es.pinterest.com\/Ramirez_Rafa\/","https:\/\/x.com\/rafaramirez_ok"],"url":"https:\/\/rafaramirez.org\/blog\/index.php\/author\/rafaell_qm6j97da\/"}]}},"jetpack_publicize_connections":[],"jetpack_sharing_enabled":true,"jetpack_likes_enabled":true,"jetpack_featured_media_url":"https:\/\/rafaramirez.org\/blog\/wp-content\/uploads\/2024\/01\/Paula_Lima_banner.jpg","_links":{"self":[{"href":"https:\/\/rafaramirez.org\/blog\/index.php\/wp-json\/wp\/v2\/posts\/3119","targetHints":{"allow":["GET"]}}],"collection":[{"href":"https:\/\/rafaramirez.org\/blog\/index.php\/wp-json\/wp\/v2\/posts"}],"about":[{"href":"https:\/\/rafaramirez.org\/blog\/index.php\/wp-json\/wp\/v2\/types\/post"}],"author":[{"embeddable":true,"href":"https:\/\/rafaramirez.org\/blog\/index.php\/wp-json\/wp\/v2\/users\/1"}],"replies":[{"embeddable":true,"href":"https:\/\/rafaramirez.org\/blog\/index.php\/wp-json\/wp\/v2\/comments?post=3119"}],"version-history":[{"count":9,"href":"https:\/\/rafaramirez.org\/blog\/index.php\/wp-json\/wp\/v2\/posts\/3119\/revisions"}],"predecessor-version":[{"id":3129,"href":"https:\/\/rafaramirez.org\/blog\/index.php\/wp-json\/wp\/v2\/posts\/3119\/revisions\/3129"}],"wp:featuredmedia":[{"embeddable":true,"href":"https:\/\/rafaramirez.org\/blog\/index.php\/wp-json\/wp\/v2\/media\/3123"}],"wp:attachment":[{"href":"https:\/\/rafaramirez.org\/blog\/index.php\/wp-json\/wp\/v2\/media?parent=3119"}],"wp:term":[{"taxonomy":"category","embeddable":true,"href":"https:\/\/rafaramirez.org\/blog\/index.php\/wp-json\/wp\/v2\/categories?post=3119"},{"taxonomy":"post_tag","embeddable":true,"href":"https:\/\/rafaramirez.org\/blog\/index.php\/wp-json\/wp\/v2\/tags?post=3119"}],"curies":[{"name":"wp","href":"https:\/\/api.w.org\/{rel}","templated":true}]}}