{"id":3107,"date":"2024-01-26T08:30:23","date_gmt":"2024-01-26T07:30:23","guid":{"rendered":"https:\/\/rafaramirez.org\/blog\/?p=3107"},"modified":"2026-01-28T14:06:16","modified_gmt":"2026-01-28T13:06:16","slug":"vincent-van-gogh-no-se-considera-un-pintor-impresionista-biografia","status":"publish","type":"post","link":"https:\/\/rafaramirez.org\/blog\/index.php\/2024\/01\/26\/vincent-van-gogh-no-se-considera-un-pintor-impresionista-biografia\/","title":{"rendered":"\u00bfVincent van Gogh no se considera un pintor impresionista?"},"content":{"rendered":"<p data-sourcepos=\"1:1-1:251\">Vincent van Gogh es uno de los pintores m\u00e1s conocidos e influyentes de la historia del arte. Su obra, caracterizada por sus colores vivos, sus pinceladas gruesas y su expresividad emocional, ha sido admirada por generaciones de artistas y aficionados.<\/p>\n<p data-sourcepos=\"3:1-3:372\">Van Gogh comenz\u00f3 su carrera art\u00edstica como pintor realista, pero pronto se interes\u00f3 por el <a href=\"https:\/\/rafaramirez.org\/blog\/index.php\/2024\/01\/18\/el-impresionismo-en-la-pintura\/\" target=\"_blank\" rel=\"noopener\">impresionismo<\/a>. Los impresionistas, liderados por <a href=\"https:\/\/rafaramirez.org\/blog\/index.php\/2024\/09\/26\/claude-monet\/\" target=\"_blank\" rel=\"noopener\">Claude Monet<\/a>, buscaban capturar la impresi\u00f3n de la luz y el movimiento a trav\u00e9s de pinceladas cortas y sueltas. Van Gogh adopt\u00f3 algunos de estos elementos en su obra, como el uso de colores brillantes y la atenci\u00f3n a la luz natural.<\/p>\n<p style=\"text-align: center;\" data-sourcepos=\"3:1-3:372\"><a href=\"https:\/\/rafaramirez.org\/blog\/wp-content\/uploads\/2024\/01\/Vincent_Van_Gogh_RZ.jpg\" target=\"_blank\" rel=\"noopener\"><img loading=\"lazy\" decoding=\"async\" class=\"alignnone wp-image-3115 size-medium\" src=\"https:\/\/rafaramirez.org\/blog\/wp-content\/uploads\/2024\/01\/Vincent_Van_Gogh_RZ-247x300.jpg\" alt=\"Vincent van Gogh Autorretrato\" width=\"247\" height=\"300\" srcset=\"https:\/\/rafaramirez.org\/blog\/wp-content\/uploads\/2024\/01\/Vincent_Van_Gogh_RZ-247x300.jpg 247w, https:\/\/rafaramirez.org\/blog\/wp-content\/uploads\/2024\/01\/Vincent_Van_Gogh_RZ.jpg 659w\" sizes=\"auto, (max-width: 247px) 100vw, 247px\" \/><\/a><\/p>\n<p data-sourcepos=\"5:1-5:354\">Sin embargo, Van Gogh tambi\u00e9n desarroll\u00f3 su propio estilo \u00fanico, que se alejaba del <a href=\"https:\/\/rafaramirez.org\/blog\/index.php\/2024\/01\/18\/el-impresionismo-en-la-pintura\/\" target=\"_blank\" rel=\"noopener\">impresionismo<\/a> en algunos aspectos. Por ejemplo, sus pinceladas eran m\u00e1s gruesas y en\u00e9rgicas, y su paleta de colores era m\u00e1s intensa y dram\u00e1tica. Adem\u00e1s, Van Gogh estaba m\u00e1s interesado en expresar sus emociones a trav\u00e9s de su arte que en\u00a0 representar la realidad tal cual.<\/p>\n<p data-sourcepos=\"7:1-7:306\">Por estas razones, Van Gogh se considera un pintor postimpresionista. El <a href=\"https:\/\/rafaramirez.org\/blog\/index.php\/2025\/07\/31\/el-postimpresionismo-en-la-pintura\/\" target=\"_blank\" rel=\"noopener\">postimpresionismo<\/a> fue un movimiento art\u00edstico que surgi\u00f3 a finales del siglo XIX como una reacci\u00f3n al impresionismo. Los postimpresionistas, como Van Gogh, buscaban expresar sus emociones y visiones personales a trav\u00e9s de la pintura.<\/p>\n<p data-sourcepos=\"9:1-9:94\">Algunos de los elementos de la obra de Van Gogh que se consideran postimpresionistas incluyen:<\/p>\n<ul data-sourcepos=\"11:1-15:0\">\n<li data-sourcepos=\"11:1-11:40\">El uso de colores vivos y contrastados<\/li>\n<li data-sourcepos=\"12:1-12:36\">Las pinceladas gruesas y en\u00e9rgicas<\/li>\n<li data-sourcepos=\"13:1-13:38\">La atenci\u00f3n a la luz y el movimiento<\/li>\n<li data-sourcepos=\"14:1-15:0\">La expresi\u00f3n de emociones y visiones personales<\/li>\n<\/ul>\n<p data-sourcepos=\"16:1-16:79\">Algunas de las obras de Van Gogh que se consideran postimpresionistas incluyen:<\/p>\n<ul data-sourcepos=\"18:1-22:0\">\n<li data-sourcepos=\"18:1-18:26\"><strong>Los girasoles<\/strong>\u00a0(1889)<\/li>\n<\/ul>\n<p><a href=\"https:\/\/rafaramirez.org\/blog\/wp-content\/uploads\/2024\/01\/Vincent_van_Gogh_Los_-girasoles_1889.jpg\" target=\"_blank\" rel=\"noopener\"><img loading=\"lazy\" decoding=\"async\" class=\"alignnone wp-image-3109 size-medium\" src=\"https:\/\/rafaramirez.org\/blog\/wp-content\/uploads\/2024\/01\/Vincent_van_Gogh_Los_-girasoles_1889-233x300.jpg\" alt=\"Vincent van Gogh Los Girasoles 1889\" width=\"233\" height=\"300\" srcset=\"https:\/\/rafaramirez.org\/blog\/wp-content\/uploads\/2024\/01\/Vincent_van_Gogh_Los_-girasoles_1889-233x300.jpg 233w, https:\/\/rafaramirez.org\/blog\/wp-content\/uploads\/2024\/01\/Vincent_van_Gogh_Los_-girasoles_1889.jpg 674w\" sizes=\"auto, (max-width: 233px) 100vw, 233px\" \/><\/a><\/p>\n<ul data-sourcepos=\"18:1-22:0\">\n<li data-sourcepos=\"19:1-19:32\"><strong>La noche estrellada<\/strong>\u00a0(1889)<\/li>\n<\/ul>\n<p><a href=\"https:\/\/rafaramirez.org\/blog\/wp-content\/uploads\/2024\/01\/Van_Gogh_-_Starry_Night_1889.jpg\" target=\"_blank\" rel=\"noopener\"><img loading=\"lazy\" decoding=\"async\" class=\"alignnone wp-image-3111 size-medium\" src=\"https:\/\/rafaramirez.org\/blog\/wp-content\/uploads\/2024\/01\/Van_Gogh_-_Starry_Night_1889-300x237.jpg\" alt=\"La noche estrellada (1889) de Vincent van Gogh\" width=\"300\" height=\"237\" srcset=\"https:\/\/rafaramirez.org\/blog\/wp-content\/uploads\/2024\/01\/Van_Gogh_-_Starry_Night_1889-300x237.jpg 300w, https:\/\/rafaramirez.org\/blog\/wp-content\/uploads\/2024\/01\/Van_Gogh_-_Starry_Night_1889-768x608.jpg 768w, https:\/\/rafaramirez.org\/blog\/wp-content\/uploads\/2024\/01\/Van_Gogh_-_Starry_Night_1889.jpg 800w\" sizes=\"auto, (max-width: 300px) 100vw, 300px\" \/><\/a><\/p>\n<ul data-sourcepos=\"18:1-22:0\">\n<li data-sourcepos=\"20:1-20:41\"><strong>Terraza de caf\u00e9 por la noche<\/strong>\u00a0(1888)<\/li>\n<\/ul>\n<p><a href=\"https:\/\/rafaramirez.org\/blog\/wp-content\/uploads\/2024\/01\/Vincent_van_Gogh_-_Cafe_Terrace_at_Night_1888-scaled.jpg\" target=\"_blank\" rel=\"noopener\"><img loading=\"lazy\" decoding=\"async\" class=\"alignnone wp-image-3112 size-medium\" src=\"https:\/\/rafaramirez.org\/blog\/wp-content\/uploads\/2024\/01\/Vincent_van_Gogh_-_Cafe_Terrace_at_Night_1888-239x300.jpg\" alt=\"Terraza de caf\u00e9 por la noche (1888) de Vincent van Gogh\" width=\"239\" height=\"300\" srcset=\"https:\/\/rafaramirez.org\/blog\/wp-content\/uploads\/2024\/01\/Vincent_van_Gogh_-_Cafe_Terrace_at_Night_1888-239x300.jpg 239w, https:\/\/rafaramirez.org\/blog\/wp-content\/uploads\/2024\/01\/Vincent_van_Gogh_-_Cafe_Terrace_at_Night_1888-816x1024.jpg 816w, https:\/\/rafaramirez.org\/blog\/wp-content\/uploads\/2024\/01\/Vincent_van_Gogh_-_Cafe_Terrace_at_Night_1888-768x963.jpg 768w, https:\/\/rafaramirez.org\/blog\/wp-content\/uploads\/2024\/01\/Vincent_van_Gogh_-_Cafe_Terrace_at_Night_1888-1225x1536.jpg 1225w, https:\/\/rafaramirez.org\/blog\/wp-content\/uploads\/2024\/01\/Vincent_van_Gogh_-_Cafe_Terrace_at_Night_1888-1633x2048.jpg 1633w, https:\/\/rafaramirez.org\/blog\/wp-content\/uploads\/2024\/01\/Vincent_van_Gogh_-_Cafe_Terrace_at_Night_1888-scaled.jpg 2041w\" sizes=\"auto, (max-width: 239px) 100vw, 239px\" \/><\/a><\/p>\n<ul data-sourcepos=\"18:1-22:0\">\n<li data-sourcepos=\"21:1-22:0\"><strong>Campo de trigo con cipreses<\/strong>\u00a0(1889)<\/li>\n<\/ul>\n<p><a href=\"https:\/\/rafaramirez.org\/blog\/wp-content\/uploads\/2024\/01\/Campo-de-trigo-con-cipreses-1889-de-vincent-van-gogh.png\" target=\"_blank\" rel=\"noopener\"><img loading=\"lazy\" decoding=\"async\" class=\"alignnone wp-image-3113 size-medium\" src=\"https:\/\/rafaramirez.org\/blog\/wp-content\/uploads\/2024\/01\/Campo-de-trigo-con-cipreses-1889-de-vincent-van-gogh-300x235.png\" alt=\"Campo de trigo con cipreses (1889) de Vincent van Gogh\" width=\"300\" height=\"235\" srcset=\"https:\/\/rafaramirez.org\/blog\/wp-content\/uploads\/2024\/01\/Campo-de-trigo-con-cipreses-1889-de-vincent-van-gogh-300x235.png 300w, https:\/\/rafaramirez.org\/blog\/wp-content\/uploads\/2024\/01\/Campo-de-trigo-con-cipreses-1889-de-vincent-van-gogh-1024x803.png 1024w, https:\/\/rafaramirez.org\/blog\/wp-content\/uploads\/2024\/01\/Campo-de-trigo-con-cipreses-1889-de-vincent-van-gogh-768x602.png 768w, https:\/\/rafaramirez.org\/blog\/wp-content\/uploads\/2024\/01\/Campo-de-trigo-con-cipreses-1889-de-vincent-van-gogh-1536x1204.png 1536w, https:\/\/rafaramirez.org\/blog\/wp-content\/uploads\/2024\/01\/Campo-de-trigo-con-cipreses-1889-de-vincent-van-gogh.png 2000w\" sizes=\"auto, (max-width: 300px) 100vw, 300px\" \/><\/a><\/p>\n<p data-sourcepos=\"23:1-23:333\">La obra de Van Gogh tuvo una gran influencia en el desarrollo del arte moderno. Su estilo <a href=\"https:\/\/rafaramirez.org\/blog\/index.php\/2025\/05\/12\/el-expresionismo-historia\/\" target=\"_blank\" rel=\"noopener\">expresionista<\/a> fue adoptado por artistas como <a href=\"https:\/\/rafaramirez.org\/blog\/index.php\/2024\/06\/11\/paul-cezanne\/\" target=\"_blank\" rel=\"noopener\">Paul C\u00e9zanne<\/a>, <a href=\"https:\/\/rafaramirez.org\/blog\/index.php\/2025\/04\/25\/paul-gauguin-pintor\/\" target=\"_blank\" rel=\"noopener\">Paul Gauguin<\/a> y los <a href=\"https:\/\/rafaramirez.org\/blog\/index.php\/2025\/06\/18\/fauvismo\/\" target=\"_blank\" rel=\"noopener\">fauvistas<\/a>. Adem\u00e1s, Van Gogh fue un precursor del arte abstracto, ya que sus pinceladas gruesas y en\u00e9rgicas anticipaban las formas y colores puros del arte abstracto.<\/p>\n<p data-sourcepos=\"25:1-25:256\">En conclusi\u00f3n, Van Gogh fue un pintor que se movi\u00f3 entre el <a href=\"https:\/\/rafaramirez.org\/blog\/index.php\/2024\/01\/18\/el-impresionismo-en-la-pintura\/\" target=\"_blank\" rel=\"noopener\">impresionismo<\/a> y el <a href=\"https:\/\/rafaramirez.org\/blog\/index.php\/2025\/07\/31\/el-postimpresionismo-en-la-pintura\/\" target=\"_blank\" rel=\"noopener\">postimpresionismo<\/a>. Su obra, caracterizada por sus colores vivos, sus pinceladas gruesas y su expresividad emocional, ha sido admirada por generaciones de artistas y aficionados.<\/p>\n<p data-sourcepos=\"25:1-25:256\">\u00bfY t\u00fa que piensas de la obra de Van Gogh? Puedes dejar tus comentarios abajo.<\/p>\n<p data-sourcepos=\"25:1-25:256\">\n","protected":false},"excerpt":{"rendered":"<p>Vincent van Gogh es uno de los pintores m\u00e1s conocidos e influyentes de la historia del arte. Su obra, caracterizada por sus colores vivos, sus pinceladas gruesas y su expresividad emocional, ha sido admirada por generaciones de artistas y aficionados. Van Gogh comenz\u00f3 su carrera art\u00edstica como pintor realista, pero pronto se interes\u00f3 por el [&hellip;]<\/p>\n","protected":false},"author":1,"featured_media":3116,"comment_status":"open","ping_status":"closed","sticky":false,"template":"","format":"standard","meta":{"site-container-style":"default","site-container-layout":"default","site-sidebar-layout":"default","disable-article-header":"default","disable-site-header":"default","disable-site-footer":"default","disable-content-area-spacing":"default","_jetpack_newsletter_access":"","_jetpack_dont_email_post_to_subs":false,"_jetpack_newsletter_tier_id":0,"_jetpack_memberships_contains_paywalled_content":false,"_jetpack_feature_clip_id":0,"_jetpack_memberships_contains_paid_content":false,"footnotes":"","jetpack_publicize_message":"","jetpack_publicize_feature_enabled":true,"jetpack_social_post_already_shared":false,"jetpack_social_options":{"image_generator_settings":{"template":"highway","default_image_id":0,"font":"","enabled":false},"version":2},"jetpack_post_was_ever_published":false},"categories":[1290],"tags":[744,743,68,742,745,748,702,740,739,738,746,747,737,741,508],"class_list":["post-3107","post","type-post","status-publish","format-standard","has-post-thumbnail","hentry","category-historia-del-arte","tag-arte-moderno","tag-arte-y-pintura","tag-blog-de-rafael-ramirez","tag-campo-de-trigo-con-cipreses","tag-expresionismo","tag-fauvismo","tag-impresionismo","tag-la-noche-estrellada","tag-los-girasoles","tag-maestros-de-la-pintura","tag-paul-cezanne","tag-paul-gauguin","tag-postimpresionismo","tag-terraza-de-cafe-por-la-noche","tag-vincent-van-gogh"],"yoast_head":"<!-- This site is optimized with the Yoast SEO plugin v28.4 - https:\/\/yoast.com\/product\/yoast-seo-wordpress\/ -->\n<title>\u00bfVincent van Gogh no se considera un pintor impresionista? - Blog de Rafael Ram\u00edrez<\/title>\n<meta name=\"description\" content=\"Vincent van Gogh es uno de los pintores m\u00e1s conocidos e influyentes de la historia del arte. Su obra, caracterizada por sus colores vivos, su\" \/>\n<meta name=\"robots\" content=\"index, follow, max-snippet:-1, max-image-preview:large, max-video-preview:-1\" \/>\n<link rel=\"canonical\" href=\"https:\/\/rafaramirez.org\/blog\/index.php\/2024\/01\/26\/vincent-van-gogh-no-se-considera-un-pintor-impresionista-biografia\/\" \/>\n<meta property=\"og:locale\" content=\"es_ES\" \/>\n<meta property=\"og:type\" content=\"article\" \/>\n<meta property=\"og:title\" content=\"\u00bfVincent van Gogh no se considera un pintor impresionista? - Blog de Rafael Ram\u00edrez\" \/>\n<meta property=\"og:description\" content=\"Vincent van Gogh es uno de los pintores m\u00e1s conocidos e influyentes de la historia del arte. Su obra, caracterizada por sus colores vivos, su\" \/>\n<meta property=\"og:url\" content=\"https:\/\/rafaramirez.org\/blog\/index.php\/2024\/01\/26\/vincent-van-gogh-no-se-considera-un-pintor-impresionista-biografia\/\" \/>\n<meta property=\"og:site_name\" content=\"Blog de Rafael Ram\u00edrez\" \/>\n<meta property=\"article:published_time\" content=\"2024-01-26T07:30:23+00:00\" \/>\n<meta property=\"article:modified_time\" content=\"2026-01-28T13:06:16+00:00\" \/>\n<meta property=\"og:image\" content=\"https:\/\/rafaramirez.org\/blog\/wp-content\/uploads\/2024\/01\/Vincent_van_Gogh_1887-1888_banner.jpg\" \/>\n\t<meta property=\"og:image:width\" content=\"600\" \/>\n\t<meta property=\"og:image:height\" content=\"450\" \/>\n\t<meta property=\"og:image:type\" content=\"image\/jpeg\" \/>\n<meta name=\"author\" content=\"Rafael Ram\u00edrez\" \/>\n<meta name=\"twitter:card\" content=\"summary_large_image\" \/>\n<meta name=\"twitter:creator\" content=\"@rafaramirez_ok\" \/>\n<meta name=\"twitter:site\" content=\"@rafaramirez_ok\" \/>\n<meta name=\"twitter:label1\" content=\"Escrito por\" \/>\n\t<meta name=\"twitter:data1\" content=\"Rafael Ram\u00edrez\" \/>\n\t<meta name=\"twitter:label2\" content=\"Tiempo de lectura\" \/>\n\t<meta name=\"twitter:data2\" content=\"3 minutos\" \/>\n<script type=\"application\/ld+json\" class=\"yoast-schema-graph\">{\"@context\":\"https:\\\/\\\/schema.org\",\"@graph\":[{\"@type\":\"Article\",\"@id\":\"https:\\\/\\\/rafaramirez.org\\\/blog\\\/index.php\\\/2024\\\/01\\\/26\\\/vincent-van-gogh-no-se-considera-un-pintor-impresionista-biografia\\\/#article\",\"isPartOf\":{\"@id\":\"https:\\\/\\\/rafaramirez.org\\\/blog\\\/index.php\\\/2024\\\/01\\\/26\\\/vincent-van-gogh-no-se-considera-un-pintor-impresionista-biografia\\\/\"},\"author\":{\"name\":\"Rafael Ram\u00edrez\",\"@id\":\"https:\\\/\\\/rafaramirez.org\\\/blog\\\/#\\\/schema\\\/person\\\/50f43b6d60c578760d4c17bda54ab6a5\"},\"headline\":\"\u00bfVincent van Gogh no se considera un pintor impresionista?\",\"datePublished\":\"2024-01-26T07:30:23+00:00\",\"dateModified\":\"2026-01-28T13:06:16+00:00\",\"mainEntityOfPage\":{\"@id\":\"https:\\\/\\\/rafaramirez.org\\\/blog\\\/index.php\\\/2024\\\/01\\\/26\\\/vincent-van-gogh-no-se-considera-un-pintor-impresionista-biografia\\\/\"},\"wordCount\":417,\"commentCount\":0,\"publisher\":{\"@id\":\"https:\\\/\\\/rafaramirez.org\\\/blog\\\/#\\\/schema\\\/person\\\/50f43b6d60c578760d4c17bda54ab6a5\"},\"image\":{\"@id\":\"https:\\\/\\\/rafaramirez.org\\\/blog\\\/index.php\\\/2024\\\/01\\\/26\\\/vincent-van-gogh-no-se-considera-un-pintor-impresionista-biografia\\\/#primaryimage\"},\"thumbnailUrl\":\"https:\\\/\\\/rafaramirez.org\\\/blog\\\/wp-content\\\/uploads\\\/2024\\\/01\\\/Vincent_van_Gogh_1887-1888_banner.jpg\",\"keywords\":[\"arte moderno\",\"arte y pintura\",\"blog de Rafael Ram\u00edrez\",\"Campo de trigo con cipreses\",\"expresionismo\",\"fauvismo\",\"impresionismo\",\"La noche estrellada\",\"Los girasoles\",\"maestros de la pintura\",\"Paul C\u00e9zanne\",\"Paul Gauguin\",\"postimpresionismo\",\"Terraza de caf\u00e9 por la noche\",\"Vincent Van Gogh\"],\"articleSection\":[\"Historia del arte\"],\"inLanguage\":\"es\",\"potentialAction\":[{\"@type\":\"CommentAction\",\"name\":\"Comment\",\"target\":[\"https:\\\/\\\/rafaramirez.org\\\/blog\\\/index.php\\\/2024\\\/01\\\/26\\\/vincent-van-gogh-no-se-considera-un-pintor-impresionista-biografia\\\/#respond\"]}]},{\"@type\":\"WebPage\",\"@id\":\"https:\\\/\\\/rafaramirez.org\\\/blog\\\/index.php\\\/2024\\\/01\\\/26\\\/vincent-van-gogh-no-se-considera-un-pintor-impresionista-biografia\\\/\",\"url\":\"https:\\\/\\\/rafaramirez.org\\\/blog\\\/index.php\\\/2024\\\/01\\\/26\\\/vincent-van-gogh-no-se-considera-un-pintor-impresionista-biografia\\\/\",\"name\":\"\u00bfVincent van Gogh no se considera un pintor impresionista? - Blog de Rafael Ram\u00edrez\",\"isPartOf\":{\"@id\":\"https:\\\/\\\/rafaramirez.org\\\/blog\\\/#website\"},\"primaryImageOfPage\":{\"@id\":\"https:\\\/\\\/rafaramirez.org\\\/blog\\\/index.php\\\/2024\\\/01\\\/26\\\/vincent-van-gogh-no-se-considera-un-pintor-impresionista-biografia\\\/#primaryimage\"},\"image\":{\"@id\":\"https:\\\/\\\/rafaramirez.org\\\/blog\\\/index.php\\\/2024\\\/01\\\/26\\\/vincent-van-gogh-no-se-considera-un-pintor-impresionista-biografia\\\/#primaryimage\"},\"thumbnailUrl\":\"https:\\\/\\\/rafaramirez.org\\\/blog\\\/wp-content\\\/uploads\\\/2024\\\/01\\\/Vincent_van_Gogh_1887-1888_banner.jpg\",\"datePublished\":\"2024-01-26T07:30:23+00:00\",\"dateModified\":\"2026-01-28T13:06:16+00:00\",\"description\":\"Vincent van Gogh es uno de los pintores m\u00e1s conocidos e influyentes de la historia del arte. Su obra, caracterizada por sus colores vivos, su\",\"breadcrumb\":{\"@id\":\"https:\\\/\\\/rafaramirez.org\\\/blog\\\/index.php\\\/2024\\\/01\\\/26\\\/vincent-van-gogh-no-se-considera-un-pintor-impresionista-biografia\\\/#breadcrumb\"},\"inLanguage\":\"es\",\"potentialAction\":[{\"@type\":\"ReadAction\",\"target\":[\"https:\\\/\\\/rafaramirez.org\\\/blog\\\/index.php\\\/2024\\\/01\\\/26\\\/vincent-van-gogh-no-se-considera-un-pintor-impresionista-biografia\\\/\"]}]},{\"@type\":\"ImageObject\",\"inLanguage\":\"es\",\"@id\":\"https:\\\/\\\/rafaramirez.org\\\/blog\\\/index.php\\\/2024\\\/01\\\/26\\\/vincent-van-gogh-no-se-considera-un-pintor-impresionista-biografia\\\/#primaryimage\",\"url\":\"https:\\\/\\\/rafaramirez.org\\\/blog\\\/wp-content\\\/uploads\\\/2024\\\/01\\\/Vincent_van_Gogh_1887-1888_banner.jpg\",\"contentUrl\":\"https:\\\/\\\/rafaramirez.org\\\/blog\\\/wp-content\\\/uploads\\\/2024\\\/01\\\/Vincent_van_Gogh_1887-1888_banner.jpg\",\"width\":600,\"height\":450,\"caption\":\"Vincent van Gogh Autorretrato\"},{\"@type\":\"BreadcrumbList\",\"@id\":\"https:\\\/\\\/rafaramirez.org\\\/blog\\\/index.php\\\/2024\\\/01\\\/26\\\/vincent-van-gogh-no-se-considera-un-pintor-impresionista-biografia\\\/#breadcrumb\",\"itemListElement\":[{\"@type\":\"ListItem\",\"position\":1,\"name\":\"Portada\",\"item\":\"https:\\\/\\\/rafaramirez.org\\\/blog\\\/\"},{\"@type\":\"ListItem\",\"position\":2,\"name\":\"\u00bfVincent van Gogh no se considera un pintor impresionista?\"}]},{\"@type\":\"WebSite\",\"@id\":\"https:\\\/\\\/rafaramirez.org\\\/blog\\\/#website\",\"url\":\"https:\\\/\\\/rafaramirez.org\\\/blog\\\/\",\"name\":\"Blog de Rafael Ram\u00edrez\",\"description\":\"Un sitio social, de arte y cultura\",\"publisher\":{\"@id\":\"https:\\\/\\\/rafaramirez.org\\\/blog\\\/#\\\/schema\\\/person\\\/50f43b6d60c578760d4c17bda54ab6a5\"},\"potentialAction\":[{\"@type\":\"SearchAction\",\"target\":{\"@type\":\"EntryPoint\",\"urlTemplate\":\"https:\\\/\\\/rafaramirez.org\\\/blog\\\/?s={search_term_string}\"},\"query-input\":{\"@type\":\"PropertyValueSpecification\",\"valueRequired\":true,\"valueName\":\"search_term_string\"}}],\"inLanguage\":\"es\"},{\"@type\":[\"Person\",\"Organization\"],\"@id\":\"https:\\\/\\\/rafaramirez.org\\\/blog\\\/#\\\/schema\\\/person\\\/50f43b6d60c578760d4c17bda54ab6a5\",\"name\":\"Rafael Ram\u00edrez\",\"image\":{\"@type\":\"ImageObject\",\"inLanguage\":\"es\",\"@id\":\"https:\\\/\\\/rafaramirez.org\\\/blog\\\/wp-content\\\/uploads\\\/2024\\\/09\\\/RR_socialnetwork.jpg\",\"url\":\"https:\\\/\\\/rafaramirez.org\\\/blog\\\/wp-content\\\/uploads\\\/2024\\\/09\\\/RR_socialnetwork.jpg\",\"contentUrl\":\"https:\\\/\\\/rafaramirez.org\\\/blog\\\/wp-content\\\/uploads\\\/2024\\\/09\\\/RR_socialnetwork.jpg\",\"width\":600,\"height\":606,\"caption\":\"Rafael Ram\u00edrez\"},\"logo\":{\"@id\":\"https:\\\/\\\/rafaramirez.org\\\/blog\\\/wp-content\\\/uploads\\\/2024\\\/09\\\/RR_socialnetwork.jpg\"},\"sameAs\":[\"https:\\\/\\\/www.rafaramirez.org\\\/blog\",\"https:\\\/\\\/www.instagram.com\\\/rafaramirez_ok\\\/\",\"https:\\\/\\\/es.pinterest.com\\\/Ramirez_Rafa\\\/\",\"https:\\\/\\\/x.com\\\/rafaramirez_ok\"],\"url\":\"https:\\\/\\\/rafaramirez.org\\\/blog\\\/index.php\\\/author\\\/rafaell_qm6j97da\\\/\"}]}<\/script>\n<!-- \/ Yoast SEO plugin. -->","yoast_head_json":{"title":"\u00bfVincent van Gogh no se considera un pintor impresionista? - Blog de Rafael Ram\u00edrez","description":"Vincent van Gogh es uno de los pintores m\u00e1s conocidos e influyentes de la historia del arte. Su obra, caracterizada por sus colores vivos, su","robots":{"index":"index","follow":"follow","max-snippet":"max-snippet:-1","max-image-preview":"max-image-preview:large","max-video-preview":"max-video-preview:-1"},"canonical":"https:\/\/rafaramirez.org\/blog\/index.php\/2024\/01\/26\/vincent-van-gogh-no-se-considera-un-pintor-impresionista-biografia\/","og_locale":"es_ES","og_type":"article","og_title":"\u00bfVincent van Gogh no se considera un pintor impresionista? - Blog de Rafael Ram\u00edrez","og_description":"Vincent van Gogh es uno de los pintores m\u00e1s conocidos e influyentes de la historia del arte. Su obra, caracterizada por sus colores vivos, su","og_url":"https:\/\/rafaramirez.org\/blog\/index.php\/2024\/01\/26\/vincent-van-gogh-no-se-considera-un-pintor-impresionista-biografia\/","og_site_name":"Blog de Rafael Ram\u00edrez","article_published_time":"2024-01-26T07:30:23+00:00","article_modified_time":"2026-01-28T13:06:16+00:00","og_image":[{"width":600,"height":450,"url":"https:\/\/rafaramirez.org\/blog\/wp-content\/uploads\/2024\/01\/Vincent_van_Gogh_1887-1888_banner.jpg","type":"image\/jpeg"}],"author":"Rafael Ram\u00edrez","twitter_card":"summary_large_image","twitter_creator":"@rafaramirez_ok","twitter_site":"@rafaramirez_ok","twitter_misc":{"Escrito por":"Rafael Ram\u00edrez","Tiempo de lectura":"3 minutos"},"schema":{"@context":"https:\/\/schema.org","@graph":[{"@type":"Article","@id":"https:\/\/rafaramirez.org\/blog\/index.php\/2024\/01\/26\/vincent-van-gogh-no-se-considera-un-pintor-impresionista-biografia\/#article","isPartOf":{"@id":"https:\/\/rafaramirez.org\/blog\/index.php\/2024\/01\/26\/vincent-van-gogh-no-se-considera-un-pintor-impresionista-biografia\/"},"author":{"name":"Rafael Ram\u00edrez","@id":"https:\/\/rafaramirez.org\/blog\/#\/schema\/person\/50f43b6d60c578760d4c17bda54ab6a5"},"headline":"\u00bfVincent van Gogh no se considera un pintor impresionista?","datePublished":"2024-01-26T07:30:23+00:00","dateModified":"2026-01-28T13:06:16+00:00","mainEntityOfPage":{"@id":"https:\/\/rafaramirez.org\/blog\/index.php\/2024\/01\/26\/vincent-van-gogh-no-se-considera-un-pintor-impresionista-biografia\/"},"wordCount":417,"commentCount":0,"publisher":{"@id":"https:\/\/rafaramirez.org\/blog\/#\/schema\/person\/50f43b6d60c578760d4c17bda54ab6a5"},"image":{"@id":"https:\/\/rafaramirez.org\/blog\/index.php\/2024\/01\/26\/vincent-van-gogh-no-se-considera-un-pintor-impresionista-biografia\/#primaryimage"},"thumbnailUrl":"https:\/\/rafaramirez.org\/blog\/wp-content\/uploads\/2024\/01\/Vincent_van_Gogh_1887-1888_banner.jpg","keywords":["arte moderno","arte y pintura","blog de Rafael Ram\u00edrez","Campo de trigo con cipreses","expresionismo","fauvismo","impresionismo","La noche estrellada","Los girasoles","maestros de la pintura","Paul C\u00e9zanne","Paul Gauguin","postimpresionismo","Terraza de caf\u00e9 por la noche","Vincent Van Gogh"],"articleSection":["Historia del arte"],"inLanguage":"es","potentialAction":[{"@type":"CommentAction","name":"Comment","target":["https:\/\/rafaramirez.org\/blog\/index.php\/2024\/01\/26\/vincent-van-gogh-no-se-considera-un-pintor-impresionista-biografia\/#respond"]}]},{"@type":"WebPage","@id":"https:\/\/rafaramirez.org\/blog\/index.php\/2024\/01\/26\/vincent-van-gogh-no-se-considera-un-pintor-impresionista-biografia\/","url":"https:\/\/rafaramirez.org\/blog\/index.php\/2024\/01\/26\/vincent-van-gogh-no-se-considera-un-pintor-impresionista-biografia\/","name":"\u00bfVincent van Gogh no se considera un pintor impresionista? - Blog de Rafael Ram\u00edrez","isPartOf":{"@id":"https:\/\/rafaramirez.org\/blog\/#website"},"primaryImageOfPage":{"@id":"https:\/\/rafaramirez.org\/blog\/index.php\/2024\/01\/26\/vincent-van-gogh-no-se-considera-un-pintor-impresionista-biografia\/#primaryimage"},"image":{"@id":"https:\/\/rafaramirez.org\/blog\/index.php\/2024\/01\/26\/vincent-van-gogh-no-se-considera-un-pintor-impresionista-biografia\/#primaryimage"},"thumbnailUrl":"https:\/\/rafaramirez.org\/blog\/wp-content\/uploads\/2024\/01\/Vincent_van_Gogh_1887-1888_banner.jpg","datePublished":"2024-01-26T07:30:23+00:00","dateModified":"2026-01-28T13:06:16+00:00","description":"Vincent van Gogh es uno de los pintores m\u00e1s conocidos e influyentes de la historia del arte. Su obra, caracterizada por sus colores vivos, su","breadcrumb":{"@id":"https:\/\/rafaramirez.org\/blog\/index.php\/2024\/01\/26\/vincent-van-gogh-no-se-considera-un-pintor-impresionista-biografia\/#breadcrumb"},"inLanguage":"es","potentialAction":[{"@type":"ReadAction","target":["https:\/\/rafaramirez.org\/blog\/index.php\/2024\/01\/26\/vincent-van-gogh-no-se-considera-un-pintor-impresionista-biografia\/"]}]},{"@type":"ImageObject","inLanguage":"es","@id":"https:\/\/rafaramirez.org\/blog\/index.php\/2024\/01\/26\/vincent-van-gogh-no-se-considera-un-pintor-impresionista-biografia\/#primaryimage","url":"https:\/\/rafaramirez.org\/blog\/wp-content\/uploads\/2024\/01\/Vincent_van_Gogh_1887-1888_banner.jpg","contentUrl":"https:\/\/rafaramirez.org\/blog\/wp-content\/uploads\/2024\/01\/Vincent_van_Gogh_1887-1888_banner.jpg","width":600,"height":450,"caption":"Vincent van Gogh Autorretrato"},{"@type":"BreadcrumbList","@id":"https:\/\/rafaramirez.org\/blog\/index.php\/2024\/01\/26\/vincent-van-gogh-no-se-considera-un-pintor-impresionista-biografia\/#breadcrumb","itemListElement":[{"@type":"ListItem","position":1,"name":"Portada","item":"https:\/\/rafaramirez.org\/blog\/"},{"@type":"ListItem","position":2,"name":"\u00bfVincent van Gogh no se considera un pintor impresionista?"}]},{"@type":"WebSite","@id":"https:\/\/rafaramirez.org\/blog\/#website","url":"https:\/\/rafaramirez.org\/blog\/","name":"Blog de Rafael Ram\u00edrez","description":"Un sitio social, de arte y cultura","publisher":{"@id":"https:\/\/rafaramirez.org\/blog\/#\/schema\/person\/50f43b6d60c578760d4c17bda54ab6a5"},"potentialAction":[{"@type":"SearchAction","target":{"@type":"EntryPoint","urlTemplate":"https:\/\/rafaramirez.org\/blog\/?s={search_term_string}"},"query-input":{"@type":"PropertyValueSpecification","valueRequired":true,"valueName":"search_term_string"}}],"inLanguage":"es"},{"@type":["Person","Organization"],"@id":"https:\/\/rafaramirez.org\/blog\/#\/schema\/person\/50f43b6d60c578760d4c17bda54ab6a5","name":"Rafael Ram\u00edrez","image":{"@type":"ImageObject","inLanguage":"es","@id":"https:\/\/rafaramirez.org\/blog\/wp-content\/uploads\/2024\/09\/RR_socialnetwork.jpg","url":"https:\/\/rafaramirez.org\/blog\/wp-content\/uploads\/2024\/09\/RR_socialnetwork.jpg","contentUrl":"https:\/\/rafaramirez.org\/blog\/wp-content\/uploads\/2024\/09\/RR_socialnetwork.jpg","width":600,"height":606,"caption":"Rafael Ram\u00edrez"},"logo":{"@id":"https:\/\/rafaramirez.org\/blog\/wp-content\/uploads\/2024\/09\/RR_socialnetwork.jpg"},"sameAs":["https:\/\/www.rafaramirez.org\/blog","https:\/\/www.instagram.com\/rafaramirez_ok\/","https:\/\/es.pinterest.com\/Ramirez_Rafa\/","https:\/\/x.com\/rafaramirez_ok"],"url":"https:\/\/rafaramirez.org\/blog\/index.php\/author\/rafaell_qm6j97da\/"}]}},"jetpack_publicize_connections":[],"jetpack_sharing_enabled":true,"jetpack_likes_enabled":true,"jetpack_featured_media_url":"https:\/\/rafaramirez.org\/blog\/wp-content\/uploads\/2024\/01\/Vincent_van_Gogh_1887-1888_banner.jpg","_links":{"self":[{"href":"https:\/\/rafaramirez.org\/blog\/index.php\/wp-json\/wp\/v2\/posts\/3107","targetHints":{"allow":["GET"]}}],"collection":[{"href":"https:\/\/rafaramirez.org\/blog\/index.php\/wp-json\/wp\/v2\/posts"}],"about":[{"href":"https:\/\/rafaramirez.org\/blog\/index.php\/wp-json\/wp\/v2\/types\/post"}],"author":[{"embeddable":true,"href":"https:\/\/rafaramirez.org\/blog\/index.php\/wp-json\/wp\/v2\/users\/1"}],"replies":[{"embeddable":true,"href":"https:\/\/rafaramirez.org\/blog\/index.php\/wp-json\/wp\/v2\/comments?post=3107"}],"version-history":[{"count":6,"href":"https:\/\/rafaramirez.org\/blog\/index.php\/wp-json\/wp\/v2\/posts\/3107\/revisions"}],"predecessor-version":[{"id":10192,"href":"https:\/\/rafaramirez.org\/blog\/index.php\/wp-json\/wp\/v2\/posts\/3107\/revisions\/10192"}],"wp:featuredmedia":[{"embeddable":true,"href":"https:\/\/rafaramirez.org\/blog\/index.php\/wp-json\/wp\/v2\/media\/3116"}],"wp:attachment":[{"href":"https:\/\/rafaramirez.org\/blog\/index.php\/wp-json\/wp\/v2\/media?parent=3107"}],"wp:term":[{"taxonomy":"category","embeddable":true,"href":"https:\/\/rafaramirez.org\/blog\/index.php\/wp-json\/wp\/v2\/categories?post=3107"},{"taxonomy":"post_tag","embeddable":true,"href":"https:\/\/rafaramirez.org\/blog\/index.php\/wp-json\/wp\/v2\/tags?post=3107"}],"curies":[{"name":"wp","href":"https:\/\/api.w.org\/{rel}","templated":true}]}}