{"id":2933,"date":"2024-01-18T08:30:14","date_gmt":"2024-01-18T07:30:14","guid":{"rendered":"https:\/\/blog.rafaramirez.org\/?p=2933"},"modified":"2026-07-14T11:49:48","modified_gmt":"2026-07-14T09:49:48","slug":"el-impresionismo-en-la-pintura","status":"publish","type":"post","link":"https:\/\/rafaramirez.org\/blog\/index.php\/2024\/01\/18\/el-impresionismo-en-la-pintura\/","title":{"rendered":"El impresionismo en la pintura"},"content":{"rendered":"<p data-sourcepos=\"1:1-1:362\">El impresionismo es un movimiento art\u00edstico que se desarroll\u00f3 en Francia a mediados del siglo XIX. Se caracteriza por su inter\u00e9s en capturar la luz y la atm\u00f3sfera en un momento particular, en lugar de crear una representaci\u00f3n realista del mundo. Los impresionistas utilizaron pinceladas sueltas y colores puros para crear una sensaci\u00f3n de movimiento y vibraci\u00f3n.<\/p>\n<p data-sourcepos=\"3:1-3:366\">El impresionismo se origin\u00f3 en Par\u00eds en la d\u00e9cada de 1860, cuando un grupo de artistas, incluidos <a href=\"https:\/\/rafaramirez.org\/blog\/index.php\/2024\/09\/26\/claude-monet\/\" target=\"_blank\" rel=\"noopener\">Claude Monet<\/a>, <a href=\"https:\/\/rafaramirez.org\/blog\/index.php\/2024\/03\/05\/pierre-auguste-renoir-un-maestro-del-impresionismo\/\" target=\"_blank\" rel=\"noopener\">Pierre-Auguste Renoir<\/a> y <a href=\"https:\/\/rafaramirez.org\/blog\/index.php\/2024\/04\/09\/camille-pissarro\/\" target=\"_blank\" rel=\"noopener\">Camille Pissarro<\/a>, comenzaron a experimentar con nuevas t\u00e9cnicas de pintura. Se inspiraron en la obra de los pintores holandeses del siglo XVII, como Johannes Vermeer y Frans Hals, que utilizaban pinceladas sueltas y colores vivos.<\/p>\n<p data-sourcepos=\"5:1-5:322\">El t\u00e9rmino \u00abimpresionismo\u00bb se origin\u00f3 en 1874, cuando un cr\u00edtico de arte franc\u00e9s, Louis Leroy, utiliz\u00f3 la palabra \u00abimpresi\u00f3n\u00bb para describir un cuadro de <a href=\"https:\/\/rafaramirez.org\/blog\/index.php\/2024\/09\/26\/claude-monet\/\" target=\"_blank\" rel=\"noopener\">Monet<\/a> llamado \u00abImpresi\u00f3n, sol naciente\u00bb. Leroy utiliz\u00f3 la palabra de forma peyorativa, pero los impresionistas la aceptaron como un nombre apropiado para su movimiento.<\/p>\n<p data-sourcepos=\"7:1-7:234\">Los impresionistas se rebelaron contra las tradiciones de la pintura del siglo XIX, que se centraba en la representaci\u00f3n realista del mundo. En cambio, los impresionistas buscaban capturar la impresi\u00f3n moment\u00e1nea de la luz y el color.<\/p>\n<p data-sourcepos=\"9:1-9:49\">Los principales pintores impresionistas incluyen:<\/p>\n<ul data-sourcepos=\"11:1-21:0\">\n<li data-sourcepos=\"11:1-12:48\">\n<p data-sourcepos=\"11:3-12:48\"><a href=\"https:\/\/rafaramirez.org\/blog\/index.php\/2024\/09\/26\/claude-monet\/\" target=\"_blank\" rel=\"noopener\">Claude Monet (1840-1926)<\/a>: Monet es considerado el padre del impresionismo. Sus pinturas, como \u00abImpresi\u00f3n, sol naciente\u00bb y \u00abLa catedral de Rouen\u00bb, son famosas por sus pinceladas sueltas y sus colores vivos.<\/p>\n<div class=\"attachment-container search-images\">\n<div class=\"image-container hide-from-message-actions ng-star-inserted\">\n<div><a href=\"https:\/\/rafaramirez.org\/blog\/wp-content\/uploads\/2024\/01\/Impresion_sol_naciente_Claude_Monet.png\" target=\"_blank\" rel=\"noopener\"><img loading=\"lazy\" decoding=\"async\" class=\"alignnone wp-image-2941 size-medium\" src=\"https:\/\/rafaramirez.org\/blog\/wp-content\/uploads\/2024\/01\/Impresion_sol_naciente_Claude_Monet-300x231.png\" alt=\"Impresi\u00f3n, sol naciente. Claude Monet\" width=\"300\" height=\"231\" srcset=\"https:\/\/rafaramirez.org\/blog\/wp-content\/uploads\/2024\/01\/Impresion_sol_naciente_Claude_Monet-300x231.png 300w, https:\/\/rafaramirez.org\/blog\/wp-content\/uploads\/2024\/01\/Impresion_sol_naciente_Claude_Monet-1024x787.png 1024w, https:\/\/rafaramirez.org\/blog\/wp-content\/uploads\/2024\/01\/Impresion_sol_naciente_Claude_Monet-768x590.png 768w, https:\/\/rafaramirez.org\/blog\/wp-content\/uploads\/2024\/01\/Impresion_sol_naciente_Claude_Monet.png 1051w\" sizes=\"auto, (max-width: 300px) 100vw, 300px\" \/><\/a><\/div>\n<div class=\"overlay-container ng-star-inserted\" style=\"text-align: center;\"><span class=\"ng-star-inserted\" data-test-id=\"content\">Claude Monet, Impresi\u00f3n, sol naciente<\/span><\/div>\n<\/div>\n<\/div>\n<\/li>\n<li data-sourcepos=\"13:1-14:71\">\n<p data-sourcepos=\"13:3-14:71\"><a href=\"https:\/\/rafaramirez.org\/blog\/index.php\/2024\/03\/05\/pierre-auguste-renoir-un-maestro-del-impresionismo\/\" target=\"_blank\" rel=\"noopener\">Pierre-Auguste Renoir (1841-1919)<\/a>: Renoir es conocido por sus pinturas de escenas cotidianas y retratos. Sus obras, como \u00abBailarinas en el Moulin de la Galette\u00bb y \u00abAlmuerzo de los remeros\u00bb, son famosas por su alegr\u00eda y su vitalidad.<\/p>\n<div class=\"attachment-container search-images\">\n<div class=\"image-container hide-from-message-actions ng-star-inserted\">\n<div><a href=\"https:\/\/rafaramirez.org\/blog\/wp-content\/uploads\/2024\/01\/Bailarinas_en_el_Moulin_de_la_Galette_Renoir.png\" target=\"_blank\" rel=\"noopener\"><img loading=\"lazy\" decoding=\"async\" class=\"aligncenter wp-image-2945 size-medium\" src=\"https:\/\/rafaramirez.org\/blog\/wp-content\/uploads\/2024\/01\/Bailarinas_en_el_Moulin_de_la_Galette_Renoir-300x224.png\" alt=\"Bailarinas en el Moulin de la Galette. Renoir\" width=\"300\" height=\"224\" srcset=\"https:\/\/rafaramirez.org\/blog\/wp-content\/uploads\/2024\/01\/Bailarinas_en_el_Moulin_de_la_Galette_Renoir-300x224.png 300w, https:\/\/rafaramirez.org\/blog\/wp-content\/uploads\/2024\/01\/Bailarinas_en_el_Moulin_de_la_Galette_Renoir-1024x763.png 1024w, https:\/\/rafaramirez.org\/blog\/wp-content\/uploads\/2024\/01\/Bailarinas_en_el_Moulin_de_la_Galette_Renoir-768x572.png 768w, https:\/\/rafaramirez.org\/blog\/wp-content\/uploads\/2024\/01\/Bailarinas_en_el_Moulin_de_la_Galette_Renoir-1536x1144.png 1536w, https:\/\/rafaramirez.org\/blog\/wp-content\/uploads\/2024\/01\/Bailarinas_en_el_Moulin_de_la_Galette_Renoir.png 2000w\" sizes=\"auto, (max-width: 300px) 100vw, 300px\" \/><\/a><\/div>\n<div class=\"overlay-container ng-star-inserted\" style=\"text-align: center;\"><span class=\"ng-star-inserted\" data-test-id=\"content\">Pierre Auguste Renoir, Bailarinas en el Moulin de la Galette<\/span><\/div>\n<\/div>\n<\/div>\n<\/li>\n<li data-sourcepos=\"15:1-16:0\">\n<p data-sourcepos=\"15:3-15:216\"><a href=\"https:\/\/rafaramirez.org\/blog\/index.php\/2024\/04\/09\/camille-pissarro\/\" target=\"_blank\" rel=\"noopener\">Camille Pissarro (1830-1903)<\/a>: Pissarro es considerado uno de los maestros del impresionismo. Sus pinturas, como \u00abEl huerto en \u00c9ragny\u00bb o \u00abPar\u00eds, bulevar Montmartre\u00bb, son famosas por su uso de la luz y el color.<\/p>\n<\/li>\n<\/ul>\n<p><a href=\"https:\/\/rafaramirez.org\/blog\/wp-content\/uploads\/2024\/01\/Camille_Pissarro_-_Le_jardin_a_Eragny.jpg\" target=\"_blank\" rel=\"noopener\"><img loading=\"lazy\" decoding=\"async\" class=\"alignnone wp-image-2946 size-medium\" src=\"https:\/\/rafaramirez.org\/blog\/wp-content\/uploads\/2024\/01\/Camille_Pissarro_-_Le_jardin_a_Eragny-300x251.jpg\" alt=\"Camille Pissarro -_El huerto en \u00c9ragny\" width=\"300\" height=\"251\" srcset=\"https:\/\/rafaramirez.org\/blog\/wp-content\/uploads\/2024\/01\/Camille_Pissarro_-_Le_jardin_a_Eragny-300x251.jpg 300w, https:\/\/rafaramirez.org\/blog\/wp-content\/uploads\/2024\/01\/Camille_Pissarro_-_Le_jardin_a_Eragny-1024x858.jpg 1024w, https:\/\/rafaramirez.org\/blog\/wp-content\/uploads\/2024\/01\/Camille_Pissarro_-_Le_jardin_a_Eragny-768x644.jpg 768w, https:\/\/rafaramirez.org\/blog\/wp-content\/uploads\/2024\/01\/Camille_Pissarro_-_Le_jardin_a_Eragny-1536x1287.jpg 1536w, https:\/\/rafaramirez.org\/blog\/wp-content\/uploads\/2024\/01\/Camille_Pissarro_-_Le_jardin_a_Eragny.jpg 2000w\" sizes=\"auto, (max-width: 300px) 100vw, 300px\" \/><\/a><\/p>\n<p style=\"text-align: center;\">Camille\u00a0<em>Pissarro<\/em>:\u00a0<em>El huerto en \u00c9ragny<\/em><\/p>\n<ul data-sourcepos=\"11:1-21:0\">\n<li data-sourcepos=\"17:1-18:48\">\n<p data-sourcepos=\"17:3-18:48\"><a href=\"https:\/\/rafaramirez.org\/blog\/index.php\/2024\/03\/18\/edgar-degas-un-maestro-de-la-fascinacion\/\" target=\"_blank\" rel=\"noopener\">Edgar Degas (1834-1917)<\/a>: Degas es conocido por sus pinturas de bailarinas, carreras de caballos y otros temas cotidianos. Sus obras, como \u00abDos bailarinas en amarillo y rosa\u00bb y \u00abCarreras de caballos en Longchamp\u00bb, son famosas por su realismo y su observaci\u00f3n aguda de la vida cotidiana.<\/p>\n<div class=\"attachment-container search-images\">\n<div class=\"image-container hide-from-message-actions ng-star-inserted\">\n<div><a href=\"https:\/\/rafaramirez.org\/blog\/wp-content\/uploads\/2024\/01\/Dos_bailarinas_en_amarillo_y_rosa_Degas.png\" target=\"_blank\" rel=\"noopener\"><img loading=\"lazy\" decoding=\"async\" class=\"alignnone wp-image-2947 size-medium\" src=\"https:\/\/rafaramirez.org\/blog\/wp-content\/uploads\/2024\/01\/Dos_bailarinas_en_amarillo_y_rosa_Degas-300x298.png\" alt=\"Dos bailarinas en amarillo y rosa. Edgar Degas\" width=\"300\" height=\"298\" srcset=\"https:\/\/rafaramirez.org\/blog\/wp-content\/uploads\/2024\/01\/Dos_bailarinas_en_amarillo_y_rosa_Degas-300x298.png 300w, https:\/\/rafaramirez.org\/blog\/wp-content\/uploads\/2024\/01\/Dos_bailarinas_en_amarillo_y_rosa_Degas-1024x1016.png 1024w, https:\/\/rafaramirez.org\/blog\/wp-content\/uploads\/2024\/01\/Dos_bailarinas_en_amarillo_y_rosa_Degas-150x150.png 150w, https:\/\/rafaramirez.org\/blog\/wp-content\/uploads\/2024\/01\/Dos_bailarinas_en_amarillo_y_rosa_Degas-768x762.png 768w, https:\/\/rafaramirez.org\/blog\/wp-content\/uploads\/2024\/01\/Dos_bailarinas_en_amarillo_y_rosa_Degas-1536x1524.png 1536w, https:\/\/rafaramirez.org\/blog\/wp-content\/uploads\/2024\/01\/Dos_bailarinas_en_amarillo_y_rosa_Degas.png 2000w\" sizes=\"auto, (max-width: 300px) 100vw, 300px\" \/><\/a><\/div>\n<div class=\"overlay-container ng-star-inserted\" style=\"text-align: center;\"><span class=\"ng-star-inserted\" data-test-id=\"content\">Edgar Degas, Dos bailarinas en amarillo y rosa<\/span><\/div>\n<\/div>\n<\/div>\n<\/li>\n<li data-sourcepos=\"19:1-21:0\">\n<p data-sourcepos=\"19:3-20:38\"><a href=\"https:\/\/rafaramirez.org\/blog\/index.php\/2024\/05\/23\/berthe-morisot\/\" target=\"_blank\" rel=\"noopener\">Berthe Morisot (1841-1895)<\/a>: Morisot fue una de las pocas mujeres artistas que se convirtieron en miembros del movimiento impresionista. Sus pinturas, como \u00abDespu\u00e9s del almuerzo\u00bb y \u00abEl puente del ferrocarril\u00bb, son famosas por su sensibilidad y su sutileza.<\/p>\n<div class=\"attachment-container search-images\">\n<div class=\"image-container hide-from-message-actions ng-star-inserted\">\n<div><a href=\"https:\/\/rafaramirez.org\/blog\/wp-content\/uploads\/2024\/01\/after-luncheon.jpgLarge.jpg\" target=\"_blank\" rel=\"noopener\"><img loading=\"lazy\" decoding=\"async\" class=\"alignnone wp-image-2948 size-medium\" src=\"https:\/\/rafaramirez.org\/blog\/wp-content\/uploads\/2024\/01\/after-luncheon.jpgLarge-300x241.jpg\" alt=\"Berthe Morisot, Despu\u00e9s del almuerzo\" width=\"300\" height=\"241\" srcset=\"https:\/\/rafaramirez.org\/blog\/wp-content\/uploads\/2024\/01\/after-luncheon.jpgLarge-300x241.jpg 300w, https:\/\/rafaramirez.org\/blog\/wp-content\/uploads\/2024\/01\/after-luncheon.jpgLarge.jpg 746w\" sizes=\"auto, (max-width: 300px) 100vw, 300px\" \/><\/a><\/div>\n<div class=\"overlay-container ng-star-inserted\" style=\"text-align: center;\"><span class=\"ng-star-inserted\" data-test-id=\"content\">Berthe Morisot, Despu\u00e9s del almuerzo<\/span><\/div>\n<\/div>\n<\/div>\n<\/li>\n<\/ul>\n<p data-sourcepos=\"22:1-22:234\">El impresionismo tuvo un impacto significativo en el arte moderno. Su \u00e9nfasis en la luz, el color y la impresi\u00f3n moment\u00e1nea allan\u00f3 el camino para otros movimientos art\u00edsticos, como el <a href=\"https:\/\/rafaramirez.org\/blog\/index.php\/2025\/07\/31\/el-postimpresionismo-en-la-pintura\/\" target=\"_blank\" rel=\"noopener\">postimpresionismo<\/a>, el <a href=\"https:\/\/rafaramirez.org\/blog\/index.php\/2025\/06\/18\/fauvismo\/\" target=\"_blank\" rel=\"noopener\">fauvismo<\/a> y el <a href=\"https:\/\/rafaramirez.org\/blog\/index.php\/2025\/05\/12\/el-expresionismo-historia\/\" target=\"_blank\" rel=\"noopener\">expresionismo<\/a>.<\/p>\n","protected":false},"excerpt":{"rendered":"<p>El impresionismo es un movimiento art\u00edstico que se desarroll\u00f3 en Francia a mediados del siglo XIX. Se caracteriza por su inter\u00e9s en capturar la luz y la atm\u00f3sfera en un momento particular, en lugar de crear una representaci\u00f3n realista del mundo. Los impresionistas utilizaron pinceladas sueltas y colores puros para crear una sensaci\u00f3n de movimiento [&hellip;]<\/p>\n","protected":false},"author":3,"featured_media":2939,"comment_status":"open","ping_status":"closed","sticky":false,"template":"","format":"standard","meta":{"site-container-style":"default","site-container-layout":"default","site-sidebar-layout":"default","disable-article-header":"default","disable-site-header":"default","disable-site-footer":"default","disable-content-area-spacing":"default","_jetpack_newsletter_access":"","_jetpack_dont_email_post_to_subs":false,"_jetpack_newsletter_tier_id":0,"_jetpack_memberships_contains_paywalled_content":false,"_jetpack_feature_clip_id":0,"_jetpack_memberships_contains_paid_content":false,"footnotes":"","jetpack_publicize_message":"","jetpack_publicize_feature_enabled":true,"jetpack_social_post_already_shared":false,"jetpack_social_options":{"image_generator_settings":{"template":"highway","default_image_id":0,"font":"","enabled":false},"version":2},"jetpack_post_was_ever_published":false},"categories":[1290],"tags":[708,706,704,707,703,702,274,705],"class_list":["post-2933","post","type-post","status-publish","format-standard","has-post-thumbnail","hentry","category-historia-del-arte","tag-berthe-morisot","tag-camille-pissarro","tag-claude-monet","tag-edgar-degas","tag-historia-del-impresionismo","tag-impresionismo","tag-maestros-del-impresionismo","tag-pierre-auguste-renoir"],"yoast_head":"<!-- This site is optimized with the Yoast SEO plugin v28.4 - https:\/\/yoast.com\/product\/yoast-seo-wordpress\/ -->\n<title>El impresionismo en la pintura - Blog de Rafael Ram\u00edrez<\/title>\n<meta name=\"description\" content=\"El impresionismo es un movimiento art\u00edstico que se desarroll\u00f3 en Francia a mediados del siglo XIX. Se caracteriza por su inter\u00e9s en capturar\" \/>\n<meta name=\"robots\" content=\"index, follow, max-snippet:-1, max-image-preview:large, max-video-preview:-1\" \/>\n<link rel=\"canonical\" href=\"https:\/\/rafaramirez.org\/blog\/index.php\/2024\/01\/18\/el-impresionismo-en-la-pintura\/\" \/>\n<meta property=\"og:locale\" content=\"es_ES\" \/>\n<meta property=\"og:type\" content=\"article\" \/>\n<meta property=\"og:title\" content=\"El impresionismo en la pintura - Blog de Rafael Ram\u00edrez\" \/>\n<meta property=\"og:description\" content=\"El impresionismo es un movimiento art\u00edstico que se desarroll\u00f3 en Francia a mediados del siglo XIX. Se caracteriza por su inter\u00e9s en capturar\" \/>\n<meta property=\"og:url\" content=\"https:\/\/rafaramirez.org\/blog\/index.php\/2024\/01\/18\/el-impresionismo-en-la-pintura\/\" \/>\n<meta property=\"og:site_name\" content=\"Blog de Rafael Ram\u00edrez\" \/>\n<meta property=\"article:published_time\" content=\"2024-01-18T07:30:14+00:00\" \/>\n<meta property=\"article:modified_time\" content=\"2026-07-14T09:49:48+00:00\" \/>\n<meta property=\"og:image\" content=\"https:\/\/rafaramirez.org\/blog\/wp-content\/uploads\/2024\/01\/31055736702_067c47e2e6_c.jpg\" \/>\n\t<meta property=\"og:image:width\" content=\"800\" \/>\n\t<meta property=\"og:image:height\" content=\"600\" \/>\n\t<meta property=\"og:image:type\" content=\"image\/jpeg\" \/>\n<meta name=\"author\" content=\"Documentaci\u00f3n e investigaci\u00f3n\" \/>\n<meta name=\"twitter:card\" content=\"summary_large_image\" \/>\n<meta name=\"twitter:site\" content=\"@rafaramirez_ok\" \/>\n<meta name=\"twitter:label1\" content=\"Escrito por\" \/>\n\t<meta name=\"twitter:data1\" content=\"Documentaci\u00f3n e investigaci\u00f3n\" \/>\n\t<meta name=\"twitter:label2\" content=\"Tiempo de lectura\" \/>\n\t<meta name=\"twitter:data2\" content=\"4 minutos\" \/>\n<script type=\"application\/ld+json\" class=\"yoast-schema-graph\">{\"@context\":\"https:\\\/\\\/schema.org\",\"@graph\":[{\"@type\":\"Article\",\"@id\":\"https:\\\/\\\/rafaramirez.org\\\/blog\\\/index.php\\\/2024\\\/01\\\/18\\\/el-impresionismo-en-la-pintura\\\/#article\",\"isPartOf\":{\"@id\":\"https:\\\/\\\/rafaramirez.org\\\/blog\\\/index.php\\\/2024\\\/01\\\/18\\\/el-impresionismo-en-la-pintura\\\/\"},\"author\":{\"name\":\"Documentaci\u00f3n e investigaci\u00f3n\",\"@id\":\"https:\\\/\\\/rafaramirez.org\\\/blog\\\/#\\\/schema\\\/person\\\/8debd05b3d9a1d16fb21af726811617d\"},\"headline\":\"El impresionismo en la pintura\",\"datePublished\":\"2024-01-18T07:30:14+00:00\",\"dateModified\":\"2026-07-14T09:49:48+00:00\",\"mainEntityOfPage\":{\"@id\":\"https:\\\/\\\/rafaramirez.org\\\/blog\\\/index.php\\\/2024\\\/01\\\/18\\\/el-impresionismo-en-la-pintura\\\/\"},\"wordCount\":490,\"commentCount\":0,\"publisher\":{\"@id\":\"https:\\\/\\\/rafaramirez.org\\\/blog\\\/#\\\/schema\\\/person\\\/50f43b6d60c578760d4c17bda54ab6a5\"},\"image\":{\"@id\":\"https:\\\/\\\/rafaramirez.org\\\/blog\\\/index.php\\\/2024\\\/01\\\/18\\\/el-impresionismo-en-la-pintura\\\/#primaryimage\"},\"thumbnailUrl\":\"https:\\\/\\\/rafaramirez.org\\\/blog\\\/wp-content\\\/uploads\\\/2024\\\/01\\\/31055736702_067c47e2e6_c.jpg\",\"keywords\":[\"Berthe Morisot\",\"Camille Pissarro\",\"claude monet\",\"Edgar Degas\",\"historia del impresionismo\",\"impresionismo\",\"maestros del impresionismo\",\"Pierre-Auguste Renoir\"],\"articleSection\":[\"Historia del arte\"],\"inLanguage\":\"es\",\"potentialAction\":[{\"@type\":\"CommentAction\",\"name\":\"Comment\",\"target\":[\"https:\\\/\\\/rafaramirez.org\\\/blog\\\/index.php\\\/2024\\\/01\\\/18\\\/el-impresionismo-en-la-pintura\\\/#respond\"]}]},{\"@type\":\"WebPage\",\"@id\":\"https:\\\/\\\/rafaramirez.org\\\/blog\\\/index.php\\\/2024\\\/01\\\/18\\\/el-impresionismo-en-la-pintura\\\/\",\"url\":\"https:\\\/\\\/rafaramirez.org\\\/blog\\\/index.php\\\/2024\\\/01\\\/18\\\/el-impresionismo-en-la-pintura\\\/\",\"name\":\"El impresionismo en la pintura - Blog de Rafael Ram\u00edrez\",\"isPartOf\":{\"@id\":\"https:\\\/\\\/rafaramirez.org\\\/blog\\\/#website\"},\"primaryImageOfPage\":{\"@id\":\"https:\\\/\\\/rafaramirez.org\\\/blog\\\/index.php\\\/2024\\\/01\\\/18\\\/el-impresionismo-en-la-pintura\\\/#primaryimage\"},\"image\":{\"@id\":\"https:\\\/\\\/rafaramirez.org\\\/blog\\\/index.php\\\/2024\\\/01\\\/18\\\/el-impresionismo-en-la-pintura\\\/#primaryimage\"},\"thumbnailUrl\":\"https:\\\/\\\/rafaramirez.org\\\/blog\\\/wp-content\\\/uploads\\\/2024\\\/01\\\/31055736702_067c47e2e6_c.jpg\",\"datePublished\":\"2024-01-18T07:30:14+00:00\",\"dateModified\":\"2026-07-14T09:49:48+00:00\",\"description\":\"El impresionismo es un movimiento art\u00edstico que se desarroll\u00f3 en Francia a mediados del siglo XIX. Se caracteriza por su inter\u00e9s en capturar\",\"breadcrumb\":{\"@id\":\"https:\\\/\\\/rafaramirez.org\\\/blog\\\/index.php\\\/2024\\\/01\\\/18\\\/el-impresionismo-en-la-pintura\\\/#breadcrumb\"},\"inLanguage\":\"es\",\"potentialAction\":[{\"@type\":\"ReadAction\",\"target\":[\"https:\\\/\\\/rafaramirez.org\\\/blog\\\/index.php\\\/2024\\\/01\\\/18\\\/el-impresionismo-en-la-pintura\\\/\"]}]},{\"@type\":\"ImageObject\",\"inLanguage\":\"es\",\"@id\":\"https:\\\/\\\/rafaramirez.org\\\/blog\\\/index.php\\\/2024\\\/01\\\/18\\\/el-impresionismo-en-la-pintura\\\/#primaryimage\",\"url\":\"https:\\\/\\\/rafaramirez.org\\\/blog\\\/wp-content\\\/uploads\\\/2024\\\/01\\\/31055736702_067c47e2e6_c.jpg\",\"contentUrl\":\"https:\\\/\\\/rafaramirez.org\\\/blog\\\/wp-content\\\/uploads\\\/2024\\\/01\\\/31055736702_067c47e2e6_c.jpg\",\"width\":800,\"height\":600,\"caption\":\"El impresionismo en la pintura\"},{\"@type\":\"BreadcrumbList\",\"@id\":\"https:\\\/\\\/rafaramirez.org\\\/blog\\\/index.php\\\/2024\\\/01\\\/18\\\/el-impresionismo-en-la-pintura\\\/#breadcrumb\",\"itemListElement\":[{\"@type\":\"ListItem\",\"position\":1,\"name\":\"Portada\",\"item\":\"https:\\\/\\\/rafaramirez.org\\\/blog\\\/\"},{\"@type\":\"ListItem\",\"position\":2,\"name\":\"El impresionismo en la pintura\"}]},{\"@type\":\"WebSite\",\"@id\":\"https:\\\/\\\/rafaramirez.org\\\/blog\\\/#website\",\"url\":\"https:\\\/\\\/rafaramirez.org\\\/blog\\\/\",\"name\":\"Blog de Rafael Ram\u00edrez\",\"description\":\"Un sitio social, de arte y cultura\",\"publisher\":{\"@id\":\"https:\\\/\\\/rafaramirez.org\\\/blog\\\/#\\\/schema\\\/person\\\/50f43b6d60c578760d4c17bda54ab6a5\"},\"potentialAction\":[{\"@type\":\"SearchAction\",\"target\":{\"@type\":\"EntryPoint\",\"urlTemplate\":\"https:\\\/\\\/rafaramirez.org\\\/blog\\\/?s={search_term_string}\"},\"query-input\":{\"@type\":\"PropertyValueSpecification\",\"valueRequired\":true,\"valueName\":\"search_term_string\"}}],\"inLanguage\":\"es\"},{\"@type\":[\"Person\",\"Organization\"],\"@id\":\"https:\\\/\\\/rafaramirez.org\\\/blog\\\/#\\\/schema\\\/person\\\/50f43b6d60c578760d4c17bda54ab6a5\",\"name\":\"Rafael Ram\u00edrez\",\"image\":{\"@type\":\"ImageObject\",\"inLanguage\":\"es\",\"@id\":\"https:\\\/\\\/rafaramirez.org\\\/blog\\\/wp-content\\\/uploads\\\/2024\\\/09\\\/RR_socialnetwork.jpg\",\"url\":\"https:\\\/\\\/rafaramirez.org\\\/blog\\\/wp-content\\\/uploads\\\/2024\\\/09\\\/RR_socialnetwork.jpg\",\"contentUrl\":\"https:\\\/\\\/rafaramirez.org\\\/blog\\\/wp-content\\\/uploads\\\/2024\\\/09\\\/RR_socialnetwork.jpg\",\"width\":600,\"height\":606,\"caption\":\"Rafael Ram\u00edrez\"},\"logo\":{\"@id\":\"https:\\\/\\\/rafaramirez.org\\\/blog\\\/wp-content\\\/uploads\\\/2024\\\/09\\\/RR_socialnetwork.jpg\"},\"sameAs\":[\"https:\\\/\\\/www.rafaramirez.org\\\/blog\",\"https:\\\/\\\/www.instagram.com\\\/rafaramirez_ok\\\/\",\"https:\\\/\\\/es.pinterest.com\\\/Ramirez_Rafa\\\/\",\"https:\\\/\\\/x.com\\\/rafaramirez_ok\"]},{\"@type\":\"Person\",\"@id\":\"https:\\\/\\\/rafaramirez.org\\\/blog\\\/#\\\/schema\\\/person\\\/8debd05b3d9a1d16fb21af726811617d\",\"name\":\"Documentaci\u00f3n e investigaci\u00f3n\",\"image\":{\"@type\":\"ImageObject\",\"inLanguage\":\"es\",\"@id\":\"https:\\\/\\\/secure.gravatar.com\\\/avatar\\\/fe70e496579a39c7a8fc4982b89275403b1092eb200623138a32daada9416911?s=96&d=mm&r=g\",\"url\":\"https:\\\/\\\/secure.gravatar.com\\\/avatar\\\/fe70e496579a39c7a8fc4982b89275403b1092eb200623138a32daada9416911?s=96&d=mm&r=g\",\"contentUrl\":\"https:\\\/\\\/secure.gravatar.com\\\/avatar\\\/fe70e496579a39c7a8fc4982b89275403b1092eb200623138a32daada9416911?s=96&d=mm&r=g\",\"caption\":\"Documentaci\u00f3n e investigaci\u00f3n\"},\"url\":\"https:\\\/\\\/rafaramirez.org\\\/blog\\\/index.php\\\/author\\\/admin\\\/\"}]}<\/script>\n<!-- \/ Yoast SEO plugin. -->","yoast_head_json":{"title":"El impresionismo en la pintura - Blog de Rafael Ram\u00edrez","description":"El impresionismo es un movimiento art\u00edstico que se desarroll\u00f3 en Francia a mediados del siglo XIX. Se caracteriza por su inter\u00e9s en capturar","robots":{"index":"index","follow":"follow","max-snippet":"max-snippet:-1","max-image-preview":"max-image-preview:large","max-video-preview":"max-video-preview:-1"},"canonical":"https:\/\/rafaramirez.org\/blog\/index.php\/2024\/01\/18\/el-impresionismo-en-la-pintura\/","og_locale":"es_ES","og_type":"article","og_title":"El impresionismo en la pintura - Blog de Rafael Ram\u00edrez","og_description":"El impresionismo es un movimiento art\u00edstico que se desarroll\u00f3 en Francia a mediados del siglo XIX. Se caracteriza por su inter\u00e9s en capturar","og_url":"https:\/\/rafaramirez.org\/blog\/index.php\/2024\/01\/18\/el-impresionismo-en-la-pintura\/","og_site_name":"Blog de Rafael Ram\u00edrez","article_published_time":"2024-01-18T07:30:14+00:00","article_modified_time":"2026-07-14T09:49:48+00:00","og_image":[{"width":800,"height":600,"url":"https:\/\/rafaramirez.org\/blog\/wp-content\/uploads\/2024\/01\/31055736702_067c47e2e6_c.jpg","type":"image\/jpeg"}],"author":"Documentaci\u00f3n e investigaci\u00f3n","twitter_card":"summary_large_image","twitter_site":"@rafaramirez_ok","twitter_misc":{"Escrito por":"Documentaci\u00f3n e investigaci\u00f3n","Tiempo de lectura":"4 minutos"},"schema":{"@context":"https:\/\/schema.org","@graph":[{"@type":"Article","@id":"https:\/\/rafaramirez.org\/blog\/index.php\/2024\/01\/18\/el-impresionismo-en-la-pintura\/#article","isPartOf":{"@id":"https:\/\/rafaramirez.org\/blog\/index.php\/2024\/01\/18\/el-impresionismo-en-la-pintura\/"},"author":{"name":"Documentaci\u00f3n e investigaci\u00f3n","@id":"https:\/\/rafaramirez.org\/blog\/#\/schema\/person\/8debd05b3d9a1d16fb21af726811617d"},"headline":"El impresionismo en la pintura","datePublished":"2024-01-18T07:30:14+00:00","dateModified":"2026-07-14T09:49:48+00:00","mainEntityOfPage":{"@id":"https:\/\/rafaramirez.org\/blog\/index.php\/2024\/01\/18\/el-impresionismo-en-la-pintura\/"},"wordCount":490,"commentCount":0,"publisher":{"@id":"https:\/\/rafaramirez.org\/blog\/#\/schema\/person\/50f43b6d60c578760d4c17bda54ab6a5"},"image":{"@id":"https:\/\/rafaramirez.org\/blog\/index.php\/2024\/01\/18\/el-impresionismo-en-la-pintura\/#primaryimage"},"thumbnailUrl":"https:\/\/rafaramirez.org\/blog\/wp-content\/uploads\/2024\/01\/31055736702_067c47e2e6_c.jpg","keywords":["Berthe Morisot","Camille Pissarro","claude monet","Edgar Degas","historia del impresionismo","impresionismo","maestros del impresionismo","Pierre-Auguste Renoir"],"articleSection":["Historia del arte"],"inLanguage":"es","potentialAction":[{"@type":"CommentAction","name":"Comment","target":["https:\/\/rafaramirez.org\/blog\/index.php\/2024\/01\/18\/el-impresionismo-en-la-pintura\/#respond"]}]},{"@type":"WebPage","@id":"https:\/\/rafaramirez.org\/blog\/index.php\/2024\/01\/18\/el-impresionismo-en-la-pintura\/","url":"https:\/\/rafaramirez.org\/blog\/index.php\/2024\/01\/18\/el-impresionismo-en-la-pintura\/","name":"El impresionismo en la pintura - Blog de Rafael Ram\u00edrez","isPartOf":{"@id":"https:\/\/rafaramirez.org\/blog\/#website"},"primaryImageOfPage":{"@id":"https:\/\/rafaramirez.org\/blog\/index.php\/2024\/01\/18\/el-impresionismo-en-la-pintura\/#primaryimage"},"image":{"@id":"https:\/\/rafaramirez.org\/blog\/index.php\/2024\/01\/18\/el-impresionismo-en-la-pintura\/#primaryimage"},"thumbnailUrl":"https:\/\/rafaramirez.org\/blog\/wp-content\/uploads\/2024\/01\/31055736702_067c47e2e6_c.jpg","datePublished":"2024-01-18T07:30:14+00:00","dateModified":"2026-07-14T09:49:48+00:00","description":"El impresionismo es un movimiento art\u00edstico que se desarroll\u00f3 en Francia a mediados del siglo XIX. Se caracteriza por su inter\u00e9s en capturar","breadcrumb":{"@id":"https:\/\/rafaramirez.org\/blog\/index.php\/2024\/01\/18\/el-impresionismo-en-la-pintura\/#breadcrumb"},"inLanguage":"es","potentialAction":[{"@type":"ReadAction","target":["https:\/\/rafaramirez.org\/blog\/index.php\/2024\/01\/18\/el-impresionismo-en-la-pintura\/"]}]},{"@type":"ImageObject","inLanguage":"es","@id":"https:\/\/rafaramirez.org\/blog\/index.php\/2024\/01\/18\/el-impresionismo-en-la-pintura\/#primaryimage","url":"https:\/\/rafaramirez.org\/blog\/wp-content\/uploads\/2024\/01\/31055736702_067c47e2e6_c.jpg","contentUrl":"https:\/\/rafaramirez.org\/blog\/wp-content\/uploads\/2024\/01\/31055736702_067c47e2e6_c.jpg","width":800,"height":600,"caption":"El impresionismo en la pintura"},{"@type":"BreadcrumbList","@id":"https:\/\/rafaramirez.org\/blog\/index.php\/2024\/01\/18\/el-impresionismo-en-la-pintura\/#breadcrumb","itemListElement":[{"@type":"ListItem","position":1,"name":"Portada","item":"https:\/\/rafaramirez.org\/blog\/"},{"@type":"ListItem","position":2,"name":"El impresionismo en la pintura"}]},{"@type":"WebSite","@id":"https:\/\/rafaramirez.org\/blog\/#website","url":"https:\/\/rafaramirez.org\/blog\/","name":"Blog de Rafael Ram\u00edrez","description":"Un sitio social, de arte y cultura","publisher":{"@id":"https:\/\/rafaramirez.org\/blog\/#\/schema\/person\/50f43b6d60c578760d4c17bda54ab6a5"},"potentialAction":[{"@type":"SearchAction","target":{"@type":"EntryPoint","urlTemplate":"https:\/\/rafaramirez.org\/blog\/?s={search_term_string}"},"query-input":{"@type":"PropertyValueSpecification","valueRequired":true,"valueName":"search_term_string"}}],"inLanguage":"es"},{"@type":["Person","Organization"],"@id":"https:\/\/rafaramirez.org\/blog\/#\/schema\/person\/50f43b6d60c578760d4c17bda54ab6a5","name":"Rafael Ram\u00edrez","image":{"@type":"ImageObject","inLanguage":"es","@id":"https:\/\/rafaramirez.org\/blog\/wp-content\/uploads\/2024\/09\/RR_socialnetwork.jpg","url":"https:\/\/rafaramirez.org\/blog\/wp-content\/uploads\/2024\/09\/RR_socialnetwork.jpg","contentUrl":"https:\/\/rafaramirez.org\/blog\/wp-content\/uploads\/2024\/09\/RR_socialnetwork.jpg","width":600,"height":606,"caption":"Rafael Ram\u00edrez"},"logo":{"@id":"https:\/\/rafaramirez.org\/blog\/wp-content\/uploads\/2024\/09\/RR_socialnetwork.jpg"},"sameAs":["https:\/\/www.rafaramirez.org\/blog","https:\/\/www.instagram.com\/rafaramirez_ok\/","https:\/\/es.pinterest.com\/Ramirez_Rafa\/","https:\/\/x.com\/rafaramirez_ok"]},{"@type":"Person","@id":"https:\/\/rafaramirez.org\/blog\/#\/schema\/person\/8debd05b3d9a1d16fb21af726811617d","name":"Documentaci\u00f3n e investigaci\u00f3n","image":{"@type":"ImageObject","inLanguage":"es","@id":"https:\/\/secure.gravatar.com\/avatar\/fe70e496579a39c7a8fc4982b89275403b1092eb200623138a32daada9416911?s=96&d=mm&r=g","url":"https:\/\/secure.gravatar.com\/avatar\/fe70e496579a39c7a8fc4982b89275403b1092eb200623138a32daada9416911?s=96&d=mm&r=g","contentUrl":"https:\/\/secure.gravatar.com\/avatar\/fe70e496579a39c7a8fc4982b89275403b1092eb200623138a32daada9416911?s=96&d=mm&r=g","caption":"Documentaci\u00f3n e investigaci\u00f3n"},"url":"https:\/\/rafaramirez.org\/blog\/index.php\/author\/admin\/"}]}},"jetpack_publicize_connections":[],"jetpack_sharing_enabled":true,"jetpack_likes_enabled":true,"jetpack_featured_media_url":"https:\/\/rafaramirez.org\/blog\/wp-content\/uploads\/2024\/01\/31055736702_067c47e2e6_c.jpg","_links":{"self":[{"href":"https:\/\/rafaramirez.org\/blog\/index.php\/wp-json\/wp\/v2\/posts\/2933","targetHints":{"allow":["GET"]}}],"collection":[{"href":"https:\/\/rafaramirez.org\/blog\/index.php\/wp-json\/wp\/v2\/posts"}],"about":[{"href":"https:\/\/rafaramirez.org\/blog\/index.php\/wp-json\/wp\/v2\/types\/post"}],"author":[{"embeddable":true,"href":"https:\/\/rafaramirez.org\/blog\/index.php\/wp-json\/wp\/v2\/users\/3"}],"replies":[{"embeddable":true,"href":"https:\/\/rafaramirez.org\/blog\/index.php\/wp-json\/wp\/v2\/comments?post=2933"}],"version-history":[{"count":13,"href":"https:\/\/rafaramirez.org\/blog\/index.php\/wp-json\/wp\/v2\/posts\/2933\/revisions"}],"predecessor-version":[{"id":10194,"href":"https:\/\/rafaramirez.org\/blog\/index.php\/wp-json\/wp\/v2\/posts\/2933\/revisions\/10194"}],"wp:featuredmedia":[{"embeddable":true,"href":"https:\/\/rafaramirez.org\/blog\/index.php\/wp-json\/wp\/v2\/media\/2939"}],"wp:attachment":[{"href":"https:\/\/rafaramirez.org\/blog\/index.php\/wp-json\/wp\/v2\/media?parent=2933"}],"wp:term":[{"taxonomy":"category","embeddable":true,"href":"https:\/\/rafaramirez.org\/blog\/index.php\/wp-json\/wp\/v2\/categories?post=2933"},{"taxonomy":"post_tag","embeddable":true,"href":"https:\/\/rafaramirez.org\/blog\/index.php\/wp-json\/wp\/v2\/tags?post=2933"}],"curies":[{"name":"wp","href":"https:\/\/api.w.org\/{rel}","templated":true}]}}