{"id":2804,"date":"2023-12-28T12:46:51","date_gmt":"2023-12-28T11:46:51","guid":{"rendered":"https:\/\/blog.rafaramirez.org\/?p=2804"},"modified":"2024-03-11T17:10:09","modified_gmt":"2024-03-11T16:10:09","slug":"ano-nuevo-tradiciones-espanolas-y-como-lo-vive-la-ciudad-de-malaga","status":"publish","type":"post","link":"https:\/\/rafaramirez.org\/blog\/index.php\/2023\/12\/28\/ano-nuevo-tradiciones-espanolas-y-como-lo-vive-la-ciudad-de-malaga\/","title":{"rendered":"A\u00f1o nuevo tradiciones espa\u00f1olas y c\u00f3mo lo vive la ciudad de M\u00e1laga"},"content":{"rendered":"<div class=\"conversation-container visd-patch ng-star-inserted\">\n<div class=\"user-query-container visd-patch ng-star-inserted\">\n<div id=\"user-query-content-0\" class=\"query-content visd-patch\">\n<h2 class=\"query-text ng-star-inserted\" dir=\"ltr\"><span style=\"font-size: 16px;\">La Nochevieja, o A\u00f1o Nuevo, es una de las fiestas m\u00e1s importantes del a\u00f1o en Espa\u00f1a. Se celebra el 31 de diciembre y es una noche de fiesta, alegr\u00eda y celebraci\u00f3n.<\/span><\/h2>\n<\/div>\n<\/div>\n<div class=\"ng-tns-c2053676657-12\">\n<div class=\"response-container ng-tns-c324631159-13\">\n<div class=\"presented-response-container ng-tns-c324631159-13\">\n<div class=\"response-container-content ng-tns-c324631159-13\">\n<div class=\"response-content ng-trigger ng-trigger-responsePopulation ng-tns-c324631159-13 ng-animate-disabled\">\n<div class=\"markdown markdown-main-panel\" dir=\"ltr\">\n<p data-sourcepos=\"3:1-3:284\">Las tradiciones espa\u00f1olas para celebrar la Nochevieja son muy variadas, pero hay algunas que son comunes en todo el pa\u00eds. Una de las m\u00e1s conocidas es la de comer 12 uvas a la medianoche, una por cada campanada del reloj. Se cree que esta tradici\u00f3n trae buena suerte para el a\u00f1o nuevo.<\/p>\n<p data-sourcepos=\"5:1-5:193\">Otra costumbre popular es la de vestirse de blanco, o de alg\u00fan color brillante, para atraer la buena fortuna. Tambi\u00e9n lo es llevar una prenda \u00edntima de color rojo o lanzar fuegos artificiales para celebrar la llegada del nuevo a\u00f1o.<\/p>\n<p data-sourcepos=\"7:1-7:265\">En la ciudad de M\u00e1laga, la Nochevieja se vive con mucha intensidad. Las calles se llenan de gente que celebra la llegada del nuevo a\u00f1o. Hay muchas opciones para disfrutar de la noche, desde fiestas en discotecas y bares, hasta conciertos y espect\u00e1culos en la calle.<\/p>\n<p data-sourcepos=\"9:1-9:218\">Una de las principales atracciones de la Nochevieja en M\u00e1laga es la cuenta atr\u00e1s en la Plaza de la Constituci\u00f3n. Miles de personas se re\u00fanen en la plaza para escuchar las 12 campanadas y dar la bienvenida al nuevo a\u00f1o.<\/p>\n<p data-sourcepos=\"11:1-11:280\">Otra opci\u00f3n popular para celebrar la Nochevieja en M\u00e1laga es ir a uno de los muchos restaurantes de la ciudad que ofrecen cenas especiales para la ocasi\u00f3n. Estos restaurantes suelen ofrecer men\u00fas de gala con platos t\u00edpicos espa\u00f1oles.<\/p>\n<p data-sourcepos=\"13:1-13:195\">En general, la Nochevieja en M\u00e1laga es una noche de fiesta y alegr\u00eda que se vive con mucho entusiasmo. Es una oportunidad para reunirse con los seres queridos y celebrar la llegada del nuevo a\u00f1o.<\/p>\n<p data-sourcepos=\"15:1-15:106\">A continuaci\u00f3n se detallan algunas de las tradiciones espa\u00f1olas m\u00e1s populares para celebrar esta noche tan especial:<\/p>\n<ul data-sourcepos=\"17:1-20:0\">\n<li data-sourcepos=\"17:1-17:186\"><strong>12 uvas de la suerte:<\/strong>\u00a0Esta es la tradici\u00f3n m\u00e1s conocida en Espa\u00f1a. Se cree que comer 12 uvas a la medianoche, una por cada campanada del reloj, trae buena suerte para el a\u00f1o nuevo.<\/li>\n<li data-sourcepos=\"18:1-18:121\"><strong>Vestir de blanco:<\/strong>\u00a0Esta tradici\u00f3n se remonta a la \u00e9poca romana. Se cree que vestir de blanco atrae la buena fortuna.<\/li>\n<li data-sourcepos=\"19:1-20:0\"><strong>Lanzar fuegos artificiales:<\/strong>\u00a0Los fuegos artificiales son una forma tradicional de celebrar la llegada del nuevo a\u00f1o.<\/li>\n<\/ul>\n<p data-sourcepos=\"21:1-21:283\">\n<\/div>\n<\/div>\n<\/div>\n<\/div>\n<\/div>\n<\/div>\n<\/div>\n<div class=\"conversation-container visd-patch ng-star-inserted\"><\/div>\n","protected":false},"excerpt":{"rendered":"<p>La Nochevieja, o A\u00f1o Nuevo, es una de las fiestas m\u00e1s importantes del a\u00f1o en Espa\u00f1a. Se celebra el 31 de diciembre y es una noche de fiesta, alegr\u00eda y celebraci\u00f3n. Las tradiciones espa\u00f1olas para celebrar la Nochevieja son muy variadas, pero hay algunas que son comunes en todo el pa\u00eds. Una de las m\u00e1s [&hellip;]<\/p>\n","protected":false},"author":1,"featured_media":2805,"comment_status":"open","ping_status":"closed","sticky":false,"template":"","format":"standard","meta":{"site-container-style":"default","site-container-layout":"default","site-sidebar-layout":"default","disable-article-header":"default","disable-site-header":"default","disable-site-footer":"default","disable-content-area-spacing":"default","_jetpack_newsletter_access":"","_jetpack_dont_email_post_to_subs":false,"_jetpack_newsletter_tier_id":0,"_jetpack_memberships_contains_paywalled_content":false,"_jetpack_feature_clip_id":0,"_jetpack_memberships_contains_paid_content":false,"footnotes":"","jetpack_publicize_message":"","jetpack_publicize_feature_enabled":true,"jetpack_social_post_already_shared":false,"jetpack_social_options":{"image_generator_settings":{"template":"highway","default_image_id":0,"font":"","enabled":false},"version":2},"jetpack_post_was_ever_published":false},"categories":[1291],"tags":[],"class_list":["post-2804","post","type-post","status-publish","format-standard","has-post-thumbnail","hentry","category-efemerides"],"yoast_head":"<!-- This site is optimized with the Yoast SEO plugin v28.4 - https:\/\/yoast.com\/product\/yoast-seo-wordpress\/ -->\n<title>A\u00f1o nuevo tradiciones espa\u00f1olas y c\u00f3mo lo vive la ciudad de M\u00e1laga - Blog de Rafael Ram\u00edrez<\/title>\n<meta name=\"robots\" content=\"index, follow, max-snippet:-1, max-image-preview:large, max-video-preview:-1\" \/>\n<link rel=\"canonical\" href=\"https:\/\/rafaramirez.org\/blog\/index.php\/2023\/12\/28\/ano-nuevo-tradiciones-espanolas-y-como-lo-vive-la-ciudad-de-malaga\/\" \/>\n<meta property=\"og:locale\" content=\"es_ES\" \/>\n<meta property=\"og:type\" content=\"article\" \/>\n<meta property=\"og:title\" content=\"A\u00f1o nuevo tradiciones espa\u00f1olas y c\u00f3mo lo vive la ciudad de M\u00e1laga - Blog de Rafael Ram\u00edrez\" \/>\n<meta property=\"og:description\" content=\"La Nochevieja, o A\u00f1o Nuevo, es una de las fiestas m\u00e1s importantes del a\u00f1o en Espa\u00f1a. Se celebra el 31 de diciembre y es una noche de fiesta, alegr\u00eda y celebraci\u00f3n. Las tradiciones espa\u00f1olas para celebrar la Nochevieja son muy variadas, pero hay algunas que son comunes en todo el pa\u00eds. Una de las m\u00e1s [&hellip;]\" \/>\n<meta property=\"og:url\" content=\"https:\/\/rafaramirez.org\/blog\/index.php\/2023\/12\/28\/ano-nuevo-tradiciones-espanolas-y-como-lo-vive-la-ciudad-de-malaga\/\" \/>\n<meta property=\"og:site_name\" content=\"Blog de Rafael Ram\u00edrez\" \/>\n<meta property=\"article:published_time\" content=\"2023-12-28T11:46:51+00:00\" \/>\n<meta property=\"article:modified_time\" content=\"2024-03-11T16:10:09+00:00\" \/>\n<meta property=\"og:image\" content=\"https:\/\/rafaramirez.org\/blog\/wp-content\/uploads\/2023\/12\/navidad_malaga_2023.jpg\" \/>\n\t<meta property=\"og:image:width\" content=\"900\" \/>\n\t<meta property=\"og:image:height\" content=\"471\" \/>\n\t<meta property=\"og:image:type\" content=\"image\/jpeg\" \/>\n<meta name=\"author\" content=\"Rafael Ram\u00edrez\" \/>\n<meta name=\"twitter:card\" content=\"summary_large_image\" \/>\n<meta name=\"twitter:creator\" content=\"@rafaramirez_ok\" \/>\n<meta name=\"twitter:site\" content=\"@rafaramirez_ok\" \/>\n<meta name=\"twitter:label1\" content=\"Escrito por\" \/>\n\t<meta name=\"twitter:data1\" content=\"Rafael Ram\u00edrez\" \/>\n\t<meta name=\"twitter:label2\" content=\"Tiempo de lectura\" \/>\n\t<meta name=\"twitter:data2\" content=\"2 minutos\" \/>\n<script type=\"application\/ld+json\" class=\"yoast-schema-graph\">{\"@context\":\"https:\\\/\\\/schema.org\",\"@graph\":[{\"@type\":\"Article\",\"@id\":\"https:\\\/\\\/rafaramirez.org\\\/blog\\\/index.php\\\/2023\\\/12\\\/28\\\/ano-nuevo-tradiciones-espanolas-y-como-lo-vive-la-ciudad-de-malaga\\\/#article\",\"isPartOf\":{\"@id\":\"https:\\\/\\\/rafaramirez.org\\\/blog\\\/index.php\\\/2023\\\/12\\\/28\\\/ano-nuevo-tradiciones-espanolas-y-como-lo-vive-la-ciudad-de-malaga\\\/\"},\"author\":{\"name\":\"Rafael Ram\u00edrez\",\"@id\":\"https:\\\/\\\/rafaramirez.org\\\/blog\\\/#\\\/schema\\\/person\\\/50f43b6d60c578760d4c17bda54ab6a5\"},\"headline\":\"A\u00f1o nuevo tradiciones espa\u00f1olas y c\u00f3mo lo vive la ciudad de M\u00e1laga\",\"datePublished\":\"2023-12-28T11:46:51+00:00\",\"dateModified\":\"2024-03-11T16:10:09+00:00\",\"mainEntityOfPage\":{\"@id\":\"https:\\\/\\\/rafaramirez.org\\\/blog\\\/index.php\\\/2023\\\/12\\\/28\\\/ano-nuevo-tradiciones-espanolas-y-como-lo-vive-la-ciudad-de-malaga\\\/\"},\"wordCount\":423,\"commentCount\":0,\"publisher\":{\"@id\":\"https:\\\/\\\/rafaramirez.org\\\/blog\\\/#\\\/schema\\\/person\\\/50f43b6d60c578760d4c17bda54ab6a5\"},\"image\":{\"@id\":\"https:\\\/\\\/rafaramirez.org\\\/blog\\\/index.php\\\/2023\\\/12\\\/28\\\/ano-nuevo-tradiciones-espanolas-y-como-lo-vive-la-ciudad-de-malaga\\\/#primaryimage\"},\"thumbnailUrl\":\"https:\\\/\\\/rafaramirez.org\\\/blog\\\/wp-content\\\/uploads\\\/2023\\\/12\\\/navidad_malaga_2023.jpg\",\"articleSection\":[\"Efem\u00e9rides\"],\"inLanguage\":\"es\",\"potentialAction\":[{\"@type\":\"CommentAction\",\"name\":\"Comment\",\"target\":[\"https:\\\/\\\/rafaramirez.org\\\/blog\\\/index.php\\\/2023\\\/12\\\/28\\\/ano-nuevo-tradiciones-espanolas-y-como-lo-vive-la-ciudad-de-malaga\\\/#respond\"]}]},{\"@type\":\"WebPage\",\"@id\":\"https:\\\/\\\/rafaramirez.org\\\/blog\\\/index.php\\\/2023\\\/12\\\/28\\\/ano-nuevo-tradiciones-espanolas-y-como-lo-vive-la-ciudad-de-malaga\\\/\",\"url\":\"https:\\\/\\\/rafaramirez.org\\\/blog\\\/index.php\\\/2023\\\/12\\\/28\\\/ano-nuevo-tradiciones-espanolas-y-como-lo-vive-la-ciudad-de-malaga\\\/\",\"name\":\"A\u00f1o nuevo tradiciones espa\u00f1olas y c\u00f3mo lo vive la ciudad de M\u00e1laga - Blog de Rafael Ram\u00edrez\",\"isPartOf\":{\"@id\":\"https:\\\/\\\/rafaramirez.org\\\/blog\\\/#website\"},\"primaryImageOfPage\":{\"@id\":\"https:\\\/\\\/rafaramirez.org\\\/blog\\\/index.php\\\/2023\\\/12\\\/28\\\/ano-nuevo-tradiciones-espanolas-y-como-lo-vive-la-ciudad-de-malaga\\\/#primaryimage\"},\"image\":{\"@id\":\"https:\\\/\\\/rafaramirez.org\\\/blog\\\/index.php\\\/2023\\\/12\\\/28\\\/ano-nuevo-tradiciones-espanolas-y-como-lo-vive-la-ciudad-de-malaga\\\/#primaryimage\"},\"thumbnailUrl\":\"https:\\\/\\\/rafaramirez.org\\\/blog\\\/wp-content\\\/uploads\\\/2023\\\/12\\\/navidad_malaga_2023.jpg\",\"datePublished\":\"2023-12-28T11:46:51+00:00\",\"dateModified\":\"2024-03-11T16:10:09+00:00\",\"breadcrumb\":{\"@id\":\"https:\\\/\\\/rafaramirez.org\\\/blog\\\/index.php\\\/2023\\\/12\\\/28\\\/ano-nuevo-tradiciones-espanolas-y-como-lo-vive-la-ciudad-de-malaga\\\/#breadcrumb\"},\"inLanguage\":\"es\",\"potentialAction\":[{\"@type\":\"ReadAction\",\"target\":[\"https:\\\/\\\/rafaramirez.org\\\/blog\\\/index.php\\\/2023\\\/12\\\/28\\\/ano-nuevo-tradiciones-espanolas-y-como-lo-vive-la-ciudad-de-malaga\\\/\"]}]},{\"@type\":\"ImageObject\",\"inLanguage\":\"es\",\"@id\":\"https:\\\/\\\/rafaramirez.org\\\/blog\\\/index.php\\\/2023\\\/12\\\/28\\\/ano-nuevo-tradiciones-espanolas-y-como-lo-vive-la-ciudad-de-malaga\\\/#primaryimage\",\"url\":\"https:\\\/\\\/rafaramirez.org\\\/blog\\\/wp-content\\\/uploads\\\/2023\\\/12\\\/navidad_malaga_2023.jpg\",\"contentUrl\":\"https:\\\/\\\/rafaramirez.org\\\/blog\\\/wp-content\\\/uploads\\\/2023\\\/12\\\/navidad_malaga_2023.jpg\",\"width\":900,\"height\":471,\"caption\":\"Imagen: https:\\\/\\\/mmalaga.es\"},{\"@type\":\"BreadcrumbList\",\"@id\":\"https:\\\/\\\/rafaramirez.org\\\/blog\\\/index.php\\\/2023\\\/12\\\/28\\\/ano-nuevo-tradiciones-espanolas-y-como-lo-vive-la-ciudad-de-malaga\\\/#breadcrumb\",\"itemListElement\":[{\"@type\":\"ListItem\",\"position\":1,\"name\":\"Portada\",\"item\":\"https:\\\/\\\/rafaramirez.org\\\/blog\\\/\"},{\"@type\":\"ListItem\",\"position\":2,\"name\":\"A\u00f1o nuevo tradiciones espa\u00f1olas y c\u00f3mo lo vive la ciudad de M\u00e1laga\"}]},{\"@type\":\"WebSite\",\"@id\":\"https:\\\/\\\/rafaramirez.org\\\/blog\\\/#website\",\"url\":\"https:\\\/\\\/rafaramirez.org\\\/blog\\\/\",\"name\":\"Blog de Rafael Ram\u00edrez\",\"description\":\"Un sitio social, de arte y cultura\",\"publisher\":{\"@id\":\"https:\\\/\\\/rafaramirez.org\\\/blog\\\/#\\\/schema\\\/person\\\/50f43b6d60c578760d4c17bda54ab6a5\"},\"potentialAction\":[{\"@type\":\"SearchAction\",\"target\":{\"@type\":\"EntryPoint\",\"urlTemplate\":\"https:\\\/\\\/rafaramirez.org\\\/blog\\\/?s={search_term_string}\"},\"query-input\":{\"@type\":\"PropertyValueSpecification\",\"valueRequired\":true,\"valueName\":\"search_term_string\"}}],\"inLanguage\":\"es\"},{\"@type\":[\"Person\",\"Organization\"],\"@id\":\"https:\\\/\\\/rafaramirez.org\\\/blog\\\/#\\\/schema\\\/person\\\/50f43b6d60c578760d4c17bda54ab6a5\",\"name\":\"Rafael Ram\u00edrez\",\"image\":{\"@type\":\"ImageObject\",\"inLanguage\":\"es\",\"@id\":\"https:\\\/\\\/rafaramirez.org\\\/blog\\\/wp-content\\\/uploads\\\/2024\\\/09\\\/RR_socialnetwork.jpg\",\"url\":\"https:\\\/\\\/rafaramirez.org\\\/blog\\\/wp-content\\\/uploads\\\/2024\\\/09\\\/RR_socialnetwork.jpg\",\"contentUrl\":\"https:\\\/\\\/rafaramirez.org\\\/blog\\\/wp-content\\\/uploads\\\/2024\\\/09\\\/RR_socialnetwork.jpg\",\"width\":600,\"height\":606,\"caption\":\"Rafael Ram\u00edrez\"},\"logo\":{\"@id\":\"https:\\\/\\\/rafaramirez.org\\\/blog\\\/wp-content\\\/uploads\\\/2024\\\/09\\\/RR_socialnetwork.jpg\"},\"sameAs\":[\"https:\\\/\\\/www.rafaramirez.org\\\/blog\",\"https:\\\/\\\/www.instagram.com\\\/rafaramirez_ok\\\/\",\"https:\\\/\\\/es.pinterest.com\\\/Ramirez_Rafa\\\/\",\"https:\\\/\\\/x.com\\\/rafaramirez_ok\"],\"url\":\"https:\\\/\\\/rafaramirez.org\\\/blog\\\/index.php\\\/author\\\/rafaell_qm6j97da\\\/\"}]}<\/script>\n<!-- \/ Yoast SEO plugin. -->","yoast_head_json":{"title":"A\u00f1o nuevo tradiciones espa\u00f1olas y c\u00f3mo lo vive la ciudad de M\u00e1laga - Blog de Rafael Ram\u00edrez","robots":{"index":"index","follow":"follow","max-snippet":"max-snippet:-1","max-image-preview":"max-image-preview:large","max-video-preview":"max-video-preview:-1"},"canonical":"https:\/\/rafaramirez.org\/blog\/index.php\/2023\/12\/28\/ano-nuevo-tradiciones-espanolas-y-como-lo-vive-la-ciudad-de-malaga\/","og_locale":"es_ES","og_type":"article","og_title":"A\u00f1o nuevo tradiciones espa\u00f1olas y c\u00f3mo lo vive la ciudad de M\u00e1laga - Blog de Rafael Ram\u00edrez","og_description":"La Nochevieja, o A\u00f1o Nuevo, es una de las fiestas m\u00e1s importantes del a\u00f1o en Espa\u00f1a. Se celebra el 31 de diciembre y es una noche de fiesta, alegr\u00eda y celebraci\u00f3n. Las tradiciones espa\u00f1olas para celebrar la Nochevieja son muy variadas, pero hay algunas que son comunes en todo el pa\u00eds. Una de las m\u00e1s [&hellip;]","og_url":"https:\/\/rafaramirez.org\/blog\/index.php\/2023\/12\/28\/ano-nuevo-tradiciones-espanolas-y-como-lo-vive-la-ciudad-de-malaga\/","og_site_name":"Blog de Rafael Ram\u00edrez","article_published_time":"2023-12-28T11:46:51+00:00","article_modified_time":"2024-03-11T16:10:09+00:00","og_image":[{"width":900,"height":471,"url":"https:\/\/rafaramirez.org\/blog\/wp-content\/uploads\/2023\/12\/navidad_malaga_2023.jpg","type":"image\/jpeg"}],"author":"Rafael Ram\u00edrez","twitter_card":"summary_large_image","twitter_creator":"@rafaramirez_ok","twitter_site":"@rafaramirez_ok","twitter_misc":{"Escrito por":"Rafael Ram\u00edrez","Tiempo de lectura":"2 minutos"},"schema":{"@context":"https:\/\/schema.org","@graph":[{"@type":"Article","@id":"https:\/\/rafaramirez.org\/blog\/index.php\/2023\/12\/28\/ano-nuevo-tradiciones-espanolas-y-como-lo-vive-la-ciudad-de-malaga\/#article","isPartOf":{"@id":"https:\/\/rafaramirez.org\/blog\/index.php\/2023\/12\/28\/ano-nuevo-tradiciones-espanolas-y-como-lo-vive-la-ciudad-de-malaga\/"},"author":{"name":"Rafael Ram\u00edrez","@id":"https:\/\/rafaramirez.org\/blog\/#\/schema\/person\/50f43b6d60c578760d4c17bda54ab6a5"},"headline":"A\u00f1o nuevo tradiciones espa\u00f1olas y c\u00f3mo lo vive la ciudad de M\u00e1laga","datePublished":"2023-12-28T11:46:51+00:00","dateModified":"2024-03-11T16:10:09+00:00","mainEntityOfPage":{"@id":"https:\/\/rafaramirez.org\/blog\/index.php\/2023\/12\/28\/ano-nuevo-tradiciones-espanolas-y-como-lo-vive-la-ciudad-de-malaga\/"},"wordCount":423,"commentCount":0,"publisher":{"@id":"https:\/\/rafaramirez.org\/blog\/#\/schema\/person\/50f43b6d60c578760d4c17bda54ab6a5"},"image":{"@id":"https:\/\/rafaramirez.org\/blog\/index.php\/2023\/12\/28\/ano-nuevo-tradiciones-espanolas-y-como-lo-vive-la-ciudad-de-malaga\/#primaryimage"},"thumbnailUrl":"https:\/\/rafaramirez.org\/blog\/wp-content\/uploads\/2023\/12\/navidad_malaga_2023.jpg","articleSection":["Efem\u00e9rides"],"inLanguage":"es","potentialAction":[{"@type":"CommentAction","name":"Comment","target":["https:\/\/rafaramirez.org\/blog\/index.php\/2023\/12\/28\/ano-nuevo-tradiciones-espanolas-y-como-lo-vive-la-ciudad-de-malaga\/#respond"]}]},{"@type":"WebPage","@id":"https:\/\/rafaramirez.org\/blog\/index.php\/2023\/12\/28\/ano-nuevo-tradiciones-espanolas-y-como-lo-vive-la-ciudad-de-malaga\/","url":"https:\/\/rafaramirez.org\/blog\/index.php\/2023\/12\/28\/ano-nuevo-tradiciones-espanolas-y-como-lo-vive-la-ciudad-de-malaga\/","name":"A\u00f1o nuevo tradiciones espa\u00f1olas y c\u00f3mo lo vive la ciudad de M\u00e1laga - Blog de Rafael Ram\u00edrez","isPartOf":{"@id":"https:\/\/rafaramirez.org\/blog\/#website"},"primaryImageOfPage":{"@id":"https:\/\/rafaramirez.org\/blog\/index.php\/2023\/12\/28\/ano-nuevo-tradiciones-espanolas-y-como-lo-vive-la-ciudad-de-malaga\/#primaryimage"},"image":{"@id":"https:\/\/rafaramirez.org\/blog\/index.php\/2023\/12\/28\/ano-nuevo-tradiciones-espanolas-y-como-lo-vive-la-ciudad-de-malaga\/#primaryimage"},"thumbnailUrl":"https:\/\/rafaramirez.org\/blog\/wp-content\/uploads\/2023\/12\/navidad_malaga_2023.jpg","datePublished":"2023-12-28T11:46:51+00:00","dateModified":"2024-03-11T16:10:09+00:00","breadcrumb":{"@id":"https:\/\/rafaramirez.org\/blog\/index.php\/2023\/12\/28\/ano-nuevo-tradiciones-espanolas-y-como-lo-vive-la-ciudad-de-malaga\/#breadcrumb"},"inLanguage":"es","potentialAction":[{"@type":"ReadAction","target":["https:\/\/rafaramirez.org\/blog\/index.php\/2023\/12\/28\/ano-nuevo-tradiciones-espanolas-y-como-lo-vive-la-ciudad-de-malaga\/"]}]},{"@type":"ImageObject","inLanguage":"es","@id":"https:\/\/rafaramirez.org\/blog\/index.php\/2023\/12\/28\/ano-nuevo-tradiciones-espanolas-y-como-lo-vive-la-ciudad-de-malaga\/#primaryimage","url":"https:\/\/rafaramirez.org\/blog\/wp-content\/uploads\/2023\/12\/navidad_malaga_2023.jpg","contentUrl":"https:\/\/rafaramirez.org\/blog\/wp-content\/uploads\/2023\/12\/navidad_malaga_2023.jpg","width":900,"height":471,"caption":"Imagen: https:\/\/mmalaga.es"},{"@type":"BreadcrumbList","@id":"https:\/\/rafaramirez.org\/blog\/index.php\/2023\/12\/28\/ano-nuevo-tradiciones-espanolas-y-como-lo-vive-la-ciudad-de-malaga\/#breadcrumb","itemListElement":[{"@type":"ListItem","position":1,"name":"Portada","item":"https:\/\/rafaramirez.org\/blog\/"},{"@type":"ListItem","position":2,"name":"A\u00f1o nuevo tradiciones espa\u00f1olas y c\u00f3mo lo vive la ciudad de M\u00e1laga"}]},{"@type":"WebSite","@id":"https:\/\/rafaramirez.org\/blog\/#website","url":"https:\/\/rafaramirez.org\/blog\/","name":"Blog de Rafael Ram\u00edrez","description":"Un sitio social, de arte y cultura","publisher":{"@id":"https:\/\/rafaramirez.org\/blog\/#\/schema\/person\/50f43b6d60c578760d4c17bda54ab6a5"},"potentialAction":[{"@type":"SearchAction","target":{"@type":"EntryPoint","urlTemplate":"https:\/\/rafaramirez.org\/blog\/?s={search_term_string}"},"query-input":{"@type":"PropertyValueSpecification","valueRequired":true,"valueName":"search_term_string"}}],"inLanguage":"es"},{"@type":["Person","Organization"],"@id":"https:\/\/rafaramirez.org\/blog\/#\/schema\/person\/50f43b6d60c578760d4c17bda54ab6a5","name":"Rafael Ram\u00edrez","image":{"@type":"ImageObject","inLanguage":"es","@id":"https:\/\/rafaramirez.org\/blog\/wp-content\/uploads\/2024\/09\/RR_socialnetwork.jpg","url":"https:\/\/rafaramirez.org\/blog\/wp-content\/uploads\/2024\/09\/RR_socialnetwork.jpg","contentUrl":"https:\/\/rafaramirez.org\/blog\/wp-content\/uploads\/2024\/09\/RR_socialnetwork.jpg","width":600,"height":606,"caption":"Rafael Ram\u00edrez"},"logo":{"@id":"https:\/\/rafaramirez.org\/blog\/wp-content\/uploads\/2024\/09\/RR_socialnetwork.jpg"},"sameAs":["https:\/\/www.rafaramirez.org\/blog","https:\/\/www.instagram.com\/rafaramirez_ok\/","https:\/\/es.pinterest.com\/Ramirez_Rafa\/","https:\/\/x.com\/rafaramirez_ok"],"url":"https:\/\/rafaramirez.org\/blog\/index.php\/author\/rafaell_qm6j97da\/"}]}},"jetpack_publicize_connections":[],"jetpack_sharing_enabled":true,"jetpack_likes_enabled":true,"jetpack_featured_media_url":"https:\/\/rafaramirez.org\/blog\/wp-content\/uploads\/2023\/12\/navidad_malaga_2023.jpg","_links":{"self":[{"href":"https:\/\/rafaramirez.org\/blog\/index.php\/wp-json\/wp\/v2\/posts\/2804","targetHints":{"allow":["GET"]}}],"collection":[{"href":"https:\/\/rafaramirez.org\/blog\/index.php\/wp-json\/wp\/v2\/posts"}],"about":[{"href":"https:\/\/rafaramirez.org\/blog\/index.php\/wp-json\/wp\/v2\/types\/post"}],"author":[{"embeddable":true,"href":"https:\/\/rafaramirez.org\/blog\/index.php\/wp-json\/wp\/v2\/users\/1"}],"replies":[{"embeddable":true,"href":"https:\/\/rafaramirez.org\/blog\/index.php\/wp-json\/wp\/v2\/comments?post=2804"}],"version-history":[{"count":4,"href":"https:\/\/rafaramirez.org\/blog\/index.php\/wp-json\/wp\/v2\/posts\/2804\/revisions"}],"predecessor-version":[{"id":2843,"href":"https:\/\/rafaramirez.org\/blog\/index.php\/wp-json\/wp\/v2\/posts\/2804\/revisions\/2843"}],"wp:featuredmedia":[{"embeddable":true,"href":"https:\/\/rafaramirez.org\/blog\/index.php\/wp-json\/wp\/v2\/media\/2805"}],"wp:attachment":[{"href":"https:\/\/rafaramirez.org\/blog\/index.php\/wp-json\/wp\/v2\/media?parent=2804"}],"wp:term":[{"taxonomy":"category","embeddable":true,"href":"https:\/\/rafaramirez.org\/blog\/index.php\/wp-json\/wp\/v2\/categories?post=2804"},{"taxonomy":"post_tag","embeddable":true,"href":"https:\/\/rafaramirez.org\/blog\/index.php\/wp-json\/wp\/v2\/tags?post=2804"}],"curies":[{"name":"wp","href":"https:\/\/api.w.org\/{rel}","templated":true}]}}