{"id":2796,"date":"2023-12-26T20:15:20","date_gmt":"2023-12-26T19:15:20","guid":{"rendered":"https:\/\/blog.rafaramirez.org\/?p=2796"},"modified":"2024-03-11T17:56:59","modified_gmt":"2024-03-11T16:56:59","slug":"caruso-luciano-pavarotti-lucio-dalla","status":"publish","type":"post","link":"https:\/\/rafaramirez.org\/blog\/index.php\/2023\/12\/26\/caruso-luciano-pavarotti-lucio-dalla\/","title":{"rendered":"Caruso. Luciano Pavarotti y Lucio Dalla. Pavarotti &#038; Friends (1992)"},"content":{"rendered":"<p><strong>Pavarotti &amp; Friends<\/strong>\u00a0fue una serie de\u00a0<strong>conciertos ben\u00e9ficos<\/strong>\u00a0organizados por el\u00a0<strong>cantante italiano Luciano Pavarotti<\/strong>\u00a0en\u00a0<strong>Modena<\/strong>, entre\u00a0<strong>1992 y 2003<\/strong>. Estos eventos se celebraron en su ciudad natal y los ingresos obtenidos se destinaron a\u00a0<strong>causas humanitarias<\/strong>.\u00a0<a href=\"https:\/\/es.wikipedia.org\/wiki\/Pavarotti_%26_Friends\" target=\"_blank\" rel=\"noopener\">Entre las organizaciones beneficiadas se encuentran la\u00a0<strong>agencia internacional de ayuda War Child<\/strong>\u00a0y el\u00a0<strong>Alto Comisionado de las Naciones Unidas para los Refugiados<\/strong>.<\/a><\/p>\n<p>El\u00a0<strong>primer concierto de Pavarotti &amp; Friends<\/strong>\u00a0tuvo lugar el\u00a0<strong>27 de septiembre de 1992<\/strong>. En este evento, Pavarotti comparti\u00f3 escenario con\u00a0<strong>invitados especiales<\/strong>\u00a0como\u00a0<strong>Sting, Bob Geldof, Brian May y Mike Oldfield<\/strong>. El concierto fue lanzado como un \u00e1lbum recopilatorio y un DVD bajo los sellos\u00a0<strong>London Records \/ Decca Records<\/strong>.\u00a0Este \u00e1lbum vendi\u00f3\u00a0<strong>120,000 unidades en los Estados Unidos<\/strong>\u00a0y aproximadamente\u00a0<strong>1.5 millones de unidades en todo el mundo<\/strong>.<\/p>\n<p>En cuanto a la canci\u00f3n\u00a0<strong>\u201cCaruso\u201d<\/strong>, esta es una emotiva balada escrita por el cantautor italiano\u00a0<strong>Lucio Dalla<\/strong>. La canci\u00f3n rinde homenaje al famoso tenor italiano\u00a0<strong>Enrico Caruso<\/strong>. La interpretaci\u00f3n de\u00a0<strong>Pavarotti<\/strong>\u00a0y\u00a0<strong>Lucio Dalla<\/strong>\u00a0en el concierto\u00a0<strong>Pavarotti &amp; Friends<\/strong>\u00a0fue conmovedora y se ha convertido en un momento ic\u00f3nico. La voz poderosa de Pavarotti y la emotividad de la melod\u00eda hacen que esta interpretaci\u00f3n sea inolvidable.<\/p>\n<p>Si deseas revivir este momento, aqu\u00ed tienes el video de <strong>\u201cCaruso\u201d\u00a0 <\/strong>con la interpretaci\u00f3n de <strong>Luciano<\/strong> <strong>Pavarotti y Lucio Dalla. <\/strong>Espero te guste y emocione como me emocion\u00f3 a mi y a millones de personas en todo el mundo. Puedes dejar tus comentarios debajo de este post.<strong> \u00a1Hasta pronto!<\/strong><\/p>\n<p><iframe loading=\"lazy\" title=\"YouTube video player\" src=\"https:\/\/www.youtube.com\/embed\/tRGuFM4DR2Y?si=9pkuQSWWGEBtRj0G\" width=\"560\" height=\"315\" frameborder=\"0\" allowfullscreen=\"allowfullscreen\"><\/iframe>\u00e7<\/p>\n<p>&nbsp;<\/p>\n","protected":false},"excerpt":{"rendered":"<p>Pavarotti &amp; Friends\u00a0fue una serie de\u00a0conciertos ben\u00e9ficos\u00a0organizados por el\u00a0cantante italiano Luciano Pavarotti\u00a0en\u00a0Modena, entre\u00a01992 y 2003. Estos eventos se celebraron en su ciudad natal y los ingresos obtenidos se destinaron a\u00a0causas humanitarias.\u00a0Entre las organizaciones beneficiadas se encuentran la\u00a0agencia internacional de ayuda War Child\u00a0y el\u00a0Alto Comisionado de las Naciones Unidas para los Refugiados. El\u00a0primer concierto de Pavarotti [&hellip;]<\/p>\n","protected":false},"author":1,"featured_media":3695,"comment_status":"open","ping_status":"closed","sticky":false,"template":"","format":"standard","meta":{"site-container-style":"default","site-container-layout":"default","site-sidebar-layout":"default","disable-article-header":"default","disable-site-header":"default","disable-site-footer":"default","disable-content-area-spacing":"default","_jetpack_newsletter_access":"","_jetpack_dont_email_post_to_subs":false,"_jetpack_newsletter_tier_id":0,"_jetpack_memberships_contains_paywalled_content":false,"_jetpack_feature_clip_id":0,"_jetpack_memberships_contains_paid_content":false,"footnotes":"","jetpack_publicize_message":"","jetpack_publicize_feature_enabled":true,"jetpack_social_post_already_shared":false,"jetpack_social_options":{"image_generator_settings":{"template":"highway","default_image_id":0,"font":"","enabled":false},"version":2},"jetpack_post_was_ever_published":false},"categories":[709],"tags":[944,1303,1304,68,1293,1298,1300,1296,168,665,1299,1292,1301,664,663,1297,1294,1295,1302],"class_list":["post-2796","post","type-post","status-publish","format-standard","has-post-thumbnail","hentry","category-musica","tag-944","tag-acnur","tag-alto-comisionado-de-las-naciones-unidas-para-los-refugiados","tag-blog-de-rafael-ramirez","tag-caruso","tag-conciertos-beneficos","tag-decca-records","tag-enrico-caruso","tag-estados-unidos","tag-italia","tag-london-records","tag-luciano-pavarotti-lucio-dalla","tag-lucio-dalla","tag-modena","tag-pavarotti-friends","tag-pavarotti-y-lucio-dalla","tag-video-caruso","tag-videoclip-de-caruso-con-lucio-dalla","tag-war-child"],"yoast_head":"<!-- This site is optimized with the Yoast SEO plugin v28.3 - https:\/\/yoast.com\/product\/yoast-seo-wordpress\/ -->\n<title>Caruso. Luciano Pavarotti y Lucio Dalla. Pavarotti &amp; Friends (1992) - Blog de Rafael Ram\u00edrez<\/title>\n<meta name=\"robots\" content=\"index, follow, max-snippet:-1, max-image-preview:large, max-video-preview:-1\" \/>\n<link rel=\"canonical\" href=\"https:\/\/rafaramirez.org\/blog\/index.php\/2023\/12\/26\/caruso-luciano-pavarotti-lucio-dalla\/\" \/>\n<meta property=\"og:locale\" content=\"es_ES\" \/>\n<meta property=\"og:type\" content=\"article\" \/>\n<meta property=\"og:title\" content=\"Caruso. Luciano Pavarotti y Lucio Dalla. Pavarotti &amp; Friends (1992) - Blog de Rafael Ram\u00edrez\" \/>\n<meta property=\"og:description\" content=\"Pavarotti &amp; Friends\u00a0fue una serie de\u00a0conciertos ben\u00e9ficos\u00a0organizados por el\u00a0cantante italiano Luciano Pavarotti\u00a0en\u00a0Modena, entre\u00a01992 y 2003. Estos eventos se celebraron en su ciudad natal y los ingresos obtenidos se destinaron a\u00a0causas humanitarias.\u00a0Entre las organizaciones beneficiadas se encuentran la\u00a0agencia internacional de ayuda War Child\u00a0y el\u00a0Alto Comisionado de las Naciones Unidas para los Refugiados. El\u00a0primer concierto de Pavarotti [&hellip;]\" \/>\n<meta property=\"og:url\" content=\"https:\/\/rafaramirez.org\/blog\/index.php\/2023\/12\/26\/caruso-luciano-pavarotti-lucio-dalla\/\" \/>\n<meta property=\"og:site_name\" content=\"Blog de Rafael Ram\u00edrez\" \/>\n<meta property=\"article:published_time\" content=\"2023-12-26T19:15:20+00:00\" \/>\n<meta property=\"article:modified_time\" content=\"2024-03-11T16:56:59+00:00\" \/>\n<meta property=\"og:image\" content=\"https:\/\/rafaramirez.org\/blog\/wp-content\/uploads\/2023\/12\/pavarotti_friends_1992_banner.jpg\" \/>\n\t<meta property=\"og:image:width\" content=\"846\" \/>\n\t<meta property=\"og:image:height\" content=\"463\" \/>\n\t<meta property=\"og:image:type\" content=\"image\/jpeg\" \/>\n<meta name=\"author\" content=\"Rafael Ram\u00edrez\" \/>\n<meta name=\"twitter:card\" content=\"summary_large_image\" \/>\n<meta name=\"twitter:creator\" content=\"@rafaramirez_ok\" \/>\n<meta name=\"twitter:site\" content=\"@rafaramirez_ok\" \/>\n<meta name=\"twitter:label1\" content=\"Escrito por\" \/>\n\t<meta name=\"twitter:data1\" content=\"Rafael Ram\u00edrez\" \/>\n\t<meta name=\"twitter:label2\" content=\"Tiempo de lectura\" \/>\n\t<meta name=\"twitter:data2\" content=\"1 minuto\" \/>\n<script type=\"application\/ld+json\" class=\"yoast-schema-graph\">{\"@context\":\"https:\\\/\\\/schema.org\",\"@graph\":[{\"@type\":\"Article\",\"@id\":\"https:\\\/\\\/rafaramirez.org\\\/blog\\\/index.php\\\/2023\\\/12\\\/26\\\/caruso-luciano-pavarotti-lucio-dalla\\\/#article\",\"isPartOf\":{\"@id\":\"https:\\\/\\\/rafaramirez.org\\\/blog\\\/index.php\\\/2023\\\/12\\\/26\\\/caruso-luciano-pavarotti-lucio-dalla\\\/\"},\"author\":{\"name\":\"Rafael Ram\u00edrez\",\"@id\":\"https:\\\/\\\/rafaramirez.org\\\/blog\\\/#\\\/schema\\\/person\\\/50f43b6d60c578760d4c17bda54ab6a5\"},\"headline\":\"Caruso. Luciano Pavarotti y Lucio Dalla. Pavarotti &#038; Friends (1992)\",\"datePublished\":\"2023-12-26T19:15:20+00:00\",\"dateModified\":\"2024-03-11T16:56:59+00:00\",\"mainEntityOfPage\":{\"@id\":\"https:\\\/\\\/rafaramirez.org\\\/blog\\\/index.php\\\/2023\\\/12\\\/26\\\/caruso-luciano-pavarotti-lucio-dalla\\\/\"},\"wordCount\":261,\"commentCount\":0,\"publisher\":{\"@id\":\"https:\\\/\\\/rafaramirez.org\\\/blog\\\/#\\\/schema\\\/person\\\/50f43b6d60c578760d4c17bda54ab6a5\"},\"image\":{\"@id\":\"https:\\\/\\\/rafaramirez.org\\\/blog\\\/index.php\\\/2023\\\/12\\\/26\\\/caruso-luciano-pavarotti-lucio-dalla\\\/#primaryimage\"},\"thumbnailUrl\":\"https:\\\/\\\/rafaramirez.org\\\/blog\\\/wp-content\\\/uploads\\\/2023\\\/12\\\/pavarotti_friends_1992_banner.jpg\",\"keywords\":[\"1992\",\"ACNUR\",\"Alto Comisionado de las Naciones Unidas para los Refugiados.\",\"blog de Rafael Ram\u00edrez\",\"Caruso\",\"conciertos ben\u00e9ficos\",\"Decca Records\",\"Enrico Caruso\",\"Estados Unidos\",\"Italia\",\"London Records\",\"Luciano Pavarotti &amp; Lucio Dalla\",\"Lucio Dalla\",\"Modena\",\"Pavarotti &amp; Friends\",\"Pavarotti\u00a0y\u00a0Lucio Dalla\",\"video Caruso\",\"videoclip de Caruso con Lucio Dalla\",\"War Child\"],\"articleSection\":[\"M\u00fasica\"],\"inLanguage\":\"es\",\"potentialAction\":[{\"@type\":\"CommentAction\",\"name\":\"Comment\",\"target\":[\"https:\\\/\\\/rafaramirez.org\\\/blog\\\/index.php\\\/2023\\\/12\\\/26\\\/caruso-luciano-pavarotti-lucio-dalla\\\/#respond\"]}]},{\"@type\":\"WebPage\",\"@id\":\"https:\\\/\\\/rafaramirez.org\\\/blog\\\/index.php\\\/2023\\\/12\\\/26\\\/caruso-luciano-pavarotti-lucio-dalla\\\/\",\"url\":\"https:\\\/\\\/rafaramirez.org\\\/blog\\\/index.php\\\/2023\\\/12\\\/26\\\/caruso-luciano-pavarotti-lucio-dalla\\\/\",\"name\":\"Caruso. Luciano Pavarotti y Lucio Dalla. Pavarotti & Friends (1992) - Blog de Rafael Ram\u00edrez\",\"isPartOf\":{\"@id\":\"https:\\\/\\\/rafaramirez.org\\\/blog\\\/#website\"},\"primaryImageOfPage\":{\"@id\":\"https:\\\/\\\/rafaramirez.org\\\/blog\\\/index.php\\\/2023\\\/12\\\/26\\\/caruso-luciano-pavarotti-lucio-dalla\\\/#primaryimage\"},\"image\":{\"@id\":\"https:\\\/\\\/rafaramirez.org\\\/blog\\\/index.php\\\/2023\\\/12\\\/26\\\/caruso-luciano-pavarotti-lucio-dalla\\\/#primaryimage\"},\"thumbnailUrl\":\"https:\\\/\\\/rafaramirez.org\\\/blog\\\/wp-content\\\/uploads\\\/2023\\\/12\\\/pavarotti_friends_1992_banner.jpg\",\"datePublished\":\"2023-12-26T19:15:20+00:00\",\"dateModified\":\"2024-03-11T16:56:59+00:00\",\"breadcrumb\":{\"@id\":\"https:\\\/\\\/rafaramirez.org\\\/blog\\\/index.php\\\/2023\\\/12\\\/26\\\/caruso-luciano-pavarotti-lucio-dalla\\\/#breadcrumb\"},\"inLanguage\":\"es\",\"potentialAction\":[{\"@type\":\"ReadAction\",\"target\":[\"https:\\\/\\\/rafaramirez.org\\\/blog\\\/index.php\\\/2023\\\/12\\\/26\\\/caruso-luciano-pavarotti-lucio-dalla\\\/\"]}]},{\"@type\":\"ImageObject\",\"inLanguage\":\"es\",\"@id\":\"https:\\\/\\\/rafaramirez.org\\\/blog\\\/index.php\\\/2023\\\/12\\\/26\\\/caruso-luciano-pavarotti-lucio-dalla\\\/#primaryimage\",\"url\":\"https:\\\/\\\/rafaramirez.org\\\/blog\\\/wp-content\\\/uploads\\\/2023\\\/12\\\/pavarotti_friends_1992_banner.jpg\",\"contentUrl\":\"https:\\\/\\\/rafaramirez.org\\\/blog\\\/wp-content\\\/uploads\\\/2023\\\/12\\\/pavarotti_friends_1992_banner.jpg\",\"width\":846,\"height\":463,\"caption\":\"Pavarotti&Friends (1992). Caruso por Lucio Dalla y Pavarotti.\"},{\"@type\":\"BreadcrumbList\",\"@id\":\"https:\\\/\\\/rafaramirez.org\\\/blog\\\/index.php\\\/2023\\\/12\\\/26\\\/caruso-luciano-pavarotti-lucio-dalla\\\/#breadcrumb\",\"itemListElement\":[{\"@type\":\"ListItem\",\"position\":1,\"name\":\"Portada\",\"item\":\"https:\\\/\\\/rafaramirez.org\\\/blog\\\/\"},{\"@type\":\"ListItem\",\"position\":2,\"name\":\"Caruso. Luciano Pavarotti y Lucio Dalla. Pavarotti &#038; Friends (1992)\"}]},{\"@type\":\"WebSite\",\"@id\":\"https:\\\/\\\/rafaramirez.org\\\/blog\\\/#website\",\"url\":\"https:\\\/\\\/rafaramirez.org\\\/blog\\\/\",\"name\":\"Blog de Rafael Ram\u00edrez\",\"description\":\"Un sitio social, de arte y cultura\",\"publisher\":{\"@id\":\"https:\\\/\\\/rafaramirez.org\\\/blog\\\/#\\\/schema\\\/person\\\/50f43b6d60c578760d4c17bda54ab6a5\"},\"potentialAction\":[{\"@type\":\"SearchAction\",\"target\":{\"@type\":\"EntryPoint\",\"urlTemplate\":\"https:\\\/\\\/rafaramirez.org\\\/blog\\\/?s={search_term_string}\"},\"query-input\":{\"@type\":\"PropertyValueSpecification\",\"valueRequired\":true,\"valueName\":\"search_term_string\"}}],\"inLanguage\":\"es\"},{\"@type\":[\"Person\",\"Organization\"],\"@id\":\"https:\\\/\\\/rafaramirez.org\\\/blog\\\/#\\\/schema\\\/person\\\/50f43b6d60c578760d4c17bda54ab6a5\",\"name\":\"Rafael Ram\u00edrez\",\"image\":{\"@type\":\"ImageObject\",\"inLanguage\":\"es\",\"@id\":\"https:\\\/\\\/rafaramirez.org\\\/blog\\\/wp-content\\\/uploads\\\/2024\\\/09\\\/RR_socialnetwork.jpg\",\"url\":\"https:\\\/\\\/rafaramirez.org\\\/blog\\\/wp-content\\\/uploads\\\/2024\\\/09\\\/RR_socialnetwork.jpg\",\"contentUrl\":\"https:\\\/\\\/rafaramirez.org\\\/blog\\\/wp-content\\\/uploads\\\/2024\\\/09\\\/RR_socialnetwork.jpg\",\"width\":600,\"height\":606,\"caption\":\"Rafael Ram\u00edrez\"},\"logo\":{\"@id\":\"https:\\\/\\\/rafaramirez.org\\\/blog\\\/wp-content\\\/uploads\\\/2024\\\/09\\\/RR_socialnetwork.jpg\"},\"sameAs\":[\"https:\\\/\\\/www.rafaramirez.org\\\/blog\",\"https:\\\/\\\/www.instagram.com\\\/rafaramirez_ok\\\/\",\"https:\\\/\\\/es.pinterest.com\\\/Ramirez_Rafa\\\/\",\"https:\\\/\\\/x.com\\\/rafaramirez_ok\"],\"url\":\"https:\\\/\\\/rafaramirez.org\\\/blog\\\/index.php\\\/author\\\/rafaell_qm6j97da\\\/\"}]}<\/script>\n<!-- \/ Yoast SEO plugin. -->","yoast_head_json":{"title":"Caruso. Luciano Pavarotti y Lucio Dalla. Pavarotti & Friends (1992) - Blog de Rafael Ram\u00edrez","robots":{"index":"index","follow":"follow","max-snippet":"max-snippet:-1","max-image-preview":"max-image-preview:large","max-video-preview":"max-video-preview:-1"},"canonical":"https:\/\/rafaramirez.org\/blog\/index.php\/2023\/12\/26\/caruso-luciano-pavarotti-lucio-dalla\/","og_locale":"es_ES","og_type":"article","og_title":"Caruso. Luciano Pavarotti y Lucio Dalla. Pavarotti & Friends (1992) - Blog de Rafael Ram\u00edrez","og_description":"Pavarotti &amp; Friends\u00a0fue una serie de\u00a0conciertos ben\u00e9ficos\u00a0organizados por el\u00a0cantante italiano Luciano Pavarotti\u00a0en\u00a0Modena, entre\u00a01992 y 2003. Estos eventos se celebraron en su ciudad natal y los ingresos obtenidos se destinaron a\u00a0causas humanitarias.\u00a0Entre las organizaciones beneficiadas se encuentran la\u00a0agencia internacional de ayuda War Child\u00a0y el\u00a0Alto Comisionado de las Naciones Unidas para los Refugiados. El\u00a0primer concierto de Pavarotti [&hellip;]","og_url":"https:\/\/rafaramirez.org\/blog\/index.php\/2023\/12\/26\/caruso-luciano-pavarotti-lucio-dalla\/","og_site_name":"Blog de Rafael Ram\u00edrez","article_published_time":"2023-12-26T19:15:20+00:00","article_modified_time":"2024-03-11T16:56:59+00:00","og_image":[{"width":846,"height":463,"url":"https:\/\/rafaramirez.org\/blog\/wp-content\/uploads\/2023\/12\/pavarotti_friends_1992_banner.jpg","type":"image\/jpeg"}],"author":"Rafael Ram\u00edrez","twitter_card":"summary_large_image","twitter_creator":"@rafaramirez_ok","twitter_site":"@rafaramirez_ok","twitter_misc":{"Escrito por":"Rafael Ram\u00edrez","Tiempo de lectura":"1 minuto"},"schema":{"@context":"https:\/\/schema.org","@graph":[{"@type":"Article","@id":"https:\/\/rafaramirez.org\/blog\/index.php\/2023\/12\/26\/caruso-luciano-pavarotti-lucio-dalla\/#article","isPartOf":{"@id":"https:\/\/rafaramirez.org\/blog\/index.php\/2023\/12\/26\/caruso-luciano-pavarotti-lucio-dalla\/"},"author":{"name":"Rafael Ram\u00edrez","@id":"https:\/\/rafaramirez.org\/blog\/#\/schema\/person\/50f43b6d60c578760d4c17bda54ab6a5"},"headline":"Caruso. Luciano Pavarotti y Lucio Dalla. Pavarotti &#038; Friends (1992)","datePublished":"2023-12-26T19:15:20+00:00","dateModified":"2024-03-11T16:56:59+00:00","mainEntityOfPage":{"@id":"https:\/\/rafaramirez.org\/blog\/index.php\/2023\/12\/26\/caruso-luciano-pavarotti-lucio-dalla\/"},"wordCount":261,"commentCount":0,"publisher":{"@id":"https:\/\/rafaramirez.org\/blog\/#\/schema\/person\/50f43b6d60c578760d4c17bda54ab6a5"},"image":{"@id":"https:\/\/rafaramirez.org\/blog\/index.php\/2023\/12\/26\/caruso-luciano-pavarotti-lucio-dalla\/#primaryimage"},"thumbnailUrl":"https:\/\/rafaramirez.org\/blog\/wp-content\/uploads\/2023\/12\/pavarotti_friends_1992_banner.jpg","keywords":["1992","ACNUR","Alto Comisionado de las Naciones Unidas para los Refugiados.","blog de Rafael Ram\u00edrez","Caruso","conciertos ben\u00e9ficos","Decca Records","Enrico Caruso","Estados Unidos","Italia","London Records","Luciano Pavarotti &amp; Lucio Dalla","Lucio Dalla","Modena","Pavarotti &amp; Friends","Pavarotti\u00a0y\u00a0Lucio Dalla","video Caruso","videoclip de Caruso con Lucio Dalla","War Child"],"articleSection":["M\u00fasica"],"inLanguage":"es","potentialAction":[{"@type":"CommentAction","name":"Comment","target":["https:\/\/rafaramirez.org\/blog\/index.php\/2023\/12\/26\/caruso-luciano-pavarotti-lucio-dalla\/#respond"]}]},{"@type":"WebPage","@id":"https:\/\/rafaramirez.org\/blog\/index.php\/2023\/12\/26\/caruso-luciano-pavarotti-lucio-dalla\/","url":"https:\/\/rafaramirez.org\/blog\/index.php\/2023\/12\/26\/caruso-luciano-pavarotti-lucio-dalla\/","name":"Caruso. Luciano Pavarotti y Lucio Dalla. Pavarotti & Friends (1992) - Blog de Rafael Ram\u00edrez","isPartOf":{"@id":"https:\/\/rafaramirez.org\/blog\/#website"},"primaryImageOfPage":{"@id":"https:\/\/rafaramirez.org\/blog\/index.php\/2023\/12\/26\/caruso-luciano-pavarotti-lucio-dalla\/#primaryimage"},"image":{"@id":"https:\/\/rafaramirez.org\/blog\/index.php\/2023\/12\/26\/caruso-luciano-pavarotti-lucio-dalla\/#primaryimage"},"thumbnailUrl":"https:\/\/rafaramirez.org\/blog\/wp-content\/uploads\/2023\/12\/pavarotti_friends_1992_banner.jpg","datePublished":"2023-12-26T19:15:20+00:00","dateModified":"2024-03-11T16:56:59+00:00","breadcrumb":{"@id":"https:\/\/rafaramirez.org\/blog\/index.php\/2023\/12\/26\/caruso-luciano-pavarotti-lucio-dalla\/#breadcrumb"},"inLanguage":"es","potentialAction":[{"@type":"ReadAction","target":["https:\/\/rafaramirez.org\/blog\/index.php\/2023\/12\/26\/caruso-luciano-pavarotti-lucio-dalla\/"]}]},{"@type":"ImageObject","inLanguage":"es","@id":"https:\/\/rafaramirez.org\/blog\/index.php\/2023\/12\/26\/caruso-luciano-pavarotti-lucio-dalla\/#primaryimage","url":"https:\/\/rafaramirez.org\/blog\/wp-content\/uploads\/2023\/12\/pavarotti_friends_1992_banner.jpg","contentUrl":"https:\/\/rafaramirez.org\/blog\/wp-content\/uploads\/2023\/12\/pavarotti_friends_1992_banner.jpg","width":846,"height":463,"caption":"Pavarotti&Friends (1992). Caruso por Lucio Dalla y Pavarotti."},{"@type":"BreadcrumbList","@id":"https:\/\/rafaramirez.org\/blog\/index.php\/2023\/12\/26\/caruso-luciano-pavarotti-lucio-dalla\/#breadcrumb","itemListElement":[{"@type":"ListItem","position":1,"name":"Portada","item":"https:\/\/rafaramirez.org\/blog\/"},{"@type":"ListItem","position":2,"name":"Caruso. Luciano Pavarotti y Lucio Dalla. Pavarotti &#038; Friends (1992)"}]},{"@type":"WebSite","@id":"https:\/\/rafaramirez.org\/blog\/#website","url":"https:\/\/rafaramirez.org\/blog\/","name":"Blog de Rafael Ram\u00edrez","description":"Un sitio social, de arte y cultura","publisher":{"@id":"https:\/\/rafaramirez.org\/blog\/#\/schema\/person\/50f43b6d60c578760d4c17bda54ab6a5"},"potentialAction":[{"@type":"SearchAction","target":{"@type":"EntryPoint","urlTemplate":"https:\/\/rafaramirez.org\/blog\/?s={search_term_string}"},"query-input":{"@type":"PropertyValueSpecification","valueRequired":true,"valueName":"search_term_string"}}],"inLanguage":"es"},{"@type":["Person","Organization"],"@id":"https:\/\/rafaramirez.org\/blog\/#\/schema\/person\/50f43b6d60c578760d4c17bda54ab6a5","name":"Rafael Ram\u00edrez","image":{"@type":"ImageObject","inLanguage":"es","@id":"https:\/\/rafaramirez.org\/blog\/wp-content\/uploads\/2024\/09\/RR_socialnetwork.jpg","url":"https:\/\/rafaramirez.org\/blog\/wp-content\/uploads\/2024\/09\/RR_socialnetwork.jpg","contentUrl":"https:\/\/rafaramirez.org\/blog\/wp-content\/uploads\/2024\/09\/RR_socialnetwork.jpg","width":600,"height":606,"caption":"Rafael Ram\u00edrez"},"logo":{"@id":"https:\/\/rafaramirez.org\/blog\/wp-content\/uploads\/2024\/09\/RR_socialnetwork.jpg"},"sameAs":["https:\/\/www.rafaramirez.org\/blog","https:\/\/www.instagram.com\/rafaramirez_ok\/","https:\/\/es.pinterest.com\/Ramirez_Rafa\/","https:\/\/x.com\/rafaramirez_ok"],"url":"https:\/\/rafaramirez.org\/blog\/index.php\/author\/rafaell_qm6j97da\/"}]}},"jetpack_publicize_connections":[],"jetpack_sharing_enabled":true,"jetpack_likes_enabled":true,"jetpack_featured_media_url":"https:\/\/rafaramirez.org\/blog\/wp-content\/uploads\/2023\/12\/pavarotti_friends_1992_banner.jpg","_links":{"self":[{"href":"https:\/\/rafaramirez.org\/blog\/index.php\/wp-json\/wp\/v2\/posts\/2796","targetHints":{"allow":["GET"]}}],"collection":[{"href":"https:\/\/rafaramirez.org\/blog\/index.php\/wp-json\/wp\/v2\/posts"}],"about":[{"href":"https:\/\/rafaramirez.org\/blog\/index.php\/wp-json\/wp\/v2\/types\/post"}],"author":[{"embeddable":true,"href":"https:\/\/rafaramirez.org\/blog\/index.php\/wp-json\/wp\/v2\/users\/1"}],"replies":[{"embeddable":true,"href":"https:\/\/rafaramirez.org\/blog\/index.php\/wp-json\/wp\/v2\/comments?post=2796"}],"version-history":[{"count":7,"href":"https:\/\/rafaramirez.org\/blog\/index.php\/wp-json\/wp\/v2\/posts\/2796\/revisions"}],"predecessor-version":[{"id":3697,"href":"https:\/\/rafaramirez.org\/blog\/index.php\/wp-json\/wp\/v2\/posts\/2796\/revisions\/3697"}],"wp:featuredmedia":[{"embeddable":true,"href":"https:\/\/rafaramirez.org\/blog\/index.php\/wp-json\/wp\/v2\/media\/3695"}],"wp:attachment":[{"href":"https:\/\/rafaramirez.org\/blog\/index.php\/wp-json\/wp\/v2\/media?parent=2796"}],"wp:term":[{"taxonomy":"category","embeddable":true,"href":"https:\/\/rafaramirez.org\/blog\/index.php\/wp-json\/wp\/v2\/categories?post=2796"},{"taxonomy":"post_tag","embeddable":true,"href":"https:\/\/rafaramirez.org\/blog\/index.php\/wp-json\/wp\/v2\/tags?post=2796"}],"curies":[{"name":"wp","href":"https:\/\/api.w.org\/{rel}","templated":true}]}}