{"id":2784,"date":"2023-12-19T12:00:58","date_gmt":"2023-12-19T11:00:58","guid":{"rendered":"https:\/\/blog.rafaramirez.org\/?p=2784"},"modified":"2024-03-11T19:18:48","modified_gmt":"2024-03-11T18:18:48","slug":"en-estas-fiestas","status":"publish","type":"post","link":"https:\/\/rafaramirez.org\/blog\/index.php\/2023\/12\/19\/en-estas-fiestas\/","title":{"rendered":"En estas fiestas: La importancia de una celebraci\u00f3n familiar."},"content":{"rendered":"<p>En estas fiestas navide\u00f1as, el esp\u00edritu festivo est\u00e1 en el aire. Es el momento perfecto para reunirse con amigos y familiares, compartir regalos y crear recuerdos duraderos. \u00a1Que la alegr\u00eda de la Navidad llene sus corazones y hogares!<\/p>\n<h3>Navidad: La importancia de una celebraci\u00f3n familiar<\/h3>\n<p>En estas fiestas, una de las celebraciones m\u00e1s importantes es la Navidad. Esta fecha tiene una gran importancia para muchas familias, ya que es un momento especial para reunirse y compartir momentos inolvidables. La Navidad se celebra el 25 de diciembre en todo el mundo y tiene su origen en la historia del nacimiento de Jes\u00fas en Bel\u00e9n hace m\u00e1s de dos mil a\u00f1os. La Iglesia cat\u00f3lica adopt\u00f3 esta fecha para conmemorar la llegada de Jes\u00fas al mundo y desde entonces, se ha convertido en una de las festividades m\u00e1s importantes del calendario. Durante la Navidad, las casas se llenan de adornos y decoraci\u00f3n navide\u00f1a, es tiempo de reuni\u00f3n y se intercambian regalos entre familiares y amigos. Santa Claus tambi\u00e9n es una figura significativa en esta celebraci\u00f3n, ya que trae alegr\u00eda y felicidad a los m\u00e1s peque\u00f1os. Pero m\u00e1s all\u00e1 de los regalos y la decoraci\u00f3n, la Navidad es una fecha para el encuentro familiar, para agradecer por todo lo bueno que ha pasado en el a\u00f1o y reflexionar sobre lo que queremos para el futuro. Es importante valorar estos momentos especiales que nos brinda la vida y disfrutarlos al m\u00e1ximo junto a nuestros seres queridos.<\/p>\n<p style=\"text-align: center;\"><img decoding=\"async\" class=\"alignright\" src=\"https:\/\/images.unsplash.com\/photo-1480835382106-d1923af88f3f?crop=entropy&amp;cs=srgb&amp;fm=jpg&amp;ixid=M3wzMzM4Nzl8MHwxfHNlYXJjaHwxfHxTb2JyZSUyMGxhcyUyMGZpZXN0YXMlMjBuYXZpZGUlQzMlQjFhc3xlc3wwfHx8fDE3MDI4OTg4NTV8MA&amp;ixlib=rb-4.0.3&amp;q=85\" width=\"600\" \/><\/p>\n<h3>A\u00f1o Nuevo: Tradiciones y rituales para recibir el nuevo a\u00f1o con alegr\u00eda<\/h3>\n<p>En esta \u00e9poca, no solo se celebra la Navidad, tambi\u00e9n se festeja la llegada del A\u00f1o Nuevo. Esta fecha es muy relevante en todo el mundo y se festeja de diferentes maneras, con tradiciones y rituales \u00fanicos en cada pa\u00eds. En algunos lugares, la gente se re\u00fane en grandes fiestas para recibir el nuevo a\u00f1o con alegr\u00eda, mientras que en otros, se llevan a cabo rituales espec\u00edficos para atraer la buena suerte y la prosperidad. En muchos lugares, se utilizan adornos y decoraciones especiales que simbolizan la renovaci\u00f3n y el renacimiento. Adem\u00e1s, en algunos pa\u00edses, las celebraciones del A\u00f1o Nuevo duran varios d\u00edas, con comidas especiales y regalos para amigos y familiares. En definitiva, el A\u00f1o Nuevo es una fecha que se conmemora en todo el mundo, con diferentes rituales y tradiciones, pero siempre con la misma emoci\u00f3n y alegr\u00eda.<\/p>\n<p>No cabe duda de que estas fiestas son un tiempo para disfrutar de la compa\u00f1\u00eda de nuestros seres queridos, para agradecer por todo lo que tenemos y para tener la esperanza de un futuro mejor.<\/p>\n<h2>Referencias<\/h2>\n<ul>\n<li><a href=\"https:\/\/es.wikipedia.org\/wiki\/Navidad\" target=\"_blank\" rel=\"noopener\">https:\/\/es.wikipedia.org\/wiki\/Navidad<\/a><\/li>\n<\/ul>\n<ul>\n<li><a href=\"https:\/\/portal.clubrunner.ca\/7988\/stories\/historia-de-la-navidad-y-su-origen\" target=\"_blank\" rel=\"noopener\">https:\/\/portal.clubrunner.ca\/7988\/stories\/historia-de-la-navidad-y-su-origen<\/a><\/li>\n<\/ul>\n<ul>\n<li><a href=\"https:\/\/historia.nationalgeographic.com.es\/a\/origenes-navidad_6901\" target=\"_blank\" rel=\"noopener\">https:\/\/historia.nationalgeographic.com.es\/a\/origenes-navidad_6901<\/a><\/li>\n<\/ul>\n<h2>YouTube<\/h2>\n<p><a href=\"https:\/\/www.youtube.com\/embed\/EYpBTgHvRK0\" target=\"_blank\" rel=\"noopener\">https:\/\/www.youtube.com\/embed\/EYpBTgHvRK0<\/a><\/p>\n","protected":false},"excerpt":{"rendered":"<p>En estas fiestas navide\u00f1as, el esp\u00edritu festivo est\u00e1 en el aire. Es el momento perfecto para reunirse con amigos y familiares, compartir regalos y crear recuerdos duraderos. \u00a1Que la alegr\u00eda de la Navidad llene sus corazones y hogares! Navidad: La importancia de una celebraci\u00f3n familiar En estas fiestas, una de las celebraciones m\u00e1s importantes es [&hellip;]<\/p>\n","protected":false},"author":1,"featured_media":2785,"comment_status":"open","ping_status":"closed","sticky":false,"template":"","format":"standard","meta":{"site-container-style":"default","site-container-layout":"default","site-sidebar-layout":"default","disable-article-header":"default","disable-site-header":"default","disable-site-footer":"default","disable-content-area-spacing":"default","_jetpack_newsletter_access":"","_jetpack_dont_email_post_to_subs":false,"_jetpack_newsletter_tier_id":0,"_jetpack_memberships_contains_paywalled_content":false,"_jetpack_feature_clip_id":0,"_jetpack_memberships_contains_paid_content":false,"footnotes":"","jetpack_publicize_message":"","jetpack_publicize_feature_enabled":true,"jetpack_social_post_already_shared":false,"jetpack_social_options":{"image_generator_settings":{"template":"highway","default_image_id":0,"font":"","enabled":false},"version":2},"jetpack_post_was_ever_published":false},"categories":[1291],"tags":[1348,1344,1341,1357,1350,68,1353,1338,1342,1352,1345,1343,1340,1354,1339,1346,1351,1347,1349,603,1355,1356],"class_list":["post-2784","post","type-post","status-publish","format-standard","has-post-thumbnail","hentry","category-efemerides","tag-25-de-diciembre","tag-alegria","tag-amigos-y-familiares","tag-ano-nuevo","tag-belen","tag-blog-de-rafael-ramirez","tag-calendario","tag-celebracion-familiar","tag-compartir-regalos","tag-conmemorar","tag-corazones","tag-crear-recuerdos-duraderos","tag-espiritu-festivo","tag-festividades","tag-fiestas","tag-hogares","tag-iglesia-catolica","tag-momentos-inolvidables","tag-nacimiento-de-jesus","tag-navidad","tag-santa-claus","tag-tradiciones-y-rituales"],"yoast_head":"<!-- This site is optimized with the Yoast SEO plugin v28.3 - https:\/\/yoast.com\/product\/yoast-seo-wordpress\/ -->\n<title>En estas fiestas: La importancia de una celebraci\u00f3n familiar. - Blog de Rafael Ram\u00edrez<\/title>\n<meta name=\"robots\" content=\"index, follow, max-snippet:-1, max-image-preview:large, max-video-preview:-1\" \/>\n<link rel=\"canonical\" href=\"https:\/\/rafaramirez.org\/blog\/index.php\/2023\/12\/19\/en-estas-fiestas\/\" \/>\n<meta property=\"og:locale\" content=\"es_ES\" \/>\n<meta property=\"og:type\" content=\"article\" \/>\n<meta property=\"og:title\" content=\"En estas fiestas: La importancia de una celebraci\u00f3n familiar. - Blog de Rafael Ram\u00edrez\" \/>\n<meta property=\"og:description\" content=\"En estas fiestas navide\u00f1as, el esp\u00edritu festivo est\u00e1 en el aire. Es el momento perfecto para reunirse con amigos y familiares, compartir regalos y crear recuerdos duraderos. \u00a1Que la alegr\u00eda de la Navidad llene sus corazones y hogares! Navidad: La importancia de una celebraci\u00f3n familiar En estas fiestas, una de las celebraciones m\u00e1s importantes es [&hellip;]\" \/>\n<meta property=\"og:url\" content=\"https:\/\/rafaramirez.org\/blog\/index.php\/2023\/12\/19\/en-estas-fiestas\/\" \/>\n<meta property=\"og:site_name\" content=\"Blog de Rafael Ram\u00edrez\" \/>\n<meta property=\"article:published_time\" content=\"2023-12-19T11:00:58+00:00\" \/>\n<meta property=\"article:modified_time\" content=\"2024-03-11T18:18:48+00:00\" \/>\n<meta property=\"og:image\" content=\"https:\/\/rafaramirez.org\/blog\/wp-content\/uploads\/2023\/12\/photo-1480835382106-d1923af88f3f-scaled.jpeg\" \/>\n\t<meta property=\"og:image:width\" content=\"2560\" \/>\n\t<meta property=\"og:image:height\" content=\"1829\" \/>\n\t<meta property=\"og:image:type\" content=\"image\/jpeg\" \/>\n<meta name=\"author\" content=\"Rafael Ram\u00edrez\" \/>\n<meta name=\"twitter:card\" content=\"summary_large_image\" \/>\n<meta name=\"twitter:creator\" content=\"@rafaramirez_ok\" \/>\n<meta name=\"twitter:site\" content=\"@rafaramirez_ok\" \/>\n<meta name=\"twitter:label1\" content=\"Escrito por\" \/>\n\t<meta name=\"twitter:data1\" content=\"Rafael Ram\u00edrez\" \/>\n\t<meta name=\"twitter:label2\" content=\"Tiempo de lectura\" \/>\n\t<meta name=\"twitter:data2\" content=\"2 minutos\" \/>\n<script type=\"application\/ld+json\" class=\"yoast-schema-graph\">{\"@context\":\"https:\\\/\\\/schema.org\",\"@graph\":[{\"@type\":\"Article\",\"@id\":\"https:\\\/\\\/rafaramirez.org\\\/blog\\\/index.php\\\/2023\\\/12\\\/19\\\/en-estas-fiestas\\\/#article\",\"isPartOf\":{\"@id\":\"https:\\\/\\\/rafaramirez.org\\\/blog\\\/index.php\\\/2023\\\/12\\\/19\\\/en-estas-fiestas\\\/\"},\"author\":{\"name\":\"Rafael Ram\u00edrez\",\"@id\":\"https:\\\/\\\/rafaramirez.org\\\/blog\\\/#\\\/schema\\\/person\\\/50f43b6d60c578760d4c17bda54ab6a5\"},\"headline\":\"En estas fiestas: La importancia de una celebraci\u00f3n familiar.\",\"datePublished\":\"2023-12-19T11:00:58+00:00\",\"dateModified\":\"2024-03-11T18:18:48+00:00\",\"mainEntityOfPage\":{\"@id\":\"https:\\\/\\\/rafaramirez.org\\\/blog\\\/index.php\\\/2023\\\/12\\\/19\\\/en-estas-fiestas\\\/\"},\"wordCount\":507,\"commentCount\":0,\"publisher\":{\"@id\":\"https:\\\/\\\/rafaramirez.org\\\/blog\\\/#\\\/schema\\\/person\\\/50f43b6d60c578760d4c17bda54ab6a5\"},\"image\":{\"@id\":\"https:\\\/\\\/rafaramirez.org\\\/blog\\\/index.php\\\/2023\\\/12\\\/19\\\/en-estas-fiestas\\\/#primaryimage\"},\"thumbnailUrl\":\"https:\\\/\\\/rafaramirez.org\\\/blog\\\/wp-content\\\/uploads\\\/2023\\\/12\\\/photo-1480835382106-d1923af88f3f-scaled.jpeg\",\"keywords\":[\"25 de diciembre\",\"alegr\u00eda\",\"amigos y familiares\",\"A\u00f1o Nuevo\",\"Bel\u00e9n\",\"blog de Rafael Ram\u00edrez\",\"calendario\",\"celebraci\u00f3n familiar\",\"compartir regalos\",\"conmemorar\",\"corazones\",\"crear recuerdos duraderos\",\"esp\u00edritu festivo\",\"festividades\",\"fiestas\",\"hogares\",\"Iglesia cat\u00f3lica\",\"momentos inolvidables\",\"nacimiento de Jes\u00fas\",\"navidad\",\"Santa Claus\",\"Tradiciones y rituales\"],\"articleSection\":[\"Efem\u00e9rides\"],\"inLanguage\":\"es\",\"potentialAction\":[{\"@type\":\"CommentAction\",\"name\":\"Comment\",\"target\":[\"https:\\\/\\\/rafaramirez.org\\\/blog\\\/index.php\\\/2023\\\/12\\\/19\\\/en-estas-fiestas\\\/#respond\"]}]},{\"@type\":\"WebPage\",\"@id\":\"https:\\\/\\\/rafaramirez.org\\\/blog\\\/index.php\\\/2023\\\/12\\\/19\\\/en-estas-fiestas\\\/\",\"url\":\"https:\\\/\\\/rafaramirez.org\\\/blog\\\/index.php\\\/2023\\\/12\\\/19\\\/en-estas-fiestas\\\/\",\"name\":\"En estas fiestas: La importancia de una celebraci\u00f3n familiar. - Blog de Rafael Ram\u00edrez\",\"isPartOf\":{\"@id\":\"https:\\\/\\\/rafaramirez.org\\\/blog\\\/#website\"},\"primaryImageOfPage\":{\"@id\":\"https:\\\/\\\/rafaramirez.org\\\/blog\\\/index.php\\\/2023\\\/12\\\/19\\\/en-estas-fiestas\\\/#primaryimage\"},\"image\":{\"@id\":\"https:\\\/\\\/rafaramirez.org\\\/blog\\\/index.php\\\/2023\\\/12\\\/19\\\/en-estas-fiestas\\\/#primaryimage\"},\"thumbnailUrl\":\"https:\\\/\\\/rafaramirez.org\\\/blog\\\/wp-content\\\/uploads\\\/2023\\\/12\\\/photo-1480835382106-d1923af88f3f-scaled.jpeg\",\"datePublished\":\"2023-12-19T11:00:58+00:00\",\"dateModified\":\"2024-03-11T18:18:48+00:00\",\"breadcrumb\":{\"@id\":\"https:\\\/\\\/rafaramirez.org\\\/blog\\\/index.php\\\/2023\\\/12\\\/19\\\/en-estas-fiestas\\\/#breadcrumb\"},\"inLanguage\":\"es\",\"potentialAction\":[{\"@type\":\"ReadAction\",\"target\":[\"https:\\\/\\\/rafaramirez.org\\\/blog\\\/index.php\\\/2023\\\/12\\\/19\\\/en-estas-fiestas\\\/\"]}]},{\"@type\":\"ImageObject\",\"inLanguage\":\"es\",\"@id\":\"https:\\\/\\\/rafaramirez.org\\\/blog\\\/index.php\\\/2023\\\/12\\\/19\\\/en-estas-fiestas\\\/#primaryimage\",\"url\":\"https:\\\/\\\/rafaramirez.org\\\/blog\\\/wp-content\\\/uploads\\\/2023\\\/12\\\/photo-1480835382106-d1923af88f3f-scaled.jpeg\",\"contentUrl\":\"https:\\\/\\\/rafaramirez.org\\\/blog\\\/wp-content\\\/uploads\\\/2023\\\/12\\\/photo-1480835382106-d1923af88f3f-scaled.jpeg\",\"width\":2560,\"height\":1829},{\"@type\":\"BreadcrumbList\",\"@id\":\"https:\\\/\\\/rafaramirez.org\\\/blog\\\/index.php\\\/2023\\\/12\\\/19\\\/en-estas-fiestas\\\/#breadcrumb\",\"itemListElement\":[{\"@type\":\"ListItem\",\"position\":1,\"name\":\"Portada\",\"item\":\"https:\\\/\\\/rafaramirez.org\\\/blog\\\/\"},{\"@type\":\"ListItem\",\"position\":2,\"name\":\"En estas fiestas: La importancia de una celebraci\u00f3n familiar.\"}]},{\"@type\":\"WebSite\",\"@id\":\"https:\\\/\\\/rafaramirez.org\\\/blog\\\/#website\",\"url\":\"https:\\\/\\\/rafaramirez.org\\\/blog\\\/\",\"name\":\"Blog de Rafael Ram\u00edrez\",\"description\":\"Un sitio social, de arte y cultura\",\"publisher\":{\"@id\":\"https:\\\/\\\/rafaramirez.org\\\/blog\\\/#\\\/schema\\\/person\\\/50f43b6d60c578760d4c17bda54ab6a5\"},\"potentialAction\":[{\"@type\":\"SearchAction\",\"target\":{\"@type\":\"EntryPoint\",\"urlTemplate\":\"https:\\\/\\\/rafaramirez.org\\\/blog\\\/?s={search_term_string}\"},\"query-input\":{\"@type\":\"PropertyValueSpecification\",\"valueRequired\":true,\"valueName\":\"search_term_string\"}}],\"inLanguage\":\"es\"},{\"@type\":[\"Person\",\"Organization\"],\"@id\":\"https:\\\/\\\/rafaramirez.org\\\/blog\\\/#\\\/schema\\\/person\\\/50f43b6d60c578760d4c17bda54ab6a5\",\"name\":\"Rafael Ram\u00edrez\",\"image\":{\"@type\":\"ImageObject\",\"inLanguage\":\"es\",\"@id\":\"https:\\\/\\\/rafaramirez.org\\\/blog\\\/wp-content\\\/uploads\\\/2024\\\/09\\\/RR_socialnetwork.jpg\",\"url\":\"https:\\\/\\\/rafaramirez.org\\\/blog\\\/wp-content\\\/uploads\\\/2024\\\/09\\\/RR_socialnetwork.jpg\",\"contentUrl\":\"https:\\\/\\\/rafaramirez.org\\\/blog\\\/wp-content\\\/uploads\\\/2024\\\/09\\\/RR_socialnetwork.jpg\",\"width\":600,\"height\":606,\"caption\":\"Rafael Ram\u00edrez\"},\"logo\":{\"@id\":\"https:\\\/\\\/rafaramirez.org\\\/blog\\\/wp-content\\\/uploads\\\/2024\\\/09\\\/RR_socialnetwork.jpg\"},\"sameAs\":[\"https:\\\/\\\/www.rafaramirez.org\\\/blog\",\"https:\\\/\\\/www.instagram.com\\\/rafaramirez_ok\\\/\",\"https:\\\/\\\/es.pinterest.com\\\/Ramirez_Rafa\\\/\",\"https:\\\/\\\/x.com\\\/rafaramirez_ok\"],\"url\":\"https:\\\/\\\/rafaramirez.org\\\/blog\\\/index.php\\\/author\\\/rafaell_qm6j97da\\\/\"}]}<\/script>\n<!-- \/ Yoast SEO plugin. -->","yoast_head_json":{"title":"En estas fiestas: La importancia de una celebraci\u00f3n familiar. - Blog de Rafael Ram\u00edrez","robots":{"index":"index","follow":"follow","max-snippet":"max-snippet:-1","max-image-preview":"max-image-preview:large","max-video-preview":"max-video-preview:-1"},"canonical":"https:\/\/rafaramirez.org\/blog\/index.php\/2023\/12\/19\/en-estas-fiestas\/","og_locale":"es_ES","og_type":"article","og_title":"En estas fiestas: La importancia de una celebraci\u00f3n familiar. - Blog de Rafael Ram\u00edrez","og_description":"En estas fiestas navide\u00f1as, el esp\u00edritu festivo est\u00e1 en el aire. Es el momento perfecto para reunirse con amigos y familiares, compartir regalos y crear recuerdos duraderos. \u00a1Que la alegr\u00eda de la Navidad llene sus corazones y hogares! Navidad: La importancia de una celebraci\u00f3n familiar En estas fiestas, una de las celebraciones m\u00e1s importantes es [&hellip;]","og_url":"https:\/\/rafaramirez.org\/blog\/index.php\/2023\/12\/19\/en-estas-fiestas\/","og_site_name":"Blog de Rafael Ram\u00edrez","article_published_time":"2023-12-19T11:00:58+00:00","article_modified_time":"2024-03-11T18:18:48+00:00","og_image":[{"width":2560,"height":1829,"url":"https:\/\/rafaramirez.org\/blog\/wp-content\/uploads\/2023\/12\/photo-1480835382106-d1923af88f3f-scaled.jpeg","type":"image\/jpeg"}],"author":"Rafael Ram\u00edrez","twitter_card":"summary_large_image","twitter_creator":"@rafaramirez_ok","twitter_site":"@rafaramirez_ok","twitter_misc":{"Escrito por":"Rafael Ram\u00edrez","Tiempo de lectura":"2 minutos"},"schema":{"@context":"https:\/\/schema.org","@graph":[{"@type":"Article","@id":"https:\/\/rafaramirez.org\/blog\/index.php\/2023\/12\/19\/en-estas-fiestas\/#article","isPartOf":{"@id":"https:\/\/rafaramirez.org\/blog\/index.php\/2023\/12\/19\/en-estas-fiestas\/"},"author":{"name":"Rafael Ram\u00edrez","@id":"https:\/\/rafaramirez.org\/blog\/#\/schema\/person\/50f43b6d60c578760d4c17bda54ab6a5"},"headline":"En estas fiestas: La importancia de una celebraci\u00f3n familiar.","datePublished":"2023-12-19T11:00:58+00:00","dateModified":"2024-03-11T18:18:48+00:00","mainEntityOfPage":{"@id":"https:\/\/rafaramirez.org\/blog\/index.php\/2023\/12\/19\/en-estas-fiestas\/"},"wordCount":507,"commentCount":0,"publisher":{"@id":"https:\/\/rafaramirez.org\/blog\/#\/schema\/person\/50f43b6d60c578760d4c17bda54ab6a5"},"image":{"@id":"https:\/\/rafaramirez.org\/blog\/index.php\/2023\/12\/19\/en-estas-fiestas\/#primaryimage"},"thumbnailUrl":"https:\/\/rafaramirez.org\/blog\/wp-content\/uploads\/2023\/12\/photo-1480835382106-d1923af88f3f-scaled.jpeg","keywords":["25 de diciembre","alegr\u00eda","amigos y familiares","A\u00f1o Nuevo","Bel\u00e9n","blog de Rafael Ram\u00edrez","calendario","celebraci\u00f3n familiar","compartir regalos","conmemorar","corazones","crear recuerdos duraderos","esp\u00edritu festivo","festividades","fiestas","hogares","Iglesia cat\u00f3lica","momentos inolvidables","nacimiento de Jes\u00fas","navidad","Santa Claus","Tradiciones y rituales"],"articleSection":["Efem\u00e9rides"],"inLanguage":"es","potentialAction":[{"@type":"CommentAction","name":"Comment","target":["https:\/\/rafaramirez.org\/blog\/index.php\/2023\/12\/19\/en-estas-fiestas\/#respond"]}]},{"@type":"WebPage","@id":"https:\/\/rafaramirez.org\/blog\/index.php\/2023\/12\/19\/en-estas-fiestas\/","url":"https:\/\/rafaramirez.org\/blog\/index.php\/2023\/12\/19\/en-estas-fiestas\/","name":"En estas fiestas: La importancia de una celebraci\u00f3n familiar. - Blog de Rafael Ram\u00edrez","isPartOf":{"@id":"https:\/\/rafaramirez.org\/blog\/#website"},"primaryImageOfPage":{"@id":"https:\/\/rafaramirez.org\/blog\/index.php\/2023\/12\/19\/en-estas-fiestas\/#primaryimage"},"image":{"@id":"https:\/\/rafaramirez.org\/blog\/index.php\/2023\/12\/19\/en-estas-fiestas\/#primaryimage"},"thumbnailUrl":"https:\/\/rafaramirez.org\/blog\/wp-content\/uploads\/2023\/12\/photo-1480835382106-d1923af88f3f-scaled.jpeg","datePublished":"2023-12-19T11:00:58+00:00","dateModified":"2024-03-11T18:18:48+00:00","breadcrumb":{"@id":"https:\/\/rafaramirez.org\/blog\/index.php\/2023\/12\/19\/en-estas-fiestas\/#breadcrumb"},"inLanguage":"es","potentialAction":[{"@type":"ReadAction","target":["https:\/\/rafaramirez.org\/blog\/index.php\/2023\/12\/19\/en-estas-fiestas\/"]}]},{"@type":"ImageObject","inLanguage":"es","@id":"https:\/\/rafaramirez.org\/blog\/index.php\/2023\/12\/19\/en-estas-fiestas\/#primaryimage","url":"https:\/\/rafaramirez.org\/blog\/wp-content\/uploads\/2023\/12\/photo-1480835382106-d1923af88f3f-scaled.jpeg","contentUrl":"https:\/\/rafaramirez.org\/blog\/wp-content\/uploads\/2023\/12\/photo-1480835382106-d1923af88f3f-scaled.jpeg","width":2560,"height":1829},{"@type":"BreadcrumbList","@id":"https:\/\/rafaramirez.org\/blog\/index.php\/2023\/12\/19\/en-estas-fiestas\/#breadcrumb","itemListElement":[{"@type":"ListItem","position":1,"name":"Portada","item":"https:\/\/rafaramirez.org\/blog\/"},{"@type":"ListItem","position":2,"name":"En estas fiestas: La importancia de una celebraci\u00f3n familiar."}]},{"@type":"WebSite","@id":"https:\/\/rafaramirez.org\/blog\/#website","url":"https:\/\/rafaramirez.org\/blog\/","name":"Blog de Rafael Ram\u00edrez","description":"Un sitio social, de arte y cultura","publisher":{"@id":"https:\/\/rafaramirez.org\/blog\/#\/schema\/person\/50f43b6d60c578760d4c17bda54ab6a5"},"potentialAction":[{"@type":"SearchAction","target":{"@type":"EntryPoint","urlTemplate":"https:\/\/rafaramirez.org\/blog\/?s={search_term_string}"},"query-input":{"@type":"PropertyValueSpecification","valueRequired":true,"valueName":"search_term_string"}}],"inLanguage":"es"},{"@type":["Person","Organization"],"@id":"https:\/\/rafaramirez.org\/blog\/#\/schema\/person\/50f43b6d60c578760d4c17bda54ab6a5","name":"Rafael Ram\u00edrez","image":{"@type":"ImageObject","inLanguage":"es","@id":"https:\/\/rafaramirez.org\/blog\/wp-content\/uploads\/2024\/09\/RR_socialnetwork.jpg","url":"https:\/\/rafaramirez.org\/blog\/wp-content\/uploads\/2024\/09\/RR_socialnetwork.jpg","contentUrl":"https:\/\/rafaramirez.org\/blog\/wp-content\/uploads\/2024\/09\/RR_socialnetwork.jpg","width":600,"height":606,"caption":"Rafael Ram\u00edrez"},"logo":{"@id":"https:\/\/rafaramirez.org\/blog\/wp-content\/uploads\/2024\/09\/RR_socialnetwork.jpg"},"sameAs":["https:\/\/www.rafaramirez.org\/blog","https:\/\/www.instagram.com\/rafaramirez_ok\/","https:\/\/es.pinterest.com\/Ramirez_Rafa\/","https:\/\/x.com\/rafaramirez_ok"],"url":"https:\/\/rafaramirez.org\/blog\/index.php\/author\/rafaell_qm6j97da\/"}]}},"jetpack_publicize_connections":[],"jetpack_sharing_enabled":true,"jetpack_likes_enabled":true,"jetpack_featured_media_url":"https:\/\/rafaramirez.org\/blog\/wp-content\/uploads\/2023\/12\/photo-1480835382106-d1923af88f3f-scaled.jpeg","_links":{"self":[{"href":"https:\/\/rafaramirez.org\/blog\/index.php\/wp-json\/wp\/v2\/posts\/2784","targetHints":{"allow":["GET"]}}],"collection":[{"href":"https:\/\/rafaramirez.org\/blog\/index.php\/wp-json\/wp\/v2\/posts"}],"about":[{"href":"https:\/\/rafaramirez.org\/blog\/index.php\/wp-json\/wp\/v2\/types\/post"}],"author":[{"embeddable":true,"href":"https:\/\/rafaramirez.org\/blog\/index.php\/wp-json\/wp\/v2\/users\/1"}],"replies":[{"embeddable":true,"href":"https:\/\/rafaramirez.org\/blog\/index.php\/wp-json\/wp\/v2\/comments?post=2784"}],"version-history":[{"count":5,"href":"https:\/\/rafaramirez.org\/blog\/index.php\/wp-json\/wp\/v2\/posts\/2784\/revisions"}],"predecessor-version":[{"id":3716,"href":"https:\/\/rafaramirez.org\/blog\/index.php\/wp-json\/wp\/v2\/posts\/2784\/revisions\/3716"}],"wp:featuredmedia":[{"embeddable":true,"href":"https:\/\/rafaramirez.org\/blog\/index.php\/wp-json\/wp\/v2\/media\/2785"}],"wp:attachment":[{"href":"https:\/\/rafaramirez.org\/blog\/index.php\/wp-json\/wp\/v2\/media?parent=2784"}],"wp:term":[{"taxonomy":"category","embeddable":true,"href":"https:\/\/rafaramirez.org\/blog\/index.php\/wp-json\/wp\/v2\/categories?post=2784"},{"taxonomy":"post_tag","embeddable":true,"href":"https:\/\/rafaramirez.org\/blog\/index.php\/wp-json\/wp\/v2\/tags?post=2784"}],"curies":[{"name":"wp","href":"https:\/\/api.w.org\/{rel}","templated":true}]}}