{"id":2759,"date":"2021-06-18T13:06:08","date_gmt":"2021-06-18T11:06:08","guid":{"rendered":"https:\/\/blog.rafaramirez.org\/?p=2759"},"modified":"2024-03-13T10:49:22","modified_gmt":"2024-03-13T09:49:22","slug":"silvio-rodriguez-conversatorio-en-el-instituto-superior-de-arte","status":"publish","type":"post","link":"https:\/\/rafaramirez.org\/blog\/index.php\/2021\/06\/18\/silvio-rodriguez-conversatorio-en-el-instituto-superior-de-arte\/","title":{"rendered":"Silvio Rodr\u00edguez &#8211; Conversatorio en el Instituto Superior de Arte"},"content":{"rendered":"<p>Muy interesante para profundizar en la vida de \u00e9ste cantautor es la entrevista-coloquio que se organiz\u00f3 en el Instituto Superior de Arte de Cuba.<\/p>\n<p><iframe loading=\"lazy\" title=\"YouTube video player\" src=\"https:\/\/www.youtube.com\/embed\/GD0wOwtzEsw\" width=\"560\" height=\"315\" frameborder=\"0\" allowfullscreen=\"allowfullscreen\"><\/iframe><\/p>\n","protected":false},"excerpt":{"rendered":"<p>Muy interesante para profundizar en la vida de \u00e9ste cantautor es la entrevista-coloquio que se organiz\u00f3 en el Instituto Superior de Arte de Cuba.<\/p>\n","protected":false},"author":1,"featured_media":2763,"comment_status":"open","ping_status":"closed","sticky":false,"template":"","format":"standard","meta":{"site-container-style":"default","site-container-layout":"default","site-sidebar-layout":"default","disable-article-header":"default","disable-site-header":"default","disable-site-footer":"default","disable-content-area-spacing":"default","_jetpack_newsletter_access":"","_jetpack_dont_email_post_to_subs":false,"_jetpack_newsletter_tier_id":0,"_jetpack_memberships_contains_paywalled_content":false,"_jetpack_feature_clip_id":0,"_jetpack_memberships_contains_paid_content":false,"footnotes":"","jetpack_publicize_message":"","jetpack_publicize_feature_enabled":true,"jetpack_social_post_already_shared":false,"jetpack_social_options":{"image_generator_settings":{"template":"highway","default_image_id":0,"font":"","enabled":false},"version":2},"jetpack_post_was_ever_published":false},"categories":[709],"tags":[125,683,682,309,325,447],"class_list":["post-2759","post","type-post","status-publish","format-standard","has-post-thumbnail","hentry","category-musica","tag-cuba","tag-entrevista-a-silvio","tag-instituto-superior-de-arte","tag-musica","tag-noticias-culturales","tag-silvio-rodriguez"],"yoast_head":"<!-- This site is optimized with the Yoast SEO plugin v28.3 - https:\/\/yoast.com\/product\/yoast-seo-wordpress\/ -->\n<title>Silvio Rodr\u00edguez - Conversatorio en el Instituto Superior de Arte - Blog de Rafael Ram\u00edrez<\/title>\n<meta name=\"robots\" content=\"index, follow, max-snippet:-1, max-image-preview:large, max-video-preview:-1\" \/>\n<link rel=\"canonical\" href=\"https:\/\/rafaramirez.org\/blog\/index.php\/2021\/06\/18\/silvio-rodriguez-conversatorio-en-el-instituto-superior-de-arte\/\" \/>\n<meta property=\"og:locale\" content=\"es_ES\" \/>\n<meta property=\"og:type\" content=\"article\" \/>\n<meta property=\"og:title\" content=\"Silvio Rodr\u00edguez - Conversatorio en el Instituto Superior de Arte - Blog de Rafael Ram\u00edrez\" \/>\n<meta property=\"og:description\" content=\"Muy interesante para profundizar en la vida de \u00e9ste cantautor es la entrevista-coloquio que se organiz\u00f3 en el Instituto Superior de Arte de Cuba.\" \/>\n<meta property=\"og:url\" content=\"https:\/\/rafaramirez.org\/blog\/index.php\/2021\/06\/18\/silvio-rodriguez-conversatorio-en-el-instituto-superior-de-arte\/\" \/>\n<meta property=\"og:site_name\" content=\"Blog de Rafael Ram\u00edrez\" \/>\n<meta property=\"article:published_time\" content=\"2021-06-18T11:06:08+00:00\" \/>\n<meta property=\"article:modified_time\" content=\"2024-03-13T09:49:22+00:00\" \/>\n<meta property=\"og:image\" content=\"https:\/\/rafaramirez.org\/blog\/wp-content\/uploads\/2021\/06\/Silvio_Rodriguez_-_Playa_Giron.jpg\" \/>\n\t<meta property=\"og:image:width\" content=\"800\" \/>\n\t<meta property=\"og:image:height\" content=\"530\" \/>\n\t<meta property=\"og:image:type\" content=\"image\/jpeg\" \/>\n<meta name=\"author\" content=\"Rafael Ram\u00edrez\" \/>\n<meta name=\"twitter:card\" content=\"summary_large_image\" \/>\n<meta name=\"twitter:creator\" content=\"@rafaramirez_ok\" \/>\n<meta name=\"twitter:site\" content=\"@rafaramirez_ok\" \/>\n<meta name=\"twitter:label1\" content=\"Escrito por\" \/>\n\t<meta name=\"twitter:data1\" content=\"Rafael Ram\u00edrez\" \/>\n<script type=\"application\/ld+json\" class=\"yoast-schema-graph\">{\"@context\":\"https:\\\/\\\/schema.org\",\"@graph\":[{\"@type\":\"Article\",\"@id\":\"https:\\\/\\\/rafaramirez.org\\\/blog\\\/index.php\\\/2021\\\/06\\\/18\\\/silvio-rodriguez-conversatorio-en-el-instituto-superior-de-arte\\\/#article\",\"isPartOf\":{\"@id\":\"https:\\\/\\\/rafaramirez.org\\\/blog\\\/index.php\\\/2021\\\/06\\\/18\\\/silvio-rodriguez-conversatorio-en-el-instituto-superior-de-arte\\\/\"},\"author\":{\"name\":\"Rafael Ram\u00edrez\",\"@id\":\"https:\\\/\\\/rafaramirez.org\\\/blog\\\/#\\\/schema\\\/person\\\/50f43b6d60c578760d4c17bda54ab6a5\"},\"headline\":\"Silvio Rodr\u00edguez &#8211; Conversatorio en el Instituto Superior de Arte\",\"datePublished\":\"2021-06-18T11:06:08+00:00\",\"dateModified\":\"2024-03-13T09:49:22+00:00\",\"mainEntityOfPage\":{\"@id\":\"https:\\\/\\\/rafaramirez.org\\\/blog\\\/index.php\\\/2021\\\/06\\\/18\\\/silvio-rodriguez-conversatorio-en-el-instituto-superior-de-arte\\\/\"},\"wordCount\":35,\"commentCount\":0,\"publisher\":{\"@id\":\"https:\\\/\\\/rafaramirez.org\\\/blog\\\/#\\\/schema\\\/person\\\/50f43b6d60c578760d4c17bda54ab6a5\"},\"image\":{\"@id\":\"https:\\\/\\\/rafaramirez.org\\\/blog\\\/index.php\\\/2021\\\/06\\\/18\\\/silvio-rodriguez-conversatorio-en-el-instituto-superior-de-arte\\\/#primaryimage\"},\"thumbnailUrl\":\"https:\\\/\\\/rafaramirez.org\\\/blog\\\/wp-content\\\/uploads\\\/2021\\\/06\\\/Silvio_Rodriguez_-_Playa_Giron.jpg\",\"keywords\":[\"Cuba\",\"entrevista a silvio\",\"Instituto Superior de Arte\",\"M\u00fasica\",\"noticias culturales\",\"silvio rodr\u00edguez\"],\"articleSection\":[\"M\u00fasica\"],\"inLanguage\":\"es\",\"potentialAction\":[{\"@type\":\"CommentAction\",\"name\":\"Comment\",\"target\":[\"https:\\\/\\\/rafaramirez.org\\\/blog\\\/index.php\\\/2021\\\/06\\\/18\\\/silvio-rodriguez-conversatorio-en-el-instituto-superior-de-arte\\\/#respond\"]}]},{\"@type\":\"WebPage\",\"@id\":\"https:\\\/\\\/rafaramirez.org\\\/blog\\\/index.php\\\/2021\\\/06\\\/18\\\/silvio-rodriguez-conversatorio-en-el-instituto-superior-de-arte\\\/\",\"url\":\"https:\\\/\\\/rafaramirez.org\\\/blog\\\/index.php\\\/2021\\\/06\\\/18\\\/silvio-rodriguez-conversatorio-en-el-instituto-superior-de-arte\\\/\",\"name\":\"Silvio Rodr\u00edguez - Conversatorio en el Instituto Superior de Arte - Blog de Rafael Ram\u00edrez\",\"isPartOf\":{\"@id\":\"https:\\\/\\\/rafaramirez.org\\\/blog\\\/#website\"},\"primaryImageOfPage\":{\"@id\":\"https:\\\/\\\/rafaramirez.org\\\/blog\\\/index.php\\\/2021\\\/06\\\/18\\\/silvio-rodriguez-conversatorio-en-el-instituto-superior-de-arte\\\/#primaryimage\"},\"image\":{\"@id\":\"https:\\\/\\\/rafaramirez.org\\\/blog\\\/index.php\\\/2021\\\/06\\\/18\\\/silvio-rodriguez-conversatorio-en-el-instituto-superior-de-arte\\\/#primaryimage\"},\"thumbnailUrl\":\"https:\\\/\\\/rafaramirez.org\\\/blog\\\/wp-content\\\/uploads\\\/2021\\\/06\\\/Silvio_Rodriguez_-_Playa_Giron.jpg\",\"datePublished\":\"2021-06-18T11:06:08+00:00\",\"dateModified\":\"2024-03-13T09:49:22+00:00\",\"breadcrumb\":{\"@id\":\"https:\\\/\\\/rafaramirez.org\\\/blog\\\/index.php\\\/2021\\\/06\\\/18\\\/silvio-rodriguez-conversatorio-en-el-instituto-superior-de-arte\\\/#breadcrumb\"},\"inLanguage\":\"es\",\"potentialAction\":[{\"@type\":\"ReadAction\",\"target\":[\"https:\\\/\\\/rafaramirez.org\\\/blog\\\/index.php\\\/2021\\\/06\\\/18\\\/silvio-rodriguez-conversatorio-en-el-instituto-superior-de-arte\\\/\"]}]},{\"@type\":\"ImageObject\",\"inLanguage\":\"es\",\"@id\":\"https:\\\/\\\/rafaramirez.org\\\/blog\\\/index.php\\\/2021\\\/06\\\/18\\\/silvio-rodriguez-conversatorio-en-el-instituto-superior-de-arte\\\/#primaryimage\",\"url\":\"https:\\\/\\\/rafaramirez.org\\\/blog\\\/wp-content\\\/uploads\\\/2021\\\/06\\\/Silvio_Rodriguez_-_Playa_Giron.jpg\",\"contentUrl\":\"https:\\\/\\\/rafaramirez.org\\\/blog\\\/wp-content\\\/uploads\\\/2021\\\/06\\\/Silvio_Rodriguez_-_Playa_Giron.jpg\",\"width\":800,\"height\":530,\"caption\":\"Silvio Rodr\u00edguez\"},{\"@type\":\"BreadcrumbList\",\"@id\":\"https:\\\/\\\/rafaramirez.org\\\/blog\\\/index.php\\\/2021\\\/06\\\/18\\\/silvio-rodriguez-conversatorio-en-el-instituto-superior-de-arte\\\/#breadcrumb\",\"itemListElement\":[{\"@type\":\"ListItem\",\"position\":1,\"name\":\"Portada\",\"item\":\"https:\\\/\\\/rafaramirez.org\\\/blog\\\/\"},{\"@type\":\"ListItem\",\"position\":2,\"name\":\"Silvio Rodr\u00edguez &#8211; Conversatorio en el Instituto Superior de Arte\"}]},{\"@type\":\"WebSite\",\"@id\":\"https:\\\/\\\/rafaramirez.org\\\/blog\\\/#website\",\"url\":\"https:\\\/\\\/rafaramirez.org\\\/blog\\\/\",\"name\":\"Blog de Rafael Ram\u00edrez\",\"description\":\"Un sitio social, de arte y cultura\",\"publisher\":{\"@id\":\"https:\\\/\\\/rafaramirez.org\\\/blog\\\/#\\\/schema\\\/person\\\/50f43b6d60c578760d4c17bda54ab6a5\"},\"potentialAction\":[{\"@type\":\"SearchAction\",\"target\":{\"@type\":\"EntryPoint\",\"urlTemplate\":\"https:\\\/\\\/rafaramirez.org\\\/blog\\\/?s={search_term_string}\"},\"query-input\":{\"@type\":\"PropertyValueSpecification\",\"valueRequired\":true,\"valueName\":\"search_term_string\"}}],\"inLanguage\":\"es\"},{\"@type\":[\"Person\",\"Organization\"],\"@id\":\"https:\\\/\\\/rafaramirez.org\\\/blog\\\/#\\\/schema\\\/person\\\/50f43b6d60c578760d4c17bda54ab6a5\",\"name\":\"Rafael Ram\u00edrez\",\"image\":{\"@type\":\"ImageObject\",\"inLanguage\":\"es\",\"@id\":\"https:\\\/\\\/rafaramirez.org\\\/blog\\\/wp-content\\\/uploads\\\/2024\\\/09\\\/RR_socialnetwork.jpg\",\"url\":\"https:\\\/\\\/rafaramirez.org\\\/blog\\\/wp-content\\\/uploads\\\/2024\\\/09\\\/RR_socialnetwork.jpg\",\"contentUrl\":\"https:\\\/\\\/rafaramirez.org\\\/blog\\\/wp-content\\\/uploads\\\/2024\\\/09\\\/RR_socialnetwork.jpg\",\"width\":600,\"height\":606,\"caption\":\"Rafael Ram\u00edrez\"},\"logo\":{\"@id\":\"https:\\\/\\\/rafaramirez.org\\\/blog\\\/wp-content\\\/uploads\\\/2024\\\/09\\\/RR_socialnetwork.jpg\"},\"sameAs\":[\"https:\\\/\\\/www.rafaramirez.org\\\/blog\",\"https:\\\/\\\/www.instagram.com\\\/rafaramirez_ok\\\/\",\"https:\\\/\\\/es.pinterest.com\\\/Ramirez_Rafa\\\/\",\"https:\\\/\\\/x.com\\\/rafaramirez_ok\"],\"url\":\"https:\\\/\\\/rafaramirez.org\\\/blog\\\/index.php\\\/author\\\/rafaell_qm6j97da\\\/\"}]}<\/script>\n<!-- \/ Yoast SEO plugin. -->","yoast_head_json":{"title":"Silvio Rodr\u00edguez - Conversatorio en el Instituto Superior de Arte - Blog de Rafael Ram\u00edrez","robots":{"index":"index","follow":"follow","max-snippet":"max-snippet:-1","max-image-preview":"max-image-preview:large","max-video-preview":"max-video-preview:-1"},"canonical":"https:\/\/rafaramirez.org\/blog\/index.php\/2021\/06\/18\/silvio-rodriguez-conversatorio-en-el-instituto-superior-de-arte\/","og_locale":"es_ES","og_type":"article","og_title":"Silvio Rodr\u00edguez - Conversatorio en el Instituto Superior de Arte - Blog de Rafael Ram\u00edrez","og_description":"Muy interesante para profundizar en la vida de \u00e9ste cantautor es la entrevista-coloquio que se organiz\u00f3 en el Instituto Superior de Arte de Cuba.","og_url":"https:\/\/rafaramirez.org\/blog\/index.php\/2021\/06\/18\/silvio-rodriguez-conversatorio-en-el-instituto-superior-de-arte\/","og_site_name":"Blog de Rafael Ram\u00edrez","article_published_time":"2021-06-18T11:06:08+00:00","article_modified_time":"2024-03-13T09:49:22+00:00","og_image":[{"width":800,"height":530,"url":"https:\/\/rafaramirez.org\/blog\/wp-content\/uploads\/2021\/06\/Silvio_Rodriguez_-_Playa_Giron.jpg","type":"image\/jpeg"}],"author":"Rafael Ram\u00edrez","twitter_card":"summary_large_image","twitter_creator":"@rafaramirez_ok","twitter_site":"@rafaramirez_ok","twitter_misc":{"Escrito por":"Rafael Ram\u00edrez"},"schema":{"@context":"https:\/\/schema.org","@graph":[{"@type":"Article","@id":"https:\/\/rafaramirez.org\/blog\/index.php\/2021\/06\/18\/silvio-rodriguez-conversatorio-en-el-instituto-superior-de-arte\/#article","isPartOf":{"@id":"https:\/\/rafaramirez.org\/blog\/index.php\/2021\/06\/18\/silvio-rodriguez-conversatorio-en-el-instituto-superior-de-arte\/"},"author":{"name":"Rafael Ram\u00edrez","@id":"https:\/\/rafaramirez.org\/blog\/#\/schema\/person\/50f43b6d60c578760d4c17bda54ab6a5"},"headline":"Silvio Rodr\u00edguez &#8211; Conversatorio en el Instituto Superior de Arte","datePublished":"2021-06-18T11:06:08+00:00","dateModified":"2024-03-13T09:49:22+00:00","mainEntityOfPage":{"@id":"https:\/\/rafaramirez.org\/blog\/index.php\/2021\/06\/18\/silvio-rodriguez-conversatorio-en-el-instituto-superior-de-arte\/"},"wordCount":35,"commentCount":0,"publisher":{"@id":"https:\/\/rafaramirez.org\/blog\/#\/schema\/person\/50f43b6d60c578760d4c17bda54ab6a5"},"image":{"@id":"https:\/\/rafaramirez.org\/blog\/index.php\/2021\/06\/18\/silvio-rodriguez-conversatorio-en-el-instituto-superior-de-arte\/#primaryimage"},"thumbnailUrl":"https:\/\/rafaramirez.org\/blog\/wp-content\/uploads\/2021\/06\/Silvio_Rodriguez_-_Playa_Giron.jpg","keywords":["Cuba","entrevista a silvio","Instituto Superior de Arte","M\u00fasica","noticias culturales","silvio rodr\u00edguez"],"articleSection":["M\u00fasica"],"inLanguage":"es","potentialAction":[{"@type":"CommentAction","name":"Comment","target":["https:\/\/rafaramirez.org\/blog\/index.php\/2021\/06\/18\/silvio-rodriguez-conversatorio-en-el-instituto-superior-de-arte\/#respond"]}]},{"@type":"WebPage","@id":"https:\/\/rafaramirez.org\/blog\/index.php\/2021\/06\/18\/silvio-rodriguez-conversatorio-en-el-instituto-superior-de-arte\/","url":"https:\/\/rafaramirez.org\/blog\/index.php\/2021\/06\/18\/silvio-rodriguez-conversatorio-en-el-instituto-superior-de-arte\/","name":"Silvio Rodr\u00edguez - Conversatorio en el Instituto Superior de Arte - Blog de Rafael Ram\u00edrez","isPartOf":{"@id":"https:\/\/rafaramirez.org\/blog\/#website"},"primaryImageOfPage":{"@id":"https:\/\/rafaramirez.org\/blog\/index.php\/2021\/06\/18\/silvio-rodriguez-conversatorio-en-el-instituto-superior-de-arte\/#primaryimage"},"image":{"@id":"https:\/\/rafaramirez.org\/blog\/index.php\/2021\/06\/18\/silvio-rodriguez-conversatorio-en-el-instituto-superior-de-arte\/#primaryimage"},"thumbnailUrl":"https:\/\/rafaramirez.org\/blog\/wp-content\/uploads\/2021\/06\/Silvio_Rodriguez_-_Playa_Giron.jpg","datePublished":"2021-06-18T11:06:08+00:00","dateModified":"2024-03-13T09:49:22+00:00","breadcrumb":{"@id":"https:\/\/rafaramirez.org\/blog\/index.php\/2021\/06\/18\/silvio-rodriguez-conversatorio-en-el-instituto-superior-de-arte\/#breadcrumb"},"inLanguage":"es","potentialAction":[{"@type":"ReadAction","target":["https:\/\/rafaramirez.org\/blog\/index.php\/2021\/06\/18\/silvio-rodriguez-conversatorio-en-el-instituto-superior-de-arte\/"]}]},{"@type":"ImageObject","inLanguage":"es","@id":"https:\/\/rafaramirez.org\/blog\/index.php\/2021\/06\/18\/silvio-rodriguez-conversatorio-en-el-instituto-superior-de-arte\/#primaryimage","url":"https:\/\/rafaramirez.org\/blog\/wp-content\/uploads\/2021\/06\/Silvio_Rodriguez_-_Playa_Giron.jpg","contentUrl":"https:\/\/rafaramirez.org\/blog\/wp-content\/uploads\/2021\/06\/Silvio_Rodriguez_-_Playa_Giron.jpg","width":800,"height":530,"caption":"Silvio Rodr\u00edguez"},{"@type":"BreadcrumbList","@id":"https:\/\/rafaramirez.org\/blog\/index.php\/2021\/06\/18\/silvio-rodriguez-conversatorio-en-el-instituto-superior-de-arte\/#breadcrumb","itemListElement":[{"@type":"ListItem","position":1,"name":"Portada","item":"https:\/\/rafaramirez.org\/blog\/"},{"@type":"ListItem","position":2,"name":"Silvio Rodr\u00edguez &#8211; Conversatorio en el Instituto Superior de Arte"}]},{"@type":"WebSite","@id":"https:\/\/rafaramirez.org\/blog\/#website","url":"https:\/\/rafaramirez.org\/blog\/","name":"Blog de Rafael Ram\u00edrez","description":"Un sitio social, de arte y cultura","publisher":{"@id":"https:\/\/rafaramirez.org\/blog\/#\/schema\/person\/50f43b6d60c578760d4c17bda54ab6a5"},"potentialAction":[{"@type":"SearchAction","target":{"@type":"EntryPoint","urlTemplate":"https:\/\/rafaramirez.org\/blog\/?s={search_term_string}"},"query-input":{"@type":"PropertyValueSpecification","valueRequired":true,"valueName":"search_term_string"}}],"inLanguage":"es"},{"@type":["Person","Organization"],"@id":"https:\/\/rafaramirez.org\/blog\/#\/schema\/person\/50f43b6d60c578760d4c17bda54ab6a5","name":"Rafael Ram\u00edrez","image":{"@type":"ImageObject","inLanguage":"es","@id":"https:\/\/rafaramirez.org\/blog\/wp-content\/uploads\/2024\/09\/RR_socialnetwork.jpg","url":"https:\/\/rafaramirez.org\/blog\/wp-content\/uploads\/2024\/09\/RR_socialnetwork.jpg","contentUrl":"https:\/\/rafaramirez.org\/blog\/wp-content\/uploads\/2024\/09\/RR_socialnetwork.jpg","width":600,"height":606,"caption":"Rafael Ram\u00edrez"},"logo":{"@id":"https:\/\/rafaramirez.org\/blog\/wp-content\/uploads\/2024\/09\/RR_socialnetwork.jpg"},"sameAs":["https:\/\/www.rafaramirez.org\/blog","https:\/\/www.instagram.com\/rafaramirez_ok\/","https:\/\/es.pinterest.com\/Ramirez_Rafa\/","https:\/\/x.com\/rafaramirez_ok"],"url":"https:\/\/rafaramirez.org\/blog\/index.php\/author\/rafaell_qm6j97da\/"}]}},"jetpack_publicize_connections":[],"jetpack_sharing_enabled":true,"jetpack_likes_enabled":true,"jetpack_featured_media_url":"https:\/\/rafaramirez.org\/blog\/wp-content\/uploads\/2021\/06\/Silvio_Rodriguez_-_Playa_Giron.jpg","_links":{"self":[{"href":"https:\/\/rafaramirez.org\/blog\/index.php\/wp-json\/wp\/v2\/posts\/2759","targetHints":{"allow":["GET"]}}],"collection":[{"href":"https:\/\/rafaramirez.org\/blog\/index.php\/wp-json\/wp\/v2\/posts"}],"about":[{"href":"https:\/\/rafaramirez.org\/blog\/index.php\/wp-json\/wp\/v2\/types\/post"}],"author":[{"embeddable":true,"href":"https:\/\/rafaramirez.org\/blog\/index.php\/wp-json\/wp\/v2\/users\/1"}],"replies":[{"embeddable":true,"href":"https:\/\/rafaramirez.org\/blog\/index.php\/wp-json\/wp\/v2\/comments?post=2759"}],"version-history":[{"count":1,"href":"https:\/\/rafaramirez.org\/blog\/index.php\/wp-json\/wp\/v2\/posts\/2759\/revisions"}],"predecessor-version":[{"id":2764,"href":"https:\/\/rafaramirez.org\/blog\/index.php\/wp-json\/wp\/v2\/posts\/2759\/revisions\/2764"}],"wp:featuredmedia":[{"embeddable":true,"href":"https:\/\/rafaramirez.org\/blog\/index.php\/wp-json\/wp\/v2\/media\/2763"}],"wp:attachment":[{"href":"https:\/\/rafaramirez.org\/blog\/index.php\/wp-json\/wp\/v2\/media?parent=2759"}],"wp:term":[{"taxonomy":"category","embeddable":true,"href":"https:\/\/rafaramirez.org\/blog\/index.php\/wp-json\/wp\/v2\/categories?post=2759"},{"taxonomy":"post_tag","embeddable":true,"href":"https:\/\/rafaramirez.org\/blog\/index.php\/wp-json\/wp\/v2\/tags?post=2759"}],"curies":[{"name":"wp","href":"https:\/\/api.w.org\/{rel}","templated":true}]}}