{"id":275,"date":"2009-04-19T21:50:22","date_gmt":"2009-04-19T19:50:22","guid":{"rendered":"http:\/\/rafaelramirez.co.cc\/?p=275"},"modified":"2025-09-16T10:33:34","modified_gmt":"2025-09-16T08:33:34","slug":"un-genio-salvador-dali","status":"publish","type":"post","link":"https:\/\/rafaramirez.org\/blog\/index.php\/2009\/04\/19\/un-genio-salvador-dali\/","title":{"rendered":"Un genio Salvador Dal\u00ed"},"content":{"rendered":"<p><iframe loading=\"lazy\" src=\"https:\/\/www.youtube.com\/embed\/cX9xOFaIgqU\" width=\"560\" height=\"315\" frameborder=\"0\" allowfullscreen=\"allowfullscreen\"><\/iframe><\/p>\n<p>El maestro del <a href=\"https:\/\/rafaramirez.org\/blog\/index.php\/2025\/09\/16\/el-surrealismo-descifrado\/\" target=\"_blank\" rel=\"noopener\">Surrealismo<\/a>&#8230; un genio de la pintura.<\/p>\n<p>Existe amplia informaci\u00f3n sobre Dal\u00ed y museos permanentes en la web de la Fundaci\u00f3 Gala &#8211; Salvador Dal\u00ed en <a href=\"http:\/\/www.salvador-dali.org\" target=\"_blank\" rel=\"noopener noreferrer\">http:\/\/www.salvador-dali.org<\/a><\/p>\n<blockquote><p><strong>Salvador Dal\u00ed\u00a0&#8211;\u00a0Breve biograf\u00eda.<\/strong><\/p>\n<p class=\"biog\">(Figueres, Gerona, 1904 &#8211; P\u00fabol, 1989)<\/p>\n<p class=\"biog\">Pintor espa\u00f1ol.<\/p>\n<p class=\"biog\">Salvador Dal\u00ed naci\u00f3 en una madrugada de la primavera de 1904 en el seno de una familia burguesa, hijo de un notario bienpensante y de una sensible dama aficionada a los p\u00e1jaros. M\u00e1s tarde escribir\u00eda: \u00abA los tres a\u00f1os quer\u00eda ser cocinero. A los cinco quer\u00eda ser Napole\u00f3n. Mi ambici\u00f3n no ha hecho m\u00e1s que crecer y ahora es la de llegar a ser Salvador Dal\u00ed y nada m\u00e1s. Por otra parte, esto es muy dif\u00edcil, ya que, a medida que me acerco a Salvador Dal\u00ed, \u00e9l se aleja de m\u00ed\u00bb.<\/p>\n<p class=\"biog\">Puesto que la persecuci\u00f3n ser\u00eda incesante y el objetivo no habr\u00eda de alcanzarse nunca y, dado que en ning\u00fan recodo de su biograf\u00eda estaba previsto que hallara el equilibrio y la paz, decidi\u00f3 ser excesivo en todo, intrepretar numerosos personajes y sublimar su angustia en una pluralidad de delirios humor\u00edsticos y s\u00f3rdidos. Se defini\u00f3 a s\u00ed mismo como \u00abperverso polimorfo, rezagado y anarquizante\u00bb, \u00abblando, d\u00e9bil y repulsivo\u00bb, aunque para conquistar esta laboriosa imagen publicitaria antes hubo de salvar algunas pruebas inici\u00e1ticas, y si el juego favorito de su primera infancia era vestir el traje de rey, ya hacia sus diez a\u00f1os, cuando se pinta como <em>El ni\u00f1o enfermo<\/em>, explora las ventajas de aparentar una constituci\u00f3n fr\u00e1gil y nerviosa.<\/p>\n<figure id=\"attachment_277\" aria-describedby=\"caption-attachment-277\" style=\"width: 235px\" class=\"wp-caption aligncenter\"><a href=\"https:\/\/rafaramirez.org\/blog\/wp-content\/uploads\/2009\/04\/dali.jpg\" target=\"_blank\" rel=\"noopener noreferrer\"><img loading=\"lazy\" decoding=\"async\" class=\"size-medium wp-image-277 \" title=\"Autorretrato, circa 1921, Salvador Dal\u00ed\" src=\"https:\/\/rafaramirez.org\/blog\/wp-content\/uploads\/2009\/04\/dali-235x300.jpg\" alt=\"Autorretrato, circa 1921, Salvador Dal\u00ed\" width=\"235\" height=\"300\" \/><\/a><figcaption id=\"caption-attachment-277\" class=\"wp-caption-text\">Autorretrato, circa 1921, Salvador Dal\u00ed<\/figcaption><\/figure>\n<p class=\"biog\">Su precocidad es sorprendente: a los doce a\u00f1os descubre el estilo de los impresionistas franceses y se hace impresionista, a los catorce ya ha trabado conocimiento con el arte de Picasso y se ha hecho cubista y a los quince se ha convertido en editor de la revista <em>Studium,<\/em> donde dibuja brillantes pastiches para la secci\u00f3n titulada \u00abLos grandes maestros de la Pintura\u00bb.<\/p>\n<p class=\"biog\">En 1919 abandona su Catalu\u00f1a natal y se traslada a Madrid, ingresa en la Academia de Bellas Artes y se hace amigo del gran poeta granadino Federico Garc\u00eda Lorca y del futuro cineasta surrealista Luis Bu\u00f1uel, de quien sin embargo se distanciar\u00e1 irreversiblemente en 1930. En la capital adopta un extraordinario atuendo: lleva los cabellos largos, una corbata desproporcionadamente grande y una capa que arrastra hasta los pies. A veces luce una camisa azul cielo, adornada con gemelos de zafiro, se sujeta el pelo con una redecilla y lo lustra con barniz para \u00f3leo. Es dif\u00edcil que su presencia pase desapercibida.<\/p>\n<p class=\"biog\">En los revueltos y conflictivos meses de 1923 sufre un desafortunado contratiempo. En la Academia de Bellas Artes a la que est\u00e1 adscrito se producen manifestaciones en contra de un profesor, y antes de que d\u00e9 comienzo el discurso oficial y se desate la violenta pol\u00e9mica, Salvador abandona la sala. Las autoridades creen que con este gesto ha sido \u00e9l quien ha dado la se\u00f1al de ataque y rebeli\u00f3n y deciden expulsarlo durante un a\u00f1o. Despu\u00e9s, de nuevo en Figueras, los guardias vienen a detenerlo y pasa una temporada en la c\u00e1rcel.<\/p>\n<p class=\"biog\">A la salida de prisi\u00f3n recibir\u00e1 dos alegr\u00edas. La primera, una prensa para grabado que su padre le regala, y la segunda, la visita de su excelente compa\u00f1ero de la Residencia de Estudiantes de Madrid Federico Garc\u00eda Lorca, quien, en las calurosas noches del verano de Cadaqu\u00e9s, lee a toda la familia Dal\u00ed sus versos y dramas reci\u00e9n compuestos. Es all\u00ed, junto al Mediterr\u00e1neo, donde Garc\u00eda Lorca redacta la c\u00e9lebre \u00abOda a Salvador Dal\u00ed\u00bb, publicada unos a\u00f1os despu\u00e9s, en 1929, en la Revista de Occidente. Pronto ser\u00e1 tambi\u00e9n Luis Bu\u00f1uel quien llegue a Cadaqu\u00e9s para trabajar con su amigo Salvador en un gui\u00f3n cinematogr\u00e1fico absolutamente at\u00edpico y del que surgir\u00e1 una pel\u00edcula tan extra\u00f1a como es <em>El perro andaluz<\/em>.<\/p>\n<p class=\"biog\">En 1927 Dal\u00ed viaja por primera vez a Par\u00eds, pero es al a\u00f1o siguiente cuando se instala en la capital francesa y se une al grupo surrealista que lidera el poeta Andr\u00e9 Breton. Este \u00faltimo terminar\u00e1 expuls\u00e1ndolo del movimiento algunos a\u00f1os despu\u00e9s, en una memorable sesi\u00f3n de enjuiciamiento a la que Dal\u00ed compareci\u00f3 cubierto con una manta y con un term\u00f3metro en la boca, aparentando ficticiamente estar aquejado de fiebre y convirtiendo as\u00ed el opresivo juicio en una rid\u00edcula farsa.<\/p>\n<p class=\"biog\">La triple acusaci\u00f3n a la que tuvo entonces que enfrentarse Dal\u00ed fue: coquetear con los fascismos, hacer gala de un catolicismo delirante y sentir una pasi\u00f3n desmedida e irrefrenable por el dinero. A esto precisamente alude el c\u00e9lebre apodo anagram\u00e1tico con que fue motejado por Breton, <em>Avida dolars<\/em>, acusaci\u00f3n que lejos de desagradar al pintor le proporcionaba un secreto e ir\u00f3nico placer. De hecho, despu\u00e9s de conocer a la que ser\u00eda su musa y compa\u00f1era durante toda su vida, Gala, entonces todav\u00eda esposa de otro surrealista, el poeta Paul Eluard, Dal\u00ed declar\u00f3 rom\u00e1nticamente: \u00abAmo a Gala m\u00e1s que a mi madre, m\u00e1s que a mi padre, m\u00e1s que a Picasso y m\u00e1s, incluso, que al dinero.\u00bb<\/p>\n<p class=\"biog\">Salvador se enamor\u00f3 de Gala en el verano de 1929 y con ella goz\u00f3 por primera vez de las mieles del erotismo. Es la \u00e9poca en que pinta <em>Adecuaci\u00f3n del deseo<\/em>, <em>Placeres iluminados<\/em> y <em>El gran masturbador<\/em>, pintura esta \u00faltima que fue atacada y desgarrada por el fan\u00e1tico grupo puritano los Camelots du Roy. Mientras tiene lugar una exposici\u00f3n de sus obras en la Galer\u00eda Goemans de Par\u00eds, la joven y apasionada pareja se refugia y a\u00edsla en la Costa Azul, pasando los d\u00edas y las noches encerrados en una peque\u00f1a habitaci\u00f3n de un hotel con los postigos cerrados.<\/p>\n<p class=\"biog\">Enterado el padre de Salvador de la vida disoluta de su hijo por un art\u00edculo de Eugenio d&#8217;Ors aparecido en <em>La Gaceta Literaria<\/em>, rompe relaciones con su v\u00e1stago; pero ello no debi\u00f3 afectarlo demasiado, o quiz\u00e1s s\u00ed, puesto que es en esa \u00e9poca en que el artista realiza lo mejor de su obra, como el c\u00e9lebre cuadro <em>Persistencia de la memoria<\/em> (1931), donde blandos relojes cuelgan de la rama de un \u00e1rbol, del borde de un pedestal y sobre una misteriosa forma tendida en la vasta extensi\u00f3n de la playa.<\/p>\n<p class=\"biog\">En 1934 viaja con su ya inseparable Gala a Estados Unidos, donde desembarca y se presenta ante los periodistas con un enorme pan cocido por el cocinero del trasatl\u00e1ntico que les ha transportado. En sus err\u00e1ticas manifestaciones no duda en asociar el mito hitleriano con el tel\u00e9fono y a Lenin con el b\u00e9isbol. Son todas bromas absurdas que tratan de quitar hierro a una situaci\u00f3n pol\u00edtica amenazante. Dos a\u00f1os despu\u00e9s se desata la atroz guerra civil en Espa\u00f1a y una de las primeras muestras de la probidad de los militares insurrectos es el infame asesinato de su amigo Federico Garc\u00eda Lorca, crimen que conmocion\u00f3 a la opini\u00f3n p\u00fablica internacional. Dal\u00ed escribi\u00f3: \u00abLorca ten\u00eda personalidad para dar y vender, la suficiente para ser fusilado, antes que cualquier otro, por cualquier espa\u00f1ol.\u00bb<\/p>\n<p class=\"biog\">En 1938 conoce por fin, gracias al escritor vien\u00e9s Stefan Zweig, a Sigmund Freud, quien hab\u00eda sido el gran inspirador de la est\u00e9tica surrealista, de la que Dal\u00ed no se siente marginado pese a las bravatas de Breton, sino que por el contrario se considera el \u00fanico y m\u00e1s genuino exponente. El padre del psicon\u00e1lisis hab\u00eda dado p\u00e1bulo a la nueva indagaci\u00f3n del inconsciente con su libro <em>La interpretaci\u00f3n de los sue\u00f1os<\/em> (1900), pero nunca se hab\u00eda tomado demasiado en serio a sus j\u00f3venes admiradores de Par\u00eds.<\/p>\n<p class=\"biog\">No obstante, el 20 de julio de 1938, tras el encuentro, Freud anot\u00f3 en su diario: \u00abHasta entonces me sent\u00eda tentado de considerar a los surrealistas, que aparentemente me han elegido como santo patr\u00f3n, como locos integrales (digamos al 95%, como el alcohol puro). Aquel joven espa\u00f1ol, con sus espl\u00e9ndidos ojos de fan\u00e1tico e innegable dominio t\u00e9cnico, me movi\u00f3 a reconsiderar mi opini\u00f3n\u00bb. Por su parte, el artista realiz\u00f3 asombrosos y alucinantes retratos del \u00absanto patr\u00f3n\u00bb de los surrealistas.<\/p>\n<p class=\"biog\">Instalado otra vez en Nueva York en 1939, Dal\u00ed acepta un encargo para decorar unos escaparates comerciales. El tema que elige es el del D\u00eda y la Noche, el primero evocado por un maniqu\u00ed que se mete en una ba\u00f1era peluda y la segunda, por medio de brasas y pa\u00f1os negros extendidos, pero la direcci\u00f3n modifica el decorado sin consultar al autor. Dal\u00ed, iracundo, vuelca la ba\u00f1era de astrac\u00e1n llena de agua y la lanza contra los cristales del escaparate produciendo un gran estr\u00e9pito y un notable destrozo.<\/p>\n<p class=\"biog\">Pese a que la opini\u00f3n p\u00fablica norteamericana le aplaude el vigor con que ha sabido defender la propiedad intelectual, es juzgado por los tribunales y condenado a pagar los desperfectos. Tampoco consigue concluir su siguiente proyecto para decorar un pabell\u00f3n de la Feria Internacional de Nueva York, el cual deb\u00eda llevar el significativo t\u00edtulo de <em>Sue\u00f1o de Venus<\/em>.<\/p>\n<p class=\"biog\">A Espa\u00f1a regres\u00f3 en 1948, fijando su residencia de nuevo en Port-Lligat y hallando en el r\u00e9gimen del general Franco toda suerte de facilidades. El gobierno incluso declar\u00f3 aquel rinc\u00f3n catal\u00e1n que tanto fascinaba al pintor \u00abParaje pintoresco de inter\u00e9s nacional\u00bb. Para muchos historiadores del arte lo mejor de su obra ya hab\u00eda sido realizado y, sin embargo, a\u00fan le quedaban cuarenta a\u00f1os de caprichosa producci\u00f3n y de irreductible endiosamiento y exhibicionismo, con apariciones p\u00fablicas del estilo de la que protagoniz\u00f3 en diciembre de 1955, cuando se person\u00f3 en la Universidad de la Sorbona de Par\u00eds para dar una conferencia en un Rolls Royce repleto de coliflores. En vida del artista incluso se fund\u00f3 un Museo Dal\u00ed en Figueras; ese escenogr\u00e1fico, abigarrado y extra\u00f1o monumento a su proverbial egolatr\u00eda es uno de los museos m\u00e1s visitados de Espa\u00f1a.<\/p>\n<p class=\"biog\">Durante los a\u00f1os setenta, Dal\u00ed, que hab\u00eda declarado que la pintura era \u00abuna fotograf\u00eda hecha a mano\u00bb, fue el avalador del estilo hiperrealista internacional que, saliendo de su paleta, no result\u00f3 menos inquietante que su prolija indagaci\u00f3n anterior sobre el ilimitado y equ\u00edvoco universo on\u00edrico. Pero quien m\u00e1s y quien menos recuerda mejor que sus cuadros su repulsivo bigote engominado, y no falta quien afirme haberlo visto en el Liceo, el lujoso teatro de la \u00f3pera de Barcelona, elegantemente ataviado con frac y luciendo en el bolsillo de la pechera, a guisa de vistoso pa\u00f1uelo, una fl\u00e1ccida tortilla a la francesa.<\/p>\n<figure id=\"attachment_278\" aria-describedby=\"caption-attachment-278\" style=\"width: 227px\" class=\"wp-caption aligncenter\"><a href=\"https:\/\/rafaramirez.org\/blog\/wp-content\/uploads\/2009\/04\/salvador_dali.jpg\" target=\"_blank\" rel=\"noopener noreferrer\"><img loading=\"lazy\" decoding=\"async\" class=\"size-medium wp-image-278 \" title=\"Salvador Dal\u00ed\" src=\"https:\/\/rafaramirez.org\/blog\/wp-content\/uploads\/2009\/04\/salvador_dali-227x300.jpg\" alt=\"Salvador Dal\u00ed\" width=\"227\" height=\"300\" \/><\/a><figcaption id=\"caption-attachment-278\" class=\"wp-caption-text\">Salvador Dal\u00ed<\/figcaption><\/figure>\n<p class=\"biog\">En su testamento, el controvertido artista legaba gran parte de su patrimonio al Estado espa\u00f1ol, provocando de ese modo, incluso despu\u00e9s de su muerte, acaecida en 1989, tras una larga agon\u00eda, nuevas y enconadas pol\u00e9micas. El novelista Italo Calvino escribi\u00f3 que \u00abnada es m\u00e1s falsificable que el inconsciente\u00bb; acaso esta verdad parad\u00f3jica y antifreudiana sea la gran lecci\u00f3n del creador del m\u00e9todo paranoico-cr\u00edtico, de ese maestro del histrionismo y la propaganda, de ese pintor desaforado y perfeccionista, de ese eximio prestidigitador y extravagante ciudadano que fue Salvador Dal\u00ed. El chiflado prol\u00edfico del Ampurd\u00e1n, la llanura catalana barrida por el vertiginoso viento del norte que recoge las suaves olas del mar Mediterr\u00e1neo en una costa tortuosa y arriscada, descubri\u00f3 el arte de la mixtificaci\u00f3n y el simulacro, de la mentira, el disimulo y el disfraz antes incluso de aprender a manejar su l\u00e1piz con la exactitud disparatada y est\u00e9ril de los sue\u00f1os.<\/p>\n<p class=\"biog\">Su longeva existencia, tercamente consagrada a torturar la materia y los lienzos con los frutos m\u00e1s perversos de su feraz imaginaci\u00f3n, se mantuvo igualmente fiel a un paisaje deslumbrante de su infancia: Port-Lligat, una bah\u00eda abrazada de rocas donde el esp\u00edritu se remansa, ora para elevarse hacia los misterios m\u00e1s sublimes, ora para corromperse como las aguas quietas. M\u00edstico y narciso, Salvador Dal\u00ed, quiz\u00e1s uno de los mayores pintores del siglo XX, convirti\u00f3 la irresponsabilidad provocativa no en una \u00e9tica, pero s\u00ed en una est\u00e9tica, una l\u00fagubre est\u00e9tica donde lo bello ya no se concibe sin que contenga el inquietante fulgor de lo siniestro. Dal\u00ed exhibi\u00f3 de forma provocativa todas las circunstancias \u00edntimas de su vida y su pensamiento.<\/p>\n<\/blockquote>\n<p class=\"biog\">Fuente: Web <a href=\"http:\/\/www.biografiasyvidas.com\" target=\"_blank\" rel=\"noopener noreferrer\">www.biografiasyvidas.com<\/a><\/p>\n","protected":false},"excerpt":{"rendered":"<p>El maestro del Surrealismo&#8230; un genio de la pintura. Existe amplia informaci\u00f3n sobre Dal\u00ed y museos permanentes en la web de la Fundaci\u00f3 Gala &#8211; Salvador Dal\u00ed en http:\/\/www.salvador-dali.org Salvador Dal\u00ed\u00a0&#8211;\u00a0Breve biograf\u00eda. (Figueres, Gerona, 1904 &#8211; P\u00fabol, 1989) Pintor espa\u00f1ol. Salvador Dal\u00ed naci\u00f3 en una madrugada de la primavera de 1904 en el seno de [&hellip;]<\/p>\n","protected":false},"author":1,"featured_media":2725,"comment_status":"open","ping_status":"closed","sticky":false,"template":"","format":"standard","meta":{"site-container-style":"default","site-container-layout":"default","site-sidebar-layout":"default","disable-article-header":"default","disable-site-header":"default","disable-site-footer":"default","disable-content-area-spacing":"default","_jetpack_newsletter_access":"","_jetpack_dont_email_post_to_subs":true,"_jetpack_newsletter_tier_id":0,"_jetpack_memberships_contains_paywalled_content":false,"_jetpack_feature_clip_id":0,"_jetpack_memberships_contains_paid_content":false,"footnotes":"","jetpack_publicize_message":"","jetpack_publicize_feature_enabled":true,"jetpack_social_post_already_shared":true,"jetpack_social_options":{"image_generator_settings":{"template":"highway","default_image_id":0,"font":"","enabled":false},"version":2},"jetpack_post_was_ever_published":false},"categories":[1290],"tags":[133,139,325,335,371,464],"class_list":["post-275","post","type-post","status-publish","format-standard","has-post-thumbnail","hentry","category-historia-del-arte","tag-dali-biografia","tag-destacado","tag-noticias-culturales","tag-obras-importantes-de-salvador-dali","tag-pintura","tag-surrealismo"],"yoast_head":"<!-- This site is optimized with the Yoast SEO plugin v28.4 - https:\/\/yoast.com\/product\/yoast-seo-wordpress\/ -->\n<title>Un genio Salvador Dal\u00ed - Blog de Rafael Ram\u00edrez<\/title>\n<meta name=\"robots\" content=\"index, follow, max-snippet:-1, max-image-preview:large, max-video-preview:-1\" \/>\n<link rel=\"canonical\" href=\"https:\/\/rafaramirez.org\/blog\/index.php\/2009\/04\/19\/un-genio-salvador-dali\/\" \/>\n<meta property=\"og:locale\" content=\"es_ES\" \/>\n<meta property=\"og:type\" content=\"article\" \/>\n<meta property=\"og:title\" content=\"Un genio Salvador Dal\u00ed - Blog de Rafael Ram\u00edrez\" \/>\n<meta property=\"og:description\" content=\"El maestro del Surrealismo&#8230; un genio de la pintura. Existe amplia informaci\u00f3n sobre Dal\u00ed y museos permanentes en la web de la Fundaci\u00f3 Gala &#8211; Salvador Dal\u00ed en http:\/\/www.salvador-dali.org Salvador Dal\u00ed\u00a0&#8211;\u00a0Breve biograf\u00eda. (Figueres, Gerona, 1904 &#8211; P\u00fabol, 1989) Pintor espa\u00f1ol. Salvador Dal\u00ed naci\u00f3 en una madrugada de la primavera de 1904 en el seno de [&hellip;]\" \/>\n<meta property=\"og:url\" content=\"https:\/\/rafaramirez.org\/blog\/index.php\/2009\/04\/19\/un-genio-salvador-dali\/\" \/>\n<meta property=\"og:site_name\" content=\"Blog de Rafael Ram\u00edrez\" \/>\n<meta property=\"article:published_time\" content=\"2009-04-19T19:50:22+00:00\" \/>\n<meta property=\"article:modified_time\" content=\"2025-09-16T08:33:34+00:00\" \/>\n<meta property=\"og:image\" content=\"https:\/\/rafaramirez.org\/blog\/wp-content\/uploads\/2009\/04\/salvador_dali-1.jpg\" \/>\n\t<meta property=\"og:image:width\" content=\"650\" \/>\n\t<meta property=\"og:image:height\" content=\"450\" \/>\n\t<meta property=\"og:image:type\" content=\"image\/jpeg\" \/>\n<meta name=\"author\" content=\"Rafael Ram\u00edrez\" \/>\n<meta name=\"twitter:card\" content=\"summary_large_image\" \/>\n<meta name=\"twitter:creator\" content=\"@rafaramirez_ok\" \/>\n<meta name=\"twitter:site\" content=\"@rafaramirez_ok\" \/>\n<meta name=\"twitter:label1\" content=\"Escrito por\" \/>\n\t<meta name=\"twitter:data1\" content=\"Rafael Ram\u00edrez\" \/>\n\t<meta name=\"twitter:label2\" content=\"Tiempo de lectura\" \/>\n\t<meta name=\"twitter:data2\" content=\"1 minuto\" \/>\n<script type=\"application\/ld+json\" class=\"yoast-schema-graph\">{\"@context\":\"https:\\\/\\\/schema.org\",\"@graph\":[{\"@type\":\"Article\",\"@id\":\"https:\\\/\\\/rafaramirez.org\\\/blog\\\/index.php\\\/2009\\\/04\\\/19\\\/un-genio-salvador-dali\\\/#article\",\"isPartOf\":{\"@id\":\"https:\\\/\\\/rafaramirez.org\\\/blog\\\/index.php\\\/2009\\\/04\\\/19\\\/un-genio-salvador-dali\\\/\"},\"author\":{\"name\":\"Rafael Ram\u00edrez\",\"@id\":\"https:\\\/\\\/rafaramirez.org\\\/blog\\\/#\\\/schema\\\/person\\\/50f43b6d60c578760d4c17bda54ab6a5\"},\"headline\":\"Un genio Salvador Dal\u00ed\",\"datePublished\":\"2009-04-19T19:50:22+00:00\",\"dateModified\":\"2025-09-16T08:33:34+00:00\",\"mainEntityOfPage\":{\"@id\":\"https:\\\/\\\/rafaramirez.org\\\/blog\\\/index.php\\\/2009\\\/04\\\/19\\\/un-genio-salvador-dali\\\/\"},\"wordCount\":2170,\"commentCount\":0,\"publisher\":{\"@id\":\"https:\\\/\\\/rafaramirez.org\\\/blog\\\/#\\\/schema\\\/person\\\/50f43b6d60c578760d4c17bda54ab6a5\"},\"image\":{\"@id\":\"https:\\\/\\\/rafaramirez.org\\\/blog\\\/index.php\\\/2009\\\/04\\\/19\\\/un-genio-salvador-dali\\\/#primaryimage\"},\"thumbnailUrl\":\"https:\\\/\\\/rafaramirez.org\\\/blog\\\/wp-content\\\/uploads\\\/2009\\\/04\\\/salvador_dali-1.jpg\",\"keywords\":[\"Dali biografia\",\"destacado\",\"noticias culturales\",\"obras importantes de Salvador Dali\",\"pintura\",\"surrealismo\"],\"articleSection\":[\"Historia del arte\"],\"inLanguage\":\"es\",\"potentialAction\":[{\"@type\":\"CommentAction\",\"name\":\"Comment\",\"target\":[\"https:\\\/\\\/rafaramirez.org\\\/blog\\\/index.php\\\/2009\\\/04\\\/19\\\/un-genio-salvador-dali\\\/#respond\"]}]},{\"@type\":\"WebPage\",\"@id\":\"https:\\\/\\\/rafaramirez.org\\\/blog\\\/index.php\\\/2009\\\/04\\\/19\\\/un-genio-salvador-dali\\\/\",\"url\":\"https:\\\/\\\/rafaramirez.org\\\/blog\\\/index.php\\\/2009\\\/04\\\/19\\\/un-genio-salvador-dali\\\/\",\"name\":\"Un genio Salvador Dal\u00ed - Blog de Rafael Ram\u00edrez\",\"isPartOf\":{\"@id\":\"https:\\\/\\\/rafaramirez.org\\\/blog\\\/#website\"},\"primaryImageOfPage\":{\"@id\":\"https:\\\/\\\/rafaramirez.org\\\/blog\\\/index.php\\\/2009\\\/04\\\/19\\\/un-genio-salvador-dali\\\/#primaryimage\"},\"image\":{\"@id\":\"https:\\\/\\\/rafaramirez.org\\\/blog\\\/index.php\\\/2009\\\/04\\\/19\\\/un-genio-salvador-dali\\\/#primaryimage\"},\"thumbnailUrl\":\"https:\\\/\\\/rafaramirez.org\\\/blog\\\/wp-content\\\/uploads\\\/2009\\\/04\\\/salvador_dali-1.jpg\",\"datePublished\":\"2009-04-19T19:50:22+00:00\",\"dateModified\":\"2025-09-16T08:33:34+00:00\",\"breadcrumb\":{\"@id\":\"https:\\\/\\\/rafaramirez.org\\\/blog\\\/index.php\\\/2009\\\/04\\\/19\\\/un-genio-salvador-dali\\\/#breadcrumb\"},\"inLanguage\":\"es\",\"potentialAction\":[{\"@type\":\"ReadAction\",\"target\":[\"https:\\\/\\\/rafaramirez.org\\\/blog\\\/index.php\\\/2009\\\/04\\\/19\\\/un-genio-salvador-dali\\\/\"]}]},{\"@type\":\"ImageObject\",\"inLanguage\":\"es\",\"@id\":\"https:\\\/\\\/rafaramirez.org\\\/blog\\\/index.php\\\/2009\\\/04\\\/19\\\/un-genio-salvador-dali\\\/#primaryimage\",\"url\":\"https:\\\/\\\/rafaramirez.org\\\/blog\\\/wp-content\\\/uploads\\\/2009\\\/04\\\/salvador_dali-1.jpg\",\"contentUrl\":\"https:\\\/\\\/rafaramirez.org\\\/blog\\\/wp-content\\\/uploads\\\/2009\\\/04\\\/salvador_dali-1.jpg\",\"width\":650,\"height\":450},{\"@type\":\"BreadcrumbList\",\"@id\":\"https:\\\/\\\/rafaramirez.org\\\/blog\\\/index.php\\\/2009\\\/04\\\/19\\\/un-genio-salvador-dali\\\/#breadcrumb\",\"itemListElement\":[{\"@type\":\"ListItem\",\"position\":1,\"name\":\"Portada\",\"item\":\"https:\\\/\\\/rafaramirez.org\\\/blog\\\/\"},{\"@type\":\"ListItem\",\"position\":2,\"name\":\"Un genio Salvador Dal\u00ed\"}]},{\"@type\":\"WebSite\",\"@id\":\"https:\\\/\\\/rafaramirez.org\\\/blog\\\/#website\",\"url\":\"https:\\\/\\\/rafaramirez.org\\\/blog\\\/\",\"name\":\"Blog de Rafael Ram\u00edrez\",\"description\":\"Un sitio social, de arte y cultura\",\"publisher\":{\"@id\":\"https:\\\/\\\/rafaramirez.org\\\/blog\\\/#\\\/schema\\\/person\\\/50f43b6d60c578760d4c17bda54ab6a5\"},\"potentialAction\":[{\"@type\":\"SearchAction\",\"target\":{\"@type\":\"EntryPoint\",\"urlTemplate\":\"https:\\\/\\\/rafaramirez.org\\\/blog\\\/?s={search_term_string}\"},\"query-input\":{\"@type\":\"PropertyValueSpecification\",\"valueRequired\":true,\"valueName\":\"search_term_string\"}}],\"inLanguage\":\"es\"},{\"@type\":[\"Person\",\"Organization\"],\"@id\":\"https:\\\/\\\/rafaramirez.org\\\/blog\\\/#\\\/schema\\\/person\\\/50f43b6d60c578760d4c17bda54ab6a5\",\"name\":\"Rafael Ram\u00edrez\",\"image\":{\"@type\":\"ImageObject\",\"inLanguage\":\"es\",\"@id\":\"https:\\\/\\\/rafaramirez.org\\\/blog\\\/wp-content\\\/uploads\\\/2024\\\/09\\\/RR_socialnetwork.jpg\",\"url\":\"https:\\\/\\\/rafaramirez.org\\\/blog\\\/wp-content\\\/uploads\\\/2024\\\/09\\\/RR_socialnetwork.jpg\",\"contentUrl\":\"https:\\\/\\\/rafaramirez.org\\\/blog\\\/wp-content\\\/uploads\\\/2024\\\/09\\\/RR_socialnetwork.jpg\",\"width\":600,\"height\":606,\"caption\":\"Rafael Ram\u00edrez\"},\"logo\":{\"@id\":\"https:\\\/\\\/rafaramirez.org\\\/blog\\\/wp-content\\\/uploads\\\/2024\\\/09\\\/RR_socialnetwork.jpg\"},\"sameAs\":[\"https:\\\/\\\/www.rafaramirez.org\\\/blog\",\"https:\\\/\\\/www.instagram.com\\\/rafaramirez_ok\\\/\",\"https:\\\/\\\/es.pinterest.com\\\/Ramirez_Rafa\\\/\",\"https:\\\/\\\/x.com\\\/rafaramirez_ok\"],\"url\":\"https:\\\/\\\/rafaramirez.org\\\/blog\\\/index.php\\\/author\\\/rafaell_qm6j97da\\\/\"}]}<\/script>\n<!-- \/ Yoast SEO plugin. -->","yoast_head_json":{"title":"Un genio Salvador Dal\u00ed - Blog de Rafael Ram\u00edrez","robots":{"index":"index","follow":"follow","max-snippet":"max-snippet:-1","max-image-preview":"max-image-preview:large","max-video-preview":"max-video-preview:-1"},"canonical":"https:\/\/rafaramirez.org\/blog\/index.php\/2009\/04\/19\/un-genio-salvador-dali\/","og_locale":"es_ES","og_type":"article","og_title":"Un genio Salvador Dal\u00ed - Blog de Rafael Ram\u00edrez","og_description":"El maestro del Surrealismo&#8230; un genio de la pintura. Existe amplia informaci\u00f3n sobre Dal\u00ed y museos permanentes en la web de la Fundaci\u00f3 Gala &#8211; Salvador Dal\u00ed en http:\/\/www.salvador-dali.org Salvador Dal\u00ed\u00a0&#8211;\u00a0Breve biograf\u00eda. (Figueres, Gerona, 1904 &#8211; P\u00fabol, 1989) Pintor espa\u00f1ol. Salvador Dal\u00ed naci\u00f3 en una madrugada de la primavera de 1904 en el seno de [&hellip;]","og_url":"https:\/\/rafaramirez.org\/blog\/index.php\/2009\/04\/19\/un-genio-salvador-dali\/","og_site_name":"Blog de Rafael Ram\u00edrez","article_published_time":"2009-04-19T19:50:22+00:00","article_modified_time":"2025-09-16T08:33:34+00:00","og_image":[{"width":650,"height":450,"url":"https:\/\/rafaramirez.org\/blog\/wp-content\/uploads\/2009\/04\/salvador_dali-1.jpg","type":"image\/jpeg"}],"author":"Rafael Ram\u00edrez","twitter_card":"summary_large_image","twitter_creator":"@rafaramirez_ok","twitter_site":"@rafaramirez_ok","twitter_misc":{"Escrito por":"Rafael Ram\u00edrez","Tiempo de lectura":"1 minuto"},"schema":{"@context":"https:\/\/schema.org","@graph":[{"@type":"Article","@id":"https:\/\/rafaramirez.org\/blog\/index.php\/2009\/04\/19\/un-genio-salvador-dali\/#article","isPartOf":{"@id":"https:\/\/rafaramirez.org\/blog\/index.php\/2009\/04\/19\/un-genio-salvador-dali\/"},"author":{"name":"Rafael Ram\u00edrez","@id":"https:\/\/rafaramirez.org\/blog\/#\/schema\/person\/50f43b6d60c578760d4c17bda54ab6a5"},"headline":"Un genio Salvador Dal\u00ed","datePublished":"2009-04-19T19:50:22+00:00","dateModified":"2025-09-16T08:33:34+00:00","mainEntityOfPage":{"@id":"https:\/\/rafaramirez.org\/blog\/index.php\/2009\/04\/19\/un-genio-salvador-dali\/"},"wordCount":2170,"commentCount":0,"publisher":{"@id":"https:\/\/rafaramirez.org\/blog\/#\/schema\/person\/50f43b6d60c578760d4c17bda54ab6a5"},"image":{"@id":"https:\/\/rafaramirez.org\/blog\/index.php\/2009\/04\/19\/un-genio-salvador-dali\/#primaryimage"},"thumbnailUrl":"https:\/\/rafaramirez.org\/blog\/wp-content\/uploads\/2009\/04\/salvador_dali-1.jpg","keywords":["Dali biografia","destacado","noticias culturales","obras importantes de Salvador Dali","pintura","surrealismo"],"articleSection":["Historia del arte"],"inLanguage":"es","potentialAction":[{"@type":"CommentAction","name":"Comment","target":["https:\/\/rafaramirez.org\/blog\/index.php\/2009\/04\/19\/un-genio-salvador-dali\/#respond"]}]},{"@type":"WebPage","@id":"https:\/\/rafaramirez.org\/blog\/index.php\/2009\/04\/19\/un-genio-salvador-dali\/","url":"https:\/\/rafaramirez.org\/blog\/index.php\/2009\/04\/19\/un-genio-salvador-dali\/","name":"Un genio Salvador Dal\u00ed - Blog de Rafael Ram\u00edrez","isPartOf":{"@id":"https:\/\/rafaramirez.org\/blog\/#website"},"primaryImageOfPage":{"@id":"https:\/\/rafaramirez.org\/blog\/index.php\/2009\/04\/19\/un-genio-salvador-dali\/#primaryimage"},"image":{"@id":"https:\/\/rafaramirez.org\/blog\/index.php\/2009\/04\/19\/un-genio-salvador-dali\/#primaryimage"},"thumbnailUrl":"https:\/\/rafaramirez.org\/blog\/wp-content\/uploads\/2009\/04\/salvador_dali-1.jpg","datePublished":"2009-04-19T19:50:22+00:00","dateModified":"2025-09-16T08:33:34+00:00","breadcrumb":{"@id":"https:\/\/rafaramirez.org\/blog\/index.php\/2009\/04\/19\/un-genio-salvador-dali\/#breadcrumb"},"inLanguage":"es","potentialAction":[{"@type":"ReadAction","target":["https:\/\/rafaramirez.org\/blog\/index.php\/2009\/04\/19\/un-genio-salvador-dali\/"]}]},{"@type":"ImageObject","inLanguage":"es","@id":"https:\/\/rafaramirez.org\/blog\/index.php\/2009\/04\/19\/un-genio-salvador-dali\/#primaryimage","url":"https:\/\/rafaramirez.org\/blog\/wp-content\/uploads\/2009\/04\/salvador_dali-1.jpg","contentUrl":"https:\/\/rafaramirez.org\/blog\/wp-content\/uploads\/2009\/04\/salvador_dali-1.jpg","width":650,"height":450},{"@type":"BreadcrumbList","@id":"https:\/\/rafaramirez.org\/blog\/index.php\/2009\/04\/19\/un-genio-salvador-dali\/#breadcrumb","itemListElement":[{"@type":"ListItem","position":1,"name":"Portada","item":"https:\/\/rafaramirez.org\/blog\/"},{"@type":"ListItem","position":2,"name":"Un genio Salvador Dal\u00ed"}]},{"@type":"WebSite","@id":"https:\/\/rafaramirez.org\/blog\/#website","url":"https:\/\/rafaramirez.org\/blog\/","name":"Blog de Rafael Ram\u00edrez","description":"Un sitio social, de arte y cultura","publisher":{"@id":"https:\/\/rafaramirez.org\/blog\/#\/schema\/person\/50f43b6d60c578760d4c17bda54ab6a5"},"potentialAction":[{"@type":"SearchAction","target":{"@type":"EntryPoint","urlTemplate":"https:\/\/rafaramirez.org\/blog\/?s={search_term_string}"},"query-input":{"@type":"PropertyValueSpecification","valueRequired":true,"valueName":"search_term_string"}}],"inLanguage":"es"},{"@type":["Person","Organization"],"@id":"https:\/\/rafaramirez.org\/blog\/#\/schema\/person\/50f43b6d60c578760d4c17bda54ab6a5","name":"Rafael Ram\u00edrez","image":{"@type":"ImageObject","inLanguage":"es","@id":"https:\/\/rafaramirez.org\/blog\/wp-content\/uploads\/2024\/09\/RR_socialnetwork.jpg","url":"https:\/\/rafaramirez.org\/blog\/wp-content\/uploads\/2024\/09\/RR_socialnetwork.jpg","contentUrl":"https:\/\/rafaramirez.org\/blog\/wp-content\/uploads\/2024\/09\/RR_socialnetwork.jpg","width":600,"height":606,"caption":"Rafael Ram\u00edrez"},"logo":{"@id":"https:\/\/rafaramirez.org\/blog\/wp-content\/uploads\/2024\/09\/RR_socialnetwork.jpg"},"sameAs":["https:\/\/www.rafaramirez.org\/blog","https:\/\/www.instagram.com\/rafaramirez_ok\/","https:\/\/es.pinterest.com\/Ramirez_Rafa\/","https:\/\/x.com\/rafaramirez_ok"],"url":"https:\/\/rafaramirez.org\/blog\/index.php\/author\/rafaell_qm6j97da\/"}]}},"jetpack_publicize_connections":[],"jetpack_sharing_enabled":true,"jetpack_likes_enabled":true,"jetpack_featured_media_url":"https:\/\/rafaramirez.org\/blog\/wp-content\/uploads\/2009\/04\/salvador_dali-1.jpg","_links":{"self":[{"href":"https:\/\/rafaramirez.org\/blog\/index.php\/wp-json\/wp\/v2\/posts\/275","targetHints":{"allow":["GET"]}}],"collection":[{"href":"https:\/\/rafaramirez.org\/blog\/index.php\/wp-json\/wp\/v2\/posts"}],"about":[{"href":"https:\/\/rafaramirez.org\/blog\/index.php\/wp-json\/wp\/v2\/types\/post"}],"author":[{"embeddable":true,"href":"https:\/\/rafaramirez.org\/blog\/index.php\/wp-json\/wp\/v2\/users\/1"}],"replies":[{"embeddable":true,"href":"https:\/\/rafaramirez.org\/blog\/index.php\/wp-json\/wp\/v2\/comments?post=275"}],"version-history":[{"count":3,"href":"https:\/\/rafaramirez.org\/blog\/index.php\/wp-json\/wp\/v2\/posts\/275\/revisions"}],"predecessor-version":[{"id":10515,"href":"https:\/\/rafaramirez.org\/blog\/index.php\/wp-json\/wp\/v2\/posts\/275\/revisions\/10515"}],"wp:featuredmedia":[{"embeddable":true,"href":"https:\/\/rafaramirez.org\/blog\/index.php\/wp-json\/wp\/v2\/media\/2725"}],"wp:attachment":[{"href":"https:\/\/rafaramirez.org\/blog\/index.php\/wp-json\/wp\/v2\/media?parent=275"}],"wp:term":[{"taxonomy":"category","embeddable":true,"href":"https:\/\/rafaramirez.org\/blog\/index.php\/wp-json\/wp\/v2\/categories?post=275"},{"taxonomy":"post_tag","embeddable":true,"href":"https:\/\/rafaramirez.org\/blog\/index.php\/wp-json\/wp\/v2\/tags?post=275"}],"curies":[{"name":"wp","href":"https:\/\/api.w.org\/{rel}","templated":true}]}}