{"id":271,"date":"2014-07-07T13:04:28","date_gmt":"2014-07-07T11:04:28","guid":{"rendered":"http:\/\/blog.rafaramirez.org\/?p=271"},"modified":"2024-04-17T10:39:45","modified_gmt":"2024-04-17T08:39:45","slug":"los-violencia-y-las-maras-detonan-el-exodo-masivo-de-menores-a-eeuu","status":"publish","type":"post","link":"https:\/\/rafaramirez.org\/blog\/index.php\/2014\/07\/07\/los-violencia-y-las-maras-detonan-el-exodo-masivo-de-menores-a-eeuu\/","title":{"rendered":"La violencia y las maras detonan el \u00e9xodo masivo de menores a EEUU"},"content":{"rendered":"<p><strong>El hostigamiento de las bandas criminales, unas tasas de criminalidad descontroladas y la pobreza son las principales causas de la migraci\u00f3n.<\/strong><\/p>\n<p>El Salvador, Guatemala y Honduras est\u00e1n en el ojo del hurac\u00e1n. La ola de menores migrantes que por miles intentan llegar a Estados Unidos han puesto en un brete a la Administraci\u00f3n de <a href=\"http:\/\/internacional.elpais.com\/tag\/barack_obama\/a\/\" target=\"_blank\" rel=\"noopener noreferrer\"><u><span style=\"color: #0066cc;\">Barack Obama<\/span><\/u><\/a>, pero tambi\u00e9n <a href=\"http:\/\/internacional.elpais.com\/internacional\/2014\/06\/19\/actualidad\/1403203060_738022.html\" target=\"_blank\" rel=\"noopener noreferrer\"><u><span style=\"color: #0066cc;\">han destapado la demoledora situaci\u00f3n de los citados pa\u00edses centroamericanos.<\/span><\/u><\/a> Anclados en la pobreza, el fen\u00f3meno de la violencia, especialmente fustigado por el l\u00e1tigo de las maras, ha actuado como detonante de este \u00e9xodo masivo. Para algunos especialistas se trata de un caso de desplazamiento forzoso por los altos niveles delictivos y la presi\u00f3n de las organizaciones criminales. A ello se suma el intento de conseguir el reagrupamiento familiar. Los casos de Guatemala y <a href=\"http:\/\/elpais.com\/tag\/el_salvador\/a\/\" target=\"_blank\" rel=\"noopener noreferrer\"><u><span style=\"color: #0066cc;\">El Salvador<\/span><\/u><\/a> ilustran la gravedad de esta violencia. En este \u00faltimo pa\u00eds las peticiones de asilo por violencia, ya superan a las de refugiado por conflicto b\u00e9lico de la \u00e9poca de las guerras civiles. Y en <a href=\"http:\/\/elpais.com\/tag\/guatemala\/a\/\" target=\"_blank\" rel=\"noopener noreferrer\"><u><span style=\"color: #0066cc;\">Guatemala<\/span><\/u><\/a>, el \u00edndice de homicidios ha aumentado un 70% en un a\u00f1o.<\/p>\n<p style=\"text-align: center;\"><a href=\"http:\/\/internacional.elpais.com\/internacional\/2014\/07\/07\/actualidad\/1404692571_991930.html\"><img decoding=\"async\" src=\"https:\/\/rafaramirez.org\/blog\/wp-content\/uploads\/2014\/07\/1404692571_991930_1404694142_noticia_normal.jpg\" alt=\"\" \/><\/a><\/p>\n<p><a href=\"http:\/\/internacional.elpais.com\/internacional\/2014\/07\/07\/actualidad\/1404692571_991930.html\" target=\"_blank\" rel=\"noopener noreferrer\">Los violencia y las maras detonan el \u00e9xodo masivo de menores a EEUU | Internacional | EL PA\u00cdS<\/a>.<\/p>\n","protected":false},"excerpt":{"rendered":"<p>El hostigamiento de las bandas criminales, unas tasas de criminalidad descontroladas y la pobreza son las principales causas de la migraci\u00f3n. El Salvador, Guatemala y Honduras est\u00e1n en el ojo del hurac\u00e1n. La ola de menores migrantes que por miles intentan llegar a Estados Unidos han puesto en un brete a la Administraci\u00f3n de Barack [&hellip;]<\/p>\n","protected":false},"author":1,"featured_media":2500,"comment_status":"open","ping_status":"closed","sticky":false,"template":"","format":"standard","meta":{"site-container-style":"default","site-container-layout":"default","site-sidebar-layout":"default","disable-article-header":"default","disable-site-header":"default","disable-site-footer":"default","disable-content-area-spacing":"default","_jetpack_newsletter_access":"","_jetpack_dont_email_post_to_subs":false,"_jetpack_newsletter_tier_id":0,"_jetpack_memberships_contains_paywalled_content":false,"_jetpack_feature_clip_id":0,"_jetpack_memberships_contains_paid_content":false,"footnotes":"","jetpack_publicize_message":"","jetpack_publicize_feature_enabled":true,"jetpack_social_post_already_shared":true,"jetpack_social_options":{"image_generator_settings":{"template":"highway","default_image_id":0,"font":"","enabled":false},"version":2},"jetpack_post_was_ever_published":false},"categories":[15],"tags":[59,120,139,168,180,283,330,482,494,510],"class_list":["post-271","post","type-post","status-publish","format-standard","has-post-thumbnail","hentry","category-noticias-sociales","tag-bandas","tag-criminales","tag-destacado","tag-estados-unidos","tag-exodo","tag-maras","tag-noticias-sociales","tag-trabajo-social","tag-usa","tag-violencia"],"yoast_head":"<!-- This site is optimized with the Yoast SEO plugin v28.4 - https:\/\/yoast.com\/product\/yoast-seo-wordpress\/ -->\n<title>La violencia y las maras detonan el \u00e9xodo masivo de menores a EEUU - Blog de Rafael Ram\u00edrez<\/title>\n<meta name=\"robots\" content=\"index, follow, max-snippet:-1, max-image-preview:large, max-video-preview:-1\" \/>\n<link rel=\"canonical\" href=\"https:\/\/rafaramirez.org\/blog\/index.php\/2014\/07\/07\/los-violencia-y-las-maras-detonan-el-exodo-masivo-de-menores-a-eeuu\/\" \/>\n<meta property=\"og:locale\" content=\"es_ES\" \/>\n<meta property=\"og:type\" content=\"article\" \/>\n<meta property=\"og:title\" content=\"La violencia y las maras detonan el \u00e9xodo masivo de menores a EEUU - Blog de Rafael Ram\u00edrez\" \/>\n<meta property=\"og:description\" content=\"El hostigamiento de las bandas criminales, unas tasas de criminalidad descontroladas y la pobreza son las principales causas de la migraci\u00f3n. El Salvador, Guatemala y Honduras est\u00e1n en el ojo del hurac\u00e1n. La ola de menores migrantes que por miles intentan llegar a Estados Unidos han puesto en un brete a la Administraci\u00f3n de Barack [&hellip;]\" \/>\n<meta property=\"og:url\" content=\"https:\/\/rafaramirez.org\/blog\/index.php\/2014\/07\/07\/los-violencia-y-las-maras-detonan-el-exodo-masivo-de-menores-a-eeuu\/\" \/>\n<meta property=\"og:site_name\" content=\"Blog de Rafael Ram\u00edrez\" \/>\n<meta property=\"article:published_time\" content=\"2014-07-07T11:04:28+00:00\" \/>\n<meta property=\"article:modified_time\" content=\"2024-04-17T08:39:45+00:00\" \/>\n<meta property=\"og:image\" content=\"https:\/\/rafaramirez.org\/blog\/wp-content\/uploads\/2014\/07\/central-america.jpg\" \/>\n\t<meta property=\"og:image:width\" content=\"600\" \/>\n\t<meta property=\"og:image:height\" content=\"488\" \/>\n\t<meta property=\"og:image:type\" content=\"image\/jpeg\" \/>\n<meta name=\"author\" content=\"Rafael Ram\u00edrez\" \/>\n<meta name=\"twitter:card\" content=\"summary_large_image\" \/>\n<meta name=\"twitter:creator\" content=\"@rafaramirez_ok\" \/>\n<meta name=\"twitter:site\" content=\"@rafaramirez_ok\" \/>\n<meta name=\"twitter:label1\" content=\"Escrito por\" \/>\n\t<meta name=\"twitter:data1\" content=\"Rafael Ram\u00edrez\" \/>\n\t<meta name=\"twitter:label2\" content=\"Tiempo de lectura\" \/>\n\t<meta name=\"twitter:data2\" content=\"1 minuto\" \/>\n<script type=\"application\/ld+json\" class=\"yoast-schema-graph\">{\"@context\":\"https:\\\/\\\/schema.org\",\"@graph\":[{\"@type\":\"Article\",\"@id\":\"https:\\\/\\\/rafaramirez.org\\\/blog\\\/index.php\\\/2014\\\/07\\\/07\\\/los-violencia-y-las-maras-detonan-el-exodo-masivo-de-menores-a-eeuu\\\/#article\",\"isPartOf\":{\"@id\":\"https:\\\/\\\/rafaramirez.org\\\/blog\\\/index.php\\\/2014\\\/07\\\/07\\\/los-violencia-y-las-maras-detonan-el-exodo-masivo-de-menores-a-eeuu\\\/\"},\"author\":{\"name\":\"Rafael Ram\u00edrez\",\"@id\":\"https:\\\/\\\/rafaramirez.org\\\/blog\\\/#\\\/schema\\\/person\\\/50f43b6d60c578760d4c17bda54ab6a5\"},\"headline\":\"La violencia y las maras detonan el \u00e9xodo masivo de menores a EEUU\",\"datePublished\":\"2014-07-07T11:04:28+00:00\",\"dateModified\":\"2024-04-17T08:39:45+00:00\",\"mainEntityOfPage\":{\"@id\":\"https:\\\/\\\/rafaramirez.org\\\/blog\\\/index.php\\\/2014\\\/07\\\/07\\\/los-violencia-y-las-maras-detonan-el-exodo-masivo-de-menores-a-eeuu\\\/\"},\"wordCount\":222,\"commentCount\":0,\"publisher\":{\"@id\":\"https:\\\/\\\/rafaramirez.org\\\/blog\\\/#\\\/schema\\\/person\\\/50f43b6d60c578760d4c17bda54ab6a5\"},\"image\":{\"@id\":\"https:\\\/\\\/rafaramirez.org\\\/blog\\\/index.php\\\/2014\\\/07\\\/07\\\/los-violencia-y-las-maras-detonan-el-exodo-masivo-de-menores-a-eeuu\\\/#primaryimage\"},\"thumbnailUrl\":\"https:\\\/\\\/rafaramirez.org\\\/blog\\\/wp-content\\\/uploads\\\/2014\\\/07\\\/central-america.jpg\",\"keywords\":[\"bandas\",\"criminales\",\"destacado\",\"Estados Unidos\",\"\u00e9xodo\",\"maras\",\"noticias sociales\",\"trabajo social\",\"USA\",\"violencia\"],\"articleSection\":[\"Informe social\"],\"inLanguage\":\"es\",\"potentialAction\":[{\"@type\":\"CommentAction\",\"name\":\"Comment\",\"target\":[\"https:\\\/\\\/rafaramirez.org\\\/blog\\\/index.php\\\/2014\\\/07\\\/07\\\/los-violencia-y-las-maras-detonan-el-exodo-masivo-de-menores-a-eeuu\\\/#respond\"]}]},{\"@type\":\"WebPage\",\"@id\":\"https:\\\/\\\/rafaramirez.org\\\/blog\\\/index.php\\\/2014\\\/07\\\/07\\\/los-violencia-y-las-maras-detonan-el-exodo-masivo-de-menores-a-eeuu\\\/\",\"url\":\"https:\\\/\\\/rafaramirez.org\\\/blog\\\/index.php\\\/2014\\\/07\\\/07\\\/los-violencia-y-las-maras-detonan-el-exodo-masivo-de-menores-a-eeuu\\\/\",\"name\":\"La violencia y las maras detonan el \u00e9xodo masivo de menores a EEUU - Blog de Rafael Ram\u00edrez\",\"isPartOf\":{\"@id\":\"https:\\\/\\\/rafaramirez.org\\\/blog\\\/#website\"},\"primaryImageOfPage\":{\"@id\":\"https:\\\/\\\/rafaramirez.org\\\/blog\\\/index.php\\\/2014\\\/07\\\/07\\\/los-violencia-y-las-maras-detonan-el-exodo-masivo-de-menores-a-eeuu\\\/#primaryimage\"},\"image\":{\"@id\":\"https:\\\/\\\/rafaramirez.org\\\/blog\\\/index.php\\\/2014\\\/07\\\/07\\\/los-violencia-y-las-maras-detonan-el-exodo-masivo-de-menores-a-eeuu\\\/#primaryimage\"},\"thumbnailUrl\":\"https:\\\/\\\/rafaramirez.org\\\/blog\\\/wp-content\\\/uploads\\\/2014\\\/07\\\/central-america.jpg\",\"datePublished\":\"2014-07-07T11:04:28+00:00\",\"dateModified\":\"2024-04-17T08:39:45+00:00\",\"breadcrumb\":{\"@id\":\"https:\\\/\\\/rafaramirez.org\\\/blog\\\/index.php\\\/2014\\\/07\\\/07\\\/los-violencia-y-las-maras-detonan-el-exodo-masivo-de-menores-a-eeuu\\\/#breadcrumb\"},\"inLanguage\":\"es\",\"potentialAction\":[{\"@type\":\"ReadAction\",\"target\":[\"https:\\\/\\\/rafaramirez.org\\\/blog\\\/index.php\\\/2014\\\/07\\\/07\\\/los-violencia-y-las-maras-detonan-el-exodo-masivo-de-menores-a-eeuu\\\/\"]}]},{\"@type\":\"ImageObject\",\"inLanguage\":\"es\",\"@id\":\"https:\\\/\\\/rafaramirez.org\\\/blog\\\/index.php\\\/2014\\\/07\\\/07\\\/los-violencia-y-las-maras-detonan-el-exodo-masivo-de-menores-a-eeuu\\\/#primaryimage\",\"url\":\"https:\\\/\\\/rafaramirez.org\\\/blog\\\/wp-content\\\/uploads\\\/2014\\\/07\\\/central-america.jpg\",\"contentUrl\":\"https:\\\/\\\/rafaramirez.org\\\/blog\\\/wp-content\\\/uploads\\\/2014\\\/07\\\/central-america.jpg\",\"width\":600,\"height\":488},{\"@type\":\"BreadcrumbList\",\"@id\":\"https:\\\/\\\/rafaramirez.org\\\/blog\\\/index.php\\\/2014\\\/07\\\/07\\\/los-violencia-y-las-maras-detonan-el-exodo-masivo-de-menores-a-eeuu\\\/#breadcrumb\",\"itemListElement\":[{\"@type\":\"ListItem\",\"position\":1,\"name\":\"Portada\",\"item\":\"https:\\\/\\\/rafaramirez.org\\\/blog\\\/\"},{\"@type\":\"ListItem\",\"position\":2,\"name\":\"La violencia y las maras detonan el \u00e9xodo masivo de menores a EEUU\"}]},{\"@type\":\"WebSite\",\"@id\":\"https:\\\/\\\/rafaramirez.org\\\/blog\\\/#website\",\"url\":\"https:\\\/\\\/rafaramirez.org\\\/blog\\\/\",\"name\":\"Blog de Rafael Ram\u00edrez\",\"description\":\"Un sitio social, de arte y cultura\",\"publisher\":{\"@id\":\"https:\\\/\\\/rafaramirez.org\\\/blog\\\/#\\\/schema\\\/person\\\/50f43b6d60c578760d4c17bda54ab6a5\"},\"potentialAction\":[{\"@type\":\"SearchAction\",\"target\":{\"@type\":\"EntryPoint\",\"urlTemplate\":\"https:\\\/\\\/rafaramirez.org\\\/blog\\\/?s={search_term_string}\"},\"query-input\":{\"@type\":\"PropertyValueSpecification\",\"valueRequired\":true,\"valueName\":\"search_term_string\"}}],\"inLanguage\":\"es\"},{\"@type\":[\"Person\",\"Organization\"],\"@id\":\"https:\\\/\\\/rafaramirez.org\\\/blog\\\/#\\\/schema\\\/person\\\/50f43b6d60c578760d4c17bda54ab6a5\",\"name\":\"Rafael Ram\u00edrez\",\"image\":{\"@type\":\"ImageObject\",\"inLanguage\":\"es\",\"@id\":\"https:\\\/\\\/rafaramirez.org\\\/blog\\\/wp-content\\\/uploads\\\/2024\\\/09\\\/RR_socialnetwork.jpg\",\"url\":\"https:\\\/\\\/rafaramirez.org\\\/blog\\\/wp-content\\\/uploads\\\/2024\\\/09\\\/RR_socialnetwork.jpg\",\"contentUrl\":\"https:\\\/\\\/rafaramirez.org\\\/blog\\\/wp-content\\\/uploads\\\/2024\\\/09\\\/RR_socialnetwork.jpg\",\"width\":600,\"height\":606,\"caption\":\"Rafael Ram\u00edrez\"},\"logo\":{\"@id\":\"https:\\\/\\\/rafaramirez.org\\\/blog\\\/wp-content\\\/uploads\\\/2024\\\/09\\\/RR_socialnetwork.jpg\"},\"sameAs\":[\"https:\\\/\\\/www.rafaramirez.org\\\/blog\",\"https:\\\/\\\/www.instagram.com\\\/rafaramirez_ok\\\/\",\"https:\\\/\\\/es.pinterest.com\\\/Ramirez_Rafa\\\/\",\"https:\\\/\\\/x.com\\\/rafaramirez_ok\"],\"url\":\"https:\\\/\\\/rafaramirez.org\\\/blog\\\/index.php\\\/author\\\/rafaell_qm6j97da\\\/\"}]}<\/script>\n<!-- \/ Yoast SEO plugin. -->","yoast_head_json":{"title":"La violencia y las maras detonan el \u00e9xodo masivo de menores a EEUU - Blog de Rafael Ram\u00edrez","robots":{"index":"index","follow":"follow","max-snippet":"max-snippet:-1","max-image-preview":"max-image-preview:large","max-video-preview":"max-video-preview:-1"},"canonical":"https:\/\/rafaramirez.org\/blog\/index.php\/2014\/07\/07\/los-violencia-y-las-maras-detonan-el-exodo-masivo-de-menores-a-eeuu\/","og_locale":"es_ES","og_type":"article","og_title":"La violencia y las maras detonan el \u00e9xodo masivo de menores a EEUU - Blog de Rafael Ram\u00edrez","og_description":"El hostigamiento de las bandas criminales, unas tasas de criminalidad descontroladas y la pobreza son las principales causas de la migraci\u00f3n. El Salvador, Guatemala y Honduras est\u00e1n en el ojo del hurac\u00e1n. La ola de menores migrantes que por miles intentan llegar a Estados Unidos han puesto en un brete a la Administraci\u00f3n de Barack [&hellip;]","og_url":"https:\/\/rafaramirez.org\/blog\/index.php\/2014\/07\/07\/los-violencia-y-las-maras-detonan-el-exodo-masivo-de-menores-a-eeuu\/","og_site_name":"Blog de Rafael Ram\u00edrez","article_published_time":"2014-07-07T11:04:28+00:00","article_modified_time":"2024-04-17T08:39:45+00:00","og_image":[{"width":600,"height":488,"url":"https:\/\/rafaramirez.org\/blog\/wp-content\/uploads\/2014\/07\/central-america.jpg","type":"image\/jpeg"}],"author":"Rafael Ram\u00edrez","twitter_card":"summary_large_image","twitter_creator":"@rafaramirez_ok","twitter_site":"@rafaramirez_ok","twitter_misc":{"Escrito por":"Rafael Ram\u00edrez","Tiempo de lectura":"1 minuto"},"schema":{"@context":"https:\/\/schema.org","@graph":[{"@type":"Article","@id":"https:\/\/rafaramirez.org\/blog\/index.php\/2014\/07\/07\/los-violencia-y-las-maras-detonan-el-exodo-masivo-de-menores-a-eeuu\/#article","isPartOf":{"@id":"https:\/\/rafaramirez.org\/blog\/index.php\/2014\/07\/07\/los-violencia-y-las-maras-detonan-el-exodo-masivo-de-menores-a-eeuu\/"},"author":{"name":"Rafael Ram\u00edrez","@id":"https:\/\/rafaramirez.org\/blog\/#\/schema\/person\/50f43b6d60c578760d4c17bda54ab6a5"},"headline":"La violencia y las maras detonan el \u00e9xodo masivo de menores a EEUU","datePublished":"2014-07-07T11:04:28+00:00","dateModified":"2024-04-17T08:39:45+00:00","mainEntityOfPage":{"@id":"https:\/\/rafaramirez.org\/blog\/index.php\/2014\/07\/07\/los-violencia-y-las-maras-detonan-el-exodo-masivo-de-menores-a-eeuu\/"},"wordCount":222,"commentCount":0,"publisher":{"@id":"https:\/\/rafaramirez.org\/blog\/#\/schema\/person\/50f43b6d60c578760d4c17bda54ab6a5"},"image":{"@id":"https:\/\/rafaramirez.org\/blog\/index.php\/2014\/07\/07\/los-violencia-y-las-maras-detonan-el-exodo-masivo-de-menores-a-eeuu\/#primaryimage"},"thumbnailUrl":"https:\/\/rafaramirez.org\/blog\/wp-content\/uploads\/2014\/07\/central-america.jpg","keywords":["bandas","criminales","destacado","Estados Unidos","\u00e9xodo","maras","noticias sociales","trabajo social","USA","violencia"],"articleSection":["Informe social"],"inLanguage":"es","potentialAction":[{"@type":"CommentAction","name":"Comment","target":["https:\/\/rafaramirez.org\/blog\/index.php\/2014\/07\/07\/los-violencia-y-las-maras-detonan-el-exodo-masivo-de-menores-a-eeuu\/#respond"]}]},{"@type":"WebPage","@id":"https:\/\/rafaramirez.org\/blog\/index.php\/2014\/07\/07\/los-violencia-y-las-maras-detonan-el-exodo-masivo-de-menores-a-eeuu\/","url":"https:\/\/rafaramirez.org\/blog\/index.php\/2014\/07\/07\/los-violencia-y-las-maras-detonan-el-exodo-masivo-de-menores-a-eeuu\/","name":"La violencia y las maras detonan el \u00e9xodo masivo de menores a EEUU - Blog de Rafael Ram\u00edrez","isPartOf":{"@id":"https:\/\/rafaramirez.org\/blog\/#website"},"primaryImageOfPage":{"@id":"https:\/\/rafaramirez.org\/blog\/index.php\/2014\/07\/07\/los-violencia-y-las-maras-detonan-el-exodo-masivo-de-menores-a-eeuu\/#primaryimage"},"image":{"@id":"https:\/\/rafaramirez.org\/blog\/index.php\/2014\/07\/07\/los-violencia-y-las-maras-detonan-el-exodo-masivo-de-menores-a-eeuu\/#primaryimage"},"thumbnailUrl":"https:\/\/rafaramirez.org\/blog\/wp-content\/uploads\/2014\/07\/central-america.jpg","datePublished":"2014-07-07T11:04:28+00:00","dateModified":"2024-04-17T08:39:45+00:00","breadcrumb":{"@id":"https:\/\/rafaramirez.org\/blog\/index.php\/2014\/07\/07\/los-violencia-y-las-maras-detonan-el-exodo-masivo-de-menores-a-eeuu\/#breadcrumb"},"inLanguage":"es","potentialAction":[{"@type":"ReadAction","target":["https:\/\/rafaramirez.org\/blog\/index.php\/2014\/07\/07\/los-violencia-y-las-maras-detonan-el-exodo-masivo-de-menores-a-eeuu\/"]}]},{"@type":"ImageObject","inLanguage":"es","@id":"https:\/\/rafaramirez.org\/blog\/index.php\/2014\/07\/07\/los-violencia-y-las-maras-detonan-el-exodo-masivo-de-menores-a-eeuu\/#primaryimage","url":"https:\/\/rafaramirez.org\/blog\/wp-content\/uploads\/2014\/07\/central-america.jpg","contentUrl":"https:\/\/rafaramirez.org\/blog\/wp-content\/uploads\/2014\/07\/central-america.jpg","width":600,"height":488},{"@type":"BreadcrumbList","@id":"https:\/\/rafaramirez.org\/blog\/index.php\/2014\/07\/07\/los-violencia-y-las-maras-detonan-el-exodo-masivo-de-menores-a-eeuu\/#breadcrumb","itemListElement":[{"@type":"ListItem","position":1,"name":"Portada","item":"https:\/\/rafaramirez.org\/blog\/"},{"@type":"ListItem","position":2,"name":"La violencia y las maras detonan el \u00e9xodo masivo de menores a EEUU"}]},{"@type":"WebSite","@id":"https:\/\/rafaramirez.org\/blog\/#website","url":"https:\/\/rafaramirez.org\/blog\/","name":"Blog de Rafael Ram\u00edrez","description":"Un sitio social, de arte y cultura","publisher":{"@id":"https:\/\/rafaramirez.org\/blog\/#\/schema\/person\/50f43b6d60c578760d4c17bda54ab6a5"},"potentialAction":[{"@type":"SearchAction","target":{"@type":"EntryPoint","urlTemplate":"https:\/\/rafaramirez.org\/blog\/?s={search_term_string}"},"query-input":{"@type":"PropertyValueSpecification","valueRequired":true,"valueName":"search_term_string"}}],"inLanguage":"es"},{"@type":["Person","Organization"],"@id":"https:\/\/rafaramirez.org\/blog\/#\/schema\/person\/50f43b6d60c578760d4c17bda54ab6a5","name":"Rafael Ram\u00edrez","image":{"@type":"ImageObject","inLanguage":"es","@id":"https:\/\/rafaramirez.org\/blog\/wp-content\/uploads\/2024\/09\/RR_socialnetwork.jpg","url":"https:\/\/rafaramirez.org\/blog\/wp-content\/uploads\/2024\/09\/RR_socialnetwork.jpg","contentUrl":"https:\/\/rafaramirez.org\/blog\/wp-content\/uploads\/2024\/09\/RR_socialnetwork.jpg","width":600,"height":606,"caption":"Rafael Ram\u00edrez"},"logo":{"@id":"https:\/\/rafaramirez.org\/blog\/wp-content\/uploads\/2024\/09\/RR_socialnetwork.jpg"},"sameAs":["https:\/\/www.rafaramirez.org\/blog","https:\/\/www.instagram.com\/rafaramirez_ok\/","https:\/\/es.pinterest.com\/Ramirez_Rafa\/","https:\/\/x.com\/rafaramirez_ok"],"url":"https:\/\/rafaramirez.org\/blog\/index.php\/author\/rafaell_qm6j97da\/"}]}},"jetpack_publicize_connections":[],"jetpack_sharing_enabled":true,"jetpack_likes_enabled":true,"jetpack_featured_media_url":"https:\/\/rafaramirez.org\/blog\/wp-content\/uploads\/2014\/07\/central-america.jpg","_links":{"self":[{"href":"https:\/\/rafaramirez.org\/blog\/index.php\/wp-json\/wp\/v2\/posts\/271","targetHints":{"allow":["GET"]}}],"collection":[{"href":"https:\/\/rafaramirez.org\/blog\/index.php\/wp-json\/wp\/v2\/posts"}],"about":[{"href":"https:\/\/rafaramirez.org\/blog\/index.php\/wp-json\/wp\/v2\/types\/post"}],"author":[{"embeddable":true,"href":"https:\/\/rafaramirez.org\/blog\/index.php\/wp-json\/wp\/v2\/users\/1"}],"replies":[{"embeddable":true,"href":"https:\/\/rafaramirez.org\/blog\/index.php\/wp-json\/wp\/v2\/comments?post=271"}],"version-history":[{"count":1,"href":"https:\/\/rafaramirez.org\/blog\/index.php\/wp-json\/wp\/v2\/posts\/271\/revisions"}],"predecessor-version":[{"id":2501,"href":"https:\/\/rafaramirez.org\/blog\/index.php\/wp-json\/wp\/v2\/posts\/271\/revisions\/2501"}],"wp:featuredmedia":[{"embeddable":true,"href":"https:\/\/rafaramirez.org\/blog\/index.php\/wp-json\/wp\/v2\/media\/2500"}],"wp:attachment":[{"href":"https:\/\/rafaramirez.org\/blog\/index.php\/wp-json\/wp\/v2\/media?parent=271"}],"wp:term":[{"taxonomy":"category","embeddable":true,"href":"https:\/\/rafaramirez.org\/blog\/index.php\/wp-json\/wp\/v2\/categories?post=271"},{"taxonomy":"post_tag","embeddable":true,"href":"https:\/\/rafaramirez.org\/blog\/index.php\/wp-json\/wp\/v2\/tags?post=271"}],"curies":[{"name":"wp","href":"https:\/\/api.w.org\/{rel}","templated":true}]}}