{"id":252,"date":"2014-07-10T13:21:41","date_gmt":"2014-07-10T11:21:41","guid":{"rendered":"http:\/\/blog.rafaramirez.org\/?p=252"},"modified":"2024-07-02T19:47:57","modified_gmt":"2024-07-02T17:47:57","slug":"vangogh-para-colorear-y-pintar","status":"publish","type":"post","link":"https:\/\/rafaramirez.org\/blog\/index.php\/2014\/07\/10\/vangogh-para-colorear-y-pintar\/","title":{"rendered":"Van Gogh para colorear o pintar su \u00abNoche estrellada\u00bb."},"content":{"rendered":"<p>\u00c9ste es uno de los paisajes de Van Gogh que m\u00e1s me gustan. Se trata de su \u00abNoche estrellada\u00bb. \u00c1nimo, atr\u00e9vete a dar color a esta maravillosa obra. Puedes imprimirla.<\/p>\n<figure style=\"width: 645px\" class=\"wp-caption alignnone\"><a href=\"http:\/\/www.happyfamilyart.com\/wp-content\/uploads\/2015\/02\/vanGoghStarryNightmedium.jpg\" target=\"_blank\" rel=\"noopener noreferrer\"><img loading=\"lazy\" decoding=\"async\" src=\"http:\/\/www.happyfamilyart.com\/wp-content\/uploads\/2015\/02\/vanGoghStarryNightmedium.jpg\" width=\"645\" height=\"800\" \/><\/a><figcaption class=\"wp-caption-text\">Clic para ampliar imagen o bot\u00f3n derecho del rat\u00f3n para guardar imagen<\/figcaption><\/figure>\n<figure id=\"attachment_1602\" aria-describedby=\"caption-attachment-1602\" style=\"width: 474px\" class=\"wp-caption alignnone\"><a href=\"https:\/\/rafaramirez.org\/blog\/wp-content\/uploads\/2014\/07\/1280px-Van_Gogh_-_Starry_Night_-_Google_Art_Project.jpg\" target=\"_blank\" rel=\"noopener noreferrer\"><img loading=\"lazy\" decoding=\"async\" class=\"wp-image-1602 size-large\" src=\"https:\/\/rafaramirez.org\/blog\/wp-content\/uploads\/2014\/07\/1280px-Van_Gogh_-_Starry_Night_-_Google_Art_Project-1024x811.jpg\" width=\"474\" height=\"375\" \/><\/a><figcaption id=\"caption-attachment-1602\" class=\"wp-caption-text\">Clic para ampliar imagen<\/figcaption><\/figure>\n","protected":false},"excerpt":{"rendered":"<p>\u00c9ste es uno de los paisajes de Van Gogh que m\u00e1s me gustan. Se trata de su \u00abNoche estrellada\u00bb. \u00c1nimo, atr\u00e9vete a dar color a esta maravillosa obra. Puedes imprimirla.<\/p>\n","protected":false},"author":1,"featured_media":2481,"comment_status":"open","ping_status":"closed","sticky":false,"template":"","format":"standard","meta":{"site-container-style":"default","site-container-layout":"default","site-sidebar-layout":"default","disable-article-header":"default","disable-site-header":"default","disable-site-footer":"default","disable-content-area-spacing":"default","_jetpack_newsletter_access":"","_jetpack_dont_email_post_to_subs":false,"_jetpack_newsletter_tier_id":0,"_jetpack_memberships_contains_paywalled_content":false,"_jetpack_feature_clip_id":0,"_jetpack_memberships_contains_paid_content":false,"footnotes":"","jetpack_publicize_message":"","jetpack_publicize_feature_enabled":true,"jetpack_social_post_already_shared":true,"jetpack_social_options":{"image_generator_settings":{"template":"highway","default_image_id":0,"font":"","enabled":false},"version":2},"jetpack_post_was_ever_published":false},"categories":[1290],"tags":[69,123,139,280,579,349,580,508],"class_list":["post-252","post","type-post","status-publish","format-standard","has-post-thumbnail","hentry","category-historia-del-arte","tag-bocetos-de-pintura","tag-cuadros-famosos-para-pintar","tag-destacado","tag-manualidades","tag-noche-estrellada","tag-para-pintar","tag-starry-night","tag-vincent-van-gogh"],"yoast_head":"<!-- This site is optimized with the Yoast SEO plugin v28.4 - https:\/\/yoast.com\/product\/yoast-seo-wordpress\/ -->\n<title>Van Gogh para colorear o pintar su &quot;Noche estrellada&quot;. - Blog de Rafael Ram\u00edrez<\/title>\n<meta name=\"robots\" content=\"index, follow, max-snippet:-1, max-image-preview:large, max-video-preview:-1\" \/>\n<link rel=\"canonical\" href=\"https:\/\/rafaramirez.org\/blog\/index.php\/2014\/07\/10\/vangogh-para-colorear-y-pintar\/\" \/>\n<meta property=\"og:locale\" content=\"es_ES\" \/>\n<meta property=\"og:type\" content=\"article\" \/>\n<meta property=\"og:title\" content=\"Van Gogh para colorear o pintar su &quot;Noche estrellada&quot;. - Blog de Rafael Ram\u00edrez\" \/>\n<meta property=\"og:description\" content=\"\u00c9ste es uno de los paisajes de Van Gogh que m\u00e1s me gustan. Se trata de su \u00abNoche estrellada\u00bb. \u00c1nimo, atr\u00e9vete a dar color a esta maravillosa obra. Puedes imprimirla.\" \/>\n<meta property=\"og:url\" content=\"https:\/\/rafaramirez.org\/blog\/index.php\/2014\/07\/10\/vangogh-para-colorear-y-pintar\/\" \/>\n<meta property=\"og:site_name\" content=\"Blog de Rafael Ram\u00edrez\" \/>\n<meta property=\"article:published_time\" content=\"2014-07-10T11:21:41+00:00\" \/>\n<meta property=\"article:modified_time\" content=\"2024-07-02T17:47:57+00:00\" \/>\n<meta property=\"og:image\" content=\"https:\/\/rafaramirez.org\/blog\/wp-content\/uploads\/2014\/07\/1280px-Van_Gogh_-_Starry_Night_-_Google_Art_Project-672x372-1.jpg\" \/>\n\t<meta property=\"og:image:width\" content=\"672\" \/>\n\t<meta property=\"og:image:height\" content=\"372\" \/>\n\t<meta property=\"og:image:type\" content=\"image\/jpeg\" \/>\n<meta name=\"author\" content=\"Rafael Ram\u00edrez\" \/>\n<meta name=\"twitter:card\" content=\"summary_large_image\" \/>\n<meta name=\"twitter:creator\" content=\"@rafaramirez_ok\" \/>\n<meta name=\"twitter:site\" content=\"@rafaramirez_ok\" \/>\n<meta name=\"twitter:label1\" content=\"Escrito por\" \/>\n\t<meta name=\"twitter:data1\" content=\"Rafael Ram\u00edrez\" \/>\n<script type=\"application\/ld+json\" class=\"yoast-schema-graph\">{\"@context\":\"https:\\\/\\\/schema.org\",\"@graph\":[{\"@type\":\"Article\",\"@id\":\"https:\\\/\\\/rafaramirez.org\\\/blog\\\/index.php\\\/2014\\\/07\\\/10\\\/vangogh-para-colorear-y-pintar\\\/#article\",\"isPartOf\":{\"@id\":\"https:\\\/\\\/rafaramirez.org\\\/blog\\\/index.php\\\/2014\\\/07\\\/10\\\/vangogh-para-colorear-y-pintar\\\/\"},\"author\":{\"name\":\"Rafael Ram\u00edrez\",\"@id\":\"https:\\\/\\\/rafaramirez.org\\\/blog\\\/#\\\/schema\\\/person\\\/50f43b6d60c578760d4c17bda54ab6a5\"},\"headline\":\"Van Gogh para colorear o pintar su \u00abNoche estrellada\u00bb.\",\"datePublished\":\"2014-07-10T11:21:41+00:00\",\"dateModified\":\"2024-07-02T17:47:57+00:00\",\"mainEntityOfPage\":{\"@id\":\"https:\\\/\\\/rafaramirez.org\\\/blog\\\/index.php\\\/2014\\\/07\\\/10\\\/vangogh-para-colorear-y-pintar\\\/\"},\"wordCount\":72,\"commentCount\":0,\"publisher\":{\"@id\":\"https:\\\/\\\/rafaramirez.org\\\/blog\\\/#\\\/schema\\\/person\\\/50f43b6d60c578760d4c17bda54ab6a5\"},\"image\":{\"@id\":\"https:\\\/\\\/rafaramirez.org\\\/blog\\\/index.php\\\/2014\\\/07\\\/10\\\/vangogh-para-colorear-y-pintar\\\/#primaryimage\"},\"thumbnailUrl\":\"https:\\\/\\\/rafaramirez.org\\\/blog\\\/wp-content\\\/uploads\\\/2014\\\/07\\\/1280px-Van_Gogh_-_Starry_Night_-_Google_Art_Project-672x372-1.jpg\",\"keywords\":[\"bocetos de pintura\",\"cuadros famosos para pintar\",\"destacado\",\"manualidades\",\"Noche estrellada\",\"para pintar\",\"Starry Night\",\"Vincent Van Gogh\"],\"articleSection\":[\"Historia del arte\"],\"inLanguage\":\"es\",\"potentialAction\":[{\"@type\":\"CommentAction\",\"name\":\"Comment\",\"target\":[\"https:\\\/\\\/rafaramirez.org\\\/blog\\\/index.php\\\/2014\\\/07\\\/10\\\/vangogh-para-colorear-y-pintar\\\/#respond\"]}]},{\"@type\":\"WebPage\",\"@id\":\"https:\\\/\\\/rafaramirez.org\\\/blog\\\/index.php\\\/2014\\\/07\\\/10\\\/vangogh-para-colorear-y-pintar\\\/\",\"url\":\"https:\\\/\\\/rafaramirez.org\\\/blog\\\/index.php\\\/2014\\\/07\\\/10\\\/vangogh-para-colorear-y-pintar\\\/\",\"name\":\"Van Gogh para colorear o pintar su \\\"Noche estrellada\\\". - Blog de Rafael Ram\u00edrez\",\"isPartOf\":{\"@id\":\"https:\\\/\\\/rafaramirez.org\\\/blog\\\/#website\"},\"primaryImageOfPage\":{\"@id\":\"https:\\\/\\\/rafaramirez.org\\\/blog\\\/index.php\\\/2014\\\/07\\\/10\\\/vangogh-para-colorear-y-pintar\\\/#primaryimage\"},\"image\":{\"@id\":\"https:\\\/\\\/rafaramirez.org\\\/blog\\\/index.php\\\/2014\\\/07\\\/10\\\/vangogh-para-colorear-y-pintar\\\/#primaryimage\"},\"thumbnailUrl\":\"https:\\\/\\\/rafaramirez.org\\\/blog\\\/wp-content\\\/uploads\\\/2014\\\/07\\\/1280px-Van_Gogh_-_Starry_Night_-_Google_Art_Project-672x372-1.jpg\",\"datePublished\":\"2014-07-10T11:21:41+00:00\",\"dateModified\":\"2024-07-02T17:47:57+00:00\",\"breadcrumb\":{\"@id\":\"https:\\\/\\\/rafaramirez.org\\\/blog\\\/index.php\\\/2014\\\/07\\\/10\\\/vangogh-para-colorear-y-pintar\\\/#breadcrumb\"},\"inLanguage\":\"es\",\"potentialAction\":[{\"@type\":\"ReadAction\",\"target\":[\"https:\\\/\\\/rafaramirez.org\\\/blog\\\/index.php\\\/2014\\\/07\\\/10\\\/vangogh-para-colorear-y-pintar\\\/\"]}]},{\"@type\":\"ImageObject\",\"inLanguage\":\"es\",\"@id\":\"https:\\\/\\\/rafaramirez.org\\\/blog\\\/index.php\\\/2014\\\/07\\\/10\\\/vangogh-para-colorear-y-pintar\\\/#primaryimage\",\"url\":\"https:\\\/\\\/rafaramirez.org\\\/blog\\\/wp-content\\\/uploads\\\/2014\\\/07\\\/1280px-Van_Gogh_-_Starry_Night_-_Google_Art_Project-672x372-1.jpg\",\"contentUrl\":\"https:\\\/\\\/rafaramirez.org\\\/blog\\\/wp-content\\\/uploads\\\/2014\\\/07\\\/1280px-Van_Gogh_-_Starry_Night_-_Google_Art_Project-672x372-1.jpg\",\"width\":672,\"height\":372},{\"@type\":\"BreadcrumbList\",\"@id\":\"https:\\\/\\\/rafaramirez.org\\\/blog\\\/index.php\\\/2014\\\/07\\\/10\\\/vangogh-para-colorear-y-pintar\\\/#breadcrumb\",\"itemListElement\":[{\"@type\":\"ListItem\",\"position\":1,\"name\":\"Portada\",\"item\":\"https:\\\/\\\/rafaramirez.org\\\/blog\\\/\"},{\"@type\":\"ListItem\",\"position\":2,\"name\":\"Van Gogh para colorear o pintar su \u00abNoche estrellada\u00bb.\"}]},{\"@type\":\"WebSite\",\"@id\":\"https:\\\/\\\/rafaramirez.org\\\/blog\\\/#website\",\"url\":\"https:\\\/\\\/rafaramirez.org\\\/blog\\\/\",\"name\":\"Blog de Rafael Ram\u00edrez\",\"description\":\"Un sitio social, de arte y cultura\",\"publisher\":{\"@id\":\"https:\\\/\\\/rafaramirez.org\\\/blog\\\/#\\\/schema\\\/person\\\/50f43b6d60c578760d4c17bda54ab6a5\"},\"potentialAction\":[{\"@type\":\"SearchAction\",\"target\":{\"@type\":\"EntryPoint\",\"urlTemplate\":\"https:\\\/\\\/rafaramirez.org\\\/blog\\\/?s={search_term_string}\"},\"query-input\":{\"@type\":\"PropertyValueSpecification\",\"valueRequired\":true,\"valueName\":\"search_term_string\"}}],\"inLanguage\":\"es\"},{\"@type\":[\"Person\",\"Organization\"],\"@id\":\"https:\\\/\\\/rafaramirez.org\\\/blog\\\/#\\\/schema\\\/person\\\/50f43b6d60c578760d4c17bda54ab6a5\",\"name\":\"Rafael Ram\u00edrez\",\"image\":{\"@type\":\"ImageObject\",\"inLanguage\":\"es\",\"@id\":\"https:\\\/\\\/rafaramirez.org\\\/blog\\\/wp-content\\\/uploads\\\/2024\\\/09\\\/RR_socialnetwork.jpg\",\"url\":\"https:\\\/\\\/rafaramirez.org\\\/blog\\\/wp-content\\\/uploads\\\/2024\\\/09\\\/RR_socialnetwork.jpg\",\"contentUrl\":\"https:\\\/\\\/rafaramirez.org\\\/blog\\\/wp-content\\\/uploads\\\/2024\\\/09\\\/RR_socialnetwork.jpg\",\"width\":600,\"height\":606,\"caption\":\"Rafael Ram\u00edrez\"},\"logo\":{\"@id\":\"https:\\\/\\\/rafaramirez.org\\\/blog\\\/wp-content\\\/uploads\\\/2024\\\/09\\\/RR_socialnetwork.jpg\"},\"sameAs\":[\"https:\\\/\\\/www.rafaramirez.org\\\/blog\",\"https:\\\/\\\/www.instagram.com\\\/rafaramirez_ok\\\/\",\"https:\\\/\\\/es.pinterest.com\\\/Ramirez_Rafa\\\/\",\"https:\\\/\\\/x.com\\\/rafaramirez_ok\"],\"url\":\"https:\\\/\\\/rafaramirez.org\\\/blog\\\/index.php\\\/author\\\/rafaell_qm6j97da\\\/\"}]}<\/script>\n<!-- \/ Yoast SEO plugin. -->","yoast_head_json":{"title":"Van Gogh para colorear o pintar su \"Noche estrellada\". - Blog de Rafael Ram\u00edrez","robots":{"index":"index","follow":"follow","max-snippet":"max-snippet:-1","max-image-preview":"max-image-preview:large","max-video-preview":"max-video-preview:-1"},"canonical":"https:\/\/rafaramirez.org\/blog\/index.php\/2014\/07\/10\/vangogh-para-colorear-y-pintar\/","og_locale":"es_ES","og_type":"article","og_title":"Van Gogh para colorear o pintar su \"Noche estrellada\". - Blog de Rafael Ram\u00edrez","og_description":"\u00c9ste es uno de los paisajes de Van Gogh que m\u00e1s me gustan. Se trata de su \u00abNoche estrellada\u00bb. \u00c1nimo, atr\u00e9vete a dar color a esta maravillosa obra. Puedes imprimirla.","og_url":"https:\/\/rafaramirez.org\/blog\/index.php\/2014\/07\/10\/vangogh-para-colorear-y-pintar\/","og_site_name":"Blog de Rafael Ram\u00edrez","article_published_time":"2014-07-10T11:21:41+00:00","article_modified_time":"2024-07-02T17:47:57+00:00","og_image":[{"width":672,"height":372,"url":"https:\/\/rafaramirez.org\/blog\/wp-content\/uploads\/2014\/07\/1280px-Van_Gogh_-_Starry_Night_-_Google_Art_Project-672x372-1.jpg","type":"image\/jpeg"}],"author":"Rafael Ram\u00edrez","twitter_card":"summary_large_image","twitter_creator":"@rafaramirez_ok","twitter_site":"@rafaramirez_ok","twitter_misc":{"Escrito por":"Rafael Ram\u00edrez"},"schema":{"@context":"https:\/\/schema.org","@graph":[{"@type":"Article","@id":"https:\/\/rafaramirez.org\/blog\/index.php\/2014\/07\/10\/vangogh-para-colorear-y-pintar\/#article","isPartOf":{"@id":"https:\/\/rafaramirez.org\/blog\/index.php\/2014\/07\/10\/vangogh-para-colorear-y-pintar\/"},"author":{"name":"Rafael Ram\u00edrez","@id":"https:\/\/rafaramirez.org\/blog\/#\/schema\/person\/50f43b6d60c578760d4c17bda54ab6a5"},"headline":"Van Gogh para colorear o pintar su \u00abNoche estrellada\u00bb.","datePublished":"2014-07-10T11:21:41+00:00","dateModified":"2024-07-02T17:47:57+00:00","mainEntityOfPage":{"@id":"https:\/\/rafaramirez.org\/blog\/index.php\/2014\/07\/10\/vangogh-para-colorear-y-pintar\/"},"wordCount":72,"commentCount":0,"publisher":{"@id":"https:\/\/rafaramirez.org\/blog\/#\/schema\/person\/50f43b6d60c578760d4c17bda54ab6a5"},"image":{"@id":"https:\/\/rafaramirez.org\/blog\/index.php\/2014\/07\/10\/vangogh-para-colorear-y-pintar\/#primaryimage"},"thumbnailUrl":"https:\/\/rafaramirez.org\/blog\/wp-content\/uploads\/2014\/07\/1280px-Van_Gogh_-_Starry_Night_-_Google_Art_Project-672x372-1.jpg","keywords":["bocetos de pintura","cuadros famosos para pintar","destacado","manualidades","Noche estrellada","para pintar","Starry Night","Vincent Van Gogh"],"articleSection":["Historia del arte"],"inLanguage":"es","potentialAction":[{"@type":"CommentAction","name":"Comment","target":["https:\/\/rafaramirez.org\/blog\/index.php\/2014\/07\/10\/vangogh-para-colorear-y-pintar\/#respond"]}]},{"@type":"WebPage","@id":"https:\/\/rafaramirez.org\/blog\/index.php\/2014\/07\/10\/vangogh-para-colorear-y-pintar\/","url":"https:\/\/rafaramirez.org\/blog\/index.php\/2014\/07\/10\/vangogh-para-colorear-y-pintar\/","name":"Van Gogh para colorear o pintar su \"Noche estrellada\". - Blog de Rafael Ram\u00edrez","isPartOf":{"@id":"https:\/\/rafaramirez.org\/blog\/#website"},"primaryImageOfPage":{"@id":"https:\/\/rafaramirez.org\/blog\/index.php\/2014\/07\/10\/vangogh-para-colorear-y-pintar\/#primaryimage"},"image":{"@id":"https:\/\/rafaramirez.org\/blog\/index.php\/2014\/07\/10\/vangogh-para-colorear-y-pintar\/#primaryimage"},"thumbnailUrl":"https:\/\/rafaramirez.org\/blog\/wp-content\/uploads\/2014\/07\/1280px-Van_Gogh_-_Starry_Night_-_Google_Art_Project-672x372-1.jpg","datePublished":"2014-07-10T11:21:41+00:00","dateModified":"2024-07-02T17:47:57+00:00","breadcrumb":{"@id":"https:\/\/rafaramirez.org\/blog\/index.php\/2014\/07\/10\/vangogh-para-colorear-y-pintar\/#breadcrumb"},"inLanguage":"es","potentialAction":[{"@type":"ReadAction","target":["https:\/\/rafaramirez.org\/blog\/index.php\/2014\/07\/10\/vangogh-para-colorear-y-pintar\/"]}]},{"@type":"ImageObject","inLanguage":"es","@id":"https:\/\/rafaramirez.org\/blog\/index.php\/2014\/07\/10\/vangogh-para-colorear-y-pintar\/#primaryimage","url":"https:\/\/rafaramirez.org\/blog\/wp-content\/uploads\/2014\/07\/1280px-Van_Gogh_-_Starry_Night_-_Google_Art_Project-672x372-1.jpg","contentUrl":"https:\/\/rafaramirez.org\/blog\/wp-content\/uploads\/2014\/07\/1280px-Van_Gogh_-_Starry_Night_-_Google_Art_Project-672x372-1.jpg","width":672,"height":372},{"@type":"BreadcrumbList","@id":"https:\/\/rafaramirez.org\/blog\/index.php\/2014\/07\/10\/vangogh-para-colorear-y-pintar\/#breadcrumb","itemListElement":[{"@type":"ListItem","position":1,"name":"Portada","item":"https:\/\/rafaramirez.org\/blog\/"},{"@type":"ListItem","position":2,"name":"Van Gogh para colorear o pintar su \u00abNoche estrellada\u00bb."}]},{"@type":"WebSite","@id":"https:\/\/rafaramirez.org\/blog\/#website","url":"https:\/\/rafaramirez.org\/blog\/","name":"Blog de Rafael Ram\u00edrez","description":"Un sitio social, de arte y cultura","publisher":{"@id":"https:\/\/rafaramirez.org\/blog\/#\/schema\/person\/50f43b6d60c578760d4c17bda54ab6a5"},"potentialAction":[{"@type":"SearchAction","target":{"@type":"EntryPoint","urlTemplate":"https:\/\/rafaramirez.org\/blog\/?s={search_term_string}"},"query-input":{"@type":"PropertyValueSpecification","valueRequired":true,"valueName":"search_term_string"}}],"inLanguage":"es"},{"@type":["Person","Organization"],"@id":"https:\/\/rafaramirez.org\/blog\/#\/schema\/person\/50f43b6d60c578760d4c17bda54ab6a5","name":"Rafael Ram\u00edrez","image":{"@type":"ImageObject","inLanguage":"es","@id":"https:\/\/rafaramirez.org\/blog\/wp-content\/uploads\/2024\/09\/RR_socialnetwork.jpg","url":"https:\/\/rafaramirez.org\/blog\/wp-content\/uploads\/2024\/09\/RR_socialnetwork.jpg","contentUrl":"https:\/\/rafaramirez.org\/blog\/wp-content\/uploads\/2024\/09\/RR_socialnetwork.jpg","width":600,"height":606,"caption":"Rafael Ram\u00edrez"},"logo":{"@id":"https:\/\/rafaramirez.org\/blog\/wp-content\/uploads\/2024\/09\/RR_socialnetwork.jpg"},"sameAs":["https:\/\/www.rafaramirez.org\/blog","https:\/\/www.instagram.com\/rafaramirez_ok\/","https:\/\/es.pinterest.com\/Ramirez_Rafa\/","https:\/\/x.com\/rafaramirez_ok"],"url":"https:\/\/rafaramirez.org\/blog\/index.php\/author\/rafaell_qm6j97da\/"}]}},"jetpack_publicize_connections":[],"jetpack_sharing_enabled":true,"jetpack_likes_enabled":true,"jetpack_featured_media_url":"https:\/\/rafaramirez.org\/blog\/wp-content\/uploads\/2014\/07\/1280px-Van_Gogh_-_Starry_Night_-_Google_Art_Project-672x372-1.jpg","_links":{"self":[{"href":"https:\/\/rafaramirez.org\/blog\/index.php\/wp-json\/wp\/v2\/posts\/252","targetHints":{"allow":["GET"]}}],"collection":[{"href":"https:\/\/rafaramirez.org\/blog\/index.php\/wp-json\/wp\/v2\/posts"}],"about":[{"href":"https:\/\/rafaramirez.org\/blog\/index.php\/wp-json\/wp\/v2\/types\/post"}],"author":[{"embeddable":true,"href":"https:\/\/rafaramirez.org\/blog\/index.php\/wp-json\/wp\/v2\/users\/1"}],"replies":[{"embeddable":true,"href":"https:\/\/rafaramirez.org\/blog\/index.php\/wp-json\/wp\/v2\/comments?post=252"}],"version-history":[{"count":2,"href":"https:\/\/rafaramirez.org\/blog\/index.php\/wp-json\/wp\/v2\/posts\/252\/revisions"}],"predecessor-version":[{"id":5056,"href":"https:\/\/rafaramirez.org\/blog\/index.php\/wp-json\/wp\/v2\/posts\/252\/revisions\/5056"}],"wp:featuredmedia":[{"embeddable":true,"href":"https:\/\/rafaramirez.org\/blog\/index.php\/wp-json\/wp\/v2\/media\/2481"}],"wp:attachment":[{"href":"https:\/\/rafaramirez.org\/blog\/index.php\/wp-json\/wp\/v2\/media?parent=252"}],"wp:term":[{"taxonomy":"category","embeddable":true,"href":"https:\/\/rafaramirez.org\/blog\/index.php\/wp-json\/wp\/v2\/categories?post=252"},{"taxonomy":"post_tag","embeddable":true,"href":"https:\/\/rafaramirez.org\/blog\/index.php\/wp-json\/wp\/v2\/tags?post=252"}],"curies":[{"name":"wp","href":"https:\/\/api.w.org\/{rel}","templated":true}]}}