{"id":219,"date":"2024-08-29T08:15:15","date_gmt":"2024-08-29T06:15:15","guid":{"rendered":"http:\/\/blog.rafaramirez.org\/?p=219"},"modified":"2024-08-06T21:07:01","modified_gmt":"2024-08-06T19:07:01","slug":"boreal","status":"publish","type":"post","link":"https:\/\/rafaramirez.org\/blog\/index.php\/2024\/08\/29\/boreal\/","title":{"rendered":"\u00abBoreal\u00bb: Proyecto Palabras Bonitas."},"content":{"rendered":"<p>No solo me parece bonita sino que con la aurora se vuelve maravillosa. Mi palabra de hoy es \u00abB<strong>oreal<\/strong>\u00ab. Te explico de su historia y significado.<\/p>\n<h3>Etimolog\u00eda e historia.<\/h3>\n<p>La palabra \u201cboreal\u201d tiene su origen en el lat\u00edn <strong>\u201cborealis\u201d<\/strong>, que significa <strong>\u201cviento del norte\u201d<\/strong>. Sin embargo, su identificaci\u00f3n con el norte proviene de la <strong>mitolog\u00eda griega<\/strong>, espec\u00edficamente de <strong>B\u00f3reas<\/strong>, el dios del viento invernal que ven\u00eda del norte. Se consideraba como el viento m\u00e1s fuerte en esa direcci\u00f3n. En general \u201cboreal\u201d se aplica a todo lo que pertenece al norte.<\/p>\n<p>B\u00f3reas, el dios del viento del norte en la mitolog\u00eda griega, es conocido por su poderoso aliento helado y su capacidad para controlar los vientos fr\u00edos. Es hijo de Eolo, dios del viento, y Astreo, diosa de las estrellas.\u00a0Se le representa como un anciano barbudo con alas en los pies o como un joven alado que sopla r\u00e1fagas g\u00e9lidas. Adem\u00e1s, B\u00f3reas est\u00e1 estrechamente relacionado con los caballos.\u00a0Se dice que engendr\u00f3 doce potros tras adoptar la forma de un semental, y estos corceles eran tan veloces como \u00e9l, capaces de correr por un campo de trigo sin pisotear las espigas.\u00a0Tambi\u00e9n se cuenta que secuestr\u00f3 a Orit\u00eda, una princesa ateniense, llev\u00e1ndola a Tracia y teniendo con ella dos hijos, los Bor\u00e9adas Zetes y Calais, y dos hijas, Qu\u00edone y Cleopatra.<\/p>\n<h3>Relaci\u00f3n con las auroras boreales.<\/h3>\n<p>Las<strong> auroras boreales<\/strong>, tambi\u00e9n conocidas como <strong>\u201cluces del norte\u201d<\/strong>, son fen\u00f3menos naturales que ocurren en las regiones polares. Estas luces brillantes y coloridas se producen cuando part\u00edculas cargadas del viento solar chocan con la atm\u00f3sfera terrestre cerca de los polos. El t\u00e9rmino \u201cboreal\u201d se asocia con el norte debido a la ubicaci\u00f3n geogr\u00e1fica de las auroras boreales, que son m\u00e1s visibles en las latitudes altas del hemisferio norte. As\u00ed que, en resumen, la palabra \u201cboreal\u201d est\u00e1 vinculada tanto al viento del norte como a este hermoso fen\u00f3meno natural.<\/p>\n<figure id=\"attachment_5574\" aria-describedby=\"caption-attachment-5574\" style=\"width: 300px\" class=\"wp-caption aligncenter\"><a href=\"https:\/\/rafaramirez.org\/blog\/wp-content\/uploads\/2024\/08\/aurora-2562150.jpg\" target=\"_blank\" rel=\"noopener\"><img loading=\"lazy\" decoding=\"async\" class=\"wp-image-5574 size-medium\" src=\"https:\/\/rafaramirez.org\/blog\/wp-content\/uploads\/2024\/08\/aurora-2562150-300x200.jpg\" alt=\"Aurora boreal. Blog de Rafael Ram\u00edrez.\" width=\"300\" height=\"200\" srcset=\"https:\/\/rafaramirez.org\/blog\/wp-content\/uploads\/2024\/08\/aurora-2562150-300x200.jpg 300w, https:\/\/rafaramirez.org\/blog\/wp-content\/uploads\/2024\/08\/aurora-2562150-1024x683.jpg 1024w, https:\/\/rafaramirez.org\/blog\/wp-content\/uploads\/2024\/08\/aurora-2562150-768x512.jpg 768w, https:\/\/rafaramirez.org\/blog\/wp-content\/uploads\/2024\/08\/aurora-2562150.jpg 1200w\" sizes=\"auto, (max-width: 300px) 100vw, 300px\" \/><\/a><figcaption id=\"caption-attachment-5574\" class=\"wp-caption-text\">Aurora boreal. Blog de Rafael Ram\u00edrez.<\/figcaption><\/figure>\n<p><strong>Espero que te haya gustado la palabra bonita propuesta y su historia \u00bfQu\u00e9 te parece?\u00bfTienes alguna propuesta? Puedes dejar tus comentarios debajo del post \u00a1Saludos!\u00a0<\/strong><\/p>\n<p>M\u00e1s informaci\u00f3n:<\/p>\n<ul>\n<li><a href=\"https:\/\/www.etymonline.com\/es\/word\/boreal\" target=\"_blank\" rel=\"noopener\">Etymonline.com<\/a><\/li>\n<li><a href=\"https:\/\/definicion.edu.lat\/significados\/boreal.html\" target=\"_blank\" rel=\"noopener\">Definici\u00f3n.edu.lat<\/a><\/li>\n<li><a href=\"https:\/\/losmitosyleyendas.com\/boreas-dios-de-la-mitologia-griega\/\" target=\"_blank\" rel=\"noopener\">Los mitos y leyendas.com<\/a><\/li>\n<li><a href=\"https:\/\/es.wikipedia.org\/wiki\/B%C3%B3reas\" target=\"_blank\" rel=\"noopener\">Wikipedia.es<\/a><\/li>\n<\/ul>\n","protected":false},"excerpt":{"rendered":"<p>No solo me parece bonita sino que con la aurora se vuelve maravillosa. Mi palabra de hoy es \u00abBoreal\u00ab. Te explico de su historia y significado. Etimolog\u00eda e historia. La palabra \u201cboreal\u201d tiene su origen en el lat\u00edn \u201cborealis\u201d, que significa \u201cviento del norte\u201d. Sin embargo, su identificaci\u00f3n con el norte proviene de la mitolog\u00eda [&hellip;]<\/p>\n","protected":false},"author":1,"featured_media":5573,"comment_status":"open","ping_status":"closed","sticky":false,"template":"","format":"standard","meta":{"site-container-style":"default","site-container-layout":"default","site-sidebar-layout":"default","disable-article-header":"default","disable-site-header":"default","disable-site-footer":"default","disable-content-area-spacing":"default","_jetpack_newsletter_access":"","_jetpack_dont_email_post_to_subs":true,"_jetpack_newsletter_tier_id":0,"_jetpack_memberships_contains_paywalled_content":false,"_jetpack_feature_clip_id":0,"_jetpack_memberships_contains_paid_content":false,"footnotes":"","jetpack_publicize_message":"","jetpack_publicize_feature_enabled":true,"jetpack_social_post_already_shared":true,"jetpack_social_options":{"image_generator_settings":{"template":"highway","default_image_id":0,"font":"","enabled":false},"version":2},"jetpack_post_was_ever_published":false},"categories":[581],"tags":[3209,50,68,3213,72,3202,3205,3214,3216,139,3208,3206,3210,3207,3204,2751,2142,3211,346,3052,3215,3217,3212,3203],"class_list":["post-219","post","type-post","status-publish","format-standard","has-post-thumbnail","hentry","category-palabras-bonitas","tag-astreo","tag-aurora","tag-blog-de-rafael-ramirez","tag-boreadas-zetes","tag-boreal","tag-borealis","tag-boreas","tag-calais","tag-cleopatra","tag-destacado","tag-dios-del-viento","tag-dios-del-viento-invernal","tag-diosa-de-las-estrellas","tag-eolo","tag-etimologia","tag-latin","tag-mitologia-griega","tag-oritia","tag-palabras-bonitas","tag-proyecto-de-palabras-bonitas","tag-quione","tag-regiones-polares","tag-tracia","tag-viento-del-norte"],"yoast_head":"<!-- This site is optimized with the Yoast SEO plugin v28.4 - https:\/\/yoast.com\/product\/yoast-seo-wordpress\/ -->\n<title>&quot;Boreal&quot;: Proyecto Palabras Bonitas. - Blog de Rafael Ram\u00edrez<\/title>\n<meta name=\"robots\" content=\"index, follow, max-snippet:-1, max-image-preview:large, max-video-preview:-1\" \/>\n<link rel=\"canonical\" href=\"https:\/\/rafaramirez.org\/blog\/index.php\/2024\/08\/29\/boreal\/\" \/>\n<meta property=\"og:locale\" content=\"es_ES\" \/>\n<meta property=\"og:type\" content=\"article\" \/>\n<meta property=\"og:title\" content=\"&quot;Boreal&quot;: Proyecto Palabras Bonitas. - Blog de Rafael Ram\u00edrez\" \/>\n<meta property=\"og:description\" content=\"No solo me parece bonita sino que con la aurora se vuelve maravillosa. Mi palabra de hoy es \u00abBoreal\u00ab. Te explico de su historia y significado. Etimolog\u00eda e historia. La palabra \u201cboreal\u201d tiene su origen en el lat\u00edn \u201cborealis\u201d, que significa \u201cviento del norte\u201d. Sin embargo, su identificaci\u00f3n con el norte proviene de la mitolog\u00eda [&hellip;]\" \/>\n<meta property=\"og:url\" content=\"https:\/\/rafaramirez.org\/blog\/index.php\/2024\/08\/29\/boreal\/\" \/>\n<meta property=\"og:site_name\" content=\"Blog de Rafael Ram\u00edrez\" \/>\n<meta property=\"article:published_time\" content=\"2024-08-29T06:15:15+00:00\" \/>\n<meta property=\"og:image\" content=\"https:\/\/rafaramirez.org\/blog\/wp-content\/uploads\/2024\/08\/aurora-borealis-banner.jpg\" \/>\n\t<meta property=\"og:image:width\" content=\"750\" \/>\n\t<meta property=\"og:image:height\" content=\"450\" \/>\n\t<meta property=\"og:image:type\" content=\"image\/jpeg\" \/>\n<meta name=\"author\" content=\"Rafael Ram\u00edrez\" \/>\n<meta name=\"twitter:card\" content=\"summary_large_image\" \/>\n<meta name=\"twitter:creator\" content=\"@rafaramirez_ok\" \/>\n<meta name=\"twitter:site\" content=\"@rafaramirez_ok\" \/>\n<meta name=\"twitter:label1\" content=\"Escrito por\" \/>\n\t<meta name=\"twitter:data1\" content=\"Rafael Ram\u00edrez\" \/>\n\t<meta name=\"twitter:label2\" content=\"Tiempo de lectura\" \/>\n\t<meta name=\"twitter:data2\" content=\"2 minutos\" \/>\n<script type=\"application\/ld+json\" class=\"yoast-schema-graph\">{\"@context\":\"https:\\\/\\\/schema.org\",\"@graph\":[{\"@type\":\"Article\",\"@id\":\"https:\\\/\\\/rafaramirez.org\\\/blog\\\/index.php\\\/2024\\\/08\\\/29\\\/boreal\\\/#article\",\"isPartOf\":{\"@id\":\"https:\\\/\\\/rafaramirez.org\\\/blog\\\/index.php\\\/2024\\\/08\\\/29\\\/boreal\\\/\"},\"author\":{\"name\":\"Rafael Ram\u00edrez\",\"@id\":\"https:\\\/\\\/rafaramirez.org\\\/blog\\\/#\\\/schema\\\/person\\\/50f43b6d60c578760d4c17bda54ab6a5\"},\"headline\":\"\u00abBoreal\u00bb: Proyecto Palabras Bonitas.\",\"datePublished\":\"2024-08-29T06:15:15+00:00\",\"mainEntityOfPage\":{\"@id\":\"https:\\\/\\\/rafaramirez.org\\\/blog\\\/index.php\\\/2024\\\/08\\\/29\\\/boreal\\\/\"},\"wordCount\":406,\"commentCount\":0,\"publisher\":{\"@id\":\"https:\\\/\\\/rafaramirez.org\\\/blog\\\/#\\\/schema\\\/person\\\/50f43b6d60c578760d4c17bda54ab6a5\"},\"image\":{\"@id\":\"https:\\\/\\\/rafaramirez.org\\\/blog\\\/index.php\\\/2024\\\/08\\\/29\\\/boreal\\\/#primaryimage\"},\"thumbnailUrl\":\"https:\\\/\\\/rafaramirez.org\\\/blog\\\/wp-content\\\/uploads\\\/2024\\\/08\\\/aurora-borealis-banner.jpg\",\"keywords\":[\"Astreo\",\"aurora\",\"blog de Rafael Ram\u00edrez\",\"Bor\u00e9adas Zetes\",\"boreal\",\"borealis\",\"B\u00f3reas\",\"Calais\",\"Cleopatra\",\"destacado\",\"dios del viento\",\"dios del viento invernal\",\"diosa de las estrellas\",\"Eolo\",\"etimolog\u00eda\",\"lat\u00edn\",\"mitolog\u00eda griega\",\"Orit\u00eda\",\"palabras bonitas\",\"proyecto de palabras bonitas\",\"Qu\u00edone\",\"regiones polares\",\"Tracia\",\"viento del norte\"],\"articleSection\":[\"Proyecto Palabras Bonitas\"],\"inLanguage\":\"es\",\"potentialAction\":[{\"@type\":\"CommentAction\",\"name\":\"Comment\",\"target\":[\"https:\\\/\\\/rafaramirez.org\\\/blog\\\/index.php\\\/2024\\\/08\\\/29\\\/boreal\\\/#respond\"]}]},{\"@type\":\"WebPage\",\"@id\":\"https:\\\/\\\/rafaramirez.org\\\/blog\\\/index.php\\\/2024\\\/08\\\/29\\\/boreal\\\/\",\"url\":\"https:\\\/\\\/rafaramirez.org\\\/blog\\\/index.php\\\/2024\\\/08\\\/29\\\/boreal\\\/\",\"name\":\"\\\"Boreal\\\": Proyecto Palabras Bonitas. - Blog de Rafael Ram\u00edrez\",\"isPartOf\":{\"@id\":\"https:\\\/\\\/rafaramirez.org\\\/blog\\\/#website\"},\"primaryImageOfPage\":{\"@id\":\"https:\\\/\\\/rafaramirez.org\\\/blog\\\/index.php\\\/2024\\\/08\\\/29\\\/boreal\\\/#primaryimage\"},\"image\":{\"@id\":\"https:\\\/\\\/rafaramirez.org\\\/blog\\\/index.php\\\/2024\\\/08\\\/29\\\/boreal\\\/#primaryimage\"},\"thumbnailUrl\":\"https:\\\/\\\/rafaramirez.org\\\/blog\\\/wp-content\\\/uploads\\\/2024\\\/08\\\/aurora-borealis-banner.jpg\",\"datePublished\":\"2024-08-29T06:15:15+00:00\",\"breadcrumb\":{\"@id\":\"https:\\\/\\\/rafaramirez.org\\\/blog\\\/index.php\\\/2024\\\/08\\\/29\\\/boreal\\\/#breadcrumb\"},\"inLanguage\":\"es\",\"potentialAction\":[{\"@type\":\"ReadAction\",\"target\":[\"https:\\\/\\\/rafaramirez.org\\\/blog\\\/index.php\\\/2024\\\/08\\\/29\\\/boreal\\\/\"]}]},{\"@type\":\"ImageObject\",\"inLanguage\":\"es\",\"@id\":\"https:\\\/\\\/rafaramirez.org\\\/blog\\\/index.php\\\/2024\\\/08\\\/29\\\/boreal\\\/#primaryimage\",\"url\":\"https:\\\/\\\/rafaramirez.org\\\/blog\\\/wp-content\\\/uploads\\\/2024\\\/08\\\/aurora-borealis-banner.jpg\",\"contentUrl\":\"https:\\\/\\\/rafaramirez.org\\\/blog\\\/wp-content\\\/uploads\\\/2024\\\/08\\\/aurora-borealis-banner.jpg\",\"width\":750,\"height\":450,\"caption\":\"Boreal. Proyecto palabras bonitas. Blog de Rafael Ram\u00edrez.\"},{\"@type\":\"BreadcrumbList\",\"@id\":\"https:\\\/\\\/rafaramirez.org\\\/blog\\\/index.php\\\/2024\\\/08\\\/29\\\/boreal\\\/#breadcrumb\",\"itemListElement\":[{\"@type\":\"ListItem\",\"position\":1,\"name\":\"Portada\",\"item\":\"https:\\\/\\\/rafaramirez.org\\\/blog\\\/\"},{\"@type\":\"ListItem\",\"position\":2,\"name\":\"\u00abBoreal\u00bb: Proyecto Palabras Bonitas.\"}]},{\"@type\":\"WebSite\",\"@id\":\"https:\\\/\\\/rafaramirez.org\\\/blog\\\/#website\",\"url\":\"https:\\\/\\\/rafaramirez.org\\\/blog\\\/\",\"name\":\"Blog de Rafael Ram\u00edrez\",\"description\":\"Un sitio social, de arte y cultura\",\"publisher\":{\"@id\":\"https:\\\/\\\/rafaramirez.org\\\/blog\\\/#\\\/schema\\\/person\\\/50f43b6d60c578760d4c17bda54ab6a5\"},\"potentialAction\":[{\"@type\":\"SearchAction\",\"target\":{\"@type\":\"EntryPoint\",\"urlTemplate\":\"https:\\\/\\\/rafaramirez.org\\\/blog\\\/?s={search_term_string}\"},\"query-input\":{\"@type\":\"PropertyValueSpecification\",\"valueRequired\":true,\"valueName\":\"search_term_string\"}}],\"inLanguage\":\"es\"},{\"@type\":[\"Person\",\"Organization\"],\"@id\":\"https:\\\/\\\/rafaramirez.org\\\/blog\\\/#\\\/schema\\\/person\\\/50f43b6d60c578760d4c17bda54ab6a5\",\"name\":\"Rafael Ram\u00edrez\",\"image\":{\"@type\":\"ImageObject\",\"inLanguage\":\"es\",\"@id\":\"https:\\\/\\\/rafaramirez.org\\\/blog\\\/wp-content\\\/uploads\\\/2024\\\/09\\\/RR_socialnetwork.jpg\",\"url\":\"https:\\\/\\\/rafaramirez.org\\\/blog\\\/wp-content\\\/uploads\\\/2024\\\/09\\\/RR_socialnetwork.jpg\",\"contentUrl\":\"https:\\\/\\\/rafaramirez.org\\\/blog\\\/wp-content\\\/uploads\\\/2024\\\/09\\\/RR_socialnetwork.jpg\",\"width\":600,\"height\":606,\"caption\":\"Rafael Ram\u00edrez\"},\"logo\":{\"@id\":\"https:\\\/\\\/rafaramirez.org\\\/blog\\\/wp-content\\\/uploads\\\/2024\\\/09\\\/RR_socialnetwork.jpg\"},\"sameAs\":[\"https:\\\/\\\/www.rafaramirez.org\\\/blog\",\"https:\\\/\\\/www.instagram.com\\\/rafaramirez_ok\\\/\",\"https:\\\/\\\/es.pinterest.com\\\/Ramirez_Rafa\\\/\",\"https:\\\/\\\/x.com\\\/rafaramirez_ok\"],\"url\":\"https:\\\/\\\/rafaramirez.org\\\/blog\\\/index.php\\\/author\\\/rafaell_qm6j97da\\\/\"}]}<\/script>\n<!-- \/ Yoast SEO plugin. -->","yoast_head_json":{"title":"\"Boreal\": Proyecto Palabras Bonitas. - Blog de Rafael Ram\u00edrez","robots":{"index":"index","follow":"follow","max-snippet":"max-snippet:-1","max-image-preview":"max-image-preview:large","max-video-preview":"max-video-preview:-1"},"canonical":"https:\/\/rafaramirez.org\/blog\/index.php\/2024\/08\/29\/boreal\/","og_locale":"es_ES","og_type":"article","og_title":"\"Boreal\": Proyecto Palabras Bonitas. - Blog de Rafael Ram\u00edrez","og_description":"No solo me parece bonita sino que con la aurora se vuelve maravillosa. Mi palabra de hoy es \u00abBoreal\u00ab. Te explico de su historia y significado. Etimolog\u00eda e historia. La palabra \u201cboreal\u201d tiene su origen en el lat\u00edn \u201cborealis\u201d, que significa \u201cviento del norte\u201d. Sin embargo, su identificaci\u00f3n con el norte proviene de la mitolog\u00eda [&hellip;]","og_url":"https:\/\/rafaramirez.org\/blog\/index.php\/2024\/08\/29\/boreal\/","og_site_name":"Blog de Rafael Ram\u00edrez","article_published_time":"2024-08-29T06:15:15+00:00","og_image":[{"width":750,"height":450,"url":"https:\/\/rafaramirez.org\/blog\/wp-content\/uploads\/2024\/08\/aurora-borealis-banner.jpg","type":"image\/jpeg"}],"author":"Rafael Ram\u00edrez","twitter_card":"summary_large_image","twitter_creator":"@rafaramirez_ok","twitter_site":"@rafaramirez_ok","twitter_misc":{"Escrito por":"Rafael Ram\u00edrez","Tiempo de lectura":"2 minutos"},"schema":{"@context":"https:\/\/schema.org","@graph":[{"@type":"Article","@id":"https:\/\/rafaramirez.org\/blog\/index.php\/2024\/08\/29\/boreal\/#article","isPartOf":{"@id":"https:\/\/rafaramirez.org\/blog\/index.php\/2024\/08\/29\/boreal\/"},"author":{"name":"Rafael Ram\u00edrez","@id":"https:\/\/rafaramirez.org\/blog\/#\/schema\/person\/50f43b6d60c578760d4c17bda54ab6a5"},"headline":"\u00abBoreal\u00bb: Proyecto Palabras Bonitas.","datePublished":"2024-08-29T06:15:15+00:00","mainEntityOfPage":{"@id":"https:\/\/rafaramirez.org\/blog\/index.php\/2024\/08\/29\/boreal\/"},"wordCount":406,"commentCount":0,"publisher":{"@id":"https:\/\/rafaramirez.org\/blog\/#\/schema\/person\/50f43b6d60c578760d4c17bda54ab6a5"},"image":{"@id":"https:\/\/rafaramirez.org\/blog\/index.php\/2024\/08\/29\/boreal\/#primaryimage"},"thumbnailUrl":"https:\/\/rafaramirez.org\/blog\/wp-content\/uploads\/2024\/08\/aurora-borealis-banner.jpg","keywords":["Astreo","aurora","blog de Rafael Ram\u00edrez","Bor\u00e9adas Zetes","boreal","borealis","B\u00f3reas","Calais","Cleopatra","destacado","dios del viento","dios del viento invernal","diosa de las estrellas","Eolo","etimolog\u00eda","lat\u00edn","mitolog\u00eda griega","Orit\u00eda","palabras bonitas","proyecto de palabras bonitas","Qu\u00edone","regiones polares","Tracia","viento del norte"],"articleSection":["Proyecto Palabras Bonitas"],"inLanguage":"es","potentialAction":[{"@type":"CommentAction","name":"Comment","target":["https:\/\/rafaramirez.org\/blog\/index.php\/2024\/08\/29\/boreal\/#respond"]}]},{"@type":"WebPage","@id":"https:\/\/rafaramirez.org\/blog\/index.php\/2024\/08\/29\/boreal\/","url":"https:\/\/rafaramirez.org\/blog\/index.php\/2024\/08\/29\/boreal\/","name":"\"Boreal\": Proyecto Palabras Bonitas. - Blog de Rafael Ram\u00edrez","isPartOf":{"@id":"https:\/\/rafaramirez.org\/blog\/#website"},"primaryImageOfPage":{"@id":"https:\/\/rafaramirez.org\/blog\/index.php\/2024\/08\/29\/boreal\/#primaryimage"},"image":{"@id":"https:\/\/rafaramirez.org\/blog\/index.php\/2024\/08\/29\/boreal\/#primaryimage"},"thumbnailUrl":"https:\/\/rafaramirez.org\/blog\/wp-content\/uploads\/2024\/08\/aurora-borealis-banner.jpg","datePublished":"2024-08-29T06:15:15+00:00","breadcrumb":{"@id":"https:\/\/rafaramirez.org\/blog\/index.php\/2024\/08\/29\/boreal\/#breadcrumb"},"inLanguage":"es","potentialAction":[{"@type":"ReadAction","target":["https:\/\/rafaramirez.org\/blog\/index.php\/2024\/08\/29\/boreal\/"]}]},{"@type":"ImageObject","inLanguage":"es","@id":"https:\/\/rafaramirez.org\/blog\/index.php\/2024\/08\/29\/boreal\/#primaryimage","url":"https:\/\/rafaramirez.org\/blog\/wp-content\/uploads\/2024\/08\/aurora-borealis-banner.jpg","contentUrl":"https:\/\/rafaramirez.org\/blog\/wp-content\/uploads\/2024\/08\/aurora-borealis-banner.jpg","width":750,"height":450,"caption":"Boreal. Proyecto palabras bonitas. Blog de Rafael Ram\u00edrez."},{"@type":"BreadcrumbList","@id":"https:\/\/rafaramirez.org\/blog\/index.php\/2024\/08\/29\/boreal\/#breadcrumb","itemListElement":[{"@type":"ListItem","position":1,"name":"Portada","item":"https:\/\/rafaramirez.org\/blog\/"},{"@type":"ListItem","position":2,"name":"\u00abBoreal\u00bb: Proyecto Palabras Bonitas."}]},{"@type":"WebSite","@id":"https:\/\/rafaramirez.org\/blog\/#website","url":"https:\/\/rafaramirez.org\/blog\/","name":"Blog de Rafael Ram\u00edrez","description":"Un sitio social, de arte y cultura","publisher":{"@id":"https:\/\/rafaramirez.org\/blog\/#\/schema\/person\/50f43b6d60c578760d4c17bda54ab6a5"},"potentialAction":[{"@type":"SearchAction","target":{"@type":"EntryPoint","urlTemplate":"https:\/\/rafaramirez.org\/blog\/?s={search_term_string}"},"query-input":{"@type":"PropertyValueSpecification","valueRequired":true,"valueName":"search_term_string"}}],"inLanguage":"es"},{"@type":["Person","Organization"],"@id":"https:\/\/rafaramirez.org\/blog\/#\/schema\/person\/50f43b6d60c578760d4c17bda54ab6a5","name":"Rafael Ram\u00edrez","image":{"@type":"ImageObject","inLanguage":"es","@id":"https:\/\/rafaramirez.org\/blog\/wp-content\/uploads\/2024\/09\/RR_socialnetwork.jpg","url":"https:\/\/rafaramirez.org\/blog\/wp-content\/uploads\/2024\/09\/RR_socialnetwork.jpg","contentUrl":"https:\/\/rafaramirez.org\/blog\/wp-content\/uploads\/2024\/09\/RR_socialnetwork.jpg","width":600,"height":606,"caption":"Rafael Ram\u00edrez"},"logo":{"@id":"https:\/\/rafaramirez.org\/blog\/wp-content\/uploads\/2024\/09\/RR_socialnetwork.jpg"},"sameAs":["https:\/\/www.rafaramirez.org\/blog","https:\/\/www.instagram.com\/rafaramirez_ok\/","https:\/\/es.pinterest.com\/Ramirez_Rafa\/","https:\/\/x.com\/rafaramirez_ok"],"url":"https:\/\/rafaramirez.org\/blog\/index.php\/author\/rafaell_qm6j97da\/"}]}},"jetpack_publicize_connections":[],"jetpack_sharing_enabled":true,"jetpack_likes_enabled":true,"jetpack_featured_media_url":"https:\/\/rafaramirez.org\/blog\/wp-content\/uploads\/2024\/08\/aurora-borealis-banner.jpg","_links":{"self":[{"href":"https:\/\/rafaramirez.org\/blog\/index.php\/wp-json\/wp\/v2\/posts\/219","targetHints":{"allow":["GET"]}}],"collection":[{"href":"https:\/\/rafaramirez.org\/blog\/index.php\/wp-json\/wp\/v2\/posts"}],"about":[{"href":"https:\/\/rafaramirez.org\/blog\/index.php\/wp-json\/wp\/v2\/types\/post"}],"author":[{"embeddable":true,"href":"https:\/\/rafaramirez.org\/blog\/index.php\/wp-json\/wp\/v2\/users\/1"}],"replies":[{"embeddable":true,"href":"https:\/\/rafaramirez.org\/blog\/index.php\/wp-json\/wp\/v2\/comments?post=219"}],"version-history":[{"count":8,"href":"https:\/\/rafaramirez.org\/blog\/index.php\/wp-json\/wp\/v2\/posts\/219\/revisions"}],"predecessor-version":[{"id":5577,"href":"https:\/\/rafaramirez.org\/blog\/index.php\/wp-json\/wp\/v2\/posts\/219\/revisions\/5577"}],"wp:featuredmedia":[{"embeddable":true,"href":"https:\/\/rafaramirez.org\/blog\/index.php\/wp-json\/wp\/v2\/media\/5573"}],"wp:attachment":[{"href":"https:\/\/rafaramirez.org\/blog\/index.php\/wp-json\/wp\/v2\/media?parent=219"}],"wp:term":[{"taxonomy":"category","embeddable":true,"href":"https:\/\/rafaramirez.org\/blog\/index.php\/wp-json\/wp\/v2\/categories?post=219"},{"taxonomy":"post_tag","embeddable":true,"href":"https:\/\/rafaramirez.org\/blog\/index.php\/wp-json\/wp\/v2\/tags?post=219"}],"curies":[{"name":"wp","href":"https:\/\/api.w.org\/{rel}","templated":true}]}}