{"id":2001,"date":"2018-06-14T11:01:06","date_gmt":"2018-06-14T09:01:06","guid":{"rendered":"http:\/\/blog.rafaramirez.org\/?p=2001"},"modified":"2019-04-10T17:30:50","modified_gmt":"2019-04-10T15:30:50","slug":"trabajar-por-la-igualdad-de-genero-no-solo-es-lo-correcto-sino-tambien-lo-mas-inteligente-el-pais","status":"publish","type":"post","link":"https:\/\/rafaramirez.org\/blog\/index.php\/2018\/06\/14\/trabajar-por-la-igualdad-de-genero-no-solo-es-lo-correcto-sino-tambien-lo-mas-inteligente-el-pais\/","title":{"rendered":"\u201cTrabajar por la igualdad de g\u00e9nero no solo es lo correcto, sino tambi\u00e9n lo m\u00e1s inteligente\u201d &#8211; El Pa\u00eds"},"content":{"rendered":"<p><strong>Neven Mimica, comisario europeo de Cooperaci\u00f3n Internacional y Desarrollo, cree que la UE seguir\u00e1 siendo el mayor donante del mundo pese a la salida del Reino Unido.<\/strong><\/p>\n<p>Neven Mimica (1953) tiene una agenda apretada. No es para menos. Suya es la responsabilidad de gestionar la ayuda oficial al desarrollo (AOD) del cuarto mayor donante del mundo, la Uni\u00f3n Europea (UE), con una aportaci\u00f3n de 14.000 millones de euros en 2017 para el progreso global. Si se suma lo que los Estados miembros destinan a cooperaci\u00f3n internacional, Europa est\u00e1 a la cabeza: los 75.700 millones del a\u00f1o pasado a este fin representan el 57% del total de la ayuda oficial. Un liderazgo en riesgo por la salida del generoso Reino Unido del club, y no exento de cr\u00edticas debido a la ingenier\u00eda financiera por la que los fondos para atender a poblaci\u00f3n refugiada dentro de sus fronteras son contabilizados como AOD.<\/p>\n<p><a href=\"https:\/\/elpais.com\/elpais\/2018\/06\/12\/planeta_futuro\/1528802202_359679.html\" target=\"_blank\" rel=\"noopener noreferrer\">..\/.. Continuar leyendo la noticia en EL PA\u00cdS.<\/a><\/p>\n","protected":false},"excerpt":{"rendered":"<p>Neven Mimica, comisario europeo de Cooperaci\u00f3n Internacional y Desarrollo, cree que la UE seguir\u00e1 siendo el mayor donante del mundo pese a la salida del Reino Unido. Neven Mimica (1953) tiene una agenda apretada. No es para menos. Suya es la responsabilidad de gestionar la ayuda oficial al desarrollo (AOD) del cuarto mayor donante del [&hellip;]<\/p>\n","protected":false},"author":1,"featured_media":2085,"comment_status":"open","ping_status":"closed","sticky":false,"template":"","format":"standard","meta":{"site-container-style":"default","site-container-layout":"default","site-sidebar-layout":"default","disable-article-header":"default","disable-site-header":"default","disable-site-footer":"default","disable-content-area-spacing":"default","_jetpack_newsletter_access":"","_jetpack_dont_email_post_to_subs":false,"_jetpack_newsletter_tier_id":0,"_jetpack_memberships_contains_paywalled_content":false,"_jetpack_feature_clip_id":0,"_jetpack_memberships_contains_paid_content":false,"footnotes":"","jetpack_publicize_message":"","jetpack_publicize_feature_enabled":true,"jetpack_social_post_already_shared":true,"jetpack_social_options":{"image_generator_settings":{"template":"highway","default_image_id":0,"font":"","enabled":false},"version":2},"jetpack_post_was_ever_published":false},"categories":[15],"tags":[68,139,224,316,330],"class_list":["post-2001","post","type-post","status-publish","format-standard","has-post-thumbnail","hentry","category-noticias-sociales","tag-blog-de-rafael-ramirez","tag-destacado","tag-igualdad-de-genero","tag-never-mimica","tag-noticias-sociales"],"yoast_head":"<!-- This site is optimized with the Yoast SEO plugin v28.4 - https:\/\/yoast.com\/product\/yoast-seo-wordpress\/ -->\n<title>\u201cTrabajar por la igualdad de g\u00e9nero no solo es lo correcto, sino tambi\u00e9n lo m\u00e1s inteligente\u201d - El Pa\u00eds - Blog de Rafael Ram\u00edrez<\/title>\n<meta name=\"robots\" content=\"index, follow, max-snippet:-1, max-image-preview:large, max-video-preview:-1\" \/>\n<link rel=\"canonical\" href=\"https:\/\/rafaramirez.org\/blog\/index.php\/2018\/06\/14\/trabajar-por-la-igualdad-de-genero-no-solo-es-lo-correcto-sino-tambien-lo-mas-inteligente-el-pais\/\" \/>\n<meta property=\"og:locale\" content=\"es_ES\" \/>\n<meta property=\"og:type\" content=\"article\" \/>\n<meta property=\"og:title\" content=\"\u201cTrabajar por la igualdad de g\u00e9nero no solo es lo correcto, sino tambi\u00e9n lo m\u00e1s inteligente\u201d - El Pa\u00eds - Blog de Rafael Ram\u00edrez\" \/>\n<meta property=\"og:description\" content=\"Neven Mimica, comisario europeo de Cooperaci\u00f3n Internacional y Desarrollo, cree que la UE seguir\u00e1 siendo el mayor donante del mundo pese a la salida del Reino Unido. Neven Mimica (1953) tiene una agenda apretada. No es para menos. Suya es la responsabilidad de gestionar la ayuda oficial al desarrollo (AOD) del cuarto mayor donante del [&hellip;]\" \/>\n<meta property=\"og:url\" content=\"https:\/\/rafaramirez.org\/blog\/index.php\/2018\/06\/14\/trabajar-por-la-igualdad-de-genero-no-solo-es-lo-correcto-sino-tambien-lo-mas-inteligente-el-pais\/\" \/>\n<meta property=\"og:site_name\" content=\"Blog de Rafael Ram\u00edrez\" \/>\n<meta property=\"article:published_time\" content=\"2018-06-14T09:01:06+00:00\" \/>\n<meta property=\"article:modified_time\" content=\"2019-04-10T15:30:50+00:00\" \/>\n<meta property=\"og:image\" content=\"https:\/\/rafaramirez.org\/blog\/wp-content\/uploads\/2018\/06\/neven_mimica-1.jpg\" \/>\n\t<meta property=\"og:image:width\" content=\"1024\" \/>\n\t<meta property=\"og:image:height\" content=\"684\" \/>\n\t<meta property=\"og:image:type\" content=\"image\/jpeg\" \/>\n<meta name=\"author\" content=\"Rafael Ram\u00edrez\" \/>\n<meta name=\"twitter:card\" content=\"summary_large_image\" \/>\n<meta name=\"twitter:creator\" content=\"@rafaramirez_ok\" \/>\n<meta name=\"twitter:site\" content=\"@rafaramirez_ok\" \/>\n<meta name=\"twitter:label1\" content=\"Escrito por\" \/>\n\t<meta name=\"twitter:data1\" content=\"Rafael Ram\u00edrez\" \/>\n\t<meta name=\"twitter:label2\" content=\"Tiempo de lectura\" \/>\n\t<meta name=\"twitter:data2\" content=\"1 minuto\" \/>\n<script type=\"application\/ld+json\" class=\"yoast-schema-graph\">{\"@context\":\"https:\\\/\\\/schema.org\",\"@graph\":[{\"@type\":\"Article\",\"@id\":\"https:\\\/\\\/rafaramirez.org\\\/blog\\\/index.php\\\/2018\\\/06\\\/14\\\/trabajar-por-la-igualdad-de-genero-no-solo-es-lo-correcto-sino-tambien-lo-mas-inteligente-el-pais\\\/#article\",\"isPartOf\":{\"@id\":\"https:\\\/\\\/rafaramirez.org\\\/blog\\\/index.php\\\/2018\\\/06\\\/14\\\/trabajar-por-la-igualdad-de-genero-no-solo-es-lo-correcto-sino-tambien-lo-mas-inteligente-el-pais\\\/\"},\"author\":{\"name\":\"Rafael Ram\u00edrez\",\"@id\":\"https:\\\/\\\/rafaramirez.org\\\/blog\\\/#\\\/schema\\\/person\\\/50f43b6d60c578760d4c17bda54ab6a5\"},\"headline\":\"\u201cTrabajar por la igualdad de g\u00e9nero no solo es lo correcto, sino tambi\u00e9n lo m\u00e1s inteligente\u201d &#8211; El Pa\u00eds\",\"datePublished\":\"2018-06-14T09:01:06+00:00\",\"dateModified\":\"2019-04-10T15:30:50+00:00\",\"mainEntityOfPage\":{\"@id\":\"https:\\\/\\\/rafaramirez.org\\\/blog\\\/index.php\\\/2018\\\/06\\\/14\\\/trabajar-por-la-igualdad-de-genero-no-solo-es-lo-correcto-sino-tambien-lo-mas-inteligente-el-pais\\\/\"},\"wordCount\":184,\"commentCount\":0,\"publisher\":{\"@id\":\"https:\\\/\\\/rafaramirez.org\\\/blog\\\/#\\\/schema\\\/person\\\/50f43b6d60c578760d4c17bda54ab6a5\"},\"image\":{\"@id\":\"https:\\\/\\\/rafaramirez.org\\\/blog\\\/index.php\\\/2018\\\/06\\\/14\\\/trabajar-por-la-igualdad-de-genero-no-solo-es-lo-correcto-sino-tambien-lo-mas-inteligente-el-pais\\\/#primaryimage\"},\"thumbnailUrl\":\"https:\\\/\\\/rafaramirez.org\\\/blog\\\/wp-content\\\/uploads\\\/2018\\\/06\\\/neven_mimica-1.jpg\",\"keywords\":[\"blog de Rafael Ram\u00edrez\",\"destacado\",\"igualdad de genero\",\"never mimica\",\"noticias sociales\"],\"articleSection\":[\"Informe social\"],\"inLanguage\":\"es\",\"potentialAction\":[{\"@type\":\"CommentAction\",\"name\":\"Comment\",\"target\":[\"https:\\\/\\\/rafaramirez.org\\\/blog\\\/index.php\\\/2018\\\/06\\\/14\\\/trabajar-por-la-igualdad-de-genero-no-solo-es-lo-correcto-sino-tambien-lo-mas-inteligente-el-pais\\\/#respond\"]}]},{\"@type\":\"WebPage\",\"@id\":\"https:\\\/\\\/rafaramirez.org\\\/blog\\\/index.php\\\/2018\\\/06\\\/14\\\/trabajar-por-la-igualdad-de-genero-no-solo-es-lo-correcto-sino-tambien-lo-mas-inteligente-el-pais\\\/\",\"url\":\"https:\\\/\\\/rafaramirez.org\\\/blog\\\/index.php\\\/2018\\\/06\\\/14\\\/trabajar-por-la-igualdad-de-genero-no-solo-es-lo-correcto-sino-tambien-lo-mas-inteligente-el-pais\\\/\",\"name\":\"\u201cTrabajar por la igualdad de g\u00e9nero no solo es lo correcto, sino tambi\u00e9n lo m\u00e1s inteligente\u201d - El Pa\u00eds - Blog de Rafael Ram\u00edrez\",\"isPartOf\":{\"@id\":\"https:\\\/\\\/rafaramirez.org\\\/blog\\\/#website\"},\"primaryImageOfPage\":{\"@id\":\"https:\\\/\\\/rafaramirez.org\\\/blog\\\/index.php\\\/2018\\\/06\\\/14\\\/trabajar-por-la-igualdad-de-genero-no-solo-es-lo-correcto-sino-tambien-lo-mas-inteligente-el-pais\\\/#primaryimage\"},\"image\":{\"@id\":\"https:\\\/\\\/rafaramirez.org\\\/blog\\\/index.php\\\/2018\\\/06\\\/14\\\/trabajar-por-la-igualdad-de-genero-no-solo-es-lo-correcto-sino-tambien-lo-mas-inteligente-el-pais\\\/#primaryimage\"},\"thumbnailUrl\":\"https:\\\/\\\/rafaramirez.org\\\/blog\\\/wp-content\\\/uploads\\\/2018\\\/06\\\/neven_mimica-1.jpg\",\"datePublished\":\"2018-06-14T09:01:06+00:00\",\"dateModified\":\"2019-04-10T15:30:50+00:00\",\"breadcrumb\":{\"@id\":\"https:\\\/\\\/rafaramirez.org\\\/blog\\\/index.php\\\/2018\\\/06\\\/14\\\/trabajar-por-la-igualdad-de-genero-no-solo-es-lo-correcto-sino-tambien-lo-mas-inteligente-el-pais\\\/#breadcrumb\"},\"inLanguage\":\"es\",\"potentialAction\":[{\"@type\":\"ReadAction\",\"target\":[\"https:\\\/\\\/rafaramirez.org\\\/blog\\\/index.php\\\/2018\\\/06\\\/14\\\/trabajar-por-la-igualdad-de-genero-no-solo-es-lo-correcto-sino-tambien-lo-mas-inteligente-el-pais\\\/\"]}]},{\"@type\":\"ImageObject\",\"inLanguage\":\"es\",\"@id\":\"https:\\\/\\\/rafaramirez.org\\\/blog\\\/index.php\\\/2018\\\/06\\\/14\\\/trabajar-por-la-igualdad-de-genero-no-solo-es-lo-correcto-sino-tambien-lo-mas-inteligente-el-pais\\\/#primaryimage\",\"url\":\"https:\\\/\\\/rafaramirez.org\\\/blog\\\/wp-content\\\/uploads\\\/2018\\\/06\\\/neven_mimica-1.jpg\",\"contentUrl\":\"https:\\\/\\\/rafaramirez.org\\\/blog\\\/wp-content\\\/uploads\\\/2018\\\/06\\\/neven_mimica-1.jpg\",\"width\":1024,\"height\":684},{\"@type\":\"BreadcrumbList\",\"@id\":\"https:\\\/\\\/rafaramirez.org\\\/blog\\\/index.php\\\/2018\\\/06\\\/14\\\/trabajar-por-la-igualdad-de-genero-no-solo-es-lo-correcto-sino-tambien-lo-mas-inteligente-el-pais\\\/#breadcrumb\",\"itemListElement\":[{\"@type\":\"ListItem\",\"position\":1,\"name\":\"Portada\",\"item\":\"https:\\\/\\\/rafaramirez.org\\\/blog\\\/\"},{\"@type\":\"ListItem\",\"position\":2,\"name\":\"\u201cTrabajar por la igualdad de g\u00e9nero no solo es lo correcto, sino tambi\u00e9n lo m\u00e1s inteligente\u201d &#8211; El Pa\u00eds\"}]},{\"@type\":\"WebSite\",\"@id\":\"https:\\\/\\\/rafaramirez.org\\\/blog\\\/#website\",\"url\":\"https:\\\/\\\/rafaramirez.org\\\/blog\\\/\",\"name\":\"Blog de Rafael Ram\u00edrez\",\"description\":\"Un sitio social, de arte y cultura\",\"publisher\":{\"@id\":\"https:\\\/\\\/rafaramirez.org\\\/blog\\\/#\\\/schema\\\/person\\\/50f43b6d60c578760d4c17bda54ab6a5\"},\"potentialAction\":[{\"@type\":\"SearchAction\",\"target\":{\"@type\":\"EntryPoint\",\"urlTemplate\":\"https:\\\/\\\/rafaramirez.org\\\/blog\\\/?s={search_term_string}\"},\"query-input\":{\"@type\":\"PropertyValueSpecification\",\"valueRequired\":true,\"valueName\":\"search_term_string\"}}],\"inLanguage\":\"es\"},{\"@type\":[\"Person\",\"Organization\"],\"@id\":\"https:\\\/\\\/rafaramirez.org\\\/blog\\\/#\\\/schema\\\/person\\\/50f43b6d60c578760d4c17bda54ab6a5\",\"name\":\"Rafael Ram\u00edrez\",\"image\":{\"@type\":\"ImageObject\",\"inLanguage\":\"es\",\"@id\":\"https:\\\/\\\/rafaramirez.org\\\/blog\\\/wp-content\\\/uploads\\\/2024\\\/09\\\/RR_socialnetwork.jpg\",\"url\":\"https:\\\/\\\/rafaramirez.org\\\/blog\\\/wp-content\\\/uploads\\\/2024\\\/09\\\/RR_socialnetwork.jpg\",\"contentUrl\":\"https:\\\/\\\/rafaramirez.org\\\/blog\\\/wp-content\\\/uploads\\\/2024\\\/09\\\/RR_socialnetwork.jpg\",\"width\":600,\"height\":606,\"caption\":\"Rafael Ram\u00edrez\"},\"logo\":{\"@id\":\"https:\\\/\\\/rafaramirez.org\\\/blog\\\/wp-content\\\/uploads\\\/2024\\\/09\\\/RR_socialnetwork.jpg\"},\"sameAs\":[\"https:\\\/\\\/www.rafaramirez.org\\\/blog\",\"https:\\\/\\\/www.instagram.com\\\/rafaramirez_ok\\\/\",\"https:\\\/\\\/es.pinterest.com\\\/Ramirez_Rafa\\\/\",\"https:\\\/\\\/x.com\\\/rafaramirez_ok\"],\"url\":\"https:\\\/\\\/rafaramirez.org\\\/blog\\\/index.php\\\/author\\\/rafaell_qm6j97da\\\/\"}]}<\/script>\n<!-- \/ Yoast SEO plugin. -->","yoast_head_json":{"title":"\u201cTrabajar por la igualdad de g\u00e9nero no solo es lo correcto, sino tambi\u00e9n lo m\u00e1s inteligente\u201d - El Pa\u00eds - Blog de Rafael Ram\u00edrez","robots":{"index":"index","follow":"follow","max-snippet":"max-snippet:-1","max-image-preview":"max-image-preview:large","max-video-preview":"max-video-preview:-1"},"canonical":"https:\/\/rafaramirez.org\/blog\/index.php\/2018\/06\/14\/trabajar-por-la-igualdad-de-genero-no-solo-es-lo-correcto-sino-tambien-lo-mas-inteligente-el-pais\/","og_locale":"es_ES","og_type":"article","og_title":"\u201cTrabajar por la igualdad de g\u00e9nero no solo es lo correcto, sino tambi\u00e9n lo m\u00e1s inteligente\u201d - El Pa\u00eds - Blog de Rafael Ram\u00edrez","og_description":"Neven Mimica, comisario europeo de Cooperaci\u00f3n Internacional y Desarrollo, cree que la UE seguir\u00e1 siendo el mayor donante del mundo pese a la salida del Reino Unido. Neven Mimica (1953) tiene una agenda apretada. No es para menos. Suya es la responsabilidad de gestionar la ayuda oficial al desarrollo (AOD) del cuarto mayor donante del [&hellip;]","og_url":"https:\/\/rafaramirez.org\/blog\/index.php\/2018\/06\/14\/trabajar-por-la-igualdad-de-genero-no-solo-es-lo-correcto-sino-tambien-lo-mas-inteligente-el-pais\/","og_site_name":"Blog de Rafael Ram\u00edrez","article_published_time":"2018-06-14T09:01:06+00:00","article_modified_time":"2019-04-10T15:30:50+00:00","og_image":[{"width":1024,"height":684,"url":"https:\/\/rafaramirez.org\/blog\/wp-content\/uploads\/2018\/06\/neven_mimica-1.jpg","type":"image\/jpeg"}],"author":"Rafael Ram\u00edrez","twitter_card":"summary_large_image","twitter_creator":"@rafaramirez_ok","twitter_site":"@rafaramirez_ok","twitter_misc":{"Escrito por":"Rafael Ram\u00edrez","Tiempo de lectura":"1 minuto"},"schema":{"@context":"https:\/\/schema.org","@graph":[{"@type":"Article","@id":"https:\/\/rafaramirez.org\/blog\/index.php\/2018\/06\/14\/trabajar-por-la-igualdad-de-genero-no-solo-es-lo-correcto-sino-tambien-lo-mas-inteligente-el-pais\/#article","isPartOf":{"@id":"https:\/\/rafaramirez.org\/blog\/index.php\/2018\/06\/14\/trabajar-por-la-igualdad-de-genero-no-solo-es-lo-correcto-sino-tambien-lo-mas-inteligente-el-pais\/"},"author":{"name":"Rafael Ram\u00edrez","@id":"https:\/\/rafaramirez.org\/blog\/#\/schema\/person\/50f43b6d60c578760d4c17bda54ab6a5"},"headline":"\u201cTrabajar por la igualdad de g\u00e9nero no solo es lo correcto, sino tambi\u00e9n lo m\u00e1s inteligente\u201d &#8211; El Pa\u00eds","datePublished":"2018-06-14T09:01:06+00:00","dateModified":"2019-04-10T15:30:50+00:00","mainEntityOfPage":{"@id":"https:\/\/rafaramirez.org\/blog\/index.php\/2018\/06\/14\/trabajar-por-la-igualdad-de-genero-no-solo-es-lo-correcto-sino-tambien-lo-mas-inteligente-el-pais\/"},"wordCount":184,"commentCount":0,"publisher":{"@id":"https:\/\/rafaramirez.org\/blog\/#\/schema\/person\/50f43b6d60c578760d4c17bda54ab6a5"},"image":{"@id":"https:\/\/rafaramirez.org\/blog\/index.php\/2018\/06\/14\/trabajar-por-la-igualdad-de-genero-no-solo-es-lo-correcto-sino-tambien-lo-mas-inteligente-el-pais\/#primaryimage"},"thumbnailUrl":"https:\/\/rafaramirez.org\/blog\/wp-content\/uploads\/2018\/06\/neven_mimica-1.jpg","keywords":["blog de Rafael Ram\u00edrez","destacado","igualdad de genero","never mimica","noticias sociales"],"articleSection":["Informe social"],"inLanguage":"es","potentialAction":[{"@type":"CommentAction","name":"Comment","target":["https:\/\/rafaramirez.org\/blog\/index.php\/2018\/06\/14\/trabajar-por-la-igualdad-de-genero-no-solo-es-lo-correcto-sino-tambien-lo-mas-inteligente-el-pais\/#respond"]}]},{"@type":"WebPage","@id":"https:\/\/rafaramirez.org\/blog\/index.php\/2018\/06\/14\/trabajar-por-la-igualdad-de-genero-no-solo-es-lo-correcto-sino-tambien-lo-mas-inteligente-el-pais\/","url":"https:\/\/rafaramirez.org\/blog\/index.php\/2018\/06\/14\/trabajar-por-la-igualdad-de-genero-no-solo-es-lo-correcto-sino-tambien-lo-mas-inteligente-el-pais\/","name":"\u201cTrabajar por la igualdad de g\u00e9nero no solo es lo correcto, sino tambi\u00e9n lo m\u00e1s inteligente\u201d - El Pa\u00eds - Blog de Rafael Ram\u00edrez","isPartOf":{"@id":"https:\/\/rafaramirez.org\/blog\/#website"},"primaryImageOfPage":{"@id":"https:\/\/rafaramirez.org\/blog\/index.php\/2018\/06\/14\/trabajar-por-la-igualdad-de-genero-no-solo-es-lo-correcto-sino-tambien-lo-mas-inteligente-el-pais\/#primaryimage"},"image":{"@id":"https:\/\/rafaramirez.org\/blog\/index.php\/2018\/06\/14\/trabajar-por-la-igualdad-de-genero-no-solo-es-lo-correcto-sino-tambien-lo-mas-inteligente-el-pais\/#primaryimage"},"thumbnailUrl":"https:\/\/rafaramirez.org\/blog\/wp-content\/uploads\/2018\/06\/neven_mimica-1.jpg","datePublished":"2018-06-14T09:01:06+00:00","dateModified":"2019-04-10T15:30:50+00:00","breadcrumb":{"@id":"https:\/\/rafaramirez.org\/blog\/index.php\/2018\/06\/14\/trabajar-por-la-igualdad-de-genero-no-solo-es-lo-correcto-sino-tambien-lo-mas-inteligente-el-pais\/#breadcrumb"},"inLanguage":"es","potentialAction":[{"@type":"ReadAction","target":["https:\/\/rafaramirez.org\/blog\/index.php\/2018\/06\/14\/trabajar-por-la-igualdad-de-genero-no-solo-es-lo-correcto-sino-tambien-lo-mas-inteligente-el-pais\/"]}]},{"@type":"ImageObject","inLanguage":"es","@id":"https:\/\/rafaramirez.org\/blog\/index.php\/2018\/06\/14\/trabajar-por-la-igualdad-de-genero-no-solo-es-lo-correcto-sino-tambien-lo-mas-inteligente-el-pais\/#primaryimage","url":"https:\/\/rafaramirez.org\/blog\/wp-content\/uploads\/2018\/06\/neven_mimica-1.jpg","contentUrl":"https:\/\/rafaramirez.org\/blog\/wp-content\/uploads\/2018\/06\/neven_mimica-1.jpg","width":1024,"height":684},{"@type":"BreadcrumbList","@id":"https:\/\/rafaramirez.org\/blog\/index.php\/2018\/06\/14\/trabajar-por-la-igualdad-de-genero-no-solo-es-lo-correcto-sino-tambien-lo-mas-inteligente-el-pais\/#breadcrumb","itemListElement":[{"@type":"ListItem","position":1,"name":"Portada","item":"https:\/\/rafaramirez.org\/blog\/"},{"@type":"ListItem","position":2,"name":"\u201cTrabajar por la igualdad de g\u00e9nero no solo es lo correcto, sino tambi\u00e9n lo m\u00e1s inteligente\u201d &#8211; El Pa\u00eds"}]},{"@type":"WebSite","@id":"https:\/\/rafaramirez.org\/blog\/#website","url":"https:\/\/rafaramirez.org\/blog\/","name":"Blog de Rafael Ram\u00edrez","description":"Un sitio social, de arte y cultura","publisher":{"@id":"https:\/\/rafaramirez.org\/blog\/#\/schema\/person\/50f43b6d60c578760d4c17bda54ab6a5"},"potentialAction":[{"@type":"SearchAction","target":{"@type":"EntryPoint","urlTemplate":"https:\/\/rafaramirez.org\/blog\/?s={search_term_string}"},"query-input":{"@type":"PropertyValueSpecification","valueRequired":true,"valueName":"search_term_string"}}],"inLanguage":"es"},{"@type":["Person","Organization"],"@id":"https:\/\/rafaramirez.org\/blog\/#\/schema\/person\/50f43b6d60c578760d4c17bda54ab6a5","name":"Rafael Ram\u00edrez","image":{"@type":"ImageObject","inLanguage":"es","@id":"https:\/\/rafaramirez.org\/blog\/wp-content\/uploads\/2024\/09\/RR_socialnetwork.jpg","url":"https:\/\/rafaramirez.org\/blog\/wp-content\/uploads\/2024\/09\/RR_socialnetwork.jpg","contentUrl":"https:\/\/rafaramirez.org\/blog\/wp-content\/uploads\/2024\/09\/RR_socialnetwork.jpg","width":600,"height":606,"caption":"Rafael Ram\u00edrez"},"logo":{"@id":"https:\/\/rafaramirez.org\/blog\/wp-content\/uploads\/2024\/09\/RR_socialnetwork.jpg"},"sameAs":["https:\/\/www.rafaramirez.org\/blog","https:\/\/www.instagram.com\/rafaramirez_ok\/","https:\/\/es.pinterest.com\/Ramirez_Rafa\/","https:\/\/x.com\/rafaramirez_ok"],"url":"https:\/\/rafaramirez.org\/blog\/index.php\/author\/rafaell_qm6j97da\/"}]}},"jetpack_publicize_connections":[],"jetpack_sharing_enabled":true,"jetpack_likes_enabled":true,"jetpack_featured_media_url":"https:\/\/rafaramirez.org\/blog\/wp-content\/uploads\/2018\/06\/neven_mimica-1.jpg","_links":{"self":[{"href":"https:\/\/rafaramirez.org\/blog\/index.php\/wp-json\/wp\/v2\/posts\/2001","targetHints":{"allow":["GET"]}}],"collection":[{"href":"https:\/\/rafaramirez.org\/blog\/index.php\/wp-json\/wp\/v2\/posts"}],"about":[{"href":"https:\/\/rafaramirez.org\/blog\/index.php\/wp-json\/wp\/v2\/types\/post"}],"author":[{"embeddable":true,"href":"https:\/\/rafaramirez.org\/blog\/index.php\/wp-json\/wp\/v2\/users\/1"}],"replies":[{"embeddable":true,"href":"https:\/\/rafaramirez.org\/blog\/index.php\/wp-json\/wp\/v2\/comments?post=2001"}],"version-history":[{"count":1,"href":"https:\/\/rafaramirez.org\/blog\/index.php\/wp-json\/wp\/v2\/posts\/2001\/revisions"}],"predecessor-version":[{"id":2086,"href":"https:\/\/rafaramirez.org\/blog\/index.php\/wp-json\/wp\/v2\/posts\/2001\/revisions\/2086"}],"wp:featuredmedia":[{"embeddable":true,"href":"https:\/\/rafaramirez.org\/blog\/index.php\/wp-json\/wp\/v2\/media\/2085"}],"wp:attachment":[{"href":"https:\/\/rafaramirez.org\/blog\/index.php\/wp-json\/wp\/v2\/media?parent=2001"}],"wp:term":[{"taxonomy":"category","embeddable":true,"href":"https:\/\/rafaramirez.org\/blog\/index.php\/wp-json\/wp\/v2\/categories?post=2001"},{"taxonomy":"post_tag","embeddable":true,"href":"https:\/\/rafaramirez.org\/blog\/index.php\/wp-json\/wp\/v2\/tags?post=2001"}],"curies":[{"name":"wp","href":"https:\/\/api.w.org\/{rel}","templated":true}]}}