{"id":1868,"date":"2017-04-20T17:42:08","date_gmt":"2017-04-20T15:42:08","guid":{"rendered":"http:\/\/blog.rafaramirez.org\/?p=1868"},"modified":"2024-01-09T18:26:45","modified_gmt":"2024-01-09T17:26:45","slug":"estanteria-de-diseno","status":"publish","type":"post","link":"https:\/\/rafaramirez.org\/blog\/index.php\/2017\/04\/20\/estanteria-de-diseno\/","title":{"rendered":"Estanter\u00eda de dise\u00f1o"},"content":{"rendered":"<p>Hola amig@s aqu\u00ed os muestro esta estanter\u00eda que he dise\u00f1ado y\u00a0construido\u00a0a medida.<\/p>\n<p>Quer\u00eda que dentro del estilo que buscaba fuese\u00a0de un ancho y\u00a0fondo concretos\u00a0y no encontr\u00e9 nada en el mercado que satisficiera las necesidades de espacio en\u00a0la habitaci\u00f3n por lo que la mejor opci\u00f3n\u00a0fue hacerla.<\/p>\n<p>Est\u00e1 realizada en madera natural de abeto y haya,\u00a0tubos de cobre \u00a0y herrajes de acero\u00a0en el\u00a0mismo color.<\/p>\n<p>&nbsp;<\/p>\n<p><a href=\"https:\/\/rafaramirez.org\/blog\/wp-content\/uploads\/2017\/03\/ESTANTERIA5.jpg\" target=\"_blank\" rel=\"noopener noreferrer\"><img loading=\"lazy\" decoding=\"async\" class=\"alignnone wp-image-1873 size-full\" src=\"https:\/\/rafaramirez.org\/blog\/wp-content\/uploads\/2017\/03\/ESTANTERIA5.jpg\" alt=\"\" width=\"500\" height=\"800\" \/><\/a><\/p>\n<p><a href=\"https:\/\/rafaramirez.org\/blog\/wp-content\/uploads\/2017\/04\/ESTANTERIA.jpg\" target=\"_blank\" rel=\"noopener noreferrer\"><img loading=\"lazy\" decoding=\"async\" class=\"alignnone wp-image-1874 size-full\" src=\"https:\/\/rafaramirez.org\/blog\/wp-content\/uploads\/2017\/04\/ESTANTERIA.jpg\" alt=\"\" width=\"550\" height=\"800\" \/><\/a><\/p>\n<p><a href=\"https:\/\/rafaramirez.org\/blog\/wp-content\/uploads\/2017\/04\/ESTANTERIA3.jpg\" target=\"_blank\" rel=\"noopener noreferrer\"><img loading=\"lazy\" decoding=\"async\" class=\"alignnone wp-image-1875 size-full\" src=\"https:\/\/rafaramirez.org\/blog\/wp-content\/uploads\/2017\/04\/ESTANTERIA3.jpg\" alt=\"\" width=\"800\" height=\"600\" \/><\/a><\/p>\n<p><a href=\"https:\/\/rafaramirez.org\/blog\/wp-content\/uploads\/2017\/04\/ESTANTERIA4.jpg\" target=\"_blank\" rel=\"noopener noreferrer\"><img loading=\"lazy\" decoding=\"async\" class=\"alignnone wp-image-1876 size-full\" src=\"https:\/\/rafaramirez.org\/blog\/wp-content\/uploads\/2017\/04\/ESTANTERIA4.jpg\" alt=\"\" width=\"800\" height=\"600\" \/><\/a><\/p>\n<p>&nbsp;<\/p>\n<p>&nbsp;<\/p>\n","protected":false},"excerpt":{"rendered":"<p>Hola amig@s aqu\u00ed os muestro esta estanter\u00eda que he dise\u00f1ado y\u00a0construido\u00a0a medida. Quer\u00eda que dentro del estilo que buscaba fuese\u00a0de un ancho y\u00a0fondo concretos\u00a0y no encontr\u00e9 nada en el mercado que satisficiera las necesidades de espacio en\u00a0la habitaci\u00f3n por lo que la mejor opci\u00f3n\u00a0fue hacerla. Est\u00e1 realizada en madera natural de abeto y haya,\u00a0tubos de [&hellip;]<\/p>\n","protected":false},"author":1,"featured_media":2104,"comment_status":"open","ping_status":"closed","sticky":false,"template":"","format":"standard","meta":{"site-container-style":"default","site-container-layout":"default","site-sidebar-layout":"default","disable-article-header":"default","disable-site-header":"default","disable-site-footer":"default","disable-content-area-spacing":"default","_jetpack_newsletter_access":"","_jetpack_dont_email_post_to_subs":false,"_jetpack_newsletter_tier_id":0,"_jetpack_memberships_contains_paywalled_content":false,"_jetpack_feature_clip_id":0,"_jetpack_memberships_contains_paid_content":false,"footnotes":"","jetpack_publicize_message":"","jetpack_publicize_feature_enabled":true,"jetpack_social_post_already_shared":true,"jetpack_social_options":{"image_generator_settings":{"template":"highway","default_image_id":0,"font":"","enabled":false},"version":2},"jetpack_post_was_ever_published":false},"categories":[5],"tags":[139,145,170,171,172,173],"class_list":["post-1868","post","type-post","status-publish","format-standard","has-post-thumbnail","hentry","category-manualidades","tag-destacado","tag-diseno-de-estanteria","tag-estanteria-a-medida","tag-estanteria-de-madera-y-metal","tag-estanteria-industrial","tag-estanteria-vintage"],"yoast_head":"<!-- This site is optimized with the Yoast SEO plugin v28.4 - https:\/\/yoast.com\/product\/yoast-seo-wordpress\/ -->\n<title>Estanter\u00eda de dise\u00f1o - Blog de Rafael Ram\u00edrez<\/title>\n<meta name=\"robots\" content=\"index, follow, max-snippet:-1, max-image-preview:large, max-video-preview:-1\" \/>\n<link rel=\"canonical\" href=\"https:\/\/rafaramirez.org\/blog\/index.php\/2017\/04\/20\/estanteria-de-diseno\/\" \/>\n<meta property=\"og:locale\" content=\"es_ES\" \/>\n<meta property=\"og:type\" content=\"article\" \/>\n<meta property=\"og:title\" content=\"Estanter\u00eda de dise\u00f1o - Blog de Rafael Ram\u00edrez\" \/>\n<meta property=\"og:description\" content=\"Hola amig@s aqu\u00ed os muestro esta estanter\u00eda que he dise\u00f1ado y\u00a0construido\u00a0a medida. Quer\u00eda que dentro del estilo que buscaba fuese\u00a0de un ancho y\u00a0fondo concretos\u00a0y no encontr\u00e9 nada en el mercado que satisficiera las necesidades de espacio en\u00a0la habitaci\u00f3n por lo que la mejor opci\u00f3n\u00a0fue hacerla. Est\u00e1 realizada en madera natural de abeto y haya,\u00a0tubos de [&hellip;]\" \/>\n<meta property=\"og:url\" content=\"https:\/\/rafaramirez.org\/blog\/index.php\/2017\/04\/20\/estanteria-de-diseno\/\" \/>\n<meta property=\"og:site_name\" content=\"Blog de Rafael Ram\u00edrez\" \/>\n<meta property=\"article:published_time\" content=\"2017-04-20T15:42:08+00:00\" \/>\n<meta property=\"article:modified_time\" content=\"2024-01-09T17:26:45+00:00\" \/>\n<meta property=\"og:image\" content=\"https:\/\/rafaramirez.org\/blog\/wp-content\/uploads\/2017\/04\/ESTANTERIA_MED-1.jpg\" \/>\n\t<meta property=\"og:image:width\" content=\"600\" \/>\n\t<meta property=\"og:image:height\" content=\"450\" \/>\n\t<meta property=\"og:image:type\" content=\"image\/jpeg\" \/>\n<meta name=\"author\" content=\"Rafael Ram\u00edrez\" \/>\n<meta name=\"twitter:card\" content=\"summary_large_image\" \/>\n<meta name=\"twitter:creator\" content=\"@rafaramirez_ok\" \/>\n<meta name=\"twitter:site\" content=\"@rafaramirez_ok\" \/>\n<meta name=\"twitter:label1\" content=\"Escrito por\" \/>\n\t<meta name=\"twitter:data1\" content=\"Rafael Ram\u00edrez\" \/>\n<script type=\"application\/ld+json\" class=\"yoast-schema-graph\">{\"@context\":\"https:\\\/\\\/schema.org\",\"@graph\":[{\"@type\":\"Article\",\"@id\":\"https:\\\/\\\/rafaramirez.org\\\/blog\\\/index.php\\\/2017\\\/04\\\/20\\\/estanteria-de-diseno\\\/#article\",\"isPartOf\":{\"@id\":\"https:\\\/\\\/rafaramirez.org\\\/blog\\\/index.php\\\/2017\\\/04\\\/20\\\/estanteria-de-diseno\\\/\"},\"author\":{\"name\":\"Rafael Ram\u00edrez\",\"@id\":\"https:\\\/\\\/rafaramirez.org\\\/blog\\\/#\\\/schema\\\/person\\\/50f43b6d60c578760d4c17bda54ab6a5\"},\"headline\":\"Estanter\u00eda de dise\u00f1o\",\"datePublished\":\"2017-04-20T15:42:08+00:00\",\"dateModified\":\"2024-01-09T17:26:45+00:00\",\"mainEntityOfPage\":{\"@id\":\"https:\\\/\\\/rafaramirez.org\\\/blog\\\/index.php\\\/2017\\\/04\\\/20\\\/estanteria-de-diseno\\\/\"},\"wordCount\":86,\"commentCount\":0,\"publisher\":{\"@id\":\"https:\\\/\\\/rafaramirez.org\\\/blog\\\/#\\\/schema\\\/person\\\/50f43b6d60c578760d4c17bda54ab6a5\"},\"image\":{\"@id\":\"https:\\\/\\\/rafaramirez.org\\\/blog\\\/index.php\\\/2017\\\/04\\\/20\\\/estanteria-de-diseno\\\/#primaryimage\"},\"thumbnailUrl\":\"https:\\\/\\\/rafaramirez.org\\\/blog\\\/wp-content\\\/uploads\\\/2017\\\/04\\\/ESTANTERIA_MED-1.jpg\",\"keywords\":[\"destacado\",\"dise\u00f1o de estanter\u00eda\",\"estanter\u00eda a medida\",\"estanter\u00eda de madera y metal\",\"estanter\u00eda industrial\",\"estanter\u00eda vintage\"],\"articleSection\":[\"Manualidades\"],\"inLanguage\":\"es\",\"potentialAction\":[{\"@type\":\"CommentAction\",\"name\":\"Comment\",\"target\":[\"https:\\\/\\\/rafaramirez.org\\\/blog\\\/index.php\\\/2017\\\/04\\\/20\\\/estanteria-de-diseno\\\/#respond\"]}]},{\"@type\":\"WebPage\",\"@id\":\"https:\\\/\\\/rafaramirez.org\\\/blog\\\/index.php\\\/2017\\\/04\\\/20\\\/estanteria-de-diseno\\\/\",\"url\":\"https:\\\/\\\/rafaramirez.org\\\/blog\\\/index.php\\\/2017\\\/04\\\/20\\\/estanteria-de-diseno\\\/\",\"name\":\"Estanter\u00eda de dise\u00f1o - Blog de Rafael Ram\u00edrez\",\"isPartOf\":{\"@id\":\"https:\\\/\\\/rafaramirez.org\\\/blog\\\/#website\"},\"primaryImageOfPage\":{\"@id\":\"https:\\\/\\\/rafaramirez.org\\\/blog\\\/index.php\\\/2017\\\/04\\\/20\\\/estanteria-de-diseno\\\/#primaryimage\"},\"image\":{\"@id\":\"https:\\\/\\\/rafaramirez.org\\\/blog\\\/index.php\\\/2017\\\/04\\\/20\\\/estanteria-de-diseno\\\/#primaryimage\"},\"thumbnailUrl\":\"https:\\\/\\\/rafaramirez.org\\\/blog\\\/wp-content\\\/uploads\\\/2017\\\/04\\\/ESTANTERIA_MED-1.jpg\",\"datePublished\":\"2017-04-20T15:42:08+00:00\",\"dateModified\":\"2024-01-09T17:26:45+00:00\",\"breadcrumb\":{\"@id\":\"https:\\\/\\\/rafaramirez.org\\\/blog\\\/index.php\\\/2017\\\/04\\\/20\\\/estanteria-de-diseno\\\/#breadcrumb\"},\"inLanguage\":\"es\",\"potentialAction\":[{\"@type\":\"ReadAction\",\"target\":[\"https:\\\/\\\/rafaramirez.org\\\/blog\\\/index.php\\\/2017\\\/04\\\/20\\\/estanteria-de-diseno\\\/\"]}]},{\"@type\":\"ImageObject\",\"inLanguage\":\"es\",\"@id\":\"https:\\\/\\\/rafaramirez.org\\\/blog\\\/index.php\\\/2017\\\/04\\\/20\\\/estanteria-de-diseno\\\/#primaryimage\",\"url\":\"https:\\\/\\\/rafaramirez.org\\\/blog\\\/wp-content\\\/uploads\\\/2017\\\/04\\\/ESTANTERIA_MED-1.jpg\",\"contentUrl\":\"https:\\\/\\\/rafaramirez.org\\\/blog\\\/wp-content\\\/uploads\\\/2017\\\/04\\\/ESTANTERIA_MED-1.jpg\",\"width\":600,\"height\":450},{\"@type\":\"BreadcrumbList\",\"@id\":\"https:\\\/\\\/rafaramirez.org\\\/blog\\\/index.php\\\/2017\\\/04\\\/20\\\/estanteria-de-diseno\\\/#breadcrumb\",\"itemListElement\":[{\"@type\":\"ListItem\",\"position\":1,\"name\":\"Portada\",\"item\":\"https:\\\/\\\/rafaramirez.org\\\/blog\\\/\"},{\"@type\":\"ListItem\",\"position\":2,\"name\":\"Estanter\u00eda de dise\u00f1o\"}]},{\"@type\":\"WebSite\",\"@id\":\"https:\\\/\\\/rafaramirez.org\\\/blog\\\/#website\",\"url\":\"https:\\\/\\\/rafaramirez.org\\\/blog\\\/\",\"name\":\"Blog de Rafael Ram\u00edrez\",\"description\":\"Un sitio social, de arte y cultura\",\"publisher\":{\"@id\":\"https:\\\/\\\/rafaramirez.org\\\/blog\\\/#\\\/schema\\\/person\\\/50f43b6d60c578760d4c17bda54ab6a5\"},\"potentialAction\":[{\"@type\":\"SearchAction\",\"target\":{\"@type\":\"EntryPoint\",\"urlTemplate\":\"https:\\\/\\\/rafaramirez.org\\\/blog\\\/?s={search_term_string}\"},\"query-input\":{\"@type\":\"PropertyValueSpecification\",\"valueRequired\":true,\"valueName\":\"search_term_string\"}}],\"inLanguage\":\"es\"},{\"@type\":[\"Person\",\"Organization\"],\"@id\":\"https:\\\/\\\/rafaramirez.org\\\/blog\\\/#\\\/schema\\\/person\\\/50f43b6d60c578760d4c17bda54ab6a5\",\"name\":\"Rafael Ram\u00edrez\",\"image\":{\"@type\":\"ImageObject\",\"inLanguage\":\"es\",\"@id\":\"https:\\\/\\\/rafaramirez.org\\\/blog\\\/wp-content\\\/uploads\\\/2024\\\/09\\\/RR_socialnetwork.jpg\",\"url\":\"https:\\\/\\\/rafaramirez.org\\\/blog\\\/wp-content\\\/uploads\\\/2024\\\/09\\\/RR_socialnetwork.jpg\",\"contentUrl\":\"https:\\\/\\\/rafaramirez.org\\\/blog\\\/wp-content\\\/uploads\\\/2024\\\/09\\\/RR_socialnetwork.jpg\",\"width\":600,\"height\":606,\"caption\":\"Rafael Ram\u00edrez\"},\"logo\":{\"@id\":\"https:\\\/\\\/rafaramirez.org\\\/blog\\\/wp-content\\\/uploads\\\/2024\\\/09\\\/RR_socialnetwork.jpg\"},\"sameAs\":[\"https:\\\/\\\/www.rafaramirez.org\\\/blog\",\"https:\\\/\\\/www.instagram.com\\\/rafaramirez_ok\\\/\",\"https:\\\/\\\/es.pinterest.com\\\/Ramirez_Rafa\\\/\",\"https:\\\/\\\/x.com\\\/rafaramirez_ok\"],\"url\":\"https:\\\/\\\/rafaramirez.org\\\/blog\\\/index.php\\\/author\\\/rafaell_qm6j97da\\\/\"}]}<\/script>\n<!-- \/ Yoast SEO plugin. -->","yoast_head_json":{"title":"Estanter\u00eda de dise\u00f1o - Blog de Rafael Ram\u00edrez","robots":{"index":"index","follow":"follow","max-snippet":"max-snippet:-1","max-image-preview":"max-image-preview:large","max-video-preview":"max-video-preview:-1"},"canonical":"https:\/\/rafaramirez.org\/blog\/index.php\/2017\/04\/20\/estanteria-de-diseno\/","og_locale":"es_ES","og_type":"article","og_title":"Estanter\u00eda de dise\u00f1o - Blog de Rafael Ram\u00edrez","og_description":"Hola amig@s aqu\u00ed os muestro esta estanter\u00eda que he dise\u00f1ado y\u00a0construido\u00a0a medida. Quer\u00eda que dentro del estilo que buscaba fuese\u00a0de un ancho y\u00a0fondo concretos\u00a0y no encontr\u00e9 nada en el mercado que satisficiera las necesidades de espacio en\u00a0la habitaci\u00f3n por lo que la mejor opci\u00f3n\u00a0fue hacerla. Est\u00e1 realizada en madera natural de abeto y haya,\u00a0tubos de [&hellip;]","og_url":"https:\/\/rafaramirez.org\/blog\/index.php\/2017\/04\/20\/estanteria-de-diseno\/","og_site_name":"Blog de Rafael Ram\u00edrez","article_published_time":"2017-04-20T15:42:08+00:00","article_modified_time":"2024-01-09T17:26:45+00:00","og_image":[{"width":600,"height":450,"url":"https:\/\/rafaramirez.org\/blog\/wp-content\/uploads\/2017\/04\/ESTANTERIA_MED-1.jpg","type":"image\/jpeg"}],"author":"Rafael Ram\u00edrez","twitter_card":"summary_large_image","twitter_creator":"@rafaramirez_ok","twitter_site":"@rafaramirez_ok","twitter_misc":{"Escrito por":"Rafael Ram\u00edrez"},"schema":{"@context":"https:\/\/schema.org","@graph":[{"@type":"Article","@id":"https:\/\/rafaramirez.org\/blog\/index.php\/2017\/04\/20\/estanteria-de-diseno\/#article","isPartOf":{"@id":"https:\/\/rafaramirez.org\/blog\/index.php\/2017\/04\/20\/estanteria-de-diseno\/"},"author":{"name":"Rafael Ram\u00edrez","@id":"https:\/\/rafaramirez.org\/blog\/#\/schema\/person\/50f43b6d60c578760d4c17bda54ab6a5"},"headline":"Estanter\u00eda de dise\u00f1o","datePublished":"2017-04-20T15:42:08+00:00","dateModified":"2024-01-09T17:26:45+00:00","mainEntityOfPage":{"@id":"https:\/\/rafaramirez.org\/blog\/index.php\/2017\/04\/20\/estanteria-de-diseno\/"},"wordCount":86,"commentCount":0,"publisher":{"@id":"https:\/\/rafaramirez.org\/blog\/#\/schema\/person\/50f43b6d60c578760d4c17bda54ab6a5"},"image":{"@id":"https:\/\/rafaramirez.org\/blog\/index.php\/2017\/04\/20\/estanteria-de-diseno\/#primaryimage"},"thumbnailUrl":"https:\/\/rafaramirez.org\/blog\/wp-content\/uploads\/2017\/04\/ESTANTERIA_MED-1.jpg","keywords":["destacado","dise\u00f1o de estanter\u00eda","estanter\u00eda a medida","estanter\u00eda de madera y metal","estanter\u00eda industrial","estanter\u00eda vintage"],"articleSection":["Manualidades"],"inLanguage":"es","potentialAction":[{"@type":"CommentAction","name":"Comment","target":["https:\/\/rafaramirez.org\/blog\/index.php\/2017\/04\/20\/estanteria-de-diseno\/#respond"]}]},{"@type":"WebPage","@id":"https:\/\/rafaramirez.org\/blog\/index.php\/2017\/04\/20\/estanteria-de-diseno\/","url":"https:\/\/rafaramirez.org\/blog\/index.php\/2017\/04\/20\/estanteria-de-diseno\/","name":"Estanter\u00eda de dise\u00f1o - Blog de Rafael Ram\u00edrez","isPartOf":{"@id":"https:\/\/rafaramirez.org\/blog\/#website"},"primaryImageOfPage":{"@id":"https:\/\/rafaramirez.org\/blog\/index.php\/2017\/04\/20\/estanteria-de-diseno\/#primaryimage"},"image":{"@id":"https:\/\/rafaramirez.org\/blog\/index.php\/2017\/04\/20\/estanteria-de-diseno\/#primaryimage"},"thumbnailUrl":"https:\/\/rafaramirez.org\/blog\/wp-content\/uploads\/2017\/04\/ESTANTERIA_MED-1.jpg","datePublished":"2017-04-20T15:42:08+00:00","dateModified":"2024-01-09T17:26:45+00:00","breadcrumb":{"@id":"https:\/\/rafaramirez.org\/blog\/index.php\/2017\/04\/20\/estanteria-de-diseno\/#breadcrumb"},"inLanguage":"es","potentialAction":[{"@type":"ReadAction","target":["https:\/\/rafaramirez.org\/blog\/index.php\/2017\/04\/20\/estanteria-de-diseno\/"]}]},{"@type":"ImageObject","inLanguage":"es","@id":"https:\/\/rafaramirez.org\/blog\/index.php\/2017\/04\/20\/estanteria-de-diseno\/#primaryimage","url":"https:\/\/rafaramirez.org\/blog\/wp-content\/uploads\/2017\/04\/ESTANTERIA_MED-1.jpg","contentUrl":"https:\/\/rafaramirez.org\/blog\/wp-content\/uploads\/2017\/04\/ESTANTERIA_MED-1.jpg","width":600,"height":450},{"@type":"BreadcrumbList","@id":"https:\/\/rafaramirez.org\/blog\/index.php\/2017\/04\/20\/estanteria-de-diseno\/#breadcrumb","itemListElement":[{"@type":"ListItem","position":1,"name":"Portada","item":"https:\/\/rafaramirez.org\/blog\/"},{"@type":"ListItem","position":2,"name":"Estanter\u00eda de dise\u00f1o"}]},{"@type":"WebSite","@id":"https:\/\/rafaramirez.org\/blog\/#website","url":"https:\/\/rafaramirez.org\/blog\/","name":"Blog de Rafael Ram\u00edrez","description":"Un sitio social, de arte y cultura","publisher":{"@id":"https:\/\/rafaramirez.org\/blog\/#\/schema\/person\/50f43b6d60c578760d4c17bda54ab6a5"},"potentialAction":[{"@type":"SearchAction","target":{"@type":"EntryPoint","urlTemplate":"https:\/\/rafaramirez.org\/blog\/?s={search_term_string}"},"query-input":{"@type":"PropertyValueSpecification","valueRequired":true,"valueName":"search_term_string"}}],"inLanguage":"es"},{"@type":["Person","Organization"],"@id":"https:\/\/rafaramirez.org\/blog\/#\/schema\/person\/50f43b6d60c578760d4c17bda54ab6a5","name":"Rafael Ram\u00edrez","image":{"@type":"ImageObject","inLanguage":"es","@id":"https:\/\/rafaramirez.org\/blog\/wp-content\/uploads\/2024\/09\/RR_socialnetwork.jpg","url":"https:\/\/rafaramirez.org\/blog\/wp-content\/uploads\/2024\/09\/RR_socialnetwork.jpg","contentUrl":"https:\/\/rafaramirez.org\/blog\/wp-content\/uploads\/2024\/09\/RR_socialnetwork.jpg","width":600,"height":606,"caption":"Rafael Ram\u00edrez"},"logo":{"@id":"https:\/\/rafaramirez.org\/blog\/wp-content\/uploads\/2024\/09\/RR_socialnetwork.jpg"},"sameAs":["https:\/\/www.rafaramirez.org\/blog","https:\/\/www.instagram.com\/rafaramirez_ok\/","https:\/\/es.pinterest.com\/Ramirez_Rafa\/","https:\/\/x.com\/rafaramirez_ok"],"url":"https:\/\/rafaramirez.org\/blog\/index.php\/author\/rafaell_qm6j97da\/"}]}},"jetpack_publicize_connections":[],"jetpack_sharing_enabled":true,"jetpack_likes_enabled":true,"jetpack_featured_media_url":"https:\/\/rafaramirez.org\/blog\/wp-content\/uploads\/2017\/04\/ESTANTERIA_MED-1.jpg","_links":{"self":[{"href":"https:\/\/rafaramirez.org\/blog\/index.php\/wp-json\/wp\/v2\/posts\/1868","targetHints":{"allow":["GET"]}}],"collection":[{"href":"https:\/\/rafaramirez.org\/blog\/index.php\/wp-json\/wp\/v2\/posts"}],"about":[{"href":"https:\/\/rafaramirez.org\/blog\/index.php\/wp-json\/wp\/v2\/types\/post"}],"author":[{"embeddable":true,"href":"https:\/\/rafaramirez.org\/blog\/index.php\/wp-json\/wp\/v2\/users\/1"}],"replies":[{"embeddable":true,"href":"https:\/\/rafaramirez.org\/blog\/index.php\/wp-json\/wp\/v2\/comments?post=1868"}],"version-history":[{"count":7,"href":"https:\/\/rafaramirez.org\/blog\/index.php\/wp-json\/wp\/v2\/posts\/1868\/revisions"}],"predecessor-version":[{"id":2841,"href":"https:\/\/rafaramirez.org\/blog\/index.php\/wp-json\/wp\/v2\/posts\/1868\/revisions\/2841"}],"wp:featuredmedia":[{"embeddable":true,"href":"https:\/\/rafaramirez.org\/blog\/index.php\/wp-json\/wp\/v2\/media\/2104"}],"wp:attachment":[{"href":"https:\/\/rafaramirez.org\/blog\/index.php\/wp-json\/wp\/v2\/media?parent=1868"}],"wp:term":[{"taxonomy":"category","embeddable":true,"href":"https:\/\/rafaramirez.org\/blog\/index.php\/wp-json\/wp\/v2\/categories?post=1868"},{"taxonomy":"post_tag","embeddable":true,"href":"https:\/\/rafaramirez.org\/blog\/index.php\/wp-json\/wp\/v2\/tags?post=1868"}],"curies":[{"name":"wp","href":"https:\/\/api.w.org\/{rel}","templated":true}]}}