{"id":149,"date":"2009-04-07T22:25:02","date_gmt":"2009-04-07T20:25:02","guid":{"rendered":"http:\/\/rafaelramirez.co.cc\/?p=149"},"modified":"2024-03-11T19:45:26","modified_gmt":"2024-03-11T18:45:26","slug":"joaquin-sorolla-el-maestro-de-la-luz","status":"publish","type":"post","link":"https:\/\/rafaramirez.org\/blog\/index.php\/2009\/04\/07\/joaquin-sorolla-el-maestro-de-la-luz\/","title":{"rendered":"Joaqu\u00edn Sorolla: el maestro de la luz"},"content":{"rendered":"<p><iframe loading=\"lazy\" src=\"https:\/\/www.youtube.com\/embed\/wkx1zytNlxg\" width=\"560\" height=\"315\" frameborder=\"0\" allowfullscreen=\"allowfullscreen\"><\/iframe><br \/>\nOtro gran genio de la pintura universal al que admiro&#8230;\u00a0el maestro de la luz.<\/p>\n<p>Por cierto que del<strong> 26 de Mayo al 6 de Septiembre <\/strong>el Museo del Prado albergar\u00e1 una exposici\u00f3n antol\u00f3gica del genial pintor, para no perder esta oportunidad aquellos que podais visitar Madrid en esas fechas.<\/p>\n<p>Mayor informaci\u00f3n en la p\u00e1gina del museo:<br \/>\n<a href=\"http:\/\/www.museodelprado.es\/pagina-principal\/exposiciones\/info\/en-el-museo\/joaquin-sorolla-1863-1923\/\" target=\"_blank\" rel=\"noopener noreferrer\">http:\/\/www.museodelprado.es\/pagina-principal\/exposiciones\/info\/en-el-museo\/joaquin-sorolla-1863-1923\/<\/a><\/p>\n<p>Tambi\u00e9n existe el museo permanente de Joaqu\u00edn Sorolla en Madrid, su sitio web es: <a href=\"https:\/\/www.cultura.gob.es\/msorolla\/inicio.html\" target=\"_blank\" rel=\"noopener\">https:\/\/www.cultura.gob.es\/msorolla\/inicio.html<\/a><\/p>\n<blockquote><p><strong>Joaqu\u00edn Sorolla &#8211;\u00a0Breve biograf\u00eda.<\/strong><\/p>\n<p>(Valencia, 1863-Cercedilla, Espa\u00f1a, 1923)<\/p>\n<p>Pintor espa\u00f1ol.<\/p>\n<p>Se form\u00f3 en su ciudad natal con el escultor Capuz, estudiando las obras del Museo del Prado y gracias a una beca que le permiti\u00f3 residir y estudiar en Roma de 1884 a 1889. En esta \u00e9poca se dedic\u00f3 sobre todo a cuadros de tem\u00e1tica hist\u00f3rica, que no ofrecen demasiado inter\u00e9s.<\/p>\n<p class=\"biog\">Un viaje a Par\u00eds en 1894 lo puso en contacto con la pintura impresionista, lo que supuso una verdadera revoluci\u00f3n en su estilo. Abandon\u00f3 los temas anteriores y comenz\u00f3 a pintar al aire libre, dej\u00e1ndose invadir por la luz y el color del Mediterr\u00e1neo. Son precisamente las obras de colores claros y pincelada vigorosa que reproducen escenas a orillas del mar las que m\u00e1s se identifican con el arte de Sorolla.<\/p>\n<p class=\"biog\">Sin embargo, fue un artista muy activo, que realiz\u00f3 tambi\u00e9n numerosos retratos de personalidades espa\u00f1olas y algunas obras de denuncia social (<em>\u00a1Y a\u00fan dicen que el pescado es caro!<\/em>) bajo la influencia de su amigo Blasco Ib\u00e1\u00f1ez.<\/p>\n<p class=\"biog\">Su estilo agradable y f\u00e1cil hizo que recibiera innumerables encargos, que le permitieron gozar de una desahogada posici\u00f3n social. Su fama rebas\u00f3 las fronteras espa\u00f1olas para extenderse por toda Europa y Estados Unidos, donde expuso en varias ocasiones y donde, de 1910 a 1920, pint\u00f3 una serie de murales con temas regionales para la Hispanic Society of America de Nueva York.<\/p>\n<figure id=\"attachment_154\" aria-describedby=\"caption-attachment-154\" style=\"width: 322px\" class=\"wp-caption aligncenter\"><a href=\"https:\/\/rafaramirez.org\/blog\/wp-content\/uploads\/2009\/04\/sorolla_autoportrait.jpg\"><img loading=\"lazy\" decoding=\"async\" class=\"size-full wp-image-154\" title=\"Joaqu\u00edn Sorolla. Autorretrato\" src=\"https:\/\/rafaramirez.org\/blog\/wp-content\/uploads\/2009\/04\/sorolla_autoportrait.jpg\" alt=\"Joaqu\u00edn Sorolla. Autorretrato\" width=\"322\" height=\"368\" \/><\/a><figcaption id=\"caption-attachment-154\" class=\"wp-caption-text\">Joaqu\u00edn Sorolla. Autorretrato<\/figcaption><\/figure>\n<p class=\"biog\">En el estilo m\u00e1s caracter\u00edstico de Sorolla, el de t\u00e9cnica y concepci\u00f3n impresionista, destaca la representaci\u00f3n de la figura humana (ni\u00f1os desnudos, mujeres con vestidos vaporosos) sobre un fondo de playa o de paisaje, donde los reflejos, las sombras, las transparencias, la intensidad de la luz y el color transfiguran la imagen y dan valor a temas en s\u00ed mismo intrascendentes.<\/p>\n<p class=\"biog\">Algunos cr\u00edticos consideran estas obras un cruce entre los impresionistas franceses y los acuarelistas ingleses. Existe una importante colecci\u00f3n de pintura suya en el Museo Sorolla de Madrid.<\/p>\n<\/blockquote>\n<p class=\"biog\">Fuente: Web <a href=\"http:\/\/www.biografiasyvidas.com\" target=\"_blank\" rel=\"noopener noreferrer\">www.biografiasyvidas.com<\/a><\/p>\n","protected":false},"excerpt":{"rendered":"<p>Otro gran genio de la pintura universal al que admiro&#8230;\u00a0el maestro de la luz. Por cierto que del 26 de Mayo al 6 de Septiembre el Museo del Prado albergar\u00e1 una exposici\u00f3n antol\u00f3gica del genial pintor, para no perder esta oportunidad aquellos que podais visitar Madrid en esas fechas. Mayor informaci\u00f3n en la p\u00e1gina del [&hellip;]<\/p>\n","protected":false},"author":1,"featured_media":2740,"comment_status":"open","ping_status":"closed","sticky":false,"template":"","format":"standard","meta":{"site-container-style":"default","site-container-layout":"default","site-sidebar-layout":"default","disable-article-header":"default","disable-site-header":"default","disable-site-footer":"default","disable-content-area-spacing":"default","_jetpack_newsletter_access":"","_jetpack_dont_email_post_to_subs":true,"_jetpack_newsletter_tier_id":0,"_jetpack_memberships_contains_paywalled_content":false,"_jetpack_feature_clip_id":0,"_jetpack_memberships_contains_paid_content":false,"footnotes":"","jetpack_publicize_message":"","jetpack_publicize_feature_enabled":true,"jetpack_social_post_already_shared":true,"jetpack_social_options":{"image_generator_settings":{"template":"highway","default_image_id":0,"font":"","enabled":false},"version":2},"jetpack_post_was_ever_published":false},"categories":[1290],"tags":[66,139,241,325,370,376,505],"class_list":["post-149","post","type-post","status-publish","format-standard","has-post-thumbnail","hentry","category-historia-del-arte","tag-biografia-de-sorolla","tag-destacado","tag-joaquin-sorolla","tag-noticias-culturales","tag-pintor-impresionista","tag-pintura-de-sorolla","tag-video-obras-de-sorolla"],"yoast_head":"<!-- This site is optimized with the Yoast SEO plugin v28.4 - https:\/\/yoast.com\/product\/yoast-seo-wordpress\/ -->\n<title>Joaqu\u00edn Sorolla: el maestro de la luz - Blog de Rafael Ram\u00edrez<\/title>\n<meta name=\"robots\" content=\"index, follow, max-snippet:-1, max-image-preview:large, max-video-preview:-1\" \/>\n<link rel=\"canonical\" href=\"https:\/\/rafaramirez.org\/blog\/index.php\/2009\/04\/07\/joaquin-sorolla-el-maestro-de-la-luz\/\" \/>\n<meta property=\"og:locale\" content=\"es_ES\" \/>\n<meta property=\"og:type\" content=\"article\" \/>\n<meta property=\"og:title\" content=\"Joaqu\u00edn Sorolla: el maestro de la luz - Blog de Rafael Ram\u00edrez\" \/>\n<meta property=\"og:description\" content=\"Otro gran genio de la pintura universal al que admiro&#8230;\u00a0el maestro de la luz. Por cierto que del 26 de Mayo al 6 de Septiembre el Museo del Prado albergar\u00e1 una exposici\u00f3n antol\u00f3gica del genial pintor, para no perder esta oportunidad aquellos que podais visitar Madrid en esas fechas. Mayor informaci\u00f3n en la p\u00e1gina del [&hellip;]\" \/>\n<meta property=\"og:url\" content=\"https:\/\/rafaramirez.org\/blog\/index.php\/2009\/04\/07\/joaquin-sorolla-el-maestro-de-la-luz\/\" \/>\n<meta property=\"og:site_name\" content=\"Blog de Rafael Ram\u00edrez\" \/>\n<meta property=\"article:published_time\" content=\"2009-04-07T20:25:02+00:00\" \/>\n<meta property=\"article:modified_time\" content=\"2024-03-11T18:45:26+00:00\" \/>\n<meta property=\"og:image\" content=\"https:\/\/rafaramirez.org\/blog\/wp-content\/uploads\/2009\/04\/Sorolla2-reduc.jpg\" \/>\n\t<meta property=\"og:image:width\" content=\"600\" \/>\n\t<meta property=\"og:image:height\" content=\"400\" \/>\n\t<meta property=\"og:image:type\" content=\"image\/jpeg\" \/>\n<meta name=\"author\" content=\"Rafael Ram\u00edrez\" \/>\n<meta name=\"twitter:card\" content=\"summary_large_image\" \/>\n<meta name=\"twitter:creator\" content=\"@rafaramirez_ok\" \/>\n<meta name=\"twitter:site\" content=\"@rafaramirez_ok\" \/>\n<meta name=\"twitter:label1\" content=\"Escrito por\" \/>\n\t<meta name=\"twitter:data1\" content=\"Rafael Ram\u00edrez\" \/>\n\t<meta name=\"twitter:label2\" content=\"Tiempo de lectura\" \/>\n\t<meta name=\"twitter:data2\" content=\"2 minutos\" \/>\n<script type=\"application\/ld+json\" class=\"yoast-schema-graph\">{\"@context\":\"https:\\\/\\\/schema.org\",\"@graph\":[{\"@type\":\"Article\",\"@id\":\"https:\\\/\\\/rafaramirez.org\\\/blog\\\/index.php\\\/2009\\\/04\\\/07\\\/joaquin-sorolla-el-maestro-de-la-luz\\\/#article\",\"isPartOf\":{\"@id\":\"https:\\\/\\\/rafaramirez.org\\\/blog\\\/index.php\\\/2009\\\/04\\\/07\\\/joaquin-sorolla-el-maestro-de-la-luz\\\/\"},\"author\":{\"name\":\"Rafael Ram\u00edrez\",\"@id\":\"https:\\\/\\\/rafaramirez.org\\\/blog\\\/#\\\/schema\\\/person\\\/50f43b6d60c578760d4c17bda54ab6a5\"},\"headline\":\"Joaqu\u00edn Sorolla: el maestro de la luz\",\"datePublished\":\"2009-04-07T20:25:02+00:00\",\"dateModified\":\"2024-03-11T18:45:26+00:00\",\"mainEntityOfPage\":{\"@id\":\"https:\\\/\\\/rafaramirez.org\\\/blog\\\/index.php\\\/2009\\\/04\\\/07\\\/joaquin-sorolla-el-maestro-de-la-luz\\\/\"},\"wordCount\":458,\"commentCount\":0,\"publisher\":{\"@id\":\"https:\\\/\\\/rafaramirez.org\\\/blog\\\/#\\\/schema\\\/person\\\/50f43b6d60c578760d4c17bda54ab6a5\"},\"image\":{\"@id\":\"https:\\\/\\\/rafaramirez.org\\\/blog\\\/index.php\\\/2009\\\/04\\\/07\\\/joaquin-sorolla-el-maestro-de-la-luz\\\/#primaryimage\"},\"thumbnailUrl\":\"https:\\\/\\\/rafaramirez.org\\\/blog\\\/wp-content\\\/uploads\\\/2009\\\/04\\\/Sorolla2-reduc.jpg\",\"keywords\":[\"biografia de Sorolla\",\"destacado\",\"Joaqu\u00edn Sorolla\",\"noticias culturales\",\"pintor impresionista\",\"pintura de sorolla\",\"video obras de sorolla\"],\"articleSection\":[\"Historia del arte\"],\"inLanguage\":\"es\",\"potentialAction\":[{\"@type\":\"CommentAction\",\"name\":\"Comment\",\"target\":[\"https:\\\/\\\/rafaramirez.org\\\/blog\\\/index.php\\\/2009\\\/04\\\/07\\\/joaquin-sorolla-el-maestro-de-la-luz\\\/#respond\"]}]},{\"@type\":\"WebPage\",\"@id\":\"https:\\\/\\\/rafaramirez.org\\\/blog\\\/index.php\\\/2009\\\/04\\\/07\\\/joaquin-sorolla-el-maestro-de-la-luz\\\/\",\"url\":\"https:\\\/\\\/rafaramirez.org\\\/blog\\\/index.php\\\/2009\\\/04\\\/07\\\/joaquin-sorolla-el-maestro-de-la-luz\\\/\",\"name\":\"Joaqu\u00edn Sorolla: el maestro de la luz - Blog de Rafael Ram\u00edrez\",\"isPartOf\":{\"@id\":\"https:\\\/\\\/rafaramirez.org\\\/blog\\\/#website\"},\"primaryImageOfPage\":{\"@id\":\"https:\\\/\\\/rafaramirez.org\\\/blog\\\/index.php\\\/2009\\\/04\\\/07\\\/joaquin-sorolla-el-maestro-de-la-luz\\\/#primaryimage\"},\"image\":{\"@id\":\"https:\\\/\\\/rafaramirez.org\\\/blog\\\/index.php\\\/2009\\\/04\\\/07\\\/joaquin-sorolla-el-maestro-de-la-luz\\\/#primaryimage\"},\"thumbnailUrl\":\"https:\\\/\\\/rafaramirez.org\\\/blog\\\/wp-content\\\/uploads\\\/2009\\\/04\\\/Sorolla2-reduc.jpg\",\"datePublished\":\"2009-04-07T20:25:02+00:00\",\"dateModified\":\"2024-03-11T18:45:26+00:00\",\"breadcrumb\":{\"@id\":\"https:\\\/\\\/rafaramirez.org\\\/blog\\\/index.php\\\/2009\\\/04\\\/07\\\/joaquin-sorolla-el-maestro-de-la-luz\\\/#breadcrumb\"},\"inLanguage\":\"es\",\"potentialAction\":[{\"@type\":\"ReadAction\",\"target\":[\"https:\\\/\\\/rafaramirez.org\\\/blog\\\/index.php\\\/2009\\\/04\\\/07\\\/joaquin-sorolla-el-maestro-de-la-luz\\\/\"]}]},{\"@type\":\"ImageObject\",\"inLanguage\":\"es\",\"@id\":\"https:\\\/\\\/rafaramirez.org\\\/blog\\\/index.php\\\/2009\\\/04\\\/07\\\/joaquin-sorolla-el-maestro-de-la-luz\\\/#primaryimage\",\"url\":\"https:\\\/\\\/rafaramirez.org\\\/blog\\\/wp-content\\\/uploads\\\/2009\\\/04\\\/Sorolla2-reduc.jpg\",\"contentUrl\":\"https:\\\/\\\/rafaramirez.org\\\/blog\\\/wp-content\\\/uploads\\\/2009\\\/04\\\/Sorolla2-reduc.jpg\",\"width\":600,\"height\":400},{\"@type\":\"BreadcrumbList\",\"@id\":\"https:\\\/\\\/rafaramirez.org\\\/blog\\\/index.php\\\/2009\\\/04\\\/07\\\/joaquin-sorolla-el-maestro-de-la-luz\\\/#breadcrumb\",\"itemListElement\":[{\"@type\":\"ListItem\",\"position\":1,\"name\":\"Portada\",\"item\":\"https:\\\/\\\/rafaramirez.org\\\/blog\\\/\"},{\"@type\":\"ListItem\",\"position\":2,\"name\":\"Joaqu\u00edn Sorolla: el maestro de la luz\"}]},{\"@type\":\"WebSite\",\"@id\":\"https:\\\/\\\/rafaramirez.org\\\/blog\\\/#website\",\"url\":\"https:\\\/\\\/rafaramirez.org\\\/blog\\\/\",\"name\":\"Blog de Rafael Ram\u00edrez\",\"description\":\"Un sitio social, de arte y cultura\",\"publisher\":{\"@id\":\"https:\\\/\\\/rafaramirez.org\\\/blog\\\/#\\\/schema\\\/person\\\/50f43b6d60c578760d4c17bda54ab6a5\"},\"potentialAction\":[{\"@type\":\"SearchAction\",\"target\":{\"@type\":\"EntryPoint\",\"urlTemplate\":\"https:\\\/\\\/rafaramirez.org\\\/blog\\\/?s={search_term_string}\"},\"query-input\":{\"@type\":\"PropertyValueSpecification\",\"valueRequired\":true,\"valueName\":\"search_term_string\"}}],\"inLanguage\":\"es\"},{\"@type\":[\"Person\",\"Organization\"],\"@id\":\"https:\\\/\\\/rafaramirez.org\\\/blog\\\/#\\\/schema\\\/person\\\/50f43b6d60c578760d4c17bda54ab6a5\",\"name\":\"Rafael Ram\u00edrez\",\"image\":{\"@type\":\"ImageObject\",\"inLanguage\":\"es\",\"@id\":\"https:\\\/\\\/rafaramirez.org\\\/blog\\\/wp-content\\\/uploads\\\/2024\\\/09\\\/RR_socialnetwork.jpg\",\"url\":\"https:\\\/\\\/rafaramirez.org\\\/blog\\\/wp-content\\\/uploads\\\/2024\\\/09\\\/RR_socialnetwork.jpg\",\"contentUrl\":\"https:\\\/\\\/rafaramirez.org\\\/blog\\\/wp-content\\\/uploads\\\/2024\\\/09\\\/RR_socialnetwork.jpg\",\"width\":600,\"height\":606,\"caption\":\"Rafael Ram\u00edrez\"},\"logo\":{\"@id\":\"https:\\\/\\\/rafaramirez.org\\\/blog\\\/wp-content\\\/uploads\\\/2024\\\/09\\\/RR_socialnetwork.jpg\"},\"sameAs\":[\"https:\\\/\\\/www.rafaramirez.org\\\/blog\",\"https:\\\/\\\/www.instagram.com\\\/rafaramirez_ok\\\/\",\"https:\\\/\\\/es.pinterest.com\\\/Ramirez_Rafa\\\/\",\"https:\\\/\\\/x.com\\\/rafaramirez_ok\"],\"url\":\"https:\\\/\\\/rafaramirez.org\\\/blog\\\/index.php\\\/author\\\/rafaell_qm6j97da\\\/\"}]}<\/script>\n<!-- \/ Yoast SEO plugin. -->","yoast_head_json":{"title":"Joaqu\u00edn Sorolla: el maestro de la luz - Blog de Rafael Ram\u00edrez","robots":{"index":"index","follow":"follow","max-snippet":"max-snippet:-1","max-image-preview":"max-image-preview:large","max-video-preview":"max-video-preview:-1"},"canonical":"https:\/\/rafaramirez.org\/blog\/index.php\/2009\/04\/07\/joaquin-sorolla-el-maestro-de-la-luz\/","og_locale":"es_ES","og_type":"article","og_title":"Joaqu\u00edn Sorolla: el maestro de la luz - Blog de Rafael Ram\u00edrez","og_description":"Otro gran genio de la pintura universal al que admiro&#8230;\u00a0el maestro de la luz. Por cierto que del 26 de Mayo al 6 de Septiembre el Museo del Prado albergar\u00e1 una exposici\u00f3n antol\u00f3gica del genial pintor, para no perder esta oportunidad aquellos que podais visitar Madrid en esas fechas. Mayor informaci\u00f3n en la p\u00e1gina del [&hellip;]","og_url":"https:\/\/rafaramirez.org\/blog\/index.php\/2009\/04\/07\/joaquin-sorolla-el-maestro-de-la-luz\/","og_site_name":"Blog de Rafael Ram\u00edrez","article_published_time":"2009-04-07T20:25:02+00:00","article_modified_time":"2024-03-11T18:45:26+00:00","og_image":[{"width":600,"height":400,"url":"https:\/\/rafaramirez.org\/blog\/wp-content\/uploads\/2009\/04\/Sorolla2-reduc.jpg","type":"image\/jpeg"}],"author":"Rafael Ram\u00edrez","twitter_card":"summary_large_image","twitter_creator":"@rafaramirez_ok","twitter_site":"@rafaramirez_ok","twitter_misc":{"Escrito por":"Rafael Ram\u00edrez","Tiempo de lectura":"2 minutos"},"schema":{"@context":"https:\/\/schema.org","@graph":[{"@type":"Article","@id":"https:\/\/rafaramirez.org\/blog\/index.php\/2009\/04\/07\/joaquin-sorolla-el-maestro-de-la-luz\/#article","isPartOf":{"@id":"https:\/\/rafaramirez.org\/blog\/index.php\/2009\/04\/07\/joaquin-sorolla-el-maestro-de-la-luz\/"},"author":{"name":"Rafael Ram\u00edrez","@id":"https:\/\/rafaramirez.org\/blog\/#\/schema\/person\/50f43b6d60c578760d4c17bda54ab6a5"},"headline":"Joaqu\u00edn Sorolla: el maestro de la luz","datePublished":"2009-04-07T20:25:02+00:00","dateModified":"2024-03-11T18:45:26+00:00","mainEntityOfPage":{"@id":"https:\/\/rafaramirez.org\/blog\/index.php\/2009\/04\/07\/joaquin-sorolla-el-maestro-de-la-luz\/"},"wordCount":458,"commentCount":0,"publisher":{"@id":"https:\/\/rafaramirez.org\/blog\/#\/schema\/person\/50f43b6d60c578760d4c17bda54ab6a5"},"image":{"@id":"https:\/\/rafaramirez.org\/blog\/index.php\/2009\/04\/07\/joaquin-sorolla-el-maestro-de-la-luz\/#primaryimage"},"thumbnailUrl":"https:\/\/rafaramirez.org\/blog\/wp-content\/uploads\/2009\/04\/Sorolla2-reduc.jpg","keywords":["biografia de Sorolla","destacado","Joaqu\u00edn Sorolla","noticias culturales","pintor impresionista","pintura de sorolla","video obras de sorolla"],"articleSection":["Historia del arte"],"inLanguage":"es","potentialAction":[{"@type":"CommentAction","name":"Comment","target":["https:\/\/rafaramirez.org\/blog\/index.php\/2009\/04\/07\/joaquin-sorolla-el-maestro-de-la-luz\/#respond"]}]},{"@type":"WebPage","@id":"https:\/\/rafaramirez.org\/blog\/index.php\/2009\/04\/07\/joaquin-sorolla-el-maestro-de-la-luz\/","url":"https:\/\/rafaramirez.org\/blog\/index.php\/2009\/04\/07\/joaquin-sorolla-el-maestro-de-la-luz\/","name":"Joaqu\u00edn Sorolla: el maestro de la luz - Blog de Rafael Ram\u00edrez","isPartOf":{"@id":"https:\/\/rafaramirez.org\/blog\/#website"},"primaryImageOfPage":{"@id":"https:\/\/rafaramirez.org\/blog\/index.php\/2009\/04\/07\/joaquin-sorolla-el-maestro-de-la-luz\/#primaryimage"},"image":{"@id":"https:\/\/rafaramirez.org\/blog\/index.php\/2009\/04\/07\/joaquin-sorolla-el-maestro-de-la-luz\/#primaryimage"},"thumbnailUrl":"https:\/\/rafaramirez.org\/blog\/wp-content\/uploads\/2009\/04\/Sorolla2-reduc.jpg","datePublished":"2009-04-07T20:25:02+00:00","dateModified":"2024-03-11T18:45:26+00:00","breadcrumb":{"@id":"https:\/\/rafaramirez.org\/blog\/index.php\/2009\/04\/07\/joaquin-sorolla-el-maestro-de-la-luz\/#breadcrumb"},"inLanguage":"es","potentialAction":[{"@type":"ReadAction","target":["https:\/\/rafaramirez.org\/blog\/index.php\/2009\/04\/07\/joaquin-sorolla-el-maestro-de-la-luz\/"]}]},{"@type":"ImageObject","inLanguage":"es","@id":"https:\/\/rafaramirez.org\/blog\/index.php\/2009\/04\/07\/joaquin-sorolla-el-maestro-de-la-luz\/#primaryimage","url":"https:\/\/rafaramirez.org\/blog\/wp-content\/uploads\/2009\/04\/Sorolla2-reduc.jpg","contentUrl":"https:\/\/rafaramirez.org\/blog\/wp-content\/uploads\/2009\/04\/Sorolla2-reduc.jpg","width":600,"height":400},{"@type":"BreadcrumbList","@id":"https:\/\/rafaramirez.org\/blog\/index.php\/2009\/04\/07\/joaquin-sorolla-el-maestro-de-la-luz\/#breadcrumb","itemListElement":[{"@type":"ListItem","position":1,"name":"Portada","item":"https:\/\/rafaramirez.org\/blog\/"},{"@type":"ListItem","position":2,"name":"Joaqu\u00edn Sorolla: el maestro de la luz"}]},{"@type":"WebSite","@id":"https:\/\/rafaramirez.org\/blog\/#website","url":"https:\/\/rafaramirez.org\/blog\/","name":"Blog de Rafael Ram\u00edrez","description":"Un sitio social, de arte y cultura","publisher":{"@id":"https:\/\/rafaramirez.org\/blog\/#\/schema\/person\/50f43b6d60c578760d4c17bda54ab6a5"},"potentialAction":[{"@type":"SearchAction","target":{"@type":"EntryPoint","urlTemplate":"https:\/\/rafaramirez.org\/blog\/?s={search_term_string}"},"query-input":{"@type":"PropertyValueSpecification","valueRequired":true,"valueName":"search_term_string"}}],"inLanguage":"es"},{"@type":["Person","Organization"],"@id":"https:\/\/rafaramirez.org\/blog\/#\/schema\/person\/50f43b6d60c578760d4c17bda54ab6a5","name":"Rafael Ram\u00edrez","image":{"@type":"ImageObject","inLanguage":"es","@id":"https:\/\/rafaramirez.org\/blog\/wp-content\/uploads\/2024\/09\/RR_socialnetwork.jpg","url":"https:\/\/rafaramirez.org\/blog\/wp-content\/uploads\/2024\/09\/RR_socialnetwork.jpg","contentUrl":"https:\/\/rafaramirez.org\/blog\/wp-content\/uploads\/2024\/09\/RR_socialnetwork.jpg","width":600,"height":606,"caption":"Rafael Ram\u00edrez"},"logo":{"@id":"https:\/\/rafaramirez.org\/blog\/wp-content\/uploads\/2024\/09\/RR_socialnetwork.jpg"},"sameAs":["https:\/\/www.rafaramirez.org\/blog","https:\/\/www.instagram.com\/rafaramirez_ok\/","https:\/\/es.pinterest.com\/Ramirez_Rafa\/","https:\/\/x.com\/rafaramirez_ok"],"url":"https:\/\/rafaramirez.org\/blog\/index.php\/author\/rafaell_qm6j97da\/"}]}},"jetpack_publicize_connections":[],"jetpack_sharing_enabled":true,"jetpack_likes_enabled":true,"jetpack_featured_media_url":"https:\/\/rafaramirez.org\/blog\/wp-content\/uploads\/2009\/04\/Sorolla2-reduc.jpg","_links":{"self":[{"href":"https:\/\/rafaramirez.org\/blog\/index.php\/wp-json\/wp\/v2\/posts\/149","targetHints":{"allow":["GET"]}}],"collection":[{"href":"https:\/\/rafaramirez.org\/blog\/index.php\/wp-json\/wp\/v2\/posts"}],"about":[{"href":"https:\/\/rafaramirez.org\/blog\/index.php\/wp-json\/wp\/v2\/types\/post"}],"author":[{"embeddable":true,"href":"https:\/\/rafaramirez.org\/blog\/index.php\/wp-json\/wp\/v2\/users\/1"}],"replies":[{"embeddable":true,"href":"https:\/\/rafaramirez.org\/blog\/index.php\/wp-json\/wp\/v2\/comments?post=149"}],"version-history":[{"count":3,"href":"https:\/\/rafaramirez.org\/blog\/index.php\/wp-json\/wp\/v2\/posts\/149\/revisions"}],"predecessor-version":[{"id":2979,"href":"https:\/\/rafaramirez.org\/blog\/index.php\/wp-json\/wp\/v2\/posts\/149\/revisions\/2979"}],"wp:featuredmedia":[{"embeddable":true,"href":"https:\/\/rafaramirez.org\/blog\/index.php\/wp-json\/wp\/v2\/media\/2740"}],"wp:attachment":[{"href":"https:\/\/rafaramirez.org\/blog\/index.php\/wp-json\/wp\/v2\/media?parent=149"}],"wp:term":[{"taxonomy":"category","embeddable":true,"href":"https:\/\/rafaramirez.org\/blog\/index.php\/wp-json\/wp\/v2\/categories?post=149"},{"taxonomy":"post_tag","embeddable":true,"href":"https:\/\/rafaramirez.org\/blog\/index.php\/wp-json\/wp\/v2\/tags?post=149"}],"curies":[{"name":"wp","href":"https:\/\/api.w.org\/{rel}","templated":true}]}}