{"id":145,"date":"2014-06-24T13:30:18","date_gmt":"2014-06-24T11:30:18","guid":{"rendered":"http:\/\/blog.rafaramirez.org\/?p=145"},"modified":"2024-04-17T10:41:29","modified_gmt":"2024-04-17T08:41:29","slug":"sudan-la-mujer-condenada-a-muerte-liberada-tras-la-presion-internacional-amnistia-internacional-espana-derechos-humanos","status":"publish","type":"post","link":"https:\/\/rafaramirez.org\/blog\/index.php\/2014\/06\/24\/sudan-la-mujer-condenada-a-muerte-liberada-tras-la-presion-internacional-amnistia-internacional-espana-derechos-humanos\/","title":{"rendered":"Sud\u00e1n: La mujer condenada a muerte, liberada tras la presi\u00f3n internacional: Amnist\u00eda Internacional Espa\u00f1a &#8211; Derechos Humanos"},"content":{"rendered":"<p style=\"text-align: left;\">Que gran noticia para los derechos humanos.<a href=\"https:\/\/www.es.amnesty.org\/noticias\/buenas-noticias\/noticia\/articulo\/sudan-la-mujer-condenada-a-muerte-liberada-tras-la-presion-internacional\/?pk_campaign=rs&amp;pk_kwd=fbk-bbnn-sudan-mujer-24jun\" target=\"_blank\" rel=\"noopener noreferrer\"><img decoding=\"async\" src=\"https:\/\/rafaramirez.org\/blog\/wp-content\/uploads\/2014\/06\/3eedb4db88.jpg\" alt=\"Liberada mujer condenada en Sudan\" \/><\/a><\/p>\n<p><b>Actualizaci\u00f3n 27-06-2014<\/b>: Tras ser detenida en el aeropuerto de Jartum el martes pasado y ser acusada de falsificaci\u00f3n de documentos, Meriam fue puesta en libertad bajo fianza. En estos momentos se encuentra en la embajada de Estados Unidos en Jartum, pero no puede abandonar el pa\u00eds hasta que su caso no est\u00e9 resuelto.<\/p>\n<p>La liberaci\u00f3n de Meriam Yehya Ibrahim, cristiana sudanesa condenada a recibir latigazos por \u201cadulterio\u201d y morir en la horca por \u201capostas\u00eda\u201d, es un<b> paso en la buena direcci\u00f3n para reparar la terrible injusticia que se le ha hecho.<\/b><\/p>\n<p><a href=\"https:\/\/www.es.amnesty.org\/noticias\/buenas-noticias\/noticia\/articulo\/sudan-la-mujer-condenada-a-muerte-liberada-tras-la-presion-internacional\/?pk_campaign=rs&amp;pk_kwd=fbk-bbnn-sudan-mujer-24jun\" target=\"_blank\" rel=\"noopener noreferrer\">Sud\u00e1n: La mujer condenada a muerte, liberada tras la presi\u00f3n internacional: Amnist\u00eda Internacional Espa\u00f1a &#8211; Derechos Humanos<\/a>.<\/p>\n","protected":false},"excerpt":{"rendered":"<p>Que gran noticia para los derechos humanos. Actualizaci\u00f3n 27-06-2014: Tras ser detenida en el aeropuerto de Jartum el martes pasado y ser acusada de falsificaci\u00f3n de documentos, Meriam fue puesta en libertad bajo fianza. En estos momentos se encuentra en la embajada de Estados Unidos en Jartum, pero no puede abandonar el pa\u00eds hasta que [&hellip;]<\/p>\n","protected":false},"author":1,"featured_media":2541,"comment_status":"open","ping_status":"closed","sticky":false,"template":"","format":"standard","meta":{"site-container-style":"default","site-container-layout":"default","site-sidebar-layout":"default","disable-article-header":"default","disable-site-header":"default","disable-site-footer":"default","disable-content-area-spacing":"default","_jetpack_newsletter_access":"","_jetpack_dont_email_post_to_subs":false,"_jetpack_newsletter_tier_id":0,"_jetpack_memberships_contains_paywalled_content":false,"_jetpack_feature_clip_id":0,"_jetpack_memberships_contains_paid_content":false,"footnotes":"","jetpack_publicize_message":"","jetpack_publicize_feature_enabled":true,"jetpack_social_post_already_shared":true,"jetpack_social_options":{"image_generator_settings":{"template":"highway","default_image_id":0,"font":"","enabled":false},"version":2},"jetpack_post_was_ever_published":false},"categories":[15],"tags":[139,293,330,457],"class_list":["post-145","post","type-post","status-publish","format-standard","has-post-thumbnail","hentry","category-noticias-sociales","tag-destacado","tag-meriam-ibrahim","tag-noticias-sociales","tag-sudan"],"yoast_head":"<!-- This site is optimized with the Yoast SEO plugin v28.4 - https:\/\/yoast.com\/product\/yoast-seo-wordpress\/ -->\n<title>Sud\u00e1n: La mujer condenada a muerte, liberada tras la presi\u00f3n internacional: Amnist\u00eda Internacional Espa\u00f1a - Derechos Humanos - Blog de Rafael Ram\u00edrez<\/title>\n<meta name=\"robots\" content=\"index, follow, max-snippet:-1, max-image-preview:large, max-video-preview:-1\" \/>\n<link rel=\"canonical\" href=\"https:\/\/rafaramirez.org\/blog\/index.php\/2014\/06\/24\/sudan-la-mujer-condenada-a-muerte-liberada-tras-la-presion-internacional-amnistia-internacional-espana-derechos-humanos\/\" \/>\n<meta property=\"og:locale\" content=\"es_ES\" \/>\n<meta property=\"og:type\" content=\"article\" \/>\n<meta property=\"og:title\" content=\"Sud\u00e1n: La mujer condenada a muerte, liberada tras la presi\u00f3n internacional: Amnist\u00eda Internacional Espa\u00f1a - Derechos Humanos - Blog de Rafael Ram\u00edrez\" \/>\n<meta property=\"og:description\" content=\"Que gran noticia para los derechos humanos. Actualizaci\u00f3n 27-06-2014: Tras ser detenida en el aeropuerto de Jartum el martes pasado y ser acusada de falsificaci\u00f3n de documentos, Meriam fue puesta en libertad bajo fianza. En estos momentos se encuentra en la embajada de Estados Unidos en Jartum, pero no puede abandonar el pa\u00eds hasta que [&hellip;]\" \/>\n<meta property=\"og:url\" content=\"https:\/\/rafaramirez.org\/blog\/index.php\/2014\/06\/24\/sudan-la-mujer-condenada-a-muerte-liberada-tras-la-presion-internacional-amnistia-internacional-espana-derechos-humanos\/\" \/>\n<meta property=\"og:site_name\" content=\"Blog de Rafael Ram\u00edrez\" \/>\n<meta property=\"article:published_time\" content=\"2014-06-24T11:30:18+00:00\" \/>\n<meta property=\"article:modified_time\" content=\"2024-04-17T08:41:29+00:00\" \/>\n<meta property=\"og:image\" content=\"https:\/\/rafaramirez.org\/blog\/wp-content\/uploads\/2014\/06\/south-sudan-reduc.jpg\" \/>\n\t<meta property=\"og:image:width\" content=\"600\" \/>\n\t<meta property=\"og:image:height\" content=\"454\" \/>\n\t<meta property=\"og:image:type\" content=\"image\/jpeg\" \/>\n<meta name=\"author\" content=\"Rafael Ram\u00edrez\" \/>\n<meta name=\"twitter:card\" content=\"summary_large_image\" \/>\n<meta name=\"twitter:creator\" content=\"@rafaramirez_ok\" \/>\n<meta name=\"twitter:site\" content=\"@rafaramirez_ok\" \/>\n<meta name=\"twitter:label1\" content=\"Escrito por\" \/>\n\t<meta name=\"twitter:data1\" content=\"Rafael Ram\u00edrez\" \/>\n\t<meta name=\"twitter:label2\" content=\"Tiempo de lectura\" \/>\n\t<meta name=\"twitter:data2\" content=\"1 minuto\" \/>\n<script type=\"application\/ld+json\" class=\"yoast-schema-graph\">{\"@context\":\"https:\\\/\\\/schema.org\",\"@graph\":[{\"@type\":\"Article\",\"@id\":\"https:\\\/\\\/rafaramirez.org\\\/blog\\\/index.php\\\/2014\\\/06\\\/24\\\/sudan-la-mujer-condenada-a-muerte-liberada-tras-la-presion-internacional-amnistia-internacional-espana-derechos-humanos\\\/#article\",\"isPartOf\":{\"@id\":\"https:\\\/\\\/rafaramirez.org\\\/blog\\\/index.php\\\/2014\\\/06\\\/24\\\/sudan-la-mujer-condenada-a-muerte-liberada-tras-la-presion-internacional-amnistia-internacional-espana-derechos-humanos\\\/\"},\"author\":{\"name\":\"Rafael Ram\u00edrez\",\"@id\":\"https:\\\/\\\/rafaramirez.org\\\/blog\\\/#\\\/schema\\\/person\\\/50f43b6d60c578760d4c17bda54ab6a5\"},\"headline\":\"Sud\u00e1n: La mujer condenada a muerte, liberada tras la presi\u00f3n internacional: Amnist\u00eda Internacional Espa\u00f1a &#8211; Derechos Humanos\",\"datePublished\":\"2014-06-24T11:30:18+00:00\",\"dateModified\":\"2024-04-17T08:41:29+00:00\",\"mainEntityOfPage\":{\"@id\":\"https:\\\/\\\/rafaramirez.org\\\/blog\\\/index.php\\\/2014\\\/06\\\/24\\\/sudan-la-mujer-condenada-a-muerte-liberada-tras-la-presion-internacional-amnistia-internacional-espana-derechos-humanos\\\/\"},\"wordCount\":147,\"commentCount\":0,\"publisher\":{\"@id\":\"https:\\\/\\\/rafaramirez.org\\\/blog\\\/#\\\/schema\\\/person\\\/50f43b6d60c578760d4c17bda54ab6a5\"},\"image\":{\"@id\":\"https:\\\/\\\/rafaramirez.org\\\/blog\\\/index.php\\\/2014\\\/06\\\/24\\\/sudan-la-mujer-condenada-a-muerte-liberada-tras-la-presion-internacional-amnistia-internacional-espana-derechos-humanos\\\/#primaryimage\"},\"thumbnailUrl\":\"https:\\\/\\\/rafaramirez.org\\\/blog\\\/wp-content\\\/uploads\\\/2014\\\/06\\\/south-sudan-reduc.jpg\",\"keywords\":[\"destacado\",\"Meriam Ibrahim\",\"noticias sociales\",\"Sudan\"],\"articleSection\":[\"Informe social\"],\"inLanguage\":\"es\",\"potentialAction\":[{\"@type\":\"CommentAction\",\"name\":\"Comment\",\"target\":[\"https:\\\/\\\/rafaramirez.org\\\/blog\\\/index.php\\\/2014\\\/06\\\/24\\\/sudan-la-mujer-condenada-a-muerte-liberada-tras-la-presion-internacional-amnistia-internacional-espana-derechos-humanos\\\/#respond\"]}]},{\"@type\":\"WebPage\",\"@id\":\"https:\\\/\\\/rafaramirez.org\\\/blog\\\/index.php\\\/2014\\\/06\\\/24\\\/sudan-la-mujer-condenada-a-muerte-liberada-tras-la-presion-internacional-amnistia-internacional-espana-derechos-humanos\\\/\",\"url\":\"https:\\\/\\\/rafaramirez.org\\\/blog\\\/index.php\\\/2014\\\/06\\\/24\\\/sudan-la-mujer-condenada-a-muerte-liberada-tras-la-presion-internacional-amnistia-internacional-espana-derechos-humanos\\\/\",\"name\":\"Sud\u00e1n: La mujer condenada a muerte, liberada tras la presi\u00f3n internacional: Amnist\u00eda Internacional Espa\u00f1a - Derechos Humanos - Blog de Rafael Ram\u00edrez\",\"isPartOf\":{\"@id\":\"https:\\\/\\\/rafaramirez.org\\\/blog\\\/#website\"},\"primaryImageOfPage\":{\"@id\":\"https:\\\/\\\/rafaramirez.org\\\/blog\\\/index.php\\\/2014\\\/06\\\/24\\\/sudan-la-mujer-condenada-a-muerte-liberada-tras-la-presion-internacional-amnistia-internacional-espana-derechos-humanos\\\/#primaryimage\"},\"image\":{\"@id\":\"https:\\\/\\\/rafaramirez.org\\\/blog\\\/index.php\\\/2014\\\/06\\\/24\\\/sudan-la-mujer-condenada-a-muerte-liberada-tras-la-presion-internacional-amnistia-internacional-espana-derechos-humanos\\\/#primaryimage\"},\"thumbnailUrl\":\"https:\\\/\\\/rafaramirez.org\\\/blog\\\/wp-content\\\/uploads\\\/2014\\\/06\\\/south-sudan-reduc.jpg\",\"datePublished\":\"2014-06-24T11:30:18+00:00\",\"dateModified\":\"2024-04-17T08:41:29+00:00\",\"breadcrumb\":{\"@id\":\"https:\\\/\\\/rafaramirez.org\\\/blog\\\/index.php\\\/2014\\\/06\\\/24\\\/sudan-la-mujer-condenada-a-muerte-liberada-tras-la-presion-internacional-amnistia-internacional-espana-derechos-humanos\\\/#breadcrumb\"},\"inLanguage\":\"es\",\"potentialAction\":[{\"@type\":\"ReadAction\",\"target\":[\"https:\\\/\\\/rafaramirez.org\\\/blog\\\/index.php\\\/2014\\\/06\\\/24\\\/sudan-la-mujer-condenada-a-muerte-liberada-tras-la-presion-internacional-amnistia-internacional-espana-derechos-humanos\\\/\"]}]},{\"@type\":\"ImageObject\",\"inLanguage\":\"es\",\"@id\":\"https:\\\/\\\/rafaramirez.org\\\/blog\\\/index.php\\\/2014\\\/06\\\/24\\\/sudan-la-mujer-condenada-a-muerte-liberada-tras-la-presion-internacional-amnistia-internacional-espana-derechos-humanos\\\/#primaryimage\",\"url\":\"https:\\\/\\\/rafaramirez.org\\\/blog\\\/wp-content\\\/uploads\\\/2014\\\/06\\\/south-sudan-reduc.jpg\",\"contentUrl\":\"https:\\\/\\\/rafaramirez.org\\\/blog\\\/wp-content\\\/uploads\\\/2014\\\/06\\\/south-sudan-reduc.jpg\",\"width\":600,\"height\":454},{\"@type\":\"BreadcrumbList\",\"@id\":\"https:\\\/\\\/rafaramirez.org\\\/blog\\\/index.php\\\/2014\\\/06\\\/24\\\/sudan-la-mujer-condenada-a-muerte-liberada-tras-la-presion-internacional-amnistia-internacional-espana-derechos-humanos\\\/#breadcrumb\",\"itemListElement\":[{\"@type\":\"ListItem\",\"position\":1,\"name\":\"Portada\",\"item\":\"https:\\\/\\\/rafaramirez.org\\\/blog\\\/\"},{\"@type\":\"ListItem\",\"position\":2,\"name\":\"Sud\u00e1n: La mujer condenada a muerte, liberada tras la presi\u00f3n internacional: Amnist\u00eda Internacional Espa\u00f1a &#8211; Derechos Humanos\"}]},{\"@type\":\"WebSite\",\"@id\":\"https:\\\/\\\/rafaramirez.org\\\/blog\\\/#website\",\"url\":\"https:\\\/\\\/rafaramirez.org\\\/blog\\\/\",\"name\":\"Blog de Rafael Ram\u00edrez\",\"description\":\"Un sitio social, de arte y cultura\",\"publisher\":{\"@id\":\"https:\\\/\\\/rafaramirez.org\\\/blog\\\/#\\\/schema\\\/person\\\/50f43b6d60c578760d4c17bda54ab6a5\"},\"potentialAction\":[{\"@type\":\"SearchAction\",\"target\":{\"@type\":\"EntryPoint\",\"urlTemplate\":\"https:\\\/\\\/rafaramirez.org\\\/blog\\\/?s={search_term_string}\"},\"query-input\":{\"@type\":\"PropertyValueSpecification\",\"valueRequired\":true,\"valueName\":\"search_term_string\"}}],\"inLanguage\":\"es\"},{\"@type\":[\"Person\",\"Organization\"],\"@id\":\"https:\\\/\\\/rafaramirez.org\\\/blog\\\/#\\\/schema\\\/person\\\/50f43b6d60c578760d4c17bda54ab6a5\",\"name\":\"Rafael Ram\u00edrez\",\"image\":{\"@type\":\"ImageObject\",\"inLanguage\":\"es\",\"@id\":\"https:\\\/\\\/rafaramirez.org\\\/blog\\\/wp-content\\\/uploads\\\/2024\\\/09\\\/RR_socialnetwork.jpg\",\"url\":\"https:\\\/\\\/rafaramirez.org\\\/blog\\\/wp-content\\\/uploads\\\/2024\\\/09\\\/RR_socialnetwork.jpg\",\"contentUrl\":\"https:\\\/\\\/rafaramirez.org\\\/blog\\\/wp-content\\\/uploads\\\/2024\\\/09\\\/RR_socialnetwork.jpg\",\"width\":600,\"height\":606,\"caption\":\"Rafael Ram\u00edrez\"},\"logo\":{\"@id\":\"https:\\\/\\\/rafaramirez.org\\\/blog\\\/wp-content\\\/uploads\\\/2024\\\/09\\\/RR_socialnetwork.jpg\"},\"sameAs\":[\"https:\\\/\\\/www.rafaramirez.org\\\/blog\",\"https:\\\/\\\/www.instagram.com\\\/rafaramirez_ok\\\/\",\"https:\\\/\\\/es.pinterest.com\\\/Ramirez_Rafa\\\/\",\"https:\\\/\\\/x.com\\\/rafaramirez_ok\"],\"url\":\"https:\\\/\\\/rafaramirez.org\\\/blog\\\/index.php\\\/author\\\/rafaell_qm6j97da\\\/\"}]}<\/script>\n<!-- \/ Yoast SEO plugin. -->","yoast_head_json":{"title":"Sud\u00e1n: La mujer condenada a muerte, liberada tras la presi\u00f3n internacional: Amnist\u00eda Internacional Espa\u00f1a - Derechos Humanos - Blog de Rafael Ram\u00edrez","robots":{"index":"index","follow":"follow","max-snippet":"max-snippet:-1","max-image-preview":"max-image-preview:large","max-video-preview":"max-video-preview:-1"},"canonical":"https:\/\/rafaramirez.org\/blog\/index.php\/2014\/06\/24\/sudan-la-mujer-condenada-a-muerte-liberada-tras-la-presion-internacional-amnistia-internacional-espana-derechos-humanos\/","og_locale":"es_ES","og_type":"article","og_title":"Sud\u00e1n: La mujer condenada a muerte, liberada tras la presi\u00f3n internacional: Amnist\u00eda Internacional Espa\u00f1a - Derechos Humanos - Blog de Rafael Ram\u00edrez","og_description":"Que gran noticia para los derechos humanos. Actualizaci\u00f3n 27-06-2014: Tras ser detenida en el aeropuerto de Jartum el martes pasado y ser acusada de falsificaci\u00f3n de documentos, Meriam fue puesta en libertad bajo fianza. En estos momentos se encuentra en la embajada de Estados Unidos en Jartum, pero no puede abandonar el pa\u00eds hasta que [&hellip;]","og_url":"https:\/\/rafaramirez.org\/blog\/index.php\/2014\/06\/24\/sudan-la-mujer-condenada-a-muerte-liberada-tras-la-presion-internacional-amnistia-internacional-espana-derechos-humanos\/","og_site_name":"Blog de Rafael Ram\u00edrez","article_published_time":"2014-06-24T11:30:18+00:00","article_modified_time":"2024-04-17T08:41:29+00:00","og_image":[{"width":600,"height":454,"url":"https:\/\/rafaramirez.org\/blog\/wp-content\/uploads\/2014\/06\/south-sudan-reduc.jpg","type":"image\/jpeg"}],"author":"Rafael Ram\u00edrez","twitter_card":"summary_large_image","twitter_creator":"@rafaramirez_ok","twitter_site":"@rafaramirez_ok","twitter_misc":{"Escrito por":"Rafael Ram\u00edrez","Tiempo de lectura":"1 minuto"},"schema":{"@context":"https:\/\/schema.org","@graph":[{"@type":"Article","@id":"https:\/\/rafaramirez.org\/blog\/index.php\/2014\/06\/24\/sudan-la-mujer-condenada-a-muerte-liberada-tras-la-presion-internacional-amnistia-internacional-espana-derechos-humanos\/#article","isPartOf":{"@id":"https:\/\/rafaramirez.org\/blog\/index.php\/2014\/06\/24\/sudan-la-mujer-condenada-a-muerte-liberada-tras-la-presion-internacional-amnistia-internacional-espana-derechos-humanos\/"},"author":{"name":"Rafael Ram\u00edrez","@id":"https:\/\/rafaramirez.org\/blog\/#\/schema\/person\/50f43b6d60c578760d4c17bda54ab6a5"},"headline":"Sud\u00e1n: La mujer condenada a muerte, liberada tras la presi\u00f3n internacional: Amnist\u00eda Internacional Espa\u00f1a &#8211; Derechos Humanos","datePublished":"2014-06-24T11:30:18+00:00","dateModified":"2024-04-17T08:41:29+00:00","mainEntityOfPage":{"@id":"https:\/\/rafaramirez.org\/blog\/index.php\/2014\/06\/24\/sudan-la-mujer-condenada-a-muerte-liberada-tras-la-presion-internacional-amnistia-internacional-espana-derechos-humanos\/"},"wordCount":147,"commentCount":0,"publisher":{"@id":"https:\/\/rafaramirez.org\/blog\/#\/schema\/person\/50f43b6d60c578760d4c17bda54ab6a5"},"image":{"@id":"https:\/\/rafaramirez.org\/blog\/index.php\/2014\/06\/24\/sudan-la-mujer-condenada-a-muerte-liberada-tras-la-presion-internacional-amnistia-internacional-espana-derechos-humanos\/#primaryimage"},"thumbnailUrl":"https:\/\/rafaramirez.org\/blog\/wp-content\/uploads\/2014\/06\/south-sudan-reduc.jpg","keywords":["destacado","Meriam Ibrahim","noticias sociales","Sudan"],"articleSection":["Informe social"],"inLanguage":"es","potentialAction":[{"@type":"CommentAction","name":"Comment","target":["https:\/\/rafaramirez.org\/blog\/index.php\/2014\/06\/24\/sudan-la-mujer-condenada-a-muerte-liberada-tras-la-presion-internacional-amnistia-internacional-espana-derechos-humanos\/#respond"]}]},{"@type":"WebPage","@id":"https:\/\/rafaramirez.org\/blog\/index.php\/2014\/06\/24\/sudan-la-mujer-condenada-a-muerte-liberada-tras-la-presion-internacional-amnistia-internacional-espana-derechos-humanos\/","url":"https:\/\/rafaramirez.org\/blog\/index.php\/2014\/06\/24\/sudan-la-mujer-condenada-a-muerte-liberada-tras-la-presion-internacional-amnistia-internacional-espana-derechos-humanos\/","name":"Sud\u00e1n: La mujer condenada a muerte, liberada tras la presi\u00f3n internacional: Amnist\u00eda Internacional Espa\u00f1a - Derechos Humanos - Blog de Rafael Ram\u00edrez","isPartOf":{"@id":"https:\/\/rafaramirez.org\/blog\/#website"},"primaryImageOfPage":{"@id":"https:\/\/rafaramirez.org\/blog\/index.php\/2014\/06\/24\/sudan-la-mujer-condenada-a-muerte-liberada-tras-la-presion-internacional-amnistia-internacional-espana-derechos-humanos\/#primaryimage"},"image":{"@id":"https:\/\/rafaramirez.org\/blog\/index.php\/2014\/06\/24\/sudan-la-mujer-condenada-a-muerte-liberada-tras-la-presion-internacional-amnistia-internacional-espana-derechos-humanos\/#primaryimage"},"thumbnailUrl":"https:\/\/rafaramirez.org\/blog\/wp-content\/uploads\/2014\/06\/south-sudan-reduc.jpg","datePublished":"2014-06-24T11:30:18+00:00","dateModified":"2024-04-17T08:41:29+00:00","breadcrumb":{"@id":"https:\/\/rafaramirez.org\/blog\/index.php\/2014\/06\/24\/sudan-la-mujer-condenada-a-muerte-liberada-tras-la-presion-internacional-amnistia-internacional-espana-derechos-humanos\/#breadcrumb"},"inLanguage":"es","potentialAction":[{"@type":"ReadAction","target":["https:\/\/rafaramirez.org\/blog\/index.php\/2014\/06\/24\/sudan-la-mujer-condenada-a-muerte-liberada-tras-la-presion-internacional-amnistia-internacional-espana-derechos-humanos\/"]}]},{"@type":"ImageObject","inLanguage":"es","@id":"https:\/\/rafaramirez.org\/blog\/index.php\/2014\/06\/24\/sudan-la-mujer-condenada-a-muerte-liberada-tras-la-presion-internacional-amnistia-internacional-espana-derechos-humanos\/#primaryimage","url":"https:\/\/rafaramirez.org\/blog\/wp-content\/uploads\/2014\/06\/south-sudan-reduc.jpg","contentUrl":"https:\/\/rafaramirez.org\/blog\/wp-content\/uploads\/2014\/06\/south-sudan-reduc.jpg","width":600,"height":454},{"@type":"BreadcrumbList","@id":"https:\/\/rafaramirez.org\/blog\/index.php\/2014\/06\/24\/sudan-la-mujer-condenada-a-muerte-liberada-tras-la-presion-internacional-amnistia-internacional-espana-derechos-humanos\/#breadcrumb","itemListElement":[{"@type":"ListItem","position":1,"name":"Portada","item":"https:\/\/rafaramirez.org\/blog\/"},{"@type":"ListItem","position":2,"name":"Sud\u00e1n: La mujer condenada a muerte, liberada tras la presi\u00f3n internacional: Amnist\u00eda Internacional Espa\u00f1a &#8211; Derechos Humanos"}]},{"@type":"WebSite","@id":"https:\/\/rafaramirez.org\/blog\/#website","url":"https:\/\/rafaramirez.org\/blog\/","name":"Blog de Rafael Ram\u00edrez","description":"Un sitio social, de arte y cultura","publisher":{"@id":"https:\/\/rafaramirez.org\/blog\/#\/schema\/person\/50f43b6d60c578760d4c17bda54ab6a5"},"potentialAction":[{"@type":"SearchAction","target":{"@type":"EntryPoint","urlTemplate":"https:\/\/rafaramirez.org\/blog\/?s={search_term_string}"},"query-input":{"@type":"PropertyValueSpecification","valueRequired":true,"valueName":"search_term_string"}}],"inLanguage":"es"},{"@type":["Person","Organization"],"@id":"https:\/\/rafaramirez.org\/blog\/#\/schema\/person\/50f43b6d60c578760d4c17bda54ab6a5","name":"Rafael Ram\u00edrez","image":{"@type":"ImageObject","inLanguage":"es","@id":"https:\/\/rafaramirez.org\/blog\/wp-content\/uploads\/2024\/09\/RR_socialnetwork.jpg","url":"https:\/\/rafaramirez.org\/blog\/wp-content\/uploads\/2024\/09\/RR_socialnetwork.jpg","contentUrl":"https:\/\/rafaramirez.org\/blog\/wp-content\/uploads\/2024\/09\/RR_socialnetwork.jpg","width":600,"height":606,"caption":"Rafael Ram\u00edrez"},"logo":{"@id":"https:\/\/rafaramirez.org\/blog\/wp-content\/uploads\/2024\/09\/RR_socialnetwork.jpg"},"sameAs":["https:\/\/www.rafaramirez.org\/blog","https:\/\/www.instagram.com\/rafaramirez_ok\/","https:\/\/es.pinterest.com\/Ramirez_Rafa\/","https:\/\/x.com\/rafaramirez_ok"],"url":"https:\/\/rafaramirez.org\/blog\/index.php\/author\/rafaell_qm6j97da\/"}]}},"jetpack_publicize_connections":[],"jetpack_sharing_enabled":true,"jetpack_likes_enabled":true,"jetpack_featured_media_url":"https:\/\/rafaramirez.org\/blog\/wp-content\/uploads\/2014\/06\/south-sudan-reduc.jpg","_links":{"self":[{"href":"https:\/\/rafaramirez.org\/blog\/index.php\/wp-json\/wp\/v2\/posts\/145","targetHints":{"allow":["GET"]}}],"collection":[{"href":"https:\/\/rafaramirez.org\/blog\/index.php\/wp-json\/wp\/v2\/posts"}],"about":[{"href":"https:\/\/rafaramirez.org\/blog\/index.php\/wp-json\/wp\/v2\/types\/post"}],"author":[{"embeddable":true,"href":"https:\/\/rafaramirez.org\/blog\/index.php\/wp-json\/wp\/v2\/users\/1"}],"replies":[{"embeddable":true,"href":"https:\/\/rafaramirez.org\/blog\/index.php\/wp-json\/wp\/v2\/comments?post=145"}],"version-history":[{"count":1,"href":"https:\/\/rafaramirez.org\/blog\/index.php\/wp-json\/wp\/v2\/posts\/145\/revisions"}],"predecessor-version":[{"id":2542,"href":"https:\/\/rafaramirez.org\/blog\/index.php\/wp-json\/wp\/v2\/posts\/145\/revisions\/2542"}],"wp:featuredmedia":[{"embeddable":true,"href":"https:\/\/rafaramirez.org\/blog\/index.php\/wp-json\/wp\/v2\/media\/2541"}],"wp:attachment":[{"href":"https:\/\/rafaramirez.org\/blog\/index.php\/wp-json\/wp\/v2\/media?parent=145"}],"wp:term":[{"taxonomy":"category","embeddable":true,"href":"https:\/\/rafaramirez.org\/blog\/index.php\/wp-json\/wp\/v2\/categories?post=145"},{"taxonomy":"post_tag","embeddable":true,"href":"https:\/\/rafaramirez.org\/blog\/index.php\/wp-json\/wp\/v2\/tags?post=145"}],"curies":[{"name":"wp","href":"https:\/\/api.w.org\/{rel}","templated":true}]}}