{"id":1410,"date":"2017-09-25T19:47:19","date_gmt":"2017-09-25T17:47:19","guid":{"rendered":"http:\/\/blog.rafaramirez.org\/?p=1410"},"modified":"2024-01-18T13:56:28","modified_gmt":"2024-01-18T12:56:28","slug":"la-analfabeta-que-era-un-genio-de-los-numeros-jonas-jonasson","status":"publish","type":"post","link":"https:\/\/rafaramirez.org\/blog\/index.php\/2017\/09\/25\/la-analfabeta-que-era-un-genio-de-los-numeros-jonas-jonasson\/","title":{"rendered":"La analfabeta que era un genio de los n\u00fameros. Jonas Jonasson"},"content":{"rendered":"<figure id=\"attachment_1413\" aria-describedby=\"caption-attachment-1413\" style=\"width: 186px\" class=\"wp-caption alignnone\"><a href=\"https:\/\/rafaramirez.org\/blog\/wp-content\/uploads\/2015\/11\/la_analfabeta_que-_.jpg\" target=\"_blank\" rel=\"noopener noreferrer\"><img loading=\"lazy\" decoding=\"async\" class=\"wp-image-1413 size-medium\" src=\"https:\/\/rafaramirez.org\/blog\/wp-content\/uploads\/2015\/11\/la_analfabeta_que-_-186x300.jpg\" alt=\"La analfabeta que era un genio de los n\u00fameros. Jonas Jonasson\" width=\"186\" height=\"300\" \/><\/a><figcaption id=\"caption-attachment-1413\" class=\"wp-caption-text\">La analfabeta que era un genio de los n\u00fameros. Jonas Jonasson<\/figcaption><\/figure>\n<p>Sin deslumbrar ni sorprender tanto como en<em><strong>\u00a0<a href=\"https:\/\/es.wikipedia.org\/wiki\/El_abuelo_que_salt%C3%B3_por_la_ventana_y_se_larg%C3%B3\" target=\"_blank\" rel=\"noopener noreferrer\">El abuelo que salt\u00f3 por la ventana<\/a><\/strong><\/em> y se larg\u00f3, <a href=\"https:\/\/es.wikipedia.org\/wiki\/Jonas_Jonasson\" target=\"_blank\" rel=\"noopener noreferrer\"><em><strong>Jonas Jonasson<\/strong><\/em>\u00a0 <\/a>brilla tambi\u00e9n\u00a0en \u00e9sta novela. Una historia que entretiene, divierte pero de una forma mas sosegada a su anterior trabajo.<\/p>\n<p>En <a href=\"http:\/\/salamandra.info\/libro\/analfabeta-que-era-un-genio-numeros\" target=\"_blank\" rel=\"noopener noreferrer\"><em><strong>La analfabeta que era un genio de los n\u00fameros<\/strong> <\/em><\/a>Jonasson profundiza m\u00e1s en los personajes, a los que da mayor peso en esta novela\u00a0y vuelve a enlazar, como ya hiciera en su anterior,\u00a0con\u00a0hechos\u00a0reales e hist\u00f3ricos\u00a0del siglo XX. En este caso Nombeko Mayeki, la protagonista, es una pobre chica del barrio de Soweto\u00a0 en Johannesburgo durante el gobierno del apartheid en Sud\u00e1frica. Nombeko est\u00e1 dotada de una mente prodigiosa y esto junto con azares del destino la llevaran a elevarse por encima de su sombr\u00edo destino.<\/p>\n<p>Un libro que\u00a0recomiendo por divertido, original aunque menos y que merece la pena leer.<\/p>\n<p><em><strong>Sinopsis:<\/strong><\/em><\/p>\n<p><em>Despu\u00e9s del \u00e9xito mundial de El abuelo que salt\u00f3 por la ventana y se larg\u00f3, Jonas Jonasson vuelve a deleitarnos con una novela tan desenfadada como llena de sorpresas. Con su fecunda imaginaci\u00f3n y su sentido del humor surrealista e irreverente, que no deja t\u00edtere con cabeza, Jonasson ha ideado una historia trepidante que ar remete contra la hipocres\u00eda de la clase pol\u00edtica al tiempo que ilumina la cara oculta de la historia oficial. En esta ocasi\u00f3n, la improbable hero\u00edna tiene su origen en el barrio de Soweto, el tristemente c\u00e9lebre gueto de Johannesburgo. Corren los a\u00f1os setenta, en pleno auge del apartheid, cuando Nombeko Mayeki, condenada a una vida de infortunio y con altas probabilidades de que \u00e9sta acabe a una edad temprana ante la indiferencia de sus semejantes, encuentra un resquicio para escapar de su aciago futuro. Dotada de un intelecto fuera de serie, e impulsada por la fuerza de un destino que ejecuta las piruetas m\u00e1s extra\u00f1as, el azar propulsa a Nombeko lejos de su entorno de miseria y la encarrila en un asombroso viaje en el que se topar\u00e1 con personajes de toda \u00edndole y pelaje, desde un falso especialista en f\u00edsica nuclear y un agente del Mossad con \u00e1nimo de venganza, hasta un rey de Suecia con rostro humano y una joven antisistema en permanente estado de ebullici\u00f3n. As\u00ed, la genial Nombeko recorrer\u00e1 un ins\u00f3lito itinerario, repleto de emocionantes peripecias, hasta convertirse en una mujer clave para la supervivencia de la humanidad y, a la postre, descubrir su lugar en el mundo en las fr\u00edas tierras escandinavas, un sitio con el que jam\u00e1s se habr\u00eda atrevido a so\u00f1ar.<\/em><\/p>\n<blockquote><p><strong>La analfabeta que era un genio de los n\u00fameros.<\/strong><\/p>\n<p>Autor: Jonas Jonasson<\/p>\n<p>Editorial: SALAMANDRA<\/p>\n<p>A\u00f1o: 2014<\/p>\n<p>ISBN: 9788498385724<\/p>\n<p>Precio: \u20ac 19,00<\/p><\/blockquote>\n","protected":false},"excerpt":{"rendered":"<p>Sin deslumbrar ni sorprender tanto como en\u00a0El abuelo que salt\u00f3 por la ventana y se larg\u00f3, Jonas Jonasson\u00a0 brilla tambi\u00e9n\u00a0en \u00e9sta novela. Una historia que entretiene, divierte pero de una forma mas sosegada a su anterior trabajo. En La analfabeta que era un genio de los n\u00fameros Jonasson profundiza m\u00e1s en los personajes, a los [&hellip;]<\/p>\n","protected":false},"author":1,"featured_media":2097,"comment_status":"open","ping_status":"closed","sticky":false,"template":"","format":"standard","meta":{"site-container-style":"default","site-container-layout":"default","site-sidebar-layout":"default","disable-article-header":"default","disable-site-header":"default","disable-site-footer":"default","disable-content-area-spacing":"default","_jetpack_newsletter_access":"","_jetpack_dont_email_post_to_subs":false,"_jetpack_newsletter_tier_id":0,"_jetpack_memberships_contains_paywalled_content":false,"_jetpack_feature_clip_id":0,"_jetpack_memberships_contains_paid_content":false,"footnotes":"","jetpack_publicize_message":"","jetpack_publicize_feature_enabled":true,"jetpack_social_post_already_shared":true,"jetpack_social_options":{"image_generator_settings":{"template":"highway","default_image_id":0,"font":"","enabled":false},"version":2},"jetpack_post_was_ever_published":false},"categories":[710],"tags":[139,242,243,247,264,525,322],"class_list":["post-1410","post","type-post","status-publish","format-standard","has-post-thumbnail","hentry","category-literatura","tag-destacado","tag-johannesburgo","tag-jonas-jonasson","tag-la-analfabeta-que-era-un-genio-de-los-numeros","tag-libro-recomendado","tag-literatura","tag-nombeko-mayeki"],"yoast_head":"<!-- This site is optimized with the Yoast SEO plugin v28.4 - https:\/\/yoast.com\/product\/yoast-seo-wordpress\/ -->\n<title>La analfabeta que era un genio de los n\u00fameros. Jonas Jonasson - Blog de Rafael Ram\u00edrez<\/title>\n<meta name=\"robots\" content=\"index, follow, max-snippet:-1, max-image-preview:large, max-video-preview:-1\" \/>\n<link rel=\"canonical\" href=\"https:\/\/rafaramirez.org\/blog\/index.php\/2017\/09\/25\/la-analfabeta-que-era-un-genio-de-los-numeros-jonas-jonasson\/\" \/>\n<meta property=\"og:locale\" content=\"es_ES\" \/>\n<meta property=\"og:type\" content=\"article\" \/>\n<meta property=\"og:title\" content=\"La analfabeta que era un genio de los n\u00fameros. Jonas Jonasson - Blog de Rafael Ram\u00edrez\" \/>\n<meta property=\"og:description\" content=\"Sin deslumbrar ni sorprender tanto como en\u00a0El abuelo que salt\u00f3 por la ventana y se larg\u00f3, Jonas Jonasson\u00a0 brilla tambi\u00e9n\u00a0en \u00e9sta novela. Una historia que entretiene, divierte pero de una forma mas sosegada a su anterior trabajo. En La analfabeta que era un genio de los n\u00fameros Jonasson profundiza m\u00e1s en los personajes, a los [&hellip;]\" \/>\n<meta property=\"og:url\" content=\"https:\/\/rafaramirez.org\/blog\/index.php\/2017\/09\/25\/la-analfabeta-que-era-un-genio-de-los-numeros-jonas-jonasson\/\" \/>\n<meta property=\"og:site_name\" content=\"Blog de Rafael Ram\u00edrez\" \/>\n<meta property=\"article:published_time\" content=\"2017-09-25T17:47:19+00:00\" \/>\n<meta property=\"article:modified_time\" content=\"2024-01-18T12:56:28+00:00\" \/>\n<meta property=\"og:image\" content=\"https:\/\/rafaramirez.org\/blog\/wp-content\/uploads\/2017\/09\/1024px-Jonas_Jonasson_Frankfurter_Buchmesse_2018.jpg\" \/>\n\t<meta property=\"og:image:width\" content=\"800\" \/>\n\t<meta property=\"og:image:height\" content=\"500\" \/>\n\t<meta property=\"og:image:type\" content=\"image\/jpeg\" \/>\n<meta name=\"author\" content=\"Rafael Ram\u00edrez\" \/>\n<meta name=\"twitter:card\" content=\"summary_large_image\" \/>\n<meta name=\"twitter:creator\" content=\"@rafaramirez_ok\" \/>\n<meta name=\"twitter:site\" content=\"@rafaramirez_ok\" \/>\n<meta name=\"twitter:label1\" content=\"Escrito por\" \/>\n\t<meta name=\"twitter:data1\" content=\"Rafael Ram\u00edrez\" \/>\n\t<meta name=\"twitter:label2\" content=\"Tiempo de lectura\" \/>\n\t<meta name=\"twitter:data2\" content=\"2 minutos\" \/>\n<script type=\"application\/ld+json\" class=\"yoast-schema-graph\">{\"@context\":\"https:\\\/\\\/schema.org\",\"@graph\":[{\"@type\":\"Article\",\"@id\":\"https:\\\/\\\/rafaramirez.org\\\/blog\\\/index.php\\\/2017\\\/09\\\/25\\\/la-analfabeta-que-era-un-genio-de-los-numeros-jonas-jonasson\\\/#article\",\"isPartOf\":{\"@id\":\"https:\\\/\\\/rafaramirez.org\\\/blog\\\/index.php\\\/2017\\\/09\\\/25\\\/la-analfabeta-que-era-un-genio-de-los-numeros-jonas-jonasson\\\/\"},\"author\":{\"name\":\"Rafael Ram\u00edrez\",\"@id\":\"https:\\\/\\\/rafaramirez.org\\\/blog\\\/#\\\/schema\\\/person\\\/50f43b6d60c578760d4c17bda54ab6a5\"},\"headline\":\"La analfabeta que era un genio de los n\u00fameros. Jonas Jonasson\",\"datePublished\":\"2017-09-25T17:47:19+00:00\",\"dateModified\":\"2024-01-18T12:56:28+00:00\",\"mainEntityOfPage\":{\"@id\":\"https:\\\/\\\/rafaramirez.org\\\/blog\\\/index.php\\\/2017\\\/09\\\/25\\\/la-analfabeta-que-era-un-genio-de-los-numeros-jonas-jonasson\\\/\"},\"wordCount\":493,\"commentCount\":0,\"publisher\":{\"@id\":\"https:\\\/\\\/rafaramirez.org\\\/blog\\\/#\\\/schema\\\/person\\\/50f43b6d60c578760d4c17bda54ab6a5\"},\"image\":{\"@id\":\"https:\\\/\\\/rafaramirez.org\\\/blog\\\/index.php\\\/2017\\\/09\\\/25\\\/la-analfabeta-que-era-un-genio-de-los-numeros-jonas-jonasson\\\/#primaryimage\"},\"thumbnailUrl\":\"https:\\\/\\\/rafaramirez.org\\\/blog\\\/wp-content\\\/uploads\\\/2017\\\/09\\\/1024px-Jonas_Jonasson_Frankfurter_Buchmesse_2018.jpg\",\"keywords\":[\"destacado\",\"Johannesburgo\",\"Jonas Jonasson\",\"La analfabeta que era un genio de los n\u00fameros\",\"libro recomendado\",\"literatura\",\"Nombeko Mayeki\"],\"articleSection\":[\"Literatura\"],\"inLanguage\":\"es\",\"potentialAction\":[{\"@type\":\"CommentAction\",\"name\":\"Comment\",\"target\":[\"https:\\\/\\\/rafaramirez.org\\\/blog\\\/index.php\\\/2017\\\/09\\\/25\\\/la-analfabeta-que-era-un-genio-de-los-numeros-jonas-jonasson\\\/#respond\"]}]},{\"@type\":\"WebPage\",\"@id\":\"https:\\\/\\\/rafaramirez.org\\\/blog\\\/index.php\\\/2017\\\/09\\\/25\\\/la-analfabeta-que-era-un-genio-de-los-numeros-jonas-jonasson\\\/\",\"url\":\"https:\\\/\\\/rafaramirez.org\\\/blog\\\/index.php\\\/2017\\\/09\\\/25\\\/la-analfabeta-que-era-un-genio-de-los-numeros-jonas-jonasson\\\/\",\"name\":\"La analfabeta que era un genio de los n\u00fameros. Jonas Jonasson - Blog de Rafael Ram\u00edrez\",\"isPartOf\":{\"@id\":\"https:\\\/\\\/rafaramirez.org\\\/blog\\\/#website\"},\"primaryImageOfPage\":{\"@id\":\"https:\\\/\\\/rafaramirez.org\\\/blog\\\/index.php\\\/2017\\\/09\\\/25\\\/la-analfabeta-que-era-un-genio-de-los-numeros-jonas-jonasson\\\/#primaryimage\"},\"image\":{\"@id\":\"https:\\\/\\\/rafaramirez.org\\\/blog\\\/index.php\\\/2017\\\/09\\\/25\\\/la-analfabeta-que-era-un-genio-de-los-numeros-jonas-jonasson\\\/#primaryimage\"},\"thumbnailUrl\":\"https:\\\/\\\/rafaramirez.org\\\/blog\\\/wp-content\\\/uploads\\\/2017\\\/09\\\/1024px-Jonas_Jonasson_Frankfurter_Buchmesse_2018.jpg\",\"datePublished\":\"2017-09-25T17:47:19+00:00\",\"dateModified\":\"2024-01-18T12:56:28+00:00\",\"breadcrumb\":{\"@id\":\"https:\\\/\\\/rafaramirez.org\\\/blog\\\/index.php\\\/2017\\\/09\\\/25\\\/la-analfabeta-que-era-un-genio-de-los-numeros-jonas-jonasson\\\/#breadcrumb\"},\"inLanguage\":\"es\",\"potentialAction\":[{\"@type\":\"ReadAction\",\"target\":[\"https:\\\/\\\/rafaramirez.org\\\/blog\\\/index.php\\\/2017\\\/09\\\/25\\\/la-analfabeta-que-era-un-genio-de-los-numeros-jonas-jonasson\\\/\"]}]},{\"@type\":\"ImageObject\",\"inLanguage\":\"es\",\"@id\":\"https:\\\/\\\/rafaramirez.org\\\/blog\\\/index.php\\\/2017\\\/09\\\/25\\\/la-analfabeta-que-era-un-genio-de-los-numeros-jonas-jonasson\\\/#primaryimage\",\"url\":\"https:\\\/\\\/rafaramirez.org\\\/blog\\\/wp-content\\\/uploads\\\/2017\\\/09\\\/1024px-Jonas_Jonasson_Frankfurter_Buchmesse_2018.jpg\",\"contentUrl\":\"https:\\\/\\\/rafaramirez.org\\\/blog\\\/wp-content\\\/uploads\\\/2017\\\/09\\\/1024px-Jonas_Jonasson_Frankfurter_Buchmesse_2018.jpg\",\"width\":800,\"height\":500},{\"@type\":\"BreadcrumbList\",\"@id\":\"https:\\\/\\\/rafaramirez.org\\\/blog\\\/index.php\\\/2017\\\/09\\\/25\\\/la-analfabeta-que-era-un-genio-de-los-numeros-jonas-jonasson\\\/#breadcrumb\",\"itemListElement\":[{\"@type\":\"ListItem\",\"position\":1,\"name\":\"Portada\",\"item\":\"https:\\\/\\\/rafaramirez.org\\\/blog\\\/\"},{\"@type\":\"ListItem\",\"position\":2,\"name\":\"La analfabeta que era un genio de los n\u00fameros. Jonas Jonasson\"}]},{\"@type\":\"WebSite\",\"@id\":\"https:\\\/\\\/rafaramirez.org\\\/blog\\\/#website\",\"url\":\"https:\\\/\\\/rafaramirez.org\\\/blog\\\/\",\"name\":\"Blog de Rafael Ram\u00edrez\",\"description\":\"Un sitio social, de arte y cultura\",\"publisher\":{\"@id\":\"https:\\\/\\\/rafaramirez.org\\\/blog\\\/#\\\/schema\\\/person\\\/50f43b6d60c578760d4c17bda54ab6a5\"},\"potentialAction\":[{\"@type\":\"SearchAction\",\"target\":{\"@type\":\"EntryPoint\",\"urlTemplate\":\"https:\\\/\\\/rafaramirez.org\\\/blog\\\/?s={search_term_string}\"},\"query-input\":{\"@type\":\"PropertyValueSpecification\",\"valueRequired\":true,\"valueName\":\"search_term_string\"}}],\"inLanguage\":\"es\"},{\"@type\":[\"Person\",\"Organization\"],\"@id\":\"https:\\\/\\\/rafaramirez.org\\\/blog\\\/#\\\/schema\\\/person\\\/50f43b6d60c578760d4c17bda54ab6a5\",\"name\":\"Rafael Ram\u00edrez\",\"image\":{\"@type\":\"ImageObject\",\"inLanguage\":\"es\",\"@id\":\"https:\\\/\\\/rafaramirez.org\\\/blog\\\/wp-content\\\/uploads\\\/2024\\\/09\\\/RR_socialnetwork.jpg\",\"url\":\"https:\\\/\\\/rafaramirez.org\\\/blog\\\/wp-content\\\/uploads\\\/2024\\\/09\\\/RR_socialnetwork.jpg\",\"contentUrl\":\"https:\\\/\\\/rafaramirez.org\\\/blog\\\/wp-content\\\/uploads\\\/2024\\\/09\\\/RR_socialnetwork.jpg\",\"width\":600,\"height\":606,\"caption\":\"Rafael Ram\u00edrez\"},\"logo\":{\"@id\":\"https:\\\/\\\/rafaramirez.org\\\/blog\\\/wp-content\\\/uploads\\\/2024\\\/09\\\/RR_socialnetwork.jpg\"},\"sameAs\":[\"https:\\\/\\\/www.rafaramirez.org\\\/blog\",\"https:\\\/\\\/www.instagram.com\\\/rafaramirez_ok\\\/\",\"https:\\\/\\\/es.pinterest.com\\\/Ramirez_Rafa\\\/\",\"https:\\\/\\\/x.com\\\/rafaramirez_ok\"],\"url\":\"https:\\\/\\\/rafaramirez.org\\\/blog\\\/index.php\\\/author\\\/rafaell_qm6j97da\\\/\"}]}<\/script>\n<!-- \/ Yoast SEO plugin. -->","yoast_head_json":{"title":"La analfabeta que era un genio de los n\u00fameros. Jonas Jonasson - Blog de Rafael Ram\u00edrez","robots":{"index":"index","follow":"follow","max-snippet":"max-snippet:-1","max-image-preview":"max-image-preview:large","max-video-preview":"max-video-preview:-1"},"canonical":"https:\/\/rafaramirez.org\/blog\/index.php\/2017\/09\/25\/la-analfabeta-que-era-un-genio-de-los-numeros-jonas-jonasson\/","og_locale":"es_ES","og_type":"article","og_title":"La analfabeta que era un genio de los n\u00fameros. Jonas Jonasson - Blog de Rafael Ram\u00edrez","og_description":"Sin deslumbrar ni sorprender tanto como en\u00a0El abuelo que salt\u00f3 por la ventana y se larg\u00f3, Jonas Jonasson\u00a0 brilla tambi\u00e9n\u00a0en \u00e9sta novela. Una historia que entretiene, divierte pero de una forma mas sosegada a su anterior trabajo. En La analfabeta que era un genio de los n\u00fameros Jonasson profundiza m\u00e1s en los personajes, a los [&hellip;]","og_url":"https:\/\/rafaramirez.org\/blog\/index.php\/2017\/09\/25\/la-analfabeta-que-era-un-genio-de-los-numeros-jonas-jonasson\/","og_site_name":"Blog de Rafael Ram\u00edrez","article_published_time":"2017-09-25T17:47:19+00:00","article_modified_time":"2024-01-18T12:56:28+00:00","og_image":[{"width":800,"height":500,"url":"https:\/\/rafaramirez.org\/blog\/wp-content\/uploads\/2017\/09\/1024px-Jonas_Jonasson_Frankfurter_Buchmesse_2018.jpg","type":"image\/jpeg"}],"author":"Rafael Ram\u00edrez","twitter_card":"summary_large_image","twitter_creator":"@rafaramirez_ok","twitter_site":"@rafaramirez_ok","twitter_misc":{"Escrito por":"Rafael Ram\u00edrez","Tiempo de lectura":"2 minutos"},"schema":{"@context":"https:\/\/schema.org","@graph":[{"@type":"Article","@id":"https:\/\/rafaramirez.org\/blog\/index.php\/2017\/09\/25\/la-analfabeta-que-era-un-genio-de-los-numeros-jonas-jonasson\/#article","isPartOf":{"@id":"https:\/\/rafaramirez.org\/blog\/index.php\/2017\/09\/25\/la-analfabeta-que-era-un-genio-de-los-numeros-jonas-jonasson\/"},"author":{"name":"Rafael Ram\u00edrez","@id":"https:\/\/rafaramirez.org\/blog\/#\/schema\/person\/50f43b6d60c578760d4c17bda54ab6a5"},"headline":"La analfabeta que era un genio de los n\u00fameros. Jonas Jonasson","datePublished":"2017-09-25T17:47:19+00:00","dateModified":"2024-01-18T12:56:28+00:00","mainEntityOfPage":{"@id":"https:\/\/rafaramirez.org\/blog\/index.php\/2017\/09\/25\/la-analfabeta-que-era-un-genio-de-los-numeros-jonas-jonasson\/"},"wordCount":493,"commentCount":0,"publisher":{"@id":"https:\/\/rafaramirez.org\/blog\/#\/schema\/person\/50f43b6d60c578760d4c17bda54ab6a5"},"image":{"@id":"https:\/\/rafaramirez.org\/blog\/index.php\/2017\/09\/25\/la-analfabeta-que-era-un-genio-de-los-numeros-jonas-jonasson\/#primaryimage"},"thumbnailUrl":"https:\/\/rafaramirez.org\/blog\/wp-content\/uploads\/2017\/09\/1024px-Jonas_Jonasson_Frankfurter_Buchmesse_2018.jpg","keywords":["destacado","Johannesburgo","Jonas Jonasson","La analfabeta que era un genio de los n\u00fameros","libro recomendado","literatura","Nombeko Mayeki"],"articleSection":["Literatura"],"inLanguage":"es","potentialAction":[{"@type":"CommentAction","name":"Comment","target":["https:\/\/rafaramirez.org\/blog\/index.php\/2017\/09\/25\/la-analfabeta-que-era-un-genio-de-los-numeros-jonas-jonasson\/#respond"]}]},{"@type":"WebPage","@id":"https:\/\/rafaramirez.org\/blog\/index.php\/2017\/09\/25\/la-analfabeta-que-era-un-genio-de-los-numeros-jonas-jonasson\/","url":"https:\/\/rafaramirez.org\/blog\/index.php\/2017\/09\/25\/la-analfabeta-que-era-un-genio-de-los-numeros-jonas-jonasson\/","name":"La analfabeta que era un genio de los n\u00fameros. Jonas Jonasson - Blog de Rafael Ram\u00edrez","isPartOf":{"@id":"https:\/\/rafaramirez.org\/blog\/#website"},"primaryImageOfPage":{"@id":"https:\/\/rafaramirez.org\/blog\/index.php\/2017\/09\/25\/la-analfabeta-que-era-un-genio-de-los-numeros-jonas-jonasson\/#primaryimage"},"image":{"@id":"https:\/\/rafaramirez.org\/blog\/index.php\/2017\/09\/25\/la-analfabeta-que-era-un-genio-de-los-numeros-jonas-jonasson\/#primaryimage"},"thumbnailUrl":"https:\/\/rafaramirez.org\/blog\/wp-content\/uploads\/2017\/09\/1024px-Jonas_Jonasson_Frankfurter_Buchmesse_2018.jpg","datePublished":"2017-09-25T17:47:19+00:00","dateModified":"2024-01-18T12:56:28+00:00","breadcrumb":{"@id":"https:\/\/rafaramirez.org\/blog\/index.php\/2017\/09\/25\/la-analfabeta-que-era-un-genio-de-los-numeros-jonas-jonasson\/#breadcrumb"},"inLanguage":"es","potentialAction":[{"@type":"ReadAction","target":["https:\/\/rafaramirez.org\/blog\/index.php\/2017\/09\/25\/la-analfabeta-que-era-un-genio-de-los-numeros-jonas-jonasson\/"]}]},{"@type":"ImageObject","inLanguage":"es","@id":"https:\/\/rafaramirez.org\/blog\/index.php\/2017\/09\/25\/la-analfabeta-que-era-un-genio-de-los-numeros-jonas-jonasson\/#primaryimage","url":"https:\/\/rafaramirez.org\/blog\/wp-content\/uploads\/2017\/09\/1024px-Jonas_Jonasson_Frankfurter_Buchmesse_2018.jpg","contentUrl":"https:\/\/rafaramirez.org\/blog\/wp-content\/uploads\/2017\/09\/1024px-Jonas_Jonasson_Frankfurter_Buchmesse_2018.jpg","width":800,"height":500},{"@type":"BreadcrumbList","@id":"https:\/\/rafaramirez.org\/blog\/index.php\/2017\/09\/25\/la-analfabeta-que-era-un-genio-de-los-numeros-jonas-jonasson\/#breadcrumb","itemListElement":[{"@type":"ListItem","position":1,"name":"Portada","item":"https:\/\/rafaramirez.org\/blog\/"},{"@type":"ListItem","position":2,"name":"La analfabeta que era un genio de los n\u00fameros. Jonas Jonasson"}]},{"@type":"WebSite","@id":"https:\/\/rafaramirez.org\/blog\/#website","url":"https:\/\/rafaramirez.org\/blog\/","name":"Blog de Rafael Ram\u00edrez","description":"Un sitio social, de arte y cultura","publisher":{"@id":"https:\/\/rafaramirez.org\/blog\/#\/schema\/person\/50f43b6d60c578760d4c17bda54ab6a5"},"potentialAction":[{"@type":"SearchAction","target":{"@type":"EntryPoint","urlTemplate":"https:\/\/rafaramirez.org\/blog\/?s={search_term_string}"},"query-input":{"@type":"PropertyValueSpecification","valueRequired":true,"valueName":"search_term_string"}}],"inLanguage":"es"},{"@type":["Person","Organization"],"@id":"https:\/\/rafaramirez.org\/blog\/#\/schema\/person\/50f43b6d60c578760d4c17bda54ab6a5","name":"Rafael Ram\u00edrez","image":{"@type":"ImageObject","inLanguage":"es","@id":"https:\/\/rafaramirez.org\/blog\/wp-content\/uploads\/2024\/09\/RR_socialnetwork.jpg","url":"https:\/\/rafaramirez.org\/blog\/wp-content\/uploads\/2024\/09\/RR_socialnetwork.jpg","contentUrl":"https:\/\/rafaramirez.org\/blog\/wp-content\/uploads\/2024\/09\/RR_socialnetwork.jpg","width":600,"height":606,"caption":"Rafael Ram\u00edrez"},"logo":{"@id":"https:\/\/rafaramirez.org\/blog\/wp-content\/uploads\/2024\/09\/RR_socialnetwork.jpg"},"sameAs":["https:\/\/www.rafaramirez.org\/blog","https:\/\/www.instagram.com\/rafaramirez_ok\/","https:\/\/es.pinterest.com\/Ramirez_Rafa\/","https:\/\/x.com\/rafaramirez_ok"],"url":"https:\/\/rafaramirez.org\/blog\/index.php\/author\/rafaell_qm6j97da\/"}]}},"jetpack_publicize_connections":[],"jetpack_sharing_enabled":true,"jetpack_likes_enabled":true,"jetpack_featured_media_url":"https:\/\/rafaramirez.org\/blog\/wp-content\/uploads\/2017\/09\/1024px-Jonas_Jonasson_Frankfurter_Buchmesse_2018.jpg","_links":{"self":[{"href":"https:\/\/rafaramirez.org\/blog\/index.php\/wp-json\/wp\/v2\/posts\/1410","targetHints":{"allow":["GET"]}}],"collection":[{"href":"https:\/\/rafaramirez.org\/blog\/index.php\/wp-json\/wp\/v2\/posts"}],"about":[{"href":"https:\/\/rafaramirez.org\/blog\/index.php\/wp-json\/wp\/v2\/types\/post"}],"author":[{"embeddable":true,"href":"https:\/\/rafaramirez.org\/blog\/index.php\/wp-json\/wp\/v2\/users\/1"}],"replies":[{"embeddable":true,"href":"https:\/\/rafaramirez.org\/blog\/index.php\/wp-json\/wp\/v2\/comments?post=1410"}],"version-history":[{"count":1,"href":"https:\/\/rafaramirez.org\/blog\/index.php\/wp-json\/wp\/v2\/posts\/1410\/revisions"}],"predecessor-version":[{"id":2098,"href":"https:\/\/rafaramirez.org\/blog\/index.php\/wp-json\/wp\/v2\/posts\/1410\/revisions\/2098"}],"wp:featuredmedia":[{"embeddable":true,"href":"https:\/\/rafaramirez.org\/blog\/index.php\/wp-json\/wp\/v2\/media\/2097"}],"wp:attachment":[{"href":"https:\/\/rafaramirez.org\/blog\/index.php\/wp-json\/wp\/v2\/media?parent=1410"}],"wp:term":[{"taxonomy":"category","embeddable":true,"href":"https:\/\/rafaramirez.org\/blog\/index.php\/wp-json\/wp\/v2\/categories?post=1410"},{"taxonomy":"post_tag","embeddable":true,"href":"https:\/\/rafaramirez.org\/blog\/index.php\/wp-json\/wp\/v2\/tags?post=1410"}],"curies":[{"name":"wp","href":"https:\/\/api.w.org\/{rel}","templated":true}]}}