{"id":13742,"date":"2026-09-04T08:00:23","date_gmt":"2026-09-04T06:00:23","guid":{"rendered":"https:\/\/rafaramirez.org\/blog\/?p=13742"},"modified":"2026-07-23T11:51:02","modified_gmt":"2026-07-23T09:51:02","slug":"my-all-mariah-carey-en-directo","status":"publish","type":"post","link":"https:\/\/rafaramirez.org\/blog\/index.php\/2026\/09\/04\/my-all-mariah-carey-en-directo\/","title":{"rendered":"My All. Mariah Carey (en directo)."},"content":{"rendered":"<p>La interpretaci\u00f3n de <em>My All<\/em> que Mariah Carey ofreci\u00f3 en Pavarotti &amp; Friends for Guatemala &amp; Kosovo en 1999 es uno de esos momentos en los que una canci\u00f3n \u00edntima, casi susurrada en su versi\u00f3n de estudio, se transforma en un gesto p\u00fablico de vulnerabilidad. No se trata solo de una actuaci\u00f3n vocal, sino de una especie de confesi\u00f3n ante un p\u00fablico que no era el suyo, en un evento ben\u00e9fico marcado por el dolor de dos tragedias humanitarias. Ese contraste, la delicadeza de la canci\u00f3n frente a la gravedad del contexto, es lo que hace que aquella aparici\u00f3n sea tan singular.<\/p>\n<p>Mariah llega al escenario con una serenidad que parece casi calculada para no romper la solemnidad del concierto. Sin embargo, en cuanto empieza a cantar, se percibe que su interpretaci\u00f3n no busca deslumbrar, sino acompa\u00f1ar. <em>My All<\/em> es, en esencia, una canci\u00f3n de entrega absoluta, de deseo que roza la devoci\u00f3n. En M\u00f3dena, sin embargo, ese deseo se vuelve m\u00e1s terrenal, m\u00e1s humano: la voz de Mariah se desliza con una suavidad que evita el exceso y se aferra a la emoci\u00f3n pura. No hay ornamentaci\u00f3n innecesaria ni demostraci\u00f3n de poder vocal, sino una especie de recogimiento que convierte la letra en un suspiro compartido.<\/p>\n<p>Tambi\u00e9n hay un matiz cultural interesante. Aunque interpreta la versi\u00f3n original en lugar de la latina, se percibe en su fraseo esa cadencia que la canci\u00f3n hered\u00f3 de los boleros y de la m\u00fasica caribe\u00f1a. En el contexto del concierto, esa sensualidad se transforma en ternura. La melod\u00eda, que suele ser envolvente y nocturna, adquiere un tono casi espiritual. Es como si Mariah hubiera decidido que la mejor manera de honrar el evento era despojar la canci\u00f3n de todo artificio y dejarla respirar con una honestidad que pocas veces se ve en las actuaciones televisadas de esa \u00e9poca.<\/p>\n<p>En retrospectiva, <em>My All<\/em> en Pavarotti &amp; Friends es un ejemplo de c\u00f3mo una artista puede reinterpretar su propio repertorio seg\u00fan el contexto emocional que la rodea. En ese momento, Mariah no canta para impresionar, sino para consolar. Y en esa decisi\u00f3n, tan sutil y consciente, reside la belleza de aquella noche.<\/p>\n<p><iframe loading=\"lazy\" title=\"YouTube video player\" src=\"https:\/\/www.youtube.com\/embed\/Vtwj3yFkB2U?si=0rVZDo0YbVqy9OJp\" width=\"560\" height=\"315\" frameborder=\"0\" allowfullscreen=\"allowfullscreen\"><\/iframe><\/p>\n<p>M\u00e1s informaci\u00f3n:<\/p>\n<ul>\n<li><a href=\"https:\/\/es.wikipedia.org\/wiki\/Pavarotti_%26_Friends\" target=\"_blank\" rel=\"noopener\">Wikipedia<\/a>.<\/li>\n<li><a href=\"https:\/\/www.youtube.com\/@TheTelevideo\/videos\" target=\"_blank\" rel=\"noopener\">Canal TheTelevideo en Youtube<\/a>.<\/li>\n<li><a href=\"https:\/\/rafaramirez.org\/blog\/index.php\/category\/arte\/musica\/\" target=\"_blank\" rel=\"noopener\">M\u00e1s M\u00fasica<\/a>.<\/li>\n<\/ul>\n","protected":false},"excerpt":{"rendered":"<p>La interpretaci\u00f3n de My All que Mariah Carey ofreci\u00f3 en Pavarotti &amp; Friends for Guatemala &amp; Kosovo en 1999 es uno de esos momentos en los que una canci\u00f3n \u00edntima, casi susurrada en su versi\u00f3n de estudio, se transforma en un gesto p\u00fablico de vulnerabilidad. No se trata solo de una actuaci\u00f3n vocal, sino de [&hellip;]<\/p>\n","protected":false},"author":1,"featured_media":13749,"comment_status":"open","ping_status":"closed","sticky":false,"template":"","format":"standard","meta":{"site-container-style":"default","site-container-layout":"default","site-sidebar-layout":"default","disable-article-header":"default","disable-site-header":"default","disable-site-footer":"default","disable-content-area-spacing":"default","_jetpack_newsletter_access":"","_jetpack_dont_email_post_to_subs":false,"_jetpack_newsletter_tier_id":0,"_jetpack_memberships_contains_paywalled_content":false,"_jetpack_feature_clip_id":0,"_jetpack_memberships_contains_paid_content":false,"footnotes":"","jetpack_publicize_message":"","jetpack_publicize_feature_enabled":true,"jetpack_social_post_already_shared":true,"jetpack_social_options":{"image_generator_settings":{"template":"highway","default_image_id":0,"font":"","enabled":false},"version":2},"jetpack_post_was_ever_published":false},"categories":[709],"tags":[5167,3002,4021,115,4122,160,665,2068,309,3356,2515,4124,5066],"class_list":["post-13742","post","type-post","status-publish","format-standard","has-post-thumbnail","hentry","category-musica","tag-my-all-mariah-carey","tag-3002","tag-actuacion-en-directo","tag-concierto","tag-concierto-pavarotti-friends","tag-en-vivo","tag-italia","tag-live","tag-musica","tag-musica-en-directo","tag-musica-recomendada","tag-parco-novi-sad-de-modena","tag-pavarotti-friends-for-guatemala-kosovo"],"yoast_head":"<!-- This site is optimized with the Yoast SEO plugin v28.4 - https:\/\/yoast.com\/product\/yoast-seo-wordpress\/ -->\n<title>My All. Mariah Carey (en directo). - Blog de Rafael Ram\u00edrez<\/title>\n<meta name=\"description\" content=\"La interpretaci\u00f3n de My All que Mariah Carey ofreci\u00f3 en Pavarotti &amp; Friends for Guatemala &amp; Kosovo en 1999 es uno de esos momentos\" \/>\n<meta name=\"robots\" content=\"index, follow, max-snippet:-1, max-image-preview:large, max-video-preview:-1\" \/>\n<link rel=\"canonical\" href=\"https:\/\/rafaramirez.org\/blog\/index.php\/2026\/09\/04\/my-all-mariah-carey-en-directo\/\" \/>\n<meta property=\"og:locale\" content=\"es_ES\" \/>\n<meta property=\"og:type\" content=\"article\" \/>\n<meta property=\"og:title\" content=\"My All. Mariah Carey (en directo). - Blog de Rafael Ram\u00edrez\" \/>\n<meta property=\"og:description\" content=\"La interpretaci\u00f3n de My All que Mariah Carey ofreci\u00f3 en Pavarotti &amp; Friends for Guatemala &amp; Kosovo en 1999 es uno de esos momentos\" \/>\n<meta property=\"og:url\" content=\"https:\/\/rafaramirez.org\/blog\/index.php\/2026\/09\/04\/my-all-mariah-carey-en-directo\/\" \/>\n<meta property=\"og:site_name\" content=\"Blog de Rafael Ram\u00edrez\" \/>\n<meta property=\"article:published_time\" content=\"2026-09-04T06:00:23+00:00\" \/>\n<meta property=\"og:image\" content=\"https:\/\/rafaramirez.org\/blog\/wp-content\/uploads\/2026\/09\/My-All-Mariah-Carey_bannerlog.jpg\" \/>\n\t<meta property=\"og:image:width\" content=\"720\" \/>\n\t<meta property=\"og:image:height\" content=\"440\" \/>\n\t<meta property=\"og:image:type\" content=\"image\/jpeg\" \/>\n<meta name=\"author\" content=\"Rafael Ram\u00edrez\" \/>\n<meta name=\"twitter:card\" content=\"summary_large_image\" \/>\n<meta name=\"twitter:creator\" content=\"@rafaramirez_ok\" \/>\n<meta name=\"twitter:site\" content=\"@rafaramirez_ok\" \/>\n<meta name=\"twitter:label1\" content=\"Escrito por\" \/>\n\t<meta name=\"twitter:data1\" content=\"Rafael Ram\u00edrez\" \/>\n\t<meta name=\"twitter:label2\" content=\"Tiempo de lectura\" \/>\n\t<meta name=\"twitter:data2\" content=\"2 minutos\" \/>\n<script type=\"application\/ld+json\" class=\"yoast-schema-graph\">{\"@context\":\"https:\\\/\\\/schema.org\",\"@graph\":[{\"@type\":\"Article\",\"@id\":\"https:\\\/\\\/rafaramirez.org\\\/blog\\\/index.php\\\/2026\\\/09\\\/04\\\/my-all-mariah-carey-en-directo\\\/#article\",\"isPartOf\":{\"@id\":\"https:\\\/\\\/rafaramirez.org\\\/blog\\\/index.php\\\/2026\\\/09\\\/04\\\/my-all-mariah-carey-en-directo\\\/\"},\"author\":{\"name\":\"Rafael Ram\u00edrez\",\"@id\":\"https:\\\/\\\/rafaramirez.org\\\/blog\\\/#\\\/schema\\\/person\\\/50f43b6d60c578760d4c17bda54ab6a5\"},\"headline\":\"My All. Mariah Carey (en directo).\",\"datePublished\":\"2026-09-04T06:00:23+00:00\",\"mainEntityOfPage\":{\"@id\":\"https:\\\/\\\/rafaramirez.org\\\/blog\\\/index.php\\\/2026\\\/09\\\/04\\\/my-all-mariah-carey-en-directo\\\/\"},\"wordCount\":405,\"commentCount\":0,\"publisher\":{\"@id\":\"https:\\\/\\\/rafaramirez.org\\\/blog\\\/#\\\/schema\\\/person\\\/50f43b6d60c578760d4c17bda54ab6a5\"},\"image\":{\"@id\":\"https:\\\/\\\/rafaramirez.org\\\/blog\\\/index.php\\\/2026\\\/09\\\/04\\\/my-all-mariah-carey-en-directo\\\/#primaryimage\"},\"thumbnailUrl\":\"https:\\\/\\\/rafaramirez.org\\\/blog\\\/wp-content\\\/uploads\\\/2026\\\/09\\\/My-All-Mariah-Carey_bannerlog.jpg\",\"keywords\":[\"\u201cMy All\u201d Mariah Carey\",\"1999\",\"actuaci\u00f3n en directo\",\"concierto\",\"concierto Pavarotti &amp; Friends\",\"en vivo\",\"Italia\",\"live\",\"M\u00fasica\",\"m\u00fasica en directo\",\"m\u00fasica recomendada\",\"Parco Novi Sad de M\u00f3dena\",\"Pavarotti &amp; Friends for Guatemala &amp; Kosovo\"],\"articleSection\":[\"M\u00fasica\"],\"inLanguage\":\"es\",\"potentialAction\":[{\"@type\":\"CommentAction\",\"name\":\"Comment\",\"target\":[\"https:\\\/\\\/rafaramirez.org\\\/blog\\\/index.php\\\/2026\\\/09\\\/04\\\/my-all-mariah-carey-en-directo\\\/#respond\"]}]},{\"@type\":\"WebPage\",\"@id\":\"https:\\\/\\\/rafaramirez.org\\\/blog\\\/index.php\\\/2026\\\/09\\\/04\\\/my-all-mariah-carey-en-directo\\\/\",\"url\":\"https:\\\/\\\/rafaramirez.org\\\/blog\\\/index.php\\\/2026\\\/09\\\/04\\\/my-all-mariah-carey-en-directo\\\/\",\"name\":\"My All. Mariah Carey (en directo). - Blog de Rafael Ram\u00edrez\",\"isPartOf\":{\"@id\":\"https:\\\/\\\/rafaramirez.org\\\/blog\\\/#website\"},\"primaryImageOfPage\":{\"@id\":\"https:\\\/\\\/rafaramirez.org\\\/blog\\\/index.php\\\/2026\\\/09\\\/04\\\/my-all-mariah-carey-en-directo\\\/#primaryimage\"},\"image\":{\"@id\":\"https:\\\/\\\/rafaramirez.org\\\/blog\\\/index.php\\\/2026\\\/09\\\/04\\\/my-all-mariah-carey-en-directo\\\/#primaryimage\"},\"thumbnailUrl\":\"https:\\\/\\\/rafaramirez.org\\\/blog\\\/wp-content\\\/uploads\\\/2026\\\/09\\\/My-All-Mariah-Carey_bannerlog.jpg\",\"datePublished\":\"2026-09-04T06:00:23+00:00\",\"description\":\"La interpretaci\u00f3n de My All que Mariah Carey ofreci\u00f3 en Pavarotti & Friends for Guatemala & Kosovo en 1999 es uno de esos momentos\",\"breadcrumb\":{\"@id\":\"https:\\\/\\\/rafaramirez.org\\\/blog\\\/index.php\\\/2026\\\/09\\\/04\\\/my-all-mariah-carey-en-directo\\\/#breadcrumb\"},\"inLanguage\":\"es\",\"potentialAction\":[{\"@type\":\"ReadAction\",\"target\":[\"https:\\\/\\\/rafaramirez.org\\\/blog\\\/index.php\\\/2026\\\/09\\\/04\\\/my-all-mariah-carey-en-directo\\\/\"]}]},{\"@type\":\"ImageObject\",\"inLanguage\":\"es\",\"@id\":\"https:\\\/\\\/rafaramirez.org\\\/blog\\\/index.php\\\/2026\\\/09\\\/04\\\/my-all-mariah-carey-en-directo\\\/#primaryimage\",\"url\":\"https:\\\/\\\/rafaramirez.org\\\/blog\\\/wp-content\\\/uploads\\\/2026\\\/09\\\/My-All-Mariah-Carey_bannerlog.jpg\",\"contentUrl\":\"https:\\\/\\\/rafaramirez.org\\\/blog\\\/wp-content\\\/uploads\\\/2026\\\/09\\\/My-All-Mariah-Carey_bannerlog.jpg\",\"width\":720,\"height\":440,\"caption\":\"My All. Mariah Carey (en directo). Blog de Rafael Ram\u00edrez.\"},{\"@type\":\"BreadcrumbList\",\"@id\":\"https:\\\/\\\/rafaramirez.org\\\/blog\\\/index.php\\\/2026\\\/09\\\/04\\\/my-all-mariah-carey-en-directo\\\/#breadcrumb\",\"itemListElement\":[{\"@type\":\"ListItem\",\"position\":1,\"name\":\"Portada\",\"item\":\"https:\\\/\\\/rafaramirez.org\\\/blog\\\/\"},{\"@type\":\"ListItem\",\"position\":2,\"name\":\"My All. Mariah Carey (en directo).\"}]},{\"@type\":\"WebSite\",\"@id\":\"https:\\\/\\\/rafaramirez.org\\\/blog\\\/#website\",\"url\":\"https:\\\/\\\/rafaramirez.org\\\/blog\\\/\",\"name\":\"Blog de Rafael Ram\u00edrez\",\"description\":\"Un sitio social, de arte y cultura\",\"publisher\":{\"@id\":\"https:\\\/\\\/rafaramirez.org\\\/blog\\\/#\\\/schema\\\/person\\\/50f43b6d60c578760d4c17bda54ab6a5\"},\"potentialAction\":[{\"@type\":\"SearchAction\",\"target\":{\"@type\":\"EntryPoint\",\"urlTemplate\":\"https:\\\/\\\/rafaramirez.org\\\/blog\\\/?s={search_term_string}\"},\"query-input\":{\"@type\":\"PropertyValueSpecification\",\"valueRequired\":true,\"valueName\":\"search_term_string\"}}],\"inLanguage\":\"es\"},{\"@type\":[\"Person\",\"Organization\"],\"@id\":\"https:\\\/\\\/rafaramirez.org\\\/blog\\\/#\\\/schema\\\/person\\\/50f43b6d60c578760d4c17bda54ab6a5\",\"name\":\"Rafael Ram\u00edrez\",\"image\":{\"@type\":\"ImageObject\",\"inLanguage\":\"es\",\"@id\":\"https:\\\/\\\/rafaramirez.org\\\/blog\\\/wp-content\\\/uploads\\\/2024\\\/09\\\/RR_socialnetwork.jpg\",\"url\":\"https:\\\/\\\/rafaramirez.org\\\/blog\\\/wp-content\\\/uploads\\\/2024\\\/09\\\/RR_socialnetwork.jpg\",\"contentUrl\":\"https:\\\/\\\/rafaramirez.org\\\/blog\\\/wp-content\\\/uploads\\\/2024\\\/09\\\/RR_socialnetwork.jpg\",\"width\":600,\"height\":606,\"caption\":\"Rafael Ram\u00edrez\"},\"logo\":{\"@id\":\"https:\\\/\\\/rafaramirez.org\\\/blog\\\/wp-content\\\/uploads\\\/2024\\\/09\\\/RR_socialnetwork.jpg\"},\"sameAs\":[\"https:\\\/\\\/www.rafaramirez.org\\\/blog\",\"https:\\\/\\\/www.instagram.com\\\/rafaramirez_ok\\\/\",\"https:\\\/\\\/es.pinterest.com\\\/Ramirez_Rafa\\\/\",\"https:\\\/\\\/x.com\\\/rafaramirez_ok\"],\"url\":\"https:\\\/\\\/rafaramirez.org\\\/blog\\\/index.php\\\/author\\\/rafaell_qm6j97da\\\/\"}]}<\/script>\n<!-- \/ Yoast SEO plugin. -->","yoast_head_json":{"title":"My All. Mariah Carey (en directo). - Blog de Rafael Ram\u00edrez","description":"La interpretaci\u00f3n de My All que Mariah Carey ofreci\u00f3 en Pavarotti & Friends for Guatemala & Kosovo en 1999 es uno de esos momentos","robots":{"index":"index","follow":"follow","max-snippet":"max-snippet:-1","max-image-preview":"max-image-preview:large","max-video-preview":"max-video-preview:-1"},"canonical":"https:\/\/rafaramirez.org\/blog\/index.php\/2026\/09\/04\/my-all-mariah-carey-en-directo\/","og_locale":"es_ES","og_type":"article","og_title":"My All. Mariah Carey (en directo). - Blog de Rafael Ram\u00edrez","og_description":"La interpretaci\u00f3n de My All que Mariah Carey ofreci\u00f3 en Pavarotti & Friends for Guatemala & Kosovo en 1999 es uno de esos momentos","og_url":"https:\/\/rafaramirez.org\/blog\/index.php\/2026\/09\/04\/my-all-mariah-carey-en-directo\/","og_site_name":"Blog de Rafael Ram\u00edrez","article_published_time":"2026-09-04T06:00:23+00:00","og_image":[{"width":720,"height":440,"url":"https:\/\/rafaramirez.org\/blog\/wp-content\/uploads\/2026\/09\/My-All-Mariah-Carey_bannerlog.jpg","type":"image\/jpeg"}],"author":"Rafael Ram\u00edrez","twitter_card":"summary_large_image","twitter_creator":"@rafaramirez_ok","twitter_site":"@rafaramirez_ok","twitter_misc":{"Escrito por":"Rafael Ram\u00edrez","Tiempo de lectura":"2 minutos"},"schema":{"@context":"https:\/\/schema.org","@graph":[{"@type":"Article","@id":"https:\/\/rafaramirez.org\/blog\/index.php\/2026\/09\/04\/my-all-mariah-carey-en-directo\/#article","isPartOf":{"@id":"https:\/\/rafaramirez.org\/blog\/index.php\/2026\/09\/04\/my-all-mariah-carey-en-directo\/"},"author":{"name":"Rafael Ram\u00edrez","@id":"https:\/\/rafaramirez.org\/blog\/#\/schema\/person\/50f43b6d60c578760d4c17bda54ab6a5"},"headline":"My All. Mariah Carey (en directo).","datePublished":"2026-09-04T06:00:23+00:00","mainEntityOfPage":{"@id":"https:\/\/rafaramirez.org\/blog\/index.php\/2026\/09\/04\/my-all-mariah-carey-en-directo\/"},"wordCount":405,"commentCount":0,"publisher":{"@id":"https:\/\/rafaramirez.org\/blog\/#\/schema\/person\/50f43b6d60c578760d4c17bda54ab6a5"},"image":{"@id":"https:\/\/rafaramirez.org\/blog\/index.php\/2026\/09\/04\/my-all-mariah-carey-en-directo\/#primaryimage"},"thumbnailUrl":"https:\/\/rafaramirez.org\/blog\/wp-content\/uploads\/2026\/09\/My-All-Mariah-Carey_bannerlog.jpg","keywords":["\u201cMy All\u201d Mariah Carey","1999","actuaci\u00f3n en directo","concierto","concierto Pavarotti &amp; Friends","en vivo","Italia","live","M\u00fasica","m\u00fasica en directo","m\u00fasica recomendada","Parco Novi Sad de M\u00f3dena","Pavarotti &amp; Friends for Guatemala &amp; Kosovo"],"articleSection":["M\u00fasica"],"inLanguage":"es","potentialAction":[{"@type":"CommentAction","name":"Comment","target":["https:\/\/rafaramirez.org\/blog\/index.php\/2026\/09\/04\/my-all-mariah-carey-en-directo\/#respond"]}]},{"@type":"WebPage","@id":"https:\/\/rafaramirez.org\/blog\/index.php\/2026\/09\/04\/my-all-mariah-carey-en-directo\/","url":"https:\/\/rafaramirez.org\/blog\/index.php\/2026\/09\/04\/my-all-mariah-carey-en-directo\/","name":"My All. Mariah Carey (en directo). - Blog de Rafael Ram\u00edrez","isPartOf":{"@id":"https:\/\/rafaramirez.org\/blog\/#website"},"primaryImageOfPage":{"@id":"https:\/\/rafaramirez.org\/blog\/index.php\/2026\/09\/04\/my-all-mariah-carey-en-directo\/#primaryimage"},"image":{"@id":"https:\/\/rafaramirez.org\/blog\/index.php\/2026\/09\/04\/my-all-mariah-carey-en-directo\/#primaryimage"},"thumbnailUrl":"https:\/\/rafaramirez.org\/blog\/wp-content\/uploads\/2026\/09\/My-All-Mariah-Carey_bannerlog.jpg","datePublished":"2026-09-04T06:00:23+00:00","description":"La interpretaci\u00f3n de My All que Mariah Carey ofreci\u00f3 en Pavarotti & Friends for Guatemala & Kosovo en 1999 es uno de esos momentos","breadcrumb":{"@id":"https:\/\/rafaramirez.org\/blog\/index.php\/2026\/09\/04\/my-all-mariah-carey-en-directo\/#breadcrumb"},"inLanguage":"es","potentialAction":[{"@type":"ReadAction","target":["https:\/\/rafaramirez.org\/blog\/index.php\/2026\/09\/04\/my-all-mariah-carey-en-directo\/"]}]},{"@type":"ImageObject","inLanguage":"es","@id":"https:\/\/rafaramirez.org\/blog\/index.php\/2026\/09\/04\/my-all-mariah-carey-en-directo\/#primaryimage","url":"https:\/\/rafaramirez.org\/blog\/wp-content\/uploads\/2026\/09\/My-All-Mariah-Carey_bannerlog.jpg","contentUrl":"https:\/\/rafaramirez.org\/blog\/wp-content\/uploads\/2026\/09\/My-All-Mariah-Carey_bannerlog.jpg","width":720,"height":440,"caption":"My All. Mariah Carey (en directo). Blog de Rafael Ram\u00edrez."},{"@type":"BreadcrumbList","@id":"https:\/\/rafaramirez.org\/blog\/index.php\/2026\/09\/04\/my-all-mariah-carey-en-directo\/#breadcrumb","itemListElement":[{"@type":"ListItem","position":1,"name":"Portada","item":"https:\/\/rafaramirez.org\/blog\/"},{"@type":"ListItem","position":2,"name":"My All. Mariah Carey (en directo)."}]},{"@type":"WebSite","@id":"https:\/\/rafaramirez.org\/blog\/#website","url":"https:\/\/rafaramirez.org\/blog\/","name":"Blog de Rafael Ram\u00edrez","description":"Un sitio social, de arte y cultura","publisher":{"@id":"https:\/\/rafaramirez.org\/blog\/#\/schema\/person\/50f43b6d60c578760d4c17bda54ab6a5"},"potentialAction":[{"@type":"SearchAction","target":{"@type":"EntryPoint","urlTemplate":"https:\/\/rafaramirez.org\/blog\/?s={search_term_string}"},"query-input":{"@type":"PropertyValueSpecification","valueRequired":true,"valueName":"search_term_string"}}],"inLanguage":"es"},{"@type":["Person","Organization"],"@id":"https:\/\/rafaramirez.org\/blog\/#\/schema\/person\/50f43b6d60c578760d4c17bda54ab6a5","name":"Rafael Ram\u00edrez","image":{"@type":"ImageObject","inLanguage":"es","@id":"https:\/\/rafaramirez.org\/blog\/wp-content\/uploads\/2024\/09\/RR_socialnetwork.jpg","url":"https:\/\/rafaramirez.org\/blog\/wp-content\/uploads\/2024\/09\/RR_socialnetwork.jpg","contentUrl":"https:\/\/rafaramirez.org\/blog\/wp-content\/uploads\/2024\/09\/RR_socialnetwork.jpg","width":600,"height":606,"caption":"Rafael Ram\u00edrez"},"logo":{"@id":"https:\/\/rafaramirez.org\/blog\/wp-content\/uploads\/2024\/09\/RR_socialnetwork.jpg"},"sameAs":["https:\/\/www.rafaramirez.org\/blog","https:\/\/www.instagram.com\/rafaramirez_ok\/","https:\/\/es.pinterest.com\/Ramirez_Rafa\/","https:\/\/x.com\/rafaramirez_ok"],"url":"https:\/\/rafaramirez.org\/blog\/index.php\/author\/rafaell_qm6j97da\/"}]}},"jetpack_publicize_connections":[],"jetpack_sharing_enabled":true,"jetpack_likes_enabled":true,"jetpack_featured_media_url":"https:\/\/rafaramirez.org\/blog\/wp-content\/uploads\/2026\/09\/My-All-Mariah-Carey_bannerlog.jpg","_links":{"self":[{"href":"https:\/\/rafaramirez.org\/blog\/index.php\/wp-json\/wp\/v2\/posts\/13742","targetHints":{"allow":["GET"]}}],"collection":[{"href":"https:\/\/rafaramirez.org\/blog\/index.php\/wp-json\/wp\/v2\/posts"}],"about":[{"href":"https:\/\/rafaramirez.org\/blog\/index.php\/wp-json\/wp\/v2\/types\/post"}],"author":[{"embeddable":true,"href":"https:\/\/rafaramirez.org\/blog\/index.php\/wp-json\/wp\/v2\/users\/1"}],"replies":[{"embeddable":true,"href":"https:\/\/rafaramirez.org\/blog\/index.php\/wp-json\/wp\/v2\/comments?post=13742"}],"version-history":[{"count":8,"href":"https:\/\/rafaramirez.org\/blog\/index.php\/wp-json\/wp\/v2\/posts\/13742\/revisions"}],"predecessor-version":[{"id":13751,"href":"https:\/\/rafaramirez.org\/blog\/index.php\/wp-json\/wp\/v2\/posts\/13742\/revisions\/13751"}],"wp:featuredmedia":[{"embeddable":true,"href":"https:\/\/rafaramirez.org\/blog\/index.php\/wp-json\/wp\/v2\/media\/13749"}],"wp:attachment":[{"href":"https:\/\/rafaramirez.org\/blog\/index.php\/wp-json\/wp\/v2\/media?parent=13742"}],"wp:term":[{"taxonomy":"category","embeddable":true,"href":"https:\/\/rafaramirez.org\/blog\/index.php\/wp-json\/wp\/v2\/categories?post=13742"},{"taxonomy":"post_tag","embeddable":true,"href":"https:\/\/rafaramirez.org\/blog\/index.php\/wp-json\/wp\/v2\/tags?post=13742"}],"curies":[{"name":"wp","href":"https:\/\/api.w.org\/{rel}","templated":true}]}}