{"id":13687,"date":"2026-08-31T08:00:27","date_gmt":"2026-08-31T06:00:27","guid":{"rendered":"https:\/\/rafaramirez.org\/blog\/?p=13687"},"modified":"2026-07-17T12:11:45","modified_gmt":"2026-07-17T10:11:45","slug":"ignacio-pinazo-camarlench-pintor-biografia","status":"publish","type":"post","link":"https:\/\/rafaramirez.org\/blog\/index.php\/2026\/08\/31\/ignacio-pinazo-camarlench-pintor-biografia\/","title":{"rendered":"Entre la sombra y la luz: Ignacio Pinazo."},"content":{"rendered":"<p>Ignacio Pinazo Camarlench aparece en la historia del arte espa\u00f1ol como una figura que ascendi\u00f3 desde la modestia m\u00e1s absoluta hasta convertirse en uno de los grandes renovadores de la pintura valenciana de finales del siglo XIX. Su biograf\u00eda, lejos de ser lineal, estuvo marcada por la precariedad, la disciplina y una gran intuici\u00f3n pict\u00f3rica que lo llev\u00f3 a evolucionar desde el historicismo acad\u00e9mico hasta alcanzar una sensibilidad impresionista profundamente personal.<\/p>\n<p>Naci\u00f3 en Valencia el 11 de enero de 1849 en el seno de una familia de artesanos humildes. Desde ni\u00f1o, trabaj\u00f3 para mantener a la familia: fue platero, dorador, pintor de azulejos y abanicos, y tambi\u00e9n sombrerero, oficios que moldearon su relaci\u00f3n con los materiales y la artesan\u00eda. La muerte de su madre durante una epidemia de c\u00f3lera y, m\u00e1s tarde, la de su padre, lo obligaron a vivir con su abuelo. En esa \u00e9poca, en 1864, comenz\u00f3 a formarse en la Academia de Bellas Artes de San Carlos, compaginando el estudio con el trabajo manual.<\/p>\n<p>Su carrera art\u00edstica se inicia con una mezcla de tenacidad y azar. En 1870 present\u00f3 La Caridad en la Exposici\u00f3n Regional de Barcelona, obra que fue adquirida por el Ayuntamiento y que le vali\u00f3 el reconocimiento inicial. Poco despu\u00e9s, gracias a la venta de un cuadro, viaj\u00f3 por primera vez a Roma (1872-1874), donde entr\u00f3 en contacto con la pintura italiana y con Fortuny, y donde termin\u00f3 de perfilar su aprendizaje. Regres\u00f3 a Italia en 1876, esta vez como pensionado de la Diputaci\u00f3n de Valencia, y permaneci\u00f3 all\u00ed cinco a\u00f1os, durante los cuales produjo obras hist\u00f3ricas que le valieron medallas y premios en las Exposiciones Nacionales de Bellas Artes.<\/p>\n<p>Sin embargo, lo m\u00e1s decisivo ocurre a su regreso a Valencia: Pinazo abandona los grandes temas hist\u00f3ricos y se centra en lo \u00edntimo, lo dom\u00e9stico y lo cotidiano. Comienza a pintar escenas familiares, desnudos, paisajes y momentos de la vida cotidiana, anticipando la sensibilidad que m\u00e1s tarde desarrollar\u00edan Sorolla y Domingo Marqu\u00e9s. Su pincelada se vuelve m\u00e1s r\u00e1pida y vibrante, y su paleta oscila entre los tonos terrosos y la luminosidad impresionista. En esos a\u00f1os tambi\u00e9n ejerce como profesor de colorido en la Academia de San Carlos (1883-1888) y recibe encargos de la alta sociedad valenciana, lo que consolida su prestigio regional.<\/p>\n<p>Durante la d\u00e9cada de 1890 y los primeros a\u00f1os del siglo XX se consolida como un maestro reconocido: obtiene medallas en las Exposiciones Nacionales de 1897, 1899 y 1912, es nombrado acad\u00e9mico en Valencia y Madrid, y participa en numerosas muestras regionales. Su producci\u00f3n es vast\u00edsima y diversa: retratos, paisajes, escenas costumbristas y decoraciones para residencias aristocr\u00e1ticas. Sus dos hijos, Ignacio y Jos\u00e9 Pinazo Mart\u00ednez, que tambi\u00e9n eran artistas, aparecen en muchos de sus cuadros infantiles, convertidos en sus modelos predilectos.<\/p>\n<p>En 1916, ya retirado en su taller de Godella, fallece a los 67 a\u00f1os. Dos a\u00f1os despu\u00e9s, la Universidad de Valencia le dedic\u00f3 un monumento y se public\u00f3 una obra biogr\u00e1fica que consagr\u00f3 su legado.<\/p>\n<p>La vida de Pinazo es, en esencia, la historia de un hombre que aprendi\u00f3 a mirar desde la necesidad y que convirti\u00f3 esa mirada en una po\u00e9tica de la intimidad. Su pintura, a veces silenciosa y otras vibrante, captura la respiraci\u00f3n de lo cotidiano con una sensibilidad que lo sit\u00faa entre los grandes impresionistas espa\u00f1oles, aunque siempre desde una voz propia, m\u00e1s contenida, m\u00e1s cercana y m\u00e1s humana.<\/p>\n<figure id=\"attachment_13693\" aria-describedby=\"caption-attachment-13693\" style=\"width: 246px\" class=\"wp-caption aligncenter\"><a href=\"https:\/\/rafaramirez.org\/blog\/wp-content\/uploads\/2026\/08\/Autorretrato-Ignacio-Pinazo-1900_ok.jpg\" target=\"_blank\" rel=\"noopener\"><img loading=\"lazy\" decoding=\"async\" class=\"wp-image-13693 size-medium\" src=\"https:\/\/rafaramirez.org\/blog\/wp-content\/uploads\/2026\/08\/Autorretrato-Ignacio-Pinazo-1900_ok-246x300.jpg\" alt=\"Autorretrato del pintor Ignacio Pinazo Camarlench (1900). Blog de Rafael Ram\u00edrez.\" width=\"246\" height=\"300\" srcset=\"https:\/\/rafaramirez.org\/blog\/wp-content\/uploads\/2026\/08\/Autorretrato-Ignacio-Pinazo-1900_ok-246x300.jpg 246w, https:\/\/rafaramirez.org\/blog\/wp-content\/uploads\/2026\/08\/Autorretrato-Ignacio-Pinazo-1900_ok-839x1024.jpg 839w, https:\/\/rafaramirez.org\/blog\/wp-content\/uploads\/2026\/08\/Autorretrato-Ignacio-Pinazo-1900_ok-768x937.jpg 768w, https:\/\/rafaramirez.org\/blog\/wp-content\/uploads\/2026\/08\/Autorretrato-Ignacio-Pinazo-1900_ok-1259x1536.jpg 1259w, https:\/\/rafaramirez.org\/blog\/wp-content\/uploads\/2026\/08\/Autorretrato-Ignacio-Pinazo-1900_ok.jpg 1280w\" sizes=\"auto, (max-width: 246px) 100vw, 246px\" \/><\/a><figcaption id=\"caption-attachment-13693\" class=\"wp-caption-text\">Autorretrato del pintor Ignacio Pinazo Camarlench (1900). Blog de Rafael Ram\u00edrez.<\/figcaption><\/figure>\n<h3>Principales obras de Pinazo.<\/h3>\n<p>Las principales obras de Ignacio Pinazo Camarlench no forman un conjunto cerrado ni se pueden reducir f\u00e1cilmente a una lista breve, ya que su producci\u00f3n es vasta y dispersa, y abarca desde grandes composiciones hist\u00f3ricas hasta escenas \u00edntimas, apuntes dom\u00e9sticos, retratos y desnudos. Sin embargo, es posible trazar un mapa de las obras que, por su presencia en museos, su relevancia estil\u00edstica o su impacto cr\u00edtico, se consideran fundamentales en su trayectoria.<\/p>\n<p>A finales del siglo XIX, cuando Pinazo abandona definitivamente el historicismo acad\u00e9mico, su pintura se vuelve m\u00e1s \u00edntima, atmosf\u00e9rica y centrada en la vida cotidiana. Obras como <strong><em>Ni\u00f1a con una mu\u00f1eca<\/em> (hacia 1890)<\/strong> revelan esa sensibilidad dom\u00e9stica que lo caracteriza: un retrato infantil sin sentimentalismo, construido con luz y con una pincelada vibrante que anticipa el clima emocional del impresionismo valenciano.<\/p>\n<figure id=\"attachment_13694\" aria-describedby=\"caption-attachment-13694\" style=\"width: 219px\" class=\"wp-caption aligncenter\"><a href=\"https:\/\/rafaramirez.org\/blog\/wp-content\/uploads\/2026\/08\/Nina-con-una-muneca-hacia-1890_ok.jpg\" target=\"_blank\" rel=\"noopener\"><img loading=\"lazy\" decoding=\"async\" class=\"wp-image-13694 size-medium\" src=\"https:\/\/rafaramirez.org\/blog\/wp-content\/uploads\/2026\/08\/Nina-con-una-muneca-hacia-1890_ok-219x300.jpg\" alt=\"Ni\u00f1a con una mu\u00f1eca (hacia 1890). Ignacio Pinazo Camarlench. Blog de Rafael Ram\u00edrez.\" width=\"219\" height=\"300\" srcset=\"https:\/\/rafaramirez.org\/blog\/wp-content\/uploads\/2026\/08\/Nina-con-una-muneca-hacia-1890_ok-219x300.jpg 219w, https:\/\/rafaramirez.org\/blog\/wp-content\/uploads\/2026\/08\/Nina-con-una-muneca-hacia-1890_ok-746x1024.jpg 746w, https:\/\/rafaramirez.org\/blog\/wp-content\/uploads\/2026\/08\/Nina-con-una-muneca-hacia-1890_ok-768x1054.jpg 768w, https:\/\/rafaramirez.org\/blog\/wp-content\/uploads\/2026\/08\/Nina-con-una-muneca-hacia-1890_ok-1119x1536.jpg 1119w, https:\/\/rafaramirez.org\/blog\/wp-content\/uploads\/2026\/08\/Nina-con-una-muneca-hacia-1890_ok.jpg 1399w\" sizes=\"auto, (max-width: 219px) 100vw, 219px\" \/><\/a><figcaption id=\"caption-attachment-13694\" class=\"wp-caption-text\">Ni\u00f1a con una mu\u00f1eca (hacia 1890). Ignacio Pinazo Camarlench. Blog de Rafael Ram\u00edrez.<\/figcaption><\/figure>\n<p>En la misma l\u00ednea se sit\u00faan los numerosos retratos de sus hijos, especialmente <strong><em>Ignacio, hijo del artista, sentado<\/em> (1887)<\/strong>, en el que la mirada del pintor se vuelve casi meditativa, captando la delicadeza del gesto y la atm\u00f3sfera \u00edntima del hogar.<\/p>\n<figure id=\"attachment_13695\" aria-describedby=\"caption-attachment-13695\" style=\"width: 253px\" class=\"wp-caption aligncenter\"><a href=\"https:\/\/rafaramirez.org\/blog\/wp-content\/uploads\/2026\/08\/Ignacio-hijo-del-artista-sentado-1887_ok.jpg\" target=\"_blank\" rel=\"noopener\"><img loading=\"lazy\" decoding=\"async\" class=\"wp-image-13695 size-medium\" src=\"https:\/\/rafaramirez.org\/blog\/wp-content\/uploads\/2026\/08\/Ignacio-hijo-del-artista-sentado-1887_ok-253x300.jpg\" alt=\"Ignacio, hijo del artista, sentado (1887). Ignacio Pinazo Camarlench. Blog de Rafael Ram\u00edrez.\" width=\"253\" height=\"300\" srcset=\"https:\/\/rafaramirez.org\/blog\/wp-content\/uploads\/2026\/08\/Ignacio-hijo-del-artista-sentado-1887_ok-253x300.jpg 253w, https:\/\/rafaramirez.org\/blog\/wp-content\/uploads\/2026\/08\/Ignacio-hijo-del-artista-sentado-1887_ok-862x1024.jpg 862w, https:\/\/rafaramirez.org\/blog\/wp-content\/uploads\/2026\/08\/Ignacio-hijo-del-artista-sentado-1887_ok-768x912.jpg 768w, https:\/\/rafaramirez.org\/blog\/wp-content\/uploads\/2026\/08\/Ignacio-hijo-del-artista-sentado-1887_ok-1293x1536.jpg 1293w, https:\/\/rafaramirez.org\/blog\/wp-content\/uploads\/2026\/08\/Ignacio-hijo-del-artista-sentado-1887_ok.jpg 1616w\" sizes=\"auto, (max-width: 253px) 100vw, 253px\" \/><\/a><figcaption id=\"caption-attachment-13695\" class=\"wp-caption-text\">Ignacio, hijo del artista, sentado (1887). Ignacio Pinazo Camarlench. Blog de Rafael Ram\u00edrez.<\/figcaption><\/figure>\n<p>Su serie de autorretratos, como el de 1895, constituye otro n\u00facleo esencial: Pinazo se observa con crudeza, modelando su rostro mediante fuertes contrastes lum\u00ednicos y una paleta terrosa que remite a los maestros del Siglo de Oro. Estas obras revelan su obsesi\u00f3n por la identidad y por la luz como herramienta psicol\u00f3gica.<\/p>\n<figure id=\"attachment_13696\" aria-describedby=\"caption-attachment-13696\" style=\"width: 221px\" class=\"wp-caption aligncenter\"><a href=\"https:\/\/rafaramirez.org\/blog\/wp-content\/uploads\/2026\/08\/Autorretrato-Ignacio-Pinazo-1895_ok.jpg\" target=\"_blank\" rel=\"noopener\"><img loading=\"lazy\" decoding=\"async\" class=\"wp-image-13696 size-medium\" src=\"https:\/\/rafaramirez.org\/blog\/wp-content\/uploads\/2026\/08\/Autorretrato-Ignacio-Pinazo-1895_ok-221x300.jpg\" alt=\"Autorretrato (1895). Ignacio Pinazo Camarlench. Blog de Rafael Ram\u00edrez.\" width=\"221\" height=\"300\" srcset=\"https:\/\/rafaramirez.org\/blog\/wp-content\/uploads\/2026\/08\/Autorretrato-Ignacio-Pinazo-1895_ok-221x300.jpg 221w, https:\/\/rafaramirez.org\/blog\/wp-content\/uploads\/2026\/08\/Autorretrato-Ignacio-Pinazo-1895_ok-755x1024.jpg 755w, https:\/\/rafaramirez.org\/blog\/wp-content\/uploads\/2026\/08\/Autorretrato-Ignacio-Pinazo-1895_ok-768x1042.jpg 768w, https:\/\/rafaramirez.org\/blog\/wp-content\/uploads\/2026\/08\/Autorretrato-Ignacio-Pinazo-1895_ok-1132x1536.jpg 1132w, https:\/\/rafaramirez.org\/blog\/wp-content\/uploads\/2026\/08\/Autorretrato-Ignacio-Pinazo-1895_ok.jpg 1415w\" sizes=\"auto, (max-width: 221px) 100vw, 221px\" \/><\/a><figcaption id=\"caption-attachment-13696\" class=\"wp-caption-text\">Autorretrato (1895). Ignacio Pinazo Camarlench. Blog de Rafael Ram\u00edrez.<\/figcaption><\/figure>\n<p>Aunque su fama posterior se basa sobre todo en estas escenas \u00edntimas, Pinazo tambi\u00e9n realiz\u00f3 obras hist\u00f3ricas de gran ambici\u00f3n. Entre ellas, destaca <strong><em>El infante don Pedro, arrodillado<\/em> (Estudio para \u00daltimos momentos del rey don Jaime) (1879)<\/strong>, una obra de su etapa romana que muestra su dominio del g\u00e9nero hist\u00f3rico antes de pasar a una pintura m\u00e1s libre y personal.<\/p>\n<figure id=\"attachment_13697\" aria-describedby=\"caption-attachment-13697\" style=\"width: 205px\" class=\"wp-caption aligncenter\"><a href=\"https:\/\/rafaramirez.org\/blog\/wp-content\/uploads\/2026\/08\/El-infante-don-Pedro-arrodillado-1879_ok.jpg\" target=\"_blank\" rel=\"noopener\"><img loading=\"lazy\" decoding=\"async\" class=\"wp-image-13697 size-medium\" src=\"https:\/\/rafaramirez.org\/blog\/wp-content\/uploads\/2026\/08\/El-infante-don-Pedro-arrodillado-1879_ok-205x300.jpg\" alt=\"El infante don Pedro, arrodillado (Estudio para \u00daltimos momentos del rey don Jaime) (1879). Ignacio Pinazo Camarlench. Blog de Rafael Ram\u00edrez.\" width=\"205\" height=\"300\" srcset=\"https:\/\/rafaramirez.org\/blog\/wp-content\/uploads\/2026\/08\/El-infante-don-Pedro-arrodillado-1879_ok-205x300.jpg 205w, https:\/\/rafaramirez.org\/blog\/wp-content\/uploads\/2026\/08\/El-infante-don-Pedro-arrodillado-1879_ok-699x1024.jpg 699w, https:\/\/rafaramirez.org\/blog\/wp-content\/uploads\/2026\/08\/El-infante-don-Pedro-arrodillado-1879_ok-768x1125.jpg 768w, https:\/\/rafaramirez.org\/blog\/wp-content\/uploads\/2026\/08\/El-infante-don-Pedro-arrodillado-1879_ok-1049x1536.jpg 1049w, https:\/\/rafaramirez.org\/blog\/wp-content\/uploads\/2026\/08\/El-infante-don-Pedro-arrodillado-1879_ok.jpg 1311w\" sizes=\"auto, (max-width: 205px) 100vw, 205px\" \/><\/a><figcaption id=\"caption-attachment-13697\" class=\"wp-caption-text\">El infante don Pedro, arrodillado (Estudio para \u00daltimos momentos del rey don Jaime) (1879). Ignacio Pinazo Camarlench. Blog de Rafael Ram\u00edrez.<\/figcaption><\/figure>\n<p>En su producci\u00f3n madura tambi\u00e9n encontramos obras de car\u00e1cter mitol\u00f3gico o aleg\u00f3rico, como <strong><em>Fauno<\/em> (1888)<\/strong>, en la que la figura infantil se convierte en motivo de exploraci\u00f3n lum\u00ednica y anat\u00f3mica, tratado con una naturalidad que roza lo et\u00e9reo.<\/p>\n<figure id=\"attachment_13698\" aria-describedby=\"caption-attachment-13698\" style=\"width: 300px\" class=\"wp-caption aligncenter\"><a href=\"https:\/\/rafaramirez.org\/blog\/wp-content\/uploads\/2026\/08\/Fauno-1888.jpg\" target=\"_blank\" rel=\"noopener\"><img loading=\"lazy\" decoding=\"async\" class=\"wp-image-13698 size-medium\" src=\"https:\/\/rafaramirez.org\/blog\/wp-content\/uploads\/2026\/08\/Fauno-1888-300x157.jpg\" alt=\"Fauno (1888). Ignacio Pinazo Camarlench. Blog de Rafael Ram\u00edrez.\" width=\"300\" height=\"157\" srcset=\"https:\/\/rafaramirez.org\/blog\/wp-content\/uploads\/2026\/08\/Fauno-1888-300x157.jpg 300w, https:\/\/rafaramirez.org\/blog\/wp-content\/uploads\/2026\/08\/Fauno-1888-768x402.jpg 768w, https:\/\/rafaramirez.org\/blog\/wp-content\/uploads\/2026\/08\/Fauno-1888.jpg 832w\" sizes=\"auto, (max-width: 300px) 100vw, 300px\" \/><\/a><figcaption id=\"caption-attachment-13698\" class=\"wp-caption-text\">Fauno (1888). Ignacio Pinazo Camarlench. Blog de Rafael Ram\u00edrez.<\/figcaption><\/figure>\n<p>Fuera del Prado, otras obras ampl\u00edan la comprensi\u00f3n de su universo pict\u00f3rico. Destacan obras como <strong><em>El guardav\u00eda<\/em> (1877)<\/strong>, un ejemplo temprano de su inter\u00e9s por las escenas de la vida cotidiana; <strong><em>Enamorados<\/em> (1878)<\/strong>, \u00edntima y contenida, y el monumental <strong><em>El invierno<\/em> (Retrato de D. Manuel Comas) (1885)<\/strong>, donde el retrato se convierte en una exploraci\u00f3n del car\u00e1cter y la atm\u00f3sfera.<\/p>\n<figure id=\"attachment_13699\" aria-describedby=\"caption-attachment-13699\" style=\"width: 212px\" class=\"wp-caption aligncenter\"><a href=\"https:\/\/rafaramirez.org\/blog\/wp-content\/uploads\/2026\/08\/El-guardavia-1877.jpg\" target=\"_blank\" rel=\"noopener\"><img loading=\"lazy\" decoding=\"async\" class=\"wp-image-13699 size-medium\" src=\"https:\/\/rafaramirez.org\/blog\/wp-content\/uploads\/2026\/08\/El-guardavia-1877-212x300.jpg\" alt=\"El guardav\u00eda (1877). Ignacio Pinazo Camarlench. Blog de Rafael Ram\u00edrez.\" width=\"212\" height=\"300\" srcset=\"https:\/\/rafaramirez.org\/blog\/wp-content\/uploads\/2026\/08\/El-guardavia-1877-212x300.jpg 212w, https:\/\/rafaramirez.org\/blog\/wp-content\/uploads\/2026\/08\/El-guardavia-1877.jpg 566w\" sizes=\"auto, (max-width: 212px) 100vw, 212px\" \/><\/a><figcaption id=\"caption-attachment-13699\" class=\"wp-caption-text\">El guardav\u00eda (1877). Ignacio Pinazo Camarlench. Blog de Rafael Ram\u00edrez.<\/figcaption><\/figure>\n<figure id=\"attachment_13700\" aria-describedby=\"caption-attachment-13700\" style=\"width: 300px\" class=\"wp-caption aligncenter\"><a href=\"https:\/\/rafaramirez.org\/blog\/wp-content\/uploads\/2026\/08\/Enamorados-1878.jpg\" target=\"_blank\" rel=\"noopener\"><img loading=\"lazy\" decoding=\"async\" class=\"wp-image-13700 size-medium\" src=\"https:\/\/rafaramirez.org\/blog\/wp-content\/uploads\/2026\/08\/Enamorados-1878-300x248.jpg\" alt=\"Enamorados (1878). Ignacio Pinazo Camarlench. Blog de Rafael Ram\u00edrez.\" width=\"300\" height=\"248\" srcset=\"https:\/\/rafaramirez.org\/blog\/wp-content\/uploads\/2026\/08\/Enamorados-1878-300x248.jpg 300w, https:\/\/rafaramirez.org\/blog\/wp-content\/uploads\/2026\/08\/Enamorados-1878-1024x848.jpg 1024w, https:\/\/rafaramirez.org\/blog\/wp-content\/uploads\/2026\/08\/Enamorados-1878-768x636.jpg 768w, https:\/\/rafaramirez.org\/blog\/wp-content\/uploads\/2026\/08\/Enamorados-1878.jpg 1202w\" sizes=\"auto, (max-width: 300px) 100vw, 300px\" \/><\/a><figcaption id=\"caption-attachment-13700\" class=\"wp-caption-text\">Enamorados (1878). Ignacio Pinazo Camarlench. Blog de Rafael Ram\u00edrez.<\/figcaption><\/figure>\n<figure id=\"attachment_13701\" aria-describedby=\"caption-attachment-13701\" style=\"width: 163px\" class=\"wp-caption aligncenter\"><a href=\"https:\/\/rafaramirez.org\/blog\/wp-content\/uploads\/2026\/08\/El-invierno-Retrato-de-D.-Manuel-Comas-1885.jpg\" target=\"_blank\" rel=\"noopener\"><img loading=\"lazy\" decoding=\"async\" class=\"wp-image-13701 size-medium\" src=\"https:\/\/rafaramirez.org\/blog\/wp-content\/uploads\/2026\/08\/El-invierno-Retrato-de-D.-Manuel-Comas-1885-163x300.jpg\" alt=\"El invierno (Retrato de D. Manuel Comas) (1885). Ignacio Pinazo Camarlench. Blog de Rafael Ram\u00edrez.\" width=\"163\" height=\"300\" srcset=\"https:\/\/rafaramirez.org\/blog\/wp-content\/uploads\/2026\/08\/El-invierno-Retrato-de-D.-Manuel-Comas-1885-163x300.jpg 163w, https:\/\/rafaramirez.org\/blog\/wp-content\/uploads\/2026\/08\/El-invierno-Retrato-de-D.-Manuel-Comas-1885-555x1024.jpg 555w, https:\/\/rafaramirez.org\/blog\/wp-content\/uploads\/2026\/08\/El-invierno-Retrato-de-D.-Manuel-Comas-1885.jpg 714w\" sizes=\"auto, (max-width: 163px) 100vw, 163px\" \/><\/a><figcaption id=\"caption-attachment-13701\" class=\"wp-caption-text\">El invierno (Retrato de D. Manuel Comas) (1885). Ignacio Pinazo Camarlench. Blog de Rafael Ram\u00edrez.<\/figcaption><\/figure>\n<p>Son de significar tambi\u00e9n composiciones de gran formato, como <strong><em>Las hijas del Cid<\/em> (1889)<\/strong>, que muestra su capacidad para abordar temas narrativos con una pincelada m\u00e1s suelta y moderna, as\u00ed como paisajes como <strong><em>Anochecer en la escollera III<\/em> (1898-1900)<\/strong>, donde la luz del crep\u00fasculo se convierte en protagonista absoluta.<\/p>\n<figure id=\"attachment_13702\" aria-describedby=\"caption-attachment-13702\" style=\"width: 219px\" class=\"wp-caption aligncenter\"><a href=\"https:\/\/rafaramirez.org\/blog\/wp-content\/uploads\/2026\/08\/Las-hijas-del-Cid-1889.jpg\" target=\"_blank\" rel=\"noopener\"><img loading=\"lazy\" decoding=\"async\" class=\"wp-image-13702 size-medium\" src=\"https:\/\/rafaramirez.org\/blog\/wp-content\/uploads\/2026\/08\/Las-hijas-del-Cid-1889-219x300.jpg\" alt=\"Las hijas del Cid (1889). Ignacio Pinazo Camarlench. Blog de Rafael Ram\u00edrez.\" width=\"219\" height=\"300\" srcset=\"https:\/\/rafaramirez.org\/blog\/wp-content\/uploads\/2026\/08\/Las-hijas-del-Cid-1889-219x300.jpg 219w, https:\/\/rafaramirez.org\/blog\/wp-content\/uploads\/2026\/08\/Las-hijas-del-Cid-1889-746x1024.jpg 746w, https:\/\/rafaramirez.org\/blog\/wp-content\/uploads\/2026\/08\/Las-hijas-del-Cid-1889-768x1054.jpg 768w, https:\/\/rafaramirez.org\/blog\/wp-content\/uploads\/2026\/08\/Las-hijas-del-Cid-1889.jpg 960w\" sizes=\"auto, (max-width: 219px) 100vw, 219px\" \/><\/a><figcaption id=\"caption-attachment-13702\" class=\"wp-caption-text\">Las hijas del Cid (1889). Ignacio Pinazo Camarlench. Blog de Rafael Ram\u00edrez.<\/figcaption><\/figure>\n<figure id=\"attachment_13703\" aria-describedby=\"caption-attachment-13703\" style=\"width: 300px\" class=\"wp-caption aligncenter\"><a href=\"https:\/\/rafaramirez.org\/blog\/wp-content\/uploads\/2026\/08\/Anochecer-en-la-escollera-III-1898-1900.jpg\" target=\"_blank\" rel=\"noopener\"><img loading=\"lazy\" decoding=\"async\" class=\"wp-image-13703 size-medium\" src=\"https:\/\/rafaramirez.org\/blog\/wp-content\/uploads\/2026\/08\/Anochecer-en-la-escollera-III-1898-1900-300x121.jpg\" alt=\"Anochecer en la escollera III (1898-1900). Ignacio Pinazo Camarlench. Blog de Rafael Ram\u00edrez.\" width=\"300\" height=\"121\" srcset=\"https:\/\/rafaramirez.org\/blog\/wp-content\/uploads\/2026\/08\/Anochecer-en-la-escollera-III-1898-1900-300x121.jpg 300w, https:\/\/rafaramirez.org\/blog\/wp-content\/uploads\/2026\/08\/Anochecer-en-la-escollera-III-1898-1900-1024x414.jpg 1024w, https:\/\/rafaramirez.org\/blog\/wp-content\/uploads\/2026\/08\/Anochecer-en-la-escollera-III-1898-1900-768x310.jpg 768w, https:\/\/rafaramirez.org\/blog\/wp-content\/uploads\/2026\/08\/Anochecer-en-la-escollera-III-1898-1900.jpg 1280w\" sizes=\"auto, (max-width: 300px) 100vw, 300px\" \/><\/a><figcaption id=\"caption-attachment-13703\" class=\"wp-caption-text\">Anochecer en la escollera III (1898-1900). Ignacio Pinazo Camarlench. Blog de Rafael Ram\u00edrez.<\/figcaption><\/figure>\n<p>Finalmente, en el Museo de Bellas Artes de Valencia se conservan obras clave de su etapa en Godella, como <strong><em>Pastora<\/em> (1889)<\/strong>, <strong><em>Tarde de carnaval en la Alameda<\/em> (1889)<\/strong> o <strong><em>Dama de rosa<\/em> (1911)<\/strong>, que muestran la madurez de su lenguaje: una pintura que ya no busca narrar, sino sugerir, capturar un instante, una vibraci\u00f3n, un clima emocional.<\/p>\n<figure id=\"attachment_13704\" aria-describedby=\"caption-attachment-13704\" style=\"width: 300px\" class=\"wp-caption aligncenter\"><a href=\"https:\/\/rafaramirez.org\/blog\/wp-content\/uploads\/2026\/08\/Tarde-de-carnaval-en-la-Alameda-1889_ok-scaled.jpg\" target=\"_blank\" rel=\"noopener\"><img loading=\"lazy\" decoding=\"async\" class=\"wp-image-13704 size-medium\" src=\"https:\/\/rafaramirez.org\/blog\/wp-content\/uploads\/2026\/08\/Tarde-de-carnaval-en-la-Alameda-1889_ok-300x76.jpg\" alt=\"Tarde de carnaval en la Alameda (1889). Ignacio Pinazo Camarlench. Blog de Rafael Ram\u00edrez.\" width=\"300\" height=\"76\" srcset=\"https:\/\/rafaramirez.org\/blog\/wp-content\/uploads\/2026\/08\/Tarde-de-carnaval-en-la-Alameda-1889_ok-300x76.jpg 300w, https:\/\/rafaramirez.org\/blog\/wp-content\/uploads\/2026\/08\/Tarde-de-carnaval-en-la-Alameda-1889_ok-1024x258.jpg 1024w, https:\/\/rafaramirez.org\/blog\/wp-content\/uploads\/2026\/08\/Tarde-de-carnaval-en-la-Alameda-1889_ok-768x193.jpg 768w, https:\/\/rafaramirez.org\/blog\/wp-content\/uploads\/2026\/08\/Tarde-de-carnaval-en-la-Alameda-1889_ok-1536x387.jpg 1536w, https:\/\/rafaramirez.org\/blog\/wp-content\/uploads\/2026\/08\/Tarde-de-carnaval-en-la-Alameda-1889_ok-2048x516.jpg 2048w\" sizes=\"auto, (max-width: 300px) 100vw, 300px\" \/><\/a><figcaption id=\"caption-attachment-13704\" class=\"wp-caption-text\">Tarde de carnaval en la Alameda (1889). Ignacio Pinazo Camarlench. Blog de Rafael Ram\u00edrez.<\/figcaption><\/figure>\n<figure id=\"attachment_13705\" aria-describedby=\"caption-attachment-13705\" style=\"width: 160px\" class=\"wp-caption aligncenter\"><a href=\"https:\/\/rafaramirez.org\/blog\/wp-content\/uploads\/2026\/08\/Dama-de-rosa-1911.jpg\" target=\"_blank\" rel=\"noopener\"><img loading=\"lazy\" decoding=\"async\" class=\"wp-image-13705 size-medium\" src=\"https:\/\/rafaramirez.org\/blog\/wp-content\/uploads\/2026\/08\/Dama-de-rosa-1911-160x300.jpg\" alt=\"Dama de rosa (1911). Ignacio Pinazo Camarlench. Blog de Rafael Ram\u00edrez.\" width=\"160\" height=\"300\" srcset=\"https:\/\/rafaramirez.org\/blog\/wp-content\/uploads\/2026\/08\/Dama-de-rosa-1911-160x300.jpg 160w, https:\/\/rafaramirez.org\/blog\/wp-content\/uploads\/2026\/08\/Dama-de-rosa-1911-546x1024.jpg 546w, https:\/\/rafaramirez.org\/blog\/wp-content\/uploads\/2026\/08\/Dama-de-rosa-1911.jpg 640w\" sizes=\"auto, (max-width: 160px) 100vw, 160px\" \/><\/a><figcaption id=\"caption-attachment-13705\" class=\"wp-caption-text\">Dama de rosa (1911). Ignacio Pinazo Camarlench. Blog de Rafael Ram\u00edrez.<\/figcaption><\/figure>\n<p>En conjunto, las obras m\u00e1s representativas de Pinazo muestran la evoluci\u00f3n de un artista que pas\u00f3 del academicismo a una pintura \u00edntima, luminosa y profundamente moderna.<\/p>\n<p>M\u00e1s informaci\u00f3n:<\/p>\n<ul>\n<li><a href=\"https:\/\/rafaramirez.org\/blog\/index.php\/category\/arte\/historia-del-arte\/\" target=\"_blank\" rel=\"noopener\">Vida y obra de otros pintores<\/a>.<\/li>\n<li><a href=\"https:\/\/es.wikipedia.org\/wiki\/Ignacio_Pinazo_Camarlench\" target=\"_blank\" rel=\"noopener\">Ignacio Pinazo Camarlench &#8211; Wikipedia, la enciclopedia libre<\/a>.<\/li>\n<\/ul>\n","protected":false},"excerpt":{"rendered":"<p>Ignacio Pinazo Camarlench aparece en la historia del arte espa\u00f1ol como una figura que ascendi\u00f3 desde la modestia m\u00e1s absoluta hasta convertirse en uno de los grandes renovadores de la pintura valenciana de finales del siglo XIX. Su biograf\u00eda, lejos de ser lineal, estuvo marcada por la precariedad, la disciplina y una gran intuici\u00f3n pict\u00f3rica [&hellip;]<\/p>\n","protected":false},"author":3,"featured_media":13692,"comment_status":"open","ping_status":"closed","sticky":false,"template":"","format":"standard","meta":{"site-container-style":"default","site-container-layout":"default","site-sidebar-layout":"default","disable-article-header":"default","disable-site-header":"default","disable-site-footer":"default","disable-content-area-spacing":"default","_jetpack_newsletter_access":"","_jetpack_dont_email_post_to_subs":false,"_jetpack_newsletter_tier_id":0,"_jetpack_memberships_contains_paywalled_content":false,"_jetpack_feature_clip_id":0,"_jetpack_memberships_contains_paid_content":false,"footnotes":"","jetpack_publicize_message":"","jetpack_publicize_feature_enabled":true,"jetpack_social_post_already_shared":true,"jetpack_social_options":{"image_generator_settings":{"template":"highway","default_image_id":0,"font":"","enabled":false},"version":2},"jetpack_post_was_ever_published":false},"categories":[1290],"tags":[5151,3804,4743,4656,3748,1383,5154,5152,702,5155,1366,738,1422,4082,5140],"class_list":["post-13687","post","type-post","status-publish","format-standard","has-post-thumbnail","hentry","category-historia-del-arte","tag-biografia-de-ignacio-pinazo-camarlench","tag-biografia-de-pintores","tag-clasicos-de-la-pintura","tag-grandes-pintores-del-siglo-xix","tag-historia-de-la-pintura","tag-historia-del-arte","tag-historicismo-academico","tag-ignacio-pinazo-camarlench","tag-impresionismo","tag-impresionismo-valenciano","tag-impresionistas","tag-maestros-de-la-pintura","tag-pintores-del-siglo-20","tag-pintores-del-siglo-xx","tag-siglo-de-oro"],"yoast_head":"<!-- This site is optimized with the Yoast SEO plugin v28.3 - https:\/\/yoast.com\/product\/yoast-seo-wordpress\/ -->\n<title>Entre la sombra y la luz: Ignacio Pinazo. - Blog de Rafael Ram\u00edrez<\/title>\n<meta name=\"description\" content=\"Ignacio Pinazo Camarlench aparece en la historia del arte espa\u00f1ol como una figura que ascendi\u00f3 desde la modestia m\u00e1s absoluta hasta\" \/>\n<meta name=\"robots\" content=\"index, follow, max-snippet:-1, max-image-preview:large, max-video-preview:-1\" \/>\n<link rel=\"canonical\" href=\"https:\/\/rafaramirez.org\/blog\/index.php\/2026\/08\/31\/ignacio-pinazo-camarlench-pintor-biografia\/\" \/>\n<meta property=\"og:locale\" content=\"es_ES\" \/>\n<meta property=\"og:type\" content=\"article\" \/>\n<meta property=\"og:title\" content=\"Entre la sombra y la luz: Ignacio Pinazo. - Blog de Rafael Ram\u00edrez\" \/>\n<meta property=\"og:description\" content=\"Ignacio Pinazo Camarlench aparece en la historia del arte espa\u00f1ol como una figura que ascendi\u00f3 desde la modestia m\u00e1s absoluta hasta\" \/>\n<meta property=\"og:url\" content=\"https:\/\/rafaramirez.org\/blog\/index.php\/2026\/08\/31\/ignacio-pinazo-camarlench-pintor-biografia\/\" \/>\n<meta property=\"og:site_name\" content=\"Blog de Rafael Ram\u00edrez\" \/>\n<meta property=\"article:published_time\" content=\"2026-08-31T06:00:27+00:00\" \/>\n<meta property=\"og:image\" content=\"https:\/\/rafaramirez.org\/blog\/wp-content\/uploads\/2026\/08\/Ignacio-Pinazo-Camarlench_bannerlog.jpg\" \/>\n\t<meta property=\"og:image:width\" content=\"720\" \/>\n\t<meta property=\"og:image:height\" content=\"440\" \/>\n\t<meta property=\"og:image:type\" content=\"image\/jpeg\" \/>\n<meta name=\"author\" content=\"Documentaci\u00f3n e investigaci\u00f3n\" \/>\n<meta name=\"twitter:card\" content=\"summary_large_image\" \/>\n<meta name=\"twitter:site\" content=\"@rafaramirez_ok\" \/>\n<meta name=\"twitter:label1\" content=\"Escrito por\" \/>\n\t<meta name=\"twitter:data1\" content=\"Documentaci\u00f3n e investigaci\u00f3n\" \/>\n\t<meta name=\"twitter:label2\" content=\"Tiempo de lectura\" \/>\n\t<meta name=\"twitter:data2\" content=\"9 minutos\" \/>\n<script type=\"application\/ld+json\" class=\"yoast-schema-graph\">{\"@context\":\"https:\\\/\\\/schema.org\",\"@graph\":[{\"@type\":\"Article\",\"@id\":\"https:\\\/\\\/rafaramirez.org\\\/blog\\\/index.php\\\/2026\\\/08\\\/31\\\/ignacio-pinazo-camarlench-pintor-biografia\\\/#article\",\"isPartOf\":{\"@id\":\"https:\\\/\\\/rafaramirez.org\\\/blog\\\/index.php\\\/2026\\\/08\\\/31\\\/ignacio-pinazo-camarlench-pintor-biografia\\\/\"},\"author\":{\"name\":\"Documentaci\u00f3n e investigaci\u00f3n\",\"@id\":\"https:\\\/\\\/rafaramirez.org\\\/blog\\\/#\\\/schema\\\/person\\\/8debd05b3d9a1d16fb21af726811617d\"},\"headline\":\"Entre la sombra y la luz: Ignacio Pinazo.\",\"datePublished\":\"2026-08-31T06:00:27+00:00\",\"mainEntityOfPage\":{\"@id\":\"https:\\\/\\\/rafaramirez.org\\\/blog\\\/index.php\\\/2026\\\/08\\\/31\\\/ignacio-pinazo-camarlench-pintor-biografia\\\/\"},\"wordCount\":1435,\"commentCount\":0,\"publisher\":{\"@id\":\"https:\\\/\\\/rafaramirez.org\\\/blog\\\/#\\\/schema\\\/person\\\/50f43b6d60c578760d4c17bda54ab6a5\"},\"image\":{\"@id\":\"https:\\\/\\\/rafaramirez.org\\\/blog\\\/index.php\\\/2026\\\/08\\\/31\\\/ignacio-pinazo-camarlench-pintor-biografia\\\/#primaryimage\"},\"thumbnailUrl\":\"https:\\\/\\\/rafaramirez.org\\\/blog\\\/wp-content\\\/uploads\\\/2026\\\/08\\\/Ignacio-Pinazo-Camarlench_bannerlog.jpg\",\"keywords\":[\"biograf\u00eda de Ignacio Pinazo Camarlench\",\"biograf\u00eda de pintores\",\"cl\u00e1sicos de la pintura\",\"grandes pintores del siglo XIX\",\"historia de la pintura\",\"historia del arte\",\"historicismo acad\u00e9mico\",\"Ignacio Pinazo Camarlench\",\"impresionismo\",\"impresionismo valenciano\",\"impresionistas\",\"maestros de la pintura\",\"pintores del siglo 20\",\"pintores del siglo XX\",\"siglo de oro\"],\"articleSection\":[\"Historia del arte\"],\"inLanguage\":\"es\",\"potentialAction\":[{\"@type\":\"CommentAction\",\"name\":\"Comment\",\"target\":[\"https:\\\/\\\/rafaramirez.org\\\/blog\\\/index.php\\\/2026\\\/08\\\/31\\\/ignacio-pinazo-camarlench-pintor-biografia\\\/#respond\"]}]},{\"@type\":\"WebPage\",\"@id\":\"https:\\\/\\\/rafaramirez.org\\\/blog\\\/index.php\\\/2026\\\/08\\\/31\\\/ignacio-pinazo-camarlench-pintor-biografia\\\/\",\"url\":\"https:\\\/\\\/rafaramirez.org\\\/blog\\\/index.php\\\/2026\\\/08\\\/31\\\/ignacio-pinazo-camarlench-pintor-biografia\\\/\",\"name\":\"Entre la sombra y la luz: Ignacio Pinazo. - Blog de Rafael Ram\u00edrez\",\"isPartOf\":{\"@id\":\"https:\\\/\\\/rafaramirez.org\\\/blog\\\/#website\"},\"primaryImageOfPage\":{\"@id\":\"https:\\\/\\\/rafaramirez.org\\\/blog\\\/index.php\\\/2026\\\/08\\\/31\\\/ignacio-pinazo-camarlench-pintor-biografia\\\/#primaryimage\"},\"image\":{\"@id\":\"https:\\\/\\\/rafaramirez.org\\\/blog\\\/index.php\\\/2026\\\/08\\\/31\\\/ignacio-pinazo-camarlench-pintor-biografia\\\/#primaryimage\"},\"thumbnailUrl\":\"https:\\\/\\\/rafaramirez.org\\\/blog\\\/wp-content\\\/uploads\\\/2026\\\/08\\\/Ignacio-Pinazo-Camarlench_bannerlog.jpg\",\"datePublished\":\"2026-08-31T06:00:27+00:00\",\"description\":\"Ignacio Pinazo Camarlench aparece en la historia del arte espa\u00f1ol como una figura que ascendi\u00f3 desde la modestia m\u00e1s absoluta hasta\",\"breadcrumb\":{\"@id\":\"https:\\\/\\\/rafaramirez.org\\\/blog\\\/index.php\\\/2026\\\/08\\\/31\\\/ignacio-pinazo-camarlench-pintor-biografia\\\/#breadcrumb\"},\"inLanguage\":\"es\",\"potentialAction\":[{\"@type\":\"ReadAction\",\"target\":[\"https:\\\/\\\/rafaramirez.org\\\/blog\\\/index.php\\\/2026\\\/08\\\/31\\\/ignacio-pinazo-camarlench-pintor-biografia\\\/\"]}]},{\"@type\":\"ImageObject\",\"inLanguage\":\"es\",\"@id\":\"https:\\\/\\\/rafaramirez.org\\\/blog\\\/index.php\\\/2026\\\/08\\\/31\\\/ignacio-pinazo-camarlench-pintor-biografia\\\/#primaryimage\",\"url\":\"https:\\\/\\\/rafaramirez.org\\\/blog\\\/wp-content\\\/uploads\\\/2026\\\/08\\\/Ignacio-Pinazo-Camarlench_bannerlog.jpg\",\"contentUrl\":\"https:\\\/\\\/rafaramirez.org\\\/blog\\\/wp-content\\\/uploads\\\/2026\\\/08\\\/Ignacio-Pinazo-Camarlench_bannerlog.jpg\",\"width\":720,\"height\":440,\"caption\":\"Entre la sombra y la luz: Ignacio Pinazo. Blog de Rafael Ram\u00edrez.\"},{\"@type\":\"BreadcrumbList\",\"@id\":\"https:\\\/\\\/rafaramirez.org\\\/blog\\\/index.php\\\/2026\\\/08\\\/31\\\/ignacio-pinazo-camarlench-pintor-biografia\\\/#breadcrumb\",\"itemListElement\":[{\"@type\":\"ListItem\",\"position\":1,\"name\":\"Portada\",\"item\":\"https:\\\/\\\/rafaramirez.org\\\/blog\\\/\"},{\"@type\":\"ListItem\",\"position\":2,\"name\":\"Entre la sombra y la luz: Ignacio Pinazo.\"}]},{\"@type\":\"WebSite\",\"@id\":\"https:\\\/\\\/rafaramirez.org\\\/blog\\\/#website\",\"url\":\"https:\\\/\\\/rafaramirez.org\\\/blog\\\/\",\"name\":\"Blog de Rafael Ram\u00edrez\",\"description\":\"Un sitio social, de arte y cultura\",\"publisher\":{\"@id\":\"https:\\\/\\\/rafaramirez.org\\\/blog\\\/#\\\/schema\\\/person\\\/50f43b6d60c578760d4c17bda54ab6a5\"},\"potentialAction\":[{\"@type\":\"SearchAction\",\"target\":{\"@type\":\"EntryPoint\",\"urlTemplate\":\"https:\\\/\\\/rafaramirez.org\\\/blog\\\/?s={search_term_string}\"},\"query-input\":{\"@type\":\"PropertyValueSpecification\",\"valueRequired\":true,\"valueName\":\"search_term_string\"}}],\"inLanguage\":\"es\"},{\"@type\":[\"Person\",\"Organization\"],\"@id\":\"https:\\\/\\\/rafaramirez.org\\\/blog\\\/#\\\/schema\\\/person\\\/50f43b6d60c578760d4c17bda54ab6a5\",\"name\":\"Rafael Ram\u00edrez\",\"image\":{\"@type\":\"ImageObject\",\"inLanguage\":\"es\",\"@id\":\"https:\\\/\\\/rafaramirez.org\\\/blog\\\/wp-content\\\/uploads\\\/2024\\\/09\\\/RR_socialnetwork.jpg\",\"url\":\"https:\\\/\\\/rafaramirez.org\\\/blog\\\/wp-content\\\/uploads\\\/2024\\\/09\\\/RR_socialnetwork.jpg\",\"contentUrl\":\"https:\\\/\\\/rafaramirez.org\\\/blog\\\/wp-content\\\/uploads\\\/2024\\\/09\\\/RR_socialnetwork.jpg\",\"width\":600,\"height\":606,\"caption\":\"Rafael Ram\u00edrez\"},\"logo\":{\"@id\":\"https:\\\/\\\/rafaramirez.org\\\/blog\\\/wp-content\\\/uploads\\\/2024\\\/09\\\/RR_socialnetwork.jpg\"},\"sameAs\":[\"https:\\\/\\\/www.rafaramirez.org\\\/blog\",\"https:\\\/\\\/www.instagram.com\\\/rafaramirez_ok\\\/\",\"https:\\\/\\\/es.pinterest.com\\\/Ramirez_Rafa\\\/\",\"https:\\\/\\\/x.com\\\/rafaramirez_ok\"]},{\"@type\":\"Person\",\"@id\":\"https:\\\/\\\/rafaramirez.org\\\/blog\\\/#\\\/schema\\\/person\\\/8debd05b3d9a1d16fb21af726811617d\",\"name\":\"Documentaci\u00f3n e investigaci\u00f3n\",\"image\":{\"@type\":\"ImageObject\",\"inLanguage\":\"es\",\"@id\":\"https:\\\/\\\/secure.gravatar.com\\\/avatar\\\/fe70e496579a39c7a8fc4982b89275403b1092eb200623138a32daada9416911?s=96&d=mm&r=g\",\"url\":\"https:\\\/\\\/secure.gravatar.com\\\/avatar\\\/fe70e496579a39c7a8fc4982b89275403b1092eb200623138a32daada9416911?s=96&d=mm&r=g\",\"contentUrl\":\"https:\\\/\\\/secure.gravatar.com\\\/avatar\\\/fe70e496579a39c7a8fc4982b89275403b1092eb200623138a32daada9416911?s=96&d=mm&r=g\",\"caption\":\"Documentaci\u00f3n e investigaci\u00f3n\"},\"url\":\"https:\\\/\\\/rafaramirez.org\\\/blog\\\/index.php\\\/author\\\/admin\\\/\"}]}<\/script>\n<!-- \/ Yoast SEO plugin. -->","yoast_head_json":{"title":"Entre la sombra y la luz: Ignacio Pinazo. - Blog de Rafael Ram\u00edrez","description":"Ignacio Pinazo Camarlench aparece en la historia del arte espa\u00f1ol como una figura que ascendi\u00f3 desde la modestia m\u00e1s absoluta hasta","robots":{"index":"index","follow":"follow","max-snippet":"max-snippet:-1","max-image-preview":"max-image-preview:large","max-video-preview":"max-video-preview:-1"},"canonical":"https:\/\/rafaramirez.org\/blog\/index.php\/2026\/08\/31\/ignacio-pinazo-camarlench-pintor-biografia\/","og_locale":"es_ES","og_type":"article","og_title":"Entre la sombra y la luz: Ignacio Pinazo. - Blog de Rafael Ram\u00edrez","og_description":"Ignacio Pinazo Camarlench aparece en la historia del arte espa\u00f1ol como una figura que ascendi\u00f3 desde la modestia m\u00e1s absoluta hasta","og_url":"https:\/\/rafaramirez.org\/blog\/index.php\/2026\/08\/31\/ignacio-pinazo-camarlench-pintor-biografia\/","og_site_name":"Blog de Rafael Ram\u00edrez","article_published_time":"2026-08-31T06:00:27+00:00","og_image":[{"width":720,"height":440,"url":"https:\/\/rafaramirez.org\/blog\/wp-content\/uploads\/2026\/08\/Ignacio-Pinazo-Camarlench_bannerlog.jpg","type":"image\/jpeg"}],"author":"Documentaci\u00f3n e investigaci\u00f3n","twitter_card":"summary_large_image","twitter_site":"@rafaramirez_ok","twitter_misc":{"Escrito por":"Documentaci\u00f3n e investigaci\u00f3n","Tiempo de lectura":"9 minutos"},"schema":{"@context":"https:\/\/schema.org","@graph":[{"@type":"Article","@id":"https:\/\/rafaramirez.org\/blog\/index.php\/2026\/08\/31\/ignacio-pinazo-camarlench-pintor-biografia\/#article","isPartOf":{"@id":"https:\/\/rafaramirez.org\/blog\/index.php\/2026\/08\/31\/ignacio-pinazo-camarlench-pintor-biografia\/"},"author":{"name":"Documentaci\u00f3n e investigaci\u00f3n","@id":"https:\/\/rafaramirez.org\/blog\/#\/schema\/person\/8debd05b3d9a1d16fb21af726811617d"},"headline":"Entre la sombra y la luz: Ignacio Pinazo.","datePublished":"2026-08-31T06:00:27+00:00","mainEntityOfPage":{"@id":"https:\/\/rafaramirez.org\/blog\/index.php\/2026\/08\/31\/ignacio-pinazo-camarlench-pintor-biografia\/"},"wordCount":1435,"commentCount":0,"publisher":{"@id":"https:\/\/rafaramirez.org\/blog\/#\/schema\/person\/50f43b6d60c578760d4c17bda54ab6a5"},"image":{"@id":"https:\/\/rafaramirez.org\/blog\/index.php\/2026\/08\/31\/ignacio-pinazo-camarlench-pintor-biografia\/#primaryimage"},"thumbnailUrl":"https:\/\/rafaramirez.org\/blog\/wp-content\/uploads\/2026\/08\/Ignacio-Pinazo-Camarlench_bannerlog.jpg","keywords":["biograf\u00eda de Ignacio Pinazo Camarlench","biograf\u00eda de pintores","cl\u00e1sicos de la pintura","grandes pintores del siglo XIX","historia de la pintura","historia del arte","historicismo acad\u00e9mico","Ignacio Pinazo Camarlench","impresionismo","impresionismo valenciano","impresionistas","maestros de la pintura","pintores del siglo 20","pintores del siglo XX","siglo de oro"],"articleSection":["Historia del arte"],"inLanguage":"es","potentialAction":[{"@type":"CommentAction","name":"Comment","target":["https:\/\/rafaramirez.org\/blog\/index.php\/2026\/08\/31\/ignacio-pinazo-camarlench-pintor-biografia\/#respond"]}]},{"@type":"WebPage","@id":"https:\/\/rafaramirez.org\/blog\/index.php\/2026\/08\/31\/ignacio-pinazo-camarlench-pintor-biografia\/","url":"https:\/\/rafaramirez.org\/blog\/index.php\/2026\/08\/31\/ignacio-pinazo-camarlench-pintor-biografia\/","name":"Entre la sombra y la luz: Ignacio Pinazo. - Blog de Rafael Ram\u00edrez","isPartOf":{"@id":"https:\/\/rafaramirez.org\/blog\/#website"},"primaryImageOfPage":{"@id":"https:\/\/rafaramirez.org\/blog\/index.php\/2026\/08\/31\/ignacio-pinazo-camarlench-pintor-biografia\/#primaryimage"},"image":{"@id":"https:\/\/rafaramirez.org\/blog\/index.php\/2026\/08\/31\/ignacio-pinazo-camarlench-pintor-biografia\/#primaryimage"},"thumbnailUrl":"https:\/\/rafaramirez.org\/blog\/wp-content\/uploads\/2026\/08\/Ignacio-Pinazo-Camarlench_bannerlog.jpg","datePublished":"2026-08-31T06:00:27+00:00","description":"Ignacio Pinazo Camarlench aparece en la historia del arte espa\u00f1ol como una figura que ascendi\u00f3 desde la modestia m\u00e1s absoluta hasta","breadcrumb":{"@id":"https:\/\/rafaramirez.org\/blog\/index.php\/2026\/08\/31\/ignacio-pinazo-camarlench-pintor-biografia\/#breadcrumb"},"inLanguage":"es","potentialAction":[{"@type":"ReadAction","target":["https:\/\/rafaramirez.org\/blog\/index.php\/2026\/08\/31\/ignacio-pinazo-camarlench-pintor-biografia\/"]}]},{"@type":"ImageObject","inLanguage":"es","@id":"https:\/\/rafaramirez.org\/blog\/index.php\/2026\/08\/31\/ignacio-pinazo-camarlench-pintor-biografia\/#primaryimage","url":"https:\/\/rafaramirez.org\/blog\/wp-content\/uploads\/2026\/08\/Ignacio-Pinazo-Camarlench_bannerlog.jpg","contentUrl":"https:\/\/rafaramirez.org\/blog\/wp-content\/uploads\/2026\/08\/Ignacio-Pinazo-Camarlench_bannerlog.jpg","width":720,"height":440,"caption":"Entre la sombra y la luz: Ignacio Pinazo. Blog de Rafael Ram\u00edrez."},{"@type":"BreadcrumbList","@id":"https:\/\/rafaramirez.org\/blog\/index.php\/2026\/08\/31\/ignacio-pinazo-camarlench-pintor-biografia\/#breadcrumb","itemListElement":[{"@type":"ListItem","position":1,"name":"Portada","item":"https:\/\/rafaramirez.org\/blog\/"},{"@type":"ListItem","position":2,"name":"Entre la sombra y la luz: Ignacio Pinazo."}]},{"@type":"WebSite","@id":"https:\/\/rafaramirez.org\/blog\/#website","url":"https:\/\/rafaramirez.org\/blog\/","name":"Blog de Rafael Ram\u00edrez","description":"Un sitio social, de arte y cultura","publisher":{"@id":"https:\/\/rafaramirez.org\/blog\/#\/schema\/person\/50f43b6d60c578760d4c17bda54ab6a5"},"potentialAction":[{"@type":"SearchAction","target":{"@type":"EntryPoint","urlTemplate":"https:\/\/rafaramirez.org\/blog\/?s={search_term_string}"},"query-input":{"@type":"PropertyValueSpecification","valueRequired":true,"valueName":"search_term_string"}}],"inLanguage":"es"},{"@type":["Person","Organization"],"@id":"https:\/\/rafaramirez.org\/blog\/#\/schema\/person\/50f43b6d60c578760d4c17bda54ab6a5","name":"Rafael Ram\u00edrez","image":{"@type":"ImageObject","inLanguage":"es","@id":"https:\/\/rafaramirez.org\/blog\/wp-content\/uploads\/2024\/09\/RR_socialnetwork.jpg","url":"https:\/\/rafaramirez.org\/blog\/wp-content\/uploads\/2024\/09\/RR_socialnetwork.jpg","contentUrl":"https:\/\/rafaramirez.org\/blog\/wp-content\/uploads\/2024\/09\/RR_socialnetwork.jpg","width":600,"height":606,"caption":"Rafael Ram\u00edrez"},"logo":{"@id":"https:\/\/rafaramirez.org\/blog\/wp-content\/uploads\/2024\/09\/RR_socialnetwork.jpg"},"sameAs":["https:\/\/www.rafaramirez.org\/blog","https:\/\/www.instagram.com\/rafaramirez_ok\/","https:\/\/es.pinterest.com\/Ramirez_Rafa\/","https:\/\/x.com\/rafaramirez_ok"]},{"@type":"Person","@id":"https:\/\/rafaramirez.org\/blog\/#\/schema\/person\/8debd05b3d9a1d16fb21af726811617d","name":"Documentaci\u00f3n e investigaci\u00f3n","image":{"@type":"ImageObject","inLanguage":"es","@id":"https:\/\/secure.gravatar.com\/avatar\/fe70e496579a39c7a8fc4982b89275403b1092eb200623138a32daada9416911?s=96&d=mm&r=g","url":"https:\/\/secure.gravatar.com\/avatar\/fe70e496579a39c7a8fc4982b89275403b1092eb200623138a32daada9416911?s=96&d=mm&r=g","contentUrl":"https:\/\/secure.gravatar.com\/avatar\/fe70e496579a39c7a8fc4982b89275403b1092eb200623138a32daada9416911?s=96&d=mm&r=g","caption":"Documentaci\u00f3n e investigaci\u00f3n"},"url":"https:\/\/rafaramirez.org\/blog\/index.php\/author\/admin\/"}]}},"jetpack_publicize_connections":[],"jetpack_sharing_enabled":true,"jetpack_likes_enabled":true,"jetpack_featured_media_url":"https:\/\/rafaramirez.org\/blog\/wp-content\/uploads\/2026\/08\/Ignacio-Pinazo-Camarlench_bannerlog.jpg","_links":{"self":[{"href":"https:\/\/rafaramirez.org\/blog\/index.php\/wp-json\/wp\/v2\/posts\/13687","targetHints":{"allow":["GET"]}}],"collection":[{"href":"https:\/\/rafaramirez.org\/blog\/index.php\/wp-json\/wp\/v2\/posts"}],"about":[{"href":"https:\/\/rafaramirez.org\/blog\/index.php\/wp-json\/wp\/v2\/types\/post"}],"author":[{"embeddable":true,"href":"https:\/\/rafaramirez.org\/blog\/index.php\/wp-json\/wp\/v2\/users\/3"}],"replies":[{"embeddable":true,"href":"https:\/\/rafaramirez.org\/blog\/index.php\/wp-json\/wp\/v2\/comments?post=13687"}],"version-history":[{"count":9,"href":"https:\/\/rafaramirez.org\/blog\/index.php\/wp-json\/wp\/v2\/posts\/13687\/revisions"}],"predecessor-version":[{"id":13710,"href":"https:\/\/rafaramirez.org\/blog\/index.php\/wp-json\/wp\/v2\/posts\/13687\/revisions\/13710"}],"wp:featuredmedia":[{"embeddable":true,"href":"https:\/\/rafaramirez.org\/blog\/index.php\/wp-json\/wp\/v2\/media\/13692"}],"wp:attachment":[{"href":"https:\/\/rafaramirez.org\/blog\/index.php\/wp-json\/wp\/v2\/media?parent=13687"}],"wp:term":[{"taxonomy":"category","embeddable":true,"href":"https:\/\/rafaramirez.org\/blog\/index.php\/wp-json\/wp\/v2\/categories?post=13687"},{"taxonomy":"post_tag","embeddable":true,"href":"https:\/\/rafaramirez.org\/blog\/index.php\/wp-json\/wp\/v2\/tags?post=13687"}],"curies":[{"name":"wp","href":"https:\/\/api.w.org\/{rel}","templated":true}]}}